{"id":278656,"date":"2025-10-01T06:41:27","date_gmt":"2025-10-01T09:41:27","guid":{"rendered":"https:\/\/noticiaempauta.com\/portal\/?p=278656"},"modified":"2025-10-01T06:41:28","modified_gmt":"2025-10-01T09:41:28","slug":"justica-eleitoral-cassa-mandato-de-vereadores-em-assuncao-do-piaui-por-fraude-a-cota-de-genero","status":"publish","type":"post","link":"https:\/\/noticiaempauta.com\/portal\/justica-eleitoral-cassa-mandato-de-vereadores-em-assuncao-do-piaui-por-fraude-a-cota-de-genero\/","title":{"rendered":"Justi\u00e7a Eleitoral cassa mandato de vereadores em Assun\u00e7\u00e3o do Piau\u00ed por fraude \u00e0 cota de g\u00eanero"},"content":{"rendered":"\n<p>A Justi\u00e7a Eleitoral cassou os mandatos de todos os vereadores eleitos pela Federa\u00e7\u00e3o Brasil da Esperan\u00e7a (PT\/PCdoB\/PV) em Assun\u00e7\u00e3o do Piau\u00ed, nas elei\u00e7\u00f5es de 2024. A decis\u00e3o, assinada pelo juiz S\u00e1vio Ramon Batista da Silva, da 39\u00aa Zona Eleitoral, foi publicada nesta ter\u00e7a-feira (30).<\/p>\n\n\n\n<figure class=\"wp-block-image size-full\"><img fetchpriority=\"high\" decoding=\"async\" width=\"765\" height=\"574\" src=\"https:\/\/noticiaempauta.com\/portal\/wp-content\/uploads\/2025\/10\/assuncao_do_piaui.jpg\" alt=\"\" class=\"wp-image-278657\" srcset=\"https:\/\/noticiaempauta.com\/portal\/wp-content\/uploads\/2025\/10\/assuncao_do_piaui.jpg 765w, https:\/\/noticiaempauta.com\/portal\/wp-content\/uploads\/2025\/10\/assuncao_do_piaui-300x225.jpg 300w\" sizes=\"(max-width: 765px) 100vw, 765px\" \/><figcaption class=\"wp-element-caption\"><em>Foto: Reprodu\u00e7\u00e3o \/ Prefeitura de Assun\u00e7\u00e3o do PI<\/em><\/figcaption><\/figure>\n\n\n\n<p>A medida ocorre ap\u00f3s o Tribunal reconhecer fraude \u00e0 cota de g\u00eanero, com a inclus\u00e3o da candidata Leonete Pereira de Santana, apontada como fict\u00edcia. Ela recebeu apenas 11 votos, teve movimenta\u00e7\u00e3o financeira considerada \u201cinexpressiva\u201d e n\u00e3o apresentou provas consistentes de participa\u00e7\u00e3o ativa na campanha.<\/p>\n\n\n\n<p>Com a decis\u00e3o, al\u00e9m da anula\u00e7\u00e3o dos votos da federa\u00e7\u00e3o, Leonete foi declarada ineleg\u00edvel por oito anos.<\/p>\n\n\n\n<p>Em nota, o presidente da C\u00e2mara de Assun\u00e7\u00e3o do Piau\u00ed, Antonio Padre, disse: &#8220;Os vereadores do munic\u00edpio de Assun\u00e7\u00e3o do Piau\u00ed, filiados ao Partido dos Trabalhadores (PT), foram cassados em primeira inst\u00e2ncia no F\u00f3rum da cidade de S\u00e3o Miguel do Tapuio. No entanto, eles ainda podem recorrer da decis\u00e3o, apresentando recurso ao Tribunal Regional Eleitoral do Piau\u00ed (TRE-PI), que \u00e9 a inst\u00e2ncia respons\u00e1vel por reavaliar casos desse tipo&#8221;, finaliza..&nbsp;<\/p>\n\n\n\n<h2 class=\"wp-block-heading\">Vereadores cassados em Assun\u00e7\u00e3o do Piau\u00ed<\/h2>\n\n\n\n<p>A senten\u00e7a atinge os vereadores eleitos:<\/p>\n\n\n\n<ul class=\"wp-block-list\">\n<li>Jos\u00e9 Mardone Ricardo\u00a0<\/li>\n\n\n\n<li>Manoel de Jesus Ara\u00fajo Pinheiro\u00a0<\/li>\n\n\n\n<li>Raimundo Rom\u00e1rio de Sousa N\u00f3brega\u00a0<\/li>\n\n\n\n<li>Valdeci Alves Pereira\u00a0<\/li>\n<\/ul>\n\n\n\n<p>E suplentes:&nbsp;<\/p>\n\n\n\n<ul class=\"wp-block-list\">\n<li>Alrinete Domingues da Costa<\/li>\n\n\n\n<li>Iderlon de Sousa Lima<\/li>\n\n\n\n<li>Leonete Pereira de Santana<\/li>\n\n\n\n<li>\u00a0Marinete Alves Faustino Oliveira<\/li>\n\n\n\n<li>Rita Lopes Cavalcante<\/li>\n\n\n\n<li>Senivaldo Domingos Martins<\/li>\n<\/ul>\n\n\n\n<p>O juiz tamb\u00e9m determinou a retotaliza\u00e7\u00e3o dos votos e o rec\u00e1lculo do quociente eleitoral e partid\u00e1rio, o que pode alterar a composi\u00e7\u00e3o da C\u00e2mara Municipal.<\/p>\n\n\n\n<h2 class=\"wp-block-heading\">Defesa alega campanha regular<\/h2>\n\n\n\n<p>Em resposta, o vereador Manoel de Jesus Ara\u00fajo Pinheiro, o Pinheiro, disse que a decis\u00e3o ser\u00e1 recorrida.<\/p>\n\n\n\n<blockquote class=\"wp-block-quote is-layout-flow wp-block-quote-is-layout-flow\">\n<p>\u201cEles alegam que a gente teve uma candidata fict\u00edcia, que ela tirou s\u00f3 11 votos, mas ela fez campanha. Teve presta\u00e7\u00e3o de contas, algumas publica\u00e7\u00f5es e substituiu outra candidata que foi impugnada, com pouco tempo de campanha. Vamos recorrer \u00e0 segunda inst\u00e2ncia e, se necess\u00e1rio, at\u00e9 \u00e0 terceira\u201d, afirmou.<\/p>\n<\/blockquote>\n\n\n\n<h2 class=\"wp-block-heading\">O que diz a Justi\u00e7a<\/h2>\n\n\n\n<p>Na decis\u00e3o, o magistrado destacou que a soma de fatores como vota\u00e7\u00e3o inexpressiva, contas padronizadas e aus\u00eancia de atos efetivos de campanha comprovam a fraude \u00e0 cota de g\u00eanero. O Minist\u00e9rio P\u00fablico Eleitoral tamb\u00e9m havia se manifestado pela proced\u00eancia da a\u00e7\u00e3o.<\/p>\n\n\n\n<p>Fonte: Cidade Verde<\/p>\n","protected":false},"excerpt":{"rendered":"<p>A Justi\u00e7a Eleitoral cassou os mandatos de todos os vereadores eleitos pela Federa\u00e7\u00e3o Brasil da Esperan\u00e7a (PT\/PCdoB\/PV) em Assun\u00e7\u00e3o do Piau\u00ed, nas elei\u00e7\u00f5es de 2024. A decis\u00e3o, assinada pelo juiz S\u00e1vio Ramon Batista da Silva, da 39\u00aa Zona Eleitoral, foi publicada nesta ter\u00e7a-feira (30). A medida ocorre ap\u00f3s o Tribunal reconhecer fraude \u00e0 cota de [&hellip;]<\/p>\n","protected":false},"author":2,"featured_media":278657,"comment_status":"open","ping_status":"open","sticky":false,"template":"","format":"standard","meta":{"_mi_skip_tracking":false,"footnotes":""},"categories":[25,1,9,3,16],"tags":[192],"class_list":["post-278656","post","type-post","status-publish","format-standard","has-post-thumbnail","hentry","category-destaques-site","category-geral","category-municipios","category-politica","category-todas","tag-destaqueprincipal"],"acf":[],"yoast_head":"<!-- This site is optimized with the Yoast SEO Premium plugin v19.2 (Yoast SEO v26.9) - https:\/\/yoast.com\/product\/yoast-seo-premium-wordpress\/ -->\n<title>Justi\u00e7a Eleitoral cassa mandato de vereadores em Assun\u00e7\u00e3o do Piau\u00ed por fraude \u00e0 cota de g\u00eanero - Portal Not\u00edcia em Pauta<\/title>\n<meta name=\"robots\" content=\"index, follow, max-snippet:-1, max-image-preview:large, max-video-preview:-1\" \/>\n<link rel=\"canonical\" href=\"https:\/\/noticiaempauta.com\/portal\/justica-eleitoral-cassa-mandato-de-vereadores-em-assuncao-do-piaui-por-fraude-a-cota-de-genero\/\" \/>\n<meta property=\"og:locale\" content=\"pt_BR\" \/>\n<meta property=\"og:type\" content=\"article\" \/>\n<meta property=\"og:title\" content=\"Justi\u00e7a Eleitoral cassa mandato de vereadores em Assun\u00e7\u00e3o do Piau\u00ed por fraude \u00e0 cota de g\u00eanero\" \/>\n<meta property=\"og:description\" content=\"A Justi\u00e7a Eleitoral cassou os mandatos de todos os vereadores eleitos pela Federa\u00e7\u00e3o Brasil da Esperan\u00e7a (PT\/PCdoB\/PV) em Assun\u00e7\u00e3o do Piau\u00ed, nas elei\u00e7\u00f5es de 2024. A decis\u00e3o, assinada pelo juiz S\u00e1vio Ramon Batista da Silva, da 39\u00aa Zona Eleitoral, foi publicada nesta ter\u00e7a-feira (30). A medida ocorre ap\u00f3s o Tribunal reconhecer fraude \u00e0 cota de [&hellip;]\" \/>\n<meta property=\"og:url\" content=\"https:\/\/noticiaempauta.com\/portal\/justica-eleitoral-cassa-mandato-de-vereadores-em-assuncao-do-piaui-por-fraude-a-cota-de-genero\/\" \/>\n<meta property=\"og:site_name\" content=\"Portal Not\u00edcia em Pauta\" \/>\n<meta property=\"article:publisher\" content=\"https:\/\/www.facebook.com\/Portal-Notcia-Em-Pauta-102292869264820\/\" \/>\n<meta property=\"article:published_time\" content=\"2025-10-01T09:41:27+00:00\" \/>\n<meta property=\"article:modified_time\" content=\"2025-10-01T09:41:28+00:00\" \/>\n<meta property=\"og:image\" content=\"https:\/\/noticiaempauta.com\/portal\/wp-content\/uploads\/2025\/10\/assuncao_do_piaui.jpg\" \/>\n\t<meta property=\"og:image:width\" content=\"765\" \/>\n\t<meta property=\"og:image:height\" content=\"574\" \/>\n\t<meta property=\"og:image:type\" content=\"image\/jpeg\" \/>\n<meta name=\"author\" content=\"Reda\u00e7\u00e3o\" \/>\n<meta name=\"twitter:card\" content=\"summary_large_image\" \/>\n<meta name=\"twitter:label1\" content=\"Escrito por\" \/>\n\t<meta name=\"twitter:data1\" content=\"Reda\u00e7\u00e3o\" \/>\n\t<meta name=\"twitter:label2\" content=\"Est. tempo de leitura\" \/>\n\t<meta name=\"twitter:data2\" content=\"3 minutos\" \/>\n<script type=\"application\/ld+json\" class=\"yoast-schema-graph\">{\"@context\":\"https:\/\/schema.org\",\"@graph\":[{\"@type\":\"Article\",\"@id\":\"https:\/\/noticiaempauta.com\/portal\/justica-eleitoral-cassa-mandato-de-vereadores-em-assuncao-do-piaui-por-fraude-a-cota-de-genero\/#article\",\"isPartOf\":{\"@id\":\"https:\/\/noticiaempauta.com\/portal\/justica-eleitoral-cassa-mandato-de-vereadores-em-assuncao-do-piaui-por-fraude-a-cota-de-genero\/\"},\"author\":{\"name\":\"Reda\u00e7\u00e3o\",\"@id\":\"https:\/\/noticiaempauta.com\/portal\/#\/schema\/person\/a74af43dd1ab3deca45f988c717d57ac\"},\"headline\":\"Justi\u00e7a Eleitoral cassa mandato de vereadores em Assun\u00e7\u00e3o do Piau\u00ed por fraude \u00e0 cota de g\u00eanero\",\"datePublished\":\"2025-10-01T09:41:27+00:00\",\"dateModified\":\"2025-10-01T09:41:28+00:00\",\"mainEntityOfPage\":{\"@id\":\"https:\/\/noticiaempauta.com\/portal\/justica-eleitoral-cassa-mandato-de-vereadores-em-assuncao-do-piaui-por-fraude-a-cota-de-genero\/\"},\"wordCount\":449,\"commentCount\":0,\"publisher\":{\"@id\":\"https:\/\/noticiaempauta.com\/portal\/#organization\"},\"image\":{\"@id\":\"https:\/\/noticiaempauta.com\/portal\/justica-eleitoral-cassa-mandato-de-vereadores-em-assuncao-do-piaui-por-fraude-a-cota-de-genero\/#primaryimage\"},\"thumbnailUrl\":\"https:\/\/noticiaempauta.com\/portal\/wp-content\/uploads\/2025\/10\/assuncao_do_piaui.jpg\",\"keywords\":[\"destaqueprincipal\"],\"articleSection\":[\"Destaques\",\"Geral\",\"Munic\u00edpios\",\"Pol\u00edtica\",\"Todas as Not\u00edcias\"],\"inLanguage\":\"pt-BR\",\"potentialAction\":[{\"@type\":\"CommentAction\",\"name\":\"Comment\",\"target\":[\"https:\/\/noticiaempauta.com\/portal\/justica-eleitoral-cassa-mandato-de-vereadores-em-assuncao-do-piaui-por-fraude-a-cota-de-genero\/#respond\"]}]},{\"@type\":\"WebPage\",\"@id\":\"https:\/\/noticiaempauta.com\/portal\/justica-eleitoral-cassa-mandato-de-vereadores-em-assuncao-do-piaui-por-fraude-a-cota-de-genero\/\",\"url\":\"https:\/\/noticiaempauta.com\/portal\/justica-eleitoral-cassa-mandato-de-vereadores-em-assuncao-do-piaui-por-fraude-a-cota-de-genero\/\",\"name\":\"Justi\u00e7a Eleitoral cassa mandato de vereadores em Assun\u00e7\u00e3o do Piau\u00ed por fraude \u00e0 cota de g\u00eanero - Portal Not\u00edcia em Pauta\",\"isPartOf\":{\"@id\":\"https:\/\/noticiaempauta.com\/portal\/#website\"},\"primaryImageOfPage\":{\"@id\":\"https:\/\/noticiaempauta.com\/portal\/justica-eleitoral-cassa-mandato-de-vereadores-em-assuncao-do-piaui-por-fraude-a-cota-de-genero\/#primaryimage\"},\"image\":{\"@id\":\"https:\/\/noticiaempauta.com\/portal\/justica-eleitoral-cassa-mandato-de-vereadores-em-assuncao-do-piaui-por-fraude-a-cota-de-genero\/#primaryimage\"},\"thumbnailUrl\":\"https:\/\/noticiaempauta.com\/portal\/wp-content\/uploads\/2025\/10\/assuncao_do_piaui.jpg\",\"datePublished\":\"2025-10-01T09:41:27+00:00\",\"dateModified\":\"2025-10-01T09:41:28+00:00\",\"breadcrumb\":{\"@id\":\"https:\/\/noticiaempauta.com\/portal\/justica-eleitoral-cassa-mandato-de-vereadores-em-assuncao-do-piaui-por-fraude-a-cota-de-genero\/#breadcrumb\"},\"inLanguage\":\"pt-BR\",\"potentialAction\":[{\"@type\":\"ReadAction\",\"target\":[\"https:\/\/noticiaempauta.com\/portal\/justica-eleitoral-cassa-mandato-de-vereadores-em-assuncao-do-piaui-por-fraude-a-cota-de-genero\/\"]}]},{\"@type\":\"ImageObject\",\"inLanguage\":\"pt-BR\",\"@id\":\"https:\/\/noticiaempauta.com\/portal\/justica-eleitoral-cassa-mandato-de-vereadores-em-assuncao-do-piaui-por-fraude-a-cota-de-genero\/#primaryimage\",\"url\":\"https:\/\/noticiaempauta.com\/portal\/wp-content\/uploads\/2025\/10\/assuncao_do_piaui.jpg\",\"contentUrl\":\"https:\/\/noticiaempauta.com\/portal\/wp-content\/uploads\/2025\/10\/assuncao_do_piaui.jpg\",\"width\":765,\"height\":574},{\"@type\":\"BreadcrumbList\",\"@id\":\"https:\/\/noticiaempauta.com\/portal\/justica-eleitoral-cassa-mandato-de-vereadores-em-assuncao-do-piaui-por-fraude-a-cota-de-genero\/#breadcrumb\",\"itemListElement\":[{\"@type\":\"ListItem\",\"position\":1,\"name\":\"P\u00e1gina Inicial\",\"item\":\"https:\/\/noticiaempauta.com\/portal\/\"},{\"@type\":\"ListItem\",\"position\":2,\"name\":\"Destaques\",\"item\":\"https:\/\/noticiaempauta.com\/portal\/destaques-site\/\"},{\"@type\":\"ListItem\",\"position\":3,\"name\":\"Justi\u00e7a Eleitoral cassa mandato de vereadores em Assun\u00e7\u00e3o do Piau\u00ed por fraude \u00e0 cota de g\u00eanero\"}]},{\"@type\":\"WebSite\",\"@id\":\"https:\/\/noticiaempauta.com\/portal\/#website\",\"url\":\"https:\/\/noticiaempauta.com\/portal\/\",\"name\":\"Portal Not\u00edcia em Pauta\",\"description\":\"Voc\u00ea bem informado\",\"publisher\":{\"@id\":\"https:\/\/noticiaempauta.com\/portal\/#organization\"},\"potentialAction\":[{\"@type\":\"SearchAction\",\"target\":{\"@type\":\"EntryPoint\",\"urlTemplate\":\"https:\/\/noticiaempauta.com\/portal\/?s={search_term_string}\"},\"query-input\":{\"@type\":\"PropertyValueSpecification\",\"valueRequired\":true,\"valueName\":\"search_term_string\"}}],\"inLanguage\":\"pt-BR\"},{\"@type\":\"Organization\",\"@id\":\"https:\/\/noticiaempauta.com\/portal\/#organization\",\"name\":\"Portal Not\u00edcia em Pauta\",\"url\":\"https:\/\/noticiaempauta.com\/portal\/\",\"logo\":{\"@type\":\"ImageObject\",\"inLanguage\":\"pt-BR\",\"@id\":\"https:\/\/noticiaempauta.com\/portal\/#\/schema\/logo\/image\/\",\"url\":\"https:\/\/noticiaempauta.com\/portal\/wp-content\/uploads\/2022\/08\/logomarca_tema.fw_.png\",\"contentUrl\":\"https:\/\/noticiaempauta.com\/portal\/wp-content\/uploads\/2022\/08\/logomarca_tema.fw_.png\",\"width\":400,\"height\":232,\"caption\":\"Portal Not\u00edcia em Pauta\"},\"image\":{\"@id\":\"https:\/\/noticiaempauta.com\/portal\/#\/schema\/logo\/image\/\"},\"sameAs\":[\"https:\/\/www.facebook.com\/Portal-Notcia-Em-Pauta-102292869264820\/\",\"https:\/\/www.instagram.com\/portalnoticiaempauta\/\"]},{\"@type\":\"Person\",\"@id\":\"https:\/\/noticiaempauta.com\/portal\/#\/schema\/person\/a74af43dd1ab3deca45f988c717d57ac\",\"name\":\"Reda\u00e7\u00e3o\",\"image\":{\"@type\":\"ImageObject\",\"inLanguage\":\"pt-BR\",\"@id\":\"https:\/\/noticiaempauta.com\/portal\/#\/schema\/person\/image\/\",\"url\":\"https:\/\/secure.gravatar.com\/avatar\/03179346ecce6cdfc13361603e8f54242a90e5cde8618fa23c5c00aa2b0aadf3?s=96&d=mm&r=g\",\"contentUrl\":\"https:\/\/secure.gravatar.com\/avatar\/03179346ecce6cdfc13361603e8f54242a90e5cde8618fa23c5c00aa2b0aadf3?s=96&d=mm&r=g\",\"caption\":\"Reda\u00e7\u00e3o\"},\"sameAs\":[\"https:\/\/noticiaempauta.com\/portal\/\"],\"url\":\"https:\/\/noticiaempauta.com\/portal\/author\/fernando\/\"}]}<\/script>\n<!-- \/ Yoast SEO Premium plugin. -->","yoast_head_json":{"title":"Justi\u00e7a Eleitoral cassa mandato de vereadores em Assun\u00e7\u00e3o do Piau\u00ed por fraude \u00e0 cota de g\u00eanero - Portal Not\u00edcia em Pauta","robots":{"index":"index","follow":"follow","max-snippet":"max-snippet:-1","max-image-preview":"max-image-preview:large","max-video-preview":"max-video-preview:-1"},"canonical":"https:\/\/noticiaempauta.com\/portal\/justica-eleitoral-cassa-mandato-de-vereadores-em-assuncao-do-piaui-por-fraude-a-cota-de-genero\/","og_locale":"pt_BR","og_type":"article","og_title":"Justi\u00e7a Eleitoral cassa mandato de vereadores em Assun\u00e7\u00e3o do Piau\u00ed por fraude \u00e0 cota de g\u00eanero","og_description":"A Justi\u00e7a Eleitoral cassou os mandatos de todos os vereadores eleitos pela Federa\u00e7\u00e3o Brasil da Esperan\u00e7a (PT\/PCdoB\/PV) em Assun\u00e7\u00e3o do Piau\u00ed, nas elei\u00e7\u00f5es de 2024. A decis\u00e3o, assinada pelo juiz S\u00e1vio Ramon Batista da Silva, da 39\u00aa Zona Eleitoral, foi publicada nesta ter\u00e7a-feira (30). A medida ocorre ap\u00f3s o Tribunal reconhecer fraude \u00e0 cota de [&hellip;]","og_url":"https:\/\/noticiaempauta.com\/portal\/justica-eleitoral-cassa-mandato-de-vereadores-em-assuncao-do-piaui-por-fraude-a-cota-de-genero\/","og_site_name":"Portal Not\u00edcia em Pauta","article_publisher":"https:\/\/www.facebook.com\/Portal-Notcia-Em-Pauta-102292869264820\/","article_published_time":"2025-10-01T09:41:27+00:00","article_modified_time":"2025-10-01T09:41:28+00:00","og_image":[{"width":765,"height":574,"url":"https:\/\/noticiaempauta.com\/portal\/wp-content\/uploads\/2025\/10\/assuncao_do_piaui.jpg","type":"image\/jpeg"}],"author":"Reda\u00e7\u00e3o","twitter_card":"summary_large_image","twitter_misc":{"Escrito por":"Reda\u00e7\u00e3o","Est. tempo de leitura":"3 minutos"},"schema":{"@context":"https:\/\/schema.org","@graph":[{"@type":"Article","@id":"https:\/\/noticiaempauta.com\/portal\/justica-eleitoral-cassa-mandato-de-vereadores-em-assuncao-do-piaui-por-fraude-a-cota-de-genero\/#article","isPartOf":{"@id":"https:\/\/noticiaempauta.com\/portal\/justica-eleitoral-cassa-mandato-de-vereadores-em-assuncao-do-piaui-por-fraude-a-cota-de-genero\/"},"author":{"name":"Reda\u00e7\u00e3o","@id":"https:\/\/noticiaempauta.com\/portal\/#\/schema\/person\/a74af43dd1ab3deca45f988c717d57ac"},"headline":"Justi\u00e7a Eleitoral cassa mandato de vereadores em Assun\u00e7\u00e3o do Piau\u00ed por fraude \u00e0 cota de g\u00eanero","datePublished":"2025-10-01T09:41:27+00:00","dateModified":"2025-10-01T09:41:28+00:00","mainEntityOfPage":{"@id":"https:\/\/noticiaempauta.com\/portal\/justica-eleitoral-cassa-mandato-de-vereadores-em-assuncao-do-piaui-por-fraude-a-cota-de-genero\/"},"wordCount":449,"commentCount":0,"publisher":{"@id":"https:\/\/noticiaempauta.com\/portal\/#organization"},"image":{"@id":"https:\/\/noticiaempauta.com\/portal\/justica-eleitoral-cassa-mandato-de-vereadores-em-assuncao-do-piaui-por-fraude-a-cota-de-genero\/#primaryimage"},"thumbnailUrl":"https:\/\/noticiaempauta.com\/portal\/wp-content\/uploads\/2025\/10\/assuncao_do_piaui.jpg","keywords":["destaqueprincipal"],"articleSection":["Destaques","Geral","Munic\u00edpios","Pol\u00edtica","Todas as Not\u00edcias"],"inLanguage":"pt-BR","potentialAction":[{"@type":"CommentAction","name":"Comment","target":["https:\/\/noticiaempauta.com\/portal\/justica-eleitoral-cassa-mandato-de-vereadores-em-assuncao-do-piaui-por-fraude-a-cota-de-genero\/#respond"]}]},{"@type":"WebPage","@id":"https:\/\/noticiaempauta.com\/portal\/justica-eleitoral-cassa-mandato-de-vereadores-em-assuncao-do-piaui-por-fraude-a-cota-de-genero\/","url":"https:\/\/noticiaempauta.com\/portal\/justica-eleitoral-cassa-mandato-de-vereadores-em-assuncao-do-piaui-por-fraude-a-cota-de-genero\/","name":"Justi\u00e7a Eleitoral cassa mandato de vereadores em Assun\u00e7\u00e3o do Piau\u00ed por fraude \u00e0 cota de g\u00eanero - Portal Not\u00edcia em Pauta","isPartOf":{"@id":"https:\/\/noticiaempauta.com\/portal\/#website"},"primaryImageOfPage":{"@id":"https:\/\/noticiaempauta.com\/portal\/justica-eleitoral-cassa-mandato-de-vereadores-em-assuncao-do-piaui-por-fraude-a-cota-de-genero\/#primaryimage"},"image":{"@id":"https:\/\/noticiaempauta.com\/portal\/justica-eleitoral-cassa-mandato-de-vereadores-em-assuncao-do-piaui-por-fraude-a-cota-de-genero\/#primaryimage"},"thumbnailUrl":"https:\/\/noticiaempauta.com\/portal\/wp-content\/uploads\/2025\/10\/assuncao_do_piaui.jpg","datePublished":"2025-10-01T09:41:27+00:00","dateModified":"2025-10-01T09:41:28+00:00","breadcrumb":{"@id":"https:\/\/noticiaempauta.com\/portal\/justica-eleitoral-cassa-mandato-de-vereadores-em-assuncao-do-piaui-por-fraude-a-cota-de-genero\/#breadcrumb"},"inLanguage":"pt-BR","potentialAction":[{"@type":"ReadAction","target":["https:\/\/noticiaempauta.com\/portal\/justica-eleitoral-cassa-mandato-de-vereadores-em-assuncao-do-piaui-por-fraude-a-cota-de-genero\/"]}]},{"@type":"ImageObject","inLanguage":"pt-BR","@id":"https:\/\/noticiaempauta.com\/portal\/justica-eleitoral-cassa-mandato-de-vereadores-em-assuncao-do-piaui-por-fraude-a-cota-de-genero\/#primaryimage","url":"https:\/\/noticiaempauta.com\/portal\/wp-content\/uploads\/2025\/10\/assuncao_do_piaui.jpg","contentUrl":"https:\/\/noticiaempauta.com\/portal\/wp-content\/uploads\/2025\/10\/assuncao_do_piaui.jpg","width":765,"height":574},{"@type":"BreadcrumbList","@id":"https:\/\/noticiaempauta.com\/portal\/justica-eleitoral-cassa-mandato-de-vereadores-em-assuncao-do-piaui-por-fraude-a-cota-de-genero\/#breadcrumb","itemListElement":[{"@type":"ListItem","position":1,"name":"P\u00e1gina Inicial","item":"https:\/\/noticiaempauta.com\/portal\/"},{"@type":"ListItem","position":2,"name":"Destaques","item":"https:\/\/noticiaempauta.com\/portal\/destaques-site\/"},{"@type":"ListItem","position":3,"name":"Justi\u00e7a Eleitoral cassa mandato de vereadores em Assun\u00e7\u00e3o do Piau\u00ed por fraude \u00e0 cota de g\u00eanero"}]},{"@type":"WebSite","@id":"https:\/\/noticiaempauta.com\/portal\/#website","url":"https:\/\/noticiaempauta.com\/portal\/","name":"Portal Not\u00edcia em Pauta","description":"Voc\u00ea bem informado","publisher":{"@id":"https:\/\/noticiaempauta.com\/portal\/#organization"},"potentialAction":[{"@type":"SearchAction","target":{"@type":"EntryPoint","urlTemplate":"https:\/\/noticiaempauta.com\/portal\/?s={search_term_string}"},"query-input":{"@type":"PropertyValueSpecification","valueRequired":true,"valueName":"search_term_string"}}],"inLanguage":"pt-BR"},{"@type":"Organization","@id":"https:\/\/noticiaempauta.com\/portal\/#organization","name":"Portal Not\u00edcia em Pauta","url":"https:\/\/noticiaempauta.com\/portal\/","logo":{"@type":"ImageObject","inLanguage":"pt-BR","@id":"https:\/\/noticiaempauta.com\/portal\/#\/schema\/logo\/image\/","url":"https:\/\/noticiaempauta.com\/portal\/wp-content\/uploads\/2022\/08\/logomarca_tema.fw_.png","contentUrl":"https:\/\/noticiaempauta.com\/portal\/wp-content\/uploads\/2022\/08\/logomarca_tema.fw_.png","width":400,"height":232,"caption":"Portal Not\u00edcia em Pauta"},"image":{"@id":"https:\/\/noticiaempauta.com\/portal\/#\/schema\/logo\/image\/"},"sameAs":["https:\/\/www.facebook.com\/Portal-Notcia-Em-Pauta-102292869264820\/","https:\/\/www.instagram.com\/portalnoticiaempauta\/"]},{"@type":"Person","@id":"https:\/\/noticiaempauta.com\/portal\/#\/schema\/person\/a74af43dd1ab3deca45f988c717d57ac","name":"Reda\u00e7\u00e3o","image":{"@type":"ImageObject","inLanguage":"pt-BR","@id":"https:\/\/noticiaempauta.com\/portal\/#\/schema\/person\/image\/","url":"https:\/\/secure.gravatar.com\/avatar\/03179346ecce6cdfc13361603e8f54242a90e5cde8618fa23c5c00aa2b0aadf3?s=96&d=mm&r=g","contentUrl":"https:\/\/secure.gravatar.com\/avatar\/03179346ecce6cdfc13361603e8f54242a90e5cde8618fa23c5c00aa2b0aadf3?s=96&d=mm&r=g","caption":"Reda\u00e7\u00e3o"},"sameAs":["https:\/\/noticiaempauta.com\/portal\/"],"url":"https:\/\/noticiaempauta.com\/portal\/author\/fernando\/"}]}},"_links":{"self":[{"href":"https:\/\/noticiaempauta.com\/portal\/wp-json\/wp\/v2\/posts\/278656","targetHints":{"allow":["GET"]}}],"collection":[{"href":"https:\/\/noticiaempauta.com\/portal\/wp-json\/wp\/v2\/posts"}],"about":[{"href":"https:\/\/noticiaempauta.com\/portal\/wp-json\/wp\/v2\/types\/post"}],"author":[{"embeddable":true,"href":"https:\/\/noticiaempauta.com\/portal\/wp-json\/wp\/v2\/users\/2"}],"replies":[{"embeddable":true,"href":"https:\/\/noticiaempauta.com\/portal\/wp-json\/wp\/v2\/comments?post=278656"}],"version-history":[{"count":2,"href":"https:\/\/noticiaempauta.com\/portal\/wp-json\/wp\/v2\/posts\/278656\/revisions"}],"predecessor-version":[{"id":278659,"href":"https:\/\/noticiaempauta.com\/portal\/wp-json\/wp\/v2\/posts\/278656\/revisions\/278659"}],"wp:featuredmedia":[{"embeddable":true,"href":"https:\/\/noticiaempauta.com\/portal\/wp-json\/wp\/v2\/media\/278657"}],"wp:attachment":[{"href":"https:\/\/noticiaempauta.com\/portal\/wp-json\/wp\/v2\/media?parent=278656"}],"wp:term":[{"taxonomy":"category","embeddable":true,"href":"https:\/\/noticiaempauta.com\/portal\/wp-json\/wp\/v2\/categories?post=278656"},{"taxonomy":"post_tag","embeddable":true,"href":"https:\/\/noticiaempauta.com\/portal\/wp-json\/wp\/v2\/tags?post=278656"}],"curies":[{"name":"wp","href":"https:\/\/api.w.org\/{rel}","templated":true}]}}