{"id":278660,"date":"2025-10-01T12:57:08","date_gmt":"2025-10-01T15:57:08","guid":{"rendered":"https:\/\/noticiaempauta.com\/portal\/?p=278660"},"modified":"2025-10-01T12:57:09","modified_gmt":"2025-10-01T15:57:09","slug":"picos-marca-presenca-na-4a-conferencia-estadual-de-direitos-humanos","status":"publish","type":"post","link":"https:\/\/noticiaempauta.com\/portal\/picos-marca-presenca-na-4a-conferencia-estadual-de-direitos-humanos\/","title":{"rendered":"Picos marca presen\u00e7a na 4\u00aa Confer\u00eancia Estadual de Direitos Humanos"},"content":{"rendered":"\n<p>Nos dias 25 e 26 de setembro de 2025, o munic\u00edpio de Picos esteve representado na 4\u00aa Confer\u00eancia Estadual dos Direitos Humanos, realizada em Teresina. O encontro reuniu representantes de diversas regi\u00f5es do Piau\u00ed, com o objetivo de fortalecer as pol\u00edticas p\u00fablicas de direitos humanos e contribuir para a formula\u00e7\u00e3o de propostas nos \u00e2mbitos estadual e nacional.<\/p>\n\n\n\n<figure class=\"wp-block-image size-large\"><img fetchpriority=\"high\" decoding=\"async\" width=\"1024\" height=\"653\" src=\"https:\/\/noticiaempauta.com\/portal\/wp-content\/uploads\/2025\/10\/WhatsApp-Image-2025-10-01-at-10.10.27-1-1024x653.jpeg\" alt=\"\" class=\"wp-image-278661\" srcset=\"https:\/\/noticiaempauta.com\/portal\/wp-content\/uploads\/2025\/10\/WhatsApp-Image-2025-10-01-at-10.10.27-1-1024x653.jpeg 1024w, https:\/\/noticiaempauta.com\/portal\/wp-content\/uploads\/2025\/10\/WhatsApp-Image-2025-10-01-at-10.10.27-1-300x191.jpeg 300w, https:\/\/noticiaempauta.com\/portal\/wp-content\/uploads\/2025\/10\/WhatsApp-Image-2025-10-01-at-10.10.27-1-768x490.jpeg 768w, https:\/\/noticiaempauta.com\/portal\/wp-content\/uploads\/2025\/10\/WhatsApp-Image-2025-10-01-at-10.10.27-1.jpeg 1200w\" sizes=\"(max-width: 1024px) 100vw, 1024px\" \/><\/figure>\n\n\n\n<p>A delega\u00e7\u00e3o picoense contou com quatro representantes que participaram ativamente de mesas de debate, grupos de trabalho e plen\u00e1rias, espa\u00e7os onde foram discutidas e aprovadas propostas, delibera\u00e7\u00f5es e mo\u00e7\u00f5es.<\/p>\n\n\n\n<figure class=\"wp-block-image size-large\"><img decoding=\"async\" width=\"1024\" height=\"785\" src=\"https:\/\/noticiaempauta.com\/portal\/wp-content\/uploads\/2025\/10\/WhatsApp-Image-2025-10-01-at-10.10.27-1024x785.jpeg\" alt=\"\" class=\"wp-image-278662\" srcset=\"https:\/\/noticiaempauta.com\/portal\/wp-content\/uploads\/2025\/10\/WhatsApp-Image-2025-10-01-at-10.10.27-1024x785.jpeg 1024w, https:\/\/noticiaempauta.com\/portal\/wp-content\/uploads\/2025\/10\/WhatsApp-Image-2025-10-01-at-10.10.27-300x230.jpeg 300w, https:\/\/noticiaempauta.com\/portal\/wp-content\/uploads\/2025\/10\/WhatsApp-Image-2025-10-01-at-10.10.27-768x589.jpeg 768w, https:\/\/noticiaempauta.com\/portal\/wp-content\/uploads\/2025\/10\/WhatsApp-Image-2025-10-01-at-10.10.27.jpeg 1304w\" sizes=\"(max-width: 1024px) 100vw, 1024px\" \/><\/figure>\n\n\n\n<p>Como resultado desse engajamento, Picos conquistou uma vaga na 13\u00aa Confer\u00eancia Nacional dos Direitos Humanos, que ser\u00e1 realizada de 10 a 12 de dezembro, em Bras\u00edlia (DF). O jornalista e estudante de Direito Breno Luz, membro da Casa Alian\u00e7a e representante da sociedade civil, foi eleito delegado e ter\u00e1 a miss\u00e3o de levar a voz e as demandas locais ao cen\u00e1rio nacional.<\/p>\n\n\n\n<p>Para Breno, a experi\u00eancia foi marcante. \u201cEssa foi a minha primeira confer\u00eancia e posso dizer que foi enriquecedora para minha vida pessoal e profissional. O evento contou com representantes de comunidades ind\u00edgenas, secret\u00e1rios estaduais, advogados e diversas autoridades, al\u00e9m de mesas de debate, grupos de trabalho e plen\u00e1ria, que resultaram em importantes propostas e delibera\u00e7\u00f5es. Fiquei muito feliz em ver Picos conquistar uma vaga na etapa nacional e ter a honra de representar nosso munic\u00edpio e nosso estado em Bras\u00edlia. Minha expectativa \u00e9 que seja um espa\u00e7o plural, democr\u00e1tico e participativo, capaz de formular diretrizes que fortale\u00e7am um sistema de direitos humanos robusto e eficaz, levando as demandas da nossa cidade ao debate nacional\u201d, destacou.<\/p>\n\n\n\n<p>Promovida pelo Conselho Estadual de Defesa dos Direitos Humanos, a confer\u00eancia estadual contou com a participa\u00e7\u00e3o do poder p\u00fablico, da sociedade civil e de prefeituras. J\u00e1 a etapa nacional ser\u00e1 realizada pelo Minist\u00e9rio dos Direitos Humanos e Cidadania e pelo Conselho Nacional dos Direitos Humanos.<\/p>\n\n\n\n<p>A participa\u00e7\u00e3o de Picos reafirma o compromisso da Secretaria Municipal do Trabalho e Assist\u00eancia Social com a defesa dos direitos humanos, fortalecendo o di\u00e1logo democr\u00e1tico e contribuindo para a constru\u00e7\u00e3o de pol\u00edticas p\u00fablicas mais inclusivas e eficazes.<\/p>\n\n\n\n<p>SECOM<\/p>\n","protected":false},"excerpt":{"rendered":"<p>Nos dias 25 e 26 de setembro de 2025, o munic\u00edpio de Picos esteve representado na 4\u00aa Confer\u00eancia Estadual dos Direitos Humanos, realizada em Teresina. O encontro reuniu representantes de diversas regi\u00f5es do Piau\u00ed, com o objetivo de fortalecer as pol\u00edticas p\u00fablicas de direitos humanos e contribuir para a formula\u00e7\u00e3o de propostas nos \u00e2mbitos estadual [&hellip;]<\/p>\n","protected":false},"author":2,"featured_media":278661,"comment_status":"open","ping_status":"open","sticky":false,"template":"","format":"standard","meta":{"_mi_skip_tracking":false,"footnotes":""},"categories":[25,1,16],"tags":[],"class_list":["post-278660","post","type-post","status-publish","format-standard","has-post-thumbnail","hentry","category-destaques-site","category-geral","category-todas"],"acf":[],"yoast_head":"<!-- This site is optimized with the Yoast SEO Premium plugin v19.2 (Yoast SEO v26.9) - https:\/\/yoast.com\/product\/yoast-seo-premium-wordpress\/ -->\n<title>Picos marca presen\u00e7a na 4\u00aa Confer\u00eancia Estadual de Direitos Humanos - Portal Not\u00edcia em Pauta<\/title>\n<meta name=\"robots\" content=\"index, follow, max-snippet:-1, max-image-preview:large, max-video-preview:-1\" \/>\n<link rel=\"canonical\" href=\"https:\/\/noticiaempauta.com\/portal\/picos-marca-presenca-na-4a-conferencia-estadual-de-direitos-humanos\/\" \/>\n<meta property=\"og:locale\" content=\"pt_BR\" \/>\n<meta property=\"og:type\" content=\"article\" \/>\n<meta property=\"og:title\" content=\"Picos marca presen\u00e7a na 4\u00aa Confer\u00eancia Estadual de Direitos Humanos\" \/>\n<meta property=\"og:description\" content=\"Nos dias 25 e 26 de setembro de 2025, o munic\u00edpio de Picos esteve representado na 4\u00aa Confer\u00eancia Estadual dos Direitos Humanos, realizada em Teresina. O encontro reuniu representantes de diversas regi\u00f5es do Piau\u00ed, com o objetivo de fortalecer as pol\u00edticas p\u00fablicas de direitos humanos e contribuir para a formula\u00e7\u00e3o de propostas nos \u00e2mbitos estadual [&hellip;]\" \/>\n<meta property=\"og:url\" content=\"https:\/\/noticiaempauta.com\/portal\/picos-marca-presenca-na-4a-conferencia-estadual-de-direitos-humanos\/\" \/>\n<meta property=\"og:site_name\" content=\"Portal Not\u00edcia em Pauta\" \/>\n<meta property=\"article:publisher\" content=\"https:\/\/www.facebook.com\/Portal-Notcia-Em-Pauta-102292869264820\/\" \/>\n<meta property=\"article:published_time\" content=\"2025-10-01T15:57:08+00:00\" \/>\n<meta property=\"article:modified_time\" content=\"2025-10-01T15:57:09+00:00\" \/>\n<meta property=\"og:image\" content=\"https:\/\/noticiaempauta.com\/portal\/wp-content\/uploads\/2025\/10\/WhatsApp-Image-2025-10-01-at-10.10.27-1.jpeg\" \/>\n\t<meta property=\"og:image:width\" content=\"1200\" \/>\n\t<meta property=\"og:image:height\" content=\"765\" \/>\n\t<meta property=\"og:image:type\" content=\"image\/jpeg\" \/>\n<meta name=\"author\" content=\"Reda\u00e7\u00e3o\" \/>\n<meta name=\"twitter:card\" content=\"summary_large_image\" \/>\n<meta name=\"twitter:label1\" content=\"Escrito por\" \/>\n\t<meta name=\"twitter:data1\" content=\"Reda\u00e7\u00e3o\" \/>\n\t<meta name=\"twitter:label2\" content=\"Est. tempo de leitura\" \/>\n\t<meta name=\"twitter:data2\" content=\"3 minutos\" \/>\n<script type=\"application\/ld+json\" class=\"yoast-schema-graph\">{\"@context\":\"https:\/\/schema.org\",\"@graph\":[{\"@type\":\"Article\",\"@id\":\"https:\/\/noticiaempauta.com\/portal\/picos-marca-presenca-na-4a-conferencia-estadual-de-direitos-humanos\/#article\",\"isPartOf\":{\"@id\":\"https:\/\/noticiaempauta.com\/portal\/picos-marca-presenca-na-4a-conferencia-estadual-de-direitos-humanos\/\"},\"author\":{\"name\":\"Reda\u00e7\u00e3o\",\"@id\":\"https:\/\/noticiaempauta.com\/portal\/#\/schema\/person\/a74af43dd1ab3deca45f988c717d57ac\"},\"headline\":\"Picos marca presen\u00e7a na 4\u00aa Confer\u00eancia Estadual de Direitos Humanos\",\"datePublished\":\"2025-10-01T15:57:08+00:00\",\"dateModified\":\"2025-10-01T15:57:09+00:00\",\"mainEntityOfPage\":{\"@id\":\"https:\/\/noticiaempauta.com\/portal\/picos-marca-presenca-na-4a-conferencia-estadual-de-direitos-humanos\/\"},\"wordCount\":388,\"commentCount\":0,\"publisher\":{\"@id\":\"https:\/\/noticiaempauta.com\/portal\/#organization\"},\"image\":{\"@id\":\"https:\/\/noticiaempauta.com\/portal\/picos-marca-presenca-na-4a-conferencia-estadual-de-direitos-humanos\/#primaryimage\"},\"thumbnailUrl\":\"https:\/\/noticiaempauta.com\/portal\/wp-content\/uploads\/2025\/10\/WhatsApp-Image-2025-10-01-at-10.10.27-1.jpeg\",\"articleSection\":[\"Destaques\",\"Geral\",\"Todas as Not\u00edcias\"],\"inLanguage\":\"pt-BR\",\"potentialAction\":[{\"@type\":\"CommentAction\",\"name\":\"Comment\",\"target\":[\"https:\/\/noticiaempauta.com\/portal\/picos-marca-presenca-na-4a-conferencia-estadual-de-direitos-humanos\/#respond\"]}]},{\"@type\":\"WebPage\",\"@id\":\"https:\/\/noticiaempauta.com\/portal\/picos-marca-presenca-na-4a-conferencia-estadual-de-direitos-humanos\/\",\"url\":\"https:\/\/noticiaempauta.com\/portal\/picos-marca-presenca-na-4a-conferencia-estadual-de-direitos-humanos\/\",\"name\":\"Picos marca presen\u00e7a na 4\u00aa Confer\u00eancia Estadual de Direitos Humanos - Portal Not\u00edcia em Pauta\",\"isPartOf\":{\"@id\":\"https:\/\/noticiaempauta.com\/portal\/#website\"},\"primaryImageOfPage\":{\"@id\":\"https:\/\/noticiaempauta.com\/portal\/picos-marca-presenca-na-4a-conferencia-estadual-de-direitos-humanos\/#primaryimage\"},\"image\":{\"@id\":\"https:\/\/noticiaempauta.com\/portal\/picos-marca-presenca-na-4a-conferencia-estadual-de-direitos-humanos\/#primaryimage\"},\"thumbnailUrl\":\"https:\/\/noticiaempauta.com\/portal\/wp-content\/uploads\/2025\/10\/WhatsApp-Image-2025-10-01-at-10.10.27-1.jpeg\",\"datePublished\":\"2025-10-01T15:57:08+00:00\",\"dateModified\":\"2025-10-01T15:57:09+00:00\",\"breadcrumb\":{\"@id\":\"https:\/\/noticiaempauta.com\/portal\/picos-marca-presenca-na-4a-conferencia-estadual-de-direitos-humanos\/#breadcrumb\"},\"inLanguage\":\"pt-BR\",\"potentialAction\":[{\"@type\":\"ReadAction\",\"target\":[\"https:\/\/noticiaempauta.com\/portal\/picos-marca-presenca-na-4a-conferencia-estadual-de-direitos-humanos\/\"]}]},{\"@type\":\"ImageObject\",\"inLanguage\":\"pt-BR\",\"@id\":\"https:\/\/noticiaempauta.com\/portal\/picos-marca-presenca-na-4a-conferencia-estadual-de-direitos-humanos\/#primaryimage\",\"url\":\"https:\/\/noticiaempauta.com\/portal\/wp-content\/uploads\/2025\/10\/WhatsApp-Image-2025-10-01-at-10.10.27-1.jpeg\",\"contentUrl\":\"https:\/\/noticiaempauta.com\/portal\/wp-content\/uploads\/2025\/10\/WhatsApp-Image-2025-10-01-at-10.10.27-1.jpeg\",\"width\":1200,\"height\":765},{\"@type\":\"BreadcrumbList\",\"@id\":\"https:\/\/noticiaempauta.com\/portal\/picos-marca-presenca-na-4a-conferencia-estadual-de-direitos-humanos\/#breadcrumb\",\"itemListElement\":[{\"@type\":\"ListItem\",\"position\":1,\"name\":\"P\u00e1gina Inicial\",\"item\":\"https:\/\/noticiaempauta.com\/portal\/\"},{\"@type\":\"ListItem\",\"position\":2,\"name\":\"Destaques\",\"item\":\"https:\/\/noticiaempauta.com\/portal\/destaques-site\/\"},{\"@type\":\"ListItem\",\"position\":3,\"name\":\"Picos marca presen\u00e7a na 4\u00aa Confer\u00eancia Estadual de Direitos Humanos\"}]},{\"@type\":\"WebSite\",\"@id\":\"https:\/\/noticiaempauta.com\/portal\/#website\",\"url\":\"https:\/\/noticiaempauta.com\/portal\/\",\"name\":\"Portal Not\u00edcia em Pauta\",\"description\":\"Voc\u00ea bem informado\",\"publisher\":{\"@id\":\"https:\/\/noticiaempauta.com\/portal\/#organization\"},\"potentialAction\":[{\"@type\":\"SearchAction\",\"target\":{\"@type\":\"EntryPoint\",\"urlTemplate\":\"https:\/\/noticiaempauta.com\/portal\/?s={search_term_string}\"},\"query-input\":{\"@type\":\"PropertyValueSpecification\",\"valueRequired\":true,\"valueName\":\"search_term_string\"}}],\"inLanguage\":\"pt-BR\"},{\"@type\":\"Organization\",\"@id\":\"https:\/\/noticiaempauta.com\/portal\/#organization\",\"name\":\"Portal Not\u00edcia em Pauta\",\"url\":\"https:\/\/noticiaempauta.com\/portal\/\",\"logo\":{\"@type\":\"ImageObject\",\"inLanguage\":\"pt-BR\",\"@id\":\"https:\/\/noticiaempauta.com\/portal\/#\/schema\/logo\/image\/\",\"url\":\"https:\/\/noticiaempauta.com\/portal\/wp-content\/uploads\/2022\/08\/logomarca_tema.fw_.png\",\"contentUrl\":\"https:\/\/noticiaempauta.com\/portal\/wp-content\/uploads\/2022\/08\/logomarca_tema.fw_.png\",\"width\":400,\"height\":232,\"caption\":\"Portal Not\u00edcia em Pauta\"},\"image\":{\"@id\":\"https:\/\/noticiaempauta.com\/portal\/#\/schema\/logo\/image\/\"},\"sameAs\":[\"https:\/\/www.facebook.com\/Portal-Notcia-Em-Pauta-102292869264820\/\",\"https:\/\/www.instagram.com\/portalnoticiaempauta\/\"]},{\"@type\":\"Person\",\"@id\":\"https:\/\/noticiaempauta.com\/portal\/#\/schema\/person\/a74af43dd1ab3deca45f988c717d57ac\",\"name\":\"Reda\u00e7\u00e3o\",\"image\":{\"@type\":\"ImageObject\",\"inLanguage\":\"pt-BR\",\"@id\":\"https:\/\/noticiaempauta.com\/portal\/#\/schema\/person\/image\/\",\"url\":\"https:\/\/secure.gravatar.com\/avatar\/03179346ecce6cdfc13361603e8f54242a90e5cde8618fa23c5c00aa2b0aadf3?s=96&d=mm&r=g\",\"contentUrl\":\"https:\/\/secure.gravatar.com\/avatar\/03179346ecce6cdfc13361603e8f54242a90e5cde8618fa23c5c00aa2b0aadf3?s=96&d=mm&r=g\",\"caption\":\"Reda\u00e7\u00e3o\"},\"sameAs\":[\"https:\/\/noticiaempauta.com\/portal\/\"],\"url\":\"https:\/\/noticiaempauta.com\/portal\/author\/fernando\/\"}]}<\/script>\n<!-- \/ Yoast SEO Premium plugin. -->","yoast_head_json":{"title":"Picos marca presen\u00e7a na 4\u00aa Confer\u00eancia Estadual de Direitos Humanos - Portal Not\u00edcia em Pauta","robots":{"index":"index","follow":"follow","max-snippet":"max-snippet:-1","max-image-preview":"max-image-preview:large","max-video-preview":"max-video-preview:-1"},"canonical":"https:\/\/noticiaempauta.com\/portal\/picos-marca-presenca-na-4a-conferencia-estadual-de-direitos-humanos\/","og_locale":"pt_BR","og_type":"article","og_title":"Picos marca presen\u00e7a na 4\u00aa Confer\u00eancia Estadual de Direitos Humanos","og_description":"Nos dias 25 e 26 de setembro de 2025, o munic\u00edpio de Picos esteve representado na 4\u00aa Confer\u00eancia Estadual dos Direitos Humanos, realizada em Teresina. O encontro reuniu representantes de diversas regi\u00f5es do Piau\u00ed, com o objetivo de fortalecer as pol\u00edticas p\u00fablicas de direitos humanos e contribuir para a formula\u00e7\u00e3o de propostas nos \u00e2mbitos estadual [&hellip;]","og_url":"https:\/\/noticiaempauta.com\/portal\/picos-marca-presenca-na-4a-conferencia-estadual-de-direitos-humanos\/","og_site_name":"Portal Not\u00edcia em Pauta","article_publisher":"https:\/\/www.facebook.com\/Portal-Notcia-Em-Pauta-102292869264820\/","article_published_time":"2025-10-01T15:57:08+00:00","article_modified_time":"2025-10-01T15:57:09+00:00","og_image":[{"width":1200,"height":765,"url":"https:\/\/noticiaempauta.com\/portal\/wp-content\/uploads\/2025\/10\/WhatsApp-Image-2025-10-01-at-10.10.27-1.jpeg","type":"image\/jpeg"}],"author":"Reda\u00e7\u00e3o","twitter_card":"summary_large_image","twitter_misc":{"Escrito por":"Reda\u00e7\u00e3o","Est. tempo de leitura":"3 minutos"},"schema":{"@context":"https:\/\/schema.org","@graph":[{"@type":"Article","@id":"https:\/\/noticiaempauta.com\/portal\/picos-marca-presenca-na-4a-conferencia-estadual-de-direitos-humanos\/#article","isPartOf":{"@id":"https:\/\/noticiaempauta.com\/portal\/picos-marca-presenca-na-4a-conferencia-estadual-de-direitos-humanos\/"},"author":{"name":"Reda\u00e7\u00e3o","@id":"https:\/\/noticiaempauta.com\/portal\/#\/schema\/person\/a74af43dd1ab3deca45f988c717d57ac"},"headline":"Picos marca presen\u00e7a na 4\u00aa Confer\u00eancia Estadual de Direitos Humanos","datePublished":"2025-10-01T15:57:08+00:00","dateModified":"2025-10-01T15:57:09+00:00","mainEntityOfPage":{"@id":"https:\/\/noticiaempauta.com\/portal\/picos-marca-presenca-na-4a-conferencia-estadual-de-direitos-humanos\/"},"wordCount":388,"commentCount":0,"publisher":{"@id":"https:\/\/noticiaempauta.com\/portal\/#organization"},"image":{"@id":"https:\/\/noticiaempauta.com\/portal\/picos-marca-presenca-na-4a-conferencia-estadual-de-direitos-humanos\/#primaryimage"},"thumbnailUrl":"https:\/\/noticiaempauta.com\/portal\/wp-content\/uploads\/2025\/10\/WhatsApp-Image-2025-10-01-at-10.10.27-1.jpeg","articleSection":["Destaques","Geral","Todas as Not\u00edcias"],"inLanguage":"pt-BR","potentialAction":[{"@type":"CommentAction","name":"Comment","target":["https:\/\/noticiaempauta.com\/portal\/picos-marca-presenca-na-4a-conferencia-estadual-de-direitos-humanos\/#respond"]}]},{"@type":"WebPage","@id":"https:\/\/noticiaempauta.com\/portal\/picos-marca-presenca-na-4a-conferencia-estadual-de-direitos-humanos\/","url":"https:\/\/noticiaempauta.com\/portal\/picos-marca-presenca-na-4a-conferencia-estadual-de-direitos-humanos\/","name":"Picos marca presen\u00e7a na 4\u00aa Confer\u00eancia Estadual de Direitos Humanos - Portal Not\u00edcia em Pauta","isPartOf":{"@id":"https:\/\/noticiaempauta.com\/portal\/#website"},"primaryImageOfPage":{"@id":"https:\/\/noticiaempauta.com\/portal\/picos-marca-presenca-na-4a-conferencia-estadual-de-direitos-humanos\/#primaryimage"},"image":{"@id":"https:\/\/noticiaempauta.com\/portal\/picos-marca-presenca-na-4a-conferencia-estadual-de-direitos-humanos\/#primaryimage"},"thumbnailUrl":"https:\/\/noticiaempauta.com\/portal\/wp-content\/uploads\/2025\/10\/WhatsApp-Image-2025-10-01-at-10.10.27-1.jpeg","datePublished":"2025-10-01T15:57:08+00:00","dateModified":"2025-10-01T15:57:09+00:00","breadcrumb":{"@id":"https:\/\/noticiaempauta.com\/portal\/picos-marca-presenca-na-4a-conferencia-estadual-de-direitos-humanos\/#breadcrumb"},"inLanguage":"pt-BR","potentialAction":[{"@type":"ReadAction","target":["https:\/\/noticiaempauta.com\/portal\/picos-marca-presenca-na-4a-conferencia-estadual-de-direitos-humanos\/"]}]},{"@type":"ImageObject","inLanguage":"pt-BR","@id":"https:\/\/noticiaempauta.com\/portal\/picos-marca-presenca-na-4a-conferencia-estadual-de-direitos-humanos\/#primaryimage","url":"https:\/\/noticiaempauta.com\/portal\/wp-content\/uploads\/2025\/10\/WhatsApp-Image-2025-10-01-at-10.10.27-1.jpeg","contentUrl":"https:\/\/noticiaempauta.com\/portal\/wp-content\/uploads\/2025\/10\/WhatsApp-Image-2025-10-01-at-10.10.27-1.jpeg","width":1200,"height":765},{"@type":"BreadcrumbList","@id":"https:\/\/noticiaempauta.com\/portal\/picos-marca-presenca-na-4a-conferencia-estadual-de-direitos-humanos\/#breadcrumb","itemListElement":[{"@type":"ListItem","position":1,"name":"P\u00e1gina Inicial","item":"https:\/\/noticiaempauta.com\/portal\/"},{"@type":"ListItem","position":2,"name":"Destaques","item":"https:\/\/noticiaempauta.com\/portal\/destaques-site\/"},{"@type":"ListItem","position":3,"name":"Picos marca presen\u00e7a na 4\u00aa Confer\u00eancia Estadual de Direitos Humanos"}]},{"@type":"WebSite","@id":"https:\/\/noticiaempauta.com\/portal\/#website","url":"https:\/\/noticiaempauta.com\/portal\/","name":"Portal Not\u00edcia em Pauta","description":"Voc\u00ea bem informado","publisher":{"@id":"https:\/\/noticiaempauta.com\/portal\/#organization"},"potentialAction":[{"@type":"SearchAction","target":{"@type":"EntryPoint","urlTemplate":"https:\/\/noticiaempauta.com\/portal\/?s={search_term_string}"},"query-input":{"@type":"PropertyValueSpecification","valueRequired":true,"valueName":"search_term_string"}}],"inLanguage":"pt-BR"},{"@type":"Organization","@id":"https:\/\/noticiaempauta.com\/portal\/#organization","name":"Portal Not\u00edcia em Pauta","url":"https:\/\/noticiaempauta.com\/portal\/","logo":{"@type":"ImageObject","inLanguage":"pt-BR","@id":"https:\/\/noticiaempauta.com\/portal\/#\/schema\/logo\/image\/","url":"https:\/\/noticiaempauta.com\/portal\/wp-content\/uploads\/2022\/08\/logomarca_tema.fw_.png","contentUrl":"https:\/\/noticiaempauta.com\/portal\/wp-content\/uploads\/2022\/08\/logomarca_tema.fw_.png","width":400,"height":232,"caption":"Portal Not\u00edcia em Pauta"},"image":{"@id":"https:\/\/noticiaempauta.com\/portal\/#\/schema\/logo\/image\/"},"sameAs":["https:\/\/www.facebook.com\/Portal-Notcia-Em-Pauta-102292869264820\/","https:\/\/www.instagram.com\/portalnoticiaempauta\/"]},{"@type":"Person","@id":"https:\/\/noticiaempauta.com\/portal\/#\/schema\/person\/a74af43dd1ab3deca45f988c717d57ac","name":"Reda\u00e7\u00e3o","image":{"@type":"ImageObject","inLanguage":"pt-BR","@id":"https:\/\/noticiaempauta.com\/portal\/#\/schema\/person\/image\/","url":"https:\/\/secure.gravatar.com\/avatar\/03179346ecce6cdfc13361603e8f54242a90e5cde8618fa23c5c00aa2b0aadf3?s=96&d=mm&r=g","contentUrl":"https:\/\/secure.gravatar.com\/avatar\/03179346ecce6cdfc13361603e8f54242a90e5cde8618fa23c5c00aa2b0aadf3?s=96&d=mm&r=g","caption":"Reda\u00e7\u00e3o"},"sameAs":["https:\/\/noticiaempauta.com\/portal\/"],"url":"https:\/\/noticiaempauta.com\/portal\/author\/fernando\/"}]}},"_links":{"self":[{"href":"https:\/\/noticiaempauta.com\/portal\/wp-json\/wp\/v2\/posts\/278660","targetHints":{"allow":["GET"]}}],"collection":[{"href":"https:\/\/noticiaempauta.com\/portal\/wp-json\/wp\/v2\/posts"}],"about":[{"href":"https:\/\/noticiaempauta.com\/portal\/wp-json\/wp\/v2\/types\/post"}],"author":[{"embeddable":true,"href":"https:\/\/noticiaempauta.com\/portal\/wp-json\/wp\/v2\/users\/2"}],"replies":[{"embeddable":true,"href":"https:\/\/noticiaempauta.com\/portal\/wp-json\/wp\/v2\/comments?post=278660"}],"version-history":[{"count":2,"href":"https:\/\/noticiaempauta.com\/portal\/wp-json\/wp\/v2\/posts\/278660\/revisions"}],"predecessor-version":[{"id":278664,"href":"https:\/\/noticiaempauta.com\/portal\/wp-json\/wp\/v2\/posts\/278660\/revisions\/278664"}],"wp:featuredmedia":[{"embeddable":true,"href":"https:\/\/noticiaempauta.com\/portal\/wp-json\/wp\/v2\/media\/278661"}],"wp:attachment":[{"href":"https:\/\/noticiaempauta.com\/portal\/wp-json\/wp\/v2\/media?parent=278660"}],"wp:term":[{"taxonomy":"category","embeddable":true,"href":"https:\/\/noticiaempauta.com\/portal\/wp-json\/wp\/v2\/categories?post=278660"},{"taxonomy":"post_tag","embeddable":true,"href":"https:\/\/noticiaempauta.com\/portal\/wp-json\/wp\/v2\/tags?post=278660"}],"curies":[{"name":"wp","href":"https:\/\/api.w.org\/{rel}","templated":true}]}}