{"id":278670,"date":"2025-10-01T19:18:38","date_gmt":"2025-10-01T22:18:38","guid":{"rendered":"https:\/\/noticiaempauta.com\/portal\/?p=278670"},"modified":"2025-10-01T19:18:39","modified_gmt":"2025-10-01T22:18:39","slug":"lei-orcamentaria-de-2026-comeca-a-tramitar-na-assembleia-legislativa-do-piaui","status":"publish","type":"post","link":"https:\/\/noticiaempauta.com\/portal\/lei-orcamentaria-de-2026-comeca-a-tramitar-na-assembleia-legislativa-do-piaui\/","title":{"rendered":"Lei Or\u00e7ament\u00e1ria de 2026 come\u00e7a a tramitar na Assembleia Legislativa do Piau\u00ed"},"content":{"rendered":"\n<p>A Assembleia Legislativa do Piau\u00ed (Alepi) recebeu nesta quarta-feira (1) o Projeto de Lei Or\u00e7ament\u00e1ria (PLOA) para o ano de 2026. O Governo do Estado estimada a receita bruta em R$ 34,6 bilh\u00f5es, com o valor l\u00edquido, ap\u00f3s dedu\u00e7\u00e3o de contribui\u00e7\u00e3o ao Fundeb e das transfer\u00eancias constitucionais aos munic\u00edpios, ficando em R$ 28,8 bilh\u00f5es.<\/p>\n\n\n\n<figure class=\"wp-block-image size-full\"><img fetchpriority=\"high\" decoding=\"async\" width=\"600\" height=\"400\" src=\"https:\/\/noticiaempauta.com\/portal\/wp-content\/uploads\/2025\/10\/image_assessoria-11.jpeg\" alt=\"\" class=\"wp-image-278671\" srcset=\"https:\/\/noticiaempauta.com\/portal\/wp-content\/uploads\/2025\/10\/image_assessoria-11.jpeg 600w, https:\/\/noticiaempauta.com\/portal\/wp-content\/uploads\/2025\/10\/image_assessoria-11-300x200.jpeg 300w\" sizes=\"(max-width: 600px) 100vw, 600px\" \/><\/figure>\n\n\n\n<p>No or\u00e7amento de 2025, o valor total era de R$ 28,4 bilh\u00f5es; significando, para 2026, um aumento de R$ 6,2 bilh\u00f5es. O Governo afirma que s\u00e3o priorit\u00e1rias a seguran\u00e7a p\u00fablica, a educa\u00e7\u00e3o e a sa\u00fade. Os valores para cada \u00e1rea s\u00e3o, respectivamente, de R$ 2,1 bilh\u00f5es, R$ 3,5 bilh\u00f5es e R$ 3,8 bilh\u00f5es. Outro destaque s\u00e3o os investimentos, como na malha rodovi\u00e1ria, previstos em R$ 4,1 bilh\u00f5es.<\/p>\n\n\n\n<p>O Executivo destaca que a LOA 2026 \u00e9 marcada por \u201csustentabilidade, previsibilidade e governan\u00e7a\u201d. \u201cEntre as principais inova\u00e7\u00f5es, destacam-se as regras fiscais modernas, que estabelecem limites individualizados para as despesas de todos os Poderes, com corre\u00e7\u00e3o anual restrita \u00e0 infla\u00e7\u00e3o mais 2,5% ou a 70% da varia\u00e7\u00e3o da Receita Corrente L\u00edquida, o que for menor\u201d, explica.<\/p>\n\n\n\n<p>A Alepi ainda recebeu do Governo do Estado o projeto que reestabelece a disciplina dos cargos de Gestor Governamental, Analista de Planejamento e Or\u00e7amento e Auditor Fiscal Ambiental; e um veto parcial ao projeto da deputada Vanessa Tapety (MDB) que cria o Cadastro Estadual de pessoas condenadas por crime de viol\u00eancia contra a mulher.<\/p>\n\n\n\n<p>Audi\u00eancias p\u00fablicas \u2013 O Legislativo piauiense recebeu requerimento para a realiza\u00e7\u00e3o de duas audi\u00eancias p\u00fablicas. Uma para debater a atualiza\u00e7\u00e3o do Plano de Cargos e Sal\u00e1rios dos Professores da Rede Estadual de Ensino, de autoria do deputado Gustavo Neiva (PP); e outra para discutir a proposta de elabora\u00e7\u00e3o da Pol\u00edtica Estadual de Cuidados, por iniciativa de Vanessa Tapety.<\/p>\n\n\n\n<p>Homenagens \u2013 O vice-presidente da Alepi, Francisco Limma (PT), prop\u00f4s voto de louvor ao presidente do Congresso Nacional, senador David Alcolumbre, pela defesa da manuten\u00e7\u00e3o do n\u00famero de cadeiras para deputados federais at\u00e9 as elei\u00e7\u00f5es de 2030.<\/p>\n\n\n\n<p>A deputada Vanessa Tapety requereu voto de pesar pelo falecimento de Wellington Jim Boavista, desembargador aposentado do Tribunal Regional do Trabalho da 22\u00aa Regi\u00e3o.<\/p>\n\n\n\n<p>\u00c1gua e energia \u2013 Evaldo Gomes (Solidariedade) solicitou \u00e0 \u00c1guas do Piau\u00ed a regulariza\u00e7\u00e3o do fornecimento de \u00e1gua pot\u00e1vel para a cidade de Lagoa Alegre; e o parlamentar Jo\u00e3o M\u00e1dison (MDB) cobrou da \u00c1guas de Teresina o reestabelecimento do abastecimento de \u00e1gua ao bairro Morros, em Teresina.<\/p>\n\n\n\n<p>Gomes ainda apresentou requerimento endere\u00e7ado \u00e0 Equatorial Piau\u00ed pedindo medidas para regularizar o fornecimento de energia ao bairro Comprida, em Teresina.<\/p>\n\n\n\n<p>Educa\u00e7\u00e3o \u2013 A deputada Ana Paula (MDB) requereu \u00e0 Secretaria de Educa\u00e7\u00e3o do Piau\u00ed reforma no Centro Comunit\u00e1rio de Aprendizagem Carlo Novarese, localizado em Teresina.<\/p>\n\n\n\n<p>Fonte: Alepi<\/p>\n","protected":false},"excerpt":{"rendered":"<p>A Assembleia Legislativa do Piau\u00ed (Alepi) recebeu nesta quarta-feira (1) o Projeto de Lei Or\u00e7ament\u00e1ria (PLOA) para o ano de 2026. O Governo do Estado estimada a receita bruta em R$ 34,6 bilh\u00f5es, com o valor l\u00edquido, ap\u00f3s dedu\u00e7\u00e3o de contribui\u00e7\u00e3o ao Fundeb e das transfer\u00eancias constitucionais aos munic\u00edpios, ficando em R$ 28,8 bilh\u00f5es. No [&hellip;]<\/p>\n","protected":false},"author":2,"featured_media":278671,"comment_status":"open","ping_status":"open","sticky":false,"template":"","format":"standard","meta":{"_mi_skip_tracking":false,"footnotes":""},"categories":[25,1,16],"tags":[192],"class_list":["post-278670","post","type-post","status-publish","format-standard","has-post-thumbnail","hentry","category-destaques-site","category-geral","category-todas","tag-destaqueprincipal"],"acf":[],"yoast_head":"<!-- This site is optimized with the Yoast SEO Premium plugin v19.2 (Yoast SEO v26.9) - https:\/\/yoast.com\/product\/yoast-seo-premium-wordpress\/ -->\n<title>Lei Or\u00e7ament\u00e1ria de 2026 come\u00e7a a tramitar na Assembleia Legislativa do Piau\u00ed - Portal Not\u00edcia em Pauta<\/title>\n<meta name=\"robots\" content=\"index, follow, max-snippet:-1, max-image-preview:large, max-video-preview:-1\" \/>\n<link rel=\"canonical\" href=\"https:\/\/noticiaempauta.com\/portal\/lei-orcamentaria-de-2026-comeca-a-tramitar-na-assembleia-legislativa-do-piaui\/\" \/>\n<meta property=\"og:locale\" content=\"pt_BR\" \/>\n<meta property=\"og:type\" content=\"article\" \/>\n<meta property=\"og:title\" content=\"Lei Or\u00e7ament\u00e1ria de 2026 come\u00e7a a tramitar na Assembleia Legislativa do Piau\u00ed\" \/>\n<meta property=\"og:description\" content=\"A Assembleia Legislativa do Piau\u00ed (Alepi) recebeu nesta quarta-feira (1) o Projeto de Lei Or\u00e7ament\u00e1ria (PLOA) para o ano de 2026. O Governo do Estado estimada a receita bruta em R$ 34,6 bilh\u00f5es, com o valor l\u00edquido, ap\u00f3s dedu\u00e7\u00e3o de contribui\u00e7\u00e3o ao Fundeb e das transfer\u00eancias constitucionais aos munic\u00edpios, ficando em R$ 28,8 bilh\u00f5es. No [&hellip;]\" \/>\n<meta property=\"og:url\" content=\"https:\/\/noticiaempauta.com\/portal\/lei-orcamentaria-de-2026-comeca-a-tramitar-na-assembleia-legislativa-do-piaui\/\" \/>\n<meta property=\"og:site_name\" content=\"Portal Not\u00edcia em Pauta\" \/>\n<meta property=\"article:publisher\" content=\"https:\/\/www.facebook.com\/Portal-Notcia-Em-Pauta-102292869264820\/\" \/>\n<meta property=\"article:published_time\" content=\"2025-10-01T22:18:38+00:00\" \/>\n<meta property=\"article:modified_time\" content=\"2025-10-01T22:18:39+00:00\" \/>\n<meta property=\"og:image\" content=\"https:\/\/noticiaempauta.com\/portal\/wp-content\/uploads\/2025\/10\/image_assessoria-11.jpeg\" \/>\n\t<meta property=\"og:image:width\" content=\"600\" \/>\n\t<meta property=\"og:image:height\" content=\"400\" \/>\n\t<meta property=\"og:image:type\" content=\"image\/jpeg\" \/>\n<meta name=\"author\" content=\"Reda\u00e7\u00e3o\" \/>\n<meta name=\"twitter:card\" content=\"summary_large_image\" \/>\n<meta name=\"twitter:label1\" content=\"Escrito por\" \/>\n\t<meta name=\"twitter:data1\" content=\"Reda\u00e7\u00e3o\" \/>\n\t<meta name=\"twitter:label2\" content=\"Est. tempo de leitura\" \/>\n\t<meta name=\"twitter:data2\" content=\"3 minutos\" \/>\n<script type=\"application\/ld+json\" class=\"yoast-schema-graph\">{\"@context\":\"https:\/\/schema.org\",\"@graph\":[{\"@type\":\"Article\",\"@id\":\"https:\/\/noticiaempauta.com\/portal\/lei-orcamentaria-de-2026-comeca-a-tramitar-na-assembleia-legislativa-do-piaui\/#article\",\"isPartOf\":{\"@id\":\"https:\/\/noticiaempauta.com\/portal\/lei-orcamentaria-de-2026-comeca-a-tramitar-na-assembleia-legislativa-do-piaui\/\"},\"author\":{\"name\":\"Reda\u00e7\u00e3o\",\"@id\":\"https:\/\/noticiaempauta.com\/portal\/#\/schema\/person\/a74af43dd1ab3deca45f988c717d57ac\"},\"headline\":\"Lei Or\u00e7ament\u00e1ria de 2026 come\u00e7a a tramitar na Assembleia Legislativa do Piau\u00ed\",\"datePublished\":\"2025-10-01T22:18:38+00:00\",\"dateModified\":\"2025-10-01T22:18:39+00:00\",\"mainEntityOfPage\":{\"@id\":\"https:\/\/noticiaempauta.com\/portal\/lei-orcamentaria-de-2026-comeca-a-tramitar-na-assembleia-legislativa-do-piaui\/\"},\"wordCount\":489,\"commentCount\":0,\"publisher\":{\"@id\":\"https:\/\/noticiaempauta.com\/portal\/#organization\"},\"image\":{\"@id\":\"https:\/\/noticiaempauta.com\/portal\/lei-orcamentaria-de-2026-comeca-a-tramitar-na-assembleia-legislativa-do-piaui\/#primaryimage\"},\"thumbnailUrl\":\"https:\/\/noticiaempauta.com\/portal\/wp-content\/uploads\/2025\/10\/image_assessoria-11.jpeg\",\"keywords\":[\"destaqueprincipal\"],\"articleSection\":[\"Destaques\",\"Geral\",\"Todas as Not\u00edcias\"],\"inLanguage\":\"pt-BR\",\"potentialAction\":[{\"@type\":\"CommentAction\",\"name\":\"Comment\",\"target\":[\"https:\/\/noticiaempauta.com\/portal\/lei-orcamentaria-de-2026-comeca-a-tramitar-na-assembleia-legislativa-do-piaui\/#respond\"]}]},{\"@type\":\"WebPage\",\"@id\":\"https:\/\/noticiaempauta.com\/portal\/lei-orcamentaria-de-2026-comeca-a-tramitar-na-assembleia-legislativa-do-piaui\/\",\"url\":\"https:\/\/noticiaempauta.com\/portal\/lei-orcamentaria-de-2026-comeca-a-tramitar-na-assembleia-legislativa-do-piaui\/\",\"name\":\"Lei Or\u00e7ament\u00e1ria de 2026 come\u00e7a a tramitar na Assembleia Legislativa do Piau\u00ed - Portal Not\u00edcia em Pauta\",\"isPartOf\":{\"@id\":\"https:\/\/noticiaempauta.com\/portal\/#website\"},\"primaryImageOfPage\":{\"@id\":\"https:\/\/noticiaempauta.com\/portal\/lei-orcamentaria-de-2026-comeca-a-tramitar-na-assembleia-legislativa-do-piaui\/#primaryimage\"},\"image\":{\"@id\":\"https:\/\/noticiaempauta.com\/portal\/lei-orcamentaria-de-2026-comeca-a-tramitar-na-assembleia-legislativa-do-piaui\/#primaryimage\"},\"thumbnailUrl\":\"https:\/\/noticiaempauta.com\/portal\/wp-content\/uploads\/2025\/10\/image_assessoria-11.jpeg\",\"datePublished\":\"2025-10-01T22:18:38+00:00\",\"dateModified\":\"2025-10-01T22:18:39+00:00\",\"breadcrumb\":{\"@id\":\"https:\/\/noticiaempauta.com\/portal\/lei-orcamentaria-de-2026-comeca-a-tramitar-na-assembleia-legislativa-do-piaui\/#breadcrumb\"},\"inLanguage\":\"pt-BR\",\"potentialAction\":[{\"@type\":\"ReadAction\",\"target\":[\"https:\/\/noticiaempauta.com\/portal\/lei-orcamentaria-de-2026-comeca-a-tramitar-na-assembleia-legislativa-do-piaui\/\"]}]},{\"@type\":\"ImageObject\",\"inLanguage\":\"pt-BR\",\"@id\":\"https:\/\/noticiaempauta.com\/portal\/lei-orcamentaria-de-2026-comeca-a-tramitar-na-assembleia-legislativa-do-piaui\/#primaryimage\",\"url\":\"https:\/\/noticiaempauta.com\/portal\/wp-content\/uploads\/2025\/10\/image_assessoria-11.jpeg\",\"contentUrl\":\"https:\/\/noticiaempauta.com\/portal\/wp-content\/uploads\/2025\/10\/image_assessoria-11.jpeg\",\"width\":600,\"height\":400},{\"@type\":\"BreadcrumbList\",\"@id\":\"https:\/\/noticiaempauta.com\/portal\/lei-orcamentaria-de-2026-comeca-a-tramitar-na-assembleia-legislativa-do-piaui\/#breadcrumb\",\"itemListElement\":[{\"@type\":\"ListItem\",\"position\":1,\"name\":\"P\u00e1gina Inicial\",\"item\":\"https:\/\/noticiaempauta.com\/portal\/\"},{\"@type\":\"ListItem\",\"position\":2,\"name\":\"Destaques\",\"item\":\"https:\/\/noticiaempauta.com\/portal\/destaques-site\/\"},{\"@type\":\"ListItem\",\"position\":3,\"name\":\"Lei Or\u00e7ament\u00e1ria de 2026 come\u00e7a a tramitar na Assembleia Legislativa do Piau\u00ed\"}]},{\"@type\":\"WebSite\",\"@id\":\"https:\/\/noticiaempauta.com\/portal\/#website\",\"url\":\"https:\/\/noticiaempauta.com\/portal\/\",\"name\":\"Portal Not\u00edcia em Pauta\",\"description\":\"Voc\u00ea bem informado\",\"publisher\":{\"@id\":\"https:\/\/noticiaempauta.com\/portal\/#organization\"},\"potentialAction\":[{\"@type\":\"SearchAction\",\"target\":{\"@type\":\"EntryPoint\",\"urlTemplate\":\"https:\/\/noticiaempauta.com\/portal\/?s={search_term_string}\"},\"query-input\":{\"@type\":\"PropertyValueSpecification\",\"valueRequired\":true,\"valueName\":\"search_term_string\"}}],\"inLanguage\":\"pt-BR\"},{\"@type\":\"Organization\",\"@id\":\"https:\/\/noticiaempauta.com\/portal\/#organization\",\"name\":\"Portal Not\u00edcia em Pauta\",\"url\":\"https:\/\/noticiaempauta.com\/portal\/\",\"logo\":{\"@type\":\"ImageObject\",\"inLanguage\":\"pt-BR\",\"@id\":\"https:\/\/noticiaempauta.com\/portal\/#\/schema\/logo\/image\/\",\"url\":\"https:\/\/noticiaempauta.com\/portal\/wp-content\/uploads\/2022\/08\/logomarca_tema.fw_.png\",\"contentUrl\":\"https:\/\/noticiaempauta.com\/portal\/wp-content\/uploads\/2022\/08\/logomarca_tema.fw_.png\",\"width\":400,\"height\":232,\"caption\":\"Portal Not\u00edcia em Pauta\"},\"image\":{\"@id\":\"https:\/\/noticiaempauta.com\/portal\/#\/schema\/logo\/image\/\"},\"sameAs\":[\"https:\/\/www.facebook.com\/Portal-Notcia-Em-Pauta-102292869264820\/\",\"https:\/\/www.instagram.com\/portalnoticiaempauta\/\"]},{\"@type\":\"Person\",\"@id\":\"https:\/\/noticiaempauta.com\/portal\/#\/schema\/person\/a74af43dd1ab3deca45f988c717d57ac\",\"name\":\"Reda\u00e7\u00e3o\",\"image\":{\"@type\":\"ImageObject\",\"inLanguage\":\"pt-BR\",\"@id\":\"https:\/\/noticiaempauta.com\/portal\/#\/schema\/person\/image\/\",\"url\":\"https:\/\/secure.gravatar.com\/avatar\/03179346ecce6cdfc13361603e8f54242a90e5cde8618fa23c5c00aa2b0aadf3?s=96&d=mm&r=g\",\"contentUrl\":\"https:\/\/secure.gravatar.com\/avatar\/03179346ecce6cdfc13361603e8f54242a90e5cde8618fa23c5c00aa2b0aadf3?s=96&d=mm&r=g\",\"caption\":\"Reda\u00e7\u00e3o\"},\"sameAs\":[\"https:\/\/noticiaempauta.com\/portal\/\"],\"url\":\"https:\/\/noticiaempauta.com\/portal\/author\/fernando\/\"}]}<\/script>\n<!-- \/ Yoast SEO Premium plugin. -->","yoast_head_json":{"title":"Lei Or\u00e7ament\u00e1ria de 2026 come\u00e7a a tramitar na Assembleia Legislativa do Piau\u00ed - Portal Not\u00edcia em Pauta","robots":{"index":"index","follow":"follow","max-snippet":"max-snippet:-1","max-image-preview":"max-image-preview:large","max-video-preview":"max-video-preview:-1"},"canonical":"https:\/\/noticiaempauta.com\/portal\/lei-orcamentaria-de-2026-comeca-a-tramitar-na-assembleia-legislativa-do-piaui\/","og_locale":"pt_BR","og_type":"article","og_title":"Lei Or\u00e7ament\u00e1ria de 2026 come\u00e7a a tramitar na Assembleia Legislativa do Piau\u00ed","og_description":"A Assembleia Legislativa do Piau\u00ed (Alepi) recebeu nesta quarta-feira (1) o Projeto de Lei Or\u00e7ament\u00e1ria (PLOA) para o ano de 2026. O Governo do Estado estimada a receita bruta em R$ 34,6 bilh\u00f5es, com o valor l\u00edquido, ap\u00f3s dedu\u00e7\u00e3o de contribui\u00e7\u00e3o ao Fundeb e das transfer\u00eancias constitucionais aos munic\u00edpios, ficando em R$ 28,8 bilh\u00f5es. No [&hellip;]","og_url":"https:\/\/noticiaempauta.com\/portal\/lei-orcamentaria-de-2026-comeca-a-tramitar-na-assembleia-legislativa-do-piaui\/","og_site_name":"Portal Not\u00edcia em Pauta","article_publisher":"https:\/\/www.facebook.com\/Portal-Notcia-Em-Pauta-102292869264820\/","article_published_time":"2025-10-01T22:18:38+00:00","article_modified_time":"2025-10-01T22:18:39+00:00","og_image":[{"width":600,"height":400,"url":"https:\/\/noticiaempauta.com\/portal\/wp-content\/uploads\/2025\/10\/image_assessoria-11.jpeg","type":"image\/jpeg"}],"author":"Reda\u00e7\u00e3o","twitter_card":"summary_large_image","twitter_misc":{"Escrito por":"Reda\u00e7\u00e3o","Est. tempo de leitura":"3 minutos"},"schema":{"@context":"https:\/\/schema.org","@graph":[{"@type":"Article","@id":"https:\/\/noticiaempauta.com\/portal\/lei-orcamentaria-de-2026-comeca-a-tramitar-na-assembleia-legislativa-do-piaui\/#article","isPartOf":{"@id":"https:\/\/noticiaempauta.com\/portal\/lei-orcamentaria-de-2026-comeca-a-tramitar-na-assembleia-legislativa-do-piaui\/"},"author":{"name":"Reda\u00e7\u00e3o","@id":"https:\/\/noticiaempauta.com\/portal\/#\/schema\/person\/a74af43dd1ab3deca45f988c717d57ac"},"headline":"Lei Or\u00e7ament\u00e1ria de 2026 come\u00e7a a tramitar na Assembleia Legislativa do Piau\u00ed","datePublished":"2025-10-01T22:18:38+00:00","dateModified":"2025-10-01T22:18:39+00:00","mainEntityOfPage":{"@id":"https:\/\/noticiaempauta.com\/portal\/lei-orcamentaria-de-2026-comeca-a-tramitar-na-assembleia-legislativa-do-piaui\/"},"wordCount":489,"commentCount":0,"publisher":{"@id":"https:\/\/noticiaempauta.com\/portal\/#organization"},"image":{"@id":"https:\/\/noticiaempauta.com\/portal\/lei-orcamentaria-de-2026-comeca-a-tramitar-na-assembleia-legislativa-do-piaui\/#primaryimage"},"thumbnailUrl":"https:\/\/noticiaempauta.com\/portal\/wp-content\/uploads\/2025\/10\/image_assessoria-11.jpeg","keywords":["destaqueprincipal"],"articleSection":["Destaques","Geral","Todas as Not\u00edcias"],"inLanguage":"pt-BR","potentialAction":[{"@type":"CommentAction","name":"Comment","target":["https:\/\/noticiaempauta.com\/portal\/lei-orcamentaria-de-2026-comeca-a-tramitar-na-assembleia-legislativa-do-piaui\/#respond"]}]},{"@type":"WebPage","@id":"https:\/\/noticiaempauta.com\/portal\/lei-orcamentaria-de-2026-comeca-a-tramitar-na-assembleia-legislativa-do-piaui\/","url":"https:\/\/noticiaempauta.com\/portal\/lei-orcamentaria-de-2026-comeca-a-tramitar-na-assembleia-legislativa-do-piaui\/","name":"Lei Or\u00e7ament\u00e1ria de 2026 come\u00e7a a tramitar na Assembleia Legislativa do Piau\u00ed - Portal Not\u00edcia em Pauta","isPartOf":{"@id":"https:\/\/noticiaempauta.com\/portal\/#website"},"primaryImageOfPage":{"@id":"https:\/\/noticiaempauta.com\/portal\/lei-orcamentaria-de-2026-comeca-a-tramitar-na-assembleia-legislativa-do-piaui\/#primaryimage"},"image":{"@id":"https:\/\/noticiaempauta.com\/portal\/lei-orcamentaria-de-2026-comeca-a-tramitar-na-assembleia-legislativa-do-piaui\/#primaryimage"},"thumbnailUrl":"https:\/\/noticiaempauta.com\/portal\/wp-content\/uploads\/2025\/10\/image_assessoria-11.jpeg","datePublished":"2025-10-01T22:18:38+00:00","dateModified":"2025-10-01T22:18:39+00:00","breadcrumb":{"@id":"https:\/\/noticiaempauta.com\/portal\/lei-orcamentaria-de-2026-comeca-a-tramitar-na-assembleia-legislativa-do-piaui\/#breadcrumb"},"inLanguage":"pt-BR","potentialAction":[{"@type":"ReadAction","target":["https:\/\/noticiaempauta.com\/portal\/lei-orcamentaria-de-2026-comeca-a-tramitar-na-assembleia-legislativa-do-piaui\/"]}]},{"@type":"ImageObject","inLanguage":"pt-BR","@id":"https:\/\/noticiaempauta.com\/portal\/lei-orcamentaria-de-2026-comeca-a-tramitar-na-assembleia-legislativa-do-piaui\/#primaryimage","url":"https:\/\/noticiaempauta.com\/portal\/wp-content\/uploads\/2025\/10\/image_assessoria-11.jpeg","contentUrl":"https:\/\/noticiaempauta.com\/portal\/wp-content\/uploads\/2025\/10\/image_assessoria-11.jpeg","width":600,"height":400},{"@type":"BreadcrumbList","@id":"https:\/\/noticiaempauta.com\/portal\/lei-orcamentaria-de-2026-comeca-a-tramitar-na-assembleia-legislativa-do-piaui\/#breadcrumb","itemListElement":[{"@type":"ListItem","position":1,"name":"P\u00e1gina Inicial","item":"https:\/\/noticiaempauta.com\/portal\/"},{"@type":"ListItem","position":2,"name":"Destaques","item":"https:\/\/noticiaempauta.com\/portal\/destaques-site\/"},{"@type":"ListItem","position":3,"name":"Lei Or\u00e7ament\u00e1ria de 2026 come\u00e7a a tramitar na Assembleia Legislativa do Piau\u00ed"}]},{"@type":"WebSite","@id":"https:\/\/noticiaempauta.com\/portal\/#website","url":"https:\/\/noticiaempauta.com\/portal\/","name":"Portal Not\u00edcia em Pauta","description":"Voc\u00ea bem informado","publisher":{"@id":"https:\/\/noticiaempauta.com\/portal\/#organization"},"potentialAction":[{"@type":"SearchAction","target":{"@type":"EntryPoint","urlTemplate":"https:\/\/noticiaempauta.com\/portal\/?s={search_term_string}"},"query-input":{"@type":"PropertyValueSpecification","valueRequired":true,"valueName":"search_term_string"}}],"inLanguage":"pt-BR"},{"@type":"Organization","@id":"https:\/\/noticiaempauta.com\/portal\/#organization","name":"Portal Not\u00edcia em Pauta","url":"https:\/\/noticiaempauta.com\/portal\/","logo":{"@type":"ImageObject","inLanguage":"pt-BR","@id":"https:\/\/noticiaempauta.com\/portal\/#\/schema\/logo\/image\/","url":"https:\/\/noticiaempauta.com\/portal\/wp-content\/uploads\/2022\/08\/logomarca_tema.fw_.png","contentUrl":"https:\/\/noticiaempauta.com\/portal\/wp-content\/uploads\/2022\/08\/logomarca_tema.fw_.png","width":400,"height":232,"caption":"Portal Not\u00edcia em Pauta"},"image":{"@id":"https:\/\/noticiaempauta.com\/portal\/#\/schema\/logo\/image\/"},"sameAs":["https:\/\/www.facebook.com\/Portal-Notcia-Em-Pauta-102292869264820\/","https:\/\/www.instagram.com\/portalnoticiaempauta\/"]},{"@type":"Person","@id":"https:\/\/noticiaempauta.com\/portal\/#\/schema\/person\/a74af43dd1ab3deca45f988c717d57ac","name":"Reda\u00e7\u00e3o","image":{"@type":"ImageObject","inLanguage":"pt-BR","@id":"https:\/\/noticiaempauta.com\/portal\/#\/schema\/person\/image\/","url":"https:\/\/secure.gravatar.com\/avatar\/03179346ecce6cdfc13361603e8f54242a90e5cde8618fa23c5c00aa2b0aadf3?s=96&d=mm&r=g","contentUrl":"https:\/\/secure.gravatar.com\/avatar\/03179346ecce6cdfc13361603e8f54242a90e5cde8618fa23c5c00aa2b0aadf3?s=96&d=mm&r=g","caption":"Reda\u00e7\u00e3o"},"sameAs":["https:\/\/noticiaempauta.com\/portal\/"],"url":"https:\/\/noticiaempauta.com\/portal\/author\/fernando\/"}]}},"_links":{"self":[{"href":"https:\/\/noticiaempauta.com\/portal\/wp-json\/wp\/v2\/posts\/278670","targetHints":{"allow":["GET"]}}],"collection":[{"href":"https:\/\/noticiaempauta.com\/portal\/wp-json\/wp\/v2\/posts"}],"about":[{"href":"https:\/\/noticiaempauta.com\/portal\/wp-json\/wp\/v2\/types\/post"}],"author":[{"embeddable":true,"href":"https:\/\/noticiaempauta.com\/portal\/wp-json\/wp\/v2\/users\/2"}],"replies":[{"embeddable":true,"href":"https:\/\/noticiaempauta.com\/portal\/wp-json\/wp\/v2\/comments?post=278670"}],"version-history":[{"count":2,"href":"https:\/\/noticiaempauta.com\/portal\/wp-json\/wp\/v2\/posts\/278670\/revisions"}],"predecessor-version":[{"id":278673,"href":"https:\/\/noticiaempauta.com\/portal\/wp-json\/wp\/v2\/posts\/278670\/revisions\/278673"}],"wp:featuredmedia":[{"embeddable":true,"href":"https:\/\/noticiaempauta.com\/portal\/wp-json\/wp\/v2\/media\/278671"}],"wp:attachment":[{"href":"https:\/\/noticiaempauta.com\/portal\/wp-json\/wp\/v2\/media?parent=278670"}],"wp:term":[{"taxonomy":"category","embeddable":true,"href":"https:\/\/noticiaempauta.com\/portal\/wp-json\/wp\/v2\/categories?post=278670"},{"taxonomy":"post_tag","embeddable":true,"href":"https:\/\/noticiaempauta.com\/portal\/wp-json\/wp\/v2\/tags?post=278670"}],"curies":[{"name":"wp","href":"https:\/\/api.w.org\/{rel}","templated":true}]}}