{"id":278674,"date":"2025-10-01T19:22:50","date_gmt":"2025-10-01T22:22:50","guid":{"rendered":"https:\/\/noticiaempauta.com\/portal\/?p=278674"},"modified":"2025-10-01T19:22:51","modified_gmt":"2025-10-01T22:22:51","slug":"cbf-anuncia-mudancas-no-brasileirao-copa-do-brasil-estaduais-veja-detalhes","status":"publish","type":"post","link":"https:\/\/noticiaempauta.com\/portal\/cbf-anuncia-mudancas-no-brasileirao-copa-do-brasil-estaduais-veja-detalhes\/","title":{"rendered":"CBF anuncia mudan\u00e7as no Brasileir\u00e3o, Copa do Brasil, Estaduais; veja detalhes"},"content":{"rendered":"\n<p>A Confedera\u00e7\u00e3o Brasileira de Futebol (CBF) oficializou nesta quarta-feira, 1\u00ba, o novo calend\u00e1rio do futebol brasileiro, que entrar\u00e1 em vigor para o pr\u00f3ximo quadri\u00eanio entre 2026 e 2029 Entre as principais novidades est\u00e3o a final da Copa do Brasil em jogo \u00fanico em dezembro, com sede a ser definida pela entidade, e o in\u00edcio do Campeonato Brasileiro em janeiro &#8211; o que far\u00e1 com que as equipes disputem a competi\u00e7\u00e3o simultaneamente aos Estaduais.<\/p>\n\n\n\n<figure class=\"wp-block-image size-full\"><img fetchpriority=\"high\" decoding=\"async\" width=\"800\" height=\"479\" src=\"https:\/\/noticiaempauta.com\/portal\/wp-content\/uploads\/2025\/10\/oGon2a593fqdZWGJ5XI7EVaOwDS49nO5gNRlZ0TL.webp\" alt=\"\" class=\"wp-image-278675\" srcset=\"https:\/\/noticiaempauta.com\/portal\/wp-content\/uploads\/2025\/10\/oGon2a593fqdZWGJ5XI7EVaOwDS49nO5gNRlZ0TL.webp 800w, https:\/\/noticiaempauta.com\/portal\/wp-content\/uploads\/2025\/10\/oGon2a593fqdZWGJ5XI7EVaOwDS49nO5gNRlZ0TL-300x180.webp 300w, https:\/\/noticiaempauta.com\/portal\/wp-content\/uploads\/2025\/10\/oGon2a593fqdZWGJ5XI7EVaOwDS49nO5gNRlZ0TL-768x460.webp 768w\" sizes=\"(max-width: 800px) 100vw, 800px\" \/><figcaption class=\"wp-element-caption\"><em>(Foto: Lucas Figueiredo\/CBF)<\/em><\/figcaption><\/figure>\n\n\n\n<p>O novo calend\u00e1rio faz com que o Brasileir\u00e3o passe a ser disputado entre janeiro e dezembro de cada temporada. Em 2026, ter\u00e1 in\u00edcio em 28 de janeiro e se encerra em 2 de dezembro. Isso far\u00e1 com que os Estaduais sejam reduzidos, com um limite de 11 datas. O&nbsp;<strong>Estad\u00e3o<\/strong>&nbsp;revelou que a Federa\u00e7\u00e3o Paulista de Futebol (FPF) j\u00e1 trabalha com esse novo formato e estuda a possibilidade de replicar o modelo da Champions League para o Estadual, com uma primeira fase disputada por pontos corridos.<\/p>\n\n\n\n<p>As mudan\u00e7as no calend\u00e1rio, segundo a CBF, se devem a um excesso de jogos disputados pelos principais clubes da S\u00e9rie A &#8211; sete equipes chegaram a entrar em campo mais de 70 vezes na \u00faltima temporada &#8211; e a apenas 14% dos clubes filiados \u00e0 entidade terem um calend\u00e1rio nacional ao longo do ano.<\/p>\n\n\n\n<p>A Copa do Brasil tamb\u00e9m ser\u00e1 reformulada a partir da pr\u00f3xima temporada. As cinco primeiras fases ser\u00e3o disputadas em jogo \u00fanico e as equipes da s\u00e9rie A entrar\u00e3o a partir da quinta rodada Oitavas, quartas e semifinais mant\u00e9m o modelo de ida e volta.<\/p>\n\n\n\n<p>A principal mudan\u00e7a ser\u00e1 a final a ser disputada em jogo \u00fanico, no dia 6 de dezembro, no encerramento da temporada do futebol brasileiro, em sede a ser definida pela entidade &#8211; em que ser\u00e1 considerada a capacidade das cidades a receberem a decis\u00e3o. Tamb\u00e9m ter\u00e1 um aumento de 92 para 126 clubes em 2026 e 128 a partir de 2027.<\/p>\n\n\n\n<p>Tanto Copa do Brasil, como do Brasileir\u00e3o, passam a se assemelhar a modelos do futebol europeu, como na Inglaterra. No caso da Copa, a competi\u00e7\u00e3o passar\u00e1 a ter 14 datas e um aumento no n\u00famero de partidas, com 155 at\u00e9 2029.<\/p>\n\n\n\n<p><strong>TORNEIOS REGIONAIS E NOVA COPA SUL-SUDESTE<\/strong><\/p>\n\n\n\n<p>Outra novidade com este calend\u00e1rio reformulado \u00e9 a confirma\u00e7\u00e3o dos Campeonato Regionais, como a Copa do Nordeste e Verde. Al\u00e9m disso, a CBF ter\u00e1, a partir da pr\u00f3xima temporada, a cria\u00e7\u00e3o da Copa Sul-Sudeste, que ser\u00e1 disputada entre mar\u00e7o e junho, em um m\u00e1ximo de dez datas. O mesmo vale para os demais regionais. A nova competi\u00e7\u00e3o contar\u00e1 com at\u00e9 dois clubes de cada Estado das respectivas e regi\u00f5es.<\/p>\n\n\n\n<p>Clubes classificados em competi\u00e7\u00f5es da Conmebol &#8211; Copa Sul-Americana e Libertadores &#8211; n\u00e3o disputam os torneios regionais da CBF. No caso da Copa Verde, na pr\u00e1tica, a CBF recria as Copas Norte e Centro-Oeste, com os campe\u00f5es de cada &#8220;confer\u00eancia&#8221;, termo utilizado pela entidade, se enfrentando na decis\u00e3o.<\/p>\n\n\n\n<p>Os campe\u00f5es da Copa Verde, Norte e Nordeste garantem vaga \u00e0 terceira fase da Copa do Brasil. Em n\u00fameros gerais, as novidades no calend\u00e1rio preveem um aumento de 82 vagas nas competi\u00e7\u00f5es e 26% a mais de clubes com divis\u00f5es a partir de 2026, com todas as federa\u00e7\u00f5es inclu\u00eddas em competi\u00e7\u00f5es regionais.<\/p>\n\n\n\n<p>Vale ressaltar que, na Copa Sul-Sudeste, os representantes ser\u00e3o dos Estados de S\u00e3o Paulo, Minas Gerais, Rio de Janeiro, Paran\u00e1, Santa Catarina e Rio Grande do Sul. O Esp\u00edrito Santo, localizado na regi\u00e3o Sudeste, disputar\u00e1 a Copa Verde a partir da pr\u00f3xima temporada.<\/p>\n\n\n\n<h2 class=\"wp-block-heading\">PAUSA NAS COPAS DO MUNDO E DATA FIFA<\/h2>\n\n\n\n<p>A CBF garantiu que, com as Copas do Mundo masculina e feminina nas duas pr\u00f3ximas temporadas, o calend\u00e1rio do futebol brasileiro ter\u00e1 uma pausa para as competi\u00e7\u00f5es entre sele\u00e7\u00f5es. Ainda, Copa Am\u00e9rica em 2028 e varia\u00e7\u00f5es no intervalo das competi\u00e7\u00f5es entre sele\u00e7\u00f5es podem fazer com que a CBF fa\u00e7a leves adequa\u00e7\u00f5es no calend\u00e1rio, como garantiu J\u00falio Avelar, diretor de competi\u00e7\u00f5es da entidade.<\/p>\n\n\n\n<p>Samir Xaud, presidente da CBF, tamb\u00e9m revelou que, em novembro, ter\u00e1 o an\u00fancio das novas regras de sustentabilidade das finan\u00e7as dos clubes brasileiros &#8211; o fair play financeiro. O impedimento semiautom\u00e1tico, outro pedido dos clubes, ter\u00e1 seus estudos finalizados em breve e uma poss\u00edvel implementa\u00e7\u00e3o a partir da pr\u00f3xima temporada.<\/p>\n\n\n\n<p>Para 2027, a expectativa \u00e9 de que a CBF tamb\u00e9m consiga um maior intervalo entre as partidas das sele\u00e7\u00f5es nas Datas Fifa e o retorno das competi\u00e7\u00f5es nacionais. Isso n\u00e3o ocorrer\u00e1 em 2026 em fun\u00e7\u00e3o da Copa do Mundo, que exige uma pausa maior nos campeonatos.<\/p>\n\n\n\n<h2 class=\"wp-block-heading\">MUDAN\u00c7AS NAS S\u00c9RIES C E D<\/h2>\n\n\n\n<p>O planejamento da CBF responde a uma demanda dos clubes de divis\u00f5es inferiores, com o aumento do n\u00famero de vagas nas s\u00e9ries C e D. At\u00e9 2028, a terceira divis\u00e3o passar\u00e1 a ter 28 clubes, enquanto a \u00faltima divis\u00e3o nacional ter\u00e1 um salto de 64 para 96 times por temporada.<\/p>\n\n\n\n<p>Al\u00e9m disso, seis equipes ascender\u00e3o da S\u00e9rie D \u00e0 C. O in\u00edcio de ambas as competi\u00e7\u00f5es ser\u00e1 em abril, com t\u00e9rmino previsto para setembro. As mudan\u00e7as, segundo a entidade, promover\u00e3o uma maior inclus\u00e3o nacional dos clubes ao calend\u00e1rio nacional.<\/p>\n\n\n\n<h2 class=\"wp-block-heading\">COMO SER\u00c3O DEFINIDAS AS VAGAS DA COPA DO BRASIL?<\/h2>\n\n\n\n<ul class=\"wp-block-list\">\n<li>20 vagas para os clubes da S\u00e9rie A<\/li>\n\n\n\n<li>4 vagas para os campe\u00f5es da Copa do Nordeste, S\u00e9rie C e S\u00e9rie D<\/li>\n\n\n\n<li>102 vagas para as competi\u00e7\u00f5es Estaduais, seguindo o ranqueamento das Federa\u00e7\u00f5es em 2026<\/li>\n<\/ul>\n\n\n\n<h2 class=\"wp-block-heading\">CONFIRA OS DETALHES DO NOVO CALEND\u00c1RIO DA CBF<\/h2>\n\n\n\n<ul class=\"wp-block-list\">\n<li>Campeonato Brasileiro: de 28\/01 a 02\/12, formato mantido<\/li>\n\n\n\n<li>S\u00e9rie B: in\u00edcio em 21 de mar\u00e7o e t\u00e9rmino e 28 de novembro<\/li>\n\n\n\n<li>S\u00e9ries C e D: in\u00edcio em 5 de abril, aumento no n\u00famero de clubes e novo formato<\/li>\n\n\n\n<li>Copa do Brasil: in\u00edcio em 18 de fevereiro; final em jogo \u00fanico em 06\/12, no encerramento da temporada. 126 em 2026 e 128 a partir de 2027<\/li>\n\n\n\n<li>Estaduais: in\u00edcio em 11\/01, com um m\u00e1ximo de 11 datas; finais em mar\u00e7o<\/li>\n\n\n\n<li>Copa Sul-Sudeste: 12 clubes, entre mar\u00e7o e junho, com at\u00e9 dez datas<\/li>\n\n\n\n<li>Copa do Nordeste: 20 clubes, entre mar\u00e7o e junho, com at\u00e9 dez datas<\/li>\n\n\n\n<li>Copa Verde: 24 clubes, com &#8220;confer\u00eancias&#8221; da Copa Norte e Centro Oeste, entre mar\u00e7o e junho, com at\u00e9 dez datas<\/li>\n\n\n\n<li>Supercopa do Brasil: 24 de janeiro, partida inaugural do calend\u00e1rio<\/li>\n<\/ul>\n\n\n\n<p>Fonte: Portal O Dia<\/p>\n","protected":false},"excerpt":{"rendered":"<p>A Confedera\u00e7\u00e3o Brasileira de Futebol (CBF) oficializou nesta quarta-feira, 1\u00ba, o novo calend\u00e1rio do futebol brasileiro, que entrar\u00e1 em vigor para o pr\u00f3ximo quadri\u00eanio entre 2026 e 2029 Entre as principais novidades est\u00e3o a final da Copa do Brasil em jogo \u00fanico em dezembro, com sede a ser definida pela entidade, e o in\u00edcio do [&hellip;]<\/p>\n","protected":false},"author":2,"featured_media":278675,"comment_status":"open","ping_status":"open","sticky":false,"template":"","format":"standard","meta":{"_mi_skip_tracking":false,"footnotes":""},"categories":[25,26,1,16],"tags":[],"class_list":["post-278674","post","type-post","status-publish","format-standard","has-post-thumbnail","hentry","category-destaques-site","category-esporte","category-geral","category-todas"],"acf":[],"yoast_head":"<!-- This site is optimized with the Yoast SEO Premium plugin v19.2 (Yoast SEO v26.9) - https:\/\/yoast.com\/product\/yoast-seo-premium-wordpress\/ -->\n<title>CBF anuncia mudan\u00e7as no Brasileir\u00e3o, Copa do Brasil, Estaduais; veja detalhes - Portal Not\u00edcia em Pauta<\/title>\n<meta name=\"robots\" content=\"index, follow, max-snippet:-1, max-image-preview:large, max-video-preview:-1\" \/>\n<link rel=\"canonical\" href=\"https:\/\/noticiaempauta.com\/portal\/cbf-anuncia-mudancas-no-brasileirao-copa-do-brasil-estaduais-veja-detalhes\/\" \/>\n<meta property=\"og:locale\" content=\"pt_BR\" \/>\n<meta property=\"og:type\" content=\"article\" \/>\n<meta property=\"og:title\" content=\"CBF anuncia mudan\u00e7as no Brasileir\u00e3o, Copa do Brasil, Estaduais; veja detalhes\" \/>\n<meta property=\"og:description\" content=\"A Confedera\u00e7\u00e3o Brasileira de Futebol (CBF) oficializou nesta quarta-feira, 1\u00ba, o novo calend\u00e1rio do futebol brasileiro, que entrar\u00e1 em vigor para o pr\u00f3ximo quadri\u00eanio entre 2026 e 2029 Entre as principais novidades est\u00e3o a final da Copa do Brasil em jogo \u00fanico em dezembro, com sede a ser definida pela entidade, e o in\u00edcio do [&hellip;]\" \/>\n<meta property=\"og:url\" content=\"https:\/\/noticiaempauta.com\/portal\/cbf-anuncia-mudancas-no-brasileirao-copa-do-brasil-estaduais-veja-detalhes\/\" \/>\n<meta property=\"og:site_name\" content=\"Portal Not\u00edcia em Pauta\" \/>\n<meta property=\"article:publisher\" content=\"https:\/\/www.facebook.com\/Portal-Notcia-Em-Pauta-102292869264820\/\" \/>\n<meta property=\"article:published_time\" content=\"2025-10-01T22:22:50+00:00\" \/>\n<meta property=\"article:modified_time\" content=\"2025-10-01T22:22:51+00:00\" \/>\n<meta property=\"og:image\" content=\"https:\/\/noticiaempauta.com\/portal\/wp-content\/uploads\/2025\/10\/oGon2a593fqdZWGJ5XI7EVaOwDS49nO5gNRlZ0TL.webp\" \/>\n\t<meta property=\"og:image:width\" content=\"800\" \/>\n\t<meta property=\"og:image:height\" content=\"479\" \/>\n\t<meta property=\"og:image:type\" content=\"image\/webp\" \/>\n<meta name=\"author\" content=\"Reda\u00e7\u00e3o\" \/>\n<meta name=\"twitter:card\" content=\"summary_large_image\" \/>\n<meta name=\"twitter:label1\" content=\"Escrito por\" \/>\n\t<meta name=\"twitter:data1\" content=\"Reda\u00e7\u00e3o\" \/>\n\t<meta name=\"twitter:label2\" content=\"Est. tempo de leitura\" \/>\n\t<meta name=\"twitter:data2\" content=\"7 minutos\" \/>\n<script type=\"application\/ld+json\" class=\"yoast-schema-graph\">{\"@context\":\"https:\/\/schema.org\",\"@graph\":[{\"@type\":\"Article\",\"@id\":\"https:\/\/noticiaempauta.com\/portal\/cbf-anuncia-mudancas-no-brasileirao-copa-do-brasil-estaduais-veja-detalhes\/#article\",\"isPartOf\":{\"@id\":\"https:\/\/noticiaempauta.com\/portal\/cbf-anuncia-mudancas-no-brasileirao-copa-do-brasil-estaduais-veja-detalhes\/\"},\"author\":{\"name\":\"Reda\u00e7\u00e3o\",\"@id\":\"https:\/\/noticiaempauta.com\/portal\/#\/schema\/person\/a74af43dd1ab3deca45f988c717d57ac\"},\"headline\":\"CBF anuncia mudan\u00e7as no Brasileir\u00e3o, Copa do Brasil, Estaduais; veja detalhes\",\"datePublished\":\"2025-10-01T22:22:50+00:00\",\"dateModified\":\"2025-10-01T22:22:51+00:00\",\"mainEntityOfPage\":{\"@id\":\"https:\/\/noticiaempauta.com\/portal\/cbf-anuncia-mudancas-no-brasileirao-copa-do-brasil-estaduais-veja-detalhes\/\"},\"wordCount\":1114,\"commentCount\":0,\"publisher\":{\"@id\":\"https:\/\/noticiaempauta.com\/portal\/#organization\"},\"image\":{\"@id\":\"https:\/\/noticiaempauta.com\/portal\/cbf-anuncia-mudancas-no-brasileirao-copa-do-brasil-estaduais-veja-detalhes\/#primaryimage\"},\"thumbnailUrl\":\"https:\/\/noticiaempauta.com\/portal\/wp-content\/uploads\/2025\/10\/oGon2a593fqdZWGJ5XI7EVaOwDS49nO5gNRlZ0TL.webp\",\"articleSection\":[\"Destaques\",\"Esporte\",\"Geral\",\"Todas as Not\u00edcias\"],\"inLanguage\":\"pt-BR\",\"potentialAction\":[{\"@type\":\"CommentAction\",\"name\":\"Comment\",\"target\":[\"https:\/\/noticiaempauta.com\/portal\/cbf-anuncia-mudancas-no-brasileirao-copa-do-brasil-estaduais-veja-detalhes\/#respond\"]}]},{\"@type\":\"WebPage\",\"@id\":\"https:\/\/noticiaempauta.com\/portal\/cbf-anuncia-mudancas-no-brasileirao-copa-do-brasil-estaduais-veja-detalhes\/\",\"url\":\"https:\/\/noticiaempauta.com\/portal\/cbf-anuncia-mudancas-no-brasileirao-copa-do-brasil-estaduais-veja-detalhes\/\",\"name\":\"CBF anuncia mudan\u00e7as no Brasileir\u00e3o, Copa do Brasil, Estaduais; veja detalhes - Portal Not\u00edcia em Pauta\",\"isPartOf\":{\"@id\":\"https:\/\/noticiaempauta.com\/portal\/#website\"},\"primaryImageOfPage\":{\"@id\":\"https:\/\/noticiaempauta.com\/portal\/cbf-anuncia-mudancas-no-brasileirao-copa-do-brasil-estaduais-veja-detalhes\/#primaryimage\"},\"image\":{\"@id\":\"https:\/\/noticiaempauta.com\/portal\/cbf-anuncia-mudancas-no-brasileirao-copa-do-brasil-estaduais-veja-detalhes\/#primaryimage\"},\"thumbnailUrl\":\"https:\/\/noticiaempauta.com\/portal\/wp-content\/uploads\/2025\/10\/oGon2a593fqdZWGJ5XI7EVaOwDS49nO5gNRlZ0TL.webp\",\"datePublished\":\"2025-10-01T22:22:50+00:00\",\"dateModified\":\"2025-10-01T22:22:51+00:00\",\"breadcrumb\":{\"@id\":\"https:\/\/noticiaempauta.com\/portal\/cbf-anuncia-mudancas-no-brasileirao-copa-do-brasil-estaduais-veja-detalhes\/#breadcrumb\"},\"inLanguage\":\"pt-BR\",\"potentialAction\":[{\"@type\":\"ReadAction\",\"target\":[\"https:\/\/noticiaempauta.com\/portal\/cbf-anuncia-mudancas-no-brasileirao-copa-do-brasil-estaduais-veja-detalhes\/\"]}]},{\"@type\":\"ImageObject\",\"inLanguage\":\"pt-BR\",\"@id\":\"https:\/\/noticiaempauta.com\/portal\/cbf-anuncia-mudancas-no-brasileirao-copa-do-brasil-estaduais-veja-detalhes\/#primaryimage\",\"url\":\"https:\/\/noticiaempauta.com\/portal\/wp-content\/uploads\/2025\/10\/oGon2a593fqdZWGJ5XI7EVaOwDS49nO5gNRlZ0TL.webp\",\"contentUrl\":\"https:\/\/noticiaempauta.com\/portal\/wp-content\/uploads\/2025\/10\/oGon2a593fqdZWGJ5XI7EVaOwDS49nO5gNRlZ0TL.webp\",\"width\":800,\"height\":479},{\"@type\":\"BreadcrumbList\",\"@id\":\"https:\/\/noticiaempauta.com\/portal\/cbf-anuncia-mudancas-no-brasileirao-copa-do-brasil-estaduais-veja-detalhes\/#breadcrumb\",\"itemListElement\":[{\"@type\":\"ListItem\",\"position\":1,\"name\":\"P\u00e1gina Inicial\",\"item\":\"https:\/\/noticiaempauta.com\/portal\/\"},{\"@type\":\"ListItem\",\"position\":2,\"name\":\"Destaques\",\"item\":\"https:\/\/noticiaempauta.com\/portal\/destaques-site\/\"},{\"@type\":\"ListItem\",\"position\":3,\"name\":\"CBF anuncia mudan\u00e7as no Brasileir\u00e3o, Copa do Brasil, Estaduais; veja detalhes\"}]},{\"@type\":\"WebSite\",\"@id\":\"https:\/\/noticiaempauta.com\/portal\/#website\",\"url\":\"https:\/\/noticiaempauta.com\/portal\/\",\"name\":\"Portal Not\u00edcia em Pauta\",\"description\":\"Voc\u00ea bem informado\",\"publisher\":{\"@id\":\"https:\/\/noticiaempauta.com\/portal\/#organization\"},\"potentialAction\":[{\"@type\":\"SearchAction\",\"target\":{\"@type\":\"EntryPoint\",\"urlTemplate\":\"https:\/\/noticiaempauta.com\/portal\/?s={search_term_string}\"},\"query-input\":{\"@type\":\"PropertyValueSpecification\",\"valueRequired\":true,\"valueName\":\"search_term_string\"}}],\"inLanguage\":\"pt-BR\"},{\"@type\":\"Organization\",\"@id\":\"https:\/\/noticiaempauta.com\/portal\/#organization\",\"name\":\"Portal Not\u00edcia em Pauta\",\"url\":\"https:\/\/noticiaempauta.com\/portal\/\",\"logo\":{\"@type\":\"ImageObject\",\"inLanguage\":\"pt-BR\",\"@id\":\"https:\/\/noticiaempauta.com\/portal\/#\/schema\/logo\/image\/\",\"url\":\"https:\/\/noticiaempauta.com\/portal\/wp-content\/uploads\/2022\/08\/logomarca_tema.fw_.png\",\"contentUrl\":\"https:\/\/noticiaempauta.com\/portal\/wp-content\/uploads\/2022\/08\/logomarca_tema.fw_.png\",\"width\":400,\"height\":232,\"caption\":\"Portal Not\u00edcia em Pauta\"},\"image\":{\"@id\":\"https:\/\/noticiaempauta.com\/portal\/#\/schema\/logo\/image\/\"},\"sameAs\":[\"https:\/\/www.facebook.com\/Portal-Notcia-Em-Pauta-102292869264820\/\",\"https:\/\/www.instagram.com\/portalnoticiaempauta\/\"]},{\"@type\":\"Person\",\"@id\":\"https:\/\/noticiaempauta.com\/portal\/#\/schema\/person\/a74af43dd1ab3deca45f988c717d57ac\",\"name\":\"Reda\u00e7\u00e3o\",\"image\":{\"@type\":\"ImageObject\",\"inLanguage\":\"pt-BR\",\"@id\":\"https:\/\/noticiaempauta.com\/portal\/#\/schema\/person\/image\/\",\"url\":\"https:\/\/secure.gravatar.com\/avatar\/03179346ecce6cdfc13361603e8f54242a90e5cde8618fa23c5c00aa2b0aadf3?s=96&d=mm&r=g\",\"contentUrl\":\"https:\/\/secure.gravatar.com\/avatar\/03179346ecce6cdfc13361603e8f54242a90e5cde8618fa23c5c00aa2b0aadf3?s=96&d=mm&r=g\",\"caption\":\"Reda\u00e7\u00e3o\"},\"sameAs\":[\"https:\/\/noticiaempauta.com\/portal\/\"],\"url\":\"https:\/\/noticiaempauta.com\/portal\/author\/fernando\/\"}]}<\/script>\n<!-- \/ Yoast SEO Premium plugin. -->","yoast_head_json":{"title":"CBF anuncia mudan\u00e7as no Brasileir\u00e3o, Copa do Brasil, Estaduais; veja detalhes - Portal Not\u00edcia em Pauta","robots":{"index":"index","follow":"follow","max-snippet":"max-snippet:-1","max-image-preview":"max-image-preview:large","max-video-preview":"max-video-preview:-1"},"canonical":"https:\/\/noticiaempauta.com\/portal\/cbf-anuncia-mudancas-no-brasileirao-copa-do-brasil-estaduais-veja-detalhes\/","og_locale":"pt_BR","og_type":"article","og_title":"CBF anuncia mudan\u00e7as no Brasileir\u00e3o, Copa do Brasil, Estaduais; veja detalhes","og_description":"A Confedera\u00e7\u00e3o Brasileira de Futebol (CBF) oficializou nesta quarta-feira, 1\u00ba, o novo calend\u00e1rio do futebol brasileiro, que entrar\u00e1 em vigor para o pr\u00f3ximo quadri\u00eanio entre 2026 e 2029 Entre as principais novidades est\u00e3o a final da Copa do Brasil em jogo \u00fanico em dezembro, com sede a ser definida pela entidade, e o in\u00edcio do [&hellip;]","og_url":"https:\/\/noticiaempauta.com\/portal\/cbf-anuncia-mudancas-no-brasileirao-copa-do-brasil-estaduais-veja-detalhes\/","og_site_name":"Portal Not\u00edcia em Pauta","article_publisher":"https:\/\/www.facebook.com\/Portal-Notcia-Em-Pauta-102292869264820\/","article_published_time":"2025-10-01T22:22:50+00:00","article_modified_time":"2025-10-01T22:22:51+00:00","og_image":[{"width":800,"height":479,"url":"https:\/\/noticiaempauta.com\/portal\/wp-content\/uploads\/2025\/10\/oGon2a593fqdZWGJ5XI7EVaOwDS49nO5gNRlZ0TL.webp","type":"image\/webp"}],"author":"Reda\u00e7\u00e3o","twitter_card":"summary_large_image","twitter_misc":{"Escrito por":"Reda\u00e7\u00e3o","Est. tempo de leitura":"7 minutos"},"schema":{"@context":"https:\/\/schema.org","@graph":[{"@type":"Article","@id":"https:\/\/noticiaempauta.com\/portal\/cbf-anuncia-mudancas-no-brasileirao-copa-do-brasil-estaduais-veja-detalhes\/#article","isPartOf":{"@id":"https:\/\/noticiaempauta.com\/portal\/cbf-anuncia-mudancas-no-brasileirao-copa-do-brasil-estaduais-veja-detalhes\/"},"author":{"name":"Reda\u00e7\u00e3o","@id":"https:\/\/noticiaempauta.com\/portal\/#\/schema\/person\/a74af43dd1ab3deca45f988c717d57ac"},"headline":"CBF anuncia mudan\u00e7as no Brasileir\u00e3o, Copa do Brasil, Estaduais; veja detalhes","datePublished":"2025-10-01T22:22:50+00:00","dateModified":"2025-10-01T22:22:51+00:00","mainEntityOfPage":{"@id":"https:\/\/noticiaempauta.com\/portal\/cbf-anuncia-mudancas-no-brasileirao-copa-do-brasil-estaduais-veja-detalhes\/"},"wordCount":1114,"commentCount":0,"publisher":{"@id":"https:\/\/noticiaempauta.com\/portal\/#organization"},"image":{"@id":"https:\/\/noticiaempauta.com\/portal\/cbf-anuncia-mudancas-no-brasileirao-copa-do-brasil-estaduais-veja-detalhes\/#primaryimage"},"thumbnailUrl":"https:\/\/noticiaempauta.com\/portal\/wp-content\/uploads\/2025\/10\/oGon2a593fqdZWGJ5XI7EVaOwDS49nO5gNRlZ0TL.webp","articleSection":["Destaques","Esporte","Geral","Todas as Not\u00edcias"],"inLanguage":"pt-BR","potentialAction":[{"@type":"CommentAction","name":"Comment","target":["https:\/\/noticiaempauta.com\/portal\/cbf-anuncia-mudancas-no-brasileirao-copa-do-brasil-estaduais-veja-detalhes\/#respond"]}]},{"@type":"WebPage","@id":"https:\/\/noticiaempauta.com\/portal\/cbf-anuncia-mudancas-no-brasileirao-copa-do-brasil-estaduais-veja-detalhes\/","url":"https:\/\/noticiaempauta.com\/portal\/cbf-anuncia-mudancas-no-brasileirao-copa-do-brasil-estaduais-veja-detalhes\/","name":"CBF anuncia mudan\u00e7as no Brasileir\u00e3o, Copa do Brasil, Estaduais; veja detalhes - Portal Not\u00edcia em Pauta","isPartOf":{"@id":"https:\/\/noticiaempauta.com\/portal\/#website"},"primaryImageOfPage":{"@id":"https:\/\/noticiaempauta.com\/portal\/cbf-anuncia-mudancas-no-brasileirao-copa-do-brasil-estaduais-veja-detalhes\/#primaryimage"},"image":{"@id":"https:\/\/noticiaempauta.com\/portal\/cbf-anuncia-mudancas-no-brasileirao-copa-do-brasil-estaduais-veja-detalhes\/#primaryimage"},"thumbnailUrl":"https:\/\/noticiaempauta.com\/portal\/wp-content\/uploads\/2025\/10\/oGon2a593fqdZWGJ5XI7EVaOwDS49nO5gNRlZ0TL.webp","datePublished":"2025-10-01T22:22:50+00:00","dateModified":"2025-10-01T22:22:51+00:00","breadcrumb":{"@id":"https:\/\/noticiaempauta.com\/portal\/cbf-anuncia-mudancas-no-brasileirao-copa-do-brasil-estaduais-veja-detalhes\/#breadcrumb"},"inLanguage":"pt-BR","potentialAction":[{"@type":"ReadAction","target":["https:\/\/noticiaempauta.com\/portal\/cbf-anuncia-mudancas-no-brasileirao-copa-do-brasil-estaduais-veja-detalhes\/"]}]},{"@type":"ImageObject","inLanguage":"pt-BR","@id":"https:\/\/noticiaempauta.com\/portal\/cbf-anuncia-mudancas-no-brasileirao-copa-do-brasil-estaduais-veja-detalhes\/#primaryimage","url":"https:\/\/noticiaempauta.com\/portal\/wp-content\/uploads\/2025\/10\/oGon2a593fqdZWGJ5XI7EVaOwDS49nO5gNRlZ0TL.webp","contentUrl":"https:\/\/noticiaempauta.com\/portal\/wp-content\/uploads\/2025\/10\/oGon2a593fqdZWGJ5XI7EVaOwDS49nO5gNRlZ0TL.webp","width":800,"height":479},{"@type":"BreadcrumbList","@id":"https:\/\/noticiaempauta.com\/portal\/cbf-anuncia-mudancas-no-brasileirao-copa-do-brasil-estaduais-veja-detalhes\/#breadcrumb","itemListElement":[{"@type":"ListItem","position":1,"name":"P\u00e1gina Inicial","item":"https:\/\/noticiaempauta.com\/portal\/"},{"@type":"ListItem","position":2,"name":"Destaques","item":"https:\/\/noticiaempauta.com\/portal\/destaques-site\/"},{"@type":"ListItem","position":3,"name":"CBF anuncia mudan\u00e7as no Brasileir\u00e3o, Copa do Brasil, Estaduais; veja detalhes"}]},{"@type":"WebSite","@id":"https:\/\/noticiaempauta.com\/portal\/#website","url":"https:\/\/noticiaempauta.com\/portal\/","name":"Portal Not\u00edcia em Pauta","description":"Voc\u00ea bem informado","publisher":{"@id":"https:\/\/noticiaempauta.com\/portal\/#organization"},"potentialAction":[{"@type":"SearchAction","target":{"@type":"EntryPoint","urlTemplate":"https:\/\/noticiaempauta.com\/portal\/?s={search_term_string}"},"query-input":{"@type":"PropertyValueSpecification","valueRequired":true,"valueName":"search_term_string"}}],"inLanguage":"pt-BR"},{"@type":"Organization","@id":"https:\/\/noticiaempauta.com\/portal\/#organization","name":"Portal Not\u00edcia em Pauta","url":"https:\/\/noticiaempauta.com\/portal\/","logo":{"@type":"ImageObject","inLanguage":"pt-BR","@id":"https:\/\/noticiaempauta.com\/portal\/#\/schema\/logo\/image\/","url":"https:\/\/noticiaempauta.com\/portal\/wp-content\/uploads\/2022\/08\/logomarca_tema.fw_.png","contentUrl":"https:\/\/noticiaempauta.com\/portal\/wp-content\/uploads\/2022\/08\/logomarca_tema.fw_.png","width":400,"height":232,"caption":"Portal Not\u00edcia em Pauta"},"image":{"@id":"https:\/\/noticiaempauta.com\/portal\/#\/schema\/logo\/image\/"},"sameAs":["https:\/\/www.facebook.com\/Portal-Notcia-Em-Pauta-102292869264820\/","https:\/\/www.instagram.com\/portalnoticiaempauta\/"]},{"@type":"Person","@id":"https:\/\/noticiaempauta.com\/portal\/#\/schema\/person\/a74af43dd1ab3deca45f988c717d57ac","name":"Reda\u00e7\u00e3o","image":{"@type":"ImageObject","inLanguage":"pt-BR","@id":"https:\/\/noticiaempauta.com\/portal\/#\/schema\/person\/image\/","url":"https:\/\/secure.gravatar.com\/avatar\/03179346ecce6cdfc13361603e8f54242a90e5cde8618fa23c5c00aa2b0aadf3?s=96&d=mm&r=g","contentUrl":"https:\/\/secure.gravatar.com\/avatar\/03179346ecce6cdfc13361603e8f54242a90e5cde8618fa23c5c00aa2b0aadf3?s=96&d=mm&r=g","caption":"Reda\u00e7\u00e3o"},"sameAs":["https:\/\/noticiaempauta.com\/portal\/"],"url":"https:\/\/noticiaempauta.com\/portal\/author\/fernando\/"}]}},"_links":{"self":[{"href":"https:\/\/noticiaempauta.com\/portal\/wp-json\/wp\/v2\/posts\/278674","targetHints":{"allow":["GET"]}}],"collection":[{"href":"https:\/\/noticiaempauta.com\/portal\/wp-json\/wp\/v2\/posts"}],"about":[{"href":"https:\/\/noticiaempauta.com\/portal\/wp-json\/wp\/v2\/types\/post"}],"author":[{"embeddable":true,"href":"https:\/\/noticiaempauta.com\/portal\/wp-json\/wp\/v2\/users\/2"}],"replies":[{"embeddable":true,"href":"https:\/\/noticiaempauta.com\/portal\/wp-json\/wp\/v2\/comments?post=278674"}],"version-history":[{"count":2,"href":"https:\/\/noticiaempauta.com\/portal\/wp-json\/wp\/v2\/posts\/278674\/revisions"}],"predecessor-version":[{"id":278677,"href":"https:\/\/noticiaempauta.com\/portal\/wp-json\/wp\/v2\/posts\/278674\/revisions\/278677"}],"wp:featuredmedia":[{"embeddable":true,"href":"https:\/\/noticiaempauta.com\/portal\/wp-json\/wp\/v2\/media\/278675"}],"wp:attachment":[{"href":"https:\/\/noticiaempauta.com\/portal\/wp-json\/wp\/v2\/media?parent=278674"}],"wp:term":[{"taxonomy":"category","embeddable":true,"href":"https:\/\/noticiaempauta.com\/portal\/wp-json\/wp\/v2\/categories?post=278674"},{"taxonomy":"post_tag","embeddable":true,"href":"https:\/\/noticiaempauta.com\/portal\/wp-json\/wp\/v2\/tags?post=278674"}],"curies":[{"name":"wp","href":"https:\/\/api.w.org\/{rel}","templated":true}]}}