{"id":278703,"date":"2025-10-03T06:41:09","date_gmt":"2025-10-03T09:41:09","guid":{"rendered":"https:\/\/noticiaempauta.com\/portal\/?p=278703"},"modified":"2025-10-03T06:41:10","modified_gmt":"2025-10-03T09:41:10","slug":"stj-afasta-desembargador-do-tj-pi-apos-investigacao-da-pf","status":"publish","type":"post","link":"https:\/\/noticiaempauta.com\/portal\/stj-afasta-desembargador-do-tj-pi-apos-investigacao-da-pf\/","title":{"rendered":"STJ afasta desembargador do TJ-PI ap\u00f3s investiga\u00e7\u00e3o da PF"},"content":{"rendered":"\n<p>O ministro do STJ (Superior Tribunal de Justi\u00e7a), Sebasti\u00e3o Reis J\u00fanior, determinou o afastamento do desembargador do Tribunal de Justi\u00e7a do Piau\u00ed, Jos\u00e9 James Gomes Pereira, alvo da opera\u00e7\u00e3o da PF realizada na manh\u00e3 de hoje (2). Na decis\u00e3o, o ministro determina que o<strong>&nbsp;magistrado fique afastado por pelo menos um ano do TJ, durante as investiga\u00e7\u00f5es da PF.<\/strong>&nbsp;O desembargador \u00e9 suspeito de participar de grilagem de terras e venda de senten\u00e7a.<\/p>\n\n\n\n<figure class=\"wp-block-image size-large\"><img fetchpriority=\"high\" decoding=\"async\" width=\"1024\" height=\"682\" src=\"https:\/\/noticiaempauta.com\/portal\/wp-content\/uploads\/2025\/10\/tribunal-justica-piaui-tjpi_1-1024x682.jpeg\" alt=\"\" class=\"wp-image-278705\" srcset=\"https:\/\/noticiaempauta.com\/portal\/wp-content\/uploads\/2025\/10\/tribunal-justica-piaui-tjpi_1-1024x682.jpeg 1024w, https:\/\/noticiaempauta.com\/portal\/wp-content\/uploads\/2025\/10\/tribunal-justica-piaui-tjpi_1-300x200.jpeg 300w, https:\/\/noticiaempauta.com\/portal\/wp-content\/uploads\/2025\/10\/tribunal-justica-piaui-tjpi_1-768x512.jpeg 768w, https:\/\/noticiaempauta.com\/portal\/wp-content\/uploads\/2025\/10\/tribunal-justica-piaui-tjpi_1-1536x1023.jpeg 1536w, https:\/\/noticiaempauta.com\/portal\/wp-content\/uploads\/2025\/10\/tribunal-justica-piaui-tjpi_1.jpeg 1600w\" sizes=\"(max-width: 1024px) 100vw, 1024px\" \/><figcaption class=\"wp-element-caption\"><em>Foto: Renato Andrade\/Cidadeverde.com<\/em><\/figcaption><\/figure>\n\n\n\n<p>O TJ enviou nota de esclarecimento onde diz: &#8220;O Tribunal de Justi\u00e7a do Piau\u00ed, em seu compromisso com a legalidade, transpar\u00eancia e respeito \u00e0s institui\u00e7\u00f5es, assegurou o cumprimento de todas as medidas&#8221;.\u00a0<em>(Confira a nota completa no final da reportagem)<\/em><\/p>\n\n\n\n<p>Dois advogados \u2013 Germano Coelho Silva Barbosa e Juarez Chaves de Azevedo J\u00fanior \u2013 est\u00e3o sendo investigados pela PF e seus escrit\u00f3rios tiveram busca e apreens\u00e3o determinado pelo STJ. A decis\u00e3o do ministro Sebasti\u00e3o Reis ordena que os agentes\u00a0apreendam documentos, telefones, computadores e agendas.\u00a0A busca \u00e9 tamb\u00e9m por documentos de transfer\u00eancias banc\u00e1rias.<\/p>\n\n\n\n<p>Os advogados tamb\u00e9m est\u00e3o sendo investigados pela Pol\u00edcia Civil suspeitos de produzirem\u00a0dossi\u00eas falsos para intimidar desembargadores\u00a0do Tribunal de Justi\u00e7a do Piau\u00ed.\u00a0<\/p>\n\n\n\n<p>Durante depoimento \u00e0 Pol\u00edcia Civil, um desembargador relatou que um dos advogados, alvo da opera\u00e7\u00e3o, chegou a entregar um dossi\u00ea na mesa dele, em uma tentativa de coa\u00e7\u00e3o e intimida\u00e7\u00e3o. O desembargador contou que o crime aconteceu um dia antes dele julgar uma apela\u00e7\u00e3o em que o advogado era parte sobre quest\u00f5es agr\u00e1rias.&nbsp;&nbsp;<\/p>\n\n\n\n<p>O advogado Germano Coelho enviou nota ao&nbsp;<strong>Cidadeverde.com<\/strong>&nbsp;informando que &#8220;<em>recebeu com tranquilidade a atua\u00e7\u00e3o das autoridades e est\u00e1 colaborando integralmente com todas as dilig\u00eancias determinadas pela Justi\u00e7a. O advogado reitera sua confian\u00e7a nas institui\u00e7\u00f5es e esclarece que n\u00e3o \u00e9 alvo de nenhuma acusa\u00e7\u00e3o formal, estando \u00e0 disposi\u00e7\u00e3o para prestar quaisquer esclarecimentos necess\u00e1rios. Com trajet\u00f3ria p\u00fablica reconhecida no setor produtivo e atua\u00e7\u00e3o profissional pautada pela legalidade e transpar\u00eancia, Germano Coelho refor\u00e7a que tem plena convic\u00e7\u00e3o de que todos os fatos ser\u00e3o devidamente esclarecidos no curso regular das investiga\u00e7\u00f5es&#8221;<\/em>.<\/p>\n\n\n\n<p>O&nbsp;<strong>Cidadeverde.com&nbsp;<\/strong>tamb\u00e9m tentou contato com o outro advogado, mas n\u00e3o obteve resposta. O espa\u00e7o segue aberto para os esclarecimentos.&nbsp;&nbsp;<\/p>\n\n\n\n<h2 class=\"wp-block-heading\"><strong>Entenda o caso<\/strong><\/h2>\n\n\n\n<p>O desembargador do Tribunal de Justi\u00e7a do Piau\u00ed e mais tr\u00eas advogados est\u00e3o sendo alvos de uma opera\u00e7\u00e3o da Pol\u00edcia Federal nesta manh\u00e3. Os agentes da PF estiveram no gabinete do desembargador Jos\u00e9 James Gomes Pereira na sede do Tribunal de Justi\u00e7a.<\/p>\n\n\n\n<p><strong>As buscas e apreens\u00f5es foram autorizadas pelo ministro do STJ (Superior Tribunal de Justi\u00e7a), Sebasti\u00e3o Reis J\u00fanior. A investiga\u00e7\u00e3o corre em segredo de justi\u00e7a.&nbsp;<\/strong><\/p>\n\n\n\n<p>A opera\u00e7\u00e3o tamb\u00e9m fez buscas por provas nas resid\u00eancias e escrit\u00f3rios do desembargador e dos advogados em Teresina e fora do estado. Entre os alvos est\u00e1 a filha do desembargador que \u00e9 advogada.<\/p>\n\n\n\n<p><strong>A Pol\u00edcia Federal informou que n\u00e3o dar\u00e1 entrevista sobre opera\u00e7\u00e3o porque corre em segredo de justi\u00e7a.<\/strong><\/p>\n\n\n\n<h2 class=\"wp-block-heading\"><strong>Entidades se manifestam<\/strong><\/h2>\n\n\n\n<h2 class=\"wp-block-heading\"><strong>Veja nota de esclarecimento do TJ\/PI<\/strong><\/h2>\n\n\n\n<blockquote class=\"wp-block-quote is-layout-flow wp-block-quote-is-layout-flow\">\n<p>O Poder Judici\u00e1rio do Piau\u00ed informa que recebeu comunica\u00e7\u00e3o oficial acerca da decis\u00e3o do Superior Tribunal de Justi\u00e7a (STJ), proferida pelo Ministro Sebasti\u00e3o Reis J\u00fanior, que aplicou medidas cautelares a membro desta Corte.<\/p>\n\n\n\n<p>O Tribunal de Justi\u00e7a do Piau\u00ed, em seu compromisso com a legalidade, transpar\u00eancia e respeito \u00e0s institui\u00e7\u00f5es assegurou o cumprimento de todas as medidas.<\/p>\n\n\n\n<p>Os servi\u00e7os judici\u00e1rios n\u00e3o ser\u00e3o afetados e o TJPI segue na miss\u00e3o constitucional de garantir o pleno acesso \u00e0 Justi\u00e7a e a confian\u00e7a da sociedade piauiense em suas institui\u00e7\u00f5es.<\/p>\n\n\n\n<h2 class=\"wp-block-heading\"><strong>AMAPI<\/strong><\/h2>\n\n\n\n<p>A Associa\u00e7\u00e3o dos Magistrados Piauienses (AMAPI) informa que acompanha atentamente as informa\u00e7\u00f5es veiculadas pela imprensa acerca da opera\u00e7\u00e3o da Pol\u00edcia Federal em Teresina, determinada pelo Superior Tribunal de Justi\u00e7a (STJ).<\/p>\n\n\n\n<blockquote class=\"wp-block-quote is-layout-flow wp-block-quote-is-layout-flow\">\n<p>&#8220;At\u00e9 o presente momento, a entidade n\u00e3o recebeu comunica\u00e7\u00e3o oficial sobre os fatos e, portanto, n\u00e3o disp\u00f5e de elementos que permitam um posicionamento detalhado. A AMAPI destaca, contudo, que sua assessoria jur\u00eddica est\u00e1 prestando a devida assist\u00eancia ao desembargador citado, que em breve ter\u00e1 a oportunidade de esclarecer os acontecimentos, com a plena observ\u00e2ncia do devido processo legal e do direito \u00e0 ampla defesa&#8221;, informa em nota enviada ao Cidadeverde.com.<\/p>\n\n\n\n<p><strong>OAB-PI<\/strong><\/p>\n\n\n\n<figure class=\"wp-block-image size-large\"><img decoding=\"async\" width=\"823\" height=\"1024\" src=\"https:\/\/noticiaempauta.com\/portal\/wp-content\/uploads\/2025\/10\/oab1-823x1024.jpg\" alt=\"\" class=\"wp-image-278704\" srcset=\"https:\/\/noticiaempauta.com\/portal\/wp-content\/uploads\/2025\/10\/oab1-823x1024.jpg 823w, https:\/\/noticiaempauta.com\/portal\/wp-content\/uploads\/2025\/10\/oab1-241x300.jpg 241w, https:\/\/noticiaempauta.com\/portal\/wp-content\/uploads\/2025\/10\/oab1-768x956.jpg 768w, https:\/\/noticiaempauta.com\/portal\/wp-content\/uploads\/2025\/10\/oab1-1235x1536.jpg 1235w, https:\/\/noticiaempauta.com\/portal\/wp-content\/uploads\/2025\/10\/oab1.jpg 1286w\" sizes=\"(max-width: 823px) 100vw, 823px\" \/><\/figure>\n<\/blockquote>\n<\/blockquote>\n\n\n\n<p>Fonte: Cidade Verde<\/p>\n","protected":false},"excerpt":{"rendered":"<p>O ministro do STJ (Superior Tribunal de Justi\u00e7a), Sebasti\u00e3o Reis J\u00fanior, determinou o afastamento do desembargador do Tribunal de Justi\u00e7a do Piau\u00ed, Jos\u00e9 James Gomes Pereira, alvo da opera\u00e7\u00e3o da PF realizada na manh\u00e3 de hoje (2). Na decis\u00e3o, o ministro determina que o&nbsp;magistrado fique afastado por pelo menos um ano do TJ, durante as [&hellip;]<\/p>\n","protected":false},"author":2,"featured_media":278705,"comment_status":"open","ping_status":"open","sticky":false,"template":"","format":"standard","meta":{"_mi_skip_tracking":false,"footnotes":""},"categories":[25,1,16],"tags":[192],"class_list":["post-278703","post","type-post","status-publish","format-standard","has-post-thumbnail","hentry","category-destaques-site","category-geral","category-todas","tag-destaqueprincipal"],"acf":[],"yoast_head":"<!-- This site is optimized with the Yoast SEO Premium plugin v19.2 (Yoast SEO v26.9) - https:\/\/yoast.com\/product\/yoast-seo-premium-wordpress\/ -->\n<title>STJ afasta desembargador do TJ-PI ap\u00f3s investiga\u00e7\u00e3o da PF - Portal Not\u00edcia em Pauta<\/title>\n<meta name=\"robots\" content=\"index, follow, max-snippet:-1, max-image-preview:large, max-video-preview:-1\" \/>\n<link rel=\"canonical\" href=\"https:\/\/noticiaempauta.com\/portal\/stj-afasta-desembargador-do-tj-pi-apos-investigacao-da-pf\/\" \/>\n<meta property=\"og:locale\" content=\"pt_BR\" \/>\n<meta property=\"og:type\" content=\"article\" \/>\n<meta property=\"og:title\" content=\"STJ afasta desembargador do TJ-PI ap\u00f3s investiga\u00e7\u00e3o da PF\" \/>\n<meta property=\"og:description\" content=\"O ministro do STJ (Superior Tribunal de Justi\u00e7a), Sebasti\u00e3o Reis J\u00fanior, determinou o afastamento do desembargador do Tribunal de Justi\u00e7a do Piau\u00ed, Jos\u00e9 James Gomes Pereira, alvo da opera\u00e7\u00e3o da PF realizada na manh\u00e3 de hoje (2). Na decis\u00e3o, o ministro determina que o&nbsp;magistrado fique afastado por pelo menos um ano do TJ, durante as [&hellip;]\" \/>\n<meta property=\"og:url\" content=\"https:\/\/noticiaempauta.com\/portal\/stj-afasta-desembargador-do-tj-pi-apos-investigacao-da-pf\/\" \/>\n<meta property=\"og:site_name\" content=\"Portal Not\u00edcia em Pauta\" \/>\n<meta property=\"article:publisher\" content=\"https:\/\/www.facebook.com\/Portal-Notcia-Em-Pauta-102292869264820\/\" \/>\n<meta property=\"article:published_time\" content=\"2025-10-03T09:41:09+00:00\" \/>\n<meta property=\"article:modified_time\" content=\"2025-10-03T09:41:10+00:00\" \/>\n<meta property=\"og:image\" content=\"https:\/\/noticiaempauta.com\/portal\/wp-content\/uploads\/2025\/10\/tribunal-justica-piaui-tjpi_1.jpeg\" \/>\n\t<meta property=\"og:image:width\" content=\"1600\" \/>\n\t<meta property=\"og:image:height\" content=\"1066\" \/>\n\t<meta property=\"og:image:type\" content=\"image\/jpeg\" \/>\n<meta name=\"author\" content=\"Reda\u00e7\u00e3o\" \/>\n<meta name=\"twitter:card\" content=\"summary_large_image\" \/>\n<meta name=\"twitter:label1\" content=\"Escrito por\" \/>\n\t<meta name=\"twitter:data1\" content=\"Reda\u00e7\u00e3o\" \/>\n\t<meta name=\"twitter:label2\" content=\"Est. tempo de leitura\" \/>\n\t<meta name=\"twitter:data2\" content=\"4 minutos\" \/>\n<script type=\"application\/ld+json\" class=\"yoast-schema-graph\">{\"@context\":\"https:\/\/schema.org\",\"@graph\":[{\"@type\":\"Article\",\"@id\":\"https:\/\/noticiaempauta.com\/portal\/stj-afasta-desembargador-do-tj-pi-apos-investigacao-da-pf\/#article\",\"isPartOf\":{\"@id\":\"https:\/\/noticiaempauta.com\/portal\/stj-afasta-desembargador-do-tj-pi-apos-investigacao-da-pf\/\"},\"author\":{\"name\":\"Reda\u00e7\u00e3o\",\"@id\":\"https:\/\/noticiaempauta.com\/portal\/#\/schema\/person\/a74af43dd1ab3deca45f988c717d57ac\"},\"headline\":\"STJ afasta desembargador do TJ-PI ap\u00f3s investiga\u00e7\u00e3o da PF\",\"datePublished\":\"2025-10-03T09:41:09+00:00\",\"dateModified\":\"2025-10-03T09:41:10+00:00\",\"mainEntityOfPage\":{\"@id\":\"https:\/\/noticiaempauta.com\/portal\/stj-afasta-desembargador-do-tj-pi-apos-investigacao-da-pf\/\"},\"wordCount\":790,\"commentCount\":0,\"publisher\":{\"@id\":\"https:\/\/noticiaempauta.com\/portal\/#organization\"},\"image\":{\"@id\":\"https:\/\/noticiaempauta.com\/portal\/stj-afasta-desembargador-do-tj-pi-apos-investigacao-da-pf\/#primaryimage\"},\"thumbnailUrl\":\"https:\/\/noticiaempauta.com\/portal\/wp-content\/uploads\/2025\/10\/tribunal-justica-piaui-tjpi_1.jpeg\",\"keywords\":[\"destaqueprincipal\"],\"articleSection\":[\"Destaques\",\"Geral\",\"Todas as Not\u00edcias\"],\"inLanguage\":\"pt-BR\",\"potentialAction\":[{\"@type\":\"CommentAction\",\"name\":\"Comment\",\"target\":[\"https:\/\/noticiaempauta.com\/portal\/stj-afasta-desembargador-do-tj-pi-apos-investigacao-da-pf\/#respond\"]}]},{\"@type\":\"WebPage\",\"@id\":\"https:\/\/noticiaempauta.com\/portal\/stj-afasta-desembargador-do-tj-pi-apos-investigacao-da-pf\/\",\"url\":\"https:\/\/noticiaempauta.com\/portal\/stj-afasta-desembargador-do-tj-pi-apos-investigacao-da-pf\/\",\"name\":\"STJ afasta desembargador do TJ-PI ap\u00f3s investiga\u00e7\u00e3o da PF - Portal Not\u00edcia em Pauta\",\"isPartOf\":{\"@id\":\"https:\/\/noticiaempauta.com\/portal\/#website\"},\"primaryImageOfPage\":{\"@id\":\"https:\/\/noticiaempauta.com\/portal\/stj-afasta-desembargador-do-tj-pi-apos-investigacao-da-pf\/#primaryimage\"},\"image\":{\"@id\":\"https:\/\/noticiaempauta.com\/portal\/stj-afasta-desembargador-do-tj-pi-apos-investigacao-da-pf\/#primaryimage\"},\"thumbnailUrl\":\"https:\/\/noticiaempauta.com\/portal\/wp-content\/uploads\/2025\/10\/tribunal-justica-piaui-tjpi_1.jpeg\",\"datePublished\":\"2025-10-03T09:41:09+00:00\",\"dateModified\":\"2025-10-03T09:41:10+00:00\",\"breadcrumb\":{\"@id\":\"https:\/\/noticiaempauta.com\/portal\/stj-afasta-desembargador-do-tj-pi-apos-investigacao-da-pf\/#breadcrumb\"},\"inLanguage\":\"pt-BR\",\"potentialAction\":[{\"@type\":\"ReadAction\",\"target\":[\"https:\/\/noticiaempauta.com\/portal\/stj-afasta-desembargador-do-tj-pi-apos-investigacao-da-pf\/\"]}]},{\"@type\":\"ImageObject\",\"inLanguage\":\"pt-BR\",\"@id\":\"https:\/\/noticiaempauta.com\/portal\/stj-afasta-desembargador-do-tj-pi-apos-investigacao-da-pf\/#primaryimage\",\"url\":\"https:\/\/noticiaempauta.com\/portal\/wp-content\/uploads\/2025\/10\/tribunal-justica-piaui-tjpi_1.jpeg\",\"contentUrl\":\"https:\/\/noticiaempauta.com\/portal\/wp-content\/uploads\/2025\/10\/tribunal-justica-piaui-tjpi_1.jpeg\",\"width\":1600,\"height\":1066},{\"@type\":\"BreadcrumbList\",\"@id\":\"https:\/\/noticiaempauta.com\/portal\/stj-afasta-desembargador-do-tj-pi-apos-investigacao-da-pf\/#breadcrumb\",\"itemListElement\":[{\"@type\":\"ListItem\",\"position\":1,\"name\":\"P\u00e1gina Inicial\",\"item\":\"https:\/\/noticiaempauta.com\/portal\/\"},{\"@type\":\"ListItem\",\"position\":2,\"name\":\"Destaques\",\"item\":\"https:\/\/noticiaempauta.com\/portal\/destaques-site\/\"},{\"@type\":\"ListItem\",\"position\":3,\"name\":\"STJ afasta desembargador do TJ-PI ap\u00f3s investiga\u00e7\u00e3o da PF\"}]},{\"@type\":\"WebSite\",\"@id\":\"https:\/\/noticiaempauta.com\/portal\/#website\",\"url\":\"https:\/\/noticiaempauta.com\/portal\/\",\"name\":\"Portal Not\u00edcia em Pauta\",\"description\":\"Voc\u00ea bem informado\",\"publisher\":{\"@id\":\"https:\/\/noticiaempauta.com\/portal\/#organization\"},\"potentialAction\":[{\"@type\":\"SearchAction\",\"target\":{\"@type\":\"EntryPoint\",\"urlTemplate\":\"https:\/\/noticiaempauta.com\/portal\/?s={search_term_string}\"},\"query-input\":{\"@type\":\"PropertyValueSpecification\",\"valueRequired\":true,\"valueName\":\"search_term_string\"}}],\"inLanguage\":\"pt-BR\"},{\"@type\":\"Organization\",\"@id\":\"https:\/\/noticiaempauta.com\/portal\/#organization\",\"name\":\"Portal Not\u00edcia em Pauta\",\"url\":\"https:\/\/noticiaempauta.com\/portal\/\",\"logo\":{\"@type\":\"ImageObject\",\"inLanguage\":\"pt-BR\",\"@id\":\"https:\/\/noticiaempauta.com\/portal\/#\/schema\/logo\/image\/\",\"url\":\"https:\/\/noticiaempauta.com\/portal\/wp-content\/uploads\/2022\/08\/logomarca_tema.fw_.png\",\"contentUrl\":\"https:\/\/noticiaempauta.com\/portal\/wp-content\/uploads\/2022\/08\/logomarca_tema.fw_.png\",\"width\":400,\"height\":232,\"caption\":\"Portal Not\u00edcia em Pauta\"},\"image\":{\"@id\":\"https:\/\/noticiaempauta.com\/portal\/#\/schema\/logo\/image\/\"},\"sameAs\":[\"https:\/\/www.facebook.com\/Portal-Notcia-Em-Pauta-102292869264820\/\",\"https:\/\/www.instagram.com\/portalnoticiaempauta\/\"]},{\"@type\":\"Person\",\"@id\":\"https:\/\/noticiaempauta.com\/portal\/#\/schema\/person\/a74af43dd1ab3deca45f988c717d57ac\",\"name\":\"Reda\u00e7\u00e3o\",\"image\":{\"@type\":\"ImageObject\",\"inLanguage\":\"pt-BR\",\"@id\":\"https:\/\/noticiaempauta.com\/portal\/#\/schema\/person\/image\/\",\"url\":\"https:\/\/secure.gravatar.com\/avatar\/03179346ecce6cdfc13361603e8f54242a90e5cde8618fa23c5c00aa2b0aadf3?s=96&d=mm&r=g\",\"contentUrl\":\"https:\/\/secure.gravatar.com\/avatar\/03179346ecce6cdfc13361603e8f54242a90e5cde8618fa23c5c00aa2b0aadf3?s=96&d=mm&r=g\",\"caption\":\"Reda\u00e7\u00e3o\"},\"sameAs\":[\"https:\/\/noticiaempauta.com\/portal\/\"],\"url\":\"https:\/\/noticiaempauta.com\/portal\/author\/fernando\/\"}]}<\/script>\n<!-- \/ Yoast SEO Premium plugin. -->","yoast_head_json":{"title":"STJ afasta desembargador do TJ-PI ap\u00f3s investiga\u00e7\u00e3o da PF - Portal Not\u00edcia em Pauta","robots":{"index":"index","follow":"follow","max-snippet":"max-snippet:-1","max-image-preview":"max-image-preview:large","max-video-preview":"max-video-preview:-1"},"canonical":"https:\/\/noticiaempauta.com\/portal\/stj-afasta-desembargador-do-tj-pi-apos-investigacao-da-pf\/","og_locale":"pt_BR","og_type":"article","og_title":"STJ afasta desembargador do TJ-PI ap\u00f3s investiga\u00e7\u00e3o da PF","og_description":"O ministro do STJ (Superior Tribunal de Justi\u00e7a), Sebasti\u00e3o Reis J\u00fanior, determinou o afastamento do desembargador do Tribunal de Justi\u00e7a do Piau\u00ed, Jos\u00e9 James Gomes Pereira, alvo da opera\u00e7\u00e3o da PF realizada na manh\u00e3 de hoje (2). Na decis\u00e3o, o ministro determina que o&nbsp;magistrado fique afastado por pelo menos um ano do TJ, durante as [&hellip;]","og_url":"https:\/\/noticiaempauta.com\/portal\/stj-afasta-desembargador-do-tj-pi-apos-investigacao-da-pf\/","og_site_name":"Portal Not\u00edcia em Pauta","article_publisher":"https:\/\/www.facebook.com\/Portal-Notcia-Em-Pauta-102292869264820\/","article_published_time":"2025-10-03T09:41:09+00:00","article_modified_time":"2025-10-03T09:41:10+00:00","og_image":[{"width":1600,"height":1066,"url":"https:\/\/noticiaempauta.com\/portal\/wp-content\/uploads\/2025\/10\/tribunal-justica-piaui-tjpi_1.jpeg","type":"image\/jpeg"}],"author":"Reda\u00e7\u00e3o","twitter_card":"summary_large_image","twitter_misc":{"Escrito por":"Reda\u00e7\u00e3o","Est. tempo de leitura":"4 minutos"},"schema":{"@context":"https:\/\/schema.org","@graph":[{"@type":"Article","@id":"https:\/\/noticiaempauta.com\/portal\/stj-afasta-desembargador-do-tj-pi-apos-investigacao-da-pf\/#article","isPartOf":{"@id":"https:\/\/noticiaempauta.com\/portal\/stj-afasta-desembargador-do-tj-pi-apos-investigacao-da-pf\/"},"author":{"name":"Reda\u00e7\u00e3o","@id":"https:\/\/noticiaempauta.com\/portal\/#\/schema\/person\/a74af43dd1ab3deca45f988c717d57ac"},"headline":"STJ afasta desembargador do TJ-PI ap\u00f3s investiga\u00e7\u00e3o da PF","datePublished":"2025-10-03T09:41:09+00:00","dateModified":"2025-10-03T09:41:10+00:00","mainEntityOfPage":{"@id":"https:\/\/noticiaempauta.com\/portal\/stj-afasta-desembargador-do-tj-pi-apos-investigacao-da-pf\/"},"wordCount":790,"commentCount":0,"publisher":{"@id":"https:\/\/noticiaempauta.com\/portal\/#organization"},"image":{"@id":"https:\/\/noticiaempauta.com\/portal\/stj-afasta-desembargador-do-tj-pi-apos-investigacao-da-pf\/#primaryimage"},"thumbnailUrl":"https:\/\/noticiaempauta.com\/portal\/wp-content\/uploads\/2025\/10\/tribunal-justica-piaui-tjpi_1.jpeg","keywords":["destaqueprincipal"],"articleSection":["Destaques","Geral","Todas as Not\u00edcias"],"inLanguage":"pt-BR","potentialAction":[{"@type":"CommentAction","name":"Comment","target":["https:\/\/noticiaempauta.com\/portal\/stj-afasta-desembargador-do-tj-pi-apos-investigacao-da-pf\/#respond"]}]},{"@type":"WebPage","@id":"https:\/\/noticiaempauta.com\/portal\/stj-afasta-desembargador-do-tj-pi-apos-investigacao-da-pf\/","url":"https:\/\/noticiaempauta.com\/portal\/stj-afasta-desembargador-do-tj-pi-apos-investigacao-da-pf\/","name":"STJ afasta desembargador do TJ-PI ap\u00f3s investiga\u00e7\u00e3o da PF - Portal Not\u00edcia em Pauta","isPartOf":{"@id":"https:\/\/noticiaempauta.com\/portal\/#website"},"primaryImageOfPage":{"@id":"https:\/\/noticiaempauta.com\/portal\/stj-afasta-desembargador-do-tj-pi-apos-investigacao-da-pf\/#primaryimage"},"image":{"@id":"https:\/\/noticiaempauta.com\/portal\/stj-afasta-desembargador-do-tj-pi-apos-investigacao-da-pf\/#primaryimage"},"thumbnailUrl":"https:\/\/noticiaempauta.com\/portal\/wp-content\/uploads\/2025\/10\/tribunal-justica-piaui-tjpi_1.jpeg","datePublished":"2025-10-03T09:41:09+00:00","dateModified":"2025-10-03T09:41:10+00:00","breadcrumb":{"@id":"https:\/\/noticiaempauta.com\/portal\/stj-afasta-desembargador-do-tj-pi-apos-investigacao-da-pf\/#breadcrumb"},"inLanguage":"pt-BR","potentialAction":[{"@type":"ReadAction","target":["https:\/\/noticiaempauta.com\/portal\/stj-afasta-desembargador-do-tj-pi-apos-investigacao-da-pf\/"]}]},{"@type":"ImageObject","inLanguage":"pt-BR","@id":"https:\/\/noticiaempauta.com\/portal\/stj-afasta-desembargador-do-tj-pi-apos-investigacao-da-pf\/#primaryimage","url":"https:\/\/noticiaempauta.com\/portal\/wp-content\/uploads\/2025\/10\/tribunal-justica-piaui-tjpi_1.jpeg","contentUrl":"https:\/\/noticiaempauta.com\/portal\/wp-content\/uploads\/2025\/10\/tribunal-justica-piaui-tjpi_1.jpeg","width":1600,"height":1066},{"@type":"BreadcrumbList","@id":"https:\/\/noticiaempauta.com\/portal\/stj-afasta-desembargador-do-tj-pi-apos-investigacao-da-pf\/#breadcrumb","itemListElement":[{"@type":"ListItem","position":1,"name":"P\u00e1gina Inicial","item":"https:\/\/noticiaempauta.com\/portal\/"},{"@type":"ListItem","position":2,"name":"Destaques","item":"https:\/\/noticiaempauta.com\/portal\/destaques-site\/"},{"@type":"ListItem","position":3,"name":"STJ afasta desembargador do TJ-PI ap\u00f3s investiga\u00e7\u00e3o da PF"}]},{"@type":"WebSite","@id":"https:\/\/noticiaempauta.com\/portal\/#website","url":"https:\/\/noticiaempauta.com\/portal\/","name":"Portal Not\u00edcia em Pauta","description":"Voc\u00ea bem informado","publisher":{"@id":"https:\/\/noticiaempauta.com\/portal\/#organization"},"potentialAction":[{"@type":"SearchAction","target":{"@type":"EntryPoint","urlTemplate":"https:\/\/noticiaempauta.com\/portal\/?s={search_term_string}"},"query-input":{"@type":"PropertyValueSpecification","valueRequired":true,"valueName":"search_term_string"}}],"inLanguage":"pt-BR"},{"@type":"Organization","@id":"https:\/\/noticiaempauta.com\/portal\/#organization","name":"Portal Not\u00edcia em Pauta","url":"https:\/\/noticiaempauta.com\/portal\/","logo":{"@type":"ImageObject","inLanguage":"pt-BR","@id":"https:\/\/noticiaempauta.com\/portal\/#\/schema\/logo\/image\/","url":"https:\/\/noticiaempauta.com\/portal\/wp-content\/uploads\/2022\/08\/logomarca_tema.fw_.png","contentUrl":"https:\/\/noticiaempauta.com\/portal\/wp-content\/uploads\/2022\/08\/logomarca_tema.fw_.png","width":400,"height":232,"caption":"Portal Not\u00edcia em Pauta"},"image":{"@id":"https:\/\/noticiaempauta.com\/portal\/#\/schema\/logo\/image\/"},"sameAs":["https:\/\/www.facebook.com\/Portal-Notcia-Em-Pauta-102292869264820\/","https:\/\/www.instagram.com\/portalnoticiaempauta\/"]},{"@type":"Person","@id":"https:\/\/noticiaempauta.com\/portal\/#\/schema\/person\/a74af43dd1ab3deca45f988c717d57ac","name":"Reda\u00e7\u00e3o","image":{"@type":"ImageObject","inLanguage":"pt-BR","@id":"https:\/\/noticiaempauta.com\/portal\/#\/schema\/person\/image\/","url":"https:\/\/secure.gravatar.com\/avatar\/03179346ecce6cdfc13361603e8f54242a90e5cde8618fa23c5c00aa2b0aadf3?s=96&d=mm&r=g","contentUrl":"https:\/\/secure.gravatar.com\/avatar\/03179346ecce6cdfc13361603e8f54242a90e5cde8618fa23c5c00aa2b0aadf3?s=96&d=mm&r=g","caption":"Reda\u00e7\u00e3o"},"sameAs":["https:\/\/noticiaempauta.com\/portal\/"],"url":"https:\/\/noticiaempauta.com\/portal\/author\/fernando\/"}]}},"_links":{"self":[{"href":"https:\/\/noticiaempauta.com\/portal\/wp-json\/wp\/v2\/posts\/278703","targetHints":{"allow":["GET"]}}],"collection":[{"href":"https:\/\/noticiaempauta.com\/portal\/wp-json\/wp\/v2\/posts"}],"about":[{"href":"https:\/\/noticiaempauta.com\/portal\/wp-json\/wp\/v2\/types\/post"}],"author":[{"embeddable":true,"href":"https:\/\/noticiaempauta.com\/portal\/wp-json\/wp\/v2\/users\/2"}],"replies":[{"embeddable":true,"href":"https:\/\/noticiaempauta.com\/portal\/wp-json\/wp\/v2\/comments?post=278703"}],"version-history":[{"count":2,"href":"https:\/\/noticiaempauta.com\/portal\/wp-json\/wp\/v2\/posts\/278703\/revisions"}],"predecessor-version":[{"id":278707,"href":"https:\/\/noticiaempauta.com\/portal\/wp-json\/wp\/v2\/posts\/278703\/revisions\/278707"}],"wp:featuredmedia":[{"embeddable":true,"href":"https:\/\/noticiaempauta.com\/portal\/wp-json\/wp\/v2\/media\/278705"}],"wp:attachment":[{"href":"https:\/\/noticiaempauta.com\/portal\/wp-json\/wp\/v2\/media?parent=278703"}],"wp:term":[{"taxonomy":"category","embeddable":true,"href":"https:\/\/noticiaempauta.com\/portal\/wp-json\/wp\/v2\/categories?post=278703"},{"taxonomy":"post_tag","embeddable":true,"href":"https:\/\/noticiaempauta.com\/portal\/wp-json\/wp\/v2\/tags?post=278703"}],"curies":[{"name":"wp","href":"https:\/\/api.w.org\/{rel}","templated":true}]}}