{"id":278803,"date":"2025-10-05T07:52:10","date_gmt":"2025-10-05T10:52:10","guid":{"rendered":"https:\/\/noticiaempauta.com\/portal\/?p=278803"},"modified":"2025-10-05T07:52:11","modified_gmt":"2025-10-05T10:52:11","slug":"prefeitos-alertam-para-isencao-do-imposto-de-renda-que-impactara-em-r-200-milhoes-o-piaui","status":"publish","type":"post","link":"https:\/\/noticiaempauta.com\/portal\/prefeitos-alertam-para-isencao-do-imposto-de-renda-que-impactara-em-r-200-milhoes-o-piaui\/","title":{"rendered":"Prefeitos alertam para isen\u00e7\u00e3o do Imposto de Renda que impactar\u00e1 em R$ 200 milh\u00f5es o Piau\u00ed"},"content":{"rendered":"\n<p>O Projeto de Lei 1087\/2025, aprovado por unanimidade na\u00a0C\u00e2mara dos Deputados\u00a0na \u00faltima quarta-feira (01) amplia a faixa de isen\u00e7\u00e3o do\u00a0Imposto de Renda\u00a0para quem ganha at\u00e9 R$ 5 mil mensais. A proposta segue agora para o\u00a0Senado, mas j\u00e1 preocupa prefeitos do Piau\u00ed diante das perdas previstas na arrecada\u00e7\u00e3o municipal.<\/p>\n\n\n\n<figure class=\"wp-block-image size-large\"><img fetchpriority=\"high\" decoding=\"async\" width=\"1024\" height=\"683\" src=\"https:\/\/noticiaempauta.com\/portal\/wp-content\/uploads\/2025\/10\/WhatsApp_Image_2023-08-29_at_09_38_16-1024x683.jpeg\" alt=\"\" class=\"wp-image-278804\" srcset=\"https:\/\/noticiaempauta.com\/portal\/wp-content\/uploads\/2025\/10\/WhatsApp_Image_2023-08-29_at_09_38_16-1024x683.jpeg 1024w, https:\/\/noticiaempauta.com\/portal\/wp-content\/uploads\/2025\/10\/WhatsApp_Image_2023-08-29_at_09_38_16-300x200.jpeg 300w, https:\/\/noticiaempauta.com\/portal\/wp-content\/uploads\/2025\/10\/WhatsApp_Image_2023-08-29_at_09_38_16-768x512.jpeg 768w, https:\/\/noticiaempauta.com\/portal\/wp-content\/uploads\/2025\/10\/WhatsApp_Image_2023-08-29_at_09_38_16.jpeg 1221w\" sizes=\"(max-width: 1024px) 100vw, 1024px\" \/><figcaption class=\"wp-element-caption\"><em>Foto: Renato Andrade\/ Cidade Verde<\/em><\/figcaption><\/figure>\n\n\n\n<p>De acordo com levantamento da\u00a0Confedera\u00e7\u00e3o Nacional de Munic\u00edpios (CNM), as cidades piauienses podem perder R$ 242,3 milh\u00f5es ao ano. Desse total, R$ 182,8 milh\u00f5es correspondem \u00e0 queda no\u00a0Fundo de Participa\u00e7\u00e3o dos Munic\u00edpios (FPM)\u00a0e R$ 59,5 milh\u00f5es em arrecada\u00e7\u00e3o pr\u00f3pria, principalmente no imposto retido na fonte sobre a folha de servidores municipais.<\/p>\n\n\n\n<p>De acordo com a CNM, embora a compensa\u00e7\u00e3o prevista pelo governo federal envolva a cria\u00e7\u00e3o do Imposto de Renda m\u00ednimo e a tributa\u00e7\u00e3o de dividendos, ainda existem lacunas. O presidente da entidade, Paulo Ziulkoski, afirmou que a medida carece de garantias efetivas para equilibrar as finan\u00e7as locais.<\/p>\n\n\n\n<p>\u201cA Confedera\u00e7\u00e3o defende que o aumento dos repasses do FPM, juntamente com a utiliza\u00e7\u00e3o dos recursos excedentes de arrecada\u00e7\u00e3o da Uni\u00e3o, sejam as principais ferramentas para garantir que os Munic\u00edpios n\u00e3o sofram preju\u00edzos, assegurando a continuidade das pol\u00edticas p\u00fablicas sem afetar a autonomia financeira dos Entes locais\u201d, disse.<\/p>\n\n\n\n<h2 class=\"wp-block-heading\"><strong>Cen\u00e1rio Nacional<\/strong><\/h2>\n\n\n\n<p>Segundo a CNM, a perda de arrecada\u00e7\u00e3o pr\u00f3pria, estimada em R$ 5,1 bilh\u00f5es no pa\u00eds, n\u00e3o tem compensa\u00e7\u00e3o clara. O projeto prev\u00ea repasses trimestrais da Uni\u00e3o, mas condicionados \u00e0 exist\u00eancia de recursos excedentes. Essa falta de defini\u00e7\u00e3o preocupa os prefeitos, que alertam para riscos de atraso e disputas pol\u00edticas na libera\u00e7\u00e3o dos valores.<\/p>\n\n\n\n<p>No Piau\u00ed, os gestores refor\u00e7aram que a medida pode comprometer servi\u00e7os essenciais mantidos pelas prefeituras, j\u00e1 que os munic\u00edpios dependem fortemente do FPM. Mesmo reconhecendo o car\u00e1ter social da proposta, que beneficia trabalhadores de baixa e m\u00e9dia renda, os prefeitos defendem que o Congresso aprove medidas complementares para evitar o enfraquecimento da gest\u00e3o municipal.<\/p>\n\n\n\n<p>Fonte: Cidade Verde<\/p>\n","protected":false},"excerpt":{"rendered":"<p>O Projeto de Lei 1087\/2025, aprovado por unanimidade na\u00a0C\u00e2mara dos Deputados\u00a0na \u00faltima quarta-feira (01) amplia a faixa de isen\u00e7\u00e3o do\u00a0Imposto de Renda\u00a0para quem ganha at\u00e9 R$ 5 mil mensais. A proposta segue agora para o\u00a0Senado, mas j\u00e1 preocupa prefeitos do Piau\u00ed diante das perdas previstas na arrecada\u00e7\u00e3o municipal. De acordo com levantamento da\u00a0Confedera\u00e7\u00e3o Nacional de [&hellip;]<\/p>\n","protected":false},"author":2,"featured_media":278804,"comment_status":"open","ping_status":"open","sticky":false,"template":"","format":"standard","meta":{"_mi_skip_tracking":false,"footnotes":""},"categories":[25,1,9,16],"tags":[192],"class_list":["post-278803","post","type-post","status-publish","format-standard","has-post-thumbnail","hentry","category-destaques-site","category-geral","category-municipios","category-todas","tag-destaqueprincipal"],"acf":[],"yoast_head":"<!-- This site is optimized with the Yoast SEO Premium plugin v19.2 (Yoast SEO v26.9) - https:\/\/yoast.com\/product\/yoast-seo-premium-wordpress\/ -->\n<title>Prefeitos alertam para isen\u00e7\u00e3o do Imposto de Renda que impactar\u00e1 em R$ 200 milh\u00f5es o Piau\u00ed - Portal Not\u00edcia em Pauta<\/title>\n<meta name=\"robots\" content=\"index, follow, max-snippet:-1, max-image-preview:large, max-video-preview:-1\" \/>\n<link rel=\"canonical\" href=\"https:\/\/noticiaempauta.com\/portal\/prefeitos-alertam-para-isencao-do-imposto-de-renda-que-impactara-em-r-200-milhoes-o-piaui\/\" \/>\n<meta property=\"og:locale\" content=\"pt_BR\" \/>\n<meta property=\"og:type\" content=\"article\" \/>\n<meta property=\"og:title\" content=\"Prefeitos alertam para isen\u00e7\u00e3o do Imposto de Renda que impactar\u00e1 em R$ 200 milh\u00f5es o Piau\u00ed\" \/>\n<meta property=\"og:description\" content=\"O Projeto de Lei 1087\/2025, aprovado por unanimidade na\u00a0C\u00e2mara dos Deputados\u00a0na \u00faltima quarta-feira (01) amplia a faixa de isen\u00e7\u00e3o do\u00a0Imposto de Renda\u00a0para quem ganha at\u00e9 R$ 5 mil mensais. A proposta segue agora para o\u00a0Senado, mas j\u00e1 preocupa prefeitos do Piau\u00ed diante das perdas previstas na arrecada\u00e7\u00e3o municipal. De acordo com levantamento da\u00a0Confedera\u00e7\u00e3o Nacional de [&hellip;]\" \/>\n<meta property=\"og:url\" content=\"https:\/\/noticiaempauta.com\/portal\/prefeitos-alertam-para-isencao-do-imposto-de-renda-que-impactara-em-r-200-milhoes-o-piaui\/\" \/>\n<meta property=\"og:site_name\" content=\"Portal Not\u00edcia em Pauta\" \/>\n<meta property=\"article:publisher\" content=\"https:\/\/www.facebook.com\/Portal-Notcia-Em-Pauta-102292869264820\/\" \/>\n<meta property=\"article:published_time\" content=\"2025-10-05T10:52:10+00:00\" \/>\n<meta property=\"article:modified_time\" content=\"2025-10-05T10:52:11+00:00\" \/>\n<meta property=\"og:image\" content=\"https:\/\/noticiaempauta.com\/portal\/wp-content\/uploads\/2025\/10\/WhatsApp_Image_2023-08-29_at_09_38_16.jpeg\" \/>\n\t<meta property=\"og:image:width\" content=\"1221\" \/>\n\t<meta property=\"og:image:height\" content=\"814\" \/>\n\t<meta property=\"og:image:type\" content=\"image\/jpeg\" \/>\n<meta name=\"author\" content=\"Reda\u00e7\u00e3o\" \/>\n<meta name=\"twitter:card\" content=\"summary_large_image\" \/>\n<meta name=\"twitter:label1\" content=\"Escrito por\" \/>\n\t<meta name=\"twitter:data1\" content=\"Reda\u00e7\u00e3o\" \/>\n\t<meta name=\"twitter:label2\" content=\"Est. tempo de leitura\" \/>\n\t<meta name=\"twitter:data2\" content=\"3 minutos\" \/>\n<script type=\"application\/ld+json\" class=\"yoast-schema-graph\">{\"@context\":\"https:\/\/schema.org\",\"@graph\":[{\"@type\":\"Article\",\"@id\":\"https:\/\/noticiaempauta.com\/portal\/prefeitos-alertam-para-isencao-do-imposto-de-renda-que-impactara-em-r-200-milhoes-o-piaui\/#article\",\"isPartOf\":{\"@id\":\"https:\/\/noticiaempauta.com\/portal\/prefeitos-alertam-para-isencao-do-imposto-de-renda-que-impactara-em-r-200-milhoes-o-piaui\/\"},\"author\":{\"name\":\"Reda\u00e7\u00e3o\",\"@id\":\"https:\/\/noticiaempauta.com\/portal\/#\/schema\/person\/a74af43dd1ab3deca45f988c717d57ac\"},\"headline\":\"Prefeitos alertam para isen\u00e7\u00e3o do Imposto de Renda que impactar\u00e1 em R$ 200 milh\u00f5es o Piau\u00ed\",\"datePublished\":\"2025-10-05T10:52:10+00:00\",\"dateModified\":\"2025-10-05T10:52:11+00:00\",\"mainEntityOfPage\":{\"@id\":\"https:\/\/noticiaempauta.com\/portal\/prefeitos-alertam-para-isencao-do-imposto-de-renda-que-impactara-em-r-200-milhoes-o-piaui\/\"},\"wordCount\":371,\"commentCount\":0,\"publisher\":{\"@id\":\"https:\/\/noticiaempauta.com\/portal\/#organization\"},\"image\":{\"@id\":\"https:\/\/noticiaempauta.com\/portal\/prefeitos-alertam-para-isencao-do-imposto-de-renda-que-impactara-em-r-200-milhoes-o-piaui\/#primaryimage\"},\"thumbnailUrl\":\"https:\/\/noticiaempauta.com\/portal\/wp-content\/uploads\/2025\/10\/WhatsApp_Image_2023-08-29_at_09_38_16.jpeg\",\"keywords\":[\"destaqueprincipal\"],\"articleSection\":[\"Destaques\",\"Geral\",\"Munic\u00edpios\",\"Todas as Not\u00edcias\"],\"inLanguage\":\"pt-BR\",\"potentialAction\":[{\"@type\":\"CommentAction\",\"name\":\"Comment\",\"target\":[\"https:\/\/noticiaempauta.com\/portal\/prefeitos-alertam-para-isencao-do-imposto-de-renda-que-impactara-em-r-200-milhoes-o-piaui\/#respond\"]}]},{\"@type\":\"WebPage\",\"@id\":\"https:\/\/noticiaempauta.com\/portal\/prefeitos-alertam-para-isencao-do-imposto-de-renda-que-impactara-em-r-200-milhoes-o-piaui\/\",\"url\":\"https:\/\/noticiaempauta.com\/portal\/prefeitos-alertam-para-isencao-do-imposto-de-renda-que-impactara-em-r-200-milhoes-o-piaui\/\",\"name\":\"Prefeitos alertam para isen\u00e7\u00e3o do Imposto de Renda que impactar\u00e1 em R$ 200 milh\u00f5es o Piau\u00ed - Portal Not\u00edcia em Pauta\",\"isPartOf\":{\"@id\":\"https:\/\/noticiaempauta.com\/portal\/#website\"},\"primaryImageOfPage\":{\"@id\":\"https:\/\/noticiaempauta.com\/portal\/prefeitos-alertam-para-isencao-do-imposto-de-renda-que-impactara-em-r-200-milhoes-o-piaui\/#primaryimage\"},\"image\":{\"@id\":\"https:\/\/noticiaempauta.com\/portal\/prefeitos-alertam-para-isencao-do-imposto-de-renda-que-impactara-em-r-200-milhoes-o-piaui\/#primaryimage\"},\"thumbnailUrl\":\"https:\/\/noticiaempauta.com\/portal\/wp-content\/uploads\/2025\/10\/WhatsApp_Image_2023-08-29_at_09_38_16.jpeg\",\"datePublished\":\"2025-10-05T10:52:10+00:00\",\"dateModified\":\"2025-10-05T10:52:11+00:00\",\"breadcrumb\":{\"@id\":\"https:\/\/noticiaempauta.com\/portal\/prefeitos-alertam-para-isencao-do-imposto-de-renda-que-impactara-em-r-200-milhoes-o-piaui\/#breadcrumb\"},\"inLanguage\":\"pt-BR\",\"potentialAction\":[{\"@type\":\"ReadAction\",\"target\":[\"https:\/\/noticiaempauta.com\/portal\/prefeitos-alertam-para-isencao-do-imposto-de-renda-que-impactara-em-r-200-milhoes-o-piaui\/\"]}]},{\"@type\":\"ImageObject\",\"inLanguage\":\"pt-BR\",\"@id\":\"https:\/\/noticiaempauta.com\/portal\/prefeitos-alertam-para-isencao-do-imposto-de-renda-que-impactara-em-r-200-milhoes-o-piaui\/#primaryimage\",\"url\":\"https:\/\/noticiaempauta.com\/portal\/wp-content\/uploads\/2025\/10\/WhatsApp_Image_2023-08-29_at_09_38_16.jpeg\",\"contentUrl\":\"https:\/\/noticiaempauta.com\/portal\/wp-content\/uploads\/2025\/10\/WhatsApp_Image_2023-08-29_at_09_38_16.jpeg\",\"width\":1221,\"height\":814},{\"@type\":\"BreadcrumbList\",\"@id\":\"https:\/\/noticiaempauta.com\/portal\/prefeitos-alertam-para-isencao-do-imposto-de-renda-que-impactara-em-r-200-milhoes-o-piaui\/#breadcrumb\",\"itemListElement\":[{\"@type\":\"ListItem\",\"position\":1,\"name\":\"P\u00e1gina Inicial\",\"item\":\"https:\/\/noticiaempauta.com\/portal\/\"},{\"@type\":\"ListItem\",\"position\":2,\"name\":\"Destaques\",\"item\":\"https:\/\/noticiaempauta.com\/portal\/destaques-site\/\"},{\"@type\":\"ListItem\",\"position\":3,\"name\":\"Prefeitos alertam para isen\u00e7\u00e3o do Imposto de Renda que impactar\u00e1 em R$ 200 milh\u00f5es o Piau\u00ed\"}]},{\"@type\":\"WebSite\",\"@id\":\"https:\/\/noticiaempauta.com\/portal\/#website\",\"url\":\"https:\/\/noticiaempauta.com\/portal\/\",\"name\":\"Portal Not\u00edcia em Pauta\",\"description\":\"Voc\u00ea bem informado\",\"publisher\":{\"@id\":\"https:\/\/noticiaempauta.com\/portal\/#organization\"},\"potentialAction\":[{\"@type\":\"SearchAction\",\"target\":{\"@type\":\"EntryPoint\",\"urlTemplate\":\"https:\/\/noticiaempauta.com\/portal\/?s={search_term_string}\"},\"query-input\":{\"@type\":\"PropertyValueSpecification\",\"valueRequired\":true,\"valueName\":\"search_term_string\"}}],\"inLanguage\":\"pt-BR\"},{\"@type\":\"Organization\",\"@id\":\"https:\/\/noticiaempauta.com\/portal\/#organization\",\"name\":\"Portal Not\u00edcia em Pauta\",\"url\":\"https:\/\/noticiaempauta.com\/portal\/\",\"logo\":{\"@type\":\"ImageObject\",\"inLanguage\":\"pt-BR\",\"@id\":\"https:\/\/noticiaempauta.com\/portal\/#\/schema\/logo\/image\/\",\"url\":\"https:\/\/noticiaempauta.com\/portal\/wp-content\/uploads\/2022\/08\/logomarca_tema.fw_.png\",\"contentUrl\":\"https:\/\/noticiaempauta.com\/portal\/wp-content\/uploads\/2022\/08\/logomarca_tema.fw_.png\",\"width\":400,\"height\":232,\"caption\":\"Portal Not\u00edcia em Pauta\"},\"image\":{\"@id\":\"https:\/\/noticiaempauta.com\/portal\/#\/schema\/logo\/image\/\"},\"sameAs\":[\"https:\/\/www.facebook.com\/Portal-Notcia-Em-Pauta-102292869264820\/\",\"https:\/\/www.instagram.com\/portalnoticiaempauta\/\"]},{\"@type\":\"Person\",\"@id\":\"https:\/\/noticiaempauta.com\/portal\/#\/schema\/person\/a74af43dd1ab3deca45f988c717d57ac\",\"name\":\"Reda\u00e7\u00e3o\",\"image\":{\"@type\":\"ImageObject\",\"inLanguage\":\"pt-BR\",\"@id\":\"https:\/\/noticiaempauta.com\/portal\/#\/schema\/person\/image\/\",\"url\":\"https:\/\/secure.gravatar.com\/avatar\/03179346ecce6cdfc13361603e8f54242a90e5cde8618fa23c5c00aa2b0aadf3?s=96&d=mm&r=g\",\"contentUrl\":\"https:\/\/secure.gravatar.com\/avatar\/03179346ecce6cdfc13361603e8f54242a90e5cde8618fa23c5c00aa2b0aadf3?s=96&d=mm&r=g\",\"caption\":\"Reda\u00e7\u00e3o\"},\"sameAs\":[\"https:\/\/noticiaempauta.com\/portal\/\"],\"url\":\"https:\/\/noticiaempauta.com\/portal\/author\/fernando\/\"}]}<\/script>\n<!-- \/ Yoast SEO Premium plugin. -->","yoast_head_json":{"title":"Prefeitos alertam para isen\u00e7\u00e3o do Imposto de Renda que impactar\u00e1 em R$ 200 milh\u00f5es o Piau\u00ed - Portal Not\u00edcia em Pauta","robots":{"index":"index","follow":"follow","max-snippet":"max-snippet:-1","max-image-preview":"max-image-preview:large","max-video-preview":"max-video-preview:-1"},"canonical":"https:\/\/noticiaempauta.com\/portal\/prefeitos-alertam-para-isencao-do-imposto-de-renda-que-impactara-em-r-200-milhoes-o-piaui\/","og_locale":"pt_BR","og_type":"article","og_title":"Prefeitos alertam para isen\u00e7\u00e3o do Imposto de Renda que impactar\u00e1 em R$ 200 milh\u00f5es o Piau\u00ed","og_description":"O Projeto de Lei 1087\/2025, aprovado por unanimidade na\u00a0C\u00e2mara dos Deputados\u00a0na \u00faltima quarta-feira (01) amplia a faixa de isen\u00e7\u00e3o do\u00a0Imposto de Renda\u00a0para quem ganha at\u00e9 R$ 5 mil mensais. A proposta segue agora para o\u00a0Senado, mas j\u00e1 preocupa prefeitos do Piau\u00ed diante das perdas previstas na arrecada\u00e7\u00e3o municipal. De acordo com levantamento da\u00a0Confedera\u00e7\u00e3o Nacional de [&hellip;]","og_url":"https:\/\/noticiaempauta.com\/portal\/prefeitos-alertam-para-isencao-do-imposto-de-renda-que-impactara-em-r-200-milhoes-o-piaui\/","og_site_name":"Portal Not\u00edcia em Pauta","article_publisher":"https:\/\/www.facebook.com\/Portal-Notcia-Em-Pauta-102292869264820\/","article_published_time":"2025-10-05T10:52:10+00:00","article_modified_time":"2025-10-05T10:52:11+00:00","og_image":[{"width":1221,"height":814,"url":"https:\/\/noticiaempauta.com\/portal\/wp-content\/uploads\/2025\/10\/WhatsApp_Image_2023-08-29_at_09_38_16.jpeg","type":"image\/jpeg"}],"author":"Reda\u00e7\u00e3o","twitter_card":"summary_large_image","twitter_misc":{"Escrito por":"Reda\u00e7\u00e3o","Est. tempo de leitura":"3 minutos"},"schema":{"@context":"https:\/\/schema.org","@graph":[{"@type":"Article","@id":"https:\/\/noticiaempauta.com\/portal\/prefeitos-alertam-para-isencao-do-imposto-de-renda-que-impactara-em-r-200-milhoes-o-piaui\/#article","isPartOf":{"@id":"https:\/\/noticiaempauta.com\/portal\/prefeitos-alertam-para-isencao-do-imposto-de-renda-que-impactara-em-r-200-milhoes-o-piaui\/"},"author":{"name":"Reda\u00e7\u00e3o","@id":"https:\/\/noticiaempauta.com\/portal\/#\/schema\/person\/a74af43dd1ab3deca45f988c717d57ac"},"headline":"Prefeitos alertam para isen\u00e7\u00e3o do Imposto de Renda que impactar\u00e1 em R$ 200 milh\u00f5es o Piau\u00ed","datePublished":"2025-10-05T10:52:10+00:00","dateModified":"2025-10-05T10:52:11+00:00","mainEntityOfPage":{"@id":"https:\/\/noticiaempauta.com\/portal\/prefeitos-alertam-para-isencao-do-imposto-de-renda-que-impactara-em-r-200-milhoes-o-piaui\/"},"wordCount":371,"commentCount":0,"publisher":{"@id":"https:\/\/noticiaempauta.com\/portal\/#organization"},"image":{"@id":"https:\/\/noticiaempauta.com\/portal\/prefeitos-alertam-para-isencao-do-imposto-de-renda-que-impactara-em-r-200-milhoes-o-piaui\/#primaryimage"},"thumbnailUrl":"https:\/\/noticiaempauta.com\/portal\/wp-content\/uploads\/2025\/10\/WhatsApp_Image_2023-08-29_at_09_38_16.jpeg","keywords":["destaqueprincipal"],"articleSection":["Destaques","Geral","Munic\u00edpios","Todas as Not\u00edcias"],"inLanguage":"pt-BR","potentialAction":[{"@type":"CommentAction","name":"Comment","target":["https:\/\/noticiaempauta.com\/portal\/prefeitos-alertam-para-isencao-do-imposto-de-renda-que-impactara-em-r-200-milhoes-o-piaui\/#respond"]}]},{"@type":"WebPage","@id":"https:\/\/noticiaempauta.com\/portal\/prefeitos-alertam-para-isencao-do-imposto-de-renda-que-impactara-em-r-200-milhoes-o-piaui\/","url":"https:\/\/noticiaempauta.com\/portal\/prefeitos-alertam-para-isencao-do-imposto-de-renda-que-impactara-em-r-200-milhoes-o-piaui\/","name":"Prefeitos alertam para isen\u00e7\u00e3o do Imposto de Renda que impactar\u00e1 em R$ 200 milh\u00f5es o Piau\u00ed - Portal Not\u00edcia em Pauta","isPartOf":{"@id":"https:\/\/noticiaempauta.com\/portal\/#website"},"primaryImageOfPage":{"@id":"https:\/\/noticiaempauta.com\/portal\/prefeitos-alertam-para-isencao-do-imposto-de-renda-que-impactara-em-r-200-milhoes-o-piaui\/#primaryimage"},"image":{"@id":"https:\/\/noticiaempauta.com\/portal\/prefeitos-alertam-para-isencao-do-imposto-de-renda-que-impactara-em-r-200-milhoes-o-piaui\/#primaryimage"},"thumbnailUrl":"https:\/\/noticiaempauta.com\/portal\/wp-content\/uploads\/2025\/10\/WhatsApp_Image_2023-08-29_at_09_38_16.jpeg","datePublished":"2025-10-05T10:52:10+00:00","dateModified":"2025-10-05T10:52:11+00:00","breadcrumb":{"@id":"https:\/\/noticiaempauta.com\/portal\/prefeitos-alertam-para-isencao-do-imposto-de-renda-que-impactara-em-r-200-milhoes-o-piaui\/#breadcrumb"},"inLanguage":"pt-BR","potentialAction":[{"@type":"ReadAction","target":["https:\/\/noticiaempauta.com\/portal\/prefeitos-alertam-para-isencao-do-imposto-de-renda-que-impactara-em-r-200-milhoes-o-piaui\/"]}]},{"@type":"ImageObject","inLanguage":"pt-BR","@id":"https:\/\/noticiaempauta.com\/portal\/prefeitos-alertam-para-isencao-do-imposto-de-renda-que-impactara-em-r-200-milhoes-o-piaui\/#primaryimage","url":"https:\/\/noticiaempauta.com\/portal\/wp-content\/uploads\/2025\/10\/WhatsApp_Image_2023-08-29_at_09_38_16.jpeg","contentUrl":"https:\/\/noticiaempauta.com\/portal\/wp-content\/uploads\/2025\/10\/WhatsApp_Image_2023-08-29_at_09_38_16.jpeg","width":1221,"height":814},{"@type":"BreadcrumbList","@id":"https:\/\/noticiaempauta.com\/portal\/prefeitos-alertam-para-isencao-do-imposto-de-renda-que-impactara-em-r-200-milhoes-o-piaui\/#breadcrumb","itemListElement":[{"@type":"ListItem","position":1,"name":"P\u00e1gina Inicial","item":"https:\/\/noticiaempauta.com\/portal\/"},{"@type":"ListItem","position":2,"name":"Destaques","item":"https:\/\/noticiaempauta.com\/portal\/destaques-site\/"},{"@type":"ListItem","position":3,"name":"Prefeitos alertam para isen\u00e7\u00e3o do Imposto de Renda que impactar\u00e1 em R$ 200 milh\u00f5es o Piau\u00ed"}]},{"@type":"WebSite","@id":"https:\/\/noticiaempauta.com\/portal\/#website","url":"https:\/\/noticiaempauta.com\/portal\/","name":"Portal Not\u00edcia em Pauta","description":"Voc\u00ea bem informado","publisher":{"@id":"https:\/\/noticiaempauta.com\/portal\/#organization"},"potentialAction":[{"@type":"SearchAction","target":{"@type":"EntryPoint","urlTemplate":"https:\/\/noticiaempauta.com\/portal\/?s={search_term_string}"},"query-input":{"@type":"PropertyValueSpecification","valueRequired":true,"valueName":"search_term_string"}}],"inLanguage":"pt-BR"},{"@type":"Organization","@id":"https:\/\/noticiaempauta.com\/portal\/#organization","name":"Portal Not\u00edcia em Pauta","url":"https:\/\/noticiaempauta.com\/portal\/","logo":{"@type":"ImageObject","inLanguage":"pt-BR","@id":"https:\/\/noticiaempauta.com\/portal\/#\/schema\/logo\/image\/","url":"https:\/\/noticiaempauta.com\/portal\/wp-content\/uploads\/2022\/08\/logomarca_tema.fw_.png","contentUrl":"https:\/\/noticiaempauta.com\/portal\/wp-content\/uploads\/2022\/08\/logomarca_tema.fw_.png","width":400,"height":232,"caption":"Portal Not\u00edcia em Pauta"},"image":{"@id":"https:\/\/noticiaempauta.com\/portal\/#\/schema\/logo\/image\/"},"sameAs":["https:\/\/www.facebook.com\/Portal-Notcia-Em-Pauta-102292869264820\/","https:\/\/www.instagram.com\/portalnoticiaempauta\/"]},{"@type":"Person","@id":"https:\/\/noticiaempauta.com\/portal\/#\/schema\/person\/a74af43dd1ab3deca45f988c717d57ac","name":"Reda\u00e7\u00e3o","image":{"@type":"ImageObject","inLanguage":"pt-BR","@id":"https:\/\/noticiaempauta.com\/portal\/#\/schema\/person\/image\/","url":"https:\/\/secure.gravatar.com\/avatar\/03179346ecce6cdfc13361603e8f54242a90e5cde8618fa23c5c00aa2b0aadf3?s=96&d=mm&r=g","contentUrl":"https:\/\/secure.gravatar.com\/avatar\/03179346ecce6cdfc13361603e8f54242a90e5cde8618fa23c5c00aa2b0aadf3?s=96&d=mm&r=g","caption":"Reda\u00e7\u00e3o"},"sameAs":["https:\/\/noticiaempauta.com\/portal\/"],"url":"https:\/\/noticiaempauta.com\/portal\/author\/fernando\/"}]}},"_links":{"self":[{"href":"https:\/\/noticiaempauta.com\/portal\/wp-json\/wp\/v2\/posts\/278803","targetHints":{"allow":["GET"]}}],"collection":[{"href":"https:\/\/noticiaempauta.com\/portal\/wp-json\/wp\/v2\/posts"}],"about":[{"href":"https:\/\/noticiaempauta.com\/portal\/wp-json\/wp\/v2\/types\/post"}],"author":[{"embeddable":true,"href":"https:\/\/noticiaempauta.com\/portal\/wp-json\/wp\/v2\/users\/2"}],"replies":[{"embeddable":true,"href":"https:\/\/noticiaempauta.com\/portal\/wp-json\/wp\/v2\/comments?post=278803"}],"version-history":[{"count":2,"href":"https:\/\/noticiaempauta.com\/portal\/wp-json\/wp\/v2\/posts\/278803\/revisions"}],"predecessor-version":[{"id":278806,"href":"https:\/\/noticiaempauta.com\/portal\/wp-json\/wp\/v2\/posts\/278803\/revisions\/278806"}],"wp:featuredmedia":[{"embeddable":true,"href":"https:\/\/noticiaempauta.com\/portal\/wp-json\/wp\/v2\/media\/278804"}],"wp:attachment":[{"href":"https:\/\/noticiaempauta.com\/portal\/wp-json\/wp\/v2\/media?parent=278803"}],"wp:term":[{"taxonomy":"category","embeddable":true,"href":"https:\/\/noticiaempauta.com\/portal\/wp-json\/wp\/v2\/categories?post=278803"},{"taxonomy":"post_tag","embeddable":true,"href":"https:\/\/noticiaempauta.com\/portal\/wp-json\/wp\/v2\/tags?post=278803"}],"curies":[{"name":"wp","href":"https:\/\/api.w.org\/{rel}","templated":true}]}}