{"id":278808,"date":"2025-10-05T08:27:12","date_gmt":"2025-10-05T11:27:12","guid":{"rendered":"https:\/\/noticiaempauta.com\/portal\/?p=278808"},"modified":"2025-10-05T08:27:13","modified_gmt":"2025-10-05T11:27:13","slug":"secretaria-de-educacao-de-paqueta-do-piaui-participa-do-ii-encontro-formativo-renalfa-em-parnaiba","status":"publish","type":"post","link":"https:\/\/noticiaempauta.com\/portal\/secretaria-de-educacao-de-paqueta-do-piaui-participa-do-ii-encontro-formativo-renalfa-em-parnaiba\/","title":{"rendered":"Secretaria de Educa\u00e7\u00e3o de Paquet\u00e1 do Piau\u00ed participa do II Encontro Formativo RENALFA em Parna\u00edba"},"content":{"rendered":"\n<p>A educa\u00e7\u00e3o municipal de Paquet\u00e1 do Piau\u00ed, atrav\u00e9s da supervisora de ensino Luana Moura esteve participando nos dias 01 e 02 de Outubro do II Encontro Formativo realizado em Parna\u00edba, promovido pela Funda\u00e7\u00e3o Get\u00falio Vargas. O evento reuniu 320 articuladores com o objetivo de fortalecer o trabalho t\u00e9cnico e pedag\u00f3gico desenvolvido pelos 224 articuladores municipais.<\/p>\n\n\n\n<figure class=\"wp-block-image size-large\"><img fetchpriority=\"high\" decoding=\"async\" width=\"1024\" height=\"768\" src=\"https:\/\/noticiaempauta.com\/portal\/wp-content\/uploads\/2025\/10\/WhatsApp-Image-2025-10-04-at-11.51.39-3-1024x768.jpeg\" alt=\"\" class=\"wp-image-278809\" srcset=\"https:\/\/noticiaempauta.com\/portal\/wp-content\/uploads\/2025\/10\/WhatsApp-Image-2025-10-04-at-11.51.39-3-1024x768.jpeg 1024w, https:\/\/noticiaempauta.com\/portal\/wp-content\/uploads\/2025\/10\/WhatsApp-Image-2025-10-04-at-11.51.39-3-300x225.jpeg 300w, https:\/\/noticiaempauta.com\/portal\/wp-content\/uploads\/2025\/10\/WhatsApp-Image-2025-10-04-at-11.51.39-3-768x576.jpeg 768w, https:\/\/noticiaempauta.com\/portal\/wp-content\/uploads\/2025\/10\/WhatsApp-Image-2025-10-04-at-11.51.39-3-1536x1152.jpeg 1536w, https:\/\/noticiaempauta.com\/portal\/wp-content\/uploads\/2025\/10\/WhatsApp-Image-2025-10-04-at-11.51.39-3.jpeg 1600w\" sizes=\"(max-width: 1024px) 100vw, 1024px\" \/><\/figure>\n\n\n\n<p>Durante a forma\u00e7\u00e3o, os Articuladores Regionais e Municipais da Rede Nacional de Articuladores (RENALFA), no \u00e2mbito do Compromisso Nacional Crian\u00e7a Alfabetizada \u2013 SEDUC\/PPAIC, discutiram estrat\u00e9gias voltadas para a alfabetiza\u00e7\u00e3o e a recomposi\u00e7\u00e3o da aprendizagem dos estudantes.<\/p>\n\n\n\n<figure class=\"wp-block-image size-large\"><img decoding=\"async\" width=\"768\" height=\"1024\" src=\"https:\/\/noticiaempauta.com\/portal\/wp-content\/uploads\/2025\/10\/WhatsApp-Image-2025-10-04-at-11.51.22-768x1024.jpeg\" alt=\"\" class=\"wp-image-278810\" srcset=\"https:\/\/noticiaempauta.com\/portal\/wp-content\/uploads\/2025\/10\/WhatsApp-Image-2025-10-04-at-11.51.22-768x1024.jpeg 768w, https:\/\/noticiaempauta.com\/portal\/wp-content\/uploads\/2025\/10\/WhatsApp-Image-2025-10-04-at-11.51.22-225x300.jpeg 225w, https:\/\/noticiaempauta.com\/portal\/wp-content\/uploads\/2025\/10\/WhatsApp-Image-2025-10-04-at-11.51.22-1152x1536.jpeg 1152w, https:\/\/noticiaempauta.com\/portal\/wp-content\/uploads\/2025\/10\/WhatsApp-Image-2025-10-04-at-11.51.22.jpeg 1200w\" sizes=\"(max-width: 768px) 100vw, 768px\" \/><\/figure>\n\n\n\n<p>No munic\u00edpio, a supervisora de ensino, Luana Moura, atua como representante na Rede Renalfa, articulando a\u00e7\u00f5es que garantem a qualidade da educa\u00e7\u00e3o, por meio da equipe da Secretaria de Educa\u00e7\u00e3o e da Prefeitura Municipal.<\/p>\n\n\n\n<figure class=\"wp-block-image size-large\"><img decoding=\"async\" width=\"1024\" height=\"768\" src=\"https:\/\/noticiaempauta.com\/portal\/wp-content\/uploads\/2025\/10\/WhatsApp-Image-2025-10-04-at-12.13.37-1024x768.jpeg\" alt=\"\" class=\"wp-image-278811\" srcset=\"https:\/\/noticiaempauta.com\/portal\/wp-content\/uploads\/2025\/10\/WhatsApp-Image-2025-10-04-at-12.13.37-1024x768.jpeg 1024w, https:\/\/noticiaempauta.com\/portal\/wp-content\/uploads\/2025\/10\/WhatsApp-Image-2025-10-04-at-12.13.37-300x225.jpeg 300w, https:\/\/noticiaempauta.com\/portal\/wp-content\/uploads\/2025\/10\/WhatsApp-Image-2025-10-04-at-12.13.37-768x576.jpeg 768w, https:\/\/noticiaempauta.com\/portal\/wp-content\/uploads\/2025\/10\/WhatsApp-Image-2025-10-04-at-12.13.37-1536x1152.jpeg 1536w, https:\/\/noticiaempauta.com\/portal\/wp-content\/uploads\/2025\/10\/WhatsApp-Image-2025-10-04-at-12.13.37.jpeg 1600w\" sizes=\"(max-width: 1024px) 100vw, 1024px\" \/><\/figure>\n\n\n\n<p>As oficinas presenciais foram conduzidas pela formadora Fabiana Barros, com momentos de estudo, trocas de experi\u00eancias e constru\u00e7\u00e3o coletiva de pr\u00e1ticas voltadas \u00e0 lideran\u00e7a pedag\u00f3gica, \u00e0 leitura e \u00e0 elabora\u00e7\u00e3o de planos de a\u00e7\u00e3o articulados ao PPP e \u00e0s diretrizes do CNCA.<\/p>\n\n\n\n<figure class=\"wp-block-image size-large\"><img loading=\"lazy\" decoding=\"async\" width=\"768\" height=\"1024\" src=\"https:\/\/noticiaempauta.com\/portal\/wp-content\/uploads\/2025\/10\/WhatsApp-Image-2025-10-04-at-12.32.34-768x1024.jpeg\" alt=\"\" class=\"wp-image-278813\" srcset=\"https:\/\/noticiaempauta.com\/portal\/wp-content\/uploads\/2025\/10\/WhatsApp-Image-2025-10-04-at-12.32.34-768x1024.jpeg 768w, https:\/\/noticiaempauta.com\/portal\/wp-content\/uploads\/2025\/10\/WhatsApp-Image-2025-10-04-at-12.32.34-225x300.jpeg 225w, https:\/\/noticiaempauta.com\/portal\/wp-content\/uploads\/2025\/10\/WhatsApp-Image-2025-10-04-at-12.32.34-1152x1536.jpeg 1152w, https:\/\/noticiaempauta.com\/portal\/wp-content\/uploads\/2025\/10\/WhatsApp-Image-2025-10-04-at-12.32.34.jpeg 1200w\" sizes=\"(max-width: 768px) 100vw, 768px\" \/><\/figure>\n\n\n\n<figure class=\"wp-block-image size-large\"><img loading=\"lazy\" decoding=\"async\" width=\"1024\" height=\"768\" src=\"https:\/\/noticiaempauta.com\/portal\/wp-content\/uploads\/2025\/10\/WhatsApp-Image-2025-10-04-at-12.09.43-1024x768.jpeg\" alt=\"\" class=\"wp-image-278812\" srcset=\"https:\/\/noticiaempauta.com\/portal\/wp-content\/uploads\/2025\/10\/WhatsApp-Image-2025-10-04-at-12.09.43-1024x768.jpeg 1024w, https:\/\/noticiaempauta.com\/portal\/wp-content\/uploads\/2025\/10\/WhatsApp-Image-2025-10-04-at-12.09.43-300x225.jpeg 300w, https:\/\/noticiaempauta.com\/portal\/wp-content\/uploads\/2025\/10\/WhatsApp-Image-2025-10-04-at-12.09.43-768x576.jpeg 768w, https:\/\/noticiaempauta.com\/portal\/wp-content\/uploads\/2025\/10\/WhatsApp-Image-2025-10-04-at-12.09.43-1536x1152.jpeg 1536w, https:\/\/noticiaempauta.com\/portal\/wp-content\/uploads\/2025\/10\/WhatsApp-Image-2025-10-04-at-12.09.43.jpeg 1600w\" sizes=\"(max-width: 1024px) 100vw, 1024px\" \/><\/figure>\n\n\n\n<figure class=\"wp-block-image size-large\"><img loading=\"lazy\" decoding=\"async\" width=\"1024\" height=\"770\" src=\"https:\/\/noticiaempauta.com\/portal\/wp-content\/uploads\/2025\/10\/WhatsApp-Image-2025-10-04-at-12.09.42-1024x770.jpeg\" alt=\"\" class=\"wp-image-278814\" srcset=\"https:\/\/noticiaempauta.com\/portal\/wp-content\/uploads\/2025\/10\/WhatsApp-Image-2025-10-04-at-12.09.42-1024x770.jpeg 1024w, https:\/\/noticiaempauta.com\/portal\/wp-content\/uploads\/2025\/10\/WhatsApp-Image-2025-10-04-at-12.09.42-300x226.jpeg 300w, https:\/\/noticiaempauta.com\/portal\/wp-content\/uploads\/2025\/10\/WhatsApp-Image-2025-10-04-at-12.09.42-768x578.jpeg 768w, https:\/\/noticiaempauta.com\/portal\/wp-content\/uploads\/2025\/10\/WhatsApp-Image-2025-10-04-at-12.09.42.jpeg 1280w\" sizes=\"(max-width: 1024px) 100vw, 1024px\" \/><\/figure>\n\n\n\n<figure class=\"wp-block-image size-large\"><img loading=\"lazy\" decoding=\"async\" width=\"1024\" height=\"808\" src=\"https:\/\/noticiaempauta.com\/portal\/wp-content\/uploads\/2025\/10\/WhatsApp-Image-2025-10-04-at-11.51.39-5-1024x808.jpeg\" alt=\"\" class=\"wp-image-278815\" srcset=\"https:\/\/noticiaempauta.com\/portal\/wp-content\/uploads\/2025\/10\/WhatsApp-Image-2025-10-04-at-11.51.39-5-1024x808.jpeg 1024w, https:\/\/noticiaempauta.com\/portal\/wp-content\/uploads\/2025\/10\/WhatsApp-Image-2025-10-04-at-11.51.39-5-300x237.jpeg 300w, https:\/\/noticiaempauta.com\/portal\/wp-content\/uploads\/2025\/10\/WhatsApp-Image-2025-10-04-at-11.51.39-5-768x606.jpeg 768w, https:\/\/noticiaempauta.com\/portal\/wp-content\/uploads\/2025\/10\/WhatsApp-Image-2025-10-04-at-11.51.39-5-1536x1212.jpeg 1536w, https:\/\/noticiaempauta.com\/portal\/wp-content\/uploads\/2025\/10\/WhatsApp-Image-2025-10-04-at-11.51.39-5.jpeg 1600w\" sizes=\"(max-width: 1024px) 100vw, 1024px\" \/><\/figure>\n\n\n\n<figure class=\"wp-block-image size-large\"><img loading=\"lazy\" decoding=\"async\" width=\"1024\" height=\"576\" src=\"https:\/\/noticiaempauta.com\/portal\/wp-content\/uploads\/2025\/10\/WhatsApp-Image-2025-10-04-at-11.51.39-1024x576.jpeg\" alt=\"\" class=\"wp-image-278816\" srcset=\"https:\/\/noticiaempauta.com\/portal\/wp-content\/uploads\/2025\/10\/WhatsApp-Image-2025-10-04-at-11.51.39-1024x576.jpeg 1024w, https:\/\/noticiaempauta.com\/portal\/wp-content\/uploads\/2025\/10\/WhatsApp-Image-2025-10-04-at-11.51.39-300x169.jpeg 300w, https:\/\/noticiaempauta.com\/portal\/wp-content\/uploads\/2025\/10\/WhatsApp-Image-2025-10-04-at-11.51.39-768x432.jpeg 768w, https:\/\/noticiaempauta.com\/portal\/wp-content\/uploads\/2025\/10\/WhatsApp-Image-2025-10-04-at-11.51.39-1536x864.jpeg 1536w, https:\/\/noticiaempauta.com\/portal\/wp-content\/uploads\/2025\/10\/WhatsApp-Image-2025-10-04-at-11.51.39.jpeg 1600w\" sizes=\"(max-width: 1024px) 100vw, 1024px\" \/><\/figure>\n\n\n\n<figure class=\"wp-block-image size-large\"><img loading=\"lazy\" decoding=\"async\" width=\"1024\" height=\"768\" src=\"https:\/\/noticiaempauta.com\/portal\/wp-content\/uploads\/2025\/10\/WhatsApp-Image-2025-10-04-at-11.51.39-2-1024x768.jpeg\" alt=\"\" class=\"wp-image-278817\" srcset=\"https:\/\/noticiaempauta.com\/portal\/wp-content\/uploads\/2025\/10\/WhatsApp-Image-2025-10-04-at-11.51.39-2-1024x768.jpeg 1024w, https:\/\/noticiaempauta.com\/portal\/wp-content\/uploads\/2025\/10\/WhatsApp-Image-2025-10-04-at-11.51.39-2-300x225.jpeg 300w, https:\/\/noticiaempauta.com\/portal\/wp-content\/uploads\/2025\/10\/WhatsApp-Image-2025-10-04-at-11.51.39-2-768x576.jpeg 768w, https:\/\/noticiaempauta.com\/portal\/wp-content\/uploads\/2025\/10\/WhatsApp-Image-2025-10-04-at-11.51.39-2-1536x1152.jpeg 1536w, https:\/\/noticiaempauta.com\/portal\/wp-content\/uploads\/2025\/10\/WhatsApp-Image-2025-10-04-at-11.51.39-2.jpeg 1600w\" sizes=\"(max-width: 1024px) 100vw, 1024px\" \/><\/figure>\n\n\n\n<figure class=\"wp-block-image size-large\"><img loading=\"lazy\" decoding=\"async\" width=\"1024\" height=\"768\" src=\"https:\/\/noticiaempauta.com\/portal\/wp-content\/uploads\/2025\/10\/WhatsApp-Image-2025-10-04-at-11.51.39-1-1024x768.jpeg\" alt=\"\" class=\"wp-image-278818\" srcset=\"https:\/\/noticiaempauta.com\/portal\/wp-content\/uploads\/2025\/10\/WhatsApp-Image-2025-10-04-at-11.51.39-1-1024x768.jpeg 1024w, https:\/\/noticiaempauta.com\/portal\/wp-content\/uploads\/2025\/10\/WhatsApp-Image-2025-10-04-at-11.51.39-1-300x225.jpeg 300w, https:\/\/noticiaempauta.com\/portal\/wp-content\/uploads\/2025\/10\/WhatsApp-Image-2025-10-04-at-11.51.39-1-768x576.jpeg 768w, https:\/\/noticiaempauta.com\/portal\/wp-content\/uploads\/2025\/10\/WhatsApp-Image-2025-10-04-at-11.51.39-1-1536x1152.jpeg 1536w, https:\/\/noticiaempauta.com\/portal\/wp-content\/uploads\/2025\/10\/WhatsApp-Image-2025-10-04-at-11.51.39-1.jpeg 1600w\" sizes=\"(max-width: 1024px) 100vw, 1024px\" \/><\/figure>\n","protected":false},"excerpt":{"rendered":"<p>A educa\u00e7\u00e3o municipal de Paquet\u00e1 do Piau\u00ed, atrav\u00e9s da supervisora de ensino Luana Moura esteve participando nos dias 01 e 02 de Outubro do II Encontro Formativo realizado em Parna\u00edba, promovido pela Funda\u00e7\u00e3o Get\u00falio Vargas. O evento reuniu 320 articuladores com o objetivo de fortalecer o trabalho t\u00e9cnico e pedag\u00f3gico desenvolvido pelos 224 articuladores municipais. [&hellip;]<\/p>\n","protected":false},"author":2,"featured_media":278809,"comment_status":"open","ping_status":"open","sticky":false,"template":"","format":"standard","meta":{"_mi_skip_tracking":false,"footnotes":""},"categories":[25,1,9,16],"tags":[],"class_list":["post-278808","post","type-post","status-publish","format-standard","has-post-thumbnail","hentry","category-destaques-site","category-geral","category-municipios","category-todas"],"acf":[],"yoast_head":"<!-- This site is optimized with the Yoast SEO Premium plugin v19.2 (Yoast SEO v26.9) - https:\/\/yoast.com\/product\/yoast-seo-premium-wordpress\/ -->\n<title>Secretaria de Educa\u00e7\u00e3o de Paquet\u00e1 do Piau\u00ed participa do II Encontro Formativo RENALFA em Parna\u00edba - Portal Not\u00edcia em Pauta<\/title>\n<meta name=\"robots\" content=\"index, follow, max-snippet:-1, max-image-preview:large, max-video-preview:-1\" \/>\n<link rel=\"canonical\" href=\"https:\/\/noticiaempauta.com\/portal\/secretaria-de-educacao-de-paqueta-do-piaui-participa-do-ii-encontro-formativo-renalfa-em-parnaiba\/\" \/>\n<meta property=\"og:locale\" content=\"pt_BR\" \/>\n<meta property=\"og:type\" content=\"article\" \/>\n<meta property=\"og:title\" content=\"Secretaria de Educa\u00e7\u00e3o de Paquet\u00e1 do Piau\u00ed participa do II Encontro Formativo RENALFA em Parna\u00edba\" \/>\n<meta property=\"og:description\" content=\"A educa\u00e7\u00e3o municipal de Paquet\u00e1 do Piau\u00ed, atrav\u00e9s da supervisora de ensino Luana Moura esteve participando nos dias 01 e 02 de Outubro do II Encontro Formativo realizado em Parna\u00edba, promovido pela Funda\u00e7\u00e3o Get\u00falio Vargas. O evento reuniu 320 articuladores com o objetivo de fortalecer o trabalho t\u00e9cnico e pedag\u00f3gico desenvolvido pelos 224 articuladores municipais. [&hellip;]\" \/>\n<meta property=\"og:url\" content=\"https:\/\/noticiaempauta.com\/portal\/secretaria-de-educacao-de-paqueta-do-piaui-participa-do-ii-encontro-formativo-renalfa-em-parnaiba\/\" \/>\n<meta property=\"og:site_name\" content=\"Portal Not\u00edcia em Pauta\" \/>\n<meta property=\"article:publisher\" content=\"https:\/\/www.facebook.com\/Portal-Notcia-Em-Pauta-102292869264820\/\" \/>\n<meta property=\"article:published_time\" content=\"2025-10-05T11:27:12+00:00\" \/>\n<meta property=\"article:modified_time\" content=\"2025-10-05T11:27:13+00:00\" \/>\n<meta property=\"og:image\" content=\"https:\/\/noticiaempauta.com\/portal\/wp-content\/uploads\/2025\/10\/WhatsApp-Image-2025-10-04-at-11.51.39-3.jpeg\" \/>\n\t<meta property=\"og:image:width\" content=\"1600\" \/>\n\t<meta property=\"og:image:height\" content=\"1200\" \/>\n\t<meta property=\"og:image:type\" content=\"image\/jpeg\" \/>\n<meta name=\"author\" content=\"Reda\u00e7\u00e3o\" \/>\n<meta name=\"twitter:card\" content=\"summary_large_image\" \/>\n<meta name=\"twitter:label1\" content=\"Escrito por\" \/>\n\t<meta name=\"twitter:data1\" content=\"Reda\u00e7\u00e3o\" \/>\n\t<meta name=\"twitter:label2\" content=\"Est. tempo de leitura\" \/>\n\t<meta name=\"twitter:data2\" content=\"4 minutos\" \/>\n<script type=\"application\/ld+json\" class=\"yoast-schema-graph\">{\"@context\":\"https:\/\/schema.org\",\"@graph\":[{\"@type\":\"Article\",\"@id\":\"https:\/\/noticiaempauta.com\/portal\/secretaria-de-educacao-de-paqueta-do-piaui-participa-do-ii-encontro-formativo-renalfa-em-parnaiba\/#article\",\"isPartOf\":{\"@id\":\"https:\/\/noticiaempauta.com\/portal\/secretaria-de-educacao-de-paqueta-do-piaui-participa-do-ii-encontro-formativo-renalfa-em-parnaiba\/\"},\"author\":{\"name\":\"Reda\u00e7\u00e3o\",\"@id\":\"https:\/\/noticiaempauta.com\/portal\/#\/schema\/person\/a74af43dd1ab3deca45f988c717d57ac\"},\"headline\":\"Secretaria de Educa\u00e7\u00e3o de Paquet\u00e1 do Piau\u00ed participa do II Encontro Formativo RENALFA em Parna\u00edba\",\"datePublished\":\"2025-10-05T11:27:12+00:00\",\"dateModified\":\"2025-10-05T11:27:13+00:00\",\"mainEntityOfPage\":{\"@id\":\"https:\/\/noticiaempauta.com\/portal\/secretaria-de-educacao-de-paqueta-do-piaui-participa-do-ii-encontro-formativo-renalfa-em-parnaiba\/\"},\"wordCount\":200,\"commentCount\":0,\"publisher\":{\"@id\":\"https:\/\/noticiaempauta.com\/portal\/#organization\"},\"image\":{\"@id\":\"https:\/\/noticiaempauta.com\/portal\/secretaria-de-educacao-de-paqueta-do-piaui-participa-do-ii-encontro-formativo-renalfa-em-parnaiba\/#primaryimage\"},\"thumbnailUrl\":\"https:\/\/noticiaempauta.com\/portal\/wp-content\/uploads\/2025\/10\/WhatsApp-Image-2025-10-04-at-11.51.39-3.jpeg\",\"articleSection\":[\"Destaques\",\"Geral\",\"Munic\u00edpios\",\"Todas as Not\u00edcias\"],\"inLanguage\":\"pt-BR\",\"potentialAction\":[{\"@type\":\"CommentAction\",\"name\":\"Comment\",\"target\":[\"https:\/\/noticiaempauta.com\/portal\/secretaria-de-educacao-de-paqueta-do-piaui-participa-do-ii-encontro-formativo-renalfa-em-parnaiba\/#respond\"]}]},{\"@type\":\"WebPage\",\"@id\":\"https:\/\/noticiaempauta.com\/portal\/secretaria-de-educacao-de-paqueta-do-piaui-participa-do-ii-encontro-formativo-renalfa-em-parnaiba\/\",\"url\":\"https:\/\/noticiaempauta.com\/portal\/secretaria-de-educacao-de-paqueta-do-piaui-participa-do-ii-encontro-formativo-renalfa-em-parnaiba\/\",\"name\":\"Secretaria de Educa\u00e7\u00e3o de Paquet\u00e1 do Piau\u00ed participa do II Encontro Formativo RENALFA em Parna\u00edba - Portal Not\u00edcia em Pauta\",\"isPartOf\":{\"@id\":\"https:\/\/noticiaempauta.com\/portal\/#website\"},\"primaryImageOfPage\":{\"@id\":\"https:\/\/noticiaempauta.com\/portal\/secretaria-de-educacao-de-paqueta-do-piaui-participa-do-ii-encontro-formativo-renalfa-em-parnaiba\/#primaryimage\"},\"image\":{\"@id\":\"https:\/\/noticiaempauta.com\/portal\/secretaria-de-educacao-de-paqueta-do-piaui-participa-do-ii-encontro-formativo-renalfa-em-parnaiba\/#primaryimage\"},\"thumbnailUrl\":\"https:\/\/noticiaempauta.com\/portal\/wp-content\/uploads\/2025\/10\/WhatsApp-Image-2025-10-04-at-11.51.39-3.jpeg\",\"datePublished\":\"2025-10-05T11:27:12+00:00\",\"dateModified\":\"2025-10-05T11:27:13+00:00\",\"breadcrumb\":{\"@id\":\"https:\/\/noticiaempauta.com\/portal\/secretaria-de-educacao-de-paqueta-do-piaui-participa-do-ii-encontro-formativo-renalfa-em-parnaiba\/#breadcrumb\"},\"inLanguage\":\"pt-BR\",\"potentialAction\":[{\"@type\":\"ReadAction\",\"target\":[\"https:\/\/noticiaempauta.com\/portal\/secretaria-de-educacao-de-paqueta-do-piaui-participa-do-ii-encontro-formativo-renalfa-em-parnaiba\/\"]}]},{\"@type\":\"ImageObject\",\"inLanguage\":\"pt-BR\",\"@id\":\"https:\/\/noticiaempauta.com\/portal\/secretaria-de-educacao-de-paqueta-do-piaui-participa-do-ii-encontro-formativo-renalfa-em-parnaiba\/#primaryimage\",\"url\":\"https:\/\/noticiaempauta.com\/portal\/wp-content\/uploads\/2025\/10\/WhatsApp-Image-2025-10-04-at-11.51.39-3.jpeg\",\"contentUrl\":\"https:\/\/noticiaempauta.com\/portal\/wp-content\/uploads\/2025\/10\/WhatsApp-Image-2025-10-04-at-11.51.39-3.jpeg\",\"width\":1600,\"height\":1200},{\"@type\":\"BreadcrumbList\",\"@id\":\"https:\/\/noticiaempauta.com\/portal\/secretaria-de-educacao-de-paqueta-do-piaui-participa-do-ii-encontro-formativo-renalfa-em-parnaiba\/#breadcrumb\",\"itemListElement\":[{\"@type\":\"ListItem\",\"position\":1,\"name\":\"P\u00e1gina Inicial\",\"item\":\"https:\/\/noticiaempauta.com\/portal\/\"},{\"@type\":\"ListItem\",\"position\":2,\"name\":\"Destaques\",\"item\":\"https:\/\/noticiaempauta.com\/portal\/destaques-site\/\"},{\"@type\":\"ListItem\",\"position\":3,\"name\":\"Secretaria de Educa\u00e7\u00e3o de Paquet\u00e1 do Piau\u00ed participa do II Encontro Formativo RENALFA em Parna\u00edba\"}]},{\"@type\":\"WebSite\",\"@id\":\"https:\/\/noticiaempauta.com\/portal\/#website\",\"url\":\"https:\/\/noticiaempauta.com\/portal\/\",\"name\":\"Portal Not\u00edcia em Pauta\",\"description\":\"Voc\u00ea bem informado\",\"publisher\":{\"@id\":\"https:\/\/noticiaempauta.com\/portal\/#organization\"},\"potentialAction\":[{\"@type\":\"SearchAction\",\"target\":{\"@type\":\"EntryPoint\",\"urlTemplate\":\"https:\/\/noticiaempauta.com\/portal\/?s={search_term_string}\"},\"query-input\":{\"@type\":\"PropertyValueSpecification\",\"valueRequired\":true,\"valueName\":\"search_term_string\"}}],\"inLanguage\":\"pt-BR\"},{\"@type\":\"Organization\",\"@id\":\"https:\/\/noticiaempauta.com\/portal\/#organization\",\"name\":\"Portal Not\u00edcia em Pauta\",\"url\":\"https:\/\/noticiaempauta.com\/portal\/\",\"logo\":{\"@type\":\"ImageObject\",\"inLanguage\":\"pt-BR\",\"@id\":\"https:\/\/noticiaempauta.com\/portal\/#\/schema\/logo\/image\/\",\"url\":\"https:\/\/noticiaempauta.com\/portal\/wp-content\/uploads\/2022\/08\/logomarca_tema.fw_.png\",\"contentUrl\":\"https:\/\/noticiaempauta.com\/portal\/wp-content\/uploads\/2022\/08\/logomarca_tema.fw_.png\",\"width\":400,\"height\":232,\"caption\":\"Portal Not\u00edcia em Pauta\"},\"image\":{\"@id\":\"https:\/\/noticiaempauta.com\/portal\/#\/schema\/logo\/image\/\"},\"sameAs\":[\"https:\/\/www.facebook.com\/Portal-Notcia-Em-Pauta-102292869264820\/\",\"https:\/\/www.instagram.com\/portalnoticiaempauta\/\"]},{\"@type\":\"Person\",\"@id\":\"https:\/\/noticiaempauta.com\/portal\/#\/schema\/person\/a74af43dd1ab3deca45f988c717d57ac\",\"name\":\"Reda\u00e7\u00e3o\",\"image\":{\"@type\":\"ImageObject\",\"inLanguage\":\"pt-BR\",\"@id\":\"https:\/\/noticiaempauta.com\/portal\/#\/schema\/person\/image\/\",\"url\":\"https:\/\/secure.gravatar.com\/avatar\/03179346ecce6cdfc13361603e8f54242a90e5cde8618fa23c5c00aa2b0aadf3?s=96&d=mm&r=g\",\"contentUrl\":\"https:\/\/secure.gravatar.com\/avatar\/03179346ecce6cdfc13361603e8f54242a90e5cde8618fa23c5c00aa2b0aadf3?s=96&d=mm&r=g\",\"caption\":\"Reda\u00e7\u00e3o\"},\"sameAs\":[\"https:\/\/noticiaempauta.com\/portal\/\"],\"url\":\"https:\/\/noticiaempauta.com\/portal\/author\/fernando\/\"}]}<\/script>\n<!-- \/ Yoast SEO Premium plugin. -->","yoast_head_json":{"title":"Secretaria de Educa\u00e7\u00e3o de Paquet\u00e1 do Piau\u00ed participa do II Encontro Formativo RENALFA em Parna\u00edba - Portal Not\u00edcia em Pauta","robots":{"index":"index","follow":"follow","max-snippet":"max-snippet:-1","max-image-preview":"max-image-preview:large","max-video-preview":"max-video-preview:-1"},"canonical":"https:\/\/noticiaempauta.com\/portal\/secretaria-de-educacao-de-paqueta-do-piaui-participa-do-ii-encontro-formativo-renalfa-em-parnaiba\/","og_locale":"pt_BR","og_type":"article","og_title":"Secretaria de Educa\u00e7\u00e3o de Paquet\u00e1 do Piau\u00ed participa do II Encontro Formativo RENALFA em Parna\u00edba","og_description":"A educa\u00e7\u00e3o municipal de Paquet\u00e1 do Piau\u00ed, atrav\u00e9s da supervisora de ensino Luana Moura esteve participando nos dias 01 e 02 de Outubro do II Encontro Formativo realizado em Parna\u00edba, promovido pela Funda\u00e7\u00e3o Get\u00falio Vargas. O evento reuniu 320 articuladores com o objetivo de fortalecer o trabalho t\u00e9cnico e pedag\u00f3gico desenvolvido pelos 224 articuladores municipais. [&hellip;]","og_url":"https:\/\/noticiaempauta.com\/portal\/secretaria-de-educacao-de-paqueta-do-piaui-participa-do-ii-encontro-formativo-renalfa-em-parnaiba\/","og_site_name":"Portal Not\u00edcia em Pauta","article_publisher":"https:\/\/www.facebook.com\/Portal-Notcia-Em-Pauta-102292869264820\/","article_published_time":"2025-10-05T11:27:12+00:00","article_modified_time":"2025-10-05T11:27:13+00:00","og_image":[{"width":1600,"height":1200,"url":"https:\/\/noticiaempauta.com\/portal\/wp-content\/uploads\/2025\/10\/WhatsApp-Image-2025-10-04-at-11.51.39-3.jpeg","type":"image\/jpeg"}],"author":"Reda\u00e7\u00e3o","twitter_card":"summary_large_image","twitter_misc":{"Escrito por":"Reda\u00e7\u00e3o","Est. tempo de leitura":"4 minutos"},"schema":{"@context":"https:\/\/schema.org","@graph":[{"@type":"Article","@id":"https:\/\/noticiaempauta.com\/portal\/secretaria-de-educacao-de-paqueta-do-piaui-participa-do-ii-encontro-formativo-renalfa-em-parnaiba\/#article","isPartOf":{"@id":"https:\/\/noticiaempauta.com\/portal\/secretaria-de-educacao-de-paqueta-do-piaui-participa-do-ii-encontro-formativo-renalfa-em-parnaiba\/"},"author":{"name":"Reda\u00e7\u00e3o","@id":"https:\/\/noticiaempauta.com\/portal\/#\/schema\/person\/a74af43dd1ab3deca45f988c717d57ac"},"headline":"Secretaria de Educa\u00e7\u00e3o de Paquet\u00e1 do Piau\u00ed participa do II Encontro Formativo RENALFA em Parna\u00edba","datePublished":"2025-10-05T11:27:12+00:00","dateModified":"2025-10-05T11:27:13+00:00","mainEntityOfPage":{"@id":"https:\/\/noticiaempauta.com\/portal\/secretaria-de-educacao-de-paqueta-do-piaui-participa-do-ii-encontro-formativo-renalfa-em-parnaiba\/"},"wordCount":200,"commentCount":0,"publisher":{"@id":"https:\/\/noticiaempauta.com\/portal\/#organization"},"image":{"@id":"https:\/\/noticiaempauta.com\/portal\/secretaria-de-educacao-de-paqueta-do-piaui-participa-do-ii-encontro-formativo-renalfa-em-parnaiba\/#primaryimage"},"thumbnailUrl":"https:\/\/noticiaempauta.com\/portal\/wp-content\/uploads\/2025\/10\/WhatsApp-Image-2025-10-04-at-11.51.39-3.jpeg","articleSection":["Destaques","Geral","Munic\u00edpios","Todas as Not\u00edcias"],"inLanguage":"pt-BR","potentialAction":[{"@type":"CommentAction","name":"Comment","target":["https:\/\/noticiaempauta.com\/portal\/secretaria-de-educacao-de-paqueta-do-piaui-participa-do-ii-encontro-formativo-renalfa-em-parnaiba\/#respond"]}]},{"@type":"WebPage","@id":"https:\/\/noticiaempauta.com\/portal\/secretaria-de-educacao-de-paqueta-do-piaui-participa-do-ii-encontro-formativo-renalfa-em-parnaiba\/","url":"https:\/\/noticiaempauta.com\/portal\/secretaria-de-educacao-de-paqueta-do-piaui-participa-do-ii-encontro-formativo-renalfa-em-parnaiba\/","name":"Secretaria de Educa\u00e7\u00e3o de Paquet\u00e1 do Piau\u00ed participa do II Encontro Formativo RENALFA em Parna\u00edba - Portal Not\u00edcia em Pauta","isPartOf":{"@id":"https:\/\/noticiaempauta.com\/portal\/#website"},"primaryImageOfPage":{"@id":"https:\/\/noticiaempauta.com\/portal\/secretaria-de-educacao-de-paqueta-do-piaui-participa-do-ii-encontro-formativo-renalfa-em-parnaiba\/#primaryimage"},"image":{"@id":"https:\/\/noticiaempauta.com\/portal\/secretaria-de-educacao-de-paqueta-do-piaui-participa-do-ii-encontro-formativo-renalfa-em-parnaiba\/#primaryimage"},"thumbnailUrl":"https:\/\/noticiaempauta.com\/portal\/wp-content\/uploads\/2025\/10\/WhatsApp-Image-2025-10-04-at-11.51.39-3.jpeg","datePublished":"2025-10-05T11:27:12+00:00","dateModified":"2025-10-05T11:27:13+00:00","breadcrumb":{"@id":"https:\/\/noticiaempauta.com\/portal\/secretaria-de-educacao-de-paqueta-do-piaui-participa-do-ii-encontro-formativo-renalfa-em-parnaiba\/#breadcrumb"},"inLanguage":"pt-BR","potentialAction":[{"@type":"ReadAction","target":["https:\/\/noticiaempauta.com\/portal\/secretaria-de-educacao-de-paqueta-do-piaui-participa-do-ii-encontro-formativo-renalfa-em-parnaiba\/"]}]},{"@type":"ImageObject","inLanguage":"pt-BR","@id":"https:\/\/noticiaempauta.com\/portal\/secretaria-de-educacao-de-paqueta-do-piaui-participa-do-ii-encontro-formativo-renalfa-em-parnaiba\/#primaryimage","url":"https:\/\/noticiaempauta.com\/portal\/wp-content\/uploads\/2025\/10\/WhatsApp-Image-2025-10-04-at-11.51.39-3.jpeg","contentUrl":"https:\/\/noticiaempauta.com\/portal\/wp-content\/uploads\/2025\/10\/WhatsApp-Image-2025-10-04-at-11.51.39-3.jpeg","width":1600,"height":1200},{"@type":"BreadcrumbList","@id":"https:\/\/noticiaempauta.com\/portal\/secretaria-de-educacao-de-paqueta-do-piaui-participa-do-ii-encontro-formativo-renalfa-em-parnaiba\/#breadcrumb","itemListElement":[{"@type":"ListItem","position":1,"name":"P\u00e1gina Inicial","item":"https:\/\/noticiaempauta.com\/portal\/"},{"@type":"ListItem","position":2,"name":"Destaques","item":"https:\/\/noticiaempauta.com\/portal\/destaques-site\/"},{"@type":"ListItem","position":3,"name":"Secretaria de Educa\u00e7\u00e3o de Paquet\u00e1 do Piau\u00ed participa do II Encontro Formativo RENALFA em Parna\u00edba"}]},{"@type":"WebSite","@id":"https:\/\/noticiaempauta.com\/portal\/#website","url":"https:\/\/noticiaempauta.com\/portal\/","name":"Portal Not\u00edcia em Pauta","description":"Voc\u00ea bem informado","publisher":{"@id":"https:\/\/noticiaempauta.com\/portal\/#organization"},"potentialAction":[{"@type":"SearchAction","target":{"@type":"EntryPoint","urlTemplate":"https:\/\/noticiaempauta.com\/portal\/?s={search_term_string}"},"query-input":{"@type":"PropertyValueSpecification","valueRequired":true,"valueName":"search_term_string"}}],"inLanguage":"pt-BR"},{"@type":"Organization","@id":"https:\/\/noticiaempauta.com\/portal\/#organization","name":"Portal Not\u00edcia em Pauta","url":"https:\/\/noticiaempauta.com\/portal\/","logo":{"@type":"ImageObject","inLanguage":"pt-BR","@id":"https:\/\/noticiaempauta.com\/portal\/#\/schema\/logo\/image\/","url":"https:\/\/noticiaempauta.com\/portal\/wp-content\/uploads\/2022\/08\/logomarca_tema.fw_.png","contentUrl":"https:\/\/noticiaempauta.com\/portal\/wp-content\/uploads\/2022\/08\/logomarca_tema.fw_.png","width":400,"height":232,"caption":"Portal Not\u00edcia em Pauta"},"image":{"@id":"https:\/\/noticiaempauta.com\/portal\/#\/schema\/logo\/image\/"},"sameAs":["https:\/\/www.facebook.com\/Portal-Notcia-Em-Pauta-102292869264820\/","https:\/\/www.instagram.com\/portalnoticiaempauta\/"]},{"@type":"Person","@id":"https:\/\/noticiaempauta.com\/portal\/#\/schema\/person\/a74af43dd1ab3deca45f988c717d57ac","name":"Reda\u00e7\u00e3o","image":{"@type":"ImageObject","inLanguage":"pt-BR","@id":"https:\/\/noticiaempauta.com\/portal\/#\/schema\/person\/image\/","url":"https:\/\/secure.gravatar.com\/avatar\/03179346ecce6cdfc13361603e8f54242a90e5cde8618fa23c5c00aa2b0aadf3?s=96&d=mm&r=g","contentUrl":"https:\/\/secure.gravatar.com\/avatar\/03179346ecce6cdfc13361603e8f54242a90e5cde8618fa23c5c00aa2b0aadf3?s=96&d=mm&r=g","caption":"Reda\u00e7\u00e3o"},"sameAs":["https:\/\/noticiaempauta.com\/portal\/"],"url":"https:\/\/noticiaempauta.com\/portal\/author\/fernando\/"}]}},"_links":{"self":[{"href":"https:\/\/noticiaempauta.com\/portal\/wp-json\/wp\/v2\/posts\/278808","targetHints":{"allow":["GET"]}}],"collection":[{"href":"https:\/\/noticiaempauta.com\/portal\/wp-json\/wp\/v2\/posts"}],"about":[{"href":"https:\/\/noticiaempauta.com\/portal\/wp-json\/wp\/v2\/types\/post"}],"author":[{"embeddable":true,"href":"https:\/\/noticiaempauta.com\/portal\/wp-json\/wp\/v2\/users\/2"}],"replies":[{"embeddable":true,"href":"https:\/\/noticiaempauta.com\/portal\/wp-json\/wp\/v2\/comments?post=278808"}],"version-history":[{"count":2,"href":"https:\/\/noticiaempauta.com\/portal\/wp-json\/wp\/v2\/posts\/278808\/revisions"}],"predecessor-version":[{"id":278820,"href":"https:\/\/noticiaempauta.com\/portal\/wp-json\/wp\/v2\/posts\/278808\/revisions\/278820"}],"wp:featuredmedia":[{"embeddable":true,"href":"https:\/\/noticiaempauta.com\/portal\/wp-json\/wp\/v2\/media\/278809"}],"wp:attachment":[{"href":"https:\/\/noticiaempauta.com\/portal\/wp-json\/wp\/v2\/media?parent=278808"}],"wp:term":[{"taxonomy":"category","embeddable":true,"href":"https:\/\/noticiaempauta.com\/portal\/wp-json\/wp\/v2\/categories?post=278808"},{"taxonomy":"post_tag","embeddable":true,"href":"https:\/\/noticiaempauta.com\/portal\/wp-json\/wp\/v2\/tags?post=278808"}],"curies":[{"name":"wp","href":"https:\/\/api.w.org\/{rel}","templated":true}]}}