{"id":278905,"date":"2025-10-06T08:45:50","date_gmt":"2025-10-06T11:45:50","guid":{"rendered":"https:\/\/noticiaempauta.com\/portal\/?p=278905"},"modified":"2025-10-06T08:45:51","modified_gmt":"2025-10-06T11:45:51","slug":"cbf-divulga-datas-do-calendario-de-2026-e-da-nova-janela-de-transferencia-veja","status":"publish","type":"post","link":"https:\/\/noticiaempauta.com\/portal\/cbf-divulga-datas-do-calendario-de-2026-e-da-nova-janela-de-transferencia-veja\/","title":{"rendered":"CBF divulga datas do calend\u00e1rio de 2026 e da nova janela de transfer\u00eancia; veja"},"content":{"rendered":"\n<p>A Confedera\u00e7\u00e3o Brasileira de Futebol (CBF) divulgou as datas de 2026 do\u00a0novo calend\u00e1rio do futebol brasileiro. Na \u00faltima quarta-feira (1\u00ba), o presidente da entidade\u00a0Samir Xaud\u00a0anunciou mudan\u00e7as no formato e no tempo de dura\u00e7\u00e3o de diversas competi\u00e7\u00f5es, al\u00e9m da incorpora\u00e7\u00e3o de novos torneios.<\/p>\n\n\n\n<figure class=\"wp-block-image size-full\"><img fetchpriority=\"high\" decoding=\"async\" width=\"1019\" height=\"573\" src=\"https:\/\/noticiaempauta.com\/portal\/wp-content\/uploads\/2025\/10\/Taca_Serie_A_Brasileiro.jpg\" alt=\"\" class=\"wp-image-278906\" srcset=\"https:\/\/noticiaempauta.com\/portal\/wp-content\/uploads\/2025\/10\/Taca_Serie_A_Brasileiro.jpg 1019w, https:\/\/noticiaempauta.com\/portal\/wp-content\/uploads\/2025\/10\/Taca_Serie_A_Brasileiro-300x169.jpg 300w, https:\/\/noticiaempauta.com\/portal\/wp-content\/uploads\/2025\/10\/Taca_Serie_A_Brasileiro-768x432.jpg 768w\" sizes=\"(max-width: 1019px) 100vw, 1019px\" \/><figcaption class=\"wp-element-caption\"><em>(Foto: Reprodu\u00e7\u00e3o)<\/em><\/figcaption><\/figure>\n\n\n\n<p>Assim, a aposta da CBF \u00e9 de uma valoriza\u00e7\u00e3o dos eventos nacionais, como a S\u00e9rie A, que ocorrer\u00e1 de janeiro at\u00e9 dezembro, com uma redu\u00e7\u00e3o dos Estaduais e tamb\u00e9m dos campeonatos regionais, o que implicaria em menor quantidade de partidas no geral para as equipes que est\u00e3o na 1\u00aa divis\u00e3o.<\/p>\n\n\n\n<p>Al\u00e9m disso, a janela de transfer\u00eancias tamb\u00e9m sofreu altera\u00e7\u00e3o. Em 2025, os clubes tiveram tr\u00eas oportunidades de contratar, enquanto o pr\u00f3ximo ano reservar\u00e1 apenas dois intervalos para refor\u00e7os: entre os dias 5 de janeiro e 3 de mar\u00e7o (1\u00aa janela) e entre 20 de julho e 11 de setembro (2\u00aa janela).<\/p>\n\n\n\n<p>Vale ressaltar que uma pausa na temporada est\u00e1 prevista entre 1\u00ba junho de 20 de julho. O motivo \u00e9 a Copa do Mundo, que tem a Sele\u00e7\u00e3o Brasileira e ser\u00e1 realizada nos EUA, no M\u00e9xico e no Canad\u00e1.<\/p>\n\n\n\n<h2 class=\"wp-block-heading\"><strong>Calend\u00e1rio da CBF para o futebol brasileiro em 2026<\/strong><\/h2>\n\n\n\n<ul class=\"wp-block-list\">\n<li>1\u00aa janela de transfer\u00eancias: entre os dias 5 de janeiro e 3 de mar\u00e7o<\/li>\n\n\n\n<li>Campeonatos Estaduais: entre os dias 11 de janeiro e 8 de mar\u00e7o<\/li>\n\n\n\n<li>Copa do Nordeste: entre os dias 25 de mar\u00e7o e 7 de junho<\/li>\n\n\n\n<li>Copa Verde: entre os dias 25 de mar\u00e7o e 7 de junho<\/li>\n\n\n\n<li>Copa Sul-Sudeste: entre os dias 25 de mar\u00e7o e 7 de junho<\/li>\n\n\n\n<li>Copa do Brasil: entre os dias 18 de fevereiro e 6 de dezembro<\/li>\n\n\n\n<li>Brasileir\u00e3o: entre os dias 28 de janeiro e 2 de dezembro<\/li>\n\n\n\n<li>S\u00e9rie B: entre os dias 21 de mar\u00e7o e 28 de novembro<\/li>\n\n\n\n<li>S\u00e9rie C: entre os dias 5 de abril e 25 de outubro<\/li>\n\n\n\n<li>S\u00e9rie D: entre os dias 5 de abril a 13 de setembro<\/li>\n\n\n\n<li>Libertadores: entre os dias 18 de fevereiro e\u00a0 28 de novembro<\/li>\n\n\n\n<li>Sul-Americana: entre os dias 8 de abril e 21 de novembro<\/li>\n\n\n\n<li>Recopa Sul-Americana: entre os dias 18 e 25 de fevereiro<\/li>\n\n\n\n<li>Copa do Mundo: entre os dias 11 de junho a 19 de julho<\/li>\n\n\n\n<li>2\u00aa janela de transfer\u00eancias: entre os dias 20 de julho e 11 de setembro<\/li>\n\n\n\n<li>Copa Intercontinental: entre os dias 9 a 16 de dezembro<\/li>\n<\/ul>\n\n\n\n<p><strong>Fonte: Di\u00e1rio do Nordeste<\/strong><\/p>\n","protected":false},"excerpt":{"rendered":"<p>A Confedera\u00e7\u00e3o Brasileira de Futebol (CBF) divulgou as datas de 2026 do\u00a0novo calend\u00e1rio do futebol brasileiro. Na \u00faltima quarta-feira (1\u00ba), o presidente da entidade\u00a0Samir Xaud\u00a0anunciou mudan\u00e7as no formato e no tempo de dura\u00e7\u00e3o de diversas competi\u00e7\u00f5es, al\u00e9m da incorpora\u00e7\u00e3o de novos torneios. Assim, a aposta da CBF \u00e9 de uma valoriza\u00e7\u00e3o dos eventos nacionais, como [&hellip;]<\/p>\n","protected":false},"author":2,"featured_media":278906,"comment_status":"open","ping_status":"open","sticky":false,"template":"","format":"standard","meta":{"_mi_skip_tracking":false,"footnotes":""},"categories":[25,26,1,16],"tags":[192],"class_list":["post-278905","post","type-post","status-publish","format-standard","has-post-thumbnail","hentry","category-destaques-site","category-esporte","category-geral","category-todas","tag-destaqueprincipal"],"acf":[],"yoast_head":"<!-- This site is optimized with the Yoast SEO Premium plugin v19.2 (Yoast SEO v26.9) - https:\/\/yoast.com\/product\/yoast-seo-premium-wordpress\/ -->\n<title>CBF divulga datas do calend\u00e1rio de 2026 e da nova janela de transfer\u00eancia; veja - Portal Not\u00edcia em Pauta<\/title>\n<meta name=\"robots\" content=\"index, follow, max-snippet:-1, max-image-preview:large, max-video-preview:-1\" \/>\n<link rel=\"canonical\" href=\"https:\/\/noticiaempauta.com\/portal\/cbf-divulga-datas-do-calendario-de-2026-e-da-nova-janela-de-transferencia-veja\/\" \/>\n<meta property=\"og:locale\" content=\"pt_BR\" \/>\n<meta property=\"og:type\" content=\"article\" \/>\n<meta property=\"og:title\" content=\"CBF divulga datas do calend\u00e1rio de 2026 e da nova janela de transfer\u00eancia; veja\" \/>\n<meta property=\"og:description\" content=\"A Confedera\u00e7\u00e3o Brasileira de Futebol (CBF) divulgou as datas de 2026 do\u00a0novo calend\u00e1rio do futebol brasileiro. Na \u00faltima quarta-feira (1\u00ba), o presidente da entidade\u00a0Samir Xaud\u00a0anunciou mudan\u00e7as no formato e no tempo de dura\u00e7\u00e3o de diversas competi\u00e7\u00f5es, al\u00e9m da incorpora\u00e7\u00e3o de novos torneios. Assim, a aposta da CBF \u00e9 de uma valoriza\u00e7\u00e3o dos eventos nacionais, como [&hellip;]\" \/>\n<meta property=\"og:url\" content=\"https:\/\/noticiaempauta.com\/portal\/cbf-divulga-datas-do-calendario-de-2026-e-da-nova-janela-de-transferencia-veja\/\" \/>\n<meta property=\"og:site_name\" content=\"Portal Not\u00edcia em Pauta\" \/>\n<meta property=\"article:publisher\" content=\"https:\/\/www.facebook.com\/Portal-Notcia-Em-Pauta-102292869264820\/\" \/>\n<meta property=\"article:published_time\" content=\"2025-10-06T11:45:50+00:00\" \/>\n<meta property=\"article:modified_time\" content=\"2025-10-06T11:45:51+00:00\" \/>\n<meta property=\"og:image\" content=\"https:\/\/noticiaempauta.com\/portal\/wp-content\/uploads\/2025\/10\/Taca_Serie_A_Brasileiro.jpg\" \/>\n\t<meta property=\"og:image:width\" content=\"1019\" \/>\n\t<meta property=\"og:image:height\" content=\"573\" \/>\n\t<meta property=\"og:image:type\" content=\"image\/jpeg\" \/>\n<meta name=\"author\" content=\"Reda\u00e7\u00e3o\" \/>\n<meta name=\"twitter:card\" content=\"summary_large_image\" \/>\n<meta name=\"twitter:label1\" content=\"Escrito por\" \/>\n\t<meta name=\"twitter:data1\" content=\"Reda\u00e7\u00e3o\" \/>\n\t<meta name=\"twitter:label2\" content=\"Est. tempo de leitura\" \/>\n\t<meta name=\"twitter:data2\" content=\"3 minutos\" \/>\n<script type=\"application\/ld+json\" class=\"yoast-schema-graph\">{\"@context\":\"https:\/\/schema.org\",\"@graph\":[{\"@type\":\"Article\",\"@id\":\"https:\/\/noticiaempauta.com\/portal\/cbf-divulga-datas-do-calendario-de-2026-e-da-nova-janela-de-transferencia-veja\/#article\",\"isPartOf\":{\"@id\":\"https:\/\/noticiaempauta.com\/portal\/cbf-divulga-datas-do-calendario-de-2026-e-da-nova-janela-de-transferencia-veja\/\"},\"author\":{\"name\":\"Reda\u00e7\u00e3o\",\"@id\":\"https:\/\/noticiaempauta.com\/portal\/#\/schema\/person\/a74af43dd1ab3deca45f988c717d57ac\"},\"headline\":\"CBF divulga datas do calend\u00e1rio de 2026 e da nova janela de transfer\u00eancia; veja\",\"datePublished\":\"2025-10-06T11:45:50+00:00\",\"dateModified\":\"2025-10-06T11:45:51+00:00\",\"mainEntityOfPage\":{\"@id\":\"https:\/\/noticiaempauta.com\/portal\/cbf-divulga-datas-do-calendario-de-2026-e-da-nova-janela-de-transferencia-veja\/\"},\"wordCount\":395,\"commentCount\":0,\"publisher\":{\"@id\":\"https:\/\/noticiaempauta.com\/portal\/#organization\"},\"image\":{\"@id\":\"https:\/\/noticiaempauta.com\/portal\/cbf-divulga-datas-do-calendario-de-2026-e-da-nova-janela-de-transferencia-veja\/#primaryimage\"},\"thumbnailUrl\":\"https:\/\/noticiaempauta.com\/portal\/wp-content\/uploads\/2025\/10\/Taca_Serie_A_Brasileiro.jpg\",\"keywords\":[\"destaqueprincipal\"],\"articleSection\":[\"Destaques\",\"Esporte\",\"Geral\",\"Todas as Not\u00edcias\"],\"inLanguage\":\"pt-BR\",\"potentialAction\":[{\"@type\":\"CommentAction\",\"name\":\"Comment\",\"target\":[\"https:\/\/noticiaempauta.com\/portal\/cbf-divulga-datas-do-calendario-de-2026-e-da-nova-janela-de-transferencia-veja\/#respond\"]}]},{\"@type\":\"WebPage\",\"@id\":\"https:\/\/noticiaempauta.com\/portal\/cbf-divulga-datas-do-calendario-de-2026-e-da-nova-janela-de-transferencia-veja\/\",\"url\":\"https:\/\/noticiaempauta.com\/portal\/cbf-divulga-datas-do-calendario-de-2026-e-da-nova-janela-de-transferencia-veja\/\",\"name\":\"CBF divulga datas do calend\u00e1rio de 2026 e da nova janela de transfer\u00eancia; veja - Portal Not\u00edcia em Pauta\",\"isPartOf\":{\"@id\":\"https:\/\/noticiaempauta.com\/portal\/#website\"},\"primaryImageOfPage\":{\"@id\":\"https:\/\/noticiaempauta.com\/portal\/cbf-divulga-datas-do-calendario-de-2026-e-da-nova-janela-de-transferencia-veja\/#primaryimage\"},\"image\":{\"@id\":\"https:\/\/noticiaempauta.com\/portal\/cbf-divulga-datas-do-calendario-de-2026-e-da-nova-janela-de-transferencia-veja\/#primaryimage\"},\"thumbnailUrl\":\"https:\/\/noticiaempauta.com\/portal\/wp-content\/uploads\/2025\/10\/Taca_Serie_A_Brasileiro.jpg\",\"datePublished\":\"2025-10-06T11:45:50+00:00\",\"dateModified\":\"2025-10-06T11:45:51+00:00\",\"breadcrumb\":{\"@id\":\"https:\/\/noticiaempauta.com\/portal\/cbf-divulga-datas-do-calendario-de-2026-e-da-nova-janela-de-transferencia-veja\/#breadcrumb\"},\"inLanguage\":\"pt-BR\",\"potentialAction\":[{\"@type\":\"ReadAction\",\"target\":[\"https:\/\/noticiaempauta.com\/portal\/cbf-divulga-datas-do-calendario-de-2026-e-da-nova-janela-de-transferencia-veja\/\"]}]},{\"@type\":\"ImageObject\",\"inLanguage\":\"pt-BR\",\"@id\":\"https:\/\/noticiaempauta.com\/portal\/cbf-divulga-datas-do-calendario-de-2026-e-da-nova-janela-de-transferencia-veja\/#primaryimage\",\"url\":\"https:\/\/noticiaempauta.com\/portal\/wp-content\/uploads\/2025\/10\/Taca_Serie_A_Brasileiro.jpg\",\"contentUrl\":\"https:\/\/noticiaempauta.com\/portal\/wp-content\/uploads\/2025\/10\/Taca_Serie_A_Brasileiro.jpg\",\"width\":1019,\"height\":573},{\"@type\":\"BreadcrumbList\",\"@id\":\"https:\/\/noticiaempauta.com\/portal\/cbf-divulga-datas-do-calendario-de-2026-e-da-nova-janela-de-transferencia-veja\/#breadcrumb\",\"itemListElement\":[{\"@type\":\"ListItem\",\"position\":1,\"name\":\"P\u00e1gina Inicial\",\"item\":\"https:\/\/noticiaempauta.com\/portal\/\"},{\"@type\":\"ListItem\",\"position\":2,\"name\":\"Destaques\",\"item\":\"https:\/\/noticiaempauta.com\/portal\/destaques-site\/\"},{\"@type\":\"ListItem\",\"position\":3,\"name\":\"CBF divulga datas do calend\u00e1rio de 2026 e da nova janela de transfer\u00eancia; veja\"}]},{\"@type\":\"WebSite\",\"@id\":\"https:\/\/noticiaempauta.com\/portal\/#website\",\"url\":\"https:\/\/noticiaempauta.com\/portal\/\",\"name\":\"Portal Not\u00edcia em Pauta\",\"description\":\"Voc\u00ea bem informado\",\"publisher\":{\"@id\":\"https:\/\/noticiaempauta.com\/portal\/#organization\"},\"potentialAction\":[{\"@type\":\"SearchAction\",\"target\":{\"@type\":\"EntryPoint\",\"urlTemplate\":\"https:\/\/noticiaempauta.com\/portal\/?s={search_term_string}\"},\"query-input\":{\"@type\":\"PropertyValueSpecification\",\"valueRequired\":true,\"valueName\":\"search_term_string\"}}],\"inLanguage\":\"pt-BR\"},{\"@type\":\"Organization\",\"@id\":\"https:\/\/noticiaempauta.com\/portal\/#organization\",\"name\":\"Portal Not\u00edcia em Pauta\",\"url\":\"https:\/\/noticiaempauta.com\/portal\/\",\"logo\":{\"@type\":\"ImageObject\",\"inLanguage\":\"pt-BR\",\"@id\":\"https:\/\/noticiaempauta.com\/portal\/#\/schema\/logo\/image\/\",\"url\":\"https:\/\/noticiaempauta.com\/portal\/wp-content\/uploads\/2022\/08\/logomarca_tema.fw_.png\",\"contentUrl\":\"https:\/\/noticiaempauta.com\/portal\/wp-content\/uploads\/2022\/08\/logomarca_tema.fw_.png\",\"width\":400,\"height\":232,\"caption\":\"Portal Not\u00edcia em Pauta\"},\"image\":{\"@id\":\"https:\/\/noticiaempauta.com\/portal\/#\/schema\/logo\/image\/\"},\"sameAs\":[\"https:\/\/www.facebook.com\/Portal-Notcia-Em-Pauta-102292869264820\/\",\"https:\/\/www.instagram.com\/portalnoticiaempauta\/\"]},{\"@type\":\"Person\",\"@id\":\"https:\/\/noticiaempauta.com\/portal\/#\/schema\/person\/a74af43dd1ab3deca45f988c717d57ac\",\"name\":\"Reda\u00e7\u00e3o\",\"image\":{\"@type\":\"ImageObject\",\"inLanguage\":\"pt-BR\",\"@id\":\"https:\/\/noticiaempauta.com\/portal\/#\/schema\/person\/image\/\",\"url\":\"https:\/\/secure.gravatar.com\/avatar\/03179346ecce6cdfc13361603e8f54242a90e5cde8618fa23c5c00aa2b0aadf3?s=96&d=mm&r=g\",\"contentUrl\":\"https:\/\/secure.gravatar.com\/avatar\/03179346ecce6cdfc13361603e8f54242a90e5cde8618fa23c5c00aa2b0aadf3?s=96&d=mm&r=g\",\"caption\":\"Reda\u00e7\u00e3o\"},\"sameAs\":[\"https:\/\/noticiaempauta.com\/portal\/\"],\"url\":\"https:\/\/noticiaempauta.com\/portal\/author\/fernando\/\"}]}<\/script>\n<!-- \/ Yoast SEO Premium plugin. -->","yoast_head_json":{"title":"CBF divulga datas do calend\u00e1rio de 2026 e da nova janela de transfer\u00eancia; veja - Portal Not\u00edcia em Pauta","robots":{"index":"index","follow":"follow","max-snippet":"max-snippet:-1","max-image-preview":"max-image-preview:large","max-video-preview":"max-video-preview:-1"},"canonical":"https:\/\/noticiaempauta.com\/portal\/cbf-divulga-datas-do-calendario-de-2026-e-da-nova-janela-de-transferencia-veja\/","og_locale":"pt_BR","og_type":"article","og_title":"CBF divulga datas do calend\u00e1rio de 2026 e da nova janela de transfer\u00eancia; veja","og_description":"A Confedera\u00e7\u00e3o Brasileira de Futebol (CBF) divulgou as datas de 2026 do\u00a0novo calend\u00e1rio do futebol brasileiro. Na \u00faltima quarta-feira (1\u00ba), o presidente da entidade\u00a0Samir Xaud\u00a0anunciou mudan\u00e7as no formato e no tempo de dura\u00e7\u00e3o de diversas competi\u00e7\u00f5es, al\u00e9m da incorpora\u00e7\u00e3o de novos torneios. Assim, a aposta da CBF \u00e9 de uma valoriza\u00e7\u00e3o dos eventos nacionais, como [&hellip;]","og_url":"https:\/\/noticiaempauta.com\/portal\/cbf-divulga-datas-do-calendario-de-2026-e-da-nova-janela-de-transferencia-veja\/","og_site_name":"Portal Not\u00edcia em Pauta","article_publisher":"https:\/\/www.facebook.com\/Portal-Notcia-Em-Pauta-102292869264820\/","article_published_time":"2025-10-06T11:45:50+00:00","article_modified_time":"2025-10-06T11:45:51+00:00","og_image":[{"width":1019,"height":573,"url":"https:\/\/noticiaempauta.com\/portal\/wp-content\/uploads\/2025\/10\/Taca_Serie_A_Brasileiro.jpg","type":"image\/jpeg"}],"author":"Reda\u00e7\u00e3o","twitter_card":"summary_large_image","twitter_misc":{"Escrito por":"Reda\u00e7\u00e3o","Est. tempo de leitura":"3 minutos"},"schema":{"@context":"https:\/\/schema.org","@graph":[{"@type":"Article","@id":"https:\/\/noticiaempauta.com\/portal\/cbf-divulga-datas-do-calendario-de-2026-e-da-nova-janela-de-transferencia-veja\/#article","isPartOf":{"@id":"https:\/\/noticiaempauta.com\/portal\/cbf-divulga-datas-do-calendario-de-2026-e-da-nova-janela-de-transferencia-veja\/"},"author":{"name":"Reda\u00e7\u00e3o","@id":"https:\/\/noticiaempauta.com\/portal\/#\/schema\/person\/a74af43dd1ab3deca45f988c717d57ac"},"headline":"CBF divulga datas do calend\u00e1rio de 2026 e da nova janela de transfer\u00eancia; veja","datePublished":"2025-10-06T11:45:50+00:00","dateModified":"2025-10-06T11:45:51+00:00","mainEntityOfPage":{"@id":"https:\/\/noticiaempauta.com\/portal\/cbf-divulga-datas-do-calendario-de-2026-e-da-nova-janela-de-transferencia-veja\/"},"wordCount":395,"commentCount":0,"publisher":{"@id":"https:\/\/noticiaempauta.com\/portal\/#organization"},"image":{"@id":"https:\/\/noticiaempauta.com\/portal\/cbf-divulga-datas-do-calendario-de-2026-e-da-nova-janela-de-transferencia-veja\/#primaryimage"},"thumbnailUrl":"https:\/\/noticiaempauta.com\/portal\/wp-content\/uploads\/2025\/10\/Taca_Serie_A_Brasileiro.jpg","keywords":["destaqueprincipal"],"articleSection":["Destaques","Esporte","Geral","Todas as Not\u00edcias"],"inLanguage":"pt-BR","potentialAction":[{"@type":"CommentAction","name":"Comment","target":["https:\/\/noticiaempauta.com\/portal\/cbf-divulga-datas-do-calendario-de-2026-e-da-nova-janela-de-transferencia-veja\/#respond"]}]},{"@type":"WebPage","@id":"https:\/\/noticiaempauta.com\/portal\/cbf-divulga-datas-do-calendario-de-2026-e-da-nova-janela-de-transferencia-veja\/","url":"https:\/\/noticiaempauta.com\/portal\/cbf-divulga-datas-do-calendario-de-2026-e-da-nova-janela-de-transferencia-veja\/","name":"CBF divulga datas do calend\u00e1rio de 2026 e da nova janela de transfer\u00eancia; veja - Portal Not\u00edcia em Pauta","isPartOf":{"@id":"https:\/\/noticiaempauta.com\/portal\/#website"},"primaryImageOfPage":{"@id":"https:\/\/noticiaempauta.com\/portal\/cbf-divulga-datas-do-calendario-de-2026-e-da-nova-janela-de-transferencia-veja\/#primaryimage"},"image":{"@id":"https:\/\/noticiaempauta.com\/portal\/cbf-divulga-datas-do-calendario-de-2026-e-da-nova-janela-de-transferencia-veja\/#primaryimage"},"thumbnailUrl":"https:\/\/noticiaempauta.com\/portal\/wp-content\/uploads\/2025\/10\/Taca_Serie_A_Brasileiro.jpg","datePublished":"2025-10-06T11:45:50+00:00","dateModified":"2025-10-06T11:45:51+00:00","breadcrumb":{"@id":"https:\/\/noticiaempauta.com\/portal\/cbf-divulga-datas-do-calendario-de-2026-e-da-nova-janela-de-transferencia-veja\/#breadcrumb"},"inLanguage":"pt-BR","potentialAction":[{"@type":"ReadAction","target":["https:\/\/noticiaempauta.com\/portal\/cbf-divulga-datas-do-calendario-de-2026-e-da-nova-janela-de-transferencia-veja\/"]}]},{"@type":"ImageObject","inLanguage":"pt-BR","@id":"https:\/\/noticiaempauta.com\/portal\/cbf-divulga-datas-do-calendario-de-2026-e-da-nova-janela-de-transferencia-veja\/#primaryimage","url":"https:\/\/noticiaempauta.com\/portal\/wp-content\/uploads\/2025\/10\/Taca_Serie_A_Brasileiro.jpg","contentUrl":"https:\/\/noticiaempauta.com\/portal\/wp-content\/uploads\/2025\/10\/Taca_Serie_A_Brasileiro.jpg","width":1019,"height":573},{"@type":"BreadcrumbList","@id":"https:\/\/noticiaempauta.com\/portal\/cbf-divulga-datas-do-calendario-de-2026-e-da-nova-janela-de-transferencia-veja\/#breadcrumb","itemListElement":[{"@type":"ListItem","position":1,"name":"P\u00e1gina Inicial","item":"https:\/\/noticiaempauta.com\/portal\/"},{"@type":"ListItem","position":2,"name":"Destaques","item":"https:\/\/noticiaempauta.com\/portal\/destaques-site\/"},{"@type":"ListItem","position":3,"name":"CBF divulga datas do calend\u00e1rio de 2026 e da nova janela de transfer\u00eancia; veja"}]},{"@type":"WebSite","@id":"https:\/\/noticiaempauta.com\/portal\/#website","url":"https:\/\/noticiaempauta.com\/portal\/","name":"Portal Not\u00edcia em Pauta","description":"Voc\u00ea bem informado","publisher":{"@id":"https:\/\/noticiaempauta.com\/portal\/#organization"},"potentialAction":[{"@type":"SearchAction","target":{"@type":"EntryPoint","urlTemplate":"https:\/\/noticiaempauta.com\/portal\/?s={search_term_string}"},"query-input":{"@type":"PropertyValueSpecification","valueRequired":true,"valueName":"search_term_string"}}],"inLanguage":"pt-BR"},{"@type":"Organization","@id":"https:\/\/noticiaempauta.com\/portal\/#organization","name":"Portal Not\u00edcia em Pauta","url":"https:\/\/noticiaempauta.com\/portal\/","logo":{"@type":"ImageObject","inLanguage":"pt-BR","@id":"https:\/\/noticiaempauta.com\/portal\/#\/schema\/logo\/image\/","url":"https:\/\/noticiaempauta.com\/portal\/wp-content\/uploads\/2022\/08\/logomarca_tema.fw_.png","contentUrl":"https:\/\/noticiaempauta.com\/portal\/wp-content\/uploads\/2022\/08\/logomarca_tema.fw_.png","width":400,"height":232,"caption":"Portal Not\u00edcia em Pauta"},"image":{"@id":"https:\/\/noticiaempauta.com\/portal\/#\/schema\/logo\/image\/"},"sameAs":["https:\/\/www.facebook.com\/Portal-Notcia-Em-Pauta-102292869264820\/","https:\/\/www.instagram.com\/portalnoticiaempauta\/"]},{"@type":"Person","@id":"https:\/\/noticiaempauta.com\/portal\/#\/schema\/person\/a74af43dd1ab3deca45f988c717d57ac","name":"Reda\u00e7\u00e3o","image":{"@type":"ImageObject","inLanguage":"pt-BR","@id":"https:\/\/noticiaempauta.com\/portal\/#\/schema\/person\/image\/","url":"https:\/\/secure.gravatar.com\/avatar\/03179346ecce6cdfc13361603e8f54242a90e5cde8618fa23c5c00aa2b0aadf3?s=96&d=mm&r=g","contentUrl":"https:\/\/secure.gravatar.com\/avatar\/03179346ecce6cdfc13361603e8f54242a90e5cde8618fa23c5c00aa2b0aadf3?s=96&d=mm&r=g","caption":"Reda\u00e7\u00e3o"},"sameAs":["https:\/\/noticiaempauta.com\/portal\/"],"url":"https:\/\/noticiaempauta.com\/portal\/author\/fernando\/"}]}},"_links":{"self":[{"href":"https:\/\/noticiaempauta.com\/portal\/wp-json\/wp\/v2\/posts\/278905","targetHints":{"allow":["GET"]}}],"collection":[{"href":"https:\/\/noticiaempauta.com\/portal\/wp-json\/wp\/v2\/posts"}],"about":[{"href":"https:\/\/noticiaempauta.com\/portal\/wp-json\/wp\/v2\/types\/post"}],"author":[{"embeddable":true,"href":"https:\/\/noticiaempauta.com\/portal\/wp-json\/wp\/v2\/users\/2"}],"replies":[{"embeddable":true,"href":"https:\/\/noticiaempauta.com\/portal\/wp-json\/wp\/v2\/comments?post=278905"}],"version-history":[{"count":2,"href":"https:\/\/noticiaempauta.com\/portal\/wp-json\/wp\/v2\/posts\/278905\/revisions"}],"predecessor-version":[{"id":278908,"href":"https:\/\/noticiaempauta.com\/portal\/wp-json\/wp\/v2\/posts\/278905\/revisions\/278908"}],"wp:featuredmedia":[{"embeddable":true,"href":"https:\/\/noticiaempauta.com\/portal\/wp-json\/wp\/v2\/media\/278906"}],"wp:attachment":[{"href":"https:\/\/noticiaempauta.com\/portal\/wp-json\/wp\/v2\/media?parent=278905"}],"wp:term":[{"taxonomy":"category","embeddable":true,"href":"https:\/\/noticiaempauta.com\/portal\/wp-json\/wp\/v2\/categories?post=278905"},{"taxonomy":"post_tag","embeddable":true,"href":"https:\/\/noticiaempauta.com\/portal\/wp-json\/wp\/v2\/tags?post=278905"}],"curies":[{"name":"wp","href":"https:\/\/api.w.org\/{rel}","templated":true}]}}