{"id":278921,"date":"2025-10-06T16:04:50","date_gmt":"2025-10-06T19:04:50","guid":{"rendered":"https:\/\/noticiaempauta.com\/portal\/?p=278921"},"modified":"2025-10-06T16:04:51","modified_gmt":"2025-10-06T19:04:51","slug":"fazenda-da-esperanca-de-itainopolis-celebra-12-anos-de-fundacao","status":"publish","type":"post","link":"https:\/\/noticiaempauta.com\/portal\/fazenda-da-esperanca-de-itainopolis-celebra-12-anos-de-fundacao\/","title":{"rendered":"Fazenda da Esperan\u00e7a de Itain\u00f3polis celebra 12 anos de funda\u00e7\u00e3o"},"content":{"rendered":"\n<p>A Fazenda da Esperan\u00e7a de Itain\u00f3polis celebrou, neste domingo, 05 de outubro, seus 12 anos de funda\u00e7\u00e3o, em conjunto com a tradicional Festa de S\u00e3o Francisco, reunindo fi\u00e9is, familiares e visitantes de diversas cidades da regi\u00e3o de Picos.<\/p>\n\n\n\n<figure class=\"wp-block-image size-large\"><img fetchpriority=\"high\" decoding=\"async\" width=\"1024\" height=\"768\" src=\"https:\/\/noticiaempauta.com\/portal\/wp-content\/uploads\/2025\/10\/21116-1024x768.jpg\" alt=\"\" class=\"wp-image-278922\" srcset=\"https:\/\/noticiaempauta.com\/portal\/wp-content\/uploads\/2025\/10\/21116-1024x768.jpg 1024w, https:\/\/noticiaempauta.com\/portal\/wp-content\/uploads\/2025\/10\/21116-300x225.jpg 300w, https:\/\/noticiaempauta.com\/portal\/wp-content\/uploads\/2025\/10\/21116-768x576.jpg 768w, https:\/\/noticiaempauta.com\/portal\/wp-content\/uploads\/2025\/10\/21116.jpg 1280w\" sizes=\"(max-width: 1024px) 100vw, 1024px\" \/><\/figure>\n\n\n\n<p>A programa\u00e7\u00e3o especial contou com apresenta\u00e7\u00e3o cultural da Capoeira da Esperan\u00e7a, testemunhos de f\u00e9 e supera\u00e7\u00e3o, al\u00e9m de uma pe\u00e7a teatral retratando a vida de S\u00e3o Francisco de Assis, que emocionou o p\u00fablico presente.<\/p>\n\n\n\n<figure class=\"wp-block-image size-full\"><img decoding=\"async\" width=\"640\" height=\"431\" src=\"https:\/\/noticiaempauta.com\/portal\/wp-content\/uploads\/2025\/10\/FA-IMG-b1029666346ba3924a31.jpg\" alt=\"\" class=\"wp-image-278923\" srcset=\"https:\/\/noticiaempauta.com\/portal\/wp-content\/uploads\/2025\/10\/FA-IMG-b1029666346ba3924a31.jpg 640w, https:\/\/noticiaempauta.com\/portal\/wp-content\/uploads\/2025\/10\/FA-IMG-b1029666346ba3924a31-300x202.jpg 300w\" sizes=\"(max-width: 640px) 100vw, 640px\" \/><\/figure>\n\n\n\n<p>O ponto alto da celebra\u00e7\u00e3o foi a Santa Missa, presidida por Dom Pl\u00ednio, bispo da Diocese de Picos, que destacou a import\u00e2ncia da Fazenda da Esperan\u00e7a como espa\u00e7o de acolhimento, espiritualidade e transforma\u00e7\u00e3o de vidas.<\/p>\n\n\n\n<figure class=\"wp-block-image size-large\"><img decoding=\"async\" width=\"1024\" height=\"768\" src=\"https:\/\/noticiaempauta.com\/portal\/wp-content\/uploads\/2025\/10\/7539-1024x768.jpg\" alt=\"\" class=\"wp-image-278924\" srcset=\"https:\/\/noticiaempauta.com\/portal\/wp-content\/uploads\/2025\/10\/7539-1024x768.jpg 1024w, https:\/\/noticiaempauta.com\/portal\/wp-content\/uploads\/2025\/10\/7539-300x225.jpg 300w, https:\/\/noticiaempauta.com\/portal\/wp-content\/uploads\/2025\/10\/7539-768x576.jpg 768w, https:\/\/noticiaempauta.com\/portal\/wp-content\/uploads\/2025\/10\/7539.jpg 1280w\" sizes=\"(max-width: 1024px) 100vw, 1024px\" \/><\/figure>\n\n\n\n<p>O evento tamb\u00e9m contou com a presen\u00e7a de caravanas vindas de diversas comunidades e cidades da regi\u00e3o, refor\u00e7ando o esp\u00edrito de uni\u00e3o e f\u00e9 que marca todos os anos as comemora\u00e7\u00f5es em homenagem a S\u00e3o Francisco.<\/p>\n\n\n\n<figure class=\"wp-block-image size-large\"><img loading=\"lazy\" decoding=\"async\" width=\"1024\" height=\"768\" src=\"https:\/\/noticiaempauta.com\/portal\/wp-content\/uploads\/2025\/10\/8515-1024x768.jpg\" alt=\"\" class=\"wp-image-278925\" srcset=\"https:\/\/noticiaempauta.com\/portal\/wp-content\/uploads\/2025\/10\/8515-1024x768.jpg 1024w, https:\/\/noticiaempauta.com\/portal\/wp-content\/uploads\/2025\/10\/8515-300x225.jpg 300w, https:\/\/noticiaempauta.com\/portal\/wp-content\/uploads\/2025\/10\/8515-768x576.jpg 768w, https:\/\/noticiaempauta.com\/portal\/wp-content\/uploads\/2025\/10\/8515.jpg 1280w\" sizes=\"(max-width: 1024px) 100vw, 1024px\" \/><\/figure>\n\n\n\n<p>Elizenda Feitosa, vice-presidente da Fazenda da Esperan\u00e7a e volunt\u00e1ria desde a funda\u00e7\u00e3o, destacou a alegria de ver tantas vidas transformadas ao longo dos 12 anos de atua\u00e7\u00e3o da institui\u00e7\u00e3o, convidando todos a \u201cvir e ver\u201d as maravilhas que Deus tem realizado.<\/p>\n\n\n\n<figure class=\"wp-block-image size-full\"><img loading=\"lazy\" decoding=\"async\" width=\"958\" height=\"692\" src=\"https:\/\/noticiaempauta.com\/portal\/wp-content\/uploads\/2025\/10\/11719.jpg\" alt=\"\" class=\"wp-image-278926\" srcset=\"https:\/\/noticiaempauta.com\/portal\/wp-content\/uploads\/2025\/10\/11719.jpg 958w, https:\/\/noticiaempauta.com\/portal\/wp-content\/uploads\/2025\/10\/11719-300x217.jpg 300w, https:\/\/noticiaempauta.com\/portal\/wp-content\/uploads\/2025\/10\/11719-768x555.jpg 768w\" sizes=\"(max-width: 958px) 100vw, 958px\" \/><\/figure>\n\n\n\n<p>J\u00e1 R\u00f4mulo Braga, que se recuperou h\u00e1 20 anos e hoje \u00e9 volunt\u00e1rio do Grupo Esperan\u00e7a Viva de Picos, ressaltou a import\u00e2ncia da Fazenda como um sinal do amor de Deus na sociedade, ajudando jovens de diversas regi\u00f5es a reconstru\u00edrem suas vidas e cultivarem as virtudes de humildade e amor, inspiradas em S\u00e3o Francisco.<\/p>\n\n\n\n<figure class=\"wp-block-image size-large\"><img loading=\"lazy\" decoding=\"async\" width=\"1024\" height=\"768\" src=\"https:\/\/noticiaempauta.com\/portal\/wp-content\/uploads\/2025\/10\/11036-1024x768.jpg\" alt=\"\" class=\"wp-image-278927\" srcset=\"https:\/\/noticiaempauta.com\/portal\/wp-content\/uploads\/2025\/10\/11036-1024x768.jpg 1024w, https:\/\/noticiaempauta.com\/portal\/wp-content\/uploads\/2025\/10\/11036-300x225.jpg 300w, https:\/\/noticiaempauta.com\/portal\/wp-content\/uploads\/2025\/10\/11036-768x576.jpg 768w, https:\/\/noticiaempauta.com\/portal\/wp-content\/uploads\/2025\/10\/11036.jpg 1280w\" sizes=\"(max-width: 1024px) 100vw, 1024px\" \/><\/figure>\n\n\n\n<p><strong>Fonte: Folha Atual<\/strong><\/p>\n","protected":false},"excerpt":{"rendered":"<p>A Fazenda da Esperan\u00e7a de Itain\u00f3polis celebrou, neste domingo, 05 de outubro, seus 12 anos de funda\u00e7\u00e3o, em conjunto com a tradicional Festa de S\u00e3o Francisco, reunindo fi\u00e9is, familiares e visitantes de diversas cidades da regi\u00e3o de Picos. A programa\u00e7\u00e3o especial contou com apresenta\u00e7\u00e3o cultural da Capoeira da Esperan\u00e7a, testemunhos de f\u00e9 e supera\u00e7\u00e3o, al\u00e9m [&hellip;]<\/p>\n","protected":false},"author":2,"featured_media":278922,"comment_status":"open","ping_status":"open","sticky":false,"template":"","format":"standard","meta":{"_mi_skip_tracking":false,"footnotes":""},"categories":[25,1,9,16],"tags":[],"class_list":["post-278921","post","type-post","status-publish","format-standard","has-post-thumbnail","hentry","category-destaques-site","category-geral","category-municipios","category-todas"],"acf":[],"yoast_head":"<!-- This site is optimized with the Yoast SEO Premium plugin v19.2 (Yoast SEO v26.9) - https:\/\/yoast.com\/product\/yoast-seo-premium-wordpress\/ -->\n<title>Fazenda da Esperan\u00e7a de Itain\u00f3polis celebra 12 anos de funda\u00e7\u00e3o - Portal Not\u00edcia em Pauta<\/title>\n<meta name=\"robots\" content=\"index, follow, max-snippet:-1, max-image-preview:large, max-video-preview:-1\" \/>\n<link rel=\"canonical\" href=\"https:\/\/noticiaempauta.com\/portal\/fazenda-da-esperanca-de-itainopolis-celebra-12-anos-de-fundacao\/\" \/>\n<meta property=\"og:locale\" content=\"pt_BR\" \/>\n<meta property=\"og:type\" content=\"article\" \/>\n<meta property=\"og:title\" content=\"Fazenda da Esperan\u00e7a de Itain\u00f3polis celebra 12 anos de funda\u00e7\u00e3o\" \/>\n<meta property=\"og:description\" content=\"A Fazenda da Esperan\u00e7a de Itain\u00f3polis celebrou, neste domingo, 05 de outubro, seus 12 anos de funda\u00e7\u00e3o, em conjunto com a tradicional Festa de S\u00e3o Francisco, reunindo fi\u00e9is, familiares e visitantes de diversas cidades da regi\u00e3o de Picos. A programa\u00e7\u00e3o especial contou com apresenta\u00e7\u00e3o cultural da Capoeira da Esperan\u00e7a, testemunhos de f\u00e9 e supera\u00e7\u00e3o, al\u00e9m [&hellip;]\" \/>\n<meta property=\"og:url\" content=\"https:\/\/noticiaempauta.com\/portal\/fazenda-da-esperanca-de-itainopolis-celebra-12-anos-de-fundacao\/\" \/>\n<meta property=\"og:site_name\" content=\"Portal Not\u00edcia em Pauta\" \/>\n<meta property=\"article:publisher\" content=\"https:\/\/www.facebook.com\/Portal-Notcia-Em-Pauta-102292869264820\/\" \/>\n<meta property=\"article:published_time\" content=\"2025-10-06T19:04:50+00:00\" \/>\n<meta property=\"article:modified_time\" content=\"2025-10-06T19:04:51+00:00\" \/>\n<meta property=\"og:image\" content=\"https:\/\/noticiaempauta.com\/portal\/wp-content\/uploads\/2025\/10\/21116.jpg\" \/>\n\t<meta property=\"og:image:width\" content=\"1280\" \/>\n\t<meta property=\"og:image:height\" content=\"960\" \/>\n\t<meta property=\"og:image:type\" content=\"image\/jpeg\" \/>\n<meta name=\"author\" content=\"Reda\u00e7\u00e3o\" \/>\n<meta name=\"twitter:card\" content=\"summary_large_image\" \/>\n<meta name=\"twitter:label1\" content=\"Escrito por\" \/>\n\t<meta name=\"twitter:data1\" content=\"Reda\u00e7\u00e3o\" \/>\n\t<meta name=\"twitter:label2\" content=\"Est. tempo de leitura\" \/>\n\t<meta name=\"twitter:data2\" content=\"3 minutos\" \/>\n<script type=\"application\/ld+json\" class=\"yoast-schema-graph\">{\"@context\":\"https:\/\/schema.org\",\"@graph\":[{\"@type\":\"Article\",\"@id\":\"https:\/\/noticiaempauta.com\/portal\/fazenda-da-esperanca-de-itainopolis-celebra-12-anos-de-fundacao\/#article\",\"isPartOf\":{\"@id\":\"https:\/\/noticiaempauta.com\/portal\/fazenda-da-esperanca-de-itainopolis-celebra-12-anos-de-fundacao\/\"},\"author\":{\"name\":\"Reda\u00e7\u00e3o\",\"@id\":\"https:\/\/noticiaempauta.com\/portal\/#\/schema\/person\/a74af43dd1ab3deca45f988c717d57ac\"},\"headline\":\"Fazenda da Esperan\u00e7a de Itain\u00f3polis celebra 12 anos de funda\u00e7\u00e3o\",\"datePublished\":\"2025-10-06T19:04:50+00:00\",\"dateModified\":\"2025-10-06T19:04:51+00:00\",\"mainEntityOfPage\":{\"@id\":\"https:\/\/noticiaempauta.com\/portal\/fazenda-da-esperanca-de-itainopolis-celebra-12-anos-de-fundacao\/\"},\"wordCount\":288,\"commentCount\":0,\"publisher\":{\"@id\":\"https:\/\/noticiaempauta.com\/portal\/#organization\"},\"image\":{\"@id\":\"https:\/\/noticiaempauta.com\/portal\/fazenda-da-esperanca-de-itainopolis-celebra-12-anos-de-fundacao\/#primaryimage\"},\"thumbnailUrl\":\"https:\/\/noticiaempauta.com\/portal\/wp-content\/uploads\/2025\/10\/21116.jpg\",\"articleSection\":[\"Destaques\",\"Geral\",\"Munic\u00edpios\",\"Todas as Not\u00edcias\"],\"inLanguage\":\"pt-BR\",\"potentialAction\":[{\"@type\":\"CommentAction\",\"name\":\"Comment\",\"target\":[\"https:\/\/noticiaempauta.com\/portal\/fazenda-da-esperanca-de-itainopolis-celebra-12-anos-de-fundacao\/#respond\"]}]},{\"@type\":\"WebPage\",\"@id\":\"https:\/\/noticiaempauta.com\/portal\/fazenda-da-esperanca-de-itainopolis-celebra-12-anos-de-fundacao\/\",\"url\":\"https:\/\/noticiaempauta.com\/portal\/fazenda-da-esperanca-de-itainopolis-celebra-12-anos-de-fundacao\/\",\"name\":\"Fazenda da Esperan\u00e7a de Itain\u00f3polis celebra 12 anos de funda\u00e7\u00e3o - Portal Not\u00edcia em Pauta\",\"isPartOf\":{\"@id\":\"https:\/\/noticiaempauta.com\/portal\/#website\"},\"primaryImageOfPage\":{\"@id\":\"https:\/\/noticiaempauta.com\/portal\/fazenda-da-esperanca-de-itainopolis-celebra-12-anos-de-fundacao\/#primaryimage\"},\"image\":{\"@id\":\"https:\/\/noticiaempauta.com\/portal\/fazenda-da-esperanca-de-itainopolis-celebra-12-anos-de-fundacao\/#primaryimage\"},\"thumbnailUrl\":\"https:\/\/noticiaempauta.com\/portal\/wp-content\/uploads\/2025\/10\/21116.jpg\",\"datePublished\":\"2025-10-06T19:04:50+00:00\",\"dateModified\":\"2025-10-06T19:04:51+00:00\",\"breadcrumb\":{\"@id\":\"https:\/\/noticiaempauta.com\/portal\/fazenda-da-esperanca-de-itainopolis-celebra-12-anos-de-fundacao\/#breadcrumb\"},\"inLanguage\":\"pt-BR\",\"potentialAction\":[{\"@type\":\"ReadAction\",\"target\":[\"https:\/\/noticiaempauta.com\/portal\/fazenda-da-esperanca-de-itainopolis-celebra-12-anos-de-fundacao\/\"]}]},{\"@type\":\"ImageObject\",\"inLanguage\":\"pt-BR\",\"@id\":\"https:\/\/noticiaempauta.com\/portal\/fazenda-da-esperanca-de-itainopolis-celebra-12-anos-de-fundacao\/#primaryimage\",\"url\":\"https:\/\/noticiaempauta.com\/portal\/wp-content\/uploads\/2025\/10\/21116.jpg\",\"contentUrl\":\"https:\/\/noticiaempauta.com\/portal\/wp-content\/uploads\/2025\/10\/21116.jpg\",\"width\":1280,\"height\":960},{\"@type\":\"BreadcrumbList\",\"@id\":\"https:\/\/noticiaempauta.com\/portal\/fazenda-da-esperanca-de-itainopolis-celebra-12-anos-de-fundacao\/#breadcrumb\",\"itemListElement\":[{\"@type\":\"ListItem\",\"position\":1,\"name\":\"P\u00e1gina Inicial\",\"item\":\"https:\/\/noticiaempauta.com\/portal\/\"},{\"@type\":\"ListItem\",\"position\":2,\"name\":\"Destaques\",\"item\":\"https:\/\/noticiaempauta.com\/portal\/destaques-site\/\"},{\"@type\":\"ListItem\",\"position\":3,\"name\":\"Fazenda da Esperan\u00e7a de Itain\u00f3polis celebra 12 anos de funda\u00e7\u00e3o\"}]},{\"@type\":\"WebSite\",\"@id\":\"https:\/\/noticiaempauta.com\/portal\/#website\",\"url\":\"https:\/\/noticiaempauta.com\/portal\/\",\"name\":\"Portal Not\u00edcia em Pauta\",\"description\":\"Voc\u00ea bem informado\",\"publisher\":{\"@id\":\"https:\/\/noticiaempauta.com\/portal\/#organization\"},\"potentialAction\":[{\"@type\":\"SearchAction\",\"target\":{\"@type\":\"EntryPoint\",\"urlTemplate\":\"https:\/\/noticiaempauta.com\/portal\/?s={search_term_string}\"},\"query-input\":{\"@type\":\"PropertyValueSpecification\",\"valueRequired\":true,\"valueName\":\"search_term_string\"}}],\"inLanguage\":\"pt-BR\"},{\"@type\":\"Organization\",\"@id\":\"https:\/\/noticiaempauta.com\/portal\/#organization\",\"name\":\"Portal Not\u00edcia em Pauta\",\"url\":\"https:\/\/noticiaempauta.com\/portal\/\",\"logo\":{\"@type\":\"ImageObject\",\"inLanguage\":\"pt-BR\",\"@id\":\"https:\/\/noticiaempauta.com\/portal\/#\/schema\/logo\/image\/\",\"url\":\"https:\/\/noticiaempauta.com\/portal\/wp-content\/uploads\/2022\/08\/logomarca_tema.fw_.png\",\"contentUrl\":\"https:\/\/noticiaempauta.com\/portal\/wp-content\/uploads\/2022\/08\/logomarca_tema.fw_.png\",\"width\":400,\"height\":232,\"caption\":\"Portal Not\u00edcia em Pauta\"},\"image\":{\"@id\":\"https:\/\/noticiaempauta.com\/portal\/#\/schema\/logo\/image\/\"},\"sameAs\":[\"https:\/\/www.facebook.com\/Portal-Notcia-Em-Pauta-102292869264820\/\",\"https:\/\/www.instagram.com\/portalnoticiaempauta\/\"]},{\"@type\":\"Person\",\"@id\":\"https:\/\/noticiaempauta.com\/portal\/#\/schema\/person\/a74af43dd1ab3deca45f988c717d57ac\",\"name\":\"Reda\u00e7\u00e3o\",\"image\":{\"@type\":\"ImageObject\",\"inLanguage\":\"pt-BR\",\"@id\":\"https:\/\/noticiaempauta.com\/portal\/#\/schema\/person\/image\/\",\"url\":\"https:\/\/secure.gravatar.com\/avatar\/03179346ecce6cdfc13361603e8f54242a90e5cde8618fa23c5c00aa2b0aadf3?s=96&d=mm&r=g\",\"contentUrl\":\"https:\/\/secure.gravatar.com\/avatar\/03179346ecce6cdfc13361603e8f54242a90e5cde8618fa23c5c00aa2b0aadf3?s=96&d=mm&r=g\",\"caption\":\"Reda\u00e7\u00e3o\"},\"sameAs\":[\"https:\/\/noticiaempauta.com\/portal\/\"],\"url\":\"https:\/\/noticiaempauta.com\/portal\/author\/fernando\/\"}]}<\/script>\n<!-- \/ Yoast SEO Premium plugin. -->","yoast_head_json":{"title":"Fazenda da Esperan\u00e7a de Itain\u00f3polis celebra 12 anos de funda\u00e7\u00e3o - Portal Not\u00edcia em Pauta","robots":{"index":"index","follow":"follow","max-snippet":"max-snippet:-1","max-image-preview":"max-image-preview:large","max-video-preview":"max-video-preview:-1"},"canonical":"https:\/\/noticiaempauta.com\/portal\/fazenda-da-esperanca-de-itainopolis-celebra-12-anos-de-fundacao\/","og_locale":"pt_BR","og_type":"article","og_title":"Fazenda da Esperan\u00e7a de Itain\u00f3polis celebra 12 anos de funda\u00e7\u00e3o","og_description":"A Fazenda da Esperan\u00e7a de Itain\u00f3polis celebrou, neste domingo, 05 de outubro, seus 12 anos de funda\u00e7\u00e3o, em conjunto com a tradicional Festa de S\u00e3o Francisco, reunindo fi\u00e9is, familiares e visitantes de diversas cidades da regi\u00e3o de Picos. A programa\u00e7\u00e3o especial contou com apresenta\u00e7\u00e3o cultural da Capoeira da Esperan\u00e7a, testemunhos de f\u00e9 e supera\u00e7\u00e3o, al\u00e9m [&hellip;]","og_url":"https:\/\/noticiaempauta.com\/portal\/fazenda-da-esperanca-de-itainopolis-celebra-12-anos-de-fundacao\/","og_site_name":"Portal Not\u00edcia em Pauta","article_publisher":"https:\/\/www.facebook.com\/Portal-Notcia-Em-Pauta-102292869264820\/","article_published_time":"2025-10-06T19:04:50+00:00","article_modified_time":"2025-10-06T19:04:51+00:00","og_image":[{"width":1280,"height":960,"url":"https:\/\/noticiaempauta.com\/portal\/wp-content\/uploads\/2025\/10\/21116.jpg","type":"image\/jpeg"}],"author":"Reda\u00e7\u00e3o","twitter_card":"summary_large_image","twitter_misc":{"Escrito por":"Reda\u00e7\u00e3o","Est. tempo de leitura":"3 minutos"},"schema":{"@context":"https:\/\/schema.org","@graph":[{"@type":"Article","@id":"https:\/\/noticiaempauta.com\/portal\/fazenda-da-esperanca-de-itainopolis-celebra-12-anos-de-fundacao\/#article","isPartOf":{"@id":"https:\/\/noticiaempauta.com\/portal\/fazenda-da-esperanca-de-itainopolis-celebra-12-anos-de-fundacao\/"},"author":{"name":"Reda\u00e7\u00e3o","@id":"https:\/\/noticiaempauta.com\/portal\/#\/schema\/person\/a74af43dd1ab3deca45f988c717d57ac"},"headline":"Fazenda da Esperan\u00e7a de Itain\u00f3polis celebra 12 anos de funda\u00e7\u00e3o","datePublished":"2025-10-06T19:04:50+00:00","dateModified":"2025-10-06T19:04:51+00:00","mainEntityOfPage":{"@id":"https:\/\/noticiaempauta.com\/portal\/fazenda-da-esperanca-de-itainopolis-celebra-12-anos-de-fundacao\/"},"wordCount":288,"commentCount":0,"publisher":{"@id":"https:\/\/noticiaempauta.com\/portal\/#organization"},"image":{"@id":"https:\/\/noticiaempauta.com\/portal\/fazenda-da-esperanca-de-itainopolis-celebra-12-anos-de-fundacao\/#primaryimage"},"thumbnailUrl":"https:\/\/noticiaempauta.com\/portal\/wp-content\/uploads\/2025\/10\/21116.jpg","articleSection":["Destaques","Geral","Munic\u00edpios","Todas as Not\u00edcias"],"inLanguage":"pt-BR","potentialAction":[{"@type":"CommentAction","name":"Comment","target":["https:\/\/noticiaempauta.com\/portal\/fazenda-da-esperanca-de-itainopolis-celebra-12-anos-de-fundacao\/#respond"]}]},{"@type":"WebPage","@id":"https:\/\/noticiaempauta.com\/portal\/fazenda-da-esperanca-de-itainopolis-celebra-12-anos-de-fundacao\/","url":"https:\/\/noticiaempauta.com\/portal\/fazenda-da-esperanca-de-itainopolis-celebra-12-anos-de-fundacao\/","name":"Fazenda da Esperan\u00e7a de Itain\u00f3polis celebra 12 anos de funda\u00e7\u00e3o - Portal Not\u00edcia em Pauta","isPartOf":{"@id":"https:\/\/noticiaempauta.com\/portal\/#website"},"primaryImageOfPage":{"@id":"https:\/\/noticiaempauta.com\/portal\/fazenda-da-esperanca-de-itainopolis-celebra-12-anos-de-fundacao\/#primaryimage"},"image":{"@id":"https:\/\/noticiaempauta.com\/portal\/fazenda-da-esperanca-de-itainopolis-celebra-12-anos-de-fundacao\/#primaryimage"},"thumbnailUrl":"https:\/\/noticiaempauta.com\/portal\/wp-content\/uploads\/2025\/10\/21116.jpg","datePublished":"2025-10-06T19:04:50+00:00","dateModified":"2025-10-06T19:04:51+00:00","breadcrumb":{"@id":"https:\/\/noticiaempauta.com\/portal\/fazenda-da-esperanca-de-itainopolis-celebra-12-anos-de-fundacao\/#breadcrumb"},"inLanguage":"pt-BR","potentialAction":[{"@type":"ReadAction","target":["https:\/\/noticiaempauta.com\/portal\/fazenda-da-esperanca-de-itainopolis-celebra-12-anos-de-fundacao\/"]}]},{"@type":"ImageObject","inLanguage":"pt-BR","@id":"https:\/\/noticiaempauta.com\/portal\/fazenda-da-esperanca-de-itainopolis-celebra-12-anos-de-fundacao\/#primaryimage","url":"https:\/\/noticiaempauta.com\/portal\/wp-content\/uploads\/2025\/10\/21116.jpg","contentUrl":"https:\/\/noticiaempauta.com\/portal\/wp-content\/uploads\/2025\/10\/21116.jpg","width":1280,"height":960},{"@type":"BreadcrumbList","@id":"https:\/\/noticiaempauta.com\/portal\/fazenda-da-esperanca-de-itainopolis-celebra-12-anos-de-fundacao\/#breadcrumb","itemListElement":[{"@type":"ListItem","position":1,"name":"P\u00e1gina Inicial","item":"https:\/\/noticiaempauta.com\/portal\/"},{"@type":"ListItem","position":2,"name":"Destaques","item":"https:\/\/noticiaempauta.com\/portal\/destaques-site\/"},{"@type":"ListItem","position":3,"name":"Fazenda da Esperan\u00e7a de Itain\u00f3polis celebra 12 anos de funda\u00e7\u00e3o"}]},{"@type":"WebSite","@id":"https:\/\/noticiaempauta.com\/portal\/#website","url":"https:\/\/noticiaempauta.com\/portal\/","name":"Portal Not\u00edcia em Pauta","description":"Voc\u00ea bem informado","publisher":{"@id":"https:\/\/noticiaempauta.com\/portal\/#organization"},"potentialAction":[{"@type":"SearchAction","target":{"@type":"EntryPoint","urlTemplate":"https:\/\/noticiaempauta.com\/portal\/?s={search_term_string}"},"query-input":{"@type":"PropertyValueSpecification","valueRequired":true,"valueName":"search_term_string"}}],"inLanguage":"pt-BR"},{"@type":"Organization","@id":"https:\/\/noticiaempauta.com\/portal\/#organization","name":"Portal Not\u00edcia em Pauta","url":"https:\/\/noticiaempauta.com\/portal\/","logo":{"@type":"ImageObject","inLanguage":"pt-BR","@id":"https:\/\/noticiaempauta.com\/portal\/#\/schema\/logo\/image\/","url":"https:\/\/noticiaempauta.com\/portal\/wp-content\/uploads\/2022\/08\/logomarca_tema.fw_.png","contentUrl":"https:\/\/noticiaempauta.com\/portal\/wp-content\/uploads\/2022\/08\/logomarca_tema.fw_.png","width":400,"height":232,"caption":"Portal Not\u00edcia em Pauta"},"image":{"@id":"https:\/\/noticiaempauta.com\/portal\/#\/schema\/logo\/image\/"},"sameAs":["https:\/\/www.facebook.com\/Portal-Notcia-Em-Pauta-102292869264820\/","https:\/\/www.instagram.com\/portalnoticiaempauta\/"]},{"@type":"Person","@id":"https:\/\/noticiaempauta.com\/portal\/#\/schema\/person\/a74af43dd1ab3deca45f988c717d57ac","name":"Reda\u00e7\u00e3o","image":{"@type":"ImageObject","inLanguage":"pt-BR","@id":"https:\/\/noticiaempauta.com\/portal\/#\/schema\/person\/image\/","url":"https:\/\/secure.gravatar.com\/avatar\/03179346ecce6cdfc13361603e8f54242a90e5cde8618fa23c5c00aa2b0aadf3?s=96&d=mm&r=g","contentUrl":"https:\/\/secure.gravatar.com\/avatar\/03179346ecce6cdfc13361603e8f54242a90e5cde8618fa23c5c00aa2b0aadf3?s=96&d=mm&r=g","caption":"Reda\u00e7\u00e3o"},"sameAs":["https:\/\/noticiaempauta.com\/portal\/"],"url":"https:\/\/noticiaempauta.com\/portal\/author\/fernando\/"}]}},"_links":{"self":[{"href":"https:\/\/noticiaempauta.com\/portal\/wp-json\/wp\/v2\/posts\/278921","targetHints":{"allow":["GET"]}}],"collection":[{"href":"https:\/\/noticiaempauta.com\/portal\/wp-json\/wp\/v2\/posts"}],"about":[{"href":"https:\/\/noticiaempauta.com\/portal\/wp-json\/wp\/v2\/types\/post"}],"author":[{"embeddable":true,"href":"https:\/\/noticiaempauta.com\/portal\/wp-json\/wp\/v2\/users\/2"}],"replies":[{"embeddable":true,"href":"https:\/\/noticiaempauta.com\/portal\/wp-json\/wp\/v2\/comments?post=278921"}],"version-history":[{"count":2,"href":"https:\/\/noticiaempauta.com\/portal\/wp-json\/wp\/v2\/posts\/278921\/revisions"}],"predecessor-version":[{"id":278929,"href":"https:\/\/noticiaempauta.com\/portal\/wp-json\/wp\/v2\/posts\/278921\/revisions\/278929"}],"wp:featuredmedia":[{"embeddable":true,"href":"https:\/\/noticiaempauta.com\/portal\/wp-json\/wp\/v2\/media\/278922"}],"wp:attachment":[{"href":"https:\/\/noticiaempauta.com\/portal\/wp-json\/wp\/v2\/media?parent=278921"}],"wp:term":[{"taxonomy":"category","embeddable":true,"href":"https:\/\/noticiaempauta.com\/portal\/wp-json\/wp\/v2\/categories?post=278921"},{"taxonomy":"post_tag","embeddable":true,"href":"https:\/\/noticiaempauta.com\/portal\/wp-json\/wp\/v2\/tags?post=278921"}],"curies":[{"name":"wp","href":"https:\/\/api.w.org\/{rel}","templated":true}]}}