{"id":279016,"date":"2025-10-09T09:05:22","date_gmt":"2025-10-09T12:05:22","guid":{"rendered":"https:\/\/noticiaempauta.com\/portal\/?p=279016"},"modified":"2025-10-09T09:05:23","modified_gmt":"2025-10-09T12:05:23","slug":"estudo-confirma-viabilidade-preliminar-da-transposicao-do-sao-francisco-no-piaui","status":"publish","type":"post","link":"https:\/\/noticiaempauta.com\/portal\/estudo-confirma-viabilidade-preliminar-da-transposicao-do-sao-francisco-no-piaui\/","title":{"rendered":"Estudo confirma viabilidade preliminar da transposi\u00e7\u00e3o do S\u00e3o Francisco no Piau\u00ed"},"content":{"rendered":"\n<p>Um estudo t\u00e9cnico elaborado pelo\u00a0Minist\u00e9rio da Integra\u00e7\u00e3o e do Desenvolvimento Regional\u00a0confirmou a viabilidade preliminar da transposi\u00e7\u00e3o das \u00e1guas do\u00a0Rio S\u00e3o Francisco para o semi\u00e1rido piauiense. A Nota T\u00e9cnica do Estudo de Viabilidade T\u00e9cnica, Econ\u00f4mica e Ambiental (EVTEA) do Canal de Integra\u00e7\u00e3o do Sert\u00e3o Piauiense apresenta alternativas para captar \u00e1gua no Lago de Sobradinho, na Bahia, e conduzir at\u00e9 as bacias dos rios Piau\u00ed e Canind\u00e9, beneficiando diretamente a regi\u00e3o da fronteira seca do Estado.<\/p>\n\n\n\n<figure class=\"wp-block-image size-large\"><img fetchpriority=\"high\" decoding=\"async\" width=\"1024\" height=\"613\" src=\"https:\/\/noticiaempauta.com\/portal\/wp-content\/uploads\/2025\/10\/rio_sao_francisco_transposicao-1024x613.jpg\" alt=\"\" class=\"wp-image-279017\" srcset=\"https:\/\/noticiaempauta.com\/portal\/wp-content\/uploads\/2025\/10\/rio_sao_francisco_transposicao-1024x613.jpg 1024w, https:\/\/noticiaempauta.com\/portal\/wp-content\/uploads\/2025\/10\/rio_sao_francisco_transposicao-300x179.jpg 300w, https:\/\/noticiaempauta.com\/portal\/wp-content\/uploads\/2025\/10\/rio_sao_francisco_transposicao-768x459.jpg 768w, https:\/\/noticiaempauta.com\/portal\/wp-content\/uploads\/2025\/10\/rio_sao_francisco_transposicao.jpg 1170w\" sizes=\"(max-width: 1024px) 100vw, 1024px\" \/><figcaption class=\"wp-element-caption\"><em>Foto: Minist\u00e9rio da Integra\u00e7\u00e3o<\/em><\/figcaption><\/figure>\n\n\n\n<p>O Cidadeverde.com teve acesso na \u00edntegra ao estudo. Pelo cronograma at\u00e9 o final de 2026 o estudo dever\u00e1 ser conclu\u00eddo e a pr\u00f3xima etapa para a estrutura\u00e7\u00e3o do projeto dever\u00e1 ser finalizada. &nbsp;<\/p>\n\n\n\n<p>De acordo com o documento, o volume necess\u00e1rio para garantir seguran\u00e7a h\u00eddrica na regi\u00e3o \u00e9 de 30 metros c\u00fabicos por segundo. A proposta prev\u00ea a constru\u00e7\u00e3o de esta\u00e7\u00f5es de bombeamento, t\u00faneis e canais, transpondo a Serra Dois Irm\u00e3os, que separa os estados da Bahia e do Piau\u00ed. A \u00e1gua seria conduzida at\u00e9 o sistema de a\u00e7udes que inclui as barragens Petr\u00f4nio Portela, Jenipapo, Pedra Redonda, Po\u00e7o de Marru\u00e1, Estreito e Piaus, alcan\u00e7ando munic\u00edpios como Paulistana, Sim\u00f5es, Caridade e S\u00e3o Jo\u00e3o do Piau\u00ed.<\/p>\n\n\n\n<p>O estudo aponta que, uma vez implantado, o canal permitir\u00e1 o abastecimento regular de cerca de 600 mil pessoas e a irriga\u00e7\u00e3o de 13 mil hectares, refor\u00e7ando a produ\u00e7\u00e3o agr\u00edcola e o desenvolvimento regional. O projeto \u00e9 classificado como estrat\u00e9gico pelo Plano Nacional de Seguran\u00e7a H\u00eddrica e integra a\u00e7\u00f5es de longo prazo do governo federal para reduzir os efeitos da seca no Nordeste.<\/p>\n\n\n\n<p>O documento resgata ainda quatro d\u00e9cadas de an\u00e1lises sobre alternativas de interliga\u00e7\u00e3o h\u00eddrica. Desde o primeiro estudo do Cons\u00f3rcio Noronha\/Hidroterra, em 1981, at\u00e9 o Plano Estadual de Recursos H\u00eddricos do Piau\u00ed, atualizado em 2024, a proposta de&nbsp;<a href=\"https:\/\/www.gov.br\/mdr\/pt-br\/assuntos\/seguranca-hidrica\/projeto-sao-francisco\">transposi\u00e7\u00e3o do S\u00e3o Francisco&nbsp;<\/a>figura entre as principais solu\u00e7\u00f5es estruturais para enfrentar a escassez de \u00e1gua no semi\u00e1rido.<\/p>\n\n\n\n<p>Entre as alternativas avaliadas, a capta\u00e7\u00e3o no Lago de Sobradinho \u00e9 considerada a mais vi\u00e1vel t\u00e9cnica e economicamente. As demais, envolvendo as bacias dos rios Gurgu\u00e9ia, Parna\u00edba e Tocantins, dependem de maior disponibilidade h\u00eddrica e investimentos em infraestrutura complementar.<\/p>\n\n\n\n<p>O\u00a0Minist\u00e9rio da Integra\u00e7\u00e3o\u00a0ressalta que, al\u00e9m de garantir o abastecimento humano e agr\u00edcola, o empreendimento fortalecer\u00e1 polos produtivos e tur\u00edsticos dos territ\u00f3rios do Vale do Canind\u00e9, Vale do Itaim e Serra da Capivara. A pr\u00f3xima etapa ser\u00e1 a conclus\u00e3o do EVTEA completo, que definir\u00e1 o tra\u00e7ado final, o impacto ambiental e o custo total da obra.<\/p>\n\n\n\n<p>O Canal do Sert\u00e3o Piauiense \u00e9 apontado como uma das nove interven\u00e7\u00f5es priorit\u00e1rias de seguran\u00e7a h\u00eddrica do pa\u00eds e, segundo o estudo, representa<\/p>\n\n\n\n<blockquote class=\"wp-block-quote is-layout-flow wp-block-quote-is-layout-flow\">\n<p>\u201cUm passo decisivo para transformar a realidade do semi\u00e1rido, assegurando disponibilidade de \u00e1gua para as pr\u00f3ximas gera\u00e7\u00f5es\u201d.<\/p>\n\n\n\n<h2 class=\"wp-block-heading\">In\u00edcio das visitas<\/h2>\n\n\n\n<p>Segundo o Minist\u00e9rio da Integra\u00e7\u00e3o, as equipes iniciaram nesta segunda-feira (6) visitas aos munic\u00edpios beneficiados para dialogar com prefeitos, lideran\u00e7as comunit\u00e1rias, entidades locais e produtores rurais. A partir dessas visitas, ser\u00e3o colhidas informa\u00e7\u00f5es para a elabora\u00e7\u00e3o final do projeto executivo. O diretor do Departamento de Projetos do Minist\u00e9rio, Bruno Cravo Alves, afirmou que o trabalho de campo ser\u00e1 fundamental para adequar o projeto \u00e0s realidades locais.<\/p>\n\n\n\n<p>O deputado estadual Franz\u00e9 Silva, que coordena politicamente o projeto no estado, destacou que a Secretaria Especial do Programa de Acelera\u00e7\u00e3o do Crescimento (PAC) deve deliberar nos pr\u00f3ximos dias sobre a inclus\u00e3o do estudo no Novo PAC.<\/p>\n\n\n\n<p>\u201cA transposi\u00e7\u00e3o \u00e9 n\u00e3o apenas necess\u00e1ria, mas urgente, diante do agravamento dos efeitos da seca no Piau\u00ed. \u00c9 uma a\u00e7\u00e3o de justi\u00e7a h\u00eddrica que pode transformar a vida de milhares de piauienses\u201d, afirmou o parlamentar.<\/p>\n\n\n\n<h2 class=\"wp-block-heading\">Serra da Capivara<\/h2>\n\n\n\n<p>Em entrevista concedida nesta ter\u00e7a-feira (07), o deputado estadual Gil Carlos, que acompanhou de perto o processo de elabora\u00e7\u00e3o do estudo, ressaltou o impacto hist\u00f3rico da iniciativa.<\/p>\n\n\n\n<p>\u201c\u00c9 uma grande not\u00edcia para os piauienses, especialmente para os que vivem nos territ\u00f3rios mais afetados pela estiagem, como o Vale do Itaim, o Vale do Guaribas e o territ\u00f3rio Serra da Capivara. Essa \u00e9 uma luta que nasceu aqui na Assembleia, liderada pelo ent\u00e3o presidente Franz\u00e9, e agora ganha respaldo t\u00e9cnico e ambiental. O estudo confirma que \u00e9 poss\u00edvel executar a transposi\u00e7\u00e3o, e isso ter\u00e1 um impacto enorme na seguran\u00e7a h\u00eddrica dessas regi\u00f5es\u201d, declarou.<\/p>\n\n\n\n<p><strong>Fonte: Cidade Verde<\/strong><\/p>\n<\/blockquote>\n\n\n\n<p><\/p>\n","protected":false},"excerpt":{"rendered":"<p>Um estudo t\u00e9cnico elaborado pelo\u00a0Minist\u00e9rio da Integra\u00e7\u00e3o e do Desenvolvimento Regional\u00a0confirmou a viabilidade preliminar da transposi\u00e7\u00e3o das \u00e1guas do\u00a0Rio S\u00e3o Francisco para o semi\u00e1rido piauiense. A Nota T\u00e9cnica do Estudo de Viabilidade T\u00e9cnica, Econ\u00f4mica e Ambiental (EVTEA) do Canal de Integra\u00e7\u00e3o do Sert\u00e3o Piauiense apresenta alternativas para captar \u00e1gua no Lago de Sobradinho, na Bahia, [&hellip;]<\/p>\n","protected":false},"author":2,"featured_media":279017,"comment_status":"open","ping_status":"open","sticky":false,"template":"","format":"standard","meta":{"_mi_skip_tracking":false,"footnotes":""},"categories":[25,1,9,16],"tags":[192],"class_list":["post-279016","post","type-post","status-publish","format-standard","has-post-thumbnail","hentry","category-destaques-site","category-geral","category-municipios","category-todas","tag-destaqueprincipal"],"acf":[],"yoast_head":"<!-- This site is optimized with the Yoast SEO Premium plugin v19.2 (Yoast SEO v26.9) - https:\/\/yoast.com\/product\/yoast-seo-premium-wordpress\/ -->\n<title>Estudo confirma viabilidade preliminar da transposi\u00e7\u00e3o do S\u00e3o Francisco no Piau\u00ed - Portal Not\u00edcia em Pauta<\/title>\n<meta name=\"robots\" content=\"index, follow, max-snippet:-1, max-image-preview:large, max-video-preview:-1\" \/>\n<link rel=\"canonical\" href=\"https:\/\/noticiaempauta.com\/portal\/estudo-confirma-viabilidade-preliminar-da-transposicao-do-sao-francisco-no-piaui\/\" \/>\n<meta property=\"og:locale\" content=\"pt_BR\" \/>\n<meta property=\"og:type\" content=\"article\" \/>\n<meta property=\"og:title\" content=\"Estudo confirma viabilidade preliminar da transposi\u00e7\u00e3o do S\u00e3o Francisco no Piau\u00ed\" \/>\n<meta property=\"og:description\" content=\"Um estudo t\u00e9cnico elaborado pelo\u00a0Minist\u00e9rio da Integra\u00e7\u00e3o e do Desenvolvimento Regional\u00a0confirmou a viabilidade preliminar da transposi\u00e7\u00e3o das \u00e1guas do\u00a0Rio S\u00e3o Francisco para o semi\u00e1rido piauiense. A Nota T\u00e9cnica do Estudo de Viabilidade T\u00e9cnica, Econ\u00f4mica e Ambiental (EVTEA) do Canal de Integra\u00e7\u00e3o do Sert\u00e3o Piauiense apresenta alternativas para captar \u00e1gua no Lago de Sobradinho, na Bahia, [&hellip;]\" \/>\n<meta property=\"og:url\" content=\"https:\/\/noticiaempauta.com\/portal\/estudo-confirma-viabilidade-preliminar-da-transposicao-do-sao-francisco-no-piaui\/\" \/>\n<meta property=\"og:site_name\" content=\"Portal Not\u00edcia em Pauta\" \/>\n<meta property=\"article:publisher\" content=\"https:\/\/www.facebook.com\/Portal-Notcia-Em-Pauta-102292869264820\/\" \/>\n<meta property=\"article:published_time\" content=\"2025-10-09T12:05:22+00:00\" \/>\n<meta property=\"article:modified_time\" content=\"2025-10-09T12:05:23+00:00\" \/>\n<meta property=\"og:image\" content=\"https:\/\/noticiaempauta.com\/portal\/wp-content\/uploads\/2025\/10\/rio_sao_francisco_transposicao.jpg\" \/>\n\t<meta property=\"og:image:width\" content=\"1170\" \/>\n\t<meta property=\"og:image:height\" content=\"700\" \/>\n\t<meta property=\"og:image:type\" content=\"image\/jpeg\" \/>\n<meta name=\"author\" content=\"Reda\u00e7\u00e3o\" \/>\n<meta name=\"twitter:card\" content=\"summary_large_image\" \/>\n<meta name=\"twitter:label1\" content=\"Escrito por\" \/>\n\t<meta name=\"twitter:data1\" content=\"Reda\u00e7\u00e3o\" \/>\n\t<meta name=\"twitter:label2\" content=\"Est. tempo de leitura\" \/>\n\t<meta name=\"twitter:data2\" content=\"3 minutos\" \/>\n<script type=\"application\/ld+json\" class=\"yoast-schema-graph\">{\"@context\":\"https:\/\/schema.org\",\"@graph\":[{\"@type\":\"Article\",\"@id\":\"https:\/\/noticiaempauta.com\/portal\/estudo-confirma-viabilidade-preliminar-da-transposicao-do-sao-francisco-no-piaui\/#article\",\"isPartOf\":{\"@id\":\"https:\/\/noticiaempauta.com\/portal\/estudo-confirma-viabilidade-preliminar-da-transposicao-do-sao-francisco-no-piaui\/\"},\"author\":{\"name\":\"Reda\u00e7\u00e3o\",\"@id\":\"https:\/\/noticiaempauta.com\/portal\/#\/schema\/person\/a74af43dd1ab3deca45f988c717d57ac\"},\"headline\":\"Estudo confirma viabilidade preliminar da transposi\u00e7\u00e3o do S\u00e3o Francisco no Piau\u00ed\",\"datePublished\":\"2025-10-09T12:05:22+00:00\",\"dateModified\":\"2025-10-09T12:05:23+00:00\",\"mainEntityOfPage\":{\"@id\":\"https:\/\/noticiaempauta.com\/portal\/estudo-confirma-viabilidade-preliminar-da-transposicao-do-sao-francisco-no-piaui\/\"},\"wordCount\":807,\"commentCount\":0,\"publisher\":{\"@id\":\"https:\/\/noticiaempauta.com\/portal\/#organization\"},\"image\":{\"@id\":\"https:\/\/noticiaempauta.com\/portal\/estudo-confirma-viabilidade-preliminar-da-transposicao-do-sao-francisco-no-piaui\/#primaryimage\"},\"thumbnailUrl\":\"https:\/\/noticiaempauta.com\/portal\/wp-content\/uploads\/2025\/10\/rio_sao_francisco_transposicao.jpg\",\"keywords\":[\"destaqueprincipal\"],\"articleSection\":[\"Destaques\",\"Geral\",\"Munic\u00edpios\",\"Todas as Not\u00edcias\"],\"inLanguage\":\"pt-BR\",\"potentialAction\":[{\"@type\":\"CommentAction\",\"name\":\"Comment\",\"target\":[\"https:\/\/noticiaempauta.com\/portal\/estudo-confirma-viabilidade-preliminar-da-transposicao-do-sao-francisco-no-piaui\/#respond\"]}]},{\"@type\":\"WebPage\",\"@id\":\"https:\/\/noticiaempauta.com\/portal\/estudo-confirma-viabilidade-preliminar-da-transposicao-do-sao-francisco-no-piaui\/\",\"url\":\"https:\/\/noticiaempauta.com\/portal\/estudo-confirma-viabilidade-preliminar-da-transposicao-do-sao-francisco-no-piaui\/\",\"name\":\"Estudo confirma viabilidade preliminar da transposi\u00e7\u00e3o do S\u00e3o Francisco no Piau\u00ed - Portal Not\u00edcia em Pauta\",\"isPartOf\":{\"@id\":\"https:\/\/noticiaempauta.com\/portal\/#website\"},\"primaryImageOfPage\":{\"@id\":\"https:\/\/noticiaempauta.com\/portal\/estudo-confirma-viabilidade-preliminar-da-transposicao-do-sao-francisco-no-piaui\/#primaryimage\"},\"image\":{\"@id\":\"https:\/\/noticiaempauta.com\/portal\/estudo-confirma-viabilidade-preliminar-da-transposicao-do-sao-francisco-no-piaui\/#primaryimage\"},\"thumbnailUrl\":\"https:\/\/noticiaempauta.com\/portal\/wp-content\/uploads\/2025\/10\/rio_sao_francisco_transposicao.jpg\",\"datePublished\":\"2025-10-09T12:05:22+00:00\",\"dateModified\":\"2025-10-09T12:05:23+00:00\",\"breadcrumb\":{\"@id\":\"https:\/\/noticiaempauta.com\/portal\/estudo-confirma-viabilidade-preliminar-da-transposicao-do-sao-francisco-no-piaui\/#breadcrumb\"},\"inLanguage\":\"pt-BR\",\"potentialAction\":[{\"@type\":\"ReadAction\",\"target\":[\"https:\/\/noticiaempauta.com\/portal\/estudo-confirma-viabilidade-preliminar-da-transposicao-do-sao-francisco-no-piaui\/\"]}]},{\"@type\":\"ImageObject\",\"inLanguage\":\"pt-BR\",\"@id\":\"https:\/\/noticiaempauta.com\/portal\/estudo-confirma-viabilidade-preliminar-da-transposicao-do-sao-francisco-no-piaui\/#primaryimage\",\"url\":\"https:\/\/noticiaempauta.com\/portal\/wp-content\/uploads\/2025\/10\/rio_sao_francisco_transposicao.jpg\",\"contentUrl\":\"https:\/\/noticiaempauta.com\/portal\/wp-content\/uploads\/2025\/10\/rio_sao_francisco_transposicao.jpg\",\"width\":1170,\"height\":700},{\"@type\":\"BreadcrumbList\",\"@id\":\"https:\/\/noticiaempauta.com\/portal\/estudo-confirma-viabilidade-preliminar-da-transposicao-do-sao-francisco-no-piaui\/#breadcrumb\",\"itemListElement\":[{\"@type\":\"ListItem\",\"position\":1,\"name\":\"P\u00e1gina Inicial\",\"item\":\"https:\/\/noticiaempauta.com\/portal\/\"},{\"@type\":\"ListItem\",\"position\":2,\"name\":\"Destaques\",\"item\":\"https:\/\/noticiaempauta.com\/portal\/destaques-site\/\"},{\"@type\":\"ListItem\",\"position\":3,\"name\":\"Estudo confirma viabilidade preliminar da transposi\u00e7\u00e3o do S\u00e3o Francisco no Piau\u00ed\"}]},{\"@type\":\"WebSite\",\"@id\":\"https:\/\/noticiaempauta.com\/portal\/#website\",\"url\":\"https:\/\/noticiaempauta.com\/portal\/\",\"name\":\"Portal Not\u00edcia em Pauta\",\"description\":\"Voc\u00ea bem informado\",\"publisher\":{\"@id\":\"https:\/\/noticiaempauta.com\/portal\/#organization\"},\"potentialAction\":[{\"@type\":\"SearchAction\",\"target\":{\"@type\":\"EntryPoint\",\"urlTemplate\":\"https:\/\/noticiaempauta.com\/portal\/?s={search_term_string}\"},\"query-input\":{\"@type\":\"PropertyValueSpecification\",\"valueRequired\":true,\"valueName\":\"search_term_string\"}}],\"inLanguage\":\"pt-BR\"},{\"@type\":\"Organization\",\"@id\":\"https:\/\/noticiaempauta.com\/portal\/#organization\",\"name\":\"Portal Not\u00edcia em Pauta\",\"url\":\"https:\/\/noticiaempauta.com\/portal\/\",\"logo\":{\"@type\":\"ImageObject\",\"inLanguage\":\"pt-BR\",\"@id\":\"https:\/\/noticiaempauta.com\/portal\/#\/schema\/logo\/image\/\",\"url\":\"https:\/\/noticiaempauta.com\/portal\/wp-content\/uploads\/2022\/08\/logomarca_tema.fw_.png\",\"contentUrl\":\"https:\/\/noticiaempauta.com\/portal\/wp-content\/uploads\/2022\/08\/logomarca_tema.fw_.png\",\"width\":400,\"height\":232,\"caption\":\"Portal Not\u00edcia em Pauta\"},\"image\":{\"@id\":\"https:\/\/noticiaempauta.com\/portal\/#\/schema\/logo\/image\/\"},\"sameAs\":[\"https:\/\/www.facebook.com\/Portal-Notcia-Em-Pauta-102292869264820\/\",\"https:\/\/www.instagram.com\/portalnoticiaempauta\/\"]},{\"@type\":\"Person\",\"@id\":\"https:\/\/noticiaempauta.com\/portal\/#\/schema\/person\/a74af43dd1ab3deca45f988c717d57ac\",\"name\":\"Reda\u00e7\u00e3o\",\"image\":{\"@type\":\"ImageObject\",\"inLanguage\":\"pt-BR\",\"@id\":\"https:\/\/noticiaempauta.com\/portal\/#\/schema\/person\/image\/\",\"url\":\"https:\/\/secure.gravatar.com\/avatar\/03179346ecce6cdfc13361603e8f54242a90e5cde8618fa23c5c00aa2b0aadf3?s=96&d=mm&r=g\",\"contentUrl\":\"https:\/\/secure.gravatar.com\/avatar\/03179346ecce6cdfc13361603e8f54242a90e5cde8618fa23c5c00aa2b0aadf3?s=96&d=mm&r=g\",\"caption\":\"Reda\u00e7\u00e3o\"},\"sameAs\":[\"https:\/\/noticiaempauta.com\/portal\/\"],\"url\":\"https:\/\/noticiaempauta.com\/portal\/author\/fernando\/\"}]}<\/script>\n<!-- \/ Yoast SEO Premium plugin. -->","yoast_head_json":{"title":"Estudo confirma viabilidade preliminar da transposi\u00e7\u00e3o do S\u00e3o Francisco no Piau\u00ed - Portal Not\u00edcia em Pauta","robots":{"index":"index","follow":"follow","max-snippet":"max-snippet:-1","max-image-preview":"max-image-preview:large","max-video-preview":"max-video-preview:-1"},"canonical":"https:\/\/noticiaempauta.com\/portal\/estudo-confirma-viabilidade-preliminar-da-transposicao-do-sao-francisco-no-piaui\/","og_locale":"pt_BR","og_type":"article","og_title":"Estudo confirma viabilidade preliminar da transposi\u00e7\u00e3o do S\u00e3o Francisco no Piau\u00ed","og_description":"Um estudo t\u00e9cnico elaborado pelo\u00a0Minist\u00e9rio da Integra\u00e7\u00e3o e do Desenvolvimento Regional\u00a0confirmou a viabilidade preliminar da transposi\u00e7\u00e3o das \u00e1guas do\u00a0Rio S\u00e3o Francisco para o semi\u00e1rido piauiense. A Nota T\u00e9cnica do Estudo de Viabilidade T\u00e9cnica, Econ\u00f4mica e Ambiental (EVTEA) do Canal de Integra\u00e7\u00e3o do Sert\u00e3o Piauiense apresenta alternativas para captar \u00e1gua no Lago de Sobradinho, na Bahia, [&hellip;]","og_url":"https:\/\/noticiaempauta.com\/portal\/estudo-confirma-viabilidade-preliminar-da-transposicao-do-sao-francisco-no-piaui\/","og_site_name":"Portal Not\u00edcia em Pauta","article_publisher":"https:\/\/www.facebook.com\/Portal-Notcia-Em-Pauta-102292869264820\/","article_published_time":"2025-10-09T12:05:22+00:00","article_modified_time":"2025-10-09T12:05:23+00:00","og_image":[{"width":1170,"height":700,"url":"https:\/\/noticiaempauta.com\/portal\/wp-content\/uploads\/2025\/10\/rio_sao_francisco_transposicao.jpg","type":"image\/jpeg"}],"author":"Reda\u00e7\u00e3o","twitter_card":"summary_large_image","twitter_misc":{"Escrito por":"Reda\u00e7\u00e3o","Est. tempo de leitura":"3 minutos"},"schema":{"@context":"https:\/\/schema.org","@graph":[{"@type":"Article","@id":"https:\/\/noticiaempauta.com\/portal\/estudo-confirma-viabilidade-preliminar-da-transposicao-do-sao-francisco-no-piaui\/#article","isPartOf":{"@id":"https:\/\/noticiaempauta.com\/portal\/estudo-confirma-viabilidade-preliminar-da-transposicao-do-sao-francisco-no-piaui\/"},"author":{"name":"Reda\u00e7\u00e3o","@id":"https:\/\/noticiaempauta.com\/portal\/#\/schema\/person\/a74af43dd1ab3deca45f988c717d57ac"},"headline":"Estudo confirma viabilidade preliminar da transposi\u00e7\u00e3o do S\u00e3o Francisco no Piau\u00ed","datePublished":"2025-10-09T12:05:22+00:00","dateModified":"2025-10-09T12:05:23+00:00","mainEntityOfPage":{"@id":"https:\/\/noticiaempauta.com\/portal\/estudo-confirma-viabilidade-preliminar-da-transposicao-do-sao-francisco-no-piaui\/"},"wordCount":807,"commentCount":0,"publisher":{"@id":"https:\/\/noticiaempauta.com\/portal\/#organization"},"image":{"@id":"https:\/\/noticiaempauta.com\/portal\/estudo-confirma-viabilidade-preliminar-da-transposicao-do-sao-francisco-no-piaui\/#primaryimage"},"thumbnailUrl":"https:\/\/noticiaempauta.com\/portal\/wp-content\/uploads\/2025\/10\/rio_sao_francisco_transposicao.jpg","keywords":["destaqueprincipal"],"articleSection":["Destaques","Geral","Munic\u00edpios","Todas as Not\u00edcias"],"inLanguage":"pt-BR","potentialAction":[{"@type":"CommentAction","name":"Comment","target":["https:\/\/noticiaempauta.com\/portal\/estudo-confirma-viabilidade-preliminar-da-transposicao-do-sao-francisco-no-piaui\/#respond"]}]},{"@type":"WebPage","@id":"https:\/\/noticiaempauta.com\/portal\/estudo-confirma-viabilidade-preliminar-da-transposicao-do-sao-francisco-no-piaui\/","url":"https:\/\/noticiaempauta.com\/portal\/estudo-confirma-viabilidade-preliminar-da-transposicao-do-sao-francisco-no-piaui\/","name":"Estudo confirma viabilidade preliminar da transposi\u00e7\u00e3o do S\u00e3o Francisco no Piau\u00ed - Portal Not\u00edcia em Pauta","isPartOf":{"@id":"https:\/\/noticiaempauta.com\/portal\/#website"},"primaryImageOfPage":{"@id":"https:\/\/noticiaempauta.com\/portal\/estudo-confirma-viabilidade-preliminar-da-transposicao-do-sao-francisco-no-piaui\/#primaryimage"},"image":{"@id":"https:\/\/noticiaempauta.com\/portal\/estudo-confirma-viabilidade-preliminar-da-transposicao-do-sao-francisco-no-piaui\/#primaryimage"},"thumbnailUrl":"https:\/\/noticiaempauta.com\/portal\/wp-content\/uploads\/2025\/10\/rio_sao_francisco_transposicao.jpg","datePublished":"2025-10-09T12:05:22+00:00","dateModified":"2025-10-09T12:05:23+00:00","breadcrumb":{"@id":"https:\/\/noticiaempauta.com\/portal\/estudo-confirma-viabilidade-preliminar-da-transposicao-do-sao-francisco-no-piaui\/#breadcrumb"},"inLanguage":"pt-BR","potentialAction":[{"@type":"ReadAction","target":["https:\/\/noticiaempauta.com\/portal\/estudo-confirma-viabilidade-preliminar-da-transposicao-do-sao-francisco-no-piaui\/"]}]},{"@type":"ImageObject","inLanguage":"pt-BR","@id":"https:\/\/noticiaempauta.com\/portal\/estudo-confirma-viabilidade-preliminar-da-transposicao-do-sao-francisco-no-piaui\/#primaryimage","url":"https:\/\/noticiaempauta.com\/portal\/wp-content\/uploads\/2025\/10\/rio_sao_francisco_transposicao.jpg","contentUrl":"https:\/\/noticiaempauta.com\/portal\/wp-content\/uploads\/2025\/10\/rio_sao_francisco_transposicao.jpg","width":1170,"height":700},{"@type":"BreadcrumbList","@id":"https:\/\/noticiaempauta.com\/portal\/estudo-confirma-viabilidade-preliminar-da-transposicao-do-sao-francisco-no-piaui\/#breadcrumb","itemListElement":[{"@type":"ListItem","position":1,"name":"P\u00e1gina Inicial","item":"https:\/\/noticiaempauta.com\/portal\/"},{"@type":"ListItem","position":2,"name":"Destaques","item":"https:\/\/noticiaempauta.com\/portal\/destaques-site\/"},{"@type":"ListItem","position":3,"name":"Estudo confirma viabilidade preliminar da transposi\u00e7\u00e3o do S\u00e3o Francisco no Piau\u00ed"}]},{"@type":"WebSite","@id":"https:\/\/noticiaempauta.com\/portal\/#website","url":"https:\/\/noticiaempauta.com\/portal\/","name":"Portal Not\u00edcia em Pauta","description":"Voc\u00ea bem informado","publisher":{"@id":"https:\/\/noticiaempauta.com\/portal\/#organization"},"potentialAction":[{"@type":"SearchAction","target":{"@type":"EntryPoint","urlTemplate":"https:\/\/noticiaempauta.com\/portal\/?s={search_term_string}"},"query-input":{"@type":"PropertyValueSpecification","valueRequired":true,"valueName":"search_term_string"}}],"inLanguage":"pt-BR"},{"@type":"Organization","@id":"https:\/\/noticiaempauta.com\/portal\/#organization","name":"Portal Not\u00edcia em Pauta","url":"https:\/\/noticiaempauta.com\/portal\/","logo":{"@type":"ImageObject","inLanguage":"pt-BR","@id":"https:\/\/noticiaempauta.com\/portal\/#\/schema\/logo\/image\/","url":"https:\/\/noticiaempauta.com\/portal\/wp-content\/uploads\/2022\/08\/logomarca_tema.fw_.png","contentUrl":"https:\/\/noticiaempauta.com\/portal\/wp-content\/uploads\/2022\/08\/logomarca_tema.fw_.png","width":400,"height":232,"caption":"Portal Not\u00edcia em Pauta"},"image":{"@id":"https:\/\/noticiaempauta.com\/portal\/#\/schema\/logo\/image\/"},"sameAs":["https:\/\/www.facebook.com\/Portal-Notcia-Em-Pauta-102292869264820\/","https:\/\/www.instagram.com\/portalnoticiaempauta\/"]},{"@type":"Person","@id":"https:\/\/noticiaempauta.com\/portal\/#\/schema\/person\/a74af43dd1ab3deca45f988c717d57ac","name":"Reda\u00e7\u00e3o","image":{"@type":"ImageObject","inLanguage":"pt-BR","@id":"https:\/\/noticiaempauta.com\/portal\/#\/schema\/person\/image\/","url":"https:\/\/secure.gravatar.com\/avatar\/03179346ecce6cdfc13361603e8f54242a90e5cde8618fa23c5c00aa2b0aadf3?s=96&d=mm&r=g","contentUrl":"https:\/\/secure.gravatar.com\/avatar\/03179346ecce6cdfc13361603e8f54242a90e5cde8618fa23c5c00aa2b0aadf3?s=96&d=mm&r=g","caption":"Reda\u00e7\u00e3o"},"sameAs":["https:\/\/noticiaempauta.com\/portal\/"],"url":"https:\/\/noticiaempauta.com\/portal\/author\/fernando\/"}]}},"_links":{"self":[{"href":"https:\/\/noticiaempauta.com\/portal\/wp-json\/wp\/v2\/posts\/279016","targetHints":{"allow":["GET"]}}],"collection":[{"href":"https:\/\/noticiaempauta.com\/portal\/wp-json\/wp\/v2\/posts"}],"about":[{"href":"https:\/\/noticiaempauta.com\/portal\/wp-json\/wp\/v2\/types\/post"}],"author":[{"embeddable":true,"href":"https:\/\/noticiaempauta.com\/portal\/wp-json\/wp\/v2\/users\/2"}],"replies":[{"embeddable":true,"href":"https:\/\/noticiaempauta.com\/portal\/wp-json\/wp\/v2\/comments?post=279016"}],"version-history":[{"count":2,"href":"https:\/\/noticiaempauta.com\/portal\/wp-json\/wp\/v2\/posts\/279016\/revisions"}],"predecessor-version":[{"id":279019,"href":"https:\/\/noticiaempauta.com\/portal\/wp-json\/wp\/v2\/posts\/279016\/revisions\/279019"}],"wp:featuredmedia":[{"embeddable":true,"href":"https:\/\/noticiaempauta.com\/portal\/wp-json\/wp\/v2\/media\/279017"}],"wp:attachment":[{"href":"https:\/\/noticiaempauta.com\/portal\/wp-json\/wp\/v2\/media?parent=279016"}],"wp:term":[{"taxonomy":"category","embeddable":true,"href":"https:\/\/noticiaempauta.com\/portal\/wp-json\/wp\/v2\/categories?post=279016"},{"taxonomy":"post_tag","embeddable":true,"href":"https:\/\/noticiaempauta.com\/portal\/wp-json\/wp\/v2\/tags?post=279016"}],"curies":[{"name":"wp","href":"https:\/\/api.w.org\/{rel}","templated":true}]}}