{"id":280253,"date":"2025-11-05T08:49:47","date_gmt":"2025-11-05T11:49:47","guid":{"rendered":"https:\/\/noticiaempauta.com\/portal\/?p=280253"},"modified":"2025-11-05T08:49:48","modified_gmt":"2025-11-05T11:49:48","slug":"empresarios-e-ex-vereador-de-teresina-sao-investigados-por-lavagem-em-postos-de-combustiveis","status":"publish","type":"post","link":"https:\/\/noticiaempauta.com\/portal\/empresarios-e-ex-vereador-de-teresina-sao-investigados-por-lavagem-em-postos-de-combustiveis\/","title":{"rendered":"Empres\u00e1rios e ex-vereador de Teresina s\u00e3o investigados por lavagem em postos de combust\u00edveis"},"content":{"rendered":"\n<p>A Pol\u00edcia Civil do Piau\u00ed cumpriu, na tarde de ter\u00e7a-feira (4), pelo menos\u00a0dez mandados de busca e apreens\u00e3o em Teresina e em outros munic\u00edpios do Estado, durante a\u00a0<strong>Opera\u00e7\u00e3o Carbono Oculto 86<\/strong>, que investiga a infiltra\u00e7\u00e3o da fac\u00e7\u00e3o criminosa Primeiro Comando da Capital (PCC) no setor de combust\u00edveis.\u00a0<\/p>\n\n\n\n<figure class=\"wp-block-image size-full\"><img fetchpriority=\"high\" decoding=\"async\" width=\"960\" height=\"845\" src=\"https:\/\/noticiaempauta.com\/portal\/wp-content\/uploads\/2025\/11\/carbono_oculto_pi_1-1.jpg\" alt=\"\" class=\"wp-image-280255\" srcset=\"https:\/\/noticiaempauta.com\/portal\/wp-content\/uploads\/2025\/11\/carbono_oculto_pi_1-1.jpg 960w, https:\/\/noticiaempauta.com\/portal\/wp-content\/uploads\/2025\/11\/carbono_oculto_pi_1-1-300x264.jpg 300w, https:\/\/noticiaempauta.com\/portal\/wp-content\/uploads\/2025\/11\/carbono_oculto_pi_1-1-768x676.jpg 768w\" sizes=\"(max-width: 960px) 100vw, 960px\" \/><figcaption class=\"wp-element-caption\">(Fotos: SSP-PI)<\/figcaption><\/figure>\n\n\n\n<p>Entre os alvos est\u00e3o empres\u00e1rios, suas esposas e o ex-vereador e ex-secret\u00e1rio municipal de Rela\u00e7\u00f5es Institucionais\u00a0de Teresina, Victor Linhares (PP),\u00a0tamb\u00e9m teve endere\u00e7os ligados a ele inclu\u00eddos nas buscas.\u00a0<\/p>\n\n\n\n<p>A reportagem buscou contato com o ex-vereador para esclarecimentos a respeito da investiga\u00e7\u00e3o. O espa\u00e7o segue aberto para manifesta\u00e7\u00f5es e posicionamentos.<\/p>\n\n\n\n<figure class=\"wp-block-image size-large\"><img decoding=\"async\" width=\"1024\" height=\"576\" src=\"https:\/\/noticiaempauta.com\/portal\/wp-content\/uploads\/2025\/11\/carbono_oculto_pi_3-1024x576.jpg\" alt=\"\" class=\"wp-image-280257\" srcset=\"https:\/\/noticiaempauta.com\/portal\/wp-content\/uploads\/2025\/11\/carbono_oculto_pi_3-1024x576.jpg 1024w, https:\/\/noticiaempauta.com\/portal\/wp-content\/uploads\/2025\/11\/carbono_oculto_pi_3-300x169.jpg 300w, https:\/\/noticiaempauta.com\/portal\/wp-content\/uploads\/2025\/11\/carbono_oculto_pi_3-768x432.jpg 768w, https:\/\/noticiaempauta.com\/portal\/wp-content\/uploads\/2025\/11\/carbono_oculto_pi_3.jpg 1280w\" sizes=\"(max-width: 1024px) 100vw, 1024px\" \/><\/figure>\n\n\n\n<p>De acordo com as investiga\u00e7\u00f5es, empres\u00e1rios piauienses, s\u00f3cios de duas redes de postos de combust\u00edveis, seriam respons\u00e1veis por movimenta\u00e7\u00f5es financeiras ligadas a um esquema nacional de lavagem de dinheiro, fraude e oculta\u00e7\u00e3o de patrim\u00f4nio.<\/p>\n\n\n\n<p>Durante as dilig\u00eancias, quatro ve\u00edculos e diversos documentos foram apreendidos e encaminhados \u00e0 sede da SSP onde est\u00e3o sendo analisados pelo Laborat\u00f3rio de Lavagem de Dinheiro.<\/p>\n\n\n\n<figure class=\"wp-block-image size-full\"><img decoding=\"async\" width=\"798\" height=\"474\" src=\"https:\/\/noticiaempauta.com\/portal\/wp-content\/uploads\/2025\/11\/carbono_oculto_pi_1.png\" alt=\"\" class=\"wp-image-280256\" srcset=\"https:\/\/noticiaempauta.com\/portal\/wp-content\/uploads\/2025\/11\/carbono_oculto_pi_1.png 798w, https:\/\/noticiaempauta.com\/portal\/wp-content\/uploads\/2025\/11\/carbono_oculto_pi_1-300x178.png 300w, https:\/\/noticiaempauta.com\/portal\/wp-content\/uploads\/2025\/11\/carbono_oculto_pi_1-768x456.png 768w\" sizes=\"(max-width: 798px) 100vw, 798px\" \/><\/figure>\n\n\n\n<p>As dilig\u00eancias no Piau\u00ed s\u00e3o um desdobramento da opera\u00e7\u00e3o deflagrada em agosto de 2025, que envolveu for\u00e7as policiais em oito estados brasileiros. O cruzamento de informa\u00e7\u00f5es indicou que o grupo criminoso utilizava empresas de fachada, fundos de investimento e fintech para movimentar recursos il\u00edcitos por meio do setor de combust\u00edveis,\u00a0que teria registrado uma movimenta\u00e7\u00e3o superior a R$ 52 bilh\u00f5es entre 2020 e 2024.<\/p>\n\n\n\n<h2 class=\"wp-block-heading\"><strong>Postos de combust\u00edveis s\u00e3o interditados&nbsp;<\/strong><\/h2>\n\n\n\n<p>A opera\u00e7\u00e3o teve continuidade na manh\u00e3 desta quarta-feira (5), com a\u00a0interdi\u00e7\u00e3o de 49 postos de combust\u00edveis em 11 munic\u00edpios piauienses, entre eles <strong>Teresina, Lagoa do Piau\u00ed, Demerval Lob\u00e3o, Miguel Le\u00e3o, Altos, Picos, Canto do Buriti, Dom Inoc\u00eancio, Uru\u00e7u\u00ed, Parna\u00edba e S\u00e3o Jo\u00e3o da Fronteira<\/strong>.<\/p>\n\n\n\n<p>O Instituto de Metrologia do Piau\u00ed (IMEPI) tamb\u00e9m participa da opera\u00e7\u00e3o, investigando poss\u00edveis fraudes em bombas de combust\u00edveis. Den\u00fancias relatam casos em que consumidores teriam pago por quantidades de combust\u00edvel superiores \u00e0 capacidade real dos tanques de seus ve\u00edculos. O IMEPI e a Delegacia de Crimes contra a Ordem Tribut\u00e1ria (DECCOTERC) apuram a suspeita de adultera\u00e7\u00e3o e manipula\u00e7\u00e3o nos sistemas de medi\u00e7\u00e3o dos postos.<\/p>\n\n\n\n<p>As medidas cautelares tamb\u00e9m atingem postos nas cidades de Peritor\u00f3, Caxias, Alto Alegre e S\u00e3o Raimundo das Mangabeiras, no Maranh\u00e3o, al\u00e9m de S\u00e3o Miguel do Tocantins, no Tocantins.<\/p>\n\n\n\n<p>Segundo a SSP-PI, as a\u00e7\u00f5es no Piau\u00ed foram antecipadas ap\u00f3s movimenta\u00e7\u00f5es detectadas pelos setores de intelig\u00eancia, o que levou ao cumprimento imediato das ordens judiciais.\u00a0Todo o material recolhido foi registrado sob a coordena\u00e7\u00e3o do delegado Franc\u00edrio Queiroz, respons\u00e1vel pela parte cartor\u00e1ria da opera\u00e7\u00e3o.<\/p>\n\n\n\n<p><strong>At\u00e9 o momento, n\u00e3o houve pris\u00f5es,<\/strong>&nbsp;mas os investigadores consideram fortes os ind\u00edcios de liga\u00e7\u00e3o entre os empres\u00e1rios locais e o esquema nacional desarticulado pela Opera\u00e7\u00e3o Carbono Oculto.<\/p>\n\n\n\n<p>A a\u00e7\u00e3o foi coordenada pela Secretaria de Seguran\u00e7a P\u00fablica do Piau\u00ed (SSP-PI) e contou com o apoio do Departamento de Repress\u00e3o \u00e0s A\u00e7\u00f5es Criminosas Organizadas (Draco), do Grupo de Atua\u00e7\u00e3o Especial de Combate ao Crime Organizado (Gaeco) e de laborat\u00f3rios de intelig\u00eancia financeira.<\/p>\n\n\n\n<p><strong>Fonte: Cidade Verde<\/strong><\/p>\n","protected":false},"excerpt":{"rendered":"<p>A Pol\u00edcia Civil do Piau\u00ed cumpriu, na tarde de ter\u00e7a-feira (4), pelo menos\u00a0dez mandados de busca e apreens\u00e3o em Teresina e em outros munic\u00edpios do Estado, durante a\u00a0Opera\u00e7\u00e3o Carbono Oculto 86, que investiga a infiltra\u00e7\u00e3o da fac\u00e7\u00e3o criminosa Primeiro Comando da Capital (PCC) no setor de combust\u00edveis.\u00a0 Entre os alvos est\u00e3o empres\u00e1rios, suas esposas e [&hellip;]<\/p>\n","protected":false},"author":2,"featured_media":280254,"comment_status":"open","ping_status":"open","sticky":false,"template":"","format":"standard","meta":{"_mi_skip_tracking":false,"footnotes":""},"categories":[25,1,9,137,16],"tags":[192],"class_list":["post-280253","post","type-post","status-publish","format-standard","has-post-thumbnail","hentry","category-destaques-site","category-geral","category-municipios","category-policia","category-todas","tag-destaqueprincipal"],"acf":[],"yoast_head":"<!-- This site is optimized with the Yoast SEO Premium plugin v19.2 (Yoast SEO v26.9) - https:\/\/yoast.com\/product\/yoast-seo-premium-wordpress\/ -->\n<title>Empres\u00e1rios e ex-vereador de Teresina s\u00e3o investigados por lavagem em postos de combust\u00edveis - Portal Not\u00edcia em Pauta<\/title>\n<meta name=\"robots\" content=\"index, follow, max-snippet:-1, max-image-preview:large, max-video-preview:-1\" \/>\n<link rel=\"canonical\" href=\"https:\/\/noticiaempauta.com\/portal\/empresarios-e-ex-vereador-de-teresina-sao-investigados-por-lavagem-em-postos-de-combustiveis\/\" \/>\n<meta property=\"og:locale\" content=\"pt_BR\" \/>\n<meta property=\"og:type\" content=\"article\" \/>\n<meta property=\"og:title\" content=\"Empres\u00e1rios e ex-vereador de Teresina s\u00e3o investigados por lavagem em postos de combust\u00edveis\" \/>\n<meta property=\"og:description\" content=\"A Pol\u00edcia Civil do Piau\u00ed cumpriu, na tarde de ter\u00e7a-feira (4), pelo menos\u00a0dez mandados de busca e apreens\u00e3o em Teresina e em outros munic\u00edpios do Estado, durante a\u00a0Opera\u00e7\u00e3o Carbono Oculto 86, que investiga a infiltra\u00e7\u00e3o da fac\u00e7\u00e3o criminosa Primeiro Comando da Capital (PCC) no setor de combust\u00edveis.\u00a0 Entre os alvos est\u00e3o empres\u00e1rios, suas esposas e [&hellip;]\" \/>\n<meta property=\"og:url\" content=\"https:\/\/noticiaempauta.com\/portal\/empresarios-e-ex-vereador-de-teresina-sao-investigados-por-lavagem-em-postos-de-combustiveis\/\" \/>\n<meta property=\"og:site_name\" content=\"Portal Not\u00edcia em Pauta\" \/>\n<meta property=\"article:publisher\" content=\"https:\/\/www.facebook.com\/Portal-Notcia-Em-Pauta-102292869264820\/\" \/>\n<meta property=\"article:published_time\" content=\"2025-11-05T11:49:47+00:00\" \/>\n<meta property=\"article:modified_time\" content=\"2025-11-05T11:49:48+00:00\" \/>\n<meta property=\"og:image\" content=\"https:\/\/noticiaempauta.com\/portal\/wp-content\/uploads\/2025\/11\/carbono_oculto_pi_1.jpg\" \/>\n\t<meta property=\"og:image:width\" content=\"960\" \/>\n\t<meta property=\"og:image:height\" content=\"845\" \/>\n\t<meta property=\"og:image:type\" content=\"image\/jpeg\" \/>\n<meta name=\"author\" content=\"Reda\u00e7\u00e3o\" \/>\n<meta name=\"twitter:card\" content=\"summary_large_image\" \/>\n<meta name=\"twitter:label1\" content=\"Escrito por\" \/>\n\t<meta name=\"twitter:data1\" content=\"Reda\u00e7\u00e3o\" \/>\n\t<meta name=\"twitter:label2\" content=\"Est. tempo de leitura\" \/>\n\t<meta name=\"twitter:data2\" content=\"4 minutos\" \/>\n<script type=\"application\/ld+json\" class=\"yoast-schema-graph\">{\"@context\":\"https:\/\/schema.org\",\"@graph\":[{\"@type\":\"Article\",\"@id\":\"https:\/\/noticiaempauta.com\/portal\/empresarios-e-ex-vereador-de-teresina-sao-investigados-por-lavagem-em-postos-de-combustiveis\/#article\",\"isPartOf\":{\"@id\":\"https:\/\/noticiaempauta.com\/portal\/empresarios-e-ex-vereador-de-teresina-sao-investigados-por-lavagem-em-postos-de-combustiveis\/\"},\"author\":{\"name\":\"Reda\u00e7\u00e3o\",\"@id\":\"https:\/\/noticiaempauta.com\/portal\/#\/schema\/person\/a74af43dd1ab3deca45f988c717d57ac\"},\"headline\":\"Empres\u00e1rios e ex-vereador de Teresina s\u00e3o investigados por lavagem em postos de combust\u00edveis\",\"datePublished\":\"2025-11-05T11:49:47+00:00\",\"dateModified\":\"2025-11-05T11:49:48+00:00\",\"mainEntityOfPage\":{\"@id\":\"https:\/\/noticiaempauta.com\/portal\/empresarios-e-ex-vereador-de-teresina-sao-investigados-por-lavagem-em-postos-de-combustiveis\/\"},\"wordCount\":584,\"commentCount\":0,\"publisher\":{\"@id\":\"https:\/\/noticiaempauta.com\/portal\/#organization\"},\"image\":{\"@id\":\"https:\/\/noticiaempauta.com\/portal\/empresarios-e-ex-vereador-de-teresina-sao-investigados-por-lavagem-em-postos-de-combustiveis\/#primaryimage\"},\"thumbnailUrl\":\"https:\/\/noticiaempauta.com\/portal\/wp-content\/uploads\/2025\/11\/carbono_oculto_pi_1.jpg\",\"keywords\":[\"destaqueprincipal\"],\"articleSection\":[\"Destaques\",\"Geral\",\"Munic\u00edpios\",\"Pol\u00edcia\",\"Todas as Not\u00edcias\"],\"inLanguage\":\"pt-BR\",\"potentialAction\":[{\"@type\":\"CommentAction\",\"name\":\"Comment\",\"target\":[\"https:\/\/noticiaempauta.com\/portal\/empresarios-e-ex-vereador-de-teresina-sao-investigados-por-lavagem-em-postos-de-combustiveis\/#respond\"]}]},{\"@type\":\"WebPage\",\"@id\":\"https:\/\/noticiaempauta.com\/portal\/empresarios-e-ex-vereador-de-teresina-sao-investigados-por-lavagem-em-postos-de-combustiveis\/\",\"url\":\"https:\/\/noticiaempauta.com\/portal\/empresarios-e-ex-vereador-de-teresina-sao-investigados-por-lavagem-em-postos-de-combustiveis\/\",\"name\":\"Empres\u00e1rios e ex-vereador de Teresina s\u00e3o investigados por lavagem em postos de combust\u00edveis - Portal Not\u00edcia em Pauta\",\"isPartOf\":{\"@id\":\"https:\/\/noticiaempauta.com\/portal\/#website\"},\"primaryImageOfPage\":{\"@id\":\"https:\/\/noticiaempauta.com\/portal\/empresarios-e-ex-vereador-de-teresina-sao-investigados-por-lavagem-em-postos-de-combustiveis\/#primaryimage\"},\"image\":{\"@id\":\"https:\/\/noticiaempauta.com\/portal\/empresarios-e-ex-vereador-de-teresina-sao-investigados-por-lavagem-em-postos-de-combustiveis\/#primaryimage\"},\"thumbnailUrl\":\"https:\/\/noticiaempauta.com\/portal\/wp-content\/uploads\/2025\/11\/carbono_oculto_pi_1.jpg\",\"datePublished\":\"2025-11-05T11:49:47+00:00\",\"dateModified\":\"2025-11-05T11:49:48+00:00\",\"breadcrumb\":{\"@id\":\"https:\/\/noticiaempauta.com\/portal\/empresarios-e-ex-vereador-de-teresina-sao-investigados-por-lavagem-em-postos-de-combustiveis\/#breadcrumb\"},\"inLanguage\":\"pt-BR\",\"potentialAction\":[{\"@type\":\"ReadAction\",\"target\":[\"https:\/\/noticiaempauta.com\/portal\/empresarios-e-ex-vereador-de-teresina-sao-investigados-por-lavagem-em-postos-de-combustiveis\/\"]}]},{\"@type\":\"ImageObject\",\"inLanguage\":\"pt-BR\",\"@id\":\"https:\/\/noticiaempauta.com\/portal\/empresarios-e-ex-vereador-de-teresina-sao-investigados-por-lavagem-em-postos-de-combustiveis\/#primaryimage\",\"url\":\"https:\/\/noticiaempauta.com\/portal\/wp-content\/uploads\/2025\/11\/carbono_oculto_pi_1.jpg\",\"contentUrl\":\"https:\/\/noticiaempauta.com\/portal\/wp-content\/uploads\/2025\/11\/carbono_oculto_pi_1.jpg\",\"width\":960,\"height\":845},{\"@type\":\"BreadcrumbList\",\"@id\":\"https:\/\/noticiaempauta.com\/portal\/empresarios-e-ex-vereador-de-teresina-sao-investigados-por-lavagem-em-postos-de-combustiveis\/#breadcrumb\",\"itemListElement\":[{\"@type\":\"ListItem\",\"position\":1,\"name\":\"P\u00e1gina Inicial\",\"item\":\"https:\/\/noticiaempauta.com\/portal\/\"},{\"@type\":\"ListItem\",\"position\":2,\"name\":\"Destaques\",\"item\":\"https:\/\/noticiaempauta.com\/portal\/destaques-site\/\"},{\"@type\":\"ListItem\",\"position\":3,\"name\":\"Empres\u00e1rios e ex-vereador de Teresina s\u00e3o investigados por lavagem em postos de combust\u00edveis\"}]},{\"@type\":\"WebSite\",\"@id\":\"https:\/\/noticiaempauta.com\/portal\/#website\",\"url\":\"https:\/\/noticiaempauta.com\/portal\/\",\"name\":\"Portal Not\u00edcia em Pauta\",\"description\":\"Voc\u00ea bem informado\",\"publisher\":{\"@id\":\"https:\/\/noticiaempauta.com\/portal\/#organization\"},\"potentialAction\":[{\"@type\":\"SearchAction\",\"target\":{\"@type\":\"EntryPoint\",\"urlTemplate\":\"https:\/\/noticiaempauta.com\/portal\/?s={search_term_string}\"},\"query-input\":{\"@type\":\"PropertyValueSpecification\",\"valueRequired\":true,\"valueName\":\"search_term_string\"}}],\"inLanguage\":\"pt-BR\"},{\"@type\":\"Organization\",\"@id\":\"https:\/\/noticiaempauta.com\/portal\/#organization\",\"name\":\"Portal Not\u00edcia em Pauta\",\"url\":\"https:\/\/noticiaempauta.com\/portal\/\",\"logo\":{\"@type\":\"ImageObject\",\"inLanguage\":\"pt-BR\",\"@id\":\"https:\/\/noticiaempauta.com\/portal\/#\/schema\/logo\/image\/\",\"url\":\"https:\/\/noticiaempauta.com\/portal\/wp-content\/uploads\/2022\/08\/logomarca_tema.fw_.png\",\"contentUrl\":\"https:\/\/noticiaempauta.com\/portal\/wp-content\/uploads\/2022\/08\/logomarca_tema.fw_.png\",\"width\":400,\"height\":232,\"caption\":\"Portal Not\u00edcia em Pauta\"},\"image\":{\"@id\":\"https:\/\/noticiaempauta.com\/portal\/#\/schema\/logo\/image\/\"},\"sameAs\":[\"https:\/\/www.facebook.com\/Portal-Notcia-Em-Pauta-102292869264820\/\",\"https:\/\/www.instagram.com\/portalnoticiaempauta\/\"]},{\"@type\":\"Person\",\"@id\":\"https:\/\/noticiaempauta.com\/portal\/#\/schema\/person\/a74af43dd1ab3deca45f988c717d57ac\",\"name\":\"Reda\u00e7\u00e3o\",\"image\":{\"@type\":\"ImageObject\",\"inLanguage\":\"pt-BR\",\"@id\":\"https:\/\/noticiaempauta.com\/portal\/#\/schema\/person\/image\/\",\"url\":\"https:\/\/secure.gravatar.com\/avatar\/03179346ecce6cdfc13361603e8f54242a90e5cde8618fa23c5c00aa2b0aadf3?s=96&d=mm&r=g\",\"contentUrl\":\"https:\/\/secure.gravatar.com\/avatar\/03179346ecce6cdfc13361603e8f54242a90e5cde8618fa23c5c00aa2b0aadf3?s=96&d=mm&r=g\",\"caption\":\"Reda\u00e7\u00e3o\"},\"sameAs\":[\"https:\/\/noticiaempauta.com\/portal\/\"],\"url\":\"https:\/\/noticiaempauta.com\/portal\/author\/fernando\/\"}]}<\/script>\n<!-- \/ Yoast SEO Premium plugin. -->","yoast_head_json":{"title":"Empres\u00e1rios e ex-vereador de Teresina s\u00e3o investigados por lavagem em postos de combust\u00edveis - Portal Not\u00edcia em Pauta","robots":{"index":"index","follow":"follow","max-snippet":"max-snippet:-1","max-image-preview":"max-image-preview:large","max-video-preview":"max-video-preview:-1"},"canonical":"https:\/\/noticiaempauta.com\/portal\/empresarios-e-ex-vereador-de-teresina-sao-investigados-por-lavagem-em-postos-de-combustiveis\/","og_locale":"pt_BR","og_type":"article","og_title":"Empres\u00e1rios e ex-vereador de Teresina s\u00e3o investigados por lavagem em postos de combust\u00edveis","og_description":"A Pol\u00edcia Civil do Piau\u00ed cumpriu, na tarde de ter\u00e7a-feira (4), pelo menos\u00a0dez mandados de busca e apreens\u00e3o em Teresina e em outros munic\u00edpios do Estado, durante a\u00a0Opera\u00e7\u00e3o Carbono Oculto 86, que investiga a infiltra\u00e7\u00e3o da fac\u00e7\u00e3o criminosa Primeiro Comando da Capital (PCC) no setor de combust\u00edveis.\u00a0 Entre os alvos est\u00e3o empres\u00e1rios, suas esposas e [&hellip;]","og_url":"https:\/\/noticiaempauta.com\/portal\/empresarios-e-ex-vereador-de-teresina-sao-investigados-por-lavagem-em-postos-de-combustiveis\/","og_site_name":"Portal Not\u00edcia em Pauta","article_publisher":"https:\/\/www.facebook.com\/Portal-Notcia-Em-Pauta-102292869264820\/","article_published_time":"2025-11-05T11:49:47+00:00","article_modified_time":"2025-11-05T11:49:48+00:00","og_image":[{"width":960,"height":845,"url":"https:\/\/noticiaempauta.com\/portal\/wp-content\/uploads\/2025\/11\/carbono_oculto_pi_1.jpg","type":"image\/jpeg"}],"author":"Reda\u00e7\u00e3o","twitter_card":"summary_large_image","twitter_misc":{"Escrito por":"Reda\u00e7\u00e3o","Est. tempo de leitura":"4 minutos"},"schema":{"@context":"https:\/\/schema.org","@graph":[{"@type":"Article","@id":"https:\/\/noticiaempauta.com\/portal\/empresarios-e-ex-vereador-de-teresina-sao-investigados-por-lavagem-em-postos-de-combustiveis\/#article","isPartOf":{"@id":"https:\/\/noticiaempauta.com\/portal\/empresarios-e-ex-vereador-de-teresina-sao-investigados-por-lavagem-em-postos-de-combustiveis\/"},"author":{"name":"Reda\u00e7\u00e3o","@id":"https:\/\/noticiaempauta.com\/portal\/#\/schema\/person\/a74af43dd1ab3deca45f988c717d57ac"},"headline":"Empres\u00e1rios e ex-vereador de Teresina s\u00e3o investigados por lavagem em postos de combust\u00edveis","datePublished":"2025-11-05T11:49:47+00:00","dateModified":"2025-11-05T11:49:48+00:00","mainEntityOfPage":{"@id":"https:\/\/noticiaempauta.com\/portal\/empresarios-e-ex-vereador-de-teresina-sao-investigados-por-lavagem-em-postos-de-combustiveis\/"},"wordCount":584,"commentCount":0,"publisher":{"@id":"https:\/\/noticiaempauta.com\/portal\/#organization"},"image":{"@id":"https:\/\/noticiaempauta.com\/portal\/empresarios-e-ex-vereador-de-teresina-sao-investigados-por-lavagem-em-postos-de-combustiveis\/#primaryimage"},"thumbnailUrl":"https:\/\/noticiaempauta.com\/portal\/wp-content\/uploads\/2025\/11\/carbono_oculto_pi_1.jpg","keywords":["destaqueprincipal"],"articleSection":["Destaques","Geral","Munic\u00edpios","Pol\u00edcia","Todas as Not\u00edcias"],"inLanguage":"pt-BR","potentialAction":[{"@type":"CommentAction","name":"Comment","target":["https:\/\/noticiaempauta.com\/portal\/empresarios-e-ex-vereador-de-teresina-sao-investigados-por-lavagem-em-postos-de-combustiveis\/#respond"]}]},{"@type":"WebPage","@id":"https:\/\/noticiaempauta.com\/portal\/empresarios-e-ex-vereador-de-teresina-sao-investigados-por-lavagem-em-postos-de-combustiveis\/","url":"https:\/\/noticiaempauta.com\/portal\/empresarios-e-ex-vereador-de-teresina-sao-investigados-por-lavagem-em-postos-de-combustiveis\/","name":"Empres\u00e1rios e ex-vereador de Teresina s\u00e3o investigados por lavagem em postos de combust\u00edveis - Portal Not\u00edcia em Pauta","isPartOf":{"@id":"https:\/\/noticiaempauta.com\/portal\/#website"},"primaryImageOfPage":{"@id":"https:\/\/noticiaempauta.com\/portal\/empresarios-e-ex-vereador-de-teresina-sao-investigados-por-lavagem-em-postos-de-combustiveis\/#primaryimage"},"image":{"@id":"https:\/\/noticiaempauta.com\/portal\/empresarios-e-ex-vereador-de-teresina-sao-investigados-por-lavagem-em-postos-de-combustiveis\/#primaryimage"},"thumbnailUrl":"https:\/\/noticiaempauta.com\/portal\/wp-content\/uploads\/2025\/11\/carbono_oculto_pi_1.jpg","datePublished":"2025-11-05T11:49:47+00:00","dateModified":"2025-11-05T11:49:48+00:00","breadcrumb":{"@id":"https:\/\/noticiaempauta.com\/portal\/empresarios-e-ex-vereador-de-teresina-sao-investigados-por-lavagem-em-postos-de-combustiveis\/#breadcrumb"},"inLanguage":"pt-BR","potentialAction":[{"@type":"ReadAction","target":["https:\/\/noticiaempauta.com\/portal\/empresarios-e-ex-vereador-de-teresina-sao-investigados-por-lavagem-em-postos-de-combustiveis\/"]}]},{"@type":"ImageObject","inLanguage":"pt-BR","@id":"https:\/\/noticiaempauta.com\/portal\/empresarios-e-ex-vereador-de-teresina-sao-investigados-por-lavagem-em-postos-de-combustiveis\/#primaryimage","url":"https:\/\/noticiaempauta.com\/portal\/wp-content\/uploads\/2025\/11\/carbono_oculto_pi_1.jpg","contentUrl":"https:\/\/noticiaempauta.com\/portal\/wp-content\/uploads\/2025\/11\/carbono_oculto_pi_1.jpg","width":960,"height":845},{"@type":"BreadcrumbList","@id":"https:\/\/noticiaempauta.com\/portal\/empresarios-e-ex-vereador-de-teresina-sao-investigados-por-lavagem-em-postos-de-combustiveis\/#breadcrumb","itemListElement":[{"@type":"ListItem","position":1,"name":"P\u00e1gina Inicial","item":"https:\/\/noticiaempauta.com\/portal\/"},{"@type":"ListItem","position":2,"name":"Destaques","item":"https:\/\/noticiaempauta.com\/portal\/destaques-site\/"},{"@type":"ListItem","position":3,"name":"Empres\u00e1rios e ex-vereador de Teresina s\u00e3o investigados por lavagem em postos de combust\u00edveis"}]},{"@type":"WebSite","@id":"https:\/\/noticiaempauta.com\/portal\/#website","url":"https:\/\/noticiaempauta.com\/portal\/","name":"Portal Not\u00edcia em Pauta","description":"Voc\u00ea bem informado","publisher":{"@id":"https:\/\/noticiaempauta.com\/portal\/#organization"},"potentialAction":[{"@type":"SearchAction","target":{"@type":"EntryPoint","urlTemplate":"https:\/\/noticiaempauta.com\/portal\/?s={search_term_string}"},"query-input":{"@type":"PropertyValueSpecification","valueRequired":true,"valueName":"search_term_string"}}],"inLanguage":"pt-BR"},{"@type":"Organization","@id":"https:\/\/noticiaempauta.com\/portal\/#organization","name":"Portal Not\u00edcia em Pauta","url":"https:\/\/noticiaempauta.com\/portal\/","logo":{"@type":"ImageObject","inLanguage":"pt-BR","@id":"https:\/\/noticiaempauta.com\/portal\/#\/schema\/logo\/image\/","url":"https:\/\/noticiaempauta.com\/portal\/wp-content\/uploads\/2022\/08\/logomarca_tema.fw_.png","contentUrl":"https:\/\/noticiaempauta.com\/portal\/wp-content\/uploads\/2022\/08\/logomarca_tema.fw_.png","width":400,"height":232,"caption":"Portal Not\u00edcia em Pauta"},"image":{"@id":"https:\/\/noticiaempauta.com\/portal\/#\/schema\/logo\/image\/"},"sameAs":["https:\/\/www.facebook.com\/Portal-Notcia-Em-Pauta-102292869264820\/","https:\/\/www.instagram.com\/portalnoticiaempauta\/"]},{"@type":"Person","@id":"https:\/\/noticiaempauta.com\/portal\/#\/schema\/person\/a74af43dd1ab3deca45f988c717d57ac","name":"Reda\u00e7\u00e3o","image":{"@type":"ImageObject","inLanguage":"pt-BR","@id":"https:\/\/noticiaempauta.com\/portal\/#\/schema\/person\/image\/","url":"https:\/\/secure.gravatar.com\/avatar\/03179346ecce6cdfc13361603e8f54242a90e5cde8618fa23c5c00aa2b0aadf3?s=96&d=mm&r=g","contentUrl":"https:\/\/secure.gravatar.com\/avatar\/03179346ecce6cdfc13361603e8f54242a90e5cde8618fa23c5c00aa2b0aadf3?s=96&d=mm&r=g","caption":"Reda\u00e7\u00e3o"},"sameAs":["https:\/\/noticiaempauta.com\/portal\/"],"url":"https:\/\/noticiaempauta.com\/portal\/author\/fernando\/"}]}},"_links":{"self":[{"href":"https:\/\/noticiaempauta.com\/portal\/wp-json\/wp\/v2\/posts\/280253","targetHints":{"allow":["GET"]}}],"collection":[{"href":"https:\/\/noticiaempauta.com\/portal\/wp-json\/wp\/v2\/posts"}],"about":[{"href":"https:\/\/noticiaempauta.com\/portal\/wp-json\/wp\/v2\/types\/post"}],"author":[{"embeddable":true,"href":"https:\/\/noticiaempauta.com\/portal\/wp-json\/wp\/v2\/users\/2"}],"replies":[{"embeddable":true,"href":"https:\/\/noticiaempauta.com\/portal\/wp-json\/wp\/v2\/comments?post=280253"}],"version-history":[{"count":2,"href":"https:\/\/noticiaempauta.com\/portal\/wp-json\/wp\/v2\/posts\/280253\/revisions"}],"predecessor-version":[{"id":280259,"href":"https:\/\/noticiaempauta.com\/portal\/wp-json\/wp\/v2\/posts\/280253\/revisions\/280259"}],"wp:featuredmedia":[{"embeddable":true,"href":"https:\/\/noticiaempauta.com\/portal\/wp-json\/wp\/v2\/media\/280254"}],"wp:attachment":[{"href":"https:\/\/noticiaempauta.com\/portal\/wp-json\/wp\/v2\/media?parent=280253"}],"wp:term":[{"taxonomy":"category","embeddable":true,"href":"https:\/\/noticiaempauta.com\/portal\/wp-json\/wp\/v2\/categories?post=280253"},{"taxonomy":"post_tag","embeddable":true,"href":"https:\/\/noticiaempauta.com\/portal\/wp-json\/wp\/v2\/tags?post=280253"}],"curies":[{"name":"wp","href":"https:\/\/api.w.org\/{rel}","templated":true}]}}