{"id":280260,"date":"2025-11-05T09:04:47","date_gmt":"2025-11-05T12:04:47","guid":{"rendered":"https:\/\/noticiaempauta.com\/portal\/?p=280260"},"modified":"2025-11-05T09:06:37","modified_gmt":"2025-11-05T12:06:37","slug":"picos-ganha-servico-de-inspecao-municipal-e-reforca-seguranca-alimentar-para-consumidores-e-empreendedores-locais","status":"publish","type":"post","link":"https:\/\/noticiaempauta.com\/portal\/picos-ganha-servico-de-inspecao-municipal-e-reforca-seguranca-alimentar-para-consumidores-e-empreendedores-locais\/","title":{"rendered":"Picos ganha Servi\u00e7o de Inspe\u00e7\u00e3o Municipal e refor\u00e7a seguran\u00e7a alimentar para consumidores e empreendedores locais"},"content":{"rendered":"\n<p>Nesta ter\u00e7a-feira (04), o munic\u00edpio de Picos avan\u00e7ou com um mais um importante marco para a regulamenta\u00e7\u00e3o e fortalecimento do com\u00e9rcio de produtos de origem animal e vegetal.<\/p>\n\n\n\n<p>Isso porque a Prefeitura, atrav\u00e9s da Secretaria Municipal de Agricultura e Abastecimento, lan\u00e7ou oficialmente o Selo SIM (Servi\u00e7o de Inspe\u00e7\u00e3o Municipal), instrumento que ir\u00e1 proporcionar seguran\u00e7a alimentar aos consumidores e estimular o empreendedorismo rural no munic\u00edpio picoense.<\/p>\n\n\n\n<figure class=\"wp-block-image size-full\"><img fetchpriority=\"high\" decoding=\"async\" width=\"640\" height=\"427\" src=\"https:\/\/noticiaempauta.com\/portal\/wp-content\/uploads\/2025\/11\/Imagem-do-WhatsApp-de-2025-11-04-as-18.56.09_8a1eafbf.jpg\" alt=\"\" class=\"wp-image-280261\" srcset=\"https:\/\/noticiaempauta.com\/portal\/wp-content\/uploads\/2025\/11\/Imagem-do-WhatsApp-de-2025-11-04-as-18.56.09_8a1eafbf.jpg 640w, https:\/\/noticiaempauta.com\/portal\/wp-content\/uploads\/2025\/11\/Imagem-do-WhatsApp-de-2025-11-04-as-18.56.09_8a1eafbf-300x200.jpg 300w\" sizes=\"(max-width: 640px) 100vw, 640px\" \/><\/figure>\n\n\n\n<p>O lan\u00e7amento do Selo SIM reuniu representantes da Secretaria de Agricultura, da ADAPI (Ag\u00eancia de Defesa Agropecu\u00e1ria do Estado do Piau\u00ed), da SADA (Secretaria da Assist\u00eancia T\u00e9cnica e Defesa Agropecu\u00e1ria), do SEBRAE (Servi\u00e7o Brasileiro de Apoio \u00e0s Micro e Pequenas Empresas), do STR (Sindicato dos Trabalhadores Rurais), da Vigil\u00e2ncia Sanit\u00e1ria Municipal, do Procon Municipal, do Projeto Piau\u00ed Sustent\u00e1vel, al\u00e9m de produtores rurais, distribuidores de produtos de origem animal e vegetal e vereadores, que comemoraram a iniciativa da administra\u00e7\u00e3o municipal.<\/p>\n\n\n\n<figure class=\"wp-block-image size-full\"><img decoding=\"async\" width=\"640\" height=\"427\" src=\"https:\/\/noticiaempauta.com\/portal\/wp-content\/uploads\/2025\/11\/Imagem-do-WhatsApp-de-2025-11-04-as-18.56.11_4833bf67.jpg\" alt=\"\" class=\"wp-image-280262\" srcset=\"https:\/\/noticiaempauta.com\/portal\/wp-content\/uploads\/2025\/11\/Imagem-do-WhatsApp-de-2025-11-04-as-18.56.11_4833bf67.jpg 640w, https:\/\/noticiaempauta.com\/portal\/wp-content\/uploads\/2025\/11\/Imagem-do-WhatsApp-de-2025-11-04-as-18.56.11_4833bf67-300x200.jpg 300w\" sizes=\"(max-width: 640px) 100vw, 640px\" \/><\/figure>\n\n\n\n<p>Tamb\u00e9m como parte da implementa\u00e7\u00e3o da inspe\u00e7\u00e3o municipal, a secret\u00e1ria de Agricultura, F\u00e1tima S\u00e1, inaugurou a Sala do Selo SIM, que funcionar\u00e1 na sede da pr\u00f3pria Secretaria Municipal de Agricultura, que fica localizada no Centro Administrativo, na Rua Moacir Luz, no Bairro Canto da V\u00e1rzea.<\/p>\n\n\n\n<figure class=\"wp-block-image size-full\"><img decoding=\"async\" width=\"640\" height=\"427\" src=\"https:\/\/noticiaempauta.com\/portal\/wp-content\/uploads\/2025\/11\/Imagem-do-WhatsApp-de-2025-11-04-as-18.56.12_64a85736.jpg\" alt=\"\" class=\"wp-image-280263\" srcset=\"https:\/\/noticiaempauta.com\/portal\/wp-content\/uploads\/2025\/11\/Imagem-do-WhatsApp-de-2025-11-04-as-18.56.12_64a85736.jpg 640w, https:\/\/noticiaempauta.com\/portal\/wp-content\/uploads\/2025\/11\/Imagem-do-WhatsApp-de-2025-11-04-as-18.56.12_64a85736-300x200.jpg 300w\" sizes=\"(max-width: 640px) 100vw, 640px\" \/><\/figure>\n\n\n\n<p>F\u00e1tima S\u00e1 frisou que a partir do Selo SIM os pequenos agricultores e produtores locais poder\u00e3o comercializar seus produtos legalmente dentro do munic\u00edpio, ampliando as oportunidades de neg\u00f3cios e gerando mais renda para o setor agropecu\u00e1rio.<\/p>\n\n\n\n<figure class=\"wp-block-image size-full\"><img loading=\"lazy\" decoding=\"async\" width=\"640\" height=\"427\" src=\"https:\/\/noticiaempauta.com\/portal\/wp-content\/uploads\/2025\/11\/Imagem-do-WhatsApp-de-2025-11-04-as-18.56.10_719ddfd4.jpg\" alt=\"\" class=\"wp-image-280265\" srcset=\"https:\/\/noticiaempauta.com\/portal\/wp-content\/uploads\/2025\/11\/Imagem-do-WhatsApp-de-2025-11-04-as-18.56.10_719ddfd4.jpg 640w, https:\/\/noticiaempauta.com\/portal\/wp-content\/uploads\/2025\/11\/Imagem-do-WhatsApp-de-2025-11-04-as-18.56.10_719ddfd4-300x200.jpg 300w\" sizes=\"(max-width: 640px) 100vw, 640px\" \/><\/figure>\n\n\n\n<p>\u201cEles v\u00e3o sair da clandestinidade e v\u00e3o fornecer produtos de qualidade, supervisionados pela Vigil\u00e2ncia Sanit\u00e1ria, pela Secretaria de Agricultura e esses produtos v\u00e3o poder estar nas prateleiras de todos os supermercados de Picos e isso vai melhorar o com\u00e9rcio de Picos, pois os grandes supermercados, n\u00e3o v\u00e3o mais precisar comprar produtos de origem animal e vegetal em outros Estados porque teremos esses produtos aqui\u201d, destacou a secret\u00e1ria.<\/p>\n\n\n\n<figure class=\"wp-block-image size-full\"><img loading=\"lazy\" decoding=\"async\" width=\"640\" height=\"427\" src=\"https:\/\/noticiaempauta.com\/portal\/wp-content\/uploads\/2025\/11\/Imagem-do-WhatsApp-de-2025-11-04-as-18.56.17_66697e3b.jpg\" alt=\"\" class=\"wp-image-280266\" srcset=\"https:\/\/noticiaempauta.com\/portal\/wp-content\/uploads\/2025\/11\/Imagem-do-WhatsApp-de-2025-11-04-as-18.56.17_66697e3b.jpg 640w, https:\/\/noticiaempauta.com\/portal\/wp-content\/uploads\/2025\/11\/Imagem-do-WhatsApp-de-2025-11-04-as-18.56.17_66697e3b-300x200.jpg 300w\" sizes=\"(max-width: 640px) 100vw, 640px\" \/><\/figure>\n\n\n\n<p>A Comiss\u00e3o do Servi\u00e7o de Inspe\u00e7\u00e3o Municipal, respons\u00e1vel por atestar a qualidade dos produtos, ser\u00e1 formada por cinco profissionais, sendo quatro Engenheiros Agr\u00f4nomos e um M\u00e9dico Veterin\u00e1rio.<\/p>\n\n\n\n<figure class=\"wp-block-image size-full\"><img loading=\"lazy\" decoding=\"async\" width=\"640\" height=\"427\" src=\"https:\/\/noticiaempauta.com\/portal\/wp-content\/uploads\/2025\/11\/Imagem-do-WhatsApp-de-2025-11-04-as-18.56.09_23a8d879.jpg\" alt=\"\" class=\"wp-image-280264\" srcset=\"https:\/\/noticiaempauta.com\/portal\/wp-content\/uploads\/2025\/11\/Imagem-do-WhatsApp-de-2025-11-04-as-18.56.09_23a8d879.jpg 640w, https:\/\/noticiaempauta.com\/portal\/wp-content\/uploads\/2025\/11\/Imagem-do-WhatsApp-de-2025-11-04-as-18.56.09_23a8d879-300x200.jpg 300w\" sizes=\"(max-width: 640px) 100vw, 640px\" \/><\/figure>\n\n\n\n<p>\u201cOs interessados podem vir at\u00e9 a Sala do Selo SIM e quem for da agricultura familiar a documenta\u00e7\u00e3o necess\u00e1ria \u00e9 o CAF [Cadastro Nacional da Agricultura Familiar], os documentos pessoais e um comprovante de resid\u00eancia e se for empres\u00e1rio traz o CJPJ\u201d, explicou\u00a0a\u00a0gestora.<\/p>\n\n\n\n<p>SECOM<\/p>\n","protected":false},"excerpt":{"rendered":"<p>Nesta ter\u00e7a-feira (04), o munic\u00edpio de Picos avan\u00e7ou com um mais um importante marco para a regulamenta\u00e7\u00e3o e fortalecimento do com\u00e9rcio de produtos de origem animal e vegetal. Isso porque a Prefeitura, atrav\u00e9s da Secretaria Municipal de Agricultura e Abastecimento, lan\u00e7ou oficialmente o Selo SIM (Servi\u00e7o de Inspe\u00e7\u00e3o Municipal), instrumento que ir\u00e1 proporcionar seguran\u00e7a alimentar [&hellip;]<\/p>\n","protected":false},"author":2,"featured_media":280261,"comment_status":"open","ping_status":"open","sticky":false,"template":"","format":"standard","meta":{"_mi_skip_tracking":false,"footnotes":""},"categories":[25,6,1,16],"tags":[],"class_list":["post-280260","post","type-post","status-publish","format-standard","has-post-thumbnail","hentry","category-destaques-site","category-economia","category-geral","category-todas"],"acf":[],"yoast_head":"<!-- This site is optimized with the Yoast SEO Premium plugin v19.2 (Yoast SEO v26.9) - https:\/\/yoast.com\/product\/yoast-seo-premium-wordpress\/ -->\n<title>Picos ganha Servi\u00e7o de Inspe\u00e7\u00e3o Municipal e refor\u00e7a seguran\u00e7a alimentar para consumidores e empreendedores locais - Portal Not\u00edcia em Pauta<\/title>\n<meta name=\"robots\" content=\"index, follow, max-snippet:-1, max-image-preview:large, max-video-preview:-1\" \/>\n<link rel=\"canonical\" href=\"https:\/\/noticiaempauta.com\/portal\/picos-ganha-servico-de-inspecao-municipal-e-reforca-seguranca-alimentar-para-consumidores-e-empreendedores-locais\/\" \/>\n<meta property=\"og:locale\" content=\"pt_BR\" \/>\n<meta property=\"og:type\" content=\"article\" \/>\n<meta property=\"og:title\" content=\"Picos ganha Servi\u00e7o de Inspe\u00e7\u00e3o Municipal e refor\u00e7a seguran\u00e7a alimentar para consumidores e empreendedores locais\" \/>\n<meta property=\"og:description\" content=\"Nesta ter\u00e7a-feira (04), o munic\u00edpio de Picos avan\u00e7ou com um mais um importante marco para a regulamenta\u00e7\u00e3o e fortalecimento do com\u00e9rcio de produtos de origem animal e vegetal. Isso porque a Prefeitura, atrav\u00e9s da Secretaria Municipal de Agricultura e Abastecimento, lan\u00e7ou oficialmente o Selo SIM (Servi\u00e7o de Inspe\u00e7\u00e3o Municipal), instrumento que ir\u00e1 proporcionar seguran\u00e7a alimentar [&hellip;]\" \/>\n<meta property=\"og:url\" content=\"https:\/\/noticiaempauta.com\/portal\/picos-ganha-servico-de-inspecao-municipal-e-reforca-seguranca-alimentar-para-consumidores-e-empreendedores-locais\/\" \/>\n<meta property=\"og:site_name\" content=\"Portal Not\u00edcia em Pauta\" \/>\n<meta property=\"article:publisher\" content=\"https:\/\/www.facebook.com\/Portal-Notcia-Em-Pauta-102292869264820\/\" \/>\n<meta property=\"article:published_time\" content=\"2025-11-05T12:04:47+00:00\" \/>\n<meta property=\"article:modified_time\" content=\"2025-11-05T12:06:37+00:00\" \/>\n<meta property=\"og:image\" content=\"https:\/\/noticiaempauta.com\/portal\/wp-content\/uploads\/2025\/11\/Imagem-do-WhatsApp-de-2025-11-04-as-18.56.09_8a1eafbf.jpg\" \/>\n\t<meta property=\"og:image:width\" content=\"640\" \/>\n\t<meta property=\"og:image:height\" content=\"427\" \/>\n\t<meta property=\"og:image:type\" content=\"image\/jpeg\" \/>\n<meta name=\"author\" content=\"Reda\u00e7\u00e3o\" \/>\n<meta name=\"twitter:card\" content=\"summary_large_image\" \/>\n<meta name=\"twitter:label1\" content=\"Escrito por\" \/>\n\t<meta name=\"twitter:data1\" content=\"Reda\u00e7\u00e3o\" \/>\n\t<meta name=\"twitter:label2\" content=\"Est. tempo de leitura\" \/>\n\t<meta name=\"twitter:data2\" content=\"4 minutos\" \/>\n<script type=\"application\/ld+json\" class=\"yoast-schema-graph\">{\"@context\":\"https:\/\/schema.org\",\"@graph\":[{\"@type\":\"Article\",\"@id\":\"https:\/\/noticiaempauta.com\/portal\/picos-ganha-servico-de-inspecao-municipal-e-reforca-seguranca-alimentar-para-consumidores-e-empreendedores-locais\/#article\",\"isPartOf\":{\"@id\":\"https:\/\/noticiaempauta.com\/portal\/picos-ganha-servico-de-inspecao-municipal-e-reforca-seguranca-alimentar-para-consumidores-e-empreendedores-locais\/\"},\"author\":{\"name\":\"Reda\u00e7\u00e3o\",\"@id\":\"https:\/\/noticiaempauta.com\/portal\/#\/schema\/person\/a74af43dd1ab3deca45f988c717d57ac\"},\"headline\":\"Picos ganha Servi\u00e7o de Inspe\u00e7\u00e3o Municipal e refor\u00e7a seguran\u00e7a alimentar para consumidores e empreendedores locais\",\"datePublished\":\"2025-11-05T12:04:47+00:00\",\"dateModified\":\"2025-11-05T12:06:37+00:00\",\"mainEntityOfPage\":{\"@id\":\"https:\/\/noticiaempauta.com\/portal\/picos-ganha-servico-de-inspecao-municipal-e-reforca-seguranca-alimentar-para-consumidores-e-empreendedores-locais\/\"},\"wordCount\":437,\"commentCount\":0,\"publisher\":{\"@id\":\"https:\/\/noticiaempauta.com\/portal\/#organization\"},\"image\":{\"@id\":\"https:\/\/noticiaempauta.com\/portal\/picos-ganha-servico-de-inspecao-municipal-e-reforca-seguranca-alimentar-para-consumidores-e-empreendedores-locais\/#primaryimage\"},\"thumbnailUrl\":\"https:\/\/noticiaempauta.com\/portal\/wp-content\/uploads\/2025\/11\/Imagem-do-WhatsApp-de-2025-11-04-as-18.56.09_8a1eafbf.jpg\",\"articleSection\":[\"Destaques\",\"Economia\",\"Geral\",\"Todas as Not\u00edcias\"],\"inLanguage\":\"pt-BR\",\"potentialAction\":[{\"@type\":\"CommentAction\",\"name\":\"Comment\",\"target\":[\"https:\/\/noticiaempauta.com\/portal\/picos-ganha-servico-de-inspecao-municipal-e-reforca-seguranca-alimentar-para-consumidores-e-empreendedores-locais\/#respond\"]}]},{\"@type\":\"WebPage\",\"@id\":\"https:\/\/noticiaempauta.com\/portal\/picos-ganha-servico-de-inspecao-municipal-e-reforca-seguranca-alimentar-para-consumidores-e-empreendedores-locais\/\",\"url\":\"https:\/\/noticiaempauta.com\/portal\/picos-ganha-servico-de-inspecao-municipal-e-reforca-seguranca-alimentar-para-consumidores-e-empreendedores-locais\/\",\"name\":\"Picos ganha Servi\u00e7o de Inspe\u00e7\u00e3o Municipal e refor\u00e7a seguran\u00e7a alimentar para consumidores e empreendedores locais - Portal Not\u00edcia em Pauta\",\"isPartOf\":{\"@id\":\"https:\/\/noticiaempauta.com\/portal\/#website\"},\"primaryImageOfPage\":{\"@id\":\"https:\/\/noticiaempauta.com\/portal\/picos-ganha-servico-de-inspecao-municipal-e-reforca-seguranca-alimentar-para-consumidores-e-empreendedores-locais\/#primaryimage\"},\"image\":{\"@id\":\"https:\/\/noticiaempauta.com\/portal\/picos-ganha-servico-de-inspecao-municipal-e-reforca-seguranca-alimentar-para-consumidores-e-empreendedores-locais\/#primaryimage\"},\"thumbnailUrl\":\"https:\/\/noticiaempauta.com\/portal\/wp-content\/uploads\/2025\/11\/Imagem-do-WhatsApp-de-2025-11-04-as-18.56.09_8a1eafbf.jpg\",\"datePublished\":\"2025-11-05T12:04:47+00:00\",\"dateModified\":\"2025-11-05T12:06:37+00:00\",\"breadcrumb\":{\"@id\":\"https:\/\/noticiaempauta.com\/portal\/picos-ganha-servico-de-inspecao-municipal-e-reforca-seguranca-alimentar-para-consumidores-e-empreendedores-locais\/#breadcrumb\"},\"inLanguage\":\"pt-BR\",\"potentialAction\":[{\"@type\":\"ReadAction\",\"target\":[\"https:\/\/noticiaempauta.com\/portal\/picos-ganha-servico-de-inspecao-municipal-e-reforca-seguranca-alimentar-para-consumidores-e-empreendedores-locais\/\"]}]},{\"@type\":\"ImageObject\",\"inLanguage\":\"pt-BR\",\"@id\":\"https:\/\/noticiaempauta.com\/portal\/picos-ganha-servico-de-inspecao-municipal-e-reforca-seguranca-alimentar-para-consumidores-e-empreendedores-locais\/#primaryimage\",\"url\":\"https:\/\/noticiaempauta.com\/portal\/wp-content\/uploads\/2025\/11\/Imagem-do-WhatsApp-de-2025-11-04-as-18.56.09_8a1eafbf.jpg\",\"contentUrl\":\"https:\/\/noticiaempauta.com\/portal\/wp-content\/uploads\/2025\/11\/Imagem-do-WhatsApp-de-2025-11-04-as-18.56.09_8a1eafbf.jpg\",\"width\":640,\"height\":427},{\"@type\":\"BreadcrumbList\",\"@id\":\"https:\/\/noticiaempauta.com\/portal\/picos-ganha-servico-de-inspecao-municipal-e-reforca-seguranca-alimentar-para-consumidores-e-empreendedores-locais\/#breadcrumb\",\"itemListElement\":[{\"@type\":\"ListItem\",\"position\":1,\"name\":\"P\u00e1gina Inicial\",\"item\":\"https:\/\/noticiaempauta.com\/portal\/\"},{\"@type\":\"ListItem\",\"position\":2,\"name\":\"Destaques\",\"item\":\"https:\/\/noticiaempauta.com\/portal\/destaques-site\/\"},{\"@type\":\"ListItem\",\"position\":3,\"name\":\"Picos ganha Servi\u00e7o de Inspe\u00e7\u00e3o Municipal e refor\u00e7a seguran\u00e7a alimentar para consumidores e empreendedores locais\"}]},{\"@type\":\"WebSite\",\"@id\":\"https:\/\/noticiaempauta.com\/portal\/#website\",\"url\":\"https:\/\/noticiaempauta.com\/portal\/\",\"name\":\"Portal Not\u00edcia em Pauta\",\"description\":\"Voc\u00ea bem informado\",\"publisher\":{\"@id\":\"https:\/\/noticiaempauta.com\/portal\/#organization\"},\"potentialAction\":[{\"@type\":\"SearchAction\",\"target\":{\"@type\":\"EntryPoint\",\"urlTemplate\":\"https:\/\/noticiaempauta.com\/portal\/?s={search_term_string}\"},\"query-input\":{\"@type\":\"PropertyValueSpecification\",\"valueRequired\":true,\"valueName\":\"search_term_string\"}}],\"inLanguage\":\"pt-BR\"},{\"@type\":\"Organization\",\"@id\":\"https:\/\/noticiaempauta.com\/portal\/#organization\",\"name\":\"Portal Not\u00edcia em Pauta\",\"url\":\"https:\/\/noticiaempauta.com\/portal\/\",\"logo\":{\"@type\":\"ImageObject\",\"inLanguage\":\"pt-BR\",\"@id\":\"https:\/\/noticiaempauta.com\/portal\/#\/schema\/logo\/image\/\",\"url\":\"https:\/\/noticiaempauta.com\/portal\/wp-content\/uploads\/2022\/08\/logomarca_tema.fw_.png\",\"contentUrl\":\"https:\/\/noticiaempauta.com\/portal\/wp-content\/uploads\/2022\/08\/logomarca_tema.fw_.png\",\"width\":400,\"height\":232,\"caption\":\"Portal Not\u00edcia em Pauta\"},\"image\":{\"@id\":\"https:\/\/noticiaempauta.com\/portal\/#\/schema\/logo\/image\/\"},\"sameAs\":[\"https:\/\/www.facebook.com\/Portal-Notcia-Em-Pauta-102292869264820\/\",\"https:\/\/www.instagram.com\/portalnoticiaempauta\/\"]},{\"@type\":\"Person\",\"@id\":\"https:\/\/noticiaempauta.com\/portal\/#\/schema\/person\/a74af43dd1ab3deca45f988c717d57ac\",\"name\":\"Reda\u00e7\u00e3o\",\"image\":{\"@type\":\"ImageObject\",\"inLanguage\":\"pt-BR\",\"@id\":\"https:\/\/noticiaempauta.com\/portal\/#\/schema\/person\/image\/\",\"url\":\"https:\/\/secure.gravatar.com\/avatar\/03179346ecce6cdfc13361603e8f54242a90e5cde8618fa23c5c00aa2b0aadf3?s=96&d=mm&r=g\",\"contentUrl\":\"https:\/\/secure.gravatar.com\/avatar\/03179346ecce6cdfc13361603e8f54242a90e5cde8618fa23c5c00aa2b0aadf3?s=96&d=mm&r=g\",\"caption\":\"Reda\u00e7\u00e3o\"},\"sameAs\":[\"https:\/\/noticiaempauta.com\/portal\/\"],\"url\":\"https:\/\/noticiaempauta.com\/portal\/author\/fernando\/\"}]}<\/script>\n<!-- \/ Yoast SEO Premium plugin. -->","yoast_head_json":{"title":"Picos ganha Servi\u00e7o de Inspe\u00e7\u00e3o Municipal e refor\u00e7a seguran\u00e7a alimentar para consumidores e empreendedores locais - Portal Not\u00edcia em Pauta","robots":{"index":"index","follow":"follow","max-snippet":"max-snippet:-1","max-image-preview":"max-image-preview:large","max-video-preview":"max-video-preview:-1"},"canonical":"https:\/\/noticiaempauta.com\/portal\/picos-ganha-servico-de-inspecao-municipal-e-reforca-seguranca-alimentar-para-consumidores-e-empreendedores-locais\/","og_locale":"pt_BR","og_type":"article","og_title":"Picos ganha Servi\u00e7o de Inspe\u00e7\u00e3o Municipal e refor\u00e7a seguran\u00e7a alimentar para consumidores e empreendedores locais","og_description":"Nesta ter\u00e7a-feira (04), o munic\u00edpio de Picos avan\u00e7ou com um mais um importante marco para a regulamenta\u00e7\u00e3o e fortalecimento do com\u00e9rcio de produtos de origem animal e vegetal. Isso porque a Prefeitura, atrav\u00e9s da Secretaria Municipal de Agricultura e Abastecimento, lan\u00e7ou oficialmente o Selo SIM (Servi\u00e7o de Inspe\u00e7\u00e3o Municipal), instrumento que ir\u00e1 proporcionar seguran\u00e7a alimentar [&hellip;]","og_url":"https:\/\/noticiaempauta.com\/portal\/picos-ganha-servico-de-inspecao-municipal-e-reforca-seguranca-alimentar-para-consumidores-e-empreendedores-locais\/","og_site_name":"Portal Not\u00edcia em Pauta","article_publisher":"https:\/\/www.facebook.com\/Portal-Notcia-Em-Pauta-102292869264820\/","article_published_time":"2025-11-05T12:04:47+00:00","article_modified_time":"2025-11-05T12:06:37+00:00","og_image":[{"width":640,"height":427,"url":"https:\/\/noticiaempauta.com\/portal\/wp-content\/uploads\/2025\/11\/Imagem-do-WhatsApp-de-2025-11-04-as-18.56.09_8a1eafbf.jpg","type":"image\/jpeg"}],"author":"Reda\u00e7\u00e3o","twitter_card":"summary_large_image","twitter_misc":{"Escrito por":"Reda\u00e7\u00e3o","Est. tempo de leitura":"4 minutos"},"schema":{"@context":"https:\/\/schema.org","@graph":[{"@type":"Article","@id":"https:\/\/noticiaempauta.com\/portal\/picos-ganha-servico-de-inspecao-municipal-e-reforca-seguranca-alimentar-para-consumidores-e-empreendedores-locais\/#article","isPartOf":{"@id":"https:\/\/noticiaempauta.com\/portal\/picos-ganha-servico-de-inspecao-municipal-e-reforca-seguranca-alimentar-para-consumidores-e-empreendedores-locais\/"},"author":{"name":"Reda\u00e7\u00e3o","@id":"https:\/\/noticiaempauta.com\/portal\/#\/schema\/person\/a74af43dd1ab3deca45f988c717d57ac"},"headline":"Picos ganha Servi\u00e7o de Inspe\u00e7\u00e3o Municipal e refor\u00e7a seguran\u00e7a alimentar para consumidores e empreendedores locais","datePublished":"2025-11-05T12:04:47+00:00","dateModified":"2025-11-05T12:06:37+00:00","mainEntityOfPage":{"@id":"https:\/\/noticiaempauta.com\/portal\/picos-ganha-servico-de-inspecao-municipal-e-reforca-seguranca-alimentar-para-consumidores-e-empreendedores-locais\/"},"wordCount":437,"commentCount":0,"publisher":{"@id":"https:\/\/noticiaempauta.com\/portal\/#organization"},"image":{"@id":"https:\/\/noticiaempauta.com\/portal\/picos-ganha-servico-de-inspecao-municipal-e-reforca-seguranca-alimentar-para-consumidores-e-empreendedores-locais\/#primaryimage"},"thumbnailUrl":"https:\/\/noticiaempauta.com\/portal\/wp-content\/uploads\/2025\/11\/Imagem-do-WhatsApp-de-2025-11-04-as-18.56.09_8a1eafbf.jpg","articleSection":["Destaques","Economia","Geral","Todas as Not\u00edcias"],"inLanguage":"pt-BR","potentialAction":[{"@type":"CommentAction","name":"Comment","target":["https:\/\/noticiaempauta.com\/portal\/picos-ganha-servico-de-inspecao-municipal-e-reforca-seguranca-alimentar-para-consumidores-e-empreendedores-locais\/#respond"]}]},{"@type":"WebPage","@id":"https:\/\/noticiaempauta.com\/portal\/picos-ganha-servico-de-inspecao-municipal-e-reforca-seguranca-alimentar-para-consumidores-e-empreendedores-locais\/","url":"https:\/\/noticiaempauta.com\/portal\/picos-ganha-servico-de-inspecao-municipal-e-reforca-seguranca-alimentar-para-consumidores-e-empreendedores-locais\/","name":"Picos ganha Servi\u00e7o de Inspe\u00e7\u00e3o Municipal e refor\u00e7a seguran\u00e7a alimentar para consumidores e empreendedores locais - Portal Not\u00edcia em Pauta","isPartOf":{"@id":"https:\/\/noticiaempauta.com\/portal\/#website"},"primaryImageOfPage":{"@id":"https:\/\/noticiaempauta.com\/portal\/picos-ganha-servico-de-inspecao-municipal-e-reforca-seguranca-alimentar-para-consumidores-e-empreendedores-locais\/#primaryimage"},"image":{"@id":"https:\/\/noticiaempauta.com\/portal\/picos-ganha-servico-de-inspecao-municipal-e-reforca-seguranca-alimentar-para-consumidores-e-empreendedores-locais\/#primaryimage"},"thumbnailUrl":"https:\/\/noticiaempauta.com\/portal\/wp-content\/uploads\/2025\/11\/Imagem-do-WhatsApp-de-2025-11-04-as-18.56.09_8a1eafbf.jpg","datePublished":"2025-11-05T12:04:47+00:00","dateModified":"2025-11-05T12:06:37+00:00","breadcrumb":{"@id":"https:\/\/noticiaempauta.com\/portal\/picos-ganha-servico-de-inspecao-municipal-e-reforca-seguranca-alimentar-para-consumidores-e-empreendedores-locais\/#breadcrumb"},"inLanguage":"pt-BR","potentialAction":[{"@type":"ReadAction","target":["https:\/\/noticiaempauta.com\/portal\/picos-ganha-servico-de-inspecao-municipal-e-reforca-seguranca-alimentar-para-consumidores-e-empreendedores-locais\/"]}]},{"@type":"ImageObject","inLanguage":"pt-BR","@id":"https:\/\/noticiaempauta.com\/portal\/picos-ganha-servico-de-inspecao-municipal-e-reforca-seguranca-alimentar-para-consumidores-e-empreendedores-locais\/#primaryimage","url":"https:\/\/noticiaempauta.com\/portal\/wp-content\/uploads\/2025\/11\/Imagem-do-WhatsApp-de-2025-11-04-as-18.56.09_8a1eafbf.jpg","contentUrl":"https:\/\/noticiaempauta.com\/portal\/wp-content\/uploads\/2025\/11\/Imagem-do-WhatsApp-de-2025-11-04-as-18.56.09_8a1eafbf.jpg","width":640,"height":427},{"@type":"BreadcrumbList","@id":"https:\/\/noticiaempauta.com\/portal\/picos-ganha-servico-de-inspecao-municipal-e-reforca-seguranca-alimentar-para-consumidores-e-empreendedores-locais\/#breadcrumb","itemListElement":[{"@type":"ListItem","position":1,"name":"P\u00e1gina Inicial","item":"https:\/\/noticiaempauta.com\/portal\/"},{"@type":"ListItem","position":2,"name":"Destaques","item":"https:\/\/noticiaempauta.com\/portal\/destaques-site\/"},{"@type":"ListItem","position":3,"name":"Picos ganha Servi\u00e7o de Inspe\u00e7\u00e3o Municipal e refor\u00e7a seguran\u00e7a alimentar para consumidores e empreendedores locais"}]},{"@type":"WebSite","@id":"https:\/\/noticiaempauta.com\/portal\/#website","url":"https:\/\/noticiaempauta.com\/portal\/","name":"Portal Not\u00edcia em Pauta","description":"Voc\u00ea bem informado","publisher":{"@id":"https:\/\/noticiaempauta.com\/portal\/#organization"},"potentialAction":[{"@type":"SearchAction","target":{"@type":"EntryPoint","urlTemplate":"https:\/\/noticiaempauta.com\/portal\/?s={search_term_string}"},"query-input":{"@type":"PropertyValueSpecification","valueRequired":true,"valueName":"search_term_string"}}],"inLanguage":"pt-BR"},{"@type":"Organization","@id":"https:\/\/noticiaempauta.com\/portal\/#organization","name":"Portal Not\u00edcia em Pauta","url":"https:\/\/noticiaempauta.com\/portal\/","logo":{"@type":"ImageObject","inLanguage":"pt-BR","@id":"https:\/\/noticiaempauta.com\/portal\/#\/schema\/logo\/image\/","url":"https:\/\/noticiaempauta.com\/portal\/wp-content\/uploads\/2022\/08\/logomarca_tema.fw_.png","contentUrl":"https:\/\/noticiaempauta.com\/portal\/wp-content\/uploads\/2022\/08\/logomarca_tema.fw_.png","width":400,"height":232,"caption":"Portal Not\u00edcia em Pauta"},"image":{"@id":"https:\/\/noticiaempauta.com\/portal\/#\/schema\/logo\/image\/"},"sameAs":["https:\/\/www.facebook.com\/Portal-Notcia-Em-Pauta-102292869264820\/","https:\/\/www.instagram.com\/portalnoticiaempauta\/"]},{"@type":"Person","@id":"https:\/\/noticiaempauta.com\/portal\/#\/schema\/person\/a74af43dd1ab3deca45f988c717d57ac","name":"Reda\u00e7\u00e3o","image":{"@type":"ImageObject","inLanguage":"pt-BR","@id":"https:\/\/noticiaempauta.com\/portal\/#\/schema\/person\/image\/","url":"https:\/\/secure.gravatar.com\/avatar\/03179346ecce6cdfc13361603e8f54242a90e5cde8618fa23c5c00aa2b0aadf3?s=96&d=mm&r=g","contentUrl":"https:\/\/secure.gravatar.com\/avatar\/03179346ecce6cdfc13361603e8f54242a90e5cde8618fa23c5c00aa2b0aadf3?s=96&d=mm&r=g","caption":"Reda\u00e7\u00e3o"},"sameAs":["https:\/\/noticiaempauta.com\/portal\/"],"url":"https:\/\/noticiaempauta.com\/portal\/author\/fernando\/"}]}},"_links":{"self":[{"href":"https:\/\/noticiaempauta.com\/portal\/wp-json\/wp\/v2\/posts\/280260","targetHints":{"allow":["GET"]}}],"collection":[{"href":"https:\/\/noticiaempauta.com\/portal\/wp-json\/wp\/v2\/posts"}],"about":[{"href":"https:\/\/noticiaempauta.com\/portal\/wp-json\/wp\/v2\/types\/post"}],"author":[{"embeddable":true,"href":"https:\/\/noticiaempauta.com\/portal\/wp-json\/wp\/v2\/users\/2"}],"replies":[{"embeddable":true,"href":"https:\/\/noticiaempauta.com\/portal\/wp-json\/wp\/v2\/comments?post=280260"}],"version-history":[{"count":6,"href":"https:\/\/noticiaempauta.com\/portal\/wp-json\/wp\/v2\/posts\/280260\/revisions"}],"predecessor-version":[{"id":280273,"href":"https:\/\/noticiaempauta.com\/portal\/wp-json\/wp\/v2\/posts\/280260\/revisions\/280273"}],"wp:featuredmedia":[{"embeddable":true,"href":"https:\/\/noticiaempauta.com\/portal\/wp-json\/wp\/v2\/media\/280261"}],"wp:attachment":[{"href":"https:\/\/noticiaempauta.com\/portal\/wp-json\/wp\/v2\/media?parent=280260"}],"wp:term":[{"taxonomy":"category","embeddable":true,"href":"https:\/\/noticiaempauta.com\/portal\/wp-json\/wp\/v2\/categories?post=280260"},{"taxonomy":"post_tag","embeddable":true,"href":"https:\/\/noticiaempauta.com\/portal\/wp-json\/wp\/v2\/tags?post=280260"}],"curies":[{"name":"wp","href":"https:\/\/api.w.org\/{rel}","templated":true}]}}