{"id":280282,"date":"2025-11-05T09:23:11","date_gmt":"2025-11-05T12:23:11","guid":{"rendered":"https:\/\/noticiaempauta.com\/portal\/?p=280282"},"modified":"2025-11-05T09:23:12","modified_gmt":"2025-11-05T12:23:12","slug":"novo-refis-e-aprovado-em-comissoes-tecnicas-da-alepi","status":"publish","type":"post","link":"https:\/\/noticiaempauta.com\/portal\/novo-refis-e-aprovado-em-comissoes-tecnicas-da-alepi\/","title":{"rendered":"Novo Refis \u00e9 aprovado em comiss\u00f5es t\u00e9cnicas da ALEPI"},"content":{"rendered":"\n<p>O projeto do Governo do Estado que institui o Programa de Recupera\u00e7\u00e3o de Cr\u00e9ditos Tribut\u00e1rios (Refis) foi apreciado e aprovado nas comiss\u00f5es de Constitui\u00e7\u00e3o e Justi\u00e7a (CCJ) e de Fiscaliza\u00e7\u00e3o e Controle, Finan\u00e7as e Tributa\u00e7\u00e3o (CFCFT) da Assembleia Legislativa do Piau\u00ed (Alepi) nesta ter\u00e7a-feira (4). E ainda deve ser apreciada em plen\u00e1rio.&nbsp;<\/p>\n\n\n\n<figure class=\"wp-block-image size-full\"><img fetchpriority=\"high\" decoding=\"async\" width=\"1000\" height=\"667\" src=\"https:\/\/noticiaempauta.com\/portal\/wp-content\/uploads\/2025\/05\/alepi-aprova-aumento-de-salarios-de-servidores-publicos-estaduais-do-piaui-473bfb5f-70d2-44ca-bae5-3ef03acf50ff.jpg.webp\" alt=\"\" class=\"wp-image-270889\" srcset=\"https:\/\/noticiaempauta.com\/portal\/wp-content\/uploads\/2025\/05\/alepi-aprova-aumento-de-salarios-de-servidores-publicos-estaduais-do-piaui-473bfb5f-70d2-44ca-bae5-3ef03acf50ff.jpg.webp 1000w, https:\/\/noticiaempauta.com\/portal\/wp-content\/uploads\/2025\/05\/alepi-aprova-aumento-de-salarios-de-servidores-publicos-estaduais-do-piaui-473bfb5f-70d2-44ca-bae5-3ef03acf50ff.jpg-300x200.webp 300w, https:\/\/noticiaempauta.com\/portal\/wp-content\/uploads\/2025\/05\/alepi-aprova-aumento-de-salarios-de-servidores-publicos-estaduais-do-piaui-473bfb5f-70d2-44ca-bae5-3ef03acf50ff.jpg-768x512.webp 768w\" sizes=\"(max-width: 1000px) 100vw, 1000px\" \/><\/figure>\n\n\n\n<p>A proposta cria parcelamentos relacionados ao ICMS, Imposto Sobre Transmiss\u00e3o Causa Mortis e Doa\u00e7\u00e3o (ITCMD), IPVA e Licenciamento. \u201cO referido Projeto tem como objetivo oportunizar aos contribuintes op\u00e7\u00e3o mais simples e ampla de parcelamento de d\u00e9bitos e assim superar os obst\u00e1culos que os impedem de cumprirem suas obriga\u00e7\u00f5es tribut\u00e1rias\u201d, explica o Executivo.<\/p>\n\n\n\n<p>D\u00e9bitos de ICMS podem ser pagos em at\u00e9 60 parcelas: desconto de 95% para parcela \u00fanica; 90% em at\u00e9 seis vezes; 85% para quem pagar em at\u00e9 12 parcelas; redu\u00e7\u00e3o de 80% para at\u00e9 24 vezes; e 70% a quem optar por at\u00e9 60 parcelas. O parcelamento dos d\u00e9bitos de ITCMD, IPVA e Licenciamento \u00e9 em at\u00e9 12 vezes, com percentuais de desconto entre 95% e 70%.<\/p>\n\n\n\n<figure class=\"wp-block-image size-full\"><img decoding=\"async\" width=\"600\" height=\"399\" src=\"https:\/\/noticiaempauta.com\/portal\/wp-content\/uploads\/2025\/11\/image_assessoria-12.jpeg\" alt=\"\" class=\"wp-image-280283\" srcset=\"https:\/\/noticiaempauta.com\/portal\/wp-content\/uploads\/2025\/11\/image_assessoria-12.jpeg 600w, https:\/\/noticiaempauta.com\/portal\/wp-content\/uploads\/2025\/11\/image_assessoria-12-300x200.jpeg 300w\" sizes=\"(max-width: 600px) 100vw, 600px\" \/><\/figure>\n\n\n\n<p>O relator da mat\u00e9ria na CCJ foi o presidente da Comiss\u00e3o, deputado Henrique Pires (MDB). Tamb\u00e9m estiveram presentes Gessivaldo Isa\u00edas (Republicanos), Gracinha M\u00e3o Santa (PP), Dr. Felipe Sampaio (MDB), Francisco Limma (PT), Franz\u00e9 Silva, H\u00e9lio Rodrigues (PT), Evaldo Gomes (Solidariedade), Jo\u00e3o M\u00e1dison (MDB) e Rubens Vieira (PT).<\/p>\n\n\n\n<p>Na Comiss\u00e3o de Finan\u00e7as, o parecer coube a H\u00e9lio Isa\u00edas (PT). Estiveram na reuni\u00e3o Dr. H\u00e9lio (MDB), Gustavo Neiva (PP), Jo\u00e3o M\u00e1dison (MDB), Gracinha M\u00e3o Santa (PP), Dr. Gil Carlos (PT) e Franz\u00e9 Silva, presidente da CFCFT.<\/p>\n\n\n\n<p><strong>Subven\u00e7\u00e3o<\/strong>&nbsp;\u2013 As duas comiss\u00f5es aprovaram o projeto do deputado F\u00e1bio Novo (PT) que concede subven\u00e7\u00e3o social \u00e0 Associa\u00e7\u00e3o M\u00e3es da Santa Maria da Codipi III de Teresina (AMASAMC). O relat\u00f3rio na CCJ foi elaborado por Gessivaldo Isa\u00edas; e por Jo\u00e3o M\u00e1dison na Comiss\u00e3o de Finan\u00e7as.<\/p>\n\n\n\n<p><strong>Isen\u00e7\u00e3o<\/strong>&nbsp;\u2013 Foi votada favoravelmente na CCJ a proposta da deputada B\u00e1rbara do Firmino (PP) que isenta as associa\u00e7\u00f5es civis sem fins lucrativos de car\u00e1ter comunit\u00e1rio, educacional, cultural, assistencial ou voltadas \u00e0 promo\u00e7\u00e3o de direitos coletivos de pagar custas e emolumentos relativos ao registro, expedi\u00e7\u00e3o de certid\u00f5es e demais atos necess\u00e1rios \u00e0 constitui\u00e7\u00e3o e funcionamento. A relatoria coube a Gracinha M\u00e3o Santa.<\/p>\n\n\n\n<p><strong>Boletos<\/strong>&nbsp;\u2013 A CCJ aprovou, com relat\u00f3rio de Gessivaldo Isa\u00edas, a proposi\u00e7\u00e3o de Franz\u00e9 Silva que assegura ao consumidor o direito de receber faturas e boletos emitidos por concession\u00e1rias de servi\u00e7o p\u00fablico com c\u00f3digo de barras impresso e garante a op\u00e7\u00e3o de recebimento em meio f\u00edsico.<\/p>\n\n\n\n<p><strong>Terceiro Setor<\/strong>&nbsp;&#8211; Os reconhecimentos de utilidade p\u00fablica de cinco novas institui\u00e7\u00f5es foram aprovados na reuni\u00e3o da CCJ. Francisco Limma \u00e9 o autor do projeto que reconhece a Associa\u00e7\u00e3o Grupo Vida que Segue e recebeu parecer favor\u00e1vel de Evaldo Gomes. Gracinha M\u00e3o Santa apresentou relat\u00f3rio positivo \u00e0 iniciativa de F\u00e1bio Novo que reconheceu o Sindicato dos Pescadores e Pescadoras Artesanais de Murici dos Portelas. O mesmo parlamentar \u00e9 autor do projeto que reconhece a Associa\u00e7\u00e3o Comunit\u00e1ria de Produ\u00e7\u00e3o e Servi\u00e7os dos Agricultores e Agricultoras Familiares do Munic\u00edpio de S\u00e3o Raimundo Nonato (ASAF). A mat\u00e9ria foi relatada por Gessivaldo Isa\u00edas, que tamb\u00e9m relatou o projeto que reconhece o Instituto Paulo Eudes Carneiro, de proposi\u00e7\u00e3o de Severo Eul\u00e1lio (MDB).&nbsp;<\/p>\n\n\n\n<p>O mesmo relator apresentou parecer favor\u00e1vel \u00e0 mat\u00e9ria de Tiago Vasconcelos (MDB) que prop\u00f5e a cess\u00e3o de um im\u00f3vel do Governo do Estado no Centro de Valen\u00e7a do Piau\u00ed \u00e0&nbsp; Associa\u00e7\u00e3o M\u00e3os que Plantam, Colhem e Acolhem.<\/p>\n\n\n\n<p>Calend\u00e1rio&nbsp;&#8211; Duas propostas de Gessivaldo Isa\u00edas de incluir datas no Calend\u00e1rio Oficial foram aprovadas na reuni\u00e3o da CCJ. Gracinha M\u00e3o Santa foi favor\u00e1vel ao Dia do Evangelista Universal, a ser celebrado no \u00faltimo domingo do m\u00eas de maio, e ao Dia do M\u00fasico, no dia 9 de novembro. Al\u00e9m de ser autor das duas mat\u00e9rias, o parlamentar relatou proposta de Francisco Limma que cria o Dia Estadual do Psicopedagogo, comemorado em 12 de novembro.<\/p>\n\n\n\n<p>Fonte: Alepi<\/p>\n","protected":false},"excerpt":{"rendered":"<p>O projeto do Governo do Estado que institui o Programa de Recupera\u00e7\u00e3o de Cr\u00e9ditos Tribut\u00e1rios (Refis) foi apreciado e aprovado nas comiss\u00f5es de Constitui\u00e7\u00e3o e Justi\u00e7a (CCJ) e de Fiscaliza\u00e7\u00e3o e Controle, Finan\u00e7as e Tributa\u00e7\u00e3o (CFCFT) da Assembleia Legislativa do Piau\u00ed (Alepi) nesta ter\u00e7a-feira (4). E ainda deve ser apreciada em plen\u00e1rio.&nbsp; A proposta cria [&hellip;]<\/p>\n","protected":false},"author":2,"featured_media":270889,"comment_status":"open","ping_status":"open","sticky":false,"template":"","format":"standard","meta":{"_mi_skip_tracking":false,"footnotes":""},"categories":[25,1,16],"tags":[192],"class_list":["post-280282","post","type-post","status-publish","format-standard","has-post-thumbnail","hentry","category-destaques-site","category-geral","category-todas","tag-destaqueprincipal"],"acf":[],"yoast_head":"<!-- This site is optimized with the Yoast SEO Premium plugin v19.2 (Yoast SEO v26.9) - https:\/\/yoast.com\/product\/yoast-seo-premium-wordpress\/ -->\n<title>Novo Refis \u00e9 aprovado em comiss\u00f5es t\u00e9cnicas da ALEPI - Portal Not\u00edcia em Pauta<\/title>\n<meta name=\"robots\" content=\"index, follow, max-snippet:-1, max-image-preview:large, max-video-preview:-1\" \/>\n<link rel=\"canonical\" href=\"https:\/\/noticiaempauta.com\/portal\/novo-refis-e-aprovado-em-comissoes-tecnicas-da-alepi\/\" \/>\n<meta property=\"og:locale\" content=\"pt_BR\" \/>\n<meta property=\"og:type\" content=\"article\" \/>\n<meta property=\"og:title\" content=\"Novo Refis \u00e9 aprovado em comiss\u00f5es t\u00e9cnicas da ALEPI\" \/>\n<meta property=\"og:description\" content=\"O projeto do Governo do Estado que institui o Programa de Recupera\u00e7\u00e3o de Cr\u00e9ditos Tribut\u00e1rios (Refis) foi apreciado e aprovado nas comiss\u00f5es de Constitui\u00e7\u00e3o e Justi\u00e7a (CCJ) e de Fiscaliza\u00e7\u00e3o e Controle, Finan\u00e7as e Tributa\u00e7\u00e3o (CFCFT) da Assembleia Legislativa do Piau\u00ed (Alepi) nesta ter\u00e7a-feira (4). E ainda deve ser apreciada em plen\u00e1rio.&nbsp; A proposta cria [&hellip;]\" \/>\n<meta property=\"og:url\" content=\"https:\/\/noticiaempauta.com\/portal\/novo-refis-e-aprovado-em-comissoes-tecnicas-da-alepi\/\" \/>\n<meta property=\"og:site_name\" content=\"Portal Not\u00edcia em Pauta\" \/>\n<meta property=\"article:publisher\" content=\"https:\/\/www.facebook.com\/Portal-Notcia-Em-Pauta-102292869264820\/\" \/>\n<meta property=\"article:published_time\" content=\"2025-11-05T12:23:11+00:00\" \/>\n<meta property=\"article:modified_time\" content=\"2025-11-05T12:23:12+00:00\" \/>\n<meta property=\"og:image\" content=\"https:\/\/noticiaempauta.com\/portal\/wp-content\/uploads\/2025\/05\/alepi-aprova-aumento-de-salarios-de-servidores-publicos-estaduais-do-piaui-473bfb5f-70d2-44ca-bae5-3ef03acf50ff.jpg.webp\" \/>\n\t<meta property=\"og:image:width\" content=\"1000\" \/>\n\t<meta property=\"og:image:height\" content=\"667\" \/>\n\t<meta property=\"og:image:type\" content=\"image\/webp\" \/>\n<meta name=\"author\" content=\"Reda\u00e7\u00e3o\" \/>\n<meta name=\"twitter:card\" content=\"summary_large_image\" \/>\n<meta name=\"twitter:label1\" content=\"Escrito por\" \/>\n\t<meta name=\"twitter:data1\" content=\"Reda\u00e7\u00e3o\" \/>\n\t<meta name=\"twitter:label2\" content=\"Est. tempo de leitura\" \/>\n\t<meta name=\"twitter:data2\" content=\"5 minutos\" \/>\n<script type=\"application\/ld+json\" class=\"yoast-schema-graph\">{\"@context\":\"https:\/\/schema.org\",\"@graph\":[{\"@type\":\"Article\",\"@id\":\"https:\/\/noticiaempauta.com\/portal\/novo-refis-e-aprovado-em-comissoes-tecnicas-da-alepi\/#article\",\"isPartOf\":{\"@id\":\"https:\/\/noticiaempauta.com\/portal\/novo-refis-e-aprovado-em-comissoes-tecnicas-da-alepi\/\"},\"author\":{\"name\":\"Reda\u00e7\u00e3o\",\"@id\":\"https:\/\/noticiaempauta.com\/portal\/#\/schema\/person\/a74af43dd1ab3deca45f988c717d57ac\"},\"headline\":\"Novo Refis \u00e9 aprovado em comiss\u00f5es t\u00e9cnicas da ALEPI\",\"datePublished\":\"2025-11-05T12:23:11+00:00\",\"dateModified\":\"2025-11-05T12:23:12+00:00\",\"mainEntityOfPage\":{\"@id\":\"https:\/\/noticiaempauta.com\/portal\/novo-refis-e-aprovado-em-comissoes-tecnicas-da-alepi\/\"},\"wordCount\":738,\"commentCount\":0,\"publisher\":{\"@id\":\"https:\/\/noticiaempauta.com\/portal\/#organization\"},\"image\":{\"@id\":\"https:\/\/noticiaempauta.com\/portal\/novo-refis-e-aprovado-em-comissoes-tecnicas-da-alepi\/#primaryimage\"},\"thumbnailUrl\":\"https:\/\/noticiaempauta.com\/portal\/wp-content\/uploads\/2025\/05\/alepi-aprova-aumento-de-salarios-de-servidores-publicos-estaduais-do-piaui-473bfb5f-70d2-44ca-bae5-3ef03acf50ff.jpg.webp\",\"keywords\":[\"destaqueprincipal\"],\"articleSection\":[\"Destaques\",\"Geral\",\"Todas as Not\u00edcias\"],\"inLanguage\":\"pt-BR\",\"potentialAction\":[{\"@type\":\"CommentAction\",\"name\":\"Comment\",\"target\":[\"https:\/\/noticiaempauta.com\/portal\/novo-refis-e-aprovado-em-comissoes-tecnicas-da-alepi\/#respond\"]}]},{\"@type\":\"WebPage\",\"@id\":\"https:\/\/noticiaempauta.com\/portal\/novo-refis-e-aprovado-em-comissoes-tecnicas-da-alepi\/\",\"url\":\"https:\/\/noticiaempauta.com\/portal\/novo-refis-e-aprovado-em-comissoes-tecnicas-da-alepi\/\",\"name\":\"Novo Refis \u00e9 aprovado em comiss\u00f5es t\u00e9cnicas da ALEPI - Portal Not\u00edcia em Pauta\",\"isPartOf\":{\"@id\":\"https:\/\/noticiaempauta.com\/portal\/#website\"},\"primaryImageOfPage\":{\"@id\":\"https:\/\/noticiaempauta.com\/portal\/novo-refis-e-aprovado-em-comissoes-tecnicas-da-alepi\/#primaryimage\"},\"image\":{\"@id\":\"https:\/\/noticiaempauta.com\/portal\/novo-refis-e-aprovado-em-comissoes-tecnicas-da-alepi\/#primaryimage\"},\"thumbnailUrl\":\"https:\/\/noticiaempauta.com\/portal\/wp-content\/uploads\/2025\/05\/alepi-aprova-aumento-de-salarios-de-servidores-publicos-estaduais-do-piaui-473bfb5f-70d2-44ca-bae5-3ef03acf50ff.jpg.webp\",\"datePublished\":\"2025-11-05T12:23:11+00:00\",\"dateModified\":\"2025-11-05T12:23:12+00:00\",\"breadcrumb\":{\"@id\":\"https:\/\/noticiaempauta.com\/portal\/novo-refis-e-aprovado-em-comissoes-tecnicas-da-alepi\/#breadcrumb\"},\"inLanguage\":\"pt-BR\",\"potentialAction\":[{\"@type\":\"ReadAction\",\"target\":[\"https:\/\/noticiaempauta.com\/portal\/novo-refis-e-aprovado-em-comissoes-tecnicas-da-alepi\/\"]}]},{\"@type\":\"ImageObject\",\"inLanguage\":\"pt-BR\",\"@id\":\"https:\/\/noticiaempauta.com\/portal\/novo-refis-e-aprovado-em-comissoes-tecnicas-da-alepi\/#primaryimage\",\"url\":\"https:\/\/noticiaempauta.com\/portal\/wp-content\/uploads\/2025\/05\/alepi-aprova-aumento-de-salarios-de-servidores-publicos-estaduais-do-piaui-473bfb5f-70d2-44ca-bae5-3ef03acf50ff.jpg.webp\",\"contentUrl\":\"https:\/\/noticiaempauta.com\/portal\/wp-content\/uploads\/2025\/05\/alepi-aprova-aumento-de-salarios-de-servidores-publicos-estaduais-do-piaui-473bfb5f-70d2-44ca-bae5-3ef03acf50ff.jpg.webp\",\"width\":1000,\"height\":667},{\"@type\":\"BreadcrumbList\",\"@id\":\"https:\/\/noticiaempauta.com\/portal\/novo-refis-e-aprovado-em-comissoes-tecnicas-da-alepi\/#breadcrumb\",\"itemListElement\":[{\"@type\":\"ListItem\",\"position\":1,\"name\":\"P\u00e1gina Inicial\",\"item\":\"https:\/\/noticiaempauta.com\/portal\/\"},{\"@type\":\"ListItem\",\"position\":2,\"name\":\"Destaques\",\"item\":\"https:\/\/noticiaempauta.com\/portal\/destaques-site\/\"},{\"@type\":\"ListItem\",\"position\":3,\"name\":\"Novo Refis \u00e9 aprovado em comiss\u00f5es t\u00e9cnicas da ALEPI\"}]},{\"@type\":\"WebSite\",\"@id\":\"https:\/\/noticiaempauta.com\/portal\/#website\",\"url\":\"https:\/\/noticiaempauta.com\/portal\/\",\"name\":\"Portal Not\u00edcia em Pauta\",\"description\":\"Voc\u00ea bem informado\",\"publisher\":{\"@id\":\"https:\/\/noticiaempauta.com\/portal\/#organization\"},\"potentialAction\":[{\"@type\":\"SearchAction\",\"target\":{\"@type\":\"EntryPoint\",\"urlTemplate\":\"https:\/\/noticiaempauta.com\/portal\/?s={search_term_string}\"},\"query-input\":{\"@type\":\"PropertyValueSpecification\",\"valueRequired\":true,\"valueName\":\"search_term_string\"}}],\"inLanguage\":\"pt-BR\"},{\"@type\":\"Organization\",\"@id\":\"https:\/\/noticiaempauta.com\/portal\/#organization\",\"name\":\"Portal Not\u00edcia em Pauta\",\"url\":\"https:\/\/noticiaempauta.com\/portal\/\",\"logo\":{\"@type\":\"ImageObject\",\"inLanguage\":\"pt-BR\",\"@id\":\"https:\/\/noticiaempauta.com\/portal\/#\/schema\/logo\/image\/\",\"url\":\"https:\/\/noticiaempauta.com\/portal\/wp-content\/uploads\/2022\/08\/logomarca_tema.fw_.png\",\"contentUrl\":\"https:\/\/noticiaempauta.com\/portal\/wp-content\/uploads\/2022\/08\/logomarca_tema.fw_.png\",\"width\":400,\"height\":232,\"caption\":\"Portal Not\u00edcia em Pauta\"},\"image\":{\"@id\":\"https:\/\/noticiaempauta.com\/portal\/#\/schema\/logo\/image\/\"},\"sameAs\":[\"https:\/\/www.facebook.com\/Portal-Notcia-Em-Pauta-102292869264820\/\",\"https:\/\/www.instagram.com\/portalnoticiaempauta\/\"]},{\"@type\":\"Person\",\"@id\":\"https:\/\/noticiaempauta.com\/portal\/#\/schema\/person\/a74af43dd1ab3deca45f988c717d57ac\",\"name\":\"Reda\u00e7\u00e3o\",\"image\":{\"@type\":\"ImageObject\",\"inLanguage\":\"pt-BR\",\"@id\":\"https:\/\/noticiaempauta.com\/portal\/#\/schema\/person\/image\/\",\"url\":\"https:\/\/secure.gravatar.com\/avatar\/03179346ecce6cdfc13361603e8f54242a90e5cde8618fa23c5c00aa2b0aadf3?s=96&d=mm&r=g\",\"contentUrl\":\"https:\/\/secure.gravatar.com\/avatar\/03179346ecce6cdfc13361603e8f54242a90e5cde8618fa23c5c00aa2b0aadf3?s=96&d=mm&r=g\",\"caption\":\"Reda\u00e7\u00e3o\"},\"sameAs\":[\"https:\/\/noticiaempauta.com\/portal\/\"],\"url\":\"https:\/\/noticiaempauta.com\/portal\/author\/fernando\/\"}]}<\/script>\n<!-- \/ Yoast SEO Premium plugin. -->","yoast_head_json":{"title":"Novo Refis \u00e9 aprovado em comiss\u00f5es t\u00e9cnicas da ALEPI - Portal Not\u00edcia em Pauta","robots":{"index":"index","follow":"follow","max-snippet":"max-snippet:-1","max-image-preview":"max-image-preview:large","max-video-preview":"max-video-preview:-1"},"canonical":"https:\/\/noticiaempauta.com\/portal\/novo-refis-e-aprovado-em-comissoes-tecnicas-da-alepi\/","og_locale":"pt_BR","og_type":"article","og_title":"Novo Refis \u00e9 aprovado em comiss\u00f5es t\u00e9cnicas da ALEPI","og_description":"O projeto do Governo do Estado que institui o Programa de Recupera\u00e7\u00e3o de Cr\u00e9ditos Tribut\u00e1rios (Refis) foi apreciado e aprovado nas comiss\u00f5es de Constitui\u00e7\u00e3o e Justi\u00e7a (CCJ) e de Fiscaliza\u00e7\u00e3o e Controle, Finan\u00e7as e Tributa\u00e7\u00e3o (CFCFT) da Assembleia Legislativa do Piau\u00ed (Alepi) nesta ter\u00e7a-feira (4). E ainda deve ser apreciada em plen\u00e1rio.&nbsp; A proposta cria [&hellip;]","og_url":"https:\/\/noticiaempauta.com\/portal\/novo-refis-e-aprovado-em-comissoes-tecnicas-da-alepi\/","og_site_name":"Portal Not\u00edcia em Pauta","article_publisher":"https:\/\/www.facebook.com\/Portal-Notcia-Em-Pauta-102292869264820\/","article_published_time":"2025-11-05T12:23:11+00:00","article_modified_time":"2025-11-05T12:23:12+00:00","og_image":[{"width":1000,"height":667,"url":"https:\/\/noticiaempauta.com\/portal\/wp-content\/uploads\/2025\/05\/alepi-aprova-aumento-de-salarios-de-servidores-publicos-estaduais-do-piaui-473bfb5f-70d2-44ca-bae5-3ef03acf50ff.jpg.webp","type":"image\/webp"}],"author":"Reda\u00e7\u00e3o","twitter_card":"summary_large_image","twitter_misc":{"Escrito por":"Reda\u00e7\u00e3o","Est. tempo de leitura":"5 minutos"},"schema":{"@context":"https:\/\/schema.org","@graph":[{"@type":"Article","@id":"https:\/\/noticiaempauta.com\/portal\/novo-refis-e-aprovado-em-comissoes-tecnicas-da-alepi\/#article","isPartOf":{"@id":"https:\/\/noticiaempauta.com\/portal\/novo-refis-e-aprovado-em-comissoes-tecnicas-da-alepi\/"},"author":{"name":"Reda\u00e7\u00e3o","@id":"https:\/\/noticiaempauta.com\/portal\/#\/schema\/person\/a74af43dd1ab3deca45f988c717d57ac"},"headline":"Novo Refis \u00e9 aprovado em comiss\u00f5es t\u00e9cnicas da ALEPI","datePublished":"2025-11-05T12:23:11+00:00","dateModified":"2025-11-05T12:23:12+00:00","mainEntityOfPage":{"@id":"https:\/\/noticiaempauta.com\/portal\/novo-refis-e-aprovado-em-comissoes-tecnicas-da-alepi\/"},"wordCount":738,"commentCount":0,"publisher":{"@id":"https:\/\/noticiaempauta.com\/portal\/#organization"},"image":{"@id":"https:\/\/noticiaempauta.com\/portal\/novo-refis-e-aprovado-em-comissoes-tecnicas-da-alepi\/#primaryimage"},"thumbnailUrl":"https:\/\/noticiaempauta.com\/portal\/wp-content\/uploads\/2025\/05\/alepi-aprova-aumento-de-salarios-de-servidores-publicos-estaduais-do-piaui-473bfb5f-70d2-44ca-bae5-3ef03acf50ff.jpg.webp","keywords":["destaqueprincipal"],"articleSection":["Destaques","Geral","Todas as Not\u00edcias"],"inLanguage":"pt-BR","potentialAction":[{"@type":"CommentAction","name":"Comment","target":["https:\/\/noticiaempauta.com\/portal\/novo-refis-e-aprovado-em-comissoes-tecnicas-da-alepi\/#respond"]}]},{"@type":"WebPage","@id":"https:\/\/noticiaempauta.com\/portal\/novo-refis-e-aprovado-em-comissoes-tecnicas-da-alepi\/","url":"https:\/\/noticiaempauta.com\/portal\/novo-refis-e-aprovado-em-comissoes-tecnicas-da-alepi\/","name":"Novo Refis \u00e9 aprovado em comiss\u00f5es t\u00e9cnicas da ALEPI - Portal Not\u00edcia em Pauta","isPartOf":{"@id":"https:\/\/noticiaempauta.com\/portal\/#website"},"primaryImageOfPage":{"@id":"https:\/\/noticiaempauta.com\/portal\/novo-refis-e-aprovado-em-comissoes-tecnicas-da-alepi\/#primaryimage"},"image":{"@id":"https:\/\/noticiaempauta.com\/portal\/novo-refis-e-aprovado-em-comissoes-tecnicas-da-alepi\/#primaryimage"},"thumbnailUrl":"https:\/\/noticiaempauta.com\/portal\/wp-content\/uploads\/2025\/05\/alepi-aprova-aumento-de-salarios-de-servidores-publicos-estaduais-do-piaui-473bfb5f-70d2-44ca-bae5-3ef03acf50ff.jpg.webp","datePublished":"2025-11-05T12:23:11+00:00","dateModified":"2025-11-05T12:23:12+00:00","breadcrumb":{"@id":"https:\/\/noticiaempauta.com\/portal\/novo-refis-e-aprovado-em-comissoes-tecnicas-da-alepi\/#breadcrumb"},"inLanguage":"pt-BR","potentialAction":[{"@type":"ReadAction","target":["https:\/\/noticiaempauta.com\/portal\/novo-refis-e-aprovado-em-comissoes-tecnicas-da-alepi\/"]}]},{"@type":"ImageObject","inLanguage":"pt-BR","@id":"https:\/\/noticiaempauta.com\/portal\/novo-refis-e-aprovado-em-comissoes-tecnicas-da-alepi\/#primaryimage","url":"https:\/\/noticiaempauta.com\/portal\/wp-content\/uploads\/2025\/05\/alepi-aprova-aumento-de-salarios-de-servidores-publicos-estaduais-do-piaui-473bfb5f-70d2-44ca-bae5-3ef03acf50ff.jpg.webp","contentUrl":"https:\/\/noticiaempauta.com\/portal\/wp-content\/uploads\/2025\/05\/alepi-aprova-aumento-de-salarios-de-servidores-publicos-estaduais-do-piaui-473bfb5f-70d2-44ca-bae5-3ef03acf50ff.jpg.webp","width":1000,"height":667},{"@type":"BreadcrumbList","@id":"https:\/\/noticiaempauta.com\/portal\/novo-refis-e-aprovado-em-comissoes-tecnicas-da-alepi\/#breadcrumb","itemListElement":[{"@type":"ListItem","position":1,"name":"P\u00e1gina Inicial","item":"https:\/\/noticiaempauta.com\/portal\/"},{"@type":"ListItem","position":2,"name":"Destaques","item":"https:\/\/noticiaempauta.com\/portal\/destaques-site\/"},{"@type":"ListItem","position":3,"name":"Novo Refis \u00e9 aprovado em comiss\u00f5es t\u00e9cnicas da ALEPI"}]},{"@type":"WebSite","@id":"https:\/\/noticiaempauta.com\/portal\/#website","url":"https:\/\/noticiaempauta.com\/portal\/","name":"Portal Not\u00edcia em Pauta","description":"Voc\u00ea bem informado","publisher":{"@id":"https:\/\/noticiaempauta.com\/portal\/#organization"},"potentialAction":[{"@type":"SearchAction","target":{"@type":"EntryPoint","urlTemplate":"https:\/\/noticiaempauta.com\/portal\/?s={search_term_string}"},"query-input":{"@type":"PropertyValueSpecification","valueRequired":true,"valueName":"search_term_string"}}],"inLanguage":"pt-BR"},{"@type":"Organization","@id":"https:\/\/noticiaempauta.com\/portal\/#organization","name":"Portal Not\u00edcia em Pauta","url":"https:\/\/noticiaempauta.com\/portal\/","logo":{"@type":"ImageObject","inLanguage":"pt-BR","@id":"https:\/\/noticiaempauta.com\/portal\/#\/schema\/logo\/image\/","url":"https:\/\/noticiaempauta.com\/portal\/wp-content\/uploads\/2022\/08\/logomarca_tema.fw_.png","contentUrl":"https:\/\/noticiaempauta.com\/portal\/wp-content\/uploads\/2022\/08\/logomarca_tema.fw_.png","width":400,"height":232,"caption":"Portal Not\u00edcia em Pauta"},"image":{"@id":"https:\/\/noticiaempauta.com\/portal\/#\/schema\/logo\/image\/"},"sameAs":["https:\/\/www.facebook.com\/Portal-Notcia-Em-Pauta-102292869264820\/","https:\/\/www.instagram.com\/portalnoticiaempauta\/"]},{"@type":"Person","@id":"https:\/\/noticiaempauta.com\/portal\/#\/schema\/person\/a74af43dd1ab3deca45f988c717d57ac","name":"Reda\u00e7\u00e3o","image":{"@type":"ImageObject","inLanguage":"pt-BR","@id":"https:\/\/noticiaempauta.com\/portal\/#\/schema\/person\/image\/","url":"https:\/\/secure.gravatar.com\/avatar\/03179346ecce6cdfc13361603e8f54242a90e5cde8618fa23c5c00aa2b0aadf3?s=96&d=mm&r=g","contentUrl":"https:\/\/secure.gravatar.com\/avatar\/03179346ecce6cdfc13361603e8f54242a90e5cde8618fa23c5c00aa2b0aadf3?s=96&d=mm&r=g","caption":"Reda\u00e7\u00e3o"},"sameAs":["https:\/\/noticiaempauta.com\/portal\/"],"url":"https:\/\/noticiaempauta.com\/portal\/author\/fernando\/"}]}},"_links":{"self":[{"href":"https:\/\/noticiaempauta.com\/portal\/wp-json\/wp\/v2\/posts\/280282","targetHints":{"allow":["GET"]}}],"collection":[{"href":"https:\/\/noticiaempauta.com\/portal\/wp-json\/wp\/v2\/posts"}],"about":[{"href":"https:\/\/noticiaempauta.com\/portal\/wp-json\/wp\/v2\/types\/post"}],"author":[{"embeddable":true,"href":"https:\/\/noticiaempauta.com\/portal\/wp-json\/wp\/v2\/users\/2"}],"replies":[{"embeddable":true,"href":"https:\/\/noticiaempauta.com\/portal\/wp-json\/wp\/v2\/comments?post=280282"}],"version-history":[{"count":2,"href":"https:\/\/noticiaempauta.com\/portal\/wp-json\/wp\/v2\/posts\/280282\/revisions"}],"predecessor-version":[{"id":280285,"href":"https:\/\/noticiaempauta.com\/portal\/wp-json\/wp\/v2\/posts\/280282\/revisions\/280285"}],"wp:featuredmedia":[{"embeddable":true,"href":"https:\/\/noticiaempauta.com\/portal\/wp-json\/wp\/v2\/media\/270889"}],"wp:attachment":[{"href":"https:\/\/noticiaempauta.com\/portal\/wp-json\/wp\/v2\/media?parent=280282"}],"wp:term":[{"taxonomy":"category","embeddable":true,"href":"https:\/\/noticiaempauta.com\/portal\/wp-json\/wp\/v2\/categories?post=280282"},{"taxonomy":"post_tag","embeddable":true,"href":"https:\/\/noticiaempauta.com\/portal\/wp-json\/wp\/v2\/tags?post=280282"}],"curies":[{"name":"wp","href":"https:\/\/api.w.org\/{rel}","templated":true}]}}