{"id":280307,"date":"2025-11-05T16:43:51","date_gmt":"2025-11-05T19:43:51","guid":{"rendered":"https:\/\/noticiaempauta.com\/portal\/?p=280307"},"modified":"2025-11-05T16:43:52","modified_gmt":"2025-11-05T19:43:52","slug":"ifpi-podera-ganhar-quatro-novos-campi-no-piaui-veja-cidades-contempladas","status":"publish","type":"post","link":"https:\/\/noticiaempauta.com\/portal\/ifpi-podera-ganhar-quatro-novos-campi-no-piaui-veja-cidades-contempladas\/","title":{"rendered":"IFPI poder\u00e1 ganhar quatro novos campi no Piau\u00ed; veja cidades contempladas"},"content":{"rendered":"\n<p>O Piau\u00ed poder\u00e1 ganhar quatro novos campi do Instituto Federal do Piau\u00ed (IFPI), que ser\u00e3o instalados nos munic\u00edpios de B<strong>arras, Esperantina, Altos e Luzil\u00e2ndia<\/strong>. O an\u00fancio foi feito nesta ter\u00e7a-feira, 4 de novembro, pelo ministro da Educa\u00e7\u00e3o, Camilo Santana, durante a solenidade de posse do reitor Paulo Borges da Cunha para o segundo mandato \u00e0 frente do IFPI.<\/p>\n\n\n\n<figure class=\"wp-block-image size-full\"><img fetchpriority=\"high\" decoding=\"async\" width=\"800\" height=\"452\" src=\"https:\/\/noticiaempauta.com\/portal\/wp-content\/uploads\/2025\/11\/8vGhHBfWxK77vALQhPIZXSZwO4UB40XgDJXSSDNO.webp\" alt=\"\" class=\"wp-image-280310\" srcset=\"https:\/\/noticiaempauta.com\/portal\/wp-content\/uploads\/2025\/11\/8vGhHBfWxK77vALQhPIZXSZwO4UB40XgDJXSSDNO.webp 800w, https:\/\/noticiaempauta.com\/portal\/wp-content\/uploads\/2025\/11\/8vGhHBfWxK77vALQhPIZXSZwO4UB40XgDJXSSDNO-300x170.webp 300w, https:\/\/noticiaempauta.com\/portal\/wp-content\/uploads\/2025\/11\/8vGhHBfWxK77vALQhPIZXSZwO4UB40XgDJXSSDNO-768x434.webp 768w\" sizes=\"(max-width: 800px) 100vw, 800px\" \/><figcaption class=\"wp-element-caption\"><em>(Foto: Assis Fernandes\/ODIA)<\/em><\/figcaption><\/figure>\n\n\n\n<p>Com as novas unidades, o estado passar\u00e1 a contar com 24 campi e ampliar\u00e1 a oferta de educa\u00e7\u00e3o profissional e tecnol\u00f3gica na regi\u00e3o. O ministro da Educa\u00e7\u00e3o, Camilo Santana, participou, nesta ter\u00e7a-feira, 4 de novembro, da solenidade de posse do professor\u00a0Paulo Borges da Cunha como reitor do Instituto Federal do Piau\u00ed (IFPI).<\/p>\n\n\n\n<p>O professor Paulo Borges foi reeleito pela comunidade acad\u00eamica e reconduzido ao cargo por decreto presidencial publicado em 29 de agosto. Durante o evento, Santana tamb\u00e9m anunciou a constru\u00e7\u00e3o de uma nova unidade do IFPI no munic\u00edpio de Luzil\u00e2ndia, ampliando para 24 o n\u00famero de campi no estado.<\/p>\n\n\n\n<p>Com esse an\u00fancio, chegaremos a quase 800 novos campi de institutos federais em todo o pa\u00eds.\u201d Camilo Santana, ministro da Educa\u00e7\u00e3o.<\/p>\n\n\n\n<p>Camilo Santana refor\u00e7ou o compromisso do governo com a expans\u00e3o da rede de ensino t\u00e9cnico e tecnol\u00f3gico no estado. \u201cQuero dizer, publicamente, que iremos construir o Instituto Federal de Luzil\u00e2ndia. Com esse an\u00fancio, chegaremos a quase 800 novos campi de institutos federais em todo o pa\u00eds\u201d, declarou. O novo instituto se somar\u00e1 \u00e0s mais de 100 novas unidades que est\u00e3o sendo implantadas pelo Minist\u00e9rio da Educa\u00e7\u00e3o (MEC) em todo o Brasil por meio do Novo Programa de Acelera\u00e7\u00e3o do Crescimento (Novo PAC).<\/p>\n\n\n\n<p>Ao reconduzir Paulo Borges ao cargo de reitor do IFPI, Santana o parabenizou pelo trabalho que tem realizado no instituto. \u201cQue Deus o aben\u00e7oe nessa nova caminhada e n\u00e3o tenha d\u00favida da sua compet\u00eancia, do seu trabalho e pode contar sempre com as portas do MEC abertas para que a gente possa construir juntos, superando os desafios, sabendo das limita\u00e7\u00f5es, mas sempre construindo juntos a solidifica\u00e7\u00e3o deste Instituto Federal\u201d, disse.<\/p>\n\n\n\n<figure class=\"wp-block-image size-full\"><img decoding=\"async\" width=\"800\" height=\"453\" src=\"https:\/\/noticiaempauta.com\/portal\/wp-content\/uploads\/2025\/11\/aiizQ4UrnHLoph7rgUKJYpW3fAFl0W2P2grSa1Az.webp\" alt=\"\" class=\"wp-image-280309\" srcset=\"https:\/\/noticiaempauta.com\/portal\/wp-content\/uploads\/2025\/11\/aiizQ4UrnHLoph7rgUKJYpW3fAFl0W2P2grSa1Az.webp 800w, https:\/\/noticiaempauta.com\/portal\/wp-content\/uploads\/2025\/11\/aiizQ4UrnHLoph7rgUKJYpW3fAFl0W2P2grSa1Az-300x170.webp 300w, https:\/\/noticiaempauta.com\/portal\/wp-content\/uploads\/2025\/11\/aiizQ4UrnHLoph7rgUKJYpW3fAFl0W2P2grSa1Az-768x435.webp 768w\" sizes=\"(max-width: 800px) 100vw, 800px\" \/><\/figure>\n\n\n\n<p>Graduado em engenharia florestal pela Universidade Federal Rural de Pernambuco (UFRPE), Paulo Borges da Cunha possui mestrado em bot\u00e2nica pela mesma institui\u00e7\u00e3o e doutorado em geografia pela Universidade Estadual Paulista J\u00falio de Mesquita Filho (Unesp). Atualmente, \u00e9 professor da educa\u00e7\u00e3o b\u00e1sica, t\u00e9cnica e tecnol\u00f3gica do IFPI.<\/p>\n\n\n\n<p>\u201cRecebo essa miss\u00e3o, consciente da grandeza da nossa institui\u00e7\u00e3o. Um patrim\u00f4nio do povo piauiense e sobretudo brasileiro. Ao assumir esse novo ciclo, reafirmo o compromisso de conduzir o Instituto Federal do Piau\u00ed com transpar\u00eancia, di\u00e1logo e esp\u00edrito colaborativo\u201d, concluiu Paulo Borges da Cunha, destacando o compromisso de realizar uma gest\u00e3o com a transpar\u00eancia e o di\u00e1logo.<\/p>\n\n\n\n<p>Durante a solenidade, estudantes tamb\u00e9m destacaram a import\u00e2ncia dos investimentos no Instituto Federal do Piau\u00ed para al\u00e9m da infraestrutura f\u00edsica, ressaltando avan\u00e7os na inclus\u00e3o e no apoio \u00e0 perman\u00eancia estudantil. A aluna do IFPI Maria Taciane Salom\u00e9, uma estudante surda, compartilhou sua experi\u00eancia ao enfatizar os impactos positivos das a\u00e7\u00f5es voltadas \u00e0 acessibilidade. \u201cQuando cheguei no instituto havia uma grande demanda de int\u00e9rpretes e materiais adaptados. Hoje, vejo que houve uma grande melhora. O n\u00facleo de apoio melhorou ainda mais a minha vida acad\u00eamica. \u00c9 importante que a gente possa de fato incluir todas as pessoas com defici\u00eancia, n\u00e3o s\u00f3 a comunidade surda\u201d.<\/p>\n\n\n\n<figure class=\"wp-block-image size-full\"><img decoding=\"async\" width=\"800\" height=\"533\" src=\"https:\/\/noticiaempauta.com\/portal\/wp-content\/uploads\/2025\/11\/GGqreaDi9FNRSzcYTqTeikyb8zf2HSISg1n3Phls.webp\" alt=\"\" class=\"wp-image-280308\" srcset=\"https:\/\/noticiaempauta.com\/portal\/wp-content\/uploads\/2025\/11\/GGqreaDi9FNRSzcYTqTeikyb8zf2HSISg1n3Phls.webp 800w, https:\/\/noticiaempauta.com\/portal\/wp-content\/uploads\/2025\/11\/GGqreaDi9FNRSzcYTqTeikyb8zf2HSISg1n3Phls-300x200.webp 300w, https:\/\/noticiaempauta.com\/portal\/wp-content\/uploads\/2025\/11\/GGqreaDi9FNRSzcYTqTeikyb8zf2HSISg1n3Phls-768x512.webp 768w\" sizes=\"(max-width: 800px) 100vw, 800px\" \/><figcaption class=\"wp-element-caption\"><em>(Foto: Angelo Miguel\/MEC)<\/em><\/figcaption><\/figure>\n\n\n\n<p>Atualmente, o IFPI conta com 20 campi, mais de 33 mil matr\u00edculas e 355 cursos ofertados, e est\u00e1 recebendo recursos do Novo Programa de Acelera\u00e7\u00e3o do Crescimento (Novo PAC). No total, ser\u00e3o destinados R$ 75 milh\u00f5es para a constru\u00e7\u00e3o de tr\u00eas novas unidades do instituto no Piau\u00ed, nos munic\u00edpios de Barras, Esperantina e Altos, ampliando o acesso \u00e0 educa\u00e7\u00e3o profissional e tecnol\u00f3gica (EPT) no estado, al\u00e9m da quarta unidade em Luzil\u00e2ndia.<\/p>\n\n\n\n<p>Cada nova unidade tem custo estimado de R$ 25 milh\u00f5es, sendo R$ 15 milh\u00f5es para infraestrutura e R$ 10 milh\u00f5es para aquisi\u00e7\u00e3o de equipamentos e mobili\u00e1rio. Os campi ter\u00e3o capacidade de atender, em m\u00e9dia, 1,4 mil estudantes, majoritariamente em cursos t\u00e9cnicos integrados ao ensino m\u00e9dio. A iniciativa integra o processo de expans\u00e3o da Rede Federal de Educa\u00e7\u00e3o Profissional, Cient\u00edfica e Tecnol\u00f3gica, que prev\u00ea a constru\u00e7\u00e3o de mais de 102 novos campi em todo o Brasil, com investimento nacional de R$ 2,5 bilh\u00f5es.<\/p>\n\n\n\n<p>Fonte: Portal O Dia<\/p>\n","protected":false},"excerpt":{"rendered":"<p>O Piau\u00ed poder\u00e1 ganhar quatro novos campi do Instituto Federal do Piau\u00ed (IFPI), que ser\u00e3o instalados nos munic\u00edpios de Barras, Esperantina, Altos e Luzil\u00e2ndia. O an\u00fancio foi feito nesta ter\u00e7a-feira, 4 de novembro, pelo ministro da Educa\u00e7\u00e3o, Camilo Santana, durante a solenidade de posse do reitor Paulo Borges da Cunha para o segundo mandato \u00e0 [&hellip;]<\/p>\n","protected":false},"author":2,"featured_media":280310,"comment_status":"open","ping_status":"open","sticky":false,"template":"","format":"standard","meta":{"_mi_skip_tracking":false,"footnotes":""},"categories":[25,1,9,16],"tags":[192],"class_list":["post-280307","post","type-post","status-publish","format-standard","has-post-thumbnail","hentry","category-destaques-site","category-geral","category-municipios","category-todas","tag-destaqueprincipal"],"acf":[],"yoast_head":"<!-- This site is optimized with the Yoast SEO Premium plugin v19.2 (Yoast SEO v26.9) - https:\/\/yoast.com\/product\/yoast-seo-premium-wordpress\/ -->\n<title>IFPI poder\u00e1 ganhar quatro novos campi no Piau\u00ed; veja cidades contempladas - Portal Not\u00edcia em Pauta<\/title>\n<meta name=\"robots\" content=\"index, follow, max-snippet:-1, max-image-preview:large, max-video-preview:-1\" \/>\n<link rel=\"canonical\" href=\"https:\/\/noticiaempauta.com\/portal\/ifpi-podera-ganhar-quatro-novos-campi-no-piaui-veja-cidades-contempladas\/\" \/>\n<meta property=\"og:locale\" content=\"pt_BR\" \/>\n<meta property=\"og:type\" content=\"article\" \/>\n<meta property=\"og:title\" content=\"IFPI poder\u00e1 ganhar quatro novos campi no Piau\u00ed; veja cidades contempladas\" \/>\n<meta property=\"og:description\" content=\"O Piau\u00ed poder\u00e1 ganhar quatro novos campi do Instituto Federal do Piau\u00ed (IFPI), que ser\u00e3o instalados nos munic\u00edpios de Barras, Esperantina, Altos e Luzil\u00e2ndia. O an\u00fancio foi feito nesta ter\u00e7a-feira, 4 de novembro, pelo ministro da Educa\u00e7\u00e3o, Camilo Santana, durante a solenidade de posse do reitor Paulo Borges da Cunha para o segundo mandato \u00e0 [&hellip;]\" \/>\n<meta property=\"og:url\" content=\"https:\/\/noticiaempauta.com\/portal\/ifpi-podera-ganhar-quatro-novos-campi-no-piaui-veja-cidades-contempladas\/\" \/>\n<meta property=\"og:site_name\" content=\"Portal Not\u00edcia em Pauta\" \/>\n<meta property=\"article:publisher\" content=\"https:\/\/www.facebook.com\/Portal-Notcia-Em-Pauta-102292869264820\/\" \/>\n<meta property=\"article:published_time\" content=\"2025-11-05T19:43:51+00:00\" \/>\n<meta property=\"article:modified_time\" content=\"2025-11-05T19:43:52+00:00\" \/>\n<meta property=\"og:image\" content=\"https:\/\/noticiaempauta.com\/portal\/wp-content\/uploads\/2025\/11\/8vGhHBfWxK77vALQhPIZXSZwO4UB40XgDJXSSDNO.webp\" \/>\n\t<meta property=\"og:image:width\" content=\"800\" \/>\n\t<meta property=\"og:image:height\" content=\"452\" \/>\n\t<meta property=\"og:image:type\" content=\"image\/webp\" \/>\n<meta name=\"author\" content=\"Reda\u00e7\u00e3o\" \/>\n<meta name=\"twitter:card\" content=\"summary_large_image\" \/>\n<meta name=\"twitter:label1\" content=\"Escrito por\" \/>\n\t<meta name=\"twitter:data1\" content=\"Reda\u00e7\u00e3o\" \/>\n\t<meta name=\"twitter:label2\" content=\"Est. tempo de leitura\" \/>\n\t<meta name=\"twitter:data2\" content=\"5 minutos\" \/>\n<script type=\"application\/ld+json\" class=\"yoast-schema-graph\">{\"@context\":\"https:\/\/schema.org\",\"@graph\":[{\"@type\":\"Article\",\"@id\":\"https:\/\/noticiaempauta.com\/portal\/ifpi-podera-ganhar-quatro-novos-campi-no-piaui-veja-cidades-contempladas\/#article\",\"isPartOf\":{\"@id\":\"https:\/\/noticiaempauta.com\/portal\/ifpi-podera-ganhar-quatro-novos-campi-no-piaui-veja-cidades-contempladas\/\"},\"author\":{\"name\":\"Reda\u00e7\u00e3o\",\"@id\":\"https:\/\/noticiaempauta.com\/portal\/#\/schema\/person\/a74af43dd1ab3deca45f988c717d57ac\"},\"headline\":\"IFPI poder\u00e1 ganhar quatro novos campi no Piau\u00ed; veja cidades contempladas\",\"datePublished\":\"2025-11-05T19:43:51+00:00\",\"dateModified\":\"2025-11-05T19:43:52+00:00\",\"mainEntityOfPage\":{\"@id\":\"https:\/\/noticiaempauta.com\/portal\/ifpi-podera-ganhar-quatro-novos-campi-no-piaui-veja-cidades-contempladas\/\"},\"wordCount\":782,\"commentCount\":0,\"publisher\":{\"@id\":\"https:\/\/noticiaempauta.com\/portal\/#organization\"},\"image\":{\"@id\":\"https:\/\/noticiaempauta.com\/portal\/ifpi-podera-ganhar-quatro-novos-campi-no-piaui-veja-cidades-contempladas\/#primaryimage\"},\"thumbnailUrl\":\"https:\/\/noticiaempauta.com\/portal\/wp-content\/uploads\/2025\/11\/8vGhHBfWxK77vALQhPIZXSZwO4UB40XgDJXSSDNO.webp\",\"keywords\":[\"destaqueprincipal\"],\"articleSection\":[\"Destaques\",\"Geral\",\"Munic\u00edpios\",\"Todas as Not\u00edcias\"],\"inLanguage\":\"pt-BR\",\"potentialAction\":[{\"@type\":\"CommentAction\",\"name\":\"Comment\",\"target\":[\"https:\/\/noticiaempauta.com\/portal\/ifpi-podera-ganhar-quatro-novos-campi-no-piaui-veja-cidades-contempladas\/#respond\"]}]},{\"@type\":\"WebPage\",\"@id\":\"https:\/\/noticiaempauta.com\/portal\/ifpi-podera-ganhar-quatro-novos-campi-no-piaui-veja-cidades-contempladas\/\",\"url\":\"https:\/\/noticiaempauta.com\/portal\/ifpi-podera-ganhar-quatro-novos-campi-no-piaui-veja-cidades-contempladas\/\",\"name\":\"IFPI poder\u00e1 ganhar quatro novos campi no Piau\u00ed; veja cidades contempladas - Portal Not\u00edcia em Pauta\",\"isPartOf\":{\"@id\":\"https:\/\/noticiaempauta.com\/portal\/#website\"},\"primaryImageOfPage\":{\"@id\":\"https:\/\/noticiaempauta.com\/portal\/ifpi-podera-ganhar-quatro-novos-campi-no-piaui-veja-cidades-contempladas\/#primaryimage\"},\"image\":{\"@id\":\"https:\/\/noticiaempauta.com\/portal\/ifpi-podera-ganhar-quatro-novos-campi-no-piaui-veja-cidades-contempladas\/#primaryimage\"},\"thumbnailUrl\":\"https:\/\/noticiaempauta.com\/portal\/wp-content\/uploads\/2025\/11\/8vGhHBfWxK77vALQhPIZXSZwO4UB40XgDJXSSDNO.webp\",\"datePublished\":\"2025-11-05T19:43:51+00:00\",\"dateModified\":\"2025-11-05T19:43:52+00:00\",\"breadcrumb\":{\"@id\":\"https:\/\/noticiaempauta.com\/portal\/ifpi-podera-ganhar-quatro-novos-campi-no-piaui-veja-cidades-contempladas\/#breadcrumb\"},\"inLanguage\":\"pt-BR\",\"potentialAction\":[{\"@type\":\"ReadAction\",\"target\":[\"https:\/\/noticiaempauta.com\/portal\/ifpi-podera-ganhar-quatro-novos-campi-no-piaui-veja-cidades-contempladas\/\"]}]},{\"@type\":\"ImageObject\",\"inLanguage\":\"pt-BR\",\"@id\":\"https:\/\/noticiaempauta.com\/portal\/ifpi-podera-ganhar-quatro-novos-campi-no-piaui-veja-cidades-contempladas\/#primaryimage\",\"url\":\"https:\/\/noticiaempauta.com\/portal\/wp-content\/uploads\/2025\/11\/8vGhHBfWxK77vALQhPIZXSZwO4UB40XgDJXSSDNO.webp\",\"contentUrl\":\"https:\/\/noticiaempauta.com\/portal\/wp-content\/uploads\/2025\/11\/8vGhHBfWxK77vALQhPIZXSZwO4UB40XgDJXSSDNO.webp\",\"width\":800,\"height\":452},{\"@type\":\"BreadcrumbList\",\"@id\":\"https:\/\/noticiaempauta.com\/portal\/ifpi-podera-ganhar-quatro-novos-campi-no-piaui-veja-cidades-contempladas\/#breadcrumb\",\"itemListElement\":[{\"@type\":\"ListItem\",\"position\":1,\"name\":\"P\u00e1gina Inicial\",\"item\":\"https:\/\/noticiaempauta.com\/portal\/\"},{\"@type\":\"ListItem\",\"position\":2,\"name\":\"Destaques\",\"item\":\"https:\/\/noticiaempauta.com\/portal\/destaques-site\/\"},{\"@type\":\"ListItem\",\"position\":3,\"name\":\"IFPI poder\u00e1 ganhar quatro novos campi no Piau\u00ed; veja cidades contempladas\"}]},{\"@type\":\"WebSite\",\"@id\":\"https:\/\/noticiaempauta.com\/portal\/#website\",\"url\":\"https:\/\/noticiaempauta.com\/portal\/\",\"name\":\"Portal Not\u00edcia em Pauta\",\"description\":\"Voc\u00ea bem informado\",\"publisher\":{\"@id\":\"https:\/\/noticiaempauta.com\/portal\/#organization\"},\"potentialAction\":[{\"@type\":\"SearchAction\",\"target\":{\"@type\":\"EntryPoint\",\"urlTemplate\":\"https:\/\/noticiaempauta.com\/portal\/?s={search_term_string}\"},\"query-input\":{\"@type\":\"PropertyValueSpecification\",\"valueRequired\":true,\"valueName\":\"search_term_string\"}}],\"inLanguage\":\"pt-BR\"},{\"@type\":\"Organization\",\"@id\":\"https:\/\/noticiaempauta.com\/portal\/#organization\",\"name\":\"Portal Not\u00edcia em Pauta\",\"url\":\"https:\/\/noticiaempauta.com\/portal\/\",\"logo\":{\"@type\":\"ImageObject\",\"inLanguage\":\"pt-BR\",\"@id\":\"https:\/\/noticiaempauta.com\/portal\/#\/schema\/logo\/image\/\",\"url\":\"https:\/\/noticiaempauta.com\/portal\/wp-content\/uploads\/2022\/08\/logomarca_tema.fw_.png\",\"contentUrl\":\"https:\/\/noticiaempauta.com\/portal\/wp-content\/uploads\/2022\/08\/logomarca_tema.fw_.png\",\"width\":400,\"height\":232,\"caption\":\"Portal Not\u00edcia em Pauta\"},\"image\":{\"@id\":\"https:\/\/noticiaempauta.com\/portal\/#\/schema\/logo\/image\/\"},\"sameAs\":[\"https:\/\/www.facebook.com\/Portal-Notcia-Em-Pauta-102292869264820\/\",\"https:\/\/www.instagram.com\/portalnoticiaempauta\/\"]},{\"@type\":\"Person\",\"@id\":\"https:\/\/noticiaempauta.com\/portal\/#\/schema\/person\/a74af43dd1ab3deca45f988c717d57ac\",\"name\":\"Reda\u00e7\u00e3o\",\"image\":{\"@type\":\"ImageObject\",\"inLanguage\":\"pt-BR\",\"@id\":\"https:\/\/noticiaempauta.com\/portal\/#\/schema\/person\/image\/\",\"url\":\"https:\/\/secure.gravatar.com\/avatar\/03179346ecce6cdfc13361603e8f54242a90e5cde8618fa23c5c00aa2b0aadf3?s=96&d=mm&r=g\",\"contentUrl\":\"https:\/\/secure.gravatar.com\/avatar\/03179346ecce6cdfc13361603e8f54242a90e5cde8618fa23c5c00aa2b0aadf3?s=96&d=mm&r=g\",\"caption\":\"Reda\u00e7\u00e3o\"},\"sameAs\":[\"https:\/\/noticiaempauta.com\/portal\/\"],\"url\":\"https:\/\/noticiaempauta.com\/portal\/author\/fernando\/\"}]}<\/script>\n<!-- \/ Yoast SEO Premium plugin. -->","yoast_head_json":{"title":"IFPI poder\u00e1 ganhar quatro novos campi no Piau\u00ed; veja cidades contempladas - Portal Not\u00edcia em Pauta","robots":{"index":"index","follow":"follow","max-snippet":"max-snippet:-1","max-image-preview":"max-image-preview:large","max-video-preview":"max-video-preview:-1"},"canonical":"https:\/\/noticiaempauta.com\/portal\/ifpi-podera-ganhar-quatro-novos-campi-no-piaui-veja-cidades-contempladas\/","og_locale":"pt_BR","og_type":"article","og_title":"IFPI poder\u00e1 ganhar quatro novos campi no Piau\u00ed; veja cidades contempladas","og_description":"O Piau\u00ed poder\u00e1 ganhar quatro novos campi do Instituto Federal do Piau\u00ed (IFPI), que ser\u00e3o instalados nos munic\u00edpios de Barras, Esperantina, Altos e Luzil\u00e2ndia. O an\u00fancio foi feito nesta ter\u00e7a-feira, 4 de novembro, pelo ministro da Educa\u00e7\u00e3o, Camilo Santana, durante a solenidade de posse do reitor Paulo Borges da Cunha para o segundo mandato \u00e0 [&hellip;]","og_url":"https:\/\/noticiaempauta.com\/portal\/ifpi-podera-ganhar-quatro-novos-campi-no-piaui-veja-cidades-contempladas\/","og_site_name":"Portal Not\u00edcia em Pauta","article_publisher":"https:\/\/www.facebook.com\/Portal-Notcia-Em-Pauta-102292869264820\/","article_published_time":"2025-11-05T19:43:51+00:00","article_modified_time":"2025-11-05T19:43:52+00:00","og_image":[{"width":800,"height":452,"url":"https:\/\/noticiaempauta.com\/portal\/wp-content\/uploads\/2025\/11\/8vGhHBfWxK77vALQhPIZXSZwO4UB40XgDJXSSDNO.webp","type":"image\/webp"}],"author":"Reda\u00e7\u00e3o","twitter_card":"summary_large_image","twitter_misc":{"Escrito por":"Reda\u00e7\u00e3o","Est. tempo de leitura":"5 minutos"},"schema":{"@context":"https:\/\/schema.org","@graph":[{"@type":"Article","@id":"https:\/\/noticiaempauta.com\/portal\/ifpi-podera-ganhar-quatro-novos-campi-no-piaui-veja-cidades-contempladas\/#article","isPartOf":{"@id":"https:\/\/noticiaempauta.com\/portal\/ifpi-podera-ganhar-quatro-novos-campi-no-piaui-veja-cidades-contempladas\/"},"author":{"name":"Reda\u00e7\u00e3o","@id":"https:\/\/noticiaempauta.com\/portal\/#\/schema\/person\/a74af43dd1ab3deca45f988c717d57ac"},"headline":"IFPI poder\u00e1 ganhar quatro novos campi no Piau\u00ed; veja cidades contempladas","datePublished":"2025-11-05T19:43:51+00:00","dateModified":"2025-11-05T19:43:52+00:00","mainEntityOfPage":{"@id":"https:\/\/noticiaempauta.com\/portal\/ifpi-podera-ganhar-quatro-novos-campi-no-piaui-veja-cidades-contempladas\/"},"wordCount":782,"commentCount":0,"publisher":{"@id":"https:\/\/noticiaempauta.com\/portal\/#organization"},"image":{"@id":"https:\/\/noticiaempauta.com\/portal\/ifpi-podera-ganhar-quatro-novos-campi-no-piaui-veja-cidades-contempladas\/#primaryimage"},"thumbnailUrl":"https:\/\/noticiaempauta.com\/portal\/wp-content\/uploads\/2025\/11\/8vGhHBfWxK77vALQhPIZXSZwO4UB40XgDJXSSDNO.webp","keywords":["destaqueprincipal"],"articleSection":["Destaques","Geral","Munic\u00edpios","Todas as Not\u00edcias"],"inLanguage":"pt-BR","potentialAction":[{"@type":"CommentAction","name":"Comment","target":["https:\/\/noticiaempauta.com\/portal\/ifpi-podera-ganhar-quatro-novos-campi-no-piaui-veja-cidades-contempladas\/#respond"]}]},{"@type":"WebPage","@id":"https:\/\/noticiaempauta.com\/portal\/ifpi-podera-ganhar-quatro-novos-campi-no-piaui-veja-cidades-contempladas\/","url":"https:\/\/noticiaempauta.com\/portal\/ifpi-podera-ganhar-quatro-novos-campi-no-piaui-veja-cidades-contempladas\/","name":"IFPI poder\u00e1 ganhar quatro novos campi no Piau\u00ed; veja cidades contempladas - Portal Not\u00edcia em Pauta","isPartOf":{"@id":"https:\/\/noticiaempauta.com\/portal\/#website"},"primaryImageOfPage":{"@id":"https:\/\/noticiaempauta.com\/portal\/ifpi-podera-ganhar-quatro-novos-campi-no-piaui-veja-cidades-contempladas\/#primaryimage"},"image":{"@id":"https:\/\/noticiaempauta.com\/portal\/ifpi-podera-ganhar-quatro-novos-campi-no-piaui-veja-cidades-contempladas\/#primaryimage"},"thumbnailUrl":"https:\/\/noticiaempauta.com\/portal\/wp-content\/uploads\/2025\/11\/8vGhHBfWxK77vALQhPIZXSZwO4UB40XgDJXSSDNO.webp","datePublished":"2025-11-05T19:43:51+00:00","dateModified":"2025-11-05T19:43:52+00:00","breadcrumb":{"@id":"https:\/\/noticiaempauta.com\/portal\/ifpi-podera-ganhar-quatro-novos-campi-no-piaui-veja-cidades-contempladas\/#breadcrumb"},"inLanguage":"pt-BR","potentialAction":[{"@type":"ReadAction","target":["https:\/\/noticiaempauta.com\/portal\/ifpi-podera-ganhar-quatro-novos-campi-no-piaui-veja-cidades-contempladas\/"]}]},{"@type":"ImageObject","inLanguage":"pt-BR","@id":"https:\/\/noticiaempauta.com\/portal\/ifpi-podera-ganhar-quatro-novos-campi-no-piaui-veja-cidades-contempladas\/#primaryimage","url":"https:\/\/noticiaempauta.com\/portal\/wp-content\/uploads\/2025\/11\/8vGhHBfWxK77vALQhPIZXSZwO4UB40XgDJXSSDNO.webp","contentUrl":"https:\/\/noticiaempauta.com\/portal\/wp-content\/uploads\/2025\/11\/8vGhHBfWxK77vALQhPIZXSZwO4UB40XgDJXSSDNO.webp","width":800,"height":452},{"@type":"BreadcrumbList","@id":"https:\/\/noticiaempauta.com\/portal\/ifpi-podera-ganhar-quatro-novos-campi-no-piaui-veja-cidades-contempladas\/#breadcrumb","itemListElement":[{"@type":"ListItem","position":1,"name":"P\u00e1gina Inicial","item":"https:\/\/noticiaempauta.com\/portal\/"},{"@type":"ListItem","position":2,"name":"Destaques","item":"https:\/\/noticiaempauta.com\/portal\/destaques-site\/"},{"@type":"ListItem","position":3,"name":"IFPI poder\u00e1 ganhar quatro novos campi no Piau\u00ed; veja cidades contempladas"}]},{"@type":"WebSite","@id":"https:\/\/noticiaempauta.com\/portal\/#website","url":"https:\/\/noticiaempauta.com\/portal\/","name":"Portal Not\u00edcia em Pauta","description":"Voc\u00ea bem informado","publisher":{"@id":"https:\/\/noticiaempauta.com\/portal\/#organization"},"potentialAction":[{"@type":"SearchAction","target":{"@type":"EntryPoint","urlTemplate":"https:\/\/noticiaempauta.com\/portal\/?s={search_term_string}"},"query-input":{"@type":"PropertyValueSpecification","valueRequired":true,"valueName":"search_term_string"}}],"inLanguage":"pt-BR"},{"@type":"Organization","@id":"https:\/\/noticiaempauta.com\/portal\/#organization","name":"Portal Not\u00edcia em Pauta","url":"https:\/\/noticiaempauta.com\/portal\/","logo":{"@type":"ImageObject","inLanguage":"pt-BR","@id":"https:\/\/noticiaempauta.com\/portal\/#\/schema\/logo\/image\/","url":"https:\/\/noticiaempauta.com\/portal\/wp-content\/uploads\/2022\/08\/logomarca_tema.fw_.png","contentUrl":"https:\/\/noticiaempauta.com\/portal\/wp-content\/uploads\/2022\/08\/logomarca_tema.fw_.png","width":400,"height":232,"caption":"Portal Not\u00edcia em Pauta"},"image":{"@id":"https:\/\/noticiaempauta.com\/portal\/#\/schema\/logo\/image\/"},"sameAs":["https:\/\/www.facebook.com\/Portal-Notcia-Em-Pauta-102292869264820\/","https:\/\/www.instagram.com\/portalnoticiaempauta\/"]},{"@type":"Person","@id":"https:\/\/noticiaempauta.com\/portal\/#\/schema\/person\/a74af43dd1ab3deca45f988c717d57ac","name":"Reda\u00e7\u00e3o","image":{"@type":"ImageObject","inLanguage":"pt-BR","@id":"https:\/\/noticiaempauta.com\/portal\/#\/schema\/person\/image\/","url":"https:\/\/secure.gravatar.com\/avatar\/03179346ecce6cdfc13361603e8f54242a90e5cde8618fa23c5c00aa2b0aadf3?s=96&d=mm&r=g","contentUrl":"https:\/\/secure.gravatar.com\/avatar\/03179346ecce6cdfc13361603e8f54242a90e5cde8618fa23c5c00aa2b0aadf3?s=96&d=mm&r=g","caption":"Reda\u00e7\u00e3o"},"sameAs":["https:\/\/noticiaempauta.com\/portal\/"],"url":"https:\/\/noticiaempauta.com\/portal\/author\/fernando\/"}]}},"_links":{"self":[{"href":"https:\/\/noticiaempauta.com\/portal\/wp-json\/wp\/v2\/posts\/280307","targetHints":{"allow":["GET"]}}],"collection":[{"href":"https:\/\/noticiaempauta.com\/portal\/wp-json\/wp\/v2\/posts"}],"about":[{"href":"https:\/\/noticiaempauta.com\/portal\/wp-json\/wp\/v2\/types\/post"}],"author":[{"embeddable":true,"href":"https:\/\/noticiaempauta.com\/portal\/wp-json\/wp\/v2\/users\/2"}],"replies":[{"embeddable":true,"href":"https:\/\/noticiaempauta.com\/portal\/wp-json\/wp\/v2\/comments?post=280307"}],"version-history":[{"count":2,"href":"https:\/\/noticiaempauta.com\/portal\/wp-json\/wp\/v2\/posts\/280307\/revisions"}],"predecessor-version":[{"id":280312,"href":"https:\/\/noticiaempauta.com\/portal\/wp-json\/wp\/v2\/posts\/280307\/revisions\/280312"}],"wp:featuredmedia":[{"embeddable":true,"href":"https:\/\/noticiaempauta.com\/portal\/wp-json\/wp\/v2\/media\/280310"}],"wp:attachment":[{"href":"https:\/\/noticiaempauta.com\/portal\/wp-json\/wp\/v2\/media?parent=280307"}],"wp:term":[{"taxonomy":"category","embeddable":true,"href":"https:\/\/noticiaempauta.com\/portal\/wp-json\/wp\/v2\/categories?post=280307"},{"taxonomy":"post_tag","embeddable":true,"href":"https:\/\/noticiaempauta.com\/portal\/wp-json\/wp\/v2\/tags?post=280307"}],"curies":[{"name":"wp","href":"https:\/\/api.w.org\/{rel}","templated":true}]}}