{"id":280315,"date":"2025-11-06T06:03:43","date_gmt":"2025-11-06T09:03:43","guid":{"rendered":"https:\/\/noticiaempauta.com\/portal\/?p=280315"},"modified":"2025-11-06T06:03:43","modified_gmt":"2025-11-06T09:03:43","slug":"morre-o-vice-prefeito-de-parnaiba-darllan-barros-aos-47-anos","status":"publish","type":"post","link":"https:\/\/noticiaempauta.com\/portal\/morre-o-vice-prefeito-de-parnaiba-darllan-barros-aos-47-anos\/","title":{"rendered":"Morre o vice-prefeito de Parna\u00edba, Darllan Barros, aos 47 anos"},"content":{"rendered":"\n<p>O vice-prefeito de Parna\u00edba, Darllan Barros, de 47 anos, filiado ao\u00a0Progressistas, faleceu na noite desta quarta-feira (05), ap\u00f3s ser internado no\u00a0Hospital Estadual Dirceu Arcoverde (Heda). A confirma\u00e7\u00e3o do \u00f3bito foi feita pela\u00a0C\u00e2mara Municipal de Parna\u00edba, mas as circunst\u00e2ncias da morte ainda n\u00e3o foram esclarecidas.<\/p>\n\n\n\n<figure class=\"wp-block-image size-full\"><img fetchpriority=\"high\" decoding=\"async\" width=\"785\" height=\"435\" src=\"https:\/\/noticiaempauta.com\/portal\/wp-content\/uploads\/2025\/11\/IMG_5703.jpeg\" alt=\"\" class=\"wp-image-280316\" srcset=\"https:\/\/noticiaempauta.com\/portal\/wp-content\/uploads\/2025\/11\/IMG_5703.jpeg 785w, https:\/\/noticiaempauta.com\/portal\/wp-content\/uploads\/2025\/11\/IMG_5703-300x166.jpeg 300w, https:\/\/noticiaempauta.com\/portal\/wp-content\/uploads\/2025\/11\/IMG_5703-768x426.jpeg 768w\" sizes=\"(max-width: 785px) 100vw, 785px\" \/><figcaption class=\"wp-element-caption\">(Foto: Reprodu\u00e7\u00e3o)<\/figcaption><\/figure>\n\n\n\n<h3 class=\"wp-block-heading\">PEDIDO DE ORA\u00c7\u00d5ES E COMO\u00c7\u00c3O<\/h3>\n\n\n\n<p>Poucas horas antes da confirma\u00e7\u00e3o da morte, o prefeito\u00a0Francisco Emanuel\u00a0havia publicado uma imagem nas redes sociais pedindo ora\u00e7\u00f5es pela recupera\u00e7\u00e3o do vice-prefeito. \u201cPe\u00e7o a todos que orem pelo nosso amigo Darllan, para que ele se restabele\u00e7a logo\u201d, escreveu o gestor municipal.<\/p>\n\n\n\n<p>A not\u00edcia da morte causou grande\u00a0como\u00e7\u00e3o entre amigos, familiares e correligion\u00e1rios. Darllan deixa esposa e filha. As cerim\u00f4nias de\u00a0vel\u00f3rio e sepultamento. A not\u00edcia da morte causou grande\u00a0como\u00e7\u00e3o entre amigos, familiares e correligion\u00e1rios. Darllan deixa esposa e filha. As cerim\u00f4nias de\u00a0vel\u00f3rio e sepultamento\u00a0dever\u00e3o ocorrer nas pr\u00f3ximas horas, em Parna\u00edba.<\/p>\n\n\n\n<h3 class=\"wp-block-heading\">TRAJET\u00d3RIA POL\u00cdTICA E RECONHECIMENTO<\/h3>\n\n\n\n<p>M\u00e9dico por forma\u00e7\u00e3o e atuante na pol\u00edtica local,\u00a0Darllan Barros integrou a chapa vencedora das elei\u00e7\u00f5es municipais de 2024, ao lado de Francisco Emanuel, ambos pelo Progressistas. Em nota, a\u00a0C\u00e2mara Municipal de Parna\u00edba expressou profundo pesar pela perda e destacou o legado deixado pelo vice-prefeito:<\/p>\n\n\n\n<p>&#8220;Rogamos que Deus conforte o cora\u00e7\u00e3o dos familiares e amigos&#8221;.\u00a0dever\u00e3o ocorrer nas pr\u00f3ximas horas, em Parna\u00edba.<\/p>\n\n\n\n<h3 class=\"wp-block-heading\">TRAJET\u00d3RIA POL\u00cdTICA E RECONHECIMENTO<\/h3>\n\n\n\n<p>M\u00e9dico por forma\u00e7\u00e3o e atuante na pol\u00edtica local,\u00a0Darllan Barros integrou a chapa vencedora das elei\u00e7\u00f5es municipais de 2024, ao lado de Francisco Emanuel, ambos pelo Progressistas. Em nota, a\u00a0C\u00e2mara Municipal de Parna\u00edba expressou profundo pesar pela perda e destacou o legado deixado pelo vice-prefeito:<\/p>\n\n\n\n<p>&#8220;Rogamos que Deus conforte o cora\u00e7\u00e3o dos familiares e amigos&#8221;.<\/p>\n\n\n\n<p>Fonte: Meio News<\/p>\n","protected":false},"excerpt":{"rendered":"<p>O vice-prefeito de Parna\u00edba, Darllan Barros, de 47 anos, filiado ao\u00a0Progressistas, faleceu na noite desta quarta-feira (05), ap\u00f3s ser internado no\u00a0Hospital Estadual Dirceu Arcoverde (Heda). A confirma\u00e7\u00e3o do \u00f3bito foi feita pela\u00a0C\u00e2mara Municipal de Parna\u00edba, mas as circunst\u00e2ncias da morte ainda n\u00e3o foram esclarecidas. PEDIDO DE ORA\u00c7\u00d5ES E COMO\u00c7\u00c3O Poucas horas antes da confirma\u00e7\u00e3o da [&hellip;]<\/p>\n","protected":false},"author":2,"featured_media":280316,"comment_status":"open","ping_status":"open","sticky":false,"template":"","format":"standard","meta":{"_mi_skip_tracking":false,"footnotes":""},"categories":[25,1,9,16],"tags":[192],"class_list":["post-280315","post","type-post","status-publish","format-standard","has-post-thumbnail","hentry","category-destaques-site","category-geral","category-municipios","category-todas","tag-destaqueprincipal"],"acf":[],"yoast_head":"<!-- This site is optimized with the Yoast SEO Premium plugin v19.2 (Yoast SEO v26.9) - https:\/\/yoast.com\/product\/yoast-seo-premium-wordpress\/ -->\n<title>Morre o vice-prefeito de Parna\u00edba, Darllan Barros, aos 47 anos - Portal Not\u00edcia em Pauta<\/title>\n<meta name=\"robots\" content=\"index, follow, max-snippet:-1, max-image-preview:large, max-video-preview:-1\" \/>\n<link rel=\"canonical\" href=\"https:\/\/noticiaempauta.com\/portal\/morre-o-vice-prefeito-de-parnaiba-darllan-barros-aos-47-anos\/\" \/>\n<meta property=\"og:locale\" content=\"pt_BR\" \/>\n<meta property=\"og:type\" content=\"article\" \/>\n<meta property=\"og:title\" content=\"Morre o vice-prefeito de Parna\u00edba, Darllan Barros, aos 47 anos\" \/>\n<meta property=\"og:description\" content=\"O vice-prefeito de Parna\u00edba, Darllan Barros, de 47 anos, filiado ao\u00a0Progressistas, faleceu na noite desta quarta-feira (05), ap\u00f3s ser internado no\u00a0Hospital Estadual Dirceu Arcoverde (Heda). A confirma\u00e7\u00e3o do \u00f3bito foi feita pela\u00a0C\u00e2mara Municipal de Parna\u00edba, mas as circunst\u00e2ncias da morte ainda n\u00e3o foram esclarecidas. PEDIDO DE ORA\u00c7\u00d5ES E COMO\u00c7\u00c3O Poucas horas antes da confirma\u00e7\u00e3o da [&hellip;]\" \/>\n<meta property=\"og:url\" content=\"https:\/\/noticiaempauta.com\/portal\/morre-o-vice-prefeito-de-parnaiba-darllan-barros-aos-47-anos\/\" \/>\n<meta property=\"og:site_name\" content=\"Portal Not\u00edcia em Pauta\" \/>\n<meta property=\"article:publisher\" content=\"https:\/\/www.facebook.com\/Portal-Notcia-Em-Pauta-102292869264820\/\" \/>\n<meta property=\"article:published_time\" content=\"2025-11-06T09:03:43+00:00\" \/>\n<meta property=\"og:image\" content=\"https:\/\/noticiaempauta.com\/portal\/wp-content\/uploads\/2025\/11\/IMG_5703.jpeg\" \/>\n\t<meta property=\"og:image:width\" content=\"785\" \/>\n\t<meta property=\"og:image:height\" content=\"435\" \/>\n\t<meta property=\"og:image:type\" content=\"image\/jpeg\" \/>\n<meta name=\"author\" content=\"Reda\u00e7\u00e3o\" \/>\n<meta name=\"twitter:card\" content=\"summary_large_image\" \/>\n<meta name=\"twitter:label1\" content=\"Escrito por\" \/>\n\t<meta name=\"twitter:data1\" content=\"Reda\u00e7\u00e3o\" \/>\n\t<meta name=\"twitter:label2\" content=\"Est. tempo de leitura\" \/>\n\t<meta name=\"twitter:data2\" content=\"2 minutos\" \/>\n<script type=\"application\/ld+json\" class=\"yoast-schema-graph\">{\"@context\":\"https:\/\/schema.org\",\"@graph\":[{\"@type\":\"Article\",\"@id\":\"https:\/\/noticiaempauta.com\/portal\/morre-o-vice-prefeito-de-parnaiba-darllan-barros-aos-47-anos\/#article\",\"isPartOf\":{\"@id\":\"https:\/\/noticiaempauta.com\/portal\/morre-o-vice-prefeito-de-parnaiba-darllan-barros-aos-47-anos\/\"},\"author\":{\"name\":\"Reda\u00e7\u00e3o\",\"@id\":\"https:\/\/noticiaempauta.com\/portal\/#\/schema\/person\/a74af43dd1ab3deca45f988c717d57ac\"},\"headline\":\"Morre o vice-prefeito de Parna\u00edba, Darllan Barros, aos 47 anos\",\"datePublished\":\"2025-11-06T09:03:43+00:00\",\"mainEntityOfPage\":{\"@id\":\"https:\/\/noticiaempauta.com\/portal\/morre-o-vice-prefeito-de-parnaiba-darllan-barros-aos-47-anos\/\"},\"wordCount\":335,\"commentCount\":0,\"publisher\":{\"@id\":\"https:\/\/noticiaempauta.com\/portal\/#organization\"},\"image\":{\"@id\":\"https:\/\/noticiaempauta.com\/portal\/morre-o-vice-prefeito-de-parnaiba-darllan-barros-aos-47-anos\/#primaryimage\"},\"thumbnailUrl\":\"https:\/\/noticiaempauta.com\/portal\/wp-content\/uploads\/2025\/11\/IMG_5703.jpeg\",\"keywords\":[\"destaqueprincipal\"],\"articleSection\":[\"Destaques\",\"Geral\",\"Munic\u00edpios\",\"Todas as Not\u00edcias\"],\"inLanguage\":\"pt-BR\",\"potentialAction\":[{\"@type\":\"CommentAction\",\"name\":\"Comment\",\"target\":[\"https:\/\/noticiaempauta.com\/portal\/morre-o-vice-prefeito-de-parnaiba-darllan-barros-aos-47-anos\/#respond\"]}]},{\"@type\":\"WebPage\",\"@id\":\"https:\/\/noticiaempauta.com\/portal\/morre-o-vice-prefeito-de-parnaiba-darllan-barros-aos-47-anos\/\",\"url\":\"https:\/\/noticiaempauta.com\/portal\/morre-o-vice-prefeito-de-parnaiba-darllan-barros-aos-47-anos\/\",\"name\":\"Morre o vice-prefeito de Parna\u00edba, Darllan Barros, aos 47 anos - Portal Not\u00edcia em Pauta\",\"isPartOf\":{\"@id\":\"https:\/\/noticiaempauta.com\/portal\/#website\"},\"primaryImageOfPage\":{\"@id\":\"https:\/\/noticiaempauta.com\/portal\/morre-o-vice-prefeito-de-parnaiba-darllan-barros-aos-47-anos\/#primaryimage\"},\"image\":{\"@id\":\"https:\/\/noticiaempauta.com\/portal\/morre-o-vice-prefeito-de-parnaiba-darllan-barros-aos-47-anos\/#primaryimage\"},\"thumbnailUrl\":\"https:\/\/noticiaempauta.com\/portal\/wp-content\/uploads\/2025\/11\/IMG_5703.jpeg\",\"datePublished\":\"2025-11-06T09:03:43+00:00\",\"breadcrumb\":{\"@id\":\"https:\/\/noticiaempauta.com\/portal\/morre-o-vice-prefeito-de-parnaiba-darllan-barros-aos-47-anos\/#breadcrumb\"},\"inLanguage\":\"pt-BR\",\"potentialAction\":[{\"@type\":\"ReadAction\",\"target\":[\"https:\/\/noticiaempauta.com\/portal\/morre-o-vice-prefeito-de-parnaiba-darllan-barros-aos-47-anos\/\"]}]},{\"@type\":\"ImageObject\",\"inLanguage\":\"pt-BR\",\"@id\":\"https:\/\/noticiaempauta.com\/portal\/morre-o-vice-prefeito-de-parnaiba-darllan-barros-aos-47-anos\/#primaryimage\",\"url\":\"https:\/\/noticiaempauta.com\/portal\/wp-content\/uploads\/2025\/11\/IMG_5703.jpeg\",\"contentUrl\":\"https:\/\/noticiaempauta.com\/portal\/wp-content\/uploads\/2025\/11\/IMG_5703.jpeg\",\"width\":785,\"height\":435},{\"@type\":\"BreadcrumbList\",\"@id\":\"https:\/\/noticiaempauta.com\/portal\/morre-o-vice-prefeito-de-parnaiba-darllan-barros-aos-47-anos\/#breadcrumb\",\"itemListElement\":[{\"@type\":\"ListItem\",\"position\":1,\"name\":\"P\u00e1gina Inicial\",\"item\":\"https:\/\/noticiaempauta.com\/portal\/\"},{\"@type\":\"ListItem\",\"position\":2,\"name\":\"Geral\",\"item\":\"https:\/\/noticiaempauta.com\/portal\/geral\/\"},{\"@type\":\"ListItem\",\"position\":3,\"name\":\"Morre o vice-prefeito de Parna\u00edba, Darllan Barros, aos 47 anos\"}]},{\"@type\":\"WebSite\",\"@id\":\"https:\/\/noticiaempauta.com\/portal\/#website\",\"url\":\"https:\/\/noticiaempauta.com\/portal\/\",\"name\":\"Portal Not\u00edcia em Pauta\",\"description\":\"Voc\u00ea bem informado\",\"publisher\":{\"@id\":\"https:\/\/noticiaempauta.com\/portal\/#organization\"},\"potentialAction\":[{\"@type\":\"SearchAction\",\"target\":{\"@type\":\"EntryPoint\",\"urlTemplate\":\"https:\/\/noticiaempauta.com\/portal\/?s={search_term_string}\"},\"query-input\":{\"@type\":\"PropertyValueSpecification\",\"valueRequired\":true,\"valueName\":\"search_term_string\"}}],\"inLanguage\":\"pt-BR\"},{\"@type\":\"Organization\",\"@id\":\"https:\/\/noticiaempauta.com\/portal\/#organization\",\"name\":\"Portal Not\u00edcia em Pauta\",\"url\":\"https:\/\/noticiaempauta.com\/portal\/\",\"logo\":{\"@type\":\"ImageObject\",\"inLanguage\":\"pt-BR\",\"@id\":\"https:\/\/noticiaempauta.com\/portal\/#\/schema\/logo\/image\/\",\"url\":\"https:\/\/noticiaempauta.com\/portal\/wp-content\/uploads\/2022\/08\/logomarca_tema.fw_.png\",\"contentUrl\":\"https:\/\/noticiaempauta.com\/portal\/wp-content\/uploads\/2022\/08\/logomarca_tema.fw_.png\",\"width\":400,\"height\":232,\"caption\":\"Portal Not\u00edcia em Pauta\"},\"image\":{\"@id\":\"https:\/\/noticiaempauta.com\/portal\/#\/schema\/logo\/image\/\"},\"sameAs\":[\"https:\/\/www.facebook.com\/Portal-Notcia-Em-Pauta-102292869264820\/\",\"https:\/\/www.instagram.com\/portalnoticiaempauta\/\"]},{\"@type\":\"Person\",\"@id\":\"https:\/\/noticiaempauta.com\/portal\/#\/schema\/person\/a74af43dd1ab3deca45f988c717d57ac\",\"name\":\"Reda\u00e7\u00e3o\",\"image\":{\"@type\":\"ImageObject\",\"inLanguage\":\"pt-BR\",\"@id\":\"https:\/\/noticiaempauta.com\/portal\/#\/schema\/person\/image\/\",\"url\":\"https:\/\/secure.gravatar.com\/avatar\/03179346ecce6cdfc13361603e8f54242a90e5cde8618fa23c5c00aa2b0aadf3?s=96&d=mm&r=g\",\"contentUrl\":\"https:\/\/secure.gravatar.com\/avatar\/03179346ecce6cdfc13361603e8f54242a90e5cde8618fa23c5c00aa2b0aadf3?s=96&d=mm&r=g\",\"caption\":\"Reda\u00e7\u00e3o\"},\"sameAs\":[\"https:\/\/noticiaempauta.com\/portal\/\"],\"url\":\"https:\/\/noticiaempauta.com\/portal\/author\/fernando\/\"}]}<\/script>\n<!-- \/ Yoast SEO Premium plugin. -->","yoast_head_json":{"title":"Morre o vice-prefeito de Parna\u00edba, Darllan Barros, aos 47 anos - Portal Not\u00edcia em Pauta","robots":{"index":"index","follow":"follow","max-snippet":"max-snippet:-1","max-image-preview":"max-image-preview:large","max-video-preview":"max-video-preview:-1"},"canonical":"https:\/\/noticiaempauta.com\/portal\/morre-o-vice-prefeito-de-parnaiba-darllan-barros-aos-47-anos\/","og_locale":"pt_BR","og_type":"article","og_title":"Morre o vice-prefeito de Parna\u00edba, Darllan Barros, aos 47 anos","og_description":"O vice-prefeito de Parna\u00edba, Darllan Barros, de 47 anos, filiado ao\u00a0Progressistas, faleceu na noite desta quarta-feira (05), ap\u00f3s ser internado no\u00a0Hospital Estadual Dirceu Arcoverde (Heda). A confirma\u00e7\u00e3o do \u00f3bito foi feita pela\u00a0C\u00e2mara Municipal de Parna\u00edba, mas as circunst\u00e2ncias da morte ainda n\u00e3o foram esclarecidas. PEDIDO DE ORA\u00c7\u00d5ES E COMO\u00c7\u00c3O Poucas horas antes da confirma\u00e7\u00e3o da [&hellip;]","og_url":"https:\/\/noticiaempauta.com\/portal\/morre-o-vice-prefeito-de-parnaiba-darllan-barros-aos-47-anos\/","og_site_name":"Portal Not\u00edcia em Pauta","article_publisher":"https:\/\/www.facebook.com\/Portal-Notcia-Em-Pauta-102292869264820\/","article_published_time":"2025-11-06T09:03:43+00:00","og_image":[{"width":785,"height":435,"url":"https:\/\/noticiaempauta.com\/portal\/wp-content\/uploads\/2025\/11\/IMG_5703.jpeg","type":"image\/jpeg"}],"author":"Reda\u00e7\u00e3o","twitter_card":"summary_large_image","twitter_misc":{"Escrito por":"Reda\u00e7\u00e3o","Est. tempo de leitura":"2 minutos"},"schema":{"@context":"https:\/\/schema.org","@graph":[{"@type":"Article","@id":"https:\/\/noticiaempauta.com\/portal\/morre-o-vice-prefeito-de-parnaiba-darllan-barros-aos-47-anos\/#article","isPartOf":{"@id":"https:\/\/noticiaempauta.com\/portal\/morre-o-vice-prefeito-de-parnaiba-darllan-barros-aos-47-anos\/"},"author":{"name":"Reda\u00e7\u00e3o","@id":"https:\/\/noticiaempauta.com\/portal\/#\/schema\/person\/a74af43dd1ab3deca45f988c717d57ac"},"headline":"Morre o vice-prefeito de Parna\u00edba, Darllan Barros, aos 47 anos","datePublished":"2025-11-06T09:03:43+00:00","mainEntityOfPage":{"@id":"https:\/\/noticiaempauta.com\/portal\/morre-o-vice-prefeito-de-parnaiba-darllan-barros-aos-47-anos\/"},"wordCount":335,"commentCount":0,"publisher":{"@id":"https:\/\/noticiaempauta.com\/portal\/#organization"},"image":{"@id":"https:\/\/noticiaempauta.com\/portal\/morre-o-vice-prefeito-de-parnaiba-darllan-barros-aos-47-anos\/#primaryimage"},"thumbnailUrl":"https:\/\/noticiaempauta.com\/portal\/wp-content\/uploads\/2025\/11\/IMG_5703.jpeg","keywords":["destaqueprincipal"],"articleSection":["Destaques","Geral","Munic\u00edpios","Todas as Not\u00edcias"],"inLanguage":"pt-BR","potentialAction":[{"@type":"CommentAction","name":"Comment","target":["https:\/\/noticiaempauta.com\/portal\/morre-o-vice-prefeito-de-parnaiba-darllan-barros-aos-47-anos\/#respond"]}]},{"@type":"WebPage","@id":"https:\/\/noticiaempauta.com\/portal\/morre-o-vice-prefeito-de-parnaiba-darllan-barros-aos-47-anos\/","url":"https:\/\/noticiaempauta.com\/portal\/morre-o-vice-prefeito-de-parnaiba-darllan-barros-aos-47-anos\/","name":"Morre o vice-prefeito de Parna\u00edba, Darllan Barros, aos 47 anos - Portal Not\u00edcia em Pauta","isPartOf":{"@id":"https:\/\/noticiaempauta.com\/portal\/#website"},"primaryImageOfPage":{"@id":"https:\/\/noticiaempauta.com\/portal\/morre-o-vice-prefeito-de-parnaiba-darllan-barros-aos-47-anos\/#primaryimage"},"image":{"@id":"https:\/\/noticiaempauta.com\/portal\/morre-o-vice-prefeito-de-parnaiba-darllan-barros-aos-47-anos\/#primaryimage"},"thumbnailUrl":"https:\/\/noticiaempauta.com\/portal\/wp-content\/uploads\/2025\/11\/IMG_5703.jpeg","datePublished":"2025-11-06T09:03:43+00:00","breadcrumb":{"@id":"https:\/\/noticiaempauta.com\/portal\/morre-o-vice-prefeito-de-parnaiba-darllan-barros-aos-47-anos\/#breadcrumb"},"inLanguage":"pt-BR","potentialAction":[{"@type":"ReadAction","target":["https:\/\/noticiaempauta.com\/portal\/morre-o-vice-prefeito-de-parnaiba-darllan-barros-aos-47-anos\/"]}]},{"@type":"ImageObject","inLanguage":"pt-BR","@id":"https:\/\/noticiaempauta.com\/portal\/morre-o-vice-prefeito-de-parnaiba-darllan-barros-aos-47-anos\/#primaryimage","url":"https:\/\/noticiaempauta.com\/portal\/wp-content\/uploads\/2025\/11\/IMG_5703.jpeg","contentUrl":"https:\/\/noticiaempauta.com\/portal\/wp-content\/uploads\/2025\/11\/IMG_5703.jpeg","width":785,"height":435},{"@type":"BreadcrumbList","@id":"https:\/\/noticiaempauta.com\/portal\/morre-o-vice-prefeito-de-parnaiba-darllan-barros-aos-47-anos\/#breadcrumb","itemListElement":[{"@type":"ListItem","position":1,"name":"P\u00e1gina Inicial","item":"https:\/\/noticiaempauta.com\/portal\/"},{"@type":"ListItem","position":2,"name":"Geral","item":"https:\/\/noticiaempauta.com\/portal\/geral\/"},{"@type":"ListItem","position":3,"name":"Morre o vice-prefeito de Parna\u00edba, Darllan Barros, aos 47 anos"}]},{"@type":"WebSite","@id":"https:\/\/noticiaempauta.com\/portal\/#website","url":"https:\/\/noticiaempauta.com\/portal\/","name":"Portal Not\u00edcia em Pauta","description":"Voc\u00ea bem informado","publisher":{"@id":"https:\/\/noticiaempauta.com\/portal\/#organization"},"potentialAction":[{"@type":"SearchAction","target":{"@type":"EntryPoint","urlTemplate":"https:\/\/noticiaempauta.com\/portal\/?s={search_term_string}"},"query-input":{"@type":"PropertyValueSpecification","valueRequired":true,"valueName":"search_term_string"}}],"inLanguage":"pt-BR"},{"@type":"Organization","@id":"https:\/\/noticiaempauta.com\/portal\/#organization","name":"Portal Not\u00edcia em Pauta","url":"https:\/\/noticiaempauta.com\/portal\/","logo":{"@type":"ImageObject","inLanguage":"pt-BR","@id":"https:\/\/noticiaempauta.com\/portal\/#\/schema\/logo\/image\/","url":"https:\/\/noticiaempauta.com\/portal\/wp-content\/uploads\/2022\/08\/logomarca_tema.fw_.png","contentUrl":"https:\/\/noticiaempauta.com\/portal\/wp-content\/uploads\/2022\/08\/logomarca_tema.fw_.png","width":400,"height":232,"caption":"Portal Not\u00edcia em Pauta"},"image":{"@id":"https:\/\/noticiaempauta.com\/portal\/#\/schema\/logo\/image\/"},"sameAs":["https:\/\/www.facebook.com\/Portal-Notcia-Em-Pauta-102292869264820\/","https:\/\/www.instagram.com\/portalnoticiaempauta\/"]},{"@type":"Person","@id":"https:\/\/noticiaempauta.com\/portal\/#\/schema\/person\/a74af43dd1ab3deca45f988c717d57ac","name":"Reda\u00e7\u00e3o","image":{"@type":"ImageObject","inLanguage":"pt-BR","@id":"https:\/\/noticiaempauta.com\/portal\/#\/schema\/person\/image\/","url":"https:\/\/secure.gravatar.com\/avatar\/03179346ecce6cdfc13361603e8f54242a90e5cde8618fa23c5c00aa2b0aadf3?s=96&d=mm&r=g","contentUrl":"https:\/\/secure.gravatar.com\/avatar\/03179346ecce6cdfc13361603e8f54242a90e5cde8618fa23c5c00aa2b0aadf3?s=96&d=mm&r=g","caption":"Reda\u00e7\u00e3o"},"sameAs":["https:\/\/noticiaempauta.com\/portal\/"],"url":"https:\/\/noticiaempauta.com\/portal\/author\/fernando\/"}]}},"_links":{"self":[{"href":"https:\/\/noticiaempauta.com\/portal\/wp-json\/wp\/v2\/posts\/280315","targetHints":{"allow":["GET"]}}],"collection":[{"href":"https:\/\/noticiaempauta.com\/portal\/wp-json\/wp\/v2\/posts"}],"about":[{"href":"https:\/\/noticiaempauta.com\/portal\/wp-json\/wp\/v2\/types\/post"}],"author":[{"embeddable":true,"href":"https:\/\/noticiaempauta.com\/portal\/wp-json\/wp\/v2\/users\/2"}],"replies":[{"embeddable":true,"href":"https:\/\/noticiaempauta.com\/portal\/wp-json\/wp\/v2\/comments?post=280315"}],"version-history":[{"count":2,"href":"https:\/\/noticiaempauta.com\/portal\/wp-json\/wp\/v2\/posts\/280315\/revisions"}],"predecessor-version":[{"id":280318,"href":"https:\/\/noticiaempauta.com\/portal\/wp-json\/wp\/v2\/posts\/280315\/revisions\/280318"}],"wp:featuredmedia":[{"embeddable":true,"href":"https:\/\/noticiaempauta.com\/portal\/wp-json\/wp\/v2\/media\/280316"}],"wp:attachment":[{"href":"https:\/\/noticiaempauta.com\/portal\/wp-json\/wp\/v2\/media?parent=280315"}],"wp:term":[{"taxonomy":"category","embeddable":true,"href":"https:\/\/noticiaempauta.com\/portal\/wp-json\/wp\/v2\/categories?post=280315"},{"taxonomy":"post_tag","embeddable":true,"href":"https:\/\/noticiaempauta.com\/portal\/wp-json\/wp\/v2\/tags?post=280315"}],"curies":[{"name":"wp","href":"https:\/\/api.w.org\/{rel}","templated":true}]}}