{"id":280322,"date":"2025-11-06T09:16:18","date_gmt":"2025-11-06T12:16:18","guid":{"rendered":"https:\/\/noticiaempauta.com\/portal\/?p=280322"},"modified":"2025-11-06T09:16:19","modified_gmt":"2025-11-06T12:16:19","slug":"prefeitura-de-massape-do-piaui-emite-nota-de-esclarecimento-sobre-o-programa-minha-casa-minha-vida-rural-e-reforca-compromisso-com-a-transparencia","status":"publish","type":"post","link":"https:\/\/noticiaempauta.com\/portal\/prefeitura-de-massape-do-piaui-emite-nota-de-esclarecimento-sobre-o-programa-minha-casa-minha-vida-rural-e-reforca-compromisso-com-a-transparencia\/","title":{"rendered":"Prefeitura de Massap\u00ea do Piau\u00ed emite nota de esclarecimento sobre o Programa Minha Casa, Minha Vida Rural e refor\u00e7a compromisso com a transpar\u00eancia"},"content":{"rendered":"\n<p>A Prefeitura Municipal de Massap\u00ea do Piau\u00ed, por meio de nota oficial assinada pelo prefeito Dr. Wilton Coutinho, esclarece a toda popula\u00e7\u00e3o acerca de v\u00e1rias informa\u00e7\u00f5es consideradas infundadas, divulgadas durante sess\u00e3o da C\u00e2mara Municipal realizada no dia 29 de outubro de 2025, pelo vereador Ant\u00f4nio Augusto da Costa Xavier.<\/p>\n\n\n\n<p>Na ocasi\u00e3o, o parlamentar afirmou que a administra\u00e7\u00e3o estaria exigindo coparticipa\u00e7\u00e3o financeira indevida de benefici\u00e1rios do Programa Minha Casa, Minha Vida \u2013 modalidade rural, com o objetivo de custear serventes de pedreiro, o que, segundo ele, configuraria enriquecimento il\u00edcito.<\/p>\n\n\n\n<figure class=\"wp-block-image size-large\"><img fetchpriority=\"high\" decoding=\"async\" width=\"1024\" height=\"768\" src=\"https:\/\/noticiaempauta.com\/portal\/wp-content\/uploads\/2025\/07\/wilton-1024x768.jpeg\" alt=\"\" class=\"wp-image-275224\" srcset=\"https:\/\/noticiaempauta.com\/portal\/wp-content\/uploads\/2025\/07\/wilton-1024x768.jpeg 1024w, https:\/\/noticiaempauta.com\/portal\/wp-content\/uploads\/2025\/07\/wilton-300x225.jpeg 300w, https:\/\/noticiaempauta.com\/portal\/wp-content\/uploads\/2025\/07\/wilton-768x576.jpeg 768w, https:\/\/noticiaempauta.com\/portal\/wp-content\/uploads\/2025\/07\/wilton.jpeg 1280w\" sizes=\"(max-width: 1024px) 100vw, 1024px\" \/><figcaption class=\"wp-element-caption\">Prefeito Dr. Wilton Coutinho                                                                                        (Foto: NoticiaEmPauta)<\/figcaption><\/figure>\n\n\n\n<p>No comunicado, o prefeito Wilton Coutinho classificou as declara\u00e7\u00f5es como irrespons\u00e1veis e sem base na realidade, destacando que a gest\u00e3o atua em total conformidade com as normas federais que regem o programa.<\/p>\n\n\n\n<p><strong>Veja a nota oficial na \u00edntegra:<\/strong><\/p>\n\n\n\n<div data-wp-interactive=\"core\/file\" class=\"wp-block-file\"><object data-wp-bind--hidden=\"!state.hasPdfPreview\" hidden class=\"wp-block-file__embed\" data=\"https:\/\/noticiaempauta.com\/portal\/wp-content\/uploads\/2025\/11\/NOTA-DE-ESCLARECIMENTO.pdf\" type=\"application\/pdf\" style=\"width:100%;height:600px\" aria-label=\"Incorporado de NOTA DE ESCLARECIMENTO.\"><\/object><a id=\"wp-block-file--media-32d3093b-f7de-4505-b52d-9935ab646317\" href=\"https:\/\/noticiaempauta.com\/portal\/wp-content\/uploads\/2025\/11\/NOTA-DE-ESCLARECIMENTO.pdf\">NOTA DE ESCLARECIMENTO<\/a><a href=\"https:\/\/noticiaempauta.com\/portal\/wp-content\/uploads\/2025\/11\/NOTA-DE-ESCLARECIMENTO.pdf\" class=\"wp-block-file__button wp-element-button\" download aria-describedby=\"wp-block-file--media-32d3093b-f7de-4505-b52d-9935ab646317\">Baixar<\/a><\/div>\n\n\n\n<p>Segundo o gestor, logo ap\u00f3s as acusa\u00e7\u00f5es, foi solicitado esclarecimento oficial \u00e0 Caixa Econ\u00f4mica Federal, agente operador do programa, por meio do Of\u00edcio n\u00ba 260\/2025 \u2013 GAB. Em resposta, a Caixa confirmou que o modelo adotado em Massap\u00ea do Piau\u00ed est\u00e1 rigorosamente de acordo com a Portaria MCID n\u00ba 1.160\/2025 e demais regulamentos federais.<\/p>\n\n\n\n<p>Ainda conforme o documento, h\u00e1 a previs\u00e3o de contrapartida do benefici\u00e1rio, no valor de R$ 20.398,11, conforme as regras do programa, sendo essa uma condi\u00e7\u00e3o legal e expressamente prevista nas normativas federais do Minha Casa, Minha Vida Rural, v\u00e1lida em todo o territ\u00f3rio nacional e supervisionada diretamente pela institui\u00e7\u00e3o financeira.<br>A Caixa tamb\u00e9m reiterou que, nos regimes de mutir\u00e3o ou autoconstru\u00e7\u00e3o assistida, \u00e9 permitida a participa\u00e7\u00e3o dos benefici\u00e1rios com presta\u00e7\u00e3o de servi\u00e7os ou apoio f\u00edsico, e que todas as etapas e valores foram validados e formalizados pela institui\u00e7\u00e3o dentro dos par\u00e2metros legais e t\u00e9cnicos exigidos.<\/p>\n\n\n\n<p>A nota tamb\u00e9m cita o ex-prefeito Rivaldo Carvalho, que teria divulgado informa\u00e7\u00f5es falsas em redes sociais, afirmando que n\u00e3o existiria contrapartida e atribuindo equivocadamente tal informa\u00e7\u00e3o \u00e0 Caixa Econ\u00f4mica Federal. Segundo o prefeito Dr. Wilton Coutinho, o contato direto com a Superintend\u00eancia da Caixa confirmou oficialmente as orienta\u00e7\u00f5es v\u00e1lidas e legais sobre o funcionamento do programa.<\/p>\n\n\n\n<p>De acordo com o gestor, toda a documenta\u00e7\u00e3o referente ao caso \u2014 incluindo a ficha resumo do empreendimento rural, o termo de compromisso (CMMV-Rural) e a resposta oficial da Caixa \u2014 est\u00e1 devidamente anexada e dispon\u00edvel nos registros oficiais do munic\u00edpio.<\/p>\n\n\n\n<p>O prefeito afirmou ainda que n\u00e3o houve qualquer cobran\u00e7a irregular nem inten\u00e7\u00e3o de enriquecimento il\u00edcito, ressaltando que as narrativas divulgadas configuram ataques infundados e prejudiciais \u00e0 administra\u00e7\u00e3o p\u00fablica municipal.<\/p>\n\n\n\n<p>Por fim, Dr. Wilton Coutinho reafirma o compromisso da gest\u00e3o municipal com a transpar\u00eancia, a seriedade e o respeito ao dinheiro p\u00fablico, destacando que continuar\u00e1 trabalhando com responsabilidade e dedica\u00e7\u00e3o em favor da popula\u00e7\u00e3o de Massap\u00ea do Piau\u00ed.<\/p>\n\n\n\n<p><strong>Ascom<\/strong><\/p>\n","protected":false},"excerpt":{"rendered":"<p>A Prefeitura Municipal de Massap\u00ea do Piau\u00ed, por meio de nota oficial assinada pelo prefeito Dr. Wilton Coutinho, esclarece a toda popula\u00e7\u00e3o acerca de v\u00e1rias informa\u00e7\u00f5es consideradas infundadas, divulgadas durante sess\u00e3o da C\u00e2mara Municipal realizada no dia 29 de outubro de 2025, pelo vereador Ant\u00f4nio Augusto da Costa Xavier. Na ocasi\u00e3o, o parlamentar afirmou que [&hellip;]<\/p>\n","protected":false},"author":2,"featured_media":275224,"comment_status":"open","ping_status":"open","sticky":false,"template":"","format":"standard","meta":{"_mi_skip_tracking":false,"footnotes":""},"categories":[25,1,9,16],"tags":[],"class_list":["post-280322","post","type-post","status-publish","format-standard","has-post-thumbnail","hentry","category-destaques-site","category-geral","category-municipios","category-todas"],"acf":[],"yoast_head":"<!-- This site is optimized with the Yoast SEO Premium plugin v19.2 (Yoast SEO v26.9) - https:\/\/yoast.com\/product\/yoast-seo-premium-wordpress\/ -->\n<title>Prefeitura de Massap\u00ea do Piau\u00ed emite nota de esclarecimento sobre o Programa Minha Casa, Minha Vida Rural e refor\u00e7a compromisso com a transpar\u00eancia - Portal Not\u00edcia em Pauta<\/title>\n<meta name=\"robots\" content=\"index, follow, max-snippet:-1, max-image-preview:large, max-video-preview:-1\" \/>\n<link rel=\"canonical\" href=\"https:\/\/noticiaempauta.com\/portal\/prefeitura-de-massape-do-piaui-emite-nota-de-esclarecimento-sobre-o-programa-minha-casa-minha-vida-rural-e-reforca-compromisso-com-a-transparencia\/\" \/>\n<meta property=\"og:locale\" content=\"pt_BR\" \/>\n<meta property=\"og:type\" content=\"article\" \/>\n<meta property=\"og:title\" content=\"Prefeitura de Massap\u00ea do Piau\u00ed emite nota de esclarecimento sobre o Programa Minha Casa, Minha Vida Rural e refor\u00e7a compromisso com a transpar\u00eancia\" \/>\n<meta property=\"og:description\" content=\"A Prefeitura Municipal de Massap\u00ea do Piau\u00ed, por meio de nota oficial assinada pelo prefeito Dr. Wilton Coutinho, esclarece a toda popula\u00e7\u00e3o acerca de v\u00e1rias informa\u00e7\u00f5es consideradas infundadas, divulgadas durante sess\u00e3o da C\u00e2mara Municipal realizada no dia 29 de outubro de 2025, pelo vereador Ant\u00f4nio Augusto da Costa Xavier. Na ocasi\u00e3o, o parlamentar afirmou que [&hellip;]\" \/>\n<meta property=\"og:url\" content=\"https:\/\/noticiaempauta.com\/portal\/prefeitura-de-massape-do-piaui-emite-nota-de-esclarecimento-sobre-o-programa-minha-casa-minha-vida-rural-e-reforca-compromisso-com-a-transparencia\/\" \/>\n<meta property=\"og:site_name\" content=\"Portal Not\u00edcia em Pauta\" \/>\n<meta property=\"article:publisher\" content=\"https:\/\/www.facebook.com\/Portal-Notcia-Em-Pauta-102292869264820\/\" \/>\n<meta property=\"article:published_time\" content=\"2025-11-06T12:16:18+00:00\" \/>\n<meta property=\"article:modified_time\" content=\"2025-11-06T12:16:19+00:00\" \/>\n<meta property=\"og:image\" content=\"https:\/\/noticiaempauta.com\/portal\/wp-content\/uploads\/2025\/07\/wilton.jpeg\" \/>\n\t<meta property=\"og:image:width\" content=\"1280\" \/>\n\t<meta property=\"og:image:height\" content=\"960\" \/>\n\t<meta property=\"og:image:type\" content=\"image\/jpeg\" \/>\n<meta name=\"author\" content=\"Reda\u00e7\u00e3o\" \/>\n<meta name=\"twitter:card\" content=\"summary_large_image\" \/>\n<meta name=\"twitter:label1\" content=\"Escrito por\" \/>\n\t<meta name=\"twitter:data1\" content=\"Reda\u00e7\u00e3o\" \/>\n\t<meta name=\"twitter:label2\" content=\"Est. tempo de leitura\" \/>\n\t<meta name=\"twitter:data2\" content=\"3 minutos\" \/>\n<script type=\"application\/ld+json\" class=\"yoast-schema-graph\">{\"@context\":\"https:\/\/schema.org\",\"@graph\":[{\"@type\":\"Article\",\"@id\":\"https:\/\/noticiaempauta.com\/portal\/prefeitura-de-massape-do-piaui-emite-nota-de-esclarecimento-sobre-o-programa-minha-casa-minha-vida-rural-e-reforca-compromisso-com-a-transparencia\/#article\",\"isPartOf\":{\"@id\":\"https:\/\/noticiaempauta.com\/portal\/prefeitura-de-massape-do-piaui-emite-nota-de-esclarecimento-sobre-o-programa-minha-casa-minha-vida-rural-e-reforca-compromisso-com-a-transparencia\/\"},\"author\":{\"name\":\"Reda\u00e7\u00e3o\",\"@id\":\"https:\/\/noticiaempauta.com\/portal\/#\/schema\/person\/a74af43dd1ab3deca45f988c717d57ac\"},\"headline\":\"Prefeitura de Massap\u00ea do Piau\u00ed emite nota de esclarecimento sobre o Programa Minha Casa, Minha Vida Rural e refor\u00e7a compromisso com a transpar\u00eancia\",\"datePublished\":\"2025-11-06T12:16:18+00:00\",\"dateModified\":\"2025-11-06T12:16:19+00:00\",\"mainEntityOfPage\":{\"@id\":\"https:\/\/noticiaempauta.com\/portal\/prefeitura-de-massape-do-piaui-emite-nota-de-esclarecimento-sobre-o-programa-minha-casa-minha-vida-rural-e-reforca-compromisso-com-a-transparencia\/\"},\"wordCount\":519,\"commentCount\":0,\"publisher\":{\"@id\":\"https:\/\/noticiaempauta.com\/portal\/#organization\"},\"image\":{\"@id\":\"https:\/\/noticiaempauta.com\/portal\/prefeitura-de-massape-do-piaui-emite-nota-de-esclarecimento-sobre-o-programa-minha-casa-minha-vida-rural-e-reforca-compromisso-com-a-transparencia\/#primaryimage\"},\"thumbnailUrl\":\"https:\/\/noticiaempauta.com\/portal\/wp-content\/uploads\/2025\/07\/wilton.jpeg\",\"articleSection\":[\"Destaques\",\"Geral\",\"Munic\u00edpios\",\"Todas as Not\u00edcias\"],\"inLanguage\":\"pt-BR\",\"potentialAction\":[{\"@type\":\"CommentAction\",\"name\":\"Comment\",\"target\":[\"https:\/\/noticiaempauta.com\/portal\/prefeitura-de-massape-do-piaui-emite-nota-de-esclarecimento-sobre-o-programa-minha-casa-minha-vida-rural-e-reforca-compromisso-com-a-transparencia\/#respond\"]}]},{\"@type\":\"WebPage\",\"@id\":\"https:\/\/noticiaempauta.com\/portal\/prefeitura-de-massape-do-piaui-emite-nota-de-esclarecimento-sobre-o-programa-minha-casa-minha-vida-rural-e-reforca-compromisso-com-a-transparencia\/\",\"url\":\"https:\/\/noticiaempauta.com\/portal\/prefeitura-de-massape-do-piaui-emite-nota-de-esclarecimento-sobre-o-programa-minha-casa-minha-vida-rural-e-reforca-compromisso-com-a-transparencia\/\",\"name\":\"Prefeitura de Massap\u00ea do Piau\u00ed emite nota de esclarecimento sobre o Programa Minha Casa, Minha Vida Rural e refor\u00e7a compromisso com a transpar\u00eancia - Portal Not\u00edcia em Pauta\",\"isPartOf\":{\"@id\":\"https:\/\/noticiaempauta.com\/portal\/#website\"},\"primaryImageOfPage\":{\"@id\":\"https:\/\/noticiaempauta.com\/portal\/prefeitura-de-massape-do-piaui-emite-nota-de-esclarecimento-sobre-o-programa-minha-casa-minha-vida-rural-e-reforca-compromisso-com-a-transparencia\/#primaryimage\"},\"image\":{\"@id\":\"https:\/\/noticiaempauta.com\/portal\/prefeitura-de-massape-do-piaui-emite-nota-de-esclarecimento-sobre-o-programa-minha-casa-minha-vida-rural-e-reforca-compromisso-com-a-transparencia\/#primaryimage\"},\"thumbnailUrl\":\"https:\/\/noticiaempauta.com\/portal\/wp-content\/uploads\/2025\/07\/wilton.jpeg\",\"datePublished\":\"2025-11-06T12:16:18+00:00\",\"dateModified\":\"2025-11-06T12:16:19+00:00\",\"breadcrumb\":{\"@id\":\"https:\/\/noticiaempauta.com\/portal\/prefeitura-de-massape-do-piaui-emite-nota-de-esclarecimento-sobre-o-programa-minha-casa-minha-vida-rural-e-reforca-compromisso-com-a-transparencia\/#breadcrumb\"},\"inLanguage\":\"pt-BR\",\"potentialAction\":[{\"@type\":\"ReadAction\",\"target\":[\"https:\/\/noticiaempauta.com\/portal\/prefeitura-de-massape-do-piaui-emite-nota-de-esclarecimento-sobre-o-programa-minha-casa-minha-vida-rural-e-reforca-compromisso-com-a-transparencia\/\"]}]},{\"@type\":\"ImageObject\",\"inLanguage\":\"pt-BR\",\"@id\":\"https:\/\/noticiaempauta.com\/portal\/prefeitura-de-massape-do-piaui-emite-nota-de-esclarecimento-sobre-o-programa-minha-casa-minha-vida-rural-e-reforca-compromisso-com-a-transparencia\/#primaryimage\",\"url\":\"https:\/\/noticiaempauta.com\/portal\/wp-content\/uploads\/2025\/07\/wilton.jpeg\",\"contentUrl\":\"https:\/\/noticiaempauta.com\/portal\/wp-content\/uploads\/2025\/07\/wilton.jpeg\",\"width\":1280,\"height\":960},{\"@type\":\"BreadcrumbList\",\"@id\":\"https:\/\/noticiaempauta.com\/portal\/prefeitura-de-massape-do-piaui-emite-nota-de-esclarecimento-sobre-o-programa-minha-casa-minha-vida-rural-e-reforca-compromisso-com-a-transparencia\/#breadcrumb\",\"itemListElement\":[{\"@type\":\"ListItem\",\"position\":1,\"name\":\"P\u00e1gina Inicial\",\"item\":\"https:\/\/noticiaempauta.com\/portal\/\"},{\"@type\":\"ListItem\",\"position\":2,\"name\":\"Destaques\",\"item\":\"https:\/\/noticiaempauta.com\/portal\/destaques-site\/\"},{\"@type\":\"ListItem\",\"position\":3,\"name\":\"Prefeitura de Massap\u00ea do Piau\u00ed emite nota de esclarecimento sobre o Programa Minha Casa, Minha Vida Rural e refor\u00e7a compromisso com a transpar\u00eancia\"}]},{\"@type\":\"WebSite\",\"@id\":\"https:\/\/noticiaempauta.com\/portal\/#website\",\"url\":\"https:\/\/noticiaempauta.com\/portal\/\",\"name\":\"Portal Not\u00edcia em Pauta\",\"description\":\"Voc\u00ea bem informado\",\"publisher\":{\"@id\":\"https:\/\/noticiaempauta.com\/portal\/#organization\"},\"potentialAction\":[{\"@type\":\"SearchAction\",\"target\":{\"@type\":\"EntryPoint\",\"urlTemplate\":\"https:\/\/noticiaempauta.com\/portal\/?s={search_term_string}\"},\"query-input\":{\"@type\":\"PropertyValueSpecification\",\"valueRequired\":true,\"valueName\":\"search_term_string\"}}],\"inLanguage\":\"pt-BR\"},{\"@type\":\"Organization\",\"@id\":\"https:\/\/noticiaempauta.com\/portal\/#organization\",\"name\":\"Portal Not\u00edcia em Pauta\",\"url\":\"https:\/\/noticiaempauta.com\/portal\/\",\"logo\":{\"@type\":\"ImageObject\",\"inLanguage\":\"pt-BR\",\"@id\":\"https:\/\/noticiaempauta.com\/portal\/#\/schema\/logo\/image\/\",\"url\":\"https:\/\/noticiaempauta.com\/portal\/wp-content\/uploads\/2022\/08\/logomarca_tema.fw_.png\",\"contentUrl\":\"https:\/\/noticiaempauta.com\/portal\/wp-content\/uploads\/2022\/08\/logomarca_tema.fw_.png\",\"width\":400,\"height\":232,\"caption\":\"Portal Not\u00edcia em Pauta\"},\"image\":{\"@id\":\"https:\/\/noticiaempauta.com\/portal\/#\/schema\/logo\/image\/\"},\"sameAs\":[\"https:\/\/www.facebook.com\/Portal-Notcia-Em-Pauta-102292869264820\/\",\"https:\/\/www.instagram.com\/portalnoticiaempauta\/\"]},{\"@type\":\"Person\",\"@id\":\"https:\/\/noticiaempauta.com\/portal\/#\/schema\/person\/a74af43dd1ab3deca45f988c717d57ac\",\"name\":\"Reda\u00e7\u00e3o\",\"image\":{\"@type\":\"ImageObject\",\"inLanguage\":\"pt-BR\",\"@id\":\"https:\/\/noticiaempauta.com\/portal\/#\/schema\/person\/image\/\",\"url\":\"https:\/\/secure.gravatar.com\/avatar\/03179346ecce6cdfc13361603e8f54242a90e5cde8618fa23c5c00aa2b0aadf3?s=96&d=mm&r=g\",\"contentUrl\":\"https:\/\/secure.gravatar.com\/avatar\/03179346ecce6cdfc13361603e8f54242a90e5cde8618fa23c5c00aa2b0aadf3?s=96&d=mm&r=g\",\"caption\":\"Reda\u00e7\u00e3o\"},\"sameAs\":[\"https:\/\/noticiaempauta.com\/portal\/\"],\"url\":\"https:\/\/noticiaempauta.com\/portal\/author\/fernando\/\"}]}<\/script>\n<!-- \/ Yoast SEO Premium plugin. -->","yoast_head_json":{"title":"Prefeitura de Massap\u00ea do Piau\u00ed emite nota de esclarecimento sobre o Programa Minha Casa, Minha Vida Rural e refor\u00e7a compromisso com a transpar\u00eancia - Portal Not\u00edcia em Pauta","robots":{"index":"index","follow":"follow","max-snippet":"max-snippet:-1","max-image-preview":"max-image-preview:large","max-video-preview":"max-video-preview:-1"},"canonical":"https:\/\/noticiaempauta.com\/portal\/prefeitura-de-massape-do-piaui-emite-nota-de-esclarecimento-sobre-o-programa-minha-casa-minha-vida-rural-e-reforca-compromisso-com-a-transparencia\/","og_locale":"pt_BR","og_type":"article","og_title":"Prefeitura de Massap\u00ea do Piau\u00ed emite nota de esclarecimento sobre o Programa Minha Casa, Minha Vida Rural e refor\u00e7a compromisso com a transpar\u00eancia","og_description":"A Prefeitura Municipal de Massap\u00ea do Piau\u00ed, por meio de nota oficial assinada pelo prefeito Dr. Wilton Coutinho, esclarece a toda popula\u00e7\u00e3o acerca de v\u00e1rias informa\u00e7\u00f5es consideradas infundadas, divulgadas durante sess\u00e3o da C\u00e2mara Municipal realizada no dia 29 de outubro de 2025, pelo vereador Ant\u00f4nio Augusto da Costa Xavier. Na ocasi\u00e3o, o parlamentar afirmou que [&hellip;]","og_url":"https:\/\/noticiaempauta.com\/portal\/prefeitura-de-massape-do-piaui-emite-nota-de-esclarecimento-sobre-o-programa-minha-casa-minha-vida-rural-e-reforca-compromisso-com-a-transparencia\/","og_site_name":"Portal Not\u00edcia em Pauta","article_publisher":"https:\/\/www.facebook.com\/Portal-Notcia-Em-Pauta-102292869264820\/","article_published_time":"2025-11-06T12:16:18+00:00","article_modified_time":"2025-11-06T12:16:19+00:00","og_image":[{"width":1280,"height":960,"url":"https:\/\/noticiaempauta.com\/portal\/wp-content\/uploads\/2025\/07\/wilton.jpeg","type":"image\/jpeg"}],"author":"Reda\u00e7\u00e3o","twitter_card":"summary_large_image","twitter_misc":{"Escrito por":"Reda\u00e7\u00e3o","Est. tempo de leitura":"3 minutos"},"schema":{"@context":"https:\/\/schema.org","@graph":[{"@type":"Article","@id":"https:\/\/noticiaempauta.com\/portal\/prefeitura-de-massape-do-piaui-emite-nota-de-esclarecimento-sobre-o-programa-minha-casa-minha-vida-rural-e-reforca-compromisso-com-a-transparencia\/#article","isPartOf":{"@id":"https:\/\/noticiaempauta.com\/portal\/prefeitura-de-massape-do-piaui-emite-nota-de-esclarecimento-sobre-o-programa-minha-casa-minha-vida-rural-e-reforca-compromisso-com-a-transparencia\/"},"author":{"name":"Reda\u00e7\u00e3o","@id":"https:\/\/noticiaempauta.com\/portal\/#\/schema\/person\/a74af43dd1ab3deca45f988c717d57ac"},"headline":"Prefeitura de Massap\u00ea do Piau\u00ed emite nota de esclarecimento sobre o Programa Minha Casa, Minha Vida Rural e refor\u00e7a compromisso com a transpar\u00eancia","datePublished":"2025-11-06T12:16:18+00:00","dateModified":"2025-11-06T12:16:19+00:00","mainEntityOfPage":{"@id":"https:\/\/noticiaempauta.com\/portal\/prefeitura-de-massape-do-piaui-emite-nota-de-esclarecimento-sobre-o-programa-minha-casa-minha-vida-rural-e-reforca-compromisso-com-a-transparencia\/"},"wordCount":519,"commentCount":0,"publisher":{"@id":"https:\/\/noticiaempauta.com\/portal\/#organization"},"image":{"@id":"https:\/\/noticiaempauta.com\/portal\/prefeitura-de-massape-do-piaui-emite-nota-de-esclarecimento-sobre-o-programa-minha-casa-minha-vida-rural-e-reforca-compromisso-com-a-transparencia\/#primaryimage"},"thumbnailUrl":"https:\/\/noticiaempauta.com\/portal\/wp-content\/uploads\/2025\/07\/wilton.jpeg","articleSection":["Destaques","Geral","Munic\u00edpios","Todas as Not\u00edcias"],"inLanguage":"pt-BR","potentialAction":[{"@type":"CommentAction","name":"Comment","target":["https:\/\/noticiaempauta.com\/portal\/prefeitura-de-massape-do-piaui-emite-nota-de-esclarecimento-sobre-o-programa-minha-casa-minha-vida-rural-e-reforca-compromisso-com-a-transparencia\/#respond"]}]},{"@type":"WebPage","@id":"https:\/\/noticiaempauta.com\/portal\/prefeitura-de-massape-do-piaui-emite-nota-de-esclarecimento-sobre-o-programa-minha-casa-minha-vida-rural-e-reforca-compromisso-com-a-transparencia\/","url":"https:\/\/noticiaempauta.com\/portal\/prefeitura-de-massape-do-piaui-emite-nota-de-esclarecimento-sobre-o-programa-minha-casa-minha-vida-rural-e-reforca-compromisso-com-a-transparencia\/","name":"Prefeitura de Massap\u00ea do Piau\u00ed emite nota de esclarecimento sobre o Programa Minha Casa, Minha Vida Rural e refor\u00e7a compromisso com a transpar\u00eancia - Portal Not\u00edcia em Pauta","isPartOf":{"@id":"https:\/\/noticiaempauta.com\/portal\/#website"},"primaryImageOfPage":{"@id":"https:\/\/noticiaempauta.com\/portal\/prefeitura-de-massape-do-piaui-emite-nota-de-esclarecimento-sobre-o-programa-minha-casa-minha-vida-rural-e-reforca-compromisso-com-a-transparencia\/#primaryimage"},"image":{"@id":"https:\/\/noticiaempauta.com\/portal\/prefeitura-de-massape-do-piaui-emite-nota-de-esclarecimento-sobre-o-programa-minha-casa-minha-vida-rural-e-reforca-compromisso-com-a-transparencia\/#primaryimage"},"thumbnailUrl":"https:\/\/noticiaempauta.com\/portal\/wp-content\/uploads\/2025\/07\/wilton.jpeg","datePublished":"2025-11-06T12:16:18+00:00","dateModified":"2025-11-06T12:16:19+00:00","breadcrumb":{"@id":"https:\/\/noticiaempauta.com\/portal\/prefeitura-de-massape-do-piaui-emite-nota-de-esclarecimento-sobre-o-programa-minha-casa-minha-vida-rural-e-reforca-compromisso-com-a-transparencia\/#breadcrumb"},"inLanguage":"pt-BR","potentialAction":[{"@type":"ReadAction","target":["https:\/\/noticiaempauta.com\/portal\/prefeitura-de-massape-do-piaui-emite-nota-de-esclarecimento-sobre-o-programa-minha-casa-minha-vida-rural-e-reforca-compromisso-com-a-transparencia\/"]}]},{"@type":"ImageObject","inLanguage":"pt-BR","@id":"https:\/\/noticiaempauta.com\/portal\/prefeitura-de-massape-do-piaui-emite-nota-de-esclarecimento-sobre-o-programa-minha-casa-minha-vida-rural-e-reforca-compromisso-com-a-transparencia\/#primaryimage","url":"https:\/\/noticiaempauta.com\/portal\/wp-content\/uploads\/2025\/07\/wilton.jpeg","contentUrl":"https:\/\/noticiaempauta.com\/portal\/wp-content\/uploads\/2025\/07\/wilton.jpeg","width":1280,"height":960},{"@type":"BreadcrumbList","@id":"https:\/\/noticiaempauta.com\/portal\/prefeitura-de-massape-do-piaui-emite-nota-de-esclarecimento-sobre-o-programa-minha-casa-minha-vida-rural-e-reforca-compromisso-com-a-transparencia\/#breadcrumb","itemListElement":[{"@type":"ListItem","position":1,"name":"P\u00e1gina Inicial","item":"https:\/\/noticiaempauta.com\/portal\/"},{"@type":"ListItem","position":2,"name":"Destaques","item":"https:\/\/noticiaempauta.com\/portal\/destaques-site\/"},{"@type":"ListItem","position":3,"name":"Prefeitura de Massap\u00ea do Piau\u00ed emite nota de esclarecimento sobre o Programa Minha Casa, Minha Vida Rural e refor\u00e7a compromisso com a transpar\u00eancia"}]},{"@type":"WebSite","@id":"https:\/\/noticiaempauta.com\/portal\/#website","url":"https:\/\/noticiaempauta.com\/portal\/","name":"Portal Not\u00edcia em Pauta","description":"Voc\u00ea bem informado","publisher":{"@id":"https:\/\/noticiaempauta.com\/portal\/#organization"},"potentialAction":[{"@type":"SearchAction","target":{"@type":"EntryPoint","urlTemplate":"https:\/\/noticiaempauta.com\/portal\/?s={search_term_string}"},"query-input":{"@type":"PropertyValueSpecification","valueRequired":true,"valueName":"search_term_string"}}],"inLanguage":"pt-BR"},{"@type":"Organization","@id":"https:\/\/noticiaempauta.com\/portal\/#organization","name":"Portal Not\u00edcia em Pauta","url":"https:\/\/noticiaempauta.com\/portal\/","logo":{"@type":"ImageObject","inLanguage":"pt-BR","@id":"https:\/\/noticiaempauta.com\/portal\/#\/schema\/logo\/image\/","url":"https:\/\/noticiaempauta.com\/portal\/wp-content\/uploads\/2022\/08\/logomarca_tema.fw_.png","contentUrl":"https:\/\/noticiaempauta.com\/portal\/wp-content\/uploads\/2022\/08\/logomarca_tema.fw_.png","width":400,"height":232,"caption":"Portal Not\u00edcia em Pauta"},"image":{"@id":"https:\/\/noticiaempauta.com\/portal\/#\/schema\/logo\/image\/"},"sameAs":["https:\/\/www.facebook.com\/Portal-Notcia-Em-Pauta-102292869264820\/","https:\/\/www.instagram.com\/portalnoticiaempauta\/"]},{"@type":"Person","@id":"https:\/\/noticiaempauta.com\/portal\/#\/schema\/person\/a74af43dd1ab3deca45f988c717d57ac","name":"Reda\u00e7\u00e3o","image":{"@type":"ImageObject","inLanguage":"pt-BR","@id":"https:\/\/noticiaempauta.com\/portal\/#\/schema\/person\/image\/","url":"https:\/\/secure.gravatar.com\/avatar\/03179346ecce6cdfc13361603e8f54242a90e5cde8618fa23c5c00aa2b0aadf3?s=96&d=mm&r=g","contentUrl":"https:\/\/secure.gravatar.com\/avatar\/03179346ecce6cdfc13361603e8f54242a90e5cde8618fa23c5c00aa2b0aadf3?s=96&d=mm&r=g","caption":"Reda\u00e7\u00e3o"},"sameAs":["https:\/\/noticiaempauta.com\/portal\/"],"url":"https:\/\/noticiaempauta.com\/portal\/author\/fernando\/"}]}},"_links":{"self":[{"href":"https:\/\/noticiaempauta.com\/portal\/wp-json\/wp\/v2\/posts\/280322","targetHints":{"allow":["GET"]}}],"collection":[{"href":"https:\/\/noticiaempauta.com\/portal\/wp-json\/wp\/v2\/posts"}],"about":[{"href":"https:\/\/noticiaempauta.com\/portal\/wp-json\/wp\/v2\/types\/post"}],"author":[{"embeddable":true,"href":"https:\/\/noticiaempauta.com\/portal\/wp-json\/wp\/v2\/users\/2"}],"replies":[{"embeddable":true,"href":"https:\/\/noticiaempauta.com\/portal\/wp-json\/wp\/v2\/comments?post=280322"}],"version-history":[{"count":2,"href":"https:\/\/noticiaempauta.com\/portal\/wp-json\/wp\/v2\/posts\/280322\/revisions"}],"predecessor-version":[{"id":280325,"href":"https:\/\/noticiaempauta.com\/portal\/wp-json\/wp\/v2\/posts\/280322\/revisions\/280325"}],"wp:featuredmedia":[{"embeddable":true,"href":"https:\/\/noticiaempauta.com\/portal\/wp-json\/wp\/v2\/media\/275224"}],"wp:attachment":[{"href":"https:\/\/noticiaempauta.com\/portal\/wp-json\/wp\/v2\/media?parent=280322"}],"wp:term":[{"taxonomy":"category","embeddable":true,"href":"https:\/\/noticiaempauta.com\/portal\/wp-json\/wp\/v2\/categories?post=280322"},{"taxonomy":"post_tag","embeddable":true,"href":"https:\/\/noticiaempauta.com\/portal\/wp-json\/wp\/v2\/tags?post=280322"}],"curies":[{"name":"wp","href":"https:\/\/api.w.org\/{rel}","templated":true}]}}