{"id":280330,"date":"2025-11-06T09:37:36","date_gmt":"2025-11-06T12:37:36","guid":{"rendered":"https:\/\/noticiaempauta.com\/portal\/?p=280330"},"modified":"2025-11-06T09:37:36","modified_gmt":"2025-11-06T12:37:36","slug":"deputado-dr-thales-coelho-aparece-entre-os-mais-citados-para-reeleicao-a-deputado-estadual-de-acordo-com-nova-pesquisa-do-instituto-gp1","status":"publish","type":"post","link":"https:\/\/noticiaempauta.com\/portal\/deputado-dr-thales-coelho-aparece-entre-os-mais-citados-para-reeleicao-a-deputado-estadual-de-acordo-com-nova-pesquisa-do-instituto-gp1\/","title":{"rendered":"Deputado Dr. Thales Coelho aparece entre os mais citados para reelei\u00e7\u00e3o a deputado estadual de acordo com nova pesquisa do Instituto GP1"},"content":{"rendered":"\n<p>O deputado estadual Dr. Thales Coelho (PP) figura entre os nomes mais lembrados pelos piauienses na disputa pela reelei\u00e7\u00e3o \u00e0 vaga na Assembleia Legislativa do Piau\u00ed (Alepi) nas elei\u00e7\u00f5es de 2026, de acordo com pesquisa divulgada nesta ter\u00e7a-feira (4) pelo Instituto GP1.<\/p>\n\n\n\n<figure class=\"wp-block-image size-full\"><img fetchpriority=\"high\" decoding=\"async\" width=\"600\" height=\"400\" src=\"https:\/\/noticiaempauta.com\/portal\/wp-content\/uploads\/2024\/12\/thalesss.jpg\" alt=\"\" class=\"wp-image-265639\" srcset=\"https:\/\/noticiaempauta.com\/portal\/wp-content\/uploads\/2024\/12\/thalesss.jpg 600w, https:\/\/noticiaempauta.com\/portal\/wp-content\/uploads\/2024\/12\/thalesss-300x200.jpg 300w\" sizes=\"(max-width: 600px) 100vw, 600px\" \/><\/figure>\n\n\n\n<p>O levantamento foi realizado entre os dias 28 de outubro e 1\u00ba de novembro, ouvindo 1.800 eleitores com idade a partir de 16 anos, em munic\u00edpios de todas as regi\u00f5es do estado. A pesquisa foi conduzida na modalidade espont\u00e2nea, ou seja, sem a apresenta\u00e7\u00e3o de nomes aos entrevistados.<\/p>\n\n\n\n<p>De acordo com os dados, o nome de Dr. Thales Coelho foi citado duas vezes pelos eleitores. Na primeira men\u00e7\u00e3o, como \u201cThales Coelho\u201d, ele aparece na 27\u00aa posi\u00e7\u00e3o, com 0,21% das inten\u00e7\u00f5es de voto. J\u00e1 na segunda, identificado como \u201cDr. Tales\u201d, figura na 59\u00aa coloca\u00e7\u00e3o, com 0,06%.<\/p>\n\n\n\n<figure class=\"wp-block-image size-large\"><img decoding=\"async\" width=\"771\" height=\"1024\" src=\"https:\/\/noticiaempauta.com\/portal\/wp-content\/uploads\/2025\/11\/1000899084-771x1024.webp\" alt=\"\" class=\"wp-image-280331\" srcset=\"https:\/\/noticiaempauta.com\/portal\/wp-content\/uploads\/2025\/11\/1000899084-771x1024.webp 771w, https:\/\/noticiaempauta.com\/portal\/wp-content\/uploads\/2025\/11\/1000899084-226x300.webp 226w, https:\/\/noticiaempauta.com\/portal\/wp-content\/uploads\/2025\/11\/1000899084-768x1020.webp 768w, https:\/\/noticiaempauta.com\/portal\/wp-content\/uploads\/2025\/11\/1000899084.webp 1053w\" sizes=\"(max-width: 771px) 100vw, 771px\" \/><\/figure>\n\n\n\n<p>O levantamento apresenta margem de erro de 2,31 pontos percentuais, para mais ou para menos, e n\u00edvel de confian\u00e7a de 95%. A responsabilidade t\u00e9cnica \u00e9 da estat\u00edstica Thaynara Thalessa Ara\u00fajo.<\/p>\n\n\n\n<p>O parlamentar destacou a import\u00e2ncia do reconhecimento popular e agradeceu ao povo piauiense pela lembran\u00e7a de seu nome entre os mais citados.<\/p>\n\n\n\n<p>\u201cQuando o trabalho \u00e9 feito com presen\u00e7a, o povo lembra! Entre os nomes mais citados na pesquisa do Instituto GP1, seguimos com o cora\u00e7\u00e3o cheio de gratid\u00e3o e a energia l\u00e1 em cima para continuar avan\u00e7ando pelo Piau\u00ed! Se o povo lembra, \u00e9 porque sente. E \u00e9 assim que queremos seguir: com verdade, com trabalho e com voc\u00eas\u201d, disse Dr. Thales.<\/p>\n\n\n\n<p><strong>Fonte: CidadesnaNet<\/strong><\/p>\n","protected":false},"excerpt":{"rendered":"<p>O deputado estadual Dr. Thales Coelho (PP) figura entre os nomes mais lembrados pelos piauienses na disputa pela reelei\u00e7\u00e3o \u00e0 vaga na Assembleia Legislativa do Piau\u00ed (Alepi) nas elei\u00e7\u00f5es de 2026, de acordo com pesquisa divulgada nesta ter\u00e7a-feira (4) pelo Instituto GP1. O levantamento foi realizado entre os dias 28 de outubro e 1\u00ba de [&hellip;]<\/p>\n","protected":false},"author":2,"featured_media":265639,"comment_status":"open","ping_status":"open","sticky":false,"template":"","format":"standard","meta":{"_mi_skip_tracking":false,"footnotes":""},"categories":[25,1,3,16],"tags":[192],"class_list":["post-280330","post","type-post","status-publish","format-standard","has-post-thumbnail","hentry","category-destaques-site","category-geral","category-politica","category-todas","tag-destaqueprincipal"],"acf":[],"yoast_head":"<!-- This site is optimized with the Yoast SEO Premium plugin v19.2 (Yoast SEO v26.9) - https:\/\/yoast.com\/product\/yoast-seo-premium-wordpress\/ -->\n<title>Deputado Dr. Thales Coelho aparece entre os mais citados para reelei\u00e7\u00e3o a deputado estadual de acordo com nova pesquisa do Instituto GP1 - Portal Not\u00edcia em Pauta<\/title>\n<meta name=\"robots\" content=\"index, follow, max-snippet:-1, max-image-preview:large, max-video-preview:-1\" \/>\n<link rel=\"canonical\" href=\"https:\/\/noticiaempauta.com\/portal\/deputado-dr-thales-coelho-aparece-entre-os-mais-citados-para-reeleicao-a-deputado-estadual-de-acordo-com-nova-pesquisa-do-instituto-gp1\/\" \/>\n<meta property=\"og:locale\" content=\"pt_BR\" \/>\n<meta property=\"og:type\" content=\"article\" \/>\n<meta property=\"og:title\" content=\"Deputado Dr. Thales Coelho aparece entre os mais citados para reelei\u00e7\u00e3o a deputado estadual de acordo com nova pesquisa do Instituto GP1\" \/>\n<meta property=\"og:description\" content=\"O deputado estadual Dr. Thales Coelho (PP) figura entre os nomes mais lembrados pelos piauienses na disputa pela reelei\u00e7\u00e3o \u00e0 vaga na Assembleia Legislativa do Piau\u00ed (Alepi) nas elei\u00e7\u00f5es de 2026, de acordo com pesquisa divulgada nesta ter\u00e7a-feira (4) pelo Instituto GP1. O levantamento foi realizado entre os dias 28 de outubro e 1\u00ba de [&hellip;]\" \/>\n<meta property=\"og:url\" content=\"https:\/\/noticiaempauta.com\/portal\/deputado-dr-thales-coelho-aparece-entre-os-mais-citados-para-reeleicao-a-deputado-estadual-de-acordo-com-nova-pesquisa-do-instituto-gp1\/\" \/>\n<meta property=\"og:site_name\" content=\"Portal Not\u00edcia em Pauta\" \/>\n<meta property=\"article:publisher\" content=\"https:\/\/www.facebook.com\/Portal-Notcia-Em-Pauta-102292869264820\/\" \/>\n<meta property=\"article:published_time\" content=\"2025-11-06T12:37:36+00:00\" \/>\n<meta property=\"og:image\" content=\"https:\/\/noticiaempauta.com\/portal\/wp-content\/uploads\/2024\/12\/thalesss.jpg\" \/>\n\t<meta property=\"og:image:width\" content=\"600\" \/>\n\t<meta property=\"og:image:height\" content=\"400\" \/>\n\t<meta property=\"og:image:type\" content=\"image\/jpeg\" \/>\n<meta name=\"author\" content=\"Reda\u00e7\u00e3o\" \/>\n<meta name=\"twitter:card\" content=\"summary_large_image\" \/>\n<meta name=\"twitter:label1\" content=\"Escrito por\" \/>\n\t<meta name=\"twitter:data1\" content=\"Reda\u00e7\u00e3o\" \/>\n\t<meta name=\"twitter:label2\" content=\"Est. tempo de leitura\" \/>\n\t<meta name=\"twitter:data2\" content=\"2 minutos\" \/>\n<script type=\"application\/ld+json\" class=\"yoast-schema-graph\">{\"@context\":\"https:\/\/schema.org\",\"@graph\":[{\"@type\":\"Article\",\"@id\":\"https:\/\/noticiaempauta.com\/portal\/deputado-dr-thales-coelho-aparece-entre-os-mais-citados-para-reeleicao-a-deputado-estadual-de-acordo-com-nova-pesquisa-do-instituto-gp1\/#article\",\"isPartOf\":{\"@id\":\"https:\/\/noticiaempauta.com\/portal\/deputado-dr-thales-coelho-aparece-entre-os-mais-citados-para-reeleicao-a-deputado-estadual-de-acordo-com-nova-pesquisa-do-instituto-gp1\/\"},\"author\":{\"name\":\"Reda\u00e7\u00e3o\",\"@id\":\"https:\/\/noticiaempauta.com\/portal\/#\/schema\/person\/a74af43dd1ab3deca45f988c717d57ac\"},\"headline\":\"Deputado Dr. Thales Coelho aparece entre os mais citados para reelei\u00e7\u00e3o a deputado estadual de acordo com nova pesquisa do Instituto GP1\",\"datePublished\":\"2025-11-06T12:37:36+00:00\",\"mainEntityOfPage\":{\"@id\":\"https:\/\/noticiaempauta.com\/portal\/deputado-dr-thales-coelho-aparece-entre-os-mais-citados-para-reeleicao-a-deputado-estadual-de-acordo-com-nova-pesquisa-do-instituto-gp1\/\"},\"wordCount\":281,\"commentCount\":0,\"publisher\":{\"@id\":\"https:\/\/noticiaempauta.com\/portal\/#organization\"},\"image\":{\"@id\":\"https:\/\/noticiaempauta.com\/portal\/deputado-dr-thales-coelho-aparece-entre-os-mais-citados-para-reeleicao-a-deputado-estadual-de-acordo-com-nova-pesquisa-do-instituto-gp1\/#primaryimage\"},\"thumbnailUrl\":\"https:\/\/noticiaempauta.com\/portal\/wp-content\/uploads\/2024\/12\/thalesss.jpg\",\"keywords\":[\"destaqueprincipal\"],\"articleSection\":[\"Destaques\",\"Geral\",\"Pol\u00edtica\",\"Todas as Not\u00edcias\"],\"inLanguage\":\"pt-BR\",\"potentialAction\":[{\"@type\":\"CommentAction\",\"name\":\"Comment\",\"target\":[\"https:\/\/noticiaempauta.com\/portal\/deputado-dr-thales-coelho-aparece-entre-os-mais-citados-para-reeleicao-a-deputado-estadual-de-acordo-com-nova-pesquisa-do-instituto-gp1\/#respond\"]}]},{\"@type\":\"WebPage\",\"@id\":\"https:\/\/noticiaempauta.com\/portal\/deputado-dr-thales-coelho-aparece-entre-os-mais-citados-para-reeleicao-a-deputado-estadual-de-acordo-com-nova-pesquisa-do-instituto-gp1\/\",\"url\":\"https:\/\/noticiaempauta.com\/portal\/deputado-dr-thales-coelho-aparece-entre-os-mais-citados-para-reeleicao-a-deputado-estadual-de-acordo-com-nova-pesquisa-do-instituto-gp1\/\",\"name\":\"Deputado Dr. Thales Coelho aparece entre os mais citados para reelei\u00e7\u00e3o a deputado estadual de acordo com nova pesquisa do Instituto GP1 - Portal Not\u00edcia em Pauta\",\"isPartOf\":{\"@id\":\"https:\/\/noticiaempauta.com\/portal\/#website\"},\"primaryImageOfPage\":{\"@id\":\"https:\/\/noticiaempauta.com\/portal\/deputado-dr-thales-coelho-aparece-entre-os-mais-citados-para-reeleicao-a-deputado-estadual-de-acordo-com-nova-pesquisa-do-instituto-gp1\/#primaryimage\"},\"image\":{\"@id\":\"https:\/\/noticiaempauta.com\/portal\/deputado-dr-thales-coelho-aparece-entre-os-mais-citados-para-reeleicao-a-deputado-estadual-de-acordo-com-nova-pesquisa-do-instituto-gp1\/#primaryimage\"},\"thumbnailUrl\":\"https:\/\/noticiaempauta.com\/portal\/wp-content\/uploads\/2024\/12\/thalesss.jpg\",\"datePublished\":\"2025-11-06T12:37:36+00:00\",\"breadcrumb\":{\"@id\":\"https:\/\/noticiaempauta.com\/portal\/deputado-dr-thales-coelho-aparece-entre-os-mais-citados-para-reeleicao-a-deputado-estadual-de-acordo-com-nova-pesquisa-do-instituto-gp1\/#breadcrumb\"},\"inLanguage\":\"pt-BR\",\"potentialAction\":[{\"@type\":\"ReadAction\",\"target\":[\"https:\/\/noticiaempauta.com\/portal\/deputado-dr-thales-coelho-aparece-entre-os-mais-citados-para-reeleicao-a-deputado-estadual-de-acordo-com-nova-pesquisa-do-instituto-gp1\/\"]}]},{\"@type\":\"ImageObject\",\"inLanguage\":\"pt-BR\",\"@id\":\"https:\/\/noticiaempauta.com\/portal\/deputado-dr-thales-coelho-aparece-entre-os-mais-citados-para-reeleicao-a-deputado-estadual-de-acordo-com-nova-pesquisa-do-instituto-gp1\/#primaryimage\",\"url\":\"https:\/\/noticiaempauta.com\/portal\/wp-content\/uploads\/2024\/12\/thalesss.jpg\",\"contentUrl\":\"https:\/\/noticiaempauta.com\/portal\/wp-content\/uploads\/2024\/12\/thalesss.jpg\",\"width\":600,\"height\":400},{\"@type\":\"BreadcrumbList\",\"@id\":\"https:\/\/noticiaempauta.com\/portal\/deputado-dr-thales-coelho-aparece-entre-os-mais-citados-para-reeleicao-a-deputado-estadual-de-acordo-com-nova-pesquisa-do-instituto-gp1\/#breadcrumb\",\"itemListElement\":[{\"@type\":\"ListItem\",\"position\":1,\"name\":\"P\u00e1gina Inicial\",\"item\":\"https:\/\/noticiaempauta.com\/portal\/\"},{\"@type\":\"ListItem\",\"position\":2,\"name\":\"Destaques\",\"item\":\"https:\/\/noticiaempauta.com\/portal\/destaques-site\/\"},{\"@type\":\"ListItem\",\"position\":3,\"name\":\"Deputado Dr. Thales Coelho aparece entre os mais citados para reelei\u00e7\u00e3o a deputado estadual de acordo com nova pesquisa do Instituto GP1\"}]},{\"@type\":\"WebSite\",\"@id\":\"https:\/\/noticiaempauta.com\/portal\/#website\",\"url\":\"https:\/\/noticiaempauta.com\/portal\/\",\"name\":\"Portal Not\u00edcia em Pauta\",\"description\":\"Voc\u00ea bem informado\",\"publisher\":{\"@id\":\"https:\/\/noticiaempauta.com\/portal\/#organization\"},\"potentialAction\":[{\"@type\":\"SearchAction\",\"target\":{\"@type\":\"EntryPoint\",\"urlTemplate\":\"https:\/\/noticiaempauta.com\/portal\/?s={search_term_string}\"},\"query-input\":{\"@type\":\"PropertyValueSpecification\",\"valueRequired\":true,\"valueName\":\"search_term_string\"}}],\"inLanguage\":\"pt-BR\"},{\"@type\":\"Organization\",\"@id\":\"https:\/\/noticiaempauta.com\/portal\/#organization\",\"name\":\"Portal Not\u00edcia em Pauta\",\"url\":\"https:\/\/noticiaempauta.com\/portal\/\",\"logo\":{\"@type\":\"ImageObject\",\"inLanguage\":\"pt-BR\",\"@id\":\"https:\/\/noticiaempauta.com\/portal\/#\/schema\/logo\/image\/\",\"url\":\"https:\/\/noticiaempauta.com\/portal\/wp-content\/uploads\/2022\/08\/logomarca_tema.fw_.png\",\"contentUrl\":\"https:\/\/noticiaempauta.com\/portal\/wp-content\/uploads\/2022\/08\/logomarca_tema.fw_.png\",\"width\":400,\"height\":232,\"caption\":\"Portal Not\u00edcia em Pauta\"},\"image\":{\"@id\":\"https:\/\/noticiaempauta.com\/portal\/#\/schema\/logo\/image\/\"},\"sameAs\":[\"https:\/\/www.facebook.com\/Portal-Notcia-Em-Pauta-102292869264820\/\",\"https:\/\/www.instagram.com\/portalnoticiaempauta\/\"]},{\"@type\":\"Person\",\"@id\":\"https:\/\/noticiaempauta.com\/portal\/#\/schema\/person\/a74af43dd1ab3deca45f988c717d57ac\",\"name\":\"Reda\u00e7\u00e3o\",\"image\":{\"@type\":\"ImageObject\",\"inLanguage\":\"pt-BR\",\"@id\":\"https:\/\/noticiaempauta.com\/portal\/#\/schema\/person\/image\/\",\"url\":\"https:\/\/secure.gravatar.com\/avatar\/03179346ecce6cdfc13361603e8f54242a90e5cde8618fa23c5c00aa2b0aadf3?s=96&d=mm&r=g\",\"contentUrl\":\"https:\/\/secure.gravatar.com\/avatar\/03179346ecce6cdfc13361603e8f54242a90e5cde8618fa23c5c00aa2b0aadf3?s=96&d=mm&r=g\",\"caption\":\"Reda\u00e7\u00e3o\"},\"sameAs\":[\"https:\/\/noticiaempauta.com\/portal\/\"],\"url\":\"https:\/\/noticiaempauta.com\/portal\/author\/fernando\/\"}]}<\/script>\n<!-- \/ Yoast SEO Premium plugin. -->","yoast_head_json":{"title":"Deputado Dr. Thales Coelho aparece entre os mais citados para reelei\u00e7\u00e3o a deputado estadual de acordo com nova pesquisa do Instituto GP1 - Portal Not\u00edcia em Pauta","robots":{"index":"index","follow":"follow","max-snippet":"max-snippet:-1","max-image-preview":"max-image-preview:large","max-video-preview":"max-video-preview:-1"},"canonical":"https:\/\/noticiaempauta.com\/portal\/deputado-dr-thales-coelho-aparece-entre-os-mais-citados-para-reeleicao-a-deputado-estadual-de-acordo-com-nova-pesquisa-do-instituto-gp1\/","og_locale":"pt_BR","og_type":"article","og_title":"Deputado Dr. Thales Coelho aparece entre os mais citados para reelei\u00e7\u00e3o a deputado estadual de acordo com nova pesquisa do Instituto GP1","og_description":"O deputado estadual Dr. Thales Coelho (PP) figura entre os nomes mais lembrados pelos piauienses na disputa pela reelei\u00e7\u00e3o \u00e0 vaga na Assembleia Legislativa do Piau\u00ed (Alepi) nas elei\u00e7\u00f5es de 2026, de acordo com pesquisa divulgada nesta ter\u00e7a-feira (4) pelo Instituto GP1. O levantamento foi realizado entre os dias 28 de outubro e 1\u00ba de [&hellip;]","og_url":"https:\/\/noticiaempauta.com\/portal\/deputado-dr-thales-coelho-aparece-entre-os-mais-citados-para-reeleicao-a-deputado-estadual-de-acordo-com-nova-pesquisa-do-instituto-gp1\/","og_site_name":"Portal Not\u00edcia em Pauta","article_publisher":"https:\/\/www.facebook.com\/Portal-Notcia-Em-Pauta-102292869264820\/","article_published_time":"2025-11-06T12:37:36+00:00","og_image":[{"width":600,"height":400,"url":"https:\/\/noticiaempauta.com\/portal\/wp-content\/uploads\/2024\/12\/thalesss.jpg","type":"image\/jpeg"}],"author":"Reda\u00e7\u00e3o","twitter_card":"summary_large_image","twitter_misc":{"Escrito por":"Reda\u00e7\u00e3o","Est. tempo de leitura":"2 minutos"},"schema":{"@context":"https:\/\/schema.org","@graph":[{"@type":"Article","@id":"https:\/\/noticiaempauta.com\/portal\/deputado-dr-thales-coelho-aparece-entre-os-mais-citados-para-reeleicao-a-deputado-estadual-de-acordo-com-nova-pesquisa-do-instituto-gp1\/#article","isPartOf":{"@id":"https:\/\/noticiaempauta.com\/portal\/deputado-dr-thales-coelho-aparece-entre-os-mais-citados-para-reeleicao-a-deputado-estadual-de-acordo-com-nova-pesquisa-do-instituto-gp1\/"},"author":{"name":"Reda\u00e7\u00e3o","@id":"https:\/\/noticiaempauta.com\/portal\/#\/schema\/person\/a74af43dd1ab3deca45f988c717d57ac"},"headline":"Deputado Dr. Thales Coelho aparece entre os mais citados para reelei\u00e7\u00e3o a deputado estadual de acordo com nova pesquisa do Instituto GP1","datePublished":"2025-11-06T12:37:36+00:00","mainEntityOfPage":{"@id":"https:\/\/noticiaempauta.com\/portal\/deputado-dr-thales-coelho-aparece-entre-os-mais-citados-para-reeleicao-a-deputado-estadual-de-acordo-com-nova-pesquisa-do-instituto-gp1\/"},"wordCount":281,"commentCount":0,"publisher":{"@id":"https:\/\/noticiaempauta.com\/portal\/#organization"},"image":{"@id":"https:\/\/noticiaempauta.com\/portal\/deputado-dr-thales-coelho-aparece-entre-os-mais-citados-para-reeleicao-a-deputado-estadual-de-acordo-com-nova-pesquisa-do-instituto-gp1\/#primaryimage"},"thumbnailUrl":"https:\/\/noticiaempauta.com\/portal\/wp-content\/uploads\/2024\/12\/thalesss.jpg","keywords":["destaqueprincipal"],"articleSection":["Destaques","Geral","Pol\u00edtica","Todas as Not\u00edcias"],"inLanguage":"pt-BR","potentialAction":[{"@type":"CommentAction","name":"Comment","target":["https:\/\/noticiaempauta.com\/portal\/deputado-dr-thales-coelho-aparece-entre-os-mais-citados-para-reeleicao-a-deputado-estadual-de-acordo-com-nova-pesquisa-do-instituto-gp1\/#respond"]}]},{"@type":"WebPage","@id":"https:\/\/noticiaempauta.com\/portal\/deputado-dr-thales-coelho-aparece-entre-os-mais-citados-para-reeleicao-a-deputado-estadual-de-acordo-com-nova-pesquisa-do-instituto-gp1\/","url":"https:\/\/noticiaempauta.com\/portal\/deputado-dr-thales-coelho-aparece-entre-os-mais-citados-para-reeleicao-a-deputado-estadual-de-acordo-com-nova-pesquisa-do-instituto-gp1\/","name":"Deputado Dr. Thales Coelho aparece entre os mais citados para reelei\u00e7\u00e3o a deputado estadual de acordo com nova pesquisa do Instituto GP1 - Portal Not\u00edcia em Pauta","isPartOf":{"@id":"https:\/\/noticiaempauta.com\/portal\/#website"},"primaryImageOfPage":{"@id":"https:\/\/noticiaempauta.com\/portal\/deputado-dr-thales-coelho-aparece-entre-os-mais-citados-para-reeleicao-a-deputado-estadual-de-acordo-com-nova-pesquisa-do-instituto-gp1\/#primaryimage"},"image":{"@id":"https:\/\/noticiaempauta.com\/portal\/deputado-dr-thales-coelho-aparece-entre-os-mais-citados-para-reeleicao-a-deputado-estadual-de-acordo-com-nova-pesquisa-do-instituto-gp1\/#primaryimage"},"thumbnailUrl":"https:\/\/noticiaempauta.com\/portal\/wp-content\/uploads\/2024\/12\/thalesss.jpg","datePublished":"2025-11-06T12:37:36+00:00","breadcrumb":{"@id":"https:\/\/noticiaempauta.com\/portal\/deputado-dr-thales-coelho-aparece-entre-os-mais-citados-para-reeleicao-a-deputado-estadual-de-acordo-com-nova-pesquisa-do-instituto-gp1\/#breadcrumb"},"inLanguage":"pt-BR","potentialAction":[{"@type":"ReadAction","target":["https:\/\/noticiaempauta.com\/portal\/deputado-dr-thales-coelho-aparece-entre-os-mais-citados-para-reeleicao-a-deputado-estadual-de-acordo-com-nova-pesquisa-do-instituto-gp1\/"]}]},{"@type":"ImageObject","inLanguage":"pt-BR","@id":"https:\/\/noticiaempauta.com\/portal\/deputado-dr-thales-coelho-aparece-entre-os-mais-citados-para-reeleicao-a-deputado-estadual-de-acordo-com-nova-pesquisa-do-instituto-gp1\/#primaryimage","url":"https:\/\/noticiaempauta.com\/portal\/wp-content\/uploads\/2024\/12\/thalesss.jpg","contentUrl":"https:\/\/noticiaempauta.com\/portal\/wp-content\/uploads\/2024\/12\/thalesss.jpg","width":600,"height":400},{"@type":"BreadcrumbList","@id":"https:\/\/noticiaempauta.com\/portal\/deputado-dr-thales-coelho-aparece-entre-os-mais-citados-para-reeleicao-a-deputado-estadual-de-acordo-com-nova-pesquisa-do-instituto-gp1\/#breadcrumb","itemListElement":[{"@type":"ListItem","position":1,"name":"P\u00e1gina Inicial","item":"https:\/\/noticiaempauta.com\/portal\/"},{"@type":"ListItem","position":2,"name":"Destaques","item":"https:\/\/noticiaempauta.com\/portal\/destaques-site\/"},{"@type":"ListItem","position":3,"name":"Deputado Dr. Thales Coelho aparece entre os mais citados para reelei\u00e7\u00e3o a deputado estadual de acordo com nova pesquisa do Instituto GP1"}]},{"@type":"WebSite","@id":"https:\/\/noticiaempauta.com\/portal\/#website","url":"https:\/\/noticiaempauta.com\/portal\/","name":"Portal Not\u00edcia em Pauta","description":"Voc\u00ea bem informado","publisher":{"@id":"https:\/\/noticiaempauta.com\/portal\/#organization"},"potentialAction":[{"@type":"SearchAction","target":{"@type":"EntryPoint","urlTemplate":"https:\/\/noticiaempauta.com\/portal\/?s={search_term_string}"},"query-input":{"@type":"PropertyValueSpecification","valueRequired":true,"valueName":"search_term_string"}}],"inLanguage":"pt-BR"},{"@type":"Organization","@id":"https:\/\/noticiaempauta.com\/portal\/#organization","name":"Portal Not\u00edcia em Pauta","url":"https:\/\/noticiaempauta.com\/portal\/","logo":{"@type":"ImageObject","inLanguage":"pt-BR","@id":"https:\/\/noticiaempauta.com\/portal\/#\/schema\/logo\/image\/","url":"https:\/\/noticiaempauta.com\/portal\/wp-content\/uploads\/2022\/08\/logomarca_tema.fw_.png","contentUrl":"https:\/\/noticiaempauta.com\/portal\/wp-content\/uploads\/2022\/08\/logomarca_tema.fw_.png","width":400,"height":232,"caption":"Portal Not\u00edcia em Pauta"},"image":{"@id":"https:\/\/noticiaempauta.com\/portal\/#\/schema\/logo\/image\/"},"sameAs":["https:\/\/www.facebook.com\/Portal-Notcia-Em-Pauta-102292869264820\/","https:\/\/www.instagram.com\/portalnoticiaempauta\/"]},{"@type":"Person","@id":"https:\/\/noticiaempauta.com\/portal\/#\/schema\/person\/a74af43dd1ab3deca45f988c717d57ac","name":"Reda\u00e7\u00e3o","image":{"@type":"ImageObject","inLanguage":"pt-BR","@id":"https:\/\/noticiaempauta.com\/portal\/#\/schema\/person\/image\/","url":"https:\/\/secure.gravatar.com\/avatar\/03179346ecce6cdfc13361603e8f54242a90e5cde8618fa23c5c00aa2b0aadf3?s=96&d=mm&r=g","contentUrl":"https:\/\/secure.gravatar.com\/avatar\/03179346ecce6cdfc13361603e8f54242a90e5cde8618fa23c5c00aa2b0aadf3?s=96&d=mm&r=g","caption":"Reda\u00e7\u00e3o"},"sameAs":["https:\/\/noticiaempauta.com\/portal\/"],"url":"https:\/\/noticiaempauta.com\/portal\/author\/fernando\/"}]}},"_links":{"self":[{"href":"https:\/\/noticiaempauta.com\/portal\/wp-json\/wp\/v2\/posts\/280330","targetHints":{"allow":["GET"]}}],"collection":[{"href":"https:\/\/noticiaempauta.com\/portal\/wp-json\/wp\/v2\/posts"}],"about":[{"href":"https:\/\/noticiaempauta.com\/portal\/wp-json\/wp\/v2\/types\/post"}],"author":[{"embeddable":true,"href":"https:\/\/noticiaempauta.com\/portal\/wp-json\/wp\/v2\/users\/2"}],"replies":[{"embeddable":true,"href":"https:\/\/noticiaempauta.com\/portal\/wp-json\/wp\/v2\/comments?post=280330"}],"version-history":[{"count":2,"href":"https:\/\/noticiaempauta.com\/portal\/wp-json\/wp\/v2\/posts\/280330\/revisions"}],"predecessor-version":[{"id":280333,"href":"https:\/\/noticiaempauta.com\/portal\/wp-json\/wp\/v2\/posts\/280330\/revisions\/280333"}],"wp:featuredmedia":[{"embeddable":true,"href":"https:\/\/noticiaempauta.com\/portal\/wp-json\/wp\/v2\/media\/265639"}],"wp:attachment":[{"href":"https:\/\/noticiaempauta.com\/portal\/wp-json\/wp\/v2\/media?parent=280330"}],"wp:term":[{"taxonomy":"category","embeddable":true,"href":"https:\/\/noticiaempauta.com\/portal\/wp-json\/wp\/v2\/categories?post=280330"},{"taxonomy":"post_tag","embeddable":true,"href":"https:\/\/noticiaempauta.com\/portal\/wp-json\/wp\/v2\/tags?post=280330"}],"curies":[{"name":"wp","href":"https:\/\/api.w.org\/{rel}","templated":true}]}}