{"id":280334,"date":"2025-11-06T09:57:13","date_gmt":"2025-11-06T12:57:13","guid":{"rendered":"https:\/\/noticiaempauta.com\/portal\/?p=280334"},"modified":"2025-11-06T09:57:13","modified_gmt":"2025-11-06T12:57:13","slug":"novembro-roxo-deputado-severo-eulalio-destaca-nova-lei-sobre-enfrentamento-ao-parto-prematuro","status":"publish","type":"post","link":"https:\/\/noticiaempauta.com\/portal\/novembro-roxo-deputado-severo-eulalio-destaca-nova-lei-sobre-enfrentamento-ao-parto-prematuro\/","title":{"rendered":"Novembro Roxo: Deputado Severo Eul\u00e1lio destaca nova lei sobre enfrentamento ao parto prematuro"},"content":{"rendered":"\n<p>O m\u00eas de novembro \u00e9 dedicado \u00e0 conscientiza\u00e7\u00e3o sobre a prematuridade, uma das principais causas de mortalidade neonatal no mundo.<\/p>\n\n\n\n<p>Conhecido como Novembro Roxo, o per\u00edodo busca alertar sobre os cuidados necess\u00e1rios antes, durante e ap\u00f3s o parto, especialmente para beb\u00eas que nascem antes das 37 semanas de gesta\u00e7\u00e3o.<\/p>\n\n\n\n<figure class=\"wp-block-image size-full\"><img fetchpriority=\"high\" decoding=\"async\" width=\"1024\" height=\"628\" src=\"https:\/\/noticiaempauta.com\/portal\/wp-content\/uploads\/2025\/11\/P40G-IMG-3d1ac5ba9517018a7b.webp\" alt=\"\" class=\"wp-image-280335\" srcset=\"https:\/\/noticiaempauta.com\/portal\/wp-content\/uploads\/2025\/11\/P40G-IMG-3d1ac5ba9517018a7b.webp 1024w, https:\/\/noticiaempauta.com\/portal\/wp-content\/uploads\/2025\/11\/P40G-IMG-3d1ac5ba9517018a7b-300x184.webp 300w, https:\/\/noticiaempauta.com\/portal\/wp-content\/uploads\/2025\/11\/P40G-IMG-3d1ac5ba9517018a7b-768x471.webp 768w\" sizes=\"(max-width: 1024px) 100vw, 1024px\" \/><figcaption class=\"wp-element-caption\">Severo Eul\u00e1lio &#8211; Foto: Tiago Amaral<\/figcaption><\/figure>\n\n\n\n<p>No Piau\u00ed, o tema ganha ainda mais for\u00e7a com a Lei n\u00ba 8.750\/2025, sancionada em julho deste ano, de autoria dos deputados Severo Eul\u00e1lio e Marcus Vin\u00edcius Kalume.<\/p>\n\n\n\n<p>A norma institui o calend\u00e1rio estadual de conscientiza\u00e7\u00e3o, preven\u00e7\u00e3o e enfrentamento ao parto prematuro, com o objetivo de fortalecer a\u00e7\u00f5es educativas, de sa\u00fade e de acolhimento \u00e0s fam\u00edlias e aos profissionais que atuam nessa \u00e1rea.<\/p>\n\n\n\n<p>&#8220;Com essa lei queremos levar informa\u00e7\u00e3o, apoio e acolhimento a essas fam\u00edlias. A lei vem para fortalecer as pol\u00edticas p\u00fablicas voltadas para a gestante e o rec\u00e9m-nascido. Nesse Novembro Roxo, refor\u00e7amos o compromisso com a vida e com cada hist\u00f3ria que come\u00e7a antes do tempo, mas cheia de amor e esperan\u00e7a. Cuidar \u00e9 proteger o futuro\u201d, destacou o deputado Severo Eul\u00e1lio.<\/p>\n\n\n\n<p>A prematuridade \u00e9 uma condi\u00e7\u00e3o que afeta cerca de 1 a cada 10 nascimentos no Brasil, segundo dados do Minist\u00e9rio da Sa\u00fade. Os beb\u00eas prematuros exigem aten\u00e7\u00e3o especial, acompanhamento cont\u00ednuo e pol\u00edticas p\u00fablicas que garantam condi\u00e7\u00f5es adequadas de atendimento tanto nas unidades de sa\u00fade quanto no apoio \u00e0s fam\u00edlias.<\/p>\n\n\n\n<p><\/p>\n","protected":false},"excerpt":{"rendered":"<p>O m\u00eas de novembro \u00e9 dedicado \u00e0 conscientiza\u00e7\u00e3o sobre a prematuridade, uma das principais causas de mortalidade neonatal no mundo. Conhecido como Novembro Roxo, o per\u00edodo busca alertar sobre os cuidados necess\u00e1rios antes, durante e ap\u00f3s o parto, especialmente para beb\u00eas que nascem antes das 37 semanas de gesta\u00e7\u00e3o. No Piau\u00ed, o tema ganha ainda [&hellip;]<\/p>\n","protected":false},"author":2,"featured_media":280335,"comment_status":"open","ping_status":"open","sticky":false,"template":"","format":"standard","meta":{"_mi_skip_tracking":false,"footnotes":""},"categories":[25,1,16],"tags":[192],"class_list":["post-280334","post","type-post","status-publish","format-standard","has-post-thumbnail","hentry","category-destaques-site","category-geral","category-todas","tag-destaqueprincipal"],"acf":[],"yoast_head":"<!-- This site is optimized with the Yoast SEO Premium plugin v19.2 (Yoast SEO v26.9) - https:\/\/yoast.com\/product\/yoast-seo-premium-wordpress\/ -->\n<title>Novembro Roxo: Deputado Severo Eul\u00e1lio destaca nova lei sobre enfrentamento ao parto prematuro - Portal Not\u00edcia em Pauta<\/title>\n<meta name=\"robots\" content=\"index, follow, max-snippet:-1, max-image-preview:large, max-video-preview:-1\" \/>\n<link rel=\"canonical\" href=\"https:\/\/noticiaempauta.com\/portal\/novembro-roxo-deputado-severo-eulalio-destaca-nova-lei-sobre-enfrentamento-ao-parto-prematuro\/\" \/>\n<meta property=\"og:locale\" content=\"pt_BR\" \/>\n<meta property=\"og:type\" content=\"article\" \/>\n<meta property=\"og:title\" content=\"Novembro Roxo: Deputado Severo Eul\u00e1lio destaca nova lei sobre enfrentamento ao parto prematuro\" \/>\n<meta property=\"og:description\" content=\"O m\u00eas de novembro \u00e9 dedicado \u00e0 conscientiza\u00e7\u00e3o sobre a prematuridade, uma das principais causas de mortalidade neonatal no mundo. Conhecido como Novembro Roxo, o per\u00edodo busca alertar sobre os cuidados necess\u00e1rios antes, durante e ap\u00f3s o parto, especialmente para beb\u00eas que nascem antes das 37 semanas de gesta\u00e7\u00e3o. No Piau\u00ed, o tema ganha ainda [&hellip;]\" \/>\n<meta property=\"og:url\" content=\"https:\/\/noticiaempauta.com\/portal\/novembro-roxo-deputado-severo-eulalio-destaca-nova-lei-sobre-enfrentamento-ao-parto-prematuro\/\" \/>\n<meta property=\"og:site_name\" content=\"Portal Not\u00edcia em Pauta\" \/>\n<meta property=\"article:publisher\" content=\"https:\/\/www.facebook.com\/Portal-Notcia-Em-Pauta-102292869264820\/\" \/>\n<meta property=\"article:published_time\" content=\"2025-11-06T12:57:13+00:00\" \/>\n<meta property=\"og:image\" content=\"https:\/\/noticiaempauta.com\/portal\/wp-content\/uploads\/2025\/11\/P40G-IMG-3d1ac5ba9517018a7b.webp\" \/>\n\t<meta property=\"og:image:width\" content=\"1024\" \/>\n\t<meta property=\"og:image:height\" content=\"628\" \/>\n\t<meta property=\"og:image:type\" content=\"image\/webp\" \/>\n<meta name=\"author\" content=\"Reda\u00e7\u00e3o\" \/>\n<meta name=\"twitter:card\" content=\"summary_large_image\" \/>\n<meta name=\"twitter:label1\" content=\"Escrito por\" \/>\n\t<meta name=\"twitter:data1\" content=\"Reda\u00e7\u00e3o\" \/>\n\t<meta name=\"twitter:label2\" content=\"Est. tempo de leitura\" \/>\n\t<meta name=\"twitter:data2\" content=\"2 minutos\" \/>\n<script type=\"application\/ld+json\" class=\"yoast-schema-graph\">{\"@context\":\"https:\/\/schema.org\",\"@graph\":[{\"@type\":\"Article\",\"@id\":\"https:\/\/noticiaempauta.com\/portal\/novembro-roxo-deputado-severo-eulalio-destaca-nova-lei-sobre-enfrentamento-ao-parto-prematuro\/#article\",\"isPartOf\":{\"@id\":\"https:\/\/noticiaempauta.com\/portal\/novembro-roxo-deputado-severo-eulalio-destaca-nova-lei-sobre-enfrentamento-ao-parto-prematuro\/\"},\"author\":{\"name\":\"Reda\u00e7\u00e3o\",\"@id\":\"https:\/\/noticiaempauta.com\/portal\/#\/schema\/person\/a74af43dd1ab3deca45f988c717d57ac\"},\"headline\":\"Novembro Roxo: Deputado Severo Eul\u00e1lio destaca nova lei sobre enfrentamento ao parto prematuro\",\"datePublished\":\"2025-11-06T12:57:13+00:00\",\"mainEntityOfPage\":{\"@id\":\"https:\/\/noticiaempauta.com\/portal\/novembro-roxo-deputado-severo-eulalio-destaca-nova-lei-sobre-enfrentamento-ao-parto-prematuro\/\"},\"wordCount\":272,\"commentCount\":0,\"publisher\":{\"@id\":\"https:\/\/noticiaempauta.com\/portal\/#organization\"},\"image\":{\"@id\":\"https:\/\/noticiaempauta.com\/portal\/novembro-roxo-deputado-severo-eulalio-destaca-nova-lei-sobre-enfrentamento-ao-parto-prematuro\/#primaryimage\"},\"thumbnailUrl\":\"https:\/\/noticiaempauta.com\/portal\/wp-content\/uploads\/2025\/11\/P40G-IMG-3d1ac5ba9517018a7b.webp\",\"keywords\":[\"destaqueprincipal\"],\"articleSection\":[\"Destaques\",\"Geral\",\"Todas as Not\u00edcias\"],\"inLanguage\":\"pt-BR\",\"potentialAction\":[{\"@type\":\"CommentAction\",\"name\":\"Comment\",\"target\":[\"https:\/\/noticiaempauta.com\/portal\/novembro-roxo-deputado-severo-eulalio-destaca-nova-lei-sobre-enfrentamento-ao-parto-prematuro\/#respond\"]}]},{\"@type\":\"WebPage\",\"@id\":\"https:\/\/noticiaempauta.com\/portal\/novembro-roxo-deputado-severo-eulalio-destaca-nova-lei-sobre-enfrentamento-ao-parto-prematuro\/\",\"url\":\"https:\/\/noticiaempauta.com\/portal\/novembro-roxo-deputado-severo-eulalio-destaca-nova-lei-sobre-enfrentamento-ao-parto-prematuro\/\",\"name\":\"Novembro Roxo: Deputado Severo Eul\u00e1lio destaca nova lei sobre enfrentamento ao parto prematuro - Portal Not\u00edcia em Pauta\",\"isPartOf\":{\"@id\":\"https:\/\/noticiaempauta.com\/portal\/#website\"},\"primaryImageOfPage\":{\"@id\":\"https:\/\/noticiaempauta.com\/portal\/novembro-roxo-deputado-severo-eulalio-destaca-nova-lei-sobre-enfrentamento-ao-parto-prematuro\/#primaryimage\"},\"image\":{\"@id\":\"https:\/\/noticiaempauta.com\/portal\/novembro-roxo-deputado-severo-eulalio-destaca-nova-lei-sobre-enfrentamento-ao-parto-prematuro\/#primaryimage\"},\"thumbnailUrl\":\"https:\/\/noticiaempauta.com\/portal\/wp-content\/uploads\/2025\/11\/P40G-IMG-3d1ac5ba9517018a7b.webp\",\"datePublished\":\"2025-11-06T12:57:13+00:00\",\"breadcrumb\":{\"@id\":\"https:\/\/noticiaempauta.com\/portal\/novembro-roxo-deputado-severo-eulalio-destaca-nova-lei-sobre-enfrentamento-ao-parto-prematuro\/#breadcrumb\"},\"inLanguage\":\"pt-BR\",\"potentialAction\":[{\"@type\":\"ReadAction\",\"target\":[\"https:\/\/noticiaempauta.com\/portal\/novembro-roxo-deputado-severo-eulalio-destaca-nova-lei-sobre-enfrentamento-ao-parto-prematuro\/\"]}]},{\"@type\":\"ImageObject\",\"inLanguage\":\"pt-BR\",\"@id\":\"https:\/\/noticiaempauta.com\/portal\/novembro-roxo-deputado-severo-eulalio-destaca-nova-lei-sobre-enfrentamento-ao-parto-prematuro\/#primaryimage\",\"url\":\"https:\/\/noticiaempauta.com\/portal\/wp-content\/uploads\/2025\/11\/P40G-IMG-3d1ac5ba9517018a7b.webp\",\"contentUrl\":\"https:\/\/noticiaempauta.com\/portal\/wp-content\/uploads\/2025\/11\/P40G-IMG-3d1ac5ba9517018a7b.webp\",\"width\":1024,\"height\":628},{\"@type\":\"BreadcrumbList\",\"@id\":\"https:\/\/noticiaempauta.com\/portal\/novembro-roxo-deputado-severo-eulalio-destaca-nova-lei-sobre-enfrentamento-ao-parto-prematuro\/#breadcrumb\",\"itemListElement\":[{\"@type\":\"ListItem\",\"position\":1,\"name\":\"P\u00e1gina Inicial\",\"item\":\"https:\/\/noticiaempauta.com\/portal\/\"},{\"@type\":\"ListItem\",\"position\":2,\"name\":\"Destaques\",\"item\":\"https:\/\/noticiaempauta.com\/portal\/destaques-site\/\"},{\"@type\":\"ListItem\",\"position\":3,\"name\":\"Novembro Roxo: Deputado Severo Eul\u00e1lio destaca nova lei sobre enfrentamento ao parto prematuro\"}]},{\"@type\":\"WebSite\",\"@id\":\"https:\/\/noticiaempauta.com\/portal\/#website\",\"url\":\"https:\/\/noticiaempauta.com\/portal\/\",\"name\":\"Portal Not\u00edcia em Pauta\",\"description\":\"Voc\u00ea bem informado\",\"publisher\":{\"@id\":\"https:\/\/noticiaempauta.com\/portal\/#organization\"},\"potentialAction\":[{\"@type\":\"SearchAction\",\"target\":{\"@type\":\"EntryPoint\",\"urlTemplate\":\"https:\/\/noticiaempauta.com\/portal\/?s={search_term_string}\"},\"query-input\":{\"@type\":\"PropertyValueSpecification\",\"valueRequired\":true,\"valueName\":\"search_term_string\"}}],\"inLanguage\":\"pt-BR\"},{\"@type\":\"Organization\",\"@id\":\"https:\/\/noticiaempauta.com\/portal\/#organization\",\"name\":\"Portal Not\u00edcia em Pauta\",\"url\":\"https:\/\/noticiaempauta.com\/portal\/\",\"logo\":{\"@type\":\"ImageObject\",\"inLanguage\":\"pt-BR\",\"@id\":\"https:\/\/noticiaempauta.com\/portal\/#\/schema\/logo\/image\/\",\"url\":\"https:\/\/noticiaempauta.com\/portal\/wp-content\/uploads\/2022\/08\/logomarca_tema.fw_.png\",\"contentUrl\":\"https:\/\/noticiaempauta.com\/portal\/wp-content\/uploads\/2022\/08\/logomarca_tema.fw_.png\",\"width\":400,\"height\":232,\"caption\":\"Portal Not\u00edcia em Pauta\"},\"image\":{\"@id\":\"https:\/\/noticiaempauta.com\/portal\/#\/schema\/logo\/image\/\"},\"sameAs\":[\"https:\/\/www.facebook.com\/Portal-Notcia-Em-Pauta-102292869264820\/\",\"https:\/\/www.instagram.com\/portalnoticiaempauta\/\"]},{\"@type\":\"Person\",\"@id\":\"https:\/\/noticiaempauta.com\/portal\/#\/schema\/person\/a74af43dd1ab3deca45f988c717d57ac\",\"name\":\"Reda\u00e7\u00e3o\",\"image\":{\"@type\":\"ImageObject\",\"inLanguage\":\"pt-BR\",\"@id\":\"https:\/\/noticiaempauta.com\/portal\/#\/schema\/person\/image\/\",\"url\":\"https:\/\/secure.gravatar.com\/avatar\/03179346ecce6cdfc13361603e8f54242a90e5cde8618fa23c5c00aa2b0aadf3?s=96&d=mm&r=g\",\"contentUrl\":\"https:\/\/secure.gravatar.com\/avatar\/03179346ecce6cdfc13361603e8f54242a90e5cde8618fa23c5c00aa2b0aadf3?s=96&d=mm&r=g\",\"caption\":\"Reda\u00e7\u00e3o\"},\"sameAs\":[\"https:\/\/noticiaempauta.com\/portal\/\"],\"url\":\"https:\/\/noticiaempauta.com\/portal\/author\/fernando\/\"}]}<\/script>\n<!-- \/ Yoast SEO Premium plugin. -->","yoast_head_json":{"title":"Novembro Roxo: Deputado Severo Eul\u00e1lio destaca nova lei sobre enfrentamento ao parto prematuro - Portal Not\u00edcia em Pauta","robots":{"index":"index","follow":"follow","max-snippet":"max-snippet:-1","max-image-preview":"max-image-preview:large","max-video-preview":"max-video-preview:-1"},"canonical":"https:\/\/noticiaempauta.com\/portal\/novembro-roxo-deputado-severo-eulalio-destaca-nova-lei-sobre-enfrentamento-ao-parto-prematuro\/","og_locale":"pt_BR","og_type":"article","og_title":"Novembro Roxo: Deputado Severo Eul\u00e1lio destaca nova lei sobre enfrentamento ao parto prematuro","og_description":"O m\u00eas de novembro \u00e9 dedicado \u00e0 conscientiza\u00e7\u00e3o sobre a prematuridade, uma das principais causas de mortalidade neonatal no mundo. Conhecido como Novembro Roxo, o per\u00edodo busca alertar sobre os cuidados necess\u00e1rios antes, durante e ap\u00f3s o parto, especialmente para beb\u00eas que nascem antes das 37 semanas de gesta\u00e7\u00e3o. No Piau\u00ed, o tema ganha ainda [&hellip;]","og_url":"https:\/\/noticiaempauta.com\/portal\/novembro-roxo-deputado-severo-eulalio-destaca-nova-lei-sobre-enfrentamento-ao-parto-prematuro\/","og_site_name":"Portal Not\u00edcia em Pauta","article_publisher":"https:\/\/www.facebook.com\/Portal-Notcia-Em-Pauta-102292869264820\/","article_published_time":"2025-11-06T12:57:13+00:00","og_image":[{"width":1024,"height":628,"url":"https:\/\/noticiaempauta.com\/portal\/wp-content\/uploads\/2025\/11\/P40G-IMG-3d1ac5ba9517018a7b.webp","type":"image\/webp"}],"author":"Reda\u00e7\u00e3o","twitter_card":"summary_large_image","twitter_misc":{"Escrito por":"Reda\u00e7\u00e3o","Est. tempo de leitura":"2 minutos"},"schema":{"@context":"https:\/\/schema.org","@graph":[{"@type":"Article","@id":"https:\/\/noticiaempauta.com\/portal\/novembro-roxo-deputado-severo-eulalio-destaca-nova-lei-sobre-enfrentamento-ao-parto-prematuro\/#article","isPartOf":{"@id":"https:\/\/noticiaempauta.com\/portal\/novembro-roxo-deputado-severo-eulalio-destaca-nova-lei-sobre-enfrentamento-ao-parto-prematuro\/"},"author":{"name":"Reda\u00e7\u00e3o","@id":"https:\/\/noticiaempauta.com\/portal\/#\/schema\/person\/a74af43dd1ab3deca45f988c717d57ac"},"headline":"Novembro Roxo: Deputado Severo Eul\u00e1lio destaca nova lei sobre enfrentamento ao parto prematuro","datePublished":"2025-11-06T12:57:13+00:00","mainEntityOfPage":{"@id":"https:\/\/noticiaempauta.com\/portal\/novembro-roxo-deputado-severo-eulalio-destaca-nova-lei-sobre-enfrentamento-ao-parto-prematuro\/"},"wordCount":272,"commentCount":0,"publisher":{"@id":"https:\/\/noticiaempauta.com\/portal\/#organization"},"image":{"@id":"https:\/\/noticiaempauta.com\/portal\/novembro-roxo-deputado-severo-eulalio-destaca-nova-lei-sobre-enfrentamento-ao-parto-prematuro\/#primaryimage"},"thumbnailUrl":"https:\/\/noticiaempauta.com\/portal\/wp-content\/uploads\/2025\/11\/P40G-IMG-3d1ac5ba9517018a7b.webp","keywords":["destaqueprincipal"],"articleSection":["Destaques","Geral","Todas as Not\u00edcias"],"inLanguage":"pt-BR","potentialAction":[{"@type":"CommentAction","name":"Comment","target":["https:\/\/noticiaempauta.com\/portal\/novembro-roxo-deputado-severo-eulalio-destaca-nova-lei-sobre-enfrentamento-ao-parto-prematuro\/#respond"]}]},{"@type":"WebPage","@id":"https:\/\/noticiaempauta.com\/portal\/novembro-roxo-deputado-severo-eulalio-destaca-nova-lei-sobre-enfrentamento-ao-parto-prematuro\/","url":"https:\/\/noticiaempauta.com\/portal\/novembro-roxo-deputado-severo-eulalio-destaca-nova-lei-sobre-enfrentamento-ao-parto-prematuro\/","name":"Novembro Roxo: Deputado Severo Eul\u00e1lio destaca nova lei sobre enfrentamento ao parto prematuro - Portal Not\u00edcia em Pauta","isPartOf":{"@id":"https:\/\/noticiaempauta.com\/portal\/#website"},"primaryImageOfPage":{"@id":"https:\/\/noticiaempauta.com\/portal\/novembro-roxo-deputado-severo-eulalio-destaca-nova-lei-sobre-enfrentamento-ao-parto-prematuro\/#primaryimage"},"image":{"@id":"https:\/\/noticiaempauta.com\/portal\/novembro-roxo-deputado-severo-eulalio-destaca-nova-lei-sobre-enfrentamento-ao-parto-prematuro\/#primaryimage"},"thumbnailUrl":"https:\/\/noticiaempauta.com\/portal\/wp-content\/uploads\/2025\/11\/P40G-IMG-3d1ac5ba9517018a7b.webp","datePublished":"2025-11-06T12:57:13+00:00","breadcrumb":{"@id":"https:\/\/noticiaempauta.com\/portal\/novembro-roxo-deputado-severo-eulalio-destaca-nova-lei-sobre-enfrentamento-ao-parto-prematuro\/#breadcrumb"},"inLanguage":"pt-BR","potentialAction":[{"@type":"ReadAction","target":["https:\/\/noticiaempauta.com\/portal\/novembro-roxo-deputado-severo-eulalio-destaca-nova-lei-sobre-enfrentamento-ao-parto-prematuro\/"]}]},{"@type":"ImageObject","inLanguage":"pt-BR","@id":"https:\/\/noticiaempauta.com\/portal\/novembro-roxo-deputado-severo-eulalio-destaca-nova-lei-sobre-enfrentamento-ao-parto-prematuro\/#primaryimage","url":"https:\/\/noticiaempauta.com\/portal\/wp-content\/uploads\/2025\/11\/P40G-IMG-3d1ac5ba9517018a7b.webp","contentUrl":"https:\/\/noticiaempauta.com\/portal\/wp-content\/uploads\/2025\/11\/P40G-IMG-3d1ac5ba9517018a7b.webp","width":1024,"height":628},{"@type":"BreadcrumbList","@id":"https:\/\/noticiaempauta.com\/portal\/novembro-roxo-deputado-severo-eulalio-destaca-nova-lei-sobre-enfrentamento-ao-parto-prematuro\/#breadcrumb","itemListElement":[{"@type":"ListItem","position":1,"name":"P\u00e1gina Inicial","item":"https:\/\/noticiaempauta.com\/portal\/"},{"@type":"ListItem","position":2,"name":"Destaques","item":"https:\/\/noticiaempauta.com\/portal\/destaques-site\/"},{"@type":"ListItem","position":3,"name":"Novembro Roxo: Deputado Severo Eul\u00e1lio destaca nova lei sobre enfrentamento ao parto prematuro"}]},{"@type":"WebSite","@id":"https:\/\/noticiaempauta.com\/portal\/#website","url":"https:\/\/noticiaempauta.com\/portal\/","name":"Portal Not\u00edcia em Pauta","description":"Voc\u00ea bem informado","publisher":{"@id":"https:\/\/noticiaempauta.com\/portal\/#organization"},"potentialAction":[{"@type":"SearchAction","target":{"@type":"EntryPoint","urlTemplate":"https:\/\/noticiaempauta.com\/portal\/?s={search_term_string}"},"query-input":{"@type":"PropertyValueSpecification","valueRequired":true,"valueName":"search_term_string"}}],"inLanguage":"pt-BR"},{"@type":"Organization","@id":"https:\/\/noticiaempauta.com\/portal\/#organization","name":"Portal Not\u00edcia em Pauta","url":"https:\/\/noticiaempauta.com\/portal\/","logo":{"@type":"ImageObject","inLanguage":"pt-BR","@id":"https:\/\/noticiaempauta.com\/portal\/#\/schema\/logo\/image\/","url":"https:\/\/noticiaempauta.com\/portal\/wp-content\/uploads\/2022\/08\/logomarca_tema.fw_.png","contentUrl":"https:\/\/noticiaempauta.com\/portal\/wp-content\/uploads\/2022\/08\/logomarca_tema.fw_.png","width":400,"height":232,"caption":"Portal Not\u00edcia em Pauta"},"image":{"@id":"https:\/\/noticiaempauta.com\/portal\/#\/schema\/logo\/image\/"},"sameAs":["https:\/\/www.facebook.com\/Portal-Notcia-Em-Pauta-102292869264820\/","https:\/\/www.instagram.com\/portalnoticiaempauta\/"]},{"@type":"Person","@id":"https:\/\/noticiaempauta.com\/portal\/#\/schema\/person\/a74af43dd1ab3deca45f988c717d57ac","name":"Reda\u00e7\u00e3o","image":{"@type":"ImageObject","inLanguage":"pt-BR","@id":"https:\/\/noticiaempauta.com\/portal\/#\/schema\/person\/image\/","url":"https:\/\/secure.gravatar.com\/avatar\/03179346ecce6cdfc13361603e8f54242a90e5cde8618fa23c5c00aa2b0aadf3?s=96&d=mm&r=g","contentUrl":"https:\/\/secure.gravatar.com\/avatar\/03179346ecce6cdfc13361603e8f54242a90e5cde8618fa23c5c00aa2b0aadf3?s=96&d=mm&r=g","caption":"Reda\u00e7\u00e3o"},"sameAs":["https:\/\/noticiaempauta.com\/portal\/"],"url":"https:\/\/noticiaempauta.com\/portal\/author\/fernando\/"}]}},"_links":{"self":[{"href":"https:\/\/noticiaempauta.com\/portal\/wp-json\/wp\/v2\/posts\/280334","targetHints":{"allow":["GET"]}}],"collection":[{"href":"https:\/\/noticiaempauta.com\/portal\/wp-json\/wp\/v2\/posts"}],"about":[{"href":"https:\/\/noticiaempauta.com\/portal\/wp-json\/wp\/v2\/types\/post"}],"author":[{"embeddable":true,"href":"https:\/\/noticiaempauta.com\/portal\/wp-json\/wp\/v2\/users\/2"}],"replies":[{"embeddable":true,"href":"https:\/\/noticiaempauta.com\/portal\/wp-json\/wp\/v2\/comments?post=280334"}],"version-history":[{"count":2,"href":"https:\/\/noticiaempauta.com\/portal\/wp-json\/wp\/v2\/posts\/280334\/revisions"}],"predecessor-version":[{"id":280337,"href":"https:\/\/noticiaempauta.com\/portal\/wp-json\/wp\/v2\/posts\/280334\/revisions\/280337"}],"wp:featuredmedia":[{"embeddable":true,"href":"https:\/\/noticiaempauta.com\/portal\/wp-json\/wp\/v2\/media\/280335"}],"wp:attachment":[{"href":"https:\/\/noticiaempauta.com\/portal\/wp-json\/wp\/v2\/media?parent=280334"}],"wp:term":[{"taxonomy":"category","embeddable":true,"href":"https:\/\/noticiaempauta.com\/portal\/wp-json\/wp\/v2\/categories?post=280334"},{"taxonomy":"post_tag","embeddable":true,"href":"https:\/\/noticiaempauta.com\/portal\/wp-json\/wp\/v2\/tags?post=280334"}],"curies":[{"name":"wp","href":"https:\/\/api.w.org\/{rel}","templated":true}]}}