{"id":280353,"date":"2025-11-06T16:03:21","date_gmt":"2025-11-06T19:03:21","guid":{"rendered":"https:\/\/noticiaempauta.com\/portal\/?p=280353"},"modified":"2025-11-06T16:03:22","modified_gmt":"2025-11-06T19:03:22","slug":"cidades-do-piaui-estao-sob-alerta-de-temporal-com-risco-de-queda-de-granizo","status":"publish","type":"post","link":"https:\/\/noticiaempauta.com\/portal\/cidades-do-piaui-estao-sob-alerta-de-temporal-com-risco-de-queda-de-granizo\/","title":{"rendered":"Cidades do Piau\u00ed est\u00e3o sob alerta de temporal com risco de queda de granizo"},"content":{"rendered":"\n<p>O Instituto Nacional de Meteorologia (Inmet) emitiu, nesta quinta-feira (6), um alerta de&nbsp;<strong>tempestade para diversos munic\u00edpios do Sul do Piau\u00ed<\/strong>. Al\u00e9m da previs\u00e3o de chuvas intensas e ventos fortes, o \u00f3rg\u00e3o aponta a&nbsp;<strong>possibilidade de queda de granizo<\/strong>&nbsp;nas pr\u00f3ximas horas.&nbsp;<\/p>\n\n\n\n<figure class=\"wp-block-image size-full\"><img fetchpriority=\"high\" decoding=\"async\" width=\"904\" height=\"750\" src=\"https:\/\/noticiaempauta.com\/portal\/wp-content\/uploads\/2025\/11\/granizo4-rotated.jpg\" alt=\"\" class=\"wp-image-280354\" srcset=\"https:\/\/noticiaempauta.com\/portal\/wp-content\/uploads\/2025\/11\/granizo4-rotated.jpg 904w, https:\/\/noticiaempauta.com\/portal\/wp-content\/uploads\/2025\/11\/granizo4-300x249.jpg 300w, https:\/\/noticiaempauta.com\/portal\/wp-content\/uploads\/2025\/11\/granizo4-768x637.jpg 768w\" sizes=\"(max-width: 904px) 100vw, 904px\" \/><\/figure>\n\n\n\n<p>O aviso meteorol\u00f3gico tem validade de 24 horas, para as cidades de&nbsp;<strong>Barreiras do Piau\u00ed, Corrente, Cristal\u00e2ndia do Piau\u00ed, Gilbu\u00e9s, J\u00falio Borges, Monte Alegre do Piau\u00ed, Parnagu\u00e1, Riacho Frio, Santa Filomena, S\u00e3o Gon\u00e7alo do Gurgu\u00e9ia e Sebasti\u00e3o Barros<\/strong>.<\/p>\n\n\n\n<p>Segundo o Inmet, as&nbsp;<strong>chuvas podem chegar a acumulados de at\u00e9 100 mil\u00edmetros por dia<\/strong>, acompanhadas de rajadas de vento entre 60 km\/h e 100 km\/h. O \u00f3rg\u00e3o alerta para riscos de corte de energia el\u00e9trica, queda de \u00e1rvores, alagamentos e danos em planta\u00e7\u00f5es.<\/p>\n\n\n\n<h2 class=\"wp-block-heading\"><strong>Calor e tempo seco<\/strong><\/h2>\n\n\n\n<p>Apesar do alerta de temporal, diversos munic\u00edpios piauienses seguem enfrentando o clima seco e umidade relativa do ar entre 20% e 30%. Na quarta-feira (5), as cidades de Picos, Paulistana e Canto do Buriti ficaram entre as mais quentes do pa\u00eds, com temperaturas acima dos 40\u00b0C.&nbsp;<\/p>\n\n\n\n<p>Fonte: Cidade Verde<\/p>\n","protected":false},"excerpt":{"rendered":"<p>O Instituto Nacional de Meteorologia (Inmet) emitiu, nesta quinta-feira (6), um alerta de&nbsp;tempestade para diversos munic\u00edpios do Sul do Piau\u00ed. Al\u00e9m da previs\u00e3o de chuvas intensas e ventos fortes, o \u00f3rg\u00e3o aponta a&nbsp;possibilidade de queda de granizo&nbsp;nas pr\u00f3ximas horas.&nbsp; O aviso meteorol\u00f3gico tem validade de 24 horas, para as cidades de&nbsp;Barreiras do Piau\u00ed, Corrente, Cristal\u00e2ndia [&hellip;]<\/p>\n","protected":false},"author":2,"featured_media":280354,"comment_status":"open","ping_status":"open","sticky":false,"template":"","format":"standard","meta":{"_mi_skip_tracking":false,"footnotes":""},"categories":[25,1,9,16],"tags":[192],"class_list":["post-280353","post","type-post","status-publish","format-standard","has-post-thumbnail","hentry","category-destaques-site","category-geral","category-municipios","category-todas","tag-destaqueprincipal"],"acf":[],"yoast_head":"<!-- This site is optimized with the Yoast SEO Premium plugin v19.2 (Yoast SEO v26.9) - https:\/\/yoast.com\/product\/yoast-seo-premium-wordpress\/ -->\n<title>Cidades do Piau\u00ed est\u00e3o sob alerta de temporal com risco de queda de granizo - Portal Not\u00edcia em Pauta<\/title>\n<meta name=\"robots\" content=\"index, follow, max-snippet:-1, max-image-preview:large, max-video-preview:-1\" \/>\n<link rel=\"canonical\" href=\"https:\/\/noticiaempauta.com\/portal\/cidades-do-piaui-estao-sob-alerta-de-temporal-com-risco-de-queda-de-granizo\/\" \/>\n<meta property=\"og:locale\" content=\"pt_BR\" \/>\n<meta property=\"og:type\" content=\"article\" \/>\n<meta property=\"og:title\" content=\"Cidades do Piau\u00ed est\u00e3o sob alerta de temporal com risco de queda de granizo\" \/>\n<meta property=\"og:description\" content=\"O Instituto Nacional de Meteorologia (Inmet) emitiu, nesta quinta-feira (6), um alerta de&nbsp;tempestade para diversos munic\u00edpios do Sul do Piau\u00ed. Al\u00e9m da previs\u00e3o de chuvas intensas e ventos fortes, o \u00f3rg\u00e3o aponta a&nbsp;possibilidade de queda de granizo&nbsp;nas pr\u00f3ximas horas.&nbsp; O aviso meteorol\u00f3gico tem validade de 24 horas, para as cidades de&nbsp;Barreiras do Piau\u00ed, Corrente, Cristal\u00e2ndia [&hellip;]\" \/>\n<meta property=\"og:url\" content=\"https:\/\/noticiaempauta.com\/portal\/cidades-do-piaui-estao-sob-alerta-de-temporal-com-risco-de-queda-de-granizo\/\" \/>\n<meta property=\"og:site_name\" content=\"Portal Not\u00edcia em Pauta\" \/>\n<meta property=\"article:publisher\" content=\"https:\/\/www.facebook.com\/Portal-Notcia-Em-Pauta-102292869264820\/\" \/>\n<meta property=\"article:published_time\" content=\"2025-11-06T19:03:21+00:00\" \/>\n<meta property=\"article:modified_time\" content=\"2025-11-06T19:03:22+00:00\" \/>\n<meta property=\"og:image\" content=\"https:\/\/noticiaempauta.com\/portal\/wp-content\/uploads\/2025\/11\/granizo4-rotated.jpg\" \/>\n\t<meta property=\"og:image:width\" content=\"904\" \/>\n\t<meta property=\"og:image:height\" content=\"750\" \/>\n\t<meta property=\"og:image:type\" content=\"image\/jpeg\" \/>\n<meta name=\"author\" content=\"Reda\u00e7\u00e3o\" \/>\n<meta name=\"twitter:card\" content=\"summary_large_image\" \/>\n<meta name=\"twitter:label1\" content=\"Escrito por\" \/>\n\t<meta name=\"twitter:data1\" content=\"Reda\u00e7\u00e3o\" \/>\n\t<meta name=\"twitter:label2\" content=\"Est. tempo de leitura\" \/>\n\t<meta name=\"twitter:data2\" content=\"2 minutos\" \/>\n<script type=\"application\/ld+json\" class=\"yoast-schema-graph\">{\"@context\":\"https:\/\/schema.org\",\"@graph\":[{\"@type\":\"Article\",\"@id\":\"https:\/\/noticiaempauta.com\/portal\/cidades-do-piaui-estao-sob-alerta-de-temporal-com-risco-de-queda-de-granizo\/#article\",\"isPartOf\":{\"@id\":\"https:\/\/noticiaempauta.com\/portal\/cidades-do-piaui-estao-sob-alerta-de-temporal-com-risco-de-queda-de-granizo\/\"},\"author\":{\"name\":\"Reda\u00e7\u00e3o\",\"@id\":\"https:\/\/noticiaempauta.com\/portal\/#\/schema\/person\/a74af43dd1ab3deca45f988c717d57ac\"},\"headline\":\"Cidades do Piau\u00ed est\u00e3o sob alerta de temporal com risco de queda de granizo\",\"datePublished\":\"2025-11-06T19:03:21+00:00\",\"dateModified\":\"2025-11-06T19:03:22+00:00\",\"mainEntityOfPage\":{\"@id\":\"https:\/\/noticiaempauta.com\/portal\/cidades-do-piaui-estao-sob-alerta-de-temporal-com-risco-de-queda-de-granizo\/\"},\"wordCount\":212,\"commentCount\":0,\"publisher\":{\"@id\":\"https:\/\/noticiaempauta.com\/portal\/#organization\"},\"image\":{\"@id\":\"https:\/\/noticiaempauta.com\/portal\/cidades-do-piaui-estao-sob-alerta-de-temporal-com-risco-de-queda-de-granizo\/#primaryimage\"},\"thumbnailUrl\":\"https:\/\/noticiaempauta.com\/portal\/wp-content\/uploads\/2025\/11\/granizo4-rotated.jpg\",\"keywords\":[\"destaqueprincipal\"],\"articleSection\":[\"Destaques\",\"Geral\",\"Munic\u00edpios\",\"Todas as Not\u00edcias\"],\"inLanguage\":\"pt-BR\",\"potentialAction\":[{\"@type\":\"CommentAction\",\"name\":\"Comment\",\"target\":[\"https:\/\/noticiaempauta.com\/portal\/cidades-do-piaui-estao-sob-alerta-de-temporal-com-risco-de-queda-de-granizo\/#respond\"]}]},{\"@type\":\"WebPage\",\"@id\":\"https:\/\/noticiaempauta.com\/portal\/cidades-do-piaui-estao-sob-alerta-de-temporal-com-risco-de-queda-de-granizo\/\",\"url\":\"https:\/\/noticiaempauta.com\/portal\/cidades-do-piaui-estao-sob-alerta-de-temporal-com-risco-de-queda-de-granizo\/\",\"name\":\"Cidades do Piau\u00ed est\u00e3o sob alerta de temporal com risco de queda de granizo - Portal Not\u00edcia em Pauta\",\"isPartOf\":{\"@id\":\"https:\/\/noticiaempauta.com\/portal\/#website\"},\"primaryImageOfPage\":{\"@id\":\"https:\/\/noticiaempauta.com\/portal\/cidades-do-piaui-estao-sob-alerta-de-temporal-com-risco-de-queda-de-granizo\/#primaryimage\"},\"image\":{\"@id\":\"https:\/\/noticiaempauta.com\/portal\/cidades-do-piaui-estao-sob-alerta-de-temporal-com-risco-de-queda-de-granizo\/#primaryimage\"},\"thumbnailUrl\":\"https:\/\/noticiaempauta.com\/portal\/wp-content\/uploads\/2025\/11\/granizo4-rotated.jpg\",\"datePublished\":\"2025-11-06T19:03:21+00:00\",\"dateModified\":\"2025-11-06T19:03:22+00:00\",\"breadcrumb\":{\"@id\":\"https:\/\/noticiaempauta.com\/portal\/cidades-do-piaui-estao-sob-alerta-de-temporal-com-risco-de-queda-de-granizo\/#breadcrumb\"},\"inLanguage\":\"pt-BR\",\"potentialAction\":[{\"@type\":\"ReadAction\",\"target\":[\"https:\/\/noticiaempauta.com\/portal\/cidades-do-piaui-estao-sob-alerta-de-temporal-com-risco-de-queda-de-granizo\/\"]}]},{\"@type\":\"ImageObject\",\"inLanguage\":\"pt-BR\",\"@id\":\"https:\/\/noticiaempauta.com\/portal\/cidades-do-piaui-estao-sob-alerta-de-temporal-com-risco-de-queda-de-granizo\/#primaryimage\",\"url\":\"https:\/\/noticiaempauta.com\/portal\/wp-content\/uploads\/2025\/11\/granizo4-rotated.jpg\",\"contentUrl\":\"https:\/\/noticiaempauta.com\/portal\/wp-content\/uploads\/2025\/11\/granizo4-rotated.jpg\",\"width\":904,\"height\":750},{\"@type\":\"BreadcrumbList\",\"@id\":\"https:\/\/noticiaempauta.com\/portal\/cidades-do-piaui-estao-sob-alerta-de-temporal-com-risco-de-queda-de-granizo\/#breadcrumb\",\"itemListElement\":[{\"@type\":\"ListItem\",\"position\":1,\"name\":\"P\u00e1gina Inicial\",\"item\":\"https:\/\/noticiaempauta.com\/portal\/\"},{\"@type\":\"ListItem\",\"position\":2,\"name\":\"Destaques\",\"item\":\"https:\/\/noticiaempauta.com\/portal\/destaques-site\/\"},{\"@type\":\"ListItem\",\"position\":3,\"name\":\"Cidades do Piau\u00ed est\u00e3o sob alerta de temporal com risco de queda de granizo\"}]},{\"@type\":\"WebSite\",\"@id\":\"https:\/\/noticiaempauta.com\/portal\/#website\",\"url\":\"https:\/\/noticiaempauta.com\/portal\/\",\"name\":\"Portal Not\u00edcia em Pauta\",\"description\":\"Voc\u00ea bem informado\",\"publisher\":{\"@id\":\"https:\/\/noticiaempauta.com\/portal\/#organization\"},\"potentialAction\":[{\"@type\":\"SearchAction\",\"target\":{\"@type\":\"EntryPoint\",\"urlTemplate\":\"https:\/\/noticiaempauta.com\/portal\/?s={search_term_string}\"},\"query-input\":{\"@type\":\"PropertyValueSpecification\",\"valueRequired\":true,\"valueName\":\"search_term_string\"}}],\"inLanguage\":\"pt-BR\"},{\"@type\":\"Organization\",\"@id\":\"https:\/\/noticiaempauta.com\/portal\/#organization\",\"name\":\"Portal Not\u00edcia em Pauta\",\"url\":\"https:\/\/noticiaempauta.com\/portal\/\",\"logo\":{\"@type\":\"ImageObject\",\"inLanguage\":\"pt-BR\",\"@id\":\"https:\/\/noticiaempauta.com\/portal\/#\/schema\/logo\/image\/\",\"url\":\"https:\/\/noticiaempauta.com\/portal\/wp-content\/uploads\/2022\/08\/logomarca_tema.fw_.png\",\"contentUrl\":\"https:\/\/noticiaempauta.com\/portal\/wp-content\/uploads\/2022\/08\/logomarca_tema.fw_.png\",\"width\":400,\"height\":232,\"caption\":\"Portal Not\u00edcia em Pauta\"},\"image\":{\"@id\":\"https:\/\/noticiaempauta.com\/portal\/#\/schema\/logo\/image\/\"},\"sameAs\":[\"https:\/\/www.facebook.com\/Portal-Notcia-Em-Pauta-102292869264820\/\",\"https:\/\/www.instagram.com\/portalnoticiaempauta\/\"]},{\"@type\":\"Person\",\"@id\":\"https:\/\/noticiaempauta.com\/portal\/#\/schema\/person\/a74af43dd1ab3deca45f988c717d57ac\",\"name\":\"Reda\u00e7\u00e3o\",\"image\":{\"@type\":\"ImageObject\",\"inLanguage\":\"pt-BR\",\"@id\":\"https:\/\/noticiaempauta.com\/portal\/#\/schema\/person\/image\/\",\"url\":\"https:\/\/secure.gravatar.com\/avatar\/03179346ecce6cdfc13361603e8f54242a90e5cde8618fa23c5c00aa2b0aadf3?s=96&d=mm&r=g\",\"contentUrl\":\"https:\/\/secure.gravatar.com\/avatar\/03179346ecce6cdfc13361603e8f54242a90e5cde8618fa23c5c00aa2b0aadf3?s=96&d=mm&r=g\",\"caption\":\"Reda\u00e7\u00e3o\"},\"sameAs\":[\"https:\/\/noticiaempauta.com\/portal\/\"],\"url\":\"https:\/\/noticiaempauta.com\/portal\/author\/fernando\/\"}]}<\/script>\n<!-- \/ Yoast SEO Premium plugin. -->","yoast_head_json":{"title":"Cidades do Piau\u00ed est\u00e3o sob alerta de temporal com risco de queda de granizo - Portal Not\u00edcia em Pauta","robots":{"index":"index","follow":"follow","max-snippet":"max-snippet:-1","max-image-preview":"max-image-preview:large","max-video-preview":"max-video-preview:-1"},"canonical":"https:\/\/noticiaempauta.com\/portal\/cidades-do-piaui-estao-sob-alerta-de-temporal-com-risco-de-queda-de-granizo\/","og_locale":"pt_BR","og_type":"article","og_title":"Cidades do Piau\u00ed est\u00e3o sob alerta de temporal com risco de queda de granizo","og_description":"O Instituto Nacional de Meteorologia (Inmet) emitiu, nesta quinta-feira (6), um alerta de&nbsp;tempestade para diversos munic\u00edpios do Sul do Piau\u00ed. Al\u00e9m da previs\u00e3o de chuvas intensas e ventos fortes, o \u00f3rg\u00e3o aponta a&nbsp;possibilidade de queda de granizo&nbsp;nas pr\u00f3ximas horas.&nbsp; O aviso meteorol\u00f3gico tem validade de 24 horas, para as cidades de&nbsp;Barreiras do Piau\u00ed, Corrente, Cristal\u00e2ndia [&hellip;]","og_url":"https:\/\/noticiaempauta.com\/portal\/cidades-do-piaui-estao-sob-alerta-de-temporal-com-risco-de-queda-de-granizo\/","og_site_name":"Portal Not\u00edcia em Pauta","article_publisher":"https:\/\/www.facebook.com\/Portal-Notcia-Em-Pauta-102292869264820\/","article_published_time":"2025-11-06T19:03:21+00:00","article_modified_time":"2025-11-06T19:03:22+00:00","og_image":[{"width":904,"height":750,"url":"https:\/\/noticiaempauta.com\/portal\/wp-content\/uploads\/2025\/11\/granizo4-rotated.jpg","type":"image\/jpeg"}],"author":"Reda\u00e7\u00e3o","twitter_card":"summary_large_image","twitter_misc":{"Escrito por":"Reda\u00e7\u00e3o","Est. tempo de leitura":"2 minutos"},"schema":{"@context":"https:\/\/schema.org","@graph":[{"@type":"Article","@id":"https:\/\/noticiaempauta.com\/portal\/cidades-do-piaui-estao-sob-alerta-de-temporal-com-risco-de-queda-de-granizo\/#article","isPartOf":{"@id":"https:\/\/noticiaempauta.com\/portal\/cidades-do-piaui-estao-sob-alerta-de-temporal-com-risco-de-queda-de-granizo\/"},"author":{"name":"Reda\u00e7\u00e3o","@id":"https:\/\/noticiaempauta.com\/portal\/#\/schema\/person\/a74af43dd1ab3deca45f988c717d57ac"},"headline":"Cidades do Piau\u00ed est\u00e3o sob alerta de temporal com risco de queda de granizo","datePublished":"2025-11-06T19:03:21+00:00","dateModified":"2025-11-06T19:03:22+00:00","mainEntityOfPage":{"@id":"https:\/\/noticiaempauta.com\/portal\/cidades-do-piaui-estao-sob-alerta-de-temporal-com-risco-de-queda-de-granizo\/"},"wordCount":212,"commentCount":0,"publisher":{"@id":"https:\/\/noticiaempauta.com\/portal\/#organization"},"image":{"@id":"https:\/\/noticiaempauta.com\/portal\/cidades-do-piaui-estao-sob-alerta-de-temporal-com-risco-de-queda-de-granizo\/#primaryimage"},"thumbnailUrl":"https:\/\/noticiaempauta.com\/portal\/wp-content\/uploads\/2025\/11\/granizo4-rotated.jpg","keywords":["destaqueprincipal"],"articleSection":["Destaques","Geral","Munic\u00edpios","Todas as Not\u00edcias"],"inLanguage":"pt-BR","potentialAction":[{"@type":"CommentAction","name":"Comment","target":["https:\/\/noticiaempauta.com\/portal\/cidades-do-piaui-estao-sob-alerta-de-temporal-com-risco-de-queda-de-granizo\/#respond"]}]},{"@type":"WebPage","@id":"https:\/\/noticiaempauta.com\/portal\/cidades-do-piaui-estao-sob-alerta-de-temporal-com-risco-de-queda-de-granizo\/","url":"https:\/\/noticiaempauta.com\/portal\/cidades-do-piaui-estao-sob-alerta-de-temporal-com-risco-de-queda-de-granizo\/","name":"Cidades do Piau\u00ed est\u00e3o sob alerta de temporal com risco de queda de granizo - Portal Not\u00edcia em Pauta","isPartOf":{"@id":"https:\/\/noticiaempauta.com\/portal\/#website"},"primaryImageOfPage":{"@id":"https:\/\/noticiaempauta.com\/portal\/cidades-do-piaui-estao-sob-alerta-de-temporal-com-risco-de-queda-de-granizo\/#primaryimage"},"image":{"@id":"https:\/\/noticiaempauta.com\/portal\/cidades-do-piaui-estao-sob-alerta-de-temporal-com-risco-de-queda-de-granizo\/#primaryimage"},"thumbnailUrl":"https:\/\/noticiaempauta.com\/portal\/wp-content\/uploads\/2025\/11\/granizo4-rotated.jpg","datePublished":"2025-11-06T19:03:21+00:00","dateModified":"2025-11-06T19:03:22+00:00","breadcrumb":{"@id":"https:\/\/noticiaempauta.com\/portal\/cidades-do-piaui-estao-sob-alerta-de-temporal-com-risco-de-queda-de-granizo\/#breadcrumb"},"inLanguage":"pt-BR","potentialAction":[{"@type":"ReadAction","target":["https:\/\/noticiaempauta.com\/portal\/cidades-do-piaui-estao-sob-alerta-de-temporal-com-risco-de-queda-de-granizo\/"]}]},{"@type":"ImageObject","inLanguage":"pt-BR","@id":"https:\/\/noticiaempauta.com\/portal\/cidades-do-piaui-estao-sob-alerta-de-temporal-com-risco-de-queda-de-granizo\/#primaryimage","url":"https:\/\/noticiaempauta.com\/portal\/wp-content\/uploads\/2025\/11\/granizo4-rotated.jpg","contentUrl":"https:\/\/noticiaempauta.com\/portal\/wp-content\/uploads\/2025\/11\/granizo4-rotated.jpg","width":904,"height":750},{"@type":"BreadcrumbList","@id":"https:\/\/noticiaempauta.com\/portal\/cidades-do-piaui-estao-sob-alerta-de-temporal-com-risco-de-queda-de-granizo\/#breadcrumb","itemListElement":[{"@type":"ListItem","position":1,"name":"P\u00e1gina Inicial","item":"https:\/\/noticiaempauta.com\/portal\/"},{"@type":"ListItem","position":2,"name":"Destaques","item":"https:\/\/noticiaempauta.com\/portal\/destaques-site\/"},{"@type":"ListItem","position":3,"name":"Cidades do Piau\u00ed est\u00e3o sob alerta de temporal com risco de queda de granizo"}]},{"@type":"WebSite","@id":"https:\/\/noticiaempauta.com\/portal\/#website","url":"https:\/\/noticiaempauta.com\/portal\/","name":"Portal Not\u00edcia em Pauta","description":"Voc\u00ea bem informado","publisher":{"@id":"https:\/\/noticiaempauta.com\/portal\/#organization"},"potentialAction":[{"@type":"SearchAction","target":{"@type":"EntryPoint","urlTemplate":"https:\/\/noticiaempauta.com\/portal\/?s={search_term_string}"},"query-input":{"@type":"PropertyValueSpecification","valueRequired":true,"valueName":"search_term_string"}}],"inLanguage":"pt-BR"},{"@type":"Organization","@id":"https:\/\/noticiaempauta.com\/portal\/#organization","name":"Portal Not\u00edcia em Pauta","url":"https:\/\/noticiaempauta.com\/portal\/","logo":{"@type":"ImageObject","inLanguage":"pt-BR","@id":"https:\/\/noticiaempauta.com\/portal\/#\/schema\/logo\/image\/","url":"https:\/\/noticiaempauta.com\/portal\/wp-content\/uploads\/2022\/08\/logomarca_tema.fw_.png","contentUrl":"https:\/\/noticiaempauta.com\/portal\/wp-content\/uploads\/2022\/08\/logomarca_tema.fw_.png","width":400,"height":232,"caption":"Portal Not\u00edcia em Pauta"},"image":{"@id":"https:\/\/noticiaempauta.com\/portal\/#\/schema\/logo\/image\/"},"sameAs":["https:\/\/www.facebook.com\/Portal-Notcia-Em-Pauta-102292869264820\/","https:\/\/www.instagram.com\/portalnoticiaempauta\/"]},{"@type":"Person","@id":"https:\/\/noticiaempauta.com\/portal\/#\/schema\/person\/a74af43dd1ab3deca45f988c717d57ac","name":"Reda\u00e7\u00e3o","image":{"@type":"ImageObject","inLanguage":"pt-BR","@id":"https:\/\/noticiaempauta.com\/portal\/#\/schema\/person\/image\/","url":"https:\/\/secure.gravatar.com\/avatar\/03179346ecce6cdfc13361603e8f54242a90e5cde8618fa23c5c00aa2b0aadf3?s=96&d=mm&r=g","contentUrl":"https:\/\/secure.gravatar.com\/avatar\/03179346ecce6cdfc13361603e8f54242a90e5cde8618fa23c5c00aa2b0aadf3?s=96&d=mm&r=g","caption":"Reda\u00e7\u00e3o"},"sameAs":["https:\/\/noticiaempauta.com\/portal\/"],"url":"https:\/\/noticiaempauta.com\/portal\/author\/fernando\/"}]}},"_links":{"self":[{"href":"https:\/\/noticiaempauta.com\/portal\/wp-json\/wp\/v2\/posts\/280353","targetHints":{"allow":["GET"]}}],"collection":[{"href":"https:\/\/noticiaempauta.com\/portal\/wp-json\/wp\/v2\/posts"}],"about":[{"href":"https:\/\/noticiaempauta.com\/portal\/wp-json\/wp\/v2\/types\/post"}],"author":[{"embeddable":true,"href":"https:\/\/noticiaempauta.com\/portal\/wp-json\/wp\/v2\/users\/2"}],"replies":[{"embeddable":true,"href":"https:\/\/noticiaempauta.com\/portal\/wp-json\/wp\/v2\/comments?post=280353"}],"version-history":[{"count":2,"href":"https:\/\/noticiaempauta.com\/portal\/wp-json\/wp\/v2\/posts\/280353\/revisions"}],"predecessor-version":[{"id":280356,"href":"https:\/\/noticiaempauta.com\/portal\/wp-json\/wp\/v2\/posts\/280353\/revisions\/280356"}],"wp:featuredmedia":[{"embeddable":true,"href":"https:\/\/noticiaempauta.com\/portal\/wp-json\/wp\/v2\/media\/280354"}],"wp:attachment":[{"href":"https:\/\/noticiaempauta.com\/portal\/wp-json\/wp\/v2\/media?parent=280353"}],"wp:term":[{"taxonomy":"category","embeddable":true,"href":"https:\/\/noticiaempauta.com\/portal\/wp-json\/wp\/v2\/categories?post=280353"},{"taxonomy":"post_tag","embeddable":true,"href":"https:\/\/noticiaempauta.com\/portal\/wp-json\/wp\/v2\/tags?post=280353"}],"curies":[{"name":"wp","href":"https:\/\/api.w.org\/{rel}","templated":true}]}}