{"id":280357,"date":"2025-11-07T10:11:13","date_gmt":"2025-11-07T13:11:13","guid":{"rendered":"https:\/\/noticiaempauta.com\/portal\/?p=280357"},"modified":"2025-11-07T10:11:14","modified_gmt":"2025-11-07T13:11:14","slug":"cop-30-piaui-protagonizara-pautas-do-carbono-neutro-transicao-energetica-e-economia-verde","status":"publish","type":"post","link":"https:\/\/noticiaempauta.com\/portal\/cop-30-piaui-protagonizara-pautas-do-carbono-neutro-transicao-energetica-e-economia-verde\/","title":{"rendered":"Cop 30: Piau\u00ed protagonizar\u00e1 pautas do carbono neutro, transi\u00e7\u00e3o energ\u00e9tica e economia verde"},"content":{"rendered":"\n<p>De 10 a 12 de novembro, o Governo do\u00a0Piau\u00ed participa dos primeiros dias de programa\u00e7\u00e3o da 30\u00aa Confer\u00eancia das Partes (Cop30), que acontece em\u00a0Bel\u00e9m (PA). O governador Rafael Fonteles ir\u00e1 representar o estado, levando projetos e iniciativas do Piau\u00ed rumo ao carbono neutro, transi\u00e7\u00e3o energ\u00e9tica e economia verde, pautas que ser\u00e3o as\u00a0prioridades do Nordeste\u00a0no evento, que receber\u00e1 delega\u00e7\u00f5es do mundo todo para discuss\u00f5es sobre as mudan\u00e7as clim\u00e1ticas, seus impactos e o engajamento de governos, iniciativa privada e sociedade na constru\u00e7\u00e3o de um futuro mais sustent\u00e1vel.<\/p>\n\n\n\n<figure class=\"wp-block-image size-full\"><img fetchpriority=\"high\" decoding=\"async\" width=\"785\" height=\"435\" src=\"https:\/\/noticiaempauta.com\/portal\/wp-content\/uploads\/2025\/11\/governador-rafael-fonteles-27711a715c78d1f9.jpg\" alt=\"\" class=\"wp-image-280358\" srcset=\"https:\/\/noticiaempauta.com\/portal\/wp-content\/uploads\/2025\/11\/governador-rafael-fonteles-27711a715c78d1f9.jpg 785w, https:\/\/noticiaempauta.com\/portal\/wp-content\/uploads\/2025\/11\/governador-rafael-fonteles-27711a715c78d1f9-300x166.jpg 300w, https:\/\/noticiaempauta.com\/portal\/wp-content\/uploads\/2025\/11\/governador-rafael-fonteles-27711a715c78d1f9-768x426.jpg 768w\" sizes=\"(max-width: 785px) 100vw, 785px\" \/><\/figure>\n\n\n\n<p>\u00a0No dia 11, o governador Rafael Fonteles participar\u00e1 do painel \u201cPlano de A\u00e7\u00e3o Clim\u00e1tica, REDD+ Jurisdicional e Transi\u00e7\u00e3o Energ\u00e9tica no Estado do Piau\u00ed\u201d, ao lado de Rodrigo Perp\u00e9tuo (ICLEI Am\u00e9rica do Sul), Divaldo Rezende (Tocantins) e Enric Arderiu (Mercuria), no Pavilh\u00e3o Brasil (Zona Azul). Entre os dados destacados est\u00e1 o avan\u00e7o do Piau\u00ed na produ\u00e7\u00e3o de energia limpa \u2014 atualmente, 99,75% da energia gerada no estado \u00e9 renov\u00e1vel (e\u00f3lica e solar).<\/p>\n\n\n\n<p>O painel, coordenado pela Secretaria Estadual de Meio Ambiente e Recursos H\u00eddricos (Semarh), apresentar\u00e1 as a\u00e7\u00f5es de mitiga\u00e7\u00e3o desenvolvidas pelo Piau\u00ed e as estrat\u00e9gias para a constru\u00e7\u00e3o de uma economia limpa e inclusiva.<\/p>\n\n\n\n<p>Tamb\u00e9m estar\u00e1 em discuss\u00e3o o Plano Estadual de A\u00e7\u00e3o Clim\u00e1tica (PLAC), lan\u00e7ado recentemente, que re\u00fane o invent\u00e1rio de emiss\u00f5es, an\u00e1lises de risco e diretrizes que orientam o estado rumo \u00e0 neutralidade de carbono.<\/p>\n\n\n\n<p>No eixo REDD+ Jurisdicional, o Piau\u00ed apresentar\u00e1 seu monitoramento e o sistema de partilha de benef\u00edcios, preparando o estado para acessar pagamentos internacionais por resultados \u2014 uma inova\u00e7\u00e3o que transforma a Caatinga e o Cerrado, biomas predominantes no estado, em ativos de carbono.<\/p>\n\n\n\n<p>No campo da transi\u00e7\u00e3o energ\u00e9tica, o Piau\u00ed desponta como um verdadeiro laborat\u00f3rio natural do futuro, com produ\u00e7\u00e3o de energia solar e e\u00f3lica em escala industrial, al\u00e9m de uma estrat\u00e9gia robusta para o hidrog\u00eanio verde, considerada a nova fronteira da descarboniza\u00e7\u00e3o.<\/p>\n\n\n\n<p>O Piau\u00ed tamb\u00e9m marca presen\u00e7a na programa\u00e7\u00e3o do Cons\u00f3rcio Nordeste e da Casa Abema (Associa\u00e7\u00e3o Brasileira de Entidades Estaduais de Meio Ambiente). Nesses espa\u00e7os, ser\u00e3o apresentadas iniciativas como o Plano Estadual de A\u00e7\u00e3o Clim\u00e1tica, o ICMS Ecol\u00f3gico \u2014 premiado internacionalmente \u2014, a\u00e7\u00f5es de preserva\u00e7\u00e3o da Caatinga, o projeto Zero Lix\u00f5es e o REDD+ Jurisdicional.<\/p>\n\n\n\n<p>O secret\u00e1rio estadual de Meio Ambiente, Feliphe Ara\u00fajo, que mediar\u00e1 o painel, resumiu a participa\u00e7\u00e3o do Piau\u00ed no evento mundial:<\/p>\n\n\n\n<p>\u201cEstamos unindo ci\u00eancia, governan\u00e7a e inova\u00e7\u00e3o para construir uma transi\u00e7\u00e3o energ\u00e9tica justa e inclusiva. O Piau\u00ed j\u00e1 demonstra que \u00e9 poss\u00edvel conciliar crescimento com sustentabilidade. Queremos inspirar o Brasil e dialogar com o mundo\u201d, destacou.<\/p>\n\n\n\n<p>A COP30, que acontece na regi\u00e3o amaz\u00f4nica, \u00e9 tamb\u00e9m uma vitrine de oportunidades. O painel do Piau\u00ed tem como meta atrair financiamentos clim\u00e1ticos, coopera\u00e7\u00e3o t\u00e9cnica e novos investimentos privados, consolidando o estado como refer\u00eancia nacional e internacional.&nbsp;<\/p>\n\n\n\n<p>Fonte: Meio News<\/p>\n","protected":false},"excerpt":{"rendered":"<p>De 10 a 12 de novembro, o Governo do\u00a0Piau\u00ed participa dos primeiros dias de programa\u00e7\u00e3o da 30\u00aa Confer\u00eancia das Partes (Cop30), que acontece em\u00a0Bel\u00e9m (PA). O governador Rafael Fonteles ir\u00e1 representar o estado, levando projetos e iniciativas do Piau\u00ed rumo ao carbono neutro, transi\u00e7\u00e3o energ\u00e9tica e economia verde, pautas que ser\u00e3o as\u00a0prioridades do Nordeste\u00a0no evento, [&hellip;]<\/p>\n","protected":false},"author":2,"featured_media":280358,"comment_status":"open","ping_status":"open","sticky":false,"template":"","format":"standard","meta":{"_mi_skip_tracking":false,"footnotes":""},"categories":[25,1,16],"tags":[192],"class_list":["post-280357","post","type-post","status-publish","format-standard","has-post-thumbnail","hentry","category-destaques-site","category-geral","category-todas","tag-destaqueprincipal"],"acf":[],"yoast_head":"<!-- This site is optimized with the Yoast SEO Premium plugin v19.2 (Yoast SEO v26.9) - https:\/\/yoast.com\/product\/yoast-seo-premium-wordpress\/ -->\n<title>Cop 30: Piau\u00ed protagonizar\u00e1 pautas do carbono neutro, transi\u00e7\u00e3o energ\u00e9tica e economia verde - Portal Not\u00edcia em Pauta<\/title>\n<meta name=\"robots\" content=\"index, follow, max-snippet:-1, max-image-preview:large, max-video-preview:-1\" \/>\n<link rel=\"canonical\" href=\"https:\/\/noticiaempauta.com\/portal\/cop-30-piaui-protagonizara-pautas-do-carbono-neutro-transicao-energetica-e-economia-verde\/\" \/>\n<meta property=\"og:locale\" content=\"pt_BR\" \/>\n<meta property=\"og:type\" content=\"article\" \/>\n<meta property=\"og:title\" content=\"Cop 30: Piau\u00ed protagonizar\u00e1 pautas do carbono neutro, transi\u00e7\u00e3o energ\u00e9tica e economia verde\" \/>\n<meta property=\"og:description\" content=\"De 10 a 12 de novembro, o Governo do\u00a0Piau\u00ed participa dos primeiros dias de programa\u00e7\u00e3o da 30\u00aa Confer\u00eancia das Partes (Cop30), que acontece em\u00a0Bel\u00e9m (PA). O governador Rafael Fonteles ir\u00e1 representar o estado, levando projetos e iniciativas do Piau\u00ed rumo ao carbono neutro, transi\u00e7\u00e3o energ\u00e9tica e economia verde, pautas que ser\u00e3o as\u00a0prioridades do Nordeste\u00a0no evento, [&hellip;]\" \/>\n<meta property=\"og:url\" content=\"https:\/\/noticiaempauta.com\/portal\/cop-30-piaui-protagonizara-pautas-do-carbono-neutro-transicao-energetica-e-economia-verde\/\" \/>\n<meta property=\"og:site_name\" content=\"Portal Not\u00edcia em Pauta\" \/>\n<meta property=\"article:publisher\" content=\"https:\/\/www.facebook.com\/Portal-Notcia-Em-Pauta-102292869264820\/\" \/>\n<meta property=\"article:published_time\" content=\"2025-11-07T13:11:13+00:00\" \/>\n<meta property=\"article:modified_time\" content=\"2025-11-07T13:11:14+00:00\" \/>\n<meta property=\"og:image\" content=\"https:\/\/noticiaempauta.com\/portal\/wp-content\/uploads\/2025\/11\/governador-rafael-fonteles-27711a715c78d1f9.jpg\" \/>\n\t<meta property=\"og:image:width\" content=\"785\" \/>\n\t<meta property=\"og:image:height\" content=\"435\" \/>\n\t<meta property=\"og:image:type\" content=\"image\/jpeg\" \/>\n<meta name=\"author\" content=\"Reda\u00e7\u00e3o\" \/>\n<meta name=\"twitter:card\" content=\"summary_large_image\" \/>\n<meta name=\"twitter:label1\" content=\"Escrito por\" \/>\n\t<meta name=\"twitter:data1\" content=\"Reda\u00e7\u00e3o\" \/>\n\t<meta name=\"twitter:label2\" content=\"Est. tempo de leitura\" \/>\n\t<meta name=\"twitter:data2\" content=\"3 minutos\" \/>\n<script type=\"application\/ld+json\" class=\"yoast-schema-graph\">{\"@context\":\"https:\/\/schema.org\",\"@graph\":[{\"@type\":\"Article\",\"@id\":\"https:\/\/noticiaempauta.com\/portal\/cop-30-piaui-protagonizara-pautas-do-carbono-neutro-transicao-energetica-e-economia-verde\/#article\",\"isPartOf\":{\"@id\":\"https:\/\/noticiaempauta.com\/portal\/cop-30-piaui-protagonizara-pautas-do-carbono-neutro-transicao-energetica-e-economia-verde\/\"},\"author\":{\"name\":\"Reda\u00e7\u00e3o\",\"@id\":\"https:\/\/noticiaempauta.com\/portal\/#\/schema\/person\/a74af43dd1ab3deca45f988c717d57ac\"},\"headline\":\"Cop 30: Piau\u00ed protagonizar\u00e1 pautas do carbono neutro, transi\u00e7\u00e3o energ\u00e9tica e economia verde\",\"datePublished\":\"2025-11-07T13:11:13+00:00\",\"dateModified\":\"2025-11-07T13:11:14+00:00\",\"mainEntityOfPage\":{\"@id\":\"https:\/\/noticiaempauta.com\/portal\/cop-30-piaui-protagonizara-pautas-do-carbono-neutro-transicao-energetica-e-economia-verde\/\"},\"wordCount\":537,\"commentCount\":0,\"publisher\":{\"@id\":\"https:\/\/noticiaempauta.com\/portal\/#organization\"},\"image\":{\"@id\":\"https:\/\/noticiaempauta.com\/portal\/cop-30-piaui-protagonizara-pautas-do-carbono-neutro-transicao-energetica-e-economia-verde\/#primaryimage\"},\"thumbnailUrl\":\"https:\/\/noticiaempauta.com\/portal\/wp-content\/uploads\/2025\/11\/governador-rafael-fonteles-27711a715c78d1f9.jpg\",\"keywords\":[\"destaqueprincipal\"],\"articleSection\":[\"Destaques\",\"Geral\",\"Todas as Not\u00edcias\"],\"inLanguage\":\"pt-BR\",\"potentialAction\":[{\"@type\":\"CommentAction\",\"name\":\"Comment\",\"target\":[\"https:\/\/noticiaempauta.com\/portal\/cop-30-piaui-protagonizara-pautas-do-carbono-neutro-transicao-energetica-e-economia-verde\/#respond\"]}]},{\"@type\":\"WebPage\",\"@id\":\"https:\/\/noticiaempauta.com\/portal\/cop-30-piaui-protagonizara-pautas-do-carbono-neutro-transicao-energetica-e-economia-verde\/\",\"url\":\"https:\/\/noticiaempauta.com\/portal\/cop-30-piaui-protagonizara-pautas-do-carbono-neutro-transicao-energetica-e-economia-verde\/\",\"name\":\"Cop 30: Piau\u00ed protagonizar\u00e1 pautas do carbono neutro, transi\u00e7\u00e3o energ\u00e9tica e economia verde - Portal Not\u00edcia em Pauta\",\"isPartOf\":{\"@id\":\"https:\/\/noticiaempauta.com\/portal\/#website\"},\"primaryImageOfPage\":{\"@id\":\"https:\/\/noticiaempauta.com\/portal\/cop-30-piaui-protagonizara-pautas-do-carbono-neutro-transicao-energetica-e-economia-verde\/#primaryimage\"},\"image\":{\"@id\":\"https:\/\/noticiaempauta.com\/portal\/cop-30-piaui-protagonizara-pautas-do-carbono-neutro-transicao-energetica-e-economia-verde\/#primaryimage\"},\"thumbnailUrl\":\"https:\/\/noticiaempauta.com\/portal\/wp-content\/uploads\/2025\/11\/governador-rafael-fonteles-27711a715c78d1f9.jpg\",\"datePublished\":\"2025-11-07T13:11:13+00:00\",\"dateModified\":\"2025-11-07T13:11:14+00:00\",\"breadcrumb\":{\"@id\":\"https:\/\/noticiaempauta.com\/portal\/cop-30-piaui-protagonizara-pautas-do-carbono-neutro-transicao-energetica-e-economia-verde\/#breadcrumb\"},\"inLanguage\":\"pt-BR\",\"potentialAction\":[{\"@type\":\"ReadAction\",\"target\":[\"https:\/\/noticiaempauta.com\/portal\/cop-30-piaui-protagonizara-pautas-do-carbono-neutro-transicao-energetica-e-economia-verde\/\"]}]},{\"@type\":\"ImageObject\",\"inLanguage\":\"pt-BR\",\"@id\":\"https:\/\/noticiaempauta.com\/portal\/cop-30-piaui-protagonizara-pautas-do-carbono-neutro-transicao-energetica-e-economia-verde\/#primaryimage\",\"url\":\"https:\/\/noticiaempauta.com\/portal\/wp-content\/uploads\/2025\/11\/governador-rafael-fonteles-27711a715c78d1f9.jpg\",\"contentUrl\":\"https:\/\/noticiaempauta.com\/portal\/wp-content\/uploads\/2025\/11\/governador-rafael-fonteles-27711a715c78d1f9.jpg\",\"width\":785,\"height\":435},{\"@type\":\"BreadcrumbList\",\"@id\":\"https:\/\/noticiaempauta.com\/portal\/cop-30-piaui-protagonizara-pautas-do-carbono-neutro-transicao-energetica-e-economia-verde\/#breadcrumb\",\"itemListElement\":[{\"@type\":\"ListItem\",\"position\":1,\"name\":\"P\u00e1gina Inicial\",\"item\":\"https:\/\/noticiaempauta.com\/portal\/\"},{\"@type\":\"ListItem\",\"position\":2,\"name\":\"Destaques\",\"item\":\"https:\/\/noticiaempauta.com\/portal\/destaques-site\/\"},{\"@type\":\"ListItem\",\"position\":3,\"name\":\"Cop 30: Piau\u00ed protagonizar\u00e1 pautas do carbono neutro, transi\u00e7\u00e3o energ\u00e9tica e economia verde\"}]},{\"@type\":\"WebSite\",\"@id\":\"https:\/\/noticiaempauta.com\/portal\/#website\",\"url\":\"https:\/\/noticiaempauta.com\/portal\/\",\"name\":\"Portal Not\u00edcia em Pauta\",\"description\":\"Voc\u00ea bem informado\",\"publisher\":{\"@id\":\"https:\/\/noticiaempauta.com\/portal\/#organization\"},\"potentialAction\":[{\"@type\":\"SearchAction\",\"target\":{\"@type\":\"EntryPoint\",\"urlTemplate\":\"https:\/\/noticiaempauta.com\/portal\/?s={search_term_string}\"},\"query-input\":{\"@type\":\"PropertyValueSpecification\",\"valueRequired\":true,\"valueName\":\"search_term_string\"}}],\"inLanguage\":\"pt-BR\"},{\"@type\":\"Organization\",\"@id\":\"https:\/\/noticiaempauta.com\/portal\/#organization\",\"name\":\"Portal Not\u00edcia em Pauta\",\"url\":\"https:\/\/noticiaempauta.com\/portal\/\",\"logo\":{\"@type\":\"ImageObject\",\"inLanguage\":\"pt-BR\",\"@id\":\"https:\/\/noticiaempauta.com\/portal\/#\/schema\/logo\/image\/\",\"url\":\"https:\/\/noticiaempauta.com\/portal\/wp-content\/uploads\/2022\/08\/logomarca_tema.fw_.png\",\"contentUrl\":\"https:\/\/noticiaempauta.com\/portal\/wp-content\/uploads\/2022\/08\/logomarca_tema.fw_.png\",\"width\":400,\"height\":232,\"caption\":\"Portal Not\u00edcia em Pauta\"},\"image\":{\"@id\":\"https:\/\/noticiaempauta.com\/portal\/#\/schema\/logo\/image\/\"},\"sameAs\":[\"https:\/\/www.facebook.com\/Portal-Notcia-Em-Pauta-102292869264820\/\",\"https:\/\/www.instagram.com\/portalnoticiaempauta\/\"]},{\"@type\":\"Person\",\"@id\":\"https:\/\/noticiaempauta.com\/portal\/#\/schema\/person\/a74af43dd1ab3deca45f988c717d57ac\",\"name\":\"Reda\u00e7\u00e3o\",\"image\":{\"@type\":\"ImageObject\",\"inLanguage\":\"pt-BR\",\"@id\":\"https:\/\/noticiaempauta.com\/portal\/#\/schema\/person\/image\/\",\"url\":\"https:\/\/secure.gravatar.com\/avatar\/03179346ecce6cdfc13361603e8f54242a90e5cde8618fa23c5c00aa2b0aadf3?s=96&d=mm&r=g\",\"contentUrl\":\"https:\/\/secure.gravatar.com\/avatar\/03179346ecce6cdfc13361603e8f54242a90e5cde8618fa23c5c00aa2b0aadf3?s=96&d=mm&r=g\",\"caption\":\"Reda\u00e7\u00e3o\"},\"sameAs\":[\"https:\/\/noticiaempauta.com\/portal\/\"],\"url\":\"https:\/\/noticiaempauta.com\/portal\/author\/fernando\/\"}]}<\/script>\n<!-- \/ Yoast SEO Premium plugin. -->","yoast_head_json":{"title":"Cop 30: Piau\u00ed protagonizar\u00e1 pautas do carbono neutro, transi\u00e7\u00e3o energ\u00e9tica e economia verde - Portal Not\u00edcia em Pauta","robots":{"index":"index","follow":"follow","max-snippet":"max-snippet:-1","max-image-preview":"max-image-preview:large","max-video-preview":"max-video-preview:-1"},"canonical":"https:\/\/noticiaempauta.com\/portal\/cop-30-piaui-protagonizara-pautas-do-carbono-neutro-transicao-energetica-e-economia-verde\/","og_locale":"pt_BR","og_type":"article","og_title":"Cop 30: Piau\u00ed protagonizar\u00e1 pautas do carbono neutro, transi\u00e7\u00e3o energ\u00e9tica e economia verde","og_description":"De 10 a 12 de novembro, o Governo do\u00a0Piau\u00ed participa dos primeiros dias de programa\u00e7\u00e3o da 30\u00aa Confer\u00eancia das Partes (Cop30), que acontece em\u00a0Bel\u00e9m (PA). O governador Rafael Fonteles ir\u00e1 representar o estado, levando projetos e iniciativas do Piau\u00ed rumo ao carbono neutro, transi\u00e7\u00e3o energ\u00e9tica e economia verde, pautas que ser\u00e3o as\u00a0prioridades do Nordeste\u00a0no evento, [&hellip;]","og_url":"https:\/\/noticiaempauta.com\/portal\/cop-30-piaui-protagonizara-pautas-do-carbono-neutro-transicao-energetica-e-economia-verde\/","og_site_name":"Portal Not\u00edcia em Pauta","article_publisher":"https:\/\/www.facebook.com\/Portal-Notcia-Em-Pauta-102292869264820\/","article_published_time":"2025-11-07T13:11:13+00:00","article_modified_time":"2025-11-07T13:11:14+00:00","og_image":[{"width":785,"height":435,"url":"https:\/\/noticiaempauta.com\/portal\/wp-content\/uploads\/2025\/11\/governador-rafael-fonteles-27711a715c78d1f9.jpg","type":"image\/jpeg"}],"author":"Reda\u00e7\u00e3o","twitter_card":"summary_large_image","twitter_misc":{"Escrito por":"Reda\u00e7\u00e3o","Est. tempo de leitura":"3 minutos"},"schema":{"@context":"https:\/\/schema.org","@graph":[{"@type":"Article","@id":"https:\/\/noticiaempauta.com\/portal\/cop-30-piaui-protagonizara-pautas-do-carbono-neutro-transicao-energetica-e-economia-verde\/#article","isPartOf":{"@id":"https:\/\/noticiaempauta.com\/portal\/cop-30-piaui-protagonizara-pautas-do-carbono-neutro-transicao-energetica-e-economia-verde\/"},"author":{"name":"Reda\u00e7\u00e3o","@id":"https:\/\/noticiaempauta.com\/portal\/#\/schema\/person\/a74af43dd1ab3deca45f988c717d57ac"},"headline":"Cop 30: Piau\u00ed protagonizar\u00e1 pautas do carbono neutro, transi\u00e7\u00e3o energ\u00e9tica e economia verde","datePublished":"2025-11-07T13:11:13+00:00","dateModified":"2025-11-07T13:11:14+00:00","mainEntityOfPage":{"@id":"https:\/\/noticiaempauta.com\/portal\/cop-30-piaui-protagonizara-pautas-do-carbono-neutro-transicao-energetica-e-economia-verde\/"},"wordCount":537,"commentCount":0,"publisher":{"@id":"https:\/\/noticiaempauta.com\/portal\/#organization"},"image":{"@id":"https:\/\/noticiaempauta.com\/portal\/cop-30-piaui-protagonizara-pautas-do-carbono-neutro-transicao-energetica-e-economia-verde\/#primaryimage"},"thumbnailUrl":"https:\/\/noticiaempauta.com\/portal\/wp-content\/uploads\/2025\/11\/governador-rafael-fonteles-27711a715c78d1f9.jpg","keywords":["destaqueprincipal"],"articleSection":["Destaques","Geral","Todas as Not\u00edcias"],"inLanguage":"pt-BR","potentialAction":[{"@type":"CommentAction","name":"Comment","target":["https:\/\/noticiaempauta.com\/portal\/cop-30-piaui-protagonizara-pautas-do-carbono-neutro-transicao-energetica-e-economia-verde\/#respond"]}]},{"@type":"WebPage","@id":"https:\/\/noticiaempauta.com\/portal\/cop-30-piaui-protagonizara-pautas-do-carbono-neutro-transicao-energetica-e-economia-verde\/","url":"https:\/\/noticiaempauta.com\/portal\/cop-30-piaui-protagonizara-pautas-do-carbono-neutro-transicao-energetica-e-economia-verde\/","name":"Cop 30: Piau\u00ed protagonizar\u00e1 pautas do carbono neutro, transi\u00e7\u00e3o energ\u00e9tica e economia verde - Portal Not\u00edcia em Pauta","isPartOf":{"@id":"https:\/\/noticiaempauta.com\/portal\/#website"},"primaryImageOfPage":{"@id":"https:\/\/noticiaempauta.com\/portal\/cop-30-piaui-protagonizara-pautas-do-carbono-neutro-transicao-energetica-e-economia-verde\/#primaryimage"},"image":{"@id":"https:\/\/noticiaempauta.com\/portal\/cop-30-piaui-protagonizara-pautas-do-carbono-neutro-transicao-energetica-e-economia-verde\/#primaryimage"},"thumbnailUrl":"https:\/\/noticiaempauta.com\/portal\/wp-content\/uploads\/2025\/11\/governador-rafael-fonteles-27711a715c78d1f9.jpg","datePublished":"2025-11-07T13:11:13+00:00","dateModified":"2025-11-07T13:11:14+00:00","breadcrumb":{"@id":"https:\/\/noticiaempauta.com\/portal\/cop-30-piaui-protagonizara-pautas-do-carbono-neutro-transicao-energetica-e-economia-verde\/#breadcrumb"},"inLanguage":"pt-BR","potentialAction":[{"@type":"ReadAction","target":["https:\/\/noticiaempauta.com\/portal\/cop-30-piaui-protagonizara-pautas-do-carbono-neutro-transicao-energetica-e-economia-verde\/"]}]},{"@type":"ImageObject","inLanguage":"pt-BR","@id":"https:\/\/noticiaempauta.com\/portal\/cop-30-piaui-protagonizara-pautas-do-carbono-neutro-transicao-energetica-e-economia-verde\/#primaryimage","url":"https:\/\/noticiaempauta.com\/portal\/wp-content\/uploads\/2025\/11\/governador-rafael-fonteles-27711a715c78d1f9.jpg","contentUrl":"https:\/\/noticiaempauta.com\/portal\/wp-content\/uploads\/2025\/11\/governador-rafael-fonteles-27711a715c78d1f9.jpg","width":785,"height":435},{"@type":"BreadcrumbList","@id":"https:\/\/noticiaempauta.com\/portal\/cop-30-piaui-protagonizara-pautas-do-carbono-neutro-transicao-energetica-e-economia-verde\/#breadcrumb","itemListElement":[{"@type":"ListItem","position":1,"name":"P\u00e1gina Inicial","item":"https:\/\/noticiaempauta.com\/portal\/"},{"@type":"ListItem","position":2,"name":"Destaques","item":"https:\/\/noticiaempauta.com\/portal\/destaques-site\/"},{"@type":"ListItem","position":3,"name":"Cop 30: Piau\u00ed protagonizar\u00e1 pautas do carbono neutro, transi\u00e7\u00e3o energ\u00e9tica e economia verde"}]},{"@type":"WebSite","@id":"https:\/\/noticiaempauta.com\/portal\/#website","url":"https:\/\/noticiaempauta.com\/portal\/","name":"Portal Not\u00edcia em Pauta","description":"Voc\u00ea bem informado","publisher":{"@id":"https:\/\/noticiaempauta.com\/portal\/#organization"},"potentialAction":[{"@type":"SearchAction","target":{"@type":"EntryPoint","urlTemplate":"https:\/\/noticiaempauta.com\/portal\/?s={search_term_string}"},"query-input":{"@type":"PropertyValueSpecification","valueRequired":true,"valueName":"search_term_string"}}],"inLanguage":"pt-BR"},{"@type":"Organization","@id":"https:\/\/noticiaempauta.com\/portal\/#organization","name":"Portal Not\u00edcia em Pauta","url":"https:\/\/noticiaempauta.com\/portal\/","logo":{"@type":"ImageObject","inLanguage":"pt-BR","@id":"https:\/\/noticiaempauta.com\/portal\/#\/schema\/logo\/image\/","url":"https:\/\/noticiaempauta.com\/portal\/wp-content\/uploads\/2022\/08\/logomarca_tema.fw_.png","contentUrl":"https:\/\/noticiaempauta.com\/portal\/wp-content\/uploads\/2022\/08\/logomarca_tema.fw_.png","width":400,"height":232,"caption":"Portal Not\u00edcia em Pauta"},"image":{"@id":"https:\/\/noticiaempauta.com\/portal\/#\/schema\/logo\/image\/"},"sameAs":["https:\/\/www.facebook.com\/Portal-Notcia-Em-Pauta-102292869264820\/","https:\/\/www.instagram.com\/portalnoticiaempauta\/"]},{"@type":"Person","@id":"https:\/\/noticiaempauta.com\/portal\/#\/schema\/person\/a74af43dd1ab3deca45f988c717d57ac","name":"Reda\u00e7\u00e3o","image":{"@type":"ImageObject","inLanguage":"pt-BR","@id":"https:\/\/noticiaempauta.com\/portal\/#\/schema\/person\/image\/","url":"https:\/\/secure.gravatar.com\/avatar\/03179346ecce6cdfc13361603e8f54242a90e5cde8618fa23c5c00aa2b0aadf3?s=96&d=mm&r=g","contentUrl":"https:\/\/secure.gravatar.com\/avatar\/03179346ecce6cdfc13361603e8f54242a90e5cde8618fa23c5c00aa2b0aadf3?s=96&d=mm&r=g","caption":"Reda\u00e7\u00e3o"},"sameAs":["https:\/\/noticiaempauta.com\/portal\/"],"url":"https:\/\/noticiaempauta.com\/portal\/author\/fernando\/"}]}},"_links":{"self":[{"href":"https:\/\/noticiaempauta.com\/portal\/wp-json\/wp\/v2\/posts\/280357","targetHints":{"allow":["GET"]}}],"collection":[{"href":"https:\/\/noticiaempauta.com\/portal\/wp-json\/wp\/v2\/posts"}],"about":[{"href":"https:\/\/noticiaempauta.com\/portal\/wp-json\/wp\/v2\/types\/post"}],"author":[{"embeddable":true,"href":"https:\/\/noticiaempauta.com\/portal\/wp-json\/wp\/v2\/users\/2"}],"replies":[{"embeddable":true,"href":"https:\/\/noticiaempauta.com\/portal\/wp-json\/wp\/v2\/comments?post=280357"}],"version-history":[{"count":2,"href":"https:\/\/noticiaempauta.com\/portal\/wp-json\/wp\/v2\/posts\/280357\/revisions"}],"predecessor-version":[{"id":280360,"href":"https:\/\/noticiaempauta.com\/portal\/wp-json\/wp\/v2\/posts\/280357\/revisions\/280360"}],"wp:featuredmedia":[{"embeddable":true,"href":"https:\/\/noticiaempauta.com\/portal\/wp-json\/wp\/v2\/media\/280358"}],"wp:attachment":[{"href":"https:\/\/noticiaempauta.com\/portal\/wp-json\/wp\/v2\/media?parent=280357"}],"wp:term":[{"taxonomy":"category","embeddable":true,"href":"https:\/\/noticiaempauta.com\/portal\/wp-json\/wp\/v2\/categories?post=280357"},{"taxonomy":"post_tag","embeddable":true,"href":"https:\/\/noticiaempauta.com\/portal\/wp-json\/wp\/v2\/tags?post=280357"}],"curies":[{"name":"wp","href":"https:\/\/api.w.org\/{rel}","templated":true}]}}