{"id":280370,"date":"2025-11-07T14:24:29","date_gmt":"2025-11-07T17:24:29","guid":{"rendered":"https:\/\/noticiaempauta.com\/portal\/?p=280370"},"modified":"2025-11-07T14:24:30","modified_gmt":"2025-11-07T17:24:30","slug":"prefeitura-de-picos-sera-parceira-do-4o-mutirao-popruajud","status":"publish","type":"post","link":"https:\/\/noticiaempauta.com\/portal\/prefeitura-de-picos-sera-parceira-do-4o-mutirao-popruajud\/","title":{"rendered":"Prefeitura de Picos ser\u00e1 parceira do 4\u00ba Mutir\u00e3o PopRuaJud"},"content":{"rendered":"\n<p>A cidade de Picos sediar\u00e1 o 4\u00ba Mutir\u00e3o PopRuaJud, evento que ser\u00e1 promovido pelo TJ\/ PI (Tribunal de Justi\u00e7a do Estado do Piau\u00ed), em parceria com a Prefeitura e outras institui\u00e7\u00f5es.<\/p>\n\n\n\n<figure class=\"wp-block-image size-full\"><img fetchpriority=\"high\" decoding=\"async\" width=\"640\" height=\"427\" src=\"https:\/\/noticiaempauta.com\/portal\/wp-content\/uploads\/2025\/11\/IMG_5863.jpeg\" alt=\"\" class=\"wp-image-280371\" srcset=\"https:\/\/noticiaempauta.com\/portal\/wp-content\/uploads\/2025\/11\/IMG_5863.jpeg 640w, https:\/\/noticiaempauta.com\/portal\/wp-content\/uploads\/2025\/11\/IMG_5863-300x200.jpeg 300w\" sizes=\"(max-width: 640px) 100vw, 640px\" \/><\/figure>\n\n\n\n<p>A participa\u00e7\u00e3o do munic\u00edpio foi definida em uma reuni\u00e3o virtual, realizada no \u00faltimo dia 05 de outubro, que entre outras, contou com as participa\u00e7\u00f5es do presidente do TJ\/ PI, Desembargador, Luiz de Moura e da secret\u00e1ria municipal de Administra\u00e7\u00e3o de Picos, Milena Danda Vasconcelos Santos.<\/p>\n\n\n\n<p>O 4\u00ba Mutir\u00e3o PopRuaJud acontecer\u00e1 entre os dias 24 e 28 de novembro nas depend\u00eancias do Picoense Clube, que fica localizado na Rua Monsenhor Hip\u00f3lito, Centro.<\/p>\n\n\n\n<p>O PopRuaJud \u00e9 uma iniciativa do Poder Judici\u00e1rio que implementa a Pol\u00edtica Nacionbal Judicial de Aten\u00e7\u00e3o a Pessoas em Situa\u00e7\u00e3o de Rua e suas Iterseccionalidades.<\/p>\n\n\n\n<p>Em Picos, a iniciativa ser\u00e1 realizada atrav\u00e9s de parceria interinstitucional entre o TJ\/PI, as institui\u00e7\u00f5es integrantes do Sistema de Justi\u00e7a, o Governo do Estado do Piau\u00ed e o Pal\u00e1cio Coelho Rodrigues.<\/p>\n\n\n\n<p>Durante o evento ser\u00e1 oferecisa uma ampla gama de servi\u00e7os, incluindo emiss\u00e3o de documentos, atendimentos jur\u00eddicos, a\u00e7\u00f5es de sa\u00fade, orienta\u00e7\u00e3o social e inclus\u00e3o em programas governamentais, al\u00e9m de atividades educativas e culturais.<\/p>\n\n\n\n<p>O Procurador Geral do Munic\u00edpio, Espedito Neiva de Sousa Lima, informou que o 4\u00ba Mutir\u00e3o PopRuaJud contar\u00e1 com o apoio incondicional da Prefeitura que disponibilizar\u00e1 o local bem como toda a infraestrutura necess\u00e1ria \u00e0 realiza\u00e7\u00e3o do evento.<\/p>\n\n\n\n<p>\u201cEm Picos, unimos esfor\u00e7os para construir um espa\u00e7o de escuta, acolhimento e cidadania. Essa integra\u00e7\u00e3o \u00e9 o que garante a efetividade das a\u00e7\u00f5es e o impacto real na vida das pessoas em situa\u00e7\u00e3o de rua\u201d, declarou o juiz auxiliar da Presid\u00eancia do TJ\/ PI, Luiz de Moura.<\/p>\n\n\n\n<p>SECOM<\/p>\n","protected":false},"excerpt":{"rendered":"<p>A cidade de Picos sediar\u00e1 o 4\u00ba Mutir\u00e3o PopRuaJud, evento que ser\u00e1 promovido pelo TJ\/ PI (Tribunal de Justi\u00e7a do Estado do Piau\u00ed), em parceria com a Prefeitura e outras institui\u00e7\u00f5es. A participa\u00e7\u00e3o do munic\u00edpio foi definida em uma reuni\u00e3o virtual, realizada no \u00faltimo dia 05 de outubro, que entre outras, contou com as participa\u00e7\u00f5es [&hellip;]<\/p>\n","protected":false},"author":2,"featured_media":280371,"comment_status":"open","ping_status":"open","sticky":false,"template":"","format":"standard","meta":{"_mi_skip_tracking":false,"footnotes":""},"categories":[25,1,16],"tags":[],"class_list":["post-280370","post","type-post","status-publish","format-standard","has-post-thumbnail","hentry","category-destaques-site","category-geral","category-todas"],"acf":[],"yoast_head":"<!-- This site is optimized with the Yoast SEO Premium plugin v19.2 (Yoast SEO v26.9) - https:\/\/yoast.com\/product\/yoast-seo-premium-wordpress\/ -->\n<title>Prefeitura de Picos ser\u00e1 parceira do 4\u00ba Mutir\u00e3o PopRuaJud - Portal Not\u00edcia em Pauta<\/title>\n<meta name=\"robots\" content=\"index, follow, max-snippet:-1, max-image-preview:large, max-video-preview:-1\" \/>\n<link rel=\"canonical\" href=\"https:\/\/noticiaempauta.com\/portal\/prefeitura-de-picos-sera-parceira-do-4o-mutirao-popruajud\/\" \/>\n<meta property=\"og:locale\" content=\"pt_BR\" \/>\n<meta property=\"og:type\" content=\"article\" \/>\n<meta property=\"og:title\" content=\"Prefeitura de Picos ser\u00e1 parceira do 4\u00ba Mutir\u00e3o PopRuaJud\" \/>\n<meta property=\"og:description\" content=\"A cidade de Picos sediar\u00e1 o 4\u00ba Mutir\u00e3o PopRuaJud, evento que ser\u00e1 promovido pelo TJ\/ PI (Tribunal de Justi\u00e7a do Estado do Piau\u00ed), em parceria com a Prefeitura e outras institui\u00e7\u00f5es. A participa\u00e7\u00e3o do munic\u00edpio foi definida em uma reuni\u00e3o virtual, realizada no \u00faltimo dia 05 de outubro, que entre outras, contou com as participa\u00e7\u00f5es [&hellip;]\" \/>\n<meta property=\"og:url\" content=\"https:\/\/noticiaempauta.com\/portal\/prefeitura-de-picos-sera-parceira-do-4o-mutirao-popruajud\/\" \/>\n<meta property=\"og:site_name\" content=\"Portal Not\u00edcia em Pauta\" \/>\n<meta property=\"article:publisher\" content=\"https:\/\/www.facebook.com\/Portal-Notcia-Em-Pauta-102292869264820\/\" \/>\n<meta property=\"article:published_time\" content=\"2025-11-07T17:24:29+00:00\" \/>\n<meta property=\"article:modified_time\" content=\"2025-11-07T17:24:30+00:00\" \/>\n<meta property=\"og:image\" content=\"https:\/\/noticiaempauta.com\/portal\/wp-content\/uploads\/2025\/11\/IMG_5863.jpeg\" \/>\n\t<meta property=\"og:image:width\" content=\"640\" \/>\n\t<meta property=\"og:image:height\" content=\"427\" \/>\n\t<meta property=\"og:image:type\" content=\"image\/jpeg\" \/>\n<meta name=\"author\" content=\"Reda\u00e7\u00e3o\" \/>\n<meta name=\"twitter:card\" content=\"summary_large_image\" \/>\n<meta name=\"twitter:label1\" content=\"Escrito por\" \/>\n\t<meta name=\"twitter:data1\" content=\"Reda\u00e7\u00e3o\" \/>\n\t<meta name=\"twitter:label2\" content=\"Est. tempo de leitura\" \/>\n\t<meta name=\"twitter:data2\" content=\"2 minutos\" \/>\n<script type=\"application\/ld+json\" class=\"yoast-schema-graph\">{\"@context\":\"https:\/\/schema.org\",\"@graph\":[{\"@type\":\"Article\",\"@id\":\"https:\/\/noticiaempauta.com\/portal\/prefeitura-de-picos-sera-parceira-do-4o-mutirao-popruajud\/#article\",\"isPartOf\":{\"@id\":\"https:\/\/noticiaempauta.com\/portal\/prefeitura-de-picos-sera-parceira-do-4o-mutirao-popruajud\/\"},\"author\":{\"name\":\"Reda\u00e7\u00e3o\",\"@id\":\"https:\/\/noticiaempauta.com\/portal\/#\/schema\/person\/a74af43dd1ab3deca45f988c717d57ac\"},\"headline\":\"Prefeitura de Picos ser\u00e1 parceira do 4\u00ba Mutir\u00e3o PopRuaJud\",\"datePublished\":\"2025-11-07T17:24:29+00:00\",\"dateModified\":\"2025-11-07T17:24:30+00:00\",\"mainEntityOfPage\":{\"@id\":\"https:\/\/noticiaempauta.com\/portal\/prefeitura-de-picos-sera-parceira-do-4o-mutirao-popruajud\/\"},\"wordCount\":314,\"commentCount\":0,\"publisher\":{\"@id\":\"https:\/\/noticiaempauta.com\/portal\/#organization\"},\"image\":{\"@id\":\"https:\/\/noticiaempauta.com\/portal\/prefeitura-de-picos-sera-parceira-do-4o-mutirao-popruajud\/#primaryimage\"},\"thumbnailUrl\":\"https:\/\/noticiaempauta.com\/portal\/wp-content\/uploads\/2025\/11\/IMG_5863.jpeg\",\"articleSection\":[\"Destaques\",\"Geral\",\"Todas as Not\u00edcias\"],\"inLanguage\":\"pt-BR\",\"potentialAction\":[{\"@type\":\"CommentAction\",\"name\":\"Comment\",\"target\":[\"https:\/\/noticiaempauta.com\/portal\/prefeitura-de-picos-sera-parceira-do-4o-mutirao-popruajud\/#respond\"]}]},{\"@type\":\"WebPage\",\"@id\":\"https:\/\/noticiaempauta.com\/portal\/prefeitura-de-picos-sera-parceira-do-4o-mutirao-popruajud\/\",\"url\":\"https:\/\/noticiaempauta.com\/portal\/prefeitura-de-picos-sera-parceira-do-4o-mutirao-popruajud\/\",\"name\":\"Prefeitura de Picos ser\u00e1 parceira do 4\u00ba Mutir\u00e3o PopRuaJud - Portal Not\u00edcia em Pauta\",\"isPartOf\":{\"@id\":\"https:\/\/noticiaempauta.com\/portal\/#website\"},\"primaryImageOfPage\":{\"@id\":\"https:\/\/noticiaempauta.com\/portal\/prefeitura-de-picos-sera-parceira-do-4o-mutirao-popruajud\/#primaryimage\"},\"image\":{\"@id\":\"https:\/\/noticiaempauta.com\/portal\/prefeitura-de-picos-sera-parceira-do-4o-mutirao-popruajud\/#primaryimage\"},\"thumbnailUrl\":\"https:\/\/noticiaempauta.com\/portal\/wp-content\/uploads\/2025\/11\/IMG_5863.jpeg\",\"datePublished\":\"2025-11-07T17:24:29+00:00\",\"dateModified\":\"2025-11-07T17:24:30+00:00\",\"breadcrumb\":{\"@id\":\"https:\/\/noticiaempauta.com\/portal\/prefeitura-de-picos-sera-parceira-do-4o-mutirao-popruajud\/#breadcrumb\"},\"inLanguage\":\"pt-BR\",\"potentialAction\":[{\"@type\":\"ReadAction\",\"target\":[\"https:\/\/noticiaempauta.com\/portal\/prefeitura-de-picos-sera-parceira-do-4o-mutirao-popruajud\/\"]}]},{\"@type\":\"ImageObject\",\"inLanguage\":\"pt-BR\",\"@id\":\"https:\/\/noticiaempauta.com\/portal\/prefeitura-de-picos-sera-parceira-do-4o-mutirao-popruajud\/#primaryimage\",\"url\":\"https:\/\/noticiaempauta.com\/portal\/wp-content\/uploads\/2025\/11\/IMG_5863.jpeg\",\"contentUrl\":\"https:\/\/noticiaempauta.com\/portal\/wp-content\/uploads\/2025\/11\/IMG_5863.jpeg\",\"width\":640,\"height\":427},{\"@type\":\"BreadcrumbList\",\"@id\":\"https:\/\/noticiaempauta.com\/portal\/prefeitura-de-picos-sera-parceira-do-4o-mutirao-popruajud\/#breadcrumb\",\"itemListElement\":[{\"@type\":\"ListItem\",\"position\":1,\"name\":\"P\u00e1gina Inicial\",\"item\":\"https:\/\/noticiaempauta.com\/portal\/\"},{\"@type\":\"ListItem\",\"position\":2,\"name\":\"Destaques\",\"item\":\"https:\/\/noticiaempauta.com\/portal\/destaques-site\/\"},{\"@type\":\"ListItem\",\"position\":3,\"name\":\"Prefeitura de Picos ser\u00e1 parceira do 4\u00ba Mutir\u00e3o PopRuaJud\"}]},{\"@type\":\"WebSite\",\"@id\":\"https:\/\/noticiaempauta.com\/portal\/#website\",\"url\":\"https:\/\/noticiaempauta.com\/portal\/\",\"name\":\"Portal Not\u00edcia em Pauta\",\"description\":\"Voc\u00ea bem informado\",\"publisher\":{\"@id\":\"https:\/\/noticiaempauta.com\/portal\/#organization\"},\"potentialAction\":[{\"@type\":\"SearchAction\",\"target\":{\"@type\":\"EntryPoint\",\"urlTemplate\":\"https:\/\/noticiaempauta.com\/portal\/?s={search_term_string}\"},\"query-input\":{\"@type\":\"PropertyValueSpecification\",\"valueRequired\":true,\"valueName\":\"search_term_string\"}}],\"inLanguage\":\"pt-BR\"},{\"@type\":\"Organization\",\"@id\":\"https:\/\/noticiaempauta.com\/portal\/#organization\",\"name\":\"Portal Not\u00edcia em Pauta\",\"url\":\"https:\/\/noticiaempauta.com\/portal\/\",\"logo\":{\"@type\":\"ImageObject\",\"inLanguage\":\"pt-BR\",\"@id\":\"https:\/\/noticiaempauta.com\/portal\/#\/schema\/logo\/image\/\",\"url\":\"https:\/\/noticiaempauta.com\/portal\/wp-content\/uploads\/2022\/08\/logomarca_tema.fw_.png\",\"contentUrl\":\"https:\/\/noticiaempauta.com\/portal\/wp-content\/uploads\/2022\/08\/logomarca_tema.fw_.png\",\"width\":400,\"height\":232,\"caption\":\"Portal Not\u00edcia em Pauta\"},\"image\":{\"@id\":\"https:\/\/noticiaempauta.com\/portal\/#\/schema\/logo\/image\/\"},\"sameAs\":[\"https:\/\/www.facebook.com\/Portal-Notcia-Em-Pauta-102292869264820\/\",\"https:\/\/www.instagram.com\/portalnoticiaempauta\/\"]},{\"@type\":\"Person\",\"@id\":\"https:\/\/noticiaempauta.com\/portal\/#\/schema\/person\/a74af43dd1ab3deca45f988c717d57ac\",\"name\":\"Reda\u00e7\u00e3o\",\"image\":{\"@type\":\"ImageObject\",\"inLanguage\":\"pt-BR\",\"@id\":\"https:\/\/noticiaempauta.com\/portal\/#\/schema\/person\/image\/\",\"url\":\"https:\/\/secure.gravatar.com\/avatar\/03179346ecce6cdfc13361603e8f54242a90e5cde8618fa23c5c00aa2b0aadf3?s=96&d=mm&r=g\",\"contentUrl\":\"https:\/\/secure.gravatar.com\/avatar\/03179346ecce6cdfc13361603e8f54242a90e5cde8618fa23c5c00aa2b0aadf3?s=96&d=mm&r=g\",\"caption\":\"Reda\u00e7\u00e3o\"},\"sameAs\":[\"https:\/\/noticiaempauta.com\/portal\/\"],\"url\":\"https:\/\/noticiaempauta.com\/portal\/author\/fernando\/\"}]}<\/script>\n<!-- \/ Yoast SEO Premium plugin. -->","yoast_head_json":{"title":"Prefeitura de Picos ser\u00e1 parceira do 4\u00ba Mutir\u00e3o PopRuaJud - Portal Not\u00edcia em Pauta","robots":{"index":"index","follow":"follow","max-snippet":"max-snippet:-1","max-image-preview":"max-image-preview:large","max-video-preview":"max-video-preview:-1"},"canonical":"https:\/\/noticiaempauta.com\/portal\/prefeitura-de-picos-sera-parceira-do-4o-mutirao-popruajud\/","og_locale":"pt_BR","og_type":"article","og_title":"Prefeitura de Picos ser\u00e1 parceira do 4\u00ba Mutir\u00e3o PopRuaJud","og_description":"A cidade de Picos sediar\u00e1 o 4\u00ba Mutir\u00e3o PopRuaJud, evento que ser\u00e1 promovido pelo TJ\/ PI (Tribunal de Justi\u00e7a do Estado do Piau\u00ed), em parceria com a Prefeitura e outras institui\u00e7\u00f5es. A participa\u00e7\u00e3o do munic\u00edpio foi definida em uma reuni\u00e3o virtual, realizada no \u00faltimo dia 05 de outubro, que entre outras, contou com as participa\u00e7\u00f5es [&hellip;]","og_url":"https:\/\/noticiaempauta.com\/portal\/prefeitura-de-picos-sera-parceira-do-4o-mutirao-popruajud\/","og_site_name":"Portal Not\u00edcia em Pauta","article_publisher":"https:\/\/www.facebook.com\/Portal-Notcia-Em-Pauta-102292869264820\/","article_published_time":"2025-11-07T17:24:29+00:00","article_modified_time":"2025-11-07T17:24:30+00:00","og_image":[{"width":640,"height":427,"url":"https:\/\/noticiaempauta.com\/portal\/wp-content\/uploads\/2025\/11\/IMG_5863.jpeg","type":"image\/jpeg"}],"author":"Reda\u00e7\u00e3o","twitter_card":"summary_large_image","twitter_misc":{"Escrito por":"Reda\u00e7\u00e3o","Est. tempo de leitura":"2 minutos"},"schema":{"@context":"https:\/\/schema.org","@graph":[{"@type":"Article","@id":"https:\/\/noticiaempauta.com\/portal\/prefeitura-de-picos-sera-parceira-do-4o-mutirao-popruajud\/#article","isPartOf":{"@id":"https:\/\/noticiaempauta.com\/portal\/prefeitura-de-picos-sera-parceira-do-4o-mutirao-popruajud\/"},"author":{"name":"Reda\u00e7\u00e3o","@id":"https:\/\/noticiaempauta.com\/portal\/#\/schema\/person\/a74af43dd1ab3deca45f988c717d57ac"},"headline":"Prefeitura de Picos ser\u00e1 parceira do 4\u00ba Mutir\u00e3o PopRuaJud","datePublished":"2025-11-07T17:24:29+00:00","dateModified":"2025-11-07T17:24:30+00:00","mainEntityOfPage":{"@id":"https:\/\/noticiaempauta.com\/portal\/prefeitura-de-picos-sera-parceira-do-4o-mutirao-popruajud\/"},"wordCount":314,"commentCount":0,"publisher":{"@id":"https:\/\/noticiaempauta.com\/portal\/#organization"},"image":{"@id":"https:\/\/noticiaempauta.com\/portal\/prefeitura-de-picos-sera-parceira-do-4o-mutirao-popruajud\/#primaryimage"},"thumbnailUrl":"https:\/\/noticiaempauta.com\/portal\/wp-content\/uploads\/2025\/11\/IMG_5863.jpeg","articleSection":["Destaques","Geral","Todas as Not\u00edcias"],"inLanguage":"pt-BR","potentialAction":[{"@type":"CommentAction","name":"Comment","target":["https:\/\/noticiaempauta.com\/portal\/prefeitura-de-picos-sera-parceira-do-4o-mutirao-popruajud\/#respond"]}]},{"@type":"WebPage","@id":"https:\/\/noticiaempauta.com\/portal\/prefeitura-de-picos-sera-parceira-do-4o-mutirao-popruajud\/","url":"https:\/\/noticiaempauta.com\/portal\/prefeitura-de-picos-sera-parceira-do-4o-mutirao-popruajud\/","name":"Prefeitura de Picos ser\u00e1 parceira do 4\u00ba Mutir\u00e3o PopRuaJud - Portal Not\u00edcia em Pauta","isPartOf":{"@id":"https:\/\/noticiaempauta.com\/portal\/#website"},"primaryImageOfPage":{"@id":"https:\/\/noticiaempauta.com\/portal\/prefeitura-de-picos-sera-parceira-do-4o-mutirao-popruajud\/#primaryimage"},"image":{"@id":"https:\/\/noticiaempauta.com\/portal\/prefeitura-de-picos-sera-parceira-do-4o-mutirao-popruajud\/#primaryimage"},"thumbnailUrl":"https:\/\/noticiaempauta.com\/portal\/wp-content\/uploads\/2025\/11\/IMG_5863.jpeg","datePublished":"2025-11-07T17:24:29+00:00","dateModified":"2025-11-07T17:24:30+00:00","breadcrumb":{"@id":"https:\/\/noticiaempauta.com\/portal\/prefeitura-de-picos-sera-parceira-do-4o-mutirao-popruajud\/#breadcrumb"},"inLanguage":"pt-BR","potentialAction":[{"@type":"ReadAction","target":["https:\/\/noticiaempauta.com\/portal\/prefeitura-de-picos-sera-parceira-do-4o-mutirao-popruajud\/"]}]},{"@type":"ImageObject","inLanguage":"pt-BR","@id":"https:\/\/noticiaempauta.com\/portal\/prefeitura-de-picos-sera-parceira-do-4o-mutirao-popruajud\/#primaryimage","url":"https:\/\/noticiaempauta.com\/portal\/wp-content\/uploads\/2025\/11\/IMG_5863.jpeg","contentUrl":"https:\/\/noticiaempauta.com\/portal\/wp-content\/uploads\/2025\/11\/IMG_5863.jpeg","width":640,"height":427},{"@type":"BreadcrumbList","@id":"https:\/\/noticiaempauta.com\/portal\/prefeitura-de-picos-sera-parceira-do-4o-mutirao-popruajud\/#breadcrumb","itemListElement":[{"@type":"ListItem","position":1,"name":"P\u00e1gina Inicial","item":"https:\/\/noticiaempauta.com\/portal\/"},{"@type":"ListItem","position":2,"name":"Destaques","item":"https:\/\/noticiaempauta.com\/portal\/destaques-site\/"},{"@type":"ListItem","position":3,"name":"Prefeitura de Picos ser\u00e1 parceira do 4\u00ba Mutir\u00e3o PopRuaJud"}]},{"@type":"WebSite","@id":"https:\/\/noticiaempauta.com\/portal\/#website","url":"https:\/\/noticiaempauta.com\/portal\/","name":"Portal Not\u00edcia em Pauta","description":"Voc\u00ea bem informado","publisher":{"@id":"https:\/\/noticiaempauta.com\/portal\/#organization"},"potentialAction":[{"@type":"SearchAction","target":{"@type":"EntryPoint","urlTemplate":"https:\/\/noticiaempauta.com\/portal\/?s={search_term_string}"},"query-input":{"@type":"PropertyValueSpecification","valueRequired":true,"valueName":"search_term_string"}}],"inLanguage":"pt-BR"},{"@type":"Organization","@id":"https:\/\/noticiaempauta.com\/portal\/#organization","name":"Portal Not\u00edcia em Pauta","url":"https:\/\/noticiaempauta.com\/portal\/","logo":{"@type":"ImageObject","inLanguage":"pt-BR","@id":"https:\/\/noticiaempauta.com\/portal\/#\/schema\/logo\/image\/","url":"https:\/\/noticiaempauta.com\/portal\/wp-content\/uploads\/2022\/08\/logomarca_tema.fw_.png","contentUrl":"https:\/\/noticiaempauta.com\/portal\/wp-content\/uploads\/2022\/08\/logomarca_tema.fw_.png","width":400,"height":232,"caption":"Portal Not\u00edcia em Pauta"},"image":{"@id":"https:\/\/noticiaempauta.com\/portal\/#\/schema\/logo\/image\/"},"sameAs":["https:\/\/www.facebook.com\/Portal-Notcia-Em-Pauta-102292869264820\/","https:\/\/www.instagram.com\/portalnoticiaempauta\/"]},{"@type":"Person","@id":"https:\/\/noticiaempauta.com\/portal\/#\/schema\/person\/a74af43dd1ab3deca45f988c717d57ac","name":"Reda\u00e7\u00e3o","image":{"@type":"ImageObject","inLanguage":"pt-BR","@id":"https:\/\/noticiaempauta.com\/portal\/#\/schema\/person\/image\/","url":"https:\/\/secure.gravatar.com\/avatar\/03179346ecce6cdfc13361603e8f54242a90e5cde8618fa23c5c00aa2b0aadf3?s=96&d=mm&r=g","contentUrl":"https:\/\/secure.gravatar.com\/avatar\/03179346ecce6cdfc13361603e8f54242a90e5cde8618fa23c5c00aa2b0aadf3?s=96&d=mm&r=g","caption":"Reda\u00e7\u00e3o"},"sameAs":["https:\/\/noticiaempauta.com\/portal\/"],"url":"https:\/\/noticiaempauta.com\/portal\/author\/fernando\/"}]}},"_links":{"self":[{"href":"https:\/\/noticiaempauta.com\/portal\/wp-json\/wp\/v2\/posts\/280370","targetHints":{"allow":["GET"]}}],"collection":[{"href":"https:\/\/noticiaempauta.com\/portal\/wp-json\/wp\/v2\/posts"}],"about":[{"href":"https:\/\/noticiaempauta.com\/portal\/wp-json\/wp\/v2\/types\/post"}],"author":[{"embeddable":true,"href":"https:\/\/noticiaempauta.com\/portal\/wp-json\/wp\/v2\/users\/2"}],"replies":[{"embeddable":true,"href":"https:\/\/noticiaempauta.com\/portal\/wp-json\/wp\/v2\/comments?post=280370"}],"version-history":[{"count":2,"href":"https:\/\/noticiaempauta.com\/portal\/wp-json\/wp\/v2\/posts\/280370\/revisions"}],"predecessor-version":[{"id":280373,"href":"https:\/\/noticiaempauta.com\/portal\/wp-json\/wp\/v2\/posts\/280370\/revisions\/280373"}],"wp:featuredmedia":[{"embeddable":true,"href":"https:\/\/noticiaempauta.com\/portal\/wp-json\/wp\/v2\/media\/280371"}],"wp:attachment":[{"href":"https:\/\/noticiaempauta.com\/portal\/wp-json\/wp\/v2\/media?parent=280370"}],"wp:term":[{"taxonomy":"category","embeddable":true,"href":"https:\/\/noticiaempauta.com\/portal\/wp-json\/wp\/v2\/categories?post=280370"},{"taxonomy":"post_tag","embeddable":true,"href":"https:\/\/noticiaempauta.com\/portal\/wp-json\/wp\/v2\/tags?post=280370"}],"curies":[{"name":"wp","href":"https:\/\/api.w.org\/{rel}","templated":true}]}}