{"id":280385,"date":"2025-11-08T05:24:35","date_gmt":"2025-11-08T08:24:35","guid":{"rendered":"https:\/\/noticiaempauta.com\/portal\/?p=280385"},"modified":"2025-11-08T05:24:36","modified_gmt":"2025-11-08T08:24:36","slug":"tribunal-de-justica-do-piaui-inaugura-nucleo-multiprofissional-e-lanca-projeto-de-protecao-a-infancia-em-picos","status":"publish","type":"post","link":"https:\/\/noticiaempauta.com\/portal\/tribunal-de-justica-do-piaui-inaugura-nucleo-multiprofissional-e-lanca-projeto-de-protecao-a-infancia-em-picos\/","title":{"rendered":"Tribunal de Justi\u00e7a do Piau\u00ed inaugura N\u00facleo Multiprofissional e lan\u00e7a projeto de prote\u00e7\u00e3o \u00e0 inf\u00e2ncia em Picos"},"content":{"rendered":"\n<p>O Tribunal de Justi\u00e7a do Estado do Piau\u00ed (TJPI), por meio da Coordenadoria Estadual Judici\u00e1ria da Inf\u00e2ncia e da Juventude (CEJIJ\/PI), realizou, na manh\u00e3 desta sexta-feira (7), duas importantes a\u00e7\u00f5es institucionais na cidade de Picos, voltadas ao fortalecimento da rede de prote\u00e7\u00e3o \u00e0 inf\u00e2ncia e juventude no estado.<\/p>\n\n\n\n<figure class=\"wp-block-image size-large\"><img fetchpriority=\"high\" decoding=\"async\" width=\"1024\" height=\"683\" src=\"https:\/\/noticiaempauta.com\/portal\/wp-content\/uploads\/2025\/11\/WhatsApp-Image-2025-11-07-at-11.51.58-2-1024x683.jpeg\" alt=\"\" class=\"wp-image-280386\" srcset=\"https:\/\/noticiaempauta.com\/portal\/wp-content\/uploads\/2025\/11\/WhatsApp-Image-2025-11-07-at-11.51.58-2-1024x683.jpeg 1024w, https:\/\/noticiaempauta.com\/portal\/wp-content\/uploads\/2025\/11\/WhatsApp-Image-2025-11-07-at-11.51.58-2-300x200.jpeg 300w, https:\/\/noticiaempauta.com\/portal\/wp-content\/uploads\/2025\/11\/WhatsApp-Image-2025-11-07-at-11.51.58-2-768x512.jpeg 768w, https:\/\/noticiaempauta.com\/portal\/wp-content\/uploads\/2025\/11\/WhatsApp-Image-2025-11-07-at-11.51.58-2.jpeg 1280w\" sizes=\"(max-width: 1024px) 100vw, 1024px\" \/><\/figure>\n\n\n\n<p>A primeira delas foi a inaugura\u00e7\u00e3o do N\u00facleo Multiprofissional Regional (NMR) na Comarca de Picos, iniciativa que integra a pol\u00edtica de interioriza\u00e7\u00e3o e fortalecimento t\u00e9cnico do Poder Judici\u00e1rio piauiense. O espa\u00e7o tem como objetivo oferecer suporte especializado \u00e0s unidades judici\u00e1rias com compet\u00eancia exclusiva ou cumulativa na \u00e1rea da inf\u00e2ncia e juventude, nos termos da Resolu\u00e7\u00e3o TJPI n\u00ba 275\/2022.<\/p>\n\n\n\n<figure class=\"wp-block-image size-large\"><img decoding=\"async\" width=\"1024\" height=\"683\" src=\"https:\/\/noticiaempauta.com\/portal\/wp-content\/uploads\/2025\/11\/WhatsApp-Image-2025-11-07-at-11.51.57-1024x683.jpeg\" alt=\"\" class=\"wp-image-280387\" srcset=\"https:\/\/noticiaempauta.com\/portal\/wp-content\/uploads\/2025\/11\/WhatsApp-Image-2025-11-07-at-11.51.57-1024x683.jpeg 1024w, https:\/\/noticiaempauta.com\/portal\/wp-content\/uploads\/2025\/11\/WhatsApp-Image-2025-11-07-at-11.51.57-300x200.jpeg 300w, https:\/\/noticiaempauta.com\/portal\/wp-content\/uploads\/2025\/11\/WhatsApp-Image-2025-11-07-at-11.51.57-768x512.jpeg 768w, https:\/\/noticiaempauta.com\/portal\/wp-content\/uploads\/2025\/11\/WhatsApp-Image-2025-11-07-at-11.51.57.jpeg 1280w\" sizes=\"(max-width: 1024px) 100vw, 1024px\" \/><\/figure>\n\n\n\n<p>Durante a cerim\u00f4nia, foi formalizada a celebra\u00e7\u00e3o de Acordo de Coopera\u00e7\u00e3o T\u00e9cnica com o munic\u00edpio de Picos, representado pelo prefeito Dr. Pablo Santos, refor\u00e7ando a parceria entre o Judici\u00e1rio e o Executivo municipal. A a\u00e7\u00e3o assegura o suporte interinstitucional necess\u00e1rio \u00e0 efetividade das decis\u00f5es judiciais voltadas \u00e0 prote\u00e7\u00e3o dos direitos de crian\u00e7as e adolescentes.<\/p>\n\n\n\n<p>Em seguida, foi promovida a expans\u00e3o do projeto \u201cInf\u00e2ncia \u00e9 para Sonhar, N\u00e3o para Trabalhar\u201d, que atua no enfrentamento ao trabalho infantil e ao trabalho precoce. O evento reuniu magistrados(as), representantes do Minist\u00e9rio P\u00fablico, da Defensoria P\u00fablica, da rede de prote\u00e7\u00e3o, sociedade civil e imprensa local, em uma mobiliza\u00e7\u00e3o que destacou o compromisso do Judici\u00e1rio piauiense com a erradica\u00e7\u00e3o de pr\u00e1ticas que violam a dignidade infantojuvenil.<\/p>\n\n\n\n<figure class=\"wp-block-image size-large\"><img decoding=\"async\" width=\"1024\" height=\"683\" src=\"https:\/\/noticiaempauta.com\/portal\/wp-content\/uploads\/2025\/11\/WhatsApp-Image-2025-11-07-at-11.51.57-2-1200x800-1-1024x683.jpeg\" alt=\"\" class=\"wp-image-280388\" srcset=\"https:\/\/noticiaempauta.com\/portal\/wp-content\/uploads\/2025\/11\/WhatsApp-Image-2025-11-07-at-11.51.57-2-1200x800-1-1024x683.jpeg 1024w, https:\/\/noticiaempauta.com\/portal\/wp-content\/uploads\/2025\/11\/WhatsApp-Image-2025-11-07-at-11.51.57-2-1200x800-1-300x200.jpeg 300w, https:\/\/noticiaempauta.com\/portal\/wp-content\/uploads\/2025\/11\/WhatsApp-Image-2025-11-07-at-11.51.57-2-1200x800-1-768x512.jpeg 768w, https:\/\/noticiaempauta.com\/portal\/wp-content\/uploads\/2025\/11\/WhatsApp-Image-2025-11-07-at-11.51.57-2-1200x800-1.jpeg 1200w\" sizes=\"(max-width: 1024px) 100vw, 1024px\" \/><\/figure>\n\n\n\n<p>\u201cEste \u00e9 um passo importante na interioriza\u00e7\u00e3o das pol\u00edticas de cuidado com nossas crian\u00e7as e adolescentes. Fortalecer a rede de prote\u00e7\u00e3o significa proteger o futuro. Estamos ampliando o alcance do Judici\u00e1rio com presen\u00e7a t\u00e9cnica qualificada e iniciativas que transformam realidades\u201d, destacou o presidente do TJPI, desembargador Aderson Nogueira.<\/p>\n\n\n\n<p>O presidente tamb\u00e9m ressaltou que a iniciativa refor\u00e7a o compromisso institucional com a preven\u00e7\u00e3o e o enfrentamento ao trabalho infantil, alinhado \u00e0s diretrizes nacionais de prote\u00e7\u00e3o da inf\u00e2ncia e juventude.<\/p>\n\n\n\n<p>Segundo o Supervisor-Geral da CEJIJ\/PI, desembargador Ol\u00edmpio Galv\u00e3o, as a\u00e7\u00f5es refletem o compromisso do Tribunal de Justi\u00e7a com a efetiva\u00e7\u00e3o dos direitos fundamentais e a atua\u00e7\u00e3o integrada em defesa da inf\u00e2ncia e juventude. \u201cEssas iniciativas concretizam o princ\u00edpio constitucional da prote\u00e7\u00e3o integral e da prioridade absoluta da crian\u00e7a e do adolescente, fortalecendo o papel do Judici\u00e1rio como agente articulador de pol\u00edticas p\u00fablicas e promotor de uma inf\u00e2ncia livre, segura e digna\u201d, ressaltou.<\/p>\n\n\n\n<p>Fonte: TJ-PI<\/p>\n","protected":false},"excerpt":{"rendered":"<p>O Tribunal de Justi\u00e7a do Estado do Piau\u00ed (TJPI), por meio da Coordenadoria Estadual Judici\u00e1ria da Inf\u00e2ncia e da Juventude (CEJIJ\/PI), realizou, na manh\u00e3 desta sexta-feira (7), duas importantes a\u00e7\u00f5es institucionais na cidade de Picos, voltadas ao fortalecimento da rede de prote\u00e7\u00e3o \u00e0 inf\u00e2ncia e juventude no estado. A primeira delas foi a inaugura\u00e7\u00e3o do [&hellip;]<\/p>\n","protected":false},"author":2,"featured_media":280386,"comment_status":"open","ping_status":"open","sticky":false,"template":"","format":"standard","meta":{"_mi_skip_tracking":false,"footnotes":""},"categories":[25,1,16],"tags":[192],"class_list":["post-280385","post","type-post","status-publish","format-standard","has-post-thumbnail","hentry","category-destaques-site","category-geral","category-todas","tag-destaqueprincipal"],"acf":[],"yoast_head":"<!-- This site is optimized with the Yoast SEO Premium plugin v19.2 (Yoast SEO v26.9) - https:\/\/yoast.com\/product\/yoast-seo-premium-wordpress\/ -->\n<title>Tribunal de Justi\u00e7a do Piau\u00ed inaugura N\u00facleo Multiprofissional e lan\u00e7a projeto de prote\u00e7\u00e3o \u00e0 inf\u00e2ncia em Picos - Portal Not\u00edcia em Pauta<\/title>\n<meta name=\"robots\" content=\"index, follow, max-snippet:-1, max-image-preview:large, max-video-preview:-1\" \/>\n<link rel=\"canonical\" href=\"https:\/\/noticiaempauta.com\/portal\/tribunal-de-justica-do-piaui-inaugura-nucleo-multiprofissional-e-lanca-projeto-de-protecao-a-infancia-em-picos\/\" \/>\n<meta property=\"og:locale\" content=\"pt_BR\" \/>\n<meta property=\"og:type\" content=\"article\" \/>\n<meta property=\"og:title\" content=\"Tribunal de Justi\u00e7a do Piau\u00ed inaugura N\u00facleo Multiprofissional e lan\u00e7a projeto de prote\u00e7\u00e3o \u00e0 inf\u00e2ncia em Picos\" \/>\n<meta property=\"og:description\" content=\"O Tribunal de Justi\u00e7a do Estado do Piau\u00ed (TJPI), por meio da Coordenadoria Estadual Judici\u00e1ria da Inf\u00e2ncia e da Juventude (CEJIJ\/PI), realizou, na manh\u00e3 desta sexta-feira (7), duas importantes a\u00e7\u00f5es institucionais na cidade de Picos, voltadas ao fortalecimento da rede de prote\u00e7\u00e3o \u00e0 inf\u00e2ncia e juventude no estado. A primeira delas foi a inaugura\u00e7\u00e3o do [&hellip;]\" \/>\n<meta property=\"og:url\" content=\"https:\/\/noticiaempauta.com\/portal\/tribunal-de-justica-do-piaui-inaugura-nucleo-multiprofissional-e-lanca-projeto-de-protecao-a-infancia-em-picos\/\" \/>\n<meta property=\"og:site_name\" content=\"Portal Not\u00edcia em Pauta\" \/>\n<meta property=\"article:publisher\" content=\"https:\/\/www.facebook.com\/Portal-Notcia-Em-Pauta-102292869264820\/\" \/>\n<meta property=\"article:published_time\" content=\"2025-11-08T08:24:35+00:00\" \/>\n<meta property=\"article:modified_time\" content=\"2025-11-08T08:24:36+00:00\" \/>\n<meta property=\"og:image\" content=\"https:\/\/noticiaempauta.com\/portal\/wp-content\/uploads\/2025\/11\/WhatsApp-Image-2025-11-07-at-11.51.58-2.jpeg\" \/>\n\t<meta property=\"og:image:width\" content=\"1280\" \/>\n\t<meta property=\"og:image:height\" content=\"854\" \/>\n\t<meta property=\"og:image:type\" content=\"image\/jpeg\" \/>\n<meta name=\"author\" content=\"Reda\u00e7\u00e3o\" \/>\n<meta name=\"twitter:card\" content=\"summary_large_image\" \/>\n<meta name=\"twitter:label1\" content=\"Escrito por\" \/>\n\t<meta name=\"twitter:data1\" content=\"Reda\u00e7\u00e3o\" \/>\n\t<meta name=\"twitter:label2\" content=\"Est. tempo de leitura\" \/>\n\t<meta name=\"twitter:data2\" content=\"3 minutos\" \/>\n<script type=\"application\/ld+json\" class=\"yoast-schema-graph\">{\"@context\":\"https:\/\/schema.org\",\"@graph\":[{\"@type\":\"Article\",\"@id\":\"https:\/\/noticiaempauta.com\/portal\/tribunal-de-justica-do-piaui-inaugura-nucleo-multiprofissional-e-lanca-projeto-de-protecao-a-infancia-em-picos\/#article\",\"isPartOf\":{\"@id\":\"https:\/\/noticiaempauta.com\/portal\/tribunal-de-justica-do-piaui-inaugura-nucleo-multiprofissional-e-lanca-projeto-de-protecao-a-infancia-em-picos\/\"},\"author\":{\"name\":\"Reda\u00e7\u00e3o\",\"@id\":\"https:\/\/noticiaempauta.com\/portal\/#\/schema\/person\/a74af43dd1ab3deca45f988c717d57ac\"},\"headline\":\"Tribunal de Justi\u00e7a do Piau\u00ed inaugura N\u00facleo Multiprofissional e lan\u00e7a projeto de prote\u00e7\u00e3o \u00e0 inf\u00e2ncia em Picos\",\"datePublished\":\"2025-11-08T08:24:35+00:00\",\"dateModified\":\"2025-11-08T08:24:36+00:00\",\"mainEntityOfPage\":{\"@id\":\"https:\/\/noticiaempauta.com\/portal\/tribunal-de-justica-do-piaui-inaugura-nucleo-multiprofissional-e-lanca-projeto-de-protecao-a-infancia-em-picos\/\"},\"wordCount\":461,\"commentCount\":0,\"publisher\":{\"@id\":\"https:\/\/noticiaempauta.com\/portal\/#organization\"},\"image\":{\"@id\":\"https:\/\/noticiaempauta.com\/portal\/tribunal-de-justica-do-piaui-inaugura-nucleo-multiprofissional-e-lanca-projeto-de-protecao-a-infancia-em-picos\/#primaryimage\"},\"thumbnailUrl\":\"https:\/\/noticiaempauta.com\/portal\/wp-content\/uploads\/2025\/11\/WhatsApp-Image-2025-11-07-at-11.51.58-2.jpeg\",\"keywords\":[\"destaqueprincipal\"],\"articleSection\":[\"Destaques\",\"Geral\",\"Todas as Not\u00edcias\"],\"inLanguage\":\"pt-BR\",\"potentialAction\":[{\"@type\":\"CommentAction\",\"name\":\"Comment\",\"target\":[\"https:\/\/noticiaempauta.com\/portal\/tribunal-de-justica-do-piaui-inaugura-nucleo-multiprofissional-e-lanca-projeto-de-protecao-a-infancia-em-picos\/#respond\"]}]},{\"@type\":\"WebPage\",\"@id\":\"https:\/\/noticiaempauta.com\/portal\/tribunal-de-justica-do-piaui-inaugura-nucleo-multiprofissional-e-lanca-projeto-de-protecao-a-infancia-em-picos\/\",\"url\":\"https:\/\/noticiaempauta.com\/portal\/tribunal-de-justica-do-piaui-inaugura-nucleo-multiprofissional-e-lanca-projeto-de-protecao-a-infancia-em-picos\/\",\"name\":\"Tribunal de Justi\u00e7a do Piau\u00ed inaugura N\u00facleo Multiprofissional e lan\u00e7a projeto de prote\u00e7\u00e3o \u00e0 inf\u00e2ncia em Picos - Portal Not\u00edcia em Pauta\",\"isPartOf\":{\"@id\":\"https:\/\/noticiaempauta.com\/portal\/#website\"},\"primaryImageOfPage\":{\"@id\":\"https:\/\/noticiaempauta.com\/portal\/tribunal-de-justica-do-piaui-inaugura-nucleo-multiprofissional-e-lanca-projeto-de-protecao-a-infancia-em-picos\/#primaryimage\"},\"image\":{\"@id\":\"https:\/\/noticiaempauta.com\/portal\/tribunal-de-justica-do-piaui-inaugura-nucleo-multiprofissional-e-lanca-projeto-de-protecao-a-infancia-em-picos\/#primaryimage\"},\"thumbnailUrl\":\"https:\/\/noticiaempauta.com\/portal\/wp-content\/uploads\/2025\/11\/WhatsApp-Image-2025-11-07-at-11.51.58-2.jpeg\",\"datePublished\":\"2025-11-08T08:24:35+00:00\",\"dateModified\":\"2025-11-08T08:24:36+00:00\",\"breadcrumb\":{\"@id\":\"https:\/\/noticiaempauta.com\/portal\/tribunal-de-justica-do-piaui-inaugura-nucleo-multiprofissional-e-lanca-projeto-de-protecao-a-infancia-em-picos\/#breadcrumb\"},\"inLanguage\":\"pt-BR\",\"potentialAction\":[{\"@type\":\"ReadAction\",\"target\":[\"https:\/\/noticiaempauta.com\/portal\/tribunal-de-justica-do-piaui-inaugura-nucleo-multiprofissional-e-lanca-projeto-de-protecao-a-infancia-em-picos\/\"]}]},{\"@type\":\"ImageObject\",\"inLanguage\":\"pt-BR\",\"@id\":\"https:\/\/noticiaempauta.com\/portal\/tribunal-de-justica-do-piaui-inaugura-nucleo-multiprofissional-e-lanca-projeto-de-protecao-a-infancia-em-picos\/#primaryimage\",\"url\":\"https:\/\/noticiaempauta.com\/portal\/wp-content\/uploads\/2025\/11\/WhatsApp-Image-2025-11-07-at-11.51.58-2.jpeg\",\"contentUrl\":\"https:\/\/noticiaempauta.com\/portal\/wp-content\/uploads\/2025\/11\/WhatsApp-Image-2025-11-07-at-11.51.58-2.jpeg\",\"width\":1280,\"height\":854},{\"@type\":\"BreadcrumbList\",\"@id\":\"https:\/\/noticiaempauta.com\/portal\/tribunal-de-justica-do-piaui-inaugura-nucleo-multiprofissional-e-lanca-projeto-de-protecao-a-infancia-em-picos\/#breadcrumb\",\"itemListElement\":[{\"@type\":\"ListItem\",\"position\":1,\"name\":\"P\u00e1gina Inicial\",\"item\":\"https:\/\/noticiaempauta.com\/portal\/\"},{\"@type\":\"ListItem\",\"position\":2,\"name\":\"Destaques\",\"item\":\"https:\/\/noticiaempauta.com\/portal\/destaques-site\/\"},{\"@type\":\"ListItem\",\"position\":3,\"name\":\"Tribunal de Justi\u00e7a do Piau\u00ed inaugura N\u00facleo Multiprofissional e lan\u00e7a projeto de prote\u00e7\u00e3o \u00e0 inf\u00e2ncia em Picos\"}]},{\"@type\":\"WebSite\",\"@id\":\"https:\/\/noticiaempauta.com\/portal\/#website\",\"url\":\"https:\/\/noticiaempauta.com\/portal\/\",\"name\":\"Portal Not\u00edcia em Pauta\",\"description\":\"Voc\u00ea bem informado\",\"publisher\":{\"@id\":\"https:\/\/noticiaempauta.com\/portal\/#organization\"},\"potentialAction\":[{\"@type\":\"SearchAction\",\"target\":{\"@type\":\"EntryPoint\",\"urlTemplate\":\"https:\/\/noticiaempauta.com\/portal\/?s={search_term_string}\"},\"query-input\":{\"@type\":\"PropertyValueSpecification\",\"valueRequired\":true,\"valueName\":\"search_term_string\"}}],\"inLanguage\":\"pt-BR\"},{\"@type\":\"Organization\",\"@id\":\"https:\/\/noticiaempauta.com\/portal\/#organization\",\"name\":\"Portal Not\u00edcia em Pauta\",\"url\":\"https:\/\/noticiaempauta.com\/portal\/\",\"logo\":{\"@type\":\"ImageObject\",\"inLanguage\":\"pt-BR\",\"@id\":\"https:\/\/noticiaempauta.com\/portal\/#\/schema\/logo\/image\/\",\"url\":\"https:\/\/noticiaempauta.com\/portal\/wp-content\/uploads\/2022\/08\/logomarca_tema.fw_.png\",\"contentUrl\":\"https:\/\/noticiaempauta.com\/portal\/wp-content\/uploads\/2022\/08\/logomarca_tema.fw_.png\",\"width\":400,\"height\":232,\"caption\":\"Portal Not\u00edcia em Pauta\"},\"image\":{\"@id\":\"https:\/\/noticiaempauta.com\/portal\/#\/schema\/logo\/image\/\"},\"sameAs\":[\"https:\/\/www.facebook.com\/Portal-Notcia-Em-Pauta-102292869264820\/\",\"https:\/\/www.instagram.com\/portalnoticiaempauta\/\"]},{\"@type\":\"Person\",\"@id\":\"https:\/\/noticiaempauta.com\/portal\/#\/schema\/person\/a74af43dd1ab3deca45f988c717d57ac\",\"name\":\"Reda\u00e7\u00e3o\",\"image\":{\"@type\":\"ImageObject\",\"inLanguage\":\"pt-BR\",\"@id\":\"https:\/\/noticiaempauta.com\/portal\/#\/schema\/person\/image\/\",\"url\":\"https:\/\/secure.gravatar.com\/avatar\/03179346ecce6cdfc13361603e8f54242a90e5cde8618fa23c5c00aa2b0aadf3?s=96&d=mm&r=g\",\"contentUrl\":\"https:\/\/secure.gravatar.com\/avatar\/03179346ecce6cdfc13361603e8f54242a90e5cde8618fa23c5c00aa2b0aadf3?s=96&d=mm&r=g\",\"caption\":\"Reda\u00e7\u00e3o\"},\"sameAs\":[\"https:\/\/noticiaempauta.com\/portal\/\"],\"url\":\"https:\/\/noticiaempauta.com\/portal\/author\/fernando\/\"}]}<\/script>\n<!-- \/ Yoast SEO Premium plugin. -->","yoast_head_json":{"title":"Tribunal de Justi\u00e7a do Piau\u00ed inaugura N\u00facleo Multiprofissional e lan\u00e7a projeto de prote\u00e7\u00e3o \u00e0 inf\u00e2ncia em Picos - Portal Not\u00edcia em Pauta","robots":{"index":"index","follow":"follow","max-snippet":"max-snippet:-1","max-image-preview":"max-image-preview:large","max-video-preview":"max-video-preview:-1"},"canonical":"https:\/\/noticiaempauta.com\/portal\/tribunal-de-justica-do-piaui-inaugura-nucleo-multiprofissional-e-lanca-projeto-de-protecao-a-infancia-em-picos\/","og_locale":"pt_BR","og_type":"article","og_title":"Tribunal de Justi\u00e7a do Piau\u00ed inaugura N\u00facleo Multiprofissional e lan\u00e7a projeto de prote\u00e7\u00e3o \u00e0 inf\u00e2ncia em Picos","og_description":"O Tribunal de Justi\u00e7a do Estado do Piau\u00ed (TJPI), por meio da Coordenadoria Estadual Judici\u00e1ria da Inf\u00e2ncia e da Juventude (CEJIJ\/PI), realizou, na manh\u00e3 desta sexta-feira (7), duas importantes a\u00e7\u00f5es institucionais na cidade de Picos, voltadas ao fortalecimento da rede de prote\u00e7\u00e3o \u00e0 inf\u00e2ncia e juventude no estado. A primeira delas foi a inaugura\u00e7\u00e3o do [&hellip;]","og_url":"https:\/\/noticiaempauta.com\/portal\/tribunal-de-justica-do-piaui-inaugura-nucleo-multiprofissional-e-lanca-projeto-de-protecao-a-infancia-em-picos\/","og_site_name":"Portal Not\u00edcia em Pauta","article_publisher":"https:\/\/www.facebook.com\/Portal-Notcia-Em-Pauta-102292869264820\/","article_published_time":"2025-11-08T08:24:35+00:00","article_modified_time":"2025-11-08T08:24:36+00:00","og_image":[{"width":1280,"height":854,"url":"https:\/\/noticiaempauta.com\/portal\/wp-content\/uploads\/2025\/11\/WhatsApp-Image-2025-11-07-at-11.51.58-2.jpeg","type":"image\/jpeg"}],"author":"Reda\u00e7\u00e3o","twitter_card":"summary_large_image","twitter_misc":{"Escrito por":"Reda\u00e7\u00e3o","Est. tempo de leitura":"3 minutos"},"schema":{"@context":"https:\/\/schema.org","@graph":[{"@type":"Article","@id":"https:\/\/noticiaempauta.com\/portal\/tribunal-de-justica-do-piaui-inaugura-nucleo-multiprofissional-e-lanca-projeto-de-protecao-a-infancia-em-picos\/#article","isPartOf":{"@id":"https:\/\/noticiaempauta.com\/portal\/tribunal-de-justica-do-piaui-inaugura-nucleo-multiprofissional-e-lanca-projeto-de-protecao-a-infancia-em-picos\/"},"author":{"name":"Reda\u00e7\u00e3o","@id":"https:\/\/noticiaempauta.com\/portal\/#\/schema\/person\/a74af43dd1ab3deca45f988c717d57ac"},"headline":"Tribunal de Justi\u00e7a do Piau\u00ed inaugura N\u00facleo Multiprofissional e lan\u00e7a projeto de prote\u00e7\u00e3o \u00e0 inf\u00e2ncia em Picos","datePublished":"2025-11-08T08:24:35+00:00","dateModified":"2025-11-08T08:24:36+00:00","mainEntityOfPage":{"@id":"https:\/\/noticiaempauta.com\/portal\/tribunal-de-justica-do-piaui-inaugura-nucleo-multiprofissional-e-lanca-projeto-de-protecao-a-infancia-em-picos\/"},"wordCount":461,"commentCount":0,"publisher":{"@id":"https:\/\/noticiaempauta.com\/portal\/#organization"},"image":{"@id":"https:\/\/noticiaempauta.com\/portal\/tribunal-de-justica-do-piaui-inaugura-nucleo-multiprofissional-e-lanca-projeto-de-protecao-a-infancia-em-picos\/#primaryimage"},"thumbnailUrl":"https:\/\/noticiaempauta.com\/portal\/wp-content\/uploads\/2025\/11\/WhatsApp-Image-2025-11-07-at-11.51.58-2.jpeg","keywords":["destaqueprincipal"],"articleSection":["Destaques","Geral","Todas as Not\u00edcias"],"inLanguage":"pt-BR","potentialAction":[{"@type":"CommentAction","name":"Comment","target":["https:\/\/noticiaempauta.com\/portal\/tribunal-de-justica-do-piaui-inaugura-nucleo-multiprofissional-e-lanca-projeto-de-protecao-a-infancia-em-picos\/#respond"]}]},{"@type":"WebPage","@id":"https:\/\/noticiaempauta.com\/portal\/tribunal-de-justica-do-piaui-inaugura-nucleo-multiprofissional-e-lanca-projeto-de-protecao-a-infancia-em-picos\/","url":"https:\/\/noticiaempauta.com\/portal\/tribunal-de-justica-do-piaui-inaugura-nucleo-multiprofissional-e-lanca-projeto-de-protecao-a-infancia-em-picos\/","name":"Tribunal de Justi\u00e7a do Piau\u00ed inaugura N\u00facleo Multiprofissional e lan\u00e7a projeto de prote\u00e7\u00e3o \u00e0 inf\u00e2ncia em Picos - Portal Not\u00edcia em Pauta","isPartOf":{"@id":"https:\/\/noticiaempauta.com\/portal\/#website"},"primaryImageOfPage":{"@id":"https:\/\/noticiaempauta.com\/portal\/tribunal-de-justica-do-piaui-inaugura-nucleo-multiprofissional-e-lanca-projeto-de-protecao-a-infancia-em-picos\/#primaryimage"},"image":{"@id":"https:\/\/noticiaempauta.com\/portal\/tribunal-de-justica-do-piaui-inaugura-nucleo-multiprofissional-e-lanca-projeto-de-protecao-a-infancia-em-picos\/#primaryimage"},"thumbnailUrl":"https:\/\/noticiaempauta.com\/portal\/wp-content\/uploads\/2025\/11\/WhatsApp-Image-2025-11-07-at-11.51.58-2.jpeg","datePublished":"2025-11-08T08:24:35+00:00","dateModified":"2025-11-08T08:24:36+00:00","breadcrumb":{"@id":"https:\/\/noticiaempauta.com\/portal\/tribunal-de-justica-do-piaui-inaugura-nucleo-multiprofissional-e-lanca-projeto-de-protecao-a-infancia-em-picos\/#breadcrumb"},"inLanguage":"pt-BR","potentialAction":[{"@type":"ReadAction","target":["https:\/\/noticiaempauta.com\/portal\/tribunal-de-justica-do-piaui-inaugura-nucleo-multiprofissional-e-lanca-projeto-de-protecao-a-infancia-em-picos\/"]}]},{"@type":"ImageObject","inLanguage":"pt-BR","@id":"https:\/\/noticiaempauta.com\/portal\/tribunal-de-justica-do-piaui-inaugura-nucleo-multiprofissional-e-lanca-projeto-de-protecao-a-infancia-em-picos\/#primaryimage","url":"https:\/\/noticiaempauta.com\/portal\/wp-content\/uploads\/2025\/11\/WhatsApp-Image-2025-11-07-at-11.51.58-2.jpeg","contentUrl":"https:\/\/noticiaempauta.com\/portal\/wp-content\/uploads\/2025\/11\/WhatsApp-Image-2025-11-07-at-11.51.58-2.jpeg","width":1280,"height":854},{"@type":"BreadcrumbList","@id":"https:\/\/noticiaempauta.com\/portal\/tribunal-de-justica-do-piaui-inaugura-nucleo-multiprofissional-e-lanca-projeto-de-protecao-a-infancia-em-picos\/#breadcrumb","itemListElement":[{"@type":"ListItem","position":1,"name":"P\u00e1gina Inicial","item":"https:\/\/noticiaempauta.com\/portal\/"},{"@type":"ListItem","position":2,"name":"Destaques","item":"https:\/\/noticiaempauta.com\/portal\/destaques-site\/"},{"@type":"ListItem","position":3,"name":"Tribunal de Justi\u00e7a do Piau\u00ed inaugura N\u00facleo Multiprofissional e lan\u00e7a projeto de prote\u00e7\u00e3o \u00e0 inf\u00e2ncia em Picos"}]},{"@type":"WebSite","@id":"https:\/\/noticiaempauta.com\/portal\/#website","url":"https:\/\/noticiaempauta.com\/portal\/","name":"Portal Not\u00edcia em Pauta","description":"Voc\u00ea bem informado","publisher":{"@id":"https:\/\/noticiaempauta.com\/portal\/#organization"},"potentialAction":[{"@type":"SearchAction","target":{"@type":"EntryPoint","urlTemplate":"https:\/\/noticiaempauta.com\/portal\/?s={search_term_string}"},"query-input":{"@type":"PropertyValueSpecification","valueRequired":true,"valueName":"search_term_string"}}],"inLanguage":"pt-BR"},{"@type":"Organization","@id":"https:\/\/noticiaempauta.com\/portal\/#organization","name":"Portal Not\u00edcia em Pauta","url":"https:\/\/noticiaempauta.com\/portal\/","logo":{"@type":"ImageObject","inLanguage":"pt-BR","@id":"https:\/\/noticiaempauta.com\/portal\/#\/schema\/logo\/image\/","url":"https:\/\/noticiaempauta.com\/portal\/wp-content\/uploads\/2022\/08\/logomarca_tema.fw_.png","contentUrl":"https:\/\/noticiaempauta.com\/portal\/wp-content\/uploads\/2022\/08\/logomarca_tema.fw_.png","width":400,"height":232,"caption":"Portal Not\u00edcia em Pauta"},"image":{"@id":"https:\/\/noticiaempauta.com\/portal\/#\/schema\/logo\/image\/"},"sameAs":["https:\/\/www.facebook.com\/Portal-Notcia-Em-Pauta-102292869264820\/","https:\/\/www.instagram.com\/portalnoticiaempauta\/"]},{"@type":"Person","@id":"https:\/\/noticiaempauta.com\/portal\/#\/schema\/person\/a74af43dd1ab3deca45f988c717d57ac","name":"Reda\u00e7\u00e3o","image":{"@type":"ImageObject","inLanguage":"pt-BR","@id":"https:\/\/noticiaempauta.com\/portal\/#\/schema\/person\/image\/","url":"https:\/\/secure.gravatar.com\/avatar\/03179346ecce6cdfc13361603e8f54242a90e5cde8618fa23c5c00aa2b0aadf3?s=96&d=mm&r=g","contentUrl":"https:\/\/secure.gravatar.com\/avatar\/03179346ecce6cdfc13361603e8f54242a90e5cde8618fa23c5c00aa2b0aadf3?s=96&d=mm&r=g","caption":"Reda\u00e7\u00e3o"},"sameAs":["https:\/\/noticiaempauta.com\/portal\/"],"url":"https:\/\/noticiaempauta.com\/portal\/author\/fernando\/"}]}},"_links":{"self":[{"href":"https:\/\/noticiaempauta.com\/portal\/wp-json\/wp\/v2\/posts\/280385","targetHints":{"allow":["GET"]}}],"collection":[{"href":"https:\/\/noticiaempauta.com\/portal\/wp-json\/wp\/v2\/posts"}],"about":[{"href":"https:\/\/noticiaempauta.com\/portal\/wp-json\/wp\/v2\/types\/post"}],"author":[{"embeddable":true,"href":"https:\/\/noticiaempauta.com\/portal\/wp-json\/wp\/v2\/users\/2"}],"replies":[{"embeddable":true,"href":"https:\/\/noticiaempauta.com\/portal\/wp-json\/wp\/v2\/comments?post=280385"}],"version-history":[{"count":2,"href":"https:\/\/noticiaempauta.com\/portal\/wp-json\/wp\/v2\/posts\/280385\/revisions"}],"predecessor-version":[{"id":280390,"href":"https:\/\/noticiaempauta.com\/portal\/wp-json\/wp\/v2\/posts\/280385\/revisions\/280390"}],"wp:featuredmedia":[{"embeddable":true,"href":"https:\/\/noticiaempauta.com\/portal\/wp-json\/wp\/v2\/media\/280386"}],"wp:attachment":[{"href":"https:\/\/noticiaempauta.com\/portal\/wp-json\/wp\/v2\/media?parent=280385"}],"wp:term":[{"taxonomy":"category","embeddable":true,"href":"https:\/\/noticiaempauta.com\/portal\/wp-json\/wp\/v2\/categories?post=280385"},{"taxonomy":"post_tag","embeddable":true,"href":"https:\/\/noticiaempauta.com\/portal\/wp-json\/wp\/v2\/tags?post=280385"}],"curies":[{"name":"wp","href":"https:\/\/api.w.org\/{rel}","templated":true}]}}