{"id":280391,"date":"2025-11-08T05:33:30","date_gmt":"2025-11-08T08:33:30","guid":{"rendered":"https:\/\/noticiaempauta.com\/portal\/?p=280391"},"modified":"2025-11-08T05:35:28","modified_gmt":"2025-11-08T08:35:28","slug":"representantes-da-prefeitura-de-aroeiras-do-itaim-se-reunem-com-os-vereadores-da-camara-para-reafirmar-compromisso-com-dialogo-legalidade-e-equilibrio-fiscal","status":"publish","type":"post","link":"https:\/\/noticiaempauta.com\/portal\/representantes-da-prefeitura-de-aroeiras-do-itaim-se-reunem-com-os-vereadores-da-camara-para-reafirmar-compromisso-com-dialogo-legalidade-e-equilibrio-fiscal\/","title":{"rendered":"Representantes da gest\u00e3o municipal e vereadores  reafirmam compromisso com di\u00e1logo, legalidade e equil\u00edbrio fiscal durante reuni\u00e3o em Aroeiras do Itaim"},"content":{"rendered":"\n<p>A Prefeitura Municipal de Aroeiras do Itaim, em parceria com a C\u00e2mara de Vereadores de Aroeiras do Itaim, realizaram&nbsp;reuni\u00e3o para debater pautas de interesse da popula\u00e7\u00e3o e demandas apresentadas pelos Vereadores nesta quinta-feira (06).<\/p>\n\n\n\n<figure class=\"wp-block-image size-large\"><img fetchpriority=\"high\" decoding=\"async\" width=\"1024\" height=\"768\" src=\"https:\/\/noticiaempauta.com\/portal\/wp-content\/uploads\/2025\/11\/e191fc00-7fd4-444e-87ec-20d7ecdbf370-1024x768.jpg\" alt=\"\" class=\"wp-image-280397\" srcset=\"https:\/\/noticiaempauta.com\/portal\/wp-content\/uploads\/2025\/11\/e191fc00-7fd4-444e-87ec-20d7ecdbf370-1024x768.jpg 1024w, https:\/\/noticiaempauta.com\/portal\/wp-content\/uploads\/2025\/11\/e191fc00-7fd4-444e-87ec-20d7ecdbf370-300x225.jpg 300w, https:\/\/noticiaempauta.com\/portal\/wp-content\/uploads\/2025\/11\/e191fc00-7fd4-444e-87ec-20d7ecdbf370-768x576.jpg 768w, https:\/\/noticiaempauta.com\/portal\/wp-content\/uploads\/2025\/11\/e191fc00-7fd4-444e-87ec-20d7ecdbf370.jpg 1280w\" sizes=\"(max-width: 1024px) 100vw, 1024px\" \/><figcaption class=\"wp-element-caption\"><em>(Fotos: AgoraED)<\/em><\/figcaption><\/figure>\n\n\n\n<p>A reuni\u00e3o destacou o compromisso da gest\u00e3o com o di\u00e1logo entre os poderes, a valoriza\u00e7\u00e3o dos servidores e o respeito \u00e0s normas legais e regimentais.<\/p>\n\n\n\n<p><strong>Participantes<\/strong><\/p>\n\n\n\n<p>Atendendo a requerimento da C\u00e2mara, a Prefeitura foi representada pelo<strong>&nbsp;Vice-Prefeito Z\u00eanio Neves&nbsp;<\/strong>que representou&nbsp;o Prefeito Marciano Macedo.<\/p>\n\n\n\n<p>Tamb\u00e9m participaram o Procurador-Geral do Munic\u00edpio, Dr. Elianderson Moura; o Assessor Jur\u00eddico, Dr. Maycon Luz; e o Contador P\u00fablico, Sr. Natan Rosa.<\/p>\n\n\n\n<figure class=\"wp-block-image size-large\"><img decoding=\"async\" width=\"1024\" height=\"768\" src=\"https:\/\/noticiaempauta.com\/portal\/wp-content\/uploads\/2025\/11\/e7bbe1ef-340a-4ca9-bc22-ea7d626e0a5f-1024x768.jpg\" alt=\"\" class=\"wp-image-280396\" srcset=\"https:\/\/noticiaempauta.com\/portal\/wp-content\/uploads\/2025\/11\/e7bbe1ef-340a-4ca9-bc22-ea7d626e0a5f-1024x768.jpg 1024w, https:\/\/noticiaempauta.com\/portal\/wp-content\/uploads\/2025\/11\/e7bbe1ef-340a-4ca9-bc22-ea7d626e0a5f-300x225.jpg 300w, https:\/\/noticiaempauta.com\/portal\/wp-content\/uploads\/2025\/11\/e7bbe1ef-340a-4ca9-bc22-ea7d626e0a5f-768x576.jpg 768w, https:\/\/noticiaempauta.com\/portal\/wp-content\/uploads\/2025\/11\/e7bbe1ef-340a-4ca9-bc22-ea7d626e0a5f.jpg 1280w\" sizes=\"(max-width: 1024px) 100vw, 1024px\" \/><\/figure>\n\n\n\n<p>Pela C\u00e2mara, estiveram presentes o Presidente, Vereador Lucielton, e os vereadores Chico de Mundico, Jos\u00e9 Galego, Roberto Mam\u00f4, Justino, Manim de S\u00edlvia e Louro Pio.<\/p>\n\n\n\n<p><strong>Pautas em discuss\u00e3o<\/strong><\/p>\n\n\n\n<p>Durante a reuni\u00e3o, foram debatidos temas de relev\u00e2ncia para a gest\u00e3o p\u00fablica e para o funcionalismo municipal:<\/p>\n\n\n\n<p>&#8211; Reajuste dos secret\u00e1rios municipais: os vencimentos est\u00e3o atualmente defasados. A gest\u00e3o informou que o projeto de atualiza\u00e7\u00e3o j\u00e1 foi encaminhado anteriormente, mas ainda n\u00e3o entrou em pauta na Casa Legislativa.<\/p>\n\n\n\n<p>&#8211; Reajuste dos conselheiros tutelares: proposta de aumento de 30%, a ser implementado gradualmente at\u00e9 o final da atual gest\u00e3o, em reconhecimento ao trabalho desempenhado pela categoria.<\/p>\n\n\n\n<p>&#8211; Tramita\u00e7\u00e3o da Lei Or\u00e7ament\u00e1ria Anual (LOA): houve pedido de vista durante a aprecia\u00e7\u00e3o da pauta. O tema gerou debate, uma vez que o regimento interno n\u00e3o prev\u00ea esse tipo de solicita\u00e7\u00e3o, conforme pontuado em plen\u00e1rio.<\/p>\n\n\n\n<figure class=\"wp-block-image size-large\"><img decoding=\"async\" width=\"1024\" height=\"768\" src=\"https:\/\/noticiaempauta.com\/portal\/wp-content\/uploads\/2025\/11\/2f43dd11-6786-42d2-a971-cd0923b2ed2e-1024x768.jpg\" alt=\"\" class=\"wp-image-280393\" srcset=\"https:\/\/noticiaempauta.com\/portal\/wp-content\/uploads\/2025\/11\/2f43dd11-6786-42d2-a971-cd0923b2ed2e-1024x768.jpg 1024w, https:\/\/noticiaempauta.com\/portal\/wp-content\/uploads\/2025\/11\/2f43dd11-6786-42d2-a971-cd0923b2ed2e-300x225.jpg 300w, https:\/\/noticiaempauta.com\/portal\/wp-content\/uploads\/2025\/11\/2f43dd11-6786-42d2-a971-cd0923b2ed2e-768x576.jpg 768w, https:\/\/noticiaempauta.com\/portal\/wp-content\/uploads\/2025\/11\/2f43dd11-6786-42d2-a971-cd0923b2ed2e.jpg 1280w\" sizes=\"(max-width: 1024px) 100vw, 1024px\" \/><\/figure>\n\n\n\n<p>&#8211; Afastamento e substitui\u00e7\u00e3o parlamentar: foi discutido o afastamento da Vereadora Zoneide para assumir a Secretaria Municipal de Sa\u00fade e o consequente retorno do Vereador Zenin \u00e0 C\u00e2mara.<\/p>\n\n\n\n<p><strong>Assuntos explicados<\/strong><\/p>\n\n\n\n<figure class=\"wp-block-image size-large\"><img loading=\"lazy\" decoding=\"async\" width=\"1024\" height=\"768\" src=\"https:\/\/noticiaempauta.com\/portal\/wp-content\/uploads\/2025\/11\/f3deb3bc-e454-481e-bbd8-49525e742380-1-1-1024x768.jpg\" alt=\"\" class=\"wp-image-280394\" srcset=\"https:\/\/noticiaempauta.com\/portal\/wp-content\/uploads\/2025\/11\/f3deb3bc-e454-481e-bbd8-49525e742380-1-1-1024x768.jpg 1024w, https:\/\/noticiaempauta.com\/portal\/wp-content\/uploads\/2025\/11\/f3deb3bc-e454-481e-bbd8-49525e742380-1-1-300x225.jpg 300w, https:\/\/noticiaempauta.com\/portal\/wp-content\/uploads\/2025\/11\/f3deb3bc-e454-481e-bbd8-49525e742380-1-1-768x576.jpg 768w, https:\/\/noticiaempauta.com\/portal\/wp-content\/uploads\/2025\/11\/f3deb3bc-e454-481e-bbd8-49525e742380-1-1.jpg 1280w\" sizes=\"(max-width: 1024px) 100vw, 1024px\" \/><\/figure>\n\n\n\n<p>O Vice-Prefeito&nbsp;<strong>Z\u00eanio Neves&nbsp;<\/strong>abriu a participa\u00e7\u00e3o da Administra\u00e7\u00e3o destacando o esp\u00edrito colaborativo da gest\u00e3o:<\/p>\n\n\n\n<p>\u201cA administra\u00e7\u00e3o do Prefeito Marciano Macedo est\u00e1 sempre aberta ao di\u00e1logo. Buscamos construir solu\u00e7\u00f5es conjuntas com a C\u00e2mara para priorizar o bem-estar da popula\u00e7\u00e3o de Aroeiras do Itaim.\u201d<\/p>\n\n\n\n<figure class=\"wp-block-image size-large\"><img loading=\"lazy\" decoding=\"async\" width=\"1024\" height=\"768\" src=\"https:\/\/noticiaempauta.com\/portal\/wp-content\/uploads\/2025\/11\/309714cc-f822-43e6-948d-e9a722ba11b9-1024x768.jpg\" alt=\"\" class=\"wp-image-280395\" srcset=\"https:\/\/noticiaempauta.com\/portal\/wp-content\/uploads\/2025\/11\/309714cc-f822-43e6-948d-e9a722ba11b9-1024x768.jpg 1024w, https:\/\/noticiaempauta.com\/portal\/wp-content\/uploads\/2025\/11\/309714cc-f822-43e6-948d-e9a722ba11b9-300x225.jpg 300w, https:\/\/noticiaempauta.com\/portal\/wp-content\/uploads\/2025\/11\/309714cc-f822-43e6-948d-e9a722ba11b9-768x576.jpg 768w, https:\/\/noticiaempauta.com\/portal\/wp-content\/uploads\/2025\/11\/309714cc-f822-43e6-948d-e9a722ba11b9.jpg 1280w\" sizes=\"(max-width: 1024px) 100vw, 1024px\" \/><\/figure>\n\n\n\n<p>O Procurador-Geral do Munic\u00edpio,&nbsp;<strong>Dr. Elianderson Moura<\/strong>, refor\u00e7ou a import\u00e2ncia do cumprimento das normas regimentais e legais:<\/p>\n\n\n\n<p>\u201c\u00c9 imprescind\u00edvel que o Executivo e o Legislativo atuem em harmonia, mas sempre com o estrito cumprimento do regimento interno e da legisla\u00e7\u00e3o vigente. Todo procedimento deve seguir a legalidade, para resguardar a transpar\u00eancia, a seguran\u00e7a jur\u00eddica dos atos p\u00fablicos e a responsabilidade fiscal do munic\u00edpio. A Prefeitura tem encaminhado propostas visando \u00e0 valoriza\u00e7\u00e3o dos servidores, por\u00e9m estas devem tramitar observando prazos, forma e regras previstas no ordenamento jur\u00eddico.\u201d<\/p>\n\n\n\n<p>O Assessor Jur\u00eddico,&nbsp;<strong>Dr. Maycon Luz<\/strong>, complementou destacando o car\u00e1ter t\u00e9cnico do trabalho desenvolvido:<\/p>\n\n\n\n<p>\u201cNosso trabalho \u00e9 t\u00e9cnico e pautado pela legalidade. Estamos \u00e0 disposi\u00e7\u00e3o para orientar e ajustar propostas de modo a assegurar conformidade jur\u00eddica e atua\u00e7\u00e3o respons\u00e1vel.\u201d<\/p>\n\n\n\n<p>J\u00e1 o Contador P\u00fablico,&nbsp;<strong>Sr. Natan Rosa<\/strong>, apresentou considera\u00e7\u00f5es sobre a viabilidade financeira das propostas:<\/p>\n\n\n\n<p>\u201cA gest\u00e3o tem mantido disciplina fiscal. Avaliamos os impactos or\u00e7ament\u00e1rios dos reajustes propostos e a possibilidade de implementa\u00e7\u00e3o gradual \u2014 como no caso dos conselheiros tutelares \u2014 para compatibilizar a valoriza\u00e7\u00e3o dos servidores com o equil\u00edbrio das contas p\u00fablicas. Apresentamos proje\u00e7\u00f5es que indicam viabilidade desde que os reajustes sejam escalonados e acompanhados de planejamento or\u00e7ament\u00e1rio rigoroso\u201d.<\/p>\n\n\n\n<figure class=\"wp-block-image size-large\"><img loading=\"lazy\" decoding=\"async\" width=\"1024\" height=\"768\" src=\"https:\/\/noticiaempauta.com\/portal\/wp-content\/uploads\/2025\/11\/f3deb3bc-e454-481e-bbd8-49525e742380-1-1024x768.jpg\" alt=\"\" class=\"wp-image-280392\" srcset=\"https:\/\/noticiaempauta.com\/portal\/wp-content\/uploads\/2025\/11\/f3deb3bc-e454-481e-bbd8-49525e742380-1-1024x768.jpg 1024w, https:\/\/noticiaempauta.com\/portal\/wp-content\/uploads\/2025\/11\/f3deb3bc-e454-481e-bbd8-49525e742380-1-300x225.jpg 300w, https:\/\/noticiaempauta.com\/portal\/wp-content\/uploads\/2025\/11\/f3deb3bc-e454-481e-bbd8-49525e742380-1-768x576.jpg 768w, https:\/\/noticiaempauta.com\/portal\/wp-content\/uploads\/2025\/11\/f3deb3bc-e454-481e-bbd8-49525e742380-1.jpg 1280w\" sizes=\"(max-width: 1024px) 100vw, 1024px\" \/><\/figure>\n\n\n\n<p><strong>Encaminhamentos<\/strong><\/p>\n\n\n\n<p>Ao final, ficou reafirmado o compromisso de manter o di\u00e1logo permanente e a coopera\u00e7\u00e3o entre os poderes. A Administra\u00e7\u00e3o colocou-se \u00e0 disposi\u00e7\u00e3o para fornecer dados t\u00e9cnicos adicionais, acompanhar a tramita\u00e7\u00e3o dos projetos e colaborar para que as medidas sejam adotadas dentro dos princ\u00edpios da legalidade e da responsabilidade fiscal.<\/p>\n\n\n\n<p>\u201cQuando h\u00e1 respeito \u00e0s regras e coopera\u00e7\u00e3o entre os poderes, quem ganha \u00e9 a popula\u00e7\u00e3o\u201d, concluiu o Vice-Prefeito Z\u00eanio Neves.<\/p>\n\n\n\n<p><strong>Fonte: AgoraED<\/strong><\/p>\n","protected":false},"excerpt":{"rendered":"<p>A Prefeitura Municipal de Aroeiras do Itaim, em parceria com a C\u00e2mara de Vereadores de Aroeiras do Itaim, realizaram&nbsp;reuni\u00e3o para debater pautas de interesse da popula\u00e7\u00e3o e demandas apresentadas pelos Vereadores nesta quinta-feira (06). A reuni\u00e3o destacou o compromisso da gest\u00e3o com o di\u00e1logo entre os poderes, a valoriza\u00e7\u00e3o dos servidores e o respeito \u00e0s [&hellip;]<\/p>\n","protected":false},"author":2,"featured_media":280397,"comment_status":"open","ping_status":"open","sticky":false,"template":"","format":"standard","meta":{"_mi_skip_tracking":false,"footnotes":""},"categories":[1,9,16],"tags":[],"class_list":["post-280391","post","type-post","status-publish","format-standard","has-post-thumbnail","hentry","category-geral","category-municipios","category-todas"],"acf":[],"yoast_head":"<!-- This site is optimized with the Yoast SEO Premium plugin v19.2 (Yoast SEO v26.9) - https:\/\/yoast.com\/product\/yoast-seo-premium-wordpress\/ -->\n<title>Representantes da gest\u00e3o municipal e vereadores reafirmam compromisso com di\u00e1logo, legalidade e equil\u00edbrio fiscal durante reuni\u00e3o em Aroeiras do Itaim - Portal Not\u00edcia em Pauta<\/title>\n<meta name=\"robots\" content=\"index, follow, max-snippet:-1, max-image-preview:large, max-video-preview:-1\" \/>\n<link rel=\"canonical\" href=\"https:\/\/noticiaempauta.com\/portal\/representantes-da-prefeitura-de-aroeiras-do-itaim-se-reunem-com-os-vereadores-da-camara-para-reafirmar-compromisso-com-dialogo-legalidade-e-equilibrio-fiscal\/\" \/>\n<meta property=\"og:locale\" content=\"pt_BR\" \/>\n<meta property=\"og:type\" content=\"article\" \/>\n<meta property=\"og:title\" content=\"Representantes da gest\u00e3o municipal e vereadores reafirmam compromisso com di\u00e1logo, legalidade e equil\u00edbrio fiscal durante reuni\u00e3o em Aroeiras do Itaim\" \/>\n<meta property=\"og:description\" content=\"A Prefeitura Municipal de Aroeiras do Itaim, em parceria com a C\u00e2mara de Vereadores de Aroeiras do Itaim, realizaram&nbsp;reuni\u00e3o para debater pautas de interesse da popula\u00e7\u00e3o e demandas apresentadas pelos Vereadores nesta quinta-feira (06). A reuni\u00e3o destacou o compromisso da gest\u00e3o com o di\u00e1logo entre os poderes, a valoriza\u00e7\u00e3o dos servidores e o respeito \u00e0s [&hellip;]\" \/>\n<meta property=\"og:url\" content=\"https:\/\/noticiaempauta.com\/portal\/representantes-da-prefeitura-de-aroeiras-do-itaim-se-reunem-com-os-vereadores-da-camara-para-reafirmar-compromisso-com-dialogo-legalidade-e-equilibrio-fiscal\/\" \/>\n<meta property=\"og:site_name\" content=\"Portal Not\u00edcia em Pauta\" \/>\n<meta property=\"article:publisher\" content=\"https:\/\/www.facebook.com\/Portal-Notcia-Em-Pauta-102292869264820\/\" \/>\n<meta property=\"article:published_time\" content=\"2025-11-08T08:33:30+00:00\" \/>\n<meta property=\"article:modified_time\" content=\"2025-11-08T08:35:28+00:00\" \/>\n<meta property=\"og:image\" content=\"https:\/\/noticiaempauta.com\/portal\/wp-content\/uploads\/2025\/11\/e191fc00-7fd4-444e-87ec-20d7ecdbf370.jpg\" \/>\n\t<meta property=\"og:image:width\" content=\"1280\" \/>\n\t<meta property=\"og:image:height\" content=\"960\" \/>\n\t<meta property=\"og:image:type\" content=\"image\/jpeg\" \/>\n<meta name=\"author\" content=\"Reda\u00e7\u00e3o\" \/>\n<meta name=\"twitter:card\" content=\"summary_large_image\" \/>\n<meta name=\"twitter:label1\" content=\"Escrito por\" \/>\n\t<meta name=\"twitter:data1\" content=\"Reda\u00e7\u00e3o\" \/>\n\t<meta name=\"twitter:label2\" content=\"Est. tempo de leitura\" \/>\n\t<meta name=\"twitter:data2\" content=\"5 minutos\" \/>\n<script type=\"application\/ld+json\" class=\"yoast-schema-graph\">{\"@context\":\"https:\/\/schema.org\",\"@graph\":[{\"@type\":\"Article\",\"@id\":\"https:\/\/noticiaempauta.com\/portal\/representantes-da-prefeitura-de-aroeiras-do-itaim-se-reunem-com-os-vereadores-da-camara-para-reafirmar-compromisso-com-dialogo-legalidade-e-equilibrio-fiscal\/#article\",\"isPartOf\":{\"@id\":\"https:\/\/noticiaempauta.com\/portal\/representantes-da-prefeitura-de-aroeiras-do-itaim-se-reunem-com-os-vereadores-da-camara-para-reafirmar-compromisso-com-dialogo-legalidade-e-equilibrio-fiscal\/\"},\"author\":{\"name\":\"Reda\u00e7\u00e3o\",\"@id\":\"https:\/\/noticiaempauta.com\/portal\/#\/schema\/person\/a74af43dd1ab3deca45f988c717d57ac\"},\"headline\":\"Representantes da gest\u00e3o municipal e vereadores reafirmam compromisso com di\u00e1logo, legalidade e equil\u00edbrio fiscal durante reuni\u00e3o em Aroeiras do Itaim\",\"datePublished\":\"2025-11-08T08:33:30+00:00\",\"dateModified\":\"2025-11-08T08:35:28+00:00\",\"mainEntityOfPage\":{\"@id\":\"https:\/\/noticiaempauta.com\/portal\/representantes-da-prefeitura-de-aroeiras-do-itaim-se-reunem-com-os-vereadores-da-camara-para-reafirmar-compromisso-com-dialogo-legalidade-e-equilibrio-fiscal\/\"},\"wordCount\":695,\"commentCount\":0,\"publisher\":{\"@id\":\"https:\/\/noticiaempauta.com\/portal\/#organization\"},\"image\":{\"@id\":\"https:\/\/noticiaempauta.com\/portal\/representantes-da-prefeitura-de-aroeiras-do-itaim-se-reunem-com-os-vereadores-da-camara-para-reafirmar-compromisso-com-dialogo-legalidade-e-equilibrio-fiscal\/#primaryimage\"},\"thumbnailUrl\":\"https:\/\/noticiaempauta.com\/portal\/wp-content\/uploads\/2025\/11\/e191fc00-7fd4-444e-87ec-20d7ecdbf370.jpg\",\"articleSection\":[\"Geral\",\"Munic\u00edpios\",\"Todas as Not\u00edcias\"],\"inLanguage\":\"pt-BR\",\"potentialAction\":[{\"@type\":\"CommentAction\",\"name\":\"Comment\",\"target\":[\"https:\/\/noticiaempauta.com\/portal\/representantes-da-prefeitura-de-aroeiras-do-itaim-se-reunem-com-os-vereadores-da-camara-para-reafirmar-compromisso-com-dialogo-legalidade-e-equilibrio-fiscal\/#respond\"]}]},{\"@type\":\"WebPage\",\"@id\":\"https:\/\/noticiaempauta.com\/portal\/representantes-da-prefeitura-de-aroeiras-do-itaim-se-reunem-com-os-vereadores-da-camara-para-reafirmar-compromisso-com-dialogo-legalidade-e-equilibrio-fiscal\/\",\"url\":\"https:\/\/noticiaempauta.com\/portal\/representantes-da-prefeitura-de-aroeiras-do-itaim-se-reunem-com-os-vereadores-da-camara-para-reafirmar-compromisso-com-dialogo-legalidade-e-equilibrio-fiscal\/\",\"name\":\"Representantes da gest\u00e3o municipal e vereadores reafirmam compromisso com di\u00e1logo, legalidade e equil\u00edbrio fiscal durante reuni\u00e3o em Aroeiras do Itaim - Portal Not\u00edcia em Pauta\",\"isPartOf\":{\"@id\":\"https:\/\/noticiaempauta.com\/portal\/#website\"},\"primaryImageOfPage\":{\"@id\":\"https:\/\/noticiaempauta.com\/portal\/representantes-da-prefeitura-de-aroeiras-do-itaim-se-reunem-com-os-vereadores-da-camara-para-reafirmar-compromisso-com-dialogo-legalidade-e-equilibrio-fiscal\/#primaryimage\"},\"image\":{\"@id\":\"https:\/\/noticiaempauta.com\/portal\/representantes-da-prefeitura-de-aroeiras-do-itaim-se-reunem-com-os-vereadores-da-camara-para-reafirmar-compromisso-com-dialogo-legalidade-e-equilibrio-fiscal\/#primaryimage\"},\"thumbnailUrl\":\"https:\/\/noticiaempauta.com\/portal\/wp-content\/uploads\/2025\/11\/e191fc00-7fd4-444e-87ec-20d7ecdbf370.jpg\",\"datePublished\":\"2025-11-08T08:33:30+00:00\",\"dateModified\":\"2025-11-08T08:35:28+00:00\",\"breadcrumb\":{\"@id\":\"https:\/\/noticiaempauta.com\/portal\/representantes-da-prefeitura-de-aroeiras-do-itaim-se-reunem-com-os-vereadores-da-camara-para-reafirmar-compromisso-com-dialogo-legalidade-e-equilibrio-fiscal\/#breadcrumb\"},\"inLanguage\":\"pt-BR\",\"potentialAction\":[{\"@type\":\"ReadAction\",\"target\":[\"https:\/\/noticiaempauta.com\/portal\/representantes-da-prefeitura-de-aroeiras-do-itaim-se-reunem-com-os-vereadores-da-camara-para-reafirmar-compromisso-com-dialogo-legalidade-e-equilibrio-fiscal\/\"]}]},{\"@type\":\"ImageObject\",\"inLanguage\":\"pt-BR\",\"@id\":\"https:\/\/noticiaempauta.com\/portal\/representantes-da-prefeitura-de-aroeiras-do-itaim-se-reunem-com-os-vereadores-da-camara-para-reafirmar-compromisso-com-dialogo-legalidade-e-equilibrio-fiscal\/#primaryimage\",\"url\":\"https:\/\/noticiaempauta.com\/portal\/wp-content\/uploads\/2025\/11\/e191fc00-7fd4-444e-87ec-20d7ecdbf370.jpg\",\"contentUrl\":\"https:\/\/noticiaempauta.com\/portal\/wp-content\/uploads\/2025\/11\/e191fc00-7fd4-444e-87ec-20d7ecdbf370.jpg\",\"width\":1280,\"height\":960},{\"@type\":\"BreadcrumbList\",\"@id\":\"https:\/\/noticiaempauta.com\/portal\/representantes-da-prefeitura-de-aroeiras-do-itaim-se-reunem-com-os-vereadores-da-camara-para-reafirmar-compromisso-com-dialogo-legalidade-e-equilibrio-fiscal\/#breadcrumb\",\"itemListElement\":[{\"@type\":\"ListItem\",\"position\":1,\"name\":\"P\u00e1gina Inicial\",\"item\":\"https:\/\/noticiaempauta.com\/portal\/\"},{\"@type\":\"ListItem\",\"position\":2,\"name\":\"Geral\",\"item\":\"https:\/\/noticiaempauta.com\/portal\/geral\/\"},{\"@type\":\"ListItem\",\"position\":3,\"name\":\"Representantes da gest\u00e3o municipal e vereadores reafirmam compromisso com di\u00e1logo, legalidade e equil\u00edbrio fiscal durante reuni\u00e3o em Aroeiras do Itaim\"}]},{\"@type\":\"WebSite\",\"@id\":\"https:\/\/noticiaempauta.com\/portal\/#website\",\"url\":\"https:\/\/noticiaempauta.com\/portal\/\",\"name\":\"Portal Not\u00edcia em Pauta\",\"description\":\"Voc\u00ea bem informado\",\"publisher\":{\"@id\":\"https:\/\/noticiaempauta.com\/portal\/#organization\"},\"potentialAction\":[{\"@type\":\"SearchAction\",\"target\":{\"@type\":\"EntryPoint\",\"urlTemplate\":\"https:\/\/noticiaempauta.com\/portal\/?s={search_term_string}\"},\"query-input\":{\"@type\":\"PropertyValueSpecification\",\"valueRequired\":true,\"valueName\":\"search_term_string\"}}],\"inLanguage\":\"pt-BR\"},{\"@type\":\"Organization\",\"@id\":\"https:\/\/noticiaempauta.com\/portal\/#organization\",\"name\":\"Portal Not\u00edcia em Pauta\",\"url\":\"https:\/\/noticiaempauta.com\/portal\/\",\"logo\":{\"@type\":\"ImageObject\",\"inLanguage\":\"pt-BR\",\"@id\":\"https:\/\/noticiaempauta.com\/portal\/#\/schema\/logo\/image\/\",\"url\":\"https:\/\/noticiaempauta.com\/portal\/wp-content\/uploads\/2022\/08\/logomarca_tema.fw_.png\",\"contentUrl\":\"https:\/\/noticiaempauta.com\/portal\/wp-content\/uploads\/2022\/08\/logomarca_tema.fw_.png\",\"width\":400,\"height\":232,\"caption\":\"Portal Not\u00edcia em Pauta\"},\"image\":{\"@id\":\"https:\/\/noticiaempauta.com\/portal\/#\/schema\/logo\/image\/\"},\"sameAs\":[\"https:\/\/www.facebook.com\/Portal-Notcia-Em-Pauta-102292869264820\/\",\"https:\/\/www.instagram.com\/portalnoticiaempauta\/\"]},{\"@type\":\"Person\",\"@id\":\"https:\/\/noticiaempauta.com\/portal\/#\/schema\/person\/a74af43dd1ab3deca45f988c717d57ac\",\"name\":\"Reda\u00e7\u00e3o\",\"image\":{\"@type\":\"ImageObject\",\"inLanguage\":\"pt-BR\",\"@id\":\"https:\/\/noticiaempauta.com\/portal\/#\/schema\/person\/image\/\",\"url\":\"https:\/\/secure.gravatar.com\/avatar\/03179346ecce6cdfc13361603e8f54242a90e5cde8618fa23c5c00aa2b0aadf3?s=96&d=mm&r=g\",\"contentUrl\":\"https:\/\/secure.gravatar.com\/avatar\/03179346ecce6cdfc13361603e8f54242a90e5cde8618fa23c5c00aa2b0aadf3?s=96&d=mm&r=g\",\"caption\":\"Reda\u00e7\u00e3o\"},\"sameAs\":[\"https:\/\/noticiaempauta.com\/portal\/\"],\"url\":\"https:\/\/noticiaempauta.com\/portal\/author\/fernando\/\"}]}<\/script>\n<!-- \/ Yoast SEO Premium plugin. -->","yoast_head_json":{"title":"Representantes da gest\u00e3o municipal e vereadores reafirmam compromisso com di\u00e1logo, legalidade e equil\u00edbrio fiscal durante reuni\u00e3o em Aroeiras do Itaim - Portal Not\u00edcia em Pauta","robots":{"index":"index","follow":"follow","max-snippet":"max-snippet:-1","max-image-preview":"max-image-preview:large","max-video-preview":"max-video-preview:-1"},"canonical":"https:\/\/noticiaempauta.com\/portal\/representantes-da-prefeitura-de-aroeiras-do-itaim-se-reunem-com-os-vereadores-da-camara-para-reafirmar-compromisso-com-dialogo-legalidade-e-equilibrio-fiscal\/","og_locale":"pt_BR","og_type":"article","og_title":"Representantes da gest\u00e3o municipal e vereadores reafirmam compromisso com di\u00e1logo, legalidade e equil\u00edbrio fiscal durante reuni\u00e3o em Aroeiras do Itaim","og_description":"A Prefeitura Municipal de Aroeiras do Itaim, em parceria com a C\u00e2mara de Vereadores de Aroeiras do Itaim, realizaram&nbsp;reuni\u00e3o para debater pautas de interesse da popula\u00e7\u00e3o e demandas apresentadas pelos Vereadores nesta quinta-feira (06). A reuni\u00e3o destacou o compromisso da gest\u00e3o com o di\u00e1logo entre os poderes, a valoriza\u00e7\u00e3o dos servidores e o respeito \u00e0s [&hellip;]","og_url":"https:\/\/noticiaempauta.com\/portal\/representantes-da-prefeitura-de-aroeiras-do-itaim-se-reunem-com-os-vereadores-da-camara-para-reafirmar-compromisso-com-dialogo-legalidade-e-equilibrio-fiscal\/","og_site_name":"Portal Not\u00edcia em Pauta","article_publisher":"https:\/\/www.facebook.com\/Portal-Notcia-Em-Pauta-102292869264820\/","article_published_time":"2025-11-08T08:33:30+00:00","article_modified_time":"2025-11-08T08:35:28+00:00","og_image":[{"width":1280,"height":960,"url":"https:\/\/noticiaempauta.com\/portal\/wp-content\/uploads\/2025\/11\/e191fc00-7fd4-444e-87ec-20d7ecdbf370.jpg","type":"image\/jpeg"}],"author":"Reda\u00e7\u00e3o","twitter_card":"summary_large_image","twitter_misc":{"Escrito por":"Reda\u00e7\u00e3o","Est. tempo de leitura":"5 minutos"},"schema":{"@context":"https:\/\/schema.org","@graph":[{"@type":"Article","@id":"https:\/\/noticiaempauta.com\/portal\/representantes-da-prefeitura-de-aroeiras-do-itaim-se-reunem-com-os-vereadores-da-camara-para-reafirmar-compromisso-com-dialogo-legalidade-e-equilibrio-fiscal\/#article","isPartOf":{"@id":"https:\/\/noticiaempauta.com\/portal\/representantes-da-prefeitura-de-aroeiras-do-itaim-se-reunem-com-os-vereadores-da-camara-para-reafirmar-compromisso-com-dialogo-legalidade-e-equilibrio-fiscal\/"},"author":{"name":"Reda\u00e7\u00e3o","@id":"https:\/\/noticiaempauta.com\/portal\/#\/schema\/person\/a74af43dd1ab3deca45f988c717d57ac"},"headline":"Representantes da gest\u00e3o municipal e vereadores reafirmam compromisso com di\u00e1logo, legalidade e equil\u00edbrio fiscal durante reuni\u00e3o em Aroeiras do Itaim","datePublished":"2025-11-08T08:33:30+00:00","dateModified":"2025-11-08T08:35:28+00:00","mainEntityOfPage":{"@id":"https:\/\/noticiaempauta.com\/portal\/representantes-da-prefeitura-de-aroeiras-do-itaim-se-reunem-com-os-vereadores-da-camara-para-reafirmar-compromisso-com-dialogo-legalidade-e-equilibrio-fiscal\/"},"wordCount":695,"commentCount":0,"publisher":{"@id":"https:\/\/noticiaempauta.com\/portal\/#organization"},"image":{"@id":"https:\/\/noticiaempauta.com\/portal\/representantes-da-prefeitura-de-aroeiras-do-itaim-se-reunem-com-os-vereadores-da-camara-para-reafirmar-compromisso-com-dialogo-legalidade-e-equilibrio-fiscal\/#primaryimage"},"thumbnailUrl":"https:\/\/noticiaempauta.com\/portal\/wp-content\/uploads\/2025\/11\/e191fc00-7fd4-444e-87ec-20d7ecdbf370.jpg","articleSection":["Geral","Munic\u00edpios","Todas as Not\u00edcias"],"inLanguage":"pt-BR","potentialAction":[{"@type":"CommentAction","name":"Comment","target":["https:\/\/noticiaempauta.com\/portal\/representantes-da-prefeitura-de-aroeiras-do-itaim-se-reunem-com-os-vereadores-da-camara-para-reafirmar-compromisso-com-dialogo-legalidade-e-equilibrio-fiscal\/#respond"]}]},{"@type":"WebPage","@id":"https:\/\/noticiaempauta.com\/portal\/representantes-da-prefeitura-de-aroeiras-do-itaim-se-reunem-com-os-vereadores-da-camara-para-reafirmar-compromisso-com-dialogo-legalidade-e-equilibrio-fiscal\/","url":"https:\/\/noticiaempauta.com\/portal\/representantes-da-prefeitura-de-aroeiras-do-itaim-se-reunem-com-os-vereadores-da-camara-para-reafirmar-compromisso-com-dialogo-legalidade-e-equilibrio-fiscal\/","name":"Representantes da gest\u00e3o municipal e vereadores reafirmam compromisso com di\u00e1logo, legalidade e equil\u00edbrio fiscal durante reuni\u00e3o em Aroeiras do Itaim - Portal Not\u00edcia em Pauta","isPartOf":{"@id":"https:\/\/noticiaempauta.com\/portal\/#website"},"primaryImageOfPage":{"@id":"https:\/\/noticiaempauta.com\/portal\/representantes-da-prefeitura-de-aroeiras-do-itaim-se-reunem-com-os-vereadores-da-camara-para-reafirmar-compromisso-com-dialogo-legalidade-e-equilibrio-fiscal\/#primaryimage"},"image":{"@id":"https:\/\/noticiaempauta.com\/portal\/representantes-da-prefeitura-de-aroeiras-do-itaim-se-reunem-com-os-vereadores-da-camara-para-reafirmar-compromisso-com-dialogo-legalidade-e-equilibrio-fiscal\/#primaryimage"},"thumbnailUrl":"https:\/\/noticiaempauta.com\/portal\/wp-content\/uploads\/2025\/11\/e191fc00-7fd4-444e-87ec-20d7ecdbf370.jpg","datePublished":"2025-11-08T08:33:30+00:00","dateModified":"2025-11-08T08:35:28+00:00","breadcrumb":{"@id":"https:\/\/noticiaempauta.com\/portal\/representantes-da-prefeitura-de-aroeiras-do-itaim-se-reunem-com-os-vereadores-da-camara-para-reafirmar-compromisso-com-dialogo-legalidade-e-equilibrio-fiscal\/#breadcrumb"},"inLanguage":"pt-BR","potentialAction":[{"@type":"ReadAction","target":["https:\/\/noticiaempauta.com\/portal\/representantes-da-prefeitura-de-aroeiras-do-itaim-se-reunem-com-os-vereadores-da-camara-para-reafirmar-compromisso-com-dialogo-legalidade-e-equilibrio-fiscal\/"]}]},{"@type":"ImageObject","inLanguage":"pt-BR","@id":"https:\/\/noticiaempauta.com\/portal\/representantes-da-prefeitura-de-aroeiras-do-itaim-se-reunem-com-os-vereadores-da-camara-para-reafirmar-compromisso-com-dialogo-legalidade-e-equilibrio-fiscal\/#primaryimage","url":"https:\/\/noticiaempauta.com\/portal\/wp-content\/uploads\/2025\/11\/e191fc00-7fd4-444e-87ec-20d7ecdbf370.jpg","contentUrl":"https:\/\/noticiaempauta.com\/portal\/wp-content\/uploads\/2025\/11\/e191fc00-7fd4-444e-87ec-20d7ecdbf370.jpg","width":1280,"height":960},{"@type":"BreadcrumbList","@id":"https:\/\/noticiaempauta.com\/portal\/representantes-da-prefeitura-de-aroeiras-do-itaim-se-reunem-com-os-vereadores-da-camara-para-reafirmar-compromisso-com-dialogo-legalidade-e-equilibrio-fiscal\/#breadcrumb","itemListElement":[{"@type":"ListItem","position":1,"name":"P\u00e1gina Inicial","item":"https:\/\/noticiaempauta.com\/portal\/"},{"@type":"ListItem","position":2,"name":"Geral","item":"https:\/\/noticiaempauta.com\/portal\/geral\/"},{"@type":"ListItem","position":3,"name":"Representantes da gest\u00e3o municipal e vereadores reafirmam compromisso com di\u00e1logo, legalidade e equil\u00edbrio fiscal durante reuni\u00e3o em Aroeiras do Itaim"}]},{"@type":"WebSite","@id":"https:\/\/noticiaempauta.com\/portal\/#website","url":"https:\/\/noticiaempauta.com\/portal\/","name":"Portal Not\u00edcia em Pauta","description":"Voc\u00ea bem informado","publisher":{"@id":"https:\/\/noticiaempauta.com\/portal\/#organization"},"potentialAction":[{"@type":"SearchAction","target":{"@type":"EntryPoint","urlTemplate":"https:\/\/noticiaempauta.com\/portal\/?s={search_term_string}"},"query-input":{"@type":"PropertyValueSpecification","valueRequired":true,"valueName":"search_term_string"}}],"inLanguage":"pt-BR"},{"@type":"Organization","@id":"https:\/\/noticiaempauta.com\/portal\/#organization","name":"Portal Not\u00edcia em Pauta","url":"https:\/\/noticiaempauta.com\/portal\/","logo":{"@type":"ImageObject","inLanguage":"pt-BR","@id":"https:\/\/noticiaempauta.com\/portal\/#\/schema\/logo\/image\/","url":"https:\/\/noticiaempauta.com\/portal\/wp-content\/uploads\/2022\/08\/logomarca_tema.fw_.png","contentUrl":"https:\/\/noticiaempauta.com\/portal\/wp-content\/uploads\/2022\/08\/logomarca_tema.fw_.png","width":400,"height":232,"caption":"Portal Not\u00edcia em Pauta"},"image":{"@id":"https:\/\/noticiaempauta.com\/portal\/#\/schema\/logo\/image\/"},"sameAs":["https:\/\/www.facebook.com\/Portal-Notcia-Em-Pauta-102292869264820\/","https:\/\/www.instagram.com\/portalnoticiaempauta\/"]},{"@type":"Person","@id":"https:\/\/noticiaempauta.com\/portal\/#\/schema\/person\/a74af43dd1ab3deca45f988c717d57ac","name":"Reda\u00e7\u00e3o","image":{"@type":"ImageObject","inLanguage":"pt-BR","@id":"https:\/\/noticiaempauta.com\/portal\/#\/schema\/person\/image\/","url":"https:\/\/secure.gravatar.com\/avatar\/03179346ecce6cdfc13361603e8f54242a90e5cde8618fa23c5c00aa2b0aadf3?s=96&d=mm&r=g","contentUrl":"https:\/\/secure.gravatar.com\/avatar\/03179346ecce6cdfc13361603e8f54242a90e5cde8618fa23c5c00aa2b0aadf3?s=96&d=mm&r=g","caption":"Reda\u00e7\u00e3o"},"sameAs":["https:\/\/noticiaempauta.com\/portal\/"],"url":"https:\/\/noticiaempauta.com\/portal\/author\/fernando\/"}]}},"_links":{"self":[{"href":"https:\/\/noticiaempauta.com\/portal\/wp-json\/wp\/v2\/posts\/280391","targetHints":{"allow":["GET"]}}],"collection":[{"href":"https:\/\/noticiaempauta.com\/portal\/wp-json\/wp\/v2\/posts"}],"about":[{"href":"https:\/\/noticiaempauta.com\/portal\/wp-json\/wp\/v2\/types\/post"}],"author":[{"embeddable":true,"href":"https:\/\/noticiaempauta.com\/portal\/wp-json\/wp\/v2\/users\/2"}],"replies":[{"embeddable":true,"href":"https:\/\/noticiaempauta.com\/portal\/wp-json\/wp\/v2\/comments?post=280391"}],"version-history":[{"count":2,"href":"https:\/\/noticiaempauta.com\/portal\/wp-json\/wp\/v2\/posts\/280391\/revisions"}],"predecessor-version":[{"id":280400,"href":"https:\/\/noticiaempauta.com\/portal\/wp-json\/wp\/v2\/posts\/280391\/revisions\/280400"}],"wp:featuredmedia":[{"embeddable":true,"href":"https:\/\/noticiaempauta.com\/portal\/wp-json\/wp\/v2\/media\/280397"}],"wp:attachment":[{"href":"https:\/\/noticiaempauta.com\/portal\/wp-json\/wp\/v2\/media?parent=280391"}],"wp:term":[{"taxonomy":"category","embeddable":true,"href":"https:\/\/noticiaempauta.com\/portal\/wp-json\/wp\/v2\/categories?post=280391"},{"taxonomy":"post_tag","embeddable":true,"href":"https:\/\/noticiaempauta.com\/portal\/wp-json\/wp\/v2\/tags?post=280391"}],"curies":[{"name":"wp","href":"https:\/\/api.w.org\/{rel}","templated":true}]}}