{"id":280411,"date":"2025-11-09T07:55:37","date_gmt":"2025-11-09T10:55:37","guid":{"rendered":"https:\/\/noticiaempauta.com\/portal\/?p=280411"},"modified":"2025-11-09T07:55:38","modified_gmt":"2025-11-09T10:55:38","slug":"homem-e-preso-suspeito-de-tentar-matar-o-padrasto-com-golpes-de-faca-na-zona-rural-de-bocaina","status":"publish","type":"post","link":"https:\/\/noticiaempauta.com\/portal\/homem-e-preso-suspeito-de-tentar-matar-o-padrasto-com-golpes-de-faca-na-zona-rural-de-bocaina\/","title":{"rendered":"Homem \u00e9 preso suspeito de tentar matar o padrasto com golpes de faca na zona rural de Bocaina"},"content":{"rendered":"\n<p>Um homem foi preso suspeito de tentar matar o pr\u00f3prio padrasto com golpes de faca na localidade Curralinho, zona rural do munic\u00edpio de Bocaina, no Piau\u00ed, na noite deste s\u00e1bado (8).<\/p>\n\n\n\n<figure class=\"wp-block-image size-full\"><img fetchpriority=\"high\" decoding=\"async\" width=\"709\" height=\"697\" src=\"https:\/\/noticiaempauta.com\/portal\/wp-content\/uploads\/2025\/11\/1000920024.webp\" alt=\"\" class=\"wp-image-280412\" srcset=\"https:\/\/noticiaempauta.com\/portal\/wp-content\/uploads\/2025\/11\/1000920024.webp 709w, https:\/\/noticiaempauta.com\/portal\/wp-content\/uploads\/2025\/11\/1000920024-300x295.webp 300w\" sizes=\"(max-width: 709px) 100vw, 709px\" \/><figcaption class=\"wp-element-caption\"><em>(Foto: Reprodu\u00e7\u00e3o)<\/em><\/figcaption><\/figure>\n\n\n\n<p>De acordo com informa\u00e7\u00f5es da Pol\u00edcia Militar, a corpora\u00e7\u00e3o foi acionada pela companheira da v\u00edtima, que relatou que o filho dela, identificado pelas iniciais N. de L., havia desferido tr\u00eas golpes de faca contra seu companheiro, F. A. da S., na resid\u00eancia da fam\u00edlia, que fica a cerca de cinco quil\u00f4metros da cidade.<\/p>\n\n\n\n<p>Durante rondas, os policiais se deslocaram rapidamente at\u00e9 o local do crime, onde localizaram o suspeito e conseguiram mobiliz\u00e1-lo. Ao ser questionado, ele informou que o padrasto havia conseguido fugir com a ajuda da m\u00e3e.<\/p>\n\n\n\n<p>Diante da situa\u00e7\u00e3o, a Pol\u00edcia Militar conduziu o suspeito at\u00e9 a Central de Flagrantes e acionou o Samu, que socorreu a v\u00edtima e a encaminhou para atendimento m\u00e9dico.<\/p>\n\n\n\n<p><strong>Fonte: CidadesnaNet<\/strong><\/p>\n","protected":false},"excerpt":{"rendered":"<p>Um homem foi preso suspeito de tentar matar o pr\u00f3prio padrasto com golpes de faca na localidade Curralinho, zona rural do munic\u00edpio de Bocaina, no Piau\u00ed, na noite deste s\u00e1bado (8). De acordo com informa\u00e7\u00f5es da Pol\u00edcia Militar, a corpora\u00e7\u00e3o foi acionada pela companheira da v\u00edtima, que relatou que o filho dela, identificado pelas iniciais [&hellip;]<\/p>\n","protected":false},"author":2,"featured_media":280412,"comment_status":"open","ping_status":"open","sticky":false,"template":"","format":"standard","meta":{"_mi_skip_tracking":false,"footnotes":""},"categories":[25,1,9,137,16],"tags":[],"class_list":["post-280411","post","type-post","status-publish","format-standard","has-post-thumbnail","hentry","category-destaques-site","category-geral","category-municipios","category-policia","category-todas"],"acf":[],"yoast_head":"<!-- This site is optimized with the Yoast SEO Premium plugin v19.2 (Yoast SEO v26.9) - https:\/\/yoast.com\/product\/yoast-seo-premium-wordpress\/ -->\n<title>Homem \u00e9 preso suspeito de tentar matar o padrasto com golpes de faca na zona rural de Bocaina - Portal Not\u00edcia em Pauta<\/title>\n<meta name=\"robots\" content=\"index, follow, max-snippet:-1, max-image-preview:large, max-video-preview:-1\" \/>\n<link rel=\"canonical\" href=\"https:\/\/noticiaempauta.com\/portal\/homem-e-preso-suspeito-de-tentar-matar-o-padrasto-com-golpes-de-faca-na-zona-rural-de-bocaina\/\" \/>\n<meta property=\"og:locale\" content=\"pt_BR\" \/>\n<meta property=\"og:type\" content=\"article\" \/>\n<meta property=\"og:title\" content=\"Homem \u00e9 preso suspeito de tentar matar o padrasto com golpes de faca na zona rural de Bocaina\" \/>\n<meta property=\"og:description\" content=\"Um homem foi preso suspeito de tentar matar o pr\u00f3prio padrasto com golpes de faca na localidade Curralinho, zona rural do munic\u00edpio de Bocaina, no Piau\u00ed, na noite deste s\u00e1bado (8). De acordo com informa\u00e7\u00f5es da Pol\u00edcia Militar, a corpora\u00e7\u00e3o foi acionada pela companheira da v\u00edtima, que relatou que o filho dela, identificado pelas iniciais [&hellip;]\" \/>\n<meta property=\"og:url\" content=\"https:\/\/noticiaempauta.com\/portal\/homem-e-preso-suspeito-de-tentar-matar-o-padrasto-com-golpes-de-faca-na-zona-rural-de-bocaina\/\" \/>\n<meta property=\"og:site_name\" content=\"Portal Not\u00edcia em Pauta\" \/>\n<meta property=\"article:publisher\" content=\"https:\/\/www.facebook.com\/Portal-Notcia-Em-Pauta-102292869264820\/\" \/>\n<meta property=\"article:published_time\" content=\"2025-11-09T10:55:37+00:00\" \/>\n<meta property=\"article:modified_time\" content=\"2025-11-09T10:55:38+00:00\" \/>\n<meta property=\"og:image\" content=\"https:\/\/noticiaempauta.com\/portal\/wp-content\/uploads\/2025\/11\/1000920024.webp\" \/>\n\t<meta property=\"og:image:width\" content=\"709\" \/>\n\t<meta property=\"og:image:height\" content=\"697\" \/>\n\t<meta property=\"og:image:type\" content=\"image\/webp\" \/>\n<meta name=\"author\" content=\"Reda\u00e7\u00e3o\" \/>\n<meta name=\"twitter:card\" content=\"summary_large_image\" \/>\n<meta name=\"twitter:label1\" content=\"Escrito por\" \/>\n\t<meta name=\"twitter:data1\" content=\"Reda\u00e7\u00e3o\" \/>\n\t<meta name=\"twitter:label2\" content=\"Est. tempo de leitura\" \/>\n\t<meta name=\"twitter:data2\" content=\"2 minutos\" \/>\n<script type=\"application\/ld+json\" class=\"yoast-schema-graph\">{\"@context\":\"https:\/\/schema.org\",\"@graph\":[{\"@type\":\"Article\",\"@id\":\"https:\/\/noticiaempauta.com\/portal\/homem-e-preso-suspeito-de-tentar-matar-o-padrasto-com-golpes-de-faca-na-zona-rural-de-bocaina\/#article\",\"isPartOf\":{\"@id\":\"https:\/\/noticiaempauta.com\/portal\/homem-e-preso-suspeito-de-tentar-matar-o-padrasto-com-golpes-de-faca-na-zona-rural-de-bocaina\/\"},\"author\":{\"name\":\"Reda\u00e7\u00e3o\",\"@id\":\"https:\/\/noticiaempauta.com\/portal\/#\/schema\/person\/a74af43dd1ab3deca45f988c717d57ac\"},\"headline\":\"Homem \u00e9 preso suspeito de tentar matar o padrasto com golpes de faca na zona rural de Bocaina\",\"datePublished\":\"2025-11-09T10:55:37+00:00\",\"dateModified\":\"2025-11-09T10:55:38+00:00\",\"mainEntityOfPage\":{\"@id\":\"https:\/\/noticiaempauta.com\/portal\/homem-e-preso-suspeito-de-tentar-matar-o-padrasto-com-golpes-de-faca-na-zona-rural-de-bocaina\/\"},\"wordCount\":185,\"commentCount\":0,\"publisher\":{\"@id\":\"https:\/\/noticiaempauta.com\/portal\/#organization\"},\"image\":{\"@id\":\"https:\/\/noticiaempauta.com\/portal\/homem-e-preso-suspeito-de-tentar-matar-o-padrasto-com-golpes-de-faca-na-zona-rural-de-bocaina\/#primaryimage\"},\"thumbnailUrl\":\"https:\/\/noticiaempauta.com\/portal\/wp-content\/uploads\/2025\/11\/1000920024.webp\",\"articleSection\":[\"Destaques\",\"Geral\",\"Munic\u00edpios\",\"Pol\u00edcia\",\"Todas as Not\u00edcias\"],\"inLanguage\":\"pt-BR\",\"potentialAction\":[{\"@type\":\"CommentAction\",\"name\":\"Comment\",\"target\":[\"https:\/\/noticiaempauta.com\/portal\/homem-e-preso-suspeito-de-tentar-matar-o-padrasto-com-golpes-de-faca-na-zona-rural-de-bocaina\/#respond\"]}]},{\"@type\":\"WebPage\",\"@id\":\"https:\/\/noticiaempauta.com\/portal\/homem-e-preso-suspeito-de-tentar-matar-o-padrasto-com-golpes-de-faca-na-zona-rural-de-bocaina\/\",\"url\":\"https:\/\/noticiaempauta.com\/portal\/homem-e-preso-suspeito-de-tentar-matar-o-padrasto-com-golpes-de-faca-na-zona-rural-de-bocaina\/\",\"name\":\"Homem \u00e9 preso suspeito de tentar matar o padrasto com golpes de faca na zona rural de Bocaina - Portal Not\u00edcia em Pauta\",\"isPartOf\":{\"@id\":\"https:\/\/noticiaempauta.com\/portal\/#website\"},\"primaryImageOfPage\":{\"@id\":\"https:\/\/noticiaempauta.com\/portal\/homem-e-preso-suspeito-de-tentar-matar-o-padrasto-com-golpes-de-faca-na-zona-rural-de-bocaina\/#primaryimage\"},\"image\":{\"@id\":\"https:\/\/noticiaempauta.com\/portal\/homem-e-preso-suspeito-de-tentar-matar-o-padrasto-com-golpes-de-faca-na-zona-rural-de-bocaina\/#primaryimage\"},\"thumbnailUrl\":\"https:\/\/noticiaempauta.com\/portal\/wp-content\/uploads\/2025\/11\/1000920024.webp\",\"datePublished\":\"2025-11-09T10:55:37+00:00\",\"dateModified\":\"2025-11-09T10:55:38+00:00\",\"breadcrumb\":{\"@id\":\"https:\/\/noticiaempauta.com\/portal\/homem-e-preso-suspeito-de-tentar-matar-o-padrasto-com-golpes-de-faca-na-zona-rural-de-bocaina\/#breadcrumb\"},\"inLanguage\":\"pt-BR\",\"potentialAction\":[{\"@type\":\"ReadAction\",\"target\":[\"https:\/\/noticiaempauta.com\/portal\/homem-e-preso-suspeito-de-tentar-matar-o-padrasto-com-golpes-de-faca-na-zona-rural-de-bocaina\/\"]}]},{\"@type\":\"ImageObject\",\"inLanguage\":\"pt-BR\",\"@id\":\"https:\/\/noticiaempauta.com\/portal\/homem-e-preso-suspeito-de-tentar-matar-o-padrasto-com-golpes-de-faca-na-zona-rural-de-bocaina\/#primaryimage\",\"url\":\"https:\/\/noticiaempauta.com\/portal\/wp-content\/uploads\/2025\/11\/1000920024.webp\",\"contentUrl\":\"https:\/\/noticiaempauta.com\/portal\/wp-content\/uploads\/2025\/11\/1000920024.webp\",\"width\":709,\"height\":697},{\"@type\":\"BreadcrumbList\",\"@id\":\"https:\/\/noticiaempauta.com\/portal\/homem-e-preso-suspeito-de-tentar-matar-o-padrasto-com-golpes-de-faca-na-zona-rural-de-bocaina\/#breadcrumb\",\"itemListElement\":[{\"@type\":\"ListItem\",\"position\":1,\"name\":\"P\u00e1gina Inicial\",\"item\":\"https:\/\/noticiaempauta.com\/portal\/\"},{\"@type\":\"ListItem\",\"position\":2,\"name\":\"Destaques\",\"item\":\"https:\/\/noticiaempauta.com\/portal\/destaques-site\/\"},{\"@type\":\"ListItem\",\"position\":3,\"name\":\"Homem \u00e9 preso suspeito de tentar matar o padrasto com golpes de faca na zona rural de Bocaina\"}]},{\"@type\":\"WebSite\",\"@id\":\"https:\/\/noticiaempauta.com\/portal\/#website\",\"url\":\"https:\/\/noticiaempauta.com\/portal\/\",\"name\":\"Portal Not\u00edcia em Pauta\",\"description\":\"Voc\u00ea bem informado\",\"publisher\":{\"@id\":\"https:\/\/noticiaempauta.com\/portal\/#organization\"},\"potentialAction\":[{\"@type\":\"SearchAction\",\"target\":{\"@type\":\"EntryPoint\",\"urlTemplate\":\"https:\/\/noticiaempauta.com\/portal\/?s={search_term_string}\"},\"query-input\":{\"@type\":\"PropertyValueSpecification\",\"valueRequired\":true,\"valueName\":\"search_term_string\"}}],\"inLanguage\":\"pt-BR\"},{\"@type\":\"Organization\",\"@id\":\"https:\/\/noticiaempauta.com\/portal\/#organization\",\"name\":\"Portal Not\u00edcia em Pauta\",\"url\":\"https:\/\/noticiaempauta.com\/portal\/\",\"logo\":{\"@type\":\"ImageObject\",\"inLanguage\":\"pt-BR\",\"@id\":\"https:\/\/noticiaempauta.com\/portal\/#\/schema\/logo\/image\/\",\"url\":\"https:\/\/noticiaempauta.com\/portal\/wp-content\/uploads\/2022\/08\/logomarca_tema.fw_.png\",\"contentUrl\":\"https:\/\/noticiaempauta.com\/portal\/wp-content\/uploads\/2022\/08\/logomarca_tema.fw_.png\",\"width\":400,\"height\":232,\"caption\":\"Portal Not\u00edcia em Pauta\"},\"image\":{\"@id\":\"https:\/\/noticiaempauta.com\/portal\/#\/schema\/logo\/image\/\"},\"sameAs\":[\"https:\/\/www.facebook.com\/Portal-Notcia-Em-Pauta-102292869264820\/\",\"https:\/\/www.instagram.com\/portalnoticiaempauta\/\"]},{\"@type\":\"Person\",\"@id\":\"https:\/\/noticiaempauta.com\/portal\/#\/schema\/person\/a74af43dd1ab3deca45f988c717d57ac\",\"name\":\"Reda\u00e7\u00e3o\",\"image\":{\"@type\":\"ImageObject\",\"inLanguage\":\"pt-BR\",\"@id\":\"https:\/\/noticiaempauta.com\/portal\/#\/schema\/person\/image\/\",\"url\":\"https:\/\/secure.gravatar.com\/avatar\/03179346ecce6cdfc13361603e8f54242a90e5cde8618fa23c5c00aa2b0aadf3?s=96&d=mm&r=g\",\"contentUrl\":\"https:\/\/secure.gravatar.com\/avatar\/03179346ecce6cdfc13361603e8f54242a90e5cde8618fa23c5c00aa2b0aadf3?s=96&d=mm&r=g\",\"caption\":\"Reda\u00e7\u00e3o\"},\"sameAs\":[\"https:\/\/noticiaempauta.com\/portal\/\"],\"url\":\"https:\/\/noticiaempauta.com\/portal\/author\/fernando\/\"}]}<\/script>\n<!-- \/ Yoast SEO Premium plugin. -->","yoast_head_json":{"title":"Homem \u00e9 preso suspeito de tentar matar o padrasto com golpes de faca na zona rural de Bocaina - Portal Not\u00edcia em Pauta","robots":{"index":"index","follow":"follow","max-snippet":"max-snippet:-1","max-image-preview":"max-image-preview:large","max-video-preview":"max-video-preview:-1"},"canonical":"https:\/\/noticiaempauta.com\/portal\/homem-e-preso-suspeito-de-tentar-matar-o-padrasto-com-golpes-de-faca-na-zona-rural-de-bocaina\/","og_locale":"pt_BR","og_type":"article","og_title":"Homem \u00e9 preso suspeito de tentar matar o padrasto com golpes de faca na zona rural de Bocaina","og_description":"Um homem foi preso suspeito de tentar matar o pr\u00f3prio padrasto com golpes de faca na localidade Curralinho, zona rural do munic\u00edpio de Bocaina, no Piau\u00ed, na noite deste s\u00e1bado (8). De acordo com informa\u00e7\u00f5es da Pol\u00edcia Militar, a corpora\u00e7\u00e3o foi acionada pela companheira da v\u00edtima, que relatou que o filho dela, identificado pelas iniciais [&hellip;]","og_url":"https:\/\/noticiaempauta.com\/portal\/homem-e-preso-suspeito-de-tentar-matar-o-padrasto-com-golpes-de-faca-na-zona-rural-de-bocaina\/","og_site_name":"Portal Not\u00edcia em Pauta","article_publisher":"https:\/\/www.facebook.com\/Portal-Notcia-Em-Pauta-102292869264820\/","article_published_time":"2025-11-09T10:55:37+00:00","article_modified_time":"2025-11-09T10:55:38+00:00","og_image":[{"width":709,"height":697,"url":"https:\/\/noticiaempauta.com\/portal\/wp-content\/uploads\/2025\/11\/1000920024.webp","type":"image\/webp"}],"author":"Reda\u00e7\u00e3o","twitter_card":"summary_large_image","twitter_misc":{"Escrito por":"Reda\u00e7\u00e3o","Est. tempo de leitura":"2 minutos"},"schema":{"@context":"https:\/\/schema.org","@graph":[{"@type":"Article","@id":"https:\/\/noticiaempauta.com\/portal\/homem-e-preso-suspeito-de-tentar-matar-o-padrasto-com-golpes-de-faca-na-zona-rural-de-bocaina\/#article","isPartOf":{"@id":"https:\/\/noticiaempauta.com\/portal\/homem-e-preso-suspeito-de-tentar-matar-o-padrasto-com-golpes-de-faca-na-zona-rural-de-bocaina\/"},"author":{"name":"Reda\u00e7\u00e3o","@id":"https:\/\/noticiaempauta.com\/portal\/#\/schema\/person\/a74af43dd1ab3deca45f988c717d57ac"},"headline":"Homem \u00e9 preso suspeito de tentar matar o padrasto com golpes de faca na zona rural de Bocaina","datePublished":"2025-11-09T10:55:37+00:00","dateModified":"2025-11-09T10:55:38+00:00","mainEntityOfPage":{"@id":"https:\/\/noticiaempauta.com\/portal\/homem-e-preso-suspeito-de-tentar-matar-o-padrasto-com-golpes-de-faca-na-zona-rural-de-bocaina\/"},"wordCount":185,"commentCount":0,"publisher":{"@id":"https:\/\/noticiaempauta.com\/portal\/#organization"},"image":{"@id":"https:\/\/noticiaempauta.com\/portal\/homem-e-preso-suspeito-de-tentar-matar-o-padrasto-com-golpes-de-faca-na-zona-rural-de-bocaina\/#primaryimage"},"thumbnailUrl":"https:\/\/noticiaempauta.com\/portal\/wp-content\/uploads\/2025\/11\/1000920024.webp","articleSection":["Destaques","Geral","Munic\u00edpios","Pol\u00edcia","Todas as Not\u00edcias"],"inLanguage":"pt-BR","potentialAction":[{"@type":"CommentAction","name":"Comment","target":["https:\/\/noticiaempauta.com\/portal\/homem-e-preso-suspeito-de-tentar-matar-o-padrasto-com-golpes-de-faca-na-zona-rural-de-bocaina\/#respond"]}]},{"@type":"WebPage","@id":"https:\/\/noticiaempauta.com\/portal\/homem-e-preso-suspeito-de-tentar-matar-o-padrasto-com-golpes-de-faca-na-zona-rural-de-bocaina\/","url":"https:\/\/noticiaempauta.com\/portal\/homem-e-preso-suspeito-de-tentar-matar-o-padrasto-com-golpes-de-faca-na-zona-rural-de-bocaina\/","name":"Homem \u00e9 preso suspeito de tentar matar o padrasto com golpes de faca na zona rural de Bocaina - Portal Not\u00edcia em Pauta","isPartOf":{"@id":"https:\/\/noticiaempauta.com\/portal\/#website"},"primaryImageOfPage":{"@id":"https:\/\/noticiaempauta.com\/portal\/homem-e-preso-suspeito-de-tentar-matar-o-padrasto-com-golpes-de-faca-na-zona-rural-de-bocaina\/#primaryimage"},"image":{"@id":"https:\/\/noticiaempauta.com\/portal\/homem-e-preso-suspeito-de-tentar-matar-o-padrasto-com-golpes-de-faca-na-zona-rural-de-bocaina\/#primaryimage"},"thumbnailUrl":"https:\/\/noticiaempauta.com\/portal\/wp-content\/uploads\/2025\/11\/1000920024.webp","datePublished":"2025-11-09T10:55:37+00:00","dateModified":"2025-11-09T10:55:38+00:00","breadcrumb":{"@id":"https:\/\/noticiaempauta.com\/portal\/homem-e-preso-suspeito-de-tentar-matar-o-padrasto-com-golpes-de-faca-na-zona-rural-de-bocaina\/#breadcrumb"},"inLanguage":"pt-BR","potentialAction":[{"@type":"ReadAction","target":["https:\/\/noticiaempauta.com\/portal\/homem-e-preso-suspeito-de-tentar-matar-o-padrasto-com-golpes-de-faca-na-zona-rural-de-bocaina\/"]}]},{"@type":"ImageObject","inLanguage":"pt-BR","@id":"https:\/\/noticiaempauta.com\/portal\/homem-e-preso-suspeito-de-tentar-matar-o-padrasto-com-golpes-de-faca-na-zona-rural-de-bocaina\/#primaryimage","url":"https:\/\/noticiaempauta.com\/portal\/wp-content\/uploads\/2025\/11\/1000920024.webp","contentUrl":"https:\/\/noticiaempauta.com\/portal\/wp-content\/uploads\/2025\/11\/1000920024.webp","width":709,"height":697},{"@type":"BreadcrumbList","@id":"https:\/\/noticiaempauta.com\/portal\/homem-e-preso-suspeito-de-tentar-matar-o-padrasto-com-golpes-de-faca-na-zona-rural-de-bocaina\/#breadcrumb","itemListElement":[{"@type":"ListItem","position":1,"name":"P\u00e1gina Inicial","item":"https:\/\/noticiaempauta.com\/portal\/"},{"@type":"ListItem","position":2,"name":"Destaques","item":"https:\/\/noticiaempauta.com\/portal\/destaques-site\/"},{"@type":"ListItem","position":3,"name":"Homem \u00e9 preso suspeito de tentar matar o padrasto com golpes de faca na zona rural de Bocaina"}]},{"@type":"WebSite","@id":"https:\/\/noticiaempauta.com\/portal\/#website","url":"https:\/\/noticiaempauta.com\/portal\/","name":"Portal Not\u00edcia em Pauta","description":"Voc\u00ea bem informado","publisher":{"@id":"https:\/\/noticiaempauta.com\/portal\/#organization"},"potentialAction":[{"@type":"SearchAction","target":{"@type":"EntryPoint","urlTemplate":"https:\/\/noticiaempauta.com\/portal\/?s={search_term_string}"},"query-input":{"@type":"PropertyValueSpecification","valueRequired":true,"valueName":"search_term_string"}}],"inLanguage":"pt-BR"},{"@type":"Organization","@id":"https:\/\/noticiaempauta.com\/portal\/#organization","name":"Portal Not\u00edcia em Pauta","url":"https:\/\/noticiaempauta.com\/portal\/","logo":{"@type":"ImageObject","inLanguage":"pt-BR","@id":"https:\/\/noticiaempauta.com\/portal\/#\/schema\/logo\/image\/","url":"https:\/\/noticiaempauta.com\/portal\/wp-content\/uploads\/2022\/08\/logomarca_tema.fw_.png","contentUrl":"https:\/\/noticiaempauta.com\/portal\/wp-content\/uploads\/2022\/08\/logomarca_tema.fw_.png","width":400,"height":232,"caption":"Portal Not\u00edcia em Pauta"},"image":{"@id":"https:\/\/noticiaempauta.com\/portal\/#\/schema\/logo\/image\/"},"sameAs":["https:\/\/www.facebook.com\/Portal-Notcia-Em-Pauta-102292869264820\/","https:\/\/www.instagram.com\/portalnoticiaempauta\/"]},{"@type":"Person","@id":"https:\/\/noticiaempauta.com\/portal\/#\/schema\/person\/a74af43dd1ab3deca45f988c717d57ac","name":"Reda\u00e7\u00e3o","image":{"@type":"ImageObject","inLanguage":"pt-BR","@id":"https:\/\/noticiaempauta.com\/portal\/#\/schema\/person\/image\/","url":"https:\/\/secure.gravatar.com\/avatar\/03179346ecce6cdfc13361603e8f54242a90e5cde8618fa23c5c00aa2b0aadf3?s=96&d=mm&r=g","contentUrl":"https:\/\/secure.gravatar.com\/avatar\/03179346ecce6cdfc13361603e8f54242a90e5cde8618fa23c5c00aa2b0aadf3?s=96&d=mm&r=g","caption":"Reda\u00e7\u00e3o"},"sameAs":["https:\/\/noticiaempauta.com\/portal\/"],"url":"https:\/\/noticiaempauta.com\/portal\/author\/fernando\/"}]}},"_links":{"self":[{"href":"https:\/\/noticiaempauta.com\/portal\/wp-json\/wp\/v2\/posts\/280411","targetHints":{"allow":["GET"]}}],"collection":[{"href":"https:\/\/noticiaempauta.com\/portal\/wp-json\/wp\/v2\/posts"}],"about":[{"href":"https:\/\/noticiaempauta.com\/portal\/wp-json\/wp\/v2\/types\/post"}],"author":[{"embeddable":true,"href":"https:\/\/noticiaempauta.com\/portal\/wp-json\/wp\/v2\/users\/2"}],"replies":[{"embeddable":true,"href":"https:\/\/noticiaempauta.com\/portal\/wp-json\/wp\/v2\/comments?post=280411"}],"version-history":[{"count":2,"href":"https:\/\/noticiaempauta.com\/portal\/wp-json\/wp\/v2\/posts\/280411\/revisions"}],"predecessor-version":[{"id":280414,"href":"https:\/\/noticiaempauta.com\/portal\/wp-json\/wp\/v2\/posts\/280411\/revisions\/280414"}],"wp:featuredmedia":[{"embeddable":true,"href":"https:\/\/noticiaempauta.com\/portal\/wp-json\/wp\/v2\/media\/280412"}],"wp:attachment":[{"href":"https:\/\/noticiaempauta.com\/portal\/wp-json\/wp\/v2\/media?parent=280411"}],"wp:term":[{"taxonomy":"category","embeddable":true,"href":"https:\/\/noticiaempauta.com\/portal\/wp-json\/wp\/v2\/categories?post=280411"},{"taxonomy":"post_tag","embeddable":true,"href":"https:\/\/noticiaempauta.com\/portal\/wp-json\/wp\/v2\/tags?post=280411"}],"curies":[{"name":"wp","href":"https:\/\/api.w.org\/{rel}","templated":true}]}}