{"id":280424,"date":"2025-11-10T09:30:16","date_gmt":"2025-11-10T12:30:16","guid":{"rendered":"https:\/\/noticiaempauta.com\/portal\/?p=280424"},"modified":"2025-11-10T09:30:17","modified_gmt":"2025-11-10T12:30:17","slug":"familias-atingidas-por-tornado-no-parana-receberao-auxilio-de-ate-r-50-mil","status":"publish","type":"post","link":"https:\/\/noticiaempauta.com\/portal\/familias-atingidas-por-tornado-no-parana-receberao-auxilio-de-ate-r-50-mil\/","title":{"rendered":"Fam\u00edlias atingidas por tornado no Paran\u00e1 receber\u00e3o aux\u00edlio de at\u00e9 R$ 50 mil"},"content":{"rendered":"\n<p>As fam\u00edlias que tiveram casas destru\u00eddas ap\u00f3s a passagem de um tornado no Paran\u00e1 receber\u00e3o aux\u00edlio emergencial de at\u00e9 R$ 50 mil do\u00a0governo estadual.\u00a0A lei que altera o Fundo Estadual para Calamidades P\u00fablicas\u00a0(Fecap) foi sancionada nesse domingo (9) pelo governador do estado Carlos Massa Ratinho Junior.\u00a0<\/p>\n\n\n\n<figure class=\"wp-block-image size-large\"><img fetchpriority=\"high\" decoding=\"async\" width=\"1024\" height=\"576\" src=\"https:\/\/noticiaempauta.com\/portal\/wp-content\/uploads\/2025\/11\/Reconstrucao-de-Rio-Bonito-do-Ig-1024x576.jpg\" alt=\"\" class=\"wp-image-280425\" srcset=\"https:\/\/noticiaempauta.com\/portal\/wp-content\/uploads\/2025\/11\/Reconstrucao-de-Rio-Bonito-do-Ig-1024x576.jpg 1024w, https:\/\/noticiaempauta.com\/portal\/wp-content\/uploads\/2025\/11\/Reconstrucao-de-Rio-Bonito-do-Ig-300x169.jpg 300w, https:\/\/noticiaempauta.com\/portal\/wp-content\/uploads\/2025\/11\/Reconstrucao-de-Rio-Bonito-do-Ig-768x432.jpg 768w, https:\/\/noticiaempauta.com\/portal\/wp-content\/uploads\/2025\/11\/Reconstrucao-de-Rio-Bonito-do-Ig.jpg 1241w\" sizes=\"(max-width: 1024px) 100vw, 1024px\" \/><figcaption class=\"wp-element-caption\"><em>(Foto: por DANIEL CASTELLANO \/ AFP)<\/em><\/figcaption><\/figure>\n\n\n\n<p>Aprovado de maneira un\u00e2nime pela Assembleia Legislativa do estado, em duas sess\u00f5es extraordin\u00e1rias, a\u00a0mudan\u00e7a permite que o valor, antes repassado para os munic\u00edpios,\u00a0seja diretamente enviado para as fam\u00edlias afetadas, sobretudo as v\u00edtimas de\u00a0Rio Bonito do Igua\u00e7u.\u00a0<\/p>\n\n\n\n<h2 class=\"wp-block-heading\">A reconstru\u00e7\u00e3o<\/h2>\n\n\n\n<p>Com ventos de at\u00e9 250 km\/h, o tornado deixou seis mortos (cinco em Rio Bonito do Igua\u00e7u e uma em Guarapuava) e 750 pessoas precisaram de atendimento m\u00e9dico.<\/p>\n\n\n\n<p>O planejamento para a reconstru\u00e7\u00e3o das moradias e das escolas j\u00e1 foi iniciado. Assim que as equipes de engenharia finalizarem o diagn\u00f3stico t\u00e9cnico e estrutural das resid\u00eancias, as reconstru\u00e7\u00f5es ser\u00e3o iniciadas. Cerca de 200 engenheiros est\u00e3o auxiliando na avalia\u00e7\u00e3o dos preju\u00edzos.<\/p>\n\n\n\n<p>Um aparato de maquin\u00e1rio e equipes foram mobilizados para realizar o trabalho de remo\u00e7\u00e3o de entulhos, em Rio Bonito do Igua\u00e7u. Desde a madrugada de s\u00e1bado (8), mais de trinta equipamentos est\u00e3o sendo utilizados para remover os destro\u00e7os.&nbsp;<\/p>\n\n\n\n<p>A Assembleia Legislativa do Estado do Paran\u00e1 declarou estado de calamidade P\u00fablica em Rio Bonito do Igua\u00e7u.&nbsp;<\/p>\n\n\n\n<p>Fonte: Di\u00e1rio do Nordeste<\/p>\n","protected":false},"excerpt":{"rendered":"<p>As fam\u00edlias que tiveram casas destru\u00eddas ap\u00f3s a passagem de um tornado no Paran\u00e1 receber\u00e3o aux\u00edlio emergencial de at\u00e9 R$ 50 mil do\u00a0governo estadual.\u00a0A lei que altera o Fundo Estadual para Calamidades P\u00fablicas\u00a0(Fecap) foi sancionada nesse domingo (9) pelo governador do estado Carlos Massa Ratinho Junior.\u00a0 Aprovado de maneira un\u00e2nime pela Assembleia Legislativa do estado, [&hellip;]<\/p>\n","protected":false},"author":2,"featured_media":280425,"comment_status":"open","ping_status":"open","sticky":false,"template":"","format":"standard","meta":{"_mi_skip_tracking":false,"footnotes":""},"categories":[25,1,16],"tags":[192],"class_list":["post-280424","post","type-post","status-publish","format-standard","has-post-thumbnail","hentry","category-destaques-site","category-geral","category-todas","tag-destaqueprincipal"],"acf":[],"yoast_head":"<!-- This site is optimized with the Yoast SEO Premium plugin v19.2 (Yoast SEO v26.9) - https:\/\/yoast.com\/product\/yoast-seo-premium-wordpress\/ -->\n<title>Fam\u00edlias atingidas por tornado no Paran\u00e1 receber\u00e3o aux\u00edlio de at\u00e9 R$ 50 mil - Portal Not\u00edcia em Pauta<\/title>\n<meta name=\"robots\" content=\"index, follow, max-snippet:-1, max-image-preview:large, max-video-preview:-1\" \/>\n<link rel=\"canonical\" href=\"https:\/\/noticiaempauta.com\/portal\/familias-atingidas-por-tornado-no-parana-receberao-auxilio-de-ate-r-50-mil\/\" \/>\n<meta property=\"og:locale\" content=\"pt_BR\" \/>\n<meta property=\"og:type\" content=\"article\" \/>\n<meta property=\"og:title\" content=\"Fam\u00edlias atingidas por tornado no Paran\u00e1 receber\u00e3o aux\u00edlio de at\u00e9 R$ 50 mil\" \/>\n<meta property=\"og:description\" content=\"As fam\u00edlias que tiveram casas destru\u00eddas ap\u00f3s a passagem de um tornado no Paran\u00e1 receber\u00e3o aux\u00edlio emergencial de at\u00e9 R$ 50 mil do\u00a0governo estadual.\u00a0A lei que altera o Fundo Estadual para Calamidades P\u00fablicas\u00a0(Fecap) foi sancionada nesse domingo (9) pelo governador do estado Carlos Massa Ratinho Junior.\u00a0 Aprovado de maneira un\u00e2nime pela Assembleia Legislativa do estado, [&hellip;]\" \/>\n<meta property=\"og:url\" content=\"https:\/\/noticiaempauta.com\/portal\/familias-atingidas-por-tornado-no-parana-receberao-auxilio-de-ate-r-50-mil\/\" \/>\n<meta property=\"og:site_name\" content=\"Portal Not\u00edcia em Pauta\" \/>\n<meta property=\"article:publisher\" content=\"https:\/\/www.facebook.com\/Portal-Notcia-Em-Pauta-102292869264820\/\" \/>\n<meta property=\"article:published_time\" content=\"2025-11-10T12:30:16+00:00\" \/>\n<meta property=\"article:modified_time\" content=\"2025-11-10T12:30:17+00:00\" \/>\n<meta property=\"og:image\" content=\"https:\/\/noticiaempauta.com\/portal\/wp-content\/uploads\/2025\/11\/Reconstrucao-de-Rio-Bonito-do-Ig.jpg\" \/>\n\t<meta property=\"og:image:width\" content=\"1241\" \/>\n\t<meta property=\"og:image:height\" content=\"698\" \/>\n\t<meta property=\"og:image:type\" content=\"image\/jpeg\" \/>\n<meta name=\"author\" content=\"Reda\u00e7\u00e3o\" \/>\n<meta name=\"twitter:card\" content=\"summary_large_image\" \/>\n<meta name=\"twitter:label1\" content=\"Escrito por\" \/>\n\t<meta name=\"twitter:data1\" content=\"Reda\u00e7\u00e3o\" \/>\n\t<meta name=\"twitter:label2\" content=\"Est. tempo de leitura\" \/>\n\t<meta name=\"twitter:data2\" content=\"2 minutos\" \/>\n<script type=\"application\/ld+json\" class=\"yoast-schema-graph\">{\"@context\":\"https:\/\/schema.org\",\"@graph\":[{\"@type\":\"Article\",\"@id\":\"https:\/\/noticiaempauta.com\/portal\/familias-atingidas-por-tornado-no-parana-receberao-auxilio-de-ate-r-50-mil\/#article\",\"isPartOf\":{\"@id\":\"https:\/\/noticiaempauta.com\/portal\/familias-atingidas-por-tornado-no-parana-receberao-auxilio-de-ate-r-50-mil\/\"},\"author\":{\"name\":\"Reda\u00e7\u00e3o\",\"@id\":\"https:\/\/noticiaempauta.com\/portal\/#\/schema\/person\/a74af43dd1ab3deca45f988c717d57ac\"},\"headline\":\"Fam\u00edlias atingidas por tornado no Paran\u00e1 receber\u00e3o aux\u00edlio de at\u00e9 R$ 50 mil\",\"datePublished\":\"2025-11-10T12:30:16+00:00\",\"dateModified\":\"2025-11-10T12:30:17+00:00\",\"mainEntityOfPage\":{\"@id\":\"https:\/\/noticiaempauta.com\/portal\/familias-atingidas-por-tornado-no-parana-receberao-auxilio-de-ate-r-50-mil\/\"},\"wordCount\":270,\"commentCount\":0,\"publisher\":{\"@id\":\"https:\/\/noticiaempauta.com\/portal\/#organization\"},\"image\":{\"@id\":\"https:\/\/noticiaempauta.com\/portal\/familias-atingidas-por-tornado-no-parana-receberao-auxilio-de-ate-r-50-mil\/#primaryimage\"},\"thumbnailUrl\":\"https:\/\/noticiaempauta.com\/portal\/wp-content\/uploads\/2025\/11\/Reconstrucao-de-Rio-Bonito-do-Ig.jpg\",\"keywords\":[\"destaqueprincipal\"],\"articleSection\":[\"Destaques\",\"Geral\",\"Todas as Not\u00edcias\"],\"inLanguage\":\"pt-BR\",\"potentialAction\":[{\"@type\":\"CommentAction\",\"name\":\"Comment\",\"target\":[\"https:\/\/noticiaempauta.com\/portal\/familias-atingidas-por-tornado-no-parana-receberao-auxilio-de-ate-r-50-mil\/#respond\"]}]},{\"@type\":\"WebPage\",\"@id\":\"https:\/\/noticiaempauta.com\/portal\/familias-atingidas-por-tornado-no-parana-receberao-auxilio-de-ate-r-50-mil\/\",\"url\":\"https:\/\/noticiaempauta.com\/portal\/familias-atingidas-por-tornado-no-parana-receberao-auxilio-de-ate-r-50-mil\/\",\"name\":\"Fam\u00edlias atingidas por tornado no Paran\u00e1 receber\u00e3o aux\u00edlio de at\u00e9 R$ 50 mil - Portal Not\u00edcia em Pauta\",\"isPartOf\":{\"@id\":\"https:\/\/noticiaempauta.com\/portal\/#website\"},\"primaryImageOfPage\":{\"@id\":\"https:\/\/noticiaempauta.com\/portal\/familias-atingidas-por-tornado-no-parana-receberao-auxilio-de-ate-r-50-mil\/#primaryimage\"},\"image\":{\"@id\":\"https:\/\/noticiaempauta.com\/portal\/familias-atingidas-por-tornado-no-parana-receberao-auxilio-de-ate-r-50-mil\/#primaryimage\"},\"thumbnailUrl\":\"https:\/\/noticiaempauta.com\/portal\/wp-content\/uploads\/2025\/11\/Reconstrucao-de-Rio-Bonito-do-Ig.jpg\",\"datePublished\":\"2025-11-10T12:30:16+00:00\",\"dateModified\":\"2025-11-10T12:30:17+00:00\",\"breadcrumb\":{\"@id\":\"https:\/\/noticiaempauta.com\/portal\/familias-atingidas-por-tornado-no-parana-receberao-auxilio-de-ate-r-50-mil\/#breadcrumb\"},\"inLanguage\":\"pt-BR\",\"potentialAction\":[{\"@type\":\"ReadAction\",\"target\":[\"https:\/\/noticiaempauta.com\/portal\/familias-atingidas-por-tornado-no-parana-receberao-auxilio-de-ate-r-50-mil\/\"]}]},{\"@type\":\"ImageObject\",\"inLanguage\":\"pt-BR\",\"@id\":\"https:\/\/noticiaempauta.com\/portal\/familias-atingidas-por-tornado-no-parana-receberao-auxilio-de-ate-r-50-mil\/#primaryimage\",\"url\":\"https:\/\/noticiaempauta.com\/portal\/wp-content\/uploads\/2025\/11\/Reconstrucao-de-Rio-Bonito-do-Ig.jpg\",\"contentUrl\":\"https:\/\/noticiaempauta.com\/portal\/wp-content\/uploads\/2025\/11\/Reconstrucao-de-Rio-Bonito-do-Ig.jpg\",\"width\":1241,\"height\":698},{\"@type\":\"BreadcrumbList\",\"@id\":\"https:\/\/noticiaempauta.com\/portal\/familias-atingidas-por-tornado-no-parana-receberao-auxilio-de-ate-r-50-mil\/#breadcrumb\",\"itemListElement\":[{\"@type\":\"ListItem\",\"position\":1,\"name\":\"P\u00e1gina Inicial\",\"item\":\"https:\/\/noticiaempauta.com\/portal\/\"},{\"@type\":\"ListItem\",\"position\":2,\"name\":\"Destaques\",\"item\":\"https:\/\/noticiaempauta.com\/portal\/destaques-site\/\"},{\"@type\":\"ListItem\",\"position\":3,\"name\":\"Fam\u00edlias atingidas por tornado no Paran\u00e1 receber\u00e3o aux\u00edlio de at\u00e9 R$ 50 mil\"}]},{\"@type\":\"WebSite\",\"@id\":\"https:\/\/noticiaempauta.com\/portal\/#website\",\"url\":\"https:\/\/noticiaempauta.com\/portal\/\",\"name\":\"Portal Not\u00edcia em Pauta\",\"description\":\"Voc\u00ea bem informado\",\"publisher\":{\"@id\":\"https:\/\/noticiaempauta.com\/portal\/#organization\"},\"potentialAction\":[{\"@type\":\"SearchAction\",\"target\":{\"@type\":\"EntryPoint\",\"urlTemplate\":\"https:\/\/noticiaempauta.com\/portal\/?s={search_term_string}\"},\"query-input\":{\"@type\":\"PropertyValueSpecification\",\"valueRequired\":true,\"valueName\":\"search_term_string\"}}],\"inLanguage\":\"pt-BR\"},{\"@type\":\"Organization\",\"@id\":\"https:\/\/noticiaempauta.com\/portal\/#organization\",\"name\":\"Portal Not\u00edcia em Pauta\",\"url\":\"https:\/\/noticiaempauta.com\/portal\/\",\"logo\":{\"@type\":\"ImageObject\",\"inLanguage\":\"pt-BR\",\"@id\":\"https:\/\/noticiaempauta.com\/portal\/#\/schema\/logo\/image\/\",\"url\":\"https:\/\/noticiaempauta.com\/portal\/wp-content\/uploads\/2022\/08\/logomarca_tema.fw_.png\",\"contentUrl\":\"https:\/\/noticiaempauta.com\/portal\/wp-content\/uploads\/2022\/08\/logomarca_tema.fw_.png\",\"width\":400,\"height\":232,\"caption\":\"Portal Not\u00edcia em Pauta\"},\"image\":{\"@id\":\"https:\/\/noticiaempauta.com\/portal\/#\/schema\/logo\/image\/\"},\"sameAs\":[\"https:\/\/www.facebook.com\/Portal-Notcia-Em-Pauta-102292869264820\/\",\"https:\/\/www.instagram.com\/portalnoticiaempauta\/\"]},{\"@type\":\"Person\",\"@id\":\"https:\/\/noticiaempauta.com\/portal\/#\/schema\/person\/a74af43dd1ab3deca45f988c717d57ac\",\"name\":\"Reda\u00e7\u00e3o\",\"image\":{\"@type\":\"ImageObject\",\"inLanguage\":\"pt-BR\",\"@id\":\"https:\/\/noticiaempauta.com\/portal\/#\/schema\/person\/image\/\",\"url\":\"https:\/\/secure.gravatar.com\/avatar\/03179346ecce6cdfc13361603e8f54242a90e5cde8618fa23c5c00aa2b0aadf3?s=96&d=mm&r=g\",\"contentUrl\":\"https:\/\/secure.gravatar.com\/avatar\/03179346ecce6cdfc13361603e8f54242a90e5cde8618fa23c5c00aa2b0aadf3?s=96&d=mm&r=g\",\"caption\":\"Reda\u00e7\u00e3o\"},\"sameAs\":[\"https:\/\/noticiaempauta.com\/portal\/\"],\"url\":\"https:\/\/noticiaempauta.com\/portal\/author\/fernando\/\"}]}<\/script>\n<!-- \/ Yoast SEO Premium plugin. -->","yoast_head_json":{"title":"Fam\u00edlias atingidas por tornado no Paran\u00e1 receber\u00e3o aux\u00edlio de at\u00e9 R$ 50 mil - Portal Not\u00edcia em Pauta","robots":{"index":"index","follow":"follow","max-snippet":"max-snippet:-1","max-image-preview":"max-image-preview:large","max-video-preview":"max-video-preview:-1"},"canonical":"https:\/\/noticiaempauta.com\/portal\/familias-atingidas-por-tornado-no-parana-receberao-auxilio-de-ate-r-50-mil\/","og_locale":"pt_BR","og_type":"article","og_title":"Fam\u00edlias atingidas por tornado no Paran\u00e1 receber\u00e3o aux\u00edlio de at\u00e9 R$ 50 mil","og_description":"As fam\u00edlias que tiveram casas destru\u00eddas ap\u00f3s a passagem de um tornado no Paran\u00e1 receber\u00e3o aux\u00edlio emergencial de at\u00e9 R$ 50 mil do\u00a0governo estadual.\u00a0A lei que altera o Fundo Estadual para Calamidades P\u00fablicas\u00a0(Fecap) foi sancionada nesse domingo (9) pelo governador do estado Carlos Massa Ratinho Junior.\u00a0 Aprovado de maneira un\u00e2nime pela Assembleia Legislativa do estado, [&hellip;]","og_url":"https:\/\/noticiaempauta.com\/portal\/familias-atingidas-por-tornado-no-parana-receberao-auxilio-de-ate-r-50-mil\/","og_site_name":"Portal Not\u00edcia em Pauta","article_publisher":"https:\/\/www.facebook.com\/Portal-Notcia-Em-Pauta-102292869264820\/","article_published_time":"2025-11-10T12:30:16+00:00","article_modified_time":"2025-11-10T12:30:17+00:00","og_image":[{"width":1241,"height":698,"url":"https:\/\/noticiaempauta.com\/portal\/wp-content\/uploads\/2025\/11\/Reconstrucao-de-Rio-Bonito-do-Ig.jpg","type":"image\/jpeg"}],"author":"Reda\u00e7\u00e3o","twitter_card":"summary_large_image","twitter_misc":{"Escrito por":"Reda\u00e7\u00e3o","Est. tempo de leitura":"2 minutos"},"schema":{"@context":"https:\/\/schema.org","@graph":[{"@type":"Article","@id":"https:\/\/noticiaempauta.com\/portal\/familias-atingidas-por-tornado-no-parana-receberao-auxilio-de-ate-r-50-mil\/#article","isPartOf":{"@id":"https:\/\/noticiaempauta.com\/portal\/familias-atingidas-por-tornado-no-parana-receberao-auxilio-de-ate-r-50-mil\/"},"author":{"name":"Reda\u00e7\u00e3o","@id":"https:\/\/noticiaempauta.com\/portal\/#\/schema\/person\/a74af43dd1ab3deca45f988c717d57ac"},"headline":"Fam\u00edlias atingidas por tornado no Paran\u00e1 receber\u00e3o aux\u00edlio de at\u00e9 R$ 50 mil","datePublished":"2025-11-10T12:30:16+00:00","dateModified":"2025-11-10T12:30:17+00:00","mainEntityOfPage":{"@id":"https:\/\/noticiaempauta.com\/portal\/familias-atingidas-por-tornado-no-parana-receberao-auxilio-de-ate-r-50-mil\/"},"wordCount":270,"commentCount":0,"publisher":{"@id":"https:\/\/noticiaempauta.com\/portal\/#organization"},"image":{"@id":"https:\/\/noticiaempauta.com\/portal\/familias-atingidas-por-tornado-no-parana-receberao-auxilio-de-ate-r-50-mil\/#primaryimage"},"thumbnailUrl":"https:\/\/noticiaempauta.com\/portal\/wp-content\/uploads\/2025\/11\/Reconstrucao-de-Rio-Bonito-do-Ig.jpg","keywords":["destaqueprincipal"],"articleSection":["Destaques","Geral","Todas as Not\u00edcias"],"inLanguage":"pt-BR","potentialAction":[{"@type":"CommentAction","name":"Comment","target":["https:\/\/noticiaempauta.com\/portal\/familias-atingidas-por-tornado-no-parana-receberao-auxilio-de-ate-r-50-mil\/#respond"]}]},{"@type":"WebPage","@id":"https:\/\/noticiaempauta.com\/portal\/familias-atingidas-por-tornado-no-parana-receberao-auxilio-de-ate-r-50-mil\/","url":"https:\/\/noticiaempauta.com\/portal\/familias-atingidas-por-tornado-no-parana-receberao-auxilio-de-ate-r-50-mil\/","name":"Fam\u00edlias atingidas por tornado no Paran\u00e1 receber\u00e3o aux\u00edlio de at\u00e9 R$ 50 mil - Portal Not\u00edcia em Pauta","isPartOf":{"@id":"https:\/\/noticiaempauta.com\/portal\/#website"},"primaryImageOfPage":{"@id":"https:\/\/noticiaempauta.com\/portal\/familias-atingidas-por-tornado-no-parana-receberao-auxilio-de-ate-r-50-mil\/#primaryimage"},"image":{"@id":"https:\/\/noticiaempauta.com\/portal\/familias-atingidas-por-tornado-no-parana-receberao-auxilio-de-ate-r-50-mil\/#primaryimage"},"thumbnailUrl":"https:\/\/noticiaempauta.com\/portal\/wp-content\/uploads\/2025\/11\/Reconstrucao-de-Rio-Bonito-do-Ig.jpg","datePublished":"2025-11-10T12:30:16+00:00","dateModified":"2025-11-10T12:30:17+00:00","breadcrumb":{"@id":"https:\/\/noticiaempauta.com\/portal\/familias-atingidas-por-tornado-no-parana-receberao-auxilio-de-ate-r-50-mil\/#breadcrumb"},"inLanguage":"pt-BR","potentialAction":[{"@type":"ReadAction","target":["https:\/\/noticiaempauta.com\/portal\/familias-atingidas-por-tornado-no-parana-receberao-auxilio-de-ate-r-50-mil\/"]}]},{"@type":"ImageObject","inLanguage":"pt-BR","@id":"https:\/\/noticiaempauta.com\/portal\/familias-atingidas-por-tornado-no-parana-receberao-auxilio-de-ate-r-50-mil\/#primaryimage","url":"https:\/\/noticiaempauta.com\/portal\/wp-content\/uploads\/2025\/11\/Reconstrucao-de-Rio-Bonito-do-Ig.jpg","contentUrl":"https:\/\/noticiaempauta.com\/portal\/wp-content\/uploads\/2025\/11\/Reconstrucao-de-Rio-Bonito-do-Ig.jpg","width":1241,"height":698},{"@type":"BreadcrumbList","@id":"https:\/\/noticiaempauta.com\/portal\/familias-atingidas-por-tornado-no-parana-receberao-auxilio-de-ate-r-50-mil\/#breadcrumb","itemListElement":[{"@type":"ListItem","position":1,"name":"P\u00e1gina Inicial","item":"https:\/\/noticiaempauta.com\/portal\/"},{"@type":"ListItem","position":2,"name":"Destaques","item":"https:\/\/noticiaempauta.com\/portal\/destaques-site\/"},{"@type":"ListItem","position":3,"name":"Fam\u00edlias atingidas por tornado no Paran\u00e1 receber\u00e3o aux\u00edlio de at\u00e9 R$ 50 mil"}]},{"@type":"WebSite","@id":"https:\/\/noticiaempauta.com\/portal\/#website","url":"https:\/\/noticiaempauta.com\/portal\/","name":"Portal Not\u00edcia em Pauta","description":"Voc\u00ea bem informado","publisher":{"@id":"https:\/\/noticiaempauta.com\/portal\/#organization"},"potentialAction":[{"@type":"SearchAction","target":{"@type":"EntryPoint","urlTemplate":"https:\/\/noticiaempauta.com\/portal\/?s={search_term_string}"},"query-input":{"@type":"PropertyValueSpecification","valueRequired":true,"valueName":"search_term_string"}}],"inLanguage":"pt-BR"},{"@type":"Organization","@id":"https:\/\/noticiaempauta.com\/portal\/#organization","name":"Portal Not\u00edcia em Pauta","url":"https:\/\/noticiaempauta.com\/portal\/","logo":{"@type":"ImageObject","inLanguage":"pt-BR","@id":"https:\/\/noticiaempauta.com\/portal\/#\/schema\/logo\/image\/","url":"https:\/\/noticiaempauta.com\/portal\/wp-content\/uploads\/2022\/08\/logomarca_tema.fw_.png","contentUrl":"https:\/\/noticiaempauta.com\/portal\/wp-content\/uploads\/2022\/08\/logomarca_tema.fw_.png","width":400,"height":232,"caption":"Portal Not\u00edcia em Pauta"},"image":{"@id":"https:\/\/noticiaempauta.com\/portal\/#\/schema\/logo\/image\/"},"sameAs":["https:\/\/www.facebook.com\/Portal-Notcia-Em-Pauta-102292869264820\/","https:\/\/www.instagram.com\/portalnoticiaempauta\/"]},{"@type":"Person","@id":"https:\/\/noticiaempauta.com\/portal\/#\/schema\/person\/a74af43dd1ab3deca45f988c717d57ac","name":"Reda\u00e7\u00e3o","image":{"@type":"ImageObject","inLanguage":"pt-BR","@id":"https:\/\/noticiaempauta.com\/portal\/#\/schema\/person\/image\/","url":"https:\/\/secure.gravatar.com\/avatar\/03179346ecce6cdfc13361603e8f54242a90e5cde8618fa23c5c00aa2b0aadf3?s=96&d=mm&r=g","contentUrl":"https:\/\/secure.gravatar.com\/avatar\/03179346ecce6cdfc13361603e8f54242a90e5cde8618fa23c5c00aa2b0aadf3?s=96&d=mm&r=g","caption":"Reda\u00e7\u00e3o"},"sameAs":["https:\/\/noticiaempauta.com\/portal\/"],"url":"https:\/\/noticiaempauta.com\/portal\/author\/fernando\/"}]}},"_links":{"self":[{"href":"https:\/\/noticiaempauta.com\/portal\/wp-json\/wp\/v2\/posts\/280424","targetHints":{"allow":["GET"]}}],"collection":[{"href":"https:\/\/noticiaempauta.com\/portal\/wp-json\/wp\/v2\/posts"}],"about":[{"href":"https:\/\/noticiaempauta.com\/portal\/wp-json\/wp\/v2\/types\/post"}],"author":[{"embeddable":true,"href":"https:\/\/noticiaempauta.com\/portal\/wp-json\/wp\/v2\/users\/2"}],"replies":[{"embeddable":true,"href":"https:\/\/noticiaempauta.com\/portal\/wp-json\/wp\/v2\/comments?post=280424"}],"version-history":[{"count":2,"href":"https:\/\/noticiaempauta.com\/portal\/wp-json\/wp\/v2\/posts\/280424\/revisions"}],"predecessor-version":[{"id":280427,"href":"https:\/\/noticiaempauta.com\/portal\/wp-json\/wp\/v2\/posts\/280424\/revisions\/280427"}],"wp:featuredmedia":[{"embeddable":true,"href":"https:\/\/noticiaempauta.com\/portal\/wp-json\/wp\/v2\/media\/280425"}],"wp:attachment":[{"href":"https:\/\/noticiaempauta.com\/portal\/wp-json\/wp\/v2\/media?parent=280424"}],"wp:term":[{"taxonomy":"category","embeddable":true,"href":"https:\/\/noticiaempauta.com\/portal\/wp-json\/wp\/v2\/categories?post=280424"},{"taxonomy":"post_tag","embeddable":true,"href":"https:\/\/noticiaempauta.com\/portal\/wp-json\/wp\/v2\/tags?post=280424"}],"curies":[{"name":"wp","href":"https:\/\/api.w.org\/{rel}","templated":true}]}}