{"id":280428,"date":"2025-11-10T09:37:14","date_gmt":"2025-11-10T12:37:14","guid":{"rendered":"https:\/\/noticiaempauta.com\/portal\/?p=280428"},"modified":"2025-11-10T09:37:15","modified_gmt":"2025-11-10T12:37:15","slug":"com-mais-de-1-milhao-de-atendimentos-profissionais-do-piaui-saude-digital-fortalecem-a-rede-publica-de-saude","status":"publish","type":"post","link":"https:\/\/noticiaempauta.com\/portal\/com-mais-de-1-milhao-de-atendimentos-profissionais-do-piaui-saude-digital-fortalecem-a-rede-publica-de-saude\/","title":{"rendered":"Com mais de 1 milh\u00e3o de atendimentos, profissionais do Piau\u00ed Sa\u00fade Digital fortalecem a rede p\u00fablica de sa\u00fade"},"content":{"rendered":"\n<p>O Piau\u00ed Sa\u00fade Digital alcan\u00e7ou a marca hist\u00f3rica de 1.081.633 milh\u00e3o de atendimentos, entre consultas e telelaudos, consolidando-se como uma das pol\u00edticas p\u00fablicas mais inovadoras da sa\u00fade no estado. O resultado reflete o trabalho di\u00e1rio de centenas de profissionais que, por meio da telemedicina, garantem atendimento \u00e1gil e de qualidade a piauienses de todas as regi\u00f5es.<\/p>\n\n\n\n<figure class=\"wp-block-image size-large\"><img fetchpriority=\"high\" decoding=\"async\" width=\"1024\" height=\"910\" src=\"https:\/\/noticiaempauta.com\/portal\/wp-content\/uploads\/2025\/11\/piaui_saude_digital-1024x910.png\" alt=\"\" class=\"wp-image-280429\" srcset=\"https:\/\/noticiaempauta.com\/portal\/wp-content\/uploads\/2025\/11\/piaui_saude_digital-1024x910.png 1024w, https:\/\/noticiaempauta.com\/portal\/wp-content\/uploads\/2025\/11\/piaui_saude_digital-300x267.png 300w, https:\/\/noticiaempauta.com\/portal\/wp-content\/uploads\/2025\/11\/piaui_saude_digital-768x683.png 768w, https:\/\/noticiaempauta.com\/portal\/wp-content\/uploads\/2025\/11\/piaui_saude_digital-1536x1365.png 1536w, https:\/\/noticiaempauta.com\/portal\/wp-content\/uploads\/2025\/11\/piaui_saude_digital.png 1620w\" sizes=\"(max-width: 1024px) 100vw, 1024px\" \/><\/figure>\n\n\n\n<p>Lan\u00e7ado em abril de 2023, em Piripiri, o programa nasceu com o objetivo de democratizar o acesso \u00e0 sa\u00fade p\u00fablica, enfrentando desafios como a escassez de especialistas, as longas filas de espera e as dificuldades de deslocamento em \u00e1reas mais afastadas. Em pouco tempo, o Sa\u00fade Digital eliminou filas em diversas especialidades e foi expandido para os 224 munic\u00edpios piauienses, integrando Unidades B\u00e1sicas de Sa\u00fade, policl\u00ednicas, hospitais e centrais de diagn\u00f3stico regionais. Com atendimento 24 horas, o programa oferece consultas com cl\u00ednicos gerais e especialistas de 12 \u00e1reas m\u00e9dicas e duas n\u00e3o medicas, sendo elas: dermatologia, endocrinologia, ginecologia, cardiologia, neurologia, ortopedia, pediatria, psiquiatria, urologia e obstetr\u00edcia, al\u00e9m de psicologia e nutri\u00e7\u00e3o.<\/p>\n\n\n\n<figure class=\"wp-block-image size-large\"><img decoding=\"async\" width=\"1024\" height=\"604\" src=\"https:\/\/noticiaempauta.com\/portal\/wp-content\/uploads\/2025\/11\/Sala-Piaui-Saude-Digital-scaled-e1759260004897-1-1024x604.jpeg\" alt=\"\" class=\"wp-image-280430\" srcset=\"https:\/\/noticiaempauta.com\/portal\/wp-content\/uploads\/2025\/11\/Sala-Piaui-Saude-Digital-scaled-e1759260004897-1-1024x604.jpeg 1024w, https:\/\/noticiaempauta.com\/portal\/wp-content\/uploads\/2025\/11\/Sala-Piaui-Saude-Digital-scaled-e1759260004897-1-300x177.jpeg 300w, https:\/\/noticiaempauta.com\/portal\/wp-content\/uploads\/2025\/11\/Sala-Piaui-Saude-Digital-scaled-e1759260004897-1-768x453.jpeg 768w, https:\/\/noticiaempauta.com\/portal\/wp-content\/uploads\/2025\/11\/Sala-Piaui-Saude-Digital-scaled-e1759260004897-1-1536x906.jpeg 1536w, https:\/\/noticiaempauta.com\/portal\/wp-content\/uploads\/2025\/11\/Sala-Piaui-Saude-Digital-scaled-e1759260004897-1-2048x1208.jpeg 2048w\" sizes=\"(max-width: 1024px) 100vw, 1024px\" \/><\/figure>\n\n\n\n<p>A m\u00e9dica Cibele Martins, que integra o programa desde o in\u00edcio, destaca a import\u00e2ncia do Sa\u00fade Digital para a inclus\u00e3o e o cuidado com a popula\u00e7\u00e3o. \u201c\u00c9 muito gratificante poder atender pessoas que antes n\u00e3o tinham contato com um m\u00e9dico. Muitos pacientes me contam que \u00e9 a primeira vez que conseguem conversar com um profissional de sa\u00fade, muitas vezes apenas com o celular em m\u00e3os. O programa cumpre sua miss\u00e3o de levar atendimento digno e de qualidade a quem mais precisa\u201d, afirmou.<\/p>\n\n\n\n<p>Cibele tamb\u00e9m ressalta que o sistema facilita o trabalho dos profissionais e torna o atendimento mais eficiente. \u201cConseguimos enviar receitas, arquivos e orienta\u00e7\u00f5es diretamente ao paciente, o que agiliza o processo e melhora o acompanhamento. O suporte t\u00e9cnico \u00e9 excelente, e isso nos d\u00e1 seguran\u00e7a para focar no que importa: o cuidado com o paciente\u201d, destacou.<\/p>\n\n\n\n<p>A psic\u00f3loga Ana Frota, que tamb\u00e9m faz parte do programa, refor\u00e7a como o Sa\u00fade Digital tornou o atendimento mais acess\u00edvel e pr\u00f3ximo da realidade dos pacientes.\u201cMuitos s\u00e3o atendidos nas unidades de sa\u00fade, outros no conforto de casa, no trabalho ou at\u00e9 na escola. O sistema \u00e9 r\u00e1pido e eficiente, sincroniza os atendimentos em poucos segundos e permite que o paciente retorne facilmente caso haja falha na conex\u00e3o\u201d, explicou.<\/p>\n\n\n\n<p>SECOM-PI<\/p>\n","protected":false},"excerpt":{"rendered":"<p>O Piau\u00ed Sa\u00fade Digital alcan\u00e7ou a marca hist\u00f3rica de 1.081.633 milh\u00e3o de atendimentos, entre consultas e telelaudos, consolidando-se como uma das pol\u00edticas p\u00fablicas mais inovadoras da sa\u00fade no estado. O resultado reflete o trabalho di\u00e1rio de centenas de profissionais que, por meio da telemedicina, garantem atendimento \u00e1gil e de qualidade a piauienses de todas as [&hellip;]<\/p>\n","protected":false},"author":2,"featured_media":280430,"comment_status":"open","ping_status":"open","sticky":false,"template":"","format":"standard","meta":{"_mi_skip_tracking":false,"footnotes":""},"categories":[25,1,5,16],"tags":[],"class_list":["post-280428","post","type-post","status-publish","format-standard","has-post-thumbnail","hentry","category-destaques-site","category-geral","category-saude","category-todas"],"acf":[],"yoast_head":"<!-- This site is optimized with the Yoast SEO Premium plugin v19.2 (Yoast SEO v26.9) - https:\/\/yoast.com\/product\/yoast-seo-premium-wordpress\/ -->\n<title>Com mais de 1 milh\u00e3o de atendimentos, profissionais do Piau\u00ed Sa\u00fade Digital fortalecem a rede p\u00fablica de sa\u00fade - Portal Not\u00edcia em Pauta<\/title>\n<meta name=\"robots\" content=\"index, follow, max-snippet:-1, max-image-preview:large, max-video-preview:-1\" \/>\n<link rel=\"canonical\" href=\"https:\/\/noticiaempauta.com\/portal\/com-mais-de-1-milhao-de-atendimentos-profissionais-do-piaui-saude-digital-fortalecem-a-rede-publica-de-saude\/\" \/>\n<meta property=\"og:locale\" content=\"pt_BR\" \/>\n<meta property=\"og:type\" content=\"article\" \/>\n<meta property=\"og:title\" content=\"Com mais de 1 milh\u00e3o de atendimentos, profissionais do Piau\u00ed Sa\u00fade Digital fortalecem a rede p\u00fablica de sa\u00fade\" \/>\n<meta property=\"og:description\" content=\"O Piau\u00ed Sa\u00fade Digital alcan\u00e7ou a marca hist\u00f3rica de 1.081.633 milh\u00e3o de atendimentos, entre consultas e telelaudos, consolidando-se como uma das pol\u00edticas p\u00fablicas mais inovadoras da sa\u00fade no estado. O resultado reflete o trabalho di\u00e1rio de centenas de profissionais que, por meio da telemedicina, garantem atendimento \u00e1gil e de qualidade a piauienses de todas as [&hellip;]\" \/>\n<meta property=\"og:url\" content=\"https:\/\/noticiaempauta.com\/portal\/com-mais-de-1-milhao-de-atendimentos-profissionais-do-piaui-saude-digital-fortalecem-a-rede-publica-de-saude\/\" \/>\n<meta property=\"og:site_name\" content=\"Portal Not\u00edcia em Pauta\" \/>\n<meta property=\"article:publisher\" content=\"https:\/\/www.facebook.com\/Portal-Notcia-Em-Pauta-102292869264820\/\" \/>\n<meta property=\"article:published_time\" content=\"2025-11-10T12:37:14+00:00\" \/>\n<meta property=\"article:modified_time\" content=\"2025-11-10T12:37:15+00:00\" \/>\n<meta property=\"og:image\" content=\"https:\/\/noticiaempauta.com\/portal\/wp-content\/uploads\/2025\/11\/Sala-Piaui-Saude-Digital-scaled-e1759260004897-1.jpeg\" \/>\n\t<meta property=\"og:image:width\" content=\"2560\" \/>\n\t<meta property=\"og:image:height\" content=\"1510\" \/>\n\t<meta property=\"og:image:type\" content=\"image\/jpeg\" \/>\n<meta name=\"author\" content=\"Reda\u00e7\u00e3o\" \/>\n<meta name=\"twitter:card\" content=\"summary_large_image\" \/>\n<meta name=\"twitter:label1\" content=\"Escrito por\" \/>\n\t<meta name=\"twitter:data1\" content=\"Reda\u00e7\u00e3o\" \/>\n\t<meta name=\"twitter:label2\" content=\"Est. tempo de leitura\" \/>\n\t<meta name=\"twitter:data2\" content=\"3 minutos\" \/>\n<script type=\"application\/ld+json\" class=\"yoast-schema-graph\">{\"@context\":\"https:\/\/schema.org\",\"@graph\":[{\"@type\":\"Article\",\"@id\":\"https:\/\/noticiaempauta.com\/portal\/com-mais-de-1-milhao-de-atendimentos-profissionais-do-piaui-saude-digital-fortalecem-a-rede-publica-de-saude\/#article\",\"isPartOf\":{\"@id\":\"https:\/\/noticiaempauta.com\/portal\/com-mais-de-1-milhao-de-atendimentos-profissionais-do-piaui-saude-digital-fortalecem-a-rede-publica-de-saude\/\"},\"author\":{\"name\":\"Reda\u00e7\u00e3o\",\"@id\":\"https:\/\/noticiaempauta.com\/portal\/#\/schema\/person\/a74af43dd1ab3deca45f988c717d57ac\"},\"headline\":\"Com mais de 1 milh\u00e3o de atendimentos, profissionais do Piau\u00ed Sa\u00fade Digital fortalecem a rede p\u00fablica de sa\u00fade\",\"datePublished\":\"2025-11-10T12:37:14+00:00\",\"dateModified\":\"2025-11-10T12:37:15+00:00\",\"mainEntityOfPage\":{\"@id\":\"https:\/\/noticiaempauta.com\/portal\/com-mais-de-1-milhao-de-atendimentos-profissionais-do-piaui-saude-digital-fortalecem-a-rede-publica-de-saude\/\"},\"wordCount\":435,\"commentCount\":0,\"publisher\":{\"@id\":\"https:\/\/noticiaempauta.com\/portal\/#organization\"},\"image\":{\"@id\":\"https:\/\/noticiaempauta.com\/portal\/com-mais-de-1-milhao-de-atendimentos-profissionais-do-piaui-saude-digital-fortalecem-a-rede-publica-de-saude\/#primaryimage\"},\"thumbnailUrl\":\"https:\/\/noticiaempauta.com\/portal\/wp-content\/uploads\/2025\/11\/Sala-Piaui-Saude-Digital-scaled-e1759260004897-1.jpeg\",\"articleSection\":[\"Destaques\",\"Geral\",\"Sa\u00fade\",\"Todas as Not\u00edcias\"],\"inLanguage\":\"pt-BR\",\"potentialAction\":[{\"@type\":\"CommentAction\",\"name\":\"Comment\",\"target\":[\"https:\/\/noticiaempauta.com\/portal\/com-mais-de-1-milhao-de-atendimentos-profissionais-do-piaui-saude-digital-fortalecem-a-rede-publica-de-saude\/#respond\"]}]},{\"@type\":\"WebPage\",\"@id\":\"https:\/\/noticiaempauta.com\/portal\/com-mais-de-1-milhao-de-atendimentos-profissionais-do-piaui-saude-digital-fortalecem-a-rede-publica-de-saude\/\",\"url\":\"https:\/\/noticiaempauta.com\/portal\/com-mais-de-1-milhao-de-atendimentos-profissionais-do-piaui-saude-digital-fortalecem-a-rede-publica-de-saude\/\",\"name\":\"Com mais de 1 milh\u00e3o de atendimentos, profissionais do Piau\u00ed Sa\u00fade Digital fortalecem a rede p\u00fablica de sa\u00fade - Portal Not\u00edcia em Pauta\",\"isPartOf\":{\"@id\":\"https:\/\/noticiaempauta.com\/portal\/#website\"},\"primaryImageOfPage\":{\"@id\":\"https:\/\/noticiaempauta.com\/portal\/com-mais-de-1-milhao-de-atendimentos-profissionais-do-piaui-saude-digital-fortalecem-a-rede-publica-de-saude\/#primaryimage\"},\"image\":{\"@id\":\"https:\/\/noticiaempauta.com\/portal\/com-mais-de-1-milhao-de-atendimentos-profissionais-do-piaui-saude-digital-fortalecem-a-rede-publica-de-saude\/#primaryimage\"},\"thumbnailUrl\":\"https:\/\/noticiaempauta.com\/portal\/wp-content\/uploads\/2025\/11\/Sala-Piaui-Saude-Digital-scaled-e1759260004897-1.jpeg\",\"datePublished\":\"2025-11-10T12:37:14+00:00\",\"dateModified\":\"2025-11-10T12:37:15+00:00\",\"breadcrumb\":{\"@id\":\"https:\/\/noticiaempauta.com\/portal\/com-mais-de-1-milhao-de-atendimentos-profissionais-do-piaui-saude-digital-fortalecem-a-rede-publica-de-saude\/#breadcrumb\"},\"inLanguage\":\"pt-BR\",\"potentialAction\":[{\"@type\":\"ReadAction\",\"target\":[\"https:\/\/noticiaempauta.com\/portal\/com-mais-de-1-milhao-de-atendimentos-profissionais-do-piaui-saude-digital-fortalecem-a-rede-publica-de-saude\/\"]}]},{\"@type\":\"ImageObject\",\"inLanguage\":\"pt-BR\",\"@id\":\"https:\/\/noticiaempauta.com\/portal\/com-mais-de-1-milhao-de-atendimentos-profissionais-do-piaui-saude-digital-fortalecem-a-rede-publica-de-saude\/#primaryimage\",\"url\":\"https:\/\/noticiaempauta.com\/portal\/wp-content\/uploads\/2025\/11\/Sala-Piaui-Saude-Digital-scaled-e1759260004897-1.jpeg\",\"contentUrl\":\"https:\/\/noticiaempauta.com\/portal\/wp-content\/uploads\/2025\/11\/Sala-Piaui-Saude-Digital-scaled-e1759260004897-1.jpeg\",\"width\":2560,\"height\":1510},{\"@type\":\"BreadcrumbList\",\"@id\":\"https:\/\/noticiaempauta.com\/portal\/com-mais-de-1-milhao-de-atendimentos-profissionais-do-piaui-saude-digital-fortalecem-a-rede-publica-de-saude\/#breadcrumb\",\"itemListElement\":[{\"@type\":\"ListItem\",\"position\":1,\"name\":\"P\u00e1gina Inicial\",\"item\":\"https:\/\/noticiaempauta.com\/portal\/\"},{\"@type\":\"ListItem\",\"position\":2,\"name\":\"Destaques\",\"item\":\"https:\/\/noticiaempauta.com\/portal\/destaques-site\/\"},{\"@type\":\"ListItem\",\"position\":3,\"name\":\"Com mais de 1 milh\u00e3o de atendimentos, profissionais do Piau\u00ed Sa\u00fade Digital fortalecem a rede p\u00fablica de sa\u00fade\"}]},{\"@type\":\"WebSite\",\"@id\":\"https:\/\/noticiaempauta.com\/portal\/#website\",\"url\":\"https:\/\/noticiaempauta.com\/portal\/\",\"name\":\"Portal Not\u00edcia em Pauta\",\"description\":\"Voc\u00ea bem informado\",\"publisher\":{\"@id\":\"https:\/\/noticiaempauta.com\/portal\/#organization\"},\"potentialAction\":[{\"@type\":\"SearchAction\",\"target\":{\"@type\":\"EntryPoint\",\"urlTemplate\":\"https:\/\/noticiaempauta.com\/portal\/?s={search_term_string}\"},\"query-input\":{\"@type\":\"PropertyValueSpecification\",\"valueRequired\":true,\"valueName\":\"search_term_string\"}}],\"inLanguage\":\"pt-BR\"},{\"@type\":\"Organization\",\"@id\":\"https:\/\/noticiaempauta.com\/portal\/#organization\",\"name\":\"Portal Not\u00edcia em Pauta\",\"url\":\"https:\/\/noticiaempauta.com\/portal\/\",\"logo\":{\"@type\":\"ImageObject\",\"inLanguage\":\"pt-BR\",\"@id\":\"https:\/\/noticiaempauta.com\/portal\/#\/schema\/logo\/image\/\",\"url\":\"https:\/\/noticiaempauta.com\/portal\/wp-content\/uploads\/2022\/08\/logomarca_tema.fw_.png\",\"contentUrl\":\"https:\/\/noticiaempauta.com\/portal\/wp-content\/uploads\/2022\/08\/logomarca_tema.fw_.png\",\"width\":400,\"height\":232,\"caption\":\"Portal Not\u00edcia em Pauta\"},\"image\":{\"@id\":\"https:\/\/noticiaempauta.com\/portal\/#\/schema\/logo\/image\/\"},\"sameAs\":[\"https:\/\/www.facebook.com\/Portal-Notcia-Em-Pauta-102292869264820\/\",\"https:\/\/www.instagram.com\/portalnoticiaempauta\/\"]},{\"@type\":\"Person\",\"@id\":\"https:\/\/noticiaempauta.com\/portal\/#\/schema\/person\/a74af43dd1ab3deca45f988c717d57ac\",\"name\":\"Reda\u00e7\u00e3o\",\"image\":{\"@type\":\"ImageObject\",\"inLanguage\":\"pt-BR\",\"@id\":\"https:\/\/noticiaempauta.com\/portal\/#\/schema\/person\/image\/\",\"url\":\"https:\/\/secure.gravatar.com\/avatar\/03179346ecce6cdfc13361603e8f54242a90e5cde8618fa23c5c00aa2b0aadf3?s=96&d=mm&r=g\",\"contentUrl\":\"https:\/\/secure.gravatar.com\/avatar\/03179346ecce6cdfc13361603e8f54242a90e5cde8618fa23c5c00aa2b0aadf3?s=96&d=mm&r=g\",\"caption\":\"Reda\u00e7\u00e3o\"},\"sameAs\":[\"https:\/\/noticiaempauta.com\/portal\/\"],\"url\":\"https:\/\/noticiaempauta.com\/portal\/author\/fernando\/\"}]}<\/script>\n<!-- \/ Yoast SEO Premium plugin. -->","yoast_head_json":{"title":"Com mais de 1 milh\u00e3o de atendimentos, profissionais do Piau\u00ed Sa\u00fade Digital fortalecem a rede p\u00fablica de sa\u00fade - Portal Not\u00edcia em Pauta","robots":{"index":"index","follow":"follow","max-snippet":"max-snippet:-1","max-image-preview":"max-image-preview:large","max-video-preview":"max-video-preview:-1"},"canonical":"https:\/\/noticiaempauta.com\/portal\/com-mais-de-1-milhao-de-atendimentos-profissionais-do-piaui-saude-digital-fortalecem-a-rede-publica-de-saude\/","og_locale":"pt_BR","og_type":"article","og_title":"Com mais de 1 milh\u00e3o de atendimentos, profissionais do Piau\u00ed Sa\u00fade Digital fortalecem a rede p\u00fablica de sa\u00fade","og_description":"O Piau\u00ed Sa\u00fade Digital alcan\u00e7ou a marca hist\u00f3rica de 1.081.633 milh\u00e3o de atendimentos, entre consultas e telelaudos, consolidando-se como uma das pol\u00edticas p\u00fablicas mais inovadoras da sa\u00fade no estado. O resultado reflete o trabalho di\u00e1rio de centenas de profissionais que, por meio da telemedicina, garantem atendimento \u00e1gil e de qualidade a piauienses de todas as [&hellip;]","og_url":"https:\/\/noticiaempauta.com\/portal\/com-mais-de-1-milhao-de-atendimentos-profissionais-do-piaui-saude-digital-fortalecem-a-rede-publica-de-saude\/","og_site_name":"Portal Not\u00edcia em Pauta","article_publisher":"https:\/\/www.facebook.com\/Portal-Notcia-Em-Pauta-102292869264820\/","article_published_time":"2025-11-10T12:37:14+00:00","article_modified_time":"2025-11-10T12:37:15+00:00","og_image":[{"width":2560,"height":1510,"url":"https:\/\/noticiaempauta.com\/portal\/wp-content\/uploads\/2025\/11\/Sala-Piaui-Saude-Digital-scaled-e1759260004897-1.jpeg","type":"image\/jpeg"}],"author":"Reda\u00e7\u00e3o","twitter_card":"summary_large_image","twitter_misc":{"Escrito por":"Reda\u00e7\u00e3o","Est. tempo de leitura":"3 minutos"},"schema":{"@context":"https:\/\/schema.org","@graph":[{"@type":"Article","@id":"https:\/\/noticiaempauta.com\/portal\/com-mais-de-1-milhao-de-atendimentos-profissionais-do-piaui-saude-digital-fortalecem-a-rede-publica-de-saude\/#article","isPartOf":{"@id":"https:\/\/noticiaempauta.com\/portal\/com-mais-de-1-milhao-de-atendimentos-profissionais-do-piaui-saude-digital-fortalecem-a-rede-publica-de-saude\/"},"author":{"name":"Reda\u00e7\u00e3o","@id":"https:\/\/noticiaempauta.com\/portal\/#\/schema\/person\/a74af43dd1ab3deca45f988c717d57ac"},"headline":"Com mais de 1 milh\u00e3o de atendimentos, profissionais do Piau\u00ed Sa\u00fade Digital fortalecem a rede p\u00fablica de sa\u00fade","datePublished":"2025-11-10T12:37:14+00:00","dateModified":"2025-11-10T12:37:15+00:00","mainEntityOfPage":{"@id":"https:\/\/noticiaempauta.com\/portal\/com-mais-de-1-milhao-de-atendimentos-profissionais-do-piaui-saude-digital-fortalecem-a-rede-publica-de-saude\/"},"wordCount":435,"commentCount":0,"publisher":{"@id":"https:\/\/noticiaempauta.com\/portal\/#organization"},"image":{"@id":"https:\/\/noticiaempauta.com\/portal\/com-mais-de-1-milhao-de-atendimentos-profissionais-do-piaui-saude-digital-fortalecem-a-rede-publica-de-saude\/#primaryimage"},"thumbnailUrl":"https:\/\/noticiaempauta.com\/portal\/wp-content\/uploads\/2025\/11\/Sala-Piaui-Saude-Digital-scaled-e1759260004897-1.jpeg","articleSection":["Destaques","Geral","Sa\u00fade","Todas as Not\u00edcias"],"inLanguage":"pt-BR","potentialAction":[{"@type":"CommentAction","name":"Comment","target":["https:\/\/noticiaempauta.com\/portal\/com-mais-de-1-milhao-de-atendimentos-profissionais-do-piaui-saude-digital-fortalecem-a-rede-publica-de-saude\/#respond"]}]},{"@type":"WebPage","@id":"https:\/\/noticiaempauta.com\/portal\/com-mais-de-1-milhao-de-atendimentos-profissionais-do-piaui-saude-digital-fortalecem-a-rede-publica-de-saude\/","url":"https:\/\/noticiaempauta.com\/portal\/com-mais-de-1-milhao-de-atendimentos-profissionais-do-piaui-saude-digital-fortalecem-a-rede-publica-de-saude\/","name":"Com mais de 1 milh\u00e3o de atendimentos, profissionais do Piau\u00ed Sa\u00fade Digital fortalecem a rede p\u00fablica de sa\u00fade - Portal Not\u00edcia em Pauta","isPartOf":{"@id":"https:\/\/noticiaempauta.com\/portal\/#website"},"primaryImageOfPage":{"@id":"https:\/\/noticiaempauta.com\/portal\/com-mais-de-1-milhao-de-atendimentos-profissionais-do-piaui-saude-digital-fortalecem-a-rede-publica-de-saude\/#primaryimage"},"image":{"@id":"https:\/\/noticiaempauta.com\/portal\/com-mais-de-1-milhao-de-atendimentos-profissionais-do-piaui-saude-digital-fortalecem-a-rede-publica-de-saude\/#primaryimage"},"thumbnailUrl":"https:\/\/noticiaempauta.com\/portal\/wp-content\/uploads\/2025\/11\/Sala-Piaui-Saude-Digital-scaled-e1759260004897-1.jpeg","datePublished":"2025-11-10T12:37:14+00:00","dateModified":"2025-11-10T12:37:15+00:00","breadcrumb":{"@id":"https:\/\/noticiaempauta.com\/portal\/com-mais-de-1-milhao-de-atendimentos-profissionais-do-piaui-saude-digital-fortalecem-a-rede-publica-de-saude\/#breadcrumb"},"inLanguage":"pt-BR","potentialAction":[{"@type":"ReadAction","target":["https:\/\/noticiaempauta.com\/portal\/com-mais-de-1-milhao-de-atendimentos-profissionais-do-piaui-saude-digital-fortalecem-a-rede-publica-de-saude\/"]}]},{"@type":"ImageObject","inLanguage":"pt-BR","@id":"https:\/\/noticiaempauta.com\/portal\/com-mais-de-1-milhao-de-atendimentos-profissionais-do-piaui-saude-digital-fortalecem-a-rede-publica-de-saude\/#primaryimage","url":"https:\/\/noticiaempauta.com\/portal\/wp-content\/uploads\/2025\/11\/Sala-Piaui-Saude-Digital-scaled-e1759260004897-1.jpeg","contentUrl":"https:\/\/noticiaempauta.com\/portal\/wp-content\/uploads\/2025\/11\/Sala-Piaui-Saude-Digital-scaled-e1759260004897-1.jpeg","width":2560,"height":1510},{"@type":"BreadcrumbList","@id":"https:\/\/noticiaempauta.com\/portal\/com-mais-de-1-milhao-de-atendimentos-profissionais-do-piaui-saude-digital-fortalecem-a-rede-publica-de-saude\/#breadcrumb","itemListElement":[{"@type":"ListItem","position":1,"name":"P\u00e1gina Inicial","item":"https:\/\/noticiaempauta.com\/portal\/"},{"@type":"ListItem","position":2,"name":"Destaques","item":"https:\/\/noticiaempauta.com\/portal\/destaques-site\/"},{"@type":"ListItem","position":3,"name":"Com mais de 1 milh\u00e3o de atendimentos, profissionais do Piau\u00ed Sa\u00fade Digital fortalecem a rede p\u00fablica de sa\u00fade"}]},{"@type":"WebSite","@id":"https:\/\/noticiaempauta.com\/portal\/#website","url":"https:\/\/noticiaempauta.com\/portal\/","name":"Portal Not\u00edcia em Pauta","description":"Voc\u00ea bem informado","publisher":{"@id":"https:\/\/noticiaempauta.com\/portal\/#organization"},"potentialAction":[{"@type":"SearchAction","target":{"@type":"EntryPoint","urlTemplate":"https:\/\/noticiaempauta.com\/portal\/?s={search_term_string}"},"query-input":{"@type":"PropertyValueSpecification","valueRequired":true,"valueName":"search_term_string"}}],"inLanguage":"pt-BR"},{"@type":"Organization","@id":"https:\/\/noticiaempauta.com\/portal\/#organization","name":"Portal Not\u00edcia em Pauta","url":"https:\/\/noticiaempauta.com\/portal\/","logo":{"@type":"ImageObject","inLanguage":"pt-BR","@id":"https:\/\/noticiaempauta.com\/portal\/#\/schema\/logo\/image\/","url":"https:\/\/noticiaempauta.com\/portal\/wp-content\/uploads\/2022\/08\/logomarca_tema.fw_.png","contentUrl":"https:\/\/noticiaempauta.com\/portal\/wp-content\/uploads\/2022\/08\/logomarca_tema.fw_.png","width":400,"height":232,"caption":"Portal Not\u00edcia em Pauta"},"image":{"@id":"https:\/\/noticiaempauta.com\/portal\/#\/schema\/logo\/image\/"},"sameAs":["https:\/\/www.facebook.com\/Portal-Notcia-Em-Pauta-102292869264820\/","https:\/\/www.instagram.com\/portalnoticiaempauta\/"]},{"@type":"Person","@id":"https:\/\/noticiaempauta.com\/portal\/#\/schema\/person\/a74af43dd1ab3deca45f988c717d57ac","name":"Reda\u00e7\u00e3o","image":{"@type":"ImageObject","inLanguage":"pt-BR","@id":"https:\/\/noticiaempauta.com\/portal\/#\/schema\/person\/image\/","url":"https:\/\/secure.gravatar.com\/avatar\/03179346ecce6cdfc13361603e8f54242a90e5cde8618fa23c5c00aa2b0aadf3?s=96&d=mm&r=g","contentUrl":"https:\/\/secure.gravatar.com\/avatar\/03179346ecce6cdfc13361603e8f54242a90e5cde8618fa23c5c00aa2b0aadf3?s=96&d=mm&r=g","caption":"Reda\u00e7\u00e3o"},"sameAs":["https:\/\/noticiaempauta.com\/portal\/"],"url":"https:\/\/noticiaempauta.com\/portal\/author\/fernando\/"}]}},"_links":{"self":[{"href":"https:\/\/noticiaempauta.com\/portal\/wp-json\/wp\/v2\/posts\/280428","targetHints":{"allow":["GET"]}}],"collection":[{"href":"https:\/\/noticiaempauta.com\/portal\/wp-json\/wp\/v2\/posts"}],"about":[{"href":"https:\/\/noticiaempauta.com\/portal\/wp-json\/wp\/v2\/types\/post"}],"author":[{"embeddable":true,"href":"https:\/\/noticiaempauta.com\/portal\/wp-json\/wp\/v2\/users\/2"}],"replies":[{"embeddable":true,"href":"https:\/\/noticiaempauta.com\/portal\/wp-json\/wp\/v2\/comments?post=280428"}],"version-history":[{"count":2,"href":"https:\/\/noticiaempauta.com\/portal\/wp-json\/wp\/v2\/posts\/280428\/revisions"}],"predecessor-version":[{"id":280432,"href":"https:\/\/noticiaempauta.com\/portal\/wp-json\/wp\/v2\/posts\/280428\/revisions\/280432"}],"wp:featuredmedia":[{"embeddable":true,"href":"https:\/\/noticiaempauta.com\/portal\/wp-json\/wp\/v2\/media\/280430"}],"wp:attachment":[{"href":"https:\/\/noticiaempauta.com\/portal\/wp-json\/wp\/v2\/media?parent=280428"}],"wp:term":[{"taxonomy":"category","embeddable":true,"href":"https:\/\/noticiaempauta.com\/portal\/wp-json\/wp\/v2\/categories?post=280428"},{"taxonomy":"post_tag","embeddable":true,"href":"https:\/\/noticiaempauta.com\/portal\/wp-json\/wp\/v2\/tags?post=280428"}],"curies":[{"name":"wp","href":"https:\/\/api.w.org\/{rel}","templated":true}]}}