{"id":280434,"date":"2025-11-10T11:20:35","date_gmt":"2025-11-10T14:20:35","guid":{"rendered":"https:\/\/noticiaempauta.com\/portal\/?p=280434"},"modified":"2025-11-10T11:20:36","modified_gmt":"2025-11-10T14:20:36","slug":"prefeito-weslly-bispo-destaca-importantes-avancos-nos-primeiros-11-meses-da-atual-gestao-municipal-em-jaicos","status":"publish","type":"post","link":"https:\/\/noticiaempauta.com\/portal\/prefeito-weslly-bispo-destaca-importantes-avancos-nos-primeiros-11-meses-da-atual-gestao-municipal-em-jaicos\/","title":{"rendered":"Prefeito Weslly Bispo destaca importantes avan\u00e7os nos primeiros 11 meses da atual gest\u00e3o municipal em Jaic\u00f3s"},"content":{"rendered":"\n<p>Durante entrevista concedida \u00e0 R\u00e1dio Clube FM na manh\u00e3 deste domingo (09), o prefeito de Jaic\u00f3s, Weslly Bispo, apresentou um balan\u00e7o das a\u00e7\u00f5es e conquistas da administra\u00e7\u00e3o municipal ao longo de seus primeiros 11 meses de gest\u00e3o.<\/p>\n\n\n\n<figure class=\"wp-block-image size-large\"><img fetchpriority=\"high\" decoding=\"async\" width=\"1016\" height=\"1024\" src=\"https:\/\/noticiaempauta.com\/portal\/wp-content\/uploads\/2025\/11\/WhatsApp-Image-2025-11-10-at-11.18.05-2-1016x1024.jpeg\" alt=\"\" class=\"wp-image-280438\" srcset=\"https:\/\/noticiaempauta.com\/portal\/wp-content\/uploads\/2025\/11\/WhatsApp-Image-2025-11-10-at-11.18.05-2-1016x1024.jpeg 1016w, https:\/\/noticiaempauta.com\/portal\/wp-content\/uploads\/2025\/11\/WhatsApp-Image-2025-11-10-at-11.18.05-2-298x300.jpeg 298w, https:\/\/noticiaempauta.com\/portal\/wp-content\/uploads\/2025\/11\/WhatsApp-Image-2025-11-10-at-11.18.05-2-150x150.jpeg 150w, https:\/\/noticiaempauta.com\/portal\/wp-content\/uploads\/2025\/11\/WhatsApp-Image-2025-11-10-at-11.18.05-2-768x774.jpeg 768w, https:\/\/noticiaempauta.com\/portal\/wp-content\/uploads\/2025\/11\/WhatsApp-Image-2025-11-10-at-11.18.05-2.jpeg 1170w\" sizes=\"(max-width: 1016px) 100vw, 1016px\" \/><\/figure>\n\n\n\n<p>O bate papo ao vivo teve mais de duas horas de dura\u00e7\u00e3o, oportunidade em que o gestor apresentou a popula\u00e7\u00e3o um panorama das obras, servi\u00e7os e programas desenvolvidos pela Prefeitura, destacando o esfor\u00e7o da equipe de governo na execu\u00e7\u00e3o de a\u00e7\u00f5es que v\u00eam promovendo avan\u00e7os em diversas \u00e1reas da administra\u00e7\u00e3o p\u00fablica. Weslly Bispo tamb\u00e9m aproveitou o espa\u00e7o para anunciar novos investimentos e projetos que dever\u00e3o ser implementados ainda neste final de ano e no decorrer de 2026, com foco em infraestrutura, manuten\u00e7\u00e3o e melhoria dos servi\u00e7os p\u00fablicos.<br>Entre os pontos enfatizados, o prefeito destacou a organiza\u00e7\u00e3o administrativa e o equil\u00edbrio financeiro da Prefeitura de Jaic\u00f3s, fator que tem permitido manter em dia o pagamento de servidores efetivos, contratados, comissionados, al\u00e9m de fornecedores e prestadores de servi\u00e7os. O cumprimento rigoroso das obriga\u00e7\u00f5es financeiras tornou Weslly Bispo reconhecido como um &#8220;prefeito pagador&#8221;.<\/p>\n\n\n\n<figure class=\"wp-block-image size-large\"><img decoding=\"async\" width=\"1024\" height=\"815\" src=\"https:\/\/noticiaempauta.com\/portal\/wp-content\/uploads\/2025\/11\/WhatsApp-Image-2025-11-10-at-11.18.05-1-1-1024x815.jpeg\" alt=\"\" class=\"wp-image-280439\" srcset=\"https:\/\/noticiaempauta.com\/portal\/wp-content\/uploads\/2025\/11\/WhatsApp-Image-2025-11-10-at-11.18.05-1-1-1024x815.jpeg 1024w, https:\/\/noticiaempauta.com\/portal\/wp-content\/uploads\/2025\/11\/WhatsApp-Image-2025-11-10-at-11.18.05-1-1-300x239.jpeg 300w, https:\/\/noticiaempauta.com\/portal\/wp-content\/uploads\/2025\/11\/WhatsApp-Image-2025-11-10-at-11.18.05-1-1-768x611.jpeg 768w, https:\/\/noticiaempauta.com\/portal\/wp-content\/uploads\/2025\/11\/WhatsApp-Image-2025-11-10-at-11.18.05-1-1.jpeg 1170w\" sizes=\"(max-width: 1024px) 100vw, 1024px\" \/><\/figure>\n\n\n\n<p>Ao abordar o cen\u00e1rio pol\u00edtico local, Weslly comentou sobre o recente rompimento com seu tio, o ex-prefeito Nen\u00e9m de Edite, de quem foi vice-prefeito na gest\u00e3o passada e um dos principais apoiadores de sua candidatura. O atual gestor, no entanto, evitou entrar em pol\u00eamicas e tratou o assunto com serenidade, refor\u00e7ando seu compromisso em seguir trabalhando pelo desenvolvimento de Jaic\u00f3s e pelo bem da popula\u00e7\u00e3o.<\/p>\n\n\n\n<p>Fonte: CidadesnaNet<\/p>\n","protected":false},"excerpt":{"rendered":"<p>Durante entrevista concedida \u00e0 R\u00e1dio Clube FM na manh\u00e3 deste domingo (09), o prefeito de Jaic\u00f3s, Weslly Bispo, apresentou um balan\u00e7o das a\u00e7\u00f5es e conquistas da administra\u00e7\u00e3o municipal ao longo de seus primeiros 11 meses de gest\u00e3o. O bate papo ao vivo teve mais de duas horas de dura\u00e7\u00e3o, oportunidade em que o gestor apresentou [&hellip;]<\/p>\n","protected":false},"author":2,"featured_media":280437,"comment_status":"open","ping_status":"open","sticky":false,"template":"","format":"standard","meta":{"_mi_skip_tracking":false,"footnotes":""},"categories":[25,1,9,16],"tags":[],"class_list":["post-280434","post","type-post","status-publish","format-standard","has-post-thumbnail","hentry","category-destaques-site","category-geral","category-municipios","category-todas"],"acf":[],"yoast_head":"<!-- This site is optimized with the Yoast SEO Premium plugin v19.2 (Yoast SEO v26.9) - https:\/\/yoast.com\/product\/yoast-seo-premium-wordpress\/ -->\n<title>Prefeito Weslly Bispo destaca importantes avan\u00e7os nos primeiros 11 meses da atual gest\u00e3o municipal em Jaic\u00f3s - Portal Not\u00edcia em Pauta<\/title>\n<meta name=\"robots\" content=\"index, follow, max-snippet:-1, max-image-preview:large, max-video-preview:-1\" \/>\n<link rel=\"canonical\" href=\"https:\/\/noticiaempauta.com\/portal\/prefeito-weslly-bispo-destaca-importantes-avancos-nos-primeiros-11-meses-da-atual-gestao-municipal-em-jaicos\/\" \/>\n<meta property=\"og:locale\" content=\"pt_BR\" \/>\n<meta property=\"og:type\" content=\"article\" \/>\n<meta property=\"og:title\" content=\"Prefeito Weslly Bispo destaca importantes avan\u00e7os nos primeiros 11 meses da atual gest\u00e3o municipal em Jaic\u00f3s\" \/>\n<meta property=\"og:description\" content=\"Durante entrevista concedida \u00e0 R\u00e1dio Clube FM na manh\u00e3 deste domingo (09), o prefeito de Jaic\u00f3s, Weslly Bispo, apresentou um balan\u00e7o das a\u00e7\u00f5es e conquistas da administra\u00e7\u00e3o municipal ao longo de seus primeiros 11 meses de gest\u00e3o. O bate papo ao vivo teve mais de duas horas de dura\u00e7\u00e3o, oportunidade em que o gestor apresentou [&hellip;]\" \/>\n<meta property=\"og:url\" content=\"https:\/\/noticiaempauta.com\/portal\/prefeito-weslly-bispo-destaca-importantes-avancos-nos-primeiros-11-meses-da-atual-gestao-municipal-em-jaicos\/\" \/>\n<meta property=\"og:site_name\" content=\"Portal Not\u00edcia em Pauta\" \/>\n<meta property=\"article:publisher\" content=\"https:\/\/www.facebook.com\/Portal-Notcia-Em-Pauta-102292869264820\/\" \/>\n<meta property=\"article:published_time\" content=\"2025-11-10T14:20:35+00:00\" \/>\n<meta property=\"article:modified_time\" content=\"2025-11-10T14:20:36+00:00\" \/>\n<meta property=\"og:image\" content=\"https:\/\/noticiaempauta.com\/portal\/wp-content\/uploads\/2025\/11\/WhatsApp-Image-2025-11-10-at-11.18.05-1.jpeg\" \/>\n\t<meta property=\"og:image:width\" content=\"1170\" \/>\n\t<meta property=\"og:image:height\" content=\"1179\" \/>\n\t<meta property=\"og:image:type\" content=\"image\/jpeg\" \/>\n<meta name=\"author\" content=\"Reda\u00e7\u00e3o\" \/>\n<meta name=\"twitter:card\" content=\"summary_large_image\" \/>\n<meta name=\"twitter:label1\" content=\"Escrito por\" \/>\n\t<meta name=\"twitter:data1\" content=\"Reda\u00e7\u00e3o\" \/>\n\t<meta name=\"twitter:label2\" content=\"Est. tempo de leitura\" \/>\n\t<meta name=\"twitter:data2\" content=\"2 minutos\" \/>\n<script type=\"application\/ld+json\" class=\"yoast-schema-graph\">{\"@context\":\"https:\/\/schema.org\",\"@graph\":[{\"@type\":\"Article\",\"@id\":\"https:\/\/noticiaempauta.com\/portal\/prefeito-weslly-bispo-destaca-importantes-avancos-nos-primeiros-11-meses-da-atual-gestao-municipal-em-jaicos\/#article\",\"isPartOf\":{\"@id\":\"https:\/\/noticiaempauta.com\/portal\/prefeito-weslly-bispo-destaca-importantes-avancos-nos-primeiros-11-meses-da-atual-gestao-municipal-em-jaicos\/\"},\"author\":{\"name\":\"Reda\u00e7\u00e3o\",\"@id\":\"https:\/\/noticiaempauta.com\/portal\/#\/schema\/person\/a74af43dd1ab3deca45f988c717d57ac\"},\"headline\":\"Prefeito Weslly Bispo destaca importantes avan\u00e7os nos primeiros 11 meses da atual gest\u00e3o municipal em Jaic\u00f3s\",\"datePublished\":\"2025-11-10T14:20:35+00:00\",\"dateModified\":\"2025-11-10T14:20:36+00:00\",\"mainEntityOfPage\":{\"@id\":\"https:\/\/noticiaempauta.com\/portal\/prefeito-weslly-bispo-destaca-importantes-avancos-nos-primeiros-11-meses-da-atual-gestao-municipal-em-jaicos\/\"},\"wordCount\":294,\"commentCount\":0,\"publisher\":{\"@id\":\"https:\/\/noticiaempauta.com\/portal\/#organization\"},\"image\":{\"@id\":\"https:\/\/noticiaempauta.com\/portal\/prefeito-weslly-bispo-destaca-importantes-avancos-nos-primeiros-11-meses-da-atual-gestao-municipal-em-jaicos\/#primaryimage\"},\"thumbnailUrl\":\"https:\/\/noticiaempauta.com\/portal\/wp-content\/uploads\/2025\/11\/WhatsApp-Image-2025-11-10-at-11.18.05-1.jpeg\",\"articleSection\":[\"Destaques\",\"Geral\",\"Munic\u00edpios\",\"Todas as Not\u00edcias\"],\"inLanguage\":\"pt-BR\",\"potentialAction\":[{\"@type\":\"CommentAction\",\"name\":\"Comment\",\"target\":[\"https:\/\/noticiaempauta.com\/portal\/prefeito-weslly-bispo-destaca-importantes-avancos-nos-primeiros-11-meses-da-atual-gestao-municipal-em-jaicos\/#respond\"]}]},{\"@type\":\"WebPage\",\"@id\":\"https:\/\/noticiaempauta.com\/portal\/prefeito-weslly-bispo-destaca-importantes-avancos-nos-primeiros-11-meses-da-atual-gestao-municipal-em-jaicos\/\",\"url\":\"https:\/\/noticiaempauta.com\/portal\/prefeito-weslly-bispo-destaca-importantes-avancos-nos-primeiros-11-meses-da-atual-gestao-municipal-em-jaicos\/\",\"name\":\"Prefeito Weslly Bispo destaca importantes avan\u00e7os nos primeiros 11 meses da atual gest\u00e3o municipal em Jaic\u00f3s - Portal Not\u00edcia em Pauta\",\"isPartOf\":{\"@id\":\"https:\/\/noticiaempauta.com\/portal\/#website\"},\"primaryImageOfPage\":{\"@id\":\"https:\/\/noticiaempauta.com\/portal\/prefeito-weslly-bispo-destaca-importantes-avancos-nos-primeiros-11-meses-da-atual-gestao-municipal-em-jaicos\/#primaryimage\"},\"image\":{\"@id\":\"https:\/\/noticiaempauta.com\/portal\/prefeito-weslly-bispo-destaca-importantes-avancos-nos-primeiros-11-meses-da-atual-gestao-municipal-em-jaicos\/#primaryimage\"},\"thumbnailUrl\":\"https:\/\/noticiaempauta.com\/portal\/wp-content\/uploads\/2025\/11\/WhatsApp-Image-2025-11-10-at-11.18.05-1.jpeg\",\"datePublished\":\"2025-11-10T14:20:35+00:00\",\"dateModified\":\"2025-11-10T14:20:36+00:00\",\"breadcrumb\":{\"@id\":\"https:\/\/noticiaempauta.com\/portal\/prefeito-weslly-bispo-destaca-importantes-avancos-nos-primeiros-11-meses-da-atual-gestao-municipal-em-jaicos\/#breadcrumb\"},\"inLanguage\":\"pt-BR\",\"potentialAction\":[{\"@type\":\"ReadAction\",\"target\":[\"https:\/\/noticiaempauta.com\/portal\/prefeito-weslly-bispo-destaca-importantes-avancos-nos-primeiros-11-meses-da-atual-gestao-municipal-em-jaicos\/\"]}]},{\"@type\":\"ImageObject\",\"inLanguage\":\"pt-BR\",\"@id\":\"https:\/\/noticiaempauta.com\/portal\/prefeito-weslly-bispo-destaca-importantes-avancos-nos-primeiros-11-meses-da-atual-gestao-municipal-em-jaicos\/#primaryimage\",\"url\":\"https:\/\/noticiaempauta.com\/portal\/wp-content\/uploads\/2025\/11\/WhatsApp-Image-2025-11-10-at-11.18.05-1.jpeg\",\"contentUrl\":\"https:\/\/noticiaempauta.com\/portal\/wp-content\/uploads\/2025\/11\/WhatsApp-Image-2025-11-10-at-11.18.05-1.jpeg\",\"width\":1170,\"height\":1179},{\"@type\":\"BreadcrumbList\",\"@id\":\"https:\/\/noticiaempauta.com\/portal\/prefeito-weslly-bispo-destaca-importantes-avancos-nos-primeiros-11-meses-da-atual-gestao-municipal-em-jaicos\/#breadcrumb\",\"itemListElement\":[{\"@type\":\"ListItem\",\"position\":1,\"name\":\"P\u00e1gina Inicial\",\"item\":\"https:\/\/noticiaempauta.com\/portal\/\"},{\"@type\":\"ListItem\",\"position\":2,\"name\":\"Destaques\",\"item\":\"https:\/\/noticiaempauta.com\/portal\/destaques-site\/\"},{\"@type\":\"ListItem\",\"position\":3,\"name\":\"Prefeito Weslly Bispo destaca importantes avan\u00e7os nos primeiros 11 meses da atual gest\u00e3o municipal em Jaic\u00f3s\"}]},{\"@type\":\"WebSite\",\"@id\":\"https:\/\/noticiaempauta.com\/portal\/#website\",\"url\":\"https:\/\/noticiaempauta.com\/portal\/\",\"name\":\"Portal Not\u00edcia em Pauta\",\"description\":\"Voc\u00ea bem informado\",\"publisher\":{\"@id\":\"https:\/\/noticiaempauta.com\/portal\/#organization\"},\"potentialAction\":[{\"@type\":\"SearchAction\",\"target\":{\"@type\":\"EntryPoint\",\"urlTemplate\":\"https:\/\/noticiaempauta.com\/portal\/?s={search_term_string}\"},\"query-input\":{\"@type\":\"PropertyValueSpecification\",\"valueRequired\":true,\"valueName\":\"search_term_string\"}}],\"inLanguage\":\"pt-BR\"},{\"@type\":\"Organization\",\"@id\":\"https:\/\/noticiaempauta.com\/portal\/#organization\",\"name\":\"Portal Not\u00edcia em Pauta\",\"url\":\"https:\/\/noticiaempauta.com\/portal\/\",\"logo\":{\"@type\":\"ImageObject\",\"inLanguage\":\"pt-BR\",\"@id\":\"https:\/\/noticiaempauta.com\/portal\/#\/schema\/logo\/image\/\",\"url\":\"https:\/\/noticiaempauta.com\/portal\/wp-content\/uploads\/2022\/08\/logomarca_tema.fw_.png\",\"contentUrl\":\"https:\/\/noticiaempauta.com\/portal\/wp-content\/uploads\/2022\/08\/logomarca_tema.fw_.png\",\"width\":400,\"height\":232,\"caption\":\"Portal Not\u00edcia em Pauta\"},\"image\":{\"@id\":\"https:\/\/noticiaempauta.com\/portal\/#\/schema\/logo\/image\/\"},\"sameAs\":[\"https:\/\/www.facebook.com\/Portal-Notcia-Em-Pauta-102292869264820\/\",\"https:\/\/www.instagram.com\/portalnoticiaempauta\/\"]},{\"@type\":\"Person\",\"@id\":\"https:\/\/noticiaempauta.com\/portal\/#\/schema\/person\/a74af43dd1ab3deca45f988c717d57ac\",\"name\":\"Reda\u00e7\u00e3o\",\"image\":{\"@type\":\"ImageObject\",\"inLanguage\":\"pt-BR\",\"@id\":\"https:\/\/noticiaempauta.com\/portal\/#\/schema\/person\/image\/\",\"url\":\"https:\/\/secure.gravatar.com\/avatar\/03179346ecce6cdfc13361603e8f54242a90e5cde8618fa23c5c00aa2b0aadf3?s=96&d=mm&r=g\",\"contentUrl\":\"https:\/\/secure.gravatar.com\/avatar\/03179346ecce6cdfc13361603e8f54242a90e5cde8618fa23c5c00aa2b0aadf3?s=96&d=mm&r=g\",\"caption\":\"Reda\u00e7\u00e3o\"},\"sameAs\":[\"https:\/\/noticiaempauta.com\/portal\/\"],\"url\":\"https:\/\/noticiaempauta.com\/portal\/author\/fernando\/\"}]}<\/script>\n<!-- \/ Yoast SEO Premium plugin. -->","yoast_head_json":{"title":"Prefeito Weslly Bispo destaca importantes avan\u00e7os nos primeiros 11 meses da atual gest\u00e3o municipal em Jaic\u00f3s - Portal Not\u00edcia em Pauta","robots":{"index":"index","follow":"follow","max-snippet":"max-snippet:-1","max-image-preview":"max-image-preview:large","max-video-preview":"max-video-preview:-1"},"canonical":"https:\/\/noticiaempauta.com\/portal\/prefeito-weslly-bispo-destaca-importantes-avancos-nos-primeiros-11-meses-da-atual-gestao-municipal-em-jaicos\/","og_locale":"pt_BR","og_type":"article","og_title":"Prefeito Weslly Bispo destaca importantes avan\u00e7os nos primeiros 11 meses da atual gest\u00e3o municipal em Jaic\u00f3s","og_description":"Durante entrevista concedida \u00e0 R\u00e1dio Clube FM na manh\u00e3 deste domingo (09), o prefeito de Jaic\u00f3s, Weslly Bispo, apresentou um balan\u00e7o das a\u00e7\u00f5es e conquistas da administra\u00e7\u00e3o municipal ao longo de seus primeiros 11 meses de gest\u00e3o. O bate papo ao vivo teve mais de duas horas de dura\u00e7\u00e3o, oportunidade em que o gestor apresentou [&hellip;]","og_url":"https:\/\/noticiaempauta.com\/portal\/prefeito-weslly-bispo-destaca-importantes-avancos-nos-primeiros-11-meses-da-atual-gestao-municipal-em-jaicos\/","og_site_name":"Portal Not\u00edcia em Pauta","article_publisher":"https:\/\/www.facebook.com\/Portal-Notcia-Em-Pauta-102292869264820\/","article_published_time":"2025-11-10T14:20:35+00:00","article_modified_time":"2025-11-10T14:20:36+00:00","og_image":[{"width":1170,"height":1179,"url":"https:\/\/noticiaempauta.com\/portal\/wp-content\/uploads\/2025\/11\/WhatsApp-Image-2025-11-10-at-11.18.05-1.jpeg","type":"image\/jpeg"}],"author":"Reda\u00e7\u00e3o","twitter_card":"summary_large_image","twitter_misc":{"Escrito por":"Reda\u00e7\u00e3o","Est. tempo de leitura":"2 minutos"},"schema":{"@context":"https:\/\/schema.org","@graph":[{"@type":"Article","@id":"https:\/\/noticiaempauta.com\/portal\/prefeito-weslly-bispo-destaca-importantes-avancos-nos-primeiros-11-meses-da-atual-gestao-municipal-em-jaicos\/#article","isPartOf":{"@id":"https:\/\/noticiaempauta.com\/portal\/prefeito-weslly-bispo-destaca-importantes-avancos-nos-primeiros-11-meses-da-atual-gestao-municipal-em-jaicos\/"},"author":{"name":"Reda\u00e7\u00e3o","@id":"https:\/\/noticiaempauta.com\/portal\/#\/schema\/person\/a74af43dd1ab3deca45f988c717d57ac"},"headline":"Prefeito Weslly Bispo destaca importantes avan\u00e7os nos primeiros 11 meses da atual gest\u00e3o municipal em Jaic\u00f3s","datePublished":"2025-11-10T14:20:35+00:00","dateModified":"2025-11-10T14:20:36+00:00","mainEntityOfPage":{"@id":"https:\/\/noticiaempauta.com\/portal\/prefeito-weslly-bispo-destaca-importantes-avancos-nos-primeiros-11-meses-da-atual-gestao-municipal-em-jaicos\/"},"wordCount":294,"commentCount":0,"publisher":{"@id":"https:\/\/noticiaempauta.com\/portal\/#organization"},"image":{"@id":"https:\/\/noticiaempauta.com\/portal\/prefeito-weslly-bispo-destaca-importantes-avancos-nos-primeiros-11-meses-da-atual-gestao-municipal-em-jaicos\/#primaryimage"},"thumbnailUrl":"https:\/\/noticiaempauta.com\/portal\/wp-content\/uploads\/2025\/11\/WhatsApp-Image-2025-11-10-at-11.18.05-1.jpeg","articleSection":["Destaques","Geral","Munic\u00edpios","Todas as Not\u00edcias"],"inLanguage":"pt-BR","potentialAction":[{"@type":"CommentAction","name":"Comment","target":["https:\/\/noticiaempauta.com\/portal\/prefeito-weslly-bispo-destaca-importantes-avancos-nos-primeiros-11-meses-da-atual-gestao-municipal-em-jaicos\/#respond"]}]},{"@type":"WebPage","@id":"https:\/\/noticiaempauta.com\/portal\/prefeito-weslly-bispo-destaca-importantes-avancos-nos-primeiros-11-meses-da-atual-gestao-municipal-em-jaicos\/","url":"https:\/\/noticiaempauta.com\/portal\/prefeito-weslly-bispo-destaca-importantes-avancos-nos-primeiros-11-meses-da-atual-gestao-municipal-em-jaicos\/","name":"Prefeito Weslly Bispo destaca importantes avan\u00e7os nos primeiros 11 meses da atual gest\u00e3o municipal em Jaic\u00f3s - Portal Not\u00edcia em Pauta","isPartOf":{"@id":"https:\/\/noticiaempauta.com\/portal\/#website"},"primaryImageOfPage":{"@id":"https:\/\/noticiaempauta.com\/portal\/prefeito-weslly-bispo-destaca-importantes-avancos-nos-primeiros-11-meses-da-atual-gestao-municipal-em-jaicos\/#primaryimage"},"image":{"@id":"https:\/\/noticiaempauta.com\/portal\/prefeito-weslly-bispo-destaca-importantes-avancos-nos-primeiros-11-meses-da-atual-gestao-municipal-em-jaicos\/#primaryimage"},"thumbnailUrl":"https:\/\/noticiaempauta.com\/portal\/wp-content\/uploads\/2025\/11\/WhatsApp-Image-2025-11-10-at-11.18.05-1.jpeg","datePublished":"2025-11-10T14:20:35+00:00","dateModified":"2025-11-10T14:20:36+00:00","breadcrumb":{"@id":"https:\/\/noticiaempauta.com\/portal\/prefeito-weslly-bispo-destaca-importantes-avancos-nos-primeiros-11-meses-da-atual-gestao-municipal-em-jaicos\/#breadcrumb"},"inLanguage":"pt-BR","potentialAction":[{"@type":"ReadAction","target":["https:\/\/noticiaempauta.com\/portal\/prefeito-weslly-bispo-destaca-importantes-avancos-nos-primeiros-11-meses-da-atual-gestao-municipal-em-jaicos\/"]}]},{"@type":"ImageObject","inLanguage":"pt-BR","@id":"https:\/\/noticiaempauta.com\/portal\/prefeito-weslly-bispo-destaca-importantes-avancos-nos-primeiros-11-meses-da-atual-gestao-municipal-em-jaicos\/#primaryimage","url":"https:\/\/noticiaempauta.com\/portal\/wp-content\/uploads\/2025\/11\/WhatsApp-Image-2025-11-10-at-11.18.05-1.jpeg","contentUrl":"https:\/\/noticiaempauta.com\/portal\/wp-content\/uploads\/2025\/11\/WhatsApp-Image-2025-11-10-at-11.18.05-1.jpeg","width":1170,"height":1179},{"@type":"BreadcrumbList","@id":"https:\/\/noticiaempauta.com\/portal\/prefeito-weslly-bispo-destaca-importantes-avancos-nos-primeiros-11-meses-da-atual-gestao-municipal-em-jaicos\/#breadcrumb","itemListElement":[{"@type":"ListItem","position":1,"name":"P\u00e1gina Inicial","item":"https:\/\/noticiaempauta.com\/portal\/"},{"@type":"ListItem","position":2,"name":"Destaques","item":"https:\/\/noticiaempauta.com\/portal\/destaques-site\/"},{"@type":"ListItem","position":3,"name":"Prefeito Weslly Bispo destaca importantes avan\u00e7os nos primeiros 11 meses da atual gest\u00e3o municipal em Jaic\u00f3s"}]},{"@type":"WebSite","@id":"https:\/\/noticiaempauta.com\/portal\/#website","url":"https:\/\/noticiaempauta.com\/portal\/","name":"Portal Not\u00edcia em Pauta","description":"Voc\u00ea bem informado","publisher":{"@id":"https:\/\/noticiaempauta.com\/portal\/#organization"},"potentialAction":[{"@type":"SearchAction","target":{"@type":"EntryPoint","urlTemplate":"https:\/\/noticiaempauta.com\/portal\/?s={search_term_string}"},"query-input":{"@type":"PropertyValueSpecification","valueRequired":true,"valueName":"search_term_string"}}],"inLanguage":"pt-BR"},{"@type":"Organization","@id":"https:\/\/noticiaempauta.com\/portal\/#organization","name":"Portal Not\u00edcia em Pauta","url":"https:\/\/noticiaempauta.com\/portal\/","logo":{"@type":"ImageObject","inLanguage":"pt-BR","@id":"https:\/\/noticiaempauta.com\/portal\/#\/schema\/logo\/image\/","url":"https:\/\/noticiaempauta.com\/portal\/wp-content\/uploads\/2022\/08\/logomarca_tema.fw_.png","contentUrl":"https:\/\/noticiaempauta.com\/portal\/wp-content\/uploads\/2022\/08\/logomarca_tema.fw_.png","width":400,"height":232,"caption":"Portal Not\u00edcia em Pauta"},"image":{"@id":"https:\/\/noticiaempauta.com\/portal\/#\/schema\/logo\/image\/"},"sameAs":["https:\/\/www.facebook.com\/Portal-Notcia-Em-Pauta-102292869264820\/","https:\/\/www.instagram.com\/portalnoticiaempauta\/"]},{"@type":"Person","@id":"https:\/\/noticiaempauta.com\/portal\/#\/schema\/person\/a74af43dd1ab3deca45f988c717d57ac","name":"Reda\u00e7\u00e3o","image":{"@type":"ImageObject","inLanguage":"pt-BR","@id":"https:\/\/noticiaempauta.com\/portal\/#\/schema\/person\/image\/","url":"https:\/\/secure.gravatar.com\/avatar\/03179346ecce6cdfc13361603e8f54242a90e5cde8618fa23c5c00aa2b0aadf3?s=96&d=mm&r=g","contentUrl":"https:\/\/secure.gravatar.com\/avatar\/03179346ecce6cdfc13361603e8f54242a90e5cde8618fa23c5c00aa2b0aadf3?s=96&d=mm&r=g","caption":"Reda\u00e7\u00e3o"},"sameAs":["https:\/\/noticiaempauta.com\/portal\/"],"url":"https:\/\/noticiaempauta.com\/portal\/author\/fernando\/"}]}},"_links":{"self":[{"href":"https:\/\/noticiaempauta.com\/portal\/wp-json\/wp\/v2\/posts\/280434","targetHints":{"allow":["GET"]}}],"collection":[{"href":"https:\/\/noticiaempauta.com\/portal\/wp-json\/wp\/v2\/posts"}],"about":[{"href":"https:\/\/noticiaempauta.com\/portal\/wp-json\/wp\/v2\/types\/post"}],"author":[{"embeddable":true,"href":"https:\/\/noticiaempauta.com\/portal\/wp-json\/wp\/v2\/users\/2"}],"replies":[{"embeddable":true,"href":"https:\/\/noticiaempauta.com\/portal\/wp-json\/wp\/v2\/comments?post=280434"}],"version-history":[{"count":2,"href":"https:\/\/noticiaempauta.com\/portal\/wp-json\/wp\/v2\/posts\/280434\/revisions"}],"predecessor-version":[{"id":280441,"href":"https:\/\/noticiaempauta.com\/portal\/wp-json\/wp\/v2\/posts\/280434\/revisions\/280441"}],"wp:featuredmedia":[{"embeddable":true,"href":"https:\/\/noticiaempauta.com\/portal\/wp-json\/wp\/v2\/media\/280437"}],"wp:attachment":[{"href":"https:\/\/noticiaempauta.com\/portal\/wp-json\/wp\/v2\/media?parent=280434"}],"wp:term":[{"taxonomy":"category","embeddable":true,"href":"https:\/\/noticiaempauta.com\/portal\/wp-json\/wp\/v2\/categories?post=280434"},{"taxonomy":"post_tag","embeddable":true,"href":"https:\/\/noticiaempauta.com\/portal\/wp-json\/wp\/v2\/tags?post=280434"}],"curies":[{"name":"wp","href":"https:\/\/api.w.org\/{rel}","templated":true}]}}