{"id":280454,"date":"2025-11-10T16:24:17","date_gmt":"2025-11-10T19:24:17","guid":{"rendered":"https:\/\/noticiaempauta.com\/portal\/?p=280454"},"modified":"2025-11-10T16:24:17","modified_gmt":"2025-11-10T19:24:17","slug":"padrasto-e-suspeito-de-abusar-sexualmente-de-enteada-de-12-anos-no-interior-de-massape-do-piaui","status":"publish","type":"post","link":"https:\/\/noticiaempauta.com\/portal\/padrasto-e-suspeito-de-abusar-sexualmente-de-enteada-de-12-anos-no-interior-de-massape-do-piaui\/","title":{"rendered":"Padrasto \u00e9 suspeito de abusar sexualmente de enteada de 12 anos no interior de Massap\u00ea do Piau\u00ed"},"content":{"rendered":"\n<p>Um caso de estupro de vulner\u00e1vel foi registrado no munic\u00edpio de Massap\u00ea do Piau\u00ed neste final de semana. Segundo informa\u00e7\u00f5es da Pol\u00edcia Militar, um homem identificado pelas iniciais E. J. DA. S, \u00e9 suspeito de abusar sexualmente da enteada, de apenas 12 anos de idade.<\/p>\n\n\n\n<figure class=\"wp-block-image size-large\"><img fetchpriority=\"high\" decoding=\"async\" width=\"1024\" height=\"683\" src=\"https:\/\/noticiaempauta.com\/portal\/wp-content\/uploads\/2025\/11\/Estupro-de-vulneravel-violencia-abuso-reih3kxporfc4cr4caa1kgutjp1kgj37o55l9weclc-1024x683.webp\" alt=\"\" class=\"wp-image-280455\" srcset=\"https:\/\/noticiaempauta.com\/portal\/wp-content\/uploads\/2025\/11\/Estupro-de-vulneravel-violencia-abuso-reih3kxporfc4cr4caa1kgutjp1kgj37o55l9weclc-1024x683.webp 1024w, https:\/\/noticiaempauta.com\/portal\/wp-content\/uploads\/2025\/11\/Estupro-de-vulneravel-violencia-abuso-reih3kxporfc4cr4caa1kgutjp1kgj37o55l9weclc-300x200.webp 300w, https:\/\/noticiaempauta.com\/portal\/wp-content\/uploads\/2025\/11\/Estupro-de-vulneravel-violencia-abuso-reih3kxporfc4cr4caa1kgutjp1kgj37o55l9weclc-768x512.webp 768w, https:\/\/noticiaempauta.com\/portal\/wp-content\/uploads\/2025\/11\/Estupro-de-vulneravel-violencia-abuso-reih3kxporfc4cr4caa1kgutjp1kgj37o55l9weclc.webp 1200w\" sizes=\"(max-width: 1024px) 100vw, 1024px\" \/><figcaption class=\"wp-element-caption\"><em>(Foto: Reprodu\u00e7\u00e3o)<\/em><\/figcaption><\/figure>\n\n\n\n<p>O fato aconteceu na localidade Vil\u00e3o de Cima, zona rural da cidade. Segundo a pol\u00edcia, a adolescente informou que sofreu o abuso durante a noite e ap\u00f3s o ocorrido fugiu correndo para a casa de uma tia.<\/p>\n\n\n\n<p>Pela manh\u00e3 do domingo (09), a v\u00edtima informou a um familiar o que havia acontecido e o caso foi denunciado \u00e0 pol\u00edcia, que compareceu ao local, mas n\u00e3o encontrou mais o suspeito, que segue foragido.<\/p>\n\n\n\n<p>O Conselho Tutelar foi acionado para o caso e acompanhou a adolescente, juntamente com a equipe policial, at\u00e9 a Delegacia de Pol\u00edcia Civil de Picos pra os procedimentos cab\u00edveis. A v\u00edtima foi encaminhada para a realiza\u00e7\u00e3o de exame, que constatou a&nbsp;conjun\u00e7\u00e3o carnal.<\/p>\n\n\n\n<p>Antes de saber sobre o abuso, a m\u00e3e da adolescente tamb\u00e9m j\u00e1 havia denunciado o companheiro, ap\u00f3s ter sido amea\u00e7ada de morte. Segundo a pol\u00edcia, ela informou que durante as amea\u00e7as percebeu que E. J. DA S iria pegar um objeto, e com medo de ser agredida, fugiu e abrigou-se na resid\u00eancia de um familiar.<\/p>\n\n\n\n<p><strong>Fonte: CidadesnaNet<\/strong><\/p>\n","protected":false},"excerpt":{"rendered":"<p>Um caso de estupro de vulner\u00e1vel foi registrado no munic\u00edpio de Massap\u00ea do Piau\u00ed neste final de semana. Segundo informa\u00e7\u00f5es da Pol\u00edcia Militar, um homem identificado pelas iniciais E. J. DA. S, \u00e9 suspeito de abusar sexualmente da enteada, de apenas 12 anos de idade. O fato aconteceu na localidade Vil\u00e3o de Cima, zona rural [&hellip;]<\/p>\n","protected":false},"author":2,"featured_media":280455,"comment_status":"open","ping_status":"open","sticky":false,"template":"","format":"standard","meta":{"_mi_skip_tracking":false,"footnotes":""},"categories":[25,1,9,137,16],"tags":[],"class_list":["post-280454","post","type-post","status-publish","format-standard","has-post-thumbnail","hentry","category-destaques-site","category-geral","category-municipios","category-policia","category-todas"],"acf":[],"yoast_head":"<!-- This site is optimized with the Yoast SEO Premium plugin v19.2 (Yoast SEO v26.9) - https:\/\/yoast.com\/product\/yoast-seo-premium-wordpress\/ -->\n<title>Padrasto \u00e9 suspeito de abusar sexualmente de enteada de 12 anos no interior de Massap\u00ea do Piau\u00ed - Portal Not\u00edcia em Pauta<\/title>\n<meta name=\"robots\" content=\"index, follow, max-snippet:-1, max-image-preview:large, max-video-preview:-1\" \/>\n<link rel=\"canonical\" href=\"https:\/\/noticiaempauta.com\/portal\/padrasto-e-suspeito-de-abusar-sexualmente-de-enteada-de-12-anos-no-interior-de-massape-do-piaui\/\" \/>\n<meta property=\"og:locale\" content=\"pt_BR\" \/>\n<meta property=\"og:type\" content=\"article\" \/>\n<meta property=\"og:title\" content=\"Padrasto \u00e9 suspeito de abusar sexualmente de enteada de 12 anos no interior de Massap\u00ea do Piau\u00ed\" \/>\n<meta property=\"og:description\" content=\"Um caso de estupro de vulner\u00e1vel foi registrado no munic\u00edpio de Massap\u00ea do Piau\u00ed neste final de semana. Segundo informa\u00e7\u00f5es da Pol\u00edcia Militar, um homem identificado pelas iniciais E. J. DA. S, \u00e9 suspeito de abusar sexualmente da enteada, de apenas 12 anos de idade. O fato aconteceu na localidade Vil\u00e3o de Cima, zona rural [&hellip;]\" \/>\n<meta property=\"og:url\" content=\"https:\/\/noticiaempauta.com\/portal\/padrasto-e-suspeito-de-abusar-sexualmente-de-enteada-de-12-anos-no-interior-de-massape-do-piaui\/\" \/>\n<meta property=\"og:site_name\" content=\"Portal Not\u00edcia em Pauta\" \/>\n<meta property=\"article:publisher\" content=\"https:\/\/www.facebook.com\/Portal-Notcia-Em-Pauta-102292869264820\/\" \/>\n<meta property=\"article:published_time\" content=\"2025-11-10T19:24:17+00:00\" \/>\n<meta property=\"og:image\" content=\"https:\/\/noticiaempauta.com\/portal\/wp-content\/uploads\/2025\/11\/Estupro-de-vulneravel-violencia-abuso-reih3kxporfc4cr4caa1kgutjp1kgj37o55l9weclc.webp\" \/>\n\t<meta property=\"og:image:width\" content=\"1200\" \/>\n\t<meta property=\"og:image:height\" content=\"800\" \/>\n\t<meta property=\"og:image:type\" content=\"image\/webp\" \/>\n<meta name=\"author\" content=\"Reda\u00e7\u00e3o\" \/>\n<meta name=\"twitter:card\" content=\"summary_large_image\" \/>\n<meta name=\"twitter:label1\" content=\"Escrito por\" \/>\n\t<meta name=\"twitter:data1\" content=\"Reda\u00e7\u00e3o\" \/>\n\t<meta name=\"twitter:label2\" content=\"Est. tempo de leitura\" \/>\n\t<meta name=\"twitter:data2\" content=\"2 minutos\" \/>\n<script type=\"application\/ld+json\" class=\"yoast-schema-graph\">{\"@context\":\"https:\/\/schema.org\",\"@graph\":[{\"@type\":\"Article\",\"@id\":\"https:\/\/noticiaempauta.com\/portal\/padrasto-e-suspeito-de-abusar-sexualmente-de-enteada-de-12-anos-no-interior-de-massape-do-piaui\/#article\",\"isPartOf\":{\"@id\":\"https:\/\/noticiaempauta.com\/portal\/padrasto-e-suspeito-de-abusar-sexualmente-de-enteada-de-12-anos-no-interior-de-massape-do-piaui\/\"},\"author\":{\"name\":\"Reda\u00e7\u00e3o\",\"@id\":\"https:\/\/noticiaempauta.com\/portal\/#\/schema\/person\/a74af43dd1ab3deca45f988c717d57ac\"},\"headline\":\"Padrasto \u00e9 suspeito de abusar sexualmente de enteada de 12 anos no interior de Massap\u00ea do Piau\u00ed\",\"datePublished\":\"2025-11-10T19:24:17+00:00\",\"mainEntityOfPage\":{\"@id\":\"https:\/\/noticiaempauta.com\/portal\/padrasto-e-suspeito-de-abusar-sexualmente-de-enteada-de-12-anos-no-interior-de-massape-do-piaui\/\"},\"wordCount\":254,\"commentCount\":0,\"publisher\":{\"@id\":\"https:\/\/noticiaempauta.com\/portal\/#organization\"},\"image\":{\"@id\":\"https:\/\/noticiaempauta.com\/portal\/padrasto-e-suspeito-de-abusar-sexualmente-de-enteada-de-12-anos-no-interior-de-massape-do-piaui\/#primaryimage\"},\"thumbnailUrl\":\"https:\/\/noticiaempauta.com\/portal\/wp-content\/uploads\/2025\/11\/Estupro-de-vulneravel-violencia-abuso-reih3kxporfc4cr4caa1kgutjp1kgj37o55l9weclc.webp\",\"articleSection\":[\"Destaques\",\"Geral\",\"Munic\u00edpios\",\"Pol\u00edcia\",\"Todas as Not\u00edcias\"],\"inLanguage\":\"pt-BR\",\"potentialAction\":[{\"@type\":\"CommentAction\",\"name\":\"Comment\",\"target\":[\"https:\/\/noticiaempauta.com\/portal\/padrasto-e-suspeito-de-abusar-sexualmente-de-enteada-de-12-anos-no-interior-de-massape-do-piaui\/#respond\"]}]},{\"@type\":\"WebPage\",\"@id\":\"https:\/\/noticiaempauta.com\/portal\/padrasto-e-suspeito-de-abusar-sexualmente-de-enteada-de-12-anos-no-interior-de-massape-do-piaui\/\",\"url\":\"https:\/\/noticiaempauta.com\/portal\/padrasto-e-suspeito-de-abusar-sexualmente-de-enteada-de-12-anos-no-interior-de-massape-do-piaui\/\",\"name\":\"Padrasto \u00e9 suspeito de abusar sexualmente de enteada de 12 anos no interior de Massap\u00ea do Piau\u00ed - Portal Not\u00edcia em Pauta\",\"isPartOf\":{\"@id\":\"https:\/\/noticiaempauta.com\/portal\/#website\"},\"primaryImageOfPage\":{\"@id\":\"https:\/\/noticiaempauta.com\/portal\/padrasto-e-suspeito-de-abusar-sexualmente-de-enteada-de-12-anos-no-interior-de-massape-do-piaui\/#primaryimage\"},\"image\":{\"@id\":\"https:\/\/noticiaempauta.com\/portal\/padrasto-e-suspeito-de-abusar-sexualmente-de-enteada-de-12-anos-no-interior-de-massape-do-piaui\/#primaryimage\"},\"thumbnailUrl\":\"https:\/\/noticiaempauta.com\/portal\/wp-content\/uploads\/2025\/11\/Estupro-de-vulneravel-violencia-abuso-reih3kxporfc4cr4caa1kgutjp1kgj37o55l9weclc.webp\",\"datePublished\":\"2025-11-10T19:24:17+00:00\",\"breadcrumb\":{\"@id\":\"https:\/\/noticiaempauta.com\/portal\/padrasto-e-suspeito-de-abusar-sexualmente-de-enteada-de-12-anos-no-interior-de-massape-do-piaui\/#breadcrumb\"},\"inLanguage\":\"pt-BR\",\"potentialAction\":[{\"@type\":\"ReadAction\",\"target\":[\"https:\/\/noticiaempauta.com\/portal\/padrasto-e-suspeito-de-abusar-sexualmente-de-enteada-de-12-anos-no-interior-de-massape-do-piaui\/\"]}]},{\"@type\":\"ImageObject\",\"inLanguage\":\"pt-BR\",\"@id\":\"https:\/\/noticiaempauta.com\/portal\/padrasto-e-suspeito-de-abusar-sexualmente-de-enteada-de-12-anos-no-interior-de-massape-do-piaui\/#primaryimage\",\"url\":\"https:\/\/noticiaempauta.com\/portal\/wp-content\/uploads\/2025\/11\/Estupro-de-vulneravel-violencia-abuso-reih3kxporfc4cr4caa1kgutjp1kgj37o55l9weclc.webp\",\"contentUrl\":\"https:\/\/noticiaempauta.com\/portal\/wp-content\/uploads\/2025\/11\/Estupro-de-vulneravel-violencia-abuso-reih3kxporfc4cr4caa1kgutjp1kgj37o55l9weclc.webp\",\"width\":1200,\"height\":800},{\"@type\":\"BreadcrumbList\",\"@id\":\"https:\/\/noticiaempauta.com\/portal\/padrasto-e-suspeito-de-abusar-sexualmente-de-enteada-de-12-anos-no-interior-de-massape-do-piaui\/#breadcrumb\",\"itemListElement\":[{\"@type\":\"ListItem\",\"position\":1,\"name\":\"P\u00e1gina Inicial\",\"item\":\"https:\/\/noticiaempauta.com\/portal\/\"},{\"@type\":\"ListItem\",\"position\":2,\"name\":\"Destaques\",\"item\":\"https:\/\/noticiaempauta.com\/portal\/destaques-site\/\"},{\"@type\":\"ListItem\",\"position\":3,\"name\":\"Padrasto \u00e9 suspeito de abusar sexualmente de enteada de 12 anos no interior de Massap\u00ea do Piau\u00ed\"}]},{\"@type\":\"WebSite\",\"@id\":\"https:\/\/noticiaempauta.com\/portal\/#website\",\"url\":\"https:\/\/noticiaempauta.com\/portal\/\",\"name\":\"Portal Not\u00edcia em Pauta\",\"description\":\"Voc\u00ea bem informado\",\"publisher\":{\"@id\":\"https:\/\/noticiaempauta.com\/portal\/#organization\"},\"potentialAction\":[{\"@type\":\"SearchAction\",\"target\":{\"@type\":\"EntryPoint\",\"urlTemplate\":\"https:\/\/noticiaempauta.com\/portal\/?s={search_term_string}\"},\"query-input\":{\"@type\":\"PropertyValueSpecification\",\"valueRequired\":true,\"valueName\":\"search_term_string\"}}],\"inLanguage\":\"pt-BR\"},{\"@type\":\"Organization\",\"@id\":\"https:\/\/noticiaempauta.com\/portal\/#organization\",\"name\":\"Portal Not\u00edcia em Pauta\",\"url\":\"https:\/\/noticiaempauta.com\/portal\/\",\"logo\":{\"@type\":\"ImageObject\",\"inLanguage\":\"pt-BR\",\"@id\":\"https:\/\/noticiaempauta.com\/portal\/#\/schema\/logo\/image\/\",\"url\":\"https:\/\/noticiaempauta.com\/portal\/wp-content\/uploads\/2022\/08\/logomarca_tema.fw_.png\",\"contentUrl\":\"https:\/\/noticiaempauta.com\/portal\/wp-content\/uploads\/2022\/08\/logomarca_tema.fw_.png\",\"width\":400,\"height\":232,\"caption\":\"Portal Not\u00edcia em Pauta\"},\"image\":{\"@id\":\"https:\/\/noticiaempauta.com\/portal\/#\/schema\/logo\/image\/\"},\"sameAs\":[\"https:\/\/www.facebook.com\/Portal-Notcia-Em-Pauta-102292869264820\/\",\"https:\/\/www.instagram.com\/portalnoticiaempauta\/\"]},{\"@type\":\"Person\",\"@id\":\"https:\/\/noticiaempauta.com\/portal\/#\/schema\/person\/a74af43dd1ab3deca45f988c717d57ac\",\"name\":\"Reda\u00e7\u00e3o\",\"image\":{\"@type\":\"ImageObject\",\"inLanguage\":\"pt-BR\",\"@id\":\"https:\/\/noticiaempauta.com\/portal\/#\/schema\/person\/image\/\",\"url\":\"https:\/\/secure.gravatar.com\/avatar\/03179346ecce6cdfc13361603e8f54242a90e5cde8618fa23c5c00aa2b0aadf3?s=96&d=mm&r=g\",\"contentUrl\":\"https:\/\/secure.gravatar.com\/avatar\/03179346ecce6cdfc13361603e8f54242a90e5cde8618fa23c5c00aa2b0aadf3?s=96&d=mm&r=g\",\"caption\":\"Reda\u00e7\u00e3o\"},\"sameAs\":[\"https:\/\/noticiaempauta.com\/portal\/\"],\"url\":\"https:\/\/noticiaempauta.com\/portal\/author\/fernando\/\"}]}<\/script>\n<!-- \/ Yoast SEO Premium plugin. -->","yoast_head_json":{"title":"Padrasto \u00e9 suspeito de abusar sexualmente de enteada de 12 anos no interior de Massap\u00ea do Piau\u00ed - Portal Not\u00edcia em Pauta","robots":{"index":"index","follow":"follow","max-snippet":"max-snippet:-1","max-image-preview":"max-image-preview:large","max-video-preview":"max-video-preview:-1"},"canonical":"https:\/\/noticiaempauta.com\/portal\/padrasto-e-suspeito-de-abusar-sexualmente-de-enteada-de-12-anos-no-interior-de-massape-do-piaui\/","og_locale":"pt_BR","og_type":"article","og_title":"Padrasto \u00e9 suspeito de abusar sexualmente de enteada de 12 anos no interior de Massap\u00ea do Piau\u00ed","og_description":"Um caso de estupro de vulner\u00e1vel foi registrado no munic\u00edpio de Massap\u00ea do Piau\u00ed neste final de semana. Segundo informa\u00e7\u00f5es da Pol\u00edcia Militar, um homem identificado pelas iniciais E. J. DA. S, \u00e9 suspeito de abusar sexualmente da enteada, de apenas 12 anos de idade. O fato aconteceu na localidade Vil\u00e3o de Cima, zona rural [&hellip;]","og_url":"https:\/\/noticiaempauta.com\/portal\/padrasto-e-suspeito-de-abusar-sexualmente-de-enteada-de-12-anos-no-interior-de-massape-do-piaui\/","og_site_name":"Portal Not\u00edcia em Pauta","article_publisher":"https:\/\/www.facebook.com\/Portal-Notcia-Em-Pauta-102292869264820\/","article_published_time":"2025-11-10T19:24:17+00:00","og_image":[{"width":1200,"height":800,"url":"https:\/\/noticiaempauta.com\/portal\/wp-content\/uploads\/2025\/11\/Estupro-de-vulneravel-violencia-abuso-reih3kxporfc4cr4caa1kgutjp1kgj37o55l9weclc.webp","type":"image\/webp"}],"author":"Reda\u00e7\u00e3o","twitter_card":"summary_large_image","twitter_misc":{"Escrito por":"Reda\u00e7\u00e3o","Est. tempo de leitura":"2 minutos"},"schema":{"@context":"https:\/\/schema.org","@graph":[{"@type":"Article","@id":"https:\/\/noticiaempauta.com\/portal\/padrasto-e-suspeito-de-abusar-sexualmente-de-enteada-de-12-anos-no-interior-de-massape-do-piaui\/#article","isPartOf":{"@id":"https:\/\/noticiaempauta.com\/portal\/padrasto-e-suspeito-de-abusar-sexualmente-de-enteada-de-12-anos-no-interior-de-massape-do-piaui\/"},"author":{"name":"Reda\u00e7\u00e3o","@id":"https:\/\/noticiaempauta.com\/portal\/#\/schema\/person\/a74af43dd1ab3deca45f988c717d57ac"},"headline":"Padrasto \u00e9 suspeito de abusar sexualmente de enteada de 12 anos no interior de Massap\u00ea do Piau\u00ed","datePublished":"2025-11-10T19:24:17+00:00","mainEntityOfPage":{"@id":"https:\/\/noticiaempauta.com\/portal\/padrasto-e-suspeito-de-abusar-sexualmente-de-enteada-de-12-anos-no-interior-de-massape-do-piaui\/"},"wordCount":254,"commentCount":0,"publisher":{"@id":"https:\/\/noticiaempauta.com\/portal\/#organization"},"image":{"@id":"https:\/\/noticiaempauta.com\/portal\/padrasto-e-suspeito-de-abusar-sexualmente-de-enteada-de-12-anos-no-interior-de-massape-do-piaui\/#primaryimage"},"thumbnailUrl":"https:\/\/noticiaempauta.com\/portal\/wp-content\/uploads\/2025\/11\/Estupro-de-vulneravel-violencia-abuso-reih3kxporfc4cr4caa1kgutjp1kgj37o55l9weclc.webp","articleSection":["Destaques","Geral","Munic\u00edpios","Pol\u00edcia","Todas as Not\u00edcias"],"inLanguage":"pt-BR","potentialAction":[{"@type":"CommentAction","name":"Comment","target":["https:\/\/noticiaempauta.com\/portal\/padrasto-e-suspeito-de-abusar-sexualmente-de-enteada-de-12-anos-no-interior-de-massape-do-piaui\/#respond"]}]},{"@type":"WebPage","@id":"https:\/\/noticiaempauta.com\/portal\/padrasto-e-suspeito-de-abusar-sexualmente-de-enteada-de-12-anos-no-interior-de-massape-do-piaui\/","url":"https:\/\/noticiaempauta.com\/portal\/padrasto-e-suspeito-de-abusar-sexualmente-de-enteada-de-12-anos-no-interior-de-massape-do-piaui\/","name":"Padrasto \u00e9 suspeito de abusar sexualmente de enteada de 12 anos no interior de Massap\u00ea do Piau\u00ed - Portal Not\u00edcia em Pauta","isPartOf":{"@id":"https:\/\/noticiaempauta.com\/portal\/#website"},"primaryImageOfPage":{"@id":"https:\/\/noticiaempauta.com\/portal\/padrasto-e-suspeito-de-abusar-sexualmente-de-enteada-de-12-anos-no-interior-de-massape-do-piaui\/#primaryimage"},"image":{"@id":"https:\/\/noticiaempauta.com\/portal\/padrasto-e-suspeito-de-abusar-sexualmente-de-enteada-de-12-anos-no-interior-de-massape-do-piaui\/#primaryimage"},"thumbnailUrl":"https:\/\/noticiaempauta.com\/portal\/wp-content\/uploads\/2025\/11\/Estupro-de-vulneravel-violencia-abuso-reih3kxporfc4cr4caa1kgutjp1kgj37o55l9weclc.webp","datePublished":"2025-11-10T19:24:17+00:00","breadcrumb":{"@id":"https:\/\/noticiaempauta.com\/portal\/padrasto-e-suspeito-de-abusar-sexualmente-de-enteada-de-12-anos-no-interior-de-massape-do-piaui\/#breadcrumb"},"inLanguage":"pt-BR","potentialAction":[{"@type":"ReadAction","target":["https:\/\/noticiaempauta.com\/portal\/padrasto-e-suspeito-de-abusar-sexualmente-de-enteada-de-12-anos-no-interior-de-massape-do-piaui\/"]}]},{"@type":"ImageObject","inLanguage":"pt-BR","@id":"https:\/\/noticiaempauta.com\/portal\/padrasto-e-suspeito-de-abusar-sexualmente-de-enteada-de-12-anos-no-interior-de-massape-do-piaui\/#primaryimage","url":"https:\/\/noticiaempauta.com\/portal\/wp-content\/uploads\/2025\/11\/Estupro-de-vulneravel-violencia-abuso-reih3kxporfc4cr4caa1kgutjp1kgj37o55l9weclc.webp","contentUrl":"https:\/\/noticiaempauta.com\/portal\/wp-content\/uploads\/2025\/11\/Estupro-de-vulneravel-violencia-abuso-reih3kxporfc4cr4caa1kgutjp1kgj37o55l9weclc.webp","width":1200,"height":800},{"@type":"BreadcrumbList","@id":"https:\/\/noticiaempauta.com\/portal\/padrasto-e-suspeito-de-abusar-sexualmente-de-enteada-de-12-anos-no-interior-de-massape-do-piaui\/#breadcrumb","itemListElement":[{"@type":"ListItem","position":1,"name":"P\u00e1gina Inicial","item":"https:\/\/noticiaempauta.com\/portal\/"},{"@type":"ListItem","position":2,"name":"Destaques","item":"https:\/\/noticiaempauta.com\/portal\/destaques-site\/"},{"@type":"ListItem","position":3,"name":"Padrasto \u00e9 suspeito de abusar sexualmente de enteada de 12 anos no interior de Massap\u00ea do Piau\u00ed"}]},{"@type":"WebSite","@id":"https:\/\/noticiaempauta.com\/portal\/#website","url":"https:\/\/noticiaempauta.com\/portal\/","name":"Portal Not\u00edcia em Pauta","description":"Voc\u00ea bem informado","publisher":{"@id":"https:\/\/noticiaempauta.com\/portal\/#organization"},"potentialAction":[{"@type":"SearchAction","target":{"@type":"EntryPoint","urlTemplate":"https:\/\/noticiaempauta.com\/portal\/?s={search_term_string}"},"query-input":{"@type":"PropertyValueSpecification","valueRequired":true,"valueName":"search_term_string"}}],"inLanguage":"pt-BR"},{"@type":"Organization","@id":"https:\/\/noticiaempauta.com\/portal\/#organization","name":"Portal Not\u00edcia em Pauta","url":"https:\/\/noticiaempauta.com\/portal\/","logo":{"@type":"ImageObject","inLanguage":"pt-BR","@id":"https:\/\/noticiaempauta.com\/portal\/#\/schema\/logo\/image\/","url":"https:\/\/noticiaempauta.com\/portal\/wp-content\/uploads\/2022\/08\/logomarca_tema.fw_.png","contentUrl":"https:\/\/noticiaempauta.com\/portal\/wp-content\/uploads\/2022\/08\/logomarca_tema.fw_.png","width":400,"height":232,"caption":"Portal Not\u00edcia em Pauta"},"image":{"@id":"https:\/\/noticiaempauta.com\/portal\/#\/schema\/logo\/image\/"},"sameAs":["https:\/\/www.facebook.com\/Portal-Notcia-Em-Pauta-102292869264820\/","https:\/\/www.instagram.com\/portalnoticiaempauta\/"]},{"@type":"Person","@id":"https:\/\/noticiaempauta.com\/portal\/#\/schema\/person\/a74af43dd1ab3deca45f988c717d57ac","name":"Reda\u00e7\u00e3o","image":{"@type":"ImageObject","inLanguage":"pt-BR","@id":"https:\/\/noticiaempauta.com\/portal\/#\/schema\/person\/image\/","url":"https:\/\/secure.gravatar.com\/avatar\/03179346ecce6cdfc13361603e8f54242a90e5cde8618fa23c5c00aa2b0aadf3?s=96&d=mm&r=g","contentUrl":"https:\/\/secure.gravatar.com\/avatar\/03179346ecce6cdfc13361603e8f54242a90e5cde8618fa23c5c00aa2b0aadf3?s=96&d=mm&r=g","caption":"Reda\u00e7\u00e3o"},"sameAs":["https:\/\/noticiaempauta.com\/portal\/"],"url":"https:\/\/noticiaempauta.com\/portal\/author\/fernando\/"}]}},"_links":{"self":[{"href":"https:\/\/noticiaempauta.com\/portal\/wp-json\/wp\/v2\/posts\/280454","targetHints":{"allow":["GET"]}}],"collection":[{"href":"https:\/\/noticiaempauta.com\/portal\/wp-json\/wp\/v2\/posts"}],"about":[{"href":"https:\/\/noticiaempauta.com\/portal\/wp-json\/wp\/v2\/types\/post"}],"author":[{"embeddable":true,"href":"https:\/\/noticiaempauta.com\/portal\/wp-json\/wp\/v2\/users\/2"}],"replies":[{"embeddable":true,"href":"https:\/\/noticiaempauta.com\/portal\/wp-json\/wp\/v2\/comments?post=280454"}],"version-history":[{"count":2,"href":"https:\/\/noticiaempauta.com\/portal\/wp-json\/wp\/v2\/posts\/280454\/revisions"}],"predecessor-version":[{"id":280457,"href":"https:\/\/noticiaempauta.com\/portal\/wp-json\/wp\/v2\/posts\/280454\/revisions\/280457"}],"wp:featuredmedia":[{"embeddable":true,"href":"https:\/\/noticiaempauta.com\/portal\/wp-json\/wp\/v2\/media\/280455"}],"wp:attachment":[{"href":"https:\/\/noticiaempauta.com\/portal\/wp-json\/wp\/v2\/media?parent=280454"}],"wp:term":[{"taxonomy":"category","embeddable":true,"href":"https:\/\/noticiaempauta.com\/portal\/wp-json\/wp\/v2\/categories?post=280454"},{"taxonomy":"post_tag","embeddable":true,"href":"https:\/\/noticiaempauta.com\/portal\/wp-json\/wp\/v2\/tags?post=280454"}],"curies":[{"name":"wp","href":"https:\/\/api.w.org\/{rel}","templated":true}]}}