{"id":280574,"date":"2025-11-13T09:02:04","date_gmt":"2025-11-13T12:02:04","guid":{"rendered":"https:\/\/noticiaempauta.com\/portal\/?p=280574"},"modified":"2025-11-13T09:02:05","modified_gmt":"2025-11-13T12:02:05","slug":"prefeitura-de-picos-apresenta-prestacao-de-contas-das-acoes-realizadas-no-2o-quadrimestre-de-2025","status":"publish","type":"post","link":"https:\/\/noticiaempauta.com\/portal\/prefeitura-de-picos-apresenta-prestacao-de-contas-das-acoes-realizadas-no-2o-quadrimestre-de-2025\/","title":{"rendered":"Prefeitura de Picos apresenta presta\u00e7\u00e3o de contas das a\u00e7\u00f5es realizadas no 2\u00ba quadrimestre de 2025"},"content":{"rendered":"\n<p>A administra\u00e7\u00e3o \u201cReconstruindo Nosso Futuro\u201d, do prefeito de Picos, Dr. Pablo Santos (MDB), realizou nesta quarta-feira (12), mais uma Audi\u00eancia P\u00fablica com o intuito de mostrar transpar\u00eancia em rela\u00e7\u00e3o ao gasto dos recursos p\u00fablicos e as a\u00e7\u00f5es realizadas pelo Poder Executivo Municipal, dessa vez entre os meses de julho e outubro deste ano.<\/p>\n\n\n\n<figure class=\"wp-block-image size-full\"><img fetchpriority=\"high\" decoding=\"async\" width=\"640\" height=\"427\" src=\"https:\/\/noticiaempauta.com\/portal\/wp-content\/uploads\/2025\/11\/CCM_0055-1.jpg\" alt=\"\" class=\"wp-image-280577\" srcset=\"https:\/\/noticiaempauta.com\/portal\/wp-content\/uploads\/2025\/11\/CCM_0055-1.jpg 640w, https:\/\/noticiaempauta.com\/portal\/wp-content\/uploads\/2025\/11\/CCM_0055-1-300x200.jpg 300w\" sizes=\"(max-width: 640px) 100vw, 640px\" \/><\/figure>\n\n\n\n<p>A Audi\u00eancia promovida pela Prefeitura, atrav\u00e9s da Controladoria Geral do Munic\u00edpio, aconteceu no Plen\u00e1rio Vereador Pedro Barbosa da Silva, na C\u00e2mara de Vereadores.<\/p>\n\n\n\n<figure class=\"wp-block-image size-full\"><img decoding=\"async\" width=\"640\" height=\"427\" src=\"https:\/\/noticiaempauta.com\/portal\/wp-content\/uploads\/2025\/11\/CCM_0061-1.jpg\" alt=\"\" class=\"wp-image-280578\" srcset=\"https:\/\/noticiaempauta.com\/portal\/wp-content\/uploads\/2025\/11\/CCM_0061-1.jpg 640w, https:\/\/noticiaempauta.com\/portal\/wp-content\/uploads\/2025\/11\/CCM_0061-1-300x200.jpg 300w\" sizes=\"(max-width: 640px) 100vw, 640px\" \/><\/figure>\n\n\n\n<p>Por quase tr\u00eas horas e meia secret\u00e1rios municipais, funcion\u00e1rios das pastas e do FUMIP (Fundo Municipal de Ilumina\u00e7\u00e3o P\u00fablica), se revezaram na Tribuna para garantir a popula\u00e7\u00e3o o acesso a como os recursos p\u00fablicos est\u00e3o sendo utilizados e quais pol\u00edticas p\u00fablicas est\u00e3o sendo executadas.<\/p>\n\n\n\n<figure class=\"wp-block-image size-full\"><img decoding=\"async\" width=\"640\" height=\"427\" src=\"https:\/\/noticiaempauta.com\/portal\/wp-content\/uploads\/2025\/11\/CCM_0064-1.jpg\" alt=\"\" class=\"wp-image-280575\" srcset=\"https:\/\/noticiaempauta.com\/portal\/wp-content\/uploads\/2025\/11\/CCM_0064-1.jpg 640w, https:\/\/noticiaempauta.com\/portal\/wp-content\/uploads\/2025\/11\/CCM_0064-1-300x200.jpg 300w\" sizes=\"(max-width: 640px) 100vw, 640px\" \/><\/figure>\n\n\n\n<p>\u201cEssa foi uma Audi\u00eancia P\u00fablica de apresenta\u00e7\u00e3o do cumprimento de metas fiscais do 2\u00ba quadrimestre desse ano de 2025 realizada conforme estabelece a Le de Responsabilidade Fiscal\u201d, explicou a Controladora Geral do Munic\u00edpio, Joyce Wenzel.<\/p>\n\n\n\n<figure class=\"wp-block-image size-full\"><img loading=\"lazy\" decoding=\"async\" width=\"640\" height=\"427\" src=\"https:\/\/noticiaempauta.com\/portal\/wp-content\/uploads\/2025\/11\/CCM_0030.jpg\" alt=\"\" class=\"wp-image-280580\" srcset=\"https:\/\/noticiaempauta.com\/portal\/wp-content\/uploads\/2025\/11\/CCM_0030.jpg 640w, https:\/\/noticiaempauta.com\/portal\/wp-content\/uploads\/2025\/11\/CCM_0030-300x200.jpg 300w\" sizes=\"(max-width: 640px) 100vw, 640px\" \/><\/figure>\n\n\n\n<p>Tamb\u00e9m participaram da Audi\u00eancia vereadores, representantes de entidades, membros de Associa\u00e7\u00f5es de Moradores, de Conselhos Comunit\u00e1rios e a imprensa.<\/p>\n\n\n\n<figure class=\"wp-block-image size-full\"><img loading=\"lazy\" decoding=\"async\" width=\"640\" height=\"427\" src=\"https:\/\/noticiaempauta.com\/portal\/wp-content\/uploads\/2025\/11\/CCM_0041.jpg\" alt=\"\" class=\"wp-image-280579\" srcset=\"https:\/\/noticiaempauta.com\/portal\/wp-content\/uploads\/2025\/11\/CCM_0041.jpg 640w, https:\/\/noticiaempauta.com\/portal\/wp-content\/uploads\/2025\/11\/CCM_0041-300x200.jpg 300w\" sizes=\"(max-width: 640px) 100vw, 640px\" \/><\/figure>\n\n\n\n<p>\u201cEssa Audi\u00eancia \u00e9 um instrumento essencial de transpar\u00eancia e controle social em que o Poder Executivo apresentou de forma clara e objetiva os dados fiscais e os resultados alcan\u00e7ados na gest\u00e3o dos recursos p\u00fablicos\u201d, pontuou a Controladora do munic\u00edpio.<\/p>\n\n\n\n<figure class=\"wp-block-image size-full\"><img loading=\"lazy\" decoding=\"async\" width=\"640\" height=\"427\" src=\"https:\/\/noticiaempauta.com\/portal\/wp-content\/uploads\/2025\/11\/CCM_0031.jpg\" alt=\"\" class=\"wp-image-280581\" srcset=\"https:\/\/noticiaempauta.com\/portal\/wp-content\/uploads\/2025\/11\/CCM_0031.jpg 640w, https:\/\/noticiaempauta.com\/portal\/wp-content\/uploads\/2025\/11\/CCM_0031-300x200.jpg 300w\" sizes=\"(max-width: 640px) 100vw, 640px\" \/><\/figure>\n\n\n\n<p>O assessor cont\u00e1bil da Prefeitura de Picos, Igor Barros, frisou que essa Audi\u00eancia P\u00fablica \u00e9 um compromisso onde a atual gest\u00e3o mostrou que todas suas a\u00e7\u00f5es est\u00e3o sendo bem divulgadas, de forma transparente, deixando a popula\u00e7\u00e3o ciente no que est\u00e1 sendo feito tanto no que diz respeito a administra\u00e7\u00e3o quanto a investimentos.<\/p>\n\n\n\n<figure class=\"wp-block-image size-full\"><img loading=\"lazy\" decoding=\"async\" width=\"640\" height=\"427\" src=\"https:\/\/noticiaempauta.com\/portal\/wp-content\/uploads\/2025\/11\/CCM_0058.jpg\" alt=\"\" class=\"wp-image-280582\" srcset=\"https:\/\/noticiaempauta.com\/portal\/wp-content\/uploads\/2025\/11\/CCM_0058.jpg 640w, https:\/\/noticiaempauta.com\/portal\/wp-content\/uploads\/2025\/11\/CCM_0058-300x200.jpg 300w\" sizes=\"(max-width: 640px) 100vw, 640px\" \/><\/figure>\n\n\n\n<p>\u201cTemos a obriga\u00e7\u00e3o de fazer essa Audi\u00eancias a cada quatro meses fechando com tr\u00eas Audi\u00eancias anuais, ent\u00e3o a pr\u00f3xima ser\u00e1 em fevereiro do ano que vem com o fechamento do exerc\u00edcio 2025\u201d, finalizou Igor Barros.<\/p>\n\n\n\n<p>SECOM<\/p>\n","protected":false},"excerpt":{"rendered":"<p>A administra\u00e7\u00e3o \u201cReconstruindo Nosso Futuro\u201d, do prefeito de Picos, Dr. Pablo Santos (MDB), realizou nesta quarta-feira (12), mais uma Audi\u00eancia P\u00fablica com o intuito de mostrar transpar\u00eancia em rela\u00e7\u00e3o ao gasto dos recursos p\u00fablicos e as a\u00e7\u00f5es realizadas pelo Poder Executivo Municipal, dessa vez entre os meses de julho e outubro deste ano. A Audi\u00eancia [&hellip;]<\/p>\n","protected":false},"author":2,"featured_media":280576,"comment_status":"open","ping_status":"open","sticky":false,"template":"","format":"standard","meta":{"_mi_skip_tracking":false,"footnotes":""},"categories":[25,1,16],"tags":[],"class_list":["post-280574","post","type-post","status-publish","format-standard","has-post-thumbnail","hentry","category-destaques-site","category-geral","category-todas"],"acf":[],"yoast_head":"<!-- This site is optimized with the Yoast SEO Premium plugin v19.2 (Yoast SEO v26.9) - https:\/\/yoast.com\/product\/yoast-seo-premium-wordpress\/ -->\n<title>Prefeitura de Picos apresenta presta\u00e7\u00e3o de contas das a\u00e7\u00f5es realizadas no 2\u00ba quadrimestre de 2025 - Portal Not\u00edcia em Pauta<\/title>\n<meta name=\"robots\" content=\"index, follow, max-snippet:-1, max-image-preview:large, max-video-preview:-1\" \/>\n<link rel=\"canonical\" href=\"https:\/\/noticiaempauta.com\/portal\/prefeitura-de-picos-apresenta-prestacao-de-contas-das-acoes-realizadas-no-2o-quadrimestre-de-2025\/\" \/>\n<meta property=\"og:locale\" content=\"pt_BR\" \/>\n<meta property=\"og:type\" content=\"article\" \/>\n<meta property=\"og:title\" content=\"Prefeitura de Picos apresenta presta\u00e7\u00e3o de contas das a\u00e7\u00f5es realizadas no 2\u00ba quadrimestre de 2025\" \/>\n<meta property=\"og:description\" content=\"A administra\u00e7\u00e3o \u201cReconstruindo Nosso Futuro\u201d, do prefeito de Picos, Dr. Pablo Santos (MDB), realizou nesta quarta-feira (12), mais uma Audi\u00eancia P\u00fablica com o intuito de mostrar transpar\u00eancia em rela\u00e7\u00e3o ao gasto dos recursos p\u00fablicos e as a\u00e7\u00f5es realizadas pelo Poder Executivo Municipal, dessa vez entre os meses de julho e outubro deste ano. A Audi\u00eancia [&hellip;]\" \/>\n<meta property=\"og:url\" content=\"https:\/\/noticiaempauta.com\/portal\/prefeitura-de-picos-apresenta-prestacao-de-contas-das-acoes-realizadas-no-2o-quadrimestre-de-2025\/\" \/>\n<meta property=\"og:site_name\" content=\"Portal Not\u00edcia em Pauta\" \/>\n<meta property=\"article:publisher\" content=\"https:\/\/www.facebook.com\/Portal-Notcia-Em-Pauta-102292869264820\/\" \/>\n<meta property=\"article:published_time\" content=\"2025-11-13T12:02:04+00:00\" \/>\n<meta property=\"article:modified_time\" content=\"2025-11-13T12:02:05+00:00\" \/>\n<meta property=\"og:image\" content=\"https:\/\/noticiaempauta.com\/portal\/wp-content\/uploads\/2025\/11\/CCM_0055.jpg\" \/>\n\t<meta property=\"og:image:width\" content=\"640\" \/>\n\t<meta property=\"og:image:height\" content=\"427\" \/>\n\t<meta property=\"og:image:type\" content=\"image\/jpeg\" \/>\n<meta name=\"author\" content=\"Reda\u00e7\u00e3o\" \/>\n<meta name=\"twitter:card\" content=\"summary_large_image\" \/>\n<meta name=\"twitter:label1\" content=\"Escrito por\" \/>\n\t<meta name=\"twitter:data1\" content=\"Reda\u00e7\u00e3o\" \/>\n\t<meta name=\"twitter:label2\" content=\"Est. tempo de leitura\" \/>\n\t<meta name=\"twitter:data2\" content=\"4 minutos\" \/>\n<script type=\"application\/ld+json\" class=\"yoast-schema-graph\">{\"@context\":\"https:\/\/schema.org\",\"@graph\":[{\"@type\":\"Article\",\"@id\":\"https:\/\/noticiaempauta.com\/portal\/prefeitura-de-picos-apresenta-prestacao-de-contas-das-acoes-realizadas-no-2o-quadrimestre-de-2025\/#article\",\"isPartOf\":{\"@id\":\"https:\/\/noticiaempauta.com\/portal\/prefeitura-de-picos-apresenta-prestacao-de-contas-das-acoes-realizadas-no-2o-quadrimestre-de-2025\/\"},\"author\":{\"name\":\"Reda\u00e7\u00e3o\",\"@id\":\"https:\/\/noticiaempauta.com\/portal\/#\/schema\/person\/a74af43dd1ab3deca45f988c717d57ac\"},\"headline\":\"Prefeitura de Picos apresenta presta\u00e7\u00e3o de contas das a\u00e7\u00f5es realizadas no 2\u00ba quadrimestre de 2025\",\"datePublished\":\"2025-11-13T12:02:04+00:00\",\"dateModified\":\"2025-11-13T12:02:05+00:00\",\"mainEntityOfPage\":{\"@id\":\"https:\/\/noticiaempauta.com\/portal\/prefeitura-de-picos-apresenta-prestacao-de-contas-das-acoes-realizadas-no-2o-quadrimestre-de-2025\/\"},\"wordCount\":362,\"commentCount\":0,\"publisher\":{\"@id\":\"https:\/\/noticiaempauta.com\/portal\/#organization\"},\"image\":{\"@id\":\"https:\/\/noticiaempauta.com\/portal\/prefeitura-de-picos-apresenta-prestacao-de-contas-das-acoes-realizadas-no-2o-quadrimestre-de-2025\/#primaryimage\"},\"thumbnailUrl\":\"https:\/\/noticiaempauta.com\/portal\/wp-content\/uploads\/2025\/11\/CCM_0055.jpg\",\"articleSection\":[\"Destaques\",\"Geral\",\"Todas as Not\u00edcias\"],\"inLanguage\":\"pt-BR\",\"potentialAction\":[{\"@type\":\"CommentAction\",\"name\":\"Comment\",\"target\":[\"https:\/\/noticiaempauta.com\/portal\/prefeitura-de-picos-apresenta-prestacao-de-contas-das-acoes-realizadas-no-2o-quadrimestre-de-2025\/#respond\"]}]},{\"@type\":\"WebPage\",\"@id\":\"https:\/\/noticiaempauta.com\/portal\/prefeitura-de-picos-apresenta-prestacao-de-contas-das-acoes-realizadas-no-2o-quadrimestre-de-2025\/\",\"url\":\"https:\/\/noticiaempauta.com\/portal\/prefeitura-de-picos-apresenta-prestacao-de-contas-das-acoes-realizadas-no-2o-quadrimestre-de-2025\/\",\"name\":\"Prefeitura de Picos apresenta presta\u00e7\u00e3o de contas das a\u00e7\u00f5es realizadas no 2\u00ba quadrimestre de 2025 - Portal Not\u00edcia em Pauta\",\"isPartOf\":{\"@id\":\"https:\/\/noticiaempauta.com\/portal\/#website\"},\"primaryImageOfPage\":{\"@id\":\"https:\/\/noticiaempauta.com\/portal\/prefeitura-de-picos-apresenta-prestacao-de-contas-das-acoes-realizadas-no-2o-quadrimestre-de-2025\/#primaryimage\"},\"image\":{\"@id\":\"https:\/\/noticiaempauta.com\/portal\/prefeitura-de-picos-apresenta-prestacao-de-contas-das-acoes-realizadas-no-2o-quadrimestre-de-2025\/#primaryimage\"},\"thumbnailUrl\":\"https:\/\/noticiaempauta.com\/portal\/wp-content\/uploads\/2025\/11\/CCM_0055.jpg\",\"datePublished\":\"2025-11-13T12:02:04+00:00\",\"dateModified\":\"2025-11-13T12:02:05+00:00\",\"breadcrumb\":{\"@id\":\"https:\/\/noticiaempauta.com\/portal\/prefeitura-de-picos-apresenta-prestacao-de-contas-das-acoes-realizadas-no-2o-quadrimestre-de-2025\/#breadcrumb\"},\"inLanguage\":\"pt-BR\",\"potentialAction\":[{\"@type\":\"ReadAction\",\"target\":[\"https:\/\/noticiaempauta.com\/portal\/prefeitura-de-picos-apresenta-prestacao-de-contas-das-acoes-realizadas-no-2o-quadrimestre-de-2025\/\"]}]},{\"@type\":\"ImageObject\",\"inLanguage\":\"pt-BR\",\"@id\":\"https:\/\/noticiaempauta.com\/portal\/prefeitura-de-picos-apresenta-prestacao-de-contas-das-acoes-realizadas-no-2o-quadrimestre-de-2025\/#primaryimage\",\"url\":\"https:\/\/noticiaempauta.com\/portal\/wp-content\/uploads\/2025\/11\/CCM_0055.jpg\",\"contentUrl\":\"https:\/\/noticiaempauta.com\/portal\/wp-content\/uploads\/2025\/11\/CCM_0055.jpg\",\"width\":640,\"height\":427},{\"@type\":\"BreadcrumbList\",\"@id\":\"https:\/\/noticiaempauta.com\/portal\/prefeitura-de-picos-apresenta-prestacao-de-contas-das-acoes-realizadas-no-2o-quadrimestre-de-2025\/#breadcrumb\",\"itemListElement\":[{\"@type\":\"ListItem\",\"position\":1,\"name\":\"P\u00e1gina Inicial\",\"item\":\"https:\/\/noticiaempauta.com\/portal\/\"},{\"@type\":\"ListItem\",\"position\":2,\"name\":\"Destaques\",\"item\":\"https:\/\/noticiaempauta.com\/portal\/destaques-site\/\"},{\"@type\":\"ListItem\",\"position\":3,\"name\":\"Prefeitura de Picos apresenta presta\u00e7\u00e3o de contas das a\u00e7\u00f5es realizadas no 2\u00ba quadrimestre de 2025\"}]},{\"@type\":\"WebSite\",\"@id\":\"https:\/\/noticiaempauta.com\/portal\/#website\",\"url\":\"https:\/\/noticiaempauta.com\/portal\/\",\"name\":\"Portal Not\u00edcia em Pauta\",\"description\":\"Voc\u00ea bem informado\",\"publisher\":{\"@id\":\"https:\/\/noticiaempauta.com\/portal\/#organization\"},\"potentialAction\":[{\"@type\":\"SearchAction\",\"target\":{\"@type\":\"EntryPoint\",\"urlTemplate\":\"https:\/\/noticiaempauta.com\/portal\/?s={search_term_string}\"},\"query-input\":{\"@type\":\"PropertyValueSpecification\",\"valueRequired\":true,\"valueName\":\"search_term_string\"}}],\"inLanguage\":\"pt-BR\"},{\"@type\":\"Organization\",\"@id\":\"https:\/\/noticiaempauta.com\/portal\/#organization\",\"name\":\"Portal Not\u00edcia em Pauta\",\"url\":\"https:\/\/noticiaempauta.com\/portal\/\",\"logo\":{\"@type\":\"ImageObject\",\"inLanguage\":\"pt-BR\",\"@id\":\"https:\/\/noticiaempauta.com\/portal\/#\/schema\/logo\/image\/\",\"url\":\"https:\/\/noticiaempauta.com\/portal\/wp-content\/uploads\/2022\/08\/logomarca_tema.fw_.png\",\"contentUrl\":\"https:\/\/noticiaempauta.com\/portal\/wp-content\/uploads\/2022\/08\/logomarca_tema.fw_.png\",\"width\":400,\"height\":232,\"caption\":\"Portal Not\u00edcia em Pauta\"},\"image\":{\"@id\":\"https:\/\/noticiaempauta.com\/portal\/#\/schema\/logo\/image\/\"},\"sameAs\":[\"https:\/\/www.facebook.com\/Portal-Notcia-Em-Pauta-102292869264820\/\",\"https:\/\/www.instagram.com\/portalnoticiaempauta\/\"]},{\"@type\":\"Person\",\"@id\":\"https:\/\/noticiaempauta.com\/portal\/#\/schema\/person\/a74af43dd1ab3deca45f988c717d57ac\",\"name\":\"Reda\u00e7\u00e3o\",\"image\":{\"@type\":\"ImageObject\",\"inLanguage\":\"pt-BR\",\"@id\":\"https:\/\/noticiaempauta.com\/portal\/#\/schema\/person\/image\/\",\"url\":\"https:\/\/secure.gravatar.com\/avatar\/03179346ecce6cdfc13361603e8f54242a90e5cde8618fa23c5c00aa2b0aadf3?s=96&d=mm&r=g\",\"contentUrl\":\"https:\/\/secure.gravatar.com\/avatar\/03179346ecce6cdfc13361603e8f54242a90e5cde8618fa23c5c00aa2b0aadf3?s=96&d=mm&r=g\",\"caption\":\"Reda\u00e7\u00e3o\"},\"sameAs\":[\"https:\/\/noticiaempauta.com\/portal\/\"],\"url\":\"https:\/\/noticiaempauta.com\/portal\/author\/fernando\/\"}]}<\/script>\n<!-- \/ Yoast SEO Premium plugin. -->","yoast_head_json":{"title":"Prefeitura de Picos apresenta presta\u00e7\u00e3o de contas das a\u00e7\u00f5es realizadas no 2\u00ba quadrimestre de 2025 - Portal Not\u00edcia em Pauta","robots":{"index":"index","follow":"follow","max-snippet":"max-snippet:-1","max-image-preview":"max-image-preview:large","max-video-preview":"max-video-preview:-1"},"canonical":"https:\/\/noticiaempauta.com\/portal\/prefeitura-de-picos-apresenta-prestacao-de-contas-das-acoes-realizadas-no-2o-quadrimestre-de-2025\/","og_locale":"pt_BR","og_type":"article","og_title":"Prefeitura de Picos apresenta presta\u00e7\u00e3o de contas das a\u00e7\u00f5es realizadas no 2\u00ba quadrimestre de 2025","og_description":"A administra\u00e7\u00e3o \u201cReconstruindo Nosso Futuro\u201d, do prefeito de Picos, Dr. Pablo Santos (MDB), realizou nesta quarta-feira (12), mais uma Audi\u00eancia P\u00fablica com o intuito de mostrar transpar\u00eancia em rela\u00e7\u00e3o ao gasto dos recursos p\u00fablicos e as a\u00e7\u00f5es realizadas pelo Poder Executivo Municipal, dessa vez entre os meses de julho e outubro deste ano. A Audi\u00eancia [&hellip;]","og_url":"https:\/\/noticiaempauta.com\/portal\/prefeitura-de-picos-apresenta-prestacao-de-contas-das-acoes-realizadas-no-2o-quadrimestre-de-2025\/","og_site_name":"Portal Not\u00edcia em Pauta","article_publisher":"https:\/\/www.facebook.com\/Portal-Notcia-Em-Pauta-102292869264820\/","article_published_time":"2025-11-13T12:02:04+00:00","article_modified_time":"2025-11-13T12:02:05+00:00","og_image":[{"width":640,"height":427,"url":"https:\/\/noticiaempauta.com\/portal\/wp-content\/uploads\/2025\/11\/CCM_0055.jpg","type":"image\/jpeg"}],"author":"Reda\u00e7\u00e3o","twitter_card":"summary_large_image","twitter_misc":{"Escrito por":"Reda\u00e7\u00e3o","Est. tempo de leitura":"4 minutos"},"schema":{"@context":"https:\/\/schema.org","@graph":[{"@type":"Article","@id":"https:\/\/noticiaempauta.com\/portal\/prefeitura-de-picos-apresenta-prestacao-de-contas-das-acoes-realizadas-no-2o-quadrimestre-de-2025\/#article","isPartOf":{"@id":"https:\/\/noticiaempauta.com\/portal\/prefeitura-de-picos-apresenta-prestacao-de-contas-das-acoes-realizadas-no-2o-quadrimestre-de-2025\/"},"author":{"name":"Reda\u00e7\u00e3o","@id":"https:\/\/noticiaempauta.com\/portal\/#\/schema\/person\/a74af43dd1ab3deca45f988c717d57ac"},"headline":"Prefeitura de Picos apresenta presta\u00e7\u00e3o de contas das a\u00e7\u00f5es realizadas no 2\u00ba quadrimestre de 2025","datePublished":"2025-11-13T12:02:04+00:00","dateModified":"2025-11-13T12:02:05+00:00","mainEntityOfPage":{"@id":"https:\/\/noticiaempauta.com\/portal\/prefeitura-de-picos-apresenta-prestacao-de-contas-das-acoes-realizadas-no-2o-quadrimestre-de-2025\/"},"wordCount":362,"commentCount":0,"publisher":{"@id":"https:\/\/noticiaempauta.com\/portal\/#organization"},"image":{"@id":"https:\/\/noticiaempauta.com\/portal\/prefeitura-de-picos-apresenta-prestacao-de-contas-das-acoes-realizadas-no-2o-quadrimestre-de-2025\/#primaryimage"},"thumbnailUrl":"https:\/\/noticiaempauta.com\/portal\/wp-content\/uploads\/2025\/11\/CCM_0055.jpg","articleSection":["Destaques","Geral","Todas as Not\u00edcias"],"inLanguage":"pt-BR","potentialAction":[{"@type":"CommentAction","name":"Comment","target":["https:\/\/noticiaempauta.com\/portal\/prefeitura-de-picos-apresenta-prestacao-de-contas-das-acoes-realizadas-no-2o-quadrimestre-de-2025\/#respond"]}]},{"@type":"WebPage","@id":"https:\/\/noticiaempauta.com\/portal\/prefeitura-de-picos-apresenta-prestacao-de-contas-das-acoes-realizadas-no-2o-quadrimestre-de-2025\/","url":"https:\/\/noticiaempauta.com\/portal\/prefeitura-de-picos-apresenta-prestacao-de-contas-das-acoes-realizadas-no-2o-quadrimestre-de-2025\/","name":"Prefeitura de Picos apresenta presta\u00e7\u00e3o de contas das a\u00e7\u00f5es realizadas no 2\u00ba quadrimestre de 2025 - Portal Not\u00edcia em Pauta","isPartOf":{"@id":"https:\/\/noticiaempauta.com\/portal\/#website"},"primaryImageOfPage":{"@id":"https:\/\/noticiaempauta.com\/portal\/prefeitura-de-picos-apresenta-prestacao-de-contas-das-acoes-realizadas-no-2o-quadrimestre-de-2025\/#primaryimage"},"image":{"@id":"https:\/\/noticiaempauta.com\/portal\/prefeitura-de-picos-apresenta-prestacao-de-contas-das-acoes-realizadas-no-2o-quadrimestre-de-2025\/#primaryimage"},"thumbnailUrl":"https:\/\/noticiaempauta.com\/portal\/wp-content\/uploads\/2025\/11\/CCM_0055.jpg","datePublished":"2025-11-13T12:02:04+00:00","dateModified":"2025-11-13T12:02:05+00:00","breadcrumb":{"@id":"https:\/\/noticiaempauta.com\/portal\/prefeitura-de-picos-apresenta-prestacao-de-contas-das-acoes-realizadas-no-2o-quadrimestre-de-2025\/#breadcrumb"},"inLanguage":"pt-BR","potentialAction":[{"@type":"ReadAction","target":["https:\/\/noticiaempauta.com\/portal\/prefeitura-de-picos-apresenta-prestacao-de-contas-das-acoes-realizadas-no-2o-quadrimestre-de-2025\/"]}]},{"@type":"ImageObject","inLanguage":"pt-BR","@id":"https:\/\/noticiaempauta.com\/portal\/prefeitura-de-picos-apresenta-prestacao-de-contas-das-acoes-realizadas-no-2o-quadrimestre-de-2025\/#primaryimage","url":"https:\/\/noticiaempauta.com\/portal\/wp-content\/uploads\/2025\/11\/CCM_0055.jpg","contentUrl":"https:\/\/noticiaempauta.com\/portal\/wp-content\/uploads\/2025\/11\/CCM_0055.jpg","width":640,"height":427},{"@type":"BreadcrumbList","@id":"https:\/\/noticiaempauta.com\/portal\/prefeitura-de-picos-apresenta-prestacao-de-contas-das-acoes-realizadas-no-2o-quadrimestre-de-2025\/#breadcrumb","itemListElement":[{"@type":"ListItem","position":1,"name":"P\u00e1gina Inicial","item":"https:\/\/noticiaempauta.com\/portal\/"},{"@type":"ListItem","position":2,"name":"Destaques","item":"https:\/\/noticiaempauta.com\/portal\/destaques-site\/"},{"@type":"ListItem","position":3,"name":"Prefeitura de Picos apresenta presta\u00e7\u00e3o de contas das a\u00e7\u00f5es realizadas no 2\u00ba quadrimestre de 2025"}]},{"@type":"WebSite","@id":"https:\/\/noticiaempauta.com\/portal\/#website","url":"https:\/\/noticiaempauta.com\/portal\/","name":"Portal Not\u00edcia em Pauta","description":"Voc\u00ea bem informado","publisher":{"@id":"https:\/\/noticiaempauta.com\/portal\/#organization"},"potentialAction":[{"@type":"SearchAction","target":{"@type":"EntryPoint","urlTemplate":"https:\/\/noticiaempauta.com\/portal\/?s={search_term_string}"},"query-input":{"@type":"PropertyValueSpecification","valueRequired":true,"valueName":"search_term_string"}}],"inLanguage":"pt-BR"},{"@type":"Organization","@id":"https:\/\/noticiaempauta.com\/portal\/#organization","name":"Portal Not\u00edcia em Pauta","url":"https:\/\/noticiaempauta.com\/portal\/","logo":{"@type":"ImageObject","inLanguage":"pt-BR","@id":"https:\/\/noticiaempauta.com\/portal\/#\/schema\/logo\/image\/","url":"https:\/\/noticiaempauta.com\/portal\/wp-content\/uploads\/2022\/08\/logomarca_tema.fw_.png","contentUrl":"https:\/\/noticiaempauta.com\/portal\/wp-content\/uploads\/2022\/08\/logomarca_tema.fw_.png","width":400,"height":232,"caption":"Portal Not\u00edcia em Pauta"},"image":{"@id":"https:\/\/noticiaempauta.com\/portal\/#\/schema\/logo\/image\/"},"sameAs":["https:\/\/www.facebook.com\/Portal-Notcia-Em-Pauta-102292869264820\/","https:\/\/www.instagram.com\/portalnoticiaempauta\/"]},{"@type":"Person","@id":"https:\/\/noticiaempauta.com\/portal\/#\/schema\/person\/a74af43dd1ab3deca45f988c717d57ac","name":"Reda\u00e7\u00e3o","image":{"@type":"ImageObject","inLanguage":"pt-BR","@id":"https:\/\/noticiaempauta.com\/portal\/#\/schema\/person\/image\/","url":"https:\/\/secure.gravatar.com\/avatar\/03179346ecce6cdfc13361603e8f54242a90e5cde8618fa23c5c00aa2b0aadf3?s=96&d=mm&r=g","contentUrl":"https:\/\/secure.gravatar.com\/avatar\/03179346ecce6cdfc13361603e8f54242a90e5cde8618fa23c5c00aa2b0aadf3?s=96&d=mm&r=g","caption":"Reda\u00e7\u00e3o"},"sameAs":["https:\/\/noticiaempauta.com\/portal\/"],"url":"https:\/\/noticiaempauta.com\/portal\/author\/fernando\/"}]}},"_links":{"self":[{"href":"https:\/\/noticiaempauta.com\/portal\/wp-json\/wp\/v2\/posts\/280574","targetHints":{"allow":["GET"]}}],"collection":[{"href":"https:\/\/noticiaempauta.com\/portal\/wp-json\/wp\/v2\/posts"}],"about":[{"href":"https:\/\/noticiaempauta.com\/portal\/wp-json\/wp\/v2\/types\/post"}],"author":[{"embeddable":true,"href":"https:\/\/noticiaempauta.com\/portal\/wp-json\/wp\/v2\/users\/2"}],"replies":[{"embeddable":true,"href":"https:\/\/noticiaempauta.com\/portal\/wp-json\/wp\/v2\/comments?post=280574"}],"version-history":[{"count":2,"href":"https:\/\/noticiaempauta.com\/portal\/wp-json\/wp\/v2\/posts\/280574\/revisions"}],"predecessor-version":[{"id":280584,"href":"https:\/\/noticiaempauta.com\/portal\/wp-json\/wp\/v2\/posts\/280574\/revisions\/280584"}],"wp:featuredmedia":[{"embeddable":true,"href":"https:\/\/noticiaempauta.com\/portal\/wp-json\/wp\/v2\/media\/280576"}],"wp:attachment":[{"href":"https:\/\/noticiaempauta.com\/portal\/wp-json\/wp\/v2\/media?parent=280574"}],"wp:term":[{"taxonomy":"category","embeddable":true,"href":"https:\/\/noticiaempauta.com\/portal\/wp-json\/wp\/v2\/categories?post=280574"},{"taxonomy":"post_tag","embeddable":true,"href":"https:\/\/noticiaempauta.com\/portal\/wp-json\/wp\/v2\/tags?post=280574"}],"curies":[{"name":"wp","href":"https:\/\/api.w.org\/{rel}","templated":true}]}}