{"id":280600,"date":"2025-11-13T11:55:59","date_gmt":"2025-11-13T14:55:59","guid":{"rendered":"https:\/\/noticiaempauta.com\/portal\/?p=280600"},"modified":"2025-11-13T12:08:46","modified_gmt":"2025-11-13T15:08:46","slug":"prefeitura-de-massape-do-piaui-inicia-campanha-novembro-azul-com-foco-na-prevencao-e-cuidados-com-a-saude-do-homem","status":"publish","type":"post","link":"https:\/\/noticiaempauta.com\/portal\/prefeitura-de-massape-do-piaui-inicia-campanha-novembro-azul-com-foco-na-prevencao-e-cuidados-com-a-saude-do-homem\/","title":{"rendered":"Prefeitura de Massap\u00ea do Piau\u00ed inicia campanha Novembro Azul com foco na preven\u00e7\u00e3o e cuidados com a sa\u00fade do homem"},"content":{"rendered":"\n<p>A Prefeitura de Massap\u00ea do Piau\u00ed, por meio da Secretaria Municipal de Sa\u00fade e total apoio do prefeito Wilton Coutinho, inicia nesta quinta-feira, 13 de novembro, \u00e0s atividades da campanha Novembro Azul, m\u00eas dedicado \u00e0 preven\u00e7\u00e3o e aos cuidados com a sa\u00fade do homem. Durante todo o m\u00eas, ser\u00e3o realizadas diversas a\u00e7\u00f5es nas unidades de Estrat\u00e9gia de Sa\u00fade da Fam\u00edlia (ESF) do munic\u00edpio.<\/p>\n\n\n\n<figure class=\"wp-block-image size-large\"><img fetchpriority=\"high\" decoding=\"async\" width=\"1024\" height=\"700\" src=\"https:\/\/noticiaempauta.com\/portal\/wp-content\/uploads\/2025\/11\/Novembro-Azul-1-1024x700.jpg\" alt=\"\" class=\"wp-image-280602\" srcset=\"https:\/\/noticiaempauta.com\/portal\/wp-content\/uploads\/2025\/11\/Novembro-Azul-1-1024x700.jpg 1024w, https:\/\/noticiaempauta.com\/portal\/wp-content\/uploads\/2025\/11\/Novembro-Azul-1-300x205.jpg 300w, https:\/\/noticiaempauta.com\/portal\/wp-content\/uploads\/2025\/11\/Novembro-Azul-1-768x525.jpg 768w, https:\/\/noticiaempauta.com\/portal\/wp-content\/uploads\/2025\/11\/Novembro-Azul-1.jpg 1463w\" sizes=\"(max-width: 1024px) 100vw, 1024px\" \/><\/figure>\n\n\n\n<p>A programa\u00e7\u00e3o inclui palestras educativas com profissionais de sa\u00fade, testes r\u00e1pidos, aferi\u00e7\u00e3o de press\u00e3o arterial, avalia\u00e7\u00e3o antropom\u00e9trica e coleta de PSA, exame utilizado na preven\u00e7\u00e3o e diagn\u00f3stico precoce do c\u00e2ncer de pr\u00f3stata. As atividades t\u00eam como p\u00fablico-alvo principal homens a partir dos 50 anos, grupo mais suscet\u00edvel \u00e0 doen\u00e7a.<\/p>\n\n\n\n<p>O objetivo \u00e9 incentivar o autocuidado e quebrar tabus que ainda cercam o tema. O Novembro Azul \u00e9 uma oportunidade para refor\u00e7ar a import\u00e2ncia da preven\u00e7\u00e3o e estimular os homens a procurarem os servi\u00e7os de sa\u00fade.<\/p>\n\n\n\n<p>A campanha segue durante todo o m\u00eas, com a\u00e7\u00f5es em diferentes localidades de Massap\u00ea do Piau\u00ed.<\/p>\n\n\n\n<figure class=\"wp-block-image size-large\"><img decoding=\"async\" width=\"841\" height=\"1024\" src=\"https:\/\/noticiaempauta.com\/portal\/wp-content\/uploads\/2025\/11\/22301-841x1024.jpg\" alt=\"\" class=\"wp-image-280601\" srcset=\"https:\/\/noticiaempauta.com\/portal\/wp-content\/uploads\/2025\/11\/22301-841x1024.jpg 841w, https:\/\/noticiaempauta.com\/portal\/wp-content\/uploads\/2025\/11\/22301-246x300.jpg 246w, https:\/\/noticiaempauta.com\/portal\/wp-content\/uploads\/2025\/11\/22301-768x936.jpg 768w, https:\/\/noticiaempauta.com\/portal\/wp-content\/uploads\/2025\/11\/22301.jpg 985w\" sizes=\"(max-width: 841px) 100vw, 841px\" \/><\/figure>\n\n\n\n<p>Fonte: Folha Atual<\/p>\n","protected":false},"excerpt":{"rendered":"<p>A Prefeitura de Massap\u00ea do Piau\u00ed, por meio da Secretaria Municipal de Sa\u00fade e total apoio do prefeito Wilton Coutinho, inicia nesta quinta-feira, 13 de novembro, \u00e0s atividades da campanha Novembro Azul, m\u00eas dedicado \u00e0 preven\u00e7\u00e3o e aos cuidados com a sa\u00fade do homem. Durante todo o m\u00eas, ser\u00e3o realizadas diversas a\u00e7\u00f5es nas unidades de [&hellip;]<\/p>\n","protected":false},"author":2,"featured_media":280602,"comment_status":"open","ping_status":"open","sticky":false,"template":"","format":"standard","meta":{"_mi_skip_tracking":false,"footnotes":""},"categories":[25,9,5,16],"tags":[],"class_list":["post-280600","post","type-post","status-publish","format-standard","has-post-thumbnail","hentry","category-destaques-site","category-municipios","category-saude","category-todas"],"acf":[],"yoast_head":"<!-- This site is optimized with the Yoast SEO Premium plugin v19.2 (Yoast SEO v26.9) - https:\/\/yoast.com\/product\/yoast-seo-premium-wordpress\/ -->\n<title>Prefeitura de Massap\u00ea do Piau\u00ed inicia campanha Novembro Azul com foco na preven\u00e7\u00e3o e cuidados com a sa\u00fade do homem - Portal Not\u00edcia em Pauta<\/title>\n<meta name=\"robots\" content=\"index, follow, max-snippet:-1, max-image-preview:large, max-video-preview:-1\" \/>\n<link rel=\"canonical\" href=\"https:\/\/noticiaempauta.com\/portal\/prefeitura-de-massape-do-piaui-inicia-campanha-novembro-azul-com-foco-na-prevencao-e-cuidados-com-a-saude-do-homem\/\" \/>\n<meta property=\"og:locale\" content=\"pt_BR\" \/>\n<meta property=\"og:type\" content=\"article\" \/>\n<meta property=\"og:title\" content=\"Prefeitura de Massap\u00ea do Piau\u00ed inicia campanha Novembro Azul com foco na preven\u00e7\u00e3o e cuidados com a sa\u00fade do homem\" \/>\n<meta property=\"og:description\" content=\"A Prefeitura de Massap\u00ea do Piau\u00ed, por meio da Secretaria Municipal de Sa\u00fade e total apoio do prefeito Wilton Coutinho, inicia nesta quinta-feira, 13 de novembro, \u00e0s atividades da campanha Novembro Azul, m\u00eas dedicado \u00e0 preven\u00e7\u00e3o e aos cuidados com a sa\u00fade do homem. Durante todo o m\u00eas, ser\u00e3o realizadas diversas a\u00e7\u00f5es nas unidades de [&hellip;]\" \/>\n<meta property=\"og:url\" content=\"https:\/\/noticiaempauta.com\/portal\/prefeitura-de-massape-do-piaui-inicia-campanha-novembro-azul-com-foco-na-prevencao-e-cuidados-com-a-saude-do-homem\/\" \/>\n<meta property=\"og:site_name\" content=\"Portal Not\u00edcia em Pauta\" \/>\n<meta property=\"article:publisher\" content=\"https:\/\/www.facebook.com\/Portal-Notcia-Em-Pauta-102292869264820\/\" \/>\n<meta property=\"article:published_time\" content=\"2025-11-13T14:55:59+00:00\" \/>\n<meta property=\"article:modified_time\" content=\"2025-11-13T15:08:46+00:00\" \/>\n<meta property=\"og:image\" content=\"https:\/\/noticiaempauta.com\/portal\/wp-content\/uploads\/2025\/11\/Novembro-Azul-1.jpg\" \/>\n\t<meta property=\"og:image:width\" content=\"1463\" \/>\n\t<meta property=\"og:image:height\" content=\"1000\" \/>\n\t<meta property=\"og:image:type\" content=\"image\/jpeg\" \/>\n<meta name=\"author\" content=\"Reda\u00e7\u00e3o\" \/>\n<meta name=\"twitter:card\" content=\"summary_large_image\" \/>\n<meta name=\"twitter:label1\" content=\"Escrito por\" \/>\n\t<meta name=\"twitter:data1\" content=\"Reda\u00e7\u00e3o\" \/>\n\t<meta name=\"twitter:label2\" content=\"Est. tempo de leitura\" \/>\n\t<meta name=\"twitter:data2\" content=\"2 minutos\" \/>\n<script type=\"application\/ld+json\" class=\"yoast-schema-graph\">{\"@context\":\"https:\/\/schema.org\",\"@graph\":[{\"@type\":\"Article\",\"@id\":\"https:\/\/noticiaempauta.com\/portal\/prefeitura-de-massape-do-piaui-inicia-campanha-novembro-azul-com-foco-na-prevencao-e-cuidados-com-a-saude-do-homem\/#article\",\"isPartOf\":{\"@id\":\"https:\/\/noticiaempauta.com\/portal\/prefeitura-de-massape-do-piaui-inicia-campanha-novembro-azul-com-foco-na-prevencao-e-cuidados-com-a-saude-do-homem\/\"},\"author\":{\"name\":\"Reda\u00e7\u00e3o\",\"@id\":\"https:\/\/noticiaempauta.com\/portal\/#\/schema\/person\/a74af43dd1ab3deca45f988c717d57ac\"},\"headline\":\"Prefeitura de Massap\u00ea do Piau\u00ed inicia campanha Novembro Azul com foco na preven\u00e7\u00e3o e cuidados com a sa\u00fade do homem\",\"datePublished\":\"2025-11-13T14:55:59+00:00\",\"dateModified\":\"2025-11-13T15:08:46+00:00\",\"mainEntityOfPage\":{\"@id\":\"https:\/\/noticiaempauta.com\/portal\/prefeitura-de-massape-do-piaui-inicia-campanha-novembro-azul-com-foco-na-prevencao-e-cuidados-com-a-saude-do-homem\/\"},\"wordCount\":216,\"commentCount\":0,\"publisher\":{\"@id\":\"https:\/\/noticiaempauta.com\/portal\/#organization\"},\"image\":{\"@id\":\"https:\/\/noticiaempauta.com\/portal\/prefeitura-de-massape-do-piaui-inicia-campanha-novembro-azul-com-foco-na-prevencao-e-cuidados-com-a-saude-do-homem\/#primaryimage\"},\"thumbnailUrl\":\"https:\/\/noticiaempauta.com\/portal\/wp-content\/uploads\/2025\/11\/Novembro-Azul-1.jpg\",\"articleSection\":[\"Destaques\",\"Munic\u00edpios\",\"Sa\u00fade\",\"Todas as Not\u00edcias\"],\"inLanguage\":\"pt-BR\",\"potentialAction\":[{\"@type\":\"CommentAction\",\"name\":\"Comment\",\"target\":[\"https:\/\/noticiaempauta.com\/portal\/prefeitura-de-massape-do-piaui-inicia-campanha-novembro-azul-com-foco-na-prevencao-e-cuidados-com-a-saude-do-homem\/#respond\"]}]},{\"@type\":\"WebPage\",\"@id\":\"https:\/\/noticiaempauta.com\/portal\/prefeitura-de-massape-do-piaui-inicia-campanha-novembro-azul-com-foco-na-prevencao-e-cuidados-com-a-saude-do-homem\/\",\"url\":\"https:\/\/noticiaempauta.com\/portal\/prefeitura-de-massape-do-piaui-inicia-campanha-novembro-azul-com-foco-na-prevencao-e-cuidados-com-a-saude-do-homem\/\",\"name\":\"Prefeitura de Massap\u00ea do Piau\u00ed inicia campanha Novembro Azul com foco na preven\u00e7\u00e3o e cuidados com a sa\u00fade do homem - Portal Not\u00edcia em Pauta\",\"isPartOf\":{\"@id\":\"https:\/\/noticiaempauta.com\/portal\/#website\"},\"primaryImageOfPage\":{\"@id\":\"https:\/\/noticiaempauta.com\/portal\/prefeitura-de-massape-do-piaui-inicia-campanha-novembro-azul-com-foco-na-prevencao-e-cuidados-com-a-saude-do-homem\/#primaryimage\"},\"image\":{\"@id\":\"https:\/\/noticiaempauta.com\/portal\/prefeitura-de-massape-do-piaui-inicia-campanha-novembro-azul-com-foco-na-prevencao-e-cuidados-com-a-saude-do-homem\/#primaryimage\"},\"thumbnailUrl\":\"https:\/\/noticiaempauta.com\/portal\/wp-content\/uploads\/2025\/11\/Novembro-Azul-1.jpg\",\"datePublished\":\"2025-11-13T14:55:59+00:00\",\"dateModified\":\"2025-11-13T15:08:46+00:00\",\"breadcrumb\":{\"@id\":\"https:\/\/noticiaempauta.com\/portal\/prefeitura-de-massape-do-piaui-inicia-campanha-novembro-azul-com-foco-na-prevencao-e-cuidados-com-a-saude-do-homem\/#breadcrumb\"},\"inLanguage\":\"pt-BR\",\"potentialAction\":[{\"@type\":\"ReadAction\",\"target\":[\"https:\/\/noticiaempauta.com\/portal\/prefeitura-de-massape-do-piaui-inicia-campanha-novembro-azul-com-foco-na-prevencao-e-cuidados-com-a-saude-do-homem\/\"]}]},{\"@type\":\"ImageObject\",\"inLanguage\":\"pt-BR\",\"@id\":\"https:\/\/noticiaempauta.com\/portal\/prefeitura-de-massape-do-piaui-inicia-campanha-novembro-azul-com-foco-na-prevencao-e-cuidados-com-a-saude-do-homem\/#primaryimage\",\"url\":\"https:\/\/noticiaempauta.com\/portal\/wp-content\/uploads\/2025\/11\/Novembro-Azul-1.jpg\",\"contentUrl\":\"https:\/\/noticiaempauta.com\/portal\/wp-content\/uploads\/2025\/11\/Novembro-Azul-1.jpg\",\"width\":1463,\"height\":1000},{\"@type\":\"BreadcrumbList\",\"@id\":\"https:\/\/noticiaempauta.com\/portal\/prefeitura-de-massape-do-piaui-inicia-campanha-novembro-azul-com-foco-na-prevencao-e-cuidados-com-a-saude-do-homem\/#breadcrumb\",\"itemListElement\":[{\"@type\":\"ListItem\",\"position\":1,\"name\":\"P\u00e1gina Inicial\",\"item\":\"https:\/\/noticiaempauta.com\/portal\/\"},{\"@type\":\"ListItem\",\"position\":2,\"name\":\"Destaques\",\"item\":\"https:\/\/noticiaempauta.com\/portal\/destaques-site\/\"},{\"@type\":\"ListItem\",\"position\":3,\"name\":\"Prefeitura de Massap\u00ea do Piau\u00ed inicia campanha Novembro Azul com foco na preven\u00e7\u00e3o e cuidados com a sa\u00fade do homem\"}]},{\"@type\":\"WebSite\",\"@id\":\"https:\/\/noticiaempauta.com\/portal\/#website\",\"url\":\"https:\/\/noticiaempauta.com\/portal\/\",\"name\":\"Portal Not\u00edcia em Pauta\",\"description\":\"Voc\u00ea bem informado\",\"publisher\":{\"@id\":\"https:\/\/noticiaempauta.com\/portal\/#organization\"},\"potentialAction\":[{\"@type\":\"SearchAction\",\"target\":{\"@type\":\"EntryPoint\",\"urlTemplate\":\"https:\/\/noticiaempauta.com\/portal\/?s={search_term_string}\"},\"query-input\":{\"@type\":\"PropertyValueSpecification\",\"valueRequired\":true,\"valueName\":\"search_term_string\"}}],\"inLanguage\":\"pt-BR\"},{\"@type\":\"Organization\",\"@id\":\"https:\/\/noticiaempauta.com\/portal\/#organization\",\"name\":\"Portal Not\u00edcia em Pauta\",\"url\":\"https:\/\/noticiaempauta.com\/portal\/\",\"logo\":{\"@type\":\"ImageObject\",\"inLanguage\":\"pt-BR\",\"@id\":\"https:\/\/noticiaempauta.com\/portal\/#\/schema\/logo\/image\/\",\"url\":\"https:\/\/noticiaempauta.com\/portal\/wp-content\/uploads\/2022\/08\/logomarca_tema.fw_.png\",\"contentUrl\":\"https:\/\/noticiaempauta.com\/portal\/wp-content\/uploads\/2022\/08\/logomarca_tema.fw_.png\",\"width\":400,\"height\":232,\"caption\":\"Portal Not\u00edcia em Pauta\"},\"image\":{\"@id\":\"https:\/\/noticiaempauta.com\/portal\/#\/schema\/logo\/image\/\"},\"sameAs\":[\"https:\/\/www.facebook.com\/Portal-Notcia-Em-Pauta-102292869264820\/\",\"https:\/\/www.instagram.com\/portalnoticiaempauta\/\"]},{\"@type\":\"Person\",\"@id\":\"https:\/\/noticiaempauta.com\/portal\/#\/schema\/person\/a74af43dd1ab3deca45f988c717d57ac\",\"name\":\"Reda\u00e7\u00e3o\",\"image\":{\"@type\":\"ImageObject\",\"inLanguage\":\"pt-BR\",\"@id\":\"https:\/\/noticiaempauta.com\/portal\/#\/schema\/person\/image\/\",\"url\":\"https:\/\/secure.gravatar.com\/avatar\/03179346ecce6cdfc13361603e8f54242a90e5cde8618fa23c5c00aa2b0aadf3?s=96&d=mm&r=g\",\"contentUrl\":\"https:\/\/secure.gravatar.com\/avatar\/03179346ecce6cdfc13361603e8f54242a90e5cde8618fa23c5c00aa2b0aadf3?s=96&d=mm&r=g\",\"caption\":\"Reda\u00e7\u00e3o\"},\"sameAs\":[\"https:\/\/noticiaempauta.com\/portal\/\"],\"url\":\"https:\/\/noticiaempauta.com\/portal\/author\/fernando\/\"}]}<\/script>\n<!-- \/ Yoast SEO Premium plugin. -->","yoast_head_json":{"title":"Prefeitura de Massap\u00ea do Piau\u00ed inicia campanha Novembro Azul com foco na preven\u00e7\u00e3o e cuidados com a sa\u00fade do homem - Portal Not\u00edcia em Pauta","robots":{"index":"index","follow":"follow","max-snippet":"max-snippet:-1","max-image-preview":"max-image-preview:large","max-video-preview":"max-video-preview:-1"},"canonical":"https:\/\/noticiaempauta.com\/portal\/prefeitura-de-massape-do-piaui-inicia-campanha-novembro-azul-com-foco-na-prevencao-e-cuidados-com-a-saude-do-homem\/","og_locale":"pt_BR","og_type":"article","og_title":"Prefeitura de Massap\u00ea do Piau\u00ed inicia campanha Novembro Azul com foco na preven\u00e7\u00e3o e cuidados com a sa\u00fade do homem","og_description":"A Prefeitura de Massap\u00ea do Piau\u00ed, por meio da Secretaria Municipal de Sa\u00fade e total apoio do prefeito Wilton Coutinho, inicia nesta quinta-feira, 13 de novembro, \u00e0s atividades da campanha Novembro Azul, m\u00eas dedicado \u00e0 preven\u00e7\u00e3o e aos cuidados com a sa\u00fade do homem. Durante todo o m\u00eas, ser\u00e3o realizadas diversas a\u00e7\u00f5es nas unidades de [&hellip;]","og_url":"https:\/\/noticiaempauta.com\/portal\/prefeitura-de-massape-do-piaui-inicia-campanha-novembro-azul-com-foco-na-prevencao-e-cuidados-com-a-saude-do-homem\/","og_site_name":"Portal Not\u00edcia em Pauta","article_publisher":"https:\/\/www.facebook.com\/Portal-Notcia-Em-Pauta-102292869264820\/","article_published_time":"2025-11-13T14:55:59+00:00","article_modified_time":"2025-11-13T15:08:46+00:00","og_image":[{"width":1463,"height":1000,"url":"https:\/\/noticiaempauta.com\/portal\/wp-content\/uploads\/2025\/11\/Novembro-Azul-1.jpg","type":"image\/jpeg"}],"author":"Reda\u00e7\u00e3o","twitter_card":"summary_large_image","twitter_misc":{"Escrito por":"Reda\u00e7\u00e3o","Est. tempo de leitura":"2 minutos"},"schema":{"@context":"https:\/\/schema.org","@graph":[{"@type":"Article","@id":"https:\/\/noticiaempauta.com\/portal\/prefeitura-de-massape-do-piaui-inicia-campanha-novembro-azul-com-foco-na-prevencao-e-cuidados-com-a-saude-do-homem\/#article","isPartOf":{"@id":"https:\/\/noticiaempauta.com\/portal\/prefeitura-de-massape-do-piaui-inicia-campanha-novembro-azul-com-foco-na-prevencao-e-cuidados-com-a-saude-do-homem\/"},"author":{"name":"Reda\u00e7\u00e3o","@id":"https:\/\/noticiaempauta.com\/portal\/#\/schema\/person\/a74af43dd1ab3deca45f988c717d57ac"},"headline":"Prefeitura de Massap\u00ea do Piau\u00ed inicia campanha Novembro Azul com foco na preven\u00e7\u00e3o e cuidados com a sa\u00fade do homem","datePublished":"2025-11-13T14:55:59+00:00","dateModified":"2025-11-13T15:08:46+00:00","mainEntityOfPage":{"@id":"https:\/\/noticiaempauta.com\/portal\/prefeitura-de-massape-do-piaui-inicia-campanha-novembro-azul-com-foco-na-prevencao-e-cuidados-com-a-saude-do-homem\/"},"wordCount":216,"commentCount":0,"publisher":{"@id":"https:\/\/noticiaempauta.com\/portal\/#organization"},"image":{"@id":"https:\/\/noticiaempauta.com\/portal\/prefeitura-de-massape-do-piaui-inicia-campanha-novembro-azul-com-foco-na-prevencao-e-cuidados-com-a-saude-do-homem\/#primaryimage"},"thumbnailUrl":"https:\/\/noticiaempauta.com\/portal\/wp-content\/uploads\/2025\/11\/Novembro-Azul-1.jpg","articleSection":["Destaques","Munic\u00edpios","Sa\u00fade","Todas as Not\u00edcias"],"inLanguage":"pt-BR","potentialAction":[{"@type":"CommentAction","name":"Comment","target":["https:\/\/noticiaempauta.com\/portal\/prefeitura-de-massape-do-piaui-inicia-campanha-novembro-azul-com-foco-na-prevencao-e-cuidados-com-a-saude-do-homem\/#respond"]}]},{"@type":"WebPage","@id":"https:\/\/noticiaempauta.com\/portal\/prefeitura-de-massape-do-piaui-inicia-campanha-novembro-azul-com-foco-na-prevencao-e-cuidados-com-a-saude-do-homem\/","url":"https:\/\/noticiaempauta.com\/portal\/prefeitura-de-massape-do-piaui-inicia-campanha-novembro-azul-com-foco-na-prevencao-e-cuidados-com-a-saude-do-homem\/","name":"Prefeitura de Massap\u00ea do Piau\u00ed inicia campanha Novembro Azul com foco na preven\u00e7\u00e3o e cuidados com a sa\u00fade do homem - Portal Not\u00edcia em Pauta","isPartOf":{"@id":"https:\/\/noticiaempauta.com\/portal\/#website"},"primaryImageOfPage":{"@id":"https:\/\/noticiaempauta.com\/portal\/prefeitura-de-massape-do-piaui-inicia-campanha-novembro-azul-com-foco-na-prevencao-e-cuidados-com-a-saude-do-homem\/#primaryimage"},"image":{"@id":"https:\/\/noticiaempauta.com\/portal\/prefeitura-de-massape-do-piaui-inicia-campanha-novembro-azul-com-foco-na-prevencao-e-cuidados-com-a-saude-do-homem\/#primaryimage"},"thumbnailUrl":"https:\/\/noticiaempauta.com\/portal\/wp-content\/uploads\/2025\/11\/Novembro-Azul-1.jpg","datePublished":"2025-11-13T14:55:59+00:00","dateModified":"2025-11-13T15:08:46+00:00","breadcrumb":{"@id":"https:\/\/noticiaempauta.com\/portal\/prefeitura-de-massape-do-piaui-inicia-campanha-novembro-azul-com-foco-na-prevencao-e-cuidados-com-a-saude-do-homem\/#breadcrumb"},"inLanguage":"pt-BR","potentialAction":[{"@type":"ReadAction","target":["https:\/\/noticiaempauta.com\/portal\/prefeitura-de-massape-do-piaui-inicia-campanha-novembro-azul-com-foco-na-prevencao-e-cuidados-com-a-saude-do-homem\/"]}]},{"@type":"ImageObject","inLanguage":"pt-BR","@id":"https:\/\/noticiaempauta.com\/portal\/prefeitura-de-massape-do-piaui-inicia-campanha-novembro-azul-com-foco-na-prevencao-e-cuidados-com-a-saude-do-homem\/#primaryimage","url":"https:\/\/noticiaempauta.com\/portal\/wp-content\/uploads\/2025\/11\/Novembro-Azul-1.jpg","contentUrl":"https:\/\/noticiaempauta.com\/portal\/wp-content\/uploads\/2025\/11\/Novembro-Azul-1.jpg","width":1463,"height":1000},{"@type":"BreadcrumbList","@id":"https:\/\/noticiaempauta.com\/portal\/prefeitura-de-massape-do-piaui-inicia-campanha-novembro-azul-com-foco-na-prevencao-e-cuidados-com-a-saude-do-homem\/#breadcrumb","itemListElement":[{"@type":"ListItem","position":1,"name":"P\u00e1gina Inicial","item":"https:\/\/noticiaempauta.com\/portal\/"},{"@type":"ListItem","position":2,"name":"Destaques","item":"https:\/\/noticiaempauta.com\/portal\/destaques-site\/"},{"@type":"ListItem","position":3,"name":"Prefeitura de Massap\u00ea do Piau\u00ed inicia campanha Novembro Azul com foco na preven\u00e7\u00e3o e cuidados com a sa\u00fade do homem"}]},{"@type":"WebSite","@id":"https:\/\/noticiaempauta.com\/portal\/#website","url":"https:\/\/noticiaempauta.com\/portal\/","name":"Portal Not\u00edcia em Pauta","description":"Voc\u00ea bem informado","publisher":{"@id":"https:\/\/noticiaempauta.com\/portal\/#organization"},"potentialAction":[{"@type":"SearchAction","target":{"@type":"EntryPoint","urlTemplate":"https:\/\/noticiaempauta.com\/portal\/?s={search_term_string}"},"query-input":{"@type":"PropertyValueSpecification","valueRequired":true,"valueName":"search_term_string"}}],"inLanguage":"pt-BR"},{"@type":"Organization","@id":"https:\/\/noticiaempauta.com\/portal\/#organization","name":"Portal Not\u00edcia em Pauta","url":"https:\/\/noticiaempauta.com\/portal\/","logo":{"@type":"ImageObject","inLanguage":"pt-BR","@id":"https:\/\/noticiaempauta.com\/portal\/#\/schema\/logo\/image\/","url":"https:\/\/noticiaempauta.com\/portal\/wp-content\/uploads\/2022\/08\/logomarca_tema.fw_.png","contentUrl":"https:\/\/noticiaempauta.com\/portal\/wp-content\/uploads\/2022\/08\/logomarca_tema.fw_.png","width":400,"height":232,"caption":"Portal Not\u00edcia em Pauta"},"image":{"@id":"https:\/\/noticiaempauta.com\/portal\/#\/schema\/logo\/image\/"},"sameAs":["https:\/\/www.facebook.com\/Portal-Notcia-Em-Pauta-102292869264820\/","https:\/\/www.instagram.com\/portalnoticiaempauta\/"]},{"@type":"Person","@id":"https:\/\/noticiaempauta.com\/portal\/#\/schema\/person\/a74af43dd1ab3deca45f988c717d57ac","name":"Reda\u00e7\u00e3o","image":{"@type":"ImageObject","inLanguage":"pt-BR","@id":"https:\/\/noticiaempauta.com\/portal\/#\/schema\/person\/image\/","url":"https:\/\/secure.gravatar.com\/avatar\/03179346ecce6cdfc13361603e8f54242a90e5cde8618fa23c5c00aa2b0aadf3?s=96&d=mm&r=g","contentUrl":"https:\/\/secure.gravatar.com\/avatar\/03179346ecce6cdfc13361603e8f54242a90e5cde8618fa23c5c00aa2b0aadf3?s=96&d=mm&r=g","caption":"Reda\u00e7\u00e3o"},"sameAs":["https:\/\/noticiaempauta.com\/portal\/"],"url":"https:\/\/noticiaempauta.com\/portal\/author\/fernando\/"}]}},"_links":{"self":[{"href":"https:\/\/noticiaempauta.com\/portal\/wp-json\/wp\/v2\/posts\/280600","targetHints":{"allow":["GET"]}}],"collection":[{"href":"https:\/\/noticiaempauta.com\/portal\/wp-json\/wp\/v2\/posts"}],"about":[{"href":"https:\/\/noticiaempauta.com\/portal\/wp-json\/wp\/v2\/types\/post"}],"author":[{"embeddable":true,"href":"https:\/\/noticiaempauta.com\/portal\/wp-json\/wp\/v2\/users\/2"}],"replies":[{"embeddable":true,"href":"https:\/\/noticiaempauta.com\/portal\/wp-json\/wp\/v2\/comments?post=280600"}],"version-history":[{"count":2,"href":"https:\/\/noticiaempauta.com\/portal\/wp-json\/wp\/v2\/posts\/280600\/revisions"}],"predecessor-version":[{"id":280605,"href":"https:\/\/noticiaempauta.com\/portal\/wp-json\/wp\/v2\/posts\/280600\/revisions\/280605"}],"wp:featuredmedia":[{"embeddable":true,"href":"https:\/\/noticiaempauta.com\/portal\/wp-json\/wp\/v2\/media\/280602"}],"wp:attachment":[{"href":"https:\/\/noticiaempauta.com\/portal\/wp-json\/wp\/v2\/media?parent=280600"}],"wp:term":[{"taxonomy":"category","embeddable":true,"href":"https:\/\/noticiaempauta.com\/portal\/wp-json\/wp\/v2\/categories?post=280600"},{"taxonomy":"post_tag","embeddable":true,"href":"https:\/\/noticiaempauta.com\/portal\/wp-json\/wp\/v2\/tags?post=280600"}],"curies":[{"name":"wp","href":"https:\/\/api.w.org\/{rel}","templated":true}]}}