{"id":280606,"date":"2025-11-13T12:13:33","date_gmt":"2025-11-13T15:13:33","guid":{"rendered":"https:\/\/noticiaempauta.com\/portal\/?p=280606"},"modified":"2025-11-13T12:13:34","modified_gmt":"2025-11-13T15:13:34","slug":"prefeitura-de-picos-inicia-acoes-de-desassoreamento-e-limpeza-do-rio-guaribas","status":"publish","type":"post","link":"https:\/\/noticiaempauta.com\/portal\/prefeitura-de-picos-inicia-acoes-de-desassoreamento-e-limpeza-do-rio-guaribas\/","title":{"rendered":"Prefeitura de Picos inicia a\u00e7\u00f5es de desassoreamento e limpeza do Rio Guaribas"},"content":{"rendered":"\n<p>A Prefeitura de Picos, por meio da <strong>Secretaria Municipal de Meio Ambiente e Recursos H\u00eddricos<\/strong>, iniciou as a\u00e7\u00f5es de apresenta\u00e7\u00e3o do <strong>projeto de revitaliza\u00e7\u00e3o, limpeza e desassoreamento do Rio Guaribas<\/strong> e de seus principais afluentes. A iniciativa tem como objetivo restaurar o curso natural das \u00e1guas, remover o excesso de res\u00edduos e vegeta\u00e7\u00e3o acumulada e reduzir os impactos causados pelas fortes chuvas registradas anualmente no munic\u00edpio.<\/p>\n\n\n\n<figure class=\"wp-block-image size-large\"><img fetchpriority=\"high\" decoding=\"async\" width=\"1024\" height=\"683\" src=\"https:\/\/noticiaempauta.com\/portal\/wp-content\/uploads\/2025\/11\/WhatsApp-Image-2025-11-13-at-12.04.43-1-1024x683.jpeg\" alt=\"\" class=\"wp-image-280607\" srcset=\"https:\/\/noticiaempauta.com\/portal\/wp-content\/uploads\/2025\/11\/WhatsApp-Image-2025-11-13-at-12.04.43-1-1024x683.jpeg 1024w, https:\/\/noticiaempauta.com\/portal\/wp-content\/uploads\/2025\/11\/WhatsApp-Image-2025-11-13-at-12.04.43-1-300x200.jpeg 300w, https:\/\/noticiaempauta.com\/portal\/wp-content\/uploads\/2025\/11\/WhatsApp-Image-2025-11-13-at-12.04.43-1-768x512.jpeg 768w, https:\/\/noticiaempauta.com\/portal\/wp-content\/uploads\/2025\/11\/WhatsApp-Image-2025-11-13-at-12.04.43-1-1536x1024.jpeg 1536w, https:\/\/noticiaempauta.com\/portal\/wp-content\/uploads\/2025\/11\/WhatsApp-Image-2025-11-13-at-12.04.43-1.jpeg 1600w\" sizes=\"(max-width: 1024px) 100vw, 1024px\" \/><\/figure>\n\n\n\n<p>O projeto foi desenvolvido pela equipe t\u00e9cnica da secretaria, com diagn\u00f3stico ambiental detalhado da atual situa\u00e7\u00e3o do rio, e recebeu <strong>licen\u00e7a ambiental concedida pela Comiss\u00e3o Estadual de Meio Ambiente (CEMA)<\/strong>. A partir desse documento, foi elaborado um plano de execu\u00e7\u00e3o que contempla <strong>diversos trechos cr\u00edticos identificados no per\u00edmetro urbano de Picos<\/strong>.<\/p>\n\n\n\n<figure class=\"wp-block-image size-large\"><img decoding=\"async\" width=\"1024\" height=\"683\" src=\"https:\/\/noticiaempauta.com\/portal\/wp-content\/uploads\/2025\/11\/WhatsApp-Image-2025-11-13-at-12.04.41-1024x683.jpeg\" alt=\"\" class=\"wp-image-280608\" srcset=\"https:\/\/noticiaempauta.com\/portal\/wp-content\/uploads\/2025\/11\/WhatsApp-Image-2025-11-13-at-12.04.41-1024x683.jpeg 1024w, https:\/\/noticiaempauta.com\/portal\/wp-content\/uploads\/2025\/11\/WhatsApp-Image-2025-11-13-at-12.04.41-300x200.jpeg 300w, https:\/\/noticiaempauta.com\/portal\/wp-content\/uploads\/2025\/11\/WhatsApp-Image-2025-11-13-at-12.04.41-768x512.jpeg 768w, https:\/\/noticiaempauta.com\/portal\/wp-content\/uploads\/2025\/11\/WhatsApp-Image-2025-11-13-at-12.04.41-1536x1024.jpeg 1536w, https:\/\/noticiaempauta.com\/portal\/wp-content\/uploads\/2025\/11\/WhatsApp-Image-2025-11-13-at-12.04.41.jpeg 1600w\" sizes=\"(max-width: 1024px) 100vw, 1024px\" \/><\/figure>\n\n\n\n<p>Segundo o engenheiro agr\u00f4nomo <strong>Alciano Rocha<\/strong>, da Secretaria Municipal de Meio Ambiente e Recursos H\u00eddricos, o levantamento constatou <strong>grande ac\u00famulo de res\u00edduos s\u00f3lidos e vegeta\u00e7\u00e3o no leito do rio<\/strong>, o que compromete o fluxo da \u00e1gua e contribui para enchentes em \u00e1reas sens\u00edveis da cidade.<\/p>\n\n\n\n<figure class=\"wp-block-image size-large\"><img decoding=\"async\" width=\"1024\" height=\"683\" src=\"https:\/\/noticiaempauta.com\/portal\/wp-content\/uploads\/2025\/11\/WhatsApp-Image-2025-11-13-at-12.04.42-2-1024x683.jpeg\" alt=\"\" class=\"wp-image-280612\" srcset=\"https:\/\/noticiaempauta.com\/portal\/wp-content\/uploads\/2025\/11\/WhatsApp-Image-2025-11-13-at-12.04.42-2-1024x683.jpeg 1024w, https:\/\/noticiaempauta.com\/portal\/wp-content\/uploads\/2025\/11\/WhatsApp-Image-2025-11-13-at-12.04.42-2-300x200.jpeg 300w, https:\/\/noticiaempauta.com\/portal\/wp-content\/uploads\/2025\/11\/WhatsApp-Image-2025-11-13-at-12.04.42-2-768x512.jpeg 768w, https:\/\/noticiaempauta.com\/portal\/wp-content\/uploads\/2025\/11\/WhatsApp-Image-2025-11-13-at-12.04.42-2-1536x1024.jpeg 1536w, https:\/\/noticiaempauta.com\/portal\/wp-content\/uploads\/2025\/11\/WhatsApp-Image-2025-11-13-at-12.04.42-2.jpeg 1600w\" sizes=\"(max-width: 1024px) 100vw, 1024px\" \/><\/figure>\n\n\n\n<p>\u201cO rio se encontra bastante assoreado, com presen\u00e7a de res\u00edduos e vegeta\u00e7\u00e3o densa no leito. Esse projeto foi uma demanda do munic\u00edpio e, ap\u00f3s a autoriza\u00e7\u00e3o ambiental, estamos iniciando as a\u00e7\u00f5es de revitaliza\u00e7\u00e3o em pontos priorit\u00e1rios, como os loteamentos Bernardes, Samires e Santo Agostinho no bairro Ipueiras, al\u00e9m do Riacho dos Macacos, no Ema\u00fas, que foi um dos pontos sens\u00edveis, mais afetados pelas enchentes no in\u00edcio do ano\u201d, explicou Alciano.<\/p>\n\n\n\n<figure class=\"wp-block-image size-large\"><img loading=\"lazy\" decoding=\"async\" width=\"1024\" height=\"683\" src=\"https:\/\/noticiaempauta.com\/portal\/wp-content\/uploads\/2025\/11\/WhatsApp-Image-2025-11-13-at-12.04.42-1-1024x683.jpeg\" alt=\"\" class=\"wp-image-280609\" srcset=\"https:\/\/noticiaempauta.com\/portal\/wp-content\/uploads\/2025\/11\/WhatsApp-Image-2025-11-13-at-12.04.42-1-1024x683.jpeg 1024w, https:\/\/noticiaempauta.com\/portal\/wp-content\/uploads\/2025\/11\/WhatsApp-Image-2025-11-13-at-12.04.42-1-300x200.jpeg 300w, https:\/\/noticiaempauta.com\/portal\/wp-content\/uploads\/2025\/11\/WhatsApp-Image-2025-11-13-at-12.04.42-1-768x512.jpeg 768w, https:\/\/noticiaempauta.com\/portal\/wp-content\/uploads\/2025\/11\/WhatsApp-Image-2025-11-13-at-12.04.42-1-1536x1024.jpeg 1536w, https:\/\/noticiaempauta.com\/portal\/wp-content\/uploads\/2025\/11\/WhatsApp-Image-2025-11-13-at-12.04.42-1.jpeg 1600w\" sizes=\"(max-width: 1024px) 100vw, 1024px\" \/><\/figure>\n\n\n\n<p>O engenheiro destacou ainda que a execu\u00e7\u00e3o da obra ser\u00e1 feita <strong>de forma t\u00e9cnica e ambientalmente respons\u00e1vel<\/strong>, preservando as <strong>matas ciliares e esp\u00e9cies nativas<\/strong>.<\/p>\n\n\n\n<p>\u201cA limpeza ser\u00e1 realizada apenas no leito do rio, sem corte de \u00e1rvores. As matas ciliares ser\u00e3o preservadas para garantir a sustenta\u00e7\u00e3o das margens e evitar novo assoreamento. Ap\u00f3s a obra, haver\u00e1 um trabalho de fiscaliza\u00e7\u00e3o ambiental, reflorestamento e educa\u00e7\u00e3o ambiental junto \u00e0s comunidades ribeirinhas, al\u00e9m do acompanhamento de bi\u00f3logos para garantir a prote\u00e7\u00e3o da fauna silvestre durante a execu\u00e7\u00e3o\u201d, acrescentou.<\/p>\n\n\n\n<figure class=\"wp-block-image size-large\"><img loading=\"lazy\" decoding=\"async\" width=\"1024\" height=\"683\" src=\"https:\/\/noticiaempauta.com\/portal\/wp-content\/uploads\/2025\/11\/WhatsApp-Image-2025-11-13-at-12.04.43-2-1024x683.jpeg\" alt=\"\" class=\"wp-image-280611\" srcset=\"https:\/\/noticiaempauta.com\/portal\/wp-content\/uploads\/2025\/11\/WhatsApp-Image-2025-11-13-at-12.04.43-2-1024x683.jpeg 1024w, https:\/\/noticiaempauta.com\/portal\/wp-content\/uploads\/2025\/11\/WhatsApp-Image-2025-11-13-at-12.04.43-2-300x200.jpeg 300w, https:\/\/noticiaempauta.com\/portal\/wp-content\/uploads\/2025\/11\/WhatsApp-Image-2025-11-13-at-12.04.43-2-768x512.jpeg 768w, https:\/\/noticiaempauta.com\/portal\/wp-content\/uploads\/2025\/11\/WhatsApp-Image-2025-11-13-at-12.04.43-2-1536x1024.jpeg 1536w, https:\/\/noticiaempauta.com\/portal\/wp-content\/uploads\/2025\/11\/WhatsApp-Image-2025-11-13-at-12.04.43-2.jpeg 1600w\" sizes=\"(max-width: 1024px) 100vw, 1024px\" \/><\/figure>\n\n\n\n<p>A a\u00e7\u00e3o tamb\u00e9m conta com o apoio da <strong>Secretaria Municipal de Defesa Civil<\/strong>, que atuar\u00e1 na articula\u00e7\u00e3o com o Governo do Estado para garantir o maquin\u00e1rio necess\u00e1rio \u00e0 execu\u00e7\u00e3o dos trabalhos. O engenheiro <strong>Gabriel Albano<\/strong>, representante da Defesa Civil Municipal, destacou a import\u00e2ncia da limpeza preventiva para reduzir os riscos de alagamento e preju\u00edzos \u00e0 infraestrutura urbana.<\/p>\n\n\n\n<figure class=\"wp-block-image size-large\"><img loading=\"lazy\" decoding=\"async\" width=\"1024\" height=\"683\" src=\"https:\/\/noticiaempauta.com\/portal\/wp-content\/uploads\/2025\/11\/WhatsApp-Image-2025-11-13-at-12.04.42-1024x683.jpeg\" alt=\"\" class=\"wp-image-280610\" srcset=\"https:\/\/noticiaempauta.com\/portal\/wp-content\/uploads\/2025\/11\/WhatsApp-Image-2025-11-13-at-12.04.42-1024x683.jpeg 1024w, https:\/\/noticiaempauta.com\/portal\/wp-content\/uploads\/2025\/11\/WhatsApp-Image-2025-11-13-at-12.04.42-300x200.jpeg 300w, https:\/\/noticiaempauta.com\/portal\/wp-content\/uploads\/2025\/11\/WhatsApp-Image-2025-11-13-at-12.04.42-768x512.jpeg 768w, https:\/\/noticiaempauta.com\/portal\/wp-content\/uploads\/2025\/11\/WhatsApp-Image-2025-11-13-at-12.04.42-1536x1024.jpeg 1536w, https:\/\/noticiaempauta.com\/portal\/wp-content\/uploads\/2025\/11\/WhatsApp-Image-2025-11-13-at-12.04.42.jpeg 1600w\" sizes=\"(max-width: 1024px) 100vw, 1024px\" \/><\/figure>\n\n\n\n<p>\u201cA Defesa Civil de Picos vai encaminhar solicita\u00e7\u00e3o \u00e0 Defesa Civil do Estado para conseguir maquin\u00e1rio suficiente para auxiliar no desassoreamento e limpeza dos riachos e do Rio Guaribas. No in\u00edcio do ano, tivemos fortes chuvas que causaram transbordamentos justamente porque os leitos estavam tomados por vegeta\u00e7\u00e3o e res\u00edduos. Com essa interven\u00e7\u00e3o, a \u00e1gua poder\u00e1 fluir com maior profundidade e melhor escoamento, reduzindo os riscos de inunda\u00e7\u00e3o e danos \u00e0s resid\u00eancias\u201d, explicou.<\/p>\n\n\n\n<p>As a\u00e7\u00f5es de limpeza ser\u00e3o realizadas inicialmente <strong>nos trechos mais cr\u00edticos<\/strong> e devem ser conclu\u00eddas antes do per\u00edodo chuvoso mais intenso, previsto para o in\u00edcio de 2026. O projeto integra o conjunto de medidas adotadas pela gest\u00e3o municipal para <strong>mitigar os efeitos das chuvas, garantir a seguran\u00e7a das fam\u00edlias e promover a recupera\u00e7\u00e3o ambiental do Rio Guaribas e de seus afluentes<\/strong>.<\/p>\n\n\n\n<p>SECOM<\/p>\n","protected":false},"excerpt":{"rendered":"<p>A Prefeitura de Picos, por meio da Secretaria Municipal de Meio Ambiente e Recursos H\u00eddricos, iniciou as a\u00e7\u00f5es de apresenta\u00e7\u00e3o do projeto de revitaliza\u00e7\u00e3o, limpeza e desassoreamento do Rio Guaribas e de seus principais afluentes. A iniciativa tem como objetivo restaurar o curso natural das \u00e1guas, remover o excesso de res\u00edduos e vegeta\u00e7\u00e3o acumulada e [&hellip;]<\/p>\n","protected":false},"author":2,"featured_media":280609,"comment_status":"open","ping_status":"open","sticky":false,"template":"","format":"standard","meta":{"_mi_skip_tracking":false,"footnotes":""},"categories":[25,1,16],"tags":[],"class_list":["post-280606","post","type-post","status-publish","format-standard","has-post-thumbnail","hentry","category-destaques-site","category-geral","category-todas"],"acf":[],"yoast_head":"<!-- This site is optimized with the Yoast SEO Premium plugin v19.2 (Yoast SEO v26.9) - https:\/\/yoast.com\/product\/yoast-seo-premium-wordpress\/ -->\n<title>Prefeitura de Picos inicia a\u00e7\u00f5es de desassoreamento e limpeza do Rio Guaribas - Portal Not\u00edcia em Pauta<\/title>\n<meta name=\"robots\" content=\"index, follow, max-snippet:-1, max-image-preview:large, max-video-preview:-1\" \/>\n<link rel=\"canonical\" href=\"https:\/\/noticiaempauta.com\/portal\/prefeitura-de-picos-inicia-acoes-de-desassoreamento-e-limpeza-do-rio-guaribas\/\" \/>\n<meta property=\"og:locale\" content=\"pt_BR\" \/>\n<meta property=\"og:type\" content=\"article\" \/>\n<meta property=\"og:title\" content=\"Prefeitura de Picos inicia a\u00e7\u00f5es de desassoreamento e limpeza do Rio Guaribas\" \/>\n<meta property=\"og:description\" content=\"A Prefeitura de Picos, por meio da Secretaria Municipal de Meio Ambiente e Recursos H\u00eddricos, iniciou as a\u00e7\u00f5es de apresenta\u00e7\u00e3o do projeto de revitaliza\u00e7\u00e3o, limpeza e desassoreamento do Rio Guaribas e de seus principais afluentes. A iniciativa tem como objetivo restaurar o curso natural das \u00e1guas, remover o excesso de res\u00edduos e vegeta\u00e7\u00e3o acumulada e [&hellip;]\" \/>\n<meta property=\"og:url\" content=\"https:\/\/noticiaempauta.com\/portal\/prefeitura-de-picos-inicia-acoes-de-desassoreamento-e-limpeza-do-rio-guaribas\/\" \/>\n<meta property=\"og:site_name\" content=\"Portal Not\u00edcia em Pauta\" \/>\n<meta property=\"article:publisher\" content=\"https:\/\/www.facebook.com\/Portal-Notcia-Em-Pauta-102292869264820\/\" \/>\n<meta property=\"article:published_time\" content=\"2025-11-13T15:13:33+00:00\" \/>\n<meta property=\"article:modified_time\" content=\"2025-11-13T15:13:34+00:00\" \/>\n<meta property=\"og:image\" content=\"https:\/\/noticiaempauta.com\/portal\/wp-content\/uploads\/2025\/11\/WhatsApp-Image-2025-11-13-at-12.04.42-1.jpeg\" \/>\n\t<meta property=\"og:image:width\" content=\"1600\" \/>\n\t<meta property=\"og:image:height\" content=\"1067\" \/>\n\t<meta property=\"og:image:type\" content=\"image\/jpeg\" \/>\n<meta name=\"author\" content=\"Reda\u00e7\u00e3o\" \/>\n<meta name=\"twitter:card\" content=\"summary_large_image\" \/>\n<meta name=\"twitter:label1\" content=\"Escrito por\" \/>\n\t<meta name=\"twitter:data1\" content=\"Reda\u00e7\u00e3o\" \/>\n\t<meta name=\"twitter:label2\" content=\"Est. tempo de leitura\" \/>\n\t<meta name=\"twitter:data2\" content=\"5 minutos\" \/>\n<script type=\"application\/ld+json\" class=\"yoast-schema-graph\">{\"@context\":\"https:\/\/schema.org\",\"@graph\":[{\"@type\":\"Article\",\"@id\":\"https:\/\/noticiaempauta.com\/portal\/prefeitura-de-picos-inicia-acoes-de-desassoreamento-e-limpeza-do-rio-guaribas\/#article\",\"isPartOf\":{\"@id\":\"https:\/\/noticiaempauta.com\/portal\/prefeitura-de-picos-inicia-acoes-de-desassoreamento-e-limpeza-do-rio-guaribas\/\"},\"author\":{\"name\":\"Reda\u00e7\u00e3o\",\"@id\":\"https:\/\/noticiaempauta.com\/portal\/#\/schema\/person\/a74af43dd1ab3deca45f988c717d57ac\"},\"headline\":\"Prefeitura de Picos inicia a\u00e7\u00f5es de desassoreamento e limpeza do Rio Guaribas\",\"datePublished\":\"2025-11-13T15:13:33+00:00\",\"dateModified\":\"2025-11-13T15:13:34+00:00\",\"mainEntityOfPage\":{\"@id\":\"https:\/\/noticiaempauta.com\/portal\/prefeitura-de-picos-inicia-acoes-de-desassoreamento-e-limpeza-do-rio-guaribas\/\"},\"wordCount\":591,\"commentCount\":0,\"publisher\":{\"@id\":\"https:\/\/noticiaempauta.com\/portal\/#organization\"},\"image\":{\"@id\":\"https:\/\/noticiaempauta.com\/portal\/prefeitura-de-picos-inicia-acoes-de-desassoreamento-e-limpeza-do-rio-guaribas\/#primaryimage\"},\"thumbnailUrl\":\"https:\/\/noticiaempauta.com\/portal\/wp-content\/uploads\/2025\/11\/WhatsApp-Image-2025-11-13-at-12.04.42-1.jpeg\",\"articleSection\":[\"Destaques\",\"Geral\",\"Todas as Not\u00edcias\"],\"inLanguage\":\"pt-BR\",\"potentialAction\":[{\"@type\":\"CommentAction\",\"name\":\"Comment\",\"target\":[\"https:\/\/noticiaempauta.com\/portal\/prefeitura-de-picos-inicia-acoes-de-desassoreamento-e-limpeza-do-rio-guaribas\/#respond\"]}]},{\"@type\":\"WebPage\",\"@id\":\"https:\/\/noticiaempauta.com\/portal\/prefeitura-de-picos-inicia-acoes-de-desassoreamento-e-limpeza-do-rio-guaribas\/\",\"url\":\"https:\/\/noticiaempauta.com\/portal\/prefeitura-de-picos-inicia-acoes-de-desassoreamento-e-limpeza-do-rio-guaribas\/\",\"name\":\"Prefeitura de Picos inicia a\u00e7\u00f5es de desassoreamento e limpeza do Rio Guaribas - Portal Not\u00edcia em Pauta\",\"isPartOf\":{\"@id\":\"https:\/\/noticiaempauta.com\/portal\/#website\"},\"primaryImageOfPage\":{\"@id\":\"https:\/\/noticiaempauta.com\/portal\/prefeitura-de-picos-inicia-acoes-de-desassoreamento-e-limpeza-do-rio-guaribas\/#primaryimage\"},\"image\":{\"@id\":\"https:\/\/noticiaempauta.com\/portal\/prefeitura-de-picos-inicia-acoes-de-desassoreamento-e-limpeza-do-rio-guaribas\/#primaryimage\"},\"thumbnailUrl\":\"https:\/\/noticiaempauta.com\/portal\/wp-content\/uploads\/2025\/11\/WhatsApp-Image-2025-11-13-at-12.04.42-1.jpeg\",\"datePublished\":\"2025-11-13T15:13:33+00:00\",\"dateModified\":\"2025-11-13T15:13:34+00:00\",\"breadcrumb\":{\"@id\":\"https:\/\/noticiaempauta.com\/portal\/prefeitura-de-picos-inicia-acoes-de-desassoreamento-e-limpeza-do-rio-guaribas\/#breadcrumb\"},\"inLanguage\":\"pt-BR\",\"potentialAction\":[{\"@type\":\"ReadAction\",\"target\":[\"https:\/\/noticiaempauta.com\/portal\/prefeitura-de-picos-inicia-acoes-de-desassoreamento-e-limpeza-do-rio-guaribas\/\"]}]},{\"@type\":\"ImageObject\",\"inLanguage\":\"pt-BR\",\"@id\":\"https:\/\/noticiaempauta.com\/portal\/prefeitura-de-picos-inicia-acoes-de-desassoreamento-e-limpeza-do-rio-guaribas\/#primaryimage\",\"url\":\"https:\/\/noticiaempauta.com\/portal\/wp-content\/uploads\/2025\/11\/WhatsApp-Image-2025-11-13-at-12.04.42-1.jpeg\",\"contentUrl\":\"https:\/\/noticiaempauta.com\/portal\/wp-content\/uploads\/2025\/11\/WhatsApp-Image-2025-11-13-at-12.04.42-1.jpeg\",\"width\":1600,\"height\":1067},{\"@type\":\"BreadcrumbList\",\"@id\":\"https:\/\/noticiaempauta.com\/portal\/prefeitura-de-picos-inicia-acoes-de-desassoreamento-e-limpeza-do-rio-guaribas\/#breadcrumb\",\"itemListElement\":[{\"@type\":\"ListItem\",\"position\":1,\"name\":\"P\u00e1gina Inicial\",\"item\":\"https:\/\/noticiaempauta.com\/portal\/\"},{\"@type\":\"ListItem\",\"position\":2,\"name\":\"Destaques\",\"item\":\"https:\/\/noticiaempauta.com\/portal\/destaques-site\/\"},{\"@type\":\"ListItem\",\"position\":3,\"name\":\"Prefeitura de Picos inicia a\u00e7\u00f5es de desassoreamento e limpeza do Rio Guaribas\"}]},{\"@type\":\"WebSite\",\"@id\":\"https:\/\/noticiaempauta.com\/portal\/#website\",\"url\":\"https:\/\/noticiaempauta.com\/portal\/\",\"name\":\"Portal Not\u00edcia em Pauta\",\"description\":\"Voc\u00ea bem informado\",\"publisher\":{\"@id\":\"https:\/\/noticiaempauta.com\/portal\/#organization\"},\"potentialAction\":[{\"@type\":\"SearchAction\",\"target\":{\"@type\":\"EntryPoint\",\"urlTemplate\":\"https:\/\/noticiaempauta.com\/portal\/?s={search_term_string}\"},\"query-input\":{\"@type\":\"PropertyValueSpecification\",\"valueRequired\":true,\"valueName\":\"search_term_string\"}}],\"inLanguage\":\"pt-BR\"},{\"@type\":\"Organization\",\"@id\":\"https:\/\/noticiaempauta.com\/portal\/#organization\",\"name\":\"Portal Not\u00edcia em Pauta\",\"url\":\"https:\/\/noticiaempauta.com\/portal\/\",\"logo\":{\"@type\":\"ImageObject\",\"inLanguage\":\"pt-BR\",\"@id\":\"https:\/\/noticiaempauta.com\/portal\/#\/schema\/logo\/image\/\",\"url\":\"https:\/\/noticiaempauta.com\/portal\/wp-content\/uploads\/2022\/08\/logomarca_tema.fw_.png\",\"contentUrl\":\"https:\/\/noticiaempauta.com\/portal\/wp-content\/uploads\/2022\/08\/logomarca_tema.fw_.png\",\"width\":400,\"height\":232,\"caption\":\"Portal Not\u00edcia em Pauta\"},\"image\":{\"@id\":\"https:\/\/noticiaempauta.com\/portal\/#\/schema\/logo\/image\/\"},\"sameAs\":[\"https:\/\/www.facebook.com\/Portal-Notcia-Em-Pauta-102292869264820\/\",\"https:\/\/www.instagram.com\/portalnoticiaempauta\/\"]},{\"@type\":\"Person\",\"@id\":\"https:\/\/noticiaempauta.com\/portal\/#\/schema\/person\/a74af43dd1ab3deca45f988c717d57ac\",\"name\":\"Reda\u00e7\u00e3o\",\"image\":{\"@type\":\"ImageObject\",\"inLanguage\":\"pt-BR\",\"@id\":\"https:\/\/noticiaempauta.com\/portal\/#\/schema\/person\/image\/\",\"url\":\"https:\/\/secure.gravatar.com\/avatar\/03179346ecce6cdfc13361603e8f54242a90e5cde8618fa23c5c00aa2b0aadf3?s=96&d=mm&r=g\",\"contentUrl\":\"https:\/\/secure.gravatar.com\/avatar\/03179346ecce6cdfc13361603e8f54242a90e5cde8618fa23c5c00aa2b0aadf3?s=96&d=mm&r=g\",\"caption\":\"Reda\u00e7\u00e3o\"},\"sameAs\":[\"https:\/\/noticiaempauta.com\/portal\/\"],\"url\":\"https:\/\/noticiaempauta.com\/portal\/author\/fernando\/\"}]}<\/script>\n<!-- \/ Yoast SEO Premium plugin. -->","yoast_head_json":{"title":"Prefeitura de Picos inicia a\u00e7\u00f5es de desassoreamento e limpeza do Rio Guaribas - Portal Not\u00edcia em Pauta","robots":{"index":"index","follow":"follow","max-snippet":"max-snippet:-1","max-image-preview":"max-image-preview:large","max-video-preview":"max-video-preview:-1"},"canonical":"https:\/\/noticiaempauta.com\/portal\/prefeitura-de-picos-inicia-acoes-de-desassoreamento-e-limpeza-do-rio-guaribas\/","og_locale":"pt_BR","og_type":"article","og_title":"Prefeitura de Picos inicia a\u00e7\u00f5es de desassoreamento e limpeza do Rio Guaribas","og_description":"A Prefeitura de Picos, por meio da Secretaria Municipal de Meio Ambiente e Recursos H\u00eddricos, iniciou as a\u00e7\u00f5es de apresenta\u00e7\u00e3o do projeto de revitaliza\u00e7\u00e3o, limpeza e desassoreamento do Rio Guaribas e de seus principais afluentes. A iniciativa tem como objetivo restaurar o curso natural das \u00e1guas, remover o excesso de res\u00edduos e vegeta\u00e7\u00e3o acumulada e [&hellip;]","og_url":"https:\/\/noticiaempauta.com\/portal\/prefeitura-de-picos-inicia-acoes-de-desassoreamento-e-limpeza-do-rio-guaribas\/","og_site_name":"Portal Not\u00edcia em Pauta","article_publisher":"https:\/\/www.facebook.com\/Portal-Notcia-Em-Pauta-102292869264820\/","article_published_time":"2025-11-13T15:13:33+00:00","article_modified_time":"2025-11-13T15:13:34+00:00","og_image":[{"width":1600,"height":1067,"url":"https:\/\/noticiaempauta.com\/portal\/wp-content\/uploads\/2025\/11\/WhatsApp-Image-2025-11-13-at-12.04.42-1.jpeg","type":"image\/jpeg"}],"author":"Reda\u00e7\u00e3o","twitter_card":"summary_large_image","twitter_misc":{"Escrito por":"Reda\u00e7\u00e3o","Est. tempo de leitura":"5 minutos"},"schema":{"@context":"https:\/\/schema.org","@graph":[{"@type":"Article","@id":"https:\/\/noticiaempauta.com\/portal\/prefeitura-de-picos-inicia-acoes-de-desassoreamento-e-limpeza-do-rio-guaribas\/#article","isPartOf":{"@id":"https:\/\/noticiaempauta.com\/portal\/prefeitura-de-picos-inicia-acoes-de-desassoreamento-e-limpeza-do-rio-guaribas\/"},"author":{"name":"Reda\u00e7\u00e3o","@id":"https:\/\/noticiaempauta.com\/portal\/#\/schema\/person\/a74af43dd1ab3deca45f988c717d57ac"},"headline":"Prefeitura de Picos inicia a\u00e7\u00f5es de desassoreamento e limpeza do Rio Guaribas","datePublished":"2025-11-13T15:13:33+00:00","dateModified":"2025-11-13T15:13:34+00:00","mainEntityOfPage":{"@id":"https:\/\/noticiaempauta.com\/portal\/prefeitura-de-picos-inicia-acoes-de-desassoreamento-e-limpeza-do-rio-guaribas\/"},"wordCount":591,"commentCount":0,"publisher":{"@id":"https:\/\/noticiaempauta.com\/portal\/#organization"},"image":{"@id":"https:\/\/noticiaempauta.com\/portal\/prefeitura-de-picos-inicia-acoes-de-desassoreamento-e-limpeza-do-rio-guaribas\/#primaryimage"},"thumbnailUrl":"https:\/\/noticiaempauta.com\/portal\/wp-content\/uploads\/2025\/11\/WhatsApp-Image-2025-11-13-at-12.04.42-1.jpeg","articleSection":["Destaques","Geral","Todas as Not\u00edcias"],"inLanguage":"pt-BR","potentialAction":[{"@type":"CommentAction","name":"Comment","target":["https:\/\/noticiaempauta.com\/portal\/prefeitura-de-picos-inicia-acoes-de-desassoreamento-e-limpeza-do-rio-guaribas\/#respond"]}]},{"@type":"WebPage","@id":"https:\/\/noticiaempauta.com\/portal\/prefeitura-de-picos-inicia-acoes-de-desassoreamento-e-limpeza-do-rio-guaribas\/","url":"https:\/\/noticiaempauta.com\/portal\/prefeitura-de-picos-inicia-acoes-de-desassoreamento-e-limpeza-do-rio-guaribas\/","name":"Prefeitura de Picos inicia a\u00e7\u00f5es de desassoreamento e limpeza do Rio Guaribas - Portal Not\u00edcia em Pauta","isPartOf":{"@id":"https:\/\/noticiaempauta.com\/portal\/#website"},"primaryImageOfPage":{"@id":"https:\/\/noticiaempauta.com\/portal\/prefeitura-de-picos-inicia-acoes-de-desassoreamento-e-limpeza-do-rio-guaribas\/#primaryimage"},"image":{"@id":"https:\/\/noticiaempauta.com\/portal\/prefeitura-de-picos-inicia-acoes-de-desassoreamento-e-limpeza-do-rio-guaribas\/#primaryimage"},"thumbnailUrl":"https:\/\/noticiaempauta.com\/portal\/wp-content\/uploads\/2025\/11\/WhatsApp-Image-2025-11-13-at-12.04.42-1.jpeg","datePublished":"2025-11-13T15:13:33+00:00","dateModified":"2025-11-13T15:13:34+00:00","breadcrumb":{"@id":"https:\/\/noticiaempauta.com\/portal\/prefeitura-de-picos-inicia-acoes-de-desassoreamento-e-limpeza-do-rio-guaribas\/#breadcrumb"},"inLanguage":"pt-BR","potentialAction":[{"@type":"ReadAction","target":["https:\/\/noticiaempauta.com\/portal\/prefeitura-de-picos-inicia-acoes-de-desassoreamento-e-limpeza-do-rio-guaribas\/"]}]},{"@type":"ImageObject","inLanguage":"pt-BR","@id":"https:\/\/noticiaempauta.com\/portal\/prefeitura-de-picos-inicia-acoes-de-desassoreamento-e-limpeza-do-rio-guaribas\/#primaryimage","url":"https:\/\/noticiaempauta.com\/portal\/wp-content\/uploads\/2025\/11\/WhatsApp-Image-2025-11-13-at-12.04.42-1.jpeg","contentUrl":"https:\/\/noticiaempauta.com\/portal\/wp-content\/uploads\/2025\/11\/WhatsApp-Image-2025-11-13-at-12.04.42-1.jpeg","width":1600,"height":1067},{"@type":"BreadcrumbList","@id":"https:\/\/noticiaempauta.com\/portal\/prefeitura-de-picos-inicia-acoes-de-desassoreamento-e-limpeza-do-rio-guaribas\/#breadcrumb","itemListElement":[{"@type":"ListItem","position":1,"name":"P\u00e1gina Inicial","item":"https:\/\/noticiaempauta.com\/portal\/"},{"@type":"ListItem","position":2,"name":"Destaques","item":"https:\/\/noticiaempauta.com\/portal\/destaques-site\/"},{"@type":"ListItem","position":3,"name":"Prefeitura de Picos inicia a\u00e7\u00f5es de desassoreamento e limpeza do Rio Guaribas"}]},{"@type":"WebSite","@id":"https:\/\/noticiaempauta.com\/portal\/#website","url":"https:\/\/noticiaempauta.com\/portal\/","name":"Portal Not\u00edcia em Pauta","description":"Voc\u00ea bem informado","publisher":{"@id":"https:\/\/noticiaempauta.com\/portal\/#organization"},"potentialAction":[{"@type":"SearchAction","target":{"@type":"EntryPoint","urlTemplate":"https:\/\/noticiaempauta.com\/portal\/?s={search_term_string}"},"query-input":{"@type":"PropertyValueSpecification","valueRequired":true,"valueName":"search_term_string"}}],"inLanguage":"pt-BR"},{"@type":"Organization","@id":"https:\/\/noticiaempauta.com\/portal\/#organization","name":"Portal Not\u00edcia em Pauta","url":"https:\/\/noticiaempauta.com\/portal\/","logo":{"@type":"ImageObject","inLanguage":"pt-BR","@id":"https:\/\/noticiaempauta.com\/portal\/#\/schema\/logo\/image\/","url":"https:\/\/noticiaempauta.com\/portal\/wp-content\/uploads\/2022\/08\/logomarca_tema.fw_.png","contentUrl":"https:\/\/noticiaempauta.com\/portal\/wp-content\/uploads\/2022\/08\/logomarca_tema.fw_.png","width":400,"height":232,"caption":"Portal Not\u00edcia em Pauta"},"image":{"@id":"https:\/\/noticiaempauta.com\/portal\/#\/schema\/logo\/image\/"},"sameAs":["https:\/\/www.facebook.com\/Portal-Notcia-Em-Pauta-102292869264820\/","https:\/\/www.instagram.com\/portalnoticiaempauta\/"]},{"@type":"Person","@id":"https:\/\/noticiaempauta.com\/portal\/#\/schema\/person\/a74af43dd1ab3deca45f988c717d57ac","name":"Reda\u00e7\u00e3o","image":{"@type":"ImageObject","inLanguage":"pt-BR","@id":"https:\/\/noticiaempauta.com\/portal\/#\/schema\/person\/image\/","url":"https:\/\/secure.gravatar.com\/avatar\/03179346ecce6cdfc13361603e8f54242a90e5cde8618fa23c5c00aa2b0aadf3?s=96&d=mm&r=g","contentUrl":"https:\/\/secure.gravatar.com\/avatar\/03179346ecce6cdfc13361603e8f54242a90e5cde8618fa23c5c00aa2b0aadf3?s=96&d=mm&r=g","caption":"Reda\u00e7\u00e3o"},"sameAs":["https:\/\/noticiaempauta.com\/portal\/"],"url":"https:\/\/noticiaempauta.com\/portal\/author\/fernando\/"}]}},"_links":{"self":[{"href":"https:\/\/noticiaempauta.com\/portal\/wp-json\/wp\/v2\/posts\/280606","targetHints":{"allow":["GET"]}}],"collection":[{"href":"https:\/\/noticiaempauta.com\/portal\/wp-json\/wp\/v2\/posts"}],"about":[{"href":"https:\/\/noticiaempauta.com\/portal\/wp-json\/wp\/v2\/types\/post"}],"author":[{"embeddable":true,"href":"https:\/\/noticiaempauta.com\/portal\/wp-json\/wp\/v2\/users\/2"}],"replies":[{"embeddable":true,"href":"https:\/\/noticiaempauta.com\/portal\/wp-json\/wp\/v2\/comments?post=280606"}],"version-history":[{"count":2,"href":"https:\/\/noticiaempauta.com\/portal\/wp-json\/wp\/v2\/posts\/280606\/revisions"}],"predecessor-version":[{"id":280614,"href":"https:\/\/noticiaempauta.com\/portal\/wp-json\/wp\/v2\/posts\/280606\/revisions\/280614"}],"wp:featuredmedia":[{"embeddable":true,"href":"https:\/\/noticiaempauta.com\/portal\/wp-json\/wp\/v2\/media\/280609"}],"wp:attachment":[{"href":"https:\/\/noticiaempauta.com\/portal\/wp-json\/wp\/v2\/media?parent=280606"}],"wp:term":[{"taxonomy":"category","embeddable":true,"href":"https:\/\/noticiaempauta.com\/portal\/wp-json\/wp\/v2\/categories?post=280606"},{"taxonomy":"post_tag","embeddable":true,"href":"https:\/\/noticiaempauta.com\/portal\/wp-json\/wp\/v2\/tags?post=280606"}],"curies":[{"name":"wp","href":"https:\/\/api.w.org\/{rel}","templated":true}]}}