{"id":280615,"date":"2025-11-13T17:30:21","date_gmt":"2025-11-13T20:30:21","guid":{"rendered":"https:\/\/noticiaempauta.com\/portal\/?p=280615"},"modified":"2025-11-13T17:30:22","modified_gmt":"2025-11-13T20:30:22","slug":"povoado-fatima-do-piaui-recebe-projeto-semtas-na-comunidade","status":"publish","type":"post","link":"https:\/\/noticiaempauta.com\/portal\/povoado-fatima-do-piaui-recebe-projeto-semtas-na-comunidade\/","title":{"rendered":"Povoado F\u00e1tima do Piau\u00ed recebe \u201cProjeto Semtas na Comunidade\u201d"},"content":{"rendered":"\n<p>A Prefeitura de Picos, atrav\u00e9s da SEMTAS (Secretaria Municipal de Trabalho e Assist\u00eancia Social), realizou, nesta \u00faltima quarta-feira (12), mais uma etapa do \u201cProjeto Semtas na Comunidade\u201d.<\/p>\n\n\n\n<figure class=\"wp-block-image size-large\"><img fetchpriority=\"high\" decoding=\"async\" width=\"1024\" height=\"768\" src=\"https:\/\/noticiaempauta.com\/portal\/wp-content\/uploads\/2025\/11\/IMG_6312-1024x768.jpeg\" alt=\"\" class=\"wp-image-280616\" srcset=\"https:\/\/noticiaempauta.com\/portal\/wp-content\/uploads\/2025\/11\/IMG_6312-1024x768.jpeg 1024w, https:\/\/noticiaempauta.com\/portal\/wp-content\/uploads\/2025\/11\/IMG_6312-300x225.jpeg 300w, https:\/\/noticiaempauta.com\/portal\/wp-content\/uploads\/2025\/11\/IMG_6312-768x576.jpeg 768w, https:\/\/noticiaempauta.com\/portal\/wp-content\/uploads\/2025\/11\/IMG_6312.jpeg 1428w\" sizes=\"(max-width: 1024px) 100vw, 1024px\" \/><\/figure>\n\n\n\n<p>Depois do Bairro Morro da Macambira foi a vez da Regi\u00e3o do Povoado F\u00e1tima do Piau\u00ed receber a a\u00e7\u00e3o que levou in\u00fameros servi\u00e7os, atendimentos, orienta\u00e7\u00f5es e cidadania para mais perto da popula\u00e7\u00e3o picoense.<\/p>\n\n\n\n<figure class=\"wp-block-image size-full\"><img decoding=\"async\" width=\"640\" height=\"480\" src=\"https:\/\/noticiaempauta.com\/portal\/wp-content\/uploads\/2025\/11\/IMG_6314.jpeg\" alt=\"\" class=\"wp-image-280617\" srcset=\"https:\/\/noticiaempauta.com\/portal\/wp-content\/uploads\/2025\/11\/IMG_6314.jpeg 640w, https:\/\/noticiaempauta.com\/portal\/wp-content\/uploads\/2025\/11\/IMG_6314-300x225.jpeg 300w\" sizes=\"(max-width: 640px) 100vw, 640px\" \/><\/figure>\n\n\n\n<p>Dezenas de pessoas compareceram \u00e0 Escola Municipal Helv\u00eddio Nunes de Barros onde o \u201cProjeto Semtas na Comunidade\u201d disponibilizou atualiza\u00e7\u00e3o do Cadastro \u00danico \/ Bolsa Fam\u00edlia, emiss\u00e3o de Carteira de Identidade, Carteira do autista, Carteira do idoso, Carteira de fibromialgia, Passe livre do idoso, Passe livre autista e PCD, Passe cultural autista e PCD, ID Jovem e orienta\u00e7\u00e3o para acesso ao Benef\u00edcio de Presta\u00e7\u00e3o Continuada.<\/p>\n\n\n\n<figure class=\"wp-block-image size-full\"><img decoding=\"async\" width=\"640\" height=\"480\" src=\"https:\/\/noticiaempauta.com\/portal\/wp-content\/uploads\/2025\/11\/IMG_6313.jpeg\" alt=\"\" class=\"wp-image-280618\" srcset=\"https:\/\/noticiaempauta.com\/portal\/wp-content\/uploads\/2025\/11\/IMG_6313.jpeg 640w, https:\/\/noticiaempauta.com\/portal\/wp-content\/uploads\/2025\/11\/IMG_6313-300x225.jpeg 300w\" sizes=\"(max-width: 640px) 100vw, 640px\" \/><\/figure>\n\n\n\n<p>Tamb\u00e9m foram realizadas atividades l\u00fadicas para as crian\u00e7as, atendimentos ao consumidor com o PROCON, al\u00e9m de ofertados servi\u00e7os da Secretaria de Sa\u00fade, como medi\u00e7\u00e3o de press\u00e3o arterial, teste de glicemia, orienta\u00e7\u00f5es e distribui\u00e7\u00e3o de materiais.<\/p>\n\n\n\n<figure class=\"wp-block-image size-full\"><img loading=\"lazy\" decoding=\"async\" width=\"640\" height=\"480\" src=\"https:\/\/noticiaempauta.com\/portal\/wp-content\/uploads\/2025\/11\/IMG_6316.jpeg\" alt=\"\" class=\"wp-image-280619\" srcset=\"https:\/\/noticiaempauta.com\/portal\/wp-content\/uploads\/2025\/11\/IMG_6316.jpeg 640w, https:\/\/noticiaempauta.com\/portal\/wp-content\/uploads\/2025\/11\/IMG_6316-300x225.jpeg 300w\" sizes=\"(max-width: 640px) 100vw, 640px\" \/><\/figure>\n\n\n\n<p>A iniciativa ainda contou com o cadastramento para tarifa social de energia e efetuou a troca de l\u00e2mpadas ineficientes por l\u00e2mpadas de LED.<\/p>\n\n\n\n<figure class=\"wp-block-image size-full\"><img loading=\"lazy\" decoding=\"async\" width=\"640\" height=\"480\" src=\"https:\/\/noticiaempauta.com\/portal\/wp-content\/uploads\/2025\/11\/IMG_6315.jpeg\" alt=\"\" class=\"wp-image-280620\" srcset=\"https:\/\/noticiaempauta.com\/portal\/wp-content\/uploads\/2025\/11\/IMG_6315.jpeg 640w, https:\/\/noticiaempauta.com\/portal\/wp-content\/uploads\/2025\/11\/IMG_6315-300x225.jpeg 300w\" sizes=\"(max-width: 640px) 100vw, 640px\" \/><\/figure>\n\n\n\n<p>Al\u00e9m da popula\u00e7\u00e3o do Povoado F\u00e1tima do Piau\u00ed, essa segunda etapa do \u201cProjeto Semtas na Comunidade\u201d beneficiou moradores das localidades Tr\u00eas Potes, Chapada do Fio, Mirol\u00e2ndia e comunidades circunvizinhas.<\/p>\n\n\n\n<p>Em breve a Secretaria Municipal de Trabalho e Assist\u00eancia Social ir\u00e1 divulgar o pr\u00f3ximo destino do Projeto.<\/p>\n\n\n\n<p>Al\u00e9m da popula\u00e7\u00e3o do Povoado F\u00e1tima do Piau\u00ed, essa segunda etapa do \u201cProjeto Semtas na Comunidade\u201d beneficiou moradores das localidades Tr\u00eas Potes, Chapada do Fio, Mirol\u00e2ndia e comunidades circunvizinhas.<\/p>\n\n\n\n<p>Em breve a Secretaria Municipal de Trabalho e Assist\u00eancia Social ir\u00e1 divulgar o pr\u00f3ximo destino do Projeto.<\/p>\n\n\n\n<p>SECOM<\/p>\n","protected":false},"excerpt":{"rendered":"<p>A Prefeitura de Picos, atrav\u00e9s da SEMTAS (Secretaria Municipal de Trabalho e Assist\u00eancia Social), realizou, nesta \u00faltima quarta-feira (12), mais uma etapa do \u201cProjeto Semtas na Comunidade\u201d. Depois do Bairro Morro da Macambira foi a vez da Regi\u00e3o do Povoado F\u00e1tima do Piau\u00ed receber a a\u00e7\u00e3o que levou in\u00fameros servi\u00e7os, atendimentos, orienta\u00e7\u00f5es e cidadania para [&hellip;]<\/p>\n","protected":false},"author":2,"featured_media":280616,"comment_status":"open","ping_status":"open","sticky":false,"template":"","format":"standard","meta":{"_mi_skip_tracking":false,"footnotes":""},"categories":[1,16],"tags":[],"class_list":["post-280615","post","type-post","status-publish","format-standard","has-post-thumbnail","hentry","category-geral","category-todas"],"acf":[],"yoast_head":"<!-- This site is optimized with the Yoast SEO Premium plugin v19.2 (Yoast SEO v26.9) - https:\/\/yoast.com\/product\/yoast-seo-premium-wordpress\/ -->\n<title>Povoado F\u00e1tima do Piau\u00ed recebe \u201cProjeto Semtas na Comunidade\u201d - Portal Not\u00edcia em Pauta<\/title>\n<meta name=\"robots\" content=\"index, follow, max-snippet:-1, max-image-preview:large, max-video-preview:-1\" \/>\n<link rel=\"canonical\" href=\"https:\/\/noticiaempauta.com\/portal\/povoado-fatima-do-piaui-recebe-projeto-semtas-na-comunidade\/\" \/>\n<meta property=\"og:locale\" content=\"pt_BR\" \/>\n<meta property=\"og:type\" content=\"article\" \/>\n<meta property=\"og:title\" content=\"Povoado F\u00e1tima do Piau\u00ed recebe \u201cProjeto Semtas na Comunidade\u201d\" \/>\n<meta property=\"og:description\" content=\"A Prefeitura de Picos, atrav\u00e9s da SEMTAS (Secretaria Municipal de Trabalho e Assist\u00eancia Social), realizou, nesta \u00faltima quarta-feira (12), mais uma etapa do \u201cProjeto Semtas na Comunidade\u201d. Depois do Bairro Morro da Macambira foi a vez da Regi\u00e3o do Povoado F\u00e1tima do Piau\u00ed receber a a\u00e7\u00e3o que levou in\u00fameros servi\u00e7os, atendimentos, orienta\u00e7\u00f5es e cidadania para [&hellip;]\" \/>\n<meta property=\"og:url\" content=\"https:\/\/noticiaempauta.com\/portal\/povoado-fatima-do-piaui-recebe-projeto-semtas-na-comunidade\/\" \/>\n<meta property=\"og:site_name\" content=\"Portal Not\u00edcia em Pauta\" \/>\n<meta property=\"article:publisher\" content=\"https:\/\/www.facebook.com\/Portal-Notcia-Em-Pauta-102292869264820\/\" \/>\n<meta property=\"article:published_time\" content=\"2025-11-13T20:30:21+00:00\" \/>\n<meta property=\"article:modified_time\" content=\"2025-11-13T20:30:22+00:00\" \/>\n<meta property=\"og:image\" content=\"https:\/\/noticiaempauta.com\/portal\/wp-content\/uploads\/2025\/11\/IMG_6312.jpeg\" \/>\n\t<meta property=\"og:image:width\" content=\"1428\" \/>\n\t<meta property=\"og:image:height\" content=\"1071\" \/>\n\t<meta property=\"og:image:type\" content=\"image\/jpeg\" \/>\n<meta name=\"author\" content=\"Reda\u00e7\u00e3o\" \/>\n<meta name=\"twitter:card\" content=\"summary_large_image\" \/>\n<meta name=\"twitter:label1\" content=\"Escrito por\" \/>\n\t<meta name=\"twitter:data1\" content=\"Reda\u00e7\u00e3o\" \/>\n\t<meta name=\"twitter:label2\" content=\"Est. tempo de leitura\" \/>\n\t<meta name=\"twitter:data2\" content=\"3 minutos\" \/>\n<script type=\"application\/ld+json\" class=\"yoast-schema-graph\">{\"@context\":\"https:\/\/schema.org\",\"@graph\":[{\"@type\":\"Article\",\"@id\":\"https:\/\/noticiaempauta.com\/portal\/povoado-fatima-do-piaui-recebe-projeto-semtas-na-comunidade\/#article\",\"isPartOf\":{\"@id\":\"https:\/\/noticiaempauta.com\/portal\/povoado-fatima-do-piaui-recebe-projeto-semtas-na-comunidade\/\"},\"author\":{\"name\":\"Reda\u00e7\u00e3o\",\"@id\":\"https:\/\/noticiaempauta.com\/portal\/#\/schema\/person\/a74af43dd1ab3deca45f988c717d57ac\"},\"headline\":\"Povoado F\u00e1tima do Piau\u00ed recebe \u201cProjeto Semtas na Comunidade\u201d\",\"datePublished\":\"2025-11-13T20:30:21+00:00\",\"dateModified\":\"2025-11-13T20:30:22+00:00\",\"mainEntityOfPage\":{\"@id\":\"https:\/\/noticiaempauta.com\/portal\/povoado-fatima-do-piaui-recebe-projeto-semtas-na-comunidade\/\"},\"wordCount\":324,\"commentCount\":0,\"publisher\":{\"@id\":\"https:\/\/noticiaempauta.com\/portal\/#organization\"},\"image\":{\"@id\":\"https:\/\/noticiaempauta.com\/portal\/povoado-fatima-do-piaui-recebe-projeto-semtas-na-comunidade\/#primaryimage\"},\"thumbnailUrl\":\"https:\/\/noticiaempauta.com\/portal\/wp-content\/uploads\/2025\/11\/IMG_6312.jpeg\",\"articleSection\":[\"Geral\",\"Todas as Not\u00edcias\"],\"inLanguage\":\"pt-BR\",\"potentialAction\":[{\"@type\":\"CommentAction\",\"name\":\"Comment\",\"target\":[\"https:\/\/noticiaempauta.com\/portal\/povoado-fatima-do-piaui-recebe-projeto-semtas-na-comunidade\/#respond\"]}]},{\"@type\":\"WebPage\",\"@id\":\"https:\/\/noticiaempauta.com\/portal\/povoado-fatima-do-piaui-recebe-projeto-semtas-na-comunidade\/\",\"url\":\"https:\/\/noticiaempauta.com\/portal\/povoado-fatima-do-piaui-recebe-projeto-semtas-na-comunidade\/\",\"name\":\"Povoado F\u00e1tima do Piau\u00ed recebe \u201cProjeto Semtas na Comunidade\u201d - Portal Not\u00edcia em Pauta\",\"isPartOf\":{\"@id\":\"https:\/\/noticiaempauta.com\/portal\/#website\"},\"primaryImageOfPage\":{\"@id\":\"https:\/\/noticiaempauta.com\/portal\/povoado-fatima-do-piaui-recebe-projeto-semtas-na-comunidade\/#primaryimage\"},\"image\":{\"@id\":\"https:\/\/noticiaempauta.com\/portal\/povoado-fatima-do-piaui-recebe-projeto-semtas-na-comunidade\/#primaryimage\"},\"thumbnailUrl\":\"https:\/\/noticiaempauta.com\/portal\/wp-content\/uploads\/2025\/11\/IMG_6312.jpeg\",\"datePublished\":\"2025-11-13T20:30:21+00:00\",\"dateModified\":\"2025-11-13T20:30:22+00:00\",\"breadcrumb\":{\"@id\":\"https:\/\/noticiaempauta.com\/portal\/povoado-fatima-do-piaui-recebe-projeto-semtas-na-comunidade\/#breadcrumb\"},\"inLanguage\":\"pt-BR\",\"potentialAction\":[{\"@type\":\"ReadAction\",\"target\":[\"https:\/\/noticiaempauta.com\/portal\/povoado-fatima-do-piaui-recebe-projeto-semtas-na-comunidade\/\"]}]},{\"@type\":\"ImageObject\",\"inLanguage\":\"pt-BR\",\"@id\":\"https:\/\/noticiaempauta.com\/portal\/povoado-fatima-do-piaui-recebe-projeto-semtas-na-comunidade\/#primaryimage\",\"url\":\"https:\/\/noticiaempauta.com\/portal\/wp-content\/uploads\/2025\/11\/IMG_6312.jpeg\",\"contentUrl\":\"https:\/\/noticiaempauta.com\/portal\/wp-content\/uploads\/2025\/11\/IMG_6312.jpeg\",\"width\":1428,\"height\":1071},{\"@type\":\"BreadcrumbList\",\"@id\":\"https:\/\/noticiaempauta.com\/portal\/povoado-fatima-do-piaui-recebe-projeto-semtas-na-comunidade\/#breadcrumb\",\"itemListElement\":[{\"@type\":\"ListItem\",\"position\":1,\"name\":\"P\u00e1gina Inicial\",\"item\":\"https:\/\/noticiaempauta.com\/portal\/\"},{\"@type\":\"ListItem\",\"position\":2,\"name\":\"Geral\",\"item\":\"https:\/\/noticiaempauta.com\/portal\/geral\/\"},{\"@type\":\"ListItem\",\"position\":3,\"name\":\"Povoado F\u00e1tima do Piau\u00ed recebe \u201cProjeto Semtas na Comunidade\u201d\"}]},{\"@type\":\"WebSite\",\"@id\":\"https:\/\/noticiaempauta.com\/portal\/#website\",\"url\":\"https:\/\/noticiaempauta.com\/portal\/\",\"name\":\"Portal Not\u00edcia em Pauta\",\"description\":\"Voc\u00ea bem informado\",\"publisher\":{\"@id\":\"https:\/\/noticiaempauta.com\/portal\/#organization\"},\"potentialAction\":[{\"@type\":\"SearchAction\",\"target\":{\"@type\":\"EntryPoint\",\"urlTemplate\":\"https:\/\/noticiaempauta.com\/portal\/?s={search_term_string}\"},\"query-input\":{\"@type\":\"PropertyValueSpecification\",\"valueRequired\":true,\"valueName\":\"search_term_string\"}}],\"inLanguage\":\"pt-BR\"},{\"@type\":\"Organization\",\"@id\":\"https:\/\/noticiaempauta.com\/portal\/#organization\",\"name\":\"Portal Not\u00edcia em Pauta\",\"url\":\"https:\/\/noticiaempauta.com\/portal\/\",\"logo\":{\"@type\":\"ImageObject\",\"inLanguage\":\"pt-BR\",\"@id\":\"https:\/\/noticiaempauta.com\/portal\/#\/schema\/logo\/image\/\",\"url\":\"https:\/\/noticiaempauta.com\/portal\/wp-content\/uploads\/2022\/08\/logomarca_tema.fw_.png\",\"contentUrl\":\"https:\/\/noticiaempauta.com\/portal\/wp-content\/uploads\/2022\/08\/logomarca_tema.fw_.png\",\"width\":400,\"height\":232,\"caption\":\"Portal Not\u00edcia em Pauta\"},\"image\":{\"@id\":\"https:\/\/noticiaempauta.com\/portal\/#\/schema\/logo\/image\/\"},\"sameAs\":[\"https:\/\/www.facebook.com\/Portal-Notcia-Em-Pauta-102292869264820\/\",\"https:\/\/www.instagram.com\/portalnoticiaempauta\/\"]},{\"@type\":\"Person\",\"@id\":\"https:\/\/noticiaempauta.com\/portal\/#\/schema\/person\/a74af43dd1ab3deca45f988c717d57ac\",\"name\":\"Reda\u00e7\u00e3o\",\"image\":{\"@type\":\"ImageObject\",\"inLanguage\":\"pt-BR\",\"@id\":\"https:\/\/noticiaempauta.com\/portal\/#\/schema\/person\/image\/\",\"url\":\"https:\/\/secure.gravatar.com\/avatar\/03179346ecce6cdfc13361603e8f54242a90e5cde8618fa23c5c00aa2b0aadf3?s=96&d=mm&r=g\",\"contentUrl\":\"https:\/\/secure.gravatar.com\/avatar\/03179346ecce6cdfc13361603e8f54242a90e5cde8618fa23c5c00aa2b0aadf3?s=96&d=mm&r=g\",\"caption\":\"Reda\u00e7\u00e3o\"},\"sameAs\":[\"https:\/\/noticiaempauta.com\/portal\/\"],\"url\":\"https:\/\/noticiaempauta.com\/portal\/author\/fernando\/\"}]}<\/script>\n<!-- \/ Yoast SEO Premium plugin. -->","yoast_head_json":{"title":"Povoado F\u00e1tima do Piau\u00ed recebe \u201cProjeto Semtas na Comunidade\u201d - Portal Not\u00edcia em Pauta","robots":{"index":"index","follow":"follow","max-snippet":"max-snippet:-1","max-image-preview":"max-image-preview:large","max-video-preview":"max-video-preview:-1"},"canonical":"https:\/\/noticiaempauta.com\/portal\/povoado-fatima-do-piaui-recebe-projeto-semtas-na-comunidade\/","og_locale":"pt_BR","og_type":"article","og_title":"Povoado F\u00e1tima do Piau\u00ed recebe \u201cProjeto Semtas na Comunidade\u201d","og_description":"A Prefeitura de Picos, atrav\u00e9s da SEMTAS (Secretaria Municipal de Trabalho e Assist\u00eancia Social), realizou, nesta \u00faltima quarta-feira (12), mais uma etapa do \u201cProjeto Semtas na Comunidade\u201d. Depois do Bairro Morro da Macambira foi a vez da Regi\u00e3o do Povoado F\u00e1tima do Piau\u00ed receber a a\u00e7\u00e3o que levou in\u00fameros servi\u00e7os, atendimentos, orienta\u00e7\u00f5es e cidadania para [&hellip;]","og_url":"https:\/\/noticiaempauta.com\/portal\/povoado-fatima-do-piaui-recebe-projeto-semtas-na-comunidade\/","og_site_name":"Portal Not\u00edcia em Pauta","article_publisher":"https:\/\/www.facebook.com\/Portal-Notcia-Em-Pauta-102292869264820\/","article_published_time":"2025-11-13T20:30:21+00:00","article_modified_time":"2025-11-13T20:30:22+00:00","og_image":[{"width":1428,"height":1071,"url":"https:\/\/noticiaempauta.com\/portal\/wp-content\/uploads\/2025\/11\/IMG_6312.jpeg","type":"image\/jpeg"}],"author":"Reda\u00e7\u00e3o","twitter_card":"summary_large_image","twitter_misc":{"Escrito por":"Reda\u00e7\u00e3o","Est. tempo de leitura":"3 minutos"},"schema":{"@context":"https:\/\/schema.org","@graph":[{"@type":"Article","@id":"https:\/\/noticiaempauta.com\/portal\/povoado-fatima-do-piaui-recebe-projeto-semtas-na-comunidade\/#article","isPartOf":{"@id":"https:\/\/noticiaempauta.com\/portal\/povoado-fatima-do-piaui-recebe-projeto-semtas-na-comunidade\/"},"author":{"name":"Reda\u00e7\u00e3o","@id":"https:\/\/noticiaempauta.com\/portal\/#\/schema\/person\/a74af43dd1ab3deca45f988c717d57ac"},"headline":"Povoado F\u00e1tima do Piau\u00ed recebe \u201cProjeto Semtas na Comunidade\u201d","datePublished":"2025-11-13T20:30:21+00:00","dateModified":"2025-11-13T20:30:22+00:00","mainEntityOfPage":{"@id":"https:\/\/noticiaempauta.com\/portal\/povoado-fatima-do-piaui-recebe-projeto-semtas-na-comunidade\/"},"wordCount":324,"commentCount":0,"publisher":{"@id":"https:\/\/noticiaempauta.com\/portal\/#organization"},"image":{"@id":"https:\/\/noticiaempauta.com\/portal\/povoado-fatima-do-piaui-recebe-projeto-semtas-na-comunidade\/#primaryimage"},"thumbnailUrl":"https:\/\/noticiaempauta.com\/portal\/wp-content\/uploads\/2025\/11\/IMG_6312.jpeg","articleSection":["Geral","Todas as Not\u00edcias"],"inLanguage":"pt-BR","potentialAction":[{"@type":"CommentAction","name":"Comment","target":["https:\/\/noticiaempauta.com\/portal\/povoado-fatima-do-piaui-recebe-projeto-semtas-na-comunidade\/#respond"]}]},{"@type":"WebPage","@id":"https:\/\/noticiaempauta.com\/portal\/povoado-fatima-do-piaui-recebe-projeto-semtas-na-comunidade\/","url":"https:\/\/noticiaempauta.com\/portal\/povoado-fatima-do-piaui-recebe-projeto-semtas-na-comunidade\/","name":"Povoado F\u00e1tima do Piau\u00ed recebe \u201cProjeto Semtas na Comunidade\u201d - Portal Not\u00edcia em Pauta","isPartOf":{"@id":"https:\/\/noticiaempauta.com\/portal\/#website"},"primaryImageOfPage":{"@id":"https:\/\/noticiaempauta.com\/portal\/povoado-fatima-do-piaui-recebe-projeto-semtas-na-comunidade\/#primaryimage"},"image":{"@id":"https:\/\/noticiaempauta.com\/portal\/povoado-fatima-do-piaui-recebe-projeto-semtas-na-comunidade\/#primaryimage"},"thumbnailUrl":"https:\/\/noticiaempauta.com\/portal\/wp-content\/uploads\/2025\/11\/IMG_6312.jpeg","datePublished":"2025-11-13T20:30:21+00:00","dateModified":"2025-11-13T20:30:22+00:00","breadcrumb":{"@id":"https:\/\/noticiaempauta.com\/portal\/povoado-fatima-do-piaui-recebe-projeto-semtas-na-comunidade\/#breadcrumb"},"inLanguage":"pt-BR","potentialAction":[{"@type":"ReadAction","target":["https:\/\/noticiaempauta.com\/portal\/povoado-fatima-do-piaui-recebe-projeto-semtas-na-comunidade\/"]}]},{"@type":"ImageObject","inLanguage":"pt-BR","@id":"https:\/\/noticiaempauta.com\/portal\/povoado-fatima-do-piaui-recebe-projeto-semtas-na-comunidade\/#primaryimage","url":"https:\/\/noticiaempauta.com\/portal\/wp-content\/uploads\/2025\/11\/IMG_6312.jpeg","contentUrl":"https:\/\/noticiaempauta.com\/portal\/wp-content\/uploads\/2025\/11\/IMG_6312.jpeg","width":1428,"height":1071},{"@type":"BreadcrumbList","@id":"https:\/\/noticiaempauta.com\/portal\/povoado-fatima-do-piaui-recebe-projeto-semtas-na-comunidade\/#breadcrumb","itemListElement":[{"@type":"ListItem","position":1,"name":"P\u00e1gina Inicial","item":"https:\/\/noticiaempauta.com\/portal\/"},{"@type":"ListItem","position":2,"name":"Geral","item":"https:\/\/noticiaempauta.com\/portal\/geral\/"},{"@type":"ListItem","position":3,"name":"Povoado F\u00e1tima do Piau\u00ed recebe \u201cProjeto Semtas na Comunidade\u201d"}]},{"@type":"WebSite","@id":"https:\/\/noticiaempauta.com\/portal\/#website","url":"https:\/\/noticiaempauta.com\/portal\/","name":"Portal Not\u00edcia em Pauta","description":"Voc\u00ea bem informado","publisher":{"@id":"https:\/\/noticiaempauta.com\/portal\/#organization"},"potentialAction":[{"@type":"SearchAction","target":{"@type":"EntryPoint","urlTemplate":"https:\/\/noticiaempauta.com\/portal\/?s={search_term_string}"},"query-input":{"@type":"PropertyValueSpecification","valueRequired":true,"valueName":"search_term_string"}}],"inLanguage":"pt-BR"},{"@type":"Organization","@id":"https:\/\/noticiaempauta.com\/portal\/#organization","name":"Portal Not\u00edcia em Pauta","url":"https:\/\/noticiaempauta.com\/portal\/","logo":{"@type":"ImageObject","inLanguage":"pt-BR","@id":"https:\/\/noticiaempauta.com\/portal\/#\/schema\/logo\/image\/","url":"https:\/\/noticiaempauta.com\/portal\/wp-content\/uploads\/2022\/08\/logomarca_tema.fw_.png","contentUrl":"https:\/\/noticiaempauta.com\/portal\/wp-content\/uploads\/2022\/08\/logomarca_tema.fw_.png","width":400,"height":232,"caption":"Portal Not\u00edcia em Pauta"},"image":{"@id":"https:\/\/noticiaempauta.com\/portal\/#\/schema\/logo\/image\/"},"sameAs":["https:\/\/www.facebook.com\/Portal-Notcia-Em-Pauta-102292869264820\/","https:\/\/www.instagram.com\/portalnoticiaempauta\/"]},{"@type":"Person","@id":"https:\/\/noticiaempauta.com\/portal\/#\/schema\/person\/a74af43dd1ab3deca45f988c717d57ac","name":"Reda\u00e7\u00e3o","image":{"@type":"ImageObject","inLanguage":"pt-BR","@id":"https:\/\/noticiaempauta.com\/portal\/#\/schema\/person\/image\/","url":"https:\/\/secure.gravatar.com\/avatar\/03179346ecce6cdfc13361603e8f54242a90e5cde8618fa23c5c00aa2b0aadf3?s=96&d=mm&r=g","contentUrl":"https:\/\/secure.gravatar.com\/avatar\/03179346ecce6cdfc13361603e8f54242a90e5cde8618fa23c5c00aa2b0aadf3?s=96&d=mm&r=g","caption":"Reda\u00e7\u00e3o"},"sameAs":["https:\/\/noticiaempauta.com\/portal\/"],"url":"https:\/\/noticiaempauta.com\/portal\/author\/fernando\/"}]}},"_links":{"self":[{"href":"https:\/\/noticiaempauta.com\/portal\/wp-json\/wp\/v2\/posts\/280615","targetHints":{"allow":["GET"]}}],"collection":[{"href":"https:\/\/noticiaempauta.com\/portal\/wp-json\/wp\/v2\/posts"}],"about":[{"href":"https:\/\/noticiaempauta.com\/portal\/wp-json\/wp\/v2\/types\/post"}],"author":[{"embeddable":true,"href":"https:\/\/noticiaempauta.com\/portal\/wp-json\/wp\/v2\/users\/2"}],"replies":[{"embeddable":true,"href":"https:\/\/noticiaempauta.com\/portal\/wp-json\/wp\/v2\/comments?post=280615"}],"version-history":[{"count":1,"href":"https:\/\/noticiaempauta.com\/portal\/wp-json\/wp\/v2\/posts\/280615\/revisions"}],"predecessor-version":[{"id":280621,"href":"https:\/\/noticiaempauta.com\/portal\/wp-json\/wp\/v2\/posts\/280615\/revisions\/280621"}],"wp:featuredmedia":[{"embeddable":true,"href":"https:\/\/noticiaempauta.com\/portal\/wp-json\/wp\/v2\/media\/280616"}],"wp:attachment":[{"href":"https:\/\/noticiaempauta.com\/portal\/wp-json\/wp\/v2\/media?parent=280615"}],"wp:term":[{"taxonomy":"category","embeddable":true,"href":"https:\/\/noticiaempauta.com\/portal\/wp-json\/wp\/v2\/categories?post=280615"},{"taxonomy":"post_tag","embeddable":true,"href":"https:\/\/noticiaempauta.com\/portal\/wp-json\/wp\/v2\/tags?post=280615"}],"curies":[{"name":"wp","href":"https:\/\/api.w.org\/{rel}","templated":true}]}}