{"id":280667,"date":"2025-11-15T06:56:06","date_gmt":"2025-11-15T09:56:06","guid":{"rendered":"https:\/\/noticiaempauta.com\/portal\/?p=280667"},"modified":"2025-11-15T06:56:07","modified_gmt":"2025-11-15T09:56:07","slug":"justica-eleitoral-cassa-mandato-da-prefeita-de-piripiri-decisao-cabe-recurso","status":"publish","type":"post","link":"https:\/\/noticiaempauta.com\/portal\/justica-eleitoral-cassa-mandato-da-prefeita-de-piripiri-decisao-cabe-recurso\/","title":{"rendered":"Justi\u00e7a Eleitoral cassa mandato da prefeita de Piripiri; decis\u00e3o cabe recurso"},"content":{"rendered":"\n<p>A Justi\u00e7a Eleitoral da 11\u00aa Zona de Piripiri julgou procedente a A\u00e7\u00e3o de Investiga\u00e7\u00e3o Judicial Eleitoral (AIJE) movida pela coliga\u00e7\u00e3o \u201cUni\u00e3o, Amor e Trabalho por Piripiri\u201d, e reconheceu que a prefeita reeleita\u00a0<strong>J\u00f4ve Oliveira (PT)\u00a0<\/strong>e o vice-prefeito\u00a0<strong>Hilton Os\u00f3rio (PT)<\/strong>\u00a0praticaram\u00a0<strong>abuso de poder pol\u00edtico<\/strong>\u00a0e\u00a0<strong>uso indevido dos meios de comunica\u00e7\u00e3o<\/strong>, por meio da destina\u00e7\u00e3o de recursos p\u00fablicos para publicidade institucional com car\u00e1ter de promo\u00e7\u00e3o pessoal.\u00a0<\/p>\n\n\n\n<figure class=\"wp-block-image size-full\"><img fetchpriority=\"high\" decoding=\"async\" width=\"720\" height=\"533\" src=\"https:\/\/noticiaempauta.com\/portal\/wp-content\/uploads\/2025\/11\/IMG_6381.jpeg\" alt=\"\" class=\"wp-image-280668\" srcset=\"https:\/\/noticiaempauta.com\/portal\/wp-content\/uploads\/2025\/11\/IMG_6381.jpeg 720w, https:\/\/noticiaempauta.com\/portal\/wp-content\/uploads\/2025\/11\/IMG_6381-300x222.jpeg 300w\" sizes=\"(max-width: 720px) 100vw, 720px\" \/><figcaption class=\"wp-element-caption\"><em>Foto: Reprodu\u00e7\u00e3o \/ Redes Sociais<\/em><\/figcaption><\/figure>\n\n\n\n<p>A senten\u00e7a \u00e9 de\u00a0<strong>primeira inst\u00e2ncia<\/strong>\u00a0e ainda cabe recurso ao TRE-PI. A assessoria jur\u00eddica da prefeita J\u00f4ve Oliveira disse que entrar\u00e1 com o recurso.\u00a0<br><br>\u201cN\u00f3s fomos pegos desprevenidos por essa decis\u00e3o. Ainda estamos nos reunindo para definir os pr\u00f3ximos passos mas com certeza tomaremos todas as medidas cab\u00edveis e um recurso. Em breve nos manifestaremos sobre o assunto\u201d, Fabiano Silva, equipe jur\u00eddica.<\/p>\n\n\n\n<p>A decis\u00e3o, fundamentada em provas documentais, per\u00edcia da Pol\u00edcia Federal e manifesta\u00e7\u00f5es do Minist\u00e9rio P\u00fablico Eleitoral, concluiu que a gest\u00e3o municipal utilizou&nbsp;<strong>contratos de r\u00e1dio e televis\u00e3o para ampliar de forma sistem\u00e1tica a imagem da prefeita durante o mandato, especialmente \u00e0s v\u00e9speras da elei\u00e7\u00e3o.<\/strong><\/p>\n\n\n\n<p>A senten\u00e7a aponta que os investigados se beneficiaram \u201cde arquitetura de comunica\u00e7\u00e3o custeada pelo er\u00e1rio com reitera\u00e7\u00e3o de conte\u00fados personalistas\u201d, o que gerou&nbsp;<strong>desequil\u00edbrio na disputa eleitoral<\/strong>.<\/p>\n\n\n\n<h2 class=\"wp-block-heading\"><strong>Contratos e personaliza\u00e7\u00e3o do conte\u00fado<\/strong><\/h2>\n\n\n\n<p>A prefeitura&nbsp;<strong>contratou simultaneamente m\u00faltiplos ve\u00edculos<\/strong>, sendo uma TV de alcance estadual e r\u00e1dios regionais, com&nbsp;<strong>gasto anual estimado em R$ 645 mil.<\/strong>&nbsp;As inser\u00e7\u00f5es, segundo a autora da a\u00e7\u00e3o, n\u00e3o tinham car\u00e1ter informativo, mas formatadas para exaltar a prefeita, com entrevistas, quadros fixos e reportagens centradas na figura da gestora.<\/p>\n\n\n\n<p>Um dos exemplos destacados pelo juiz foi o quadro di\u00e1rio&nbsp;<strong>\u201cCaf\u00e9 com a Prefeita\u201d<\/strong>&nbsp;em uma r\u00e1dio no qual J\u00f4ve participava ao vivo para comentar obras e a\u00e7\u00f5es do munic\u00edpio. Embora essa emissora n\u00e3o tivesse contrato formal com a prefeitura, a Justi\u00e7a considerou o conte\u00fado relevante para demonstrar a estrat\u00e9gia de personaliza\u00e7\u00e3o.<\/p>\n\n\n\n<p>Em diversas entrevistas analisadas, a prefeita utilizava express\u00f5es como \u201ceu constru\u00ed\u201d, \u201cn\u00f3s conseguimos trazer\u201d ou \u201cestamos fazendo\u201d, associando obras e programas p\u00fablicos diretamente \u00e0 sua figura. Secret\u00e1rios municipais tamb\u00e9m refor\u00e7avam o protagonismo da gestora.<\/p>\n\n\n\n<h2 class=\"wp-block-heading\"><strong>Per\u00edcia da Pol\u00edcia Federal confirma autenticidade<\/strong><\/h2>\n\n\n\n<p>Ap\u00f3s alega\u00e7\u00e3o da defesa de poss\u00edvel&nbsp;<strong>manipula\u00e7\u00e3o de \u00e1udio e v\u00eddeo,<\/strong>&nbsp;o ju\u00edzo determinou per\u00edcia t\u00e9cnica. A PF concluiu que&nbsp;<strong>n\u00e3o houve edi\u00e7\u00e3o<\/strong>&nbsp;fraudulenta e que a voz das grava\u00e7\u00f5es apresentava alto grau de compatibilidade com a voz da prefeita, afastando a tese de adultera\u00e7\u00e3o.<\/p>\n\n\n\n<p>Tamb\u00e9m foram anexados aos autos pareceres t\u00e9cnicos do Tribunal de Contas do Estado e do Minist\u00e9rio P\u00fablico de Contas, que j\u00e1 haviam identificado&nbsp;<strong>promo\u00e7\u00e3o pessoal indevida<\/strong>&nbsp;na execu\u00e7\u00e3o dos contratos de publicidade institucional.<\/p>\n\n\n\n<h2 class=\"wp-block-heading\"><strong>Argumentos da defesa rejeitados<\/strong><\/h2>\n\n\n\n<p>A prefeita e o vice-prefeito alegaram que o conte\u00fado dos programas tratava apenas de atos de gest\u00e3o e que n\u00e3o havia refer\u00eancia eleitoral expl\u00edcita. No entanto, o magistrado destacou que a Constitui\u00e7\u00e3o&nbsp;<strong>veda a personaliza\u00e7\u00e3o na publicidade p\u00fablica<\/strong>&nbsp;e que o&nbsp;<strong>abuso independe de pedidos de voto<\/strong>, bastando a exposi\u00e7\u00e3o desproporcional em benef\u00edcio da autoridade.<\/p>\n\n\n\n<blockquote class=\"wp-block-quote is-layout-flow wp-block-quote-is-layout-flow\">\n<p>\u201cA mensagem deixa de ser \u2018o Munic\u00edpio entregou\u2019 para ser \u2018a Prefeita entregou\u2019\u201d, escreveu o juiz, ao apontar o desvirtuamento da finalidade informativa da comunica\u00e7\u00e3o.<\/p>\n<\/blockquote>\n\n\n\n<p>Na an\u00e1lise do m\u00e9rito, o magistrado afirmou que a conduta teve gravidade suficiente para&nbsp;<strong>comprometer a igualdade entre concorrentes<\/strong>. O Minist\u00e9rio P\u00fablico Eleitoral tamb\u00e9m havia se manifestado pela proced\u00eancia da a\u00e7\u00e3o, apontando desequil\u00edbrio na disputa.<\/p>\n\n\n\n<p>Fonte: Cidade Verde <\/p>\n","protected":false},"excerpt":{"rendered":"<p>A Justi\u00e7a Eleitoral da 11\u00aa Zona de Piripiri julgou procedente a A\u00e7\u00e3o de Investiga\u00e7\u00e3o Judicial Eleitoral (AIJE) movida pela coliga\u00e7\u00e3o \u201cUni\u00e3o, Amor e Trabalho por Piripiri\u201d, e reconheceu que a prefeita reeleita\u00a0J\u00f4ve Oliveira (PT)\u00a0e o vice-prefeito\u00a0Hilton Os\u00f3rio (PT)\u00a0praticaram\u00a0abuso de poder pol\u00edtico\u00a0e\u00a0uso indevido dos meios de comunica\u00e7\u00e3o, por meio da destina\u00e7\u00e3o de recursos p\u00fablicos para publicidade [&hellip;]<\/p>\n","protected":false},"author":2,"featured_media":280668,"comment_status":"open","ping_status":"open","sticky":false,"template":"","format":"standard","meta":{"_mi_skip_tracking":false,"footnotes":""},"categories":[25,1,3,16],"tags":[],"class_list":["post-280667","post","type-post","status-publish","format-standard","has-post-thumbnail","hentry","category-destaques-site","category-geral","category-politica","category-todas"],"acf":[],"yoast_head":"<!-- This site is optimized with the Yoast SEO Premium plugin v19.2 (Yoast SEO v26.9) - https:\/\/yoast.com\/product\/yoast-seo-premium-wordpress\/ -->\n<title>Justi\u00e7a Eleitoral cassa mandato da prefeita de Piripiri; decis\u00e3o cabe recurso - Portal Not\u00edcia em Pauta<\/title>\n<meta name=\"robots\" content=\"index, follow, max-snippet:-1, max-image-preview:large, max-video-preview:-1\" \/>\n<link rel=\"canonical\" href=\"https:\/\/noticiaempauta.com\/portal\/justica-eleitoral-cassa-mandato-da-prefeita-de-piripiri-decisao-cabe-recurso\/\" \/>\n<meta property=\"og:locale\" content=\"pt_BR\" \/>\n<meta property=\"og:type\" content=\"article\" \/>\n<meta property=\"og:title\" content=\"Justi\u00e7a Eleitoral cassa mandato da prefeita de Piripiri; decis\u00e3o cabe recurso\" \/>\n<meta property=\"og:description\" content=\"A Justi\u00e7a Eleitoral da 11\u00aa Zona de Piripiri julgou procedente a A\u00e7\u00e3o de Investiga\u00e7\u00e3o Judicial Eleitoral (AIJE) movida pela coliga\u00e7\u00e3o \u201cUni\u00e3o, Amor e Trabalho por Piripiri\u201d, e reconheceu que a prefeita reeleita\u00a0J\u00f4ve Oliveira (PT)\u00a0e o vice-prefeito\u00a0Hilton Os\u00f3rio (PT)\u00a0praticaram\u00a0abuso de poder pol\u00edtico\u00a0e\u00a0uso indevido dos meios de comunica\u00e7\u00e3o, por meio da destina\u00e7\u00e3o de recursos p\u00fablicos para publicidade [&hellip;]\" \/>\n<meta property=\"og:url\" content=\"https:\/\/noticiaempauta.com\/portal\/justica-eleitoral-cassa-mandato-da-prefeita-de-piripiri-decisao-cabe-recurso\/\" \/>\n<meta property=\"og:site_name\" content=\"Portal Not\u00edcia em Pauta\" \/>\n<meta property=\"article:publisher\" content=\"https:\/\/www.facebook.com\/Portal-Notcia-Em-Pauta-102292869264820\/\" \/>\n<meta property=\"article:published_time\" content=\"2025-11-15T09:56:06+00:00\" \/>\n<meta property=\"article:modified_time\" content=\"2025-11-15T09:56:07+00:00\" \/>\n<meta property=\"og:image\" content=\"https:\/\/noticiaempauta.com\/portal\/wp-content\/uploads\/2025\/11\/IMG_6381.jpeg\" \/>\n\t<meta property=\"og:image:width\" content=\"720\" \/>\n\t<meta property=\"og:image:height\" content=\"533\" \/>\n\t<meta property=\"og:image:type\" content=\"image\/jpeg\" \/>\n<meta name=\"author\" content=\"Reda\u00e7\u00e3o\" \/>\n<meta name=\"twitter:card\" content=\"summary_large_image\" \/>\n<meta name=\"twitter:label1\" content=\"Escrito por\" \/>\n\t<meta name=\"twitter:data1\" content=\"Reda\u00e7\u00e3o\" \/>\n\t<meta name=\"twitter:label2\" content=\"Est. tempo de leitura\" \/>\n\t<meta name=\"twitter:data2\" content=\"4 minutos\" \/>\n<script type=\"application\/ld+json\" class=\"yoast-schema-graph\">{\"@context\":\"https:\/\/schema.org\",\"@graph\":[{\"@type\":\"Article\",\"@id\":\"https:\/\/noticiaempauta.com\/portal\/justica-eleitoral-cassa-mandato-da-prefeita-de-piripiri-decisao-cabe-recurso\/#article\",\"isPartOf\":{\"@id\":\"https:\/\/noticiaempauta.com\/portal\/justica-eleitoral-cassa-mandato-da-prefeita-de-piripiri-decisao-cabe-recurso\/\"},\"author\":{\"name\":\"Reda\u00e7\u00e3o\",\"@id\":\"https:\/\/noticiaempauta.com\/portal\/#\/schema\/person\/a74af43dd1ab3deca45f988c717d57ac\"},\"headline\":\"Justi\u00e7a Eleitoral cassa mandato da prefeita de Piripiri; decis\u00e3o cabe recurso\",\"datePublished\":\"2025-11-15T09:56:06+00:00\",\"dateModified\":\"2025-11-15T09:56:07+00:00\",\"mainEntityOfPage\":{\"@id\":\"https:\/\/noticiaempauta.com\/portal\/justica-eleitoral-cassa-mandato-da-prefeita-de-piripiri-decisao-cabe-recurso\/\"},\"wordCount\":686,\"commentCount\":0,\"publisher\":{\"@id\":\"https:\/\/noticiaempauta.com\/portal\/#organization\"},\"image\":{\"@id\":\"https:\/\/noticiaempauta.com\/portal\/justica-eleitoral-cassa-mandato-da-prefeita-de-piripiri-decisao-cabe-recurso\/#primaryimage\"},\"thumbnailUrl\":\"https:\/\/noticiaempauta.com\/portal\/wp-content\/uploads\/2025\/11\/IMG_6381.jpeg\",\"articleSection\":[\"Destaques\",\"Geral\",\"Pol\u00edtica\",\"Todas as Not\u00edcias\"],\"inLanguage\":\"pt-BR\",\"potentialAction\":[{\"@type\":\"CommentAction\",\"name\":\"Comment\",\"target\":[\"https:\/\/noticiaempauta.com\/portal\/justica-eleitoral-cassa-mandato-da-prefeita-de-piripiri-decisao-cabe-recurso\/#respond\"]}]},{\"@type\":\"WebPage\",\"@id\":\"https:\/\/noticiaempauta.com\/portal\/justica-eleitoral-cassa-mandato-da-prefeita-de-piripiri-decisao-cabe-recurso\/\",\"url\":\"https:\/\/noticiaempauta.com\/portal\/justica-eleitoral-cassa-mandato-da-prefeita-de-piripiri-decisao-cabe-recurso\/\",\"name\":\"Justi\u00e7a Eleitoral cassa mandato da prefeita de Piripiri; decis\u00e3o cabe recurso - Portal Not\u00edcia em Pauta\",\"isPartOf\":{\"@id\":\"https:\/\/noticiaempauta.com\/portal\/#website\"},\"primaryImageOfPage\":{\"@id\":\"https:\/\/noticiaempauta.com\/portal\/justica-eleitoral-cassa-mandato-da-prefeita-de-piripiri-decisao-cabe-recurso\/#primaryimage\"},\"image\":{\"@id\":\"https:\/\/noticiaempauta.com\/portal\/justica-eleitoral-cassa-mandato-da-prefeita-de-piripiri-decisao-cabe-recurso\/#primaryimage\"},\"thumbnailUrl\":\"https:\/\/noticiaempauta.com\/portal\/wp-content\/uploads\/2025\/11\/IMG_6381.jpeg\",\"datePublished\":\"2025-11-15T09:56:06+00:00\",\"dateModified\":\"2025-11-15T09:56:07+00:00\",\"breadcrumb\":{\"@id\":\"https:\/\/noticiaempauta.com\/portal\/justica-eleitoral-cassa-mandato-da-prefeita-de-piripiri-decisao-cabe-recurso\/#breadcrumb\"},\"inLanguage\":\"pt-BR\",\"potentialAction\":[{\"@type\":\"ReadAction\",\"target\":[\"https:\/\/noticiaempauta.com\/portal\/justica-eleitoral-cassa-mandato-da-prefeita-de-piripiri-decisao-cabe-recurso\/\"]}]},{\"@type\":\"ImageObject\",\"inLanguage\":\"pt-BR\",\"@id\":\"https:\/\/noticiaempauta.com\/portal\/justica-eleitoral-cassa-mandato-da-prefeita-de-piripiri-decisao-cabe-recurso\/#primaryimage\",\"url\":\"https:\/\/noticiaempauta.com\/portal\/wp-content\/uploads\/2025\/11\/IMG_6381.jpeg\",\"contentUrl\":\"https:\/\/noticiaempauta.com\/portal\/wp-content\/uploads\/2025\/11\/IMG_6381.jpeg\",\"width\":720,\"height\":533},{\"@type\":\"BreadcrumbList\",\"@id\":\"https:\/\/noticiaempauta.com\/portal\/justica-eleitoral-cassa-mandato-da-prefeita-de-piripiri-decisao-cabe-recurso\/#breadcrumb\",\"itemListElement\":[{\"@type\":\"ListItem\",\"position\":1,\"name\":\"P\u00e1gina Inicial\",\"item\":\"https:\/\/noticiaempauta.com\/portal\/\"},{\"@type\":\"ListItem\",\"position\":2,\"name\":\"Destaques\",\"item\":\"https:\/\/noticiaempauta.com\/portal\/destaques-site\/\"},{\"@type\":\"ListItem\",\"position\":3,\"name\":\"Justi\u00e7a Eleitoral cassa mandato da prefeita de Piripiri; decis\u00e3o cabe recurso\"}]},{\"@type\":\"WebSite\",\"@id\":\"https:\/\/noticiaempauta.com\/portal\/#website\",\"url\":\"https:\/\/noticiaempauta.com\/portal\/\",\"name\":\"Portal Not\u00edcia em Pauta\",\"description\":\"Voc\u00ea bem informado\",\"publisher\":{\"@id\":\"https:\/\/noticiaempauta.com\/portal\/#organization\"},\"potentialAction\":[{\"@type\":\"SearchAction\",\"target\":{\"@type\":\"EntryPoint\",\"urlTemplate\":\"https:\/\/noticiaempauta.com\/portal\/?s={search_term_string}\"},\"query-input\":{\"@type\":\"PropertyValueSpecification\",\"valueRequired\":true,\"valueName\":\"search_term_string\"}}],\"inLanguage\":\"pt-BR\"},{\"@type\":\"Organization\",\"@id\":\"https:\/\/noticiaempauta.com\/portal\/#organization\",\"name\":\"Portal Not\u00edcia em Pauta\",\"url\":\"https:\/\/noticiaempauta.com\/portal\/\",\"logo\":{\"@type\":\"ImageObject\",\"inLanguage\":\"pt-BR\",\"@id\":\"https:\/\/noticiaempauta.com\/portal\/#\/schema\/logo\/image\/\",\"url\":\"https:\/\/noticiaempauta.com\/portal\/wp-content\/uploads\/2022\/08\/logomarca_tema.fw_.png\",\"contentUrl\":\"https:\/\/noticiaempauta.com\/portal\/wp-content\/uploads\/2022\/08\/logomarca_tema.fw_.png\",\"width\":400,\"height\":232,\"caption\":\"Portal Not\u00edcia em Pauta\"},\"image\":{\"@id\":\"https:\/\/noticiaempauta.com\/portal\/#\/schema\/logo\/image\/\"},\"sameAs\":[\"https:\/\/www.facebook.com\/Portal-Notcia-Em-Pauta-102292869264820\/\",\"https:\/\/www.instagram.com\/portalnoticiaempauta\/\"]},{\"@type\":\"Person\",\"@id\":\"https:\/\/noticiaempauta.com\/portal\/#\/schema\/person\/a74af43dd1ab3deca45f988c717d57ac\",\"name\":\"Reda\u00e7\u00e3o\",\"image\":{\"@type\":\"ImageObject\",\"inLanguage\":\"pt-BR\",\"@id\":\"https:\/\/noticiaempauta.com\/portal\/#\/schema\/person\/image\/\",\"url\":\"https:\/\/secure.gravatar.com\/avatar\/03179346ecce6cdfc13361603e8f54242a90e5cde8618fa23c5c00aa2b0aadf3?s=96&d=mm&r=g\",\"contentUrl\":\"https:\/\/secure.gravatar.com\/avatar\/03179346ecce6cdfc13361603e8f54242a90e5cde8618fa23c5c00aa2b0aadf3?s=96&d=mm&r=g\",\"caption\":\"Reda\u00e7\u00e3o\"},\"sameAs\":[\"https:\/\/noticiaempauta.com\/portal\/\"],\"url\":\"https:\/\/noticiaempauta.com\/portal\/author\/fernando\/\"}]}<\/script>\n<!-- \/ Yoast SEO Premium plugin. -->","yoast_head_json":{"title":"Justi\u00e7a Eleitoral cassa mandato da prefeita de Piripiri; decis\u00e3o cabe recurso - Portal Not\u00edcia em Pauta","robots":{"index":"index","follow":"follow","max-snippet":"max-snippet:-1","max-image-preview":"max-image-preview:large","max-video-preview":"max-video-preview:-1"},"canonical":"https:\/\/noticiaempauta.com\/portal\/justica-eleitoral-cassa-mandato-da-prefeita-de-piripiri-decisao-cabe-recurso\/","og_locale":"pt_BR","og_type":"article","og_title":"Justi\u00e7a Eleitoral cassa mandato da prefeita de Piripiri; decis\u00e3o cabe recurso","og_description":"A Justi\u00e7a Eleitoral da 11\u00aa Zona de Piripiri julgou procedente a A\u00e7\u00e3o de Investiga\u00e7\u00e3o Judicial Eleitoral (AIJE) movida pela coliga\u00e7\u00e3o \u201cUni\u00e3o, Amor e Trabalho por Piripiri\u201d, e reconheceu que a prefeita reeleita\u00a0J\u00f4ve Oliveira (PT)\u00a0e o vice-prefeito\u00a0Hilton Os\u00f3rio (PT)\u00a0praticaram\u00a0abuso de poder pol\u00edtico\u00a0e\u00a0uso indevido dos meios de comunica\u00e7\u00e3o, por meio da destina\u00e7\u00e3o de recursos p\u00fablicos para publicidade [&hellip;]","og_url":"https:\/\/noticiaempauta.com\/portal\/justica-eleitoral-cassa-mandato-da-prefeita-de-piripiri-decisao-cabe-recurso\/","og_site_name":"Portal Not\u00edcia em Pauta","article_publisher":"https:\/\/www.facebook.com\/Portal-Notcia-Em-Pauta-102292869264820\/","article_published_time":"2025-11-15T09:56:06+00:00","article_modified_time":"2025-11-15T09:56:07+00:00","og_image":[{"width":720,"height":533,"url":"https:\/\/noticiaempauta.com\/portal\/wp-content\/uploads\/2025\/11\/IMG_6381.jpeg","type":"image\/jpeg"}],"author":"Reda\u00e7\u00e3o","twitter_card":"summary_large_image","twitter_misc":{"Escrito por":"Reda\u00e7\u00e3o","Est. tempo de leitura":"4 minutos"},"schema":{"@context":"https:\/\/schema.org","@graph":[{"@type":"Article","@id":"https:\/\/noticiaempauta.com\/portal\/justica-eleitoral-cassa-mandato-da-prefeita-de-piripiri-decisao-cabe-recurso\/#article","isPartOf":{"@id":"https:\/\/noticiaempauta.com\/portal\/justica-eleitoral-cassa-mandato-da-prefeita-de-piripiri-decisao-cabe-recurso\/"},"author":{"name":"Reda\u00e7\u00e3o","@id":"https:\/\/noticiaempauta.com\/portal\/#\/schema\/person\/a74af43dd1ab3deca45f988c717d57ac"},"headline":"Justi\u00e7a Eleitoral cassa mandato da prefeita de Piripiri; decis\u00e3o cabe recurso","datePublished":"2025-11-15T09:56:06+00:00","dateModified":"2025-11-15T09:56:07+00:00","mainEntityOfPage":{"@id":"https:\/\/noticiaempauta.com\/portal\/justica-eleitoral-cassa-mandato-da-prefeita-de-piripiri-decisao-cabe-recurso\/"},"wordCount":686,"commentCount":0,"publisher":{"@id":"https:\/\/noticiaempauta.com\/portal\/#organization"},"image":{"@id":"https:\/\/noticiaempauta.com\/portal\/justica-eleitoral-cassa-mandato-da-prefeita-de-piripiri-decisao-cabe-recurso\/#primaryimage"},"thumbnailUrl":"https:\/\/noticiaempauta.com\/portal\/wp-content\/uploads\/2025\/11\/IMG_6381.jpeg","articleSection":["Destaques","Geral","Pol\u00edtica","Todas as Not\u00edcias"],"inLanguage":"pt-BR","potentialAction":[{"@type":"CommentAction","name":"Comment","target":["https:\/\/noticiaempauta.com\/portal\/justica-eleitoral-cassa-mandato-da-prefeita-de-piripiri-decisao-cabe-recurso\/#respond"]}]},{"@type":"WebPage","@id":"https:\/\/noticiaempauta.com\/portal\/justica-eleitoral-cassa-mandato-da-prefeita-de-piripiri-decisao-cabe-recurso\/","url":"https:\/\/noticiaempauta.com\/portal\/justica-eleitoral-cassa-mandato-da-prefeita-de-piripiri-decisao-cabe-recurso\/","name":"Justi\u00e7a Eleitoral cassa mandato da prefeita de Piripiri; decis\u00e3o cabe recurso - Portal Not\u00edcia em Pauta","isPartOf":{"@id":"https:\/\/noticiaempauta.com\/portal\/#website"},"primaryImageOfPage":{"@id":"https:\/\/noticiaempauta.com\/portal\/justica-eleitoral-cassa-mandato-da-prefeita-de-piripiri-decisao-cabe-recurso\/#primaryimage"},"image":{"@id":"https:\/\/noticiaempauta.com\/portal\/justica-eleitoral-cassa-mandato-da-prefeita-de-piripiri-decisao-cabe-recurso\/#primaryimage"},"thumbnailUrl":"https:\/\/noticiaempauta.com\/portal\/wp-content\/uploads\/2025\/11\/IMG_6381.jpeg","datePublished":"2025-11-15T09:56:06+00:00","dateModified":"2025-11-15T09:56:07+00:00","breadcrumb":{"@id":"https:\/\/noticiaempauta.com\/portal\/justica-eleitoral-cassa-mandato-da-prefeita-de-piripiri-decisao-cabe-recurso\/#breadcrumb"},"inLanguage":"pt-BR","potentialAction":[{"@type":"ReadAction","target":["https:\/\/noticiaempauta.com\/portal\/justica-eleitoral-cassa-mandato-da-prefeita-de-piripiri-decisao-cabe-recurso\/"]}]},{"@type":"ImageObject","inLanguage":"pt-BR","@id":"https:\/\/noticiaempauta.com\/portal\/justica-eleitoral-cassa-mandato-da-prefeita-de-piripiri-decisao-cabe-recurso\/#primaryimage","url":"https:\/\/noticiaempauta.com\/portal\/wp-content\/uploads\/2025\/11\/IMG_6381.jpeg","contentUrl":"https:\/\/noticiaempauta.com\/portal\/wp-content\/uploads\/2025\/11\/IMG_6381.jpeg","width":720,"height":533},{"@type":"BreadcrumbList","@id":"https:\/\/noticiaempauta.com\/portal\/justica-eleitoral-cassa-mandato-da-prefeita-de-piripiri-decisao-cabe-recurso\/#breadcrumb","itemListElement":[{"@type":"ListItem","position":1,"name":"P\u00e1gina Inicial","item":"https:\/\/noticiaempauta.com\/portal\/"},{"@type":"ListItem","position":2,"name":"Destaques","item":"https:\/\/noticiaempauta.com\/portal\/destaques-site\/"},{"@type":"ListItem","position":3,"name":"Justi\u00e7a Eleitoral cassa mandato da prefeita de Piripiri; decis\u00e3o cabe recurso"}]},{"@type":"WebSite","@id":"https:\/\/noticiaempauta.com\/portal\/#website","url":"https:\/\/noticiaempauta.com\/portal\/","name":"Portal Not\u00edcia em Pauta","description":"Voc\u00ea bem informado","publisher":{"@id":"https:\/\/noticiaempauta.com\/portal\/#organization"},"potentialAction":[{"@type":"SearchAction","target":{"@type":"EntryPoint","urlTemplate":"https:\/\/noticiaempauta.com\/portal\/?s={search_term_string}"},"query-input":{"@type":"PropertyValueSpecification","valueRequired":true,"valueName":"search_term_string"}}],"inLanguage":"pt-BR"},{"@type":"Organization","@id":"https:\/\/noticiaempauta.com\/portal\/#organization","name":"Portal Not\u00edcia em Pauta","url":"https:\/\/noticiaempauta.com\/portal\/","logo":{"@type":"ImageObject","inLanguage":"pt-BR","@id":"https:\/\/noticiaempauta.com\/portal\/#\/schema\/logo\/image\/","url":"https:\/\/noticiaempauta.com\/portal\/wp-content\/uploads\/2022\/08\/logomarca_tema.fw_.png","contentUrl":"https:\/\/noticiaempauta.com\/portal\/wp-content\/uploads\/2022\/08\/logomarca_tema.fw_.png","width":400,"height":232,"caption":"Portal Not\u00edcia em Pauta"},"image":{"@id":"https:\/\/noticiaempauta.com\/portal\/#\/schema\/logo\/image\/"},"sameAs":["https:\/\/www.facebook.com\/Portal-Notcia-Em-Pauta-102292869264820\/","https:\/\/www.instagram.com\/portalnoticiaempauta\/"]},{"@type":"Person","@id":"https:\/\/noticiaempauta.com\/portal\/#\/schema\/person\/a74af43dd1ab3deca45f988c717d57ac","name":"Reda\u00e7\u00e3o","image":{"@type":"ImageObject","inLanguage":"pt-BR","@id":"https:\/\/noticiaempauta.com\/portal\/#\/schema\/person\/image\/","url":"https:\/\/secure.gravatar.com\/avatar\/03179346ecce6cdfc13361603e8f54242a90e5cde8618fa23c5c00aa2b0aadf3?s=96&d=mm&r=g","contentUrl":"https:\/\/secure.gravatar.com\/avatar\/03179346ecce6cdfc13361603e8f54242a90e5cde8618fa23c5c00aa2b0aadf3?s=96&d=mm&r=g","caption":"Reda\u00e7\u00e3o"},"sameAs":["https:\/\/noticiaempauta.com\/portal\/"],"url":"https:\/\/noticiaempauta.com\/portal\/author\/fernando\/"}]}},"_links":{"self":[{"href":"https:\/\/noticiaempauta.com\/portal\/wp-json\/wp\/v2\/posts\/280667","targetHints":{"allow":["GET"]}}],"collection":[{"href":"https:\/\/noticiaempauta.com\/portal\/wp-json\/wp\/v2\/posts"}],"about":[{"href":"https:\/\/noticiaempauta.com\/portal\/wp-json\/wp\/v2\/types\/post"}],"author":[{"embeddable":true,"href":"https:\/\/noticiaempauta.com\/portal\/wp-json\/wp\/v2\/users\/2"}],"replies":[{"embeddable":true,"href":"https:\/\/noticiaempauta.com\/portal\/wp-json\/wp\/v2\/comments?post=280667"}],"version-history":[{"count":2,"href":"https:\/\/noticiaempauta.com\/portal\/wp-json\/wp\/v2\/posts\/280667\/revisions"}],"predecessor-version":[{"id":280670,"href":"https:\/\/noticiaempauta.com\/portal\/wp-json\/wp\/v2\/posts\/280667\/revisions\/280670"}],"wp:featuredmedia":[{"embeddable":true,"href":"https:\/\/noticiaempauta.com\/portal\/wp-json\/wp\/v2\/media\/280668"}],"wp:attachment":[{"href":"https:\/\/noticiaempauta.com\/portal\/wp-json\/wp\/v2\/media?parent=280667"}],"wp:term":[{"taxonomy":"category","embeddable":true,"href":"https:\/\/noticiaempauta.com\/portal\/wp-json\/wp\/v2\/categories?post=280667"},{"taxonomy":"post_tag","embeddable":true,"href":"https:\/\/noticiaempauta.com\/portal\/wp-json\/wp\/v2\/tags?post=280667"}],"curies":[{"name":"wp","href":"https:\/\/api.w.org\/{rel}","templated":true}]}}