{"id":280675,"date":"2025-11-15T15:45:44","date_gmt":"2025-11-15T18:45:44","guid":{"rendered":"https:\/\/noticiaempauta.com\/portal\/?p=280675"},"modified":"2025-11-15T15:45:45","modified_gmt":"2025-11-15T18:45:45","slug":"avanca-alepi-deputados-instalam-sede-do-legislativo-em-bom-jesus","status":"publish","type":"post","link":"https:\/\/noticiaempauta.com\/portal\/avanca-alepi-deputados-instalam-sede-do-legislativo-em-bom-jesus\/","title":{"rendered":"Avan\u00e7a Alepi: Deputados instalam sede do legislativo em Bom Jesus"},"content":{"rendered":"\n<p>Ao som de Luiz Gonzaga, a Orquestra de Rabecas e P\u00edfanos Joaquim Carlota abriu a sess\u00e3o solene de instala\u00e7\u00e3o da Assembleia Legislativa do Piau\u00ed (Alepi) no munic\u00edpio de Bom Jesus, nesta sexta-feira (14). As crian\u00e7as e jovens que integram o projeto social deram o tom festivo da solenidade, em comemora\u00e7\u00e3o aos 190 anos do Legislativo piauiense.<\/p>\n\n\n\n<figure class=\"wp-block-image size-full\"><img fetchpriority=\"high\" decoding=\"async\" width=\"600\" height=\"337\" src=\"https:\/\/noticiaempauta.com\/portal\/wp-content\/uploads\/2025\/11\/image_assessoria-15-1.jpeg\" alt=\"\" class=\"wp-image-280677\" srcset=\"https:\/\/noticiaempauta.com\/portal\/wp-content\/uploads\/2025\/11\/image_assessoria-15-1.jpeg 600w, https:\/\/noticiaempauta.com\/portal\/wp-content\/uploads\/2025\/11\/image_assessoria-15-1-300x169.jpeg 300w\" sizes=\"(max-width: 600px) 100vw, 600px\" \/><figcaption class=\"wp-element-caption\"><em>(Foto: Jo\u00e3o Victor)<\/em><\/figcaption><\/figure>\n\n\n\n<p>&#8220;\u00c9 com alegria que presido essa sess\u00e3o hist\u00f3rica, mais um ato solene do compromisso de aproximar o nosso parlamento estadual das realidades vividas pelos diversos territ\u00f3rios piauienses, especialmente nessa terra aben\u00e7oada que, nas \u00faltimas tr\u00eas d\u00e9cadas, protagonizou a mais extraordin\u00e1ria transforma\u00e7\u00e3o econ\u00f4mica da hist\u00f3ria recente do Piau\u00ed&#8221;, disse o presidente da Assembleia, deputado Severo Eul\u00e1lio (MDB).<\/p>\n\n\n\n<p>O deputado F\u00e1bio Novo (PT) falou sobre o papel do Poder Legislativo na interlocu\u00e7\u00e3o com o povo e tamb\u00e9m na aprova\u00e7\u00e3o dos or\u00e7amentos p\u00fablicos. &#8220;Esse Poder tem ajudado muito essa regi\u00e3o, mas precisamos fazer mais&#8221;, disse o parlamentar ao pedir o apoio dos demais parlamentares para a constru\u00e7\u00e3o do novo hospital de Bom Jesus e a transforma\u00e7\u00e3o do campus da Universidade Estadual do Piau\u00ed no munic\u00edpio.&nbsp;<\/p>\n\n\n\n<p>O deputado Gustavo Neiva (PP), por sua vez, solicitou ao presidente Severo a instala\u00e7\u00e3o do sinal da TV Assembleia em Bom Jesus, ressaltando a import\u00e2ncia da regi\u00e3o. &#8220;Uma regi\u00e3o pujante, que hoje \u00e9 a locomotiva do desenvolvimento do nosso estado, gerando emprego, gerando renda, gerando impostos, divisas para o nosso estado, e que carece ainda de muito investimento&#8221;, frisou.<\/p>\n\n\n\n<p>&#8220;Estamos aqui na regi\u00e3o que mais arrecada ICMS, pelo desenvolvimento do cerrado, pelo desenvolvimento da soja, do milho, pela pecu\u00e1ria, que vem cada vez mais crescendo nessa regi\u00e3o. E n\u00f3s, parlamentares, precisamos olhar o sul do estado, que precisa da m\u00e3o do Estado para que a gente tenha as condi\u00e7\u00f5es necess\u00e1rias de investir aqui&#8221;, completou o deputado Jo\u00e3o M\u00e1dison (MDB).<\/p>\n\n\n\n<p>O prefeito de Bom Jesus, Nestor Elvas, parabenizou o presidente Severo pelo esfor\u00e7o de interiorizar as a\u00e7\u00f5es da Alepi e aproveitou a oportunidade para pedir aos deputados que destinem emendas para obras no munic\u00edpio.&nbsp;<\/p>\n\n\n\n<p>Tamb\u00e9m estiveram presentes, os deputados Ana Paula (MDB), Gessivaldo Isa\u00edas (Republicanos), Marden Menezes (PSD), Wilson Brand\u00e3o (PP) e Ziza Carvalho (MDB), al\u00e9m dos deputados licenciados Dogim F\u00e9lix (PP), Firmino Paulo (PT) e Thales Coelho (PP); senador Marcelo Castro (MDB); deputado federal Castro Neto (PSD); presidente da C\u00e2mara Municipal, Cl\u00e9cio Batista; e presidente da Subse\u00e7\u00e3o da OAB-PI de Bom Jesus, Termonilton Medeiros.<\/p>\n\n\n\n<p>Bom Jesus \u00e9 a oitava cidade a receber a caravana do &#8220;Avan\u00e7a Alepi&#8221;, que passou pelos munic\u00edpios de Picos, Oeiras, Esperantina, S\u00e3o Raimundo Nonato, Parna\u00edba, Floriano e Pedro II. No dia 28 de novembro, a Alepi ser\u00e1 instalada em Valen\u00e7a.<\/p>\n\n\n\n<p>Homenageados de Bom Jesus:&nbsp;<\/p>\n\n\n\n<p>1. Augusto Weguelin Nogueira Paranagu\u00e1 (in memoriam)<\/p>\n\n\n\n<p>2. Benjamim Lustosa Nogueira de Ara\u00fajo (in memoriam)<\/p>\n\n\n\n<p>3. Edson Martins da Rocha (in memoriam)<\/p>\n\n\n\n<p>4. Fl\u00e1vio Aur\u00e9lio Nogueira<\/p>\n\n\n\n<p>5. Joaquim Lustosa Sobrinho (in memoriam)<\/p>\n\n\n\n<p>6. Wilson Parente da Rocha Martins (in memoriam)<\/p>\n\n\n\n<p>Fonte: Alepi<\/p>\n","protected":false},"excerpt":{"rendered":"<p>Ao som de Luiz Gonzaga, a Orquestra de Rabecas e P\u00edfanos Joaquim Carlota abriu a sess\u00e3o solene de instala\u00e7\u00e3o da Assembleia Legislativa do Piau\u00ed (Alepi) no munic\u00edpio de Bom Jesus, nesta sexta-feira (14). As crian\u00e7as e jovens que integram o projeto social deram o tom festivo da solenidade, em comemora\u00e7\u00e3o aos 190 anos do Legislativo [&hellip;]<\/p>\n","protected":false},"author":2,"featured_media":280677,"comment_status":"open","ping_status":"open","sticky":false,"template":"","format":"standard","meta":{"_mi_skip_tracking":false,"footnotes":""},"categories":[25,1,9,16],"tags":[],"class_list":["post-280675","post","type-post","status-publish","format-standard","has-post-thumbnail","hentry","category-destaques-site","category-geral","category-municipios","category-todas"],"acf":[],"yoast_head":"<!-- This site is optimized with the Yoast SEO Premium plugin v19.2 (Yoast SEO v26.9) - https:\/\/yoast.com\/product\/yoast-seo-premium-wordpress\/ -->\n<title>Avan\u00e7a Alepi: Deputados instalam sede do legislativo em Bom Jesus - Portal Not\u00edcia em Pauta<\/title>\n<meta name=\"robots\" content=\"index, follow, max-snippet:-1, max-image-preview:large, max-video-preview:-1\" \/>\n<link rel=\"canonical\" href=\"https:\/\/noticiaempauta.com\/portal\/avanca-alepi-deputados-instalam-sede-do-legislativo-em-bom-jesus\/\" \/>\n<meta property=\"og:locale\" content=\"pt_BR\" \/>\n<meta property=\"og:type\" content=\"article\" \/>\n<meta property=\"og:title\" content=\"Avan\u00e7a Alepi: Deputados instalam sede do legislativo em Bom Jesus\" \/>\n<meta property=\"og:description\" content=\"Ao som de Luiz Gonzaga, a Orquestra de Rabecas e P\u00edfanos Joaquim Carlota abriu a sess\u00e3o solene de instala\u00e7\u00e3o da Assembleia Legislativa do Piau\u00ed (Alepi) no munic\u00edpio de Bom Jesus, nesta sexta-feira (14). As crian\u00e7as e jovens que integram o projeto social deram o tom festivo da solenidade, em comemora\u00e7\u00e3o aos 190 anos do Legislativo [&hellip;]\" \/>\n<meta property=\"og:url\" content=\"https:\/\/noticiaempauta.com\/portal\/avanca-alepi-deputados-instalam-sede-do-legislativo-em-bom-jesus\/\" \/>\n<meta property=\"og:site_name\" content=\"Portal Not\u00edcia em Pauta\" \/>\n<meta property=\"article:publisher\" content=\"https:\/\/www.facebook.com\/Portal-Notcia-Em-Pauta-102292869264820\/\" \/>\n<meta property=\"article:published_time\" content=\"2025-11-15T18:45:44+00:00\" \/>\n<meta property=\"article:modified_time\" content=\"2025-11-15T18:45:45+00:00\" \/>\n<meta property=\"og:image\" content=\"https:\/\/noticiaempauta.com\/portal\/wp-content\/uploads\/2025\/11\/image_assessoria-15-1.jpeg\" \/>\n\t<meta property=\"og:image:width\" content=\"600\" \/>\n\t<meta property=\"og:image:height\" content=\"337\" \/>\n\t<meta property=\"og:image:type\" content=\"image\/jpeg\" \/>\n<meta name=\"author\" content=\"Reda\u00e7\u00e3o\" \/>\n<meta name=\"twitter:card\" content=\"summary_large_image\" \/>\n<meta name=\"twitter:label1\" content=\"Escrito por\" \/>\n\t<meta name=\"twitter:data1\" content=\"Reda\u00e7\u00e3o\" \/>\n\t<meta name=\"twitter:label2\" content=\"Est. tempo de leitura\" \/>\n\t<meta name=\"twitter:data2\" content=\"4 minutos\" \/>\n<script type=\"application\/ld+json\" class=\"yoast-schema-graph\">{\"@context\":\"https:\/\/schema.org\",\"@graph\":[{\"@type\":\"Article\",\"@id\":\"https:\/\/noticiaempauta.com\/portal\/avanca-alepi-deputados-instalam-sede-do-legislativo-em-bom-jesus\/#article\",\"isPartOf\":{\"@id\":\"https:\/\/noticiaempauta.com\/portal\/avanca-alepi-deputados-instalam-sede-do-legislativo-em-bom-jesus\/\"},\"author\":{\"name\":\"Reda\u00e7\u00e3o\",\"@id\":\"https:\/\/noticiaempauta.com\/portal\/#\/schema\/person\/a74af43dd1ab3deca45f988c717d57ac\"},\"headline\":\"Avan\u00e7a Alepi: Deputados instalam sede do legislativo em Bom Jesus\",\"datePublished\":\"2025-11-15T18:45:44+00:00\",\"dateModified\":\"2025-11-15T18:45:45+00:00\",\"mainEntityOfPage\":{\"@id\":\"https:\/\/noticiaempauta.com\/portal\/avanca-alepi-deputados-instalam-sede-do-legislativo-em-bom-jesus\/\"},\"wordCount\":543,\"commentCount\":0,\"publisher\":{\"@id\":\"https:\/\/noticiaempauta.com\/portal\/#organization\"},\"image\":{\"@id\":\"https:\/\/noticiaempauta.com\/portal\/avanca-alepi-deputados-instalam-sede-do-legislativo-em-bom-jesus\/#primaryimage\"},\"thumbnailUrl\":\"https:\/\/noticiaempauta.com\/portal\/wp-content\/uploads\/2025\/11\/image_assessoria-15-1.jpeg\",\"articleSection\":[\"Destaques\",\"Geral\",\"Munic\u00edpios\",\"Todas as Not\u00edcias\"],\"inLanguage\":\"pt-BR\",\"potentialAction\":[{\"@type\":\"CommentAction\",\"name\":\"Comment\",\"target\":[\"https:\/\/noticiaempauta.com\/portal\/avanca-alepi-deputados-instalam-sede-do-legislativo-em-bom-jesus\/#respond\"]}]},{\"@type\":\"WebPage\",\"@id\":\"https:\/\/noticiaempauta.com\/portal\/avanca-alepi-deputados-instalam-sede-do-legislativo-em-bom-jesus\/\",\"url\":\"https:\/\/noticiaempauta.com\/portal\/avanca-alepi-deputados-instalam-sede-do-legislativo-em-bom-jesus\/\",\"name\":\"Avan\u00e7a Alepi: Deputados instalam sede do legislativo em Bom Jesus - Portal Not\u00edcia em Pauta\",\"isPartOf\":{\"@id\":\"https:\/\/noticiaempauta.com\/portal\/#website\"},\"primaryImageOfPage\":{\"@id\":\"https:\/\/noticiaempauta.com\/portal\/avanca-alepi-deputados-instalam-sede-do-legislativo-em-bom-jesus\/#primaryimage\"},\"image\":{\"@id\":\"https:\/\/noticiaempauta.com\/portal\/avanca-alepi-deputados-instalam-sede-do-legislativo-em-bom-jesus\/#primaryimage\"},\"thumbnailUrl\":\"https:\/\/noticiaempauta.com\/portal\/wp-content\/uploads\/2025\/11\/image_assessoria-15-1.jpeg\",\"datePublished\":\"2025-11-15T18:45:44+00:00\",\"dateModified\":\"2025-11-15T18:45:45+00:00\",\"breadcrumb\":{\"@id\":\"https:\/\/noticiaempauta.com\/portal\/avanca-alepi-deputados-instalam-sede-do-legislativo-em-bom-jesus\/#breadcrumb\"},\"inLanguage\":\"pt-BR\",\"potentialAction\":[{\"@type\":\"ReadAction\",\"target\":[\"https:\/\/noticiaempauta.com\/portal\/avanca-alepi-deputados-instalam-sede-do-legislativo-em-bom-jesus\/\"]}]},{\"@type\":\"ImageObject\",\"inLanguage\":\"pt-BR\",\"@id\":\"https:\/\/noticiaempauta.com\/portal\/avanca-alepi-deputados-instalam-sede-do-legislativo-em-bom-jesus\/#primaryimage\",\"url\":\"https:\/\/noticiaempauta.com\/portal\/wp-content\/uploads\/2025\/11\/image_assessoria-15-1.jpeg\",\"contentUrl\":\"https:\/\/noticiaempauta.com\/portal\/wp-content\/uploads\/2025\/11\/image_assessoria-15-1.jpeg\",\"width\":600,\"height\":337},{\"@type\":\"BreadcrumbList\",\"@id\":\"https:\/\/noticiaempauta.com\/portal\/avanca-alepi-deputados-instalam-sede-do-legislativo-em-bom-jesus\/#breadcrumb\",\"itemListElement\":[{\"@type\":\"ListItem\",\"position\":1,\"name\":\"P\u00e1gina Inicial\",\"item\":\"https:\/\/noticiaempauta.com\/portal\/\"},{\"@type\":\"ListItem\",\"position\":2,\"name\":\"Destaques\",\"item\":\"https:\/\/noticiaempauta.com\/portal\/destaques-site\/\"},{\"@type\":\"ListItem\",\"position\":3,\"name\":\"Avan\u00e7a Alepi: Deputados instalam sede do legislativo em Bom Jesus\"}]},{\"@type\":\"WebSite\",\"@id\":\"https:\/\/noticiaempauta.com\/portal\/#website\",\"url\":\"https:\/\/noticiaempauta.com\/portal\/\",\"name\":\"Portal Not\u00edcia em Pauta\",\"description\":\"Voc\u00ea bem informado\",\"publisher\":{\"@id\":\"https:\/\/noticiaempauta.com\/portal\/#organization\"},\"potentialAction\":[{\"@type\":\"SearchAction\",\"target\":{\"@type\":\"EntryPoint\",\"urlTemplate\":\"https:\/\/noticiaempauta.com\/portal\/?s={search_term_string}\"},\"query-input\":{\"@type\":\"PropertyValueSpecification\",\"valueRequired\":true,\"valueName\":\"search_term_string\"}}],\"inLanguage\":\"pt-BR\"},{\"@type\":\"Organization\",\"@id\":\"https:\/\/noticiaempauta.com\/portal\/#organization\",\"name\":\"Portal Not\u00edcia em Pauta\",\"url\":\"https:\/\/noticiaempauta.com\/portal\/\",\"logo\":{\"@type\":\"ImageObject\",\"inLanguage\":\"pt-BR\",\"@id\":\"https:\/\/noticiaempauta.com\/portal\/#\/schema\/logo\/image\/\",\"url\":\"https:\/\/noticiaempauta.com\/portal\/wp-content\/uploads\/2022\/08\/logomarca_tema.fw_.png\",\"contentUrl\":\"https:\/\/noticiaempauta.com\/portal\/wp-content\/uploads\/2022\/08\/logomarca_tema.fw_.png\",\"width\":400,\"height\":232,\"caption\":\"Portal Not\u00edcia em Pauta\"},\"image\":{\"@id\":\"https:\/\/noticiaempauta.com\/portal\/#\/schema\/logo\/image\/\"},\"sameAs\":[\"https:\/\/www.facebook.com\/Portal-Notcia-Em-Pauta-102292869264820\/\",\"https:\/\/www.instagram.com\/portalnoticiaempauta\/\"]},{\"@type\":\"Person\",\"@id\":\"https:\/\/noticiaempauta.com\/portal\/#\/schema\/person\/a74af43dd1ab3deca45f988c717d57ac\",\"name\":\"Reda\u00e7\u00e3o\",\"image\":{\"@type\":\"ImageObject\",\"inLanguage\":\"pt-BR\",\"@id\":\"https:\/\/noticiaempauta.com\/portal\/#\/schema\/person\/image\/\",\"url\":\"https:\/\/secure.gravatar.com\/avatar\/03179346ecce6cdfc13361603e8f54242a90e5cde8618fa23c5c00aa2b0aadf3?s=96&d=mm&r=g\",\"contentUrl\":\"https:\/\/secure.gravatar.com\/avatar\/03179346ecce6cdfc13361603e8f54242a90e5cde8618fa23c5c00aa2b0aadf3?s=96&d=mm&r=g\",\"caption\":\"Reda\u00e7\u00e3o\"},\"sameAs\":[\"https:\/\/noticiaempauta.com\/portal\/\"],\"url\":\"https:\/\/noticiaempauta.com\/portal\/author\/fernando\/\"}]}<\/script>\n<!-- \/ Yoast SEO Premium plugin. -->","yoast_head_json":{"title":"Avan\u00e7a Alepi: Deputados instalam sede do legislativo em Bom Jesus - Portal Not\u00edcia em Pauta","robots":{"index":"index","follow":"follow","max-snippet":"max-snippet:-1","max-image-preview":"max-image-preview:large","max-video-preview":"max-video-preview:-1"},"canonical":"https:\/\/noticiaempauta.com\/portal\/avanca-alepi-deputados-instalam-sede-do-legislativo-em-bom-jesus\/","og_locale":"pt_BR","og_type":"article","og_title":"Avan\u00e7a Alepi: Deputados instalam sede do legislativo em Bom Jesus","og_description":"Ao som de Luiz Gonzaga, a Orquestra de Rabecas e P\u00edfanos Joaquim Carlota abriu a sess\u00e3o solene de instala\u00e7\u00e3o da Assembleia Legislativa do Piau\u00ed (Alepi) no munic\u00edpio de Bom Jesus, nesta sexta-feira (14). As crian\u00e7as e jovens que integram o projeto social deram o tom festivo da solenidade, em comemora\u00e7\u00e3o aos 190 anos do Legislativo [&hellip;]","og_url":"https:\/\/noticiaempauta.com\/portal\/avanca-alepi-deputados-instalam-sede-do-legislativo-em-bom-jesus\/","og_site_name":"Portal Not\u00edcia em Pauta","article_publisher":"https:\/\/www.facebook.com\/Portal-Notcia-Em-Pauta-102292869264820\/","article_published_time":"2025-11-15T18:45:44+00:00","article_modified_time":"2025-11-15T18:45:45+00:00","og_image":[{"width":600,"height":337,"url":"https:\/\/noticiaempauta.com\/portal\/wp-content\/uploads\/2025\/11\/image_assessoria-15-1.jpeg","type":"image\/jpeg"}],"author":"Reda\u00e7\u00e3o","twitter_card":"summary_large_image","twitter_misc":{"Escrito por":"Reda\u00e7\u00e3o","Est. tempo de leitura":"4 minutos"},"schema":{"@context":"https:\/\/schema.org","@graph":[{"@type":"Article","@id":"https:\/\/noticiaempauta.com\/portal\/avanca-alepi-deputados-instalam-sede-do-legislativo-em-bom-jesus\/#article","isPartOf":{"@id":"https:\/\/noticiaempauta.com\/portal\/avanca-alepi-deputados-instalam-sede-do-legislativo-em-bom-jesus\/"},"author":{"name":"Reda\u00e7\u00e3o","@id":"https:\/\/noticiaempauta.com\/portal\/#\/schema\/person\/a74af43dd1ab3deca45f988c717d57ac"},"headline":"Avan\u00e7a Alepi: Deputados instalam sede do legislativo em Bom Jesus","datePublished":"2025-11-15T18:45:44+00:00","dateModified":"2025-11-15T18:45:45+00:00","mainEntityOfPage":{"@id":"https:\/\/noticiaempauta.com\/portal\/avanca-alepi-deputados-instalam-sede-do-legislativo-em-bom-jesus\/"},"wordCount":543,"commentCount":0,"publisher":{"@id":"https:\/\/noticiaempauta.com\/portal\/#organization"},"image":{"@id":"https:\/\/noticiaempauta.com\/portal\/avanca-alepi-deputados-instalam-sede-do-legislativo-em-bom-jesus\/#primaryimage"},"thumbnailUrl":"https:\/\/noticiaempauta.com\/portal\/wp-content\/uploads\/2025\/11\/image_assessoria-15-1.jpeg","articleSection":["Destaques","Geral","Munic\u00edpios","Todas as Not\u00edcias"],"inLanguage":"pt-BR","potentialAction":[{"@type":"CommentAction","name":"Comment","target":["https:\/\/noticiaempauta.com\/portal\/avanca-alepi-deputados-instalam-sede-do-legislativo-em-bom-jesus\/#respond"]}]},{"@type":"WebPage","@id":"https:\/\/noticiaempauta.com\/portal\/avanca-alepi-deputados-instalam-sede-do-legislativo-em-bom-jesus\/","url":"https:\/\/noticiaempauta.com\/portal\/avanca-alepi-deputados-instalam-sede-do-legislativo-em-bom-jesus\/","name":"Avan\u00e7a Alepi: Deputados instalam sede do legislativo em Bom Jesus - Portal Not\u00edcia em Pauta","isPartOf":{"@id":"https:\/\/noticiaempauta.com\/portal\/#website"},"primaryImageOfPage":{"@id":"https:\/\/noticiaempauta.com\/portal\/avanca-alepi-deputados-instalam-sede-do-legislativo-em-bom-jesus\/#primaryimage"},"image":{"@id":"https:\/\/noticiaempauta.com\/portal\/avanca-alepi-deputados-instalam-sede-do-legislativo-em-bom-jesus\/#primaryimage"},"thumbnailUrl":"https:\/\/noticiaempauta.com\/portal\/wp-content\/uploads\/2025\/11\/image_assessoria-15-1.jpeg","datePublished":"2025-11-15T18:45:44+00:00","dateModified":"2025-11-15T18:45:45+00:00","breadcrumb":{"@id":"https:\/\/noticiaempauta.com\/portal\/avanca-alepi-deputados-instalam-sede-do-legislativo-em-bom-jesus\/#breadcrumb"},"inLanguage":"pt-BR","potentialAction":[{"@type":"ReadAction","target":["https:\/\/noticiaempauta.com\/portal\/avanca-alepi-deputados-instalam-sede-do-legislativo-em-bom-jesus\/"]}]},{"@type":"ImageObject","inLanguage":"pt-BR","@id":"https:\/\/noticiaempauta.com\/portal\/avanca-alepi-deputados-instalam-sede-do-legislativo-em-bom-jesus\/#primaryimage","url":"https:\/\/noticiaempauta.com\/portal\/wp-content\/uploads\/2025\/11\/image_assessoria-15-1.jpeg","contentUrl":"https:\/\/noticiaempauta.com\/portal\/wp-content\/uploads\/2025\/11\/image_assessoria-15-1.jpeg","width":600,"height":337},{"@type":"BreadcrumbList","@id":"https:\/\/noticiaempauta.com\/portal\/avanca-alepi-deputados-instalam-sede-do-legislativo-em-bom-jesus\/#breadcrumb","itemListElement":[{"@type":"ListItem","position":1,"name":"P\u00e1gina Inicial","item":"https:\/\/noticiaempauta.com\/portal\/"},{"@type":"ListItem","position":2,"name":"Destaques","item":"https:\/\/noticiaempauta.com\/portal\/destaques-site\/"},{"@type":"ListItem","position":3,"name":"Avan\u00e7a Alepi: Deputados instalam sede do legislativo em Bom Jesus"}]},{"@type":"WebSite","@id":"https:\/\/noticiaempauta.com\/portal\/#website","url":"https:\/\/noticiaempauta.com\/portal\/","name":"Portal Not\u00edcia em Pauta","description":"Voc\u00ea bem informado","publisher":{"@id":"https:\/\/noticiaempauta.com\/portal\/#organization"},"potentialAction":[{"@type":"SearchAction","target":{"@type":"EntryPoint","urlTemplate":"https:\/\/noticiaempauta.com\/portal\/?s={search_term_string}"},"query-input":{"@type":"PropertyValueSpecification","valueRequired":true,"valueName":"search_term_string"}}],"inLanguage":"pt-BR"},{"@type":"Organization","@id":"https:\/\/noticiaempauta.com\/portal\/#organization","name":"Portal Not\u00edcia em Pauta","url":"https:\/\/noticiaempauta.com\/portal\/","logo":{"@type":"ImageObject","inLanguage":"pt-BR","@id":"https:\/\/noticiaempauta.com\/portal\/#\/schema\/logo\/image\/","url":"https:\/\/noticiaempauta.com\/portal\/wp-content\/uploads\/2022\/08\/logomarca_tema.fw_.png","contentUrl":"https:\/\/noticiaempauta.com\/portal\/wp-content\/uploads\/2022\/08\/logomarca_tema.fw_.png","width":400,"height":232,"caption":"Portal Not\u00edcia em Pauta"},"image":{"@id":"https:\/\/noticiaempauta.com\/portal\/#\/schema\/logo\/image\/"},"sameAs":["https:\/\/www.facebook.com\/Portal-Notcia-Em-Pauta-102292869264820\/","https:\/\/www.instagram.com\/portalnoticiaempauta\/"]},{"@type":"Person","@id":"https:\/\/noticiaempauta.com\/portal\/#\/schema\/person\/a74af43dd1ab3deca45f988c717d57ac","name":"Reda\u00e7\u00e3o","image":{"@type":"ImageObject","inLanguage":"pt-BR","@id":"https:\/\/noticiaempauta.com\/portal\/#\/schema\/person\/image\/","url":"https:\/\/secure.gravatar.com\/avatar\/03179346ecce6cdfc13361603e8f54242a90e5cde8618fa23c5c00aa2b0aadf3?s=96&d=mm&r=g","contentUrl":"https:\/\/secure.gravatar.com\/avatar\/03179346ecce6cdfc13361603e8f54242a90e5cde8618fa23c5c00aa2b0aadf3?s=96&d=mm&r=g","caption":"Reda\u00e7\u00e3o"},"sameAs":["https:\/\/noticiaempauta.com\/portal\/"],"url":"https:\/\/noticiaempauta.com\/portal\/author\/fernando\/"}]}},"_links":{"self":[{"href":"https:\/\/noticiaempauta.com\/portal\/wp-json\/wp\/v2\/posts\/280675","targetHints":{"allow":["GET"]}}],"collection":[{"href":"https:\/\/noticiaempauta.com\/portal\/wp-json\/wp\/v2\/posts"}],"about":[{"href":"https:\/\/noticiaempauta.com\/portal\/wp-json\/wp\/v2\/types\/post"}],"author":[{"embeddable":true,"href":"https:\/\/noticiaempauta.com\/portal\/wp-json\/wp\/v2\/users\/2"}],"replies":[{"embeddable":true,"href":"https:\/\/noticiaempauta.com\/portal\/wp-json\/wp\/v2\/comments?post=280675"}],"version-history":[{"count":2,"href":"https:\/\/noticiaempauta.com\/portal\/wp-json\/wp\/v2\/posts\/280675\/revisions"}],"predecessor-version":[{"id":280679,"href":"https:\/\/noticiaempauta.com\/portal\/wp-json\/wp\/v2\/posts\/280675\/revisions\/280679"}],"wp:featuredmedia":[{"embeddable":true,"href":"https:\/\/noticiaempauta.com\/portal\/wp-json\/wp\/v2\/media\/280677"}],"wp:attachment":[{"href":"https:\/\/noticiaempauta.com\/portal\/wp-json\/wp\/v2\/media?parent=280675"}],"wp:term":[{"taxonomy":"category","embeddable":true,"href":"https:\/\/noticiaempauta.com\/portal\/wp-json\/wp\/v2\/categories?post=280675"},{"taxonomy":"post_tag","embeddable":true,"href":"https:\/\/noticiaempauta.com\/portal\/wp-json\/wp\/v2\/tags?post=280675"}],"curies":[{"name":"wp","href":"https:\/\/api.w.org\/{rel}","templated":true}]}}