{"id":280680,"date":"2025-11-15T15:59:18","date_gmt":"2025-11-15T18:59:18","guid":{"rendered":"https:\/\/noticiaempauta.com\/portal\/?p=280680"},"modified":"2025-11-15T15:59:19","modified_gmt":"2025-11-15T18:59:19","slug":"donald-trump-reduz-tarifas-sobre-carne-bovina-tomates-cafe-e-bananas","status":"publish","type":"post","link":"https:\/\/noticiaempauta.com\/portal\/donald-trump-reduz-tarifas-sobre-carne-bovina-tomates-cafe-e-bananas\/","title":{"rendered":"Donald Trump reduz tarifas sobre carne bovina, tomates, caf\u00e9 e bananas"},"content":{"rendered":"\n<p>O&nbsp;presidente dos Estados Unidos, Donald Trump, emitiu uma&nbsp;ordem executiva&nbsp;nesta sexta-feira (14) que&nbsp;reduz as tarifas de reciprocidade impostas a quase todos os pa\u00edses sobre carne bovina, tomates, caf\u00e9 e bananas. A redu\u00e7\u00e3o est\u00e1 relacionada aos 10% de sobretaxa geral imposta \u00e0 v\u00e1rios pa\u00edses exportadores em abril deste ano.<\/p>\n\n\n\n<figure class=\"wp-block-image size-large\"><img fetchpriority=\"high\" decoding=\"async\" width=\"1024\" height=\"596\" src=\"https:\/\/noticiaempauta.com\/portal\/wp-content\/uploads\/2025\/11\/tarifaco-2-1024x596.jpg\" alt=\"\" class=\"wp-image-280681\" srcset=\"https:\/\/noticiaempauta.com\/portal\/wp-content\/uploads\/2025\/11\/tarifaco-2-1024x596.jpg 1024w, https:\/\/noticiaempauta.com\/portal\/wp-content\/uploads\/2025\/11\/tarifaco-2-300x175.jpg 300w, https:\/\/noticiaempauta.com\/portal\/wp-content\/uploads\/2025\/11\/tarifaco-2-768x447.jpg 768w, https:\/\/noticiaempauta.com\/portal\/wp-content\/uploads\/2025\/11\/tarifaco-2.jpg 1320w\" sizes=\"(max-width: 1024px) 100vw, 1024px\" \/><figcaption class=\"wp-element-caption\"><em>(Foto: Reprodu\u00e7\u00e3o)<\/em><\/figcaption><\/figure>\n\n\n\n<p>Anteriormente, havia uma d\u00favida se a redu\u00e7\u00e3o do tarifa\u00e7o valeria para os&nbsp;40% adicionais impostos ao Brasil por raz\u00f5es pol\u00edticas. No in\u00edcio da noite, por\u00e9m, a ag\u00eancia Reuters confirmou que a redu\u00e7\u00e3o que j\u00e1 est\u00e1 valendo \u00e9 apenas de 10% .<\/p>\n\n\n\n<p>A medida ocorre em um&nbsp;momento em que os eleitores norte-americanos se mostram cada vez mais cautelosos em rela\u00e7\u00e3o \u00e0 economia. Desde agosto, o Brasil, maior fornecedor de caf\u00e9 para os EUA, e um dos principais de carne, enfrenta sobretaxa de 50% sobre seus produtos aplicada pelo governo norte-americano. Ambos os produtos enfrentam alta nos pre\u00e7os nos mercados dos EUA.<\/p>\n\n\n\n<p>Na ordem executiva, Trump afirmou ter determinado que \u201c\u00e9 necess\u00e1rio e apropriado modificar ainda mais o escopo dos produtos sujeitos \u00e0 tarifa rec\u00edproca\u201d. A decis\u00e3o foi tomada com base em \u201cinforma\u00e7\u00f5es e recomenda\u00e7\u00f5es\u201d de funcion\u00e1rios, \u201co andamento das negocia\u00e7\u00f5es com diversos parceiros comerciais, a demanda interna atual por certos produtos e a capacidade interna atual de produzir certos produtos, entre outros fatores.\u201d<a href=\"https:\/\/sbtnews.sbt.com.br\/noticia\/mundo\/representante-comercial-dos-eua-diz-que-trump-esta-pronto-para-isentar-alguns-produtos-alimenticios-de-tarifas\"><strong><\/strong><\/a><\/p>\n\n\n\n<p>Um funcion\u00e1rio da Casa Branca, que pediu anonimato para falar sobre a ordem executiva, disse que Trump est\u00e1 cumprindo sua promessa de negociar acordos comerciais e depois ajustar as tarifas conforme necess\u00e1rio. Outra fonte, o representante comercial dos EUA, Jamieson Greer, acrescentou que a medida se encaixa na estrat\u00e9gia mais ampla de Trump de criar isen\u00e7\u00f5es tarif\u00e1rias para setores e bens essenciais.<\/p>\n\n\n\n<p>\u201cAgora \u00e9 o momento certo para, voc\u00ea sabe, liberar alguns desses itens que o presidente disse que iria liberar\u201d, declarou Greer. \u201cIsso \u00e9 um desdobramento natural exatamente do que o presidente sinalizou, e \u00e9 isso que ele est\u00e1 fazendo hoje.\u201d<\/p>\n\n\n\n<p>Trump e autoridades de seu governo t\u00eam rejeitado as cr\u00edticas de que suas pol\u00edticas comerciais aumentaram o custo de vida. O presidente insiste que quaisquer custos mais altos foram desencadeados por decis\u00f5es promulgadas pelo ex-presidente Joe Biden, e n\u00e3o por suas pr\u00f3prias diretrizes tarif\u00e1rias.<\/p>\n\n\n\n<h2 class=\"wp-block-heading\">Medida \u00e9 anunciada ap\u00f3s encontro de EUA e Brasil<\/h2>\n\n\n\n<p>A medida \u00e9 anunciada um dia depois que o ministro das Rela\u00e7\u00f5es Exteriores, Mauro Vieira, afirmou que resolu\u00e7\u00e3o sobre as tarifas dos Estados Unidos sobre produtos brasileiros vir\u00e1&nbsp;\u201cmuito proximamente\u201d. A declara\u00e7\u00e3o veio ap\u00f3s o chanceler brasileiro se reunir, na noite de quinta-feira (13), com o secret\u00e1rio de Estado dos EUA, Marco Rubio, para discutir as quest\u00f5es bilaterais entre os dois pa\u00edses.<\/p>\n\n\n\n<p>Esta foi a terceira vez que Vieira voou para Washington para conversar com Rubio sobre o tarifa\u00e7o. Dessa vez, teve aperto de m\u00e3o diante das c\u00e2meras de TV e at\u00e9 sorriso do secret\u00e1rio de Estado. Os dois se encontraram na sede do Departamento de Estado e tiveram duas reuni\u00f5es na sequ\u00eancia \u2014 uma particular e a outra com integrantes das equipes dos dois pa\u00edses.<\/p>\n\n\n\n<p>\u201cO secret\u00e1rio de Estado disse que [o governo americano] est\u00e1 examinando [a resolu\u00e7\u00e3o] com toda a aten\u00e7\u00e3o e todo o tempo, que quer resolver rapidamente as quest\u00f5es bilaterais com o Brasil e que a resposta vir\u00e1 muito proximamente, amanh\u00e3 ou na pr\u00f3xima semana\u201d, afirmou Vieira.<\/p>\n\n\n\n<p>\u201c\u00c9 importante dizer que h\u00e1 demonstra\u00e7\u00e3o do interesse do governo americano e do secret\u00e1rio de Estado em solucionar todas as quest\u00f5es ainda pendentes na rela\u00e7\u00e3o com o Brasil (\u2026), de virar essa p\u00e1gina e de se aproximar do Brasil\u201d, acrescentou.<\/p>\n\n\n\n<p><strong>Fonte: SBT News<\/strong><\/p>\n","protected":false},"excerpt":{"rendered":"<p>O&nbsp;presidente dos Estados Unidos, Donald Trump, emitiu uma&nbsp;ordem executiva&nbsp;nesta sexta-feira (14) que&nbsp;reduz as tarifas de reciprocidade impostas a quase todos os pa\u00edses sobre carne bovina, tomates, caf\u00e9 e bananas. A redu\u00e7\u00e3o est\u00e1 relacionada aos 10% de sobretaxa geral imposta \u00e0 v\u00e1rios pa\u00edses exportadores em abril deste ano. Anteriormente, havia uma d\u00favida se a redu\u00e7\u00e3o do [&hellip;]<\/p>\n","protected":false},"author":2,"featured_media":280681,"comment_status":"open","ping_status":"open","sticky":false,"template":"","format":"standard","meta":{"_mi_skip_tracking":false,"footnotes":""},"categories":[25,1,16],"tags":[192],"class_list":["post-280680","post","type-post","status-publish","format-standard","has-post-thumbnail","hentry","category-destaques-site","category-geral","category-todas","tag-destaqueprincipal"],"acf":[],"yoast_head":"<!-- This site is optimized with the Yoast SEO Premium plugin v19.2 (Yoast SEO v26.9) - https:\/\/yoast.com\/product\/yoast-seo-premium-wordpress\/ -->\n<title>Donald Trump reduz tarifas sobre carne bovina, tomates, caf\u00e9 e bananas - Portal Not\u00edcia em Pauta<\/title>\n<meta name=\"robots\" content=\"index, follow, max-snippet:-1, max-image-preview:large, max-video-preview:-1\" \/>\n<link rel=\"canonical\" href=\"https:\/\/noticiaempauta.com\/portal\/donald-trump-reduz-tarifas-sobre-carne-bovina-tomates-cafe-e-bananas\/\" \/>\n<meta property=\"og:locale\" content=\"pt_BR\" \/>\n<meta property=\"og:type\" content=\"article\" \/>\n<meta property=\"og:title\" content=\"Donald Trump reduz tarifas sobre carne bovina, tomates, caf\u00e9 e bananas\" \/>\n<meta property=\"og:description\" content=\"O&nbsp;presidente dos Estados Unidos, Donald Trump, emitiu uma&nbsp;ordem executiva&nbsp;nesta sexta-feira (14) que&nbsp;reduz as tarifas de reciprocidade impostas a quase todos os pa\u00edses sobre carne bovina, tomates, caf\u00e9 e bananas. A redu\u00e7\u00e3o est\u00e1 relacionada aos 10% de sobretaxa geral imposta \u00e0 v\u00e1rios pa\u00edses exportadores em abril deste ano. Anteriormente, havia uma d\u00favida se a redu\u00e7\u00e3o do [&hellip;]\" \/>\n<meta property=\"og:url\" content=\"https:\/\/noticiaempauta.com\/portal\/donald-trump-reduz-tarifas-sobre-carne-bovina-tomates-cafe-e-bananas\/\" \/>\n<meta property=\"og:site_name\" content=\"Portal Not\u00edcia em Pauta\" \/>\n<meta property=\"article:publisher\" content=\"https:\/\/www.facebook.com\/Portal-Notcia-Em-Pauta-102292869264820\/\" \/>\n<meta property=\"article:published_time\" content=\"2025-11-15T18:59:18+00:00\" \/>\n<meta property=\"article:modified_time\" content=\"2025-11-15T18:59:19+00:00\" \/>\n<meta property=\"og:image\" content=\"https:\/\/noticiaempauta.com\/portal\/wp-content\/uploads\/2025\/11\/tarifaco-2.jpg\" \/>\n\t<meta property=\"og:image:width\" content=\"1320\" \/>\n\t<meta property=\"og:image:height\" content=\"768\" \/>\n\t<meta property=\"og:image:type\" content=\"image\/jpeg\" \/>\n<meta name=\"author\" content=\"Reda\u00e7\u00e3o\" \/>\n<meta name=\"twitter:card\" content=\"summary_large_image\" \/>\n<meta name=\"twitter:label1\" content=\"Escrito por\" \/>\n\t<meta name=\"twitter:data1\" content=\"Reda\u00e7\u00e3o\" \/>\n\t<meta name=\"twitter:label2\" content=\"Est. tempo de leitura\" \/>\n\t<meta name=\"twitter:data2\" content=\"4 minutos\" \/>\n<script type=\"application\/ld+json\" class=\"yoast-schema-graph\">{\"@context\":\"https:\/\/schema.org\",\"@graph\":[{\"@type\":\"Article\",\"@id\":\"https:\/\/noticiaempauta.com\/portal\/donald-trump-reduz-tarifas-sobre-carne-bovina-tomates-cafe-e-bananas\/#article\",\"isPartOf\":{\"@id\":\"https:\/\/noticiaempauta.com\/portal\/donald-trump-reduz-tarifas-sobre-carne-bovina-tomates-cafe-e-bananas\/\"},\"author\":{\"name\":\"Reda\u00e7\u00e3o\",\"@id\":\"https:\/\/noticiaempauta.com\/portal\/#\/schema\/person\/a74af43dd1ab3deca45f988c717d57ac\"},\"headline\":\"Donald Trump reduz tarifas sobre carne bovina, tomates, caf\u00e9 e bananas\",\"datePublished\":\"2025-11-15T18:59:18+00:00\",\"dateModified\":\"2025-11-15T18:59:19+00:00\",\"mainEntityOfPage\":{\"@id\":\"https:\/\/noticiaempauta.com\/portal\/donald-trump-reduz-tarifas-sobre-carne-bovina-tomates-cafe-e-bananas\/\"},\"wordCount\":643,\"commentCount\":0,\"publisher\":{\"@id\":\"https:\/\/noticiaempauta.com\/portal\/#organization\"},\"image\":{\"@id\":\"https:\/\/noticiaempauta.com\/portal\/donald-trump-reduz-tarifas-sobre-carne-bovina-tomates-cafe-e-bananas\/#primaryimage\"},\"thumbnailUrl\":\"https:\/\/noticiaempauta.com\/portal\/wp-content\/uploads\/2025\/11\/tarifaco-2.jpg\",\"keywords\":[\"destaqueprincipal\"],\"articleSection\":[\"Destaques\",\"Geral\",\"Todas as Not\u00edcias\"],\"inLanguage\":\"pt-BR\",\"potentialAction\":[{\"@type\":\"CommentAction\",\"name\":\"Comment\",\"target\":[\"https:\/\/noticiaempauta.com\/portal\/donald-trump-reduz-tarifas-sobre-carne-bovina-tomates-cafe-e-bananas\/#respond\"]}]},{\"@type\":\"WebPage\",\"@id\":\"https:\/\/noticiaempauta.com\/portal\/donald-trump-reduz-tarifas-sobre-carne-bovina-tomates-cafe-e-bananas\/\",\"url\":\"https:\/\/noticiaempauta.com\/portal\/donald-trump-reduz-tarifas-sobre-carne-bovina-tomates-cafe-e-bananas\/\",\"name\":\"Donald Trump reduz tarifas sobre carne bovina, tomates, caf\u00e9 e bananas - Portal Not\u00edcia em Pauta\",\"isPartOf\":{\"@id\":\"https:\/\/noticiaempauta.com\/portal\/#website\"},\"primaryImageOfPage\":{\"@id\":\"https:\/\/noticiaempauta.com\/portal\/donald-trump-reduz-tarifas-sobre-carne-bovina-tomates-cafe-e-bananas\/#primaryimage\"},\"image\":{\"@id\":\"https:\/\/noticiaempauta.com\/portal\/donald-trump-reduz-tarifas-sobre-carne-bovina-tomates-cafe-e-bananas\/#primaryimage\"},\"thumbnailUrl\":\"https:\/\/noticiaempauta.com\/portal\/wp-content\/uploads\/2025\/11\/tarifaco-2.jpg\",\"datePublished\":\"2025-11-15T18:59:18+00:00\",\"dateModified\":\"2025-11-15T18:59:19+00:00\",\"breadcrumb\":{\"@id\":\"https:\/\/noticiaempauta.com\/portal\/donald-trump-reduz-tarifas-sobre-carne-bovina-tomates-cafe-e-bananas\/#breadcrumb\"},\"inLanguage\":\"pt-BR\",\"potentialAction\":[{\"@type\":\"ReadAction\",\"target\":[\"https:\/\/noticiaempauta.com\/portal\/donald-trump-reduz-tarifas-sobre-carne-bovina-tomates-cafe-e-bananas\/\"]}]},{\"@type\":\"ImageObject\",\"inLanguage\":\"pt-BR\",\"@id\":\"https:\/\/noticiaempauta.com\/portal\/donald-trump-reduz-tarifas-sobre-carne-bovina-tomates-cafe-e-bananas\/#primaryimage\",\"url\":\"https:\/\/noticiaempauta.com\/portal\/wp-content\/uploads\/2025\/11\/tarifaco-2.jpg\",\"contentUrl\":\"https:\/\/noticiaempauta.com\/portal\/wp-content\/uploads\/2025\/11\/tarifaco-2.jpg\",\"width\":1320,\"height\":768},{\"@type\":\"BreadcrumbList\",\"@id\":\"https:\/\/noticiaempauta.com\/portal\/donald-trump-reduz-tarifas-sobre-carne-bovina-tomates-cafe-e-bananas\/#breadcrumb\",\"itemListElement\":[{\"@type\":\"ListItem\",\"position\":1,\"name\":\"P\u00e1gina Inicial\",\"item\":\"https:\/\/noticiaempauta.com\/portal\/\"},{\"@type\":\"ListItem\",\"position\":2,\"name\":\"Destaques\",\"item\":\"https:\/\/noticiaempauta.com\/portal\/destaques-site\/\"},{\"@type\":\"ListItem\",\"position\":3,\"name\":\"Donald Trump reduz tarifas sobre carne bovina, tomates, caf\u00e9 e bananas\"}]},{\"@type\":\"WebSite\",\"@id\":\"https:\/\/noticiaempauta.com\/portal\/#website\",\"url\":\"https:\/\/noticiaempauta.com\/portal\/\",\"name\":\"Portal Not\u00edcia em Pauta\",\"description\":\"Voc\u00ea bem informado\",\"publisher\":{\"@id\":\"https:\/\/noticiaempauta.com\/portal\/#organization\"},\"potentialAction\":[{\"@type\":\"SearchAction\",\"target\":{\"@type\":\"EntryPoint\",\"urlTemplate\":\"https:\/\/noticiaempauta.com\/portal\/?s={search_term_string}\"},\"query-input\":{\"@type\":\"PropertyValueSpecification\",\"valueRequired\":true,\"valueName\":\"search_term_string\"}}],\"inLanguage\":\"pt-BR\"},{\"@type\":\"Organization\",\"@id\":\"https:\/\/noticiaempauta.com\/portal\/#organization\",\"name\":\"Portal Not\u00edcia em Pauta\",\"url\":\"https:\/\/noticiaempauta.com\/portal\/\",\"logo\":{\"@type\":\"ImageObject\",\"inLanguage\":\"pt-BR\",\"@id\":\"https:\/\/noticiaempauta.com\/portal\/#\/schema\/logo\/image\/\",\"url\":\"https:\/\/noticiaempauta.com\/portal\/wp-content\/uploads\/2022\/08\/logomarca_tema.fw_.png\",\"contentUrl\":\"https:\/\/noticiaempauta.com\/portal\/wp-content\/uploads\/2022\/08\/logomarca_tema.fw_.png\",\"width\":400,\"height\":232,\"caption\":\"Portal Not\u00edcia em Pauta\"},\"image\":{\"@id\":\"https:\/\/noticiaempauta.com\/portal\/#\/schema\/logo\/image\/\"},\"sameAs\":[\"https:\/\/www.facebook.com\/Portal-Notcia-Em-Pauta-102292869264820\/\",\"https:\/\/www.instagram.com\/portalnoticiaempauta\/\"]},{\"@type\":\"Person\",\"@id\":\"https:\/\/noticiaempauta.com\/portal\/#\/schema\/person\/a74af43dd1ab3deca45f988c717d57ac\",\"name\":\"Reda\u00e7\u00e3o\",\"image\":{\"@type\":\"ImageObject\",\"inLanguage\":\"pt-BR\",\"@id\":\"https:\/\/noticiaempauta.com\/portal\/#\/schema\/person\/image\/\",\"url\":\"https:\/\/secure.gravatar.com\/avatar\/03179346ecce6cdfc13361603e8f54242a90e5cde8618fa23c5c00aa2b0aadf3?s=96&d=mm&r=g\",\"contentUrl\":\"https:\/\/secure.gravatar.com\/avatar\/03179346ecce6cdfc13361603e8f54242a90e5cde8618fa23c5c00aa2b0aadf3?s=96&d=mm&r=g\",\"caption\":\"Reda\u00e7\u00e3o\"},\"sameAs\":[\"https:\/\/noticiaempauta.com\/portal\/\"],\"url\":\"https:\/\/noticiaempauta.com\/portal\/author\/fernando\/\"}]}<\/script>\n<!-- \/ Yoast SEO Premium plugin. -->","yoast_head_json":{"title":"Donald Trump reduz tarifas sobre carne bovina, tomates, caf\u00e9 e bananas - Portal Not\u00edcia em Pauta","robots":{"index":"index","follow":"follow","max-snippet":"max-snippet:-1","max-image-preview":"max-image-preview:large","max-video-preview":"max-video-preview:-1"},"canonical":"https:\/\/noticiaempauta.com\/portal\/donald-trump-reduz-tarifas-sobre-carne-bovina-tomates-cafe-e-bananas\/","og_locale":"pt_BR","og_type":"article","og_title":"Donald Trump reduz tarifas sobre carne bovina, tomates, caf\u00e9 e bananas","og_description":"O&nbsp;presidente dos Estados Unidos, Donald Trump, emitiu uma&nbsp;ordem executiva&nbsp;nesta sexta-feira (14) que&nbsp;reduz as tarifas de reciprocidade impostas a quase todos os pa\u00edses sobre carne bovina, tomates, caf\u00e9 e bananas. A redu\u00e7\u00e3o est\u00e1 relacionada aos 10% de sobretaxa geral imposta \u00e0 v\u00e1rios pa\u00edses exportadores em abril deste ano. Anteriormente, havia uma d\u00favida se a redu\u00e7\u00e3o do [&hellip;]","og_url":"https:\/\/noticiaempauta.com\/portal\/donald-trump-reduz-tarifas-sobre-carne-bovina-tomates-cafe-e-bananas\/","og_site_name":"Portal Not\u00edcia em Pauta","article_publisher":"https:\/\/www.facebook.com\/Portal-Notcia-Em-Pauta-102292869264820\/","article_published_time":"2025-11-15T18:59:18+00:00","article_modified_time":"2025-11-15T18:59:19+00:00","og_image":[{"width":1320,"height":768,"url":"https:\/\/noticiaempauta.com\/portal\/wp-content\/uploads\/2025\/11\/tarifaco-2.jpg","type":"image\/jpeg"}],"author":"Reda\u00e7\u00e3o","twitter_card":"summary_large_image","twitter_misc":{"Escrito por":"Reda\u00e7\u00e3o","Est. tempo de leitura":"4 minutos"},"schema":{"@context":"https:\/\/schema.org","@graph":[{"@type":"Article","@id":"https:\/\/noticiaempauta.com\/portal\/donald-trump-reduz-tarifas-sobre-carne-bovina-tomates-cafe-e-bananas\/#article","isPartOf":{"@id":"https:\/\/noticiaempauta.com\/portal\/donald-trump-reduz-tarifas-sobre-carne-bovina-tomates-cafe-e-bananas\/"},"author":{"name":"Reda\u00e7\u00e3o","@id":"https:\/\/noticiaempauta.com\/portal\/#\/schema\/person\/a74af43dd1ab3deca45f988c717d57ac"},"headline":"Donald Trump reduz tarifas sobre carne bovina, tomates, caf\u00e9 e bananas","datePublished":"2025-11-15T18:59:18+00:00","dateModified":"2025-11-15T18:59:19+00:00","mainEntityOfPage":{"@id":"https:\/\/noticiaempauta.com\/portal\/donald-trump-reduz-tarifas-sobre-carne-bovina-tomates-cafe-e-bananas\/"},"wordCount":643,"commentCount":0,"publisher":{"@id":"https:\/\/noticiaempauta.com\/portal\/#organization"},"image":{"@id":"https:\/\/noticiaempauta.com\/portal\/donald-trump-reduz-tarifas-sobre-carne-bovina-tomates-cafe-e-bananas\/#primaryimage"},"thumbnailUrl":"https:\/\/noticiaempauta.com\/portal\/wp-content\/uploads\/2025\/11\/tarifaco-2.jpg","keywords":["destaqueprincipal"],"articleSection":["Destaques","Geral","Todas as Not\u00edcias"],"inLanguage":"pt-BR","potentialAction":[{"@type":"CommentAction","name":"Comment","target":["https:\/\/noticiaempauta.com\/portal\/donald-trump-reduz-tarifas-sobre-carne-bovina-tomates-cafe-e-bananas\/#respond"]}]},{"@type":"WebPage","@id":"https:\/\/noticiaempauta.com\/portal\/donald-trump-reduz-tarifas-sobre-carne-bovina-tomates-cafe-e-bananas\/","url":"https:\/\/noticiaempauta.com\/portal\/donald-trump-reduz-tarifas-sobre-carne-bovina-tomates-cafe-e-bananas\/","name":"Donald Trump reduz tarifas sobre carne bovina, tomates, caf\u00e9 e bananas - Portal Not\u00edcia em Pauta","isPartOf":{"@id":"https:\/\/noticiaempauta.com\/portal\/#website"},"primaryImageOfPage":{"@id":"https:\/\/noticiaempauta.com\/portal\/donald-trump-reduz-tarifas-sobre-carne-bovina-tomates-cafe-e-bananas\/#primaryimage"},"image":{"@id":"https:\/\/noticiaempauta.com\/portal\/donald-trump-reduz-tarifas-sobre-carne-bovina-tomates-cafe-e-bananas\/#primaryimage"},"thumbnailUrl":"https:\/\/noticiaempauta.com\/portal\/wp-content\/uploads\/2025\/11\/tarifaco-2.jpg","datePublished":"2025-11-15T18:59:18+00:00","dateModified":"2025-11-15T18:59:19+00:00","breadcrumb":{"@id":"https:\/\/noticiaempauta.com\/portal\/donald-trump-reduz-tarifas-sobre-carne-bovina-tomates-cafe-e-bananas\/#breadcrumb"},"inLanguage":"pt-BR","potentialAction":[{"@type":"ReadAction","target":["https:\/\/noticiaempauta.com\/portal\/donald-trump-reduz-tarifas-sobre-carne-bovina-tomates-cafe-e-bananas\/"]}]},{"@type":"ImageObject","inLanguage":"pt-BR","@id":"https:\/\/noticiaempauta.com\/portal\/donald-trump-reduz-tarifas-sobre-carne-bovina-tomates-cafe-e-bananas\/#primaryimage","url":"https:\/\/noticiaempauta.com\/portal\/wp-content\/uploads\/2025\/11\/tarifaco-2.jpg","contentUrl":"https:\/\/noticiaempauta.com\/portal\/wp-content\/uploads\/2025\/11\/tarifaco-2.jpg","width":1320,"height":768},{"@type":"BreadcrumbList","@id":"https:\/\/noticiaempauta.com\/portal\/donald-trump-reduz-tarifas-sobre-carne-bovina-tomates-cafe-e-bananas\/#breadcrumb","itemListElement":[{"@type":"ListItem","position":1,"name":"P\u00e1gina Inicial","item":"https:\/\/noticiaempauta.com\/portal\/"},{"@type":"ListItem","position":2,"name":"Destaques","item":"https:\/\/noticiaempauta.com\/portal\/destaques-site\/"},{"@type":"ListItem","position":3,"name":"Donald Trump reduz tarifas sobre carne bovina, tomates, caf\u00e9 e bananas"}]},{"@type":"WebSite","@id":"https:\/\/noticiaempauta.com\/portal\/#website","url":"https:\/\/noticiaempauta.com\/portal\/","name":"Portal Not\u00edcia em Pauta","description":"Voc\u00ea bem informado","publisher":{"@id":"https:\/\/noticiaempauta.com\/portal\/#organization"},"potentialAction":[{"@type":"SearchAction","target":{"@type":"EntryPoint","urlTemplate":"https:\/\/noticiaempauta.com\/portal\/?s={search_term_string}"},"query-input":{"@type":"PropertyValueSpecification","valueRequired":true,"valueName":"search_term_string"}}],"inLanguage":"pt-BR"},{"@type":"Organization","@id":"https:\/\/noticiaempauta.com\/portal\/#organization","name":"Portal Not\u00edcia em Pauta","url":"https:\/\/noticiaempauta.com\/portal\/","logo":{"@type":"ImageObject","inLanguage":"pt-BR","@id":"https:\/\/noticiaempauta.com\/portal\/#\/schema\/logo\/image\/","url":"https:\/\/noticiaempauta.com\/portal\/wp-content\/uploads\/2022\/08\/logomarca_tema.fw_.png","contentUrl":"https:\/\/noticiaempauta.com\/portal\/wp-content\/uploads\/2022\/08\/logomarca_tema.fw_.png","width":400,"height":232,"caption":"Portal Not\u00edcia em Pauta"},"image":{"@id":"https:\/\/noticiaempauta.com\/portal\/#\/schema\/logo\/image\/"},"sameAs":["https:\/\/www.facebook.com\/Portal-Notcia-Em-Pauta-102292869264820\/","https:\/\/www.instagram.com\/portalnoticiaempauta\/"]},{"@type":"Person","@id":"https:\/\/noticiaempauta.com\/portal\/#\/schema\/person\/a74af43dd1ab3deca45f988c717d57ac","name":"Reda\u00e7\u00e3o","image":{"@type":"ImageObject","inLanguage":"pt-BR","@id":"https:\/\/noticiaempauta.com\/portal\/#\/schema\/person\/image\/","url":"https:\/\/secure.gravatar.com\/avatar\/03179346ecce6cdfc13361603e8f54242a90e5cde8618fa23c5c00aa2b0aadf3?s=96&d=mm&r=g","contentUrl":"https:\/\/secure.gravatar.com\/avatar\/03179346ecce6cdfc13361603e8f54242a90e5cde8618fa23c5c00aa2b0aadf3?s=96&d=mm&r=g","caption":"Reda\u00e7\u00e3o"},"sameAs":["https:\/\/noticiaempauta.com\/portal\/"],"url":"https:\/\/noticiaempauta.com\/portal\/author\/fernando\/"}]}},"_links":{"self":[{"href":"https:\/\/noticiaempauta.com\/portal\/wp-json\/wp\/v2\/posts\/280680","targetHints":{"allow":["GET"]}}],"collection":[{"href":"https:\/\/noticiaempauta.com\/portal\/wp-json\/wp\/v2\/posts"}],"about":[{"href":"https:\/\/noticiaempauta.com\/portal\/wp-json\/wp\/v2\/types\/post"}],"author":[{"embeddable":true,"href":"https:\/\/noticiaempauta.com\/portal\/wp-json\/wp\/v2\/users\/2"}],"replies":[{"embeddable":true,"href":"https:\/\/noticiaempauta.com\/portal\/wp-json\/wp\/v2\/comments?post=280680"}],"version-history":[{"count":2,"href":"https:\/\/noticiaempauta.com\/portal\/wp-json\/wp\/v2\/posts\/280680\/revisions"}],"predecessor-version":[{"id":280683,"href":"https:\/\/noticiaempauta.com\/portal\/wp-json\/wp\/v2\/posts\/280680\/revisions\/280683"}],"wp:featuredmedia":[{"embeddable":true,"href":"https:\/\/noticiaempauta.com\/portal\/wp-json\/wp\/v2\/media\/280681"}],"wp:attachment":[{"href":"https:\/\/noticiaempauta.com\/portal\/wp-json\/wp\/v2\/media?parent=280680"}],"wp:term":[{"taxonomy":"category","embeddable":true,"href":"https:\/\/noticiaempauta.com\/portal\/wp-json\/wp\/v2\/categories?post=280680"},{"taxonomy":"post_tag","embeddable":true,"href":"https:\/\/noticiaempauta.com\/portal\/wp-json\/wp\/v2\/tags?post=280680"}],"curies":[{"name":"wp","href":"https:\/\/api.w.org\/{rel}","templated":true}]}}