{"id":280823,"date":"2025-11-18T09:16:31","date_gmt":"2025-11-18T12:16:31","guid":{"rendered":"https:\/\/noticiaempauta.com\/portal\/?p=280823"},"modified":"2025-11-18T09:16:32","modified_gmt":"2025-11-18T12:16:32","slug":"prefeitura-de-picos-decreta-ponto-facultativo-nesta-sexta-feira-21-apos-o-feriado-do-dia-da-consciencia-negra","status":"publish","type":"post","link":"https:\/\/noticiaempauta.com\/portal\/prefeitura-de-picos-decreta-ponto-facultativo-nesta-sexta-feira-21-apos-o-feriado-do-dia-da-consciencia-negra\/","title":{"rendered":"Prefeitura de Picos decreta ponto facultativo nesta sexta-feira (21) ap\u00f3s o feriado do Dia da Consci\u00eancia Negra"},"content":{"rendered":"\n<p>A Prefeitura Municipal de Picos decretou ponto facultativo nesta sexta-feira, 21 de novembro de 2025, em todos os \u00f3rg\u00e3os e entidades da Administra\u00e7\u00e3o P\u00fablica Municipal. A medida foi oficializada por meio do Decreto n\u00ba 146\/2025, assinado pelo prefeito Dr. Pablo Dantas de Moura Santos e publicado nesta segunda-feira (17).<\/p>\n\n\n\n<p><strong>Veja o Decreto na \u00edntegra!<\/strong><\/p>\n\n\n\n<div data-wp-interactive=\"core\/file\" class=\"wp-block-file\"><object data-wp-bind--hidden=\"!state.hasPdfPreview\" hidden class=\"wp-block-file__embed\" data=\"https:\/\/noticiaempauta.com\/portal\/wp-content\/uploads\/2025\/11\/DECRETO-146-2025-PONTO-FACULTATIVO-21.11.2025-EM-RAZAO-DO-FERIADO-DO-DIA-20.11.2025.pdf\" type=\"application\/pdf\" style=\"width:100%;height:600px\" aria-label=\"Incorporado de DECRETO 146-2025 PONTO FACULTATIVO 21.11.2025 EM RAZ\u00c3O DO FERIADO DO DIA 20.11.2025.\"><\/object><a id=\"wp-block-file--media-4638d78f-df38-47c0-b26c-0a256257bf21\" href=\"https:\/\/noticiaempauta.com\/portal\/wp-content\/uploads\/2025\/11\/DECRETO-146-2025-PONTO-FACULTATIVO-21.11.2025-EM-RAZAO-DO-FERIADO-DO-DIA-20.11.2025.pdf\">DECRETO 146-2025 PONTO FACULTATIVO 21.11.2025 EM RAZ\u00c3O DO FERIADO DO DIA 20.11.2025<\/a><a href=\"https:\/\/noticiaempauta.com\/portal\/wp-content\/uploads\/2025\/11\/DECRETO-146-2025-PONTO-FACULTATIVO-21.11.2025-EM-RAZAO-DO-FERIADO-DO-DIA-20.11.2025.pdf\" class=\"wp-block-file__button wp-element-button\" download aria-describedby=\"wp-block-file--media-4638d78f-df38-47c0-b26c-0a256257bf21\">Baixar<\/a><\/div>\n\n\n\n<p>De acordo com o decreto, o ponto facultativo foi declarado em raz\u00e3o do feriado nacional do Dia da Consci\u00eancia Negra, celebrado na quinta-feira, 20 de novembro. A gest\u00e3o considerou que a data se encontra entre o feriado e o s\u00e1bado, e que a suspens\u00e3o das atividades n\u00e3o causar\u00e1 preju\u00edzos ao funcionamento da administra\u00e7\u00e3o, al\u00e9m de possibilitar economia aos cofres p\u00fablicos.<\/p>\n\n\n\n<p>O documento ressalta que a determina\u00e7\u00e3o n\u00e3o se aplica aos servi\u00e7os que funcionam em: Regime de plant\u00e3o e Regime de escala. Nesses casos, caber\u00e1 aos gestores de cada \u00f3rg\u00e3o garantir a continuidade dos servi\u00e7os considerados essenciais, conforme suas compet\u00eancias e \u00e1reas de atua\u00e7\u00e3o.<\/p>\n\n\n\n<p>Com a medida, o atendimento ao p\u00fablico nos setores administrativos da Prefeitura de Picos ser\u00e1 retomado normalmente na segunda-feira, 24 de novembro.<\/p>\n\n\n\n<p>SECOM<\/p>\n","protected":false},"excerpt":{"rendered":"<p>A Prefeitura Municipal de Picos decretou ponto facultativo nesta sexta-feira, 21 de novembro de 2025, em todos os \u00f3rg\u00e3os e entidades da Administra\u00e7\u00e3o P\u00fablica Municipal. A medida foi oficializada por meio do Decreto n\u00ba 146\/2025, assinado pelo prefeito Dr. Pablo Dantas de Moura Santos e publicado nesta segunda-feira (17). Veja o Decreto na \u00edntegra! De [&hellip;]<\/p>\n","protected":false},"author":2,"featured_media":267992,"comment_status":"open","ping_status":"open","sticky":false,"template":"","format":"standard","meta":{"_mi_skip_tracking":false,"footnotes":""},"categories":[25,1,16],"tags":[192],"class_list":["post-280823","post","type-post","status-publish","format-standard","has-post-thumbnail","hentry","category-destaques-site","category-geral","category-todas","tag-destaqueprincipal"],"acf":[],"yoast_head":"<!-- This site is optimized with the Yoast SEO Premium plugin v19.2 (Yoast SEO v26.9) - https:\/\/yoast.com\/product\/yoast-seo-premium-wordpress\/ -->\n<title>Prefeitura de Picos decreta ponto facultativo nesta sexta-feira (21) ap\u00f3s o feriado do Dia da Consci\u00eancia Negra - Portal Not\u00edcia em Pauta<\/title>\n<meta name=\"robots\" content=\"index, follow, max-snippet:-1, max-image-preview:large, max-video-preview:-1\" \/>\n<link rel=\"canonical\" href=\"https:\/\/noticiaempauta.com\/portal\/prefeitura-de-picos-decreta-ponto-facultativo-nesta-sexta-feira-21-apos-o-feriado-do-dia-da-consciencia-negra\/\" \/>\n<meta property=\"og:locale\" content=\"pt_BR\" \/>\n<meta property=\"og:type\" content=\"article\" \/>\n<meta property=\"og:title\" content=\"Prefeitura de Picos decreta ponto facultativo nesta sexta-feira (21) ap\u00f3s o feriado do Dia da Consci\u00eancia Negra\" \/>\n<meta property=\"og:description\" content=\"A Prefeitura Municipal de Picos decretou ponto facultativo nesta sexta-feira, 21 de novembro de 2025, em todos os \u00f3rg\u00e3os e entidades da Administra\u00e7\u00e3o P\u00fablica Municipal. A medida foi oficializada por meio do Decreto n\u00ba 146\/2025, assinado pelo prefeito Dr. Pablo Dantas de Moura Santos e publicado nesta segunda-feira (17). Veja o Decreto na \u00edntegra! De [&hellip;]\" \/>\n<meta property=\"og:url\" content=\"https:\/\/noticiaempauta.com\/portal\/prefeitura-de-picos-decreta-ponto-facultativo-nesta-sexta-feira-21-apos-o-feriado-do-dia-da-consciencia-negra\/\" \/>\n<meta property=\"og:site_name\" content=\"Portal Not\u00edcia em Pauta\" \/>\n<meta property=\"article:publisher\" content=\"https:\/\/www.facebook.com\/Portal-Notcia-Em-Pauta-102292869264820\/\" \/>\n<meta property=\"article:published_time\" content=\"2025-11-18T12:16:31+00:00\" \/>\n<meta property=\"article:modified_time\" content=\"2025-11-18T12:16:32+00:00\" \/>\n<meta property=\"og:image\" content=\"https:\/\/noticiaempauta.com\/portal\/wp-content\/uploads\/2025\/02\/prefeiturapicos.jpeg\" \/>\n\t<meta property=\"og:image:width\" content=\"800\" \/>\n\t<meta property=\"og:image:height\" content=\"600\" \/>\n\t<meta property=\"og:image:type\" content=\"image\/jpeg\" \/>\n<meta name=\"author\" content=\"Reda\u00e7\u00e3o\" \/>\n<meta name=\"twitter:card\" content=\"summary_large_image\" \/>\n<meta name=\"twitter:label1\" content=\"Escrito por\" \/>\n\t<meta name=\"twitter:data1\" content=\"Reda\u00e7\u00e3o\" \/>\n\t<meta name=\"twitter:label2\" content=\"Est. tempo de leitura\" \/>\n\t<meta name=\"twitter:data2\" content=\"2 minutos\" \/>\n<script type=\"application\/ld+json\" class=\"yoast-schema-graph\">{\"@context\":\"https:\/\/schema.org\",\"@graph\":[{\"@type\":\"Article\",\"@id\":\"https:\/\/noticiaempauta.com\/portal\/prefeitura-de-picos-decreta-ponto-facultativo-nesta-sexta-feira-21-apos-o-feriado-do-dia-da-consciencia-negra\/#article\",\"isPartOf\":{\"@id\":\"https:\/\/noticiaempauta.com\/portal\/prefeitura-de-picos-decreta-ponto-facultativo-nesta-sexta-feira-21-apos-o-feriado-do-dia-da-consciencia-negra\/\"},\"author\":{\"name\":\"Reda\u00e7\u00e3o\",\"@id\":\"https:\/\/noticiaempauta.com\/portal\/#\/schema\/person\/a74af43dd1ab3deca45f988c717d57ac\"},\"headline\":\"Prefeitura de Picos decreta ponto facultativo nesta sexta-feira (21) ap\u00f3s o feriado do Dia da Consci\u00eancia Negra\",\"datePublished\":\"2025-11-18T12:16:31+00:00\",\"dateModified\":\"2025-11-18T12:16:32+00:00\",\"mainEntityOfPage\":{\"@id\":\"https:\/\/noticiaempauta.com\/portal\/prefeitura-de-picos-decreta-ponto-facultativo-nesta-sexta-feira-21-apos-o-feriado-do-dia-da-consciencia-negra\/\"},\"wordCount\":226,\"commentCount\":0,\"publisher\":{\"@id\":\"https:\/\/noticiaempauta.com\/portal\/#organization\"},\"image\":{\"@id\":\"https:\/\/noticiaempauta.com\/portal\/prefeitura-de-picos-decreta-ponto-facultativo-nesta-sexta-feira-21-apos-o-feriado-do-dia-da-consciencia-negra\/#primaryimage\"},\"thumbnailUrl\":\"https:\/\/noticiaempauta.com\/portal\/wp-content\/uploads\/2025\/02\/prefeiturapicos.jpeg\",\"keywords\":[\"destaqueprincipal\"],\"articleSection\":[\"Destaques\",\"Geral\",\"Todas as Not\u00edcias\"],\"inLanguage\":\"pt-BR\",\"potentialAction\":[{\"@type\":\"CommentAction\",\"name\":\"Comment\",\"target\":[\"https:\/\/noticiaempauta.com\/portal\/prefeitura-de-picos-decreta-ponto-facultativo-nesta-sexta-feira-21-apos-o-feriado-do-dia-da-consciencia-negra\/#respond\"]}]},{\"@type\":\"WebPage\",\"@id\":\"https:\/\/noticiaempauta.com\/portal\/prefeitura-de-picos-decreta-ponto-facultativo-nesta-sexta-feira-21-apos-o-feriado-do-dia-da-consciencia-negra\/\",\"url\":\"https:\/\/noticiaempauta.com\/portal\/prefeitura-de-picos-decreta-ponto-facultativo-nesta-sexta-feira-21-apos-o-feriado-do-dia-da-consciencia-negra\/\",\"name\":\"Prefeitura de Picos decreta ponto facultativo nesta sexta-feira (21) ap\u00f3s o feriado do Dia da Consci\u00eancia Negra - Portal Not\u00edcia em Pauta\",\"isPartOf\":{\"@id\":\"https:\/\/noticiaempauta.com\/portal\/#website\"},\"primaryImageOfPage\":{\"@id\":\"https:\/\/noticiaempauta.com\/portal\/prefeitura-de-picos-decreta-ponto-facultativo-nesta-sexta-feira-21-apos-o-feriado-do-dia-da-consciencia-negra\/#primaryimage\"},\"image\":{\"@id\":\"https:\/\/noticiaempauta.com\/portal\/prefeitura-de-picos-decreta-ponto-facultativo-nesta-sexta-feira-21-apos-o-feriado-do-dia-da-consciencia-negra\/#primaryimage\"},\"thumbnailUrl\":\"https:\/\/noticiaempauta.com\/portal\/wp-content\/uploads\/2025\/02\/prefeiturapicos.jpeg\",\"datePublished\":\"2025-11-18T12:16:31+00:00\",\"dateModified\":\"2025-11-18T12:16:32+00:00\",\"breadcrumb\":{\"@id\":\"https:\/\/noticiaempauta.com\/portal\/prefeitura-de-picos-decreta-ponto-facultativo-nesta-sexta-feira-21-apos-o-feriado-do-dia-da-consciencia-negra\/#breadcrumb\"},\"inLanguage\":\"pt-BR\",\"potentialAction\":[{\"@type\":\"ReadAction\",\"target\":[\"https:\/\/noticiaempauta.com\/portal\/prefeitura-de-picos-decreta-ponto-facultativo-nesta-sexta-feira-21-apos-o-feriado-do-dia-da-consciencia-negra\/\"]}]},{\"@type\":\"ImageObject\",\"inLanguage\":\"pt-BR\",\"@id\":\"https:\/\/noticiaempauta.com\/portal\/prefeitura-de-picos-decreta-ponto-facultativo-nesta-sexta-feira-21-apos-o-feriado-do-dia-da-consciencia-negra\/#primaryimage\",\"url\":\"https:\/\/noticiaempauta.com\/portal\/wp-content\/uploads\/2025\/02\/prefeiturapicos.jpeg\",\"contentUrl\":\"https:\/\/noticiaempauta.com\/portal\/wp-content\/uploads\/2025\/02\/prefeiturapicos.jpeg\",\"width\":800,\"height\":600},{\"@type\":\"BreadcrumbList\",\"@id\":\"https:\/\/noticiaempauta.com\/portal\/prefeitura-de-picos-decreta-ponto-facultativo-nesta-sexta-feira-21-apos-o-feriado-do-dia-da-consciencia-negra\/#breadcrumb\",\"itemListElement\":[{\"@type\":\"ListItem\",\"position\":1,\"name\":\"P\u00e1gina Inicial\",\"item\":\"https:\/\/noticiaempauta.com\/portal\/\"},{\"@type\":\"ListItem\",\"position\":2,\"name\":\"Destaques\",\"item\":\"https:\/\/noticiaempauta.com\/portal\/destaques-site\/\"},{\"@type\":\"ListItem\",\"position\":3,\"name\":\"Prefeitura de Picos decreta ponto facultativo nesta sexta-feira (21) ap\u00f3s o feriado do Dia da Consci\u00eancia Negra\"}]},{\"@type\":\"WebSite\",\"@id\":\"https:\/\/noticiaempauta.com\/portal\/#website\",\"url\":\"https:\/\/noticiaempauta.com\/portal\/\",\"name\":\"Portal Not\u00edcia em Pauta\",\"description\":\"Voc\u00ea bem informado\",\"publisher\":{\"@id\":\"https:\/\/noticiaempauta.com\/portal\/#organization\"},\"potentialAction\":[{\"@type\":\"SearchAction\",\"target\":{\"@type\":\"EntryPoint\",\"urlTemplate\":\"https:\/\/noticiaempauta.com\/portal\/?s={search_term_string}\"},\"query-input\":{\"@type\":\"PropertyValueSpecification\",\"valueRequired\":true,\"valueName\":\"search_term_string\"}}],\"inLanguage\":\"pt-BR\"},{\"@type\":\"Organization\",\"@id\":\"https:\/\/noticiaempauta.com\/portal\/#organization\",\"name\":\"Portal Not\u00edcia em Pauta\",\"url\":\"https:\/\/noticiaempauta.com\/portal\/\",\"logo\":{\"@type\":\"ImageObject\",\"inLanguage\":\"pt-BR\",\"@id\":\"https:\/\/noticiaempauta.com\/portal\/#\/schema\/logo\/image\/\",\"url\":\"https:\/\/noticiaempauta.com\/portal\/wp-content\/uploads\/2022\/08\/logomarca_tema.fw_.png\",\"contentUrl\":\"https:\/\/noticiaempauta.com\/portal\/wp-content\/uploads\/2022\/08\/logomarca_tema.fw_.png\",\"width\":400,\"height\":232,\"caption\":\"Portal Not\u00edcia em Pauta\"},\"image\":{\"@id\":\"https:\/\/noticiaempauta.com\/portal\/#\/schema\/logo\/image\/\"},\"sameAs\":[\"https:\/\/www.facebook.com\/Portal-Notcia-Em-Pauta-102292869264820\/\",\"https:\/\/www.instagram.com\/portalnoticiaempauta\/\"]},{\"@type\":\"Person\",\"@id\":\"https:\/\/noticiaempauta.com\/portal\/#\/schema\/person\/a74af43dd1ab3deca45f988c717d57ac\",\"name\":\"Reda\u00e7\u00e3o\",\"image\":{\"@type\":\"ImageObject\",\"inLanguage\":\"pt-BR\",\"@id\":\"https:\/\/noticiaempauta.com\/portal\/#\/schema\/person\/image\/\",\"url\":\"https:\/\/secure.gravatar.com\/avatar\/03179346ecce6cdfc13361603e8f54242a90e5cde8618fa23c5c00aa2b0aadf3?s=96&d=mm&r=g\",\"contentUrl\":\"https:\/\/secure.gravatar.com\/avatar\/03179346ecce6cdfc13361603e8f54242a90e5cde8618fa23c5c00aa2b0aadf3?s=96&d=mm&r=g\",\"caption\":\"Reda\u00e7\u00e3o\"},\"sameAs\":[\"https:\/\/noticiaempauta.com\/portal\/\"],\"url\":\"https:\/\/noticiaempauta.com\/portal\/author\/fernando\/\"}]}<\/script>\n<!-- \/ Yoast SEO Premium plugin. -->","yoast_head_json":{"title":"Prefeitura de Picos decreta ponto facultativo nesta sexta-feira (21) ap\u00f3s o feriado do Dia da Consci\u00eancia Negra - Portal Not\u00edcia em Pauta","robots":{"index":"index","follow":"follow","max-snippet":"max-snippet:-1","max-image-preview":"max-image-preview:large","max-video-preview":"max-video-preview:-1"},"canonical":"https:\/\/noticiaempauta.com\/portal\/prefeitura-de-picos-decreta-ponto-facultativo-nesta-sexta-feira-21-apos-o-feriado-do-dia-da-consciencia-negra\/","og_locale":"pt_BR","og_type":"article","og_title":"Prefeitura de Picos decreta ponto facultativo nesta sexta-feira (21) ap\u00f3s o feriado do Dia da Consci\u00eancia Negra","og_description":"A Prefeitura Municipal de Picos decretou ponto facultativo nesta sexta-feira, 21 de novembro de 2025, em todos os \u00f3rg\u00e3os e entidades da Administra\u00e7\u00e3o P\u00fablica Municipal. A medida foi oficializada por meio do Decreto n\u00ba 146\/2025, assinado pelo prefeito Dr. Pablo Dantas de Moura Santos e publicado nesta segunda-feira (17). Veja o Decreto na \u00edntegra! De [&hellip;]","og_url":"https:\/\/noticiaempauta.com\/portal\/prefeitura-de-picos-decreta-ponto-facultativo-nesta-sexta-feira-21-apos-o-feriado-do-dia-da-consciencia-negra\/","og_site_name":"Portal Not\u00edcia em Pauta","article_publisher":"https:\/\/www.facebook.com\/Portal-Notcia-Em-Pauta-102292869264820\/","article_published_time":"2025-11-18T12:16:31+00:00","article_modified_time":"2025-11-18T12:16:32+00:00","og_image":[{"width":800,"height":600,"url":"https:\/\/noticiaempauta.com\/portal\/wp-content\/uploads\/2025\/02\/prefeiturapicos.jpeg","type":"image\/jpeg"}],"author":"Reda\u00e7\u00e3o","twitter_card":"summary_large_image","twitter_misc":{"Escrito por":"Reda\u00e7\u00e3o","Est. tempo de leitura":"2 minutos"},"schema":{"@context":"https:\/\/schema.org","@graph":[{"@type":"Article","@id":"https:\/\/noticiaempauta.com\/portal\/prefeitura-de-picos-decreta-ponto-facultativo-nesta-sexta-feira-21-apos-o-feriado-do-dia-da-consciencia-negra\/#article","isPartOf":{"@id":"https:\/\/noticiaempauta.com\/portal\/prefeitura-de-picos-decreta-ponto-facultativo-nesta-sexta-feira-21-apos-o-feriado-do-dia-da-consciencia-negra\/"},"author":{"name":"Reda\u00e7\u00e3o","@id":"https:\/\/noticiaempauta.com\/portal\/#\/schema\/person\/a74af43dd1ab3deca45f988c717d57ac"},"headline":"Prefeitura de Picos decreta ponto facultativo nesta sexta-feira (21) ap\u00f3s o feriado do Dia da Consci\u00eancia Negra","datePublished":"2025-11-18T12:16:31+00:00","dateModified":"2025-11-18T12:16:32+00:00","mainEntityOfPage":{"@id":"https:\/\/noticiaempauta.com\/portal\/prefeitura-de-picos-decreta-ponto-facultativo-nesta-sexta-feira-21-apos-o-feriado-do-dia-da-consciencia-negra\/"},"wordCount":226,"commentCount":0,"publisher":{"@id":"https:\/\/noticiaempauta.com\/portal\/#organization"},"image":{"@id":"https:\/\/noticiaempauta.com\/portal\/prefeitura-de-picos-decreta-ponto-facultativo-nesta-sexta-feira-21-apos-o-feriado-do-dia-da-consciencia-negra\/#primaryimage"},"thumbnailUrl":"https:\/\/noticiaempauta.com\/portal\/wp-content\/uploads\/2025\/02\/prefeiturapicos.jpeg","keywords":["destaqueprincipal"],"articleSection":["Destaques","Geral","Todas as Not\u00edcias"],"inLanguage":"pt-BR","potentialAction":[{"@type":"CommentAction","name":"Comment","target":["https:\/\/noticiaempauta.com\/portal\/prefeitura-de-picos-decreta-ponto-facultativo-nesta-sexta-feira-21-apos-o-feriado-do-dia-da-consciencia-negra\/#respond"]}]},{"@type":"WebPage","@id":"https:\/\/noticiaempauta.com\/portal\/prefeitura-de-picos-decreta-ponto-facultativo-nesta-sexta-feira-21-apos-o-feriado-do-dia-da-consciencia-negra\/","url":"https:\/\/noticiaempauta.com\/portal\/prefeitura-de-picos-decreta-ponto-facultativo-nesta-sexta-feira-21-apos-o-feriado-do-dia-da-consciencia-negra\/","name":"Prefeitura de Picos decreta ponto facultativo nesta sexta-feira (21) ap\u00f3s o feriado do Dia da Consci\u00eancia Negra - Portal Not\u00edcia em Pauta","isPartOf":{"@id":"https:\/\/noticiaempauta.com\/portal\/#website"},"primaryImageOfPage":{"@id":"https:\/\/noticiaempauta.com\/portal\/prefeitura-de-picos-decreta-ponto-facultativo-nesta-sexta-feira-21-apos-o-feriado-do-dia-da-consciencia-negra\/#primaryimage"},"image":{"@id":"https:\/\/noticiaempauta.com\/portal\/prefeitura-de-picos-decreta-ponto-facultativo-nesta-sexta-feira-21-apos-o-feriado-do-dia-da-consciencia-negra\/#primaryimage"},"thumbnailUrl":"https:\/\/noticiaempauta.com\/portal\/wp-content\/uploads\/2025\/02\/prefeiturapicos.jpeg","datePublished":"2025-11-18T12:16:31+00:00","dateModified":"2025-11-18T12:16:32+00:00","breadcrumb":{"@id":"https:\/\/noticiaempauta.com\/portal\/prefeitura-de-picos-decreta-ponto-facultativo-nesta-sexta-feira-21-apos-o-feriado-do-dia-da-consciencia-negra\/#breadcrumb"},"inLanguage":"pt-BR","potentialAction":[{"@type":"ReadAction","target":["https:\/\/noticiaempauta.com\/portal\/prefeitura-de-picos-decreta-ponto-facultativo-nesta-sexta-feira-21-apos-o-feriado-do-dia-da-consciencia-negra\/"]}]},{"@type":"ImageObject","inLanguage":"pt-BR","@id":"https:\/\/noticiaempauta.com\/portal\/prefeitura-de-picos-decreta-ponto-facultativo-nesta-sexta-feira-21-apos-o-feriado-do-dia-da-consciencia-negra\/#primaryimage","url":"https:\/\/noticiaempauta.com\/portal\/wp-content\/uploads\/2025\/02\/prefeiturapicos.jpeg","contentUrl":"https:\/\/noticiaempauta.com\/portal\/wp-content\/uploads\/2025\/02\/prefeiturapicos.jpeg","width":800,"height":600},{"@type":"BreadcrumbList","@id":"https:\/\/noticiaempauta.com\/portal\/prefeitura-de-picos-decreta-ponto-facultativo-nesta-sexta-feira-21-apos-o-feriado-do-dia-da-consciencia-negra\/#breadcrumb","itemListElement":[{"@type":"ListItem","position":1,"name":"P\u00e1gina Inicial","item":"https:\/\/noticiaempauta.com\/portal\/"},{"@type":"ListItem","position":2,"name":"Destaques","item":"https:\/\/noticiaempauta.com\/portal\/destaques-site\/"},{"@type":"ListItem","position":3,"name":"Prefeitura de Picos decreta ponto facultativo nesta sexta-feira (21) ap\u00f3s o feriado do Dia da Consci\u00eancia Negra"}]},{"@type":"WebSite","@id":"https:\/\/noticiaempauta.com\/portal\/#website","url":"https:\/\/noticiaempauta.com\/portal\/","name":"Portal Not\u00edcia em Pauta","description":"Voc\u00ea bem informado","publisher":{"@id":"https:\/\/noticiaempauta.com\/portal\/#organization"},"potentialAction":[{"@type":"SearchAction","target":{"@type":"EntryPoint","urlTemplate":"https:\/\/noticiaempauta.com\/portal\/?s={search_term_string}"},"query-input":{"@type":"PropertyValueSpecification","valueRequired":true,"valueName":"search_term_string"}}],"inLanguage":"pt-BR"},{"@type":"Organization","@id":"https:\/\/noticiaempauta.com\/portal\/#organization","name":"Portal Not\u00edcia em Pauta","url":"https:\/\/noticiaempauta.com\/portal\/","logo":{"@type":"ImageObject","inLanguage":"pt-BR","@id":"https:\/\/noticiaempauta.com\/portal\/#\/schema\/logo\/image\/","url":"https:\/\/noticiaempauta.com\/portal\/wp-content\/uploads\/2022\/08\/logomarca_tema.fw_.png","contentUrl":"https:\/\/noticiaempauta.com\/portal\/wp-content\/uploads\/2022\/08\/logomarca_tema.fw_.png","width":400,"height":232,"caption":"Portal Not\u00edcia em Pauta"},"image":{"@id":"https:\/\/noticiaempauta.com\/portal\/#\/schema\/logo\/image\/"},"sameAs":["https:\/\/www.facebook.com\/Portal-Notcia-Em-Pauta-102292869264820\/","https:\/\/www.instagram.com\/portalnoticiaempauta\/"]},{"@type":"Person","@id":"https:\/\/noticiaempauta.com\/portal\/#\/schema\/person\/a74af43dd1ab3deca45f988c717d57ac","name":"Reda\u00e7\u00e3o","image":{"@type":"ImageObject","inLanguage":"pt-BR","@id":"https:\/\/noticiaempauta.com\/portal\/#\/schema\/person\/image\/","url":"https:\/\/secure.gravatar.com\/avatar\/03179346ecce6cdfc13361603e8f54242a90e5cde8618fa23c5c00aa2b0aadf3?s=96&d=mm&r=g","contentUrl":"https:\/\/secure.gravatar.com\/avatar\/03179346ecce6cdfc13361603e8f54242a90e5cde8618fa23c5c00aa2b0aadf3?s=96&d=mm&r=g","caption":"Reda\u00e7\u00e3o"},"sameAs":["https:\/\/noticiaempauta.com\/portal\/"],"url":"https:\/\/noticiaempauta.com\/portal\/author\/fernando\/"}]}},"_links":{"self":[{"href":"https:\/\/noticiaempauta.com\/portal\/wp-json\/wp\/v2\/posts\/280823","targetHints":{"allow":["GET"]}}],"collection":[{"href":"https:\/\/noticiaempauta.com\/portal\/wp-json\/wp\/v2\/posts"}],"about":[{"href":"https:\/\/noticiaempauta.com\/portal\/wp-json\/wp\/v2\/types\/post"}],"author":[{"embeddable":true,"href":"https:\/\/noticiaempauta.com\/portal\/wp-json\/wp\/v2\/users\/2"}],"replies":[{"embeddable":true,"href":"https:\/\/noticiaempauta.com\/portal\/wp-json\/wp\/v2\/comments?post=280823"}],"version-history":[{"count":2,"href":"https:\/\/noticiaempauta.com\/portal\/wp-json\/wp\/v2\/posts\/280823\/revisions"}],"predecessor-version":[{"id":280826,"href":"https:\/\/noticiaempauta.com\/portal\/wp-json\/wp\/v2\/posts\/280823\/revisions\/280826"}],"wp:featuredmedia":[{"embeddable":true,"href":"https:\/\/noticiaempauta.com\/portal\/wp-json\/wp\/v2\/media\/267992"}],"wp:attachment":[{"href":"https:\/\/noticiaempauta.com\/portal\/wp-json\/wp\/v2\/media?parent=280823"}],"wp:term":[{"taxonomy":"category","embeddable":true,"href":"https:\/\/noticiaempauta.com\/portal\/wp-json\/wp\/v2\/categories?post=280823"},{"taxonomy":"post_tag","embeddable":true,"href":"https:\/\/noticiaempauta.com\/portal\/wp-json\/wp\/v2\/tags?post=280823"}],"curies":[{"name":"wp","href":"https:\/\/api.w.org\/{rel}","templated":true}]}}