{"id":280844,"date":"2025-11-18T12:00:47","date_gmt":"2025-11-18T15:00:47","guid":{"rendered":"https:\/\/noticiaempauta.com\/portal\/?p=280844"},"modified":"2025-11-18T12:05:49","modified_gmt":"2025-11-18T15:05:49","slug":"apos-intensas-buscas-corpo-de-comerciante-cearense-e-encontrado-em-plantacao-de-caju-em-santo-antonio-de-lisboa","status":"publish","type":"post","link":"https:\/\/noticiaempauta.com\/portal\/apos-intensas-buscas-corpo-de-comerciante-cearense-e-encontrado-em-plantacao-de-caju-em-santo-antonio-de-lisboa\/","title":{"rendered":"Ap\u00f3s intensas buscas, corpo de comerciante cearense \u00e9 encontrado em planta\u00e7\u00e3o de caju em Santo Ant\u00f4nio de Lisboa"},"content":{"rendered":"\n<p>O corpo do comerciante cearense Elizeu Domingo Neto, de 73 anos, foi encontrado nas proximidades da BR-020, no munic\u00edpio de Santo Ant\u00f4nio de Lisboa, nesta segunda-feira (17).&nbsp;<strong>O idoso estava desaparecido desde o dia 12 de novembro (6 dias)<\/strong>&nbsp;e foi localizado sem vida em uma \u00e1rea de planta\u00e7\u00e3o de caju.<\/p>\n\n\n\n<p>De acordo com o comandante do 4\u00ba Batalh\u00e3o da Pol\u00edcia Militar, tenente-coronel Estanislau Felipe, n\u00e3o h\u00e1 ind\u00edcios de viol\u00eancia no corpo da v\u00edtima.<\/p>\n\n\n\n<figure class=\"wp-block-image size-large\"><img fetchpriority=\"high\" decoding=\"async\" width=\"1024\" height=\"625\" src=\"https:\/\/noticiaempauta.com\/portal\/wp-content\/uploads\/2025\/11\/IMG_6591-1024x625.jpeg\" alt=\"\" class=\"wp-image-280809\" srcset=\"https:\/\/noticiaempauta.com\/portal\/wp-content\/uploads\/2025\/11\/IMG_6591-1024x625.jpeg 1024w, https:\/\/noticiaempauta.com\/portal\/wp-content\/uploads\/2025\/11\/IMG_6591-300x183.jpeg 300w, https:\/\/noticiaempauta.com\/portal\/wp-content\/uploads\/2025\/11\/IMG_6591-768x469.jpeg 768w, https:\/\/noticiaempauta.com\/portal\/wp-content\/uploads\/2025\/11\/IMG_6591-1536x937.jpeg 1536w, https:\/\/noticiaempauta.com\/portal\/wp-content\/uploads\/2025\/11\/IMG_6591.jpeg 1757w\" sizes=\"(max-width: 1024px) 100vw, 1024px\" \/><figcaption class=\"wp-element-caption\">O ve\u00edculo da v\u00edtima havia sido encontrado nesta segunda-feira, \u00e0s margens da BR-020, pr\u00f3ximo a Santo Ant\u00f4nio de Lisboa<\/figcaption><\/figure>\n\n\n\n<p>Familiares de Elizeu estiveram no local e fizeram o reconhecimento.<\/p>\n\n\n\n<p>As buscas haviam sido intensificadas pela PM nesta segunda-feira (17) ap\u00f3s o ve\u00edculo utilizado pelo comerciante ser encontrado abandonado na BR-020.<\/p>\n\n\n\n<p>Natural de Novo Oriente (CE), Elizeu Domingo Neto era bastante conhecido na sua cidade de origem e, desde o desaparecimento, vinha sendo procurado por familiares e equipes de seguran\u00e7a.<\/p>\n\n\n\n<p>Uma equipe do N\u00facleo Regional de Pol\u00edcia Cient\u00edfica foi acionada para realiza\u00e7\u00e3o dos procedimentos e produ\u00e7\u00e3o do laudo cadav\u00e9rico que apontar\u00e1 a causa da morte.<\/p>\n\n\n\n<p><strong>Fonte: Paula Monize\/Cidade Verde<\/strong><\/p>\n","protected":false},"excerpt":{"rendered":"<p>O corpo do comerciante cearense Elizeu Domingo Neto, de 73 anos, foi encontrado nas proximidades da BR-020, no munic\u00edpio de Santo Ant\u00f4nio de Lisboa, nesta segunda-feira (17).&nbsp;O idoso estava desaparecido desde o dia 12 de novembro (6 dias)&nbsp;e foi localizado sem vida em uma \u00e1rea de planta\u00e7\u00e3o de caju. De acordo com o comandante do [&hellip;]<\/p>\n","protected":false},"author":2,"featured_media":280808,"comment_status":"open","ping_status":"open","sticky":false,"template":"","format":"standard","meta":{"_mi_skip_tracking":false,"footnotes":""},"categories":[25,1,137,16],"tags":[],"class_list":["post-280844","post","type-post","status-publish","format-standard","has-post-thumbnail","hentry","category-destaques-site","category-geral","category-policia","category-todas"],"acf":[],"yoast_head":"<!-- This site is optimized with the Yoast SEO Premium plugin v19.2 (Yoast SEO v26.9) - https:\/\/yoast.com\/product\/yoast-seo-premium-wordpress\/ -->\n<title>Ap\u00f3s intensas buscas, corpo de comerciante cearense \u00e9 encontrado em planta\u00e7\u00e3o de caju em Santo Ant\u00f4nio de Lisboa - Portal Not\u00edcia em Pauta<\/title>\n<meta name=\"robots\" content=\"index, follow, max-snippet:-1, max-image-preview:large, max-video-preview:-1\" \/>\n<link rel=\"canonical\" href=\"https:\/\/noticiaempauta.com\/portal\/apos-intensas-buscas-corpo-de-comerciante-cearense-e-encontrado-em-plantacao-de-caju-em-santo-antonio-de-lisboa\/\" \/>\n<meta property=\"og:locale\" content=\"pt_BR\" \/>\n<meta property=\"og:type\" content=\"article\" \/>\n<meta property=\"og:title\" content=\"Ap\u00f3s intensas buscas, corpo de comerciante cearense \u00e9 encontrado em planta\u00e7\u00e3o de caju em Santo Ant\u00f4nio de Lisboa\" \/>\n<meta property=\"og:description\" content=\"O corpo do comerciante cearense Elizeu Domingo Neto, de 73 anos, foi encontrado nas proximidades da BR-020, no munic\u00edpio de Santo Ant\u00f4nio de Lisboa, nesta segunda-feira (17).&nbsp;O idoso estava desaparecido desde o dia 12 de novembro (6 dias)&nbsp;e foi localizado sem vida em uma \u00e1rea de planta\u00e7\u00e3o de caju. De acordo com o comandante do [&hellip;]\" \/>\n<meta property=\"og:url\" content=\"https:\/\/noticiaempauta.com\/portal\/apos-intensas-buscas-corpo-de-comerciante-cearense-e-encontrado-em-plantacao-de-caju-em-santo-antonio-de-lisboa\/\" \/>\n<meta property=\"og:site_name\" content=\"Portal Not\u00edcia em Pauta\" \/>\n<meta property=\"article:publisher\" content=\"https:\/\/www.facebook.com\/Portal-Notcia-Em-Pauta-102292869264820\/\" \/>\n<meta property=\"article:published_time\" content=\"2025-11-18T15:00:47+00:00\" \/>\n<meta property=\"article:modified_time\" content=\"2025-11-18T15:05:49+00:00\" \/>\n<meta property=\"og:image\" content=\"https:\/\/noticiaempauta.com\/portal\/wp-content\/uploads\/2025\/11\/IMG_6589.jpeg\" \/>\n\t<meta property=\"og:image:width\" content=\"520\" \/>\n\t<meta property=\"og:image:height\" content=\"605\" \/>\n\t<meta property=\"og:image:type\" content=\"image\/jpeg\" \/>\n<meta name=\"author\" content=\"Reda\u00e7\u00e3o\" \/>\n<meta name=\"twitter:card\" content=\"summary_large_image\" \/>\n<meta name=\"twitter:label1\" content=\"Escrito por\" \/>\n\t<meta name=\"twitter:data1\" content=\"Reda\u00e7\u00e3o\" \/>\n\t<meta name=\"twitter:label2\" content=\"Est. tempo de leitura\" \/>\n\t<meta name=\"twitter:data2\" content=\"2 minutos\" \/>\n<script type=\"application\/ld+json\" class=\"yoast-schema-graph\">{\"@context\":\"https:\/\/schema.org\",\"@graph\":[{\"@type\":\"Article\",\"@id\":\"https:\/\/noticiaempauta.com\/portal\/apos-intensas-buscas-corpo-de-comerciante-cearense-e-encontrado-em-plantacao-de-caju-em-santo-antonio-de-lisboa\/#article\",\"isPartOf\":{\"@id\":\"https:\/\/noticiaempauta.com\/portal\/apos-intensas-buscas-corpo-de-comerciante-cearense-e-encontrado-em-plantacao-de-caju-em-santo-antonio-de-lisboa\/\"},\"author\":{\"name\":\"Reda\u00e7\u00e3o\",\"@id\":\"https:\/\/noticiaempauta.com\/portal\/#\/schema\/person\/a74af43dd1ab3deca45f988c717d57ac\"},\"headline\":\"Ap\u00f3s intensas buscas, corpo de comerciante cearense \u00e9 encontrado em planta\u00e7\u00e3o de caju em Santo Ant\u00f4nio de Lisboa\",\"datePublished\":\"2025-11-18T15:00:47+00:00\",\"dateModified\":\"2025-11-18T15:05:49+00:00\",\"mainEntityOfPage\":{\"@id\":\"https:\/\/noticiaempauta.com\/portal\/apos-intensas-buscas-corpo-de-comerciante-cearense-e-encontrado-em-plantacao-de-caju-em-santo-antonio-de-lisboa\/\"},\"wordCount\":221,\"commentCount\":0,\"publisher\":{\"@id\":\"https:\/\/noticiaempauta.com\/portal\/#organization\"},\"image\":{\"@id\":\"https:\/\/noticiaempauta.com\/portal\/apos-intensas-buscas-corpo-de-comerciante-cearense-e-encontrado-em-plantacao-de-caju-em-santo-antonio-de-lisboa\/#primaryimage\"},\"thumbnailUrl\":\"https:\/\/noticiaempauta.com\/portal\/wp-content\/uploads\/2025\/11\/IMG_6589.jpeg\",\"articleSection\":[\"Destaques\",\"Geral\",\"Pol\u00edcia\",\"Todas as Not\u00edcias\"],\"inLanguage\":\"pt-BR\",\"potentialAction\":[{\"@type\":\"CommentAction\",\"name\":\"Comment\",\"target\":[\"https:\/\/noticiaempauta.com\/portal\/apos-intensas-buscas-corpo-de-comerciante-cearense-e-encontrado-em-plantacao-de-caju-em-santo-antonio-de-lisboa\/#respond\"]}]},{\"@type\":\"WebPage\",\"@id\":\"https:\/\/noticiaempauta.com\/portal\/apos-intensas-buscas-corpo-de-comerciante-cearense-e-encontrado-em-plantacao-de-caju-em-santo-antonio-de-lisboa\/\",\"url\":\"https:\/\/noticiaempauta.com\/portal\/apos-intensas-buscas-corpo-de-comerciante-cearense-e-encontrado-em-plantacao-de-caju-em-santo-antonio-de-lisboa\/\",\"name\":\"Ap\u00f3s intensas buscas, corpo de comerciante cearense \u00e9 encontrado em planta\u00e7\u00e3o de caju em Santo Ant\u00f4nio de Lisboa - Portal Not\u00edcia em Pauta\",\"isPartOf\":{\"@id\":\"https:\/\/noticiaempauta.com\/portal\/#website\"},\"primaryImageOfPage\":{\"@id\":\"https:\/\/noticiaempauta.com\/portal\/apos-intensas-buscas-corpo-de-comerciante-cearense-e-encontrado-em-plantacao-de-caju-em-santo-antonio-de-lisboa\/#primaryimage\"},\"image\":{\"@id\":\"https:\/\/noticiaempauta.com\/portal\/apos-intensas-buscas-corpo-de-comerciante-cearense-e-encontrado-em-plantacao-de-caju-em-santo-antonio-de-lisboa\/#primaryimage\"},\"thumbnailUrl\":\"https:\/\/noticiaempauta.com\/portal\/wp-content\/uploads\/2025\/11\/IMG_6589.jpeg\",\"datePublished\":\"2025-11-18T15:00:47+00:00\",\"dateModified\":\"2025-11-18T15:05:49+00:00\",\"breadcrumb\":{\"@id\":\"https:\/\/noticiaempauta.com\/portal\/apos-intensas-buscas-corpo-de-comerciante-cearense-e-encontrado-em-plantacao-de-caju-em-santo-antonio-de-lisboa\/#breadcrumb\"},\"inLanguage\":\"pt-BR\",\"potentialAction\":[{\"@type\":\"ReadAction\",\"target\":[\"https:\/\/noticiaempauta.com\/portal\/apos-intensas-buscas-corpo-de-comerciante-cearense-e-encontrado-em-plantacao-de-caju-em-santo-antonio-de-lisboa\/\"]}]},{\"@type\":\"ImageObject\",\"inLanguage\":\"pt-BR\",\"@id\":\"https:\/\/noticiaempauta.com\/portal\/apos-intensas-buscas-corpo-de-comerciante-cearense-e-encontrado-em-plantacao-de-caju-em-santo-antonio-de-lisboa\/#primaryimage\",\"url\":\"https:\/\/noticiaempauta.com\/portal\/wp-content\/uploads\/2025\/11\/IMG_6589.jpeg\",\"contentUrl\":\"https:\/\/noticiaempauta.com\/portal\/wp-content\/uploads\/2025\/11\/IMG_6589.jpeg\",\"width\":520,\"height\":605},{\"@type\":\"BreadcrumbList\",\"@id\":\"https:\/\/noticiaempauta.com\/portal\/apos-intensas-buscas-corpo-de-comerciante-cearense-e-encontrado-em-plantacao-de-caju-em-santo-antonio-de-lisboa\/#breadcrumb\",\"itemListElement\":[{\"@type\":\"ListItem\",\"position\":1,\"name\":\"P\u00e1gina Inicial\",\"item\":\"https:\/\/noticiaempauta.com\/portal\/\"},{\"@type\":\"ListItem\",\"position\":2,\"name\":\"Destaques\",\"item\":\"https:\/\/noticiaempauta.com\/portal\/destaques-site\/\"},{\"@type\":\"ListItem\",\"position\":3,\"name\":\"Ap\u00f3s intensas buscas, corpo de comerciante cearense \u00e9 encontrado em planta\u00e7\u00e3o de caju em Santo Ant\u00f4nio de Lisboa\"}]},{\"@type\":\"WebSite\",\"@id\":\"https:\/\/noticiaempauta.com\/portal\/#website\",\"url\":\"https:\/\/noticiaempauta.com\/portal\/\",\"name\":\"Portal Not\u00edcia em Pauta\",\"description\":\"Voc\u00ea bem informado\",\"publisher\":{\"@id\":\"https:\/\/noticiaempauta.com\/portal\/#organization\"},\"potentialAction\":[{\"@type\":\"SearchAction\",\"target\":{\"@type\":\"EntryPoint\",\"urlTemplate\":\"https:\/\/noticiaempauta.com\/portal\/?s={search_term_string}\"},\"query-input\":{\"@type\":\"PropertyValueSpecification\",\"valueRequired\":true,\"valueName\":\"search_term_string\"}}],\"inLanguage\":\"pt-BR\"},{\"@type\":\"Organization\",\"@id\":\"https:\/\/noticiaempauta.com\/portal\/#organization\",\"name\":\"Portal Not\u00edcia em Pauta\",\"url\":\"https:\/\/noticiaempauta.com\/portal\/\",\"logo\":{\"@type\":\"ImageObject\",\"inLanguage\":\"pt-BR\",\"@id\":\"https:\/\/noticiaempauta.com\/portal\/#\/schema\/logo\/image\/\",\"url\":\"https:\/\/noticiaempauta.com\/portal\/wp-content\/uploads\/2022\/08\/logomarca_tema.fw_.png\",\"contentUrl\":\"https:\/\/noticiaempauta.com\/portal\/wp-content\/uploads\/2022\/08\/logomarca_tema.fw_.png\",\"width\":400,\"height\":232,\"caption\":\"Portal Not\u00edcia em Pauta\"},\"image\":{\"@id\":\"https:\/\/noticiaempauta.com\/portal\/#\/schema\/logo\/image\/\"},\"sameAs\":[\"https:\/\/www.facebook.com\/Portal-Notcia-Em-Pauta-102292869264820\/\",\"https:\/\/www.instagram.com\/portalnoticiaempauta\/\"]},{\"@type\":\"Person\",\"@id\":\"https:\/\/noticiaempauta.com\/portal\/#\/schema\/person\/a74af43dd1ab3deca45f988c717d57ac\",\"name\":\"Reda\u00e7\u00e3o\",\"image\":{\"@type\":\"ImageObject\",\"inLanguage\":\"pt-BR\",\"@id\":\"https:\/\/noticiaempauta.com\/portal\/#\/schema\/person\/image\/\",\"url\":\"https:\/\/secure.gravatar.com\/avatar\/03179346ecce6cdfc13361603e8f54242a90e5cde8618fa23c5c00aa2b0aadf3?s=96&d=mm&r=g\",\"contentUrl\":\"https:\/\/secure.gravatar.com\/avatar\/03179346ecce6cdfc13361603e8f54242a90e5cde8618fa23c5c00aa2b0aadf3?s=96&d=mm&r=g\",\"caption\":\"Reda\u00e7\u00e3o\"},\"sameAs\":[\"https:\/\/noticiaempauta.com\/portal\/\"],\"url\":\"https:\/\/noticiaempauta.com\/portal\/author\/fernando\/\"}]}<\/script>\n<!-- \/ Yoast SEO Premium plugin. -->","yoast_head_json":{"title":"Ap\u00f3s intensas buscas, corpo de comerciante cearense \u00e9 encontrado em planta\u00e7\u00e3o de caju em Santo Ant\u00f4nio de Lisboa - Portal Not\u00edcia em Pauta","robots":{"index":"index","follow":"follow","max-snippet":"max-snippet:-1","max-image-preview":"max-image-preview:large","max-video-preview":"max-video-preview:-1"},"canonical":"https:\/\/noticiaempauta.com\/portal\/apos-intensas-buscas-corpo-de-comerciante-cearense-e-encontrado-em-plantacao-de-caju-em-santo-antonio-de-lisboa\/","og_locale":"pt_BR","og_type":"article","og_title":"Ap\u00f3s intensas buscas, corpo de comerciante cearense \u00e9 encontrado em planta\u00e7\u00e3o de caju em Santo Ant\u00f4nio de Lisboa","og_description":"O corpo do comerciante cearense Elizeu Domingo Neto, de 73 anos, foi encontrado nas proximidades da BR-020, no munic\u00edpio de Santo Ant\u00f4nio de Lisboa, nesta segunda-feira (17).&nbsp;O idoso estava desaparecido desde o dia 12 de novembro (6 dias)&nbsp;e foi localizado sem vida em uma \u00e1rea de planta\u00e7\u00e3o de caju. De acordo com o comandante do [&hellip;]","og_url":"https:\/\/noticiaempauta.com\/portal\/apos-intensas-buscas-corpo-de-comerciante-cearense-e-encontrado-em-plantacao-de-caju-em-santo-antonio-de-lisboa\/","og_site_name":"Portal Not\u00edcia em Pauta","article_publisher":"https:\/\/www.facebook.com\/Portal-Notcia-Em-Pauta-102292869264820\/","article_published_time":"2025-11-18T15:00:47+00:00","article_modified_time":"2025-11-18T15:05:49+00:00","og_image":[{"width":520,"height":605,"url":"https:\/\/noticiaempauta.com\/portal\/wp-content\/uploads\/2025\/11\/IMG_6589.jpeg","type":"image\/jpeg"}],"author":"Reda\u00e7\u00e3o","twitter_card":"summary_large_image","twitter_misc":{"Escrito por":"Reda\u00e7\u00e3o","Est. tempo de leitura":"2 minutos"},"schema":{"@context":"https:\/\/schema.org","@graph":[{"@type":"Article","@id":"https:\/\/noticiaempauta.com\/portal\/apos-intensas-buscas-corpo-de-comerciante-cearense-e-encontrado-em-plantacao-de-caju-em-santo-antonio-de-lisboa\/#article","isPartOf":{"@id":"https:\/\/noticiaempauta.com\/portal\/apos-intensas-buscas-corpo-de-comerciante-cearense-e-encontrado-em-plantacao-de-caju-em-santo-antonio-de-lisboa\/"},"author":{"name":"Reda\u00e7\u00e3o","@id":"https:\/\/noticiaempauta.com\/portal\/#\/schema\/person\/a74af43dd1ab3deca45f988c717d57ac"},"headline":"Ap\u00f3s intensas buscas, corpo de comerciante cearense \u00e9 encontrado em planta\u00e7\u00e3o de caju em Santo Ant\u00f4nio de Lisboa","datePublished":"2025-11-18T15:00:47+00:00","dateModified":"2025-11-18T15:05:49+00:00","mainEntityOfPage":{"@id":"https:\/\/noticiaempauta.com\/portal\/apos-intensas-buscas-corpo-de-comerciante-cearense-e-encontrado-em-plantacao-de-caju-em-santo-antonio-de-lisboa\/"},"wordCount":221,"commentCount":0,"publisher":{"@id":"https:\/\/noticiaempauta.com\/portal\/#organization"},"image":{"@id":"https:\/\/noticiaempauta.com\/portal\/apos-intensas-buscas-corpo-de-comerciante-cearense-e-encontrado-em-plantacao-de-caju-em-santo-antonio-de-lisboa\/#primaryimage"},"thumbnailUrl":"https:\/\/noticiaempauta.com\/portal\/wp-content\/uploads\/2025\/11\/IMG_6589.jpeg","articleSection":["Destaques","Geral","Pol\u00edcia","Todas as Not\u00edcias"],"inLanguage":"pt-BR","potentialAction":[{"@type":"CommentAction","name":"Comment","target":["https:\/\/noticiaempauta.com\/portal\/apos-intensas-buscas-corpo-de-comerciante-cearense-e-encontrado-em-plantacao-de-caju-em-santo-antonio-de-lisboa\/#respond"]}]},{"@type":"WebPage","@id":"https:\/\/noticiaempauta.com\/portal\/apos-intensas-buscas-corpo-de-comerciante-cearense-e-encontrado-em-plantacao-de-caju-em-santo-antonio-de-lisboa\/","url":"https:\/\/noticiaempauta.com\/portal\/apos-intensas-buscas-corpo-de-comerciante-cearense-e-encontrado-em-plantacao-de-caju-em-santo-antonio-de-lisboa\/","name":"Ap\u00f3s intensas buscas, corpo de comerciante cearense \u00e9 encontrado em planta\u00e7\u00e3o de caju em Santo Ant\u00f4nio de Lisboa - Portal Not\u00edcia em Pauta","isPartOf":{"@id":"https:\/\/noticiaempauta.com\/portal\/#website"},"primaryImageOfPage":{"@id":"https:\/\/noticiaempauta.com\/portal\/apos-intensas-buscas-corpo-de-comerciante-cearense-e-encontrado-em-plantacao-de-caju-em-santo-antonio-de-lisboa\/#primaryimage"},"image":{"@id":"https:\/\/noticiaempauta.com\/portal\/apos-intensas-buscas-corpo-de-comerciante-cearense-e-encontrado-em-plantacao-de-caju-em-santo-antonio-de-lisboa\/#primaryimage"},"thumbnailUrl":"https:\/\/noticiaempauta.com\/portal\/wp-content\/uploads\/2025\/11\/IMG_6589.jpeg","datePublished":"2025-11-18T15:00:47+00:00","dateModified":"2025-11-18T15:05:49+00:00","breadcrumb":{"@id":"https:\/\/noticiaempauta.com\/portal\/apos-intensas-buscas-corpo-de-comerciante-cearense-e-encontrado-em-plantacao-de-caju-em-santo-antonio-de-lisboa\/#breadcrumb"},"inLanguage":"pt-BR","potentialAction":[{"@type":"ReadAction","target":["https:\/\/noticiaempauta.com\/portal\/apos-intensas-buscas-corpo-de-comerciante-cearense-e-encontrado-em-plantacao-de-caju-em-santo-antonio-de-lisboa\/"]}]},{"@type":"ImageObject","inLanguage":"pt-BR","@id":"https:\/\/noticiaempauta.com\/portal\/apos-intensas-buscas-corpo-de-comerciante-cearense-e-encontrado-em-plantacao-de-caju-em-santo-antonio-de-lisboa\/#primaryimage","url":"https:\/\/noticiaempauta.com\/portal\/wp-content\/uploads\/2025\/11\/IMG_6589.jpeg","contentUrl":"https:\/\/noticiaempauta.com\/portal\/wp-content\/uploads\/2025\/11\/IMG_6589.jpeg","width":520,"height":605},{"@type":"BreadcrumbList","@id":"https:\/\/noticiaempauta.com\/portal\/apos-intensas-buscas-corpo-de-comerciante-cearense-e-encontrado-em-plantacao-de-caju-em-santo-antonio-de-lisboa\/#breadcrumb","itemListElement":[{"@type":"ListItem","position":1,"name":"P\u00e1gina Inicial","item":"https:\/\/noticiaempauta.com\/portal\/"},{"@type":"ListItem","position":2,"name":"Destaques","item":"https:\/\/noticiaempauta.com\/portal\/destaques-site\/"},{"@type":"ListItem","position":3,"name":"Ap\u00f3s intensas buscas, corpo de comerciante cearense \u00e9 encontrado em planta\u00e7\u00e3o de caju em Santo Ant\u00f4nio de Lisboa"}]},{"@type":"WebSite","@id":"https:\/\/noticiaempauta.com\/portal\/#website","url":"https:\/\/noticiaempauta.com\/portal\/","name":"Portal Not\u00edcia em Pauta","description":"Voc\u00ea bem informado","publisher":{"@id":"https:\/\/noticiaempauta.com\/portal\/#organization"},"potentialAction":[{"@type":"SearchAction","target":{"@type":"EntryPoint","urlTemplate":"https:\/\/noticiaempauta.com\/portal\/?s={search_term_string}"},"query-input":{"@type":"PropertyValueSpecification","valueRequired":true,"valueName":"search_term_string"}}],"inLanguage":"pt-BR"},{"@type":"Organization","@id":"https:\/\/noticiaempauta.com\/portal\/#organization","name":"Portal Not\u00edcia em Pauta","url":"https:\/\/noticiaempauta.com\/portal\/","logo":{"@type":"ImageObject","inLanguage":"pt-BR","@id":"https:\/\/noticiaempauta.com\/portal\/#\/schema\/logo\/image\/","url":"https:\/\/noticiaempauta.com\/portal\/wp-content\/uploads\/2022\/08\/logomarca_tema.fw_.png","contentUrl":"https:\/\/noticiaempauta.com\/portal\/wp-content\/uploads\/2022\/08\/logomarca_tema.fw_.png","width":400,"height":232,"caption":"Portal Not\u00edcia em Pauta"},"image":{"@id":"https:\/\/noticiaempauta.com\/portal\/#\/schema\/logo\/image\/"},"sameAs":["https:\/\/www.facebook.com\/Portal-Notcia-Em-Pauta-102292869264820\/","https:\/\/www.instagram.com\/portalnoticiaempauta\/"]},{"@type":"Person","@id":"https:\/\/noticiaempauta.com\/portal\/#\/schema\/person\/a74af43dd1ab3deca45f988c717d57ac","name":"Reda\u00e7\u00e3o","image":{"@type":"ImageObject","inLanguage":"pt-BR","@id":"https:\/\/noticiaempauta.com\/portal\/#\/schema\/person\/image\/","url":"https:\/\/secure.gravatar.com\/avatar\/03179346ecce6cdfc13361603e8f54242a90e5cde8618fa23c5c00aa2b0aadf3?s=96&d=mm&r=g","contentUrl":"https:\/\/secure.gravatar.com\/avatar\/03179346ecce6cdfc13361603e8f54242a90e5cde8618fa23c5c00aa2b0aadf3?s=96&d=mm&r=g","caption":"Reda\u00e7\u00e3o"},"sameAs":["https:\/\/noticiaempauta.com\/portal\/"],"url":"https:\/\/noticiaempauta.com\/portal\/author\/fernando\/"}]}},"_links":{"self":[{"href":"https:\/\/noticiaempauta.com\/portal\/wp-json\/wp\/v2\/posts\/280844","targetHints":{"allow":["GET"]}}],"collection":[{"href":"https:\/\/noticiaempauta.com\/portal\/wp-json\/wp\/v2\/posts"}],"about":[{"href":"https:\/\/noticiaempauta.com\/portal\/wp-json\/wp\/v2\/types\/post"}],"author":[{"embeddable":true,"href":"https:\/\/noticiaempauta.com\/portal\/wp-json\/wp\/v2\/users\/2"}],"replies":[{"embeddable":true,"href":"https:\/\/noticiaempauta.com\/portal\/wp-json\/wp\/v2\/comments?post=280844"}],"version-history":[{"count":3,"href":"https:\/\/noticiaempauta.com\/portal\/wp-json\/wp\/v2\/posts\/280844\/revisions"}],"predecessor-version":[{"id":280848,"href":"https:\/\/noticiaempauta.com\/portal\/wp-json\/wp\/v2\/posts\/280844\/revisions\/280848"}],"wp:featuredmedia":[{"embeddable":true,"href":"https:\/\/noticiaempauta.com\/portal\/wp-json\/wp\/v2\/media\/280808"}],"wp:attachment":[{"href":"https:\/\/noticiaempauta.com\/portal\/wp-json\/wp\/v2\/media?parent=280844"}],"wp:term":[{"taxonomy":"category","embeddable":true,"href":"https:\/\/noticiaempauta.com\/portal\/wp-json\/wp\/v2\/categories?post=280844"},{"taxonomy":"post_tag","embeddable":true,"href":"https:\/\/noticiaempauta.com\/portal\/wp-json\/wp\/v2\/tags?post=280844"}],"curies":[{"name":"wp","href":"https:\/\/api.w.org\/{rel}","templated":true}]}}