{"id":280857,"date":"2025-11-18T16:01:08","date_gmt":"2025-11-18T19:01:08","guid":{"rendered":"https:\/\/noticiaempauta.com\/portal\/?p=280857"},"modified":"2025-11-18T16:01:08","modified_gmt":"2025-11-18T19:01:08","slug":"fe-e-tradicao-divulgada-a-programacao-do-271o-festejo-de-nossa-senhora-da-conceicao-em-bocaina","status":"publish","type":"post","link":"https:\/\/noticiaempauta.com\/portal\/fe-e-tradicao-divulgada-a-programacao-do-271o-festejo-de-nossa-senhora-da-conceicao-em-bocaina\/","title":{"rendered":"F\u00e9 e Tradi\u00e7\u00e3o | Divulgada a programa\u00e7\u00e3o do 271\u00ba Festejo de Nossa Senhora da Concei\u00e7\u00e3o em Bocaina"},"content":{"rendered":"\n<p>A cidade de Bocaina j\u00e1 vive o clima de f\u00e9 e tradi\u00e7\u00e3o que marca anualmente o <strong>Festejo de Nossa Senhora da Concei\u00e7\u00e3o<\/strong>. Em sua <strong>271\u00aa edi\u00e7\u00e3o<\/strong>, a celebra\u00e7\u00e3o, uma das mais tradicionais do munic\u00edpio, promete reunir grande n\u00famero de fi\u00e9is locais e visitantes das cidades vizinhas.<\/p>\n\n\n\n<p>Este ano, o festejo traz como tema <strong>\u201cMaria, toda de Deus, ensina-nos a viver na fidelidade\u201d<\/strong>, refor\u00e7ando a devo\u00e7\u00e3o e o chamado espiritual \u00e0 viv\u00eancia crist\u00e3.<\/p>\n\n\n\n<figure class=\"wp-block-image size-large\"><img fetchpriority=\"high\" decoding=\"async\" width=\"823\" height=\"1024\" src=\"https:\/\/noticiaempauta.com\/portal\/wp-content\/uploads\/2025\/11\/WhatsApp-Image-2025-11-18-at-15.58.43-823x1024.jpeg\" alt=\"\" class=\"wp-image-280858\" srcset=\"https:\/\/noticiaempauta.com\/portal\/wp-content\/uploads\/2025\/11\/WhatsApp-Image-2025-11-18-at-15.58.43-823x1024.jpeg 823w, https:\/\/noticiaempauta.com\/portal\/wp-content\/uploads\/2025\/11\/WhatsApp-Image-2025-11-18-at-15.58.43-241x300.jpeg 241w, https:\/\/noticiaempauta.com\/portal\/wp-content\/uploads\/2025\/11\/WhatsApp-Image-2025-11-18-at-15.58.43-768x955.jpeg 768w, https:\/\/noticiaempauta.com\/portal\/wp-content\/uploads\/2025\/11\/WhatsApp-Image-2025-11-18-at-15.58.43.jpeg 1029w\" sizes=\"(max-width: 823px) 100vw, 823px\" \/><\/figure>\n\n\n\n<p>As atividades t\u00eam in\u00edcio no dia 28 de novembro e seguem at\u00e9 8 de dezembro, data dedicada \u00e0 Solenidade de Nossa Senhora da Concei\u00e7\u00e3o. A programa\u00e7\u00e3o contempla momentos de ora\u00e7\u00e3o, celebra\u00e7\u00f5es e pr\u00e1ticas comunit\u00e1rias.<\/p>\n\n\n\n<p>Ao longo dos dias de festejo, os fi\u00e9is poder\u00e3o participar de uma programa\u00e7\u00e3o espiritual di\u00e1ria que inclui, ao meio-dia, o Of\u00edcio \u00e0 Imaculada Concei\u00e7\u00e3o, conduzido pelo Grupo do Ros\u00e1rio e pelo Apostolado da Ora\u00e7\u00e3o. No fim da tarde, \u00e0s 17h30, acontece a tradicional quermesse, seguida \u00e0s 18h pela recita\u00e7\u00e3o do Santo Ter\u00e7o, com participa\u00e7\u00e3o do Ter\u00e7o dos Homens. Encerrando as atividades, \u00e0s 19h, \u00e9 celebrada a Santa Missa-Novena.<\/p>\n\n\n\n<p>Atual p\u00e1roco da Par\u00f3quia Nossa Senhora da Concei\u00e7\u00e3o, Pe. Allef Ant\u00f4nio Carvalho, destaca que o festejo representa um momento de renova\u00e7\u00e3o espiritual para toda a comunidade.<\/p>\n\n\n\n<p>\u201cEste per\u00edodo nos chama a viver intensamente a f\u00e9 e a celebrar a presen\u00e7a de Maria em nossas vidas. Os dias de festejo s\u00e3o marcantes, especialmente o m\u00eas de dezembro, quando celebramos a Solenidade da Imaculada Concei\u00e7\u00e3o. \u00c9 um tempo de gra\u00e7a que culmina com a grande prociss\u00e3o, reunindo o povo de Deus em um s\u00f3 cora\u00e7\u00e3o\u201d, afirmou o sacerdote, convidando todos a participarem.<\/p>\n\n\n\n<p><strong>PROGRAMA\u00c7\u00c3O COMPLETA<\/strong><\/p>\n\n\n\n<h3 class=\"wp-block-heading\"><strong>27\/11 \u2013 Quinta-feira<\/strong><\/h3>\n\n\n\n<ul class=\"wp-block-list\">\n<li><strong>18h30:<\/strong>\u00a0Santa Missa \u2013 Igreja Nossa Senhora de Lourdes, Teresina-PI<\/li>\n<\/ul>\n\n\n\n<hr class=\"wp-block-separator has-alpha-channel-opacity\"\/>\n\n\n\n<h3 class=\"wp-block-heading\"><strong>28\/11 \u2013 Sexta-feira<\/strong><\/h3>\n\n\n\n<ul class=\"wp-block-list\">\n<li><strong>18h30:<\/strong>\u00a0Ter\u00e7o Meditado (EJC \u2013 Picos)<\/li>\n\n\n\n<li><strong>19h30:<\/strong>\u00a0Missa na Pra\u00e7a Antenor Neiva, Picos-PI<br><strong>Pregador:<\/strong>\u00a0Pe. Francisco Ramires Barros Moura<br><strong>Respons\u00e1veis:<\/strong>\u00a0Equipe de Liturgia<br><strong>Animadores:<\/strong>\u00a0Filhos da terra residentes em Picos<br>Em seguida, caminhada de Picos a Bocaina<\/li>\n<\/ul>\n\n\n\n<hr class=\"wp-block-separator has-alpha-channel-opacity\"\/>\n\n\n\n<h3 class=\"wp-block-heading\"><strong>29\/11 \u2013 S\u00e1bado<\/strong><\/h3>\n\n\n\n<ul class=\"wp-block-list\">\n<li><strong>04h:<\/strong>\u00a0Alvorada festiva no adro da Matriz<\/li>\n\n\n\n<li><strong>05h:<\/strong>\u00a0Entroniza\u00e7\u00e3o da imagem, hasteamento da bandeira e ora\u00e7\u00e3o de abertura<\/li>\n\n\n\n<li><strong>19h:<\/strong>\u00a0Santa Missa-Novena<br><strong>Animadores:<\/strong>\u00a0ECC (Bocaina e cidades vizinhas) e comunidades rurais<br><strong>Pregador:<\/strong>\u00a0Pe. Estev\u00e3o Prondi Souza da Silva<br><strong>Quermesse:<\/strong>\u00a0Educa\u00e7\u00e3o Municipal e Estadual e Pastoral da Catequese<br>Ap\u00f3s a Missa: Leil\u00e3o<\/li>\n<\/ul>\n\n\n\n<hr class=\"wp-block-separator has-alpha-channel-opacity\"\/>\n\n\n\n<h3 class=\"wp-block-heading\"><strong>30\/11 \u2013 Domingo<\/strong><\/h3>\n\n\n\n<ul class=\"wp-block-list\">\n<li><strong>3\u00aa Romaria de Ciclistas de Picos a Bocaina<\/strong><\/li>\n\n\n\n<li><strong>19h:<\/strong>\u00a0Santa Missa-Novena<br><strong>Animadores:<\/strong>\u00a0EJC, escolas e comunidades<br><strong>Pregador:<\/strong>\u00a0Pe. Francisco R\u00e9gis de Moura<br><strong>Quermesse:<\/strong>\u00a0Comunidade Santa Dulce e Ter\u00e7o dos Homens<\/li>\n<\/ul>\n\n\n\n<hr class=\"wp-block-separator has-alpha-channel-opacity\"\/>\n\n\n\n<h3 class=\"wp-block-heading\"><strong>01\/12 \u2013 Segunda-feira<\/strong><\/h3>\n\n\n\n<ul class=\"wp-block-list\">\n<li><strong>19h:<\/strong>\u00a0Santa Missa-Novena<br><strong>Animadores:<\/strong>\u00a0Comunidade Mission\u00e1ria S\u00e3o Jos\u00e9 e comunidades rurais<br><strong>Pregadores:<\/strong>\u00a0Pe. S\u00e9rgio Leal de Moura e Pe. Francisco Pereira Borges<br><strong>Quermesse:<\/strong>\u00a0Comunidade Mission\u00e1ria Sagrado Cora\u00e7\u00e3o de Jesus e Profissionais da Sa\u00fade<\/li>\n<\/ul>\n\n\n\n<hr class=\"wp-block-separator has-alpha-channel-opacity\"\/>\n\n\n\n<h3 class=\"wp-block-heading\"><strong>02\/12 \u2013 Ter\u00e7a-feira<\/strong><\/h3>\n\n\n\n<ul class=\"wp-block-list\">\n<li><strong>19h:<\/strong>\u00a0Santa Missa-Novena<br><strong>Animadores:<\/strong>\u00a0Comunidade Mission\u00e1ria Santa Dulce e comunidades do interior<br><strong>Pregador:<\/strong>\u00a0Pe. Ferdiran Fontes Mendes<br><strong>Quermesse:<\/strong>\u00a0Pastoral Familiar, Apostolado da Ora\u00e7\u00e3o e Pastoral da Boa A\u00e7\u00e3o<\/li>\n<\/ul>\n\n\n\n<hr class=\"wp-block-separator has-alpha-channel-opacity\"\/>\n\n\n\n<h3 class=\"wp-block-heading\"><strong>03\/12 \u2013 Quarta-feira<\/strong><\/h3>\n\n\n\n<ul class=\"wp-block-list\">\n<li><strong>19h:<\/strong>\u00a0Santa Missa-Novena<br><strong>Animadores:<\/strong>\u00a0Comunidade Mission\u00e1ria Sagrado Cora\u00e7\u00e3o de Jesus, Ter\u00e7o dos Homens, Grupo do Ros\u00e1rio e CRAS<br><strong>Pregador:<\/strong>\u00a0Pe. Vanderlan da Silva F\u00e9lix de Lima<br><strong>Quermesse:<\/strong>\u00a0Comerciantes, Poder P\u00fablico e grupo de canto<\/li>\n<\/ul>\n\n\n\n<hr class=\"wp-block-separator has-alpha-channel-opacity\"\/>\n\n\n\n<h3 class=\"wp-block-heading\"><strong>04\/12 \u2013 Quinta-feira<\/strong><\/h3>\n\n\n\n<ul class=\"wp-block-list\">\n<li><strong>19h:<\/strong>\u00a0Santa Missa-Novena<br><strong>Animadores:<\/strong>\u00a0Comunidade Mission\u00e1ria S\u00e3o Francisco e pastorais<br><strong>Pregadores:<\/strong>\u00a0Pe. Cl\u00e1udio Santana de Carvalho e Pe. Francisco de Assis Barbosa<br><strong>Quermesse:<\/strong>\u00a0Comunidade Mission\u00e1ria S\u00e3o Jos\u00e9, Conselho Econ\u00f4mico e Filhos da Terra<\/li>\n<\/ul>\n\n\n\n<hr class=\"wp-block-separator has-alpha-channel-opacity\"\/>\n\n\n\n<h3 class=\"wp-block-heading\"><strong>05\/12 \u2013 Sexta-feira<\/strong><\/h3>\n\n\n\n<ul class=\"wp-block-list\">\n<li><strong>19h:<\/strong>\u00a0Santa Missa-Novena<br><strong>Animadores:<\/strong>\u00a0Sussuapara, Apostolado da Ora\u00e7\u00e3o e comunidades rurais<br><strong>Pregador:<\/strong>\u00a0Pe. Edivaldo dos Santos Silva<br><strong>Quermesse:<\/strong>\u00a0Comunidade Mission\u00e1ria S\u00e3o Francisco e CRAS<\/li>\n<\/ul>\n\n\n\n<hr class=\"wp-block-separator has-alpha-channel-opacity\"\/>\n\n\n\n<h3 class=\"wp-block-heading\"><strong>06\/12 \u2013 S\u00e1bado<\/strong><\/h3>\n\n\n\n<ul class=\"wp-block-list\">\n<li><strong>19h:<\/strong>\u00a0Santa Missa-Novena<br><strong>Animadores:<\/strong>\u00a0Pastorais e comunidades<br><strong>Pregador:<\/strong>\u00a0Pe. Tony Batista (Arquidiocese de Teresina)<br>Ap\u00f3s a Missa: Tradicional Leil\u00e3o<br><strong>Quermesse:<\/strong>\u00a0EJC e Crisma<\/li>\n<\/ul>\n\n\n\n<hr class=\"wp-block-separator has-alpha-channel-opacity\"\/>\n\n\n\n<h3 class=\"wp-block-heading\"><strong>07\/12 \u2013 Domingo<\/strong><\/h3>\n\n\n\n<ul class=\"wp-block-list\">\n<li><strong>19h:<\/strong>\u00a0Santa Missa-Novena<br><strong>Animadores:<\/strong>\u00a0Poderes Executivo e Legislativo, Filhos da Terra e Pol\u00edcia Militar<br><strong>Pregador:<\/strong>\u00a0Pe. Marcos Vin\u00edcius Rocha Ara\u00fajo<br><strong>Quermesse:<\/strong>\u00a0ECC<\/li>\n<\/ul>\n\n\n\n<hr class=\"wp-block-separator has-alpha-channel-opacity\"\/>\n\n\n\n<h3 class=\"wp-block-heading\"><strong>08\/12 \u2013 Segunda-feira \u2013 Solenidade de Nossa Senhora da Concei\u00e7\u00e3o<\/strong><\/h3>\n\n\n\n<p><em>(Dia de Preceito e Guarda)<\/em><\/p>\n\n\n\n<ul class=\"wp-block-list\">\n<li><strong>05h:<\/strong>\u00a0Santa Missa Solene dos Romeiros<br><strong>Pregador:<\/strong>\u00a0Pe. Marcos Vin\u00edcius Rocha Ara\u00fajo<\/li>\n\n\n\n<li><strong>06h:<\/strong>\u00a0Caf\u00e9 dos Romeiros<\/li>\n\n\n\n<li><strong>07h:<\/strong>\u00a0Santa Missa Solene<br><strong>Pregador:<\/strong>\u00a0Dom Pl\u00ednio Jos\u00e9 Luz da Silva e padres do zonal<\/li>\n\n\n\n<li><strong>12h:<\/strong>\u00a0Hora Universal da Gra\u00e7a<\/li>\n\n\n\n<li><strong>16h:<\/strong>\u00a0Prociss\u00e3o e arreamento da bandeira<br>Em seguida: Sorteio da rifa<\/li>\n<\/ul>\n\n\n\n<hr class=\"wp-block-separator has-alpha-channel-opacity\"\/>\n\n\n\n<h3 class=\"wp-block-heading\"><strong>09\/12 \u2013 Ter\u00e7a-feira<\/strong><\/h3>\n\n\n\n<ul class=\"wp-block-list\">\n<li><strong>08h:<\/strong>\u00a0Santa Missa em honra a Nossa Senhora do Ros\u00e1rio<br><strong>Animadores:<\/strong>\u00a0Grupo do Ros\u00e1rio e Ter\u00e7o dos Homens<br><strong>Pregador:<\/strong>\u00a0Pe. Allef Ant\u00f4nio Carvalho Ara\u00fajo<\/li>\n<\/ul>\n\n\n\n<p><\/p>\n\n\n\n<p><strong>Fonte: CidadesnaNet<\/strong><\/p>\n","protected":false},"excerpt":{"rendered":"<p>A cidade de Bocaina j\u00e1 vive o clima de f\u00e9 e tradi\u00e7\u00e3o que marca anualmente o Festejo de Nossa Senhora da Concei\u00e7\u00e3o. Em sua 271\u00aa edi\u00e7\u00e3o, a celebra\u00e7\u00e3o, uma das mais tradicionais do munic\u00edpio, promete reunir grande n\u00famero de fi\u00e9is locais e visitantes das cidades vizinhas. Este ano, o festejo traz como tema \u201cMaria, toda [&hellip;]<\/p>\n","protected":false},"author":2,"featured_media":280859,"comment_status":"open","ping_status":"open","sticky":false,"template":"","format":"standard","meta":{"_mi_skip_tracking":false,"footnotes":""},"categories":[25,1,9,16],"tags":[],"class_list":["post-280857","post","type-post","status-publish","format-standard","has-post-thumbnail","hentry","category-destaques-site","category-geral","category-municipios","category-todas"],"acf":[],"yoast_head":"<!-- This site is optimized with the Yoast SEO Premium plugin v19.2 (Yoast SEO v26.9) - https:\/\/yoast.com\/product\/yoast-seo-premium-wordpress\/ -->\n<title>F\u00e9 e Tradi\u00e7\u00e3o | Divulgada a programa\u00e7\u00e3o do 271\u00ba Festejo de Nossa Senhora da Concei\u00e7\u00e3o em Bocaina - Portal Not\u00edcia em Pauta<\/title>\n<meta name=\"robots\" content=\"index, follow, max-snippet:-1, max-image-preview:large, max-video-preview:-1\" \/>\n<link rel=\"canonical\" href=\"https:\/\/noticiaempauta.com\/portal\/fe-e-tradicao-divulgada-a-programacao-do-271o-festejo-de-nossa-senhora-da-conceicao-em-bocaina\/\" \/>\n<meta property=\"og:locale\" content=\"pt_BR\" \/>\n<meta property=\"og:type\" content=\"article\" \/>\n<meta property=\"og:title\" content=\"F\u00e9 e Tradi\u00e7\u00e3o | Divulgada a programa\u00e7\u00e3o do 271\u00ba Festejo de Nossa Senhora da Concei\u00e7\u00e3o em Bocaina\" \/>\n<meta property=\"og:description\" content=\"A cidade de Bocaina j\u00e1 vive o clima de f\u00e9 e tradi\u00e7\u00e3o que marca anualmente o Festejo de Nossa Senhora da Concei\u00e7\u00e3o. Em sua 271\u00aa edi\u00e7\u00e3o, a celebra\u00e7\u00e3o, uma das mais tradicionais do munic\u00edpio, promete reunir grande n\u00famero de fi\u00e9is locais e visitantes das cidades vizinhas. Este ano, o festejo traz como tema \u201cMaria, toda [&hellip;]\" \/>\n<meta property=\"og:url\" content=\"https:\/\/noticiaempauta.com\/portal\/fe-e-tradicao-divulgada-a-programacao-do-271o-festejo-de-nossa-senhora-da-conceicao-em-bocaina\/\" \/>\n<meta property=\"og:site_name\" content=\"Portal Not\u00edcia em Pauta\" \/>\n<meta property=\"article:publisher\" content=\"https:\/\/www.facebook.com\/Portal-Notcia-Em-Pauta-102292869264820\/\" \/>\n<meta property=\"article:published_time\" content=\"2025-11-18T19:01:08+00:00\" \/>\n<meta property=\"og:image\" content=\"https:\/\/noticiaempauta.com\/portal\/wp-content\/uploads\/2025\/11\/WhatsApp-Image-2025-11-18-at-16.00.06.jpeg\" \/>\n\t<meta property=\"og:image:width\" content=\"1170\" \/>\n\t<meta property=\"og:image:height\" content=\"969\" \/>\n\t<meta property=\"og:image:type\" content=\"image\/jpeg\" \/>\n<meta name=\"author\" content=\"Reda\u00e7\u00e3o\" \/>\n<meta name=\"twitter:card\" content=\"summary_large_image\" \/>\n<meta name=\"twitter:label1\" content=\"Escrito por\" \/>\n\t<meta name=\"twitter:data1\" content=\"Reda\u00e7\u00e3o\" \/>\n\t<meta name=\"twitter:label2\" content=\"Est. tempo de leitura\" \/>\n\t<meta name=\"twitter:data2\" content=\"5 minutos\" \/>\n<script type=\"application\/ld+json\" class=\"yoast-schema-graph\">{\"@context\":\"https:\/\/schema.org\",\"@graph\":[{\"@type\":\"Article\",\"@id\":\"https:\/\/noticiaempauta.com\/portal\/fe-e-tradicao-divulgada-a-programacao-do-271o-festejo-de-nossa-senhora-da-conceicao-em-bocaina\/#article\",\"isPartOf\":{\"@id\":\"https:\/\/noticiaempauta.com\/portal\/fe-e-tradicao-divulgada-a-programacao-do-271o-festejo-de-nossa-senhora-da-conceicao-em-bocaina\/\"},\"author\":{\"name\":\"Reda\u00e7\u00e3o\",\"@id\":\"https:\/\/noticiaempauta.com\/portal\/#\/schema\/person\/a74af43dd1ab3deca45f988c717d57ac\"},\"headline\":\"F\u00e9 e Tradi\u00e7\u00e3o | Divulgada a programa\u00e7\u00e3o do 271\u00ba Festejo de Nossa Senhora da Concei\u00e7\u00e3o em Bocaina\",\"datePublished\":\"2025-11-18T19:01:08+00:00\",\"mainEntityOfPage\":{\"@id\":\"https:\/\/noticiaempauta.com\/portal\/fe-e-tradicao-divulgada-a-programacao-do-271o-festejo-de-nossa-senhora-da-conceicao-em-bocaina\/\"},\"wordCount\":790,\"commentCount\":0,\"publisher\":{\"@id\":\"https:\/\/noticiaempauta.com\/portal\/#organization\"},\"image\":{\"@id\":\"https:\/\/noticiaempauta.com\/portal\/fe-e-tradicao-divulgada-a-programacao-do-271o-festejo-de-nossa-senhora-da-conceicao-em-bocaina\/#primaryimage\"},\"thumbnailUrl\":\"https:\/\/noticiaempauta.com\/portal\/wp-content\/uploads\/2025\/11\/WhatsApp-Image-2025-11-18-at-16.00.06.jpeg\",\"articleSection\":[\"Destaques\",\"Geral\",\"Munic\u00edpios\",\"Todas as Not\u00edcias\"],\"inLanguage\":\"pt-BR\",\"potentialAction\":[{\"@type\":\"CommentAction\",\"name\":\"Comment\",\"target\":[\"https:\/\/noticiaempauta.com\/portal\/fe-e-tradicao-divulgada-a-programacao-do-271o-festejo-de-nossa-senhora-da-conceicao-em-bocaina\/#respond\"]}]},{\"@type\":\"WebPage\",\"@id\":\"https:\/\/noticiaempauta.com\/portal\/fe-e-tradicao-divulgada-a-programacao-do-271o-festejo-de-nossa-senhora-da-conceicao-em-bocaina\/\",\"url\":\"https:\/\/noticiaempauta.com\/portal\/fe-e-tradicao-divulgada-a-programacao-do-271o-festejo-de-nossa-senhora-da-conceicao-em-bocaina\/\",\"name\":\"F\u00e9 e Tradi\u00e7\u00e3o | Divulgada a programa\u00e7\u00e3o do 271\u00ba Festejo de Nossa Senhora da Concei\u00e7\u00e3o em Bocaina - Portal Not\u00edcia em Pauta\",\"isPartOf\":{\"@id\":\"https:\/\/noticiaempauta.com\/portal\/#website\"},\"primaryImageOfPage\":{\"@id\":\"https:\/\/noticiaempauta.com\/portal\/fe-e-tradicao-divulgada-a-programacao-do-271o-festejo-de-nossa-senhora-da-conceicao-em-bocaina\/#primaryimage\"},\"image\":{\"@id\":\"https:\/\/noticiaempauta.com\/portal\/fe-e-tradicao-divulgada-a-programacao-do-271o-festejo-de-nossa-senhora-da-conceicao-em-bocaina\/#primaryimage\"},\"thumbnailUrl\":\"https:\/\/noticiaempauta.com\/portal\/wp-content\/uploads\/2025\/11\/WhatsApp-Image-2025-11-18-at-16.00.06.jpeg\",\"datePublished\":\"2025-11-18T19:01:08+00:00\",\"breadcrumb\":{\"@id\":\"https:\/\/noticiaempauta.com\/portal\/fe-e-tradicao-divulgada-a-programacao-do-271o-festejo-de-nossa-senhora-da-conceicao-em-bocaina\/#breadcrumb\"},\"inLanguage\":\"pt-BR\",\"potentialAction\":[{\"@type\":\"ReadAction\",\"target\":[\"https:\/\/noticiaempauta.com\/portal\/fe-e-tradicao-divulgada-a-programacao-do-271o-festejo-de-nossa-senhora-da-conceicao-em-bocaina\/\"]}]},{\"@type\":\"ImageObject\",\"inLanguage\":\"pt-BR\",\"@id\":\"https:\/\/noticiaempauta.com\/portal\/fe-e-tradicao-divulgada-a-programacao-do-271o-festejo-de-nossa-senhora-da-conceicao-em-bocaina\/#primaryimage\",\"url\":\"https:\/\/noticiaempauta.com\/portal\/wp-content\/uploads\/2025\/11\/WhatsApp-Image-2025-11-18-at-16.00.06.jpeg\",\"contentUrl\":\"https:\/\/noticiaempauta.com\/portal\/wp-content\/uploads\/2025\/11\/WhatsApp-Image-2025-11-18-at-16.00.06.jpeg\",\"width\":1170,\"height\":969},{\"@type\":\"BreadcrumbList\",\"@id\":\"https:\/\/noticiaempauta.com\/portal\/fe-e-tradicao-divulgada-a-programacao-do-271o-festejo-de-nossa-senhora-da-conceicao-em-bocaina\/#breadcrumb\",\"itemListElement\":[{\"@type\":\"ListItem\",\"position\":1,\"name\":\"P\u00e1gina Inicial\",\"item\":\"https:\/\/noticiaempauta.com\/portal\/\"},{\"@type\":\"ListItem\",\"position\":2,\"name\":\"Destaques\",\"item\":\"https:\/\/noticiaempauta.com\/portal\/destaques-site\/\"},{\"@type\":\"ListItem\",\"position\":3,\"name\":\"F\u00e9 e Tradi\u00e7\u00e3o | Divulgada a programa\u00e7\u00e3o do 271\u00ba Festejo de Nossa Senhora da Concei\u00e7\u00e3o em Bocaina\"}]},{\"@type\":\"WebSite\",\"@id\":\"https:\/\/noticiaempauta.com\/portal\/#website\",\"url\":\"https:\/\/noticiaempauta.com\/portal\/\",\"name\":\"Portal Not\u00edcia em Pauta\",\"description\":\"Voc\u00ea bem informado\",\"publisher\":{\"@id\":\"https:\/\/noticiaempauta.com\/portal\/#organization\"},\"potentialAction\":[{\"@type\":\"SearchAction\",\"target\":{\"@type\":\"EntryPoint\",\"urlTemplate\":\"https:\/\/noticiaempauta.com\/portal\/?s={search_term_string}\"},\"query-input\":{\"@type\":\"PropertyValueSpecification\",\"valueRequired\":true,\"valueName\":\"search_term_string\"}}],\"inLanguage\":\"pt-BR\"},{\"@type\":\"Organization\",\"@id\":\"https:\/\/noticiaempauta.com\/portal\/#organization\",\"name\":\"Portal Not\u00edcia em Pauta\",\"url\":\"https:\/\/noticiaempauta.com\/portal\/\",\"logo\":{\"@type\":\"ImageObject\",\"inLanguage\":\"pt-BR\",\"@id\":\"https:\/\/noticiaempauta.com\/portal\/#\/schema\/logo\/image\/\",\"url\":\"https:\/\/noticiaempauta.com\/portal\/wp-content\/uploads\/2022\/08\/logomarca_tema.fw_.png\",\"contentUrl\":\"https:\/\/noticiaempauta.com\/portal\/wp-content\/uploads\/2022\/08\/logomarca_tema.fw_.png\",\"width\":400,\"height\":232,\"caption\":\"Portal Not\u00edcia em Pauta\"},\"image\":{\"@id\":\"https:\/\/noticiaempauta.com\/portal\/#\/schema\/logo\/image\/\"},\"sameAs\":[\"https:\/\/www.facebook.com\/Portal-Notcia-Em-Pauta-102292869264820\/\",\"https:\/\/www.instagram.com\/portalnoticiaempauta\/\"]},{\"@type\":\"Person\",\"@id\":\"https:\/\/noticiaempauta.com\/portal\/#\/schema\/person\/a74af43dd1ab3deca45f988c717d57ac\",\"name\":\"Reda\u00e7\u00e3o\",\"image\":{\"@type\":\"ImageObject\",\"inLanguage\":\"pt-BR\",\"@id\":\"https:\/\/noticiaempauta.com\/portal\/#\/schema\/person\/image\/\",\"url\":\"https:\/\/secure.gravatar.com\/avatar\/03179346ecce6cdfc13361603e8f54242a90e5cde8618fa23c5c00aa2b0aadf3?s=96&d=mm&r=g\",\"contentUrl\":\"https:\/\/secure.gravatar.com\/avatar\/03179346ecce6cdfc13361603e8f54242a90e5cde8618fa23c5c00aa2b0aadf3?s=96&d=mm&r=g\",\"caption\":\"Reda\u00e7\u00e3o\"},\"sameAs\":[\"https:\/\/noticiaempauta.com\/portal\/\"],\"url\":\"https:\/\/noticiaempauta.com\/portal\/author\/fernando\/\"}]}<\/script>\n<!-- \/ Yoast SEO Premium plugin. -->","yoast_head_json":{"title":"F\u00e9 e Tradi\u00e7\u00e3o | Divulgada a programa\u00e7\u00e3o do 271\u00ba Festejo de Nossa Senhora da Concei\u00e7\u00e3o em Bocaina - Portal Not\u00edcia em Pauta","robots":{"index":"index","follow":"follow","max-snippet":"max-snippet:-1","max-image-preview":"max-image-preview:large","max-video-preview":"max-video-preview:-1"},"canonical":"https:\/\/noticiaempauta.com\/portal\/fe-e-tradicao-divulgada-a-programacao-do-271o-festejo-de-nossa-senhora-da-conceicao-em-bocaina\/","og_locale":"pt_BR","og_type":"article","og_title":"F\u00e9 e Tradi\u00e7\u00e3o | Divulgada a programa\u00e7\u00e3o do 271\u00ba Festejo de Nossa Senhora da Concei\u00e7\u00e3o em Bocaina","og_description":"A cidade de Bocaina j\u00e1 vive o clima de f\u00e9 e tradi\u00e7\u00e3o que marca anualmente o Festejo de Nossa Senhora da Concei\u00e7\u00e3o. Em sua 271\u00aa edi\u00e7\u00e3o, a celebra\u00e7\u00e3o, uma das mais tradicionais do munic\u00edpio, promete reunir grande n\u00famero de fi\u00e9is locais e visitantes das cidades vizinhas. Este ano, o festejo traz como tema \u201cMaria, toda [&hellip;]","og_url":"https:\/\/noticiaempauta.com\/portal\/fe-e-tradicao-divulgada-a-programacao-do-271o-festejo-de-nossa-senhora-da-conceicao-em-bocaina\/","og_site_name":"Portal Not\u00edcia em Pauta","article_publisher":"https:\/\/www.facebook.com\/Portal-Notcia-Em-Pauta-102292869264820\/","article_published_time":"2025-11-18T19:01:08+00:00","og_image":[{"width":1170,"height":969,"url":"https:\/\/noticiaempauta.com\/portal\/wp-content\/uploads\/2025\/11\/WhatsApp-Image-2025-11-18-at-16.00.06.jpeg","type":"image\/jpeg"}],"author":"Reda\u00e7\u00e3o","twitter_card":"summary_large_image","twitter_misc":{"Escrito por":"Reda\u00e7\u00e3o","Est. tempo de leitura":"5 minutos"},"schema":{"@context":"https:\/\/schema.org","@graph":[{"@type":"Article","@id":"https:\/\/noticiaempauta.com\/portal\/fe-e-tradicao-divulgada-a-programacao-do-271o-festejo-de-nossa-senhora-da-conceicao-em-bocaina\/#article","isPartOf":{"@id":"https:\/\/noticiaempauta.com\/portal\/fe-e-tradicao-divulgada-a-programacao-do-271o-festejo-de-nossa-senhora-da-conceicao-em-bocaina\/"},"author":{"name":"Reda\u00e7\u00e3o","@id":"https:\/\/noticiaempauta.com\/portal\/#\/schema\/person\/a74af43dd1ab3deca45f988c717d57ac"},"headline":"F\u00e9 e Tradi\u00e7\u00e3o | Divulgada a programa\u00e7\u00e3o do 271\u00ba Festejo de Nossa Senhora da Concei\u00e7\u00e3o em Bocaina","datePublished":"2025-11-18T19:01:08+00:00","mainEntityOfPage":{"@id":"https:\/\/noticiaempauta.com\/portal\/fe-e-tradicao-divulgada-a-programacao-do-271o-festejo-de-nossa-senhora-da-conceicao-em-bocaina\/"},"wordCount":790,"commentCount":0,"publisher":{"@id":"https:\/\/noticiaempauta.com\/portal\/#organization"},"image":{"@id":"https:\/\/noticiaempauta.com\/portal\/fe-e-tradicao-divulgada-a-programacao-do-271o-festejo-de-nossa-senhora-da-conceicao-em-bocaina\/#primaryimage"},"thumbnailUrl":"https:\/\/noticiaempauta.com\/portal\/wp-content\/uploads\/2025\/11\/WhatsApp-Image-2025-11-18-at-16.00.06.jpeg","articleSection":["Destaques","Geral","Munic\u00edpios","Todas as Not\u00edcias"],"inLanguage":"pt-BR","potentialAction":[{"@type":"CommentAction","name":"Comment","target":["https:\/\/noticiaempauta.com\/portal\/fe-e-tradicao-divulgada-a-programacao-do-271o-festejo-de-nossa-senhora-da-conceicao-em-bocaina\/#respond"]}]},{"@type":"WebPage","@id":"https:\/\/noticiaempauta.com\/portal\/fe-e-tradicao-divulgada-a-programacao-do-271o-festejo-de-nossa-senhora-da-conceicao-em-bocaina\/","url":"https:\/\/noticiaempauta.com\/portal\/fe-e-tradicao-divulgada-a-programacao-do-271o-festejo-de-nossa-senhora-da-conceicao-em-bocaina\/","name":"F\u00e9 e Tradi\u00e7\u00e3o | Divulgada a programa\u00e7\u00e3o do 271\u00ba Festejo de Nossa Senhora da Concei\u00e7\u00e3o em Bocaina - Portal Not\u00edcia em Pauta","isPartOf":{"@id":"https:\/\/noticiaempauta.com\/portal\/#website"},"primaryImageOfPage":{"@id":"https:\/\/noticiaempauta.com\/portal\/fe-e-tradicao-divulgada-a-programacao-do-271o-festejo-de-nossa-senhora-da-conceicao-em-bocaina\/#primaryimage"},"image":{"@id":"https:\/\/noticiaempauta.com\/portal\/fe-e-tradicao-divulgada-a-programacao-do-271o-festejo-de-nossa-senhora-da-conceicao-em-bocaina\/#primaryimage"},"thumbnailUrl":"https:\/\/noticiaempauta.com\/portal\/wp-content\/uploads\/2025\/11\/WhatsApp-Image-2025-11-18-at-16.00.06.jpeg","datePublished":"2025-11-18T19:01:08+00:00","breadcrumb":{"@id":"https:\/\/noticiaempauta.com\/portal\/fe-e-tradicao-divulgada-a-programacao-do-271o-festejo-de-nossa-senhora-da-conceicao-em-bocaina\/#breadcrumb"},"inLanguage":"pt-BR","potentialAction":[{"@type":"ReadAction","target":["https:\/\/noticiaempauta.com\/portal\/fe-e-tradicao-divulgada-a-programacao-do-271o-festejo-de-nossa-senhora-da-conceicao-em-bocaina\/"]}]},{"@type":"ImageObject","inLanguage":"pt-BR","@id":"https:\/\/noticiaempauta.com\/portal\/fe-e-tradicao-divulgada-a-programacao-do-271o-festejo-de-nossa-senhora-da-conceicao-em-bocaina\/#primaryimage","url":"https:\/\/noticiaempauta.com\/portal\/wp-content\/uploads\/2025\/11\/WhatsApp-Image-2025-11-18-at-16.00.06.jpeg","contentUrl":"https:\/\/noticiaempauta.com\/portal\/wp-content\/uploads\/2025\/11\/WhatsApp-Image-2025-11-18-at-16.00.06.jpeg","width":1170,"height":969},{"@type":"BreadcrumbList","@id":"https:\/\/noticiaempauta.com\/portal\/fe-e-tradicao-divulgada-a-programacao-do-271o-festejo-de-nossa-senhora-da-conceicao-em-bocaina\/#breadcrumb","itemListElement":[{"@type":"ListItem","position":1,"name":"P\u00e1gina Inicial","item":"https:\/\/noticiaempauta.com\/portal\/"},{"@type":"ListItem","position":2,"name":"Destaques","item":"https:\/\/noticiaempauta.com\/portal\/destaques-site\/"},{"@type":"ListItem","position":3,"name":"F\u00e9 e Tradi\u00e7\u00e3o | Divulgada a programa\u00e7\u00e3o do 271\u00ba Festejo de Nossa Senhora da Concei\u00e7\u00e3o em Bocaina"}]},{"@type":"WebSite","@id":"https:\/\/noticiaempauta.com\/portal\/#website","url":"https:\/\/noticiaempauta.com\/portal\/","name":"Portal Not\u00edcia em Pauta","description":"Voc\u00ea bem informado","publisher":{"@id":"https:\/\/noticiaempauta.com\/portal\/#organization"},"potentialAction":[{"@type":"SearchAction","target":{"@type":"EntryPoint","urlTemplate":"https:\/\/noticiaempauta.com\/portal\/?s={search_term_string}"},"query-input":{"@type":"PropertyValueSpecification","valueRequired":true,"valueName":"search_term_string"}}],"inLanguage":"pt-BR"},{"@type":"Organization","@id":"https:\/\/noticiaempauta.com\/portal\/#organization","name":"Portal Not\u00edcia em Pauta","url":"https:\/\/noticiaempauta.com\/portal\/","logo":{"@type":"ImageObject","inLanguage":"pt-BR","@id":"https:\/\/noticiaempauta.com\/portal\/#\/schema\/logo\/image\/","url":"https:\/\/noticiaempauta.com\/portal\/wp-content\/uploads\/2022\/08\/logomarca_tema.fw_.png","contentUrl":"https:\/\/noticiaempauta.com\/portal\/wp-content\/uploads\/2022\/08\/logomarca_tema.fw_.png","width":400,"height":232,"caption":"Portal Not\u00edcia em Pauta"},"image":{"@id":"https:\/\/noticiaempauta.com\/portal\/#\/schema\/logo\/image\/"},"sameAs":["https:\/\/www.facebook.com\/Portal-Notcia-Em-Pauta-102292869264820\/","https:\/\/www.instagram.com\/portalnoticiaempauta\/"]},{"@type":"Person","@id":"https:\/\/noticiaempauta.com\/portal\/#\/schema\/person\/a74af43dd1ab3deca45f988c717d57ac","name":"Reda\u00e7\u00e3o","image":{"@type":"ImageObject","inLanguage":"pt-BR","@id":"https:\/\/noticiaempauta.com\/portal\/#\/schema\/person\/image\/","url":"https:\/\/secure.gravatar.com\/avatar\/03179346ecce6cdfc13361603e8f54242a90e5cde8618fa23c5c00aa2b0aadf3?s=96&d=mm&r=g","contentUrl":"https:\/\/secure.gravatar.com\/avatar\/03179346ecce6cdfc13361603e8f54242a90e5cde8618fa23c5c00aa2b0aadf3?s=96&d=mm&r=g","caption":"Reda\u00e7\u00e3o"},"sameAs":["https:\/\/noticiaempauta.com\/portal\/"],"url":"https:\/\/noticiaempauta.com\/portal\/author\/fernando\/"}]}},"_links":{"self":[{"href":"https:\/\/noticiaempauta.com\/portal\/wp-json\/wp\/v2\/posts\/280857","targetHints":{"allow":["GET"]}}],"collection":[{"href":"https:\/\/noticiaempauta.com\/portal\/wp-json\/wp\/v2\/posts"}],"about":[{"href":"https:\/\/noticiaempauta.com\/portal\/wp-json\/wp\/v2\/types\/post"}],"author":[{"embeddable":true,"href":"https:\/\/noticiaempauta.com\/portal\/wp-json\/wp\/v2\/users\/2"}],"replies":[{"embeddable":true,"href":"https:\/\/noticiaempauta.com\/portal\/wp-json\/wp\/v2\/comments?post=280857"}],"version-history":[{"count":2,"href":"https:\/\/noticiaempauta.com\/portal\/wp-json\/wp\/v2\/posts\/280857\/revisions"}],"predecessor-version":[{"id":280861,"href":"https:\/\/noticiaempauta.com\/portal\/wp-json\/wp\/v2\/posts\/280857\/revisions\/280861"}],"wp:featuredmedia":[{"embeddable":true,"href":"https:\/\/noticiaempauta.com\/portal\/wp-json\/wp\/v2\/media\/280859"}],"wp:attachment":[{"href":"https:\/\/noticiaempauta.com\/portal\/wp-json\/wp\/v2\/media?parent=280857"}],"wp:term":[{"taxonomy":"category","embeddable":true,"href":"https:\/\/noticiaempauta.com\/portal\/wp-json\/wp\/v2\/categories?post=280857"},{"taxonomy":"post_tag","embeddable":true,"href":"https:\/\/noticiaempauta.com\/portal\/wp-json\/wp\/v2\/tags?post=280857"}],"curies":[{"name":"wp","href":"https:\/\/api.w.org\/{rel}","templated":true}]}}