{"id":280862,"date":"2025-11-18T16:18:37","date_gmt":"2025-11-18T19:18:37","guid":{"rendered":"https:\/\/noticiaempauta.com\/portal\/?p=280862"},"modified":"2025-11-18T16:18:38","modified_gmt":"2025-11-18T19:18:38","slug":"alepi-lanca-justica-eleitoral-memoria-viva-em-parceria-com-o-tre-pi","status":"publish","type":"post","link":"https:\/\/noticiaempauta.com\/portal\/alepi-lanca-justica-eleitoral-memoria-viva-em-parceria-com-o-tre-pi\/","title":{"rendered":"Alepi lan\u00e7a \u201cJusti\u00e7a Eleitoral Mem\u00f3ria Viva\u201d em parceria com o TRE-PI"},"content":{"rendered":"\n<p>A Assembleia Legislativa do Piau\u00ed (Alepi) lan\u00e7ou, nesta ter\u00e7a-feira (18), o projeto \u201cJusti\u00e7a Eleitoral Mem\u00f3ria Viva\u201d, iniciativa que tem como objetivo registrar, preservar e divulgar a trajet\u00f3ria da Justi\u00e7a Eleitoral no estado. O trabalho \u00e9 fruto de um acordo de coopera\u00e7\u00e3o t\u00e9cnica firmado com o Tribunal Regional Eleitoral do Piau\u00ed (TRE-PI).<\/p>\n\n\n\n<figure class=\"wp-block-image size-full\"><img fetchpriority=\"high\" decoding=\"async\" width=\"600\" height=\"401\" src=\"https:\/\/noticiaempauta.com\/portal\/wp-content\/uploads\/2025\/11\/image_assessoria-16.jpeg\" alt=\"\" class=\"wp-image-280863\" srcset=\"https:\/\/noticiaempauta.com\/portal\/wp-content\/uploads\/2025\/11\/image_assessoria-16.jpeg 600w, https:\/\/noticiaempauta.com\/portal\/wp-content\/uploads\/2025\/11\/image_assessoria-16-300x201.jpeg 300w\" sizes=\"(max-width: 600px) 100vw, 600px\" \/><figcaption class=\"wp-element-caption\"><em>Foto: Ellen Pessoa \/ Ascom Alepi<\/em><\/figcaption><\/figure>\n\n\n\n<p>Na manh\u00e3 de hoje, o presidente da Alepi, deputado Severo Eul\u00e1lio, o presidente do TRE-PI, desembargador Sebasti\u00e3o Martins, e a diretora da TV Assembleia, Nadja Rodrigues, visitaram o Memorial que fica na sede do TRE-PI, onde est\u00e3o expostas imagens e objetos hist\u00f3ricos, como as primeiras urnas e c\u00e9dulas utilizadas nas elei\u00e7\u00f5es.<\/p>\n\n\n\n<p>Severo destacou a import\u00e2ncia da parceria institucional para o fortalecimento da democracia. \u201cAtrav\u00e9s da TV Assembleia, vamos resgatar a mem\u00f3ria, mostrando por tudo que o Piau\u00ed e o Brasil passaram no que diz respeito \u00e0 Justi\u00e7a Eleitoral, trazendo tamb\u00e9m para o presente, a import\u00e2ncia da participa\u00e7\u00e3o da popula\u00e7\u00e3o na escolha dos seus representantes\u201d, disse.<\/p>\n\n\n\n<p><br>O desembargador Sebasti\u00e3o Martins agradeceu \u00e0 Alepi pela parceria e ressaltou que o acordo possibilita ampliar a divulga\u00e7\u00e3o das a\u00e7\u00f5es do Tribunal e valorizar a hist\u00f3ria do TRE-PI, instalado em 1932. \u201cEstamos divulgando as a\u00e7\u00f5es da Justi\u00e7a, a\u00e7\u00f5es de cidadania, sobretudo, convocando os jovens eleitores para fazer o alistamento, a biometria\u201d, frisou o presidente do TRE-PI.<\/p>\n\n\n\n<p>O projeto \u201cJusti\u00e7a Eleitoral Mem\u00f3ria Viva\u201d contempla a produ\u00e7\u00e3o de entrevistas que ser\u00e3o exibidas pela TV e R\u00e1dio Assembleia, reunindo relatos de desembargadores, ju\u00edzes, advogados e servidores sobre epis\u00f3dios marcantes do processo eleitoral piauiense. A s\u00e9rie abordar\u00e1 temas como avan\u00e7os tecnol\u00f3gicos e a participa\u00e7\u00e3o feminina.<\/p>\n\n\n\n<p>A diretora da TV Assembleia refor\u00e7ou que a s\u00e9rie levar\u00e1 ao conhecimento p\u00fablico aspectos hist\u00f3ricos preservados no memorial do TRE-PI. A estreia na emissora est\u00e1 prevista para 1\u00ba de dezembro, \u00e0s 20h30. Na R\u00e1dio Assembleia, os epis\u00f3dios come\u00e7am a ir ao ar no dia 5 de dezembro.<\/p>\n\n\n\n<p><strong>Programa\u00e7\u00e3o<\/strong><br>Epis\u00f3dio 1 \u2013 Contextualiza\u00e7\u00e3o hist\u00f3rica da Justi\u00e7a Eleitoral no Piau\u00ed<br>Dra. Silvani Maia Resende Santana \u2013 Diretora-Geral do TRE-PI<br>Epis\u00f3dio 2 \u2013 Import\u00e2ncia da Justi\u00e7a Eleitoral e sua trajet\u00f3ria<br>Des. Sebasti\u00e3o Ribeiro Martins \u2013 Presidente do TRE-PI<br>Epis\u00f3dio 3 \u2013 Desafios das elei\u00e7\u00f5es na perspectiva de um juiz eleitoral<br>Des. Ricardo Gentil Eul\u00e1lio Dantas \u2013 Vice-presidente e Corregedor do TRE-PI<br>Epis\u00f3dio 4 \u2013 Papel dos advogados na Justi\u00e7a Eleitoral<br>Dr. Thiago Mendes de Almeida F\u00e9rrer \u2013 Advogado e ex-membro da Corte do TRE-PI<br>Epis\u00f3dio 5 \u2013 Evolu\u00e7\u00e3o dos processos eleitorais e da Justi\u00e7a Eleitoral<br>Dra. Cec\u00edlia de Oliveira Baptista \u2013 Servidora aposentada do TRE-PI<\/p>\n\n\n\n<p>Fonte: Alepi<\/p>\n","protected":false},"excerpt":{"rendered":"<p>A Assembleia Legislativa do Piau\u00ed (Alepi) lan\u00e7ou, nesta ter\u00e7a-feira (18), o projeto \u201cJusti\u00e7a Eleitoral Mem\u00f3ria Viva\u201d, iniciativa que tem como objetivo registrar, preservar e divulgar a trajet\u00f3ria da Justi\u00e7a Eleitoral no estado. O trabalho \u00e9 fruto de um acordo de coopera\u00e7\u00e3o t\u00e9cnica firmado com o Tribunal Regional Eleitoral do Piau\u00ed (TRE-PI). Na manh\u00e3 de hoje, [&hellip;]<\/p>\n","protected":false},"author":2,"featured_media":280863,"comment_status":"open","ping_status":"open","sticky":false,"template":"","format":"standard","meta":{"_mi_skip_tracking":false,"footnotes":""},"categories":[1,16],"tags":[],"class_list":["post-280862","post","type-post","status-publish","format-standard","has-post-thumbnail","hentry","category-geral","category-todas"],"acf":[],"yoast_head":"<!-- This site is optimized with the Yoast SEO Premium plugin v19.2 (Yoast SEO v26.9) - https:\/\/yoast.com\/product\/yoast-seo-premium-wordpress\/ -->\n<title>Alepi lan\u00e7a \u201cJusti\u00e7a Eleitoral Mem\u00f3ria Viva\u201d em parceria com o TRE-PI - Portal Not\u00edcia em Pauta<\/title>\n<meta name=\"robots\" content=\"index, follow, max-snippet:-1, max-image-preview:large, max-video-preview:-1\" \/>\n<link rel=\"canonical\" href=\"https:\/\/noticiaempauta.com\/portal\/alepi-lanca-justica-eleitoral-memoria-viva-em-parceria-com-o-tre-pi\/\" \/>\n<meta property=\"og:locale\" content=\"pt_BR\" \/>\n<meta property=\"og:type\" content=\"article\" \/>\n<meta property=\"og:title\" content=\"Alepi lan\u00e7a \u201cJusti\u00e7a Eleitoral Mem\u00f3ria Viva\u201d em parceria com o TRE-PI\" \/>\n<meta property=\"og:description\" content=\"A Assembleia Legislativa do Piau\u00ed (Alepi) lan\u00e7ou, nesta ter\u00e7a-feira (18), o projeto \u201cJusti\u00e7a Eleitoral Mem\u00f3ria Viva\u201d, iniciativa que tem como objetivo registrar, preservar e divulgar a trajet\u00f3ria da Justi\u00e7a Eleitoral no estado. O trabalho \u00e9 fruto de um acordo de coopera\u00e7\u00e3o t\u00e9cnica firmado com o Tribunal Regional Eleitoral do Piau\u00ed (TRE-PI). Na manh\u00e3 de hoje, [&hellip;]\" \/>\n<meta property=\"og:url\" content=\"https:\/\/noticiaempauta.com\/portal\/alepi-lanca-justica-eleitoral-memoria-viva-em-parceria-com-o-tre-pi\/\" \/>\n<meta property=\"og:site_name\" content=\"Portal Not\u00edcia em Pauta\" \/>\n<meta property=\"article:publisher\" content=\"https:\/\/www.facebook.com\/Portal-Notcia-Em-Pauta-102292869264820\/\" \/>\n<meta property=\"article:published_time\" content=\"2025-11-18T19:18:37+00:00\" \/>\n<meta property=\"article:modified_time\" content=\"2025-11-18T19:18:38+00:00\" \/>\n<meta property=\"og:image\" content=\"https:\/\/noticiaempauta.com\/portal\/wp-content\/uploads\/2025\/11\/image_assessoria-16.jpeg\" \/>\n\t<meta property=\"og:image:width\" content=\"600\" \/>\n\t<meta property=\"og:image:height\" content=\"401\" \/>\n\t<meta property=\"og:image:type\" content=\"image\/jpeg\" \/>\n<meta name=\"author\" content=\"Reda\u00e7\u00e3o\" \/>\n<meta name=\"twitter:card\" content=\"summary_large_image\" \/>\n<meta name=\"twitter:label1\" content=\"Escrito por\" \/>\n\t<meta name=\"twitter:data1\" content=\"Reda\u00e7\u00e3o\" \/>\n\t<meta name=\"twitter:label2\" content=\"Est. tempo de leitura\" \/>\n\t<meta name=\"twitter:data2\" content=\"3 minutos\" \/>\n<script type=\"application\/ld+json\" class=\"yoast-schema-graph\">{\"@context\":\"https:\/\/schema.org\",\"@graph\":[{\"@type\":\"Article\",\"@id\":\"https:\/\/noticiaempauta.com\/portal\/alepi-lanca-justica-eleitoral-memoria-viva-em-parceria-com-o-tre-pi\/#article\",\"isPartOf\":{\"@id\":\"https:\/\/noticiaempauta.com\/portal\/alepi-lanca-justica-eleitoral-memoria-viva-em-parceria-com-o-tre-pi\/\"},\"author\":{\"name\":\"Reda\u00e7\u00e3o\",\"@id\":\"https:\/\/noticiaempauta.com\/portal\/#\/schema\/person\/a74af43dd1ab3deca45f988c717d57ac\"},\"headline\":\"Alepi lan\u00e7a \u201cJusti\u00e7a Eleitoral Mem\u00f3ria Viva\u201d em parceria com o TRE-PI\",\"datePublished\":\"2025-11-18T19:18:37+00:00\",\"dateModified\":\"2025-11-18T19:18:38+00:00\",\"mainEntityOfPage\":{\"@id\":\"https:\/\/noticiaempauta.com\/portal\/alepi-lanca-justica-eleitoral-memoria-viva-em-parceria-com-o-tre-pi\/\"},\"wordCount\":467,\"commentCount\":0,\"publisher\":{\"@id\":\"https:\/\/noticiaempauta.com\/portal\/#organization\"},\"image\":{\"@id\":\"https:\/\/noticiaempauta.com\/portal\/alepi-lanca-justica-eleitoral-memoria-viva-em-parceria-com-o-tre-pi\/#primaryimage\"},\"thumbnailUrl\":\"https:\/\/noticiaempauta.com\/portal\/wp-content\/uploads\/2025\/11\/image_assessoria-16.jpeg\",\"articleSection\":[\"Geral\",\"Todas as Not\u00edcias\"],\"inLanguage\":\"pt-BR\",\"potentialAction\":[{\"@type\":\"CommentAction\",\"name\":\"Comment\",\"target\":[\"https:\/\/noticiaempauta.com\/portal\/alepi-lanca-justica-eleitoral-memoria-viva-em-parceria-com-o-tre-pi\/#respond\"]}]},{\"@type\":\"WebPage\",\"@id\":\"https:\/\/noticiaempauta.com\/portal\/alepi-lanca-justica-eleitoral-memoria-viva-em-parceria-com-o-tre-pi\/\",\"url\":\"https:\/\/noticiaempauta.com\/portal\/alepi-lanca-justica-eleitoral-memoria-viva-em-parceria-com-o-tre-pi\/\",\"name\":\"Alepi lan\u00e7a \u201cJusti\u00e7a Eleitoral Mem\u00f3ria Viva\u201d em parceria com o TRE-PI - Portal Not\u00edcia em Pauta\",\"isPartOf\":{\"@id\":\"https:\/\/noticiaempauta.com\/portal\/#website\"},\"primaryImageOfPage\":{\"@id\":\"https:\/\/noticiaempauta.com\/portal\/alepi-lanca-justica-eleitoral-memoria-viva-em-parceria-com-o-tre-pi\/#primaryimage\"},\"image\":{\"@id\":\"https:\/\/noticiaempauta.com\/portal\/alepi-lanca-justica-eleitoral-memoria-viva-em-parceria-com-o-tre-pi\/#primaryimage\"},\"thumbnailUrl\":\"https:\/\/noticiaempauta.com\/portal\/wp-content\/uploads\/2025\/11\/image_assessoria-16.jpeg\",\"datePublished\":\"2025-11-18T19:18:37+00:00\",\"dateModified\":\"2025-11-18T19:18:38+00:00\",\"breadcrumb\":{\"@id\":\"https:\/\/noticiaempauta.com\/portal\/alepi-lanca-justica-eleitoral-memoria-viva-em-parceria-com-o-tre-pi\/#breadcrumb\"},\"inLanguage\":\"pt-BR\",\"potentialAction\":[{\"@type\":\"ReadAction\",\"target\":[\"https:\/\/noticiaempauta.com\/portal\/alepi-lanca-justica-eleitoral-memoria-viva-em-parceria-com-o-tre-pi\/\"]}]},{\"@type\":\"ImageObject\",\"inLanguage\":\"pt-BR\",\"@id\":\"https:\/\/noticiaempauta.com\/portal\/alepi-lanca-justica-eleitoral-memoria-viva-em-parceria-com-o-tre-pi\/#primaryimage\",\"url\":\"https:\/\/noticiaempauta.com\/portal\/wp-content\/uploads\/2025\/11\/image_assessoria-16.jpeg\",\"contentUrl\":\"https:\/\/noticiaempauta.com\/portal\/wp-content\/uploads\/2025\/11\/image_assessoria-16.jpeg\",\"width\":600,\"height\":401},{\"@type\":\"BreadcrumbList\",\"@id\":\"https:\/\/noticiaempauta.com\/portal\/alepi-lanca-justica-eleitoral-memoria-viva-em-parceria-com-o-tre-pi\/#breadcrumb\",\"itemListElement\":[{\"@type\":\"ListItem\",\"position\":1,\"name\":\"P\u00e1gina Inicial\",\"item\":\"https:\/\/noticiaempauta.com\/portal\/\"},{\"@type\":\"ListItem\",\"position\":2,\"name\":\"Geral\",\"item\":\"https:\/\/noticiaempauta.com\/portal\/geral\/\"},{\"@type\":\"ListItem\",\"position\":3,\"name\":\"Alepi lan\u00e7a \u201cJusti\u00e7a Eleitoral Mem\u00f3ria Viva\u201d em parceria com o TRE-PI\"}]},{\"@type\":\"WebSite\",\"@id\":\"https:\/\/noticiaempauta.com\/portal\/#website\",\"url\":\"https:\/\/noticiaempauta.com\/portal\/\",\"name\":\"Portal Not\u00edcia em Pauta\",\"description\":\"Voc\u00ea bem informado\",\"publisher\":{\"@id\":\"https:\/\/noticiaempauta.com\/portal\/#organization\"},\"potentialAction\":[{\"@type\":\"SearchAction\",\"target\":{\"@type\":\"EntryPoint\",\"urlTemplate\":\"https:\/\/noticiaempauta.com\/portal\/?s={search_term_string}\"},\"query-input\":{\"@type\":\"PropertyValueSpecification\",\"valueRequired\":true,\"valueName\":\"search_term_string\"}}],\"inLanguage\":\"pt-BR\"},{\"@type\":\"Organization\",\"@id\":\"https:\/\/noticiaempauta.com\/portal\/#organization\",\"name\":\"Portal Not\u00edcia em Pauta\",\"url\":\"https:\/\/noticiaempauta.com\/portal\/\",\"logo\":{\"@type\":\"ImageObject\",\"inLanguage\":\"pt-BR\",\"@id\":\"https:\/\/noticiaempauta.com\/portal\/#\/schema\/logo\/image\/\",\"url\":\"https:\/\/noticiaempauta.com\/portal\/wp-content\/uploads\/2022\/08\/logomarca_tema.fw_.png\",\"contentUrl\":\"https:\/\/noticiaempauta.com\/portal\/wp-content\/uploads\/2022\/08\/logomarca_tema.fw_.png\",\"width\":400,\"height\":232,\"caption\":\"Portal Not\u00edcia em Pauta\"},\"image\":{\"@id\":\"https:\/\/noticiaempauta.com\/portal\/#\/schema\/logo\/image\/\"},\"sameAs\":[\"https:\/\/www.facebook.com\/Portal-Notcia-Em-Pauta-102292869264820\/\",\"https:\/\/www.instagram.com\/portalnoticiaempauta\/\"]},{\"@type\":\"Person\",\"@id\":\"https:\/\/noticiaempauta.com\/portal\/#\/schema\/person\/a74af43dd1ab3deca45f988c717d57ac\",\"name\":\"Reda\u00e7\u00e3o\",\"image\":{\"@type\":\"ImageObject\",\"inLanguage\":\"pt-BR\",\"@id\":\"https:\/\/noticiaempauta.com\/portal\/#\/schema\/person\/image\/\",\"url\":\"https:\/\/secure.gravatar.com\/avatar\/03179346ecce6cdfc13361603e8f54242a90e5cde8618fa23c5c00aa2b0aadf3?s=96&d=mm&r=g\",\"contentUrl\":\"https:\/\/secure.gravatar.com\/avatar\/03179346ecce6cdfc13361603e8f54242a90e5cde8618fa23c5c00aa2b0aadf3?s=96&d=mm&r=g\",\"caption\":\"Reda\u00e7\u00e3o\"},\"sameAs\":[\"https:\/\/noticiaempauta.com\/portal\/\"],\"url\":\"https:\/\/noticiaempauta.com\/portal\/author\/fernando\/\"}]}<\/script>\n<!-- \/ Yoast SEO Premium plugin. -->","yoast_head_json":{"title":"Alepi lan\u00e7a \u201cJusti\u00e7a Eleitoral Mem\u00f3ria Viva\u201d em parceria com o TRE-PI - Portal Not\u00edcia em Pauta","robots":{"index":"index","follow":"follow","max-snippet":"max-snippet:-1","max-image-preview":"max-image-preview:large","max-video-preview":"max-video-preview:-1"},"canonical":"https:\/\/noticiaempauta.com\/portal\/alepi-lanca-justica-eleitoral-memoria-viva-em-parceria-com-o-tre-pi\/","og_locale":"pt_BR","og_type":"article","og_title":"Alepi lan\u00e7a \u201cJusti\u00e7a Eleitoral Mem\u00f3ria Viva\u201d em parceria com o TRE-PI","og_description":"A Assembleia Legislativa do Piau\u00ed (Alepi) lan\u00e7ou, nesta ter\u00e7a-feira (18), o projeto \u201cJusti\u00e7a Eleitoral Mem\u00f3ria Viva\u201d, iniciativa que tem como objetivo registrar, preservar e divulgar a trajet\u00f3ria da Justi\u00e7a Eleitoral no estado. O trabalho \u00e9 fruto de um acordo de coopera\u00e7\u00e3o t\u00e9cnica firmado com o Tribunal Regional Eleitoral do Piau\u00ed (TRE-PI). Na manh\u00e3 de hoje, [&hellip;]","og_url":"https:\/\/noticiaempauta.com\/portal\/alepi-lanca-justica-eleitoral-memoria-viva-em-parceria-com-o-tre-pi\/","og_site_name":"Portal Not\u00edcia em Pauta","article_publisher":"https:\/\/www.facebook.com\/Portal-Notcia-Em-Pauta-102292869264820\/","article_published_time":"2025-11-18T19:18:37+00:00","article_modified_time":"2025-11-18T19:18:38+00:00","og_image":[{"width":600,"height":401,"url":"https:\/\/noticiaempauta.com\/portal\/wp-content\/uploads\/2025\/11\/image_assessoria-16.jpeg","type":"image\/jpeg"}],"author":"Reda\u00e7\u00e3o","twitter_card":"summary_large_image","twitter_misc":{"Escrito por":"Reda\u00e7\u00e3o","Est. tempo de leitura":"3 minutos"},"schema":{"@context":"https:\/\/schema.org","@graph":[{"@type":"Article","@id":"https:\/\/noticiaempauta.com\/portal\/alepi-lanca-justica-eleitoral-memoria-viva-em-parceria-com-o-tre-pi\/#article","isPartOf":{"@id":"https:\/\/noticiaempauta.com\/portal\/alepi-lanca-justica-eleitoral-memoria-viva-em-parceria-com-o-tre-pi\/"},"author":{"name":"Reda\u00e7\u00e3o","@id":"https:\/\/noticiaempauta.com\/portal\/#\/schema\/person\/a74af43dd1ab3deca45f988c717d57ac"},"headline":"Alepi lan\u00e7a \u201cJusti\u00e7a Eleitoral Mem\u00f3ria Viva\u201d em parceria com o TRE-PI","datePublished":"2025-11-18T19:18:37+00:00","dateModified":"2025-11-18T19:18:38+00:00","mainEntityOfPage":{"@id":"https:\/\/noticiaempauta.com\/portal\/alepi-lanca-justica-eleitoral-memoria-viva-em-parceria-com-o-tre-pi\/"},"wordCount":467,"commentCount":0,"publisher":{"@id":"https:\/\/noticiaempauta.com\/portal\/#organization"},"image":{"@id":"https:\/\/noticiaempauta.com\/portal\/alepi-lanca-justica-eleitoral-memoria-viva-em-parceria-com-o-tre-pi\/#primaryimage"},"thumbnailUrl":"https:\/\/noticiaempauta.com\/portal\/wp-content\/uploads\/2025\/11\/image_assessoria-16.jpeg","articleSection":["Geral","Todas as Not\u00edcias"],"inLanguage":"pt-BR","potentialAction":[{"@type":"CommentAction","name":"Comment","target":["https:\/\/noticiaempauta.com\/portal\/alepi-lanca-justica-eleitoral-memoria-viva-em-parceria-com-o-tre-pi\/#respond"]}]},{"@type":"WebPage","@id":"https:\/\/noticiaempauta.com\/portal\/alepi-lanca-justica-eleitoral-memoria-viva-em-parceria-com-o-tre-pi\/","url":"https:\/\/noticiaempauta.com\/portal\/alepi-lanca-justica-eleitoral-memoria-viva-em-parceria-com-o-tre-pi\/","name":"Alepi lan\u00e7a \u201cJusti\u00e7a Eleitoral Mem\u00f3ria Viva\u201d em parceria com o TRE-PI - Portal Not\u00edcia em Pauta","isPartOf":{"@id":"https:\/\/noticiaempauta.com\/portal\/#website"},"primaryImageOfPage":{"@id":"https:\/\/noticiaempauta.com\/portal\/alepi-lanca-justica-eleitoral-memoria-viva-em-parceria-com-o-tre-pi\/#primaryimage"},"image":{"@id":"https:\/\/noticiaempauta.com\/portal\/alepi-lanca-justica-eleitoral-memoria-viva-em-parceria-com-o-tre-pi\/#primaryimage"},"thumbnailUrl":"https:\/\/noticiaempauta.com\/portal\/wp-content\/uploads\/2025\/11\/image_assessoria-16.jpeg","datePublished":"2025-11-18T19:18:37+00:00","dateModified":"2025-11-18T19:18:38+00:00","breadcrumb":{"@id":"https:\/\/noticiaempauta.com\/portal\/alepi-lanca-justica-eleitoral-memoria-viva-em-parceria-com-o-tre-pi\/#breadcrumb"},"inLanguage":"pt-BR","potentialAction":[{"@type":"ReadAction","target":["https:\/\/noticiaempauta.com\/portal\/alepi-lanca-justica-eleitoral-memoria-viva-em-parceria-com-o-tre-pi\/"]}]},{"@type":"ImageObject","inLanguage":"pt-BR","@id":"https:\/\/noticiaempauta.com\/portal\/alepi-lanca-justica-eleitoral-memoria-viva-em-parceria-com-o-tre-pi\/#primaryimage","url":"https:\/\/noticiaempauta.com\/portal\/wp-content\/uploads\/2025\/11\/image_assessoria-16.jpeg","contentUrl":"https:\/\/noticiaempauta.com\/portal\/wp-content\/uploads\/2025\/11\/image_assessoria-16.jpeg","width":600,"height":401},{"@type":"BreadcrumbList","@id":"https:\/\/noticiaempauta.com\/portal\/alepi-lanca-justica-eleitoral-memoria-viva-em-parceria-com-o-tre-pi\/#breadcrumb","itemListElement":[{"@type":"ListItem","position":1,"name":"P\u00e1gina Inicial","item":"https:\/\/noticiaempauta.com\/portal\/"},{"@type":"ListItem","position":2,"name":"Geral","item":"https:\/\/noticiaempauta.com\/portal\/geral\/"},{"@type":"ListItem","position":3,"name":"Alepi lan\u00e7a \u201cJusti\u00e7a Eleitoral Mem\u00f3ria Viva\u201d em parceria com o TRE-PI"}]},{"@type":"WebSite","@id":"https:\/\/noticiaempauta.com\/portal\/#website","url":"https:\/\/noticiaempauta.com\/portal\/","name":"Portal Not\u00edcia em Pauta","description":"Voc\u00ea bem informado","publisher":{"@id":"https:\/\/noticiaempauta.com\/portal\/#organization"},"potentialAction":[{"@type":"SearchAction","target":{"@type":"EntryPoint","urlTemplate":"https:\/\/noticiaempauta.com\/portal\/?s={search_term_string}"},"query-input":{"@type":"PropertyValueSpecification","valueRequired":true,"valueName":"search_term_string"}}],"inLanguage":"pt-BR"},{"@type":"Organization","@id":"https:\/\/noticiaempauta.com\/portal\/#organization","name":"Portal Not\u00edcia em Pauta","url":"https:\/\/noticiaempauta.com\/portal\/","logo":{"@type":"ImageObject","inLanguage":"pt-BR","@id":"https:\/\/noticiaempauta.com\/portal\/#\/schema\/logo\/image\/","url":"https:\/\/noticiaempauta.com\/portal\/wp-content\/uploads\/2022\/08\/logomarca_tema.fw_.png","contentUrl":"https:\/\/noticiaempauta.com\/portal\/wp-content\/uploads\/2022\/08\/logomarca_tema.fw_.png","width":400,"height":232,"caption":"Portal Not\u00edcia em Pauta"},"image":{"@id":"https:\/\/noticiaempauta.com\/portal\/#\/schema\/logo\/image\/"},"sameAs":["https:\/\/www.facebook.com\/Portal-Notcia-Em-Pauta-102292869264820\/","https:\/\/www.instagram.com\/portalnoticiaempauta\/"]},{"@type":"Person","@id":"https:\/\/noticiaempauta.com\/portal\/#\/schema\/person\/a74af43dd1ab3deca45f988c717d57ac","name":"Reda\u00e7\u00e3o","image":{"@type":"ImageObject","inLanguage":"pt-BR","@id":"https:\/\/noticiaempauta.com\/portal\/#\/schema\/person\/image\/","url":"https:\/\/secure.gravatar.com\/avatar\/03179346ecce6cdfc13361603e8f54242a90e5cde8618fa23c5c00aa2b0aadf3?s=96&d=mm&r=g","contentUrl":"https:\/\/secure.gravatar.com\/avatar\/03179346ecce6cdfc13361603e8f54242a90e5cde8618fa23c5c00aa2b0aadf3?s=96&d=mm&r=g","caption":"Reda\u00e7\u00e3o"},"sameAs":["https:\/\/noticiaempauta.com\/portal\/"],"url":"https:\/\/noticiaempauta.com\/portal\/author\/fernando\/"}]}},"_links":{"self":[{"href":"https:\/\/noticiaempauta.com\/portal\/wp-json\/wp\/v2\/posts\/280862","targetHints":{"allow":["GET"]}}],"collection":[{"href":"https:\/\/noticiaempauta.com\/portal\/wp-json\/wp\/v2\/posts"}],"about":[{"href":"https:\/\/noticiaempauta.com\/portal\/wp-json\/wp\/v2\/types\/post"}],"author":[{"embeddable":true,"href":"https:\/\/noticiaempauta.com\/portal\/wp-json\/wp\/v2\/users\/2"}],"replies":[{"embeddable":true,"href":"https:\/\/noticiaempauta.com\/portal\/wp-json\/wp\/v2\/comments?post=280862"}],"version-history":[{"count":1,"href":"https:\/\/noticiaempauta.com\/portal\/wp-json\/wp\/v2\/posts\/280862\/revisions"}],"predecessor-version":[{"id":280864,"href":"https:\/\/noticiaempauta.com\/portal\/wp-json\/wp\/v2\/posts\/280862\/revisions\/280864"}],"wp:featuredmedia":[{"embeddable":true,"href":"https:\/\/noticiaempauta.com\/portal\/wp-json\/wp\/v2\/media\/280863"}],"wp:attachment":[{"href":"https:\/\/noticiaempauta.com\/portal\/wp-json\/wp\/v2\/media?parent=280862"}],"wp:term":[{"taxonomy":"category","embeddable":true,"href":"https:\/\/noticiaempauta.com\/portal\/wp-json\/wp\/v2\/categories?post=280862"},{"taxonomy":"post_tag","embeddable":true,"href":"https:\/\/noticiaempauta.com\/portal\/wp-json\/wp\/v2\/tags?post=280862"}],"curies":[{"name":"wp","href":"https:\/\/api.w.org\/{rel}","templated":true}]}}