{"id":280866,"date":"2025-11-19T09:17:56","date_gmt":"2025-11-19T12:17:56","guid":{"rendered":"https:\/\/noticiaempauta.com\/portal\/?p=280866"},"modified":"2025-11-19T09:19:25","modified_gmt":"2025-11-19T12:19:25","slug":"prefeitura-apresenta-primeiros-resultados-do-projeto-de-desenvolvimento-ambiental-sustentavel-em-aroeiras-do-itaim","status":"publish","type":"post","link":"https:\/\/noticiaempauta.com\/portal\/prefeitura-apresenta-primeiros-resultados-do-projeto-de-desenvolvimento-ambiental-sustentavel-em-aroeiras-do-itaim\/","title":{"rendered":"Prefeitura apresenta resultados do projeto  Desenvolvimento Ambiental Sustent\u00e1vel em Aroeiras do Itaim"},"content":{"rendered":"\n<p>A Prefeitura de Aroeiras do Itaim realizou durante toda a manh\u00e3 desta ter\u00e7a-feira, (18), um evento\u00a0com o tema\u00a0<strong>\u201cDesenvolvimento Ambiental Sustent\u00e1vel: Educa\u00e7\u00e3o em Sa\u00fade Ambiental\u201d<\/strong>, reunindo autoridades, profissionais, estudantes e moradores do munic\u00edpio.<\/p>\n\n\n\n<figure class=\"wp-block-image size-large\"><img fetchpriority=\"high\" decoding=\"async\" width=\"1024\" height=\"768\" src=\"https:\/\/noticiaempauta.com\/portal\/wp-content\/uploads\/2025\/11\/1000978092-1536x1152-1-1024x768.webp\" alt=\"\" class=\"wp-image-280867\" srcset=\"https:\/\/noticiaempauta.com\/portal\/wp-content\/uploads\/2025\/11\/1000978092-1536x1152-1-1024x768.webp 1024w, https:\/\/noticiaempauta.com\/portal\/wp-content\/uploads\/2025\/11\/1000978092-1536x1152-1-300x225.webp 300w, https:\/\/noticiaempauta.com\/portal\/wp-content\/uploads\/2025\/11\/1000978092-1536x1152-1-768x576.webp 768w, https:\/\/noticiaempauta.com\/portal\/wp-content\/uploads\/2025\/11\/1000978092-1536x1152-1.webp 1536w\" sizes=\"(max-width: 1024px) 100vw, 1024px\" \/><figcaption class=\"wp-element-caption\">(Fotos: AgoraED)<\/figcaption><\/figure>\n\n\n\n<p>O evento marcou o encerramento do projeto de\u00a0Desenvolvimento Ambiental Sustent\u00e1vel\u00a0atrav\u00e9s da\u00a0parceria da\u00a0Secretaria Municipal de Meio Ambiente com\u00a0a Funda\u00e7\u00e3o Nacional de Sa\u00fade (Funasa).<\/p>\n\n\n\n<figure class=\"wp-block-image size-large\"><img decoding=\"async\" width=\"1024\" height=\"768\" src=\"https:\/\/noticiaempauta.com\/portal\/wp-content\/uploads\/2025\/11\/1000978076-1536x1152-1-1024x768.webp\" alt=\"\" class=\"wp-image-280868\" srcset=\"https:\/\/noticiaempauta.com\/portal\/wp-content\/uploads\/2025\/11\/1000978076-1536x1152-1-1024x768.webp 1024w, https:\/\/noticiaempauta.com\/portal\/wp-content\/uploads\/2025\/11\/1000978076-1536x1152-1-300x225.webp 300w, https:\/\/noticiaempauta.com\/portal\/wp-content\/uploads\/2025\/11\/1000978076-1536x1152-1-768x576.webp 768w, https:\/\/noticiaempauta.com\/portal\/wp-content\/uploads\/2025\/11\/1000978076-1536x1152-1.webp 1536w\" sizes=\"(max-width: 1024px) 100vw, 1024px\" \/><\/figure>\n\n\n\n<p>O encontro marcou o encerramento do projeto \u201cDesenvolvimento Ambiental Sustent\u00e1vel\u201d, desenvolvido em parceria com a Funasa, e promoveu di\u00e1logo e conscientiza\u00e7\u00e3o sobre preserva\u00e7\u00e3o ambiental, manejo de res\u00edduos, cuidado com a \u00e1gua e a\u00e7\u00f5es simples que contribuem para uma cidade mais saud\u00e1vel e sustent\u00e1vel.<\/p>\n\n\n\n<figure class=\"wp-block-image size-large\"><img decoding=\"async\" width=\"1024\" height=\"768\" src=\"https:\/\/noticiaempauta.com\/portal\/wp-content\/uploads\/2025\/11\/1000978006-1536x1152-1-1024x768.webp\" alt=\"\" class=\"wp-image-280869\" srcset=\"https:\/\/noticiaempauta.com\/portal\/wp-content\/uploads\/2025\/11\/1000978006-1536x1152-1-1024x768.webp 1024w, https:\/\/noticiaempauta.com\/portal\/wp-content\/uploads\/2025\/11\/1000978006-1536x1152-1-300x225.webp 300w, https:\/\/noticiaempauta.com\/portal\/wp-content\/uploads\/2025\/11\/1000978006-1536x1152-1-768x576.webp 768w, https:\/\/noticiaempauta.com\/portal\/wp-content\/uploads\/2025\/11\/1000978006-1536x1152-1.webp 1536w\" sizes=\"(max-width: 1024px) 100vw, 1024px\" \/><\/figure>\n\n\n\n<p>Estiveram presentes o prefeito Marciano Macedo, o vice-prefeito Z\u00eanio Neves e a secret\u00e1ria de Meio Ambiente Vanete Macedo. Tamb\u00e9m participaram os secret\u00e1rios Zoneide Macedo (Sa\u00fade), Vanusa Moura (Assist\u00eancia Social), Marli Mac\u00eado (Administra\u00e7\u00e3o), Jos\u00e9 Louren\u00e7o (Agricultura), Francisca Lisboa (Mulher), Gildivan Luz (Limpeza P\u00fablica), Oliveira (Esportes) e Gerson Moura (Obras), al\u00e9m do engenheiro ambiental Alciano Rocha, do procurador-geral Elianderson Moura e dos vereadores Z\u00eanio Filho, Chagas Moura e Manim de Silvia.<\/p>\n\n\n\n<figure class=\"wp-block-image size-large\"><img loading=\"lazy\" decoding=\"async\" width=\"1024\" height=\"768\" src=\"https:\/\/noticiaempauta.com\/portal\/wp-content\/uploads\/2025\/11\/1000978046-1536x1152-1-1024x768.webp\" alt=\"\" class=\"wp-image-280870\" srcset=\"https:\/\/noticiaempauta.com\/portal\/wp-content\/uploads\/2025\/11\/1000978046-1536x1152-1-1024x768.webp 1024w, https:\/\/noticiaempauta.com\/portal\/wp-content\/uploads\/2025\/11\/1000978046-1536x1152-1-300x225.webp 300w, https:\/\/noticiaempauta.com\/portal\/wp-content\/uploads\/2025\/11\/1000978046-1536x1152-1-768x576.webp 768w, https:\/\/noticiaempauta.com\/portal\/wp-content\/uploads\/2025\/11\/1000978046-1536x1152-1.webp 1536w\" sizes=\"(max-width: 1024px) 100vw, 1024px\" \/><\/figure>\n\n\n\n<p>Durante o evento, as autoridades enfatizaram a import\u00e2ncia da educa\u00e7\u00e3o ambiental como constru\u00e7\u00e3o coletiva, refor\u00e7ando que o projeto fortalece essa conscientiza\u00e7\u00e3o e deixa resultados que precisam ter continuidade no munic\u00edpio.<\/p>\n\n\n\n<p>O prefeito Marciano Macedo destacou o compromisso da gest\u00e3o com pol\u00edticas ambientais e refor\u00e7ou que a sustentabilidade deve caminhar junto ao desenvolvimento da cidade.<\/p>\n\n\n\n<figure class=\"wp-block-image size-large\"><img loading=\"lazy\" decoding=\"async\" width=\"768\" height=\"1024\" src=\"https:\/\/noticiaempauta.com\/portal\/wp-content\/uploads\/2025\/11\/1000978084-1152x1536-1-768x1024.webp\" alt=\"\" class=\"wp-image-280871\" srcset=\"https:\/\/noticiaempauta.com\/portal\/wp-content\/uploads\/2025\/11\/1000978084-1152x1536-1-768x1024.webp 768w, https:\/\/noticiaempauta.com\/portal\/wp-content\/uploads\/2025\/11\/1000978084-1152x1536-1-225x300.webp 225w, https:\/\/noticiaempauta.com\/portal\/wp-content\/uploads\/2025\/11\/1000978084-1152x1536-1.webp 1152w\" sizes=\"(max-width: 768px) 100vw, 768px\" \/><\/figure>\n\n\n\n<p>\u201cEste projeto \u00e9 de extrema import\u00e2ncia porque fortalece a educa\u00e7\u00e3o ambiental e a sa\u00fade p\u00fablica, duas \u00e1reas fundamentais para garantir qualidade de vida \u00e0 popula\u00e7\u00e3o. N\u00e3o queremos a\u00e7\u00f5es pontuais, mas iniciativas permanentes. Vamos ampliar atividades educativas, fortalecer parcerias, investir em arboriza\u00e7\u00e3o e melhorar a infraestrutura ambiental. Tamb\u00e9m vamos criar novas campanhas de conscientiza\u00e7\u00e3o para que a popula\u00e7\u00e3o participe ativamente. Aroeiras do Itaim vai continuar crescendo de forma respons\u00e1vel, com pol\u00edticas que respeitam o meio ambiente e priorizam a vida da nossa gente. Esse \u00e9 um compromisso que assumimos e seguiremos firmes\u201d.<\/p>\n\n\n\n<p>A secret\u00e1ria Vanete Macedo expressou sua gratid\u00e3o a toda as pessoas que contribuiram com o projeto ambiental.<\/p>\n\n\n\n<figure class=\"wp-block-image size-large\"><img loading=\"lazy\" decoding=\"async\" width=\"768\" height=\"1024\" src=\"https:\/\/noticiaempauta.com\/portal\/wp-content\/uploads\/2025\/11\/1000977963-1152x1536-1-768x1024.webp\" alt=\"\" class=\"wp-image-280872\" srcset=\"https:\/\/noticiaempauta.com\/portal\/wp-content\/uploads\/2025\/11\/1000977963-1152x1536-1-768x1024.webp 768w, https:\/\/noticiaempauta.com\/portal\/wp-content\/uploads\/2025\/11\/1000977963-1152x1536-1-225x300.webp 225w, https:\/\/noticiaempauta.com\/portal\/wp-content\/uploads\/2025\/11\/1000977963-1152x1536-1.webp 1152w\" sizes=\"(max-width: 768px) 100vw, 768px\" \/><\/figure>\n\n\n\n<p>\u201cQuero agradecer a todos que participaram do projeto e refor\u00e7ar que sustentabilidade se constr\u00f3i em conjunto. Cada atitude conta. Conto com o apoio da comunidade para continuarmos avan\u00e7ando, cuidando da nossa cidade e garantindo um futuro mais saud\u00e1vel e equilibrado para todos. Aroeiras do Itaim est\u00e1 no caminho certo, e vamos seguir trabalhando com responsabilidade e compromisso\u201d.<\/p>\n\n\n\n<p>O vice-prefeito Z\u00eanio Neves ressaltou o envolvimento da comunidade e pontuou que a transforma\u00e7\u00e3o ambiental depende da uni\u00e3o entre gest\u00e3o e popula\u00e7\u00e3o.<\/p>\n\n\n\n<figure class=\"wp-block-image size-large\"><img loading=\"lazy\" decoding=\"async\" width=\"768\" height=\"1024\" src=\"https:\/\/noticiaempauta.com\/portal\/wp-content\/uploads\/2025\/11\/1000978068-1152x1536-1-768x1024.webp\" alt=\"\" class=\"wp-image-280873\" srcset=\"https:\/\/noticiaempauta.com\/portal\/wp-content\/uploads\/2025\/11\/1000978068-1152x1536-1-768x1024.webp 768w, https:\/\/noticiaempauta.com\/portal\/wp-content\/uploads\/2025\/11\/1000978068-1152x1536-1-225x300.webp 225w, https:\/\/noticiaempauta.com\/portal\/wp-content\/uploads\/2025\/11\/1000978068-1152x1536-1.webp 1152w\" sizes=\"(max-width: 768px) 100vw, 768px\" \/><\/figure>\n\n\n\n<p>\u201cFicamos felizes em ver estudantes, profissionais e moradores participando, debatendo, aprendendo e contribuindo com ideias. Quando a comunidade abra\u00e7a um projeto, os resultados s\u00e3o mais duradouros e significativos. O poder p\u00fablico tem responsabilidade em criar condi\u00e7\u00f5es, oferecer estrutura e promover a\u00e7\u00f5es educativas, mas a participa\u00e7\u00e3o do povo torna tudo mais forte. Esse projeto mostra como planejamento e trabalho conjunto podem transformar a vida das pessoas. Aroeiras do Itaim est\u00e1 comprovando que desenvolvimento e sustentabilidade podem andar lado a lado\u201d.<\/p>\n\n\n\n<p>O engenheiro ambiental Alciano Rocha avaliou os resultados e destacou a continuidade do trabalho como fundamental para o avan\u00e7o do munic\u00edpio.<\/p>\n\n\n\n<figure class=\"wp-block-image size-large\"><img loading=\"lazy\" decoding=\"async\" width=\"768\" height=\"1024\" src=\"https:\/\/noticiaempauta.com\/portal\/wp-content\/uploads\/2025\/11\/1000978086-1152x1536-1-768x1024.webp\" alt=\"\" class=\"wp-image-280874\" srcset=\"https:\/\/noticiaempauta.com\/portal\/wp-content\/uploads\/2025\/11\/1000978086-1152x1536-1-768x1024.webp 768w, https:\/\/noticiaempauta.com\/portal\/wp-content\/uploads\/2025\/11\/1000978086-1152x1536-1-225x300.webp 225w, https:\/\/noticiaempauta.com\/portal\/wp-content\/uploads\/2025\/11\/1000978086-1152x1536-1.webp 1152w\" sizes=\"(max-width: 768px) 100vw, 768px\" \/><\/figure>\n\n\n\n<p>\u201cO munic\u00edpio est\u00e1 dando passos importantes e demonstrando compromisso com a sustentabilidade. Quando a gest\u00e3o trabalha com seriedade, planeja, orienta, executa e monitora com responsabilidade, cria condi\u00e7\u00f5es para que a popula\u00e7\u00e3o participe e para que os projetos gerem resultados reais. A educa\u00e7\u00e3o ambiental n\u00e3o se limita a palestras; ela transforma h\u00e1bitos, muda comportamentos e cria uma cultura de preserva\u00e7\u00e3o. Se esse trabalho continuar, com planejamento e participa\u00e7\u00e3o da comunidade, Aroeiras do Itaim pode se tornar refer\u00eancia regional em a\u00e7\u00f5es sustent\u00e1veis e educa\u00e7\u00e3o ambiental\u201d.<\/p>\n\n\n\n<figure class=\"wp-block-image size-large\"><img loading=\"lazy\" decoding=\"async\" width=\"768\" height=\"1024\" src=\"https:\/\/noticiaempauta.com\/portal\/wp-content\/uploads\/2025\/11\/1000977998-1152x1536-1-768x1024.webp\" alt=\"\" class=\"wp-image-280875\" srcset=\"https:\/\/noticiaempauta.com\/portal\/wp-content\/uploads\/2025\/11\/1000977998-1152x1536-1-768x1024.webp 768w, https:\/\/noticiaempauta.com\/portal\/wp-content\/uploads\/2025\/11\/1000977998-1152x1536-1-225x300.webp 225w, https:\/\/noticiaempauta.com\/portal\/wp-content\/uploads\/2025\/11\/1000977998-1152x1536-1.webp 1152w\" sizes=\"(max-width: 768px) 100vw, 768px\" \/><\/figure>\n\n\n\n<p>A palestra foi conduzida pelos t\u00e9cnicos em Gest\u00e3o P\u00fablica William Mendes e Claudene Alves, da Nerar Engenharia, que apresentaram orienta\u00e7\u00f5es pr\u00e1ticas para o cotidiano, como evitar queimadas, separar o lixo, economizar \u00e1gua, descartar res\u00edduos corretamente e manter os espa\u00e7os p\u00fablicos limpos.<\/p>\n\n\n\n<p>A a\u00e7\u00e3o refor\u00e7a o compromisso do munic\u00edpio em ampliar a educa\u00e7\u00e3o ambiental e incentivar pr\u00e1ticas sustent\u00e1veis junto \u00e0 popula\u00e7\u00e3o.<\/p>\n\n\n\n<p>Fonte: CidadesnaNet<\/p>\n","protected":false},"excerpt":{"rendered":"<p>A Prefeitura de Aroeiras do Itaim realizou durante toda a manh\u00e3 desta ter\u00e7a-feira, (18), um evento\u00a0com o tema\u00a0\u201cDesenvolvimento Ambiental Sustent\u00e1vel: Educa\u00e7\u00e3o em Sa\u00fade Ambiental\u201d, reunindo autoridades, profissionais, estudantes e moradores do munic\u00edpio. O evento marcou o encerramento do projeto de\u00a0Desenvolvimento Ambiental Sustent\u00e1vel\u00a0atrav\u00e9s da\u00a0parceria da\u00a0Secretaria Municipal de Meio Ambiente com\u00a0a Funda\u00e7\u00e3o Nacional de Sa\u00fade (Funasa). O [&hellip;]<\/p>\n","protected":false},"author":2,"featured_media":280867,"comment_status":"open","ping_status":"open","sticky":false,"template":"","format":"standard","meta":{"_mi_skip_tracking":false,"footnotes":""},"categories":[25,1,9,16],"tags":[],"class_list":["post-280866","post","type-post","status-publish","format-standard","has-post-thumbnail","hentry","category-destaques-site","category-geral","category-municipios","category-todas"],"acf":[],"yoast_head":"<!-- This site is optimized with the Yoast SEO Premium plugin v19.2 (Yoast SEO v26.9) - https:\/\/yoast.com\/product\/yoast-seo-premium-wordpress\/ -->\n<title>Prefeitura apresenta resultados do projeto Desenvolvimento Ambiental Sustent\u00e1vel em Aroeiras do Itaim - Portal Not\u00edcia em Pauta<\/title>\n<meta name=\"robots\" content=\"index, follow, max-snippet:-1, max-image-preview:large, max-video-preview:-1\" \/>\n<link rel=\"canonical\" href=\"https:\/\/noticiaempauta.com\/portal\/prefeitura-apresenta-primeiros-resultados-do-projeto-de-desenvolvimento-ambiental-sustentavel-em-aroeiras-do-itaim\/\" \/>\n<meta property=\"og:locale\" content=\"pt_BR\" \/>\n<meta property=\"og:type\" content=\"article\" \/>\n<meta property=\"og:title\" content=\"Prefeitura apresenta resultados do projeto Desenvolvimento Ambiental Sustent\u00e1vel em Aroeiras do Itaim\" \/>\n<meta property=\"og:description\" content=\"A Prefeitura de Aroeiras do Itaim realizou durante toda a manh\u00e3 desta ter\u00e7a-feira, (18), um evento\u00a0com o tema\u00a0\u201cDesenvolvimento Ambiental Sustent\u00e1vel: Educa\u00e7\u00e3o em Sa\u00fade Ambiental\u201d, reunindo autoridades, profissionais, estudantes e moradores do munic\u00edpio. O evento marcou o encerramento do projeto de\u00a0Desenvolvimento Ambiental Sustent\u00e1vel\u00a0atrav\u00e9s da\u00a0parceria da\u00a0Secretaria Municipal de Meio Ambiente com\u00a0a Funda\u00e7\u00e3o Nacional de Sa\u00fade (Funasa). O [&hellip;]\" \/>\n<meta property=\"og:url\" content=\"https:\/\/noticiaempauta.com\/portal\/prefeitura-apresenta-primeiros-resultados-do-projeto-de-desenvolvimento-ambiental-sustentavel-em-aroeiras-do-itaim\/\" \/>\n<meta property=\"og:site_name\" content=\"Portal Not\u00edcia em Pauta\" \/>\n<meta property=\"article:publisher\" content=\"https:\/\/www.facebook.com\/Portal-Notcia-Em-Pauta-102292869264820\/\" \/>\n<meta property=\"article:published_time\" content=\"2025-11-19T12:17:56+00:00\" \/>\n<meta property=\"article:modified_time\" content=\"2025-11-19T12:19:25+00:00\" \/>\n<meta property=\"og:image\" content=\"https:\/\/noticiaempauta.com\/portal\/wp-content\/uploads\/2025\/11\/1000978092-1536x1152-1.webp\" \/>\n\t<meta property=\"og:image:width\" content=\"1536\" \/>\n\t<meta property=\"og:image:height\" content=\"1152\" \/>\n\t<meta property=\"og:image:type\" content=\"image\/webp\" \/>\n<meta name=\"author\" content=\"Reda\u00e7\u00e3o\" \/>\n<meta name=\"twitter:card\" content=\"summary_large_image\" \/>\n<meta name=\"twitter:label1\" content=\"Escrito por\" \/>\n\t<meta name=\"twitter:data1\" content=\"Reda\u00e7\u00e3o\" \/>\n\t<meta name=\"twitter:label2\" content=\"Est. tempo de leitura\" \/>\n\t<meta name=\"twitter:data2\" content=\"6 minutos\" \/>\n<script type=\"application\/ld+json\" class=\"yoast-schema-graph\">{\"@context\":\"https:\/\/schema.org\",\"@graph\":[{\"@type\":\"Article\",\"@id\":\"https:\/\/noticiaempauta.com\/portal\/prefeitura-apresenta-primeiros-resultados-do-projeto-de-desenvolvimento-ambiental-sustentavel-em-aroeiras-do-itaim\/#article\",\"isPartOf\":{\"@id\":\"https:\/\/noticiaempauta.com\/portal\/prefeitura-apresenta-primeiros-resultados-do-projeto-de-desenvolvimento-ambiental-sustentavel-em-aroeiras-do-itaim\/\"},\"author\":{\"name\":\"Reda\u00e7\u00e3o\",\"@id\":\"https:\/\/noticiaempauta.com\/portal\/#\/schema\/person\/a74af43dd1ab3deca45f988c717d57ac\"},\"headline\":\"Prefeitura apresenta resultados do projeto Desenvolvimento Ambiental Sustent\u00e1vel em Aroeiras do Itaim\",\"datePublished\":\"2025-11-19T12:17:56+00:00\",\"dateModified\":\"2025-11-19T12:19:25+00:00\",\"mainEntityOfPage\":{\"@id\":\"https:\/\/noticiaempauta.com\/portal\/prefeitura-apresenta-primeiros-resultados-do-projeto-de-desenvolvimento-ambiental-sustentavel-em-aroeiras-do-itaim\/\"},\"wordCount\":767,\"commentCount\":0,\"publisher\":{\"@id\":\"https:\/\/noticiaempauta.com\/portal\/#organization\"},\"image\":{\"@id\":\"https:\/\/noticiaempauta.com\/portal\/prefeitura-apresenta-primeiros-resultados-do-projeto-de-desenvolvimento-ambiental-sustentavel-em-aroeiras-do-itaim\/#primaryimage\"},\"thumbnailUrl\":\"https:\/\/noticiaempauta.com\/portal\/wp-content\/uploads\/2025\/11\/1000978092-1536x1152-1.webp\",\"articleSection\":[\"Destaques\",\"Geral\",\"Munic\u00edpios\",\"Todas as Not\u00edcias\"],\"inLanguage\":\"pt-BR\",\"potentialAction\":[{\"@type\":\"CommentAction\",\"name\":\"Comment\",\"target\":[\"https:\/\/noticiaempauta.com\/portal\/prefeitura-apresenta-primeiros-resultados-do-projeto-de-desenvolvimento-ambiental-sustentavel-em-aroeiras-do-itaim\/#respond\"]}]},{\"@type\":\"WebPage\",\"@id\":\"https:\/\/noticiaempauta.com\/portal\/prefeitura-apresenta-primeiros-resultados-do-projeto-de-desenvolvimento-ambiental-sustentavel-em-aroeiras-do-itaim\/\",\"url\":\"https:\/\/noticiaempauta.com\/portal\/prefeitura-apresenta-primeiros-resultados-do-projeto-de-desenvolvimento-ambiental-sustentavel-em-aroeiras-do-itaim\/\",\"name\":\"Prefeitura apresenta resultados do projeto Desenvolvimento Ambiental Sustent\u00e1vel em Aroeiras do Itaim - Portal Not\u00edcia em Pauta\",\"isPartOf\":{\"@id\":\"https:\/\/noticiaempauta.com\/portal\/#website\"},\"primaryImageOfPage\":{\"@id\":\"https:\/\/noticiaempauta.com\/portal\/prefeitura-apresenta-primeiros-resultados-do-projeto-de-desenvolvimento-ambiental-sustentavel-em-aroeiras-do-itaim\/#primaryimage\"},\"image\":{\"@id\":\"https:\/\/noticiaempauta.com\/portal\/prefeitura-apresenta-primeiros-resultados-do-projeto-de-desenvolvimento-ambiental-sustentavel-em-aroeiras-do-itaim\/#primaryimage\"},\"thumbnailUrl\":\"https:\/\/noticiaempauta.com\/portal\/wp-content\/uploads\/2025\/11\/1000978092-1536x1152-1.webp\",\"datePublished\":\"2025-11-19T12:17:56+00:00\",\"dateModified\":\"2025-11-19T12:19:25+00:00\",\"breadcrumb\":{\"@id\":\"https:\/\/noticiaempauta.com\/portal\/prefeitura-apresenta-primeiros-resultados-do-projeto-de-desenvolvimento-ambiental-sustentavel-em-aroeiras-do-itaim\/#breadcrumb\"},\"inLanguage\":\"pt-BR\",\"potentialAction\":[{\"@type\":\"ReadAction\",\"target\":[\"https:\/\/noticiaempauta.com\/portal\/prefeitura-apresenta-primeiros-resultados-do-projeto-de-desenvolvimento-ambiental-sustentavel-em-aroeiras-do-itaim\/\"]}]},{\"@type\":\"ImageObject\",\"inLanguage\":\"pt-BR\",\"@id\":\"https:\/\/noticiaempauta.com\/portal\/prefeitura-apresenta-primeiros-resultados-do-projeto-de-desenvolvimento-ambiental-sustentavel-em-aroeiras-do-itaim\/#primaryimage\",\"url\":\"https:\/\/noticiaempauta.com\/portal\/wp-content\/uploads\/2025\/11\/1000978092-1536x1152-1.webp\",\"contentUrl\":\"https:\/\/noticiaempauta.com\/portal\/wp-content\/uploads\/2025\/11\/1000978092-1536x1152-1.webp\",\"width\":1536,\"height\":1152,\"caption\":\"(Fotos: AgoraED)\"},{\"@type\":\"BreadcrumbList\",\"@id\":\"https:\/\/noticiaempauta.com\/portal\/prefeitura-apresenta-primeiros-resultados-do-projeto-de-desenvolvimento-ambiental-sustentavel-em-aroeiras-do-itaim\/#breadcrumb\",\"itemListElement\":[{\"@type\":\"ListItem\",\"position\":1,\"name\":\"P\u00e1gina Inicial\",\"item\":\"https:\/\/noticiaempauta.com\/portal\/\"},{\"@type\":\"ListItem\",\"position\":2,\"name\":\"Destaques\",\"item\":\"https:\/\/noticiaempauta.com\/portal\/destaques-site\/\"},{\"@type\":\"ListItem\",\"position\":3,\"name\":\"Prefeitura apresenta resultados do projeto Desenvolvimento Ambiental Sustent\u00e1vel em Aroeiras do Itaim\"}]},{\"@type\":\"WebSite\",\"@id\":\"https:\/\/noticiaempauta.com\/portal\/#website\",\"url\":\"https:\/\/noticiaempauta.com\/portal\/\",\"name\":\"Portal Not\u00edcia em Pauta\",\"description\":\"Voc\u00ea bem informado\",\"publisher\":{\"@id\":\"https:\/\/noticiaempauta.com\/portal\/#organization\"},\"potentialAction\":[{\"@type\":\"SearchAction\",\"target\":{\"@type\":\"EntryPoint\",\"urlTemplate\":\"https:\/\/noticiaempauta.com\/portal\/?s={search_term_string}\"},\"query-input\":{\"@type\":\"PropertyValueSpecification\",\"valueRequired\":true,\"valueName\":\"search_term_string\"}}],\"inLanguage\":\"pt-BR\"},{\"@type\":\"Organization\",\"@id\":\"https:\/\/noticiaempauta.com\/portal\/#organization\",\"name\":\"Portal Not\u00edcia em Pauta\",\"url\":\"https:\/\/noticiaempauta.com\/portal\/\",\"logo\":{\"@type\":\"ImageObject\",\"inLanguage\":\"pt-BR\",\"@id\":\"https:\/\/noticiaempauta.com\/portal\/#\/schema\/logo\/image\/\",\"url\":\"https:\/\/noticiaempauta.com\/portal\/wp-content\/uploads\/2022\/08\/logomarca_tema.fw_.png\",\"contentUrl\":\"https:\/\/noticiaempauta.com\/portal\/wp-content\/uploads\/2022\/08\/logomarca_tema.fw_.png\",\"width\":400,\"height\":232,\"caption\":\"Portal Not\u00edcia em Pauta\"},\"image\":{\"@id\":\"https:\/\/noticiaempauta.com\/portal\/#\/schema\/logo\/image\/\"},\"sameAs\":[\"https:\/\/www.facebook.com\/Portal-Notcia-Em-Pauta-102292869264820\/\",\"https:\/\/www.instagram.com\/portalnoticiaempauta\/\"]},{\"@type\":\"Person\",\"@id\":\"https:\/\/noticiaempauta.com\/portal\/#\/schema\/person\/a74af43dd1ab3deca45f988c717d57ac\",\"name\":\"Reda\u00e7\u00e3o\",\"image\":{\"@type\":\"ImageObject\",\"inLanguage\":\"pt-BR\",\"@id\":\"https:\/\/noticiaempauta.com\/portal\/#\/schema\/person\/image\/\",\"url\":\"https:\/\/secure.gravatar.com\/avatar\/03179346ecce6cdfc13361603e8f54242a90e5cde8618fa23c5c00aa2b0aadf3?s=96&d=mm&r=g\",\"contentUrl\":\"https:\/\/secure.gravatar.com\/avatar\/03179346ecce6cdfc13361603e8f54242a90e5cde8618fa23c5c00aa2b0aadf3?s=96&d=mm&r=g\",\"caption\":\"Reda\u00e7\u00e3o\"},\"sameAs\":[\"https:\/\/noticiaempauta.com\/portal\/\"],\"url\":\"https:\/\/noticiaempauta.com\/portal\/author\/fernando\/\"}]}<\/script>\n<!-- \/ Yoast SEO Premium plugin. -->","yoast_head_json":{"title":"Prefeitura apresenta resultados do projeto Desenvolvimento Ambiental Sustent\u00e1vel em Aroeiras do Itaim - Portal Not\u00edcia em Pauta","robots":{"index":"index","follow":"follow","max-snippet":"max-snippet:-1","max-image-preview":"max-image-preview:large","max-video-preview":"max-video-preview:-1"},"canonical":"https:\/\/noticiaempauta.com\/portal\/prefeitura-apresenta-primeiros-resultados-do-projeto-de-desenvolvimento-ambiental-sustentavel-em-aroeiras-do-itaim\/","og_locale":"pt_BR","og_type":"article","og_title":"Prefeitura apresenta resultados do projeto Desenvolvimento Ambiental Sustent\u00e1vel em Aroeiras do Itaim","og_description":"A Prefeitura de Aroeiras do Itaim realizou durante toda a manh\u00e3 desta ter\u00e7a-feira, (18), um evento\u00a0com o tema\u00a0\u201cDesenvolvimento Ambiental Sustent\u00e1vel: Educa\u00e7\u00e3o em Sa\u00fade Ambiental\u201d, reunindo autoridades, profissionais, estudantes e moradores do munic\u00edpio. O evento marcou o encerramento do projeto de\u00a0Desenvolvimento Ambiental Sustent\u00e1vel\u00a0atrav\u00e9s da\u00a0parceria da\u00a0Secretaria Municipal de Meio Ambiente com\u00a0a Funda\u00e7\u00e3o Nacional de Sa\u00fade (Funasa). O [&hellip;]","og_url":"https:\/\/noticiaempauta.com\/portal\/prefeitura-apresenta-primeiros-resultados-do-projeto-de-desenvolvimento-ambiental-sustentavel-em-aroeiras-do-itaim\/","og_site_name":"Portal Not\u00edcia em Pauta","article_publisher":"https:\/\/www.facebook.com\/Portal-Notcia-Em-Pauta-102292869264820\/","article_published_time":"2025-11-19T12:17:56+00:00","article_modified_time":"2025-11-19T12:19:25+00:00","og_image":[{"width":1536,"height":1152,"url":"https:\/\/noticiaempauta.com\/portal\/wp-content\/uploads\/2025\/11\/1000978092-1536x1152-1.webp","type":"image\/webp"}],"author":"Reda\u00e7\u00e3o","twitter_card":"summary_large_image","twitter_misc":{"Escrito por":"Reda\u00e7\u00e3o","Est. tempo de leitura":"6 minutos"},"schema":{"@context":"https:\/\/schema.org","@graph":[{"@type":"Article","@id":"https:\/\/noticiaempauta.com\/portal\/prefeitura-apresenta-primeiros-resultados-do-projeto-de-desenvolvimento-ambiental-sustentavel-em-aroeiras-do-itaim\/#article","isPartOf":{"@id":"https:\/\/noticiaempauta.com\/portal\/prefeitura-apresenta-primeiros-resultados-do-projeto-de-desenvolvimento-ambiental-sustentavel-em-aroeiras-do-itaim\/"},"author":{"name":"Reda\u00e7\u00e3o","@id":"https:\/\/noticiaempauta.com\/portal\/#\/schema\/person\/a74af43dd1ab3deca45f988c717d57ac"},"headline":"Prefeitura apresenta resultados do projeto Desenvolvimento Ambiental Sustent\u00e1vel em Aroeiras do Itaim","datePublished":"2025-11-19T12:17:56+00:00","dateModified":"2025-11-19T12:19:25+00:00","mainEntityOfPage":{"@id":"https:\/\/noticiaempauta.com\/portal\/prefeitura-apresenta-primeiros-resultados-do-projeto-de-desenvolvimento-ambiental-sustentavel-em-aroeiras-do-itaim\/"},"wordCount":767,"commentCount":0,"publisher":{"@id":"https:\/\/noticiaempauta.com\/portal\/#organization"},"image":{"@id":"https:\/\/noticiaempauta.com\/portal\/prefeitura-apresenta-primeiros-resultados-do-projeto-de-desenvolvimento-ambiental-sustentavel-em-aroeiras-do-itaim\/#primaryimage"},"thumbnailUrl":"https:\/\/noticiaempauta.com\/portal\/wp-content\/uploads\/2025\/11\/1000978092-1536x1152-1.webp","articleSection":["Destaques","Geral","Munic\u00edpios","Todas as Not\u00edcias"],"inLanguage":"pt-BR","potentialAction":[{"@type":"CommentAction","name":"Comment","target":["https:\/\/noticiaempauta.com\/portal\/prefeitura-apresenta-primeiros-resultados-do-projeto-de-desenvolvimento-ambiental-sustentavel-em-aroeiras-do-itaim\/#respond"]}]},{"@type":"WebPage","@id":"https:\/\/noticiaempauta.com\/portal\/prefeitura-apresenta-primeiros-resultados-do-projeto-de-desenvolvimento-ambiental-sustentavel-em-aroeiras-do-itaim\/","url":"https:\/\/noticiaempauta.com\/portal\/prefeitura-apresenta-primeiros-resultados-do-projeto-de-desenvolvimento-ambiental-sustentavel-em-aroeiras-do-itaim\/","name":"Prefeitura apresenta resultados do projeto Desenvolvimento Ambiental Sustent\u00e1vel em Aroeiras do Itaim - Portal Not\u00edcia em Pauta","isPartOf":{"@id":"https:\/\/noticiaempauta.com\/portal\/#website"},"primaryImageOfPage":{"@id":"https:\/\/noticiaempauta.com\/portal\/prefeitura-apresenta-primeiros-resultados-do-projeto-de-desenvolvimento-ambiental-sustentavel-em-aroeiras-do-itaim\/#primaryimage"},"image":{"@id":"https:\/\/noticiaempauta.com\/portal\/prefeitura-apresenta-primeiros-resultados-do-projeto-de-desenvolvimento-ambiental-sustentavel-em-aroeiras-do-itaim\/#primaryimage"},"thumbnailUrl":"https:\/\/noticiaempauta.com\/portal\/wp-content\/uploads\/2025\/11\/1000978092-1536x1152-1.webp","datePublished":"2025-11-19T12:17:56+00:00","dateModified":"2025-11-19T12:19:25+00:00","breadcrumb":{"@id":"https:\/\/noticiaempauta.com\/portal\/prefeitura-apresenta-primeiros-resultados-do-projeto-de-desenvolvimento-ambiental-sustentavel-em-aroeiras-do-itaim\/#breadcrumb"},"inLanguage":"pt-BR","potentialAction":[{"@type":"ReadAction","target":["https:\/\/noticiaempauta.com\/portal\/prefeitura-apresenta-primeiros-resultados-do-projeto-de-desenvolvimento-ambiental-sustentavel-em-aroeiras-do-itaim\/"]}]},{"@type":"ImageObject","inLanguage":"pt-BR","@id":"https:\/\/noticiaempauta.com\/portal\/prefeitura-apresenta-primeiros-resultados-do-projeto-de-desenvolvimento-ambiental-sustentavel-em-aroeiras-do-itaim\/#primaryimage","url":"https:\/\/noticiaempauta.com\/portal\/wp-content\/uploads\/2025\/11\/1000978092-1536x1152-1.webp","contentUrl":"https:\/\/noticiaempauta.com\/portal\/wp-content\/uploads\/2025\/11\/1000978092-1536x1152-1.webp","width":1536,"height":1152,"caption":"(Fotos: AgoraED)"},{"@type":"BreadcrumbList","@id":"https:\/\/noticiaempauta.com\/portal\/prefeitura-apresenta-primeiros-resultados-do-projeto-de-desenvolvimento-ambiental-sustentavel-em-aroeiras-do-itaim\/#breadcrumb","itemListElement":[{"@type":"ListItem","position":1,"name":"P\u00e1gina Inicial","item":"https:\/\/noticiaempauta.com\/portal\/"},{"@type":"ListItem","position":2,"name":"Destaques","item":"https:\/\/noticiaempauta.com\/portal\/destaques-site\/"},{"@type":"ListItem","position":3,"name":"Prefeitura apresenta resultados do projeto Desenvolvimento Ambiental Sustent\u00e1vel em Aroeiras do Itaim"}]},{"@type":"WebSite","@id":"https:\/\/noticiaempauta.com\/portal\/#website","url":"https:\/\/noticiaempauta.com\/portal\/","name":"Portal Not\u00edcia em Pauta","description":"Voc\u00ea bem informado","publisher":{"@id":"https:\/\/noticiaempauta.com\/portal\/#organization"},"potentialAction":[{"@type":"SearchAction","target":{"@type":"EntryPoint","urlTemplate":"https:\/\/noticiaempauta.com\/portal\/?s={search_term_string}"},"query-input":{"@type":"PropertyValueSpecification","valueRequired":true,"valueName":"search_term_string"}}],"inLanguage":"pt-BR"},{"@type":"Organization","@id":"https:\/\/noticiaempauta.com\/portal\/#organization","name":"Portal Not\u00edcia em Pauta","url":"https:\/\/noticiaempauta.com\/portal\/","logo":{"@type":"ImageObject","inLanguage":"pt-BR","@id":"https:\/\/noticiaempauta.com\/portal\/#\/schema\/logo\/image\/","url":"https:\/\/noticiaempauta.com\/portal\/wp-content\/uploads\/2022\/08\/logomarca_tema.fw_.png","contentUrl":"https:\/\/noticiaempauta.com\/portal\/wp-content\/uploads\/2022\/08\/logomarca_tema.fw_.png","width":400,"height":232,"caption":"Portal Not\u00edcia em Pauta"},"image":{"@id":"https:\/\/noticiaempauta.com\/portal\/#\/schema\/logo\/image\/"},"sameAs":["https:\/\/www.facebook.com\/Portal-Notcia-Em-Pauta-102292869264820\/","https:\/\/www.instagram.com\/portalnoticiaempauta\/"]},{"@type":"Person","@id":"https:\/\/noticiaempauta.com\/portal\/#\/schema\/person\/a74af43dd1ab3deca45f988c717d57ac","name":"Reda\u00e7\u00e3o","image":{"@type":"ImageObject","inLanguage":"pt-BR","@id":"https:\/\/noticiaempauta.com\/portal\/#\/schema\/person\/image\/","url":"https:\/\/secure.gravatar.com\/avatar\/03179346ecce6cdfc13361603e8f54242a90e5cde8618fa23c5c00aa2b0aadf3?s=96&d=mm&r=g","contentUrl":"https:\/\/secure.gravatar.com\/avatar\/03179346ecce6cdfc13361603e8f54242a90e5cde8618fa23c5c00aa2b0aadf3?s=96&d=mm&r=g","caption":"Reda\u00e7\u00e3o"},"sameAs":["https:\/\/noticiaempauta.com\/portal\/"],"url":"https:\/\/noticiaempauta.com\/portal\/author\/fernando\/"}]}},"_links":{"self":[{"href":"https:\/\/noticiaempauta.com\/portal\/wp-json\/wp\/v2\/posts\/280866","targetHints":{"allow":["GET"]}}],"collection":[{"href":"https:\/\/noticiaempauta.com\/portal\/wp-json\/wp\/v2\/posts"}],"about":[{"href":"https:\/\/noticiaempauta.com\/portal\/wp-json\/wp\/v2\/types\/post"}],"author":[{"embeddable":true,"href":"https:\/\/noticiaempauta.com\/portal\/wp-json\/wp\/v2\/users\/2"}],"replies":[{"embeddable":true,"href":"https:\/\/noticiaempauta.com\/portal\/wp-json\/wp\/v2\/comments?post=280866"}],"version-history":[{"count":5,"href":"https:\/\/noticiaempauta.com\/portal\/wp-json\/wp\/v2\/posts\/280866\/revisions"}],"predecessor-version":[{"id":280880,"href":"https:\/\/noticiaempauta.com\/portal\/wp-json\/wp\/v2\/posts\/280866\/revisions\/280880"}],"wp:featuredmedia":[{"embeddable":true,"href":"https:\/\/noticiaempauta.com\/portal\/wp-json\/wp\/v2\/media\/280867"}],"wp:attachment":[{"href":"https:\/\/noticiaempauta.com\/portal\/wp-json\/wp\/v2\/media?parent=280866"}],"wp:term":[{"taxonomy":"category","embeddable":true,"href":"https:\/\/noticiaempauta.com\/portal\/wp-json\/wp\/v2\/categories?post=280866"},{"taxonomy":"post_tag","embeddable":true,"href":"https:\/\/noticiaempauta.com\/portal\/wp-json\/wp\/v2\/tags?post=280866"}],"curies":[{"name":"wp","href":"https:\/\/api.w.org\/{rel}","templated":true}]}}