{"id":280881,"date":"2025-11-19T09:29:47","date_gmt":"2025-11-19T12:29:47","guid":{"rendered":"https:\/\/noticiaempauta.com\/portal\/?p=280881"},"modified":"2025-11-19T09:29:48","modified_gmt":"2025-11-19T12:29:48","slug":"lei-antifaccao-metade-da-bancada-piauiense-vota-a-favor","status":"publish","type":"post","link":"https:\/\/noticiaempauta.com\/portal\/lei-antifaccao-metade-da-bancada-piauiense-vota-a-favor\/","title":{"rendered":"Lei Antifac\u00e7\u00e3o: Metade da bancada piauiense vota a favor"},"content":{"rendered":"\n<p>A C\u00e2mara dos Deputados aprovou nesta ter\u00e7a-feira (18), por 370 votos a 110, o texto-base do Projeto de Lei 5582\/2025, conhecido como projeto Antifac\u00e7\u00e3o, que endurece penas e amplia mecanismos de combate ao crime organizado no pa\u00eds. A an\u00e1lise dos destaques ainda ser\u00e1 realizada, e o texto segue posteriormente para o Senado.<\/p>\n\n\n\n<p>Entre os dez deputados do Piau\u00ed, cinco votaram a favor e tr\u00eas foram contr\u00e1rios ao texto. Um parlamentar esteve ausente.&nbsp;<\/p>\n\n\n\n<figure class=\"wp-block-image size-full\"><img fetchpriority=\"high\" decoding=\"async\" width=\"768\" height=\"473\" src=\"https:\/\/noticiaempauta.com\/portal\/wp-content\/uploads\/2025\/11\/img20251118182134767-768x473-1.jpg\" alt=\"\" class=\"wp-image-280882\" srcset=\"https:\/\/noticiaempauta.com\/portal\/wp-content\/uploads\/2025\/11\/img20251118182134767-768x473-1.jpg 768w, https:\/\/noticiaempauta.com\/portal\/wp-content\/uploads\/2025\/11\/img20251118182134767-768x473-1-300x185.jpg 300w\" sizes=\"(max-width: 768px) 100vw, 768px\" \/><figcaption class=\"wp-element-caption\"><em>Foto: Kayo Magalh\u00e3es\/C\u00e2mara dos Deputados<\/em><\/figcaption><\/figure>\n\n\n\n<p>Votaram a favor do texto, Castro Neto (PSD) ,\u00a0Elmano F\u00e9rrer (PP),Jadyel Alencar (Republicanos), J\u00falio C\u00e9sar (PSD),\u00a0\u00c1tila Lira (PP) votaram contra o texto Dr. Francisco (PT), Florentino Neto (PT), Fl\u00e1vio Nogueira (PT),\u00a0 Merlong Solano (PT), Marcos Aur\u00e9lio (PSD) esteve ausente.<\/p>\n\n\n\n<p>O texto aprovado prev\u00ea aumento das penas para integrantes de fac\u00e7\u00f5es e mil\u00edcias, que passam a variar de 20 a 40 anos, podendo chegar a 66 anos no caso de lideran\u00e7as. O projeto tamb\u00e9m estabelece apreens\u00e3o antecipada de bens em determinadas situa\u00e7\u00f5es, com possibilidade de perdimento antes mesmo da decis\u00e3o final da Justi\u00e7a. Al\u00e9m disso, foram ampliados os requisitos para progress\u00e3o de regime e proibidos benef\u00edcios como anistia, indulto, gra\u00e7a ou liberdade condicional para membros dessas organiza\u00e7\u00f5es.<\/p>\n\n\n\n<p>O relator, deputado Guilherme Derrite (PP-SP), apresentou cinco vers\u00f5es ao longo da tramita\u00e7\u00e3o e defendeu que o pa\u00eds necessita de uma legisla\u00e7\u00e3o mais r\u00edgida. Ele afirmou que o enfrentamento ao crime organizado exige \u201clegisla\u00e7\u00e3o de guerra em tempo de paz\u201d.<\/p>\n\n\n\n<p>Parlamentares governistas criticaram o parecer, afirmando que mudan\u00e7as teriam desfigurado a proposta enviada pelo Executivo e retirado autonomia da Pol\u00edcia Federal na gest\u00e3o de bens apreendidos. A deputada Jandira Feghali (PCdoB-RJ) argumentou que o relat\u00f3rio cria etapas que podem atrasar o confisco de patrim\u00f4nio de fac\u00e7\u00f5es. O deputado Lindbergh Farias (PT-RJ) afirmou que a base governista trabalhar\u00e1 no Senado para resgatar pontos do texto original.<\/p>\n\n\n\n<p>O projeto tamb\u00e9m inclui medidas como realiza\u00e7\u00e3o de audi\u00eancias de cust\u00f3dia por videoconfer\u00eancia, julgamento de homic\u00eddios praticados por fac\u00e7\u00f5es por colegiados de primeira inst\u00e2ncia e defini\u00e7\u00e3o de \u201corganiza\u00e7\u00e3o criminosa ultraviolenta\u201d.<\/p>\n\n\n\n<p>Antes da vota\u00e7\u00e3o, partidos da base pediram a retirada de pauta, mas a solicita\u00e7\u00e3o foi rejeitada por 316 votos a 110. O presidente da C\u00e2mara, Hugo Motta (Republicanos-PB), manteve o projeto e afirmou que o texto representa \u201ca resposta mais dura da hist\u00f3ria\u201d da Casa contra o crime organizado. Ele citou medidas como envio direto de chefes de fac\u00e7\u00f5es para pres\u00eddios federais e grava\u00e7\u00e3o de encontros com advogados.<\/p>\n\n\n\n<p>A proposta foi apelidada na C\u00e2mara como \u201cMarco Legal de Enfrentamento ao Crime Organizado\u201d e agora segue para an\u00e1lise no Senado.<\/p>\n\n\n\n<p>Fonte: Cidade Verde<\/p>\n","protected":false},"excerpt":{"rendered":"<p>A C\u00e2mara dos Deputados aprovou nesta ter\u00e7a-feira (18), por 370 votos a 110, o texto-base do Projeto de Lei 5582\/2025, conhecido como projeto Antifac\u00e7\u00e3o, que endurece penas e amplia mecanismos de combate ao crime organizado no pa\u00eds. A an\u00e1lise dos destaques ainda ser\u00e1 realizada, e o texto segue posteriormente para o Senado. Entre os dez [&hellip;]<\/p>\n","protected":false},"author":2,"featured_media":280882,"comment_status":"open","ping_status":"open","sticky":false,"template":"","format":"standard","meta":{"_mi_skip_tracking":false,"footnotes":""},"categories":[25,1,16],"tags":[192],"class_list":["post-280881","post","type-post","status-publish","format-standard","has-post-thumbnail","hentry","category-destaques-site","category-geral","category-todas","tag-destaqueprincipal"],"acf":[],"yoast_head":"<!-- This site is optimized with the Yoast SEO Premium plugin v19.2 (Yoast SEO v26.9) - https:\/\/yoast.com\/product\/yoast-seo-premium-wordpress\/ -->\n<title>Lei Antifac\u00e7\u00e3o: Metade da bancada piauiense vota a favor - Portal Not\u00edcia em Pauta<\/title>\n<meta name=\"robots\" content=\"index, follow, max-snippet:-1, max-image-preview:large, max-video-preview:-1\" \/>\n<link rel=\"canonical\" href=\"https:\/\/noticiaempauta.com\/portal\/lei-antifaccao-metade-da-bancada-piauiense-vota-a-favor\/\" \/>\n<meta property=\"og:locale\" content=\"pt_BR\" \/>\n<meta property=\"og:type\" content=\"article\" \/>\n<meta property=\"og:title\" content=\"Lei Antifac\u00e7\u00e3o: Metade da bancada piauiense vota a favor\" \/>\n<meta property=\"og:description\" content=\"A C\u00e2mara dos Deputados aprovou nesta ter\u00e7a-feira (18), por 370 votos a 110, o texto-base do Projeto de Lei 5582\/2025, conhecido como projeto Antifac\u00e7\u00e3o, que endurece penas e amplia mecanismos de combate ao crime organizado no pa\u00eds. A an\u00e1lise dos destaques ainda ser\u00e1 realizada, e o texto segue posteriormente para o Senado. Entre os dez [&hellip;]\" \/>\n<meta property=\"og:url\" content=\"https:\/\/noticiaempauta.com\/portal\/lei-antifaccao-metade-da-bancada-piauiense-vota-a-favor\/\" \/>\n<meta property=\"og:site_name\" content=\"Portal Not\u00edcia em Pauta\" \/>\n<meta property=\"article:publisher\" content=\"https:\/\/www.facebook.com\/Portal-Notcia-Em-Pauta-102292869264820\/\" \/>\n<meta property=\"article:published_time\" content=\"2025-11-19T12:29:47+00:00\" \/>\n<meta property=\"article:modified_time\" content=\"2025-11-19T12:29:48+00:00\" \/>\n<meta property=\"og:image\" content=\"https:\/\/noticiaempauta.com\/portal\/wp-content\/uploads\/2025\/11\/img20251118182134767-768x473-1.jpg\" \/>\n\t<meta property=\"og:image:width\" content=\"768\" \/>\n\t<meta property=\"og:image:height\" content=\"473\" \/>\n\t<meta property=\"og:image:type\" content=\"image\/jpeg\" \/>\n<meta name=\"author\" content=\"Reda\u00e7\u00e3o\" \/>\n<meta name=\"twitter:card\" content=\"summary_large_image\" \/>\n<meta name=\"twitter:label1\" content=\"Escrito por\" \/>\n\t<meta name=\"twitter:data1\" content=\"Reda\u00e7\u00e3o\" \/>\n\t<meta name=\"twitter:label2\" content=\"Est. tempo de leitura\" \/>\n\t<meta name=\"twitter:data2\" content=\"3 minutos\" \/>\n<script type=\"application\/ld+json\" class=\"yoast-schema-graph\">{\"@context\":\"https:\/\/schema.org\",\"@graph\":[{\"@type\":\"Article\",\"@id\":\"https:\/\/noticiaempauta.com\/portal\/lei-antifaccao-metade-da-bancada-piauiense-vota-a-favor\/#article\",\"isPartOf\":{\"@id\":\"https:\/\/noticiaempauta.com\/portal\/lei-antifaccao-metade-da-bancada-piauiense-vota-a-favor\/\"},\"author\":{\"name\":\"Reda\u00e7\u00e3o\",\"@id\":\"https:\/\/noticiaempauta.com\/portal\/#\/schema\/person\/a74af43dd1ab3deca45f988c717d57ac\"},\"headline\":\"Lei Antifac\u00e7\u00e3o: Metade da bancada piauiense vota a favor\",\"datePublished\":\"2025-11-19T12:29:47+00:00\",\"dateModified\":\"2025-11-19T12:29:48+00:00\",\"mainEntityOfPage\":{\"@id\":\"https:\/\/noticiaempauta.com\/portal\/lei-antifaccao-metade-da-bancada-piauiense-vota-a-favor\/\"},\"wordCount\":483,\"commentCount\":0,\"publisher\":{\"@id\":\"https:\/\/noticiaempauta.com\/portal\/#organization\"},\"image\":{\"@id\":\"https:\/\/noticiaempauta.com\/portal\/lei-antifaccao-metade-da-bancada-piauiense-vota-a-favor\/#primaryimage\"},\"thumbnailUrl\":\"https:\/\/noticiaempauta.com\/portal\/wp-content\/uploads\/2025\/11\/img20251118182134767-768x473-1.jpg\",\"keywords\":[\"destaqueprincipal\"],\"articleSection\":[\"Destaques\",\"Geral\",\"Todas as Not\u00edcias\"],\"inLanguage\":\"pt-BR\",\"potentialAction\":[{\"@type\":\"CommentAction\",\"name\":\"Comment\",\"target\":[\"https:\/\/noticiaempauta.com\/portal\/lei-antifaccao-metade-da-bancada-piauiense-vota-a-favor\/#respond\"]}]},{\"@type\":\"WebPage\",\"@id\":\"https:\/\/noticiaempauta.com\/portal\/lei-antifaccao-metade-da-bancada-piauiense-vota-a-favor\/\",\"url\":\"https:\/\/noticiaempauta.com\/portal\/lei-antifaccao-metade-da-bancada-piauiense-vota-a-favor\/\",\"name\":\"Lei Antifac\u00e7\u00e3o: Metade da bancada piauiense vota a favor - Portal Not\u00edcia em Pauta\",\"isPartOf\":{\"@id\":\"https:\/\/noticiaempauta.com\/portal\/#website\"},\"primaryImageOfPage\":{\"@id\":\"https:\/\/noticiaempauta.com\/portal\/lei-antifaccao-metade-da-bancada-piauiense-vota-a-favor\/#primaryimage\"},\"image\":{\"@id\":\"https:\/\/noticiaempauta.com\/portal\/lei-antifaccao-metade-da-bancada-piauiense-vota-a-favor\/#primaryimage\"},\"thumbnailUrl\":\"https:\/\/noticiaempauta.com\/portal\/wp-content\/uploads\/2025\/11\/img20251118182134767-768x473-1.jpg\",\"datePublished\":\"2025-11-19T12:29:47+00:00\",\"dateModified\":\"2025-11-19T12:29:48+00:00\",\"breadcrumb\":{\"@id\":\"https:\/\/noticiaempauta.com\/portal\/lei-antifaccao-metade-da-bancada-piauiense-vota-a-favor\/#breadcrumb\"},\"inLanguage\":\"pt-BR\",\"potentialAction\":[{\"@type\":\"ReadAction\",\"target\":[\"https:\/\/noticiaempauta.com\/portal\/lei-antifaccao-metade-da-bancada-piauiense-vota-a-favor\/\"]}]},{\"@type\":\"ImageObject\",\"inLanguage\":\"pt-BR\",\"@id\":\"https:\/\/noticiaempauta.com\/portal\/lei-antifaccao-metade-da-bancada-piauiense-vota-a-favor\/#primaryimage\",\"url\":\"https:\/\/noticiaempauta.com\/portal\/wp-content\/uploads\/2025\/11\/img20251118182134767-768x473-1.jpg\",\"contentUrl\":\"https:\/\/noticiaempauta.com\/portal\/wp-content\/uploads\/2025\/11\/img20251118182134767-768x473-1.jpg\",\"width\":768,\"height\":473},{\"@type\":\"BreadcrumbList\",\"@id\":\"https:\/\/noticiaempauta.com\/portal\/lei-antifaccao-metade-da-bancada-piauiense-vota-a-favor\/#breadcrumb\",\"itemListElement\":[{\"@type\":\"ListItem\",\"position\":1,\"name\":\"P\u00e1gina Inicial\",\"item\":\"https:\/\/noticiaempauta.com\/portal\/\"},{\"@type\":\"ListItem\",\"position\":2,\"name\":\"Destaques\",\"item\":\"https:\/\/noticiaempauta.com\/portal\/destaques-site\/\"},{\"@type\":\"ListItem\",\"position\":3,\"name\":\"Lei Antifac\u00e7\u00e3o: Metade da bancada piauiense vota a favor\"}]},{\"@type\":\"WebSite\",\"@id\":\"https:\/\/noticiaempauta.com\/portal\/#website\",\"url\":\"https:\/\/noticiaempauta.com\/portal\/\",\"name\":\"Portal Not\u00edcia em Pauta\",\"description\":\"Voc\u00ea bem informado\",\"publisher\":{\"@id\":\"https:\/\/noticiaempauta.com\/portal\/#organization\"},\"potentialAction\":[{\"@type\":\"SearchAction\",\"target\":{\"@type\":\"EntryPoint\",\"urlTemplate\":\"https:\/\/noticiaempauta.com\/portal\/?s={search_term_string}\"},\"query-input\":{\"@type\":\"PropertyValueSpecification\",\"valueRequired\":true,\"valueName\":\"search_term_string\"}}],\"inLanguage\":\"pt-BR\"},{\"@type\":\"Organization\",\"@id\":\"https:\/\/noticiaempauta.com\/portal\/#organization\",\"name\":\"Portal Not\u00edcia em Pauta\",\"url\":\"https:\/\/noticiaempauta.com\/portal\/\",\"logo\":{\"@type\":\"ImageObject\",\"inLanguage\":\"pt-BR\",\"@id\":\"https:\/\/noticiaempauta.com\/portal\/#\/schema\/logo\/image\/\",\"url\":\"https:\/\/noticiaempauta.com\/portal\/wp-content\/uploads\/2022\/08\/logomarca_tema.fw_.png\",\"contentUrl\":\"https:\/\/noticiaempauta.com\/portal\/wp-content\/uploads\/2022\/08\/logomarca_tema.fw_.png\",\"width\":400,\"height\":232,\"caption\":\"Portal Not\u00edcia em Pauta\"},\"image\":{\"@id\":\"https:\/\/noticiaempauta.com\/portal\/#\/schema\/logo\/image\/\"},\"sameAs\":[\"https:\/\/www.facebook.com\/Portal-Notcia-Em-Pauta-102292869264820\/\",\"https:\/\/www.instagram.com\/portalnoticiaempauta\/\"]},{\"@type\":\"Person\",\"@id\":\"https:\/\/noticiaempauta.com\/portal\/#\/schema\/person\/a74af43dd1ab3deca45f988c717d57ac\",\"name\":\"Reda\u00e7\u00e3o\",\"image\":{\"@type\":\"ImageObject\",\"inLanguage\":\"pt-BR\",\"@id\":\"https:\/\/noticiaempauta.com\/portal\/#\/schema\/person\/image\/\",\"url\":\"https:\/\/secure.gravatar.com\/avatar\/03179346ecce6cdfc13361603e8f54242a90e5cde8618fa23c5c00aa2b0aadf3?s=96&d=mm&r=g\",\"contentUrl\":\"https:\/\/secure.gravatar.com\/avatar\/03179346ecce6cdfc13361603e8f54242a90e5cde8618fa23c5c00aa2b0aadf3?s=96&d=mm&r=g\",\"caption\":\"Reda\u00e7\u00e3o\"},\"sameAs\":[\"https:\/\/noticiaempauta.com\/portal\/\"],\"url\":\"https:\/\/noticiaempauta.com\/portal\/author\/fernando\/\"}]}<\/script>\n<!-- \/ Yoast SEO Premium plugin. -->","yoast_head_json":{"title":"Lei Antifac\u00e7\u00e3o: Metade da bancada piauiense vota a favor - Portal Not\u00edcia em Pauta","robots":{"index":"index","follow":"follow","max-snippet":"max-snippet:-1","max-image-preview":"max-image-preview:large","max-video-preview":"max-video-preview:-1"},"canonical":"https:\/\/noticiaempauta.com\/portal\/lei-antifaccao-metade-da-bancada-piauiense-vota-a-favor\/","og_locale":"pt_BR","og_type":"article","og_title":"Lei Antifac\u00e7\u00e3o: Metade da bancada piauiense vota a favor","og_description":"A C\u00e2mara dos Deputados aprovou nesta ter\u00e7a-feira (18), por 370 votos a 110, o texto-base do Projeto de Lei 5582\/2025, conhecido como projeto Antifac\u00e7\u00e3o, que endurece penas e amplia mecanismos de combate ao crime organizado no pa\u00eds. A an\u00e1lise dos destaques ainda ser\u00e1 realizada, e o texto segue posteriormente para o Senado. Entre os dez [&hellip;]","og_url":"https:\/\/noticiaempauta.com\/portal\/lei-antifaccao-metade-da-bancada-piauiense-vota-a-favor\/","og_site_name":"Portal Not\u00edcia em Pauta","article_publisher":"https:\/\/www.facebook.com\/Portal-Notcia-Em-Pauta-102292869264820\/","article_published_time":"2025-11-19T12:29:47+00:00","article_modified_time":"2025-11-19T12:29:48+00:00","og_image":[{"width":768,"height":473,"url":"https:\/\/noticiaempauta.com\/portal\/wp-content\/uploads\/2025\/11\/img20251118182134767-768x473-1.jpg","type":"image\/jpeg"}],"author":"Reda\u00e7\u00e3o","twitter_card":"summary_large_image","twitter_misc":{"Escrito por":"Reda\u00e7\u00e3o","Est. tempo de leitura":"3 minutos"},"schema":{"@context":"https:\/\/schema.org","@graph":[{"@type":"Article","@id":"https:\/\/noticiaempauta.com\/portal\/lei-antifaccao-metade-da-bancada-piauiense-vota-a-favor\/#article","isPartOf":{"@id":"https:\/\/noticiaempauta.com\/portal\/lei-antifaccao-metade-da-bancada-piauiense-vota-a-favor\/"},"author":{"name":"Reda\u00e7\u00e3o","@id":"https:\/\/noticiaempauta.com\/portal\/#\/schema\/person\/a74af43dd1ab3deca45f988c717d57ac"},"headline":"Lei Antifac\u00e7\u00e3o: Metade da bancada piauiense vota a favor","datePublished":"2025-11-19T12:29:47+00:00","dateModified":"2025-11-19T12:29:48+00:00","mainEntityOfPage":{"@id":"https:\/\/noticiaempauta.com\/portal\/lei-antifaccao-metade-da-bancada-piauiense-vota-a-favor\/"},"wordCount":483,"commentCount":0,"publisher":{"@id":"https:\/\/noticiaempauta.com\/portal\/#organization"},"image":{"@id":"https:\/\/noticiaempauta.com\/portal\/lei-antifaccao-metade-da-bancada-piauiense-vota-a-favor\/#primaryimage"},"thumbnailUrl":"https:\/\/noticiaempauta.com\/portal\/wp-content\/uploads\/2025\/11\/img20251118182134767-768x473-1.jpg","keywords":["destaqueprincipal"],"articleSection":["Destaques","Geral","Todas as Not\u00edcias"],"inLanguage":"pt-BR","potentialAction":[{"@type":"CommentAction","name":"Comment","target":["https:\/\/noticiaempauta.com\/portal\/lei-antifaccao-metade-da-bancada-piauiense-vota-a-favor\/#respond"]}]},{"@type":"WebPage","@id":"https:\/\/noticiaempauta.com\/portal\/lei-antifaccao-metade-da-bancada-piauiense-vota-a-favor\/","url":"https:\/\/noticiaempauta.com\/portal\/lei-antifaccao-metade-da-bancada-piauiense-vota-a-favor\/","name":"Lei Antifac\u00e7\u00e3o: Metade da bancada piauiense vota a favor - Portal Not\u00edcia em Pauta","isPartOf":{"@id":"https:\/\/noticiaempauta.com\/portal\/#website"},"primaryImageOfPage":{"@id":"https:\/\/noticiaempauta.com\/portal\/lei-antifaccao-metade-da-bancada-piauiense-vota-a-favor\/#primaryimage"},"image":{"@id":"https:\/\/noticiaempauta.com\/portal\/lei-antifaccao-metade-da-bancada-piauiense-vota-a-favor\/#primaryimage"},"thumbnailUrl":"https:\/\/noticiaempauta.com\/portal\/wp-content\/uploads\/2025\/11\/img20251118182134767-768x473-1.jpg","datePublished":"2025-11-19T12:29:47+00:00","dateModified":"2025-11-19T12:29:48+00:00","breadcrumb":{"@id":"https:\/\/noticiaempauta.com\/portal\/lei-antifaccao-metade-da-bancada-piauiense-vota-a-favor\/#breadcrumb"},"inLanguage":"pt-BR","potentialAction":[{"@type":"ReadAction","target":["https:\/\/noticiaempauta.com\/portal\/lei-antifaccao-metade-da-bancada-piauiense-vota-a-favor\/"]}]},{"@type":"ImageObject","inLanguage":"pt-BR","@id":"https:\/\/noticiaempauta.com\/portal\/lei-antifaccao-metade-da-bancada-piauiense-vota-a-favor\/#primaryimage","url":"https:\/\/noticiaempauta.com\/portal\/wp-content\/uploads\/2025\/11\/img20251118182134767-768x473-1.jpg","contentUrl":"https:\/\/noticiaempauta.com\/portal\/wp-content\/uploads\/2025\/11\/img20251118182134767-768x473-1.jpg","width":768,"height":473},{"@type":"BreadcrumbList","@id":"https:\/\/noticiaempauta.com\/portal\/lei-antifaccao-metade-da-bancada-piauiense-vota-a-favor\/#breadcrumb","itemListElement":[{"@type":"ListItem","position":1,"name":"P\u00e1gina Inicial","item":"https:\/\/noticiaempauta.com\/portal\/"},{"@type":"ListItem","position":2,"name":"Destaques","item":"https:\/\/noticiaempauta.com\/portal\/destaques-site\/"},{"@type":"ListItem","position":3,"name":"Lei Antifac\u00e7\u00e3o: Metade da bancada piauiense vota a favor"}]},{"@type":"WebSite","@id":"https:\/\/noticiaempauta.com\/portal\/#website","url":"https:\/\/noticiaempauta.com\/portal\/","name":"Portal Not\u00edcia em Pauta","description":"Voc\u00ea bem informado","publisher":{"@id":"https:\/\/noticiaempauta.com\/portal\/#organization"},"potentialAction":[{"@type":"SearchAction","target":{"@type":"EntryPoint","urlTemplate":"https:\/\/noticiaempauta.com\/portal\/?s={search_term_string}"},"query-input":{"@type":"PropertyValueSpecification","valueRequired":true,"valueName":"search_term_string"}}],"inLanguage":"pt-BR"},{"@type":"Organization","@id":"https:\/\/noticiaempauta.com\/portal\/#organization","name":"Portal Not\u00edcia em Pauta","url":"https:\/\/noticiaempauta.com\/portal\/","logo":{"@type":"ImageObject","inLanguage":"pt-BR","@id":"https:\/\/noticiaempauta.com\/portal\/#\/schema\/logo\/image\/","url":"https:\/\/noticiaempauta.com\/portal\/wp-content\/uploads\/2022\/08\/logomarca_tema.fw_.png","contentUrl":"https:\/\/noticiaempauta.com\/portal\/wp-content\/uploads\/2022\/08\/logomarca_tema.fw_.png","width":400,"height":232,"caption":"Portal Not\u00edcia em Pauta"},"image":{"@id":"https:\/\/noticiaempauta.com\/portal\/#\/schema\/logo\/image\/"},"sameAs":["https:\/\/www.facebook.com\/Portal-Notcia-Em-Pauta-102292869264820\/","https:\/\/www.instagram.com\/portalnoticiaempauta\/"]},{"@type":"Person","@id":"https:\/\/noticiaempauta.com\/portal\/#\/schema\/person\/a74af43dd1ab3deca45f988c717d57ac","name":"Reda\u00e7\u00e3o","image":{"@type":"ImageObject","inLanguage":"pt-BR","@id":"https:\/\/noticiaempauta.com\/portal\/#\/schema\/person\/image\/","url":"https:\/\/secure.gravatar.com\/avatar\/03179346ecce6cdfc13361603e8f54242a90e5cde8618fa23c5c00aa2b0aadf3?s=96&d=mm&r=g","contentUrl":"https:\/\/secure.gravatar.com\/avatar\/03179346ecce6cdfc13361603e8f54242a90e5cde8618fa23c5c00aa2b0aadf3?s=96&d=mm&r=g","caption":"Reda\u00e7\u00e3o"},"sameAs":["https:\/\/noticiaempauta.com\/portal\/"],"url":"https:\/\/noticiaempauta.com\/portal\/author\/fernando\/"}]}},"_links":{"self":[{"href":"https:\/\/noticiaempauta.com\/portal\/wp-json\/wp\/v2\/posts\/280881","targetHints":{"allow":["GET"]}}],"collection":[{"href":"https:\/\/noticiaempauta.com\/portal\/wp-json\/wp\/v2\/posts"}],"about":[{"href":"https:\/\/noticiaempauta.com\/portal\/wp-json\/wp\/v2\/types\/post"}],"author":[{"embeddable":true,"href":"https:\/\/noticiaempauta.com\/portal\/wp-json\/wp\/v2\/users\/2"}],"replies":[{"embeddable":true,"href":"https:\/\/noticiaempauta.com\/portal\/wp-json\/wp\/v2\/comments?post=280881"}],"version-history":[{"count":2,"href":"https:\/\/noticiaempauta.com\/portal\/wp-json\/wp\/v2\/posts\/280881\/revisions"}],"predecessor-version":[{"id":280884,"href":"https:\/\/noticiaempauta.com\/portal\/wp-json\/wp\/v2\/posts\/280881\/revisions\/280884"}],"wp:featuredmedia":[{"embeddable":true,"href":"https:\/\/noticiaempauta.com\/portal\/wp-json\/wp\/v2\/media\/280882"}],"wp:attachment":[{"href":"https:\/\/noticiaempauta.com\/portal\/wp-json\/wp\/v2\/media?parent=280881"}],"wp:term":[{"taxonomy":"category","embeddable":true,"href":"https:\/\/noticiaempauta.com\/portal\/wp-json\/wp\/v2\/categories?post=280881"},{"taxonomy":"post_tag","embeddable":true,"href":"https:\/\/noticiaempauta.com\/portal\/wp-json\/wp\/v2\/tags?post=280881"}],"curies":[{"name":"wp","href":"https:\/\/api.w.org\/{rel}","templated":true}]}}