{"id":280895,"date":"2025-11-19T11:28:33","date_gmt":"2025-11-19T14:28:33","guid":{"rendered":"https:\/\/noticiaempauta.com\/portal\/?p=280895"},"modified":"2025-11-19T11:28:34","modified_gmt":"2025-11-19T14:28:34","slug":"parceria-entre-defesa-civil-municipal-e-cemaden-amplia-rede-de-monitoramento-de-risco-de-desastres-naturais-em-picos","status":"publish","type":"post","link":"https:\/\/noticiaempauta.com\/portal\/parceria-entre-defesa-civil-municipal-e-cemaden-amplia-rede-de-monitoramento-de-risco-de-desastres-naturais-em-picos\/","title":{"rendered":"Parceria entre Defesa Civil Municipal e CEMADEN amplia rede de monitoramento de risco de desastres naturais em Picos"},"content":{"rendered":"\n<p>O CEMADEN (Centro Nacional de Monitoramento e Alertas de Desastres Naturais), em parceria com a Defesa Civil Municipal, ampliou a rede de monitoramento de riscos de desastres naturais na cidade de Picos.<\/p>\n\n\n\n<figure class=\"wp-block-image size-full\"><img fetchpriority=\"high\" decoding=\"async\" width=\"640\" height=\"427\" src=\"https:\/\/noticiaempauta.com\/portal\/wp-content\/uploads\/2025\/11\/CCM_0223.jpg\" alt=\"\" class=\"wp-image-280896\" srcset=\"https:\/\/noticiaempauta.com\/portal\/wp-content\/uploads\/2025\/11\/CCM_0223.jpg 640w, https:\/\/noticiaempauta.com\/portal\/wp-content\/uploads\/2025\/11\/CCM_0223-300x200.jpg 300w\" sizes=\"(max-width: 640px) 100vw, 640px\" \/><\/figure>\n\n\n\n<p>Essa amplia\u00e7\u00e3o ocorreu atrav\u00e9s da instala\u00e7\u00e3o no munic\u00edpio picoense de mais uma Plataforma de Coleta de Dados, que \u00e9 conhecida popularmente como Pluvi\u00f4metro Autom\u00e1tico.<\/p>\n\n\n\n<p>T\u00e9cnicos da CEMADEN instalaram esse novo Pluvi\u00f4metro, nesta \u00faltima ter\u00e7a-feira (18), na sede do Campus do IFPI (Instituto Federal do Piau\u00ed), no Conjunto Habitacional de Moura Santos, que \u00e9 mais conhecido como Bairro Pantanal.<\/p>\n\n\n\n<figure class=\"wp-block-image size-full\"><img decoding=\"async\" width=\"640\" height=\"427\" src=\"https:\/\/noticiaempauta.com\/portal\/wp-content\/uploads\/2025\/11\/CCM_0190-2.jpg\" alt=\"\" class=\"wp-image-280897\" srcset=\"https:\/\/noticiaempauta.com\/portal\/wp-content\/uploads\/2025\/11\/CCM_0190-2.jpg 640w, https:\/\/noticiaempauta.com\/portal\/wp-content\/uploads\/2025\/11\/CCM_0190-2-300x200.jpg 300w\" sizes=\"(max-width: 640px) 100vw, 640px\" \/><\/figure>\n\n\n\n<p>O Engenheiro Civil da Defesa Civil Municipal, Gabriel Albano, explicou que os Pluvi\u00f4metros ir\u00e3o monitorar a quantidade e a intensidade das chuvas que ca\u00edrem na cidade.<\/p>\n\n\n\n<figure class=\"wp-block-image size-full\"><img decoding=\"async\" width=\"640\" height=\"427\" src=\"https:\/\/noticiaempauta.com\/portal\/wp-content\/uploads\/2025\/11\/CCM_0157-1.jpg\" alt=\"\" class=\"wp-image-280898\" srcset=\"https:\/\/noticiaempauta.com\/portal\/wp-content\/uploads\/2025\/11\/CCM_0157-1.jpg 640w, https:\/\/noticiaempauta.com\/portal\/wp-content\/uploads\/2025\/11\/CCM_0157-1-300x200.jpg 300w\" sizes=\"(max-width: 640px) 100vw, 640px\" \/><\/figure>\n\n\n\n<p>\u201cCom isso dados ser\u00e3o enviados para a central e a central ir\u00e1 emitir alertas de risco para a cidade\u201d, pontuou o Engenheiro Civil.<\/p>\n\n\n\n<figure class=\"wp-block-image size-full\"><img loading=\"lazy\" decoding=\"async\" width=\"1024\" height=\"683\" src=\"https:\/\/noticiaempauta.com\/portal\/wp-content\/uploads\/2025\/11\/CCM_0204-1024x683-1.jpg\" alt=\"\" class=\"wp-image-280899\" srcset=\"https:\/\/noticiaempauta.com\/portal\/wp-content\/uploads\/2025\/11\/CCM_0204-1024x683-1.jpg 1024w, https:\/\/noticiaempauta.com\/portal\/wp-content\/uploads\/2025\/11\/CCM_0204-1024x683-1-300x200.jpg 300w, https:\/\/noticiaempauta.com\/portal\/wp-content\/uploads\/2025\/11\/CCM_0204-1024x683-1-768x512.jpg 768w\" sizes=\"(max-width: 1024px) 100vw, 1024px\" \/><\/figure>\n\n\n\n<p>Ainda de acordo com Gabriel Albano, de posse desses dados, al\u00e9m dos alertas de desastres que ser\u00e3o emitidos, no que diz respeito a fortes chuvas, a Defesa Civil receber\u00e1 do pluvi\u00f4metro informa\u00e7\u00f5es que podem auxiliar em uma an\u00e1lise de risco e com isso poder\u00e1 prever deslizamentos de terra, enxurradas e inunda\u00e7\u00f5es.<\/p>\n\n\n\n<p>SECOM<\/p>\n","protected":false},"excerpt":{"rendered":"<p>O CEMADEN (Centro Nacional de Monitoramento e Alertas de Desastres Naturais), em parceria com a Defesa Civil Municipal, ampliou a rede de monitoramento de riscos de desastres naturais na cidade de Picos. Essa amplia\u00e7\u00e3o ocorreu atrav\u00e9s da instala\u00e7\u00e3o no munic\u00edpio picoense de mais uma Plataforma de Coleta de Dados, que \u00e9 conhecida popularmente como Pluvi\u00f4metro [&hellip;]<\/p>\n","protected":false},"author":2,"featured_media":280896,"comment_status":"open","ping_status":"open","sticky":false,"template":"","format":"standard","meta":{"_mi_skip_tracking":false,"footnotes":""},"categories":[25,1,16],"tags":[],"class_list":["post-280895","post","type-post","status-publish","format-standard","has-post-thumbnail","hentry","category-destaques-site","category-geral","category-todas"],"acf":[],"yoast_head":"<!-- This site is optimized with the Yoast SEO Premium plugin v19.2 (Yoast SEO v26.9) - https:\/\/yoast.com\/product\/yoast-seo-premium-wordpress\/ -->\n<title>Parceria entre Defesa Civil Municipal e CEMADEN amplia rede de monitoramento de risco de desastres naturais em Picos - Portal Not\u00edcia em Pauta<\/title>\n<meta name=\"robots\" content=\"index, follow, max-snippet:-1, max-image-preview:large, max-video-preview:-1\" \/>\n<link rel=\"canonical\" href=\"https:\/\/noticiaempauta.com\/portal\/parceria-entre-defesa-civil-municipal-e-cemaden-amplia-rede-de-monitoramento-de-risco-de-desastres-naturais-em-picos\/\" \/>\n<meta property=\"og:locale\" content=\"pt_BR\" \/>\n<meta property=\"og:type\" content=\"article\" \/>\n<meta property=\"og:title\" content=\"Parceria entre Defesa Civil Municipal e CEMADEN amplia rede de monitoramento de risco de desastres naturais em Picos\" \/>\n<meta property=\"og:description\" content=\"O CEMADEN (Centro Nacional de Monitoramento e Alertas de Desastres Naturais), em parceria com a Defesa Civil Municipal, ampliou a rede de monitoramento de riscos de desastres naturais na cidade de Picos. Essa amplia\u00e7\u00e3o ocorreu atrav\u00e9s da instala\u00e7\u00e3o no munic\u00edpio picoense de mais uma Plataforma de Coleta de Dados, que \u00e9 conhecida popularmente como Pluvi\u00f4metro [&hellip;]\" \/>\n<meta property=\"og:url\" content=\"https:\/\/noticiaempauta.com\/portal\/parceria-entre-defesa-civil-municipal-e-cemaden-amplia-rede-de-monitoramento-de-risco-de-desastres-naturais-em-picos\/\" \/>\n<meta property=\"og:site_name\" content=\"Portal Not\u00edcia em Pauta\" \/>\n<meta property=\"article:publisher\" content=\"https:\/\/www.facebook.com\/Portal-Notcia-Em-Pauta-102292869264820\/\" \/>\n<meta property=\"article:published_time\" content=\"2025-11-19T14:28:33+00:00\" \/>\n<meta property=\"article:modified_time\" content=\"2025-11-19T14:28:34+00:00\" \/>\n<meta property=\"og:image\" content=\"https:\/\/noticiaempauta.com\/portal\/wp-content\/uploads\/2025\/11\/CCM_0223.jpg\" \/>\n\t<meta property=\"og:image:width\" content=\"640\" \/>\n\t<meta property=\"og:image:height\" content=\"427\" \/>\n\t<meta property=\"og:image:type\" content=\"image\/jpeg\" \/>\n<meta name=\"author\" content=\"Reda\u00e7\u00e3o\" \/>\n<meta name=\"twitter:card\" content=\"summary_large_image\" \/>\n<meta name=\"twitter:label1\" content=\"Escrito por\" \/>\n\t<meta name=\"twitter:data1\" content=\"Reda\u00e7\u00e3o\" \/>\n\t<meta name=\"twitter:label2\" content=\"Est. tempo de leitura\" \/>\n\t<meta name=\"twitter:data2\" content=\"3 minutos\" \/>\n<script type=\"application\/ld+json\" class=\"yoast-schema-graph\">{\"@context\":\"https:\/\/schema.org\",\"@graph\":[{\"@type\":\"Article\",\"@id\":\"https:\/\/noticiaempauta.com\/portal\/parceria-entre-defesa-civil-municipal-e-cemaden-amplia-rede-de-monitoramento-de-risco-de-desastres-naturais-em-picos\/#article\",\"isPartOf\":{\"@id\":\"https:\/\/noticiaempauta.com\/portal\/parceria-entre-defesa-civil-municipal-e-cemaden-amplia-rede-de-monitoramento-de-risco-de-desastres-naturais-em-picos\/\"},\"author\":{\"name\":\"Reda\u00e7\u00e3o\",\"@id\":\"https:\/\/noticiaempauta.com\/portal\/#\/schema\/person\/a74af43dd1ab3deca45f988c717d57ac\"},\"headline\":\"Parceria entre Defesa Civil Municipal e CEMADEN amplia rede de monitoramento de risco de desastres naturais em Picos\",\"datePublished\":\"2025-11-19T14:28:33+00:00\",\"dateModified\":\"2025-11-19T14:28:34+00:00\",\"mainEntityOfPage\":{\"@id\":\"https:\/\/noticiaempauta.com\/portal\/parceria-entre-defesa-civil-municipal-e-cemaden-amplia-rede-de-monitoramento-de-risco-de-desastres-naturais-em-picos\/\"},\"wordCount\":225,\"commentCount\":0,\"publisher\":{\"@id\":\"https:\/\/noticiaempauta.com\/portal\/#organization\"},\"image\":{\"@id\":\"https:\/\/noticiaempauta.com\/portal\/parceria-entre-defesa-civil-municipal-e-cemaden-amplia-rede-de-monitoramento-de-risco-de-desastres-naturais-em-picos\/#primaryimage\"},\"thumbnailUrl\":\"https:\/\/noticiaempauta.com\/portal\/wp-content\/uploads\/2025\/11\/CCM_0223.jpg\",\"articleSection\":[\"Destaques\",\"Geral\",\"Todas as Not\u00edcias\"],\"inLanguage\":\"pt-BR\",\"potentialAction\":[{\"@type\":\"CommentAction\",\"name\":\"Comment\",\"target\":[\"https:\/\/noticiaempauta.com\/portal\/parceria-entre-defesa-civil-municipal-e-cemaden-amplia-rede-de-monitoramento-de-risco-de-desastres-naturais-em-picos\/#respond\"]}]},{\"@type\":\"WebPage\",\"@id\":\"https:\/\/noticiaempauta.com\/portal\/parceria-entre-defesa-civil-municipal-e-cemaden-amplia-rede-de-monitoramento-de-risco-de-desastres-naturais-em-picos\/\",\"url\":\"https:\/\/noticiaempauta.com\/portal\/parceria-entre-defesa-civil-municipal-e-cemaden-amplia-rede-de-monitoramento-de-risco-de-desastres-naturais-em-picos\/\",\"name\":\"Parceria entre Defesa Civil Municipal e CEMADEN amplia rede de monitoramento de risco de desastres naturais em Picos - Portal Not\u00edcia em Pauta\",\"isPartOf\":{\"@id\":\"https:\/\/noticiaempauta.com\/portal\/#website\"},\"primaryImageOfPage\":{\"@id\":\"https:\/\/noticiaempauta.com\/portal\/parceria-entre-defesa-civil-municipal-e-cemaden-amplia-rede-de-monitoramento-de-risco-de-desastres-naturais-em-picos\/#primaryimage\"},\"image\":{\"@id\":\"https:\/\/noticiaempauta.com\/portal\/parceria-entre-defesa-civil-municipal-e-cemaden-amplia-rede-de-monitoramento-de-risco-de-desastres-naturais-em-picos\/#primaryimage\"},\"thumbnailUrl\":\"https:\/\/noticiaempauta.com\/portal\/wp-content\/uploads\/2025\/11\/CCM_0223.jpg\",\"datePublished\":\"2025-11-19T14:28:33+00:00\",\"dateModified\":\"2025-11-19T14:28:34+00:00\",\"breadcrumb\":{\"@id\":\"https:\/\/noticiaempauta.com\/portal\/parceria-entre-defesa-civil-municipal-e-cemaden-amplia-rede-de-monitoramento-de-risco-de-desastres-naturais-em-picos\/#breadcrumb\"},\"inLanguage\":\"pt-BR\",\"potentialAction\":[{\"@type\":\"ReadAction\",\"target\":[\"https:\/\/noticiaempauta.com\/portal\/parceria-entre-defesa-civil-municipal-e-cemaden-amplia-rede-de-monitoramento-de-risco-de-desastres-naturais-em-picos\/\"]}]},{\"@type\":\"ImageObject\",\"inLanguage\":\"pt-BR\",\"@id\":\"https:\/\/noticiaempauta.com\/portal\/parceria-entre-defesa-civil-municipal-e-cemaden-amplia-rede-de-monitoramento-de-risco-de-desastres-naturais-em-picos\/#primaryimage\",\"url\":\"https:\/\/noticiaempauta.com\/portal\/wp-content\/uploads\/2025\/11\/CCM_0223.jpg\",\"contentUrl\":\"https:\/\/noticiaempauta.com\/portal\/wp-content\/uploads\/2025\/11\/CCM_0223.jpg\",\"width\":640,\"height\":427},{\"@type\":\"BreadcrumbList\",\"@id\":\"https:\/\/noticiaempauta.com\/portal\/parceria-entre-defesa-civil-municipal-e-cemaden-amplia-rede-de-monitoramento-de-risco-de-desastres-naturais-em-picos\/#breadcrumb\",\"itemListElement\":[{\"@type\":\"ListItem\",\"position\":1,\"name\":\"P\u00e1gina Inicial\",\"item\":\"https:\/\/noticiaempauta.com\/portal\/\"},{\"@type\":\"ListItem\",\"position\":2,\"name\":\"Destaques\",\"item\":\"https:\/\/noticiaempauta.com\/portal\/destaques-site\/\"},{\"@type\":\"ListItem\",\"position\":3,\"name\":\"Parceria entre Defesa Civil Municipal e CEMADEN amplia rede de monitoramento de risco de desastres naturais em Picos\"}]},{\"@type\":\"WebSite\",\"@id\":\"https:\/\/noticiaempauta.com\/portal\/#website\",\"url\":\"https:\/\/noticiaempauta.com\/portal\/\",\"name\":\"Portal Not\u00edcia em Pauta\",\"description\":\"Voc\u00ea bem informado\",\"publisher\":{\"@id\":\"https:\/\/noticiaempauta.com\/portal\/#organization\"},\"potentialAction\":[{\"@type\":\"SearchAction\",\"target\":{\"@type\":\"EntryPoint\",\"urlTemplate\":\"https:\/\/noticiaempauta.com\/portal\/?s={search_term_string}\"},\"query-input\":{\"@type\":\"PropertyValueSpecification\",\"valueRequired\":true,\"valueName\":\"search_term_string\"}}],\"inLanguage\":\"pt-BR\"},{\"@type\":\"Organization\",\"@id\":\"https:\/\/noticiaempauta.com\/portal\/#organization\",\"name\":\"Portal Not\u00edcia em Pauta\",\"url\":\"https:\/\/noticiaempauta.com\/portal\/\",\"logo\":{\"@type\":\"ImageObject\",\"inLanguage\":\"pt-BR\",\"@id\":\"https:\/\/noticiaempauta.com\/portal\/#\/schema\/logo\/image\/\",\"url\":\"https:\/\/noticiaempauta.com\/portal\/wp-content\/uploads\/2022\/08\/logomarca_tema.fw_.png\",\"contentUrl\":\"https:\/\/noticiaempauta.com\/portal\/wp-content\/uploads\/2022\/08\/logomarca_tema.fw_.png\",\"width\":400,\"height\":232,\"caption\":\"Portal Not\u00edcia em Pauta\"},\"image\":{\"@id\":\"https:\/\/noticiaempauta.com\/portal\/#\/schema\/logo\/image\/\"},\"sameAs\":[\"https:\/\/www.facebook.com\/Portal-Notcia-Em-Pauta-102292869264820\/\",\"https:\/\/www.instagram.com\/portalnoticiaempauta\/\"]},{\"@type\":\"Person\",\"@id\":\"https:\/\/noticiaempauta.com\/portal\/#\/schema\/person\/a74af43dd1ab3deca45f988c717d57ac\",\"name\":\"Reda\u00e7\u00e3o\",\"image\":{\"@type\":\"ImageObject\",\"inLanguage\":\"pt-BR\",\"@id\":\"https:\/\/noticiaempauta.com\/portal\/#\/schema\/person\/image\/\",\"url\":\"https:\/\/secure.gravatar.com\/avatar\/03179346ecce6cdfc13361603e8f54242a90e5cde8618fa23c5c00aa2b0aadf3?s=96&d=mm&r=g\",\"contentUrl\":\"https:\/\/secure.gravatar.com\/avatar\/03179346ecce6cdfc13361603e8f54242a90e5cde8618fa23c5c00aa2b0aadf3?s=96&d=mm&r=g\",\"caption\":\"Reda\u00e7\u00e3o\"},\"sameAs\":[\"https:\/\/noticiaempauta.com\/portal\/\"],\"url\":\"https:\/\/noticiaempauta.com\/portal\/author\/fernando\/\"}]}<\/script>\n<!-- \/ Yoast SEO Premium plugin. -->","yoast_head_json":{"title":"Parceria entre Defesa Civil Municipal e CEMADEN amplia rede de monitoramento de risco de desastres naturais em Picos - Portal Not\u00edcia em Pauta","robots":{"index":"index","follow":"follow","max-snippet":"max-snippet:-1","max-image-preview":"max-image-preview:large","max-video-preview":"max-video-preview:-1"},"canonical":"https:\/\/noticiaempauta.com\/portal\/parceria-entre-defesa-civil-municipal-e-cemaden-amplia-rede-de-monitoramento-de-risco-de-desastres-naturais-em-picos\/","og_locale":"pt_BR","og_type":"article","og_title":"Parceria entre Defesa Civil Municipal e CEMADEN amplia rede de monitoramento de risco de desastres naturais em Picos","og_description":"O CEMADEN (Centro Nacional de Monitoramento e Alertas de Desastres Naturais), em parceria com a Defesa Civil Municipal, ampliou a rede de monitoramento de riscos de desastres naturais na cidade de Picos. Essa amplia\u00e7\u00e3o ocorreu atrav\u00e9s da instala\u00e7\u00e3o no munic\u00edpio picoense de mais uma Plataforma de Coleta de Dados, que \u00e9 conhecida popularmente como Pluvi\u00f4metro [&hellip;]","og_url":"https:\/\/noticiaempauta.com\/portal\/parceria-entre-defesa-civil-municipal-e-cemaden-amplia-rede-de-monitoramento-de-risco-de-desastres-naturais-em-picos\/","og_site_name":"Portal Not\u00edcia em Pauta","article_publisher":"https:\/\/www.facebook.com\/Portal-Notcia-Em-Pauta-102292869264820\/","article_published_time":"2025-11-19T14:28:33+00:00","article_modified_time":"2025-11-19T14:28:34+00:00","og_image":[{"width":640,"height":427,"url":"https:\/\/noticiaempauta.com\/portal\/wp-content\/uploads\/2025\/11\/CCM_0223.jpg","type":"image\/jpeg"}],"author":"Reda\u00e7\u00e3o","twitter_card":"summary_large_image","twitter_misc":{"Escrito por":"Reda\u00e7\u00e3o","Est. tempo de leitura":"3 minutos"},"schema":{"@context":"https:\/\/schema.org","@graph":[{"@type":"Article","@id":"https:\/\/noticiaempauta.com\/portal\/parceria-entre-defesa-civil-municipal-e-cemaden-amplia-rede-de-monitoramento-de-risco-de-desastres-naturais-em-picos\/#article","isPartOf":{"@id":"https:\/\/noticiaempauta.com\/portal\/parceria-entre-defesa-civil-municipal-e-cemaden-amplia-rede-de-monitoramento-de-risco-de-desastres-naturais-em-picos\/"},"author":{"name":"Reda\u00e7\u00e3o","@id":"https:\/\/noticiaempauta.com\/portal\/#\/schema\/person\/a74af43dd1ab3deca45f988c717d57ac"},"headline":"Parceria entre Defesa Civil Municipal e CEMADEN amplia rede de monitoramento de risco de desastres naturais em Picos","datePublished":"2025-11-19T14:28:33+00:00","dateModified":"2025-11-19T14:28:34+00:00","mainEntityOfPage":{"@id":"https:\/\/noticiaempauta.com\/portal\/parceria-entre-defesa-civil-municipal-e-cemaden-amplia-rede-de-monitoramento-de-risco-de-desastres-naturais-em-picos\/"},"wordCount":225,"commentCount":0,"publisher":{"@id":"https:\/\/noticiaempauta.com\/portal\/#organization"},"image":{"@id":"https:\/\/noticiaempauta.com\/portal\/parceria-entre-defesa-civil-municipal-e-cemaden-amplia-rede-de-monitoramento-de-risco-de-desastres-naturais-em-picos\/#primaryimage"},"thumbnailUrl":"https:\/\/noticiaempauta.com\/portal\/wp-content\/uploads\/2025\/11\/CCM_0223.jpg","articleSection":["Destaques","Geral","Todas as Not\u00edcias"],"inLanguage":"pt-BR","potentialAction":[{"@type":"CommentAction","name":"Comment","target":["https:\/\/noticiaempauta.com\/portal\/parceria-entre-defesa-civil-municipal-e-cemaden-amplia-rede-de-monitoramento-de-risco-de-desastres-naturais-em-picos\/#respond"]}]},{"@type":"WebPage","@id":"https:\/\/noticiaempauta.com\/portal\/parceria-entre-defesa-civil-municipal-e-cemaden-amplia-rede-de-monitoramento-de-risco-de-desastres-naturais-em-picos\/","url":"https:\/\/noticiaempauta.com\/portal\/parceria-entre-defesa-civil-municipal-e-cemaden-amplia-rede-de-monitoramento-de-risco-de-desastres-naturais-em-picos\/","name":"Parceria entre Defesa Civil Municipal e CEMADEN amplia rede de monitoramento de risco de desastres naturais em Picos - Portal Not\u00edcia em Pauta","isPartOf":{"@id":"https:\/\/noticiaempauta.com\/portal\/#website"},"primaryImageOfPage":{"@id":"https:\/\/noticiaempauta.com\/portal\/parceria-entre-defesa-civil-municipal-e-cemaden-amplia-rede-de-monitoramento-de-risco-de-desastres-naturais-em-picos\/#primaryimage"},"image":{"@id":"https:\/\/noticiaempauta.com\/portal\/parceria-entre-defesa-civil-municipal-e-cemaden-amplia-rede-de-monitoramento-de-risco-de-desastres-naturais-em-picos\/#primaryimage"},"thumbnailUrl":"https:\/\/noticiaempauta.com\/portal\/wp-content\/uploads\/2025\/11\/CCM_0223.jpg","datePublished":"2025-11-19T14:28:33+00:00","dateModified":"2025-11-19T14:28:34+00:00","breadcrumb":{"@id":"https:\/\/noticiaempauta.com\/portal\/parceria-entre-defesa-civil-municipal-e-cemaden-amplia-rede-de-monitoramento-de-risco-de-desastres-naturais-em-picos\/#breadcrumb"},"inLanguage":"pt-BR","potentialAction":[{"@type":"ReadAction","target":["https:\/\/noticiaempauta.com\/portal\/parceria-entre-defesa-civil-municipal-e-cemaden-amplia-rede-de-monitoramento-de-risco-de-desastres-naturais-em-picos\/"]}]},{"@type":"ImageObject","inLanguage":"pt-BR","@id":"https:\/\/noticiaempauta.com\/portal\/parceria-entre-defesa-civil-municipal-e-cemaden-amplia-rede-de-monitoramento-de-risco-de-desastres-naturais-em-picos\/#primaryimage","url":"https:\/\/noticiaempauta.com\/portal\/wp-content\/uploads\/2025\/11\/CCM_0223.jpg","contentUrl":"https:\/\/noticiaempauta.com\/portal\/wp-content\/uploads\/2025\/11\/CCM_0223.jpg","width":640,"height":427},{"@type":"BreadcrumbList","@id":"https:\/\/noticiaempauta.com\/portal\/parceria-entre-defesa-civil-municipal-e-cemaden-amplia-rede-de-monitoramento-de-risco-de-desastres-naturais-em-picos\/#breadcrumb","itemListElement":[{"@type":"ListItem","position":1,"name":"P\u00e1gina Inicial","item":"https:\/\/noticiaempauta.com\/portal\/"},{"@type":"ListItem","position":2,"name":"Destaques","item":"https:\/\/noticiaempauta.com\/portal\/destaques-site\/"},{"@type":"ListItem","position":3,"name":"Parceria entre Defesa Civil Municipal e CEMADEN amplia rede de monitoramento de risco de desastres naturais em Picos"}]},{"@type":"WebSite","@id":"https:\/\/noticiaempauta.com\/portal\/#website","url":"https:\/\/noticiaempauta.com\/portal\/","name":"Portal Not\u00edcia em Pauta","description":"Voc\u00ea bem informado","publisher":{"@id":"https:\/\/noticiaempauta.com\/portal\/#organization"},"potentialAction":[{"@type":"SearchAction","target":{"@type":"EntryPoint","urlTemplate":"https:\/\/noticiaempauta.com\/portal\/?s={search_term_string}"},"query-input":{"@type":"PropertyValueSpecification","valueRequired":true,"valueName":"search_term_string"}}],"inLanguage":"pt-BR"},{"@type":"Organization","@id":"https:\/\/noticiaempauta.com\/portal\/#organization","name":"Portal Not\u00edcia em Pauta","url":"https:\/\/noticiaempauta.com\/portal\/","logo":{"@type":"ImageObject","inLanguage":"pt-BR","@id":"https:\/\/noticiaempauta.com\/portal\/#\/schema\/logo\/image\/","url":"https:\/\/noticiaempauta.com\/portal\/wp-content\/uploads\/2022\/08\/logomarca_tema.fw_.png","contentUrl":"https:\/\/noticiaempauta.com\/portal\/wp-content\/uploads\/2022\/08\/logomarca_tema.fw_.png","width":400,"height":232,"caption":"Portal Not\u00edcia em Pauta"},"image":{"@id":"https:\/\/noticiaempauta.com\/portal\/#\/schema\/logo\/image\/"},"sameAs":["https:\/\/www.facebook.com\/Portal-Notcia-Em-Pauta-102292869264820\/","https:\/\/www.instagram.com\/portalnoticiaempauta\/"]},{"@type":"Person","@id":"https:\/\/noticiaempauta.com\/portal\/#\/schema\/person\/a74af43dd1ab3deca45f988c717d57ac","name":"Reda\u00e7\u00e3o","image":{"@type":"ImageObject","inLanguage":"pt-BR","@id":"https:\/\/noticiaempauta.com\/portal\/#\/schema\/person\/image\/","url":"https:\/\/secure.gravatar.com\/avatar\/03179346ecce6cdfc13361603e8f54242a90e5cde8618fa23c5c00aa2b0aadf3?s=96&d=mm&r=g","contentUrl":"https:\/\/secure.gravatar.com\/avatar\/03179346ecce6cdfc13361603e8f54242a90e5cde8618fa23c5c00aa2b0aadf3?s=96&d=mm&r=g","caption":"Reda\u00e7\u00e3o"},"sameAs":["https:\/\/noticiaempauta.com\/portal\/"],"url":"https:\/\/noticiaempauta.com\/portal\/author\/fernando\/"}]}},"_links":{"self":[{"href":"https:\/\/noticiaempauta.com\/portal\/wp-json\/wp\/v2\/posts\/280895","targetHints":{"allow":["GET"]}}],"collection":[{"href":"https:\/\/noticiaempauta.com\/portal\/wp-json\/wp\/v2\/posts"}],"about":[{"href":"https:\/\/noticiaempauta.com\/portal\/wp-json\/wp\/v2\/types\/post"}],"author":[{"embeddable":true,"href":"https:\/\/noticiaempauta.com\/portal\/wp-json\/wp\/v2\/users\/2"}],"replies":[{"embeddable":true,"href":"https:\/\/noticiaempauta.com\/portal\/wp-json\/wp\/v2\/comments?post=280895"}],"version-history":[{"count":2,"href":"https:\/\/noticiaempauta.com\/portal\/wp-json\/wp\/v2\/posts\/280895\/revisions"}],"predecessor-version":[{"id":280901,"href":"https:\/\/noticiaempauta.com\/portal\/wp-json\/wp\/v2\/posts\/280895\/revisions\/280901"}],"wp:featuredmedia":[{"embeddable":true,"href":"https:\/\/noticiaempauta.com\/portal\/wp-json\/wp\/v2\/media\/280896"}],"wp:attachment":[{"href":"https:\/\/noticiaempauta.com\/portal\/wp-json\/wp\/v2\/media?parent=280895"}],"wp:term":[{"taxonomy":"category","embeddable":true,"href":"https:\/\/noticiaempauta.com\/portal\/wp-json\/wp\/v2\/categories?post=280895"},{"taxonomy":"post_tag","embeddable":true,"href":"https:\/\/noticiaempauta.com\/portal\/wp-json\/wp\/v2\/tags?post=280895"}],"curies":[{"name":"wp","href":"https:\/\/api.w.org\/{rel}","templated":true}]}}