{"id":280902,"date":"2025-11-19T15:28:36","date_gmt":"2025-11-19T18:28:36","guid":{"rendered":"https:\/\/noticiaempauta.com\/portal\/?p=280902"},"modified":"2025-11-19T15:28:37","modified_gmt":"2025-11-19T18:28:37","slug":"empossados-novos-servidores-da-assembleia-legislativa-do-piaui","status":"publish","type":"post","link":"https:\/\/noticiaempauta.com\/portal\/empossados-novos-servidores-da-assembleia-legislativa-do-piaui\/","title":{"rendered":"Empossados novos servidores da Assembleia Legislativa do Piau\u00ed"},"content":{"rendered":"\n<p>Os novos servidores foram recepcionados no Plen\u00e1rio Waldemar Mac\u00eado pelo presidente da Casa, Severo Eul\u00e1lio (MDB); pelo vice-presidente, deputado Francisco Limma (PT); pelo primeiro secret\u00e1rio da Mesa, deputado Wilson Brand\u00e3o (PP); e pelo deputado Marden Menezes (PSD).<\/p>\n\n\n\n<p>Os rec\u00e9m-empossados integram o grupo de 62 candidatos aprovados no concurso finalizado no ano passado pela Alepi. Eles ocupar\u00e3o cargos de analistas e t\u00e9cnicos legislativos nas \u00e1reas de Contabilidade, Controle Interno, Desenvolvimento e Implanta\u00e7\u00e3o de Sistema, Designer, Direito Previdenci\u00e1rio, Reda\u00e7\u00e3o e Revis\u00e3o de Textos, Eletricista e Seguran\u00e7a do Trabalho.<\/p>\n\n\n\n<figure class=\"wp-block-image size-full\"><img fetchpriority=\"high\" decoding=\"async\" width=\"600\" height=\"400\" src=\"https:\/\/noticiaempauta.com\/portal\/wp-content\/uploads\/2025\/11\/image_assessoria-17.jpeg\" alt=\"\" class=\"wp-image-280903\" srcset=\"https:\/\/noticiaempauta.com\/portal\/wp-content\/uploads\/2025\/11\/image_assessoria-17.jpeg 600w, https:\/\/noticiaempauta.com\/portal\/wp-content\/uploads\/2025\/11\/image_assessoria-17-300x200.jpeg 300w\" sizes=\"(max-width: 600px) 100vw, 600px\" \/><\/figure>\n\n\n\n<p>\u201cCada servidor que ingressa traz compet\u00eancia t\u00e9cnica, comprometimento e novas perspectivas, fortalecendo nossa capacidade de atender melhor a popula\u00e7\u00e3o. Servi\u00e7o p\u00fablico s\u00f3 se sustenta com profissionais qualificados, motivados e comprometidos com o interesse coletivo. Por isso, a chegada de voc\u00eas, \u00e9 t\u00e3o importante. Renova equipes, melhora a efici\u00eancia, assegura a continuidade institucional, amplia a qualidade de pol\u00edticas p\u00fablicas\u201d, disse Severo ao parabenizar os empossados.<br><br>Aprovado para o cargo de analista, Carlos Monteiro discursou em nome do grupo, agradecendo aos familiares e amigos que acompanharam a jornada dos agora servidores p\u00fablicos. \u201cIngressar na Assembleia Legislativa do Piau\u00ed \u00e9 um grande privil\u00e9gio, mas \u00e9 tamb\u00e9m uma responsabilidade enorme. Esta Casa \u00e9 o cora\u00e7\u00e3o democr\u00e1tico do estado do Piau\u00ed, onde se debatem ideias, onde se elaboram leis, onde se fiscaliza, onde a sociedade encontra eco para as suas demandas. Ser servidor da Alepi \u00e9 contribuir diretamente para esse processo\u201d, frisou.<br><br>Os primeiros 26 aprovados neste concurso j\u00e1 haviam sido empossados em setembro do ano passado. Em outubro deste ano foi nomeada a segunda leva, formada por 15 aprovados, mas apenas 11 participaram da posse coletiva desta quarta-feira. \u201cDois requisitaram \u2018final de fila\u2019, um ainda n\u00e3o compareceu e um est\u00e1 com documenta\u00e7\u00e3o pendente at\u00e9 o momento. Lembrando que ainda h\u00e1 prazo para apresenta\u00e7\u00e3o e posse\u201d, disse a presidente da Comiss\u00e3o Organizadora do Concurso, Nayara Suyanne.<br><br>A mesa de honra do evento tamb\u00e9m contou com a presen\u00e7a do secret\u00e1rio-geral da Mesa Diretora da Alepi, ex-deputado Luciano Nunes; do diretor-geral da Alepi, Evandro Hidd; do controlador-geral da Alepi, S\u00e1vio Portela; e da procuradora-geral da OAB Piau\u00ed, L\u00edvia Le\u00e3o, na qualidade de representante do presidente da entidade, Raimundo J\u00fanior.<br><br><br><strong>Servidores empossados nesta quarta-feira:<br><\/strong><br>TATIANA NORBERTA DA SILVA<br>BRENDO S\u00c1 ANDRE<br>MAYDSON DE AZEVEDO PACHECO<br>FRANCIM\u00c1RIO ABREU SILVA<br>WALLYSON SOUZA CASTRO<br>THAYANN MARCELLO ALMEIDA OLIVEIRA<br>CARLOS MENDES MONTEIRO DA ROCHA<br>JOANA GABRIELA DE OLIVEIRA IBIAPINA<br>URZIANA DAMASCENO VIANA DE MORAES<br>JOS\u00c9 DE RIBAMAR MONTEIRO J\u00daNIOR<br>RENAN SANTOS DE S\u00c1 CARVALHO<br><\/p>\n\n\n\n<p>Fonte: Alepi<\/p>\n","protected":false},"excerpt":{"rendered":"<p>Os novos servidores foram recepcionados no Plen\u00e1rio Waldemar Mac\u00eado pelo presidente da Casa, Severo Eul\u00e1lio (MDB); pelo vice-presidente, deputado Francisco Limma (PT); pelo primeiro secret\u00e1rio da Mesa, deputado Wilson Brand\u00e3o (PP); e pelo deputado Marden Menezes (PSD). Os rec\u00e9m-empossados integram o grupo de 62 candidatos aprovados no concurso finalizado no ano passado pela Alepi. Eles [&hellip;]<\/p>\n","protected":false},"author":2,"featured_media":280903,"comment_status":"open","ping_status":"open","sticky":false,"template":"","format":"standard","meta":{"_mi_skip_tracking":false,"footnotes":""},"categories":[25,1,16],"tags":[192],"class_list":["post-280902","post","type-post","status-publish","format-standard","has-post-thumbnail","hentry","category-destaques-site","category-geral","category-todas","tag-destaqueprincipal"],"acf":[],"yoast_head":"<!-- This site is optimized with the Yoast SEO Premium plugin v19.2 (Yoast SEO v26.9) - https:\/\/yoast.com\/product\/yoast-seo-premium-wordpress\/ -->\n<title>Empossados novos servidores da Assembleia Legislativa do Piau\u00ed - Portal Not\u00edcia em Pauta<\/title>\n<meta name=\"robots\" content=\"index, follow, max-snippet:-1, max-image-preview:large, max-video-preview:-1\" \/>\n<link rel=\"canonical\" href=\"https:\/\/noticiaempauta.com\/portal\/empossados-novos-servidores-da-assembleia-legislativa-do-piaui\/\" \/>\n<meta property=\"og:locale\" content=\"pt_BR\" \/>\n<meta property=\"og:type\" content=\"article\" \/>\n<meta property=\"og:title\" content=\"Empossados novos servidores da Assembleia Legislativa do Piau\u00ed\" \/>\n<meta property=\"og:description\" content=\"Os novos servidores foram recepcionados no Plen\u00e1rio Waldemar Mac\u00eado pelo presidente da Casa, Severo Eul\u00e1lio (MDB); pelo vice-presidente, deputado Francisco Limma (PT); pelo primeiro secret\u00e1rio da Mesa, deputado Wilson Brand\u00e3o (PP); e pelo deputado Marden Menezes (PSD). Os rec\u00e9m-empossados integram o grupo de 62 candidatos aprovados no concurso finalizado no ano passado pela Alepi. Eles [&hellip;]\" \/>\n<meta property=\"og:url\" content=\"https:\/\/noticiaempauta.com\/portal\/empossados-novos-servidores-da-assembleia-legislativa-do-piaui\/\" \/>\n<meta property=\"og:site_name\" content=\"Portal Not\u00edcia em Pauta\" \/>\n<meta property=\"article:publisher\" content=\"https:\/\/www.facebook.com\/Portal-Notcia-Em-Pauta-102292869264820\/\" \/>\n<meta property=\"article:published_time\" content=\"2025-11-19T18:28:36+00:00\" \/>\n<meta property=\"article:modified_time\" content=\"2025-11-19T18:28:37+00:00\" \/>\n<meta property=\"og:image\" content=\"https:\/\/noticiaempauta.com\/portal\/wp-content\/uploads\/2025\/11\/image_assessoria-17.jpeg\" \/>\n\t<meta property=\"og:image:width\" content=\"600\" \/>\n\t<meta property=\"og:image:height\" content=\"400\" \/>\n\t<meta property=\"og:image:type\" content=\"image\/jpeg\" \/>\n<meta name=\"author\" content=\"Reda\u00e7\u00e3o\" \/>\n<meta name=\"twitter:card\" content=\"summary_large_image\" \/>\n<meta name=\"twitter:label1\" content=\"Escrito por\" \/>\n\t<meta name=\"twitter:data1\" content=\"Reda\u00e7\u00e3o\" \/>\n\t<meta name=\"twitter:label2\" content=\"Est. tempo de leitura\" \/>\n\t<meta name=\"twitter:data2\" content=\"3 minutos\" \/>\n<script type=\"application\/ld+json\" class=\"yoast-schema-graph\">{\"@context\":\"https:\/\/schema.org\",\"@graph\":[{\"@type\":\"Article\",\"@id\":\"https:\/\/noticiaempauta.com\/portal\/empossados-novos-servidores-da-assembleia-legislativa-do-piaui\/#article\",\"isPartOf\":{\"@id\":\"https:\/\/noticiaempauta.com\/portal\/empossados-novos-servidores-da-assembleia-legislativa-do-piaui\/\"},\"author\":{\"name\":\"Reda\u00e7\u00e3o\",\"@id\":\"https:\/\/noticiaempauta.com\/portal\/#\/schema\/person\/a74af43dd1ab3deca45f988c717d57ac\"},\"headline\":\"Empossados novos servidores da Assembleia Legislativa do Piau\u00ed\",\"datePublished\":\"2025-11-19T18:28:36+00:00\",\"dateModified\":\"2025-11-19T18:28:37+00:00\",\"mainEntityOfPage\":{\"@id\":\"https:\/\/noticiaempauta.com\/portal\/empossados-novos-servidores-da-assembleia-legislativa-do-piaui\/\"},\"wordCount\":440,\"commentCount\":0,\"publisher\":{\"@id\":\"https:\/\/noticiaempauta.com\/portal\/#organization\"},\"image\":{\"@id\":\"https:\/\/noticiaempauta.com\/portal\/empossados-novos-servidores-da-assembleia-legislativa-do-piaui\/#primaryimage\"},\"thumbnailUrl\":\"https:\/\/noticiaempauta.com\/portal\/wp-content\/uploads\/2025\/11\/image_assessoria-17.jpeg\",\"keywords\":[\"destaqueprincipal\"],\"articleSection\":[\"Destaques\",\"Geral\",\"Todas as Not\u00edcias\"],\"inLanguage\":\"pt-BR\",\"potentialAction\":[{\"@type\":\"CommentAction\",\"name\":\"Comment\",\"target\":[\"https:\/\/noticiaempauta.com\/portal\/empossados-novos-servidores-da-assembleia-legislativa-do-piaui\/#respond\"]}]},{\"@type\":\"WebPage\",\"@id\":\"https:\/\/noticiaempauta.com\/portal\/empossados-novos-servidores-da-assembleia-legislativa-do-piaui\/\",\"url\":\"https:\/\/noticiaempauta.com\/portal\/empossados-novos-servidores-da-assembleia-legislativa-do-piaui\/\",\"name\":\"Empossados novos servidores da Assembleia Legislativa do Piau\u00ed - Portal Not\u00edcia em Pauta\",\"isPartOf\":{\"@id\":\"https:\/\/noticiaempauta.com\/portal\/#website\"},\"primaryImageOfPage\":{\"@id\":\"https:\/\/noticiaempauta.com\/portal\/empossados-novos-servidores-da-assembleia-legislativa-do-piaui\/#primaryimage\"},\"image\":{\"@id\":\"https:\/\/noticiaempauta.com\/portal\/empossados-novos-servidores-da-assembleia-legislativa-do-piaui\/#primaryimage\"},\"thumbnailUrl\":\"https:\/\/noticiaempauta.com\/portal\/wp-content\/uploads\/2025\/11\/image_assessoria-17.jpeg\",\"datePublished\":\"2025-11-19T18:28:36+00:00\",\"dateModified\":\"2025-11-19T18:28:37+00:00\",\"breadcrumb\":{\"@id\":\"https:\/\/noticiaempauta.com\/portal\/empossados-novos-servidores-da-assembleia-legislativa-do-piaui\/#breadcrumb\"},\"inLanguage\":\"pt-BR\",\"potentialAction\":[{\"@type\":\"ReadAction\",\"target\":[\"https:\/\/noticiaempauta.com\/portal\/empossados-novos-servidores-da-assembleia-legislativa-do-piaui\/\"]}]},{\"@type\":\"ImageObject\",\"inLanguage\":\"pt-BR\",\"@id\":\"https:\/\/noticiaempauta.com\/portal\/empossados-novos-servidores-da-assembleia-legislativa-do-piaui\/#primaryimage\",\"url\":\"https:\/\/noticiaempauta.com\/portal\/wp-content\/uploads\/2025\/11\/image_assessoria-17.jpeg\",\"contentUrl\":\"https:\/\/noticiaempauta.com\/portal\/wp-content\/uploads\/2025\/11\/image_assessoria-17.jpeg\",\"width\":600,\"height\":400},{\"@type\":\"BreadcrumbList\",\"@id\":\"https:\/\/noticiaempauta.com\/portal\/empossados-novos-servidores-da-assembleia-legislativa-do-piaui\/#breadcrumb\",\"itemListElement\":[{\"@type\":\"ListItem\",\"position\":1,\"name\":\"P\u00e1gina Inicial\",\"item\":\"https:\/\/noticiaempauta.com\/portal\/\"},{\"@type\":\"ListItem\",\"position\":2,\"name\":\"Destaques\",\"item\":\"https:\/\/noticiaempauta.com\/portal\/destaques-site\/\"},{\"@type\":\"ListItem\",\"position\":3,\"name\":\"Empossados novos servidores da Assembleia Legislativa do Piau\u00ed\"}]},{\"@type\":\"WebSite\",\"@id\":\"https:\/\/noticiaempauta.com\/portal\/#website\",\"url\":\"https:\/\/noticiaempauta.com\/portal\/\",\"name\":\"Portal Not\u00edcia em Pauta\",\"description\":\"Voc\u00ea bem informado\",\"publisher\":{\"@id\":\"https:\/\/noticiaempauta.com\/portal\/#organization\"},\"potentialAction\":[{\"@type\":\"SearchAction\",\"target\":{\"@type\":\"EntryPoint\",\"urlTemplate\":\"https:\/\/noticiaempauta.com\/portal\/?s={search_term_string}\"},\"query-input\":{\"@type\":\"PropertyValueSpecification\",\"valueRequired\":true,\"valueName\":\"search_term_string\"}}],\"inLanguage\":\"pt-BR\"},{\"@type\":\"Organization\",\"@id\":\"https:\/\/noticiaempauta.com\/portal\/#organization\",\"name\":\"Portal Not\u00edcia em Pauta\",\"url\":\"https:\/\/noticiaempauta.com\/portal\/\",\"logo\":{\"@type\":\"ImageObject\",\"inLanguage\":\"pt-BR\",\"@id\":\"https:\/\/noticiaempauta.com\/portal\/#\/schema\/logo\/image\/\",\"url\":\"https:\/\/noticiaempauta.com\/portal\/wp-content\/uploads\/2022\/08\/logomarca_tema.fw_.png\",\"contentUrl\":\"https:\/\/noticiaempauta.com\/portal\/wp-content\/uploads\/2022\/08\/logomarca_tema.fw_.png\",\"width\":400,\"height\":232,\"caption\":\"Portal Not\u00edcia em Pauta\"},\"image\":{\"@id\":\"https:\/\/noticiaempauta.com\/portal\/#\/schema\/logo\/image\/\"},\"sameAs\":[\"https:\/\/www.facebook.com\/Portal-Notcia-Em-Pauta-102292869264820\/\",\"https:\/\/www.instagram.com\/portalnoticiaempauta\/\"]},{\"@type\":\"Person\",\"@id\":\"https:\/\/noticiaempauta.com\/portal\/#\/schema\/person\/a74af43dd1ab3deca45f988c717d57ac\",\"name\":\"Reda\u00e7\u00e3o\",\"image\":{\"@type\":\"ImageObject\",\"inLanguage\":\"pt-BR\",\"@id\":\"https:\/\/noticiaempauta.com\/portal\/#\/schema\/person\/image\/\",\"url\":\"https:\/\/secure.gravatar.com\/avatar\/03179346ecce6cdfc13361603e8f54242a90e5cde8618fa23c5c00aa2b0aadf3?s=96&d=mm&r=g\",\"contentUrl\":\"https:\/\/secure.gravatar.com\/avatar\/03179346ecce6cdfc13361603e8f54242a90e5cde8618fa23c5c00aa2b0aadf3?s=96&d=mm&r=g\",\"caption\":\"Reda\u00e7\u00e3o\"},\"sameAs\":[\"https:\/\/noticiaempauta.com\/portal\/\"],\"url\":\"https:\/\/noticiaempauta.com\/portal\/author\/fernando\/\"}]}<\/script>\n<!-- \/ Yoast SEO Premium plugin. -->","yoast_head_json":{"title":"Empossados novos servidores da Assembleia Legislativa do Piau\u00ed - Portal Not\u00edcia em Pauta","robots":{"index":"index","follow":"follow","max-snippet":"max-snippet:-1","max-image-preview":"max-image-preview:large","max-video-preview":"max-video-preview:-1"},"canonical":"https:\/\/noticiaempauta.com\/portal\/empossados-novos-servidores-da-assembleia-legislativa-do-piaui\/","og_locale":"pt_BR","og_type":"article","og_title":"Empossados novos servidores da Assembleia Legislativa do Piau\u00ed","og_description":"Os novos servidores foram recepcionados no Plen\u00e1rio Waldemar Mac\u00eado pelo presidente da Casa, Severo Eul\u00e1lio (MDB); pelo vice-presidente, deputado Francisco Limma (PT); pelo primeiro secret\u00e1rio da Mesa, deputado Wilson Brand\u00e3o (PP); e pelo deputado Marden Menezes (PSD). Os rec\u00e9m-empossados integram o grupo de 62 candidatos aprovados no concurso finalizado no ano passado pela Alepi. Eles [&hellip;]","og_url":"https:\/\/noticiaempauta.com\/portal\/empossados-novos-servidores-da-assembleia-legislativa-do-piaui\/","og_site_name":"Portal Not\u00edcia em Pauta","article_publisher":"https:\/\/www.facebook.com\/Portal-Notcia-Em-Pauta-102292869264820\/","article_published_time":"2025-11-19T18:28:36+00:00","article_modified_time":"2025-11-19T18:28:37+00:00","og_image":[{"width":600,"height":400,"url":"https:\/\/noticiaempauta.com\/portal\/wp-content\/uploads\/2025\/11\/image_assessoria-17.jpeg","type":"image\/jpeg"}],"author":"Reda\u00e7\u00e3o","twitter_card":"summary_large_image","twitter_misc":{"Escrito por":"Reda\u00e7\u00e3o","Est. tempo de leitura":"3 minutos"},"schema":{"@context":"https:\/\/schema.org","@graph":[{"@type":"Article","@id":"https:\/\/noticiaempauta.com\/portal\/empossados-novos-servidores-da-assembleia-legislativa-do-piaui\/#article","isPartOf":{"@id":"https:\/\/noticiaempauta.com\/portal\/empossados-novos-servidores-da-assembleia-legislativa-do-piaui\/"},"author":{"name":"Reda\u00e7\u00e3o","@id":"https:\/\/noticiaempauta.com\/portal\/#\/schema\/person\/a74af43dd1ab3deca45f988c717d57ac"},"headline":"Empossados novos servidores da Assembleia Legislativa do Piau\u00ed","datePublished":"2025-11-19T18:28:36+00:00","dateModified":"2025-11-19T18:28:37+00:00","mainEntityOfPage":{"@id":"https:\/\/noticiaempauta.com\/portal\/empossados-novos-servidores-da-assembleia-legislativa-do-piaui\/"},"wordCount":440,"commentCount":0,"publisher":{"@id":"https:\/\/noticiaempauta.com\/portal\/#organization"},"image":{"@id":"https:\/\/noticiaempauta.com\/portal\/empossados-novos-servidores-da-assembleia-legislativa-do-piaui\/#primaryimage"},"thumbnailUrl":"https:\/\/noticiaempauta.com\/portal\/wp-content\/uploads\/2025\/11\/image_assessoria-17.jpeg","keywords":["destaqueprincipal"],"articleSection":["Destaques","Geral","Todas as Not\u00edcias"],"inLanguage":"pt-BR","potentialAction":[{"@type":"CommentAction","name":"Comment","target":["https:\/\/noticiaempauta.com\/portal\/empossados-novos-servidores-da-assembleia-legislativa-do-piaui\/#respond"]}]},{"@type":"WebPage","@id":"https:\/\/noticiaempauta.com\/portal\/empossados-novos-servidores-da-assembleia-legislativa-do-piaui\/","url":"https:\/\/noticiaempauta.com\/portal\/empossados-novos-servidores-da-assembleia-legislativa-do-piaui\/","name":"Empossados novos servidores da Assembleia Legislativa do Piau\u00ed - Portal Not\u00edcia em Pauta","isPartOf":{"@id":"https:\/\/noticiaempauta.com\/portal\/#website"},"primaryImageOfPage":{"@id":"https:\/\/noticiaempauta.com\/portal\/empossados-novos-servidores-da-assembleia-legislativa-do-piaui\/#primaryimage"},"image":{"@id":"https:\/\/noticiaempauta.com\/portal\/empossados-novos-servidores-da-assembleia-legislativa-do-piaui\/#primaryimage"},"thumbnailUrl":"https:\/\/noticiaempauta.com\/portal\/wp-content\/uploads\/2025\/11\/image_assessoria-17.jpeg","datePublished":"2025-11-19T18:28:36+00:00","dateModified":"2025-11-19T18:28:37+00:00","breadcrumb":{"@id":"https:\/\/noticiaempauta.com\/portal\/empossados-novos-servidores-da-assembleia-legislativa-do-piaui\/#breadcrumb"},"inLanguage":"pt-BR","potentialAction":[{"@type":"ReadAction","target":["https:\/\/noticiaempauta.com\/portal\/empossados-novos-servidores-da-assembleia-legislativa-do-piaui\/"]}]},{"@type":"ImageObject","inLanguage":"pt-BR","@id":"https:\/\/noticiaempauta.com\/portal\/empossados-novos-servidores-da-assembleia-legislativa-do-piaui\/#primaryimage","url":"https:\/\/noticiaempauta.com\/portal\/wp-content\/uploads\/2025\/11\/image_assessoria-17.jpeg","contentUrl":"https:\/\/noticiaempauta.com\/portal\/wp-content\/uploads\/2025\/11\/image_assessoria-17.jpeg","width":600,"height":400},{"@type":"BreadcrumbList","@id":"https:\/\/noticiaempauta.com\/portal\/empossados-novos-servidores-da-assembleia-legislativa-do-piaui\/#breadcrumb","itemListElement":[{"@type":"ListItem","position":1,"name":"P\u00e1gina Inicial","item":"https:\/\/noticiaempauta.com\/portal\/"},{"@type":"ListItem","position":2,"name":"Destaques","item":"https:\/\/noticiaempauta.com\/portal\/destaques-site\/"},{"@type":"ListItem","position":3,"name":"Empossados novos servidores da Assembleia Legislativa do Piau\u00ed"}]},{"@type":"WebSite","@id":"https:\/\/noticiaempauta.com\/portal\/#website","url":"https:\/\/noticiaempauta.com\/portal\/","name":"Portal Not\u00edcia em Pauta","description":"Voc\u00ea bem informado","publisher":{"@id":"https:\/\/noticiaempauta.com\/portal\/#organization"},"potentialAction":[{"@type":"SearchAction","target":{"@type":"EntryPoint","urlTemplate":"https:\/\/noticiaempauta.com\/portal\/?s={search_term_string}"},"query-input":{"@type":"PropertyValueSpecification","valueRequired":true,"valueName":"search_term_string"}}],"inLanguage":"pt-BR"},{"@type":"Organization","@id":"https:\/\/noticiaempauta.com\/portal\/#organization","name":"Portal Not\u00edcia em Pauta","url":"https:\/\/noticiaempauta.com\/portal\/","logo":{"@type":"ImageObject","inLanguage":"pt-BR","@id":"https:\/\/noticiaempauta.com\/portal\/#\/schema\/logo\/image\/","url":"https:\/\/noticiaempauta.com\/portal\/wp-content\/uploads\/2022\/08\/logomarca_tema.fw_.png","contentUrl":"https:\/\/noticiaempauta.com\/portal\/wp-content\/uploads\/2022\/08\/logomarca_tema.fw_.png","width":400,"height":232,"caption":"Portal Not\u00edcia em Pauta"},"image":{"@id":"https:\/\/noticiaempauta.com\/portal\/#\/schema\/logo\/image\/"},"sameAs":["https:\/\/www.facebook.com\/Portal-Notcia-Em-Pauta-102292869264820\/","https:\/\/www.instagram.com\/portalnoticiaempauta\/"]},{"@type":"Person","@id":"https:\/\/noticiaempauta.com\/portal\/#\/schema\/person\/a74af43dd1ab3deca45f988c717d57ac","name":"Reda\u00e7\u00e3o","image":{"@type":"ImageObject","inLanguage":"pt-BR","@id":"https:\/\/noticiaempauta.com\/portal\/#\/schema\/person\/image\/","url":"https:\/\/secure.gravatar.com\/avatar\/03179346ecce6cdfc13361603e8f54242a90e5cde8618fa23c5c00aa2b0aadf3?s=96&d=mm&r=g","contentUrl":"https:\/\/secure.gravatar.com\/avatar\/03179346ecce6cdfc13361603e8f54242a90e5cde8618fa23c5c00aa2b0aadf3?s=96&d=mm&r=g","caption":"Reda\u00e7\u00e3o"},"sameAs":["https:\/\/noticiaempauta.com\/portal\/"],"url":"https:\/\/noticiaempauta.com\/portal\/author\/fernando\/"}]}},"_links":{"self":[{"href":"https:\/\/noticiaempauta.com\/portal\/wp-json\/wp\/v2\/posts\/280902","targetHints":{"allow":["GET"]}}],"collection":[{"href":"https:\/\/noticiaempauta.com\/portal\/wp-json\/wp\/v2\/posts"}],"about":[{"href":"https:\/\/noticiaempauta.com\/portal\/wp-json\/wp\/v2\/types\/post"}],"author":[{"embeddable":true,"href":"https:\/\/noticiaempauta.com\/portal\/wp-json\/wp\/v2\/users\/2"}],"replies":[{"embeddable":true,"href":"https:\/\/noticiaempauta.com\/portal\/wp-json\/wp\/v2\/comments?post=280902"}],"version-history":[{"count":2,"href":"https:\/\/noticiaempauta.com\/portal\/wp-json\/wp\/v2\/posts\/280902\/revisions"}],"predecessor-version":[{"id":280905,"href":"https:\/\/noticiaempauta.com\/portal\/wp-json\/wp\/v2\/posts\/280902\/revisions\/280905"}],"wp:featuredmedia":[{"embeddable":true,"href":"https:\/\/noticiaempauta.com\/portal\/wp-json\/wp\/v2\/media\/280903"}],"wp:attachment":[{"href":"https:\/\/noticiaempauta.com\/portal\/wp-json\/wp\/v2\/media?parent=280902"}],"wp:term":[{"taxonomy":"category","embeddable":true,"href":"https:\/\/noticiaempauta.com\/portal\/wp-json\/wp\/v2\/categories?post=280902"},{"taxonomy":"post_tag","embeddable":true,"href":"https:\/\/noticiaempauta.com\/portal\/wp-json\/wp\/v2\/tags?post=280902"}],"curies":[{"name":"wp","href":"https:\/\/api.w.org\/{rel}","templated":true}]}}