{"id":280933,"date":"2025-11-20T16:18:06","date_gmt":"2025-11-20T19:18:06","guid":{"rendered":"https:\/\/noticiaempauta.com\/portal\/?p=280933"},"modified":"2025-11-20T16:19:37","modified_gmt":"2025-11-20T19:19:37","slug":"i-intercolegial-entre-cetis-movimenta-picos-e-fortalece-integracao-entre-escolas","status":"publish","type":"post","link":"https:\/\/noticiaempauta.com\/portal\/i-intercolegial-entre-cetis-movimenta-picos-e-fortalece-integracao-entre-escolas\/","title":{"rendered":"I Intercolegial entre CETIs movimenta Picos e fortalece integra\u00e7\u00e3o entre escolas"},"content":{"rendered":"\n<p>O I Intercolegial entre CETIs foi realizado ontem 19 de novembro de 2025, com disputas nas quadras do CETI Petr\u00f4nio Portela e do Coelho Rodrigues. A 9\u00aa GRE esteve presente por meio de Luana Ara\u00fajo, contando tamb\u00e9m com apoio da Secretaria Municipal de Transportes e do Corpo de Bombeiros Militar. <\/p>\n\n\n\n<figure class=\"wp-block-image size-large\"><img fetchpriority=\"high\" decoding=\"async\" width=\"1024\" height=\"768\" src=\"https:\/\/noticiaempauta.com\/portal\/wp-content\/uploads\/2025\/11\/44a4039b-d922-4480-8995-3643686142af-1024x768.jpeg\" alt=\"\" class=\"wp-image-280935\" srcset=\"https:\/\/noticiaempauta.com\/portal\/wp-content\/uploads\/2025\/11\/44a4039b-d922-4480-8995-3643686142af-1024x768.jpeg 1024w, https:\/\/noticiaempauta.com\/portal\/wp-content\/uploads\/2025\/11\/44a4039b-d922-4480-8995-3643686142af-300x225.jpeg 300w, https:\/\/noticiaempauta.com\/portal\/wp-content\/uploads\/2025\/11\/44a4039b-d922-4480-8995-3643686142af-768x576.jpeg 768w, https:\/\/noticiaempauta.com\/portal\/wp-content\/uploads\/2025\/11\/44a4039b-d922-4480-8995-3643686142af-1536x1152.jpeg 1536w, https:\/\/noticiaempauta.com\/portal\/wp-content\/uploads\/2025\/11\/44a4039b-d922-4480-8995-3643686142af-2048x1536.jpeg 2048w\" sizes=\"(max-width: 1024px) 100vw, 1024px\" \/><\/figure>\n\n\n\n<p>A mesa de honra reuniu diretores das escolas, a secret\u00e1ria municipal de Esportes Layana Rufino, a equipe da 9\u00aa GRE e o representante dos gr\u00eamios estudantis, Marcos Silva.<\/p>\n\n\n\n<figure class=\"wp-block-image size-large\"><img decoding=\"async\" width=\"1024\" height=\"768\" src=\"https:\/\/noticiaempauta.com\/portal\/wp-content\/uploads\/2025\/11\/2c774efe-491e-417a-9f5d-67066dc9640c-1024x768.jpeg\" alt=\"\" class=\"wp-image-280936\" srcset=\"https:\/\/noticiaempauta.com\/portal\/wp-content\/uploads\/2025\/11\/2c774efe-491e-417a-9f5d-67066dc9640c-1024x768.jpeg 1024w, https:\/\/noticiaempauta.com\/portal\/wp-content\/uploads\/2025\/11\/2c774efe-491e-417a-9f5d-67066dc9640c-300x225.jpeg 300w, https:\/\/noticiaempauta.com\/portal\/wp-content\/uploads\/2025\/11\/2c774efe-491e-417a-9f5d-67066dc9640c-768x576.jpeg 768w, https:\/\/noticiaempauta.com\/portal\/wp-content\/uploads\/2025\/11\/2c774efe-491e-417a-9f5d-67066dc9640c-1536x1152.jpeg 1536w, https:\/\/noticiaempauta.com\/portal\/wp-content\/uploads\/2025\/11\/2c774efe-491e-417a-9f5d-67066dc9640c.jpeg 1600w\" sizes=\"(max-width: 1024px) 100vw, 1024px\" \/><\/figure>\n\n\n\n<p>A diretora Magna Moreira destacou a relev\u00e2ncia do evento, enquanto Ercil\u00e2ndia Sales elogiou a organiza\u00e7\u00e3o dizendo: \u201cUma disputa sadia e bem organizada! Todos de parab\u00e9ns, especialmente voc\u00ea, Marcos Silva, pelo entusiasmo.\u201d<\/p>\n\n\n\n<figure class=\"wp-block-image size-large\"><img decoding=\"async\" width=\"1024\" height=\"768\" src=\"https:\/\/noticiaempauta.com\/portal\/wp-content\/uploads\/2025\/11\/9e6899b6-e265-44f7-8d34-641ae66c5bbc-1024x768.jpeg\" alt=\"\" class=\"wp-image-280937\" srcset=\"https:\/\/noticiaempauta.com\/portal\/wp-content\/uploads\/2025\/11\/9e6899b6-e265-44f7-8d34-641ae66c5bbc-1024x768.jpeg 1024w, https:\/\/noticiaempauta.com\/portal\/wp-content\/uploads\/2025\/11\/9e6899b6-e265-44f7-8d34-641ae66c5bbc-300x225.jpeg 300w, https:\/\/noticiaempauta.com\/portal\/wp-content\/uploads\/2025\/11\/9e6899b6-e265-44f7-8d34-641ae66c5bbc-768x576.jpeg 768w, https:\/\/noticiaempauta.com\/portal\/wp-content\/uploads\/2025\/11\/9e6899b6-e265-44f7-8d34-641ae66c5bbc-1536x1152.jpeg 1536w, https:\/\/noticiaempauta.com\/portal\/wp-content\/uploads\/2025\/11\/9e6899b6-e265-44f7-8d34-641ae66c5bbc-2048x1536.jpeg 2048w\" sizes=\"(max-width: 1024px) 100vw, 1024px\" \/><\/figure>\n\n\n\n<p>O t\u00e9cnico dos gr\u00eamios estudantis, Itamar dos Anjos, afirmou: \u201cO Intercolegial superou as expectativas e mostrou o valor do esporte e do protagonismo estudantil. A 9\u00aa GRE segue comprometida com eventos que promovem sa\u00fade, disciplina e integra\u00e7\u00e3o.\u201d<\/p>\n\n\n\n<figure class=\"wp-block-image size-large\"><img loading=\"lazy\" decoding=\"async\" width=\"768\" height=\"1024\" src=\"https:\/\/noticiaempauta.com\/portal\/wp-content\/uploads\/2025\/11\/6d4496b2-12aa-41d6-8cb6-c7890615801a-768x1024.jpeg\" alt=\"\" class=\"wp-image-280938\" srcset=\"https:\/\/noticiaempauta.com\/portal\/wp-content\/uploads\/2025\/11\/6d4496b2-12aa-41d6-8cb6-c7890615801a-768x1024.jpeg 768w, https:\/\/noticiaempauta.com\/portal\/wp-content\/uploads\/2025\/11\/6d4496b2-12aa-41d6-8cb6-c7890615801a-225x300.jpeg 225w, https:\/\/noticiaempauta.com\/portal\/wp-content\/uploads\/2025\/11\/6d4496b2-12aa-41d6-8cb6-c7890615801a-1152x1536.jpeg 1152w, https:\/\/noticiaempauta.com\/portal\/wp-content\/uploads\/2025\/11\/6d4496b2-12aa-41d6-8cb6-c7890615801a-1536x2048.jpeg 1536w, https:\/\/noticiaempauta.com\/portal\/wp-content\/uploads\/2025\/11\/6d4496b2-12aa-41d6-8cb6-c7890615801a-scaled.jpeg 1920w\" sizes=\"(max-width: 768px) 100vw, 768px\" \/><\/figure>\n\n\n\n<p>A secret\u00e1ria de Esportes, Layana Rufino, tamb\u00e9m aprovou a iniciativa ao dizer: \u201cEstou aqui desde cedo vendo toda essa organiza\u00e7\u00e3o e aprendendo com voc\u00eas. Gostei muito e agrade\u00e7o ao Marcos Silva pelo convite.\u201d<\/p>\n\n\n\n<figure class=\"wp-block-image size-large\"><img loading=\"lazy\" decoding=\"async\" width=\"1024\" height=\"768\" src=\"https:\/\/noticiaempauta.com\/portal\/wp-content\/uploads\/2025\/11\/2bece750-be87-4e31-b0ba-bb3586628f04-1-1024x768.jpeg\" alt=\"\" class=\"wp-image-280939\" srcset=\"https:\/\/noticiaempauta.com\/portal\/wp-content\/uploads\/2025\/11\/2bece750-be87-4e31-b0ba-bb3586628f04-1-1024x768.jpeg 1024w, https:\/\/noticiaempauta.com\/portal\/wp-content\/uploads\/2025\/11\/2bece750-be87-4e31-b0ba-bb3586628f04-1-300x225.jpeg 300w, https:\/\/noticiaempauta.com\/portal\/wp-content\/uploads\/2025\/11\/2bece750-be87-4e31-b0ba-bb3586628f04-1-768x576.jpeg 768w, https:\/\/noticiaempauta.com\/portal\/wp-content\/uploads\/2025\/11\/2bece750-be87-4e31-b0ba-bb3586628f04-1-1536x1152.jpeg 1536w, https:\/\/noticiaempauta.com\/portal\/wp-content\/uploads\/2025\/11\/2bece750-be87-4e31-b0ba-bb3586628f04-1-2048x1536.jpeg 2048w\" sizes=\"(max-width: 1024px) 100vw, 1024px\" \/><\/figure>\n\n\n\n<p>Marcos Silva destacou a import\u00e2ncia da parceria entre os gr\u00eamios estudantis e as gest\u00f5es escolares, agradeceu o apoio da 9\u00aa GRE e tamb\u00e9m agradeceu aos presidentes dos gr\u00eamios Andr\u00e9 Lima, Jo\u00e3o Guilherme e Maria Clara pela colabora\u00e7\u00e3o e mobiliza\u00e7\u00e3o estudantil. Ele refor\u00e7ou o desejo de que o projeto continue nos pr\u00f3ximos anos, ampliando a participa\u00e7\u00e3o de mais CETIs.<\/p>\n\n\n\n<figure class=\"wp-block-image size-large\"><img loading=\"lazy\" decoding=\"async\" width=\"1024\" height=\"768\" src=\"https:\/\/noticiaempauta.com\/portal\/wp-content\/uploads\/2025\/11\/9e6899b6-e265-44f7-8d34-641ae66c5bbc-1-1024x768.jpeg\" alt=\"\" class=\"wp-image-280941\" srcset=\"https:\/\/noticiaempauta.com\/portal\/wp-content\/uploads\/2025\/11\/9e6899b6-e265-44f7-8d34-641ae66c5bbc-1-1024x768.jpeg 1024w, https:\/\/noticiaempauta.com\/portal\/wp-content\/uploads\/2025\/11\/9e6899b6-e265-44f7-8d34-641ae66c5bbc-1-300x225.jpeg 300w, https:\/\/noticiaempauta.com\/portal\/wp-content\/uploads\/2025\/11\/9e6899b6-e265-44f7-8d34-641ae66c5bbc-1-768x576.jpeg 768w, https:\/\/noticiaempauta.com\/portal\/wp-content\/uploads\/2025\/11\/9e6899b6-e265-44f7-8d34-641ae66c5bbc-1-1536x1152.jpeg 1536w, https:\/\/noticiaempauta.com\/portal\/wp-content\/uploads\/2025\/11\/9e6899b6-e265-44f7-8d34-641ae66c5bbc-1-2048x1536.jpeg 2048w\" sizes=\"(max-width: 1024px) 100vw, 1024px\" \/><\/figure>\n\n\n\n<figure class=\"wp-block-image size-large\"><img loading=\"lazy\" decoding=\"async\" width=\"1024\" height=\"768\" src=\"https:\/\/noticiaempauta.com\/portal\/wp-content\/uploads\/2025\/11\/ccf6b79f-0ead-48be-ba54-e9bd119aa608-1024x768.jpeg\" alt=\"\" class=\"wp-image-280940\" srcset=\"https:\/\/noticiaempauta.com\/portal\/wp-content\/uploads\/2025\/11\/ccf6b79f-0ead-48be-ba54-e9bd119aa608-1024x768.jpeg 1024w, https:\/\/noticiaempauta.com\/portal\/wp-content\/uploads\/2025\/11\/ccf6b79f-0ead-48be-ba54-e9bd119aa608-300x225.jpeg 300w, https:\/\/noticiaempauta.com\/portal\/wp-content\/uploads\/2025\/11\/ccf6b79f-0ead-48be-ba54-e9bd119aa608-768x576.jpeg 768w, https:\/\/noticiaempauta.com\/portal\/wp-content\/uploads\/2025\/11\/ccf6b79f-0ead-48be-ba54-e9bd119aa608-1536x1152.jpeg 1536w, https:\/\/noticiaempauta.com\/portal\/wp-content\/uploads\/2025\/11\/ccf6b79f-0ead-48be-ba54-e9bd119aa608-2048x1536.jpeg 2048w\" sizes=\"(max-width: 1024px) 100vw, 1024px\" \/><\/figure>\n\n\n\n<p>O evento marcou a cidade como um exemplo de uni\u00e3o, protagonismo estudantil e fortalecimento da viv\u00eancia esportiva entre as escolas.<\/p>\n\n\n\n<p><em>Marcos Silva\/Ascom<\/em><\/p>\n","protected":false},"excerpt":{"rendered":"<p>O I Intercolegial entre CETIs foi realizado ontem 19 de novembro de 2025, com disputas nas quadras do CETI Petr\u00f4nio Portela e do Coelho Rodrigues. A 9\u00aa GRE esteve presente por meio de Luana Ara\u00fajo, contando tamb\u00e9m com apoio da Secretaria Municipal de Transportes e do Corpo de Bombeiros Militar. A mesa de honra reuniu [&hellip;]<\/p>\n","protected":false},"author":2,"featured_media":280940,"comment_status":"open","ping_status":"open","sticky":false,"template":"","format":"standard","meta":{"_mi_skip_tracking":false,"footnotes":""},"categories":[25,26,1,16],"tags":[],"class_list":["post-280933","post","type-post","status-publish","format-standard","has-post-thumbnail","hentry","category-destaques-site","category-esporte","category-geral","category-todas"],"acf":[],"yoast_head":"<!-- This site is optimized with the Yoast SEO Premium plugin v19.2 (Yoast SEO v26.9) - https:\/\/yoast.com\/product\/yoast-seo-premium-wordpress\/ -->\n<title>I Intercolegial entre CETIs movimenta Picos e fortalece integra\u00e7\u00e3o entre escolas - Portal Not\u00edcia em Pauta<\/title>\n<meta name=\"robots\" content=\"index, follow, max-snippet:-1, max-image-preview:large, max-video-preview:-1\" \/>\n<link rel=\"canonical\" href=\"https:\/\/noticiaempauta.com\/portal\/i-intercolegial-entre-cetis-movimenta-picos-e-fortalece-integracao-entre-escolas\/\" \/>\n<meta property=\"og:locale\" content=\"pt_BR\" \/>\n<meta property=\"og:type\" content=\"article\" \/>\n<meta property=\"og:title\" content=\"I Intercolegial entre CETIs movimenta Picos e fortalece integra\u00e7\u00e3o entre escolas\" \/>\n<meta property=\"og:description\" content=\"O I Intercolegial entre CETIs foi realizado ontem 19 de novembro de 2025, com disputas nas quadras do CETI Petr\u00f4nio Portela e do Coelho Rodrigues. A 9\u00aa GRE esteve presente por meio de Luana Ara\u00fajo, contando tamb\u00e9m com apoio da Secretaria Municipal de Transportes e do Corpo de Bombeiros Militar. A mesa de honra reuniu [&hellip;]\" \/>\n<meta property=\"og:url\" content=\"https:\/\/noticiaempauta.com\/portal\/i-intercolegial-entre-cetis-movimenta-picos-e-fortalece-integracao-entre-escolas\/\" \/>\n<meta property=\"og:site_name\" content=\"Portal Not\u00edcia em Pauta\" \/>\n<meta property=\"article:publisher\" content=\"https:\/\/www.facebook.com\/Portal-Notcia-Em-Pauta-102292869264820\/\" \/>\n<meta property=\"article:published_time\" content=\"2025-11-20T19:18:06+00:00\" \/>\n<meta property=\"article:modified_time\" content=\"2025-11-20T19:19:37+00:00\" \/>\n<meta property=\"og:image\" content=\"https:\/\/noticiaempauta.com\/portal\/wp-content\/uploads\/2025\/11\/ccf6b79f-0ead-48be-ba54-e9bd119aa608-scaled.jpeg\" \/>\n\t<meta property=\"og:image:width\" content=\"2560\" \/>\n\t<meta property=\"og:image:height\" content=\"1920\" \/>\n\t<meta property=\"og:image:type\" content=\"image\/jpeg\" \/>\n<meta name=\"author\" content=\"Reda\u00e7\u00e3o\" \/>\n<meta name=\"twitter:card\" content=\"summary_large_image\" \/>\n<meta name=\"twitter:label1\" content=\"Escrito por\" \/>\n\t<meta name=\"twitter:data1\" content=\"Reda\u00e7\u00e3o\" \/>\n\t<meta name=\"twitter:label2\" content=\"Est. tempo de leitura\" \/>\n\t<meta name=\"twitter:data2\" content=\"4 minutos\" \/>\n<script type=\"application\/ld+json\" class=\"yoast-schema-graph\">{\"@context\":\"https:\/\/schema.org\",\"@graph\":[{\"@type\":\"Article\",\"@id\":\"https:\/\/noticiaempauta.com\/portal\/i-intercolegial-entre-cetis-movimenta-picos-e-fortalece-integracao-entre-escolas\/#article\",\"isPartOf\":{\"@id\":\"https:\/\/noticiaempauta.com\/portal\/i-intercolegial-entre-cetis-movimenta-picos-e-fortalece-integracao-entre-escolas\/\"},\"author\":{\"name\":\"Reda\u00e7\u00e3o\",\"@id\":\"https:\/\/noticiaempauta.com\/portal\/#\/schema\/person\/a74af43dd1ab3deca45f988c717d57ac\"},\"headline\":\"I Intercolegial entre CETIs movimenta Picos e fortalece integra\u00e7\u00e3o entre escolas\",\"datePublished\":\"2025-11-20T19:18:06+00:00\",\"dateModified\":\"2025-11-20T19:19:37+00:00\",\"mainEntityOfPage\":{\"@id\":\"https:\/\/noticiaempauta.com\/portal\/i-intercolegial-entre-cetis-movimenta-picos-e-fortalece-integracao-entre-escolas\/\"},\"wordCount\":297,\"commentCount\":0,\"publisher\":{\"@id\":\"https:\/\/noticiaempauta.com\/portal\/#organization\"},\"image\":{\"@id\":\"https:\/\/noticiaempauta.com\/portal\/i-intercolegial-entre-cetis-movimenta-picos-e-fortalece-integracao-entre-escolas\/#primaryimage\"},\"thumbnailUrl\":\"https:\/\/noticiaempauta.com\/portal\/wp-content\/uploads\/2025\/11\/ccf6b79f-0ead-48be-ba54-e9bd119aa608-scaled.jpeg\",\"articleSection\":[\"Destaques\",\"Esporte\",\"Geral\",\"Todas as Not\u00edcias\"],\"inLanguage\":\"pt-BR\",\"potentialAction\":[{\"@type\":\"CommentAction\",\"name\":\"Comment\",\"target\":[\"https:\/\/noticiaempauta.com\/portal\/i-intercolegial-entre-cetis-movimenta-picos-e-fortalece-integracao-entre-escolas\/#respond\"]}]},{\"@type\":\"WebPage\",\"@id\":\"https:\/\/noticiaempauta.com\/portal\/i-intercolegial-entre-cetis-movimenta-picos-e-fortalece-integracao-entre-escolas\/\",\"url\":\"https:\/\/noticiaempauta.com\/portal\/i-intercolegial-entre-cetis-movimenta-picos-e-fortalece-integracao-entre-escolas\/\",\"name\":\"I Intercolegial entre CETIs movimenta Picos e fortalece integra\u00e7\u00e3o entre escolas - Portal Not\u00edcia em Pauta\",\"isPartOf\":{\"@id\":\"https:\/\/noticiaempauta.com\/portal\/#website\"},\"primaryImageOfPage\":{\"@id\":\"https:\/\/noticiaempauta.com\/portal\/i-intercolegial-entre-cetis-movimenta-picos-e-fortalece-integracao-entre-escolas\/#primaryimage\"},\"image\":{\"@id\":\"https:\/\/noticiaempauta.com\/portal\/i-intercolegial-entre-cetis-movimenta-picos-e-fortalece-integracao-entre-escolas\/#primaryimage\"},\"thumbnailUrl\":\"https:\/\/noticiaempauta.com\/portal\/wp-content\/uploads\/2025\/11\/ccf6b79f-0ead-48be-ba54-e9bd119aa608-scaled.jpeg\",\"datePublished\":\"2025-11-20T19:18:06+00:00\",\"dateModified\":\"2025-11-20T19:19:37+00:00\",\"breadcrumb\":{\"@id\":\"https:\/\/noticiaempauta.com\/portal\/i-intercolegial-entre-cetis-movimenta-picos-e-fortalece-integracao-entre-escolas\/#breadcrumb\"},\"inLanguage\":\"pt-BR\",\"potentialAction\":[{\"@type\":\"ReadAction\",\"target\":[\"https:\/\/noticiaempauta.com\/portal\/i-intercolegial-entre-cetis-movimenta-picos-e-fortalece-integracao-entre-escolas\/\"]}]},{\"@type\":\"ImageObject\",\"inLanguage\":\"pt-BR\",\"@id\":\"https:\/\/noticiaempauta.com\/portal\/i-intercolegial-entre-cetis-movimenta-picos-e-fortalece-integracao-entre-escolas\/#primaryimage\",\"url\":\"https:\/\/noticiaempauta.com\/portal\/wp-content\/uploads\/2025\/11\/ccf6b79f-0ead-48be-ba54-e9bd119aa608-scaled.jpeg\",\"contentUrl\":\"https:\/\/noticiaempauta.com\/portal\/wp-content\/uploads\/2025\/11\/ccf6b79f-0ead-48be-ba54-e9bd119aa608-scaled.jpeg\",\"width\":2560,\"height\":1920},{\"@type\":\"BreadcrumbList\",\"@id\":\"https:\/\/noticiaempauta.com\/portal\/i-intercolegial-entre-cetis-movimenta-picos-e-fortalece-integracao-entre-escolas\/#breadcrumb\",\"itemListElement\":[{\"@type\":\"ListItem\",\"position\":1,\"name\":\"P\u00e1gina Inicial\",\"item\":\"https:\/\/noticiaempauta.com\/portal\/\"},{\"@type\":\"ListItem\",\"position\":2,\"name\":\"Destaques\",\"item\":\"https:\/\/noticiaempauta.com\/portal\/destaques-site\/\"},{\"@type\":\"ListItem\",\"position\":3,\"name\":\"I Intercolegial entre CETIs movimenta Picos e fortalece integra\u00e7\u00e3o entre escolas\"}]},{\"@type\":\"WebSite\",\"@id\":\"https:\/\/noticiaempauta.com\/portal\/#website\",\"url\":\"https:\/\/noticiaempauta.com\/portal\/\",\"name\":\"Portal Not\u00edcia em Pauta\",\"description\":\"Voc\u00ea bem informado\",\"publisher\":{\"@id\":\"https:\/\/noticiaempauta.com\/portal\/#organization\"},\"potentialAction\":[{\"@type\":\"SearchAction\",\"target\":{\"@type\":\"EntryPoint\",\"urlTemplate\":\"https:\/\/noticiaempauta.com\/portal\/?s={search_term_string}\"},\"query-input\":{\"@type\":\"PropertyValueSpecification\",\"valueRequired\":true,\"valueName\":\"search_term_string\"}}],\"inLanguage\":\"pt-BR\"},{\"@type\":\"Organization\",\"@id\":\"https:\/\/noticiaempauta.com\/portal\/#organization\",\"name\":\"Portal Not\u00edcia em Pauta\",\"url\":\"https:\/\/noticiaempauta.com\/portal\/\",\"logo\":{\"@type\":\"ImageObject\",\"inLanguage\":\"pt-BR\",\"@id\":\"https:\/\/noticiaempauta.com\/portal\/#\/schema\/logo\/image\/\",\"url\":\"https:\/\/noticiaempauta.com\/portal\/wp-content\/uploads\/2022\/08\/logomarca_tema.fw_.png\",\"contentUrl\":\"https:\/\/noticiaempauta.com\/portal\/wp-content\/uploads\/2022\/08\/logomarca_tema.fw_.png\",\"width\":400,\"height\":232,\"caption\":\"Portal Not\u00edcia em Pauta\"},\"image\":{\"@id\":\"https:\/\/noticiaempauta.com\/portal\/#\/schema\/logo\/image\/\"},\"sameAs\":[\"https:\/\/www.facebook.com\/Portal-Notcia-Em-Pauta-102292869264820\/\",\"https:\/\/www.instagram.com\/portalnoticiaempauta\/\"]},{\"@type\":\"Person\",\"@id\":\"https:\/\/noticiaempauta.com\/portal\/#\/schema\/person\/a74af43dd1ab3deca45f988c717d57ac\",\"name\":\"Reda\u00e7\u00e3o\",\"image\":{\"@type\":\"ImageObject\",\"inLanguage\":\"pt-BR\",\"@id\":\"https:\/\/noticiaempauta.com\/portal\/#\/schema\/person\/image\/\",\"url\":\"https:\/\/secure.gravatar.com\/avatar\/03179346ecce6cdfc13361603e8f54242a90e5cde8618fa23c5c00aa2b0aadf3?s=96&d=mm&r=g\",\"contentUrl\":\"https:\/\/secure.gravatar.com\/avatar\/03179346ecce6cdfc13361603e8f54242a90e5cde8618fa23c5c00aa2b0aadf3?s=96&d=mm&r=g\",\"caption\":\"Reda\u00e7\u00e3o\"},\"sameAs\":[\"https:\/\/noticiaempauta.com\/portal\/\"],\"url\":\"https:\/\/noticiaempauta.com\/portal\/author\/fernando\/\"}]}<\/script>\n<!-- \/ Yoast SEO Premium plugin. -->","yoast_head_json":{"title":"I Intercolegial entre CETIs movimenta Picos e fortalece integra\u00e7\u00e3o entre escolas - Portal Not\u00edcia em Pauta","robots":{"index":"index","follow":"follow","max-snippet":"max-snippet:-1","max-image-preview":"max-image-preview:large","max-video-preview":"max-video-preview:-1"},"canonical":"https:\/\/noticiaempauta.com\/portal\/i-intercolegial-entre-cetis-movimenta-picos-e-fortalece-integracao-entre-escolas\/","og_locale":"pt_BR","og_type":"article","og_title":"I Intercolegial entre CETIs movimenta Picos e fortalece integra\u00e7\u00e3o entre escolas","og_description":"O I Intercolegial entre CETIs foi realizado ontem 19 de novembro de 2025, com disputas nas quadras do CETI Petr\u00f4nio Portela e do Coelho Rodrigues. A 9\u00aa GRE esteve presente por meio de Luana Ara\u00fajo, contando tamb\u00e9m com apoio da Secretaria Municipal de Transportes e do Corpo de Bombeiros Militar. A mesa de honra reuniu [&hellip;]","og_url":"https:\/\/noticiaempauta.com\/portal\/i-intercolegial-entre-cetis-movimenta-picos-e-fortalece-integracao-entre-escolas\/","og_site_name":"Portal Not\u00edcia em Pauta","article_publisher":"https:\/\/www.facebook.com\/Portal-Notcia-Em-Pauta-102292869264820\/","article_published_time":"2025-11-20T19:18:06+00:00","article_modified_time":"2025-11-20T19:19:37+00:00","og_image":[{"width":2560,"height":1920,"url":"https:\/\/noticiaempauta.com\/portal\/wp-content\/uploads\/2025\/11\/ccf6b79f-0ead-48be-ba54-e9bd119aa608-scaled.jpeg","type":"image\/jpeg"}],"author":"Reda\u00e7\u00e3o","twitter_card":"summary_large_image","twitter_misc":{"Escrito por":"Reda\u00e7\u00e3o","Est. tempo de leitura":"4 minutos"},"schema":{"@context":"https:\/\/schema.org","@graph":[{"@type":"Article","@id":"https:\/\/noticiaempauta.com\/portal\/i-intercolegial-entre-cetis-movimenta-picos-e-fortalece-integracao-entre-escolas\/#article","isPartOf":{"@id":"https:\/\/noticiaempauta.com\/portal\/i-intercolegial-entre-cetis-movimenta-picos-e-fortalece-integracao-entre-escolas\/"},"author":{"name":"Reda\u00e7\u00e3o","@id":"https:\/\/noticiaempauta.com\/portal\/#\/schema\/person\/a74af43dd1ab3deca45f988c717d57ac"},"headline":"I Intercolegial entre CETIs movimenta Picos e fortalece integra\u00e7\u00e3o entre escolas","datePublished":"2025-11-20T19:18:06+00:00","dateModified":"2025-11-20T19:19:37+00:00","mainEntityOfPage":{"@id":"https:\/\/noticiaempauta.com\/portal\/i-intercolegial-entre-cetis-movimenta-picos-e-fortalece-integracao-entre-escolas\/"},"wordCount":297,"commentCount":0,"publisher":{"@id":"https:\/\/noticiaempauta.com\/portal\/#organization"},"image":{"@id":"https:\/\/noticiaempauta.com\/portal\/i-intercolegial-entre-cetis-movimenta-picos-e-fortalece-integracao-entre-escolas\/#primaryimage"},"thumbnailUrl":"https:\/\/noticiaempauta.com\/portal\/wp-content\/uploads\/2025\/11\/ccf6b79f-0ead-48be-ba54-e9bd119aa608-scaled.jpeg","articleSection":["Destaques","Esporte","Geral","Todas as Not\u00edcias"],"inLanguage":"pt-BR","potentialAction":[{"@type":"CommentAction","name":"Comment","target":["https:\/\/noticiaempauta.com\/portal\/i-intercolegial-entre-cetis-movimenta-picos-e-fortalece-integracao-entre-escolas\/#respond"]}]},{"@type":"WebPage","@id":"https:\/\/noticiaempauta.com\/portal\/i-intercolegial-entre-cetis-movimenta-picos-e-fortalece-integracao-entre-escolas\/","url":"https:\/\/noticiaempauta.com\/portal\/i-intercolegial-entre-cetis-movimenta-picos-e-fortalece-integracao-entre-escolas\/","name":"I Intercolegial entre CETIs movimenta Picos e fortalece integra\u00e7\u00e3o entre escolas - Portal Not\u00edcia em Pauta","isPartOf":{"@id":"https:\/\/noticiaempauta.com\/portal\/#website"},"primaryImageOfPage":{"@id":"https:\/\/noticiaempauta.com\/portal\/i-intercolegial-entre-cetis-movimenta-picos-e-fortalece-integracao-entre-escolas\/#primaryimage"},"image":{"@id":"https:\/\/noticiaempauta.com\/portal\/i-intercolegial-entre-cetis-movimenta-picos-e-fortalece-integracao-entre-escolas\/#primaryimage"},"thumbnailUrl":"https:\/\/noticiaempauta.com\/portal\/wp-content\/uploads\/2025\/11\/ccf6b79f-0ead-48be-ba54-e9bd119aa608-scaled.jpeg","datePublished":"2025-11-20T19:18:06+00:00","dateModified":"2025-11-20T19:19:37+00:00","breadcrumb":{"@id":"https:\/\/noticiaempauta.com\/portal\/i-intercolegial-entre-cetis-movimenta-picos-e-fortalece-integracao-entre-escolas\/#breadcrumb"},"inLanguage":"pt-BR","potentialAction":[{"@type":"ReadAction","target":["https:\/\/noticiaempauta.com\/portal\/i-intercolegial-entre-cetis-movimenta-picos-e-fortalece-integracao-entre-escolas\/"]}]},{"@type":"ImageObject","inLanguage":"pt-BR","@id":"https:\/\/noticiaempauta.com\/portal\/i-intercolegial-entre-cetis-movimenta-picos-e-fortalece-integracao-entre-escolas\/#primaryimage","url":"https:\/\/noticiaempauta.com\/portal\/wp-content\/uploads\/2025\/11\/ccf6b79f-0ead-48be-ba54-e9bd119aa608-scaled.jpeg","contentUrl":"https:\/\/noticiaempauta.com\/portal\/wp-content\/uploads\/2025\/11\/ccf6b79f-0ead-48be-ba54-e9bd119aa608-scaled.jpeg","width":2560,"height":1920},{"@type":"BreadcrumbList","@id":"https:\/\/noticiaempauta.com\/portal\/i-intercolegial-entre-cetis-movimenta-picos-e-fortalece-integracao-entre-escolas\/#breadcrumb","itemListElement":[{"@type":"ListItem","position":1,"name":"P\u00e1gina Inicial","item":"https:\/\/noticiaempauta.com\/portal\/"},{"@type":"ListItem","position":2,"name":"Destaques","item":"https:\/\/noticiaempauta.com\/portal\/destaques-site\/"},{"@type":"ListItem","position":3,"name":"I Intercolegial entre CETIs movimenta Picos e fortalece integra\u00e7\u00e3o entre escolas"}]},{"@type":"WebSite","@id":"https:\/\/noticiaempauta.com\/portal\/#website","url":"https:\/\/noticiaempauta.com\/portal\/","name":"Portal Not\u00edcia em Pauta","description":"Voc\u00ea bem informado","publisher":{"@id":"https:\/\/noticiaempauta.com\/portal\/#organization"},"potentialAction":[{"@type":"SearchAction","target":{"@type":"EntryPoint","urlTemplate":"https:\/\/noticiaempauta.com\/portal\/?s={search_term_string}"},"query-input":{"@type":"PropertyValueSpecification","valueRequired":true,"valueName":"search_term_string"}}],"inLanguage":"pt-BR"},{"@type":"Organization","@id":"https:\/\/noticiaempauta.com\/portal\/#organization","name":"Portal Not\u00edcia em Pauta","url":"https:\/\/noticiaempauta.com\/portal\/","logo":{"@type":"ImageObject","inLanguage":"pt-BR","@id":"https:\/\/noticiaempauta.com\/portal\/#\/schema\/logo\/image\/","url":"https:\/\/noticiaempauta.com\/portal\/wp-content\/uploads\/2022\/08\/logomarca_tema.fw_.png","contentUrl":"https:\/\/noticiaempauta.com\/portal\/wp-content\/uploads\/2022\/08\/logomarca_tema.fw_.png","width":400,"height":232,"caption":"Portal Not\u00edcia em Pauta"},"image":{"@id":"https:\/\/noticiaempauta.com\/portal\/#\/schema\/logo\/image\/"},"sameAs":["https:\/\/www.facebook.com\/Portal-Notcia-Em-Pauta-102292869264820\/","https:\/\/www.instagram.com\/portalnoticiaempauta\/"]},{"@type":"Person","@id":"https:\/\/noticiaempauta.com\/portal\/#\/schema\/person\/a74af43dd1ab3deca45f988c717d57ac","name":"Reda\u00e7\u00e3o","image":{"@type":"ImageObject","inLanguage":"pt-BR","@id":"https:\/\/noticiaempauta.com\/portal\/#\/schema\/person\/image\/","url":"https:\/\/secure.gravatar.com\/avatar\/03179346ecce6cdfc13361603e8f54242a90e5cde8618fa23c5c00aa2b0aadf3?s=96&d=mm&r=g","contentUrl":"https:\/\/secure.gravatar.com\/avatar\/03179346ecce6cdfc13361603e8f54242a90e5cde8618fa23c5c00aa2b0aadf3?s=96&d=mm&r=g","caption":"Reda\u00e7\u00e3o"},"sameAs":["https:\/\/noticiaempauta.com\/portal\/"],"url":"https:\/\/noticiaempauta.com\/portal\/author\/fernando\/"}]}},"_links":{"self":[{"href":"https:\/\/noticiaempauta.com\/portal\/wp-json\/wp\/v2\/posts\/280933","targetHints":{"allow":["GET"]}}],"collection":[{"href":"https:\/\/noticiaempauta.com\/portal\/wp-json\/wp\/v2\/posts"}],"about":[{"href":"https:\/\/noticiaempauta.com\/portal\/wp-json\/wp\/v2\/types\/post"}],"author":[{"embeddable":true,"href":"https:\/\/noticiaempauta.com\/portal\/wp-json\/wp\/v2\/users\/2"}],"replies":[{"embeddable":true,"href":"https:\/\/noticiaempauta.com\/portal\/wp-json\/wp\/v2\/comments?post=280933"}],"version-history":[{"count":2,"href":"https:\/\/noticiaempauta.com\/portal\/wp-json\/wp\/v2\/posts\/280933\/revisions"}],"predecessor-version":[{"id":280943,"href":"https:\/\/noticiaempauta.com\/portal\/wp-json\/wp\/v2\/posts\/280933\/revisions\/280943"}],"wp:featuredmedia":[{"embeddable":true,"href":"https:\/\/noticiaempauta.com\/portal\/wp-json\/wp\/v2\/media\/280940"}],"wp:attachment":[{"href":"https:\/\/noticiaempauta.com\/portal\/wp-json\/wp\/v2\/media?parent=280933"}],"wp:term":[{"taxonomy":"category","embeddable":true,"href":"https:\/\/noticiaempauta.com\/portal\/wp-json\/wp\/v2\/categories?post=280933"},{"taxonomy":"post_tag","embeddable":true,"href":"https:\/\/noticiaempauta.com\/portal\/wp-json\/wp\/v2\/tags?post=280933"}],"curies":[{"name":"wp","href":"https:\/\/api.w.org\/{rel}","templated":true}]}}