{"id":280984,"date":"2025-11-22T07:31:37","date_gmt":"2025-11-22T10:31:37","guid":{"rendered":"https:\/\/noticiaempauta.com\/portal\/?p=280984"},"modified":"2025-11-22T07:31:37","modified_gmt":"2025-11-22T10:31:37","slug":"ex-presidente-jair-bolsonaro-e-preso-pela-policia-federal-em-brasilia","status":"publish","type":"post","link":"https:\/\/noticiaempauta.com\/portal\/ex-presidente-jair-bolsonaro-e-preso-pela-policia-federal-em-brasilia\/","title":{"rendered":"Ex-presidente Jair Bolsonaro \u00e9 preso pela Pol\u00edcia Federal em Bras\u00edlia"},"content":{"rendered":"\n<p>O ex-presidente Jair Bolsonaro (PL) foi preso neste s\u00e1bado (22) pela Pol\u00edcia Federal. A ordem de pris\u00e3o foi expedida pelo ministro Alexandre de Moraes, do Supremo Tribunal Federal.<\/p>\n\n\n\n<p>Bolsonaro foi preso na casa onde cumpria pris\u00e3o domiciliar, no Jardim Bot\u00e2nico, bairro de alto padr\u00e3o no Distrito Federal. Ele foi levado pelos agentes \u00e0 Superintend\u00eancia da Pol\u00edcia Federal, em Bras\u00edlia, onde ficar\u00e1 em uma sala de Estado, espa\u00e7o reservado para autoridades como presidentes da Rep\u00fablica e outras altas figuras p\u00fablicas. O presidente Luiz In\u00e1cio Lula da Silva e o ex-presidente Michel Temer tamb\u00e9m ficaram detidos em salas da PF.<\/p>\n\n\n\n<figure class=\"wp-block-image size-large\"><img fetchpriority=\"high\" decoding=\"async\" width=\"1024\" height=\"574\" src=\"https:\/\/noticiaempauta.com\/portal\/wp-content\/uploads\/2025\/11\/bolsonaro-condenado-estadao-1024x574.jpg\" alt=\"\" class=\"wp-image-280985\" srcset=\"https:\/\/noticiaempauta.com\/portal\/wp-content\/uploads\/2025\/11\/bolsonaro-condenado-estadao-1024x574.jpg 1024w, https:\/\/noticiaempauta.com\/portal\/wp-content\/uploads\/2025\/11\/bolsonaro-condenado-estadao-300x168.jpg 300w, https:\/\/noticiaempauta.com\/portal\/wp-content\/uploads\/2025\/11\/bolsonaro-condenado-estadao-768x430.jpg 768w, https:\/\/noticiaempauta.com\/portal\/wp-content\/uploads\/2025\/11\/bolsonaro-condenado-estadao.jpg 1069w\" sizes=\"(max-width: 1024px) 100vw, 1024px\" \/><figcaption class=\"wp-element-caption\"><em>Foto: WILTON JUNIOR\/Estad\u00e3o Conte\u00fado<\/em><\/figcaption><\/figure>\n\n\n\n<p>A pris\u00e3o \u00e9 preventiva, ou seja, ainda n\u00e3o representa o in\u00edcio do cumprimento da pena do ex-presidente,\u00a0condenado pelo STF a 27 anos e 3 meses de pris\u00e3o por crimes como tentativa de golpe de estado.<\/p>\n\n\n\n<p>Ele cumpria pris\u00e3o domiciliar desde 4 de agosto e usava tornozeleira eletr\u00f4nica, mas por outro caso: o inqu\u00e9rito no qual o deputado federal Eduardo Bolsonaro (PL-SP), filho do ex-presidente, \u00e9 investigado por sua atua\u00e7\u00e3o junto ao governo dos Estados Unidos para promover san\u00e7\u00f5es a autoridades brasileiras.<\/p>\n\n\n\n<p>Jair Bolsonaro foi condenado pro STF em 11 de setembro, pelos crimes de organiza\u00e7\u00e3o criminosa armada, tentativa de aboli\u00e7\u00e3o violenta do Estado Democr\u00e1tico de Direito, golpe de Estado, dano qualificado pela viol\u00eancia e grave amea\u00e7a e deteriora\u00e7\u00e3o de patrim\u00f4nio tombado.<\/p>\n\n\n\n<p><strong>Por SBT News e Estad\u00e3o Conte\u00fado<\/strong><\/p>\n","protected":false},"excerpt":{"rendered":"<p>O ex-presidente Jair Bolsonaro (PL) foi preso neste s\u00e1bado (22) pela Pol\u00edcia Federal. A ordem de pris\u00e3o foi expedida pelo ministro Alexandre de Moraes, do Supremo Tribunal Federal. Bolsonaro foi preso na casa onde cumpria pris\u00e3o domiciliar, no Jardim Bot\u00e2nico, bairro de alto padr\u00e3o no Distrito Federal. Ele foi levado pelos agentes \u00e0 Superintend\u00eancia da [&hellip;]<\/p>\n","protected":false},"author":2,"featured_media":280985,"comment_status":"open","ping_status":"open","sticky":false,"template":"","format":"standard","meta":{"_mi_skip_tracking":false,"footnotes":""},"categories":[25,1,16],"tags":[192],"class_list":["post-280984","post","type-post","status-publish","format-standard","has-post-thumbnail","hentry","category-destaques-site","category-geral","category-todas","tag-destaqueprincipal"],"acf":[],"yoast_head":"<!-- This site is optimized with the Yoast SEO Premium plugin v19.2 (Yoast SEO v26.9) - https:\/\/yoast.com\/product\/yoast-seo-premium-wordpress\/ -->\n<title>Ex-presidente Jair Bolsonaro \u00e9 preso pela Pol\u00edcia Federal em Bras\u00edlia - Portal Not\u00edcia em Pauta<\/title>\n<meta name=\"robots\" content=\"index, follow, max-snippet:-1, max-image-preview:large, max-video-preview:-1\" \/>\n<link rel=\"canonical\" href=\"https:\/\/noticiaempauta.com\/portal\/ex-presidente-jair-bolsonaro-e-preso-pela-policia-federal-em-brasilia\/\" \/>\n<meta property=\"og:locale\" content=\"pt_BR\" \/>\n<meta property=\"og:type\" content=\"article\" \/>\n<meta property=\"og:title\" content=\"Ex-presidente Jair Bolsonaro \u00e9 preso pela Pol\u00edcia Federal em Bras\u00edlia\" \/>\n<meta property=\"og:description\" content=\"O ex-presidente Jair Bolsonaro (PL) foi preso neste s\u00e1bado (22) pela Pol\u00edcia Federal. A ordem de pris\u00e3o foi expedida pelo ministro Alexandre de Moraes, do Supremo Tribunal Federal. Bolsonaro foi preso na casa onde cumpria pris\u00e3o domiciliar, no Jardim Bot\u00e2nico, bairro de alto padr\u00e3o no Distrito Federal. Ele foi levado pelos agentes \u00e0 Superintend\u00eancia da [&hellip;]\" \/>\n<meta property=\"og:url\" content=\"https:\/\/noticiaempauta.com\/portal\/ex-presidente-jair-bolsonaro-e-preso-pela-policia-federal-em-brasilia\/\" \/>\n<meta property=\"og:site_name\" content=\"Portal Not\u00edcia em Pauta\" \/>\n<meta property=\"article:publisher\" content=\"https:\/\/www.facebook.com\/Portal-Notcia-Em-Pauta-102292869264820\/\" \/>\n<meta property=\"article:published_time\" content=\"2025-11-22T10:31:37+00:00\" \/>\n<meta property=\"og:image\" content=\"https:\/\/noticiaempauta.com\/portal\/wp-content\/uploads\/2025\/11\/bolsonaro-condenado-estadao.jpg\" \/>\n\t<meta property=\"og:image:width\" content=\"1069\" \/>\n\t<meta property=\"og:image:height\" content=\"599\" \/>\n\t<meta property=\"og:image:type\" content=\"image\/jpeg\" \/>\n<meta name=\"author\" content=\"Reda\u00e7\u00e3o\" \/>\n<meta name=\"twitter:card\" content=\"summary_large_image\" \/>\n<meta name=\"twitter:label1\" content=\"Escrito por\" \/>\n\t<meta name=\"twitter:data1\" content=\"Reda\u00e7\u00e3o\" \/>\n\t<meta name=\"twitter:label2\" content=\"Est. tempo de leitura\" \/>\n\t<meta name=\"twitter:data2\" content=\"2 minutos\" \/>\n<script type=\"application\/ld+json\" class=\"yoast-schema-graph\">{\"@context\":\"https:\/\/schema.org\",\"@graph\":[{\"@type\":\"Article\",\"@id\":\"https:\/\/noticiaempauta.com\/portal\/ex-presidente-jair-bolsonaro-e-preso-pela-policia-federal-em-brasilia\/#article\",\"isPartOf\":{\"@id\":\"https:\/\/noticiaempauta.com\/portal\/ex-presidente-jair-bolsonaro-e-preso-pela-policia-federal-em-brasilia\/\"},\"author\":{\"name\":\"Reda\u00e7\u00e3o\",\"@id\":\"https:\/\/noticiaempauta.com\/portal\/#\/schema\/person\/a74af43dd1ab3deca45f988c717d57ac\"},\"headline\":\"Ex-presidente Jair Bolsonaro \u00e9 preso pela Pol\u00edcia Federal em Bras\u00edlia\",\"datePublished\":\"2025-11-22T10:31:37+00:00\",\"mainEntityOfPage\":{\"@id\":\"https:\/\/noticiaempauta.com\/portal\/ex-presidente-jair-bolsonaro-e-preso-pela-policia-federal-em-brasilia\/\"},\"wordCount\":268,\"commentCount\":0,\"publisher\":{\"@id\":\"https:\/\/noticiaempauta.com\/portal\/#organization\"},\"image\":{\"@id\":\"https:\/\/noticiaempauta.com\/portal\/ex-presidente-jair-bolsonaro-e-preso-pela-policia-federal-em-brasilia\/#primaryimage\"},\"thumbnailUrl\":\"https:\/\/noticiaempauta.com\/portal\/wp-content\/uploads\/2025\/11\/bolsonaro-condenado-estadao.jpg\",\"keywords\":[\"destaqueprincipal\"],\"articleSection\":[\"Destaques\",\"Geral\",\"Todas as Not\u00edcias\"],\"inLanguage\":\"pt-BR\",\"potentialAction\":[{\"@type\":\"CommentAction\",\"name\":\"Comment\",\"target\":[\"https:\/\/noticiaempauta.com\/portal\/ex-presidente-jair-bolsonaro-e-preso-pela-policia-federal-em-brasilia\/#respond\"]}]},{\"@type\":\"WebPage\",\"@id\":\"https:\/\/noticiaempauta.com\/portal\/ex-presidente-jair-bolsonaro-e-preso-pela-policia-federal-em-brasilia\/\",\"url\":\"https:\/\/noticiaempauta.com\/portal\/ex-presidente-jair-bolsonaro-e-preso-pela-policia-federal-em-brasilia\/\",\"name\":\"Ex-presidente Jair Bolsonaro \u00e9 preso pela Pol\u00edcia Federal em Bras\u00edlia - Portal Not\u00edcia em Pauta\",\"isPartOf\":{\"@id\":\"https:\/\/noticiaempauta.com\/portal\/#website\"},\"primaryImageOfPage\":{\"@id\":\"https:\/\/noticiaempauta.com\/portal\/ex-presidente-jair-bolsonaro-e-preso-pela-policia-federal-em-brasilia\/#primaryimage\"},\"image\":{\"@id\":\"https:\/\/noticiaempauta.com\/portal\/ex-presidente-jair-bolsonaro-e-preso-pela-policia-federal-em-brasilia\/#primaryimage\"},\"thumbnailUrl\":\"https:\/\/noticiaempauta.com\/portal\/wp-content\/uploads\/2025\/11\/bolsonaro-condenado-estadao.jpg\",\"datePublished\":\"2025-11-22T10:31:37+00:00\",\"breadcrumb\":{\"@id\":\"https:\/\/noticiaempauta.com\/portal\/ex-presidente-jair-bolsonaro-e-preso-pela-policia-federal-em-brasilia\/#breadcrumb\"},\"inLanguage\":\"pt-BR\",\"potentialAction\":[{\"@type\":\"ReadAction\",\"target\":[\"https:\/\/noticiaempauta.com\/portal\/ex-presidente-jair-bolsonaro-e-preso-pela-policia-federal-em-brasilia\/\"]}]},{\"@type\":\"ImageObject\",\"inLanguage\":\"pt-BR\",\"@id\":\"https:\/\/noticiaempauta.com\/portal\/ex-presidente-jair-bolsonaro-e-preso-pela-policia-federal-em-brasilia\/#primaryimage\",\"url\":\"https:\/\/noticiaempauta.com\/portal\/wp-content\/uploads\/2025\/11\/bolsonaro-condenado-estadao.jpg\",\"contentUrl\":\"https:\/\/noticiaempauta.com\/portal\/wp-content\/uploads\/2025\/11\/bolsonaro-condenado-estadao.jpg\",\"width\":1069,\"height\":599},{\"@type\":\"BreadcrumbList\",\"@id\":\"https:\/\/noticiaempauta.com\/portal\/ex-presidente-jair-bolsonaro-e-preso-pela-policia-federal-em-brasilia\/#breadcrumb\",\"itemListElement\":[{\"@type\":\"ListItem\",\"position\":1,\"name\":\"P\u00e1gina Inicial\",\"item\":\"https:\/\/noticiaempauta.com\/portal\/\"},{\"@type\":\"ListItem\",\"position\":2,\"name\":\"Destaques\",\"item\":\"https:\/\/noticiaempauta.com\/portal\/destaques-site\/\"},{\"@type\":\"ListItem\",\"position\":3,\"name\":\"Ex-presidente Jair Bolsonaro \u00e9 preso pela Pol\u00edcia Federal em Bras\u00edlia\"}]},{\"@type\":\"WebSite\",\"@id\":\"https:\/\/noticiaempauta.com\/portal\/#website\",\"url\":\"https:\/\/noticiaempauta.com\/portal\/\",\"name\":\"Portal Not\u00edcia em Pauta\",\"description\":\"Voc\u00ea bem informado\",\"publisher\":{\"@id\":\"https:\/\/noticiaempauta.com\/portal\/#organization\"},\"potentialAction\":[{\"@type\":\"SearchAction\",\"target\":{\"@type\":\"EntryPoint\",\"urlTemplate\":\"https:\/\/noticiaempauta.com\/portal\/?s={search_term_string}\"},\"query-input\":{\"@type\":\"PropertyValueSpecification\",\"valueRequired\":true,\"valueName\":\"search_term_string\"}}],\"inLanguage\":\"pt-BR\"},{\"@type\":\"Organization\",\"@id\":\"https:\/\/noticiaempauta.com\/portal\/#organization\",\"name\":\"Portal Not\u00edcia em Pauta\",\"url\":\"https:\/\/noticiaempauta.com\/portal\/\",\"logo\":{\"@type\":\"ImageObject\",\"inLanguage\":\"pt-BR\",\"@id\":\"https:\/\/noticiaempauta.com\/portal\/#\/schema\/logo\/image\/\",\"url\":\"https:\/\/noticiaempauta.com\/portal\/wp-content\/uploads\/2022\/08\/logomarca_tema.fw_.png\",\"contentUrl\":\"https:\/\/noticiaempauta.com\/portal\/wp-content\/uploads\/2022\/08\/logomarca_tema.fw_.png\",\"width\":400,\"height\":232,\"caption\":\"Portal Not\u00edcia em Pauta\"},\"image\":{\"@id\":\"https:\/\/noticiaempauta.com\/portal\/#\/schema\/logo\/image\/\"},\"sameAs\":[\"https:\/\/www.facebook.com\/Portal-Notcia-Em-Pauta-102292869264820\/\",\"https:\/\/www.instagram.com\/portalnoticiaempauta\/\"]},{\"@type\":\"Person\",\"@id\":\"https:\/\/noticiaempauta.com\/portal\/#\/schema\/person\/a74af43dd1ab3deca45f988c717d57ac\",\"name\":\"Reda\u00e7\u00e3o\",\"image\":{\"@type\":\"ImageObject\",\"inLanguage\":\"pt-BR\",\"@id\":\"https:\/\/noticiaempauta.com\/portal\/#\/schema\/person\/image\/\",\"url\":\"https:\/\/secure.gravatar.com\/avatar\/03179346ecce6cdfc13361603e8f54242a90e5cde8618fa23c5c00aa2b0aadf3?s=96&d=mm&r=g\",\"contentUrl\":\"https:\/\/secure.gravatar.com\/avatar\/03179346ecce6cdfc13361603e8f54242a90e5cde8618fa23c5c00aa2b0aadf3?s=96&d=mm&r=g\",\"caption\":\"Reda\u00e7\u00e3o\"},\"sameAs\":[\"https:\/\/noticiaempauta.com\/portal\/\"],\"url\":\"https:\/\/noticiaempauta.com\/portal\/author\/fernando\/\"}]}<\/script>\n<!-- \/ Yoast SEO Premium plugin. -->","yoast_head_json":{"title":"Ex-presidente Jair Bolsonaro \u00e9 preso pela Pol\u00edcia Federal em Bras\u00edlia - Portal Not\u00edcia em Pauta","robots":{"index":"index","follow":"follow","max-snippet":"max-snippet:-1","max-image-preview":"max-image-preview:large","max-video-preview":"max-video-preview:-1"},"canonical":"https:\/\/noticiaempauta.com\/portal\/ex-presidente-jair-bolsonaro-e-preso-pela-policia-federal-em-brasilia\/","og_locale":"pt_BR","og_type":"article","og_title":"Ex-presidente Jair Bolsonaro \u00e9 preso pela Pol\u00edcia Federal em Bras\u00edlia","og_description":"O ex-presidente Jair Bolsonaro (PL) foi preso neste s\u00e1bado (22) pela Pol\u00edcia Federal. A ordem de pris\u00e3o foi expedida pelo ministro Alexandre de Moraes, do Supremo Tribunal Federal. Bolsonaro foi preso na casa onde cumpria pris\u00e3o domiciliar, no Jardim Bot\u00e2nico, bairro de alto padr\u00e3o no Distrito Federal. Ele foi levado pelos agentes \u00e0 Superintend\u00eancia da [&hellip;]","og_url":"https:\/\/noticiaempauta.com\/portal\/ex-presidente-jair-bolsonaro-e-preso-pela-policia-federal-em-brasilia\/","og_site_name":"Portal Not\u00edcia em Pauta","article_publisher":"https:\/\/www.facebook.com\/Portal-Notcia-Em-Pauta-102292869264820\/","article_published_time":"2025-11-22T10:31:37+00:00","og_image":[{"width":1069,"height":599,"url":"https:\/\/noticiaempauta.com\/portal\/wp-content\/uploads\/2025\/11\/bolsonaro-condenado-estadao.jpg","type":"image\/jpeg"}],"author":"Reda\u00e7\u00e3o","twitter_card":"summary_large_image","twitter_misc":{"Escrito por":"Reda\u00e7\u00e3o","Est. tempo de leitura":"2 minutos"},"schema":{"@context":"https:\/\/schema.org","@graph":[{"@type":"Article","@id":"https:\/\/noticiaempauta.com\/portal\/ex-presidente-jair-bolsonaro-e-preso-pela-policia-federal-em-brasilia\/#article","isPartOf":{"@id":"https:\/\/noticiaempauta.com\/portal\/ex-presidente-jair-bolsonaro-e-preso-pela-policia-federal-em-brasilia\/"},"author":{"name":"Reda\u00e7\u00e3o","@id":"https:\/\/noticiaempauta.com\/portal\/#\/schema\/person\/a74af43dd1ab3deca45f988c717d57ac"},"headline":"Ex-presidente Jair Bolsonaro \u00e9 preso pela Pol\u00edcia Federal em Bras\u00edlia","datePublished":"2025-11-22T10:31:37+00:00","mainEntityOfPage":{"@id":"https:\/\/noticiaempauta.com\/portal\/ex-presidente-jair-bolsonaro-e-preso-pela-policia-federal-em-brasilia\/"},"wordCount":268,"commentCount":0,"publisher":{"@id":"https:\/\/noticiaempauta.com\/portal\/#organization"},"image":{"@id":"https:\/\/noticiaempauta.com\/portal\/ex-presidente-jair-bolsonaro-e-preso-pela-policia-federal-em-brasilia\/#primaryimage"},"thumbnailUrl":"https:\/\/noticiaempauta.com\/portal\/wp-content\/uploads\/2025\/11\/bolsonaro-condenado-estadao.jpg","keywords":["destaqueprincipal"],"articleSection":["Destaques","Geral","Todas as Not\u00edcias"],"inLanguage":"pt-BR","potentialAction":[{"@type":"CommentAction","name":"Comment","target":["https:\/\/noticiaempauta.com\/portal\/ex-presidente-jair-bolsonaro-e-preso-pela-policia-federal-em-brasilia\/#respond"]}]},{"@type":"WebPage","@id":"https:\/\/noticiaempauta.com\/portal\/ex-presidente-jair-bolsonaro-e-preso-pela-policia-federal-em-brasilia\/","url":"https:\/\/noticiaempauta.com\/portal\/ex-presidente-jair-bolsonaro-e-preso-pela-policia-federal-em-brasilia\/","name":"Ex-presidente Jair Bolsonaro \u00e9 preso pela Pol\u00edcia Federal em Bras\u00edlia - Portal Not\u00edcia em Pauta","isPartOf":{"@id":"https:\/\/noticiaempauta.com\/portal\/#website"},"primaryImageOfPage":{"@id":"https:\/\/noticiaempauta.com\/portal\/ex-presidente-jair-bolsonaro-e-preso-pela-policia-federal-em-brasilia\/#primaryimage"},"image":{"@id":"https:\/\/noticiaempauta.com\/portal\/ex-presidente-jair-bolsonaro-e-preso-pela-policia-federal-em-brasilia\/#primaryimage"},"thumbnailUrl":"https:\/\/noticiaempauta.com\/portal\/wp-content\/uploads\/2025\/11\/bolsonaro-condenado-estadao.jpg","datePublished":"2025-11-22T10:31:37+00:00","breadcrumb":{"@id":"https:\/\/noticiaempauta.com\/portal\/ex-presidente-jair-bolsonaro-e-preso-pela-policia-federal-em-brasilia\/#breadcrumb"},"inLanguage":"pt-BR","potentialAction":[{"@type":"ReadAction","target":["https:\/\/noticiaempauta.com\/portal\/ex-presidente-jair-bolsonaro-e-preso-pela-policia-federal-em-brasilia\/"]}]},{"@type":"ImageObject","inLanguage":"pt-BR","@id":"https:\/\/noticiaempauta.com\/portal\/ex-presidente-jair-bolsonaro-e-preso-pela-policia-federal-em-brasilia\/#primaryimage","url":"https:\/\/noticiaempauta.com\/portal\/wp-content\/uploads\/2025\/11\/bolsonaro-condenado-estadao.jpg","contentUrl":"https:\/\/noticiaempauta.com\/portal\/wp-content\/uploads\/2025\/11\/bolsonaro-condenado-estadao.jpg","width":1069,"height":599},{"@type":"BreadcrumbList","@id":"https:\/\/noticiaempauta.com\/portal\/ex-presidente-jair-bolsonaro-e-preso-pela-policia-federal-em-brasilia\/#breadcrumb","itemListElement":[{"@type":"ListItem","position":1,"name":"P\u00e1gina Inicial","item":"https:\/\/noticiaempauta.com\/portal\/"},{"@type":"ListItem","position":2,"name":"Destaques","item":"https:\/\/noticiaempauta.com\/portal\/destaques-site\/"},{"@type":"ListItem","position":3,"name":"Ex-presidente Jair Bolsonaro \u00e9 preso pela Pol\u00edcia Federal em Bras\u00edlia"}]},{"@type":"WebSite","@id":"https:\/\/noticiaempauta.com\/portal\/#website","url":"https:\/\/noticiaempauta.com\/portal\/","name":"Portal Not\u00edcia em Pauta","description":"Voc\u00ea bem informado","publisher":{"@id":"https:\/\/noticiaempauta.com\/portal\/#organization"},"potentialAction":[{"@type":"SearchAction","target":{"@type":"EntryPoint","urlTemplate":"https:\/\/noticiaempauta.com\/portal\/?s={search_term_string}"},"query-input":{"@type":"PropertyValueSpecification","valueRequired":true,"valueName":"search_term_string"}}],"inLanguage":"pt-BR"},{"@type":"Organization","@id":"https:\/\/noticiaempauta.com\/portal\/#organization","name":"Portal Not\u00edcia em Pauta","url":"https:\/\/noticiaempauta.com\/portal\/","logo":{"@type":"ImageObject","inLanguage":"pt-BR","@id":"https:\/\/noticiaempauta.com\/portal\/#\/schema\/logo\/image\/","url":"https:\/\/noticiaempauta.com\/portal\/wp-content\/uploads\/2022\/08\/logomarca_tema.fw_.png","contentUrl":"https:\/\/noticiaempauta.com\/portal\/wp-content\/uploads\/2022\/08\/logomarca_tema.fw_.png","width":400,"height":232,"caption":"Portal Not\u00edcia em Pauta"},"image":{"@id":"https:\/\/noticiaempauta.com\/portal\/#\/schema\/logo\/image\/"},"sameAs":["https:\/\/www.facebook.com\/Portal-Notcia-Em-Pauta-102292869264820\/","https:\/\/www.instagram.com\/portalnoticiaempauta\/"]},{"@type":"Person","@id":"https:\/\/noticiaempauta.com\/portal\/#\/schema\/person\/a74af43dd1ab3deca45f988c717d57ac","name":"Reda\u00e7\u00e3o","image":{"@type":"ImageObject","inLanguage":"pt-BR","@id":"https:\/\/noticiaempauta.com\/portal\/#\/schema\/person\/image\/","url":"https:\/\/secure.gravatar.com\/avatar\/03179346ecce6cdfc13361603e8f54242a90e5cde8618fa23c5c00aa2b0aadf3?s=96&d=mm&r=g","contentUrl":"https:\/\/secure.gravatar.com\/avatar\/03179346ecce6cdfc13361603e8f54242a90e5cde8618fa23c5c00aa2b0aadf3?s=96&d=mm&r=g","caption":"Reda\u00e7\u00e3o"},"sameAs":["https:\/\/noticiaempauta.com\/portal\/"],"url":"https:\/\/noticiaempauta.com\/portal\/author\/fernando\/"}]}},"_links":{"self":[{"href":"https:\/\/noticiaempauta.com\/portal\/wp-json\/wp\/v2\/posts\/280984","targetHints":{"allow":["GET"]}}],"collection":[{"href":"https:\/\/noticiaempauta.com\/portal\/wp-json\/wp\/v2\/posts"}],"about":[{"href":"https:\/\/noticiaempauta.com\/portal\/wp-json\/wp\/v2\/types\/post"}],"author":[{"embeddable":true,"href":"https:\/\/noticiaempauta.com\/portal\/wp-json\/wp\/v2\/users\/2"}],"replies":[{"embeddable":true,"href":"https:\/\/noticiaempauta.com\/portal\/wp-json\/wp\/v2\/comments?post=280984"}],"version-history":[{"count":2,"href":"https:\/\/noticiaempauta.com\/portal\/wp-json\/wp\/v2\/posts\/280984\/revisions"}],"predecessor-version":[{"id":280987,"href":"https:\/\/noticiaempauta.com\/portal\/wp-json\/wp\/v2\/posts\/280984\/revisions\/280987"}],"wp:featuredmedia":[{"embeddable":true,"href":"https:\/\/noticiaempauta.com\/portal\/wp-json\/wp\/v2\/media\/280985"}],"wp:attachment":[{"href":"https:\/\/noticiaempauta.com\/portal\/wp-json\/wp\/v2\/media?parent=280984"}],"wp:term":[{"taxonomy":"category","embeddable":true,"href":"https:\/\/noticiaempauta.com\/portal\/wp-json\/wp\/v2\/categories?post=280984"},{"taxonomy":"post_tag","embeddable":true,"href":"https:\/\/noticiaempauta.com\/portal\/wp-json\/wp\/v2\/tags?post=280984"}],"curies":[{"name":"wp","href":"https:\/\/api.w.org\/{rel}","templated":true}]}}