{"id":281004,"date":"2025-11-24T08:47:13","date_gmt":"2025-11-24T11:47:13","guid":{"rendered":"https:\/\/noticiaempauta.com\/portal\/?p=281004"},"modified":"2025-11-24T08:47:14","modified_gmt":"2025-11-24T11:47:14","slug":"homem-e-baleado-apos-reagir-a-abordagem-policial-com-faca-em-francisco-santos","status":"publish","type":"post","link":"https:\/\/noticiaempauta.com\/portal\/homem-e-baleado-apos-reagir-a-abordagem-policial-com-faca-em-francisco-santos\/","title":{"rendered":"Homem \u00e9 baleado ap\u00f3s reagir \u00e0 abordagem policial com faca em Francisco Santos"},"content":{"rendered":"\n<p>Na manh\u00e3 deste domingo (23), um\u00a0homem identificado apenas pelas iniciais A.C.M.S., conhecido como Kak\u00e1, foi baleado durante uma abordagem policial no munic\u00edpio de Francisco Santos.\u00a0De acordo com informa\u00e7\u00f5es da Pol\u00edcia Militar do Estado do Piau\u00ed (PMPI), o\u00a0indiv\u00edduo estava armado com uma faca e avan\u00e7ou contra a guarni\u00e7\u00e3o que o abordou.<\/p>\n\n\n\n<figure class=\"wp-block-image size-full\"><img fetchpriority=\"high\" decoding=\"async\" width=\"785\" height=\"435\" src=\"https:\/\/noticiaempauta.com\/portal\/wp-content\/uploads\/2025\/11\/policia-militar-do-estado-do-piaui-7c8d89b619e9a2e2.jpg\" alt=\"\" class=\"wp-image-281006\" srcset=\"https:\/\/noticiaempauta.com\/portal\/wp-content\/uploads\/2025\/11\/policia-militar-do-estado-do-piaui-7c8d89b619e9a2e2.jpg 785w, https:\/\/noticiaempauta.com\/portal\/wp-content\/uploads\/2025\/11\/policia-militar-do-estado-do-piaui-7c8d89b619e9a2e2-300x166.jpg 300w, https:\/\/noticiaempauta.com\/portal\/wp-content\/uploads\/2025\/11\/policia-militar-do-estado-do-piaui-7c8d89b619e9a2e2-768x426.jpg 768w\" sizes=\"(max-width: 785px) 100vw, 785px\" \/><figcaption class=\"wp-element-caption\"><em>(Foto: Reprodu\u00e7\u00e3o)<\/em><\/figcaption><\/figure>\n\n\n\n<p>Ainda segundo a PMPI, a\u00a0a\u00e7\u00e3o policial foi desencadeada ap\u00f3s as autoridades receberem den\u00fancias que apontavam Kak\u00e1 como autor de uma tentativa de esfaqueamento e amea\u00e7as no munic\u00edpio.<\/p>\n\n\n\n<p>A v\u00edtima foi levada para a Unidade de Pronto Atendimento (UPA) para receber atendimento m\u00e9dico. Logo ap\u00f3s, os policiais iniciaram buscas pelo suspeito, mas n\u00e3o o localizaram de imediato.<\/p>\n\n\n\n<p>Minutos depois, a&nbsp;equipe policial foi acionada novamente, desta vez por uma nova den\u00fancia de que o homem teria amea\u00e7ado outra pessoa e estaria em posse da mesma faca.&nbsp;Com a informa\u00e7\u00e3o de que ele havia entrado em uma resid\u00eancia sem autoriza\u00e7\u00e3o para se esconder, a Pol\u00edcia Militar se dirigiu ao local para tentar captur\u00e1-lo.<\/p>\n\n\n\n<figure class=\"wp-block-image size-large\"><img decoding=\"async\" width=\"1024\" height=\"623\" src=\"https:\/\/noticiaempauta.com\/portal\/wp-content\/uploads\/2025\/11\/homem-e-baleado-apos-reagir-a-abordagem-policial-com-faca-em-42eef460757a4d05-1024x623.jpg\" alt=\"\" class=\"wp-image-281005\" srcset=\"https:\/\/noticiaempauta.com\/portal\/wp-content\/uploads\/2025\/11\/homem-e-baleado-apos-reagir-a-abordagem-policial-com-faca-em-42eef460757a4d05-1024x623.jpg 1024w, https:\/\/noticiaempauta.com\/portal\/wp-content\/uploads\/2025\/11\/homem-e-baleado-apos-reagir-a-abordagem-policial-com-faca-em-42eef460757a4d05-300x183.jpg 300w, https:\/\/noticiaempauta.com\/portal\/wp-content\/uploads\/2025\/11\/homem-e-baleado-apos-reagir-a-abordagem-policial-com-faca-em-42eef460757a4d05-768x467.jpg 768w, https:\/\/noticiaempauta.com\/portal\/wp-content\/uploads\/2025\/11\/homem-e-baleado-apos-reagir-a-abordagem-policial-com-faca-em-42eef460757a4d05.jpg 1200w\" sizes=\"(max-width: 1024px) 100vw, 1024px\" \/><figcaption class=\"wp-element-caption\">Faca apreendida com A.C.M.S. (Foto: Reprodu\u00e7\u00e3o\/ PMPI)<\/figcaption><\/figure>\n\n\n\n<p>Ao chegar \u00e0 resid\u00eancia, os&nbsp;policiais foram informados pelo morador de que o suspeito estava dentro da casa com a arma em m\u00e3os.&nbsp;A guarni\u00e7\u00e3o entrou no im\u00f3vel e ordenou que ele soltasse a faca.<\/p>\n\n\n\n<p>No entanto, o&nbsp;homem desobedeceu a ordem e avan\u00e7ou contra os militares, que dispararam para conter a agress\u00e3o.&nbsp;Kak\u00e1 foi socorrido e levado para o Hospital Regional de Picos para receber tratamento m\u00e9dico.<\/p>\n\n\n\n<p>A Pol\u00edcia Militar informou que o caso ser\u00e1 investigado para apurar as circunst\u00e2ncias do ocorrido.<\/p>\n\n\n\n<p><strong>Fonte: Meio News<\/strong><\/p>\n","protected":false},"excerpt":{"rendered":"<p>Na manh\u00e3 deste domingo (23), um\u00a0homem identificado apenas pelas iniciais A.C.M.S., conhecido como Kak\u00e1, foi baleado durante uma abordagem policial no munic\u00edpio de Francisco Santos.\u00a0De acordo com informa\u00e7\u00f5es da Pol\u00edcia Militar do Estado do Piau\u00ed (PMPI), o\u00a0indiv\u00edduo estava armado com uma faca e avan\u00e7ou contra a guarni\u00e7\u00e3o que o abordou. Ainda segundo a PMPI, a\u00a0a\u00e7\u00e3o [&hellip;]<\/p>\n","protected":false},"author":2,"featured_media":281006,"comment_status":"open","ping_status":"open","sticky":false,"template":"","format":"standard","meta":{"_mi_skip_tracking":false,"footnotes":""},"categories":[25,1,16],"tags":[192],"class_list":["post-281004","post","type-post","status-publish","format-standard","has-post-thumbnail","hentry","category-destaques-site","category-geral","category-todas","tag-destaqueprincipal"],"acf":[],"yoast_head":"<!-- This site is optimized with the Yoast SEO Premium plugin v19.2 (Yoast SEO v26.9) - https:\/\/yoast.com\/product\/yoast-seo-premium-wordpress\/ -->\n<title>Homem \u00e9 baleado ap\u00f3s reagir \u00e0 abordagem policial com faca em Francisco Santos - Portal Not\u00edcia em Pauta<\/title>\n<meta name=\"robots\" content=\"index, follow, max-snippet:-1, max-image-preview:large, max-video-preview:-1\" \/>\n<link rel=\"canonical\" href=\"https:\/\/noticiaempauta.com\/portal\/homem-e-baleado-apos-reagir-a-abordagem-policial-com-faca-em-francisco-santos\/\" \/>\n<meta property=\"og:locale\" content=\"pt_BR\" \/>\n<meta property=\"og:type\" content=\"article\" \/>\n<meta property=\"og:title\" content=\"Homem \u00e9 baleado ap\u00f3s reagir \u00e0 abordagem policial com faca em Francisco Santos\" \/>\n<meta property=\"og:description\" content=\"Na manh\u00e3 deste domingo (23), um\u00a0homem identificado apenas pelas iniciais A.C.M.S., conhecido como Kak\u00e1, foi baleado durante uma abordagem policial no munic\u00edpio de Francisco Santos.\u00a0De acordo com informa\u00e7\u00f5es da Pol\u00edcia Militar do Estado do Piau\u00ed (PMPI), o\u00a0indiv\u00edduo estava armado com uma faca e avan\u00e7ou contra a guarni\u00e7\u00e3o que o abordou. Ainda segundo a PMPI, a\u00a0a\u00e7\u00e3o [&hellip;]\" \/>\n<meta property=\"og:url\" content=\"https:\/\/noticiaempauta.com\/portal\/homem-e-baleado-apos-reagir-a-abordagem-policial-com-faca-em-francisco-santos\/\" \/>\n<meta property=\"og:site_name\" content=\"Portal Not\u00edcia em Pauta\" \/>\n<meta property=\"article:publisher\" content=\"https:\/\/www.facebook.com\/Portal-Notcia-Em-Pauta-102292869264820\/\" \/>\n<meta property=\"article:published_time\" content=\"2025-11-24T11:47:13+00:00\" \/>\n<meta property=\"article:modified_time\" content=\"2025-11-24T11:47:14+00:00\" \/>\n<meta property=\"og:image\" content=\"https:\/\/noticiaempauta.com\/portal\/wp-content\/uploads\/2025\/11\/policia-militar-do-estado-do-piaui-7c8d89b619e9a2e2.jpg\" \/>\n\t<meta property=\"og:image:width\" content=\"785\" \/>\n\t<meta property=\"og:image:height\" content=\"435\" \/>\n\t<meta property=\"og:image:type\" content=\"image\/jpeg\" \/>\n<meta name=\"author\" content=\"Reda\u00e7\u00e3o\" \/>\n<meta name=\"twitter:card\" content=\"summary_large_image\" \/>\n<meta name=\"twitter:label1\" content=\"Escrito por\" \/>\n\t<meta name=\"twitter:data1\" content=\"Reda\u00e7\u00e3o\" \/>\n\t<meta name=\"twitter:label2\" content=\"Est. tempo de leitura\" \/>\n\t<meta name=\"twitter:data2\" content=\"3 minutos\" \/>\n<script type=\"application\/ld+json\" class=\"yoast-schema-graph\">{\"@context\":\"https:\/\/schema.org\",\"@graph\":[{\"@type\":\"Article\",\"@id\":\"https:\/\/noticiaempauta.com\/portal\/homem-e-baleado-apos-reagir-a-abordagem-policial-com-faca-em-francisco-santos\/#article\",\"isPartOf\":{\"@id\":\"https:\/\/noticiaempauta.com\/portal\/homem-e-baleado-apos-reagir-a-abordagem-policial-com-faca-em-francisco-santos\/\"},\"author\":{\"name\":\"Reda\u00e7\u00e3o\",\"@id\":\"https:\/\/noticiaempauta.com\/portal\/#\/schema\/person\/a74af43dd1ab3deca45f988c717d57ac\"},\"headline\":\"Homem \u00e9 baleado ap\u00f3s reagir \u00e0 abordagem policial com faca em Francisco Santos\",\"datePublished\":\"2025-11-24T11:47:13+00:00\",\"dateModified\":\"2025-11-24T11:47:14+00:00\",\"mainEntityOfPage\":{\"@id\":\"https:\/\/noticiaempauta.com\/portal\/homem-e-baleado-apos-reagir-a-abordagem-policial-com-faca-em-francisco-santos\/\"},\"wordCount\":315,\"commentCount\":0,\"publisher\":{\"@id\":\"https:\/\/noticiaempauta.com\/portal\/#organization\"},\"image\":{\"@id\":\"https:\/\/noticiaempauta.com\/portal\/homem-e-baleado-apos-reagir-a-abordagem-policial-com-faca-em-francisco-santos\/#primaryimage\"},\"thumbnailUrl\":\"https:\/\/noticiaempauta.com\/portal\/wp-content\/uploads\/2025\/11\/policia-militar-do-estado-do-piaui-7c8d89b619e9a2e2.jpg\",\"keywords\":[\"destaqueprincipal\"],\"articleSection\":[\"Destaques\",\"Geral\",\"Todas as Not\u00edcias\"],\"inLanguage\":\"pt-BR\",\"potentialAction\":[{\"@type\":\"CommentAction\",\"name\":\"Comment\",\"target\":[\"https:\/\/noticiaempauta.com\/portal\/homem-e-baleado-apos-reagir-a-abordagem-policial-com-faca-em-francisco-santos\/#respond\"]}]},{\"@type\":\"WebPage\",\"@id\":\"https:\/\/noticiaempauta.com\/portal\/homem-e-baleado-apos-reagir-a-abordagem-policial-com-faca-em-francisco-santos\/\",\"url\":\"https:\/\/noticiaempauta.com\/portal\/homem-e-baleado-apos-reagir-a-abordagem-policial-com-faca-em-francisco-santos\/\",\"name\":\"Homem \u00e9 baleado ap\u00f3s reagir \u00e0 abordagem policial com faca em Francisco Santos - Portal Not\u00edcia em Pauta\",\"isPartOf\":{\"@id\":\"https:\/\/noticiaempauta.com\/portal\/#website\"},\"primaryImageOfPage\":{\"@id\":\"https:\/\/noticiaempauta.com\/portal\/homem-e-baleado-apos-reagir-a-abordagem-policial-com-faca-em-francisco-santos\/#primaryimage\"},\"image\":{\"@id\":\"https:\/\/noticiaempauta.com\/portal\/homem-e-baleado-apos-reagir-a-abordagem-policial-com-faca-em-francisco-santos\/#primaryimage\"},\"thumbnailUrl\":\"https:\/\/noticiaempauta.com\/portal\/wp-content\/uploads\/2025\/11\/policia-militar-do-estado-do-piaui-7c8d89b619e9a2e2.jpg\",\"datePublished\":\"2025-11-24T11:47:13+00:00\",\"dateModified\":\"2025-11-24T11:47:14+00:00\",\"breadcrumb\":{\"@id\":\"https:\/\/noticiaempauta.com\/portal\/homem-e-baleado-apos-reagir-a-abordagem-policial-com-faca-em-francisco-santos\/#breadcrumb\"},\"inLanguage\":\"pt-BR\",\"potentialAction\":[{\"@type\":\"ReadAction\",\"target\":[\"https:\/\/noticiaempauta.com\/portal\/homem-e-baleado-apos-reagir-a-abordagem-policial-com-faca-em-francisco-santos\/\"]}]},{\"@type\":\"ImageObject\",\"inLanguage\":\"pt-BR\",\"@id\":\"https:\/\/noticiaempauta.com\/portal\/homem-e-baleado-apos-reagir-a-abordagem-policial-com-faca-em-francisco-santos\/#primaryimage\",\"url\":\"https:\/\/noticiaempauta.com\/portal\/wp-content\/uploads\/2025\/11\/policia-militar-do-estado-do-piaui-7c8d89b619e9a2e2.jpg\",\"contentUrl\":\"https:\/\/noticiaempauta.com\/portal\/wp-content\/uploads\/2025\/11\/policia-militar-do-estado-do-piaui-7c8d89b619e9a2e2.jpg\",\"width\":785,\"height\":435},{\"@type\":\"BreadcrumbList\",\"@id\":\"https:\/\/noticiaempauta.com\/portal\/homem-e-baleado-apos-reagir-a-abordagem-policial-com-faca-em-francisco-santos\/#breadcrumb\",\"itemListElement\":[{\"@type\":\"ListItem\",\"position\":1,\"name\":\"P\u00e1gina Inicial\",\"item\":\"https:\/\/noticiaempauta.com\/portal\/\"},{\"@type\":\"ListItem\",\"position\":2,\"name\":\"Destaques\",\"item\":\"https:\/\/noticiaempauta.com\/portal\/destaques-site\/\"},{\"@type\":\"ListItem\",\"position\":3,\"name\":\"Homem \u00e9 baleado ap\u00f3s reagir \u00e0 abordagem policial com faca em Francisco Santos\"}]},{\"@type\":\"WebSite\",\"@id\":\"https:\/\/noticiaempauta.com\/portal\/#website\",\"url\":\"https:\/\/noticiaempauta.com\/portal\/\",\"name\":\"Portal Not\u00edcia em Pauta\",\"description\":\"Voc\u00ea bem informado\",\"publisher\":{\"@id\":\"https:\/\/noticiaempauta.com\/portal\/#organization\"},\"potentialAction\":[{\"@type\":\"SearchAction\",\"target\":{\"@type\":\"EntryPoint\",\"urlTemplate\":\"https:\/\/noticiaempauta.com\/portal\/?s={search_term_string}\"},\"query-input\":{\"@type\":\"PropertyValueSpecification\",\"valueRequired\":true,\"valueName\":\"search_term_string\"}}],\"inLanguage\":\"pt-BR\"},{\"@type\":\"Organization\",\"@id\":\"https:\/\/noticiaempauta.com\/portal\/#organization\",\"name\":\"Portal Not\u00edcia em Pauta\",\"url\":\"https:\/\/noticiaempauta.com\/portal\/\",\"logo\":{\"@type\":\"ImageObject\",\"inLanguage\":\"pt-BR\",\"@id\":\"https:\/\/noticiaempauta.com\/portal\/#\/schema\/logo\/image\/\",\"url\":\"https:\/\/noticiaempauta.com\/portal\/wp-content\/uploads\/2022\/08\/logomarca_tema.fw_.png\",\"contentUrl\":\"https:\/\/noticiaempauta.com\/portal\/wp-content\/uploads\/2022\/08\/logomarca_tema.fw_.png\",\"width\":400,\"height\":232,\"caption\":\"Portal Not\u00edcia em Pauta\"},\"image\":{\"@id\":\"https:\/\/noticiaempauta.com\/portal\/#\/schema\/logo\/image\/\"},\"sameAs\":[\"https:\/\/www.facebook.com\/Portal-Notcia-Em-Pauta-102292869264820\/\",\"https:\/\/www.instagram.com\/portalnoticiaempauta\/\"]},{\"@type\":\"Person\",\"@id\":\"https:\/\/noticiaempauta.com\/portal\/#\/schema\/person\/a74af43dd1ab3deca45f988c717d57ac\",\"name\":\"Reda\u00e7\u00e3o\",\"image\":{\"@type\":\"ImageObject\",\"inLanguage\":\"pt-BR\",\"@id\":\"https:\/\/noticiaempauta.com\/portal\/#\/schema\/person\/image\/\",\"url\":\"https:\/\/secure.gravatar.com\/avatar\/03179346ecce6cdfc13361603e8f54242a90e5cde8618fa23c5c00aa2b0aadf3?s=96&d=mm&r=g\",\"contentUrl\":\"https:\/\/secure.gravatar.com\/avatar\/03179346ecce6cdfc13361603e8f54242a90e5cde8618fa23c5c00aa2b0aadf3?s=96&d=mm&r=g\",\"caption\":\"Reda\u00e7\u00e3o\"},\"sameAs\":[\"https:\/\/noticiaempauta.com\/portal\/\"],\"url\":\"https:\/\/noticiaempauta.com\/portal\/author\/fernando\/\"}]}<\/script>\n<!-- \/ Yoast SEO Premium plugin. -->","yoast_head_json":{"title":"Homem \u00e9 baleado ap\u00f3s reagir \u00e0 abordagem policial com faca em Francisco Santos - Portal Not\u00edcia em Pauta","robots":{"index":"index","follow":"follow","max-snippet":"max-snippet:-1","max-image-preview":"max-image-preview:large","max-video-preview":"max-video-preview:-1"},"canonical":"https:\/\/noticiaempauta.com\/portal\/homem-e-baleado-apos-reagir-a-abordagem-policial-com-faca-em-francisco-santos\/","og_locale":"pt_BR","og_type":"article","og_title":"Homem \u00e9 baleado ap\u00f3s reagir \u00e0 abordagem policial com faca em Francisco Santos","og_description":"Na manh\u00e3 deste domingo (23), um\u00a0homem identificado apenas pelas iniciais A.C.M.S., conhecido como Kak\u00e1, foi baleado durante uma abordagem policial no munic\u00edpio de Francisco Santos.\u00a0De acordo com informa\u00e7\u00f5es da Pol\u00edcia Militar do Estado do Piau\u00ed (PMPI), o\u00a0indiv\u00edduo estava armado com uma faca e avan\u00e7ou contra a guarni\u00e7\u00e3o que o abordou. Ainda segundo a PMPI, a\u00a0a\u00e7\u00e3o [&hellip;]","og_url":"https:\/\/noticiaempauta.com\/portal\/homem-e-baleado-apos-reagir-a-abordagem-policial-com-faca-em-francisco-santos\/","og_site_name":"Portal Not\u00edcia em Pauta","article_publisher":"https:\/\/www.facebook.com\/Portal-Notcia-Em-Pauta-102292869264820\/","article_published_time":"2025-11-24T11:47:13+00:00","article_modified_time":"2025-11-24T11:47:14+00:00","og_image":[{"width":785,"height":435,"url":"https:\/\/noticiaempauta.com\/portal\/wp-content\/uploads\/2025\/11\/policia-militar-do-estado-do-piaui-7c8d89b619e9a2e2.jpg","type":"image\/jpeg"}],"author":"Reda\u00e7\u00e3o","twitter_card":"summary_large_image","twitter_misc":{"Escrito por":"Reda\u00e7\u00e3o","Est. tempo de leitura":"3 minutos"},"schema":{"@context":"https:\/\/schema.org","@graph":[{"@type":"Article","@id":"https:\/\/noticiaempauta.com\/portal\/homem-e-baleado-apos-reagir-a-abordagem-policial-com-faca-em-francisco-santos\/#article","isPartOf":{"@id":"https:\/\/noticiaempauta.com\/portal\/homem-e-baleado-apos-reagir-a-abordagem-policial-com-faca-em-francisco-santos\/"},"author":{"name":"Reda\u00e7\u00e3o","@id":"https:\/\/noticiaempauta.com\/portal\/#\/schema\/person\/a74af43dd1ab3deca45f988c717d57ac"},"headline":"Homem \u00e9 baleado ap\u00f3s reagir \u00e0 abordagem policial com faca em Francisco Santos","datePublished":"2025-11-24T11:47:13+00:00","dateModified":"2025-11-24T11:47:14+00:00","mainEntityOfPage":{"@id":"https:\/\/noticiaempauta.com\/portal\/homem-e-baleado-apos-reagir-a-abordagem-policial-com-faca-em-francisco-santos\/"},"wordCount":315,"commentCount":0,"publisher":{"@id":"https:\/\/noticiaempauta.com\/portal\/#organization"},"image":{"@id":"https:\/\/noticiaempauta.com\/portal\/homem-e-baleado-apos-reagir-a-abordagem-policial-com-faca-em-francisco-santos\/#primaryimage"},"thumbnailUrl":"https:\/\/noticiaempauta.com\/portal\/wp-content\/uploads\/2025\/11\/policia-militar-do-estado-do-piaui-7c8d89b619e9a2e2.jpg","keywords":["destaqueprincipal"],"articleSection":["Destaques","Geral","Todas as Not\u00edcias"],"inLanguage":"pt-BR","potentialAction":[{"@type":"CommentAction","name":"Comment","target":["https:\/\/noticiaempauta.com\/portal\/homem-e-baleado-apos-reagir-a-abordagem-policial-com-faca-em-francisco-santos\/#respond"]}]},{"@type":"WebPage","@id":"https:\/\/noticiaempauta.com\/portal\/homem-e-baleado-apos-reagir-a-abordagem-policial-com-faca-em-francisco-santos\/","url":"https:\/\/noticiaempauta.com\/portal\/homem-e-baleado-apos-reagir-a-abordagem-policial-com-faca-em-francisco-santos\/","name":"Homem \u00e9 baleado ap\u00f3s reagir \u00e0 abordagem policial com faca em Francisco Santos - Portal Not\u00edcia em Pauta","isPartOf":{"@id":"https:\/\/noticiaempauta.com\/portal\/#website"},"primaryImageOfPage":{"@id":"https:\/\/noticiaempauta.com\/portal\/homem-e-baleado-apos-reagir-a-abordagem-policial-com-faca-em-francisco-santos\/#primaryimage"},"image":{"@id":"https:\/\/noticiaempauta.com\/portal\/homem-e-baleado-apos-reagir-a-abordagem-policial-com-faca-em-francisco-santos\/#primaryimage"},"thumbnailUrl":"https:\/\/noticiaempauta.com\/portal\/wp-content\/uploads\/2025\/11\/policia-militar-do-estado-do-piaui-7c8d89b619e9a2e2.jpg","datePublished":"2025-11-24T11:47:13+00:00","dateModified":"2025-11-24T11:47:14+00:00","breadcrumb":{"@id":"https:\/\/noticiaempauta.com\/portal\/homem-e-baleado-apos-reagir-a-abordagem-policial-com-faca-em-francisco-santos\/#breadcrumb"},"inLanguage":"pt-BR","potentialAction":[{"@type":"ReadAction","target":["https:\/\/noticiaempauta.com\/portal\/homem-e-baleado-apos-reagir-a-abordagem-policial-com-faca-em-francisco-santos\/"]}]},{"@type":"ImageObject","inLanguage":"pt-BR","@id":"https:\/\/noticiaempauta.com\/portal\/homem-e-baleado-apos-reagir-a-abordagem-policial-com-faca-em-francisco-santos\/#primaryimage","url":"https:\/\/noticiaempauta.com\/portal\/wp-content\/uploads\/2025\/11\/policia-militar-do-estado-do-piaui-7c8d89b619e9a2e2.jpg","contentUrl":"https:\/\/noticiaempauta.com\/portal\/wp-content\/uploads\/2025\/11\/policia-militar-do-estado-do-piaui-7c8d89b619e9a2e2.jpg","width":785,"height":435},{"@type":"BreadcrumbList","@id":"https:\/\/noticiaempauta.com\/portal\/homem-e-baleado-apos-reagir-a-abordagem-policial-com-faca-em-francisco-santos\/#breadcrumb","itemListElement":[{"@type":"ListItem","position":1,"name":"P\u00e1gina Inicial","item":"https:\/\/noticiaempauta.com\/portal\/"},{"@type":"ListItem","position":2,"name":"Destaques","item":"https:\/\/noticiaempauta.com\/portal\/destaques-site\/"},{"@type":"ListItem","position":3,"name":"Homem \u00e9 baleado ap\u00f3s reagir \u00e0 abordagem policial com faca em Francisco Santos"}]},{"@type":"WebSite","@id":"https:\/\/noticiaempauta.com\/portal\/#website","url":"https:\/\/noticiaempauta.com\/portal\/","name":"Portal Not\u00edcia em Pauta","description":"Voc\u00ea bem informado","publisher":{"@id":"https:\/\/noticiaempauta.com\/portal\/#organization"},"potentialAction":[{"@type":"SearchAction","target":{"@type":"EntryPoint","urlTemplate":"https:\/\/noticiaempauta.com\/portal\/?s={search_term_string}"},"query-input":{"@type":"PropertyValueSpecification","valueRequired":true,"valueName":"search_term_string"}}],"inLanguage":"pt-BR"},{"@type":"Organization","@id":"https:\/\/noticiaempauta.com\/portal\/#organization","name":"Portal Not\u00edcia em Pauta","url":"https:\/\/noticiaempauta.com\/portal\/","logo":{"@type":"ImageObject","inLanguage":"pt-BR","@id":"https:\/\/noticiaempauta.com\/portal\/#\/schema\/logo\/image\/","url":"https:\/\/noticiaempauta.com\/portal\/wp-content\/uploads\/2022\/08\/logomarca_tema.fw_.png","contentUrl":"https:\/\/noticiaempauta.com\/portal\/wp-content\/uploads\/2022\/08\/logomarca_tema.fw_.png","width":400,"height":232,"caption":"Portal Not\u00edcia em Pauta"},"image":{"@id":"https:\/\/noticiaempauta.com\/portal\/#\/schema\/logo\/image\/"},"sameAs":["https:\/\/www.facebook.com\/Portal-Notcia-Em-Pauta-102292869264820\/","https:\/\/www.instagram.com\/portalnoticiaempauta\/"]},{"@type":"Person","@id":"https:\/\/noticiaempauta.com\/portal\/#\/schema\/person\/a74af43dd1ab3deca45f988c717d57ac","name":"Reda\u00e7\u00e3o","image":{"@type":"ImageObject","inLanguage":"pt-BR","@id":"https:\/\/noticiaempauta.com\/portal\/#\/schema\/person\/image\/","url":"https:\/\/secure.gravatar.com\/avatar\/03179346ecce6cdfc13361603e8f54242a90e5cde8618fa23c5c00aa2b0aadf3?s=96&d=mm&r=g","contentUrl":"https:\/\/secure.gravatar.com\/avatar\/03179346ecce6cdfc13361603e8f54242a90e5cde8618fa23c5c00aa2b0aadf3?s=96&d=mm&r=g","caption":"Reda\u00e7\u00e3o"},"sameAs":["https:\/\/noticiaempauta.com\/portal\/"],"url":"https:\/\/noticiaempauta.com\/portal\/author\/fernando\/"}]}},"_links":{"self":[{"href":"https:\/\/noticiaempauta.com\/portal\/wp-json\/wp\/v2\/posts\/281004","targetHints":{"allow":["GET"]}}],"collection":[{"href":"https:\/\/noticiaempauta.com\/portal\/wp-json\/wp\/v2\/posts"}],"about":[{"href":"https:\/\/noticiaempauta.com\/portal\/wp-json\/wp\/v2\/types\/post"}],"author":[{"embeddable":true,"href":"https:\/\/noticiaempauta.com\/portal\/wp-json\/wp\/v2\/users\/2"}],"replies":[{"embeddable":true,"href":"https:\/\/noticiaempauta.com\/portal\/wp-json\/wp\/v2\/comments?post=281004"}],"version-history":[{"count":2,"href":"https:\/\/noticiaempauta.com\/portal\/wp-json\/wp\/v2\/posts\/281004\/revisions"}],"predecessor-version":[{"id":281008,"href":"https:\/\/noticiaempauta.com\/portal\/wp-json\/wp\/v2\/posts\/281004\/revisions\/281008"}],"wp:featuredmedia":[{"embeddable":true,"href":"https:\/\/noticiaempauta.com\/portal\/wp-json\/wp\/v2\/media\/281006"}],"wp:attachment":[{"href":"https:\/\/noticiaempauta.com\/portal\/wp-json\/wp\/v2\/media?parent=281004"}],"wp:term":[{"taxonomy":"category","embeddable":true,"href":"https:\/\/noticiaempauta.com\/portal\/wp-json\/wp\/v2\/categories?post=281004"},{"taxonomy":"post_tag","embeddable":true,"href":"https:\/\/noticiaempauta.com\/portal\/wp-json\/wp\/v2\/tags?post=281004"}],"curies":[{"name":"wp","href":"https:\/\/api.w.org\/{rel}","templated":true}]}}