{"id":281022,"date":"2025-11-24T09:23:40","date_gmt":"2025-11-24T12:23:40","guid":{"rendered":"https:\/\/noticiaempauta.com\/portal\/?p=281022"},"modified":"2025-11-24T09:23:41","modified_gmt":"2025-11-24T12:23:41","slug":"4o-mutirao-popruajud-do-tj-pi-acontece-de-24-a-28-de-novembro-em-picos","status":"publish","type":"post","link":"https:\/\/noticiaempauta.com\/portal\/4o-mutirao-popruajud-do-tj-pi-acontece-de-24-a-28-de-novembro-em-picos\/","title":{"rendered":"4\u00ba Mutir\u00e3o PopRuaJud do TJ-PI acontece de 24 a 28 de novembro em Picos"},"content":{"rendered":"\n<p>O Tribunal de Justi\u00e7a do Piau\u00ed-TJPI realizar\u00e1 o 4\u00ba Mutir\u00e3o PopRuaJud de 24 e 28 de novembro de 2025, no Picoense Clube, em Picos-PI. O mutir\u00e3o oferecer\u00e1 uma ampla gama de servi\u00e7os, incluindo emiss\u00e3o de documentos, atendimentos jur\u00eddicos, a\u00e7\u00f5es de sa\u00fade, orienta\u00e7\u00e3o social e inclus\u00e3o em programas governamentais, al\u00e9m de atividades educativas e culturais; e ser\u00e1 realizado por meio de parceria interinstitucional entre o TJPI, as institui\u00e7\u00f5es integrantes do Sistema de Justi\u00e7a, o Governo do Estado e a Prefeitura Municipal de Picos.<\/p>\n\n\n\n<figure class=\"wp-block-image size-full\"><img fetchpriority=\"high\" decoding=\"async\" width=\"1024\" height=\"683\" src=\"https:\/\/noticiaempauta.com\/portal\/wp-content\/uploads\/2025\/11\/WhatsApp-Image-2025-11-06-at-09.56.01-1024x683-1.jpeg\" alt=\"\" class=\"wp-image-281025\" srcset=\"https:\/\/noticiaempauta.com\/portal\/wp-content\/uploads\/2025\/11\/WhatsApp-Image-2025-11-06-at-09.56.01-1024x683-1.jpeg 1024w, https:\/\/noticiaempauta.com\/portal\/wp-content\/uploads\/2025\/11\/WhatsApp-Image-2025-11-06-at-09.56.01-1024x683-1-300x200.jpeg 300w, https:\/\/noticiaempauta.com\/portal\/wp-content\/uploads\/2025\/11\/WhatsApp-Image-2025-11-06-at-09.56.01-1024x683-1-768x512.jpeg 768w\" sizes=\"(max-width: 1024px) 100vw, 1024px\" \/><\/figure>\n\n\n\n<p>\u201cO PopRuaJud \u00e9 mais do que uma a\u00e7\u00e3o institucional, \u00e9 um instrumento de transforma\u00e7\u00e3o social e de compromisso com a dignidade humana. O Tribunal de Justi\u00e7a do Piau\u00ed tem buscado, em conson\u00e2ncia com o CNJ, romper barreiras de acesso \u00e0 Justi\u00e7a, levando servi\u00e7os essenciais \u00e0queles que mais precisam e que, muitas vezes, est\u00e3o invis\u00edveis ao Estado\u201d, afirmou desembargador Aderson Antonio Brito Nogueira, presidente do Tribunal de Justi\u00e7a do Piau\u00ed.<\/p>\n\n\n\n<p>Em reuni\u00e3o realizada no \u00faltimo dia (5), foram definidos os detalhes log\u00edsticos e operacionais das a\u00e7\u00f5es que ser\u00e3o desenvolvidas durante o evento, voltado \u00e0 presta\u00e7\u00e3o de servi\u00e7os e garantia de direitos \u00e0 popula\u00e7\u00e3o em situa\u00e7\u00e3o de rua.<\/p>\n\n\n\n<figure class=\"wp-block-image size-full\"><img decoding=\"async\" width=\"1024\" height=\"683\" src=\"https:\/\/noticiaempauta.com\/portal\/wp-content\/uploads\/2025\/11\/WhatsApp-Image-2025-11-06-at-09.56.00-1024x683-1.jpeg\" alt=\"\" class=\"wp-image-281024\" srcset=\"https:\/\/noticiaempauta.com\/portal\/wp-content\/uploads\/2025\/11\/WhatsApp-Image-2025-11-06-at-09.56.00-1024x683-1.jpeg 1024w, https:\/\/noticiaempauta.com\/portal\/wp-content\/uploads\/2025\/11\/WhatsApp-Image-2025-11-06-at-09.56.00-1024x683-1-300x200.jpeg 300w, https:\/\/noticiaempauta.com\/portal\/wp-content\/uploads\/2025\/11\/WhatsApp-Image-2025-11-06-at-09.56.00-1024x683-1-768x512.jpeg 768w\" sizes=\"(max-width: 1024px) 100vw, 1024px\" \/><\/figure>\n\n\n\n<p>\u201cDiscutimos a estrutura de atendimento, a integra\u00e7\u00e3o entre os servi\u00e7os ofertados e o envolvimento dos parceiros institucionais, entre eles, \u00f3rg\u00e3os municipais, estaduais e federais, para assegurar que os atendimentos ocorram de forma coordenada, eficiente e humanizada. A cada edi\u00e7\u00e3o, o PopRuaJud reafirma o valor do trabalho conjunto. Em Picos, unimos esfor\u00e7os para construir um espa\u00e7o de escuta, acolhimento e cidadania. Essa integra\u00e7\u00e3o \u00e9 o que garante a efetividade das a\u00e7\u00f5es e o impacto real na vida das pessoas em situa\u00e7\u00e3o de rua\u201d, declarou o juiz auxiliar da Presid\u00eancia do TJPI, Luiz de Moura.<\/p>\n\n\n\n<figure class=\"wp-block-image size-full\"><img decoding=\"async\" width=\"1024\" height=\"683\" src=\"https:\/\/noticiaempauta.com\/portal\/wp-content\/uploads\/2025\/11\/WhatsApp-Image-2025-11-06-at-09.56.00-3-1024x683-1.jpeg\" alt=\"\" class=\"wp-image-281023\" srcset=\"https:\/\/noticiaempauta.com\/portal\/wp-content\/uploads\/2025\/11\/WhatsApp-Image-2025-11-06-at-09.56.00-3-1024x683-1.jpeg 1024w, https:\/\/noticiaempauta.com\/portal\/wp-content\/uploads\/2025\/11\/WhatsApp-Image-2025-11-06-at-09.56.00-3-1024x683-1-300x200.jpeg 300w, https:\/\/noticiaempauta.com\/portal\/wp-content\/uploads\/2025\/11\/WhatsApp-Image-2025-11-06-at-09.56.00-3-1024x683-1-768x512.jpeg 768w\" sizes=\"(max-width: 1024px) 100vw, 1024px\" \/><\/figure>\n\n\n\n<p>O PopRuaJud tem se consolidado como uma das principais estrat\u00e9gias de efetiva\u00e7\u00e3o da Pol\u00edtica Nacional Judicial de Aten\u00e7\u00e3o a Pessoas em Situa\u00e7\u00e3o de Rua e suas Interseccionalidades, institu\u00edda pela Resolu\u00e7\u00e3o CNJ n\u00ba 425\/2021, promovendo acesso \u00e0 Justi\u00e7a e \u00e0 cidadania para pessoas em situa\u00e7\u00e3o de vulnerabilidade.<\/p>\n\n\n\n<p>Fonte: TJ-PI<\/p>\n","protected":false},"excerpt":{"rendered":"<p>O Tribunal de Justi\u00e7a do Piau\u00ed-TJPI realizar\u00e1 o 4\u00ba Mutir\u00e3o PopRuaJud de 24 e 28 de novembro de 2025, no Picoense Clube, em Picos-PI. O mutir\u00e3o oferecer\u00e1 uma ampla gama de servi\u00e7os, incluindo emiss\u00e3o de documentos, atendimentos jur\u00eddicos, a\u00e7\u00f5es de sa\u00fade, orienta\u00e7\u00e3o social e inclus\u00e3o em programas governamentais, al\u00e9m de atividades educativas e culturais; e [&hellip;]<\/p>\n","protected":false},"author":2,"featured_media":281025,"comment_status":"open","ping_status":"open","sticky":false,"template":"","format":"standard","meta":{"_mi_skip_tracking":false,"footnotes":""},"categories":[25,1,16],"tags":[192],"class_list":["post-281022","post","type-post","status-publish","format-standard","has-post-thumbnail","hentry","category-destaques-site","category-geral","category-todas","tag-destaqueprincipal"],"acf":[],"yoast_head":"<!-- This site is optimized with the Yoast SEO Premium plugin v19.2 (Yoast SEO v26.9) - https:\/\/yoast.com\/product\/yoast-seo-premium-wordpress\/ -->\n<title>4\u00ba Mutir\u00e3o PopRuaJud do TJ-PI acontece de 24 a 28 de novembro em Picos - Portal Not\u00edcia em Pauta<\/title>\n<meta name=\"robots\" content=\"index, follow, max-snippet:-1, max-image-preview:large, max-video-preview:-1\" \/>\n<link rel=\"canonical\" href=\"https:\/\/noticiaempauta.com\/portal\/4o-mutirao-popruajud-do-tj-pi-acontece-de-24-a-28-de-novembro-em-picos\/\" \/>\n<meta property=\"og:locale\" content=\"pt_BR\" \/>\n<meta property=\"og:type\" content=\"article\" \/>\n<meta property=\"og:title\" content=\"4\u00ba Mutir\u00e3o PopRuaJud do TJ-PI acontece de 24 a 28 de novembro em Picos\" \/>\n<meta property=\"og:description\" content=\"O Tribunal de Justi\u00e7a do Piau\u00ed-TJPI realizar\u00e1 o 4\u00ba Mutir\u00e3o PopRuaJud de 24 e 28 de novembro de 2025, no Picoense Clube, em Picos-PI. O mutir\u00e3o oferecer\u00e1 uma ampla gama de servi\u00e7os, incluindo emiss\u00e3o de documentos, atendimentos jur\u00eddicos, a\u00e7\u00f5es de sa\u00fade, orienta\u00e7\u00e3o social e inclus\u00e3o em programas governamentais, al\u00e9m de atividades educativas e culturais; e [&hellip;]\" \/>\n<meta property=\"og:url\" content=\"https:\/\/noticiaempauta.com\/portal\/4o-mutirao-popruajud-do-tj-pi-acontece-de-24-a-28-de-novembro-em-picos\/\" \/>\n<meta property=\"og:site_name\" content=\"Portal Not\u00edcia em Pauta\" \/>\n<meta property=\"article:publisher\" content=\"https:\/\/www.facebook.com\/Portal-Notcia-Em-Pauta-102292869264820\/\" \/>\n<meta property=\"article:published_time\" content=\"2025-11-24T12:23:40+00:00\" \/>\n<meta property=\"article:modified_time\" content=\"2025-11-24T12:23:41+00:00\" \/>\n<meta property=\"og:image\" content=\"https:\/\/noticiaempauta.com\/portal\/wp-content\/uploads\/2025\/11\/WhatsApp-Image-2025-11-06-at-09.56.01-1024x683-1.jpeg\" \/>\n\t<meta property=\"og:image:width\" content=\"1024\" \/>\n\t<meta property=\"og:image:height\" content=\"683\" \/>\n\t<meta property=\"og:image:type\" content=\"image\/jpeg\" \/>\n<meta name=\"author\" content=\"Reda\u00e7\u00e3o\" \/>\n<meta name=\"twitter:card\" content=\"summary_large_image\" \/>\n<meta name=\"twitter:label1\" content=\"Escrito por\" \/>\n\t<meta name=\"twitter:data1\" content=\"Reda\u00e7\u00e3o\" \/>\n\t<meta name=\"twitter:label2\" content=\"Est. tempo de leitura\" \/>\n\t<meta name=\"twitter:data2\" content=\"3 minutos\" \/>\n<script type=\"application\/ld+json\" class=\"yoast-schema-graph\">{\"@context\":\"https:\/\/schema.org\",\"@graph\":[{\"@type\":\"Article\",\"@id\":\"https:\/\/noticiaempauta.com\/portal\/4o-mutirao-popruajud-do-tj-pi-acontece-de-24-a-28-de-novembro-em-picos\/#article\",\"isPartOf\":{\"@id\":\"https:\/\/noticiaempauta.com\/portal\/4o-mutirao-popruajud-do-tj-pi-acontece-de-24-a-28-de-novembro-em-picos\/\"},\"author\":{\"name\":\"Reda\u00e7\u00e3o\",\"@id\":\"https:\/\/noticiaempauta.com\/portal\/#\/schema\/person\/a74af43dd1ab3deca45f988c717d57ac\"},\"headline\":\"4\u00ba Mutir\u00e3o PopRuaJud do TJ-PI acontece de 24 a 28 de novembro em Picos\",\"datePublished\":\"2025-11-24T12:23:40+00:00\",\"dateModified\":\"2025-11-24T12:23:41+00:00\",\"mainEntityOfPage\":{\"@id\":\"https:\/\/noticiaempauta.com\/portal\/4o-mutirao-popruajud-do-tj-pi-acontece-de-24-a-28-de-novembro-em-picos\/\"},\"wordCount\":377,\"commentCount\":0,\"publisher\":{\"@id\":\"https:\/\/noticiaempauta.com\/portal\/#organization\"},\"image\":{\"@id\":\"https:\/\/noticiaempauta.com\/portal\/4o-mutirao-popruajud-do-tj-pi-acontece-de-24-a-28-de-novembro-em-picos\/#primaryimage\"},\"thumbnailUrl\":\"https:\/\/noticiaempauta.com\/portal\/wp-content\/uploads\/2025\/11\/WhatsApp-Image-2025-11-06-at-09.56.01-1024x683-1.jpeg\",\"keywords\":[\"destaqueprincipal\"],\"articleSection\":[\"Destaques\",\"Geral\",\"Todas as Not\u00edcias\"],\"inLanguage\":\"pt-BR\",\"potentialAction\":[{\"@type\":\"CommentAction\",\"name\":\"Comment\",\"target\":[\"https:\/\/noticiaempauta.com\/portal\/4o-mutirao-popruajud-do-tj-pi-acontece-de-24-a-28-de-novembro-em-picos\/#respond\"]}]},{\"@type\":\"WebPage\",\"@id\":\"https:\/\/noticiaempauta.com\/portal\/4o-mutirao-popruajud-do-tj-pi-acontece-de-24-a-28-de-novembro-em-picos\/\",\"url\":\"https:\/\/noticiaempauta.com\/portal\/4o-mutirao-popruajud-do-tj-pi-acontece-de-24-a-28-de-novembro-em-picos\/\",\"name\":\"4\u00ba Mutir\u00e3o PopRuaJud do TJ-PI acontece de 24 a 28 de novembro em Picos - Portal Not\u00edcia em Pauta\",\"isPartOf\":{\"@id\":\"https:\/\/noticiaempauta.com\/portal\/#website\"},\"primaryImageOfPage\":{\"@id\":\"https:\/\/noticiaempauta.com\/portal\/4o-mutirao-popruajud-do-tj-pi-acontece-de-24-a-28-de-novembro-em-picos\/#primaryimage\"},\"image\":{\"@id\":\"https:\/\/noticiaempauta.com\/portal\/4o-mutirao-popruajud-do-tj-pi-acontece-de-24-a-28-de-novembro-em-picos\/#primaryimage\"},\"thumbnailUrl\":\"https:\/\/noticiaempauta.com\/portal\/wp-content\/uploads\/2025\/11\/WhatsApp-Image-2025-11-06-at-09.56.01-1024x683-1.jpeg\",\"datePublished\":\"2025-11-24T12:23:40+00:00\",\"dateModified\":\"2025-11-24T12:23:41+00:00\",\"breadcrumb\":{\"@id\":\"https:\/\/noticiaempauta.com\/portal\/4o-mutirao-popruajud-do-tj-pi-acontece-de-24-a-28-de-novembro-em-picos\/#breadcrumb\"},\"inLanguage\":\"pt-BR\",\"potentialAction\":[{\"@type\":\"ReadAction\",\"target\":[\"https:\/\/noticiaempauta.com\/portal\/4o-mutirao-popruajud-do-tj-pi-acontece-de-24-a-28-de-novembro-em-picos\/\"]}]},{\"@type\":\"ImageObject\",\"inLanguage\":\"pt-BR\",\"@id\":\"https:\/\/noticiaempauta.com\/portal\/4o-mutirao-popruajud-do-tj-pi-acontece-de-24-a-28-de-novembro-em-picos\/#primaryimage\",\"url\":\"https:\/\/noticiaempauta.com\/portal\/wp-content\/uploads\/2025\/11\/WhatsApp-Image-2025-11-06-at-09.56.01-1024x683-1.jpeg\",\"contentUrl\":\"https:\/\/noticiaempauta.com\/portal\/wp-content\/uploads\/2025\/11\/WhatsApp-Image-2025-11-06-at-09.56.01-1024x683-1.jpeg\",\"width\":1024,\"height\":683},{\"@type\":\"BreadcrumbList\",\"@id\":\"https:\/\/noticiaempauta.com\/portal\/4o-mutirao-popruajud-do-tj-pi-acontece-de-24-a-28-de-novembro-em-picos\/#breadcrumb\",\"itemListElement\":[{\"@type\":\"ListItem\",\"position\":1,\"name\":\"P\u00e1gina Inicial\",\"item\":\"https:\/\/noticiaempauta.com\/portal\/\"},{\"@type\":\"ListItem\",\"position\":2,\"name\":\"Destaques\",\"item\":\"https:\/\/noticiaempauta.com\/portal\/destaques-site\/\"},{\"@type\":\"ListItem\",\"position\":3,\"name\":\"4\u00ba Mutir\u00e3o PopRuaJud do TJ-PI acontece de 24 a 28 de novembro em Picos\"}]},{\"@type\":\"WebSite\",\"@id\":\"https:\/\/noticiaempauta.com\/portal\/#website\",\"url\":\"https:\/\/noticiaempauta.com\/portal\/\",\"name\":\"Portal Not\u00edcia em Pauta\",\"description\":\"Voc\u00ea bem informado\",\"publisher\":{\"@id\":\"https:\/\/noticiaempauta.com\/portal\/#organization\"},\"potentialAction\":[{\"@type\":\"SearchAction\",\"target\":{\"@type\":\"EntryPoint\",\"urlTemplate\":\"https:\/\/noticiaempauta.com\/portal\/?s={search_term_string}\"},\"query-input\":{\"@type\":\"PropertyValueSpecification\",\"valueRequired\":true,\"valueName\":\"search_term_string\"}}],\"inLanguage\":\"pt-BR\"},{\"@type\":\"Organization\",\"@id\":\"https:\/\/noticiaempauta.com\/portal\/#organization\",\"name\":\"Portal Not\u00edcia em Pauta\",\"url\":\"https:\/\/noticiaempauta.com\/portal\/\",\"logo\":{\"@type\":\"ImageObject\",\"inLanguage\":\"pt-BR\",\"@id\":\"https:\/\/noticiaempauta.com\/portal\/#\/schema\/logo\/image\/\",\"url\":\"https:\/\/noticiaempauta.com\/portal\/wp-content\/uploads\/2022\/08\/logomarca_tema.fw_.png\",\"contentUrl\":\"https:\/\/noticiaempauta.com\/portal\/wp-content\/uploads\/2022\/08\/logomarca_tema.fw_.png\",\"width\":400,\"height\":232,\"caption\":\"Portal Not\u00edcia em Pauta\"},\"image\":{\"@id\":\"https:\/\/noticiaempauta.com\/portal\/#\/schema\/logo\/image\/\"},\"sameAs\":[\"https:\/\/www.facebook.com\/Portal-Notcia-Em-Pauta-102292869264820\/\",\"https:\/\/www.instagram.com\/portalnoticiaempauta\/\"]},{\"@type\":\"Person\",\"@id\":\"https:\/\/noticiaempauta.com\/portal\/#\/schema\/person\/a74af43dd1ab3deca45f988c717d57ac\",\"name\":\"Reda\u00e7\u00e3o\",\"image\":{\"@type\":\"ImageObject\",\"inLanguage\":\"pt-BR\",\"@id\":\"https:\/\/noticiaempauta.com\/portal\/#\/schema\/person\/image\/\",\"url\":\"https:\/\/secure.gravatar.com\/avatar\/03179346ecce6cdfc13361603e8f54242a90e5cde8618fa23c5c00aa2b0aadf3?s=96&d=mm&r=g\",\"contentUrl\":\"https:\/\/secure.gravatar.com\/avatar\/03179346ecce6cdfc13361603e8f54242a90e5cde8618fa23c5c00aa2b0aadf3?s=96&d=mm&r=g\",\"caption\":\"Reda\u00e7\u00e3o\"},\"sameAs\":[\"https:\/\/noticiaempauta.com\/portal\/\"],\"url\":\"https:\/\/noticiaempauta.com\/portal\/author\/fernando\/\"}]}<\/script>\n<!-- \/ Yoast SEO Premium plugin. -->","yoast_head_json":{"title":"4\u00ba Mutir\u00e3o PopRuaJud do TJ-PI acontece de 24 a 28 de novembro em Picos - Portal Not\u00edcia em Pauta","robots":{"index":"index","follow":"follow","max-snippet":"max-snippet:-1","max-image-preview":"max-image-preview:large","max-video-preview":"max-video-preview:-1"},"canonical":"https:\/\/noticiaempauta.com\/portal\/4o-mutirao-popruajud-do-tj-pi-acontece-de-24-a-28-de-novembro-em-picos\/","og_locale":"pt_BR","og_type":"article","og_title":"4\u00ba Mutir\u00e3o PopRuaJud do TJ-PI acontece de 24 a 28 de novembro em Picos","og_description":"O Tribunal de Justi\u00e7a do Piau\u00ed-TJPI realizar\u00e1 o 4\u00ba Mutir\u00e3o PopRuaJud de 24 e 28 de novembro de 2025, no Picoense Clube, em Picos-PI. O mutir\u00e3o oferecer\u00e1 uma ampla gama de servi\u00e7os, incluindo emiss\u00e3o de documentos, atendimentos jur\u00eddicos, a\u00e7\u00f5es de sa\u00fade, orienta\u00e7\u00e3o social e inclus\u00e3o em programas governamentais, al\u00e9m de atividades educativas e culturais; e [&hellip;]","og_url":"https:\/\/noticiaempauta.com\/portal\/4o-mutirao-popruajud-do-tj-pi-acontece-de-24-a-28-de-novembro-em-picos\/","og_site_name":"Portal Not\u00edcia em Pauta","article_publisher":"https:\/\/www.facebook.com\/Portal-Notcia-Em-Pauta-102292869264820\/","article_published_time":"2025-11-24T12:23:40+00:00","article_modified_time":"2025-11-24T12:23:41+00:00","og_image":[{"width":1024,"height":683,"url":"https:\/\/noticiaempauta.com\/portal\/wp-content\/uploads\/2025\/11\/WhatsApp-Image-2025-11-06-at-09.56.01-1024x683-1.jpeg","type":"image\/jpeg"}],"author":"Reda\u00e7\u00e3o","twitter_card":"summary_large_image","twitter_misc":{"Escrito por":"Reda\u00e7\u00e3o","Est. tempo de leitura":"3 minutos"},"schema":{"@context":"https:\/\/schema.org","@graph":[{"@type":"Article","@id":"https:\/\/noticiaempauta.com\/portal\/4o-mutirao-popruajud-do-tj-pi-acontece-de-24-a-28-de-novembro-em-picos\/#article","isPartOf":{"@id":"https:\/\/noticiaempauta.com\/portal\/4o-mutirao-popruajud-do-tj-pi-acontece-de-24-a-28-de-novembro-em-picos\/"},"author":{"name":"Reda\u00e7\u00e3o","@id":"https:\/\/noticiaempauta.com\/portal\/#\/schema\/person\/a74af43dd1ab3deca45f988c717d57ac"},"headline":"4\u00ba Mutir\u00e3o PopRuaJud do TJ-PI acontece de 24 a 28 de novembro em Picos","datePublished":"2025-11-24T12:23:40+00:00","dateModified":"2025-11-24T12:23:41+00:00","mainEntityOfPage":{"@id":"https:\/\/noticiaempauta.com\/portal\/4o-mutirao-popruajud-do-tj-pi-acontece-de-24-a-28-de-novembro-em-picos\/"},"wordCount":377,"commentCount":0,"publisher":{"@id":"https:\/\/noticiaempauta.com\/portal\/#organization"},"image":{"@id":"https:\/\/noticiaempauta.com\/portal\/4o-mutirao-popruajud-do-tj-pi-acontece-de-24-a-28-de-novembro-em-picos\/#primaryimage"},"thumbnailUrl":"https:\/\/noticiaempauta.com\/portal\/wp-content\/uploads\/2025\/11\/WhatsApp-Image-2025-11-06-at-09.56.01-1024x683-1.jpeg","keywords":["destaqueprincipal"],"articleSection":["Destaques","Geral","Todas as Not\u00edcias"],"inLanguage":"pt-BR","potentialAction":[{"@type":"CommentAction","name":"Comment","target":["https:\/\/noticiaempauta.com\/portal\/4o-mutirao-popruajud-do-tj-pi-acontece-de-24-a-28-de-novembro-em-picos\/#respond"]}]},{"@type":"WebPage","@id":"https:\/\/noticiaempauta.com\/portal\/4o-mutirao-popruajud-do-tj-pi-acontece-de-24-a-28-de-novembro-em-picos\/","url":"https:\/\/noticiaempauta.com\/portal\/4o-mutirao-popruajud-do-tj-pi-acontece-de-24-a-28-de-novembro-em-picos\/","name":"4\u00ba Mutir\u00e3o PopRuaJud do TJ-PI acontece de 24 a 28 de novembro em Picos - Portal Not\u00edcia em Pauta","isPartOf":{"@id":"https:\/\/noticiaempauta.com\/portal\/#website"},"primaryImageOfPage":{"@id":"https:\/\/noticiaempauta.com\/portal\/4o-mutirao-popruajud-do-tj-pi-acontece-de-24-a-28-de-novembro-em-picos\/#primaryimage"},"image":{"@id":"https:\/\/noticiaempauta.com\/portal\/4o-mutirao-popruajud-do-tj-pi-acontece-de-24-a-28-de-novembro-em-picos\/#primaryimage"},"thumbnailUrl":"https:\/\/noticiaempauta.com\/portal\/wp-content\/uploads\/2025\/11\/WhatsApp-Image-2025-11-06-at-09.56.01-1024x683-1.jpeg","datePublished":"2025-11-24T12:23:40+00:00","dateModified":"2025-11-24T12:23:41+00:00","breadcrumb":{"@id":"https:\/\/noticiaempauta.com\/portal\/4o-mutirao-popruajud-do-tj-pi-acontece-de-24-a-28-de-novembro-em-picos\/#breadcrumb"},"inLanguage":"pt-BR","potentialAction":[{"@type":"ReadAction","target":["https:\/\/noticiaempauta.com\/portal\/4o-mutirao-popruajud-do-tj-pi-acontece-de-24-a-28-de-novembro-em-picos\/"]}]},{"@type":"ImageObject","inLanguage":"pt-BR","@id":"https:\/\/noticiaempauta.com\/portal\/4o-mutirao-popruajud-do-tj-pi-acontece-de-24-a-28-de-novembro-em-picos\/#primaryimage","url":"https:\/\/noticiaempauta.com\/portal\/wp-content\/uploads\/2025\/11\/WhatsApp-Image-2025-11-06-at-09.56.01-1024x683-1.jpeg","contentUrl":"https:\/\/noticiaempauta.com\/portal\/wp-content\/uploads\/2025\/11\/WhatsApp-Image-2025-11-06-at-09.56.01-1024x683-1.jpeg","width":1024,"height":683},{"@type":"BreadcrumbList","@id":"https:\/\/noticiaempauta.com\/portal\/4o-mutirao-popruajud-do-tj-pi-acontece-de-24-a-28-de-novembro-em-picos\/#breadcrumb","itemListElement":[{"@type":"ListItem","position":1,"name":"P\u00e1gina Inicial","item":"https:\/\/noticiaempauta.com\/portal\/"},{"@type":"ListItem","position":2,"name":"Destaques","item":"https:\/\/noticiaempauta.com\/portal\/destaques-site\/"},{"@type":"ListItem","position":3,"name":"4\u00ba Mutir\u00e3o PopRuaJud do TJ-PI acontece de 24 a 28 de novembro em Picos"}]},{"@type":"WebSite","@id":"https:\/\/noticiaempauta.com\/portal\/#website","url":"https:\/\/noticiaempauta.com\/portal\/","name":"Portal Not\u00edcia em Pauta","description":"Voc\u00ea bem informado","publisher":{"@id":"https:\/\/noticiaempauta.com\/portal\/#organization"},"potentialAction":[{"@type":"SearchAction","target":{"@type":"EntryPoint","urlTemplate":"https:\/\/noticiaempauta.com\/portal\/?s={search_term_string}"},"query-input":{"@type":"PropertyValueSpecification","valueRequired":true,"valueName":"search_term_string"}}],"inLanguage":"pt-BR"},{"@type":"Organization","@id":"https:\/\/noticiaempauta.com\/portal\/#organization","name":"Portal Not\u00edcia em Pauta","url":"https:\/\/noticiaempauta.com\/portal\/","logo":{"@type":"ImageObject","inLanguage":"pt-BR","@id":"https:\/\/noticiaempauta.com\/portal\/#\/schema\/logo\/image\/","url":"https:\/\/noticiaempauta.com\/portal\/wp-content\/uploads\/2022\/08\/logomarca_tema.fw_.png","contentUrl":"https:\/\/noticiaempauta.com\/portal\/wp-content\/uploads\/2022\/08\/logomarca_tema.fw_.png","width":400,"height":232,"caption":"Portal Not\u00edcia em Pauta"},"image":{"@id":"https:\/\/noticiaempauta.com\/portal\/#\/schema\/logo\/image\/"},"sameAs":["https:\/\/www.facebook.com\/Portal-Notcia-Em-Pauta-102292869264820\/","https:\/\/www.instagram.com\/portalnoticiaempauta\/"]},{"@type":"Person","@id":"https:\/\/noticiaempauta.com\/portal\/#\/schema\/person\/a74af43dd1ab3deca45f988c717d57ac","name":"Reda\u00e7\u00e3o","image":{"@type":"ImageObject","inLanguage":"pt-BR","@id":"https:\/\/noticiaempauta.com\/portal\/#\/schema\/person\/image\/","url":"https:\/\/secure.gravatar.com\/avatar\/03179346ecce6cdfc13361603e8f54242a90e5cde8618fa23c5c00aa2b0aadf3?s=96&d=mm&r=g","contentUrl":"https:\/\/secure.gravatar.com\/avatar\/03179346ecce6cdfc13361603e8f54242a90e5cde8618fa23c5c00aa2b0aadf3?s=96&d=mm&r=g","caption":"Reda\u00e7\u00e3o"},"sameAs":["https:\/\/noticiaempauta.com\/portal\/"],"url":"https:\/\/noticiaempauta.com\/portal\/author\/fernando\/"}]}},"_links":{"self":[{"href":"https:\/\/noticiaempauta.com\/portal\/wp-json\/wp\/v2\/posts\/281022","targetHints":{"allow":["GET"]}}],"collection":[{"href":"https:\/\/noticiaempauta.com\/portal\/wp-json\/wp\/v2\/posts"}],"about":[{"href":"https:\/\/noticiaempauta.com\/portal\/wp-json\/wp\/v2\/types\/post"}],"author":[{"embeddable":true,"href":"https:\/\/noticiaempauta.com\/portal\/wp-json\/wp\/v2\/users\/2"}],"replies":[{"embeddable":true,"href":"https:\/\/noticiaempauta.com\/portal\/wp-json\/wp\/v2\/comments?post=281022"}],"version-history":[{"count":2,"href":"https:\/\/noticiaempauta.com\/portal\/wp-json\/wp\/v2\/posts\/281022\/revisions"}],"predecessor-version":[{"id":281027,"href":"https:\/\/noticiaempauta.com\/portal\/wp-json\/wp\/v2\/posts\/281022\/revisions\/281027"}],"wp:featuredmedia":[{"embeddable":true,"href":"https:\/\/noticiaempauta.com\/portal\/wp-json\/wp\/v2\/media\/281025"}],"wp:attachment":[{"href":"https:\/\/noticiaempauta.com\/portal\/wp-json\/wp\/v2\/media?parent=281022"}],"wp:term":[{"taxonomy":"category","embeddable":true,"href":"https:\/\/noticiaempauta.com\/portal\/wp-json\/wp\/v2\/categories?post=281022"},{"taxonomy":"post_tag","embeddable":true,"href":"https:\/\/noticiaempauta.com\/portal\/wp-json\/wp\/v2\/tags?post=281022"}],"curies":[{"name":"wp","href":"https:\/\/api.w.org\/{rel}","templated":true}]}}