{"id":281033,"date":"2025-11-24T13:00:09","date_gmt":"2025-11-24T16:00:09","guid":{"rendered":"https:\/\/noticiaempauta.com\/portal\/?p=281033"},"modified":"2025-11-24T13:00:10","modified_gmt":"2025-11-24T16:00:10","slug":"novos-gestores-da-protecao-e-defesa-animal-e-da-juventude-sao-empossados-em-picos","status":"publish","type":"post","link":"https:\/\/noticiaempauta.com\/portal\/novos-gestores-da-protecao-e-defesa-animal-e-da-juventude-sao-empossados-em-picos\/","title":{"rendered":"Novos gestores da\u00a0Prote\u00e7\u00e3o e\u00a0Defesa\u00a0Animal e da Juventude s\u00e3o empossados em Picos"},"content":{"rendered":"\n<p>Foram empossados na manh\u00e3&nbsp;desta segunda-feira (24), os novos titulares da Secretaria Municipal de Juventude (SEJUV) e da Secretaria Municipal de Prote\u00e7\u00e3o e Defesa Animal (SPDA). <\/p>\n\n\n\n<figure class=\"wp-block-image size-large\"><img fetchpriority=\"high\" decoding=\"async\" width=\"1024\" height=\"576\" src=\"https:\/\/noticiaempauta.com\/portal\/wp-content\/uploads\/2025\/11\/3a979e2e-71d8-48a5-a9a8-fef014918c5b-1024x576.jpeg\" alt=\"\" class=\"wp-image-281034\" srcset=\"https:\/\/noticiaempauta.com\/portal\/wp-content\/uploads\/2025\/11\/3a979e2e-71d8-48a5-a9a8-fef014918c5b-1024x576.jpeg 1024w, https:\/\/noticiaempauta.com\/portal\/wp-content\/uploads\/2025\/11\/3a979e2e-71d8-48a5-a9a8-fef014918c5b-300x169.jpeg 300w, https:\/\/noticiaempauta.com\/portal\/wp-content\/uploads\/2025\/11\/3a979e2e-71d8-48a5-a9a8-fef014918c5b-768x432.jpeg 768w, https:\/\/noticiaempauta.com\/portal\/wp-content\/uploads\/2025\/11\/3a979e2e-71d8-48a5-a9a8-fef014918c5b.jpeg 1280w\" sizes=\"(max-width: 1024px) 100vw, 1024px\" \/><\/figure>\n\n\n\n<p>A cerim\u00f4nia, realizada na C\u00e2mara Municipal, foi marcada pela presen\u00e7a de autoridades, familiares, lideran\u00e7as comunit\u00e1rias e amigos dos novos gestores.<\/p>\n\n\n\n<figure class=\"wp-block-image size-large\"><img decoding=\"async\" width=\"1024\" height=\"576\" src=\"https:\/\/noticiaempauta.com\/portal\/wp-content\/uploads\/2025\/11\/623f8170-0d5e-4f74-a9ed-5a9e3933d7e7-1024x576.jpeg\" alt=\"\" class=\"wp-image-281035\" srcset=\"https:\/\/noticiaempauta.com\/portal\/wp-content\/uploads\/2025\/11\/623f8170-0d5e-4f74-a9ed-5a9e3933d7e7-1024x576.jpeg 1024w, https:\/\/noticiaempauta.com\/portal\/wp-content\/uploads\/2025\/11\/623f8170-0d5e-4f74-a9ed-5a9e3933d7e7-300x169.jpeg 300w, https:\/\/noticiaempauta.com\/portal\/wp-content\/uploads\/2025\/11\/623f8170-0d5e-4f74-a9ed-5a9e3933d7e7-768x432.jpeg 768w, https:\/\/noticiaempauta.com\/portal\/wp-content\/uploads\/2025\/11\/623f8170-0d5e-4f74-a9ed-5a9e3933d7e7.jpeg 1280w\" sizes=\"(max-width: 1024px) 100vw, 1024px\" \/><\/figure>\n\n\n\n<p>Foram nomeados Matusal\u00e9m de Almeida Sousa como Secret\u00e1rio de Juventude (Portaria n\u00ba 354\/2025)&nbsp;e Sanya Elayne Ara\u00fajo Lima como Secret\u00e1ria de Prote\u00e7\u00e3o e Defesa Animal (Portaria n\u00ba 353\/2025).<\/p>\n\n\n\n<figure class=\"wp-block-image size-large\"><img decoding=\"async\" width=\"1024\" height=\"576\" src=\"https:\/\/noticiaempauta.com\/portal\/wp-content\/uploads\/2025\/11\/1823be6f-9e12-4527-9365-571109740de3-1024x576.jpeg\" alt=\"\" class=\"wp-image-281036\" srcset=\"https:\/\/noticiaempauta.com\/portal\/wp-content\/uploads\/2025\/11\/1823be6f-9e12-4527-9365-571109740de3-1024x576.jpeg 1024w, https:\/\/noticiaempauta.com\/portal\/wp-content\/uploads\/2025\/11\/1823be6f-9e12-4527-9365-571109740de3-300x169.jpeg 300w, https:\/\/noticiaempauta.com\/portal\/wp-content\/uploads\/2025\/11\/1823be6f-9e12-4527-9365-571109740de3-768x432.jpeg 768w, https:\/\/noticiaempauta.com\/portal\/wp-content\/uploads\/2025\/11\/1823be6f-9e12-4527-9365-571109740de3.jpeg 1280w\" sizes=\"(max-width: 1024px) 100vw, 1024px\" \/><\/figure>\n\n\n\n<p>A mesa da solenidade contou com o prefeito Dr. Pablo Santos, a vice-prefeita Xand\u00fa N\u00e9ri, o deputado estadual Nerinho, o comandante do 4\u00ba BPM, Tenente &#8211; Cel. Felipe, al\u00e9m de vereadores e representantes de diversas secretarias municipais.&nbsp;<\/p>\n\n\n\n<figure class=\"wp-block-image size-large\"><img loading=\"lazy\" decoding=\"async\" width=\"1024\" height=\"576\" src=\"https:\/\/noticiaempauta.com\/portal\/wp-content\/uploads\/2025\/11\/792ca0d5-108e-4f0a-9237-66a324dc081f-1024x576.jpeg\" alt=\"\" class=\"wp-image-281037\" srcset=\"https:\/\/noticiaempauta.com\/portal\/wp-content\/uploads\/2025\/11\/792ca0d5-108e-4f0a-9237-66a324dc081f-1024x576.jpeg 1024w, https:\/\/noticiaempauta.com\/portal\/wp-content\/uploads\/2025\/11\/792ca0d5-108e-4f0a-9237-66a324dc081f-300x169.jpeg 300w, https:\/\/noticiaempauta.com\/portal\/wp-content\/uploads\/2025\/11\/792ca0d5-108e-4f0a-9237-66a324dc081f-768x432.jpeg 768w, https:\/\/noticiaempauta.com\/portal\/wp-content\/uploads\/2025\/11\/792ca0d5-108e-4f0a-9237-66a324dc081f.jpeg 1280w\" sizes=\"(max-width: 1024px) 100vw, 1024px\" \/><\/figure>\n\n\n\n<p>O prefeito&nbsp;Dr.&nbsp;Pablo Santos destaca a import\u00e2ncia das novas secretarias.&nbsp;Durante seu discurso, o prefeito&nbsp;ressaltou que a cria\u00e7\u00e3o das pastas reflete uma demanda real da sociedade picoense.<\/p>\n\n\n\n<figure class=\"wp-block-image size-large\"><img loading=\"lazy\" decoding=\"async\" width=\"1024\" height=\"576\" src=\"https:\/\/noticiaempauta.com\/portal\/wp-content\/uploads\/2025\/11\/5a4caed9-995a-44c9-9863-62e03b85aafe-1024x576.jpeg\" alt=\"\" class=\"wp-image-281038\" srcset=\"https:\/\/noticiaempauta.com\/portal\/wp-content\/uploads\/2025\/11\/5a4caed9-995a-44c9-9863-62e03b85aafe-1024x576.jpeg 1024w, https:\/\/noticiaempauta.com\/portal\/wp-content\/uploads\/2025\/11\/5a4caed9-995a-44c9-9863-62e03b85aafe-300x169.jpeg 300w, https:\/\/noticiaempauta.com\/portal\/wp-content\/uploads\/2025\/11\/5a4caed9-995a-44c9-9863-62e03b85aafe-768x432.jpeg 768w, https:\/\/noticiaempauta.com\/portal\/wp-content\/uploads\/2025\/11\/5a4caed9-995a-44c9-9863-62e03b85aafe.jpeg 1280w\" sizes=\"(max-width: 1024px) 100vw, 1024px\" \/><\/figure>\n\n\n\n<p>\u201cN\u00f3s j\u00e1 t\u00ednhamos o compromisso de estruturar a Secretaria da Juventude, e decidimos tamb\u00e9m criar a Secretaria da Causa Animal, que certamente \u00e9 a primeira do Piau\u00ed. A quantidade de animais nas ruas mostra o tamanho do desafio. Os nomes escolhidos s\u00e3o t\u00e9cnicos, comprometidos, independentes de quest\u00f5es pol\u00edtico-partid\u00e1rias. Tenho certeza de que v\u00e3o desempenhar o trabalho com responsabilidade e sensibilidade\u201d, afirmou.<\/p>\n\n\n\n<figure class=\"wp-block-image size-large\"><img loading=\"lazy\" decoding=\"async\" width=\"1024\" height=\"576\" src=\"https:\/\/noticiaempauta.com\/portal\/wp-content\/uploads\/2025\/11\/5de59356-5047-484b-ae81-7dd392b63a8f-1024x576.jpeg\" alt=\"\" class=\"wp-image-281039\" srcset=\"https:\/\/noticiaempauta.com\/portal\/wp-content\/uploads\/2025\/11\/5de59356-5047-484b-ae81-7dd392b63a8f-1024x576.jpeg 1024w, https:\/\/noticiaempauta.com\/portal\/wp-content\/uploads\/2025\/11\/5de59356-5047-484b-ae81-7dd392b63a8f-300x169.jpeg 300w, https:\/\/noticiaempauta.com\/portal\/wp-content\/uploads\/2025\/11\/5de59356-5047-484b-ae81-7dd392b63a8f-768x432.jpeg 768w, https:\/\/noticiaempauta.com\/portal\/wp-content\/uploads\/2025\/11\/5de59356-5047-484b-ae81-7dd392b63a8f.jpeg 1280w\" sizes=\"(max-width: 1024px) 100vw, 1024px\" \/><\/figure>\n\n\n\n<p>O gestor tamb\u00e9m explicou que a posse sofreu atraso devido a quest\u00f5es administrativas e agendas institucionais.&nbsp;\u201cHouve alguns impedimentos no processo, como viagens, compromissos institucionais e at\u00e9 luto familiar&nbsp;N\u00e9ri, mas tudo foi resolvido dentro do cronograma poss\u00edvel. Agora seguimos com a equipe completa, preparada para somar com nosso trabalho de reconstru\u00e7\u00e3o da cidade\u201d, completou.<\/p>\n\n\n\n<figure class=\"wp-block-image size-large\"><img loading=\"lazy\" decoding=\"async\" width=\"1024\" height=\"576\" src=\"https:\/\/noticiaempauta.com\/portal\/wp-content\/uploads\/2025\/11\/0c7d183f-4d6e-4ab0-86e5-09444e856513-1024x576.jpeg\" alt=\"\" class=\"wp-image-281040\" srcset=\"https:\/\/noticiaempauta.com\/portal\/wp-content\/uploads\/2025\/11\/0c7d183f-4d6e-4ab0-86e5-09444e856513-1024x576.jpeg 1024w, https:\/\/noticiaempauta.com\/portal\/wp-content\/uploads\/2025\/11\/0c7d183f-4d6e-4ab0-86e5-09444e856513-300x169.jpeg 300w, https:\/\/noticiaempauta.com\/portal\/wp-content\/uploads\/2025\/11\/0c7d183f-4d6e-4ab0-86e5-09444e856513-768x432.jpeg 768w, https:\/\/noticiaempauta.com\/portal\/wp-content\/uploads\/2025\/11\/0c7d183f-4d6e-4ab0-86e5-09444e856513.jpeg 1280w\" sizes=\"(max-width: 1024px) 100vw, 1024px\" \/><\/figure>\n\n\n\n<p>O deputado Nerinho destaca que&nbsp;Picos ganha duas secretarias estrat\u00e9gicas.&nbsp;Em sua fala,&nbsp;refor\u00e7a&nbsp;que a cria\u00e7\u00e3o das secretarias representa um avan\u00e7o significativo para o munic\u00edpio.<\/p>\n\n\n\n<figure class=\"wp-block-image size-large\"><img loading=\"lazy\" decoding=\"async\" width=\"1024\" height=\"576\" src=\"https:\/\/noticiaempauta.com\/portal\/wp-content\/uploads\/2025\/11\/1b8badae-8435-4c2b-8088-7f41676643cb-1024x576.jpeg\" alt=\"\" class=\"wp-image-281041\" srcset=\"https:\/\/noticiaempauta.com\/portal\/wp-content\/uploads\/2025\/11\/1b8badae-8435-4c2b-8088-7f41676643cb-1024x576.jpeg 1024w, https:\/\/noticiaempauta.com\/portal\/wp-content\/uploads\/2025\/11\/1b8badae-8435-4c2b-8088-7f41676643cb-300x169.jpeg 300w, https:\/\/noticiaempauta.com\/portal\/wp-content\/uploads\/2025\/11\/1b8badae-8435-4c2b-8088-7f41676643cb-768x432.jpeg 768w, https:\/\/noticiaempauta.com\/portal\/wp-content\/uploads\/2025\/11\/1b8badae-8435-4c2b-8088-7f41676643cb.jpeg 1280w\" sizes=\"(max-width: 1024px) 100vw, 1024px\" \/><\/figure>\n\n\n\n<p>\u201cO prefeito Pablo vem inovando ao criar duas pastas essenciais: a da Causa Animal e a da Juventude. S\u00e3o \u00e1reas que precisam de aten\u00e7\u00e3o e pol\u00edticas p\u00fablicas espec\u00edficas. Nada mais justo do que nomear pessoas ligadas diretamente a essas causas. A Sanya tem uma hist\u00f3ria reconhecida na prote\u00e7\u00e3o animal, e Matusal\u00e9m \u00e9 jovem, dedicado, advogado e comprometido. Tenho certeza de que v\u00e3o desenvolver&nbsp;um grande trabalho\u201d, destacou.<\/p>\n\n\n\n<figure class=\"wp-block-image size-large\"><img loading=\"lazy\" decoding=\"async\" width=\"1024\" height=\"576\" src=\"https:\/\/noticiaempauta.com\/portal\/wp-content\/uploads\/2025\/11\/08da9786-e71f-4f5c-9991-61a41469999f-1024x576.jpeg\" alt=\"\" class=\"wp-image-281042\" srcset=\"https:\/\/noticiaempauta.com\/portal\/wp-content\/uploads\/2025\/11\/08da9786-e71f-4f5c-9991-61a41469999f-1024x576.jpeg 1024w, https:\/\/noticiaempauta.com\/portal\/wp-content\/uploads\/2025\/11\/08da9786-e71f-4f5c-9991-61a41469999f-300x169.jpeg 300w, https:\/\/noticiaempauta.com\/portal\/wp-content\/uploads\/2025\/11\/08da9786-e71f-4f5c-9991-61a41469999f-768x432.jpeg 768w, https:\/\/noticiaempauta.com\/portal\/wp-content\/uploads\/2025\/11\/08da9786-e71f-4f5c-9991-61a41469999f.jpeg 1280w\" sizes=\"(max-width: 1024px) 100vw, 1024px\" \/><\/figure>\n\n\n\n<p>A vice-prefeita Xand\u00fa N\u00e9ri exalta o compromisso dos novos secret\u00e1rios e destaca que os mesmos v\u00eam para somar junto a gest\u00e3o municipal.&nbsp;\u201cPicos ganha dois nomes que t\u00eam hist\u00f3ria e compromisso. Sanya representa a sensibilidade e a for\u00e7a da causa animal; Matusal\u00e9m simboliza a energia e a intelig\u00eancia da nossa juventude. Estou feliz por ver essas pastas sendo conduzidas por pessoas que conhecem e vivem suas realidades. A gest\u00e3o segue fortalecida&nbsp;e pronta para seguir avan\u00e7ando\u201d, destaca.<\/p>\n\n\n\n<figure class=\"wp-block-image size-large\"><img loading=\"lazy\" decoding=\"async\" width=\"1024\" height=\"576\" src=\"https:\/\/noticiaempauta.com\/portal\/wp-content\/uploads\/2025\/11\/74db9391-2d38-4698-9b3b-1efea9b51ac4-1024x576.jpeg\" alt=\"\" class=\"wp-image-281043\" srcset=\"https:\/\/noticiaempauta.com\/portal\/wp-content\/uploads\/2025\/11\/74db9391-2d38-4698-9b3b-1efea9b51ac4-1024x576.jpeg 1024w, https:\/\/noticiaempauta.com\/portal\/wp-content\/uploads\/2025\/11\/74db9391-2d38-4698-9b3b-1efea9b51ac4-300x169.jpeg 300w, https:\/\/noticiaempauta.com\/portal\/wp-content\/uploads\/2025\/11\/74db9391-2d38-4698-9b3b-1efea9b51ac4-768x432.jpeg 768w, https:\/\/noticiaempauta.com\/portal\/wp-content\/uploads\/2025\/11\/74db9391-2d38-4698-9b3b-1efea9b51ac4.jpeg 1280w\" sizes=\"(max-width: 1024px) 100vw, 1024px\" \/><\/figure>\n\n\n\n<p>Sanya Elayne assume a Secretaria de Prote\u00e7\u00e3o e Defesa Animal. A nova gestora j\u00e1 tem servi\u00e7o prestado na causa, como volunt\u00e1ria da APAPI.<\/p>\n\n\n\n<figure class=\"wp-block-image size-large\"><img loading=\"lazy\" decoding=\"async\" width=\"1024\" height=\"576\" src=\"https:\/\/noticiaempauta.com\/portal\/wp-content\/uploads\/2025\/11\/3467e125-0fe3-4553-882e-61859334fcf0-1024x576.jpeg\" alt=\"\" class=\"wp-image-281044\" srcset=\"https:\/\/noticiaempauta.com\/portal\/wp-content\/uploads\/2025\/11\/3467e125-0fe3-4553-882e-61859334fcf0-1024x576.jpeg 1024w, https:\/\/noticiaempauta.com\/portal\/wp-content\/uploads\/2025\/11\/3467e125-0fe3-4553-882e-61859334fcf0-300x169.jpeg 300w, https:\/\/noticiaempauta.com\/portal\/wp-content\/uploads\/2025\/11\/3467e125-0fe3-4553-882e-61859334fcf0-768x432.jpeg 768w, https:\/\/noticiaempauta.com\/portal\/wp-content\/uploads\/2025\/11\/3467e125-0fe3-4553-882e-61859334fcf0.jpeg 1280w\" sizes=\"(max-width: 1024px) 100vw, 1024px\" \/><\/figure>\n\n\n\n<p>&nbsp;\u201cAssumo esta secretaria com o compromisso de continuar e intensificar o trabalho que j\u00e1 realizamos como protetores: resgates, campanhas de castra\u00e7\u00e3o, ado\u00e7\u00e3o e a\u00e7\u00f5es educativas. Vamos mobilizar protetores e volunt\u00e1rios para reduzir a superpopula\u00e7\u00e3o de animais nas ruas e aliviar o sofrimento desses animais. Com o apoio do prefeito e a estrutura da secretaria, construiremos uma gest\u00e3o modelo para o nosso estado\u201d.<\/p>\n\n\n\n<figure class=\"wp-block-image size-large\"><img loading=\"lazy\" decoding=\"async\" width=\"1024\" height=\"576\" src=\"https:\/\/noticiaempauta.com\/portal\/wp-content\/uploads\/2025\/11\/69c1c271-80fa-4c2a-b937-469ea3dc9114-1024x576.jpeg\" alt=\"\" class=\"wp-image-281045\" srcset=\"https:\/\/noticiaempauta.com\/portal\/wp-content\/uploads\/2025\/11\/69c1c271-80fa-4c2a-b937-469ea3dc9114-1024x576.jpeg 1024w, https:\/\/noticiaempauta.com\/portal\/wp-content\/uploads\/2025\/11\/69c1c271-80fa-4c2a-b937-469ea3dc9114-300x169.jpeg 300w, https:\/\/noticiaempauta.com\/portal\/wp-content\/uploads\/2025\/11\/69c1c271-80fa-4c2a-b937-469ea3dc9114-768x432.jpeg 768w, https:\/\/noticiaempauta.com\/portal\/wp-content\/uploads\/2025\/11\/69c1c271-80fa-4c2a-b937-469ea3dc9114.jpeg 1280w\" sizes=\"(max-width: 1024px) 100vw, 1024px\" \/><\/figure>\n\n\n\n<p>Matusal\u00e9m Almeida assume a Secretaria de Juventude e afirma\u00a0que sua prioridade ser\u00e1 aproximar\u00a0a gest\u00e3o da juventude picoense.\u00a0<\/p>\n\n\n\n<figure class=\"wp-block-image size-large\"><img loading=\"lazy\" decoding=\"async\" width=\"1024\" height=\"576\" src=\"https:\/\/noticiaempauta.com\/portal\/wp-content\/uploads\/2025\/11\/5544264e-80e7-43d9-9409-adcca3bdff0e-1024x576.jpeg\" alt=\"\" class=\"wp-image-281046\" srcset=\"https:\/\/noticiaempauta.com\/portal\/wp-content\/uploads\/2025\/11\/5544264e-80e7-43d9-9409-adcca3bdff0e-1024x576.jpeg 1024w, https:\/\/noticiaempauta.com\/portal\/wp-content\/uploads\/2025\/11\/5544264e-80e7-43d9-9409-adcca3bdff0e-300x169.jpeg 300w, https:\/\/noticiaempauta.com\/portal\/wp-content\/uploads\/2025\/11\/5544264e-80e7-43d9-9409-adcca3bdff0e-768x432.jpeg 768w, https:\/\/noticiaempauta.com\/portal\/wp-content\/uploads\/2025\/11\/5544264e-80e7-43d9-9409-adcca3bdff0e.jpeg 1280w\" sizes=\"(max-width: 1024px) 100vw, 1024px\" \/><\/figure>\n\n\n\n<p>\u201cSou profundamente grato pela confian\u00e7a. Nosso trabalho ser\u00e1 de di\u00e1logo, escuta e constru\u00e7\u00e3o de pol\u00edticas p\u00fablicas que atendam \u00e0 juventude em suas necessidades reais.&nbsp;Queremos aproximar a juventude da gest\u00e3o e transformar essa secretaria em um espa\u00e7o vivo e ativo\u201d, destaca.<\/p>\n\n\n\n<figure class=\"wp-block-image size-large\"><img loading=\"lazy\" decoding=\"async\" width=\"1024\" height=\"576\" src=\"https:\/\/noticiaempauta.com\/portal\/wp-content\/uploads\/2025\/11\/f9fcab34-899a-4333-9239-801005aa6073-1024x576.jpeg\" alt=\"\" class=\"wp-image-281047\" srcset=\"https:\/\/noticiaempauta.com\/portal\/wp-content\/uploads\/2025\/11\/f9fcab34-899a-4333-9239-801005aa6073-1024x576.jpeg 1024w, https:\/\/noticiaempauta.com\/portal\/wp-content\/uploads\/2025\/11\/f9fcab34-899a-4333-9239-801005aa6073-300x169.jpeg 300w, https:\/\/noticiaempauta.com\/portal\/wp-content\/uploads\/2025\/11\/f9fcab34-899a-4333-9239-801005aa6073-768x432.jpeg 768w, https:\/\/noticiaempauta.com\/portal\/wp-content\/uploads\/2025\/11\/f9fcab34-899a-4333-9239-801005aa6073.jpeg 1280w\" sizes=\"(max-width: 1024px) 100vw, 1024px\" \/><\/figure>\n\n\n\n<figure class=\"wp-block-image size-large\"><img loading=\"lazy\" decoding=\"async\" width=\"1024\" height=\"576\" src=\"https:\/\/noticiaempauta.com\/portal\/wp-content\/uploads\/2025\/11\/019b0908-b52d-45f0-bf95-4c919511f0a8-1024x576.jpeg\" alt=\"\" class=\"wp-image-281048\" srcset=\"https:\/\/noticiaempauta.com\/portal\/wp-content\/uploads\/2025\/11\/019b0908-b52d-45f0-bf95-4c919511f0a8-1024x576.jpeg 1024w, https:\/\/noticiaempauta.com\/portal\/wp-content\/uploads\/2025\/11\/019b0908-b52d-45f0-bf95-4c919511f0a8-300x169.jpeg 300w, https:\/\/noticiaempauta.com\/portal\/wp-content\/uploads\/2025\/11\/019b0908-b52d-45f0-bf95-4c919511f0a8-768x432.jpeg 768w, https:\/\/noticiaempauta.com\/portal\/wp-content\/uploads\/2025\/11\/019b0908-b52d-45f0-bf95-4c919511f0a8.jpeg 1280w\" sizes=\"(max-width: 1024px) 100vw, 1024px\" \/><\/figure>\n\n\n\n<figure class=\"wp-block-image size-large\"><img loading=\"lazy\" decoding=\"async\" width=\"1024\" height=\"576\" src=\"https:\/\/noticiaempauta.com\/portal\/wp-content\/uploads\/2025\/11\/de59eae4-80b3-4c52-807f-bedfbfd40fa5-1024x576.jpeg\" alt=\"\" class=\"wp-image-281049\" srcset=\"https:\/\/noticiaempauta.com\/portal\/wp-content\/uploads\/2025\/11\/de59eae4-80b3-4c52-807f-bedfbfd40fa5-1024x576.jpeg 1024w, https:\/\/noticiaempauta.com\/portal\/wp-content\/uploads\/2025\/11\/de59eae4-80b3-4c52-807f-bedfbfd40fa5-300x169.jpeg 300w, https:\/\/noticiaempauta.com\/portal\/wp-content\/uploads\/2025\/11\/de59eae4-80b3-4c52-807f-bedfbfd40fa5-768x432.jpeg 768w, https:\/\/noticiaempauta.com\/portal\/wp-content\/uploads\/2025\/11\/de59eae4-80b3-4c52-807f-bedfbfd40fa5.jpeg 1280w\" sizes=\"(max-width: 1024px) 100vw, 1024px\" \/><\/figure>\n\n\n\n<figure class=\"wp-block-image size-large\"><img loading=\"lazy\" decoding=\"async\" width=\"1024\" height=\"576\" src=\"https:\/\/noticiaempauta.com\/portal\/wp-content\/uploads\/2025\/11\/32fec86c-90d7-4fed-ac86-ff1546a6a115-1024x576.jpeg\" alt=\"\" class=\"wp-image-281050\" srcset=\"https:\/\/noticiaempauta.com\/portal\/wp-content\/uploads\/2025\/11\/32fec86c-90d7-4fed-ac86-ff1546a6a115-1024x576.jpeg 1024w, https:\/\/noticiaempauta.com\/portal\/wp-content\/uploads\/2025\/11\/32fec86c-90d7-4fed-ac86-ff1546a6a115-300x169.jpeg 300w, https:\/\/noticiaempauta.com\/portal\/wp-content\/uploads\/2025\/11\/32fec86c-90d7-4fed-ac86-ff1546a6a115-768x432.jpeg 768w, https:\/\/noticiaempauta.com\/portal\/wp-content\/uploads\/2025\/11\/32fec86c-90d7-4fed-ac86-ff1546a6a115.jpeg 1280w\" sizes=\"(max-width: 1024px) 100vw, 1024px\" \/><\/figure>\n\n\n\n<p>SECOM <\/p>\n","protected":false},"excerpt":{"rendered":"<p>Foram empossados na manh\u00e3&nbsp;desta segunda-feira (24), os novos titulares da Secretaria Municipal de Juventude (SEJUV) e da Secretaria Municipal de Prote\u00e7\u00e3o e Defesa Animal (SPDA). A cerim\u00f4nia, realizada na C\u00e2mara Municipal, foi marcada pela presen\u00e7a de autoridades, familiares, lideran\u00e7as comunit\u00e1rias e amigos dos novos gestores. Foram nomeados Matusal\u00e9m de Almeida Sousa como Secret\u00e1rio de Juventude [&hellip;]<\/p>\n","protected":false},"author":2,"featured_media":281034,"comment_status":"open","ping_status":"open","sticky":false,"template":"","format":"standard","meta":{"_mi_skip_tracking":false,"footnotes":""},"categories":[25,1,16],"tags":[192],"class_list":["post-281033","post","type-post","status-publish","format-standard","has-post-thumbnail","hentry","category-destaques-site","category-geral","category-todas","tag-destaqueprincipal"],"acf":[],"yoast_head":"<!-- This site is optimized with the Yoast SEO Premium plugin v19.2 (Yoast SEO v26.9) - https:\/\/yoast.com\/product\/yoast-seo-premium-wordpress\/ -->\n<title>Novos gestores da\u00a0Prote\u00e7\u00e3o e\u00a0Defesa\u00a0Animal e da Juventude s\u00e3o empossados em Picos - Portal Not\u00edcia em Pauta<\/title>\n<meta name=\"robots\" content=\"index, follow, max-snippet:-1, max-image-preview:large, max-video-preview:-1\" \/>\n<link rel=\"canonical\" href=\"https:\/\/noticiaempauta.com\/portal\/novos-gestores-da-protecao-e-defesa-animal-e-da-juventude-sao-empossados-em-picos\/\" \/>\n<meta property=\"og:locale\" content=\"pt_BR\" \/>\n<meta property=\"og:type\" content=\"article\" \/>\n<meta property=\"og:title\" content=\"Novos gestores da\u00a0Prote\u00e7\u00e3o e\u00a0Defesa\u00a0Animal e da Juventude s\u00e3o empossados em Picos\" \/>\n<meta property=\"og:description\" content=\"Foram empossados na manh\u00e3&nbsp;desta segunda-feira (24), os novos titulares da Secretaria Municipal de Juventude (SEJUV) e da Secretaria Municipal de Prote\u00e7\u00e3o e Defesa Animal (SPDA). A cerim\u00f4nia, realizada na C\u00e2mara Municipal, foi marcada pela presen\u00e7a de autoridades, familiares, lideran\u00e7as comunit\u00e1rias e amigos dos novos gestores. Foram nomeados Matusal\u00e9m de Almeida Sousa como Secret\u00e1rio de Juventude [&hellip;]\" \/>\n<meta property=\"og:url\" content=\"https:\/\/noticiaempauta.com\/portal\/novos-gestores-da-protecao-e-defesa-animal-e-da-juventude-sao-empossados-em-picos\/\" \/>\n<meta property=\"og:site_name\" content=\"Portal Not\u00edcia em Pauta\" \/>\n<meta property=\"article:publisher\" content=\"https:\/\/www.facebook.com\/Portal-Notcia-Em-Pauta-102292869264820\/\" \/>\n<meta property=\"article:published_time\" content=\"2025-11-24T16:00:09+00:00\" \/>\n<meta property=\"article:modified_time\" content=\"2025-11-24T16:00:10+00:00\" \/>\n<meta property=\"og:image\" content=\"https:\/\/noticiaempauta.com\/portal\/wp-content\/uploads\/2025\/11\/3a979e2e-71d8-48a5-a9a8-fef014918c5b.jpeg\" \/>\n\t<meta property=\"og:image:width\" content=\"1280\" \/>\n\t<meta property=\"og:image:height\" content=\"720\" \/>\n\t<meta property=\"og:image:type\" content=\"image\/jpeg\" \/>\n<meta name=\"author\" content=\"Reda\u00e7\u00e3o\" \/>\n<meta name=\"twitter:card\" content=\"summary_large_image\" \/>\n<meta name=\"twitter:label1\" content=\"Escrito por\" \/>\n\t<meta name=\"twitter:data1\" content=\"Reda\u00e7\u00e3o\" \/>\n\t<meta name=\"twitter:label2\" content=\"Est. tempo de leitura\" \/>\n\t<meta name=\"twitter:data2\" content=\"7 minutos\" \/>\n<script type=\"application\/ld+json\" class=\"yoast-schema-graph\">{\"@context\":\"https:\/\/schema.org\",\"@graph\":[{\"@type\":\"Article\",\"@id\":\"https:\/\/noticiaempauta.com\/portal\/novos-gestores-da-protecao-e-defesa-animal-e-da-juventude-sao-empossados-em-picos\/#article\",\"isPartOf\":{\"@id\":\"https:\/\/noticiaempauta.com\/portal\/novos-gestores-da-protecao-e-defesa-animal-e-da-juventude-sao-empossados-em-picos\/\"},\"author\":{\"name\":\"Reda\u00e7\u00e3o\",\"@id\":\"https:\/\/noticiaempauta.com\/portal\/#\/schema\/person\/a74af43dd1ab3deca45f988c717d57ac\"},\"headline\":\"Novos gestores da\u00a0Prote\u00e7\u00e3o e\u00a0Defesa\u00a0Animal e da Juventude s\u00e3o empossados em Picos\",\"datePublished\":\"2025-11-24T16:00:09+00:00\",\"dateModified\":\"2025-11-24T16:00:10+00:00\",\"mainEntityOfPage\":{\"@id\":\"https:\/\/noticiaempauta.com\/portal\/novos-gestores-da-protecao-e-defesa-animal-e-da-juventude-sao-empossados-em-picos\/\"},\"wordCount\":671,\"commentCount\":0,\"publisher\":{\"@id\":\"https:\/\/noticiaempauta.com\/portal\/#organization\"},\"image\":{\"@id\":\"https:\/\/noticiaempauta.com\/portal\/novos-gestores-da-protecao-e-defesa-animal-e-da-juventude-sao-empossados-em-picos\/#primaryimage\"},\"thumbnailUrl\":\"https:\/\/noticiaempauta.com\/portal\/wp-content\/uploads\/2025\/11\/3a979e2e-71d8-48a5-a9a8-fef014918c5b.jpeg\",\"keywords\":[\"destaqueprincipal\"],\"articleSection\":[\"Destaques\",\"Geral\",\"Todas as Not\u00edcias\"],\"inLanguage\":\"pt-BR\",\"potentialAction\":[{\"@type\":\"CommentAction\",\"name\":\"Comment\",\"target\":[\"https:\/\/noticiaempauta.com\/portal\/novos-gestores-da-protecao-e-defesa-animal-e-da-juventude-sao-empossados-em-picos\/#respond\"]}]},{\"@type\":\"WebPage\",\"@id\":\"https:\/\/noticiaempauta.com\/portal\/novos-gestores-da-protecao-e-defesa-animal-e-da-juventude-sao-empossados-em-picos\/\",\"url\":\"https:\/\/noticiaempauta.com\/portal\/novos-gestores-da-protecao-e-defesa-animal-e-da-juventude-sao-empossados-em-picos\/\",\"name\":\"Novos gestores da\u00a0Prote\u00e7\u00e3o e\u00a0Defesa\u00a0Animal e da Juventude s\u00e3o empossados em Picos - Portal Not\u00edcia em Pauta\",\"isPartOf\":{\"@id\":\"https:\/\/noticiaempauta.com\/portal\/#website\"},\"primaryImageOfPage\":{\"@id\":\"https:\/\/noticiaempauta.com\/portal\/novos-gestores-da-protecao-e-defesa-animal-e-da-juventude-sao-empossados-em-picos\/#primaryimage\"},\"image\":{\"@id\":\"https:\/\/noticiaempauta.com\/portal\/novos-gestores-da-protecao-e-defesa-animal-e-da-juventude-sao-empossados-em-picos\/#primaryimage\"},\"thumbnailUrl\":\"https:\/\/noticiaempauta.com\/portal\/wp-content\/uploads\/2025\/11\/3a979e2e-71d8-48a5-a9a8-fef014918c5b.jpeg\",\"datePublished\":\"2025-11-24T16:00:09+00:00\",\"dateModified\":\"2025-11-24T16:00:10+00:00\",\"breadcrumb\":{\"@id\":\"https:\/\/noticiaempauta.com\/portal\/novos-gestores-da-protecao-e-defesa-animal-e-da-juventude-sao-empossados-em-picos\/#breadcrumb\"},\"inLanguage\":\"pt-BR\",\"potentialAction\":[{\"@type\":\"ReadAction\",\"target\":[\"https:\/\/noticiaempauta.com\/portal\/novos-gestores-da-protecao-e-defesa-animal-e-da-juventude-sao-empossados-em-picos\/\"]}]},{\"@type\":\"ImageObject\",\"inLanguage\":\"pt-BR\",\"@id\":\"https:\/\/noticiaempauta.com\/portal\/novos-gestores-da-protecao-e-defesa-animal-e-da-juventude-sao-empossados-em-picos\/#primaryimage\",\"url\":\"https:\/\/noticiaempauta.com\/portal\/wp-content\/uploads\/2025\/11\/3a979e2e-71d8-48a5-a9a8-fef014918c5b.jpeg\",\"contentUrl\":\"https:\/\/noticiaempauta.com\/portal\/wp-content\/uploads\/2025\/11\/3a979e2e-71d8-48a5-a9a8-fef014918c5b.jpeg\",\"width\":1280,\"height\":720},{\"@type\":\"BreadcrumbList\",\"@id\":\"https:\/\/noticiaempauta.com\/portal\/novos-gestores-da-protecao-e-defesa-animal-e-da-juventude-sao-empossados-em-picos\/#breadcrumb\",\"itemListElement\":[{\"@type\":\"ListItem\",\"position\":1,\"name\":\"P\u00e1gina Inicial\",\"item\":\"https:\/\/noticiaempauta.com\/portal\/\"},{\"@type\":\"ListItem\",\"position\":2,\"name\":\"Geral\",\"item\":\"https:\/\/noticiaempauta.com\/portal\/geral\/\"},{\"@type\":\"ListItem\",\"position\":3,\"name\":\"Novos gestores da\u00a0Prote\u00e7\u00e3o e\u00a0Defesa\u00a0Animal e da Juventude s\u00e3o empossados em Picos\"}]},{\"@type\":\"WebSite\",\"@id\":\"https:\/\/noticiaempauta.com\/portal\/#website\",\"url\":\"https:\/\/noticiaempauta.com\/portal\/\",\"name\":\"Portal Not\u00edcia em Pauta\",\"description\":\"Voc\u00ea bem informado\",\"publisher\":{\"@id\":\"https:\/\/noticiaempauta.com\/portal\/#organization\"},\"potentialAction\":[{\"@type\":\"SearchAction\",\"target\":{\"@type\":\"EntryPoint\",\"urlTemplate\":\"https:\/\/noticiaempauta.com\/portal\/?s={search_term_string}\"},\"query-input\":{\"@type\":\"PropertyValueSpecification\",\"valueRequired\":true,\"valueName\":\"search_term_string\"}}],\"inLanguage\":\"pt-BR\"},{\"@type\":\"Organization\",\"@id\":\"https:\/\/noticiaempauta.com\/portal\/#organization\",\"name\":\"Portal Not\u00edcia em Pauta\",\"url\":\"https:\/\/noticiaempauta.com\/portal\/\",\"logo\":{\"@type\":\"ImageObject\",\"inLanguage\":\"pt-BR\",\"@id\":\"https:\/\/noticiaempauta.com\/portal\/#\/schema\/logo\/image\/\",\"url\":\"https:\/\/noticiaempauta.com\/portal\/wp-content\/uploads\/2022\/08\/logomarca_tema.fw_.png\",\"contentUrl\":\"https:\/\/noticiaempauta.com\/portal\/wp-content\/uploads\/2022\/08\/logomarca_tema.fw_.png\",\"width\":400,\"height\":232,\"caption\":\"Portal Not\u00edcia em Pauta\"},\"image\":{\"@id\":\"https:\/\/noticiaempauta.com\/portal\/#\/schema\/logo\/image\/\"},\"sameAs\":[\"https:\/\/www.facebook.com\/Portal-Notcia-Em-Pauta-102292869264820\/\",\"https:\/\/www.instagram.com\/portalnoticiaempauta\/\"]},{\"@type\":\"Person\",\"@id\":\"https:\/\/noticiaempauta.com\/portal\/#\/schema\/person\/a74af43dd1ab3deca45f988c717d57ac\",\"name\":\"Reda\u00e7\u00e3o\",\"image\":{\"@type\":\"ImageObject\",\"inLanguage\":\"pt-BR\",\"@id\":\"https:\/\/noticiaempauta.com\/portal\/#\/schema\/person\/image\/\",\"url\":\"https:\/\/secure.gravatar.com\/avatar\/03179346ecce6cdfc13361603e8f54242a90e5cde8618fa23c5c00aa2b0aadf3?s=96&d=mm&r=g\",\"contentUrl\":\"https:\/\/secure.gravatar.com\/avatar\/03179346ecce6cdfc13361603e8f54242a90e5cde8618fa23c5c00aa2b0aadf3?s=96&d=mm&r=g\",\"caption\":\"Reda\u00e7\u00e3o\"},\"sameAs\":[\"https:\/\/noticiaempauta.com\/portal\/\"],\"url\":\"https:\/\/noticiaempauta.com\/portal\/author\/fernando\/\"}]}<\/script>\n<!-- \/ Yoast SEO Premium plugin. -->","yoast_head_json":{"title":"Novos gestores da\u00a0Prote\u00e7\u00e3o e\u00a0Defesa\u00a0Animal e da Juventude s\u00e3o empossados em Picos - Portal Not\u00edcia em Pauta","robots":{"index":"index","follow":"follow","max-snippet":"max-snippet:-1","max-image-preview":"max-image-preview:large","max-video-preview":"max-video-preview:-1"},"canonical":"https:\/\/noticiaempauta.com\/portal\/novos-gestores-da-protecao-e-defesa-animal-e-da-juventude-sao-empossados-em-picos\/","og_locale":"pt_BR","og_type":"article","og_title":"Novos gestores da\u00a0Prote\u00e7\u00e3o e\u00a0Defesa\u00a0Animal e da Juventude s\u00e3o empossados em Picos","og_description":"Foram empossados na manh\u00e3&nbsp;desta segunda-feira (24), os novos titulares da Secretaria Municipal de Juventude (SEJUV) e da Secretaria Municipal de Prote\u00e7\u00e3o e Defesa Animal (SPDA). A cerim\u00f4nia, realizada na C\u00e2mara Municipal, foi marcada pela presen\u00e7a de autoridades, familiares, lideran\u00e7as comunit\u00e1rias e amigos dos novos gestores. Foram nomeados Matusal\u00e9m de Almeida Sousa como Secret\u00e1rio de Juventude [&hellip;]","og_url":"https:\/\/noticiaempauta.com\/portal\/novos-gestores-da-protecao-e-defesa-animal-e-da-juventude-sao-empossados-em-picos\/","og_site_name":"Portal Not\u00edcia em Pauta","article_publisher":"https:\/\/www.facebook.com\/Portal-Notcia-Em-Pauta-102292869264820\/","article_published_time":"2025-11-24T16:00:09+00:00","article_modified_time":"2025-11-24T16:00:10+00:00","og_image":[{"width":1280,"height":720,"url":"https:\/\/noticiaempauta.com\/portal\/wp-content\/uploads\/2025\/11\/3a979e2e-71d8-48a5-a9a8-fef014918c5b.jpeg","type":"image\/jpeg"}],"author":"Reda\u00e7\u00e3o","twitter_card":"summary_large_image","twitter_misc":{"Escrito por":"Reda\u00e7\u00e3o","Est. tempo de leitura":"7 minutos"},"schema":{"@context":"https:\/\/schema.org","@graph":[{"@type":"Article","@id":"https:\/\/noticiaempauta.com\/portal\/novos-gestores-da-protecao-e-defesa-animal-e-da-juventude-sao-empossados-em-picos\/#article","isPartOf":{"@id":"https:\/\/noticiaempauta.com\/portal\/novos-gestores-da-protecao-e-defesa-animal-e-da-juventude-sao-empossados-em-picos\/"},"author":{"name":"Reda\u00e7\u00e3o","@id":"https:\/\/noticiaempauta.com\/portal\/#\/schema\/person\/a74af43dd1ab3deca45f988c717d57ac"},"headline":"Novos gestores da\u00a0Prote\u00e7\u00e3o e\u00a0Defesa\u00a0Animal e da Juventude s\u00e3o empossados em Picos","datePublished":"2025-11-24T16:00:09+00:00","dateModified":"2025-11-24T16:00:10+00:00","mainEntityOfPage":{"@id":"https:\/\/noticiaempauta.com\/portal\/novos-gestores-da-protecao-e-defesa-animal-e-da-juventude-sao-empossados-em-picos\/"},"wordCount":671,"commentCount":0,"publisher":{"@id":"https:\/\/noticiaempauta.com\/portal\/#organization"},"image":{"@id":"https:\/\/noticiaempauta.com\/portal\/novos-gestores-da-protecao-e-defesa-animal-e-da-juventude-sao-empossados-em-picos\/#primaryimage"},"thumbnailUrl":"https:\/\/noticiaempauta.com\/portal\/wp-content\/uploads\/2025\/11\/3a979e2e-71d8-48a5-a9a8-fef014918c5b.jpeg","keywords":["destaqueprincipal"],"articleSection":["Destaques","Geral","Todas as Not\u00edcias"],"inLanguage":"pt-BR","potentialAction":[{"@type":"CommentAction","name":"Comment","target":["https:\/\/noticiaempauta.com\/portal\/novos-gestores-da-protecao-e-defesa-animal-e-da-juventude-sao-empossados-em-picos\/#respond"]}]},{"@type":"WebPage","@id":"https:\/\/noticiaempauta.com\/portal\/novos-gestores-da-protecao-e-defesa-animal-e-da-juventude-sao-empossados-em-picos\/","url":"https:\/\/noticiaempauta.com\/portal\/novos-gestores-da-protecao-e-defesa-animal-e-da-juventude-sao-empossados-em-picos\/","name":"Novos gestores da\u00a0Prote\u00e7\u00e3o e\u00a0Defesa\u00a0Animal e da Juventude s\u00e3o empossados em Picos - Portal Not\u00edcia em Pauta","isPartOf":{"@id":"https:\/\/noticiaempauta.com\/portal\/#website"},"primaryImageOfPage":{"@id":"https:\/\/noticiaempauta.com\/portal\/novos-gestores-da-protecao-e-defesa-animal-e-da-juventude-sao-empossados-em-picos\/#primaryimage"},"image":{"@id":"https:\/\/noticiaempauta.com\/portal\/novos-gestores-da-protecao-e-defesa-animal-e-da-juventude-sao-empossados-em-picos\/#primaryimage"},"thumbnailUrl":"https:\/\/noticiaempauta.com\/portal\/wp-content\/uploads\/2025\/11\/3a979e2e-71d8-48a5-a9a8-fef014918c5b.jpeg","datePublished":"2025-11-24T16:00:09+00:00","dateModified":"2025-11-24T16:00:10+00:00","breadcrumb":{"@id":"https:\/\/noticiaempauta.com\/portal\/novos-gestores-da-protecao-e-defesa-animal-e-da-juventude-sao-empossados-em-picos\/#breadcrumb"},"inLanguage":"pt-BR","potentialAction":[{"@type":"ReadAction","target":["https:\/\/noticiaempauta.com\/portal\/novos-gestores-da-protecao-e-defesa-animal-e-da-juventude-sao-empossados-em-picos\/"]}]},{"@type":"ImageObject","inLanguage":"pt-BR","@id":"https:\/\/noticiaempauta.com\/portal\/novos-gestores-da-protecao-e-defesa-animal-e-da-juventude-sao-empossados-em-picos\/#primaryimage","url":"https:\/\/noticiaempauta.com\/portal\/wp-content\/uploads\/2025\/11\/3a979e2e-71d8-48a5-a9a8-fef014918c5b.jpeg","contentUrl":"https:\/\/noticiaempauta.com\/portal\/wp-content\/uploads\/2025\/11\/3a979e2e-71d8-48a5-a9a8-fef014918c5b.jpeg","width":1280,"height":720},{"@type":"BreadcrumbList","@id":"https:\/\/noticiaempauta.com\/portal\/novos-gestores-da-protecao-e-defesa-animal-e-da-juventude-sao-empossados-em-picos\/#breadcrumb","itemListElement":[{"@type":"ListItem","position":1,"name":"P\u00e1gina Inicial","item":"https:\/\/noticiaempauta.com\/portal\/"},{"@type":"ListItem","position":2,"name":"Geral","item":"https:\/\/noticiaempauta.com\/portal\/geral\/"},{"@type":"ListItem","position":3,"name":"Novos gestores da\u00a0Prote\u00e7\u00e3o e\u00a0Defesa\u00a0Animal e da Juventude s\u00e3o empossados em Picos"}]},{"@type":"WebSite","@id":"https:\/\/noticiaempauta.com\/portal\/#website","url":"https:\/\/noticiaempauta.com\/portal\/","name":"Portal Not\u00edcia em Pauta","description":"Voc\u00ea bem informado","publisher":{"@id":"https:\/\/noticiaempauta.com\/portal\/#organization"},"potentialAction":[{"@type":"SearchAction","target":{"@type":"EntryPoint","urlTemplate":"https:\/\/noticiaempauta.com\/portal\/?s={search_term_string}"},"query-input":{"@type":"PropertyValueSpecification","valueRequired":true,"valueName":"search_term_string"}}],"inLanguage":"pt-BR"},{"@type":"Organization","@id":"https:\/\/noticiaempauta.com\/portal\/#organization","name":"Portal Not\u00edcia em Pauta","url":"https:\/\/noticiaempauta.com\/portal\/","logo":{"@type":"ImageObject","inLanguage":"pt-BR","@id":"https:\/\/noticiaempauta.com\/portal\/#\/schema\/logo\/image\/","url":"https:\/\/noticiaempauta.com\/portal\/wp-content\/uploads\/2022\/08\/logomarca_tema.fw_.png","contentUrl":"https:\/\/noticiaempauta.com\/portal\/wp-content\/uploads\/2022\/08\/logomarca_tema.fw_.png","width":400,"height":232,"caption":"Portal Not\u00edcia em Pauta"},"image":{"@id":"https:\/\/noticiaempauta.com\/portal\/#\/schema\/logo\/image\/"},"sameAs":["https:\/\/www.facebook.com\/Portal-Notcia-Em-Pauta-102292869264820\/","https:\/\/www.instagram.com\/portalnoticiaempauta\/"]},{"@type":"Person","@id":"https:\/\/noticiaempauta.com\/portal\/#\/schema\/person\/a74af43dd1ab3deca45f988c717d57ac","name":"Reda\u00e7\u00e3o","image":{"@type":"ImageObject","inLanguage":"pt-BR","@id":"https:\/\/noticiaempauta.com\/portal\/#\/schema\/person\/image\/","url":"https:\/\/secure.gravatar.com\/avatar\/03179346ecce6cdfc13361603e8f54242a90e5cde8618fa23c5c00aa2b0aadf3?s=96&d=mm&r=g","contentUrl":"https:\/\/secure.gravatar.com\/avatar\/03179346ecce6cdfc13361603e8f54242a90e5cde8618fa23c5c00aa2b0aadf3?s=96&d=mm&r=g","caption":"Reda\u00e7\u00e3o"},"sameAs":["https:\/\/noticiaempauta.com\/portal\/"],"url":"https:\/\/noticiaempauta.com\/portal\/author\/fernando\/"}]}},"_links":{"self":[{"href":"https:\/\/noticiaempauta.com\/portal\/wp-json\/wp\/v2\/posts\/281033","targetHints":{"allow":["GET"]}}],"collection":[{"href":"https:\/\/noticiaempauta.com\/portal\/wp-json\/wp\/v2\/posts"}],"about":[{"href":"https:\/\/noticiaempauta.com\/portal\/wp-json\/wp\/v2\/types\/post"}],"author":[{"embeddable":true,"href":"https:\/\/noticiaempauta.com\/portal\/wp-json\/wp\/v2\/users\/2"}],"replies":[{"embeddable":true,"href":"https:\/\/noticiaempauta.com\/portal\/wp-json\/wp\/v2\/comments?post=281033"}],"version-history":[{"count":2,"href":"https:\/\/noticiaempauta.com\/portal\/wp-json\/wp\/v2\/posts\/281033\/revisions"}],"predecessor-version":[{"id":281052,"href":"https:\/\/noticiaempauta.com\/portal\/wp-json\/wp\/v2\/posts\/281033\/revisions\/281052"}],"wp:featuredmedia":[{"embeddable":true,"href":"https:\/\/noticiaempauta.com\/portal\/wp-json\/wp\/v2\/media\/281034"}],"wp:attachment":[{"href":"https:\/\/noticiaempauta.com\/portal\/wp-json\/wp\/v2\/media?parent=281033"}],"wp:term":[{"taxonomy":"category","embeddable":true,"href":"https:\/\/noticiaempauta.com\/portal\/wp-json\/wp\/v2\/categories?post=281033"},{"taxonomy":"post_tag","embeddable":true,"href":"https:\/\/noticiaempauta.com\/portal\/wp-json\/wp\/v2\/tags?post=281033"}],"curies":[{"name":"wp","href":"https:\/\/api.w.org\/{rel}","templated":true}]}}