{"id":281053,"date":"2025-11-24T15:41:08","date_gmt":"2025-11-24T18:41:08","guid":{"rendered":"https:\/\/noticiaempauta.com\/portal\/?p=281053"},"modified":"2025-11-24T15:41:09","modified_gmt":"2025-11-24T18:41:09","slug":"mdb-reune-diretorio-e-deputados-cobram-fortalecimento-da-chapa-no-piaui","status":"publish","type":"post","link":"https:\/\/noticiaempauta.com\/portal\/mdb-reune-diretorio-e-deputados-cobram-fortalecimento-da-chapa-no-piaui\/","title":{"rendered":"MDB re\u00fane diret\u00f3rio e deputados cobram fortalecimento da chapa no Piau\u00ed"},"content":{"rendered":"\n<p>O diret\u00f3rio estadual do MDB reuniu, na manh\u00e3 desta segunda-feira (24), parlamentares, pr\u00e9-candidatos e dirigentes para discutir a forma\u00e7\u00e3o e o fortalecimento das chapas proporcionais para as elei\u00e7\u00f5es de 2026. O encontro, realizado na sede do partido em Teresina, foi marcado pela defesa da unidade interna e pela cobran\u00e7a de refor\u00e7o na composi\u00e7\u00e3o dos nomes para deputado estadual e deputado federal.<\/p>\n\n\n\n<figure class=\"wp-block-image size-large\"><img fetchpriority=\"high\" decoding=\"async\" width=\"1024\" height=\"576\" src=\"https:\/\/noticiaempauta.com\/portal\/wp-content\/uploads\/2025\/11\/WhatsApp_Image_2025-11-24_at_11_41_57-1024x576.jpeg\" alt=\"\" class=\"wp-image-281054\" srcset=\"https:\/\/noticiaempauta.com\/portal\/wp-content\/uploads\/2025\/11\/WhatsApp_Image_2025-11-24_at_11_41_57-1024x576.jpeg 1024w, https:\/\/noticiaempauta.com\/portal\/wp-content\/uploads\/2025\/11\/WhatsApp_Image_2025-11-24_at_11_41_57-300x169.jpeg 300w, https:\/\/noticiaempauta.com\/portal\/wp-content\/uploads\/2025\/11\/WhatsApp_Image_2025-11-24_at_11_41_57-768x432.jpeg 768w, https:\/\/noticiaempauta.com\/portal\/wp-content\/uploads\/2025\/11\/WhatsApp_Image_2025-11-24_at_11_41_57-1536x864.jpeg 1536w, https:\/\/noticiaempauta.com\/portal\/wp-content\/uploads\/2025\/11\/WhatsApp_Image_2025-11-24_at_11_41_57.jpeg 1600w\" sizes=\"(max-width: 1024px) 100vw, 1024px\" \/><figcaption class=\"wp-element-caption\"><em>Foto: Ascom\/MDB<\/em><\/figcaption><\/figure>\n\n\n\n<p>O presidente estadual da sigla, senador Marcelo Castro, destacou que a pauta central da reuni\u00e3o foi a consolida\u00e7\u00e3o da chapa de deputado estadual. Ele afirmou que o partido segue trabalhando para formar grupos competitivos e reiterou a manuten\u00e7\u00e3o do alinhamento entre MDB e PSD na chamada fus\u00e3o cruzada.<\/p>\n\n\n\n<p>&#8220;O importante \u00e9 que o partido est\u00e1 se esfor\u00e7ando cada dia mais para ter uma chapa de deputado estadual e de deputado federal competitivas. Houve um ru\u00eddo, um problema, mas isso \u00e9 do jogo da pol\u00edtica e acontece em qualquer partido. As coisas est\u00e3o resolvidas e n\u00f3s vamos continuar&#8221;, declarou Marcelo Castro.<\/p>\n\n\n\n<p>O senador tamb\u00e9m negou qualquer defini\u00e7\u00e3o sobre poss\u00edvel sa\u00edda de parlamentares da sigla. &#8220;N\u00f3s estamos trabalhando para que n\u00e3o saia ningu\u00e9m, pelo contr\u00e1rio, para que o partido traga mais gente para fortalecer cada vez mais&#8221; afirmou.<\/p>\n\n\n\n<p>Durante o encontro, os deputados apresentaram pondera\u00e7\u00f5es sobre o cen\u00e1rio, as movimenta\u00e7\u00f5es internas e rumores de mudan\u00e7as partid\u00e1rias. O deputado Ziza Carvalho avaliou a reuni\u00e3o como um momento de alinhamento e refor\u00e7o das estrat\u00e9gias.<\/p>\n\n\n\n<p>&#8220;\u00c9 um momento de fortalecimento do time para a disputa das elei\u00e7\u00f5es. As insatisfa\u00e7\u00f5es e pondera\u00e7\u00f5es de cada deputado foram ouvidas. O que saiu do resultado foi que todos corram para fortalecer a chapa do MDB, atrair mais nomes competitivos&#8221;, disse o parlamentar.<\/p>\n\n\n\n<p>Ziza refor\u00e7ou que n\u00e3o h\u00e1 decis\u00e3o sobre migra\u00e7\u00e3o partid\u00e1ria e que eventuais movimentos s\u00f3 podem ocorrer na janela de mar\u00e7o de 2026. &#8220;Estamos em novembro de 2025, ent\u00e3o tudo \u00e9 quest\u00e3o de discuss\u00e3o, di\u00e1logo e debates. Nada definido.&#8221;<\/p>\n\n\n\n<p>Fonte: Cidade Verde<\/p>\n","protected":false},"excerpt":{"rendered":"<p>O diret\u00f3rio estadual do MDB reuniu, na manh\u00e3 desta segunda-feira (24), parlamentares, pr\u00e9-candidatos e dirigentes para discutir a forma\u00e7\u00e3o e o fortalecimento das chapas proporcionais para as elei\u00e7\u00f5es de 2026. O encontro, realizado na sede do partido em Teresina, foi marcado pela defesa da unidade interna e pela cobran\u00e7a de refor\u00e7o na composi\u00e7\u00e3o dos nomes [&hellip;]<\/p>\n","protected":false},"author":2,"featured_media":281054,"comment_status":"open","ping_status":"open","sticky":false,"template":"","format":"standard","meta":{"_mi_skip_tracking":false,"footnotes":""},"categories":[25,1,3,16],"tags":[192],"class_list":["post-281053","post","type-post","status-publish","format-standard","has-post-thumbnail","hentry","category-destaques-site","category-geral","category-politica","category-todas","tag-destaqueprincipal"],"acf":[],"yoast_head":"<!-- This site is optimized with the Yoast SEO Premium plugin v19.2 (Yoast SEO v26.9) - https:\/\/yoast.com\/product\/yoast-seo-premium-wordpress\/ -->\n<title>MDB re\u00fane diret\u00f3rio e deputados cobram fortalecimento da chapa no Piau\u00ed - Portal Not\u00edcia em Pauta<\/title>\n<meta name=\"robots\" content=\"index, follow, max-snippet:-1, max-image-preview:large, max-video-preview:-1\" \/>\n<link rel=\"canonical\" href=\"https:\/\/noticiaempauta.com\/portal\/mdb-reune-diretorio-e-deputados-cobram-fortalecimento-da-chapa-no-piaui\/\" \/>\n<meta property=\"og:locale\" content=\"pt_BR\" \/>\n<meta property=\"og:type\" content=\"article\" \/>\n<meta property=\"og:title\" content=\"MDB re\u00fane diret\u00f3rio e deputados cobram fortalecimento da chapa no Piau\u00ed\" \/>\n<meta property=\"og:description\" content=\"O diret\u00f3rio estadual do MDB reuniu, na manh\u00e3 desta segunda-feira (24), parlamentares, pr\u00e9-candidatos e dirigentes para discutir a forma\u00e7\u00e3o e o fortalecimento das chapas proporcionais para as elei\u00e7\u00f5es de 2026. O encontro, realizado na sede do partido em Teresina, foi marcado pela defesa da unidade interna e pela cobran\u00e7a de refor\u00e7o na composi\u00e7\u00e3o dos nomes [&hellip;]\" \/>\n<meta property=\"og:url\" content=\"https:\/\/noticiaempauta.com\/portal\/mdb-reune-diretorio-e-deputados-cobram-fortalecimento-da-chapa-no-piaui\/\" \/>\n<meta property=\"og:site_name\" content=\"Portal Not\u00edcia em Pauta\" \/>\n<meta property=\"article:publisher\" content=\"https:\/\/www.facebook.com\/Portal-Notcia-Em-Pauta-102292869264820\/\" \/>\n<meta property=\"article:published_time\" content=\"2025-11-24T18:41:08+00:00\" \/>\n<meta property=\"article:modified_time\" content=\"2025-11-24T18:41:09+00:00\" \/>\n<meta property=\"og:image\" content=\"https:\/\/noticiaempauta.com\/portal\/wp-content\/uploads\/2025\/11\/WhatsApp_Image_2025-11-24_at_11_41_57.jpeg\" \/>\n\t<meta property=\"og:image:width\" content=\"1600\" \/>\n\t<meta property=\"og:image:height\" content=\"900\" \/>\n\t<meta property=\"og:image:type\" content=\"image\/jpeg\" \/>\n<meta name=\"author\" content=\"Reda\u00e7\u00e3o\" \/>\n<meta name=\"twitter:card\" content=\"summary_large_image\" \/>\n<meta name=\"twitter:label1\" content=\"Escrito por\" \/>\n\t<meta name=\"twitter:data1\" content=\"Reda\u00e7\u00e3o\" \/>\n\t<meta name=\"twitter:label2\" content=\"Est. tempo de leitura\" \/>\n\t<meta name=\"twitter:data2\" content=\"3 minutos\" \/>\n<script type=\"application\/ld+json\" class=\"yoast-schema-graph\">{\"@context\":\"https:\/\/schema.org\",\"@graph\":[{\"@type\":\"Article\",\"@id\":\"https:\/\/noticiaempauta.com\/portal\/mdb-reune-diretorio-e-deputados-cobram-fortalecimento-da-chapa-no-piaui\/#article\",\"isPartOf\":{\"@id\":\"https:\/\/noticiaempauta.com\/portal\/mdb-reune-diretorio-e-deputados-cobram-fortalecimento-da-chapa-no-piaui\/\"},\"author\":{\"name\":\"Reda\u00e7\u00e3o\",\"@id\":\"https:\/\/noticiaempauta.com\/portal\/#\/schema\/person\/a74af43dd1ab3deca45f988c717d57ac\"},\"headline\":\"MDB re\u00fane diret\u00f3rio e deputados cobram fortalecimento da chapa no Piau\u00ed\",\"datePublished\":\"2025-11-24T18:41:08+00:00\",\"dateModified\":\"2025-11-24T18:41:09+00:00\",\"mainEntityOfPage\":{\"@id\":\"https:\/\/noticiaempauta.com\/portal\/mdb-reune-diretorio-e-deputados-cobram-fortalecimento-da-chapa-no-piaui\/\"},\"wordCount\":368,\"commentCount\":0,\"publisher\":{\"@id\":\"https:\/\/noticiaempauta.com\/portal\/#organization\"},\"image\":{\"@id\":\"https:\/\/noticiaempauta.com\/portal\/mdb-reune-diretorio-e-deputados-cobram-fortalecimento-da-chapa-no-piaui\/#primaryimage\"},\"thumbnailUrl\":\"https:\/\/noticiaempauta.com\/portal\/wp-content\/uploads\/2025\/11\/WhatsApp_Image_2025-11-24_at_11_41_57.jpeg\",\"keywords\":[\"destaqueprincipal\"],\"articleSection\":[\"Destaques\",\"Geral\",\"Pol\u00edtica\",\"Todas as Not\u00edcias\"],\"inLanguage\":\"pt-BR\",\"potentialAction\":[{\"@type\":\"CommentAction\",\"name\":\"Comment\",\"target\":[\"https:\/\/noticiaempauta.com\/portal\/mdb-reune-diretorio-e-deputados-cobram-fortalecimento-da-chapa-no-piaui\/#respond\"]}]},{\"@type\":\"WebPage\",\"@id\":\"https:\/\/noticiaempauta.com\/portal\/mdb-reune-diretorio-e-deputados-cobram-fortalecimento-da-chapa-no-piaui\/\",\"url\":\"https:\/\/noticiaempauta.com\/portal\/mdb-reune-diretorio-e-deputados-cobram-fortalecimento-da-chapa-no-piaui\/\",\"name\":\"MDB re\u00fane diret\u00f3rio e deputados cobram fortalecimento da chapa no Piau\u00ed - Portal Not\u00edcia em Pauta\",\"isPartOf\":{\"@id\":\"https:\/\/noticiaempauta.com\/portal\/#website\"},\"primaryImageOfPage\":{\"@id\":\"https:\/\/noticiaempauta.com\/portal\/mdb-reune-diretorio-e-deputados-cobram-fortalecimento-da-chapa-no-piaui\/#primaryimage\"},\"image\":{\"@id\":\"https:\/\/noticiaempauta.com\/portal\/mdb-reune-diretorio-e-deputados-cobram-fortalecimento-da-chapa-no-piaui\/#primaryimage\"},\"thumbnailUrl\":\"https:\/\/noticiaempauta.com\/portal\/wp-content\/uploads\/2025\/11\/WhatsApp_Image_2025-11-24_at_11_41_57.jpeg\",\"datePublished\":\"2025-11-24T18:41:08+00:00\",\"dateModified\":\"2025-11-24T18:41:09+00:00\",\"breadcrumb\":{\"@id\":\"https:\/\/noticiaempauta.com\/portal\/mdb-reune-diretorio-e-deputados-cobram-fortalecimento-da-chapa-no-piaui\/#breadcrumb\"},\"inLanguage\":\"pt-BR\",\"potentialAction\":[{\"@type\":\"ReadAction\",\"target\":[\"https:\/\/noticiaempauta.com\/portal\/mdb-reune-diretorio-e-deputados-cobram-fortalecimento-da-chapa-no-piaui\/\"]}]},{\"@type\":\"ImageObject\",\"inLanguage\":\"pt-BR\",\"@id\":\"https:\/\/noticiaempauta.com\/portal\/mdb-reune-diretorio-e-deputados-cobram-fortalecimento-da-chapa-no-piaui\/#primaryimage\",\"url\":\"https:\/\/noticiaempauta.com\/portal\/wp-content\/uploads\/2025\/11\/WhatsApp_Image_2025-11-24_at_11_41_57.jpeg\",\"contentUrl\":\"https:\/\/noticiaempauta.com\/portal\/wp-content\/uploads\/2025\/11\/WhatsApp_Image_2025-11-24_at_11_41_57.jpeg\",\"width\":1600,\"height\":900},{\"@type\":\"BreadcrumbList\",\"@id\":\"https:\/\/noticiaempauta.com\/portal\/mdb-reune-diretorio-e-deputados-cobram-fortalecimento-da-chapa-no-piaui\/#breadcrumb\",\"itemListElement\":[{\"@type\":\"ListItem\",\"position\":1,\"name\":\"P\u00e1gina Inicial\",\"item\":\"https:\/\/noticiaempauta.com\/portal\/\"},{\"@type\":\"ListItem\",\"position\":2,\"name\":\"Destaques\",\"item\":\"https:\/\/noticiaempauta.com\/portal\/destaques-site\/\"},{\"@type\":\"ListItem\",\"position\":3,\"name\":\"MDB re\u00fane diret\u00f3rio e deputados cobram fortalecimento da chapa no Piau\u00ed\"}]},{\"@type\":\"WebSite\",\"@id\":\"https:\/\/noticiaempauta.com\/portal\/#website\",\"url\":\"https:\/\/noticiaempauta.com\/portal\/\",\"name\":\"Portal Not\u00edcia em Pauta\",\"description\":\"Voc\u00ea bem informado\",\"publisher\":{\"@id\":\"https:\/\/noticiaempauta.com\/portal\/#organization\"},\"potentialAction\":[{\"@type\":\"SearchAction\",\"target\":{\"@type\":\"EntryPoint\",\"urlTemplate\":\"https:\/\/noticiaempauta.com\/portal\/?s={search_term_string}\"},\"query-input\":{\"@type\":\"PropertyValueSpecification\",\"valueRequired\":true,\"valueName\":\"search_term_string\"}}],\"inLanguage\":\"pt-BR\"},{\"@type\":\"Organization\",\"@id\":\"https:\/\/noticiaempauta.com\/portal\/#organization\",\"name\":\"Portal Not\u00edcia em Pauta\",\"url\":\"https:\/\/noticiaempauta.com\/portal\/\",\"logo\":{\"@type\":\"ImageObject\",\"inLanguage\":\"pt-BR\",\"@id\":\"https:\/\/noticiaempauta.com\/portal\/#\/schema\/logo\/image\/\",\"url\":\"https:\/\/noticiaempauta.com\/portal\/wp-content\/uploads\/2022\/08\/logomarca_tema.fw_.png\",\"contentUrl\":\"https:\/\/noticiaempauta.com\/portal\/wp-content\/uploads\/2022\/08\/logomarca_tema.fw_.png\",\"width\":400,\"height\":232,\"caption\":\"Portal Not\u00edcia em Pauta\"},\"image\":{\"@id\":\"https:\/\/noticiaempauta.com\/portal\/#\/schema\/logo\/image\/\"},\"sameAs\":[\"https:\/\/www.facebook.com\/Portal-Notcia-Em-Pauta-102292869264820\/\",\"https:\/\/www.instagram.com\/portalnoticiaempauta\/\"]},{\"@type\":\"Person\",\"@id\":\"https:\/\/noticiaempauta.com\/portal\/#\/schema\/person\/a74af43dd1ab3deca45f988c717d57ac\",\"name\":\"Reda\u00e7\u00e3o\",\"image\":{\"@type\":\"ImageObject\",\"inLanguage\":\"pt-BR\",\"@id\":\"https:\/\/noticiaempauta.com\/portal\/#\/schema\/person\/image\/\",\"url\":\"https:\/\/secure.gravatar.com\/avatar\/03179346ecce6cdfc13361603e8f54242a90e5cde8618fa23c5c00aa2b0aadf3?s=96&d=mm&r=g\",\"contentUrl\":\"https:\/\/secure.gravatar.com\/avatar\/03179346ecce6cdfc13361603e8f54242a90e5cde8618fa23c5c00aa2b0aadf3?s=96&d=mm&r=g\",\"caption\":\"Reda\u00e7\u00e3o\"},\"sameAs\":[\"https:\/\/noticiaempauta.com\/portal\/\"],\"url\":\"https:\/\/noticiaempauta.com\/portal\/author\/fernando\/\"}]}<\/script>\n<!-- \/ Yoast SEO Premium plugin. -->","yoast_head_json":{"title":"MDB re\u00fane diret\u00f3rio e deputados cobram fortalecimento da chapa no Piau\u00ed - Portal Not\u00edcia em Pauta","robots":{"index":"index","follow":"follow","max-snippet":"max-snippet:-1","max-image-preview":"max-image-preview:large","max-video-preview":"max-video-preview:-1"},"canonical":"https:\/\/noticiaempauta.com\/portal\/mdb-reune-diretorio-e-deputados-cobram-fortalecimento-da-chapa-no-piaui\/","og_locale":"pt_BR","og_type":"article","og_title":"MDB re\u00fane diret\u00f3rio e deputados cobram fortalecimento da chapa no Piau\u00ed","og_description":"O diret\u00f3rio estadual do MDB reuniu, na manh\u00e3 desta segunda-feira (24), parlamentares, pr\u00e9-candidatos e dirigentes para discutir a forma\u00e7\u00e3o e o fortalecimento das chapas proporcionais para as elei\u00e7\u00f5es de 2026. O encontro, realizado na sede do partido em Teresina, foi marcado pela defesa da unidade interna e pela cobran\u00e7a de refor\u00e7o na composi\u00e7\u00e3o dos nomes [&hellip;]","og_url":"https:\/\/noticiaempauta.com\/portal\/mdb-reune-diretorio-e-deputados-cobram-fortalecimento-da-chapa-no-piaui\/","og_site_name":"Portal Not\u00edcia em Pauta","article_publisher":"https:\/\/www.facebook.com\/Portal-Notcia-Em-Pauta-102292869264820\/","article_published_time":"2025-11-24T18:41:08+00:00","article_modified_time":"2025-11-24T18:41:09+00:00","og_image":[{"width":1600,"height":900,"url":"https:\/\/noticiaempauta.com\/portal\/wp-content\/uploads\/2025\/11\/WhatsApp_Image_2025-11-24_at_11_41_57.jpeg","type":"image\/jpeg"}],"author":"Reda\u00e7\u00e3o","twitter_card":"summary_large_image","twitter_misc":{"Escrito por":"Reda\u00e7\u00e3o","Est. tempo de leitura":"3 minutos"},"schema":{"@context":"https:\/\/schema.org","@graph":[{"@type":"Article","@id":"https:\/\/noticiaempauta.com\/portal\/mdb-reune-diretorio-e-deputados-cobram-fortalecimento-da-chapa-no-piaui\/#article","isPartOf":{"@id":"https:\/\/noticiaempauta.com\/portal\/mdb-reune-diretorio-e-deputados-cobram-fortalecimento-da-chapa-no-piaui\/"},"author":{"name":"Reda\u00e7\u00e3o","@id":"https:\/\/noticiaempauta.com\/portal\/#\/schema\/person\/a74af43dd1ab3deca45f988c717d57ac"},"headline":"MDB re\u00fane diret\u00f3rio e deputados cobram fortalecimento da chapa no Piau\u00ed","datePublished":"2025-11-24T18:41:08+00:00","dateModified":"2025-11-24T18:41:09+00:00","mainEntityOfPage":{"@id":"https:\/\/noticiaempauta.com\/portal\/mdb-reune-diretorio-e-deputados-cobram-fortalecimento-da-chapa-no-piaui\/"},"wordCount":368,"commentCount":0,"publisher":{"@id":"https:\/\/noticiaempauta.com\/portal\/#organization"},"image":{"@id":"https:\/\/noticiaempauta.com\/portal\/mdb-reune-diretorio-e-deputados-cobram-fortalecimento-da-chapa-no-piaui\/#primaryimage"},"thumbnailUrl":"https:\/\/noticiaempauta.com\/portal\/wp-content\/uploads\/2025\/11\/WhatsApp_Image_2025-11-24_at_11_41_57.jpeg","keywords":["destaqueprincipal"],"articleSection":["Destaques","Geral","Pol\u00edtica","Todas as Not\u00edcias"],"inLanguage":"pt-BR","potentialAction":[{"@type":"CommentAction","name":"Comment","target":["https:\/\/noticiaempauta.com\/portal\/mdb-reune-diretorio-e-deputados-cobram-fortalecimento-da-chapa-no-piaui\/#respond"]}]},{"@type":"WebPage","@id":"https:\/\/noticiaempauta.com\/portal\/mdb-reune-diretorio-e-deputados-cobram-fortalecimento-da-chapa-no-piaui\/","url":"https:\/\/noticiaempauta.com\/portal\/mdb-reune-diretorio-e-deputados-cobram-fortalecimento-da-chapa-no-piaui\/","name":"MDB re\u00fane diret\u00f3rio e deputados cobram fortalecimento da chapa no Piau\u00ed - Portal Not\u00edcia em Pauta","isPartOf":{"@id":"https:\/\/noticiaempauta.com\/portal\/#website"},"primaryImageOfPage":{"@id":"https:\/\/noticiaempauta.com\/portal\/mdb-reune-diretorio-e-deputados-cobram-fortalecimento-da-chapa-no-piaui\/#primaryimage"},"image":{"@id":"https:\/\/noticiaempauta.com\/portal\/mdb-reune-diretorio-e-deputados-cobram-fortalecimento-da-chapa-no-piaui\/#primaryimage"},"thumbnailUrl":"https:\/\/noticiaempauta.com\/portal\/wp-content\/uploads\/2025\/11\/WhatsApp_Image_2025-11-24_at_11_41_57.jpeg","datePublished":"2025-11-24T18:41:08+00:00","dateModified":"2025-11-24T18:41:09+00:00","breadcrumb":{"@id":"https:\/\/noticiaempauta.com\/portal\/mdb-reune-diretorio-e-deputados-cobram-fortalecimento-da-chapa-no-piaui\/#breadcrumb"},"inLanguage":"pt-BR","potentialAction":[{"@type":"ReadAction","target":["https:\/\/noticiaempauta.com\/portal\/mdb-reune-diretorio-e-deputados-cobram-fortalecimento-da-chapa-no-piaui\/"]}]},{"@type":"ImageObject","inLanguage":"pt-BR","@id":"https:\/\/noticiaempauta.com\/portal\/mdb-reune-diretorio-e-deputados-cobram-fortalecimento-da-chapa-no-piaui\/#primaryimage","url":"https:\/\/noticiaempauta.com\/portal\/wp-content\/uploads\/2025\/11\/WhatsApp_Image_2025-11-24_at_11_41_57.jpeg","contentUrl":"https:\/\/noticiaempauta.com\/portal\/wp-content\/uploads\/2025\/11\/WhatsApp_Image_2025-11-24_at_11_41_57.jpeg","width":1600,"height":900},{"@type":"BreadcrumbList","@id":"https:\/\/noticiaempauta.com\/portal\/mdb-reune-diretorio-e-deputados-cobram-fortalecimento-da-chapa-no-piaui\/#breadcrumb","itemListElement":[{"@type":"ListItem","position":1,"name":"P\u00e1gina Inicial","item":"https:\/\/noticiaempauta.com\/portal\/"},{"@type":"ListItem","position":2,"name":"Destaques","item":"https:\/\/noticiaempauta.com\/portal\/destaques-site\/"},{"@type":"ListItem","position":3,"name":"MDB re\u00fane diret\u00f3rio e deputados cobram fortalecimento da chapa no Piau\u00ed"}]},{"@type":"WebSite","@id":"https:\/\/noticiaempauta.com\/portal\/#website","url":"https:\/\/noticiaempauta.com\/portal\/","name":"Portal Not\u00edcia em Pauta","description":"Voc\u00ea bem informado","publisher":{"@id":"https:\/\/noticiaempauta.com\/portal\/#organization"},"potentialAction":[{"@type":"SearchAction","target":{"@type":"EntryPoint","urlTemplate":"https:\/\/noticiaempauta.com\/portal\/?s={search_term_string}"},"query-input":{"@type":"PropertyValueSpecification","valueRequired":true,"valueName":"search_term_string"}}],"inLanguage":"pt-BR"},{"@type":"Organization","@id":"https:\/\/noticiaempauta.com\/portal\/#organization","name":"Portal Not\u00edcia em Pauta","url":"https:\/\/noticiaempauta.com\/portal\/","logo":{"@type":"ImageObject","inLanguage":"pt-BR","@id":"https:\/\/noticiaempauta.com\/portal\/#\/schema\/logo\/image\/","url":"https:\/\/noticiaempauta.com\/portal\/wp-content\/uploads\/2022\/08\/logomarca_tema.fw_.png","contentUrl":"https:\/\/noticiaempauta.com\/portal\/wp-content\/uploads\/2022\/08\/logomarca_tema.fw_.png","width":400,"height":232,"caption":"Portal Not\u00edcia em Pauta"},"image":{"@id":"https:\/\/noticiaempauta.com\/portal\/#\/schema\/logo\/image\/"},"sameAs":["https:\/\/www.facebook.com\/Portal-Notcia-Em-Pauta-102292869264820\/","https:\/\/www.instagram.com\/portalnoticiaempauta\/"]},{"@type":"Person","@id":"https:\/\/noticiaempauta.com\/portal\/#\/schema\/person\/a74af43dd1ab3deca45f988c717d57ac","name":"Reda\u00e7\u00e3o","image":{"@type":"ImageObject","inLanguage":"pt-BR","@id":"https:\/\/noticiaempauta.com\/portal\/#\/schema\/person\/image\/","url":"https:\/\/secure.gravatar.com\/avatar\/03179346ecce6cdfc13361603e8f54242a90e5cde8618fa23c5c00aa2b0aadf3?s=96&d=mm&r=g","contentUrl":"https:\/\/secure.gravatar.com\/avatar\/03179346ecce6cdfc13361603e8f54242a90e5cde8618fa23c5c00aa2b0aadf3?s=96&d=mm&r=g","caption":"Reda\u00e7\u00e3o"},"sameAs":["https:\/\/noticiaempauta.com\/portal\/"],"url":"https:\/\/noticiaempauta.com\/portal\/author\/fernando\/"}]}},"_links":{"self":[{"href":"https:\/\/noticiaempauta.com\/portal\/wp-json\/wp\/v2\/posts\/281053","targetHints":{"allow":["GET"]}}],"collection":[{"href":"https:\/\/noticiaempauta.com\/portal\/wp-json\/wp\/v2\/posts"}],"about":[{"href":"https:\/\/noticiaempauta.com\/portal\/wp-json\/wp\/v2\/types\/post"}],"author":[{"embeddable":true,"href":"https:\/\/noticiaempauta.com\/portal\/wp-json\/wp\/v2\/users\/2"}],"replies":[{"embeddable":true,"href":"https:\/\/noticiaempauta.com\/portal\/wp-json\/wp\/v2\/comments?post=281053"}],"version-history":[{"count":2,"href":"https:\/\/noticiaempauta.com\/portal\/wp-json\/wp\/v2\/posts\/281053\/revisions"}],"predecessor-version":[{"id":281056,"href":"https:\/\/noticiaempauta.com\/portal\/wp-json\/wp\/v2\/posts\/281053\/revisions\/281056"}],"wp:featuredmedia":[{"embeddable":true,"href":"https:\/\/noticiaempauta.com\/portal\/wp-json\/wp\/v2\/media\/281054"}],"wp:attachment":[{"href":"https:\/\/noticiaempauta.com\/portal\/wp-json\/wp\/v2\/media?parent=281053"}],"wp:term":[{"taxonomy":"category","embeddable":true,"href":"https:\/\/noticiaempauta.com\/portal\/wp-json\/wp\/v2\/categories?post=281053"},{"taxonomy":"post_tag","embeddable":true,"href":"https:\/\/noticiaempauta.com\/portal\/wp-json\/wp\/v2\/tags?post=281053"}],"curies":[{"name":"wp","href":"https:\/\/api.w.org\/{rel}","templated":true}]}}