{"id":281067,"date":"2025-11-24T16:41:49","date_gmt":"2025-11-24T19:41:49","guid":{"rendered":"https:\/\/noticiaempauta.com\/portal\/?p=281067"},"modified":"2025-11-24T16:41:50","modified_gmt":"2025-11-24T19:41:50","slug":"produtores-de-mel-do-piaui-devem-reduzir-precos-em-20-para-continuar-exportando-aos-eua","status":"publish","type":"post","link":"https:\/\/noticiaempauta.com\/portal\/produtores-de-mel-do-piaui-devem-reduzir-precos-em-20-para-continuar-exportando-aos-eua\/","title":{"rendered":"Produtores de mel do Piau\u00ed devem reduzir pre\u00e7os em 20% para continuar exportando aos EUA"},"content":{"rendered":"\n<p>Ap\u00f3s quatro meses do in\u00edcio das taxa\u00e7\u00f5es impostas por Trump aos produtos brasileiros exportados aos Estados Unidos, o governo estadunidense resolveu, na \u00faltima semana, retirar a tarifa de importa\u00e7\u00e3o de 40% sobre determinados produtos do Brasil. Constando na lista da Casa Branca produtos como o caf\u00e9, carne bovina, sucos, bananas, mas o mel, principal produto da agricultura familiar piauiense vendida ao pa\u00eds, ficou de fora, gerando preocupa\u00e7\u00e3o aos produtores locais para os caminhos do mercado piauiense no pr\u00f3ximo ano.<\/p>\n\n\n\n<figure class=\"wp-block-image size-full\"><img fetchpriority=\"high\" decoding=\"async\" width=\"800\" height=\"533\" src=\"https:\/\/noticiaempauta.com\/portal\/wp-content\/uploads\/2025\/11\/vOotM6be3r5GFSLk9tFbb0my8KlhKJopoOtpOGUi.webp\" alt=\"\" class=\"wp-image-281068\" srcset=\"https:\/\/noticiaempauta.com\/portal\/wp-content\/uploads\/2025\/11\/vOotM6be3r5GFSLk9tFbb0my8KlhKJopoOtpOGUi.webp 800w, https:\/\/noticiaempauta.com\/portal\/wp-content\/uploads\/2025\/11\/vOotM6be3r5GFSLk9tFbb0my8KlhKJopoOtpOGUi-300x200.webp 300w, https:\/\/noticiaempauta.com\/portal\/wp-content\/uploads\/2025\/11\/vOotM6be3r5GFSLk9tFbb0my8KlhKJopoOtpOGUi-768x512.webp 768w\" sizes=\"(max-width: 800px) 100vw, 800px\" \/><figcaption class=\"wp-element-caption\"><em>(Foto: Reprodu\u00e7\u00e3o)<\/em><\/figcaption><\/figure>\n\n\n\n<p>O fim da taxa\u00e7\u00e3o a diversos produtos brasileiros foi fruto de uma negocia\u00e7\u00e3o entre o Governo do Brasil e dos Estados Unidos, onde houve uma conversa por telefone entre os presidentes Lula e Trump. &#8220;Durante a qual concordamos em iniciar negocia\u00e7\u00f5es para abordar as quest\u00f5es identificadas no Decreto Executivo 14.323&#8221;, diz trecho da ordem executiva publicada por Trump. O informativo tamb\u00e9m aponta que as negocia\u00e7\u00f5es ainda est\u00e3o em andamento para poss\u00edveis novos produtos, incluindo o mel.<\/p>\n\n\n\n<figure class=\"wp-block-image size-full\"><img decoding=\"async\" width=\"800\" height=\"534\" src=\"https:\/\/noticiaempauta.com\/portal\/wp-content\/uploads\/2025\/11\/hbvPKr2kRLuBpAIaz38Qe3popIG6sDexP9cVsUkX.webp\" alt=\"\" class=\"wp-image-281069\" srcset=\"https:\/\/noticiaempauta.com\/portal\/wp-content\/uploads\/2025\/11\/hbvPKr2kRLuBpAIaz38Qe3popIG6sDexP9cVsUkX.webp 800w, https:\/\/noticiaempauta.com\/portal\/wp-content\/uploads\/2025\/11\/hbvPKr2kRLuBpAIaz38Qe3popIG6sDexP9cVsUkX-300x200.webp 300w, https:\/\/noticiaempauta.com\/portal\/wp-content\/uploads\/2025\/11\/hbvPKr2kRLuBpAIaz38Qe3popIG6sDexP9cVsUkX-768x513.webp 768w\" sizes=\"(max-width: 800px) 100vw, 800px\" \/><figcaption class=\"wp-element-caption\"><em>(Foto: Reprodu\u00e7\u00e3o)<\/em><\/figcaption><\/figure>\n\n\n\n<p>O diretor-geral da Central de Cooperativas Ap\u00edcolas do Semi\u00e1rido Piauiense (Casa Apis), Sit\u00f4nio Dantas, informou que o mercado estadunidense n\u00e3o quer perder a produ\u00e7\u00e3o do mel org\u00e2nico do estado, mas os contratos com as empresas do pa\u00eds norte-americano se encerram ao fim de dezembro de 2025, e se preocupam com o futuro dos produtores locais.<\/p>\n\n\n\n<p>\u201cOs clientes est\u00e3o sempre procurando, na \u00faltima semana a gente conversou com eles, pedindo paci\u00eancia, n\u00f3s n\u00e3o vamos deixar de comprar voc\u00eas. Mas, assim, h\u00e1 uma incerteza no ano que vem porque, de repente, tem outros fornecedores que eles passaram a negociar\u201d, disse o produtor.<\/p>\n\n\n\n<p>De acordo com Sit\u00f4nio Dantas, os produtores ainda n\u00e3o sentiram o impacto financeiro das taxa\u00e7\u00f5es nos contratos j\u00e1 existentes, pois possuem uma validade at\u00e9 o fim de dezembro deste ano. A preocupa\u00e7\u00e3o \u00e9 com o que vai acontecer no pr\u00f3ximo ano com a manuten\u00e7\u00e3o do aumento dos tributos de importa\u00e7\u00e3o ao Brasil. Uma das possibilidades, segundo o diretor da Casa Apis, seria uma redu\u00e7\u00e3o de 20% no custo do produto piauiense para exporta\u00e7\u00e3o, contrariando o desejo da cooperativa que esperava crescer seu faturamento com o aumento do valor do mel do Piau\u00ed.<\/p>\n\n\n\n<p>\u201cDiante da situa\u00e7\u00e3o, principalmente depois dessa lista que foi divulgada, n\u00f3s vamos ter perdas de pre\u00e7o no mercado, ou seja, vai ter baixa de pre\u00e7o mel. N\u00e3o tem como a gente conseguir chegar, n\u00f3s vamos ter um acordo nele para vender o produto, para vender a safra de 2025\u201d, disse o produtor.<\/p>\n\n\n\n<p>Ele ainda informou que h\u00e1 tr\u00eas anos os importadores de mel do Brasil nos Estados Unidos pagam uma taxa de 10% na opera\u00e7\u00e3o. A medida foi adotada ap\u00f3s a associa\u00e7\u00e3o de apicultores do pa\u00eds realizarem um lobby junto ao parlamento estadunidense para criar medidas para aumentar a produ\u00e7\u00e3o local e, por consequ\u00eancia, o faturamento dos produtores locais, o que acabou tendo uma situa\u00e7\u00e3o agravada para os brasileiros com a implementa\u00e7\u00e3o e manuten\u00e7\u00e3o das taxas de 50% ao mel brasileiro.<\/p>\n\n\n\n<p>Sit\u00f4nio informou que a taxa\u00e7\u00e3o se tornou um problema tanto para os compradores estadunidenses como para os produtores piauienses, j\u00e1 que eles conferem ao produto do estado como algo de muita qualidade, pela diferencia\u00e7\u00e3o do bioma do semi\u00e1rido e das floradas onde as abelhas produzem o mel, que gera um grande destaque por ser um produto org\u00e2nico, sem o uso de produtos defensivos que acabam agregando mais valor ao mel do estado.<\/p>\n\n\n\n<figure class=\"wp-block-image size-full\"><img decoding=\"async\" width=\"800\" height=\"521\" src=\"https:\/\/noticiaempauta.com\/portal\/wp-content\/uploads\/2025\/11\/yr5rsisGAzAjT5lkMPMUXZyPqmCp6cfVQFjZe6sJ.webp\" alt=\"\" class=\"wp-image-281070\" srcset=\"https:\/\/noticiaempauta.com\/portal\/wp-content\/uploads\/2025\/11\/yr5rsisGAzAjT5lkMPMUXZyPqmCp6cfVQFjZe6sJ.webp 800w, https:\/\/noticiaempauta.com\/portal\/wp-content\/uploads\/2025\/11\/yr5rsisGAzAjT5lkMPMUXZyPqmCp6cfVQFjZe6sJ-300x195.webp 300w, https:\/\/noticiaempauta.com\/portal\/wp-content\/uploads\/2025\/11\/yr5rsisGAzAjT5lkMPMUXZyPqmCp6cfVQFjZe6sJ-768x500.webp 768w\" sizes=\"(max-width: 800px) 100vw, 800px\" \/><figcaption class=\"wp-element-caption\"><em>(Foto: Reprodu\u00e7\u00e3o)<\/em><\/figcaption><\/figure>\n\n\n\n<p>O com\u00e9rcio local n\u00e3o \u00e9 capaz de suprir a demanda do mercado externo, principalmente do que \u00e9 vendido para os Estados Unidos, j\u00e1 que \u00e9 o maior importador de mel mundial, tornando a vida do produtor em achar novos mercados mais complicada. Sit\u00f4nio informou que a medida do Governo do Piau\u00ed em comprar o mel piauiense que sofreu com as taxa\u00e7\u00f5es para direcionar \u00e0 merenda escolar foi irris\u00f3ria, j\u00e1 que foram compradas apenas 5 toneladas do produto. Dados da Pesquisa Pecu\u00e1ria Municipal (PPM), do IBGE, apontaram que a produ\u00e7\u00e3o de mel do Piau\u00ed subiu de 3.249,5 toneladas em 2014 para 8.829,8 toneladas em 2023.<\/p>\n\n\n\n<p>\u201cAt\u00e9 agora o que foi comprado para a merenda escolar foi 5 toneladas de mel, e essa conversa desde aquele tempo quando surgiu o problema, o governo estadual falou muito na m\u00eddia e n\u00e3o realizou nada, n\u00f3s s\u00f3 fizemos uma venda de 5 toneladas de mel\u201d, afirmou.<\/p>\n\n\n\n<p>O diretor da Casa Apis informou que o governo deveria ter realizado novas compras, pois a a\u00e7\u00e3o criaria um h\u00e1bito de consumo que n\u00e3o existe no estado para o uso do mel dentro do card\u00e1pio do piauiense, o que potencializaria o mercado interno. Ele cita a Turquia, que \u00e9 um dos maiores produtores de mel do mundo, mas exporta apenas 6 mil toneladas, mantendo o restante no mercado interno, o que poderia ser um exemplo para o Brasil.<\/p>\n\n\n\n<p>\u201cEles produziram, no ano passado, 118 mil toneladas de mel, veja que o Brasil todo produziu 77 milh\u00f5es. Eles s\u00f3 venderam 6 mil toneladas de mercado externo, ou seja, porque eles consomem 112 mil toneladas de mel dentro da cultura do pa\u00eds\u201d, defendeu.<\/p>\n\n\n\n<p>A grande preocupa\u00e7\u00e3o dos produtores do estado com a demora na retirada das taxa\u00e7\u00f5es americanas ao mel na Am\u00e9rica do Sul seria a Argentina, que \u00e9 uma grande produtora, mas com uma diferen\u00e7a: n\u00e3o tem a mesma qualidade do mel piauiense. Com os pre\u00e7os altos para a importa\u00e7\u00e3o, o estado pode perder espa\u00e7o e os atuais contratos podem ser direcionados aos produtores do pa\u00eds vizinho.<\/p>\n\n\n\n<p>\u201cA Argentina est\u00e1 sempre no topo com o sexto lugar de produ\u00e7\u00e3o. O grande a nosso favor \u00e9 a qualidade do mel. Por exemplo, a Argentina, esse grande produtor de mel, come\u00e7ou primeiro que n\u00f3s, tradicionalmente sempre foram grandes produtores de mel, mas o mel deles n\u00e3o tem a qualidade que tem o mel aqui do Piau\u00ed\u201d, disse.<\/p>\n\n\n\n<p>Ele ainda informou que a Ag\u00eancia de Promo\u00e7\u00e3o de Exporta\u00e7\u00f5es e Investimentos (Apex-Brasil), vinculada ao Minist\u00e9rio do Desenvolvimento, Ind\u00fastria, Com\u00e9rcio e Servi\u00e7os, \u00e9 quem mais tem ajudado os produtores piauienses na abertura de novos mercados que possam superar os impasses gerados nas taxas de importa\u00e7\u00e3o dos Estados Unidos. Ele afirmou que a ag\u00eancia custeou 80% dos valores em viagens para a Europa e Oriente M\u00e9dio na busca de novos mercados, mas que o entrave est\u00e1 em atrair a compra do mel org\u00e2nico, que \u00e9 o diferencial do Piau\u00ed, pois o custo \u00e9 mais alto.<\/p>\n\n\n\n<p>\u201cA gente andou pelo Oriente M\u00e9dio, eles ajudaram, pagaram mais de 80% dos custos, mas \u00e9 muito dif\u00edcil porque voc\u00ea tem de 12 pa\u00edses que s\u00e3o os maiores produtores mundiais de mel. Esses 12 produzem 80% do mel do mundo. \u00c9 uma produ\u00e7\u00e3o estimada em 1 milh\u00e3o e 870 mil toneladas e, de todo esse mel produzido, o org\u00e2nico n\u00e3o chega a 5%\u201d, defendeu.<\/p>\n\n\n\n<p>Sit\u00f4nio Dantas disse que a maior dificuldade que os produtores do Piau\u00ed tiveram este ano, al\u00e9m da taxa\u00e7\u00e3o, foi a estiagem, que afetou a produ\u00e7\u00e3o com a previs\u00e3o de uma queda de 35% s\u00f3 no estado.<\/p>\n\n\n\n<p>\u201cO semi\u00e1rido como um todo [passou por dificuldades], mas temos estados como o Maranh\u00e3o e o Cear\u00e1 que foram menos afetados do que o Piau\u00ed. O per\u00edodo de produ\u00e7\u00e3o deles \u00e9 diferente do nosso, e na \u00e9poca da produ\u00e7\u00e3o l\u00e1, eles n\u00e3o tiveram um problema t\u00e3o intenso como aconteceu aqui no Piau\u00ed, que faltou chuva\u201d, declarou.<\/p>\n\n\n\n<p>Os produtores de mel do estado esperam que a situa\u00e7\u00e3o das chuvas possa se regularizar para continuar sendo um dos maiores produtores do pa\u00eds, onde atualmente ocupam a segunda coloca\u00e7\u00e3o. Mas, para se manter nesta posi\u00e7\u00e3o, \u00e9 necess\u00e1rio que possam novamente exportar para os Estados Unidos. Ao serem questionados sobre o que far\u00e3o caso a medida n\u00e3o seja derrubada, os produtores afirmam que n\u00e3o h\u00e1 solu\u00e7\u00e3o pr\u00e1tica para resolver o problema e o impacto financeiro que ele trar\u00e1 ao setor no estado.<\/p>\n\n\n\n<p>Fonte: Portal O Dia<\/p>\n","protected":false},"excerpt":{"rendered":"<p>Ap\u00f3s quatro meses do in\u00edcio das taxa\u00e7\u00f5es impostas por Trump aos produtos brasileiros exportados aos Estados Unidos, o governo estadunidense resolveu, na \u00faltima semana, retirar a tarifa de importa\u00e7\u00e3o de 40% sobre determinados produtos do Brasil. Constando na lista da Casa Branca produtos como o caf\u00e9, carne bovina, sucos, bananas, mas o mel, principal produto [&hellip;]<\/p>\n","protected":false},"author":2,"featured_media":281068,"comment_status":"open","ping_status":"open","sticky":false,"template":"","format":"standard","meta":{"_mi_skip_tracking":false,"footnotes":""},"categories":[25,6,1,16],"tags":[192],"class_list":["post-281067","post","type-post","status-publish","format-standard","has-post-thumbnail","hentry","category-destaques-site","category-economia","category-geral","category-todas","tag-destaqueprincipal"],"acf":[],"yoast_head":"<!-- This site is optimized with the Yoast SEO Premium plugin v19.2 (Yoast SEO v26.9) - https:\/\/yoast.com\/product\/yoast-seo-premium-wordpress\/ -->\n<title>Produtores de mel do Piau\u00ed devem reduzir pre\u00e7os em 20% para continuar exportando aos EUA - Portal Not\u00edcia em Pauta<\/title>\n<meta name=\"robots\" content=\"index, follow, max-snippet:-1, max-image-preview:large, max-video-preview:-1\" \/>\n<link rel=\"canonical\" href=\"https:\/\/noticiaempauta.com\/portal\/produtores-de-mel-do-piaui-devem-reduzir-precos-em-20-para-continuar-exportando-aos-eua\/\" \/>\n<meta property=\"og:locale\" content=\"pt_BR\" \/>\n<meta property=\"og:type\" content=\"article\" \/>\n<meta property=\"og:title\" content=\"Produtores de mel do Piau\u00ed devem reduzir pre\u00e7os em 20% para continuar exportando aos EUA\" \/>\n<meta property=\"og:description\" content=\"Ap\u00f3s quatro meses do in\u00edcio das taxa\u00e7\u00f5es impostas por Trump aos produtos brasileiros exportados aos Estados Unidos, o governo estadunidense resolveu, na \u00faltima semana, retirar a tarifa de importa\u00e7\u00e3o de 40% sobre determinados produtos do Brasil. Constando na lista da Casa Branca produtos como o caf\u00e9, carne bovina, sucos, bananas, mas o mel, principal produto [&hellip;]\" \/>\n<meta property=\"og:url\" content=\"https:\/\/noticiaempauta.com\/portal\/produtores-de-mel-do-piaui-devem-reduzir-precos-em-20-para-continuar-exportando-aos-eua\/\" \/>\n<meta property=\"og:site_name\" content=\"Portal Not\u00edcia em Pauta\" \/>\n<meta property=\"article:publisher\" content=\"https:\/\/www.facebook.com\/Portal-Notcia-Em-Pauta-102292869264820\/\" \/>\n<meta property=\"article:published_time\" content=\"2025-11-24T19:41:49+00:00\" \/>\n<meta property=\"article:modified_time\" content=\"2025-11-24T19:41:50+00:00\" \/>\n<meta property=\"og:image\" content=\"https:\/\/noticiaempauta.com\/portal\/wp-content\/uploads\/2025\/11\/vOotM6be3r5GFSLk9tFbb0my8KlhKJopoOtpOGUi.webp\" \/>\n\t<meta property=\"og:image:width\" content=\"800\" \/>\n\t<meta property=\"og:image:height\" content=\"533\" \/>\n\t<meta property=\"og:image:type\" content=\"image\/webp\" \/>\n<meta name=\"author\" content=\"Reda\u00e7\u00e3o\" \/>\n<meta name=\"twitter:card\" content=\"summary_large_image\" \/>\n<meta name=\"twitter:label1\" content=\"Escrito por\" \/>\n\t<meta name=\"twitter:data1\" content=\"Reda\u00e7\u00e3o\" \/>\n\t<meta name=\"twitter:label2\" content=\"Est. tempo de leitura\" \/>\n\t<meta name=\"twitter:data2\" content=\"8 minutos\" \/>\n<script type=\"application\/ld+json\" class=\"yoast-schema-graph\">{\"@context\":\"https:\/\/schema.org\",\"@graph\":[{\"@type\":\"Article\",\"@id\":\"https:\/\/noticiaempauta.com\/portal\/produtores-de-mel-do-piaui-devem-reduzir-precos-em-20-para-continuar-exportando-aos-eua\/#article\",\"isPartOf\":{\"@id\":\"https:\/\/noticiaempauta.com\/portal\/produtores-de-mel-do-piaui-devem-reduzir-precos-em-20-para-continuar-exportando-aos-eua\/\"},\"author\":{\"name\":\"Reda\u00e7\u00e3o\",\"@id\":\"https:\/\/noticiaempauta.com\/portal\/#\/schema\/person\/a74af43dd1ab3deca45f988c717d57ac\"},\"headline\":\"Produtores de mel do Piau\u00ed devem reduzir pre\u00e7os em 20% para continuar exportando aos EUA\",\"datePublished\":\"2025-11-24T19:41:49+00:00\",\"dateModified\":\"2025-11-24T19:41:50+00:00\",\"mainEntityOfPage\":{\"@id\":\"https:\/\/noticiaempauta.com\/portal\/produtores-de-mel-do-piaui-devem-reduzir-precos-em-20-para-continuar-exportando-aos-eua\/\"},\"wordCount\":1389,\"commentCount\":0,\"publisher\":{\"@id\":\"https:\/\/noticiaempauta.com\/portal\/#organization\"},\"image\":{\"@id\":\"https:\/\/noticiaempauta.com\/portal\/produtores-de-mel-do-piaui-devem-reduzir-precos-em-20-para-continuar-exportando-aos-eua\/#primaryimage\"},\"thumbnailUrl\":\"https:\/\/noticiaempauta.com\/portal\/wp-content\/uploads\/2025\/11\/vOotM6be3r5GFSLk9tFbb0my8KlhKJopoOtpOGUi.webp\",\"keywords\":[\"destaqueprincipal\"],\"articleSection\":[\"Destaques\",\"Economia\",\"Geral\",\"Todas as Not\u00edcias\"],\"inLanguage\":\"pt-BR\",\"potentialAction\":[{\"@type\":\"CommentAction\",\"name\":\"Comment\",\"target\":[\"https:\/\/noticiaempauta.com\/portal\/produtores-de-mel-do-piaui-devem-reduzir-precos-em-20-para-continuar-exportando-aos-eua\/#respond\"]}]},{\"@type\":\"WebPage\",\"@id\":\"https:\/\/noticiaempauta.com\/portal\/produtores-de-mel-do-piaui-devem-reduzir-precos-em-20-para-continuar-exportando-aos-eua\/\",\"url\":\"https:\/\/noticiaempauta.com\/portal\/produtores-de-mel-do-piaui-devem-reduzir-precos-em-20-para-continuar-exportando-aos-eua\/\",\"name\":\"Produtores de mel do Piau\u00ed devem reduzir pre\u00e7os em 20% para continuar exportando aos EUA - Portal Not\u00edcia em Pauta\",\"isPartOf\":{\"@id\":\"https:\/\/noticiaempauta.com\/portal\/#website\"},\"primaryImageOfPage\":{\"@id\":\"https:\/\/noticiaempauta.com\/portal\/produtores-de-mel-do-piaui-devem-reduzir-precos-em-20-para-continuar-exportando-aos-eua\/#primaryimage\"},\"image\":{\"@id\":\"https:\/\/noticiaempauta.com\/portal\/produtores-de-mel-do-piaui-devem-reduzir-precos-em-20-para-continuar-exportando-aos-eua\/#primaryimage\"},\"thumbnailUrl\":\"https:\/\/noticiaempauta.com\/portal\/wp-content\/uploads\/2025\/11\/vOotM6be3r5GFSLk9tFbb0my8KlhKJopoOtpOGUi.webp\",\"datePublished\":\"2025-11-24T19:41:49+00:00\",\"dateModified\":\"2025-11-24T19:41:50+00:00\",\"breadcrumb\":{\"@id\":\"https:\/\/noticiaempauta.com\/portal\/produtores-de-mel-do-piaui-devem-reduzir-precos-em-20-para-continuar-exportando-aos-eua\/#breadcrumb\"},\"inLanguage\":\"pt-BR\",\"potentialAction\":[{\"@type\":\"ReadAction\",\"target\":[\"https:\/\/noticiaempauta.com\/portal\/produtores-de-mel-do-piaui-devem-reduzir-precos-em-20-para-continuar-exportando-aos-eua\/\"]}]},{\"@type\":\"ImageObject\",\"inLanguage\":\"pt-BR\",\"@id\":\"https:\/\/noticiaempauta.com\/portal\/produtores-de-mel-do-piaui-devem-reduzir-precos-em-20-para-continuar-exportando-aos-eua\/#primaryimage\",\"url\":\"https:\/\/noticiaempauta.com\/portal\/wp-content\/uploads\/2025\/11\/vOotM6be3r5GFSLk9tFbb0my8KlhKJopoOtpOGUi.webp\",\"contentUrl\":\"https:\/\/noticiaempauta.com\/portal\/wp-content\/uploads\/2025\/11\/vOotM6be3r5GFSLk9tFbb0my8KlhKJopoOtpOGUi.webp\",\"width\":800,\"height\":533},{\"@type\":\"BreadcrumbList\",\"@id\":\"https:\/\/noticiaempauta.com\/portal\/produtores-de-mel-do-piaui-devem-reduzir-precos-em-20-para-continuar-exportando-aos-eua\/#breadcrumb\",\"itemListElement\":[{\"@type\":\"ListItem\",\"position\":1,\"name\":\"P\u00e1gina Inicial\",\"item\":\"https:\/\/noticiaempauta.com\/portal\/\"},{\"@type\":\"ListItem\",\"position\":2,\"name\":\"Destaques\",\"item\":\"https:\/\/noticiaempauta.com\/portal\/destaques-site\/\"},{\"@type\":\"ListItem\",\"position\":3,\"name\":\"Produtores de mel do Piau\u00ed devem reduzir pre\u00e7os em 20% para continuar exportando aos EUA\"}]},{\"@type\":\"WebSite\",\"@id\":\"https:\/\/noticiaempauta.com\/portal\/#website\",\"url\":\"https:\/\/noticiaempauta.com\/portal\/\",\"name\":\"Portal Not\u00edcia em Pauta\",\"description\":\"Voc\u00ea bem informado\",\"publisher\":{\"@id\":\"https:\/\/noticiaempauta.com\/portal\/#organization\"},\"potentialAction\":[{\"@type\":\"SearchAction\",\"target\":{\"@type\":\"EntryPoint\",\"urlTemplate\":\"https:\/\/noticiaempauta.com\/portal\/?s={search_term_string}\"},\"query-input\":{\"@type\":\"PropertyValueSpecification\",\"valueRequired\":true,\"valueName\":\"search_term_string\"}}],\"inLanguage\":\"pt-BR\"},{\"@type\":\"Organization\",\"@id\":\"https:\/\/noticiaempauta.com\/portal\/#organization\",\"name\":\"Portal Not\u00edcia em Pauta\",\"url\":\"https:\/\/noticiaempauta.com\/portal\/\",\"logo\":{\"@type\":\"ImageObject\",\"inLanguage\":\"pt-BR\",\"@id\":\"https:\/\/noticiaempauta.com\/portal\/#\/schema\/logo\/image\/\",\"url\":\"https:\/\/noticiaempauta.com\/portal\/wp-content\/uploads\/2022\/08\/logomarca_tema.fw_.png\",\"contentUrl\":\"https:\/\/noticiaempauta.com\/portal\/wp-content\/uploads\/2022\/08\/logomarca_tema.fw_.png\",\"width\":400,\"height\":232,\"caption\":\"Portal Not\u00edcia em Pauta\"},\"image\":{\"@id\":\"https:\/\/noticiaempauta.com\/portal\/#\/schema\/logo\/image\/\"},\"sameAs\":[\"https:\/\/www.facebook.com\/Portal-Notcia-Em-Pauta-102292869264820\/\",\"https:\/\/www.instagram.com\/portalnoticiaempauta\/\"]},{\"@type\":\"Person\",\"@id\":\"https:\/\/noticiaempauta.com\/portal\/#\/schema\/person\/a74af43dd1ab3deca45f988c717d57ac\",\"name\":\"Reda\u00e7\u00e3o\",\"image\":{\"@type\":\"ImageObject\",\"inLanguage\":\"pt-BR\",\"@id\":\"https:\/\/noticiaempauta.com\/portal\/#\/schema\/person\/image\/\",\"url\":\"https:\/\/secure.gravatar.com\/avatar\/03179346ecce6cdfc13361603e8f54242a90e5cde8618fa23c5c00aa2b0aadf3?s=96&d=mm&r=g\",\"contentUrl\":\"https:\/\/secure.gravatar.com\/avatar\/03179346ecce6cdfc13361603e8f54242a90e5cde8618fa23c5c00aa2b0aadf3?s=96&d=mm&r=g\",\"caption\":\"Reda\u00e7\u00e3o\"},\"sameAs\":[\"https:\/\/noticiaempauta.com\/portal\/\"],\"url\":\"https:\/\/noticiaempauta.com\/portal\/author\/fernando\/\"}]}<\/script>\n<!-- \/ Yoast SEO Premium plugin. -->","yoast_head_json":{"title":"Produtores de mel do Piau\u00ed devem reduzir pre\u00e7os em 20% para continuar exportando aos EUA - Portal Not\u00edcia em Pauta","robots":{"index":"index","follow":"follow","max-snippet":"max-snippet:-1","max-image-preview":"max-image-preview:large","max-video-preview":"max-video-preview:-1"},"canonical":"https:\/\/noticiaempauta.com\/portal\/produtores-de-mel-do-piaui-devem-reduzir-precos-em-20-para-continuar-exportando-aos-eua\/","og_locale":"pt_BR","og_type":"article","og_title":"Produtores de mel do Piau\u00ed devem reduzir pre\u00e7os em 20% para continuar exportando aos EUA","og_description":"Ap\u00f3s quatro meses do in\u00edcio das taxa\u00e7\u00f5es impostas por Trump aos produtos brasileiros exportados aos Estados Unidos, o governo estadunidense resolveu, na \u00faltima semana, retirar a tarifa de importa\u00e7\u00e3o de 40% sobre determinados produtos do Brasil. Constando na lista da Casa Branca produtos como o caf\u00e9, carne bovina, sucos, bananas, mas o mel, principal produto [&hellip;]","og_url":"https:\/\/noticiaempauta.com\/portal\/produtores-de-mel-do-piaui-devem-reduzir-precos-em-20-para-continuar-exportando-aos-eua\/","og_site_name":"Portal Not\u00edcia em Pauta","article_publisher":"https:\/\/www.facebook.com\/Portal-Notcia-Em-Pauta-102292869264820\/","article_published_time":"2025-11-24T19:41:49+00:00","article_modified_time":"2025-11-24T19:41:50+00:00","og_image":[{"width":800,"height":533,"url":"https:\/\/noticiaempauta.com\/portal\/wp-content\/uploads\/2025\/11\/vOotM6be3r5GFSLk9tFbb0my8KlhKJopoOtpOGUi.webp","type":"image\/webp"}],"author":"Reda\u00e7\u00e3o","twitter_card":"summary_large_image","twitter_misc":{"Escrito por":"Reda\u00e7\u00e3o","Est. tempo de leitura":"8 minutos"},"schema":{"@context":"https:\/\/schema.org","@graph":[{"@type":"Article","@id":"https:\/\/noticiaempauta.com\/portal\/produtores-de-mel-do-piaui-devem-reduzir-precos-em-20-para-continuar-exportando-aos-eua\/#article","isPartOf":{"@id":"https:\/\/noticiaempauta.com\/portal\/produtores-de-mel-do-piaui-devem-reduzir-precos-em-20-para-continuar-exportando-aos-eua\/"},"author":{"name":"Reda\u00e7\u00e3o","@id":"https:\/\/noticiaempauta.com\/portal\/#\/schema\/person\/a74af43dd1ab3deca45f988c717d57ac"},"headline":"Produtores de mel do Piau\u00ed devem reduzir pre\u00e7os em 20% para continuar exportando aos EUA","datePublished":"2025-11-24T19:41:49+00:00","dateModified":"2025-11-24T19:41:50+00:00","mainEntityOfPage":{"@id":"https:\/\/noticiaempauta.com\/portal\/produtores-de-mel-do-piaui-devem-reduzir-precos-em-20-para-continuar-exportando-aos-eua\/"},"wordCount":1389,"commentCount":0,"publisher":{"@id":"https:\/\/noticiaempauta.com\/portal\/#organization"},"image":{"@id":"https:\/\/noticiaempauta.com\/portal\/produtores-de-mel-do-piaui-devem-reduzir-precos-em-20-para-continuar-exportando-aos-eua\/#primaryimage"},"thumbnailUrl":"https:\/\/noticiaempauta.com\/portal\/wp-content\/uploads\/2025\/11\/vOotM6be3r5GFSLk9tFbb0my8KlhKJopoOtpOGUi.webp","keywords":["destaqueprincipal"],"articleSection":["Destaques","Economia","Geral","Todas as Not\u00edcias"],"inLanguage":"pt-BR","potentialAction":[{"@type":"CommentAction","name":"Comment","target":["https:\/\/noticiaempauta.com\/portal\/produtores-de-mel-do-piaui-devem-reduzir-precos-em-20-para-continuar-exportando-aos-eua\/#respond"]}]},{"@type":"WebPage","@id":"https:\/\/noticiaempauta.com\/portal\/produtores-de-mel-do-piaui-devem-reduzir-precos-em-20-para-continuar-exportando-aos-eua\/","url":"https:\/\/noticiaempauta.com\/portal\/produtores-de-mel-do-piaui-devem-reduzir-precos-em-20-para-continuar-exportando-aos-eua\/","name":"Produtores de mel do Piau\u00ed devem reduzir pre\u00e7os em 20% para continuar exportando aos EUA - Portal Not\u00edcia em Pauta","isPartOf":{"@id":"https:\/\/noticiaempauta.com\/portal\/#website"},"primaryImageOfPage":{"@id":"https:\/\/noticiaempauta.com\/portal\/produtores-de-mel-do-piaui-devem-reduzir-precos-em-20-para-continuar-exportando-aos-eua\/#primaryimage"},"image":{"@id":"https:\/\/noticiaempauta.com\/portal\/produtores-de-mel-do-piaui-devem-reduzir-precos-em-20-para-continuar-exportando-aos-eua\/#primaryimage"},"thumbnailUrl":"https:\/\/noticiaempauta.com\/portal\/wp-content\/uploads\/2025\/11\/vOotM6be3r5GFSLk9tFbb0my8KlhKJopoOtpOGUi.webp","datePublished":"2025-11-24T19:41:49+00:00","dateModified":"2025-11-24T19:41:50+00:00","breadcrumb":{"@id":"https:\/\/noticiaempauta.com\/portal\/produtores-de-mel-do-piaui-devem-reduzir-precos-em-20-para-continuar-exportando-aos-eua\/#breadcrumb"},"inLanguage":"pt-BR","potentialAction":[{"@type":"ReadAction","target":["https:\/\/noticiaempauta.com\/portal\/produtores-de-mel-do-piaui-devem-reduzir-precos-em-20-para-continuar-exportando-aos-eua\/"]}]},{"@type":"ImageObject","inLanguage":"pt-BR","@id":"https:\/\/noticiaempauta.com\/portal\/produtores-de-mel-do-piaui-devem-reduzir-precos-em-20-para-continuar-exportando-aos-eua\/#primaryimage","url":"https:\/\/noticiaempauta.com\/portal\/wp-content\/uploads\/2025\/11\/vOotM6be3r5GFSLk9tFbb0my8KlhKJopoOtpOGUi.webp","contentUrl":"https:\/\/noticiaempauta.com\/portal\/wp-content\/uploads\/2025\/11\/vOotM6be3r5GFSLk9tFbb0my8KlhKJopoOtpOGUi.webp","width":800,"height":533},{"@type":"BreadcrumbList","@id":"https:\/\/noticiaempauta.com\/portal\/produtores-de-mel-do-piaui-devem-reduzir-precos-em-20-para-continuar-exportando-aos-eua\/#breadcrumb","itemListElement":[{"@type":"ListItem","position":1,"name":"P\u00e1gina Inicial","item":"https:\/\/noticiaempauta.com\/portal\/"},{"@type":"ListItem","position":2,"name":"Destaques","item":"https:\/\/noticiaempauta.com\/portal\/destaques-site\/"},{"@type":"ListItem","position":3,"name":"Produtores de mel do Piau\u00ed devem reduzir pre\u00e7os em 20% para continuar exportando aos EUA"}]},{"@type":"WebSite","@id":"https:\/\/noticiaempauta.com\/portal\/#website","url":"https:\/\/noticiaempauta.com\/portal\/","name":"Portal Not\u00edcia em Pauta","description":"Voc\u00ea bem informado","publisher":{"@id":"https:\/\/noticiaempauta.com\/portal\/#organization"},"potentialAction":[{"@type":"SearchAction","target":{"@type":"EntryPoint","urlTemplate":"https:\/\/noticiaempauta.com\/portal\/?s={search_term_string}"},"query-input":{"@type":"PropertyValueSpecification","valueRequired":true,"valueName":"search_term_string"}}],"inLanguage":"pt-BR"},{"@type":"Organization","@id":"https:\/\/noticiaempauta.com\/portal\/#organization","name":"Portal Not\u00edcia em Pauta","url":"https:\/\/noticiaempauta.com\/portal\/","logo":{"@type":"ImageObject","inLanguage":"pt-BR","@id":"https:\/\/noticiaempauta.com\/portal\/#\/schema\/logo\/image\/","url":"https:\/\/noticiaempauta.com\/portal\/wp-content\/uploads\/2022\/08\/logomarca_tema.fw_.png","contentUrl":"https:\/\/noticiaempauta.com\/portal\/wp-content\/uploads\/2022\/08\/logomarca_tema.fw_.png","width":400,"height":232,"caption":"Portal Not\u00edcia em Pauta"},"image":{"@id":"https:\/\/noticiaempauta.com\/portal\/#\/schema\/logo\/image\/"},"sameAs":["https:\/\/www.facebook.com\/Portal-Notcia-Em-Pauta-102292869264820\/","https:\/\/www.instagram.com\/portalnoticiaempauta\/"]},{"@type":"Person","@id":"https:\/\/noticiaempauta.com\/portal\/#\/schema\/person\/a74af43dd1ab3deca45f988c717d57ac","name":"Reda\u00e7\u00e3o","image":{"@type":"ImageObject","inLanguage":"pt-BR","@id":"https:\/\/noticiaempauta.com\/portal\/#\/schema\/person\/image\/","url":"https:\/\/secure.gravatar.com\/avatar\/03179346ecce6cdfc13361603e8f54242a90e5cde8618fa23c5c00aa2b0aadf3?s=96&d=mm&r=g","contentUrl":"https:\/\/secure.gravatar.com\/avatar\/03179346ecce6cdfc13361603e8f54242a90e5cde8618fa23c5c00aa2b0aadf3?s=96&d=mm&r=g","caption":"Reda\u00e7\u00e3o"},"sameAs":["https:\/\/noticiaempauta.com\/portal\/"],"url":"https:\/\/noticiaempauta.com\/portal\/author\/fernando\/"}]}},"_links":{"self":[{"href":"https:\/\/noticiaempauta.com\/portal\/wp-json\/wp\/v2\/posts\/281067","targetHints":{"allow":["GET"]}}],"collection":[{"href":"https:\/\/noticiaempauta.com\/portal\/wp-json\/wp\/v2\/posts"}],"about":[{"href":"https:\/\/noticiaempauta.com\/portal\/wp-json\/wp\/v2\/types\/post"}],"author":[{"embeddable":true,"href":"https:\/\/noticiaempauta.com\/portal\/wp-json\/wp\/v2\/users\/2"}],"replies":[{"embeddable":true,"href":"https:\/\/noticiaempauta.com\/portal\/wp-json\/wp\/v2\/comments?post=281067"}],"version-history":[{"count":2,"href":"https:\/\/noticiaempauta.com\/portal\/wp-json\/wp\/v2\/posts\/281067\/revisions"}],"predecessor-version":[{"id":281072,"href":"https:\/\/noticiaempauta.com\/portal\/wp-json\/wp\/v2\/posts\/281067\/revisions\/281072"}],"wp:featuredmedia":[{"embeddable":true,"href":"https:\/\/noticiaempauta.com\/portal\/wp-json\/wp\/v2\/media\/281068"}],"wp:attachment":[{"href":"https:\/\/noticiaempauta.com\/portal\/wp-json\/wp\/v2\/media?parent=281067"}],"wp:term":[{"taxonomy":"category","embeddable":true,"href":"https:\/\/noticiaempauta.com\/portal\/wp-json\/wp\/v2\/categories?post=281067"},{"taxonomy":"post_tag","embeddable":true,"href":"https:\/\/noticiaempauta.com\/portal\/wp-json\/wp\/v2\/tags?post=281067"}],"curies":[{"name":"wp","href":"https:\/\/api.w.org\/{rel}","templated":true}]}}